{"id":1012,"date":"2026-04-17T03:28:10","date_gmt":"2026-04-17T06:28:10","guid":{"rendered":"https:\/\/www.encontrajequie.com.br\/sobre\/governo-do-brasil-inicia-obras-na-br\/"},"modified":"2026-04-17T03:28:10","modified_gmt":"2026-04-17T06:28:10","slug":"governo-do-brasil-inicia-obras-na-br","status":"publish","type":"post","link":"https:\/\/www.encontrajequie.com.br\/sobre\/governo-do-brasil-inicia-obras-na-br\/","title":{"rendered":"Governo do Brasil inicia obras na BR"},"content":{"rendered":"<div class=\"30cf832dc5940d4704f66d0ed9a44050\" data-index=\"1\" style=\"float: none; margin:0px;\">\n<!-- Anuncio display - global -->\r\n<ins class=\"adsbygoogle\"\r\n     style=\"display:block\"\r\n     data-ad-client=\"ca-pub-8585364105181520\"\r\n     data-ad-slot=\"8789329856\"\r\n     data-ad-format=\"auto\"\r\n     data-full-width-responsive=\"true\"><\/ins>\r\n<script>\r\n     (adsbygoogle = window.adsbygoogle || []).push({});\r\n<\/script>\n<\/div>\n<h2>Entenda a Import\u00e2ncia da BR-330<\/h2>\n<p>A BR-330 desempenha um papel crucial na infraestrutura de transporte do Brasil, especialmente para a regi\u00e3o sul e sudoeste da Bahia. Esta rodovia \u00e9 fundamental para o tr\u00e1fego de pessoas e cargas, facilitando a liga\u00e7\u00e3o entre estados e contribuindo para o desenvolvimento econ\u00f4mico local. Com um fluxo intenso de ve\u00edculos, sua manuten\u00e7\u00e3o e melhoria s\u00e3o imprescind\u00edveis para garantir a seguran\u00e7a e a efici\u00eancia do tr\u00e1fego.<\/p>\n<h2>O Papel do Novo PAC nas Infraestruturas<\/h2>\n<p>O Novo PAC (Programa de Acelera\u00e7\u00e3o do Crescimento) marca um novo cap\u00edtulo para a infraestrutura no pa\u00eds, focando em investimentos estrat\u00e9gicos para o desenvolvimento da log\u00edstica e transporte. O projeto visa a moderniza\u00e7\u00e3o de rodovias, ferrovias e outros meios de transporte que impactam diretamente o desenvolvimento social e econ\u00f4mico, promovendo um crescimento eficiente e sustent\u00e1vel.<\/p>\n<h2>Investimentos Estrat\u00e9gicos no Desenvolvimento Regional<\/h2>\n<p>O governo brasileiro, sob a coordena\u00e7\u00e3o do minist\u00e9rio da Casa Civil, anunciou um investimento de R$ 57 milh\u00f5es para a execu\u00e7\u00e3o de obras na BR-330. Esses recursos s\u00e3o direcionados para melhorias que v\u00e3o al\u00e9m da simples manuten\u00e7\u00e3o da estrada; eles visam desenvolver economicamente a regi\u00e3o, otimizar a log\u00edstica de escoamento de produtos agr\u00edcolas e minerais e, consequentemente, impulsionar o agroneg\u00f3cio local.<\/p>\n<p><img decoding=\"async\" src=\"https:\/\/www.encontrajequie.com.br\/sobre\/wp-content\/uploads\/2026\/04\/governo-do-brasil-inicia-obras-na-br.webp\" alt=\"Novo PAC\" loading=\"lazy\" \/><\/p>\n<h2>Como a Obra Beneficiar\u00e1 o Tr\u00e2nsito em Jequi\u00e9<\/h2>\n<p>Uma das principais melhorias nas obras da BR-330 \u00e9 o desenvolvimento do Anel Vi\u00e1rio de Jequi\u00e9. Este projeto \u00e9 classificado como uma das prioridades do governo, pois tem como objetivo a redu\u00e7\u00e3o do tr\u00e1fego urbano na cidade. Ao desviar os ve\u00edculos pesados do centro, espera-se n\u00e3o apenas aumentar a fluidez do tr\u00e2nsito, mas tamb\u00e9m garantir mais seguran\u00e7a para motoristas e pedestres.<\/p>\n<h2>Detalhes sobre o Anel Vi\u00e1rio de Jequi\u00e9<\/h2>\n<p>O Anel Vi\u00e1rio de Jequi\u00e9 compreende um trecho de 13 quil\u00f4metros, que permitir\u00e1 desviar o tr\u00e1fego de caminh\u00f5es e outros ve\u00edculos pesados da \u00e1rea urbana. Essa medida \u00e9 vista como uma solu\u00e7\u00e3o eficaz para combater o congestionamento e melhorar a qualidade de vida dos moradores. &#8220;A constru\u00e7\u00e3o do anel \u00e9 fundamental para a cidade e para a seguran\u00e7a do movimento de ve\u00edculos na regi\u00e3o&#8221;, destacou o ministro Rui Costa durante o lan\u00e7amento das obras.<\/p>\n<h2>O que Esperar das Obras na BR-330<\/h2>\n<p>As obras na BR-330 n\u00e3o se limitam apenas ao Anel Vi\u00e1rio. O projeto abrange todo o trecho entre Jequi\u00e9 e Ubaitaba, totalizando 128,7 quil\u00f4metros de interven\u00e7\u00f5es. Com esse amplo investimento, espera-se a realiza\u00e7\u00e3o de melhorias significativas na pavimenta\u00e7\u00e3o, sinaliza\u00e7\u00e3o e seguran\u00e7a da estrada, tornando-a mais acess\u00edvel para todos os tipos de ve\u00edculos.<\/p>\n<h2>Benef\u00edcios para o Agroneg\u00f3cio na Bahia<\/h2>\n<p>A rodovia BR-330 \u00e9 uma art\u00e9ria essencial para o agroneg\u00f3cio baiano, permitindo o escoamento eficiente de gr\u00e3os e min\u00e9rios. As melhorias na estrada n\u00e3o apenas beneficiar\u00e3o o transporte, mas tamb\u00e9m prometem reduzir os custos log\u00edsticos, o que \u00e9 vital para a competitividade dos produtos locais. Com a nova infraestrutura, espera-se tamb\u00e9m um aumento no volume de produ\u00e7\u00e3o agr\u00edcola, contribuindo para um desenvolvimento mais robusto do agroneg\u00f3cio.<\/p>\n<h2>Aumento da Trafegabilidade e Seguran\u00e7a<\/h2>\n<p>Um dos principais objetivos das obras na BR-330 \u00e9 aumentar a trafegabilidade e a seguran\u00e7a para os usu\u00e1rios. Isso inclui a implementa\u00e7\u00e3o de medidas que garantam melhores condi\u00e7\u00f5es de tr\u00e1fego, como a melhoria da pavimenta\u00e7\u00e3o e a instala\u00e7\u00e3o de sinaliza\u00e7\u00e3o adequada. Al\u00e9m disso, a redu\u00e7\u00e3o do tr\u00e1fego de caminh\u00f5es em \u00e1reas urbanas minimiza riscos de acidentes, proporcionando um ambiente mais seguro para todos.<\/p>\n<h2>Expectativa de Conclus\u00e3o das Obras<\/h2>\n<p>As expectativas em torno da conclus\u00e3o das obras na BR-330 s\u00e3o altas. O governo est\u00e1 comprometido em acelerar o andamento dos trabalhos e aplicar os recursos de maneira eficaz para garantir que as melhorias sejam entregues em tempo h\u00e1bil. A conclus\u00e3o do projeto \u00e9 esperada para breve, com prazos sendo monitorados para assegurar que n\u00e3o haja atrasos significativos.<\/p>\n<h2>Impacto Econ\u00f4mico da BR-330 para a Regi\u00e3o<\/h2>\n<p>O impacto econ\u00f4mico que as melhorias na BR-330 podem trazer para a regi\u00e3o \u00e9 substancial. Com uma melhor infraestrutura, haver\u00e1 um est\u00edmulo ao com\u00e9rcio regional, ao turismo e \u00e0 atra\u00e7\u00e3o de investimentos. Al\u00e9m disso, a melhoria das condi\u00e7\u00f5es de transporte pode resultar na gera\u00e7\u00e3o de empregos diretos e indiretos, impulsionando ainda mais o desenvolvimento socioecon\u00f4mico de cidades como Jequi\u00e9 e Ubaitaba. Portanto, o investimento na BR-330 reflete n\u00e3o apenas na melhoria da infraestrutura, mas tamb\u00e9m em um futuro promissor para toda a regi\u00e3o.<\/p>\n\n<div style=\"font-size: 0px; height: 0px; line-height: 0px; margin: 0; padding: 0; clear: both;\"><\/div>","protected":false},"excerpt":{"rendered":"<p>BR-330: O governo investe R$ 57 milh\u00f5es para melhorar a infraestrutura.<\/p>\n","protected":false},"author":1,"featured_media":1011,"comment_status":"open","ping_status":"closed","sticky":false,"template":"","format":"standard","meta":{"footnotes":""},"categories":[1],"tags":[],"class_list":["post-1012","post","type-post","status-publish","format-standard","has-post-thumbnail","hentry","category-noticias-em-jequie","has_thumb"],"aioseo_notices":[],"_links":{"self":[{"href":"https:\/\/www.encontrajequie.com.br\/sobre\/wp-json\/wp\/v2\/posts\/1012","targetHints":{"allow":["GET"]}}],"collection":[{"href":"https:\/\/www.encontrajequie.com.br\/sobre\/wp-json\/wp\/v2\/posts"}],"about":[{"href":"https:\/\/www.encontrajequie.com.br\/sobre\/wp-json\/wp\/v2\/types\/post"}],"author":[{"embeddable":true,"href":"https:\/\/www.encontrajequie.com.br\/sobre\/wp-json\/wp\/v2\/users\/1"}],"replies":[{"embeddable":true,"href":"https:\/\/www.encontrajequie.com.br\/sobre\/wp-json\/wp\/v2\/comments?post=1012"}],"version-history":[{"count":0,"href":"https:\/\/www.encontrajequie.com.br\/sobre\/wp-json\/wp\/v2\/posts\/1012\/revisions"}],"wp:featuredmedia":[{"embeddable":true,"href":"https:\/\/www.encontrajequie.com.br\/sobre\/wp-json\/wp\/v2\/media\/1011"}],"wp:attachment":[{"href":"https:\/\/www.encontrajequie.com.br\/sobre\/wp-json\/wp\/v2\/media?parent=1012"}],"wp:term":[{"taxonomy":"category","embeddable":true,"href":"https:\/\/www.encontrajequie.com.br\/sobre\/wp-json\/wp\/v2\/categories?post=1012"},{"taxonomy":"post_tag","embeddable":true,"href":"https:\/\/www.encontrajequie.com.br\/sobre\/wp-json\/wp\/v2\/tags?post=1012"}],"curies":[{"name":"wp","href":"https:\/\/api.w.org\/{rel}","templated":true}]}}