{"id":1020,"date":"2026-04-18T03:30:53","date_gmt":"2026-04-18T06:30:53","guid":{"rendered":"https:\/\/www.encontrajequie.com.br\/sobre\/orquestra-adventista-de-jequie-se-apresentara-pela-primeira-vez-em-brumado\/"},"modified":"2026-04-18T03:30:53","modified_gmt":"2026-04-18T06:30:53","slug":"orquestra-adventista-de-jequie-se-apresentara-pela-primeira-vez-em-brumado","status":"publish","type":"post","link":"https:\/\/www.encontrajequie.com.br\/sobre\/orquestra-adventista-de-jequie-se-apresentara-pela-primeira-vez-em-brumado\/","title":{"rendered":"Orquestra Adventista de Jequi\u00e9 se apresentar\u00e1 pela primeira vez em Brumado"},"content":{"rendered":"<div class=\"30cf832dc5940d4704f66d0ed9a44050\" data-index=\"1\" style=\"float: none; margin:0px;\">\n<!-- Anuncio display - global -->\r\n<ins class=\"adsbygoogle\"\r\n     style=\"display:block\"\r\n     data-ad-client=\"ca-pub-8585364105181520\"\r\n     data-ad-slot=\"8789329856\"\r\n     data-ad-format=\"auto\"\r\n     data-full-width-responsive=\"true\"><\/ins>\r\n<script>\r\n     (adsbygoogle = window.adsbygoogle || []).push({});\r\n<\/script>\n<\/div>\n<h2>Onde Acontecer\u00e1 a Apresenta\u00e7\u00e3o?<\/h2>\n<p>A Orquestra Adventista de Jequi\u00e9 far\u00e1 sua estreia na cidade de Brumado, na Pra\u00e7a Coronel Zeca Leite, um local central que oferece amplo espa\u00e7o para a realiza\u00e7\u00e3o do evento. A apresenta\u00e7\u00e3o est\u00e1 marcada para este s\u00e1bado, dia 17 de abril de 2026, com in\u00edcio \u00e0s 17h, garantindo que todos os interessados possam comparecer e desfrutar de uma experi\u00eancia musical enriquecedora.<\/p>\n<h2>Sobre a Orquestra Adventista de Jequi\u00e9<\/h2>\n<p>Esta orquestra \u00e9 composta por um talentoso grupo de 55 m\u00fasicos, todos dedicados \u00e0 interpreta\u00e7\u00e3o de pe\u00e7as musicais de cunho religioso e cultural. Eles frequentemente realizam turn\u00eas por diversas cidades, levando a mensagem de esperan\u00e7a e espiritualidade atrav\u00e9s da m\u00fasica. A Orquestra Adventista de Jequi\u00e9 tem se consolidado como uma refer\u00eancia na sua \u00e1rea, destacando-se pela qualidade de suas apresenta\u00e7\u00f5es e pelo impacto positivo que exerce nas comunidades por onde passa.<\/p>\n<h2>O que Esperar do Evento<\/h2>\n<p>O concerto promete ser uma experi\u00eancia \u00fanica, repleta de melodias inspiradoras que tocam o cora\u00e7\u00e3o do p\u00fablico. Com uma sele\u00e7\u00e3o cuidadosamente escolhida de m\u00fasicas, os integrantes da orquestra ir\u00e3o proporcionar momentos de reflex\u00e3o e alegria, visando enriquecer a espiritualidade e a cultura dos espectadores. O pastor Breno Mendes, organizador do evento, enfatiza que tudo est\u00e1 sendo planejado com muito carinho, a fim de apresentar um espet\u00e1culo memor\u00e1vel para a popula\u00e7\u00e3o brumadense.<\/p>\n<p><img decoding=\"async\" src=\"https:\/\/www.encontrajequie.com.br\/sobre\/wp-content\/uploads\/2026\/04\/orquestra-adventista-de-jequie-se-apresentara-pela-primeira-vez-em-brumado.webp\" alt=\"Orquestra Adventista de Jequi\u00e9\" loading=\"lazy\" \/><\/p>\n<h2>Por que Assistir a Este Concerto?<\/h2>\n<p>Participar de um evento como esse vai al\u00e9m da simples aprecia\u00e7\u00e3o musical; trata-se de uma oportunidade de vivenciar um ambiente de comunh\u00e3o e celebra\u00e7\u00e3o. As apresenta\u00e7\u00f5es da orquestra s\u00e3o conhecidas por sua capacidade de promover uni\u00e3o entre as pessoas, celebrando momentos de alegria e louvor. \u00c9 uma ocasi\u00e3o prop\u00edcia para fam\u00edlias e amigos se reunirem e compartilharem experi\u00eancias significativas.<\/p>\n<h2>A Import\u00e2ncia da M\u00fasica na Comunidade<\/h2>\n<p>A m\u00fasica desempenha um papel crucial na vida comunit\u00e1ria, servindo como um ve\u00edculo para a comunica\u00e7\u00e3o de emo\u00e7\u00f5es e ideias. Atrav\u00e9s de apresenta\u00e7\u00f5es como a da Orquestra Adventista de Jequi\u00e9, \u00e9 poss\u00edvel fortalecer la\u00e7os sociais e promover o bem-estar entre os moradores. A m\u00fasica religiosa, em particular, oferece um espa\u00e7o de reflex\u00e3o e adora\u00e7\u00e3o, contribuindo para o crescimento espiritual dos indiv\u00edduos.<\/p>\n<h2>Hist\u00f3rias de Outras Apresenta\u00e7\u00f5es<\/h2>\n<p>A Orquestra Adventista de Jequi\u00e9 j\u00e1 se apresentou em diversas localidades da Bahia, recebendo feedbacks positivos em todas as suas turn\u00eas. Os testemunhos de participantes relatam que as apresenta\u00e7\u00f5es impactam profundamente, gerando momentos de introspec\u00e7\u00e3o e alegria. Muitas pessoas afirmam que a m\u00fasica os ajudou a formar novas amizades e fortalecer antigas, criando uma rede de apoio e amor fraternal.<\/p>\n<h2>Como a M\u00fasica Religiosa Impacta Vidas<\/h2>\n<p>A m\u00fasica religiosa n\u00e3o apenas entretem, mas tamb\u00e9m cura e transforma vidas. Diversos estudos mostram que a m\u00fasica pode ter efeitos terap\u00eauticos, promovendo relaxamento e est\u00edmulo \u00e0 reflex\u00e3o. Nas comunidades onde a Orquestra Adventista se apresenta, muitos relatam sentir uma renova\u00e7\u00e3o espiritual e uma reconex\u00e3o com sua f\u00e9 ap\u00f3s cada concerto. Esse poder transformador da m\u00fasica \u00e9 uma das raz\u00f5es pelas quais esses eventos s\u00e3o t\u00e3o esperados e bem recebidos.<\/p>\n<h2>O Pastor Breno Mendes Fala sobre o Evento<\/h2>\n<p>De acordo com o pastor Breno Mendes, \u201cEste evento \u00e9 uma excelente oportunidade de aben\u00e7oar a comunidade com louvores e mensagem de esperan\u00e7a.\u201d Ele destaca que a apresenta\u00e7\u00e3o \u00e9 feita com o prop\u00f3sito de levar alegria e encorajamento \u00e0s pessoas, mostrando que a m\u00fasica pode ser uma ferramenta poderosa na pr\u00e1tica religiosa. O pastor expressa sua expectativa de que a comunidade se una para prestigiar esse momento especial.<\/p>\n<h2>Expectativas da Comunidade<\/h2>\n<p>A expectativa entre os moradores de Brumado \u00e9 muito alta. Amigos, fam\u00edlias e grupos de jovens est\u00e3o se mobilizando para comparecer ao evento. As redes sociais tamb\u00e9m t\u00eam ajudado a aumentar o alcance da divulga\u00e7\u00e3o, promovendo um ambiente de antecipa\u00e7\u00e3o e empolga\u00e7\u00e3o. Todos esperam n\u00e3o apenas uma apresenta\u00e7\u00e3o musical, mas uma experi\u00eancia de comunh\u00e3o e renova\u00e7\u00e3o espiritual.<\/p>\n<h2>Os Benef\u00edcios de Participar de Eventos Culturais<\/h2>\n<p>A participa\u00e7\u00e3o em eventos culturais, como o concerto da Orquestra Adventista de Jequi\u00e9, traz uma s\u00e9rie de benef\u00edcios, incluindo:<\/p>\n<ul>\n<li><strong>Crescimento Pessoal:<\/strong> As experi\u00eancias culturais promovem a reflex\u00e3o e o aprendizado.<\/li>\n<li><strong>Fortalecimento de La\u00e7os:<\/strong> Eventos desse tipo geram oportunidades para novas amizades e aprofundamento das existentes.<\/li>\n<li><strong>Promo\u00e7\u00e3o da Sa\u00fade Mental:<\/strong> A m\u00fasica e a arte oferecem al\u00edvio e escapismo, contribuindo para o bem-estar psicol\u00f3gico.<\/li>\n<li><strong>Acesso \u00e0 Cultura:<\/strong> Espet\u00e1culos gratuitos tornam a cultura acess\u00edvel a todos, independentemente de sua situa\u00e7\u00e3o econ\u00f4mica.<\/li>\n<\/ul>\n<p>Com a realiza\u00e7\u00e3o deste evento, a expectativa \u00e9 criar novas mem\u00f3rias e fortalecer a espiritualidade por meio da m\u00fasica.\u201d}  &#8220;`  <\/p>\n<\/p>\n<\/p>\n<\/p><\/p>\n\n<div style=\"font-size: 0px; height: 0px; line-height: 0px; margin: 0; padding: 0; clear: both;\"><\/div>","protected":false},"excerpt":{"rendered":"<p>Orquestra Adventista se apresenta pela primeira vez em Brumado, n\u00e3o perca!<\/p>\n","protected":false},"author":1,"featured_media":1019,"comment_status":"open","ping_status":"closed","sticky":false,"template":"","format":"standard","meta":{"footnotes":""},"categories":[1],"tags":[],"class_list":["post-1020","post","type-post","status-publish","format-standard","has-post-thumbnail","hentry","category-noticias-em-jequie","has_thumb"],"aioseo_notices":[],"_links":{"self":[{"href":"https:\/\/www.encontrajequie.com.br\/sobre\/wp-json\/wp\/v2\/posts\/1020","targetHints":{"allow":["GET"]}}],"collection":[{"href":"https:\/\/www.encontrajequie.com.br\/sobre\/wp-json\/wp\/v2\/posts"}],"about":[{"href":"https:\/\/www.encontrajequie.com.br\/sobre\/wp-json\/wp\/v2\/types\/post"}],"author":[{"embeddable":true,"href":"https:\/\/www.encontrajequie.com.br\/sobre\/wp-json\/wp\/v2\/users\/1"}],"replies":[{"embeddable":true,"href":"https:\/\/www.encontrajequie.com.br\/sobre\/wp-json\/wp\/v2\/comments?post=1020"}],"version-history":[{"count":0,"href":"https:\/\/www.encontrajequie.com.br\/sobre\/wp-json\/wp\/v2\/posts\/1020\/revisions"}],"wp:featuredmedia":[{"embeddable":true,"href":"https:\/\/www.encontrajequie.com.br\/sobre\/wp-json\/wp\/v2\/media\/1019"}],"wp:attachment":[{"href":"https:\/\/www.encontrajequie.com.br\/sobre\/wp-json\/wp\/v2\/media?parent=1020"}],"wp:term":[{"taxonomy":"category","embeddable":true,"href":"https:\/\/www.encontrajequie.com.br\/sobre\/wp-json\/wp\/v2\/categories?post=1020"},{"taxonomy":"post_tag","embeddable":true,"href":"https:\/\/www.encontrajequie.com.br\/sobre\/wp-json\/wp\/v2\/tags?post=1020"}],"curies":[{"name":"wp","href":"https:\/\/api.w.org\/{rel}","templated":true}]}}