{"id":1022,"date":"2026-04-19T03:27:27","date_gmt":"2026-04-19T06:27:27","guid":{"rendered":"https:\/\/www.encontrajequie.com.br\/sobre\/por-meio-dos-cursos-gratuitos-prefeitura-de-jequie-forma-novos-profissionais-e-fortalece-geracao-de-renda-no-municipio\/"},"modified":"2026-04-19T03:27:27","modified_gmt":"2026-04-19T06:27:27","slug":"por-meio-dos-cursos-gratuitos-prefeitura-de-jequie-forma-novos-profissionais-e-fortalece-geracao-de-renda-no-municipio","status":"publish","type":"post","link":"https:\/\/www.encontrajequie.com.br\/sobre\/por-meio-dos-cursos-gratuitos-prefeitura-de-jequie-forma-novos-profissionais-e-fortalece-geracao-de-renda-no-municipio\/","title":{"rendered":"Por meio dos cursos gratuitos, Prefeitura de Jequi\u00e9 forma novos profissionais e fortalece gera\u00e7\u00e3o de renda no munic\u00edpio"},"content":{"rendered":"<div class=\"30cf832dc5940d4704f66d0ed9a44050\" data-index=\"1\" style=\"float: none; margin:0px;\">\n<!-- Anuncio display - global -->\r\n<ins class=\"adsbygoogle\"\r\n     style=\"display:block\"\r\n     data-ad-client=\"ca-pub-8585364105181520\"\r\n     data-ad-slot=\"8789329856\"\r\n     data-ad-format=\"auto\"\r\n     data-full-width-responsive=\"true\"><\/ins>\r\n<script>\r\n     (adsbygoogle = window.adsbygoogle || []).push({});\r\n<\/script>\n<\/div>\n<h2>O Impacto dos Cursos Gratuitos na Comunidade<\/h2>\n<p>Os cursos oferecidos pela Prefeitura de Jequi\u00e9 t\u00eam um efeito transformador sobre a comunidade local. Por meio de capacita\u00e7\u00f5es diversas, como Manicure, Pedicure e Cabeleireiro, muitos cidad\u00e3os est\u00e3o adquirindo qualifica\u00e7\u00f5es que podem mudar suas realidades profissionais e financeiras. Al\u00e9m disso, essas iniciativas ajudam a refor\u00e7ar o desenvolvimento econ\u00f4mico da cidade, promovendo a gera\u00e7\u00e3o de renda e a inclus\u00e3o social.<\/p>\n<h2>Celebra\u00e7\u00e3o da Formatura: Momentos de Realiza\u00e7\u00e3o<\/h2>\n<p>No evento recente de formatura, realizado no dia 17 de abril de 2026, o clima era de comemora\u00e7\u00e3o e entusiasmo. O audit\u00f3rio estava repleto de formandas e seus familiares, todos celebrando n\u00e3o apenas a conclus\u00e3o dos cursos, mas tamb\u00e9m o in\u00edcio de novas jornadas profissionais. Na ocasi\u00e3o, a secret\u00e1ria de Desenvolvimento Social expressou a import\u00e2ncia de cada conquista individual como parte de um projeto coletivo de melhoria social.<\/p>\n<h2>Iniciativas do Programa Desenvolve Jequi\u00e9<\/h2>\n<p>O programa &#8220;Desenvolve Jequi\u00e9&#8221; \u00e9 uma iniciativa estrat\u00e9gica da Prefeitura que visa oferecer qualifica\u00e7\u00e3o profissional a cidad\u00e3os que buscam melhorar suas habilidades e aumentar suas oportunidades no mercado de trabalho. As aulas s\u00e3o totalmente gratuitas e s\u00e3o focadas em \u00e1reas que t\u00eam alta demanda no setor de servi\u00e7os, estimulando o empreendedorismo e a auto-sustenta\u00e7\u00e3o dos formandos.<\/p>\n<p><img decoding=\"async\" src=\"https:\/\/www.encontrajequie.com.br\/sobre\/wp-content\/uploads\/2026\/04\/por-meio-dos-cursos-gratuitos-prefeitura-de-jequie-forma-novos-profissionais-e-fortalece-geracao-de-.webp\" alt=\"cursos gratuitos em Jequi\u00e9\" loading=\"lazy\" \/><\/p>\n<h2>Capacita\u00e7\u00e3o: Um Caminho para a Autonomia Financeira<\/h2>\n<p>A capacita\u00e7\u00e3o profissional \u00e9 um passo fundamental para que indiv\u00edduos possam conquistar sua independ\u00eancia financeira. Muitos formandos relatam que o curso foi a oportunidade que precisavam para iniciar seus pr\u00f3prios empreendimentos ou expandir seus neg\u00f3cios j\u00e1 existentes. Essa gera\u00e7\u00e3o de oportunidades n\u00e3o s\u00f3 impacta a vida dos participantes, mas tamb\u00e9m traz benef\u00edcios diretos para a economia local de Jequi\u00e9.<\/p>\n<h2>Empreendedorismo: Transformando Habilidades em Neg\u00f3cios<\/h2>\n<p>O aprendizado adquirido nos cursos gratuitos tem possibilitado a muitos cidad\u00e3os desenvolverem suas habilidades e transform\u00e1-las em neg\u00f3cios rent\u00e1veis. Estruturas como a Central de Cursos, situada na URBIS I, t\u00eam apoiado esses novos empreendedores, oferecendo orienta\u00e7\u00f5es e recursos necess\u00e1rios para que possam dar os passos iniciais em suas jornadas. O curso de Cabeleireiro, por exemplo, tem formado profissionais que j\u00e1 est\u00e3o atendendo a clientes em suas pr\u00f3prias casas.<\/p>\n<h2>Depoimentos de Formandos: Hist\u00f3rias de Sucesso<\/h2>\n<p>A cerim\u00f4nia de formatura trouxe \u00e0 tona inspiradoras hist\u00f3rias de supera\u00e7\u00e3o e sucesso. V\u00e1rias formandas compartilharam suas trajet\u00f3rias emocionantes, desde o in\u00edcio de suas capacita\u00e7\u00f5es at\u00e9 a realiza\u00e7\u00e3o de seus sonhos profissionais. Esses relatos refletem a esperan\u00e7a e a determina\u00e7\u00e3o de muitos cidad\u00e3os de Jequi\u00e9 que, por meio da qualifica\u00e7\u00e3o, est\u00e3o reescrevendo suas hist\u00f3rias e tornando-se exemplos de coragem para toda a comunidade.<\/p>\n<h2>O Papel da Secretaria de Desenvolvimento Social<\/h2>\n<p>A Secretaria de Desenvolvimento Social desempenha um papel crucial em garantir a efici\u00eancia das capacita\u00e7\u00f5es oferecidas. Sob a lideran\u00e7a da secret\u00e1ria Patr\u00edcia Miranda Brand\u00e3o Santana, as a\u00e7\u00f5es t\u00eam sido intensificadas para proporcionar cada vez mais oportunidades aos cidad\u00e3os. A secret\u00e1ria enfatiza que a educa\u00e7\u00e3o e a qualifica\u00e7\u00e3o s\u00e3o pilares essenciais para promover o progresso e a dignidade social, investindo no potencial das pessoas.<\/p>\n<h2>Pr\u00f3ximas Turmas: Como Participar<\/h2>\n<p>Para quem deseja se inscrever nos pr\u00f3ximos cursos, a Central de Cursos oferece atendimentos de segunda a sexta, das 8h \u00e0s 12h e das 14h \u00e0s 17h. Os interessados podem visitar a unidade, localizada no Centro Social Urbano (CSU), ou entrar em contato pelo telefone <strong>(73) 98130-8582<\/strong> para obter mais informa\u00e7\u00f5es sobre as novas turmas e as \u00e1reas de forma\u00e7\u00e3o dispon\u00edveis.<\/p>\n<h2>A Import\u00e2ncia da Educa\u00e7\u00e3o Inclusiva<\/h2>\n<p>A inclus\u00e3o educacional \u00e9 um valor que permeia as iniciativas da Prefeitura. Ao fornecer cursos gratuitos e de qualidade, a administra\u00e7\u00e3o municipal n\u00e3o apenas qualifica a popula\u00e7\u00e3o, mas tamb\u00e9m insere diversos grupos na esfera do trabalho formal. Essa abordagem garante que todos tenham a chance de desenvolver suas habilidades, independentemente de suas circunst\u00e2ncias sociais ou econ\u00f4micas.<\/p>\n<h2>Construindo um Futuro Melhor com Qualifica\u00e7\u00e3o<\/h2>\n<p>A almejada transforma\u00e7\u00e3o social em Jequi\u00e9 est\u00e1 intimamente ligada \u00e0 educa\u00e7\u00e3o e \u00e0 forma\u00e7\u00e3o profissional. As a\u00e7\u00f5es da Prefeitura visam tornar a cidade um lugar onde todos t\u00eam acesso a oportunidades que promovem crescimento e desenvolvimento. A continuidade das capacita\u00e7\u00f5es gratuitas representa um compromisso com a constru\u00e7\u00e3o de um futuro mais promissor para todos os cidad\u00e3os.<\/p>\n\n<div style=\"font-size: 0px; height: 0px; line-height: 0px; margin: 0; padding: 0; clear: both;\"><\/div>","protected":false},"excerpt":{"rendered":"<p>Cursos gratuitos em Jequi\u00e9 promovem transforma\u00e7\u00f5es e novas oportunidades profissionais.<\/p>\n","protected":false},"author":1,"featured_media":1021,"comment_status":"open","ping_status":"closed","sticky":false,"template":"","format":"standard","meta":{"footnotes":""},"categories":[1],"tags":[],"class_list":["post-1022","post","type-post","status-publish","format-standard","has-post-thumbnail","hentry","category-noticias-em-jequie","has_thumb"],"aioseo_notices":[],"_links":{"self":[{"href":"https:\/\/www.encontrajequie.com.br\/sobre\/wp-json\/wp\/v2\/posts\/1022","targetHints":{"allow":["GET"]}}],"collection":[{"href":"https:\/\/www.encontrajequie.com.br\/sobre\/wp-json\/wp\/v2\/posts"}],"about":[{"href":"https:\/\/www.encontrajequie.com.br\/sobre\/wp-json\/wp\/v2\/types\/post"}],"author":[{"embeddable":true,"href":"https:\/\/www.encontrajequie.com.br\/sobre\/wp-json\/wp\/v2\/users\/1"}],"replies":[{"embeddable":true,"href":"https:\/\/www.encontrajequie.com.br\/sobre\/wp-json\/wp\/v2\/comments?post=1022"}],"version-history":[{"count":0,"href":"https:\/\/www.encontrajequie.com.br\/sobre\/wp-json\/wp\/v2\/posts\/1022\/revisions"}],"wp:featuredmedia":[{"embeddable":true,"href":"https:\/\/www.encontrajequie.com.br\/sobre\/wp-json\/wp\/v2\/media\/1021"}],"wp:attachment":[{"href":"https:\/\/www.encontrajequie.com.br\/sobre\/wp-json\/wp\/v2\/media?parent=1022"}],"wp:term":[{"taxonomy":"category","embeddable":true,"href":"https:\/\/www.encontrajequie.com.br\/sobre\/wp-json\/wp\/v2\/categories?post=1022"},{"taxonomy":"post_tag","embeddable":true,"href":"https:\/\/www.encontrajequie.com.br\/sobre\/wp-json\/wp\/v2\/tags?post=1022"}],"curies":[{"name":"wp","href":"https:\/\/api.w.org\/{rel}","templated":true}]}}