{"id":1040,"date":"2026-04-23T03:29:08","date_gmt":"2026-04-23T06:29:08","guid":{"rendered":"https:\/\/www.encontrajequie.com.br\/sobre\/praia-do-lomanto-em-jequie-foi-liberada\/"},"modified":"2026-04-23T03:29:08","modified_gmt":"2026-04-23T06:29:08","slug":"praia-do-lomanto-em-jequie-foi-liberada","status":"publish","type":"post","link":"https:\/\/www.encontrajequie.com.br\/sobre\/praia-do-lomanto-em-jequie-foi-liberada\/","title":{"rendered":"Praia do Lomanto em Jequi\u00e9 foi liberada"},"content":{"rendered":"<div class=\"30cf832dc5940d4704f66d0ed9a44050\" data-index=\"1\" style=\"float: none; margin:0px;\">\n<!-- Anuncio display - global -->\r\n<ins class=\"adsbygoogle\"\r\n     style=\"display:block\"\r\n     data-ad-client=\"ca-pub-8585364105181520\"\r\n     data-ad-slot=\"8789329856\"\r\n     data-ad-format=\"auto\"\r\n     data-full-width-responsive=\"true\"><\/ins>\r\n<script>\r\n     (adsbygoogle = window.adsbygoogle || []).push({});\r\n<\/script>\n<\/div>\n<h2>O Desbloqueio da Praia do Lomanto<\/h2>\n<p>A Praia do Lomanto, localizada em Jequi\u00e9, teve sua utiliza\u00e7\u00e3o liberada ap\u00f3s um processo judicial que havia restringido sua opera\u00e7\u00e3o. A decis\u00e3o foi alcan\u00e7ada gra\u00e7as aos esfor\u00e7os da Prefeitura de Jequi\u00e9, que, atrav\u00e9s da Procuradoria Geral, apresentou evid\u00eancias t\u00e9cnicas e legais durante uma audi\u00eancia de concilia\u00e7\u00e3o na Justi\u00e7a Federal. O desbloqueio permite a utiliza\u00e7\u00e3o da \u00e1rea por um per\u00edodo de 90 dias, at\u00e9 que uma nova audi\u00eancia seja realizada.<\/p>\n<h2>Implica\u00e7\u00f5es da Decis\u00e3o Judicial<\/h2>\n<p>A medida que suspendeu o uso da Prainha de Lomanto gerou grande repercuss\u00e3o na comunidade local, uma vez que a praia era uma importante \u00e1rea de lazer e turismo. A decis\u00e3o judicial anterior tinha sido resultante de uma a\u00e7\u00e3o civil p\u00fablica promovida pelo Minist\u00e9rio P\u00fablico Federal (MPF), que objetivava a prote\u00e7\u00e3o ambiental da regi\u00e3o. Este novo desenvolvimento permite que os cidad\u00e3os retornem ao local e utilizem a praia como espa\u00e7o de conviv\u00eancia e relaxamento.<\/p>\n<h2>Reuni\u00f5es com \u00d3rg\u00e3os Ambientais<\/h2>\n<p>No per\u00edodo de 90 dias em que a praia estar\u00e1 liberada, a prefeitura planejou di\u00e1logos com diferentes entidades, como o Inema e a Axia Nordeste, a \u00faltima sendo respons\u00e1vel pela Companhia Hidro El\u00e9trica do S\u00e3o Francisco. O foco dessas reuni\u00f5es ser\u00e1 avaliar a situa\u00e7\u00e3o ambiental da Praia do Lomanto e realizar as adequa\u00e7\u00f5es necess\u00e1rias visando \u00e0 sua preserva\u00e7\u00e3o.<\/p>\n<p><img decoding=\"async\" src=\"https:\/\/www.encontrajequie.com.br\/sobre\/wp-content\/uploads\/2026\/04\/praia-do-lomanto-em-jequie-foi-liberada.webp\" alt=\"Praia do Lomanto em Jequi\u00e9\" loading=\"lazy\" \/><\/p>\n<h2>O Papel da Prefeitura de Jequi\u00e9<\/h2>\n<p>A administra\u00e7\u00e3o municipal tem um papel crucial neste processo, buscando assegurar que a utiliza\u00e7\u00e3o da praia respeite as diretrizes ambientais. A nota emitida pelo munic\u00edpio enfatiza o compromisso com a seguran\u00e7a, a conserva\u00e7\u00e3o do meio ambiente e a qualidade de vida dos cidad\u00e3os de Jequi\u00e9. Essa vis\u00e3o de gest\u00e3o visa n\u00e3o apenas a retomada do uso da praia, mas tamb\u00e9m a melhoria cont\u00ednua das condi\u00e7\u00f5es do local.<\/p>\n<h2>Compromissos de Preserva\u00e7\u00e3o Ambiental<\/h2>\n<p>De acordo com o acordo de 2011, assumido pela prefeitura, a retirada de ocupa\u00e7\u00f5es irregulares e a recupera\u00e7\u00e3o da \u00e1rea ambiental s\u00e3o obriga\u00e7\u00f5es que precisam ser atendidas. O compromisso com a preserva\u00e7\u00e3o \u00e9 fundamental para garantir a sustentabilidade da Praia do Lomanto a longo prazo. A administra\u00e7\u00e3o busca agora renegociar com o MPF para viabilizar a perman\u00eancia do espa\u00e7o como um local acess\u00edvel e sustent\u00e1vel para a popula\u00e7\u00e3o.<\/p>\n<h2>Rea\u00e7\u00e3o da Comunidade Local<\/h2>\n<p>A libera\u00e7\u00e3o da Praia do Lomanto foi recebida com entusiasmo pela popula\u00e7\u00e3o, que valorizava o retorno do acesso a este importante ponto tur\u00edstico e de lazer. As opini\u00f5es foram divididas, com alguns expressando preocupa\u00e7\u00f5es sobre a preserva\u00e7\u00e3o ambiental, enquanto outros comemoraram a possibilidade de desfrutar da praia. Essa dicotomia reflete a import\u00e2ncia econ\u00f4mica e social do local para a comunidade jequieense.<\/p>\n<h2>Impacto no Turismo em Jequi\u00e9<\/h2>\n<p>A reabertura da Praia do Lomanto promete impulsionar o turismo na regi\u00e3o, atraindo visitantes tanto da cidade quanto de \u00e1reas adjacentes. A praia \u00e9 um ponto de encontro popular e, com a sua utiliza\u00e7\u00e3o permitida, o com\u00e9rcio local tamb\u00e9m se beneficia, j\u00e1 que turistas freq\u00fcentemente consomem servi\u00e7os nas redondezas. Isso pode ajudar a revitalizar a economia local, que sofreu impactos devido \u00e0 limita\u00e7\u00e3o do acesso.<\/p>\n<h2>Pr\u00f3ximos Passos para a Praia do Lomanto<\/h2>\n<p>O futuro da Praia do Lomanto depender\u00e1 das a\u00e7\u00f5es que ser\u00e3o tomadas durante o per\u00edodo de 90 dias. As reuni\u00f5es com \u00f3rg\u00e3os ambientais s\u00e3o um passo importante para a defini\u00e7\u00e3o das diretrizes que garantir\u00e3o a utiliza\u00e7\u00e3o sustent\u00e1vel da \u00e1rea. A expectativa \u00e9 que um novo acordo possa ser firmado, que leve em conta as necessidades de continuidade do uso com a conserva\u00e7\u00e3o ambiental.<\/p>\n<h2>Hist\u00f3rico de Conflitos Legais<\/h2>\n<p>O hist\u00f3rico de conflitos legais em torno da Praia do Lomanto \u00e9 marcado por desafios entre a administra\u00e7\u00e3o p\u00fablica e a legisla\u00e7\u00e3o ambiental. A interven\u00e7\u00e3o do MPF foi um reflexo da necessidade de cumprimento das normas de prote\u00e7\u00e3o ambiental, sendo que a suspens\u00e3o do uso da praia foi uma medida dr\u00e1stica, mas necess\u00e1ria, para garantir a preserva\u00e7\u00e3o da biodiversidade local.<\/p>\n<h2>A Import\u00e2ncia da Praia para os Jequieenses<\/h2>\n<p>A Praia do Lomanto possui um valor simb\u00f3lico significativo para os habitantes de Jequi\u00e9. \u00c9 um local de descanso, lazer e socializa\u00e7\u00e3o, al\u00e9m de representar uma parte da identidade cultural da cidade. A luta pela sua libera\u00e7\u00e3o reflete o desejo da comunidade em preservar um espa\u00e7o que promove n\u00e3o apenas a divers\u00e3o, mas tamb\u00e9m a sa\u00fade e o bem-estar social. A praia se configura, assim, como um patrim\u00f4nio que deve ser cuidado e valorizado por todos.<\/p>\n\n<div style=\"font-size: 0px; height: 0px; line-height: 0px; margin: 0; padding: 0; clear: both;\"><\/div>","protected":false},"excerpt":{"rendered":"<p>Praia do Lomanto em Jequi\u00e9 \u00e9 liberada ap\u00f3s longa espera!<\/p>\n","protected":false},"author":1,"featured_media":1039,"comment_status":"open","ping_status":"closed","sticky":false,"template":"","format":"standard","meta":{"footnotes":""},"categories":[1],"tags":[],"class_list":["post-1040","post","type-post","status-publish","format-standard","has-post-thumbnail","hentry","category-noticias-em-jequie","has_thumb"],"aioseo_notices":[],"aioseo_head":"\n\t\t<!-- All in One SEO 5.0.0.1 - aioseo.com -->\n\t<meta name=\"description\" content=\"Praia do Lomanto em Jequi\u00e9 \u00e9 liberada ap\u00f3s longa espera!\" \/>\n\t<meta name=\"robots\" content=\"max-image-preview:large\" \/>\n\t<meta name=\"author\" content=\"Encontra Jequi\u00e9\"\/>\n\t<link rel=\"canonical\" href=\"https:\/\/www.encontrajequie.com.br\/sobre\/praia-do-lomanto-em-jequie-foi-liberada\/\" \/>\n\t<meta name=\"generator\" content=\"All in One SEO (AIOSEO) 5.0.0.1\" \/>\n\t\t<meta property=\"og:locale\" content=\"pt_BR\" \/>\n\t\t<meta property=\"og:site_name\" content=\"Encontra Jequi\u00e9 | Not\u00edcias, eventos, informa\u00e7\u00f5es e dicas na cidade de Jequi\u00e9 e regi\u00e3o.\" \/>\n\t\t<meta property=\"og:type\" content=\"article\" \/>\n\t\t<meta property=\"og:title\" content=\"Praia do Lomanto em Jequi\u00e9 foi liberada | Encontra Jequi\u00e9\" \/>\n\t\t<meta property=\"og:description\" content=\"Praia do Lomanto em Jequi\u00e9 \u00e9 liberada ap\u00f3s longa espera!\" \/>\n\t\t<meta property=\"og:url\" content=\"https:\/\/www.encontrajequie.com.br\/sobre\/praia-do-lomanto-em-jequie-foi-liberada\/\" \/>\n\t\t<meta property=\"article:published_time\" content=\"2026-04-23T06:29:08+00:00\" \/>\n\t\t<meta property=\"article:modified_time\" content=\"2026-04-23T06:29:08+00:00\" \/>\n\t\t<meta name=\"twitter:card\" content=\"summary_large_image\" \/>\n\t\t<meta name=\"twitter:title\" content=\"Praia do Lomanto em Jequi\u00e9 foi liberada | Encontra Jequi\u00e9\" \/>\n\t\t<meta name=\"twitter:description\" content=\"Praia do Lomanto em Jequi\u00e9 \u00e9 liberada ap\u00f3s longa espera!\" \/>\n\t\t<script type=\"application\/ld+json\" class=\"aioseo-schema\">\n\t\t\t{\"@context\":\"https:\\\/\\\/schema.org\",\"@graph\":[{\"@type\":\"Article\",\"@id\":\"https:\\\/\\\/www.encontrajequie.com.br\\\/sobre\\\/praia-do-lomanto-em-jequie-foi-liberada\\\/#article\",\"name\":\"Praia do Lomanto em Jequi\\u00e9 foi liberada | Encontra Jequi\\u00e9\",\"headline\":\"Praia do Lomanto em Jequi\\u00e9 foi liberada\",\"author\":{\"@id\":\"https:\\\/\\\/www.encontrajequie.com.br\\\/sobre\\\/author\\\/ejequie\\\/#author\"},\"publisher\":{\"@id\":\"https:\\\/\\\/www.encontrajequie.com.br\\\/sobre\\\/#organization\"},\"image\":{\"@type\":\"ImageObject\",\"url\":\"https:\\\/\\\/www.encontrajequie.com.br\\\/sobre\\\/wp-content\\\/uploads\\\/2026\\\/04\\\/praia-do-lomanto-em-jequie-foi-liberada.webp\",\"width\":280,\"height\":280,\"caption\":\"Praia do Lomanto em Jequi\\u00e9\"},\"datePublished\":\"2026-04-23T03:29:08-03:00\",\"dateModified\":\"2026-04-23T03:29:08-03:00\",\"inLanguage\":\"pt-BR\",\"mainEntityOfPage\":{\"@id\":\"https:\\\/\\\/www.encontrajequie.com.br\\\/sobre\\\/praia-do-lomanto-em-jequie-foi-liberada\\\/#webpage\"},\"isPartOf\":{\"@id\":\"https:\\\/\\\/www.encontrajequie.com.br\\\/sobre\\\/praia-do-lomanto-em-jequie-foi-liberada\\\/#webpage\"},\"articleSection\":\"Not\\u00edcias Jequi\\u00e9\"},{\"@type\":\"BreadcrumbList\",\"@id\":\"https:\\\/\\\/www.encontrajequie.com.br\\\/sobre\\\/praia-do-lomanto-em-jequie-foi-liberada\\\/#breadcrumblist\",\"itemListElement\":[{\"@type\":\"ListItem\",\"@id\":\"https:\\\/\\\/www.encontrajequie.com.br\\\/sobre#listItem\",\"position\":1,\"name\":\"Home\",\"item\":\"https:\\\/\\\/www.encontrajequie.com.br\\\/sobre\",\"nextItem\":{\"@type\":\"ListItem\",\"@id\":\"https:\\\/\\\/www.encontrajequie.com.br\\\/sobre\\\/noticias-em-jequie\\\/#listItem\",\"name\":\"Not\\u00edcias Jequi\\u00e9\"}},{\"@type\":\"ListItem\",\"@id\":\"https:\\\/\\\/www.encontrajequie.com.br\\\/sobre\\\/noticias-em-jequie\\\/#listItem\",\"position\":2,\"name\":\"Not\\u00edcias Jequi\\u00e9\",\"item\":\"https:\\\/\\\/www.encontrajequie.com.br\\\/sobre\\\/noticias-em-jequie\\\/\",\"nextItem\":{\"@type\":\"ListItem\",\"@id\":\"https:\\\/\\\/www.encontrajequie.com.br\\\/sobre\\\/praia-do-lomanto-em-jequie-foi-liberada\\\/#listItem\",\"name\":\"Praia do Lomanto em Jequi\\u00e9 foi liberada\"},\"previousItem\":{\"@type\":\"ListItem\",\"@id\":\"https:\\\/\\\/www.encontrajequie.com.br\\\/sobre#listItem\",\"name\":\"Home\"}},{\"@type\":\"ListItem\",\"@id\":\"https:\\\/\\\/www.encontrajequie.com.br\\\/sobre\\\/praia-do-lomanto-em-jequie-foi-liberada\\\/#listItem\",\"position\":3,\"name\":\"Praia do Lomanto em Jequi\\u00e9 foi liberada\",\"previousItem\":{\"@type\":\"ListItem\",\"@id\":\"https:\\\/\\\/www.encontrajequie.com.br\\\/sobre\\\/noticias-em-jequie\\\/#listItem\",\"name\":\"Not\\u00edcias Jequi\\u00e9\"}}]},{\"@type\":\"Organization\",\"@id\":\"https:\\\/\\\/www.encontrajequie.com.br\\\/sobre\\\/#organization\",\"name\":\"Encontra Jequi\\u00e9\",\"description\":\"Not\\u00edcias, eventos, informa\\u00e7\\u00f5es e dicas na cidade de Jequi\\u00e9 e regi\\u00e3o.\",\"url\":\"https:\\\/\\\/www.encontrajequie.com.br\\\/sobre\\\/\"},{\"@type\":\"Person\",\"@id\":\"https:\\\/\\\/www.encontrajequie.com.br\\\/sobre\\\/author\\\/ejequie\\\/#author\",\"url\":\"https:\\\/\\\/www.encontrajequie.com.br\\\/sobre\\\/author\\\/ejequie\\\/\",\"name\":\"Encontra Jequi\\u00e9\",\"image\":{\"@type\":\"ImageObject\",\"@id\":\"https:\\\/\\\/www.encontrajequie.com.br\\\/sobre\\\/praia-do-lomanto-em-jequie-foi-liberada\\\/#authorImage\",\"url\":\"https:\\\/\\\/secure.gravatar.com\\\/avatar\\\/507340682b8270222e1f208e23198b6ae7e2c6a1033ae84e99bc6bce4f82a387?s=96&d=mm&r=g\",\"width\":96,\"height\":96,\"caption\":\"Encontra Jequi\\u00e9\"}},{\"@type\":\"WebPage\",\"@id\":\"https:\\\/\\\/www.encontrajequie.com.br\\\/sobre\\\/praia-do-lomanto-em-jequie-foi-liberada\\\/#webpage\",\"url\":\"https:\\\/\\\/www.encontrajequie.com.br\\\/sobre\\\/praia-do-lomanto-em-jequie-foi-liberada\\\/\",\"name\":\"Praia do Lomanto em Jequi\\u00e9 foi liberada | Encontra Jequi\\u00e9\",\"description\":\"Praia do Lomanto em Jequi\\u00e9 \\u00e9 liberada ap\\u00f3s longa espera!\",\"inLanguage\":\"pt-BR\",\"isPartOf\":{\"@id\":\"https:\\\/\\\/www.encontrajequie.com.br\\\/sobre\\\/#website\"},\"breadcrumb\":{\"@id\":\"https:\\\/\\\/www.encontrajequie.com.br\\\/sobre\\\/praia-do-lomanto-em-jequie-foi-liberada\\\/#breadcrumblist\"},\"author\":{\"@id\":\"https:\\\/\\\/www.encontrajequie.com.br\\\/sobre\\\/author\\\/ejequie\\\/#author\"},\"creator\":{\"@id\":\"https:\\\/\\\/www.encontrajequie.com.br\\\/sobre\\\/author\\\/ejequie\\\/#author\"},\"image\":{\"@type\":\"ImageObject\",\"url\":\"https:\\\/\\\/www.encontrajequie.com.br\\\/sobre\\\/wp-content\\\/uploads\\\/2026\\\/04\\\/praia-do-lomanto-em-jequie-foi-liberada.webp\",\"@id\":\"https:\\\/\\\/www.encontrajequie.com.br\\\/sobre\\\/praia-do-lomanto-em-jequie-foi-liberada\\\/#mainImage\",\"width\":280,\"height\":280,\"caption\":\"Praia do Lomanto em Jequi\\u00e9\"},\"primaryImageOfPage\":{\"@id\":\"https:\\\/\\\/www.encontrajequie.com.br\\\/sobre\\\/praia-do-lomanto-em-jequie-foi-liberada\\\/#mainImage\"},\"datePublished\":\"2026-04-23T03:29:08-03:00\",\"dateModified\":\"2026-04-23T03:29:08-03:00\"},{\"@type\":\"WebSite\",\"@id\":\"https:\\\/\\\/www.encontrajequie.com.br\\\/sobre\\\/#website\",\"url\":\"https:\\\/\\\/www.encontrajequie.com.br\\\/sobre\\\/\",\"name\":\"Encontra Jequi\\u00e9\",\"description\":\"Not\\u00edcias, eventos, informa\\u00e7\\u00f5es e dicas na cidade de Jequi\\u00e9 e regi\\u00e3o.\",\"inLanguage\":\"pt-BR\",\"publisher\":{\"@id\":\"https:\\\/\\\/www.encontrajequie.com.br\\\/sobre\\\/#organization\"}}]}\n\t\t<\/script>\n\t\t<!-- All in One SEO -->\n\n","aioseo_head_json":{"title":"Praia do Lomanto em Jequi\u00e9 foi liberada | Encontra Jequi\u00e9","description":"Praia do Lomanto em Jequi\u00e9 \u00e9 liberada ap\u00f3s longa espera!","canonical_url":"https:\/\/www.encontrajequie.com.br\/sobre\/praia-do-lomanto-em-jequie-foi-liberada\/","robots":"max-image-preview:large","keywords":"","webmasterTools":{"miscellaneous":""},"schema":{"@context":"https:\/\/schema.org","@graph":[{"@type":"Article","@id":"https:\/\/www.encontrajequie.com.br\/sobre\/praia-do-lomanto-em-jequie-foi-liberada\/#article","name":"Praia do Lomanto em Jequi\u00e9 foi liberada | Encontra Jequi\u00e9","headline":"Praia do Lomanto em Jequi\u00e9 foi liberada","author":{"@id":"https:\/\/www.encontrajequie.com.br\/sobre\/author\/ejequie\/#author"},"publisher":{"@id":"https:\/\/www.encontrajequie.com.br\/sobre\/#organization"},"image":{"@type":"ImageObject","url":"https:\/\/www.encontrajequie.com.br\/sobre\/wp-content\/uploads\/2026\/04\/praia-do-lomanto-em-jequie-foi-liberada.webp","width":280,"height":280,"caption":"Praia do Lomanto em Jequi\u00e9"},"datePublished":"2026-04-23T03:29:08-03:00","dateModified":"2026-04-23T03:29:08-03:00","inLanguage":"pt-BR","mainEntityOfPage":{"@id":"https:\/\/www.encontrajequie.com.br\/sobre\/praia-do-lomanto-em-jequie-foi-liberada\/#webpage"},"isPartOf":{"@id":"https:\/\/www.encontrajequie.com.br\/sobre\/praia-do-lomanto-em-jequie-foi-liberada\/#webpage"},"articleSection":"Not\u00edcias Jequi\u00e9"},{"@type":"BreadcrumbList","@id":"https:\/\/www.encontrajequie.com.br\/sobre\/praia-do-lomanto-em-jequie-foi-liberada\/#breadcrumblist","itemListElement":[{"@type":"ListItem","@id":"https:\/\/www.encontrajequie.com.br\/sobre#listItem","position":1,"name":"Home","item":"https:\/\/www.encontrajequie.com.br\/sobre","nextItem":{"@type":"ListItem","@id":"https:\/\/www.encontrajequie.com.br\/sobre\/noticias-em-jequie\/#listItem","name":"Not\u00edcias Jequi\u00e9"}},{"@type":"ListItem","@id":"https:\/\/www.encontrajequie.com.br\/sobre\/noticias-em-jequie\/#listItem","position":2,"name":"Not\u00edcias Jequi\u00e9","item":"https:\/\/www.encontrajequie.com.br\/sobre\/noticias-em-jequie\/","nextItem":{"@type":"ListItem","@id":"https:\/\/www.encontrajequie.com.br\/sobre\/praia-do-lomanto-em-jequie-foi-liberada\/#listItem","name":"Praia do Lomanto em Jequi\u00e9 foi liberada"},"previousItem":{"@type":"ListItem","@id":"https:\/\/www.encontrajequie.com.br\/sobre#listItem","name":"Home"}},{"@type":"ListItem","@id":"https:\/\/www.encontrajequie.com.br\/sobre\/praia-do-lomanto-em-jequie-foi-liberada\/#listItem","position":3,"name":"Praia do Lomanto em Jequi\u00e9 foi liberada","previousItem":{"@type":"ListItem","@id":"https:\/\/www.encontrajequie.com.br\/sobre\/noticias-em-jequie\/#listItem","name":"Not\u00edcias Jequi\u00e9"}}]},{"@type":"Organization","@id":"https:\/\/www.encontrajequie.com.br\/sobre\/#organization","name":"Encontra Jequi\u00e9","description":"Not\u00edcias, eventos, informa\u00e7\u00f5es e dicas na cidade de Jequi\u00e9 e regi\u00e3o.","url":"https:\/\/www.encontrajequie.com.br\/sobre\/"},{"@type":"Person","@id":"https:\/\/www.encontrajequie.com.br\/sobre\/author\/ejequie\/#author","url":"https:\/\/www.encontrajequie.com.br\/sobre\/author\/ejequie\/","name":"Encontra Jequi\u00e9","image":{"@type":"ImageObject","@id":"https:\/\/www.encontrajequie.com.br\/sobre\/praia-do-lomanto-em-jequie-foi-liberada\/#authorImage","url":"https:\/\/secure.gravatar.com\/avatar\/507340682b8270222e1f208e23198b6ae7e2c6a1033ae84e99bc6bce4f82a387?s=96&d=mm&r=g","width":96,"height":96,"caption":"Encontra Jequi\u00e9"}},{"@type":"WebPage","@id":"https:\/\/www.encontrajequie.com.br\/sobre\/praia-do-lomanto-em-jequie-foi-liberada\/#webpage","url":"https:\/\/www.encontrajequie.com.br\/sobre\/praia-do-lomanto-em-jequie-foi-liberada\/","name":"Praia do Lomanto em Jequi\u00e9 foi liberada | Encontra Jequi\u00e9","description":"Praia do Lomanto em Jequi\u00e9 \u00e9 liberada ap\u00f3s longa espera!","inLanguage":"pt-BR","isPartOf":{"@id":"https:\/\/www.encontrajequie.com.br\/sobre\/#website"},"breadcrumb":{"@id":"https:\/\/www.encontrajequie.com.br\/sobre\/praia-do-lomanto-em-jequie-foi-liberada\/#breadcrumblist"},"author":{"@id":"https:\/\/www.encontrajequie.com.br\/sobre\/author\/ejequie\/#author"},"creator":{"@id":"https:\/\/www.encontrajequie.com.br\/sobre\/author\/ejequie\/#author"},"image":{"@type":"ImageObject","url":"https:\/\/www.encontrajequie.com.br\/sobre\/wp-content\/uploads\/2026\/04\/praia-do-lomanto-em-jequie-foi-liberada.webp","@id":"https:\/\/www.encontrajequie.com.br\/sobre\/praia-do-lomanto-em-jequie-foi-liberada\/#mainImage","width":280,"height":280,"caption":"Praia do Lomanto em Jequi\u00e9"},"primaryImageOfPage":{"@id":"https:\/\/www.encontrajequie.com.br\/sobre\/praia-do-lomanto-em-jequie-foi-liberada\/#mainImage"},"datePublished":"2026-04-23T03:29:08-03:00","dateModified":"2026-04-23T03:29:08-03:00"},{"@type":"WebSite","@id":"https:\/\/www.encontrajequie.com.br\/sobre\/#website","url":"https:\/\/www.encontrajequie.com.br\/sobre\/","name":"Encontra Jequi\u00e9","description":"Not\u00edcias, eventos, informa\u00e7\u00f5es e dicas na cidade de Jequi\u00e9 e regi\u00e3o.","inLanguage":"pt-BR","publisher":{"@id":"https:\/\/www.encontrajequie.com.br\/sobre\/#organization"}}]},"og:locale":"pt_BR","og:site_name":"Encontra Jequi\u00e9 | Not\u00edcias, eventos, informa\u00e7\u00f5es e dicas na cidade de Jequi\u00e9 e regi\u00e3o.","og:type":"article","og:title":"Praia do Lomanto em Jequi\u00e9 foi liberada | Encontra Jequi\u00e9","og:description":"Praia do Lomanto em Jequi\u00e9 \u00e9 liberada ap\u00f3s longa espera!","og:url":"https:\/\/www.encontrajequie.com.br\/sobre\/praia-do-lomanto-em-jequie-foi-liberada\/","article:published_time":"2026-04-23T06:29:08+00:00","article:modified_time":"2026-04-23T06:29:08+00:00","twitter:card":"summary_large_image","twitter:title":"Praia do Lomanto em Jequi\u00e9 foi liberada | Encontra Jequi\u00e9","twitter:description":"Praia do Lomanto em Jequi\u00e9 \u00e9 liberada ap\u00f3s longa espera!"},"aioseo_meta_data":{"post_id":"1040","title":null,"description":null,"keywords":null,"keyphrases":null,"primary_term":null,"canonical_url":null,"og_title":null,"og_description":null,"og_object_type":"default","og_image_type":"default","og_image_url":null,"og_image_width":null,"og_image_height":null,"og_image_custom_url":null,"og_image_custom_fields":null,"og_video":null,"og_custom_url":null,"og_article_section":null,"og_article_tags":null,"twitter_use_og":false,"twitter_card":"default","twitter_image_type":"default","twitter_image_url":null,"twitter_image_custom_url":null,"twitter_image_custom_fields":null,"twitter_title":null,"twitter_description":null,"schema":{"blockGraphs":[],"customGraphs":[],"default":{"data":{"Article":[],"Course":[],"Dataset":[],"FAQPage":[],"Movie":[],"Person":[],"Product":[],"ProductReview":[],"Car":[],"Recipe":[],"Service":[],"SoftwareApplication":[],"WebPage":[]},"graphName":"Article","isEnabled":true},"graphs":[]},"schema_type":"default","schema_type_options":null,"pillar_content":false,"robots_default":true,"robots_noindex":false,"robots_noarchive":false,"robots_nosnippet":false,"robots_nofollow":false,"robots_noimageindex":false,"robots_noodp":false,"robots_notranslate":false,"robots_max_snippet":null,"robots_max_videopreview":null,"robots_max_imagepreview":"large","priority":null,"frequency":null,"local_seo":null,"breadcrumb_settings":null,"limit_modified_date":false,"ai":null,"created":"2026-04-23 06:29:11","updated":"2026-04-23 06:32:54","focus_keyword":null,"additional_keywords":null,"truseo_locale":null,"seo_analyzer_scan_date":null},"aioseo_breadcrumb":"<div class=\"aioseo-breadcrumbs\"><span class=\"aioseo-breadcrumb\">\n\t\t\t<a href=\"https:\/\/www.encontrajequie.com.br\/sobre\" title=\"Home\">Home<\/a>\n\t\t<\/span><span class=\"aioseo-breadcrumb-separator\">&raquo;<\/span><span class=\"aioseo-breadcrumb\">\n\t\t\t<a href=\"https:\/\/www.encontrajequie.com.br\/sobre\/noticias-em-jequie\/\" title=\"Not\u00edcias Jequi\u00e9\">Not\u00edcias Jequi\u00e9<\/a>\n\t\t<\/span><span class=\"aioseo-breadcrumb-separator\">&raquo;<\/span><span class=\"aioseo-breadcrumb\">\n\t\t\tPraia do Lomanto em Jequi\u00e9 foi liberada\n\t\t<\/span><\/div>","aioseo_breadcrumb_json":[{"label":"Home","link":"https:\/\/www.encontrajequie.com.br\/sobre"},{"label":"Not\u00edcias Jequi\u00e9","link":"https:\/\/www.encontrajequie.com.br\/sobre\/noticias-em-jequie\/"},{"label":"Praia do Lomanto em Jequi\u00e9 foi liberada","link":"https:\/\/www.encontrajequie.com.br\/sobre\/praia-do-lomanto-em-jequie-foi-liberada\/"}],"_links":{"self":[{"href":"https:\/\/www.encontrajequie.com.br\/sobre\/wp-json\/wp\/v2\/posts\/1040","targetHints":{"allow":["GET"]}}],"collection":[{"href":"https:\/\/www.encontrajequie.com.br\/sobre\/wp-json\/wp\/v2\/posts"}],"about":[{"href":"https:\/\/www.encontrajequie.com.br\/sobre\/wp-json\/wp\/v2\/types\/post"}],"author":[{"embeddable":true,"href":"https:\/\/www.encontrajequie.com.br\/sobre\/wp-json\/wp\/v2\/users\/1"}],"replies":[{"embeddable":true,"href":"https:\/\/www.encontrajequie.com.br\/sobre\/wp-json\/wp\/v2\/comments?post=1040"}],"version-history":[{"count":0,"href":"https:\/\/www.encontrajequie.com.br\/sobre\/wp-json\/wp\/v2\/posts\/1040\/revisions"}],"wp:featuredmedia":[{"embeddable":true,"href":"https:\/\/www.encontrajequie.com.br\/sobre\/wp-json\/wp\/v2\/media\/1039"}],"wp:attachment":[{"href":"https:\/\/www.encontrajequie.com.br\/sobre\/wp-json\/wp\/v2\/media?parent=1040"}],"wp:term":[{"taxonomy":"category","embeddable":true,"href":"https:\/\/www.encontrajequie.com.br\/sobre\/wp-json\/wp\/v2\/categories?post=1040"},{"taxonomy":"post_tag","embeddable":true,"href":"https:\/\/www.encontrajequie.com.br\/sobre\/wp-json\/wp\/v2\/tags?post=1040"}],"curies":[{"name":"wp","href":"https:\/\/api.w.org\/{rel}","templated":true}]}}