{"id":1046,"date":"2026-04-24T03:28:49","date_gmt":"2026-04-24T06:28:49","guid":{"rendered":"https:\/\/www.encontrajequie.com.br\/sobre\/prefeitura-de-jequie-divulga-chamada-publica-para-barraqueiros-food-trucks-artesaos-e-ambulantes-que-queiram-atuar-no-sao-joao-de-jequie-2026\/"},"modified":"2026-04-24T03:28:49","modified_gmt":"2026-04-24T06:28:49","slug":"prefeitura-de-jequie-divulga-chamada-publica-para-barraqueiros-food-trucks-artesaos-e-ambulantes-que-queiram-atuar-no-sao-joao-de-jequie-2026","status":"publish","type":"post","link":"https:\/\/www.encontrajequie.com.br\/sobre\/prefeitura-de-jequie-divulga-chamada-publica-para-barraqueiros-food-trucks-artesaos-e-ambulantes-que-queiram-atuar-no-sao-joao-de-jequie-2026\/","title":{"rendered":"Prefeitura de Jequi\u00e9 divulga chamada p\u00fablica para barraqueiros, food trucks, artes\u00e3os e ambulantes que queiram atuar no S\u00e3o Jo\u00e3o de Jequi\u00e9 2026"},"content":{"rendered":"<div class=\"30cf832dc5940d4704f66d0ed9a44050\" data-index=\"1\" style=\"float: none; margin:0px;\">\n<!-- Anuncio display - global -->\r\n<ins class=\"adsbygoogle\"\r\n     style=\"display:block\"\r\n     data-ad-client=\"ca-pub-8585364105181520\"\r\n     data-ad-slot=\"8789329856\"\r\n     data-ad-format=\"auto\"\r\n     data-full-width-responsive=\"true\"><\/ins>\r\n<script>\r\n     (adsbygoogle = window.adsbygoogle || []).push({});\r\n<\/script>\n<\/div>\n<h2>O que \u00e9 a Chamada P\u00fablica?<\/h2>\n<p>A Chamada P\u00fablica n\u00ba 004\/2026, promovida pela Prefeitura de Jequi\u00e9, \u00e9 uma iniciativa que visa o cadastramento de comerciantes que desejam participar como barraqueiros, food trucks, artes\u00e3os e ambulantes durante o evento S\u00e3o Jo\u00e3o de Jequi\u00e9 em 2026. Este edital \u00e9 um passo importante para regulamentar e organizar a atua\u00e7\u00e3o desses profissionais no circuito oficial do evento, garantindo a explora\u00e7\u00e3o comercial de espa\u00e7os p\u00fablicos de forma ordenada e eficiente.<\/p>\n<h2>Quem pode participar?<\/h2>\n<p>Podem se inscrever todos os comerciantes que atuem nas seguintes categorias:<\/p>\n<ul>\n<li>Barraqueiros<\/li>\n<li>Food trucks<\/li>\n<li>Artes\u00e3os<\/li>\n<li>Comerciantes de isopor<\/li>\n<li>Ambulantes diversos<\/li>\n<\/ul>\n<p>\u00c9 fundamental que os interessados estejam cientes das diretrizes estabelecidas no edital para garantir sua participa\u00e7\u00e3o. Todos os segmentos que mencionamos s\u00e3o bem-vindos a se inscrever e fazer parte deste grande evento que atrai milhares de visitantes.<\/p>\n<p><img decoding=\"async\" src=\"https:\/\/www.encontrajequie.com.br\/sobre\/wp-content\/uploads\/2026\/04\/prefeitura-de-jequie-divulga-chamada-publica-para-barraqueiros-food-trucks-artesaos-e-ambulantes-que.webp\" alt=\"chamada p\u00fablica S\u00e3o Jo\u00e3o de Jequi\u00e9 2026\" loading=\"lazy\" \/><\/p>\n<h2>Como se inscrever<\/h2>\n<p>O processo de inscri\u00e7\u00e3o para o cadastro dos comerciantes ser\u00e1 realizado de duas maneiras:<\/p>\n<ul>\n<li><strong>Online:<\/strong> Os interessados podem acessar o formul\u00e1rio de inscri\u00e7\u00e3o atrav\u00e9s do link: <a href=\"https:\/\/www.saojoaodejequie.com.br\/cadastro-barraqueiros\">INSCREVA-SE AQUI<\/a>.<\/li>\n<li><strong>Presencialmente:<\/strong> Os comerciantes tamb\u00e9m podem se inscrever na sede da Secretaria de Cultura e Turismo, localizada na Rua Ger\u00f4nimo Sodr\u00e9, n\u00ba 61, no Centro. O atendimento ser\u00e1 das 8h \u00e0s 12h e das 14h \u00e0s 17h, de segunda a sexta-feira, exceto em feriados.<\/li>\n<\/ul>\n<p>O per\u00edodo para efetuar a inscri\u00e7\u00e3o ser\u00e1 entre os dias 1\u00ba e 13 de abril de 2026, sendo essa etapa fundamental para a participa\u00e7\u00e3o no evento.<\/p>\n<h2>Datas importantes para o cadastro<\/h2>\n<p>As seguintes datas s\u00e3o cruciais para os comerciantes que desejam participar do S\u00e3o Jo\u00e3o de Jequi\u00e9 2026:<\/p>\n<ul>\n<li><strong>1\u00ba a 13 de abril de 2026:<\/strong> Per\u00edodo de inscri\u00e7\u00f5es.<\/li>\n<li><strong>17 de abril de 2026:<\/strong> Divulga\u00e7\u00e3o da lista dos comerciantes selecionados na primeira etapa, que ser\u00e1 realizada no Di\u00e1rio Oficial do Munic\u00edpio e no site oficial do S\u00e3o Jo\u00e3o.<\/li>\n<li><strong>22 a 28 de abril de 2026:<\/strong> Prazo para que os selecionados realizem o pagamento das taxas necess\u00e1rias para a autoriza\u00e7\u00e3o de uso dos espa\u00e7os.<\/li>\n<\/ul>\n<h2>Crit\u00e9rios de sele\u00e7\u00e3o para os comerciantes<\/h2>\n<p>Os comerciantes ser\u00e3o selecionados com base nos seguintes crit\u00e9rios, que visam garantir uma distribui\u00e7\u00e3o equilibrada e justa dos espa\u00e7os durante o evento:<\/p>\n<ul>\n<li>Conformidade com as normas do edital.<\/li>\n<li>Tipo de produto ou servi\u00e7o oferecido.<\/li>\n<li>Capacidade de fornecer um atendimento de qualidade aos visitantes.<\/li>\n<li>Experi\u00eancia anterior em eventos similares (se houver).<\/li>\n<\/ul>\n<p>Esses crit\u00e9rios permitem que a sele\u00e7\u00e3o seja feita de forma transparente e em alinhamento com o perfil do evento.<\/p>\n<h2>Onde se realizar\u00e3o as atividades comerciais<\/h2>\n<p>As atividades comerciais durante o S\u00e3o Jo\u00e3o de Jequi\u00e9 2026 ocorrer\u00e3o em dois circuitos:<\/p>\n<ul>\n<li><strong>Circuito Fechado:<\/strong> Este ser\u00e1 gerenciado pela concession\u00e1ria respons\u00e1vel, onde o controle ser\u00e1 mais rigoroso.<\/li>\n<li><strong>Circuito Aberto:<\/strong> Este espa\u00e7o ser\u00e1 administrado pela Prefeitura de Jequi\u00e9, permitindo uma maior acessibilidade a todos os participantes.<\/li>\n<\/ul>\n<p>As localiza\u00e7\u00f5es exatas dos pontos comerciais ser\u00e3o determinadas com base na organiza\u00e7\u00e3o e nas necessidades do evento, visando a seguran\u00e7a e o conforto dos visitantes.<\/p>\n<h2>Pagamentos e taxas necess\u00e1rias<\/h2>\n<p>Os comerciantes selecionados devem efetuar o pagamento das taxas previstas na autoriza\u00e7\u00e3o de uso oneroso e prec\u00e1rio de espa\u00e7o p\u00fablico, com as seguintes op\u00e7\u00f5es de pagamento:<\/p>\n<ul>\n<li><strong>Boleto banc\u00e1rio<\/strong><\/li>\n<li><strong>PAGAMENTO via Pix<\/strong><\/li>\n<li><strong>Documento de Arrecada\u00e7\u00e3o Municipal (DAM)<\/strong>, conforme a localiza\u00e7\u00e3o das barracas.<\/li>\n<\/ul>\n<p>O pagamento deve ser feito no prazo de cinco dias \u00fateis, entre 22 e 28 de abril de 2026, para garantir a reserva dos espa\u00e7os durante o evento.<\/p>\n<h2>Como ser\u00e1 a administra\u00e7\u00e3o do evento<\/h2>\n<p>A administra\u00e7\u00e3o do S\u00e3o Jo\u00e3o de Jequi\u00e9 2026 ser\u00e1 dividida entre:<\/p>\n<ul>\n<li><strong>Concession\u00e1ria para o circuito fechado:<\/strong> respons\u00e1vel pelo gerenciamento das barracas e food trucks em \u00e1reas espec\u00edficas.<\/li>\n<li><strong>Prefeitura de Jequi\u00e9 para o circuito aberto:<\/strong> respons\u00e1vel pela supervis\u00e3o geral do evento e pelo controle dos espa\u00e7os p\u00fablicos.<\/li>\n<\/ul>\n<p>Essa divis\u00e3o visa promover uma melhor organiza\u00e7\u00e3o, seguran\u00e7a, e a experi\u00eancia geral dos visitantes e comerciantes.<\/p>\n<h2>Benef\u00edcios para os participantes<\/h2>\n<p>Os comerciantes que participarem do S\u00e3o Jo\u00e3o de Jequi\u00e9 2026 ter\u00e3o acesso a diversos benef\u00edcios, incluindo:<\/p>\n<ul>\n<li>Aumento da visibilidade de seus produtos e servi\u00e7os devido ao grande fluxo de visitantes.<\/li>\n<li>Oportunidade de networking com outros comerciantes e s\u00e3o joaninos.<\/li>\n<li>Participa\u00e7\u00e3o em um dos eventos de maior destaque da regi\u00e3o, ajudando a fortalecer sua marca.<\/li>\n<\/ul>\n<p>Esses pontos destacam a import\u00e2ncia de se inscrever e participar ativamente do evento, que promete ser uma grande vitrine comercial.<\/p>\n<h2>Consulta ao edital completo<\/h2>\n<p>Para obter mais detalhes sobre a Chamada P\u00fablica n\u00ba 004\/2026 e ficar por dentro de todas as especifica\u00e7\u00f5es, os interessados podem consultar a \u00edntegra do edital. O documento completo est\u00e1 dispon\u00edvel no Di\u00e1rio Oficial do Munic\u00edpio, e o acesso pode ser feito atrav\u00e9s do seguinte link: <a href=\"https:\/\/www.jequie.ba.gov.br\/storage\/files\/1775500690-Edital%20de%20Barraqueiros%202026.pdf\">EDITAL AQUI<\/a>.<\/p>\n\n<div style=\"font-size: 0px; height: 0px; line-height: 0px; margin: 0; padding: 0; clear: both;\"><\/div>","protected":false},"excerpt":{"rendered":"<p>Chamada P\u00fablica para comerciantes atuarem no S\u00e3o Jo\u00e3o de Jequi\u00e9 2026.<\/p>\n","protected":false},"author":1,"featured_media":1045,"comment_status":"open","ping_status":"closed","sticky":false,"template":"","format":"standard","meta":{"footnotes":""},"categories":[1],"tags":[],"class_list":["post-1046","post","type-post","status-publish","format-standard","has-post-thumbnail","hentry","category-noticias-em-jequie","has_thumb"],"aioseo_notices":[],"_links":{"self":[{"href":"https:\/\/www.encontrajequie.com.br\/sobre\/wp-json\/wp\/v2\/posts\/1046","targetHints":{"allow":["GET"]}}],"collection":[{"href":"https:\/\/www.encontrajequie.com.br\/sobre\/wp-json\/wp\/v2\/posts"}],"about":[{"href":"https:\/\/www.encontrajequie.com.br\/sobre\/wp-json\/wp\/v2\/types\/post"}],"author":[{"embeddable":true,"href":"https:\/\/www.encontrajequie.com.br\/sobre\/wp-json\/wp\/v2\/users\/1"}],"replies":[{"embeddable":true,"href":"https:\/\/www.encontrajequie.com.br\/sobre\/wp-json\/wp\/v2\/comments?post=1046"}],"version-history":[{"count":0,"href":"https:\/\/www.encontrajequie.com.br\/sobre\/wp-json\/wp\/v2\/posts\/1046\/revisions"}],"wp:featuredmedia":[{"embeddable":true,"href":"https:\/\/www.encontrajequie.com.br\/sobre\/wp-json\/wp\/v2\/media\/1045"}],"wp:attachment":[{"href":"https:\/\/www.encontrajequie.com.br\/sobre\/wp-json\/wp\/v2\/media?parent=1046"}],"wp:term":[{"taxonomy":"category","embeddable":true,"href":"https:\/\/www.encontrajequie.com.br\/sobre\/wp-json\/wp\/v2\/categories?post=1046"},{"taxonomy":"post_tag","embeddable":true,"href":"https:\/\/www.encontrajequie.com.br\/sobre\/wp-json\/wp\/v2\/tags?post=1046"}],"curies":[{"name":"wp","href":"https:\/\/api.w.org\/{rel}","templated":true}]}}