{"id":1050,"date":"2026-04-25T03:27:39","date_gmt":"2026-04-25T06:27:39","guid":{"rendered":"https:\/\/www.encontrajequie.com.br\/sobre\/jequie-deve-ter-um-dia-de-ceu-nublado-com-pancadas-rapidas-nesta-sexta\/"},"modified":"2026-04-25T03:27:39","modified_gmt":"2026-04-25T06:27:39","slug":"jequie-deve-ter-um-dia-de-ceu-nublado-com-pancadas-rapidas-nesta-sexta","status":"publish","type":"post","link":"https:\/\/www.encontrajequie.com.br\/sobre\/jequie-deve-ter-um-dia-de-ceu-nublado-com-pancadas-rapidas-nesta-sexta\/","title":{"rendered":"Jequi\u00e9 deve ter um dia de c\u00e9u nublado com pancadas r\u00e1pidas nesta sexta"},"content":{"rendered":"<div class=\"30cf832dc5940d4704f66d0ed9a44050\" data-index=\"1\" style=\"float: none; margin:0px;\">\n<!-- Anuncio display - global -->\r\n<ins class=\"adsbygoogle\"\r\n     style=\"display:block\"\r\n     data-ad-client=\"ca-pub-8585364105181520\"\r\n     data-ad-slot=\"8789329856\"\r\n     data-ad-format=\"auto\"\r\n     data-full-width-responsive=\"true\"><\/ins>\r\n<script>\r\n     (adsbygoogle = window.adsbygoogle || []).push({});\r\n<\/script>\n<\/div>\n<h2>Como Ser\u00e1 o Tempo em Jequi\u00e9<\/h2>\n<p>Na sexta-feira, dia 24 de abril de 2026, <strong>Jequi\u00e9<\/strong>, um munic\u00edpio localizado na Bahia, contar\u00e1 com condi\u00e7\u00f5es clim\u00e1ticas predominantemente nubladas, apresentando <strong>pancadas r\u00e1pidas de chuva<\/strong> ao longo do dia. De acordo com informa\u00e7\u00f5es do <strong>Instituto Nacional de Meteorologia (INMET)<\/strong>, a previs\u00e3o \u00e9 de que as temperaturas oscillam entre <strong>20\u00b0C e 28\u00b0C<\/strong> durante o per\u00edodo.<\/p>\n<h2>Temperaturas ao Longo do Dia<\/h2>\n<p>A temperatura em Jequi\u00e9 come\u00e7ar\u00e1 a madrugada ao redor de <strong>20\u00b0C<\/strong>, proporcionando um clima fresco nas horas iniciais. Ao longo da manh\u00e3, uma leve alta ser\u00e1 observada, atingindo a marca de <strong>28\u00b0C<\/strong>. A tarde ter\u00e1 um clima mais aquecido, mantendo a m\u00e1xima de <strong>28\u00b0C<\/strong>, enquanto a noite se estabiliza novamente em torno de <strong>20\u00b0C<\/strong>. Dessa forma, os moradores podem esperar um dia relativamente temperado, mas com a umidade e as chuvas, o conforto t\u00e9rmico poder\u00e1 ser afetado.<\/p>\n<h2>Umidade Relativa do Ar<\/h2>\n<p>A umidade relativa do ar em Jequi\u00e9 dever\u00e1 variar, com potencial para atingir <strong>100%<\/strong> durante os momentos em que as chuvas forem mais persistentes, especialmente pela manh\u00e3. Nos per\u00edodos mais secos, geralmente, ao longo da tarde, a umidade pode cair para aproximadamente <strong>60%<\/strong>, refletindo a oscila\u00e7\u00e3o t\u00edpica entre fatores clim\u00e1ticos que influenciam o ambiente durante o dia.<\/p>\n<p><img decoding=\"async\" src=\"https:\/\/www.encontrajequie.com.br\/sobre\/wp-content\/uploads\/2026\/04\/jequie-deve-ter-um-dia-de-ceu-nublado-com-pancadas-rapidas-nesta-sexta.webp\" alt=\"previs\u00e3o do tempo em Jequi\u00e9\" loading=\"lazy\" \/><\/p>\n<h2>Dire\u00e7\u00e3o e Intensidade do Vento<\/h2>\n<p>Os ventos previstos para Jequi\u00e9 ser\u00e3o, em sua maioria, de intensidade <strong>fraca<\/strong>, soprando predominantemente da dire\u00e7\u00e3o <strong>sudeste a sul<\/strong>. Isso significa que, durante as horas diurnas, a brisa ser\u00e1 leve, sem causar muito desconforto aos moradores. O <strong>nascer do sol<\/strong> est\u00e1 marcado para \u00e0s <strong>05h49<\/strong>, enquanto o <strong>p\u00f4r do sol<\/strong> est\u00e1 previsto para ocorrer \u00e0s <strong>17h30<\/strong>, o que permitir\u00e1 aos jequieenses usufru\u00edrem de horas de luz diurna adicionais embora em um ambiente nublado.<\/p>\n<h2>Previs\u00e3o para os Pr\u00f3ximos Dias<\/h2>\n<p>As condi\u00e7\u00f5es clim\u00e1ticas nos pr\u00f3ximos dias em Jequi\u00e9 s\u00e3o as seguintes:<\/p>\n<ul>\n<li><strong>S\u00e1bado (25\/04\/2026):<\/strong> Muitas nuvens pela manh\u00e3 e \u00e0 tarde, com temperatura variando de <strong>19\u00b0C a 30\u00b0C<\/strong>.<\/li>\n<li><strong>Domingo (26\/04\/2026):<\/strong> Clima nublado, com temperaturas entre <strong>18\u00b0C a 30\u00b0C<\/strong>.<\/li>\n<li><strong>Segunda-feira (27\/04\/2026):<\/strong> Expectativa de c\u00e9u nublado, temperaturas variando de <strong>18\u00b0C a 31\u00b0C<\/strong>.<\/li>\n<li><strong>Ter\u00e7a-feira (28\/04\/2026):<\/strong> Muitas nuvens, com term\u00f4metros indicando entre <strong>19\u00b0C a 30\u00b0C<\/strong>.<\/li>\n<\/ul>\n<h2>Diferen\u00e7as de Temperatura pela Manh\u00e3 e Tarde<\/h2>\n<p>A diferen\u00e7a de temperatura entre a manh\u00e3 e a tarde em Jequi\u00e9 n\u00e3o ser\u00e1 muito acentuada, j\u00e1 que a varia\u00e7\u00e3o ficar\u00e1 em torno de <strong>8\u00b0C<\/strong>. Isso mostra que, apesar do calor \u00e0 tarde, a brisa e a umidade do ar podem manter o calor em n\u00edveis gerenci\u00e1veis, mas ainda requer um bom conhecimento do clima antes de sair de casa.<\/p>\n<h2>Impacto do C\u00e9u Nublado no Cotidiano<\/h2>\n<p>O dia nublado com chances de chuvas pode impactar as atividades di\u00e1rias. As pessoas que precisam sair de casa devem estar preparadas para a possibilidade de chuvas repentinas, o que pode afetar tanto o transporte quanto planos ao ar livre. Portanto, \u00e9 prudente utilizar roupas adequadas e, possivelmente, um guarda-chuva ou capa de chuva, especialmente durante a manh\u00e3.<\/p>\n<h2>O Que Fazer em Dias Chuvosos<\/h2>\n<p>Quando as condi\u00e7\u00f5es clim\u00e1ticas n\u00e3o favorecem eventos externos, h\u00e1 v\u00e1rias atividades que podem ser realizadas dentro de casa. Algumas sugest\u00f5es incluem:<\/p>\n<ul>\n<li>Assistir a filmes ou s\u00e9ries, aproveitando para colocar as novidades em dia.<\/li>\n<li>Ler um livro que estava na lista de desejos.<\/li>\n<li>Praticar receitas culin\u00e1rias, testando habilidades na cozinha.<\/li>\n<li>Realizar trabalhos manuais ou artesanato, uma \u00f3tima forma de criar e relaxar.<\/li>\n<li>Visitar museus ou exposi\u00e7\u00f5es online, que muitas vezes oferecem tours virtuais.<\/li>\n<\/ul>\n<h2>Hist\u00f3rico de Clima em Jequi\u00e9<\/h2>\n<p>Jequi\u00e9 \u00e9 caracterizada por clima tropical com uma esta\u00e7\u00e3o chuvosa que acontece geralmente entre os meses de novembro e abril. Durante esses meses, as chuvas s\u00e3o mais frequentes e volumosas, enquanto o restante do ano, a temperatura tende a ser mais amena. O hist\u00f3rico de clima mostra flutua\u00e7\u00f5es que s\u00e3o normais, e os residentes aprendem a se adaptar \u00e0s diferentes condi\u00e7\u00f5es ao longo do ano.<\/p>\n<h2>Dicas para se Preparar para a Chuva<\/h2>\n<p>Para aqueles que vivem em \u00e1reas onde a chuva \u00e9 uma constante, algumas dicas \u00fateis incluem:<\/p>\n<ul>\n<li>Usar roupas imperme\u00e1veis se for necess\u00e1rio sair durante a chuva.<\/li>\n<li>Ter sempre um guarda-chuva ou capa de chuva \u00e0 m\u00e3o.<\/li>\n<li>Mantenha conveniente um par extra de sapatos, para dias molhados.<\/li>\n<li>Se deslocar com precau\u00e7\u00e3o, especialmente ao dirigir, j\u00e1 que as estradas podem ficar escorregadias.<\/li>\n<li>Estar ciente das condi\u00e7\u00f5es do tempo e ajustar a rotina conforme necess\u00e1rio.<\/li>\n<\/ul>\n\n<div style=\"font-size: 0px; height: 0px; line-height: 0px; margin: 0; padding: 0; clear: both;\"><\/div>","protected":false},"excerpt":{"rendered":"<p>Jequi\u00e9 ter\u00e1 um dia de c\u00e9u nublado com pancadas r\u00e1pidas nesta sexta-feira.<\/p>\n","protected":false},"author":1,"featured_media":1049,"comment_status":"open","ping_status":"closed","sticky":false,"template":"","format":"standard","meta":{"footnotes":""},"categories":[1],"tags":[],"class_list":["post-1050","post","type-post","status-publish","format-standard","has-post-thumbnail","hentry","category-noticias-em-jequie","has_thumb"],"aioseo_notices":[],"aioseo_head":"\n\t\t<!-- All in One SEO 5.0.0.1 - aioseo.com -->\n\t<meta name=\"description\" content=\"Jequi\u00e9 ter\u00e1 um dia de c\u00e9u nublado com pancadas r\u00e1pidas nesta sexta-feira.\" \/>\n\t<meta name=\"robots\" content=\"max-image-preview:large\" \/>\n\t<meta name=\"author\" content=\"Encontra Jequi\u00e9\"\/>\n\t<link rel=\"canonical\" href=\"https:\/\/www.encontrajequie.com.br\/sobre\/jequie-deve-ter-um-dia-de-ceu-nublado-com-pancadas-rapidas-nesta-sexta\/\" \/>\n\t<meta name=\"generator\" content=\"All in One SEO (AIOSEO) 5.0.0.1\" \/>\n\t\t<meta property=\"og:locale\" content=\"pt_BR\" \/>\n\t\t<meta property=\"og:site_name\" content=\"Encontra Jequi\u00e9 | Not\u00edcias, eventos, informa\u00e7\u00f5es e dicas na cidade de Jequi\u00e9 e regi\u00e3o.\" \/>\n\t\t<meta property=\"og:type\" content=\"article\" \/>\n\t\t<meta property=\"og:title\" content=\"Jequi\u00e9 deve ter um dia de c\u00e9u nublado com pancadas r\u00e1pidas nesta sexta | Encontra Jequi\u00e9\" \/>\n\t\t<meta property=\"og:description\" content=\"Jequi\u00e9 ter\u00e1 um dia de c\u00e9u nublado com pancadas r\u00e1pidas nesta sexta-feira.\" \/>\n\t\t<meta property=\"og:url\" content=\"https:\/\/www.encontrajequie.com.br\/sobre\/jequie-deve-ter-um-dia-de-ceu-nublado-com-pancadas-rapidas-nesta-sexta\/\" \/>\n\t\t<meta property=\"article:published_time\" content=\"2026-04-25T06:27:39+00:00\" \/>\n\t\t<meta property=\"article:modified_time\" content=\"2026-04-25T06:27:39+00:00\" \/>\n\t\t<meta name=\"twitter:card\" content=\"summary_large_image\" \/>\n\t\t<meta name=\"twitter:title\" content=\"Jequi\u00e9 deve ter um dia de c\u00e9u nublado com pancadas r\u00e1pidas nesta sexta | Encontra Jequi\u00e9\" \/>\n\t\t<meta name=\"twitter:description\" content=\"Jequi\u00e9 ter\u00e1 um dia de c\u00e9u nublado com pancadas r\u00e1pidas nesta sexta-feira.\" \/>\n\t\t<script type=\"application\/ld+json\" class=\"aioseo-schema\">\n\t\t\t{\"@context\":\"https:\\\/\\\/schema.org\",\"@graph\":[{\"@type\":\"Article\",\"@id\":\"https:\\\/\\\/www.encontrajequie.com.br\\\/sobre\\\/jequie-deve-ter-um-dia-de-ceu-nublado-com-pancadas-rapidas-nesta-sexta\\\/#article\",\"name\":\"Jequi\\u00e9 deve ter um dia de c\\u00e9u nublado com pancadas r\\u00e1pidas nesta sexta | Encontra Jequi\\u00e9\",\"headline\":\"Jequi\\u00e9 deve ter um dia de c\\u00e9u nublado com pancadas r\\u00e1pidas nesta sexta\",\"author\":{\"@id\":\"https:\\\/\\\/www.encontrajequie.com.br\\\/sobre\\\/author\\\/ejequie\\\/#author\"},\"publisher\":{\"@id\":\"https:\\\/\\\/www.encontrajequie.com.br\\\/sobre\\\/#organization\"},\"image\":{\"@type\":\"ImageObject\",\"url\":\"https:\\\/\\\/www.encontrajequie.com.br\\\/sobre\\\/wp-content\\\/uploads\\\/2026\\\/04\\\/jequie-deve-ter-um-dia-de-ceu-nublado-com-pancadas-rapidas-nesta-sexta.webp\",\"width\":280,\"height\":280,\"caption\":\"previs\\u00e3o do tempo em Jequi\\u00e9\"},\"datePublished\":\"2026-04-25T03:27:39-03:00\",\"dateModified\":\"2026-04-25T03:27:39-03:00\",\"inLanguage\":\"pt-BR\",\"mainEntityOfPage\":{\"@id\":\"https:\\\/\\\/www.encontrajequie.com.br\\\/sobre\\\/jequie-deve-ter-um-dia-de-ceu-nublado-com-pancadas-rapidas-nesta-sexta\\\/#webpage\"},\"isPartOf\":{\"@id\":\"https:\\\/\\\/www.encontrajequie.com.br\\\/sobre\\\/jequie-deve-ter-um-dia-de-ceu-nublado-com-pancadas-rapidas-nesta-sexta\\\/#webpage\"},\"articleSection\":\"Not\\u00edcias Jequi\\u00e9\"},{\"@type\":\"BreadcrumbList\",\"@id\":\"https:\\\/\\\/www.encontrajequie.com.br\\\/sobre\\\/jequie-deve-ter-um-dia-de-ceu-nublado-com-pancadas-rapidas-nesta-sexta\\\/#breadcrumblist\",\"itemListElement\":[{\"@type\":\"ListItem\",\"@id\":\"https:\\\/\\\/www.encontrajequie.com.br\\\/sobre#listItem\",\"position\":1,\"name\":\"Home\",\"item\":\"https:\\\/\\\/www.encontrajequie.com.br\\\/sobre\",\"nextItem\":{\"@type\":\"ListItem\",\"@id\":\"https:\\\/\\\/www.encontrajequie.com.br\\\/sobre\\\/noticias-em-jequie\\\/#listItem\",\"name\":\"Not\\u00edcias Jequi\\u00e9\"}},{\"@type\":\"ListItem\",\"@id\":\"https:\\\/\\\/www.encontrajequie.com.br\\\/sobre\\\/noticias-em-jequie\\\/#listItem\",\"position\":2,\"name\":\"Not\\u00edcias Jequi\\u00e9\",\"item\":\"https:\\\/\\\/www.encontrajequie.com.br\\\/sobre\\\/noticias-em-jequie\\\/\",\"nextItem\":{\"@type\":\"ListItem\",\"@id\":\"https:\\\/\\\/www.encontrajequie.com.br\\\/sobre\\\/jequie-deve-ter-um-dia-de-ceu-nublado-com-pancadas-rapidas-nesta-sexta\\\/#listItem\",\"name\":\"Jequi\\u00e9 deve ter um dia de c\\u00e9u nublado com pancadas r\\u00e1pidas nesta sexta\"},\"previousItem\":{\"@type\":\"ListItem\",\"@id\":\"https:\\\/\\\/www.encontrajequie.com.br\\\/sobre#listItem\",\"name\":\"Home\"}},{\"@type\":\"ListItem\",\"@id\":\"https:\\\/\\\/www.encontrajequie.com.br\\\/sobre\\\/jequie-deve-ter-um-dia-de-ceu-nublado-com-pancadas-rapidas-nesta-sexta\\\/#listItem\",\"position\":3,\"name\":\"Jequi\\u00e9 deve ter um dia de c\\u00e9u nublado com pancadas r\\u00e1pidas nesta sexta\",\"previousItem\":{\"@type\":\"ListItem\",\"@id\":\"https:\\\/\\\/www.encontrajequie.com.br\\\/sobre\\\/noticias-em-jequie\\\/#listItem\",\"name\":\"Not\\u00edcias Jequi\\u00e9\"}}]},{\"@type\":\"Organization\",\"@id\":\"https:\\\/\\\/www.encontrajequie.com.br\\\/sobre\\\/#organization\",\"name\":\"Encontra Jequi\\u00e9\",\"description\":\"Not\\u00edcias, eventos, informa\\u00e7\\u00f5es e dicas na cidade de Jequi\\u00e9 e regi\\u00e3o.\",\"url\":\"https:\\\/\\\/www.encontrajequie.com.br\\\/sobre\\\/\"},{\"@type\":\"Person\",\"@id\":\"https:\\\/\\\/www.encontrajequie.com.br\\\/sobre\\\/author\\\/ejequie\\\/#author\",\"url\":\"https:\\\/\\\/www.encontrajequie.com.br\\\/sobre\\\/author\\\/ejequie\\\/\",\"name\":\"Encontra Jequi\\u00e9\",\"image\":{\"@type\":\"ImageObject\",\"@id\":\"https:\\\/\\\/www.encontrajequie.com.br\\\/sobre\\\/jequie-deve-ter-um-dia-de-ceu-nublado-com-pancadas-rapidas-nesta-sexta\\\/#authorImage\",\"url\":\"https:\\\/\\\/secure.gravatar.com\\\/avatar\\\/507340682b8270222e1f208e23198b6ae7e2c6a1033ae84e99bc6bce4f82a387?s=96&d=mm&r=g\",\"width\":96,\"height\":96,\"caption\":\"Encontra Jequi\\u00e9\"}},{\"@type\":\"WebPage\",\"@id\":\"https:\\\/\\\/www.encontrajequie.com.br\\\/sobre\\\/jequie-deve-ter-um-dia-de-ceu-nublado-com-pancadas-rapidas-nesta-sexta\\\/#webpage\",\"url\":\"https:\\\/\\\/www.encontrajequie.com.br\\\/sobre\\\/jequie-deve-ter-um-dia-de-ceu-nublado-com-pancadas-rapidas-nesta-sexta\\\/\",\"name\":\"Jequi\\u00e9 deve ter um dia de c\\u00e9u nublado com pancadas r\\u00e1pidas nesta sexta | Encontra Jequi\\u00e9\",\"description\":\"Jequi\\u00e9 ter\\u00e1 um dia de c\\u00e9u nublado com pancadas r\\u00e1pidas nesta sexta-feira.\",\"inLanguage\":\"pt-BR\",\"isPartOf\":{\"@id\":\"https:\\\/\\\/www.encontrajequie.com.br\\\/sobre\\\/#website\"},\"breadcrumb\":{\"@id\":\"https:\\\/\\\/www.encontrajequie.com.br\\\/sobre\\\/jequie-deve-ter-um-dia-de-ceu-nublado-com-pancadas-rapidas-nesta-sexta\\\/#breadcrumblist\"},\"author\":{\"@id\":\"https:\\\/\\\/www.encontrajequie.com.br\\\/sobre\\\/author\\\/ejequie\\\/#author\"},\"creator\":{\"@id\":\"https:\\\/\\\/www.encontrajequie.com.br\\\/sobre\\\/author\\\/ejequie\\\/#author\"},\"image\":{\"@type\":\"ImageObject\",\"url\":\"https:\\\/\\\/www.encontrajequie.com.br\\\/sobre\\\/wp-content\\\/uploads\\\/2026\\\/04\\\/jequie-deve-ter-um-dia-de-ceu-nublado-com-pancadas-rapidas-nesta-sexta.webp\",\"@id\":\"https:\\\/\\\/www.encontrajequie.com.br\\\/sobre\\\/jequie-deve-ter-um-dia-de-ceu-nublado-com-pancadas-rapidas-nesta-sexta\\\/#mainImage\",\"width\":280,\"height\":280,\"caption\":\"previs\\u00e3o do tempo em Jequi\\u00e9\"},\"primaryImageOfPage\":{\"@id\":\"https:\\\/\\\/www.encontrajequie.com.br\\\/sobre\\\/jequie-deve-ter-um-dia-de-ceu-nublado-com-pancadas-rapidas-nesta-sexta\\\/#mainImage\"},\"datePublished\":\"2026-04-25T03:27:39-03:00\",\"dateModified\":\"2026-04-25T03:27:39-03:00\"},{\"@type\":\"WebSite\",\"@id\":\"https:\\\/\\\/www.encontrajequie.com.br\\\/sobre\\\/#website\",\"url\":\"https:\\\/\\\/www.encontrajequie.com.br\\\/sobre\\\/\",\"name\":\"Encontra Jequi\\u00e9\",\"description\":\"Not\\u00edcias, eventos, informa\\u00e7\\u00f5es e dicas na cidade de Jequi\\u00e9 e regi\\u00e3o.\",\"inLanguage\":\"pt-BR\",\"publisher\":{\"@id\":\"https:\\\/\\\/www.encontrajequie.com.br\\\/sobre\\\/#organization\"}}]}\n\t\t<\/script>\n\t\t<!-- All in One SEO -->\n\n","aioseo_head_json":{"title":"Jequi\u00e9 deve ter um dia de c\u00e9u nublado com pancadas r\u00e1pidas nesta sexta | Encontra Jequi\u00e9","description":"Jequi\u00e9 ter\u00e1 um dia de c\u00e9u nublado com pancadas r\u00e1pidas nesta sexta-feira.","canonical_url":"https:\/\/www.encontrajequie.com.br\/sobre\/jequie-deve-ter-um-dia-de-ceu-nublado-com-pancadas-rapidas-nesta-sexta\/","robots":"max-image-preview:large","keywords":"","webmasterTools":{"miscellaneous":""},"schema":{"@context":"https:\/\/schema.org","@graph":[{"@type":"Article","@id":"https:\/\/www.encontrajequie.com.br\/sobre\/jequie-deve-ter-um-dia-de-ceu-nublado-com-pancadas-rapidas-nesta-sexta\/#article","name":"Jequi\u00e9 deve ter um dia de c\u00e9u nublado com pancadas r\u00e1pidas nesta sexta | Encontra Jequi\u00e9","headline":"Jequi\u00e9 deve ter um dia de c\u00e9u nublado com pancadas r\u00e1pidas nesta sexta","author":{"@id":"https:\/\/www.encontrajequie.com.br\/sobre\/author\/ejequie\/#author"},"publisher":{"@id":"https:\/\/www.encontrajequie.com.br\/sobre\/#organization"},"image":{"@type":"ImageObject","url":"https:\/\/www.encontrajequie.com.br\/sobre\/wp-content\/uploads\/2026\/04\/jequie-deve-ter-um-dia-de-ceu-nublado-com-pancadas-rapidas-nesta-sexta.webp","width":280,"height":280,"caption":"previs\u00e3o do tempo em Jequi\u00e9"},"datePublished":"2026-04-25T03:27:39-03:00","dateModified":"2026-04-25T03:27:39-03:00","inLanguage":"pt-BR","mainEntityOfPage":{"@id":"https:\/\/www.encontrajequie.com.br\/sobre\/jequie-deve-ter-um-dia-de-ceu-nublado-com-pancadas-rapidas-nesta-sexta\/#webpage"},"isPartOf":{"@id":"https:\/\/www.encontrajequie.com.br\/sobre\/jequie-deve-ter-um-dia-de-ceu-nublado-com-pancadas-rapidas-nesta-sexta\/#webpage"},"articleSection":"Not\u00edcias Jequi\u00e9"},{"@type":"BreadcrumbList","@id":"https:\/\/www.encontrajequie.com.br\/sobre\/jequie-deve-ter-um-dia-de-ceu-nublado-com-pancadas-rapidas-nesta-sexta\/#breadcrumblist","itemListElement":[{"@type":"ListItem","@id":"https:\/\/www.encontrajequie.com.br\/sobre#listItem","position":1,"name":"Home","item":"https:\/\/www.encontrajequie.com.br\/sobre","nextItem":{"@type":"ListItem","@id":"https:\/\/www.encontrajequie.com.br\/sobre\/noticias-em-jequie\/#listItem","name":"Not\u00edcias Jequi\u00e9"}},{"@type":"ListItem","@id":"https:\/\/www.encontrajequie.com.br\/sobre\/noticias-em-jequie\/#listItem","position":2,"name":"Not\u00edcias Jequi\u00e9","item":"https:\/\/www.encontrajequie.com.br\/sobre\/noticias-em-jequie\/","nextItem":{"@type":"ListItem","@id":"https:\/\/www.encontrajequie.com.br\/sobre\/jequie-deve-ter-um-dia-de-ceu-nublado-com-pancadas-rapidas-nesta-sexta\/#listItem","name":"Jequi\u00e9 deve ter um dia de c\u00e9u nublado com pancadas r\u00e1pidas nesta sexta"},"previousItem":{"@type":"ListItem","@id":"https:\/\/www.encontrajequie.com.br\/sobre#listItem","name":"Home"}},{"@type":"ListItem","@id":"https:\/\/www.encontrajequie.com.br\/sobre\/jequie-deve-ter-um-dia-de-ceu-nublado-com-pancadas-rapidas-nesta-sexta\/#listItem","position":3,"name":"Jequi\u00e9 deve ter um dia de c\u00e9u nublado com pancadas r\u00e1pidas nesta sexta","previousItem":{"@type":"ListItem","@id":"https:\/\/www.encontrajequie.com.br\/sobre\/noticias-em-jequie\/#listItem","name":"Not\u00edcias Jequi\u00e9"}}]},{"@type":"Organization","@id":"https:\/\/www.encontrajequie.com.br\/sobre\/#organization","name":"Encontra Jequi\u00e9","description":"Not\u00edcias, eventos, informa\u00e7\u00f5es e dicas na cidade de Jequi\u00e9 e regi\u00e3o.","url":"https:\/\/www.encontrajequie.com.br\/sobre\/"},{"@type":"Person","@id":"https:\/\/www.encontrajequie.com.br\/sobre\/author\/ejequie\/#author","url":"https:\/\/www.encontrajequie.com.br\/sobre\/author\/ejequie\/","name":"Encontra Jequi\u00e9","image":{"@type":"ImageObject","@id":"https:\/\/www.encontrajequie.com.br\/sobre\/jequie-deve-ter-um-dia-de-ceu-nublado-com-pancadas-rapidas-nesta-sexta\/#authorImage","url":"https:\/\/secure.gravatar.com\/avatar\/507340682b8270222e1f208e23198b6ae7e2c6a1033ae84e99bc6bce4f82a387?s=96&d=mm&r=g","width":96,"height":96,"caption":"Encontra Jequi\u00e9"}},{"@type":"WebPage","@id":"https:\/\/www.encontrajequie.com.br\/sobre\/jequie-deve-ter-um-dia-de-ceu-nublado-com-pancadas-rapidas-nesta-sexta\/#webpage","url":"https:\/\/www.encontrajequie.com.br\/sobre\/jequie-deve-ter-um-dia-de-ceu-nublado-com-pancadas-rapidas-nesta-sexta\/","name":"Jequi\u00e9 deve ter um dia de c\u00e9u nublado com pancadas r\u00e1pidas nesta sexta | Encontra Jequi\u00e9","description":"Jequi\u00e9 ter\u00e1 um dia de c\u00e9u nublado com pancadas r\u00e1pidas nesta sexta-feira.","inLanguage":"pt-BR","isPartOf":{"@id":"https:\/\/www.encontrajequie.com.br\/sobre\/#website"},"breadcrumb":{"@id":"https:\/\/www.encontrajequie.com.br\/sobre\/jequie-deve-ter-um-dia-de-ceu-nublado-com-pancadas-rapidas-nesta-sexta\/#breadcrumblist"},"author":{"@id":"https:\/\/www.encontrajequie.com.br\/sobre\/author\/ejequie\/#author"},"creator":{"@id":"https:\/\/www.encontrajequie.com.br\/sobre\/author\/ejequie\/#author"},"image":{"@type":"ImageObject","url":"https:\/\/www.encontrajequie.com.br\/sobre\/wp-content\/uploads\/2026\/04\/jequie-deve-ter-um-dia-de-ceu-nublado-com-pancadas-rapidas-nesta-sexta.webp","@id":"https:\/\/www.encontrajequie.com.br\/sobre\/jequie-deve-ter-um-dia-de-ceu-nublado-com-pancadas-rapidas-nesta-sexta\/#mainImage","width":280,"height":280,"caption":"previs\u00e3o do tempo em Jequi\u00e9"},"primaryImageOfPage":{"@id":"https:\/\/www.encontrajequie.com.br\/sobre\/jequie-deve-ter-um-dia-de-ceu-nublado-com-pancadas-rapidas-nesta-sexta\/#mainImage"},"datePublished":"2026-04-25T03:27:39-03:00","dateModified":"2026-04-25T03:27:39-03:00"},{"@type":"WebSite","@id":"https:\/\/www.encontrajequie.com.br\/sobre\/#website","url":"https:\/\/www.encontrajequie.com.br\/sobre\/","name":"Encontra Jequi\u00e9","description":"Not\u00edcias, eventos, informa\u00e7\u00f5es e dicas na cidade de Jequi\u00e9 e regi\u00e3o.","inLanguage":"pt-BR","publisher":{"@id":"https:\/\/www.encontrajequie.com.br\/sobre\/#organization"}}]},"og:locale":"pt_BR","og:site_name":"Encontra Jequi\u00e9 | Not\u00edcias, eventos, informa\u00e7\u00f5es e dicas na cidade de Jequi\u00e9 e regi\u00e3o.","og:type":"article","og:title":"Jequi\u00e9 deve ter um dia de c\u00e9u nublado com pancadas r\u00e1pidas nesta sexta | Encontra Jequi\u00e9","og:description":"Jequi\u00e9 ter\u00e1 um dia de c\u00e9u nublado com pancadas r\u00e1pidas nesta sexta-feira.","og:url":"https:\/\/www.encontrajequie.com.br\/sobre\/jequie-deve-ter-um-dia-de-ceu-nublado-com-pancadas-rapidas-nesta-sexta\/","article:published_time":"2026-04-25T06:27:39+00:00","article:modified_time":"2026-04-25T06:27:39+00:00","twitter:card":"summary_large_image","twitter:title":"Jequi\u00e9 deve ter um dia de c\u00e9u nublado com pancadas r\u00e1pidas nesta sexta | Encontra Jequi\u00e9","twitter:description":"Jequi\u00e9 ter\u00e1 um dia de c\u00e9u nublado com pancadas r\u00e1pidas nesta sexta-feira."},"aioseo_meta_data":{"post_id":"1050","title":null,"description":null,"keywords":null,"keyphrases":null,"primary_term":null,"canonical_url":null,"og_title":null,"og_description":null,"og_object_type":"default","og_image_type":"default","og_image_url":null,"og_image_width":null,"og_image_height":null,"og_image_custom_url":null,"og_image_custom_fields":null,"og_video":null,"og_custom_url":null,"og_article_section":null,"og_article_tags":null,"twitter_use_og":false,"twitter_card":"default","twitter_image_type":"default","twitter_image_url":null,"twitter_image_custom_url":null,"twitter_image_custom_fields":null,"twitter_title":null,"twitter_description":null,"schema":{"blockGraphs":[],"customGraphs":[],"default":{"data":{"Article":[],"Course":[],"Dataset":[],"FAQPage":[],"Movie":[],"Person":[],"Product":[],"ProductReview":[],"Car":[],"Recipe":[],"Service":[],"SoftwareApplication":[],"WebPage":[]},"graphName":"Article","isEnabled":true},"graphs":[]},"schema_type":"default","schema_type_options":null,"pillar_content":false,"robots_default":true,"robots_noindex":false,"robots_noarchive":false,"robots_nosnippet":false,"robots_nofollow":false,"robots_noimageindex":false,"robots_noodp":false,"robots_notranslate":false,"robots_max_snippet":null,"robots_max_videopreview":null,"robots_max_imagepreview":"large","priority":null,"frequency":null,"local_seo":null,"breadcrumb_settings":null,"limit_modified_date":false,"ai":null,"created":"2026-04-25 06:27:43","updated":"2026-04-25 06:31:54","focus_keyword":null,"additional_keywords":null,"truseo_locale":null,"seo_analyzer_scan_date":null},"aioseo_breadcrumb":"<div class=\"aioseo-breadcrumbs\"><span class=\"aioseo-breadcrumb\">\n\t\t\t<a href=\"https:\/\/www.encontrajequie.com.br\/sobre\" title=\"Home\">Home<\/a>\n\t\t<\/span><span class=\"aioseo-breadcrumb-separator\">&raquo;<\/span><span class=\"aioseo-breadcrumb\">\n\t\t\t<a href=\"https:\/\/www.encontrajequie.com.br\/sobre\/noticias-em-jequie\/\" title=\"Not\u00edcias Jequi\u00e9\">Not\u00edcias Jequi\u00e9<\/a>\n\t\t<\/span><span class=\"aioseo-breadcrumb-separator\">&raquo;<\/span><span class=\"aioseo-breadcrumb\">\n\t\t\tJequi\u00e9 deve ter um dia de c\u00e9u nublado com pancadas r\u00e1pidas nesta sexta\n\t\t<\/span><\/div>","aioseo_breadcrumb_json":[{"label":"Home","link":"https:\/\/www.encontrajequie.com.br\/sobre"},{"label":"Not\u00edcias Jequi\u00e9","link":"https:\/\/www.encontrajequie.com.br\/sobre\/noticias-em-jequie\/"},{"label":"Jequi\u00e9 deve ter um dia de c\u00e9u nublado com pancadas r\u00e1pidas nesta sexta","link":"https:\/\/www.encontrajequie.com.br\/sobre\/jequie-deve-ter-um-dia-de-ceu-nublado-com-pancadas-rapidas-nesta-sexta\/"}],"_links":{"self":[{"href":"https:\/\/www.encontrajequie.com.br\/sobre\/wp-json\/wp\/v2\/posts\/1050","targetHints":{"allow":["GET"]}}],"collection":[{"href":"https:\/\/www.encontrajequie.com.br\/sobre\/wp-json\/wp\/v2\/posts"}],"about":[{"href":"https:\/\/www.encontrajequie.com.br\/sobre\/wp-json\/wp\/v2\/types\/post"}],"author":[{"embeddable":true,"href":"https:\/\/www.encontrajequie.com.br\/sobre\/wp-json\/wp\/v2\/users\/1"}],"replies":[{"embeddable":true,"href":"https:\/\/www.encontrajequie.com.br\/sobre\/wp-json\/wp\/v2\/comments?post=1050"}],"version-history":[{"count":0,"href":"https:\/\/www.encontrajequie.com.br\/sobre\/wp-json\/wp\/v2\/posts\/1050\/revisions"}],"wp:featuredmedia":[{"embeddable":true,"href":"https:\/\/www.encontrajequie.com.br\/sobre\/wp-json\/wp\/v2\/media\/1049"}],"wp:attachment":[{"href":"https:\/\/www.encontrajequie.com.br\/sobre\/wp-json\/wp\/v2\/media?parent=1050"}],"wp:term":[{"taxonomy":"category","embeddable":true,"href":"https:\/\/www.encontrajequie.com.br\/sobre\/wp-json\/wp\/v2\/categories?post=1050"},{"taxonomy":"post_tag","embeddable":true,"href":"https:\/\/www.encontrajequie.com.br\/sobre\/wp-json\/wp\/v2\/tags?post=1050"}],"curies":[{"name":"wp","href":"https:\/\/api.w.org\/{rel}","templated":true}]}}