{"id":1054,"date":"2026-04-26T03:27:35","date_gmt":"2026-04-26T06:27:35","guid":{"rendered":"https:\/\/www.encontrajequie.com.br\/sobre\/prefeitura-de-jequie-divulga-relacao-de-artistas-e-grupos-culturais-aptos-ao-cadastro-de-reserva-artistico-do-sao-joao-de-jequie-2026\/"},"modified":"2026-04-26T03:27:35","modified_gmt":"2026-04-26T06:27:35","slug":"prefeitura-de-jequie-divulga-relacao-de-artistas-e-grupos-culturais-aptos-ao-cadastro-de-reserva-artistico-do-sao-joao-de-jequie-2026","status":"publish","type":"post","link":"https:\/\/www.encontrajequie.com.br\/sobre\/prefeitura-de-jequie-divulga-relacao-de-artistas-e-grupos-culturais-aptos-ao-cadastro-de-reserva-artistico-do-sao-joao-de-jequie-2026\/","title":{"rendered":"Prefeitura de Jequi\u00e9 divulga rela\u00e7\u00e3o de artistas e grupos culturais aptos ao cadastro de reserva art\u00edstico do S\u00e3o Jo\u00e3o de Jequi\u00e9 2026"},"content":{"rendered":"<div class=\"30cf832dc5940d4704f66d0ed9a44050\" data-index=\"1\" style=\"float: none; margin:0px;\">\n<!-- Anuncio display - global -->\r\n<ins class=\"adsbygoogle\"\r\n     style=\"display:block\"\r\n     data-ad-client=\"ca-pub-8585364105181520\"\r\n     data-ad-slot=\"8789329856\"\r\n     data-ad-format=\"auto\"\r\n     data-full-width-responsive=\"true\"><\/ins>\r\n<script>\r\n     (adsbygoogle = window.adsbygoogle || []).push({});\r\n<\/script>\n<\/div>\n<h2>Rela\u00e7\u00e3o de Artistas e Grupos Culturais para o Cadastro de Reserva Art\u00edstico do S\u00e3o Jo\u00e3o de Jequi\u00e9 2026<\/h2>\n<p>A Prefeitura Municipal de Jequi\u00e9, por meio da Secretaria de Cultura e Turismo, divulgou no Di\u00e1rio Oficial do munic\u00edpio, na sexta-feira, 17 de abril, a lista de artistas e grupos culturais que foram habilitados para integrar o Cadastro de Reserva Art\u00edstico para o S\u00e3o Jo\u00e3o de Jequi\u00e9 2026. Esta a\u00e7\u00e3o demonstra o empenho da gest\u00e3o em promover e valorizar as express\u00f5es culturais locais, garantindo que o festival ofere\u00e7a uma programa\u00e7\u00e3o diversa e de qualidade.<\/p>\n<h2>Conhe\u00e7a a Lista de Artistas Credenciados<\/h2>\n<p>Os profissionais que est\u00e3o na lista foram avaliados a partir de crit\u00e9rios definidos para assegurar a qualidade e a representatividade cultural. Estes artistas e coletivos est\u00e3o agora dispon\u00edveis para serem consultados pela equipe envolvida na organiza\u00e7\u00e3o do evento. Os interessados podem verificar a lista completa no edital dispon\u00edvel.<\/p>\n<h2>Import\u00e2ncia da Diversidade Cultural no S\u00e3o Jo\u00e3o<\/h2>\n<p>A valoriza\u00e7\u00e3o da diversidade cultural \u00e9 fundamental para o sucesso do S\u00e3o Jo\u00e3o de Jequi\u00e9. O festival n\u00e3o \u00e9 apenas uma celebra\u00e7\u00e3o das tradi\u00e7\u00f5es, mas tamb\u00e9m uma plataforma para novas cria\u00e7\u00f5es e inova\u00e7\u00f5es art\u00edsticas. Ao incluir m\u00faltiplas vozes e estilos, o evento se torna mais inclusivo, refletindo a rica tape\u00e7aria cultural da regi\u00e3o.<\/p>\n<p><img decoding=\"async\" src=\"https:\/\/www.encontrajequie.com.br\/sobre\/wp-content\/uploads\/2026\/04\/prefeitura-de-jequie-divulga-relacao-de-artistas-e-grupos-culturais-aptos-ao-cadastro-de-reserva-art.webp\" alt=\"Cadastro de Reserva Art\u00edstico S\u00e3o Jo\u00e3o de Jequi\u00e9 2026\" loading=\"lazy\" \/><\/p>\n<h2>Crit\u00e9rios para o Cadastro de Reserva Art\u00edstico<\/h2>\n<p>A an\u00e1lise para inclus\u00e3o no Cadastro de Reserva Art\u00edstico considera uma s\u00e9rie de requisitos estabelecidos pela Secretaria de Cultura e Turismo, que incluem:<\/p>\n<ul>\n<li><strong>Documenta\u00e7\u00e3o Completa:<\/strong> Todos os artistas devem apresentar a documenta\u00e7\u00e3o exigida para valida\u00e7\u00e3o de atua\u00e7\u00e3o.<\/li>\n<li><strong>Experi\u00eancia Comprovada:<\/strong> \u00c9 necess\u00e1rio comprovar participa\u00e7\u00e3o em eventos culturais anteriormente.<\/li>\n<li><strong>Representatividade:<\/strong> A diversidade em rela\u00e7\u00e3o a g\u00eaneros, etnias e estilos art\u00edsticos \u00e9 valorizada.<\/li>\n<\/ul>\n<h2>Como Funciona o Processo de Credenciamento<\/h2>\n<p>O processo de credenciamento \u00e9 realizado em etapas. Inicialmente, os artistas interessam-se em participar e submetem suas propostas. A Secretaria de Cultura e Turismo coordena a an\u00e1lise das documenta\u00e7\u00f5es e a valida\u00e7\u00e3o dos profissionais que cumprem os requisitos estabelecidos. Uma vez aprovado, o artista \u00e9 inclu\u00eddo na lista do Cadastro de Reserva Art\u00edstico, permitindo que sua obra possa ser considerada para o evento.<\/p>\n<h2>Prazos e Etapas do Cadastro de Artistas<\/h2>\n<p>A divulga\u00e7\u00e3o dos prazos e etapas do Cadastro de Reserva Art\u00edstico \u00e9 essencial para a transpar\u00eancia do processo. A seguir, veja as principais datas:<\/p>\n<ul>\n<li><strong>Inscri\u00e7\u00f5es Abertas:<\/strong> O per\u00edodo para submiss\u00e3o de propostas foi aberto a partir de janeiro de 2026.<\/li>\n<li><strong>Prazo para Documenta\u00e7\u00e3o:<\/strong> Todos os documentos deveriam ser enviados at\u00e9 mar\u00e7o de 2026.<\/li>\n<li><strong>Divulga\u00e7\u00e3o da Lista:<\/strong> A lista dos artistas credenciados foi publicada em abril de 2026.<\/li>\n<\/ul>\n<h2>Transpar\u00eancia e Acesso \u00e0 Informa\u00e7\u00e3o<\/h2>\n<p>A Prefeitura de Jequi\u00e9 prima pela transpar\u00eancia em seus processos. A disponibiliza\u00e7\u00e3o da lista dos artistas credenciados e de toda a documenta\u00e7\u00e3o referente ao credenciamento est\u00e1 acess\u00edvel no site da prefeitura. Isso garante que todos os interessados possam acompanhar o andamento do processo e entender melhor os crit\u00e9rios e decis\u00f5es tomadas pela Secretaria de Cultura e Turismo.<\/p>\n<h2>A Curadoria das Atra\u00e7\u00f5es do Evento<\/h2>\n<p>A responsabilidade pela sele\u00e7\u00e3o das atra\u00e7\u00f5es que participar\u00e3o do S\u00e3o Jo\u00e3o de Jequi\u00e9 2026 recai sobre a equipe de produ\u00e7\u00e3o do evento. Essa equipe far\u00e1 a an\u00e1lise da lista de artistas credenciados, buscando formar uma programa\u00e7\u00e3o que atenda \u00e0 diversidade de p\u00fablico e promova experi\u00eancias memor\u00e1veis. O objetivo \u00e9 n\u00e3o apenas garantir a qualidade das performances, mas tamb\u00e9m assegurar que diferentes estilos e tradi\u00e7\u00f5es estejam representados.<\/p>\n<h2>Apostando na Cultura Local<\/h2>\n<p>A promo\u00e7\u00e3o do S\u00e3o Jo\u00e3o vai al\u00e9m do entretenimento, sendo uma oportunidade para alavancar a economia local e fortalecer a identidade cultural. Ao apoiar os artistas locais, a Prefeitura estimula o reconhecimento das tradi\u00e7\u00f5es e amplia o acesso \u00e0 cultura para todos os cidad\u00e3os. Isso contribui para o fortalecimento da comunidade e a valoriza\u00e7\u00e3o da diversidade cultural como um todo.<\/p>\n<h2>Hist\u00f3ria do S\u00e3o Jo\u00e3o em Jequi\u00e9<\/h2>\n<p>O S\u00e3o Jo\u00e3o de Jequi\u00e9 possui uma tradi\u00e7\u00e3o rica e enraizada na cultura local. Este evento festivo, que re\u00fane toda a comunidade, representa uma oportunidade para celebrar as origens, as dan\u00e7as, os ritmos e a culin\u00e1ria t\u00edpica da regi\u00e3o. Ao longo dos anos, o festival evoluiu, incorporando novas express\u00f5es art\u00edsticas e aprimorando sua programa\u00e7\u00e3o, sempre respeitando as suas ra\u00edzes.<\/p>\n<h2>Pr\u00f3ximos Passos para o Evento<\/h2>\n<p>Com a lista de artistas credenciados publicada, o pr\u00f3ximo passo envolve a constru\u00e7\u00e3o da grade de programa\u00e7\u00e3o para o S\u00e3o Jo\u00e3o 2026. A equipe de produ\u00e7\u00e3o come\u00e7ar\u00e1 a se reunir, discutindo as melhores combina\u00e7\u00f5es de artistas e grupos para garantir um evento vibrante e diversificado. Estar atento ao feedback da comunidade e aos anseios culturais da popula\u00e7\u00e3o ser\u00e1 fundamental para fazer deste um evento memor\u00e1vel.<\/p>\n<p>O compromisso da Prefeitura de Jequi\u00e9 com a cultura e o entretenimento \u00e9 uma demonstra\u00e7\u00e3o clara de seu papel como guardi\u00e3 da identidade cultural local. As expectativas s\u00e3o altas para o S\u00e3o Jo\u00e3o de Jequi\u00e9 2026, que promete oferecer uma celebra\u00e7\u00e3o repleta de m\u00fasica, dan\u00e7as e os encantos das tradi\u00e7\u00f5es juninas da Bahia.<\/p>\n<p>**Confira a \u00edntegra do Edital de Credenciamento N\u00ba 01\/2026, relativo ao cadastro de reserva art\u00edstico S\u00e3o Jo\u00e3o de Jequi\u00e9 2026:**<\/p>\n<p><strong>[CLIQUE AQUI E CONFIRA A LISTA DO CADASTRO RESERVA](https:\/\/www.jequie.ba.gov.br\/storage\/files\/1776888698-CADASTRO%20RESERVA%20.pdf)**<\/p>\n\n<div style=\"font-size: 0px; height: 0px; line-height: 0px; margin: 0; padding: 0; clear: both;\"><\/div>","protected":false},"excerpt":{"rendered":"<p>S\u00e3o Jo\u00e3o de Jequi\u00e9 2026 traz lista de artistas e grupos culturais credenciados para o evento.<\/p>\n","protected":false},"author":1,"featured_media":1053,"comment_status":"open","ping_status":"closed","sticky":false,"template":"","format":"standard","meta":{"footnotes":""},"categories":[1],"tags":[],"class_list":["post-1054","post","type-post","status-publish","format-standard","has-post-thumbnail","hentry","category-noticias-em-jequie","has_thumb"],"aioseo_notices":[],"aioseo_head":"\n\t\t<!-- All in One SEO 5.0.0.1 - aioseo.com -->\n\t<meta name=\"description\" content=\"S\u00e3o Jo\u00e3o de Jequi\u00e9 2026 traz lista de artistas e grupos culturais credenciados para o evento.\" \/>\n\t<meta name=\"robots\" content=\"max-image-preview:large\" \/>\n\t<meta name=\"author\" content=\"Encontra Jequi\u00e9\"\/>\n\t<link rel=\"canonical\" href=\"https:\/\/www.encontrajequie.com.br\/sobre\/prefeitura-de-jequie-divulga-relacao-de-artistas-e-grupos-culturais-aptos-ao-cadastro-de-reserva-artistico-do-sao-joao-de-jequie-2026\/\" \/>\n\t<meta name=\"generator\" content=\"All in One SEO (AIOSEO) 5.0.0.1\" \/>\n\t\t<meta property=\"og:locale\" content=\"pt_BR\" \/>\n\t\t<meta property=\"og:site_name\" content=\"Encontra Jequi\u00e9 | Not\u00edcias, eventos, informa\u00e7\u00f5es e dicas na cidade de Jequi\u00e9 e regi\u00e3o.\" \/>\n\t\t<meta property=\"og:type\" content=\"article\" \/>\n\t\t<meta property=\"og:title\" content=\"Prefeitura de Jequi\u00e9 divulga rela\u00e7\u00e3o de artistas e grupos culturais aptos ao cadastro de reserva art\u00edstico do S\u00e3o Jo\u00e3o de Jequi\u00e9 2026 | Encontra Jequi\u00e9\" \/>\n\t\t<meta property=\"og:description\" content=\"S\u00e3o Jo\u00e3o de Jequi\u00e9 2026 traz lista de artistas e grupos culturais credenciados para o evento.\" \/>\n\t\t<meta property=\"og:url\" content=\"https:\/\/www.encontrajequie.com.br\/sobre\/prefeitura-de-jequie-divulga-relacao-de-artistas-e-grupos-culturais-aptos-ao-cadastro-de-reserva-artistico-do-sao-joao-de-jequie-2026\/\" \/>\n\t\t<meta property=\"article:published_time\" content=\"2026-04-26T06:27:35+00:00\" \/>\n\t\t<meta property=\"article:modified_time\" content=\"2026-04-26T06:27:35+00:00\" \/>\n\t\t<meta name=\"twitter:card\" content=\"summary_large_image\" \/>\n\t\t<meta name=\"twitter:title\" content=\"Prefeitura de Jequi\u00e9 divulga rela\u00e7\u00e3o de artistas e grupos culturais aptos ao cadastro de reserva art\u00edstico do S\u00e3o Jo\u00e3o de Jequi\u00e9 2026 | Encontra Jequi\u00e9\" \/>\n\t\t<meta name=\"twitter:description\" content=\"S\u00e3o Jo\u00e3o de Jequi\u00e9 2026 traz lista de artistas e grupos culturais credenciados para o evento.\" \/>\n\t\t<script type=\"application\/ld+json\" class=\"aioseo-schema\">\n\t\t\t{\"@context\":\"https:\\\/\\\/schema.org\",\"@graph\":[{\"@type\":\"Article\",\"@id\":\"https:\\\/\\\/www.encontrajequie.com.br\\\/sobre\\\/prefeitura-de-jequie-divulga-relacao-de-artistas-e-grupos-culturais-aptos-ao-cadastro-de-reserva-artistico-do-sao-joao-de-jequie-2026\\\/#article\",\"name\":\"Prefeitura de Jequi\\u00e9 divulga rela\\u00e7\\u00e3o de artistas e grupos culturais aptos ao cadastro de reserva art\\u00edstico do S\\u00e3o Jo\\u00e3o de Jequi\\u00e9 2026 | Encontra Jequi\\u00e9\",\"headline\":\"Prefeitura de Jequi\\u00e9 divulga rela\\u00e7\\u00e3o de artistas e grupos culturais aptos ao cadastro de reserva art\\u00edstico do S\\u00e3o Jo\\u00e3o de Jequi\\u00e9 2026\",\"author\":{\"@id\":\"https:\\\/\\\/www.encontrajequie.com.br\\\/sobre\\\/author\\\/ejequie\\\/#author\"},\"publisher\":{\"@id\":\"https:\\\/\\\/www.encontrajequie.com.br\\\/sobre\\\/#organization\"},\"image\":{\"@type\":\"ImageObject\",\"url\":\"https:\\\/\\\/www.encontrajequie.com.br\\\/sobre\\\/wp-content\\\/uploads\\\/2026\\\/04\\\/prefeitura-de-jequie-divulga-relacao-de-artistas-e-grupos-culturais-aptos-ao-cadastro-de-reserva-art.webp\",\"width\":280,\"height\":280,\"caption\":\"Cadastro de Reserva Art\\u00edstico S\\u00e3o Jo\\u00e3o de Jequi\\u00e9 2026\"},\"datePublished\":\"2026-04-26T03:27:35-03:00\",\"dateModified\":\"2026-04-26T03:27:35-03:00\",\"inLanguage\":\"pt-BR\",\"mainEntityOfPage\":{\"@id\":\"https:\\\/\\\/www.encontrajequie.com.br\\\/sobre\\\/prefeitura-de-jequie-divulga-relacao-de-artistas-e-grupos-culturais-aptos-ao-cadastro-de-reserva-artistico-do-sao-joao-de-jequie-2026\\\/#webpage\"},\"isPartOf\":{\"@id\":\"https:\\\/\\\/www.encontrajequie.com.br\\\/sobre\\\/prefeitura-de-jequie-divulga-relacao-de-artistas-e-grupos-culturais-aptos-ao-cadastro-de-reserva-artistico-do-sao-joao-de-jequie-2026\\\/#webpage\"},\"articleSection\":\"Not\\u00edcias Jequi\\u00e9\"},{\"@type\":\"BreadcrumbList\",\"@id\":\"https:\\\/\\\/www.encontrajequie.com.br\\\/sobre\\\/prefeitura-de-jequie-divulga-relacao-de-artistas-e-grupos-culturais-aptos-ao-cadastro-de-reserva-artistico-do-sao-joao-de-jequie-2026\\\/#breadcrumblist\",\"itemListElement\":[{\"@type\":\"ListItem\",\"@id\":\"https:\\\/\\\/www.encontrajequie.com.br\\\/sobre#listItem\",\"position\":1,\"name\":\"Home\",\"item\":\"https:\\\/\\\/www.encontrajequie.com.br\\\/sobre\",\"nextItem\":{\"@type\":\"ListItem\",\"@id\":\"https:\\\/\\\/www.encontrajequie.com.br\\\/sobre\\\/noticias-em-jequie\\\/#listItem\",\"name\":\"Not\\u00edcias Jequi\\u00e9\"}},{\"@type\":\"ListItem\",\"@id\":\"https:\\\/\\\/www.encontrajequie.com.br\\\/sobre\\\/noticias-em-jequie\\\/#listItem\",\"position\":2,\"name\":\"Not\\u00edcias Jequi\\u00e9\",\"item\":\"https:\\\/\\\/www.encontrajequie.com.br\\\/sobre\\\/noticias-em-jequie\\\/\",\"nextItem\":{\"@type\":\"ListItem\",\"@id\":\"https:\\\/\\\/www.encontrajequie.com.br\\\/sobre\\\/prefeitura-de-jequie-divulga-relacao-de-artistas-e-grupos-culturais-aptos-ao-cadastro-de-reserva-artistico-do-sao-joao-de-jequie-2026\\\/#listItem\",\"name\":\"Prefeitura de Jequi\\u00e9 divulga rela\\u00e7\\u00e3o de artistas e grupos culturais aptos ao cadastro de reserva art\\u00edstico do S\\u00e3o Jo\\u00e3o de Jequi\\u00e9 2026\"},\"previousItem\":{\"@type\":\"ListItem\",\"@id\":\"https:\\\/\\\/www.encontrajequie.com.br\\\/sobre#listItem\",\"name\":\"Home\"}},{\"@type\":\"ListItem\",\"@id\":\"https:\\\/\\\/www.encontrajequie.com.br\\\/sobre\\\/prefeitura-de-jequie-divulga-relacao-de-artistas-e-grupos-culturais-aptos-ao-cadastro-de-reserva-artistico-do-sao-joao-de-jequie-2026\\\/#listItem\",\"position\":3,\"name\":\"Prefeitura de Jequi\\u00e9 divulga rela\\u00e7\\u00e3o de artistas e grupos culturais aptos ao cadastro de reserva art\\u00edstico do S\\u00e3o Jo\\u00e3o de Jequi\\u00e9 2026\",\"previousItem\":{\"@type\":\"ListItem\",\"@id\":\"https:\\\/\\\/www.encontrajequie.com.br\\\/sobre\\\/noticias-em-jequie\\\/#listItem\",\"name\":\"Not\\u00edcias Jequi\\u00e9\"}}]},{\"@type\":\"Organization\",\"@id\":\"https:\\\/\\\/www.encontrajequie.com.br\\\/sobre\\\/#organization\",\"name\":\"Encontra Jequi\\u00e9\",\"description\":\"Not\\u00edcias, eventos, informa\\u00e7\\u00f5es e dicas na cidade de Jequi\\u00e9 e regi\\u00e3o.\",\"url\":\"https:\\\/\\\/www.encontrajequie.com.br\\\/sobre\\\/\"},{\"@type\":\"Person\",\"@id\":\"https:\\\/\\\/www.encontrajequie.com.br\\\/sobre\\\/author\\\/ejequie\\\/#author\",\"url\":\"https:\\\/\\\/www.encontrajequie.com.br\\\/sobre\\\/author\\\/ejequie\\\/\",\"name\":\"Encontra Jequi\\u00e9\",\"image\":{\"@type\":\"ImageObject\",\"@id\":\"https:\\\/\\\/www.encontrajequie.com.br\\\/sobre\\\/prefeitura-de-jequie-divulga-relacao-de-artistas-e-grupos-culturais-aptos-ao-cadastro-de-reserva-artistico-do-sao-joao-de-jequie-2026\\\/#authorImage\",\"url\":\"https:\\\/\\\/secure.gravatar.com\\\/avatar\\\/507340682b8270222e1f208e23198b6ae7e2c6a1033ae84e99bc6bce4f82a387?s=96&d=mm&r=g\",\"width\":96,\"height\":96,\"caption\":\"Encontra Jequi\\u00e9\"}},{\"@type\":\"WebPage\",\"@id\":\"https:\\\/\\\/www.encontrajequie.com.br\\\/sobre\\\/prefeitura-de-jequie-divulga-relacao-de-artistas-e-grupos-culturais-aptos-ao-cadastro-de-reserva-artistico-do-sao-joao-de-jequie-2026\\\/#webpage\",\"url\":\"https:\\\/\\\/www.encontrajequie.com.br\\\/sobre\\\/prefeitura-de-jequie-divulga-relacao-de-artistas-e-grupos-culturais-aptos-ao-cadastro-de-reserva-artistico-do-sao-joao-de-jequie-2026\\\/\",\"name\":\"Prefeitura de Jequi\\u00e9 divulga rela\\u00e7\\u00e3o de artistas e grupos culturais aptos ao cadastro de reserva art\\u00edstico do S\\u00e3o Jo\\u00e3o de Jequi\\u00e9 2026 | Encontra Jequi\\u00e9\",\"description\":\"S\\u00e3o Jo\\u00e3o de Jequi\\u00e9 2026 traz lista de artistas e grupos culturais credenciados para o evento.\",\"inLanguage\":\"pt-BR\",\"isPartOf\":{\"@id\":\"https:\\\/\\\/www.encontrajequie.com.br\\\/sobre\\\/#website\"},\"breadcrumb\":{\"@id\":\"https:\\\/\\\/www.encontrajequie.com.br\\\/sobre\\\/prefeitura-de-jequie-divulga-relacao-de-artistas-e-grupos-culturais-aptos-ao-cadastro-de-reserva-artistico-do-sao-joao-de-jequie-2026\\\/#breadcrumblist\"},\"author\":{\"@id\":\"https:\\\/\\\/www.encontrajequie.com.br\\\/sobre\\\/author\\\/ejequie\\\/#author\"},\"creator\":{\"@id\":\"https:\\\/\\\/www.encontrajequie.com.br\\\/sobre\\\/author\\\/ejequie\\\/#author\"},\"image\":{\"@type\":\"ImageObject\",\"url\":\"https:\\\/\\\/www.encontrajequie.com.br\\\/sobre\\\/wp-content\\\/uploads\\\/2026\\\/04\\\/prefeitura-de-jequie-divulga-relacao-de-artistas-e-grupos-culturais-aptos-ao-cadastro-de-reserva-art.webp\",\"@id\":\"https:\\\/\\\/www.encontrajequie.com.br\\\/sobre\\\/prefeitura-de-jequie-divulga-relacao-de-artistas-e-grupos-culturais-aptos-ao-cadastro-de-reserva-artistico-do-sao-joao-de-jequie-2026\\\/#mainImage\",\"width\":280,\"height\":280,\"caption\":\"Cadastro de Reserva Art\\u00edstico S\\u00e3o Jo\\u00e3o de Jequi\\u00e9 2026\"},\"primaryImageOfPage\":{\"@id\":\"https:\\\/\\\/www.encontrajequie.com.br\\\/sobre\\\/prefeitura-de-jequie-divulga-relacao-de-artistas-e-grupos-culturais-aptos-ao-cadastro-de-reserva-artistico-do-sao-joao-de-jequie-2026\\\/#mainImage\"},\"datePublished\":\"2026-04-26T03:27:35-03:00\",\"dateModified\":\"2026-04-26T03:27:35-03:00\"},{\"@type\":\"WebSite\",\"@id\":\"https:\\\/\\\/www.encontrajequie.com.br\\\/sobre\\\/#website\",\"url\":\"https:\\\/\\\/www.encontrajequie.com.br\\\/sobre\\\/\",\"name\":\"Encontra Jequi\\u00e9\",\"description\":\"Not\\u00edcias, eventos, informa\\u00e7\\u00f5es e dicas na cidade de Jequi\\u00e9 e regi\\u00e3o.\",\"inLanguage\":\"pt-BR\",\"publisher\":{\"@id\":\"https:\\\/\\\/www.encontrajequie.com.br\\\/sobre\\\/#organization\"}}]}\n\t\t<\/script>\n\t\t<!-- All in One SEO -->\n\n","aioseo_head_json":{"title":"Prefeitura de Jequi\u00e9 divulga rela\u00e7\u00e3o de artistas e grupos culturais aptos ao cadastro de reserva art\u00edstico do S\u00e3o Jo\u00e3o de Jequi\u00e9 2026 | Encontra Jequi\u00e9","description":"S\u00e3o Jo\u00e3o de Jequi\u00e9 2026 traz lista de artistas e grupos culturais credenciados para o evento.","canonical_url":"https:\/\/www.encontrajequie.com.br\/sobre\/prefeitura-de-jequie-divulga-relacao-de-artistas-e-grupos-culturais-aptos-ao-cadastro-de-reserva-artistico-do-sao-joao-de-jequie-2026\/","robots":"max-image-preview:large","keywords":"","webmasterTools":{"miscellaneous":""},"schema":{"@context":"https:\/\/schema.org","@graph":[{"@type":"Article","@id":"https:\/\/www.encontrajequie.com.br\/sobre\/prefeitura-de-jequie-divulga-relacao-de-artistas-e-grupos-culturais-aptos-ao-cadastro-de-reserva-artistico-do-sao-joao-de-jequie-2026\/#article","name":"Prefeitura de Jequi\u00e9 divulga rela\u00e7\u00e3o de artistas e grupos culturais aptos ao cadastro de reserva art\u00edstico do S\u00e3o Jo\u00e3o de Jequi\u00e9 2026 | Encontra Jequi\u00e9","headline":"Prefeitura de Jequi\u00e9 divulga rela\u00e7\u00e3o de artistas e grupos culturais aptos ao cadastro de reserva art\u00edstico do S\u00e3o Jo\u00e3o de Jequi\u00e9 2026","author":{"@id":"https:\/\/www.encontrajequie.com.br\/sobre\/author\/ejequie\/#author"},"publisher":{"@id":"https:\/\/www.encontrajequie.com.br\/sobre\/#organization"},"image":{"@type":"ImageObject","url":"https:\/\/www.encontrajequie.com.br\/sobre\/wp-content\/uploads\/2026\/04\/prefeitura-de-jequie-divulga-relacao-de-artistas-e-grupos-culturais-aptos-ao-cadastro-de-reserva-art.webp","width":280,"height":280,"caption":"Cadastro de Reserva Art\u00edstico S\u00e3o Jo\u00e3o de Jequi\u00e9 2026"},"datePublished":"2026-04-26T03:27:35-03:00","dateModified":"2026-04-26T03:27:35-03:00","inLanguage":"pt-BR","mainEntityOfPage":{"@id":"https:\/\/www.encontrajequie.com.br\/sobre\/prefeitura-de-jequie-divulga-relacao-de-artistas-e-grupos-culturais-aptos-ao-cadastro-de-reserva-artistico-do-sao-joao-de-jequie-2026\/#webpage"},"isPartOf":{"@id":"https:\/\/www.encontrajequie.com.br\/sobre\/prefeitura-de-jequie-divulga-relacao-de-artistas-e-grupos-culturais-aptos-ao-cadastro-de-reserva-artistico-do-sao-joao-de-jequie-2026\/#webpage"},"articleSection":"Not\u00edcias Jequi\u00e9"},{"@type":"BreadcrumbList","@id":"https:\/\/www.encontrajequie.com.br\/sobre\/prefeitura-de-jequie-divulga-relacao-de-artistas-e-grupos-culturais-aptos-ao-cadastro-de-reserva-artistico-do-sao-joao-de-jequie-2026\/#breadcrumblist","itemListElement":[{"@type":"ListItem","@id":"https:\/\/www.encontrajequie.com.br\/sobre#listItem","position":1,"name":"Home","item":"https:\/\/www.encontrajequie.com.br\/sobre","nextItem":{"@type":"ListItem","@id":"https:\/\/www.encontrajequie.com.br\/sobre\/noticias-em-jequie\/#listItem","name":"Not\u00edcias Jequi\u00e9"}},{"@type":"ListItem","@id":"https:\/\/www.encontrajequie.com.br\/sobre\/noticias-em-jequie\/#listItem","position":2,"name":"Not\u00edcias Jequi\u00e9","item":"https:\/\/www.encontrajequie.com.br\/sobre\/noticias-em-jequie\/","nextItem":{"@type":"ListItem","@id":"https:\/\/www.encontrajequie.com.br\/sobre\/prefeitura-de-jequie-divulga-relacao-de-artistas-e-grupos-culturais-aptos-ao-cadastro-de-reserva-artistico-do-sao-joao-de-jequie-2026\/#listItem","name":"Prefeitura de Jequi\u00e9 divulga rela\u00e7\u00e3o de artistas e grupos culturais aptos ao cadastro de reserva art\u00edstico do S\u00e3o Jo\u00e3o de Jequi\u00e9 2026"},"previousItem":{"@type":"ListItem","@id":"https:\/\/www.encontrajequie.com.br\/sobre#listItem","name":"Home"}},{"@type":"ListItem","@id":"https:\/\/www.encontrajequie.com.br\/sobre\/prefeitura-de-jequie-divulga-relacao-de-artistas-e-grupos-culturais-aptos-ao-cadastro-de-reserva-artistico-do-sao-joao-de-jequie-2026\/#listItem","position":3,"name":"Prefeitura de Jequi\u00e9 divulga rela\u00e7\u00e3o de artistas e grupos culturais aptos ao cadastro de reserva art\u00edstico do S\u00e3o Jo\u00e3o de Jequi\u00e9 2026","previousItem":{"@type":"ListItem","@id":"https:\/\/www.encontrajequie.com.br\/sobre\/noticias-em-jequie\/#listItem","name":"Not\u00edcias Jequi\u00e9"}}]},{"@type":"Organization","@id":"https:\/\/www.encontrajequie.com.br\/sobre\/#organization","name":"Encontra Jequi\u00e9","description":"Not\u00edcias, eventos, informa\u00e7\u00f5es e dicas na cidade de Jequi\u00e9 e regi\u00e3o.","url":"https:\/\/www.encontrajequie.com.br\/sobre\/"},{"@type":"Person","@id":"https:\/\/www.encontrajequie.com.br\/sobre\/author\/ejequie\/#author","url":"https:\/\/www.encontrajequie.com.br\/sobre\/author\/ejequie\/","name":"Encontra Jequi\u00e9","image":{"@type":"ImageObject","@id":"https:\/\/www.encontrajequie.com.br\/sobre\/prefeitura-de-jequie-divulga-relacao-de-artistas-e-grupos-culturais-aptos-ao-cadastro-de-reserva-artistico-do-sao-joao-de-jequie-2026\/#authorImage","url":"https:\/\/secure.gravatar.com\/avatar\/507340682b8270222e1f208e23198b6ae7e2c6a1033ae84e99bc6bce4f82a387?s=96&d=mm&r=g","width":96,"height":96,"caption":"Encontra Jequi\u00e9"}},{"@type":"WebPage","@id":"https:\/\/www.encontrajequie.com.br\/sobre\/prefeitura-de-jequie-divulga-relacao-de-artistas-e-grupos-culturais-aptos-ao-cadastro-de-reserva-artistico-do-sao-joao-de-jequie-2026\/#webpage","url":"https:\/\/www.encontrajequie.com.br\/sobre\/prefeitura-de-jequie-divulga-relacao-de-artistas-e-grupos-culturais-aptos-ao-cadastro-de-reserva-artistico-do-sao-joao-de-jequie-2026\/","name":"Prefeitura de Jequi\u00e9 divulga rela\u00e7\u00e3o de artistas e grupos culturais aptos ao cadastro de reserva art\u00edstico do S\u00e3o Jo\u00e3o de Jequi\u00e9 2026 | Encontra Jequi\u00e9","description":"S\u00e3o Jo\u00e3o de Jequi\u00e9 2026 traz lista de artistas e grupos culturais credenciados para o evento.","inLanguage":"pt-BR","isPartOf":{"@id":"https:\/\/www.encontrajequie.com.br\/sobre\/#website"},"breadcrumb":{"@id":"https:\/\/www.encontrajequie.com.br\/sobre\/prefeitura-de-jequie-divulga-relacao-de-artistas-e-grupos-culturais-aptos-ao-cadastro-de-reserva-artistico-do-sao-joao-de-jequie-2026\/#breadcrumblist"},"author":{"@id":"https:\/\/www.encontrajequie.com.br\/sobre\/author\/ejequie\/#author"},"creator":{"@id":"https:\/\/www.encontrajequie.com.br\/sobre\/author\/ejequie\/#author"},"image":{"@type":"ImageObject","url":"https:\/\/www.encontrajequie.com.br\/sobre\/wp-content\/uploads\/2026\/04\/prefeitura-de-jequie-divulga-relacao-de-artistas-e-grupos-culturais-aptos-ao-cadastro-de-reserva-art.webp","@id":"https:\/\/www.encontrajequie.com.br\/sobre\/prefeitura-de-jequie-divulga-relacao-de-artistas-e-grupos-culturais-aptos-ao-cadastro-de-reserva-artistico-do-sao-joao-de-jequie-2026\/#mainImage","width":280,"height":280,"caption":"Cadastro de Reserva Art\u00edstico S\u00e3o Jo\u00e3o de Jequi\u00e9 2026"},"primaryImageOfPage":{"@id":"https:\/\/www.encontrajequie.com.br\/sobre\/prefeitura-de-jequie-divulga-relacao-de-artistas-e-grupos-culturais-aptos-ao-cadastro-de-reserva-artistico-do-sao-joao-de-jequie-2026\/#mainImage"},"datePublished":"2026-04-26T03:27:35-03:00","dateModified":"2026-04-26T03:27:35-03:00"},{"@type":"WebSite","@id":"https:\/\/www.encontrajequie.com.br\/sobre\/#website","url":"https:\/\/www.encontrajequie.com.br\/sobre\/","name":"Encontra Jequi\u00e9","description":"Not\u00edcias, eventos, informa\u00e7\u00f5es e dicas na cidade de Jequi\u00e9 e regi\u00e3o.","inLanguage":"pt-BR","publisher":{"@id":"https:\/\/www.encontrajequie.com.br\/sobre\/#organization"}}]},"og:locale":"pt_BR","og:site_name":"Encontra Jequi\u00e9 | Not\u00edcias, eventos, informa\u00e7\u00f5es e dicas na cidade de Jequi\u00e9 e regi\u00e3o.","og:type":"article","og:title":"Prefeitura de Jequi\u00e9 divulga rela\u00e7\u00e3o de artistas e grupos culturais aptos ao cadastro de reserva art\u00edstico do S\u00e3o Jo\u00e3o de Jequi\u00e9 2026 | Encontra Jequi\u00e9","og:description":"S\u00e3o Jo\u00e3o de Jequi\u00e9 2026 traz lista de artistas e grupos culturais credenciados para o evento.","og:url":"https:\/\/www.encontrajequie.com.br\/sobre\/prefeitura-de-jequie-divulga-relacao-de-artistas-e-grupos-culturais-aptos-ao-cadastro-de-reserva-artistico-do-sao-joao-de-jequie-2026\/","article:published_time":"2026-04-26T06:27:35+00:00","article:modified_time":"2026-04-26T06:27:35+00:00","twitter:card":"summary_large_image","twitter:title":"Prefeitura de Jequi\u00e9 divulga rela\u00e7\u00e3o de artistas e grupos culturais aptos ao cadastro de reserva art\u00edstico do S\u00e3o Jo\u00e3o de Jequi\u00e9 2026 | Encontra Jequi\u00e9","twitter:description":"S\u00e3o Jo\u00e3o de Jequi\u00e9 2026 traz lista de artistas e grupos culturais credenciados para o evento."},"aioseo_meta_data":{"post_id":"1054","title":null,"description":null,"keywords":null,"keyphrases":null,"primary_term":null,"canonical_url":null,"og_title":null,"og_description":null,"og_object_type":"default","og_image_type":"default","og_image_url":null,"og_image_width":null,"og_image_height":null,"og_image_custom_url":null,"og_image_custom_fields":null,"og_video":null,"og_custom_url":null,"og_article_section":null,"og_article_tags":null,"twitter_use_og":false,"twitter_card":"default","twitter_image_type":"default","twitter_image_url":null,"twitter_image_custom_url":null,"twitter_image_custom_fields":null,"twitter_title":null,"twitter_description":null,"schema":{"blockGraphs":[],"customGraphs":[],"default":{"data":{"Article":[],"Course":[],"Dataset":[],"FAQPage":[],"Movie":[],"Person":[],"Product":[],"ProductReview":[],"Car":[],"Recipe":[],"Service":[],"SoftwareApplication":[],"WebPage":[]},"graphName":"Article","isEnabled":true},"graphs":[]},"schema_type":"default","schema_type_options":null,"pillar_content":false,"robots_default":true,"robots_noindex":false,"robots_noarchive":false,"robots_nosnippet":false,"robots_nofollow":false,"robots_noimageindex":false,"robots_noodp":false,"robots_notranslate":false,"robots_max_snippet":null,"robots_max_videopreview":null,"robots_max_imagepreview":"large","priority":null,"frequency":null,"local_seo":null,"breadcrumb_settings":null,"limit_modified_date":false,"ai":null,"created":"2026-04-26 06:27:38","updated":"2026-04-26 06:43:33","focus_keyword":null,"additional_keywords":null,"truseo_locale":null,"seo_analyzer_scan_date":null},"aioseo_breadcrumb":"<div class=\"aioseo-breadcrumbs\"><span class=\"aioseo-breadcrumb\">\n\t\t\t<a href=\"https:\/\/www.encontrajequie.com.br\/sobre\" title=\"Home\">Home<\/a>\n\t\t<\/span><span class=\"aioseo-breadcrumb-separator\">&raquo;<\/span><span class=\"aioseo-breadcrumb\">\n\t\t\t<a href=\"https:\/\/www.encontrajequie.com.br\/sobre\/noticias-em-jequie\/\" title=\"Not\u00edcias Jequi\u00e9\">Not\u00edcias Jequi\u00e9<\/a>\n\t\t<\/span><span class=\"aioseo-breadcrumb-separator\">&raquo;<\/span><span class=\"aioseo-breadcrumb\">\n\t\t\tPrefeitura de Jequi\u00e9 divulga rela\u00e7\u00e3o de artistas e grupos culturais aptos ao cadastro de reserva art\u00edstico do S\u00e3o Jo\u00e3o de Jequi\u00e9 2026\n\t\t<\/span><\/div>","aioseo_breadcrumb_json":[{"label":"Home","link":"https:\/\/www.encontrajequie.com.br\/sobre"},{"label":"Not\u00edcias Jequi\u00e9","link":"https:\/\/www.encontrajequie.com.br\/sobre\/noticias-em-jequie\/"},{"label":"Prefeitura de Jequi\u00e9 divulga rela\u00e7\u00e3o de artistas e grupos culturais aptos ao cadastro de reserva art\u00edstico do S\u00e3o Jo\u00e3o de Jequi\u00e9 2026","link":"https:\/\/www.encontrajequie.com.br\/sobre\/prefeitura-de-jequie-divulga-relacao-de-artistas-e-grupos-culturais-aptos-ao-cadastro-de-reserva-artistico-do-sao-joao-de-jequie-2026\/"}],"_links":{"self":[{"href":"https:\/\/www.encontrajequie.com.br\/sobre\/wp-json\/wp\/v2\/posts\/1054","targetHints":{"allow":["GET"]}}],"collection":[{"href":"https:\/\/www.encontrajequie.com.br\/sobre\/wp-json\/wp\/v2\/posts"}],"about":[{"href":"https:\/\/www.encontrajequie.com.br\/sobre\/wp-json\/wp\/v2\/types\/post"}],"author":[{"embeddable":true,"href":"https:\/\/www.encontrajequie.com.br\/sobre\/wp-json\/wp\/v2\/users\/1"}],"replies":[{"embeddable":true,"href":"https:\/\/www.encontrajequie.com.br\/sobre\/wp-json\/wp\/v2\/comments?post=1054"}],"version-history":[{"count":0,"href":"https:\/\/www.encontrajequie.com.br\/sobre\/wp-json\/wp\/v2\/posts\/1054\/revisions"}],"wp:featuredmedia":[{"embeddable":true,"href":"https:\/\/www.encontrajequie.com.br\/sobre\/wp-json\/wp\/v2\/media\/1053"}],"wp:attachment":[{"href":"https:\/\/www.encontrajequie.com.br\/sobre\/wp-json\/wp\/v2\/media?parent=1054"}],"wp:term":[{"taxonomy":"category","embeddable":true,"href":"https:\/\/www.encontrajequie.com.br\/sobre\/wp-json\/wp\/v2\/categories?post=1054"},{"taxonomy":"post_tag","embeddable":true,"href":"https:\/\/www.encontrajequie.com.br\/sobre\/wp-json\/wp\/v2\/tags?post=1054"}],"curies":[{"name":"wp","href":"https:\/\/api.w.org\/{rel}","templated":true}]}}