{"id":1076,"date":"2026-04-30T03:43:06","date_gmt":"2026-04-30T06:43:06","guid":{"rendered":"https:\/\/www.encontrajequie.com.br\/sobre\/operacao-cerco-captura-dois-integrantes-de-faccao-na-cidade-de-jequie\/"},"modified":"2026-04-30T03:43:06","modified_gmt":"2026-04-30T06:43:06","slug":"operacao-cerco-captura-dois-integrantes-de-faccao-na-cidade-de-jequie","status":"publish","type":"post","link":"https:\/\/www.encontrajequie.com.br\/sobre\/operacao-cerco-captura-dois-integrantes-de-faccao-na-cidade-de-jequie\/","title":{"rendered":"Opera\u00e7\u00e3o Cerco captura dois integrantes de fac\u00e7\u00e3o na cidade de Jequi\u00e9"},"content":{"rendered":"<div class=\"30cf832dc5940d4704f66d0ed9a44050\" data-index=\"1\" style=\"float: none; margin:0px;\">\n<!-- Anuncio display - global -->\r\n<ins class=\"adsbygoogle\"\r\n     style=\"display:block\"\r\n     data-ad-client=\"ca-pub-8585364105181520\"\r\n     data-ad-slot=\"8789329856\"\r\n     data-ad-format=\"auto\"\r\n     data-full-width-responsive=\"true\"><\/ins>\r\n<script>\r\n     (adsbygoogle = window.adsbygoogle || []).push({});\r\n<\/script>\n<\/div>\n<h2>Deten\u00e7\u00e3o de Integrantes Criminosos<\/h2>\n<p>No dia 29 de abril de 2026, as for\u00e7as policiais emitiram uma a\u00e7\u00e3o coordenada que resultou na pris\u00e3o de dois indiv\u00edduos associados a uma fac\u00e7\u00e3o criminosa em Jequi\u00e9. Este momento se deu gra\u00e7as \u00e0 Opera\u00e7\u00e3o Cerco, que envolve a uni\u00e3o de diversas entidades de seguran\u00e7a p\u00fablica. As pris\u00f5es representam um avan\u00e7o significativo no combate \u00e0 criminalidade que, nos \u00faltimos anos, t\u00eam caracterizado a \u00e1rea com viol\u00eancia, tr\u00e1fico de entorpecentes e outros crimes graves.<\/p>\n<h2>Objetivos da Opera\u00e7\u00e3o Cerco<\/h2>\n<p>A Opera\u00e7\u00e3o Cerco foi idealizada com o objetivo de desmantelar uma organiza\u00e7\u00e3o criminosa que perpetua a\u00e7\u00f5es violentas e ilegais. Entre os crimes visados est\u00e3o: tr\u00e1fico de drogas, porte ilegal de armas, homic\u00eddios, lavagem de dinheiro e a corrup\u00e7\u00e3o de menores. A opera\u00e7\u00e3o, capitaneada pela Secretaria de Seguran\u00e7a P\u00fablica da Bahia (SSP-BA) e pela For\u00e7a Integrada de Combate ao Crime Organizado (FICCO) Bahia, busca ent\u00e3o restaurar a ordem e trazer seguran\u00e7a \u00e0 comunidade afetada.<\/p>\n<h2>A\u00e7\u00f5es das For\u00e7as de Seguran\u00e7a<\/h2>\n<p>As for\u00e7as de seguran\u00e7a p\u00fablica, incluindo a Pol\u00edcia Militar e a Pol\u00edcia Civil, entre outras, agiram em conjunto na opera\u00e7\u00e3o que culminou na captura dos criminosos. Um campo de opera\u00e7\u00f5es associado a esta fac\u00e7\u00e3o foi identificado e desmantelado, resultando em apreens\u00f5es de subst\u00e2ncias ilegais e outros materiais que corroboram as atividades il\u00edcitas desenvolvidas por essa organiza\u00e7\u00e3o. As buscas por outros integrantes da fac\u00e7\u00e3o continuam ativas, abrangendo tanto \u00e1reas urbanas quanto rurais da localidade, especialmente em regi\u00f5es de mata onde os suspeitos podem ter se escondido.<\/p>\n<p><img decoding=\"async\" src=\"https:\/\/www.encontrajequie.com.br\/sobre\/wp-content\/uploads\/2026\/04\/operacao-cerco-captura-dois-integrantes-de-faccao-na-cidade-de-jequie.webp\" alt=\"Opera\u00e7\u00e3o Cerco\" loading=\"lazy\" \/><\/p>\n<h2>Condutas Criminosas Almejadas<\/h2>\n<p>Os indiv\u00edduos detidos s\u00e3o acusados de diversas condutas delituosas, entre elas, a participa\u00e7\u00e3o direta em atividades que resultam em mortes violentas e no abastecimento do tr\u00e1fico de drogas que afeta a seguran\u00e7a das comunidades. Al\u00e9m disso, a fac\u00e7\u00e3o \u00e9 acusada de promover a lavagem de dinheiro, uma pr\u00e1tica que facilita a continuidade das suas atividades criminosas e compromete a integridade econ\u00f4mica da regi\u00e3o.<\/p>\n<h2>Import\u00e2ncia da Seguran\u00e7a P\u00fablica<\/h2>\n<p>As a\u00e7\u00f5es da Opera\u00e7\u00e3o Cerco s\u00e3o de suma import\u00e2ncia para a seguran\u00e7a p\u00fablica, pois consolidam o esfor\u00e7o cont\u00ednuo das institui\u00e7\u00f5es em combater a criminalidade organizada. A presen\u00e7a das for\u00e7as policiais e as opera\u00e7\u00f5es realizadas representam um compromisso com a prote\u00e7\u00e3o da sociedade e a busca pela justi\u00e7a. Essa iniciativa \u00e9 um passo relevante na recupera\u00e7\u00e3o da confian\u00e7a da popula\u00e7\u00e3o nas autoridades legais e na restabelecimento da ordem.<\/p>\n<h2>Impacto da Opera\u00e7\u00e3o na Comunidade<\/h2>\n<p>As opera\u00e7\u00f5es de seguran\u00e7a, como a Opera\u00e7\u00e3o Cerco, t\u00eam um impacto profundo nas comunidades afetadas. A captura de criminosos e o desmantelamento de acampamentos operacionais proporcionam um aumento na sensa\u00e7\u00e3o de seguran\u00e7a entre os cidad\u00e3os. Al\u00e9m disso, a a\u00e7\u00e3o representa uma mensagem clara contra a impunidade e um esfor\u00e7o para criar um ambiente mais seguro, onde os moradores possam viver sem medo da viol\u00eancia relacionada ao crime organizado.<\/p>\n<h2>Testemunhos de Moradores<\/h2>\n<p>V\u00e1rios cidad\u00e3os da comunidade expressaram suas percep\u00e7\u00f5es sobre as recentes a\u00e7\u00f5es da pol\u00edcia. Muitos relataram uma melhoria na sensa\u00e7\u00e3o de seguran\u00e7a nas \u00faltimas semanas. \u201c\u00c9 um al\u00edvio ver a pol\u00edcia agindo, esperamos que essas a\u00e7\u00f5es continuem e que a paz retorne ao nosso bairro\u201d, comentou uma moradora local. Esses relatos demonstram que, apesar das dificuldades, a opera\u00e7\u00e3o pode ser vista como um novo come\u00e7o para a comunidade.<\/p>\n<h2>Desdobramentos da Opera\u00e7\u00e3o<\/h2>\n<p>Ap\u00f3s as deten\u00e7\u00f5es, as for\u00e7as de seguran\u00e7a n\u00e3o est\u00e3o paradas; em vez disso, intensificaram esfor\u00e7os para localizar e prender outros membros da fac\u00e7\u00e3o que conseguiram fugir. As opera\u00e7\u00f5es foram estendidas para novas \u00e1reas, utilizando recursos como c\u00e3es farejadores e equipamentos tecnol\u00f3gicos para auxiliar nas buscas.<\/p>\n<h2>Pr\u00f3ximos Passos das Investiga\u00e7\u00f5es<\/h2>\n<p>As investiga\u00e7\u00f5es continuar\u00e3o, com foco na identifica\u00e7\u00e3o e captura de outros integrantes da fac\u00e7\u00e3o. Tamb\u00e9m \u00e9 esperado que as autoridades se concentrem na coleta de informa\u00e7\u00f5es que possam ajudar a compreender melhor a estrutura da fac\u00e7\u00e3o e suas opera\u00e7\u00f5es. Isso poder\u00e1 facilitar a a\u00e7\u00e3o contra suas pr\u00e1ticas criminosas e minimizar o dano social causado por seus atos.<\/p>\n<h2>Pol\u00edticas de Combate ao Crime<\/h2>\n<p>Com base nas recentes experi\u00eancias e no andamento da Opera\u00e7\u00e3o Cerco, as autoridades podem criar e implementar pol\u00edticas mais robustas de combate ao crime organizado. Essas pol\u00edticas devem incluir colabora\u00e7\u00e3o entre diferentes \u00f3rg\u00e3os de seguran\u00e7a p\u00fablica, integra\u00e7\u00e3o de tecnologias avan\u00e7adas e a promo\u00e7\u00e3o de iniciativas de educa\u00e7\u00e3o e socializa\u00e7\u00e3o para prevenir o ingresso de jovens na criminalidade. Adicionalmente, haver\u00e1 um enfoque na reabilita\u00e7\u00e3o e reintegra\u00e7\u00e3o social de ex-criminosos com o objetivo de evitar a reincid\u00eancia e fomentar um ambiente comunit\u00e1rio mais harmonioso.<\/p>\n\n<div style=\"font-size: 0px; height: 0px; line-height: 0px; margin: 0; padding: 0; clear: both;\"><\/div>","protected":false},"excerpt":{"rendered":"<p>Opera\u00e7\u00e3o Cerco realiza pris\u00f5es de fac\u00e7\u00e3o criminosa em Jequi\u00e9.<\/p>\n","protected":false},"author":1,"featured_media":1075,"comment_status":"open","ping_status":"closed","sticky":false,"template":"","format":"standard","meta":{"footnotes":""},"categories":[1],"tags":[],"class_list":["post-1076","post","type-post","status-publish","format-standard","has-post-thumbnail","hentry","category-noticias-em-jequie","has_thumb"],"aioseo_notices":[],"_links":{"self":[{"href":"https:\/\/www.encontrajequie.com.br\/sobre\/wp-json\/wp\/v2\/posts\/1076","targetHints":{"allow":["GET"]}}],"collection":[{"href":"https:\/\/www.encontrajequie.com.br\/sobre\/wp-json\/wp\/v2\/posts"}],"about":[{"href":"https:\/\/www.encontrajequie.com.br\/sobre\/wp-json\/wp\/v2\/types\/post"}],"author":[{"embeddable":true,"href":"https:\/\/www.encontrajequie.com.br\/sobre\/wp-json\/wp\/v2\/users\/1"}],"replies":[{"embeddable":true,"href":"https:\/\/www.encontrajequie.com.br\/sobre\/wp-json\/wp\/v2\/comments?post=1076"}],"version-history":[{"count":0,"href":"https:\/\/www.encontrajequie.com.br\/sobre\/wp-json\/wp\/v2\/posts\/1076\/revisions"}],"wp:featuredmedia":[{"embeddable":true,"href":"https:\/\/www.encontrajequie.com.br\/sobre\/wp-json\/wp\/v2\/media\/1075"}],"wp:attachment":[{"href":"https:\/\/www.encontrajequie.com.br\/sobre\/wp-json\/wp\/v2\/media?parent=1076"}],"wp:term":[{"taxonomy":"category","embeddable":true,"href":"https:\/\/www.encontrajequie.com.br\/sobre\/wp-json\/wp\/v2\/categories?post=1076"},{"taxonomy":"post_tag","embeddable":true,"href":"https:\/\/www.encontrajequie.com.br\/sobre\/wp-json\/wp\/v2\/tags?post=1076"}],"curies":[{"name":"wp","href":"https:\/\/api.w.org\/{rel}","templated":true}]}}