{"id":1084,"date":"2026-05-01T03:32:09","date_gmt":"2026-05-01T06:32:09","guid":{"rendered":"https:\/\/www.encontrajequie.com.br\/sobre\/jequie-deve-ter-um-dia-com-muitas-nuvens-neste-sabado-11\/"},"modified":"2026-05-01T03:32:09","modified_gmt":"2026-05-01T06:32:09","slug":"jequie-deve-ter-um-dia-com-muitas-nuvens-neste-sabado-11","status":"publish","type":"post","link":"https:\/\/www.encontrajequie.com.br\/sobre\/jequie-deve-ter-um-dia-com-muitas-nuvens-neste-sabado-11\/","title":{"rendered":"Jequi\u00e9 deve ter um dia com muitas nuvens neste s\u00e1bado (11)"},"content":{"rendered":"<div class=\"30cf832dc5940d4704f66d0ed9a44050\" data-index=\"1\" style=\"float: none; margin:0px;\">\n<!-- Anuncio display - global -->\r\n<ins class=\"adsbygoogle\"\r\n     style=\"display:block\"\r\n     data-ad-client=\"ca-pub-8585364105181520\"\r\n     data-ad-slot=\"8789329856\"\r\n     data-ad-format=\"auto\"\r\n     data-full-width-responsive=\"true\"><\/ins>\r\n<script>\r\n     (adsbygoogle = window.adsbygoogle || []).push({});\r\n<\/script>\n<\/div>\n<h2>Condi\u00e7\u00f5es clim\u00e1ticas em Jequi\u00e9 para hoje<\/h2>\n<p>A cidade de Jequi\u00e9, na Bahia, ter\u00e1 um dia marcado por muitas nuvens e possibilidades de chuvas r\u00e1pidas. Isso \u00e9 uma caracter\u00edstica comum da regi\u00e3o durante esta \u00e9poca do ano, trazendo um clima fresco e \u00famido que pode afetar o cotidiano. As previs\u00f5es indicam que as condi\u00e7\u00f5es do tempo podem variar ao longo do dia, exigindo aten\u00e7\u00e3o dos moradores e visitantes.<\/p>\n<h2>Temperaturas: o que esperar ao longo do dia<\/h2>\n<p>As temperaturas em Jequi\u00e9 est\u00e3o previstas para oscilar entre 19\u00b0C e 31\u00b0C. A manh\u00e3 inicia com uma temperatura amena em torno de 19\u00b0C, proporcionando um in\u00edcio de dia agrad\u00e1vel. \u00c0 medida que o sol se eleva, os term\u00f4metros podem atingir uma m\u00e1xima de 31\u00b0C durante a tarde, que ser\u00e1 o per\u00edodo mais quente do dia. \u00c0 noite, as temperaturas devem se estabilizar novamente em torno de 19\u00b0C, garantindo frescor para as atividades noturnas.<\/p>\n<h2>Umidade e suas varia\u00e7\u00f5es em Jequi\u00e9<\/h2>\n<p>A umidade relativa do ar em Jequi\u00e9 apresentar\u00e1 varia\u00e7\u00f5es ao longo do dia. Na parte da manh\u00e3, a umidade pode alcan\u00e7ar picos de 100%, refletindo a condi\u00e7\u00e3o pesada do ar devido \u00e0 presen\u00e7a de muitas nuvens. \u00c0 tarde, esta umidade tende a cair para cerca de 50%, especialmente quando n\u00e3o houver chuvas, o que pode proporcionar alguns momentos de al\u00edvio durante o calor.<\/p>\n<p><img decoding=\"async\" src=\"https:\/\/www.encontrajequie.com.br\/sobre\/wp-content\/uploads\/2026\/05\/jequie-deve-ter-um-dia-com-muitas-nuvens-neste-sabado-11.webp\" alt=\"previs\u00e3o do tempo em Jequi\u00e9\" loading=\"lazy\" \/><\/p>\n<h2>Dire\u00e7\u00e3o e intensidade do vento<\/h2>\n<p>Os ventos em Jequi\u00e9 s\u00e3o esperados para serem predominantemente fracos, soprando do sudeste para o leste. A intensidade do vento n\u00e3o deve afetar significativamente o clima do dia. O nascer do sol est\u00e1 previsto para \u00e0s 05h47, enquanto o p\u00f4r do sol deve acontecer \u00e0s 17h38, proporcionando longas horas de luz do dia.<\/p>\n<h2>Expectativa de chuvas durante o s\u00e1bado<\/h2>\n<p>As chances de chuvas r\u00e1pidas s\u00e3o altas, especialmente no per\u00edodo da tarde. Isso \u00e9 comum em Jequi\u00e9 nesta \u00e9poca do ano, ent\u00e3o \u00e9 aconselh\u00e1vel que os cidad\u00e3os estejam preparados, trazendo guarda-chuvas ou se planejando para atividades internas, caso as chuvas se intensifiquem.<\/p>\n<h2>Compara\u00e7\u00e3o com os dias seguintes<\/h2>\n<p>As previs\u00f5es para os pr\u00f3ximos dias em Jequi\u00e9 indicam um tempo semelhante. Amanh\u00e3, deve haver um clima \u00famido pela manh\u00e3, com c\u00e9u completamente nublado \u00e0 tarde e \u00e0 noite. As temperaturas devem ficar entre 18\u00b0C e 31\u00b0C. Na segunda-feira, as temperaturas variam entre 17\u00b0C e 31\u00b0C, com possibilidade de chuvas localizadas. Ter\u00e7a-feira pode apresentar uma faixa de 18\u00b0C a 31\u00b0C, novamente com chances de chuvas r\u00e1pidas. J\u00e1 na quarta-feira, a previs\u00e3o \u00e9 de um dia mais claro, com temperaturas de 18\u00b0C a 33\u00b0C.<\/p>\n<h2>Como o clima afeta o cotidiano em Jequi\u00e9<\/h2>\n<p>O clima nublado e com chances de chuvas pode impactar diversas atividades do dia a dia em Jequi\u00e9. Para aqueles que trabalham ao ar livre, a previs\u00e3o de chuvas pode exigir o adiamento ou reorganiza\u00e7\u00e3o de compromissos. Por outro lado, as chuvas s\u00e3o essenciais para a agricultura local, pois contribuem para a irriga\u00e7\u00e3o das planta\u00e7\u00f5es, uma considera\u00e7\u00e3o importante para a economia da regi\u00e3o.<\/p>\n<h2>Dicas para aproveitar o dia nublado<\/h2>\n<p>Mesmo com a previs\u00e3o de tempo nublado, \u00e9 poss\u00edvel aproveitar o dia em Jequi\u00e9. Aqui est\u00e3o algumas dicas:<\/p>\n<ul>\n<li><strong>Use roupas leves:<\/strong> Com a temperatura podendo atingir 31\u00b0C, escolha roupas que permitam conforto e respira\u00e7\u00e3o da pele.<\/li>\n<li><strong>Planeje atividades em ambientes fechados:<\/strong> Se a chuva se tornar intensa, considere visitar museus ou caf\u00e9s locais.<\/li>\n<li><strong>Mantenha-se hidratado:<\/strong> A umidade pode ser alta, mas isso n\u00e3o diminui a necessidade de ingesta de \u00e1gua ao longo do dia.<\/li>\n<li><strong>Aproveite a vegeta\u00e7\u00e3o local:<\/strong> A chuva \u00e9 bem-vinda para a flora, ent\u00e3o n\u00e3o hesite em explorar as belezas naturais ao redor.<\/li>\n<\/ul>\n<h2>Hist\u00f3rico clim\u00e1tico de Jequi\u00e9 em abril<\/h2>\n<p>O m\u00eas de abril em Jequi\u00e9 geralmente \u00e9 caracterizado por um clima mais \u00famido, com v\u00e1rias chuvas r\u00e1pidas e temperaturas elevadas. Historicamente, este \u00e9 um per\u00edodo em que os moradores podem esperar dias de sol intercalados com pancadas de chuva, o que faz com que a vegeta\u00e7\u00e3o local se mantenha verde e saud\u00e1vel. Dados meteorol\u00f3gicos mostram que esse padr\u00e3o se repete ano ap\u00f3s ano.<\/p>\n<h2>Previs\u00e3o para os pr\u00f3ximos dias<\/h2>\n<p>Al\u00e9m das previs\u00f5es para o dia de hoje e o pr\u00f3ximo, a an\u00e1lise para os dias seguintes se mant\u00e9m similar. A umidade continua sendo uma caracter\u00edstica marcante, e as temperaturas devem se manter dentro da faixa j\u00e1 mencionada. Sempre \u00e9 bom acompanhar as atualiza\u00e7\u00f5es di\u00e1rias, especialmente em dias em que a possibilidade de chuvas \u00e9 elevada, para garantir a melhor experi\u00eancia e planejamento para atividades na cidade.<\/p>\n\n<div style=\"font-size: 0px; height: 0px; line-height: 0px; margin: 0; padding: 0; clear: both;\"><\/div>","protected":false},"excerpt":{"rendered":"<p>Jequi\u00e9 ter\u00e1 um dia nublado e temperaturas entre 19\u00b0C e 31\u00b0C. N\u00e3o perca!<\/p>\n","protected":false},"author":1,"featured_media":1083,"comment_status":"open","ping_status":"closed","sticky":false,"template":"","format":"standard","meta":{"footnotes":""},"categories":[1],"tags":[],"class_list":["post-1084","post","type-post","status-publish","format-standard","has-post-thumbnail","hentry","category-noticias-em-jequie","has_thumb"],"aioseo_notices":[],"aioseo_head":"\n\t\t<!-- All in One SEO 5.0.0.1 - aioseo.com -->\n\t<meta name=\"description\" content=\"Jequi\u00e9 ter\u00e1 um dia nublado e temperaturas entre 19\u00b0C e 31\u00b0C. N\u00e3o perca!\" \/>\n\t<meta name=\"robots\" content=\"max-image-preview:large\" \/>\n\t<meta name=\"author\" content=\"Encontra Jequi\u00e9\"\/>\n\t<link rel=\"canonical\" href=\"https:\/\/www.encontrajequie.com.br\/sobre\/jequie-deve-ter-um-dia-com-muitas-nuvens-neste-sabado-11\/\" \/>\n\t<meta name=\"generator\" content=\"All in One SEO (AIOSEO) 5.0.0.1\" \/>\n\t\t<meta property=\"og:locale\" content=\"pt_BR\" \/>\n\t\t<meta property=\"og:site_name\" content=\"Encontra Jequi\u00e9 | Not\u00edcias, eventos, informa\u00e7\u00f5es e dicas na cidade de Jequi\u00e9 e regi\u00e3o.\" \/>\n\t\t<meta property=\"og:type\" content=\"article\" \/>\n\t\t<meta property=\"og:title\" content=\"Jequi\u00e9 deve ter um dia com muitas nuvens neste s\u00e1bado (11) | Encontra Jequi\u00e9\" \/>\n\t\t<meta property=\"og:description\" content=\"Jequi\u00e9 ter\u00e1 um dia nublado e temperaturas entre 19\u00b0C e 31\u00b0C. N\u00e3o perca!\" \/>\n\t\t<meta property=\"og:url\" content=\"https:\/\/www.encontrajequie.com.br\/sobre\/jequie-deve-ter-um-dia-com-muitas-nuvens-neste-sabado-11\/\" \/>\n\t\t<meta property=\"article:published_time\" content=\"2026-05-01T06:32:09+00:00\" \/>\n\t\t<meta property=\"article:modified_time\" content=\"2026-05-01T06:32:09+00:00\" \/>\n\t\t<meta name=\"twitter:card\" content=\"summary_large_image\" \/>\n\t\t<meta name=\"twitter:title\" content=\"Jequi\u00e9 deve ter um dia com muitas nuvens neste s\u00e1bado (11) | Encontra Jequi\u00e9\" \/>\n\t\t<meta name=\"twitter:description\" content=\"Jequi\u00e9 ter\u00e1 um dia nublado e temperaturas entre 19\u00b0C e 31\u00b0C. N\u00e3o perca!\" \/>\n\t\t<script type=\"application\/ld+json\" class=\"aioseo-schema\">\n\t\t\t{\"@context\":\"https:\\\/\\\/schema.org\",\"@graph\":[{\"@type\":\"Article\",\"@id\":\"https:\\\/\\\/www.encontrajequie.com.br\\\/sobre\\\/jequie-deve-ter-um-dia-com-muitas-nuvens-neste-sabado-11\\\/#article\",\"name\":\"Jequi\\u00e9 deve ter um dia com muitas nuvens neste s\\u00e1bado (11) | Encontra Jequi\\u00e9\",\"headline\":\"Jequi\\u00e9 deve ter um dia com muitas nuvens neste s\\u00e1bado (11)\",\"author\":{\"@id\":\"https:\\\/\\\/www.encontrajequie.com.br\\\/sobre\\\/author\\\/ejequie\\\/#author\"},\"publisher\":{\"@id\":\"https:\\\/\\\/www.encontrajequie.com.br\\\/sobre\\\/#organization\"},\"image\":{\"@type\":\"ImageObject\",\"url\":\"https:\\\/\\\/www.encontrajequie.com.br\\\/sobre\\\/wp-content\\\/uploads\\\/2026\\\/05\\\/jequie-deve-ter-um-dia-com-muitas-nuvens-neste-sabado-11.webp\",\"width\":280,\"height\":280,\"caption\":\"previs\\u00e3o do tempo em Jequi\\u00e9\"},\"datePublished\":\"2026-05-01T03:32:09-03:00\",\"dateModified\":\"2026-05-01T03:32:09-03:00\",\"inLanguage\":\"pt-BR\",\"mainEntityOfPage\":{\"@id\":\"https:\\\/\\\/www.encontrajequie.com.br\\\/sobre\\\/jequie-deve-ter-um-dia-com-muitas-nuvens-neste-sabado-11\\\/#webpage\"},\"isPartOf\":{\"@id\":\"https:\\\/\\\/www.encontrajequie.com.br\\\/sobre\\\/jequie-deve-ter-um-dia-com-muitas-nuvens-neste-sabado-11\\\/#webpage\"},\"articleSection\":\"Not\\u00edcias Jequi\\u00e9\"},{\"@type\":\"BreadcrumbList\",\"@id\":\"https:\\\/\\\/www.encontrajequie.com.br\\\/sobre\\\/jequie-deve-ter-um-dia-com-muitas-nuvens-neste-sabado-11\\\/#breadcrumblist\",\"itemListElement\":[{\"@type\":\"ListItem\",\"@id\":\"https:\\\/\\\/www.encontrajequie.com.br\\\/sobre#listItem\",\"position\":1,\"name\":\"Home\",\"item\":\"https:\\\/\\\/www.encontrajequie.com.br\\\/sobre\",\"nextItem\":{\"@type\":\"ListItem\",\"@id\":\"https:\\\/\\\/www.encontrajequie.com.br\\\/sobre\\\/noticias-em-jequie\\\/#listItem\",\"name\":\"Not\\u00edcias Jequi\\u00e9\"}},{\"@type\":\"ListItem\",\"@id\":\"https:\\\/\\\/www.encontrajequie.com.br\\\/sobre\\\/noticias-em-jequie\\\/#listItem\",\"position\":2,\"name\":\"Not\\u00edcias Jequi\\u00e9\",\"item\":\"https:\\\/\\\/www.encontrajequie.com.br\\\/sobre\\\/noticias-em-jequie\\\/\",\"nextItem\":{\"@type\":\"ListItem\",\"@id\":\"https:\\\/\\\/www.encontrajequie.com.br\\\/sobre\\\/jequie-deve-ter-um-dia-com-muitas-nuvens-neste-sabado-11\\\/#listItem\",\"name\":\"Jequi\\u00e9 deve ter um dia com muitas nuvens neste s\\u00e1bado (11)\"},\"previousItem\":{\"@type\":\"ListItem\",\"@id\":\"https:\\\/\\\/www.encontrajequie.com.br\\\/sobre#listItem\",\"name\":\"Home\"}},{\"@type\":\"ListItem\",\"@id\":\"https:\\\/\\\/www.encontrajequie.com.br\\\/sobre\\\/jequie-deve-ter-um-dia-com-muitas-nuvens-neste-sabado-11\\\/#listItem\",\"position\":3,\"name\":\"Jequi\\u00e9 deve ter um dia com muitas nuvens neste s\\u00e1bado (11)\",\"previousItem\":{\"@type\":\"ListItem\",\"@id\":\"https:\\\/\\\/www.encontrajequie.com.br\\\/sobre\\\/noticias-em-jequie\\\/#listItem\",\"name\":\"Not\\u00edcias Jequi\\u00e9\"}}]},{\"@type\":\"Organization\",\"@id\":\"https:\\\/\\\/www.encontrajequie.com.br\\\/sobre\\\/#organization\",\"name\":\"Encontra Jequi\\u00e9\",\"description\":\"Not\\u00edcias, eventos, informa\\u00e7\\u00f5es e dicas na cidade de Jequi\\u00e9 e regi\\u00e3o.\",\"url\":\"https:\\\/\\\/www.encontrajequie.com.br\\\/sobre\\\/\"},{\"@type\":\"Person\",\"@id\":\"https:\\\/\\\/www.encontrajequie.com.br\\\/sobre\\\/author\\\/ejequie\\\/#author\",\"url\":\"https:\\\/\\\/www.encontrajequie.com.br\\\/sobre\\\/author\\\/ejequie\\\/\",\"name\":\"Encontra Jequi\\u00e9\",\"image\":{\"@type\":\"ImageObject\",\"@id\":\"https:\\\/\\\/www.encontrajequie.com.br\\\/sobre\\\/jequie-deve-ter-um-dia-com-muitas-nuvens-neste-sabado-11\\\/#authorImage\",\"url\":\"https:\\\/\\\/secure.gravatar.com\\\/avatar\\\/507340682b8270222e1f208e23198b6ae7e2c6a1033ae84e99bc6bce4f82a387?s=96&d=mm&r=g\",\"width\":96,\"height\":96,\"caption\":\"Encontra Jequi\\u00e9\"}},{\"@type\":\"WebPage\",\"@id\":\"https:\\\/\\\/www.encontrajequie.com.br\\\/sobre\\\/jequie-deve-ter-um-dia-com-muitas-nuvens-neste-sabado-11\\\/#webpage\",\"url\":\"https:\\\/\\\/www.encontrajequie.com.br\\\/sobre\\\/jequie-deve-ter-um-dia-com-muitas-nuvens-neste-sabado-11\\\/\",\"name\":\"Jequi\\u00e9 deve ter um dia com muitas nuvens neste s\\u00e1bado (11) | Encontra Jequi\\u00e9\",\"description\":\"Jequi\\u00e9 ter\\u00e1 um dia nublado e temperaturas entre 19\\u00b0C e 31\\u00b0C. N\\u00e3o perca!\",\"inLanguage\":\"pt-BR\",\"isPartOf\":{\"@id\":\"https:\\\/\\\/www.encontrajequie.com.br\\\/sobre\\\/#website\"},\"breadcrumb\":{\"@id\":\"https:\\\/\\\/www.encontrajequie.com.br\\\/sobre\\\/jequie-deve-ter-um-dia-com-muitas-nuvens-neste-sabado-11\\\/#breadcrumblist\"},\"author\":{\"@id\":\"https:\\\/\\\/www.encontrajequie.com.br\\\/sobre\\\/author\\\/ejequie\\\/#author\"},\"creator\":{\"@id\":\"https:\\\/\\\/www.encontrajequie.com.br\\\/sobre\\\/author\\\/ejequie\\\/#author\"},\"image\":{\"@type\":\"ImageObject\",\"url\":\"https:\\\/\\\/www.encontrajequie.com.br\\\/sobre\\\/wp-content\\\/uploads\\\/2026\\\/05\\\/jequie-deve-ter-um-dia-com-muitas-nuvens-neste-sabado-11.webp\",\"@id\":\"https:\\\/\\\/www.encontrajequie.com.br\\\/sobre\\\/jequie-deve-ter-um-dia-com-muitas-nuvens-neste-sabado-11\\\/#mainImage\",\"width\":280,\"height\":280,\"caption\":\"previs\\u00e3o do tempo em Jequi\\u00e9\"},\"primaryImageOfPage\":{\"@id\":\"https:\\\/\\\/www.encontrajequie.com.br\\\/sobre\\\/jequie-deve-ter-um-dia-com-muitas-nuvens-neste-sabado-11\\\/#mainImage\"},\"datePublished\":\"2026-05-01T03:32:09-03:00\",\"dateModified\":\"2026-05-01T03:32:09-03:00\"},{\"@type\":\"WebSite\",\"@id\":\"https:\\\/\\\/www.encontrajequie.com.br\\\/sobre\\\/#website\",\"url\":\"https:\\\/\\\/www.encontrajequie.com.br\\\/sobre\\\/\",\"name\":\"Encontra Jequi\\u00e9\",\"description\":\"Not\\u00edcias, eventos, informa\\u00e7\\u00f5es e dicas na cidade de Jequi\\u00e9 e regi\\u00e3o.\",\"inLanguage\":\"pt-BR\",\"publisher\":{\"@id\":\"https:\\\/\\\/www.encontrajequie.com.br\\\/sobre\\\/#organization\"}}]}\n\t\t<\/script>\n\t\t<!-- All in One SEO -->\n\n","aioseo_head_json":{"title":"Jequi\u00e9 deve ter um dia com muitas nuvens neste s\u00e1bado (11) | Encontra Jequi\u00e9","description":"Jequi\u00e9 ter\u00e1 um dia nublado e temperaturas entre 19\u00b0C e 31\u00b0C. N\u00e3o perca!","canonical_url":"https:\/\/www.encontrajequie.com.br\/sobre\/jequie-deve-ter-um-dia-com-muitas-nuvens-neste-sabado-11\/","robots":"max-image-preview:large","keywords":"","webmasterTools":{"miscellaneous":""},"schema":{"@context":"https:\/\/schema.org","@graph":[{"@type":"Article","@id":"https:\/\/www.encontrajequie.com.br\/sobre\/jequie-deve-ter-um-dia-com-muitas-nuvens-neste-sabado-11\/#article","name":"Jequi\u00e9 deve ter um dia com muitas nuvens neste s\u00e1bado (11) | Encontra Jequi\u00e9","headline":"Jequi\u00e9 deve ter um dia com muitas nuvens neste s\u00e1bado (11)","author":{"@id":"https:\/\/www.encontrajequie.com.br\/sobre\/author\/ejequie\/#author"},"publisher":{"@id":"https:\/\/www.encontrajequie.com.br\/sobre\/#organization"},"image":{"@type":"ImageObject","url":"https:\/\/www.encontrajequie.com.br\/sobre\/wp-content\/uploads\/2026\/05\/jequie-deve-ter-um-dia-com-muitas-nuvens-neste-sabado-11.webp","width":280,"height":280,"caption":"previs\u00e3o do tempo em Jequi\u00e9"},"datePublished":"2026-05-01T03:32:09-03:00","dateModified":"2026-05-01T03:32:09-03:00","inLanguage":"pt-BR","mainEntityOfPage":{"@id":"https:\/\/www.encontrajequie.com.br\/sobre\/jequie-deve-ter-um-dia-com-muitas-nuvens-neste-sabado-11\/#webpage"},"isPartOf":{"@id":"https:\/\/www.encontrajequie.com.br\/sobre\/jequie-deve-ter-um-dia-com-muitas-nuvens-neste-sabado-11\/#webpage"},"articleSection":"Not\u00edcias Jequi\u00e9"},{"@type":"BreadcrumbList","@id":"https:\/\/www.encontrajequie.com.br\/sobre\/jequie-deve-ter-um-dia-com-muitas-nuvens-neste-sabado-11\/#breadcrumblist","itemListElement":[{"@type":"ListItem","@id":"https:\/\/www.encontrajequie.com.br\/sobre#listItem","position":1,"name":"Home","item":"https:\/\/www.encontrajequie.com.br\/sobre","nextItem":{"@type":"ListItem","@id":"https:\/\/www.encontrajequie.com.br\/sobre\/noticias-em-jequie\/#listItem","name":"Not\u00edcias Jequi\u00e9"}},{"@type":"ListItem","@id":"https:\/\/www.encontrajequie.com.br\/sobre\/noticias-em-jequie\/#listItem","position":2,"name":"Not\u00edcias Jequi\u00e9","item":"https:\/\/www.encontrajequie.com.br\/sobre\/noticias-em-jequie\/","nextItem":{"@type":"ListItem","@id":"https:\/\/www.encontrajequie.com.br\/sobre\/jequie-deve-ter-um-dia-com-muitas-nuvens-neste-sabado-11\/#listItem","name":"Jequi\u00e9 deve ter um dia com muitas nuvens neste s\u00e1bado (11)"},"previousItem":{"@type":"ListItem","@id":"https:\/\/www.encontrajequie.com.br\/sobre#listItem","name":"Home"}},{"@type":"ListItem","@id":"https:\/\/www.encontrajequie.com.br\/sobre\/jequie-deve-ter-um-dia-com-muitas-nuvens-neste-sabado-11\/#listItem","position":3,"name":"Jequi\u00e9 deve ter um dia com muitas nuvens neste s\u00e1bado (11)","previousItem":{"@type":"ListItem","@id":"https:\/\/www.encontrajequie.com.br\/sobre\/noticias-em-jequie\/#listItem","name":"Not\u00edcias Jequi\u00e9"}}]},{"@type":"Organization","@id":"https:\/\/www.encontrajequie.com.br\/sobre\/#organization","name":"Encontra Jequi\u00e9","description":"Not\u00edcias, eventos, informa\u00e7\u00f5es e dicas na cidade de Jequi\u00e9 e regi\u00e3o.","url":"https:\/\/www.encontrajequie.com.br\/sobre\/"},{"@type":"Person","@id":"https:\/\/www.encontrajequie.com.br\/sobre\/author\/ejequie\/#author","url":"https:\/\/www.encontrajequie.com.br\/sobre\/author\/ejequie\/","name":"Encontra Jequi\u00e9","image":{"@type":"ImageObject","@id":"https:\/\/www.encontrajequie.com.br\/sobre\/jequie-deve-ter-um-dia-com-muitas-nuvens-neste-sabado-11\/#authorImage","url":"https:\/\/secure.gravatar.com\/avatar\/507340682b8270222e1f208e23198b6ae7e2c6a1033ae84e99bc6bce4f82a387?s=96&d=mm&r=g","width":96,"height":96,"caption":"Encontra Jequi\u00e9"}},{"@type":"WebPage","@id":"https:\/\/www.encontrajequie.com.br\/sobre\/jequie-deve-ter-um-dia-com-muitas-nuvens-neste-sabado-11\/#webpage","url":"https:\/\/www.encontrajequie.com.br\/sobre\/jequie-deve-ter-um-dia-com-muitas-nuvens-neste-sabado-11\/","name":"Jequi\u00e9 deve ter um dia com muitas nuvens neste s\u00e1bado (11) | Encontra Jequi\u00e9","description":"Jequi\u00e9 ter\u00e1 um dia nublado e temperaturas entre 19\u00b0C e 31\u00b0C. N\u00e3o perca!","inLanguage":"pt-BR","isPartOf":{"@id":"https:\/\/www.encontrajequie.com.br\/sobre\/#website"},"breadcrumb":{"@id":"https:\/\/www.encontrajequie.com.br\/sobre\/jequie-deve-ter-um-dia-com-muitas-nuvens-neste-sabado-11\/#breadcrumblist"},"author":{"@id":"https:\/\/www.encontrajequie.com.br\/sobre\/author\/ejequie\/#author"},"creator":{"@id":"https:\/\/www.encontrajequie.com.br\/sobre\/author\/ejequie\/#author"},"image":{"@type":"ImageObject","url":"https:\/\/www.encontrajequie.com.br\/sobre\/wp-content\/uploads\/2026\/05\/jequie-deve-ter-um-dia-com-muitas-nuvens-neste-sabado-11.webp","@id":"https:\/\/www.encontrajequie.com.br\/sobre\/jequie-deve-ter-um-dia-com-muitas-nuvens-neste-sabado-11\/#mainImage","width":280,"height":280,"caption":"previs\u00e3o do tempo em Jequi\u00e9"},"primaryImageOfPage":{"@id":"https:\/\/www.encontrajequie.com.br\/sobre\/jequie-deve-ter-um-dia-com-muitas-nuvens-neste-sabado-11\/#mainImage"},"datePublished":"2026-05-01T03:32:09-03:00","dateModified":"2026-05-01T03:32:09-03:00"},{"@type":"WebSite","@id":"https:\/\/www.encontrajequie.com.br\/sobre\/#website","url":"https:\/\/www.encontrajequie.com.br\/sobre\/","name":"Encontra Jequi\u00e9","description":"Not\u00edcias, eventos, informa\u00e7\u00f5es e dicas na cidade de Jequi\u00e9 e regi\u00e3o.","inLanguage":"pt-BR","publisher":{"@id":"https:\/\/www.encontrajequie.com.br\/sobre\/#organization"}}]},"og:locale":"pt_BR","og:site_name":"Encontra Jequi\u00e9 | Not\u00edcias, eventos, informa\u00e7\u00f5es e dicas na cidade de Jequi\u00e9 e regi\u00e3o.","og:type":"article","og:title":"Jequi\u00e9 deve ter um dia com muitas nuvens neste s\u00e1bado (11) | Encontra Jequi\u00e9","og:description":"Jequi\u00e9 ter\u00e1 um dia nublado e temperaturas entre 19\u00b0C e 31\u00b0C. N\u00e3o perca!","og:url":"https:\/\/www.encontrajequie.com.br\/sobre\/jequie-deve-ter-um-dia-com-muitas-nuvens-neste-sabado-11\/","article:published_time":"2026-05-01T06:32:09+00:00","article:modified_time":"2026-05-01T06:32:09+00:00","twitter:card":"summary_large_image","twitter:title":"Jequi\u00e9 deve ter um dia com muitas nuvens neste s\u00e1bado (11) | Encontra Jequi\u00e9","twitter:description":"Jequi\u00e9 ter\u00e1 um dia nublado e temperaturas entre 19\u00b0C e 31\u00b0C. N\u00e3o perca!"},"aioseo_meta_data":{"post_id":"1084","title":null,"description":null,"keywords":null,"keyphrases":null,"primary_term":null,"canonical_url":null,"og_title":null,"og_description":null,"og_object_type":"default","og_image_type":"default","og_image_url":null,"og_image_width":null,"og_image_height":null,"og_image_custom_url":null,"og_image_custom_fields":null,"og_video":null,"og_custom_url":null,"og_article_section":null,"og_article_tags":null,"twitter_use_og":false,"twitter_card":"default","twitter_image_type":"default","twitter_image_url":null,"twitter_image_custom_url":null,"twitter_image_custom_fields":null,"twitter_title":null,"twitter_description":null,"schema":{"blockGraphs":[],"customGraphs":[],"default":{"data":{"Article":[],"Course":[],"Dataset":[],"FAQPage":[],"Movie":[],"Person":[],"Product":[],"ProductReview":[],"Car":[],"Recipe":[],"Service":[],"SoftwareApplication":[],"WebPage":[]},"graphName":"Article","isEnabled":true},"graphs":[]},"schema_type":"default","schema_type_options":null,"pillar_content":false,"robots_default":true,"robots_noindex":false,"robots_noarchive":false,"robots_nosnippet":false,"robots_nofollow":false,"robots_noimageindex":false,"robots_noodp":false,"robots_notranslate":false,"robots_max_snippet":null,"robots_max_videopreview":null,"robots_max_imagepreview":"large","priority":null,"frequency":null,"local_seo":null,"breadcrumb_settings":null,"limit_modified_date":false,"ai":null,"created":"2026-05-01 06:32:13","updated":"2026-05-01 06:33:43","focus_keyword":null,"additional_keywords":null,"truseo_locale":null,"seo_analyzer_scan_date":null},"aioseo_breadcrumb":"<div class=\"aioseo-breadcrumbs\"><span class=\"aioseo-breadcrumb\">\n\t\t\t<a href=\"https:\/\/www.encontrajequie.com.br\/sobre\" title=\"Home\">Home<\/a>\n\t\t<\/span><span class=\"aioseo-breadcrumb-separator\">&raquo;<\/span><span class=\"aioseo-breadcrumb\">\n\t\t\t<a href=\"https:\/\/www.encontrajequie.com.br\/sobre\/noticias-em-jequie\/\" title=\"Not\u00edcias Jequi\u00e9\">Not\u00edcias Jequi\u00e9<\/a>\n\t\t<\/span><span class=\"aioseo-breadcrumb-separator\">&raquo;<\/span><span class=\"aioseo-breadcrumb\">\n\t\t\tJequi\u00e9 deve ter um dia com muitas nuvens neste s\u00e1bado (11)\n\t\t<\/span><\/div>","aioseo_breadcrumb_json":[{"label":"Home","link":"https:\/\/www.encontrajequie.com.br\/sobre"},{"label":"Not\u00edcias Jequi\u00e9","link":"https:\/\/www.encontrajequie.com.br\/sobre\/noticias-em-jequie\/"},{"label":"Jequi\u00e9 deve ter um dia com muitas nuvens neste s\u00e1bado (11)","link":"https:\/\/www.encontrajequie.com.br\/sobre\/jequie-deve-ter-um-dia-com-muitas-nuvens-neste-sabado-11\/"}],"_links":{"self":[{"href":"https:\/\/www.encontrajequie.com.br\/sobre\/wp-json\/wp\/v2\/posts\/1084","targetHints":{"allow":["GET"]}}],"collection":[{"href":"https:\/\/www.encontrajequie.com.br\/sobre\/wp-json\/wp\/v2\/posts"}],"about":[{"href":"https:\/\/www.encontrajequie.com.br\/sobre\/wp-json\/wp\/v2\/types\/post"}],"author":[{"embeddable":true,"href":"https:\/\/www.encontrajequie.com.br\/sobre\/wp-json\/wp\/v2\/users\/1"}],"replies":[{"embeddable":true,"href":"https:\/\/www.encontrajequie.com.br\/sobre\/wp-json\/wp\/v2\/comments?post=1084"}],"version-history":[{"count":0,"href":"https:\/\/www.encontrajequie.com.br\/sobre\/wp-json\/wp\/v2\/posts\/1084\/revisions"}],"wp:featuredmedia":[{"embeddable":true,"href":"https:\/\/www.encontrajequie.com.br\/sobre\/wp-json\/wp\/v2\/media\/1083"}],"wp:attachment":[{"href":"https:\/\/www.encontrajequie.com.br\/sobre\/wp-json\/wp\/v2\/media?parent=1084"}],"wp:term":[{"taxonomy":"category","embeddable":true,"href":"https:\/\/www.encontrajequie.com.br\/sobre\/wp-json\/wp\/v2\/categories?post=1084"},{"taxonomy":"post_tag","embeddable":true,"href":"https:\/\/www.encontrajequie.com.br\/sobre\/wp-json\/wp\/v2\/tags?post=1084"}],"curies":[{"name":"wp","href":"https:\/\/api.w.org\/{rel}","templated":true}]}}