{"id":1088,"date":"2026-05-02T03:30:01","date_gmt":"2026-05-02T06:30:01","guid":{"rendered":"https:\/\/www.encontrajequie.com.br\/sobre\/com-show-musical-e-muita-animacao-prefeito-de-jequie-entrega-primeira-etapa-das-obras-de-modernizacao-da-praca-da-matriz\/"},"modified":"2026-05-02T03:30:01","modified_gmt":"2026-05-02T06:30:01","slug":"com-show-musical-e-muita-animacao-prefeito-de-jequie-entrega-primeira-etapa-das-obras-de-modernizacao-da-praca-da-matriz","status":"publish","type":"post","link":"https:\/\/www.encontrajequie.com.br\/sobre\/com-show-musical-e-muita-animacao-prefeito-de-jequie-entrega-primeira-etapa-das-obras-de-modernizacao-da-praca-da-matriz\/","title":{"rendered":"Com show musical e muita anima\u00e7\u00e3o, prefeito de Jequi\u00e9 entrega primeira etapa das obras de moderniza\u00e7\u00e3o da Pra\u00e7a da Matriz"},"content":{"rendered":"<div class=\"30cf832dc5940d4704f66d0ed9a44050\" data-index=\"1\" style=\"float: none; margin:0px;\">\n<!-- Anuncio display - global -->\r\n<ins class=\"adsbygoogle\"\r\n     style=\"display:block\"\r\n     data-ad-client=\"ca-pub-8585364105181520\"\r\n     data-ad-slot=\"8789329856\"\r\n     data-ad-format=\"auto\"\r\n     data-full-width-responsive=\"true\"><\/ins>\r\n<script>\r\n     (adsbygoogle = window.adsbygoogle || []).push({});\r\n<\/script>\n<\/div>\n<h2>A Entrega das Obras na Pra\u00e7a da Matriz<\/h2>\n<p>No dia 30 de abril de 2026, a Prefeitura de Jequi\u00e9, atrav\u00e9s da Secretaria de Infraestrutura, realizou uma cerim\u00f4nia para marcar a entrega da primeira fase das obras de revitaliza\u00e7\u00e3o da Pra\u00e7a Santo Ant\u00f4nio, tamb\u00e9m conhecida como Pra\u00e7a da Matriz. Este evento representou a concretiza\u00e7\u00e3o de um desejo antigo da comunidade, especialmente dos fi\u00e9is da igreja local. A inaugura\u00e7\u00e3o contou com a presen\u00e7a de v\u00e1rios dignit\u00e1rios, incluindo o prefeito Fl\u00e1vio Santana, a primeira-dama Mariana Oliva, e outras autoridades, que celebraram as melhorias realizadas no espa\u00e7o.<\/p>\n<h2>A Hist\u00f3ria da Pra\u00e7a Santo Ant\u00f4nio<\/h2>\n<p>A Pra\u00e7a Santo Ant\u00f4nio, situada nas proximidades da Igreja de Santo Ant\u00f4nio de P\u00e1dua, foi estabelecida na d\u00e9cada de 1930. Com o passar do tempo, o local tornou-se um ponto de encontro importante para a comunidade. Sua revitaliza\u00e7\u00e3o era esperada h\u00e1 muitos anos, visto que os moradores desejavam um ambiente que pudesse oferecer n\u00e3o apenas beleza, mas tamb\u00e9m conforto e acessibilidade para todos. A moderniza\u00e7\u00e3o da pra\u00e7a representa um novo cap\u00edtulo na sua longa hist\u00f3ria, trazendo novas possibilidades para a intera\u00e7\u00e3o social e cultural na regi\u00e3o.<\/p>\n<h2>O Papel da Comunidade na Revitaliza\u00e7\u00e3o<\/h2>\n<p>A participa\u00e7\u00e3o da comunidade foi essencial para que as obras de moderniza\u00e7\u00e3o da Pra\u00e7a da Matriz se tornassem realidade. O feedback da popula\u00e7\u00e3o sobre o que gostaria de ver no novo espa\u00e7o foi valioso para os planejadores do projeto. A integra\u00e7\u00e3o de ideias e sugest\u00f5es de moradores fez com que a revitaliza\u00e7\u00e3o atendesse realmente \u00e0s necessidades e expectativas de quem frequenta a pra\u00e7a. Al\u00e9m disso, a celebra\u00e7\u00e3o do evento de entrega das obras foi um reflexo do envolvimento ativo e do entusiasmo da comunidade local.<\/p>\n<p><img decoding=\"async\" src=\"https:\/\/www.encontrajequie.com.br\/sobre\/wp-content\/uploads\/2026\/05\/com-show-musical-e-muita-animacao-prefeito-de-jequie-entrega-primeira-etapa-das-obras-de-modernizaca.webp\" alt=\"moderniza\u00e7\u00e3o da Pra\u00e7a da Matriz\" loading=\"lazy\" \/><\/p>\n<h2>Detalhes da Moderniza\u00e7\u00e3o e Sustentabilidade<\/h2>\n<p>A revitaliza\u00e7\u00e3o da Pra\u00e7a Santo Ant\u00f4nio incluiu a implanta\u00e7\u00e3o de um novo piso que garante conforto e acessibilidade, al\u00e9m de mesas para atividades recreativas, promovendo a conviv\u00eancia social entre os frequentadores. O projeto tamb\u00e9m valorizou elementos de paisagismo com \u00e1reas verdes, oferecendo um ambiente agrad\u00e1vel para relaxamento e lazer. Um dos aspectos mais destacados foi a instala\u00e7\u00e3o de um inovador sistema de ilumina\u00e7\u00e3o em LED, que n\u00e3o apenas embeleza o espa\u00e7o, mas tamb\u00e9m melhora a seguran\u00e7a, vital para um ambiente p\u00fablico ativo noturnamente. Essa aten\u00e7\u00e3o aos detalhes tamb\u00e9m reflete uma preocupa\u00e7\u00e3o com a sustentabilidade, pois a ilumina\u00e7\u00e3o em LED \u00e9 mais eficiente e reduz o consumo de energia.<\/p>\n<h2>Eventos que Promovem a Integra\u00e7\u00e3o Social<\/h2>\n<p>A entrega das obras foi um evento marcado por atividades culturais, que inclu\u00edram uma apresenta\u00e7\u00e3o musical do cantor Lucas Neco e sua banda. O momento tamb\u00e9m contou com a exibi\u00e7\u00e3o de um v\u00eddeo que revisitou a hist\u00f3ria da pra\u00e7a, proporcionando um espa\u00e7o para a reflex\u00e3o e mem\u00f3ria coletiva da comunidade. Al\u00e9m disso, foram instalados diversos brinquedos no local, garantindo que as crian\u00e7as pudessem se divertir enquanto seus respons\u00e1veis desfrutavam do ambiente revitalizado. A celebra\u00e7\u00e3o se tornou um momento de lazer e integra\u00e7\u00e3o para fam\u00edlias, ilustrando como a moderniza\u00e7\u00e3o da pra\u00e7a tamb\u00e9m visa promover eventos sociais e culturais.<\/p>\n<h2>As Emendas Parlamentares e Seu Impacto<\/h2>\n<p>A revitaliza\u00e7\u00e3o da Pra\u00e7a Santo Ant\u00f4nio foi viabilizada em parte por emendas parlamentares, destacando o papel vital que a parceria entre os governos federal e municipal desempenha em projetos de infraestrutura. O deputado federal Leur Lomanto foi fundamental nesse processo, atuando como um elo entre o munic\u00edpio e os recursos necess\u00e1rios para a execu\u00e7\u00e3o das obras. A contrapartida do munic\u00edpio tamb\u00e9m evidencia o compromisso local com a melhoria da qualidade de vida de seus cidad\u00e3os, mostrando que investimento em espa\u00e7os p\u00fablicos \u00e9 um passo importante para a promo\u00e7\u00e3o do bem-estar social.<\/p>\n<h2>Import\u00e2ncia do Espa\u00e7o na Vida Local<\/h2>\n<p>A Pra\u00e7a Santo Ant\u00f4nio desempenha um papel significativo na vida cotidiana de Jequi\u00e9. Como um dos principais cart\u00f5es-postais da cidade, a pra\u00e7a n\u00e3o \u00e9 apenas um local de passagem, mas se torna um ponto de refer\u00eancia para eventos culturais, religiosos e sociais. Este espa\u00e7o oferece oportunidades para que as pessoas se encontrem, interajam e celebrem a vida comunit\u00e1ria. A revitaliza\u00e7\u00e3o assegura que esse espa\u00e7o continue a ser um cora\u00e7\u00e3o pulsante da cidade, onde a comunidade pode se reunir, compartilhar momentos e criar novas mem\u00f3rias.<\/p>\n<h2>Atividades Recreativas na Nova Pra\u00e7a<\/h2>\n<p>Com a moderniza\u00e7\u00e3o, a Pra\u00e7a da Matriz se torna um espa\u00e7o convidativo para diversas atividades recreativas. As mesas instaladas permitem que grupos de amigos e fam\u00edlias se re\u00fanam para jogos, lanches e conversas, enquanto as novas \u00e1reas verdes oferecem um local para relaxar e apreciar a natureza. As crian\u00e7as, com os novos brinquedos, podem brincar em um ambiente seguro e divertido. Espera-se que as atividades promovam um estilo de vida ativo, incentivando o uso do espa\u00e7o de forma saud\u00e1vel e comunit\u00e1ria.<\/p>\n<h2>A Nova Ilumina\u00e7\u00e3o em LED e Seguran\u00e7a<\/h2>\n<p>A seguran\u00e7a \u00e9 uma preocupa\u00e7\u00e3o priorit\u00e1ria em qualquer espa\u00e7o p\u00fablico, e a nova ilumina\u00e7\u00e3o em LED da Pra\u00e7a da Matriz \u00e9 uma resposta a essa necessidade. A ilumina\u00e7\u00e3o n\u00e3o s\u00f3 real\u00e7a a beleza do local, mas tamb\u00e9m cria um ambiente mais seguro para os frequentadores, especialmente durante a noite. A visibilidade melhorada dissuade comportamentos indesejados, tornando a pra\u00e7a um lugar onde as fam\u00edlias e todas as faixas et\u00e1rias se sintam confort\u00e1veis e seguras para aproveitar o espa\u00e7o p\u00fablico em qualquer hora do dia.<\/p>\n<h2>Depoimentos Sobre a Revitaliza\u00e7\u00e3o<\/h2>\n<p>No evento de entrega, o bispo Dom Paulo Romeu Bastos expressou sua gratid\u00e3o e destacou a import\u00e2ncia das melhorias na pra\u00e7a. Ele enfatizou que a revitaliza\u00e7\u00e3o n\u00e3o apenas embeleza o espa\u00e7o, mas tamb\u00e9m simboliza um compromisso comunit\u00e1rio. O prefeito Fl\u00e1vio Santana, durante sua fala, tamb\u00e9m reiterou a import\u00e2ncia das emendas conquistadas e reafirmou o compromisso do governo municipal com o bem-estar da popula\u00e7\u00e3o. A honra de agora contar com uma Pra\u00e7a Santo Ant\u00f4nio revitalizada foi um motivo de alegria e celebra\u00e7\u00e3o para todos os presentes. <\/p>\n\n<div style=\"font-size: 0px; height: 0px; line-height: 0px; margin: 0; padding: 0; clear: both;\"><\/div>","protected":false},"excerpt":{"rendered":"<p>Pra\u00e7a da Matriz em Jequi\u00e9 ganha obras de moderniza\u00e7\u00e3o e anima\u00e7\u00e3o na entrega.<\/p>\n","protected":false},"author":1,"featured_media":1087,"comment_status":"open","ping_status":"closed","sticky":false,"template":"","format":"standard","meta":{"footnotes":""},"categories":[1],"tags":[],"class_list":["post-1088","post","type-post","status-publish","format-standard","has-post-thumbnail","hentry","category-noticias-em-jequie","has_thumb"],"aioseo_notices":[],"_links":{"self":[{"href":"https:\/\/www.encontrajequie.com.br\/sobre\/wp-json\/wp\/v2\/posts\/1088","targetHints":{"allow":["GET"]}}],"collection":[{"href":"https:\/\/www.encontrajequie.com.br\/sobre\/wp-json\/wp\/v2\/posts"}],"about":[{"href":"https:\/\/www.encontrajequie.com.br\/sobre\/wp-json\/wp\/v2\/types\/post"}],"author":[{"embeddable":true,"href":"https:\/\/www.encontrajequie.com.br\/sobre\/wp-json\/wp\/v2\/users\/1"}],"replies":[{"embeddable":true,"href":"https:\/\/www.encontrajequie.com.br\/sobre\/wp-json\/wp\/v2\/comments?post=1088"}],"version-history":[{"count":0,"href":"https:\/\/www.encontrajequie.com.br\/sobre\/wp-json\/wp\/v2\/posts\/1088\/revisions"}],"wp:featuredmedia":[{"embeddable":true,"href":"https:\/\/www.encontrajequie.com.br\/sobre\/wp-json\/wp\/v2\/media\/1087"}],"wp:attachment":[{"href":"https:\/\/www.encontrajequie.com.br\/sobre\/wp-json\/wp\/v2\/media?parent=1088"}],"wp:term":[{"taxonomy":"category","embeddable":true,"href":"https:\/\/www.encontrajequie.com.br\/sobre\/wp-json\/wp\/v2\/categories?post=1088"},{"taxonomy":"post_tag","embeddable":true,"href":"https:\/\/www.encontrajequie.com.br\/sobre\/wp-json\/wp\/v2\/tags?post=1088"}],"curies":[{"name":"wp","href":"https:\/\/api.w.org\/{rel}","templated":true}]}}