{"id":1116,"date":"2026-05-07T03:31:16","date_gmt":"2026-05-07T06:31:16","guid":{"rendered":"https:\/\/www.encontrajequie.com.br\/sobre\/sao-joao-de-jequie-ba-joao-gomes-nattan-e-adelmario-coelho-confirmados\/"},"modified":"2026-05-07T03:31:16","modified_gmt":"2026-05-07T06:31:16","slug":"sao-joao-de-jequie-ba-joao-gomes-nattan-e-adelmario-coelho-confirmados","status":"publish","type":"post","link":"https:\/\/www.encontrajequie.com.br\/sobre\/sao-joao-de-jequie-ba-joao-gomes-nattan-e-adelmario-coelho-confirmados\/","title":{"rendered":"S\u00e3o Jo\u00e3o de Jequi\u00e9 (BA): Jo\u00e3o Gomes, Nattan e Adelm\u00e1rio Coelho confirmados"},"content":{"rendered":"<div class=\"30cf832dc5940d4704f66d0ed9a44050\" data-index=\"1\" style=\"float: none; margin:0px;\">\n<!-- Anuncio display - global -->\r\n<ins class=\"adsbygoogle\"\r\n     style=\"display:block\"\r\n     data-ad-client=\"ca-pub-8585364105181520\"\r\n     data-ad-slot=\"8789329856\"\r\n     data-ad-format=\"auto\"\r\n     data-full-width-responsive=\"true\"><\/ins>\r\n<script>\r\n     (adsbygoogle = window.adsbygoogle || []).push({});\r\n<\/script>\n<\/div>\n<h2>Artistas Confirmados Para o S\u00e3o Jo\u00e3o de Jequi\u00e9<\/h2>\n<p>O <strong>S\u00e3o Jo\u00e3o de Jequi\u00e9<\/strong>, um dos eventos juninos mais esperados da Bahia, contar\u00e1 com um line-up recheado de artistas renomados. Entre as apresenta\u00e7\u00f5es confirmadas, destacam-se algumas das maiores estrelas do forr\u00f3 e da m\u00fasica popular brasileira. De acordo com a prefeitura local, o evento contar\u00e1 com nomes como:<\/p>\n<ul>\n<li>Jo\u00e3o Gomes<\/li>\n<li>Nattan<\/li>\n<li>Adelm\u00e1rio Coelho<\/li>\n<li>Toque Dez<\/li>\n<li>Lim\u00e3o com Mel<\/li>\n<li>Victor e Leo<\/li>\n<li>Unha Pintada<\/li>\n<li>Mari Fernandez<\/li>\n<li>Tarc\u00edsio do Acordeon<\/li>\n<li>Natanzinho Lima<\/li>\n<li>Felipe Amorim<\/li>\n<li>Eduardo Costa<\/li>\n<li>Iguinho e Lulinha<\/li>\n<li>L\u00e9o Santana<\/li>\n<li>Elba Ramalho<\/li>\n<li>Pablo<\/li>\n<li>Bruno e Marrone<\/li>\n<li>Luiz Caldas<\/li>\n<\/ul>\n<p>A expectativa \u00e9 alta entre os f\u00e3s que aguardam ansiosamente quais m\u00fasicas ser\u00e3o apresentadas, como o sucesso \u201cBaldio\u201d de Jo\u00e3o Gomes e \u201cCora\u00e7\u00e3o de Pedra\u201d de Nattan, por exemplo.<\/p>\n<h2>Atra\u00e7\u00f5es Musicais que Voc\u00ea N\u00e3o Pode Perder<\/h2>\n<p>O <strong>S\u00e3o Jo\u00e3o de Jequi\u00e9<\/strong> promete ser um espet\u00e1culo musical, reunindo grandes talentos da m\u00fasica brasileira. Cada noite ser\u00e1 uma vitrine de performances que celebram a cultura nordestina, prometendo encantar o p\u00fablico. Os visitantes poder\u00e3o dan\u00e7ar ao som de forr\u00f3s tradicionais e outras m\u00fasicas que fazem parte da identidade musical da regi\u00e3o.<\/p>\n<p><img decoding=\"async\" src=\"https:\/\/www.encontrajequie.com.br\/sobre\/wp-content\/uploads\/2026\/05\/sao-joao-de-jequie-ba-joao-gomes-nattan-e-adelmario-coelho-confirmados.webp\" alt=\"S\u00e3o Jo\u00e3o de Jequi\u00e9\" loading=\"lazy\" \/><\/p>\n<h2>Import\u00e2ncia Cultural do S\u00e3o Jo\u00e3o em Jequi\u00e9<\/h2>\n<p>Mais do que uma simples celebra\u00e7\u00e3o, o S\u00e3o Jo\u00e3o representa a rica cultura nordestina. Em Jequi\u00e9, essa festividade \u00e9 uma forma de reafirmar a identidade local, valorizando costumes e tradi\u00e7\u00f5es que t\u00eam sido passados de gera\u00e7\u00e3o para gera\u00e7\u00e3o. Durante o evento, os participantes t\u00eam a oportunidade de se deliciar com pratos t\u00edpicos, como:<\/p>\n<ul>\n<li>Milho verde<\/li>\n<li>Bolo de fub\u00e1<\/li>\n<li>Canjica<\/li>\n<li>Doces de milho<\/li>\n<\/ul>\n<p>Esses quitutes se tornam \u00edcones da culin\u00e1ria junina, atraindo n\u00e3o s\u00f3 moradores, mas turistas de v\u00e1rias partes do pa\u00eds, que v\u00eam em busca de sabores \u00fanicos e experi\u00eancias culturais.<\/p>\n<h2>Como o Evento Impulsiona a Economia Local<\/h2>\n<p>A realiza\u00e7\u00e3o do <strong>S\u00e3o Jo\u00e3o de Jequi\u00e9<\/strong> tem um impacto significativo na economia local. A presen\u00e7a de milhares de turistas durante os dias de festa gera um aumento no movimento comercial, favorecendo principalmente os restaurantes e pequenos comerciantes, que vendem desde comidas t\u00edpicas at\u00e9 artesanatos locais. Essa movimenta\u00e7\u00e3o proporciona:<\/p>\n<ul>\n<li>Cria\u00e7\u00e3o de empregos tempor\u00e1rios<\/li>\n<li>Incremento nas vendas do com\u00e9rcio local<\/li>\n<li>Valoriza\u00e7\u00e3o da m\u00e3o de obra regional<\/li>\n<\/ul>\n<p>O evento, portanto, n\u00e3o apenas celebra a cultura, mas tamb\u00e9m serve como um motor econ\u00f4mico para a cidade e sua popula\u00e7\u00e3o.<\/p>\n<h2>Datas e Local dos Shows em 2026<\/h2>\n<p>Os shows do <strong>S\u00e3o Jo\u00e3o de Jequi\u00e9<\/strong> est\u00e3o agendados para acontecer na <strong>Pra\u00e7a da Bandeira<\/strong>, um dos espa\u00e7os mais tradicionais da cidade, entre os dias <strong>14 e 24 de junho<\/strong>. Essa localiza\u00e7\u00e3o central \u00e9 ideal para receber o grande p\u00fablico esperado durante o evento, que contar\u00e1 com apresenta\u00e7\u00f5es todas as noites.<\/p>\n<h2>O que Esperar do S\u00e3o Jo\u00e3o de Jequi\u00e9<\/h2>\n<p>A edi\u00e7\u00e3o deste ano do <strong>S\u00e3o Jo\u00e3o de Jequi\u00e9<\/strong> est\u00e1 sendo preparada para ser ainda mais grandiosa do que as anteriores. Os organizadores prometem melhorias na estrutura do evento, investindo em seguran\u00e7a, acessibilidade e oferta de alimentos. Espera-se que o ambiente festivo traga um clima de reencontro, para fam\u00edlias e amigos que n\u00e3o puderam celebrar juntos nos \u00faltimos anos.<\/p>\n<h2>Expectativa do P\u00fablico Para as Festividades<\/h2>\n<p>As expectativa em rela\u00e7\u00e3o ao p\u00fablico \u00e9 alta, com moradores de Jequi\u00e9 e de cidades vizinhas como <strong>Itamari<\/strong> e <strong>Laje<\/strong> se preparando para participar das festividades. A conex\u00e3o emocional que muitos artistas t\u00eam com a cidade \u00e9 um atrativo adicional, estimulando a presen\u00e7a de f\u00e3s que desejam prestigiar os shows de seus \u00eddolos. Al\u00e9m disso, o evento dever\u00e1 incluir uma variedade de dan\u00e7as e express\u00f5es culturais, que prometem engrandecer ainda mais a festa.<\/p>\n<h2>Gastronomia T\u00edpica Nas Festas Juninas<\/h2>\n<p>A gastronomia \u00e9 um dos pontos altos do <strong>S\u00e3o Jo\u00e3o de Jequi\u00e9<\/strong>. As t\u00edpicas comidas juninas n\u00e3o apenas satisfazem o paladar, mas tamb\u00e9m s\u00e3o parte fundamental da cultura. Entre as iguarias que s\u00e3o tradi\u00e7\u00e3o nas festas juninas, podemos destacar:<\/p>\n<ul>\n<li>Pamonha<\/li>\n<li>P\u00e9-de-moleque<\/li>\n<li>Canjica<\/li>\n<li>Pipoca<\/li>\n<li>Quent\u00e3o<\/li>\n<\/ul>\n<p>Essas iguarias, que refletem os sabores do exterior e as tradi\u00e7\u00f5es da culin\u00e1ria nordestina, oferecer\u00e3o uma experi\u00eancia completa aos visitantes.<\/p>\n<h2>Conex\u00e3o entre Artistas e o P\u00fablico Baiano<\/h2>\n<p>A rela\u00e7\u00e3o entre os artistas e o p\u00fablico baiano \u00e9 uma das caracter\u00edsticas mais marcantes do <strong>S\u00e3o Jo\u00e3o de Jequi\u00e9<\/strong>. Muitos dos m\u00fasicos que se apresentar\u00e3o t\u00eam ra\u00edzes na Bahia e se sentem conectados \u00e0 cultura local. Essa cumplicidade se reflete nas performances emotivas e na intera\u00e7\u00e3o com o p\u00fablico, criando um elo que agrada a todos os presentes. A presen\u00e7a de artistas populares promete momentos vibrantes e emocionantes ao longo do evento.<\/p>\n<h2>Preparativos para o S\u00e3o Jo\u00e3o e a Cultura Local<\/h2>\n<p>Os preparativos para o <strong>S\u00e3o Jo\u00e3o de Jequi\u00e9<\/strong> est\u00e3o em andamento, mobilizando n\u00e3o s\u00f3 os organizadores, mas tamb\u00e9m a comunidade local. Com\u00e9rcios se preparam para atender \u00e0 demanda crescente de turistas, criando uma atmosfera festiva nas ruas. A conscientiza\u00e7\u00e3o sobre a import\u00e2ncia do evento para a cultura local e para a economia \u00e9 um motivador para que todos se envolvam. A expectativa \u00e9 que o evento n\u00e3o s\u00f3 celebre a cultura nordestina, mas tamb\u00e9m fa\u00e7a de Jequi\u00e9 um ponto de encontro para amigos e familiares, promovendo um reencontro cheio de alegria, m\u00fasica e dan\u00e7a.<\/p>\n\n<div style=\"font-size: 0px; height: 0px; line-height: 0px; margin: 0; padding: 0; clear: both;\"><\/div>","protected":false},"excerpt":{"rendered":"<p>S\u00e3o Jo\u00e3o de Jequi\u00e9 2026 promete grandes atra\u00e7\u00f5es, descubra tudo!<\/p>\n","protected":false},"author":1,"featured_media":1115,"comment_status":"open","ping_status":"closed","sticky":false,"template":"","format":"standard","meta":{"footnotes":""},"categories":[1],"tags":[],"class_list":["post-1116","post","type-post","status-publish","format-standard","has-post-thumbnail","hentry","category-noticias-em-jequie","has_thumb"],"aioseo_notices":[],"aioseo_head":"\n\t\t<!-- All in One SEO 5.0.0.1 - aioseo.com -->\n\t<meta name=\"description\" content=\"S\u00e3o Jo\u00e3o de Jequi\u00e9 2026 promete grandes atra\u00e7\u00f5es, descubra tudo!\" \/>\n\t<meta name=\"robots\" content=\"max-image-preview:large\" \/>\n\t<meta name=\"author\" content=\"Encontra Jequi\u00e9\"\/>\n\t<link rel=\"canonical\" href=\"https:\/\/www.encontrajequie.com.br\/sobre\/sao-joao-de-jequie-ba-joao-gomes-nattan-e-adelmario-coelho-confirmados\/\" \/>\n\t<meta name=\"generator\" content=\"All in One SEO (AIOSEO) 5.0.0.1\" \/>\n\t\t<meta property=\"og:locale\" content=\"pt_BR\" \/>\n\t\t<meta property=\"og:site_name\" content=\"Encontra Jequi\u00e9 | Not\u00edcias, eventos, informa\u00e7\u00f5es e dicas na cidade de Jequi\u00e9 e regi\u00e3o.\" \/>\n\t\t<meta property=\"og:type\" content=\"article\" \/>\n\t\t<meta property=\"og:title\" content=\"S\u00e3o Jo\u00e3o de Jequi\u00e9 (BA): Jo\u00e3o Gomes, Nattan e Adelm\u00e1rio Coelho confirmados | Encontra Jequi\u00e9\" \/>\n\t\t<meta property=\"og:description\" content=\"S\u00e3o Jo\u00e3o de Jequi\u00e9 2026 promete grandes atra\u00e7\u00f5es, descubra tudo!\" \/>\n\t\t<meta property=\"og:url\" content=\"https:\/\/www.encontrajequie.com.br\/sobre\/sao-joao-de-jequie-ba-joao-gomes-nattan-e-adelmario-coelho-confirmados\/\" \/>\n\t\t<meta property=\"article:published_time\" content=\"2026-05-07T06:31:16+00:00\" \/>\n\t\t<meta property=\"article:modified_time\" content=\"2026-05-07T06:31:16+00:00\" \/>\n\t\t<meta name=\"twitter:card\" content=\"summary_large_image\" \/>\n\t\t<meta name=\"twitter:title\" content=\"S\u00e3o Jo\u00e3o de Jequi\u00e9 (BA): Jo\u00e3o Gomes, Nattan e Adelm\u00e1rio Coelho confirmados | Encontra Jequi\u00e9\" \/>\n\t\t<meta name=\"twitter:description\" content=\"S\u00e3o Jo\u00e3o de Jequi\u00e9 2026 promete grandes atra\u00e7\u00f5es, descubra tudo!\" \/>\n\t\t<script type=\"application\/ld+json\" class=\"aioseo-schema\">\n\t\t\t{\"@context\":\"https:\\\/\\\/schema.org\",\"@graph\":[{\"@type\":\"Article\",\"@id\":\"https:\\\/\\\/www.encontrajequie.com.br\\\/sobre\\\/sao-joao-de-jequie-ba-joao-gomes-nattan-e-adelmario-coelho-confirmados\\\/#article\",\"name\":\"S\\u00e3o Jo\\u00e3o de Jequi\\u00e9 (BA): Jo\\u00e3o Gomes, Nattan e Adelm\\u00e1rio Coelho confirmados | Encontra Jequi\\u00e9\",\"headline\":\"S\\u00e3o Jo\\u00e3o de Jequi\\u00e9 (BA): Jo\\u00e3o Gomes, Nattan e Adelm\\u00e1rio Coelho confirmados\",\"author\":{\"@id\":\"https:\\\/\\\/www.encontrajequie.com.br\\\/sobre\\\/author\\\/ejequie\\\/#author\"},\"publisher\":{\"@id\":\"https:\\\/\\\/www.encontrajequie.com.br\\\/sobre\\\/#organization\"},\"image\":{\"@type\":\"ImageObject\",\"url\":\"https:\\\/\\\/www.encontrajequie.com.br\\\/sobre\\\/wp-content\\\/uploads\\\/2026\\\/05\\\/sao-joao-de-jequie-ba-joao-gomes-nattan-e-adelmario-coelho-confirmados.webp\",\"width\":280,\"height\":280,\"caption\":\"S\\u00e3o Jo\\u00e3o de Jequi\\u00e9\"},\"datePublished\":\"2026-05-07T03:31:16-03:00\",\"dateModified\":\"2026-05-07T03:31:16-03:00\",\"inLanguage\":\"pt-BR\",\"mainEntityOfPage\":{\"@id\":\"https:\\\/\\\/www.encontrajequie.com.br\\\/sobre\\\/sao-joao-de-jequie-ba-joao-gomes-nattan-e-adelmario-coelho-confirmados\\\/#webpage\"},\"isPartOf\":{\"@id\":\"https:\\\/\\\/www.encontrajequie.com.br\\\/sobre\\\/sao-joao-de-jequie-ba-joao-gomes-nattan-e-adelmario-coelho-confirmados\\\/#webpage\"},\"articleSection\":\"Not\\u00edcias Jequi\\u00e9\"},{\"@type\":\"BreadcrumbList\",\"@id\":\"https:\\\/\\\/www.encontrajequie.com.br\\\/sobre\\\/sao-joao-de-jequie-ba-joao-gomes-nattan-e-adelmario-coelho-confirmados\\\/#breadcrumblist\",\"itemListElement\":[{\"@type\":\"ListItem\",\"@id\":\"https:\\\/\\\/www.encontrajequie.com.br\\\/sobre#listItem\",\"position\":1,\"name\":\"Home\",\"item\":\"https:\\\/\\\/www.encontrajequie.com.br\\\/sobre\",\"nextItem\":{\"@type\":\"ListItem\",\"@id\":\"https:\\\/\\\/www.encontrajequie.com.br\\\/sobre\\\/noticias-em-jequie\\\/#listItem\",\"name\":\"Not\\u00edcias Jequi\\u00e9\"}},{\"@type\":\"ListItem\",\"@id\":\"https:\\\/\\\/www.encontrajequie.com.br\\\/sobre\\\/noticias-em-jequie\\\/#listItem\",\"position\":2,\"name\":\"Not\\u00edcias Jequi\\u00e9\",\"item\":\"https:\\\/\\\/www.encontrajequie.com.br\\\/sobre\\\/noticias-em-jequie\\\/\",\"nextItem\":{\"@type\":\"ListItem\",\"@id\":\"https:\\\/\\\/www.encontrajequie.com.br\\\/sobre\\\/sao-joao-de-jequie-ba-joao-gomes-nattan-e-adelmario-coelho-confirmados\\\/#listItem\",\"name\":\"S\\u00e3o Jo\\u00e3o de Jequi\\u00e9 (BA): Jo\\u00e3o Gomes, Nattan e Adelm\\u00e1rio Coelho confirmados\"},\"previousItem\":{\"@type\":\"ListItem\",\"@id\":\"https:\\\/\\\/www.encontrajequie.com.br\\\/sobre#listItem\",\"name\":\"Home\"}},{\"@type\":\"ListItem\",\"@id\":\"https:\\\/\\\/www.encontrajequie.com.br\\\/sobre\\\/sao-joao-de-jequie-ba-joao-gomes-nattan-e-adelmario-coelho-confirmados\\\/#listItem\",\"position\":3,\"name\":\"S\\u00e3o Jo\\u00e3o de Jequi\\u00e9 (BA): Jo\\u00e3o Gomes, Nattan e Adelm\\u00e1rio Coelho confirmados\",\"previousItem\":{\"@type\":\"ListItem\",\"@id\":\"https:\\\/\\\/www.encontrajequie.com.br\\\/sobre\\\/noticias-em-jequie\\\/#listItem\",\"name\":\"Not\\u00edcias Jequi\\u00e9\"}}]},{\"@type\":\"Organization\",\"@id\":\"https:\\\/\\\/www.encontrajequie.com.br\\\/sobre\\\/#organization\",\"name\":\"Encontra Jequi\\u00e9\",\"description\":\"Not\\u00edcias, eventos, informa\\u00e7\\u00f5es e dicas na cidade de Jequi\\u00e9 e regi\\u00e3o.\",\"url\":\"https:\\\/\\\/www.encontrajequie.com.br\\\/sobre\\\/\"},{\"@type\":\"Person\",\"@id\":\"https:\\\/\\\/www.encontrajequie.com.br\\\/sobre\\\/author\\\/ejequie\\\/#author\",\"url\":\"https:\\\/\\\/www.encontrajequie.com.br\\\/sobre\\\/author\\\/ejequie\\\/\",\"name\":\"Encontra Jequi\\u00e9\",\"image\":{\"@type\":\"ImageObject\",\"@id\":\"https:\\\/\\\/www.encontrajequie.com.br\\\/sobre\\\/sao-joao-de-jequie-ba-joao-gomes-nattan-e-adelmario-coelho-confirmados\\\/#authorImage\",\"url\":\"https:\\\/\\\/secure.gravatar.com\\\/avatar\\\/507340682b8270222e1f208e23198b6ae7e2c6a1033ae84e99bc6bce4f82a387?s=96&d=mm&r=g\",\"width\":96,\"height\":96,\"caption\":\"Encontra Jequi\\u00e9\"}},{\"@type\":\"WebPage\",\"@id\":\"https:\\\/\\\/www.encontrajequie.com.br\\\/sobre\\\/sao-joao-de-jequie-ba-joao-gomes-nattan-e-adelmario-coelho-confirmados\\\/#webpage\",\"url\":\"https:\\\/\\\/www.encontrajequie.com.br\\\/sobre\\\/sao-joao-de-jequie-ba-joao-gomes-nattan-e-adelmario-coelho-confirmados\\\/\",\"name\":\"S\\u00e3o Jo\\u00e3o de Jequi\\u00e9 (BA): Jo\\u00e3o Gomes, Nattan e Adelm\\u00e1rio Coelho confirmados | Encontra Jequi\\u00e9\",\"description\":\"S\\u00e3o Jo\\u00e3o de Jequi\\u00e9 2026 promete grandes atra\\u00e7\\u00f5es, descubra tudo!\",\"inLanguage\":\"pt-BR\",\"isPartOf\":{\"@id\":\"https:\\\/\\\/www.encontrajequie.com.br\\\/sobre\\\/#website\"},\"breadcrumb\":{\"@id\":\"https:\\\/\\\/www.encontrajequie.com.br\\\/sobre\\\/sao-joao-de-jequie-ba-joao-gomes-nattan-e-adelmario-coelho-confirmados\\\/#breadcrumblist\"},\"author\":{\"@id\":\"https:\\\/\\\/www.encontrajequie.com.br\\\/sobre\\\/author\\\/ejequie\\\/#author\"},\"creator\":{\"@id\":\"https:\\\/\\\/www.encontrajequie.com.br\\\/sobre\\\/author\\\/ejequie\\\/#author\"},\"image\":{\"@type\":\"ImageObject\",\"url\":\"https:\\\/\\\/www.encontrajequie.com.br\\\/sobre\\\/wp-content\\\/uploads\\\/2026\\\/05\\\/sao-joao-de-jequie-ba-joao-gomes-nattan-e-adelmario-coelho-confirmados.webp\",\"@id\":\"https:\\\/\\\/www.encontrajequie.com.br\\\/sobre\\\/sao-joao-de-jequie-ba-joao-gomes-nattan-e-adelmario-coelho-confirmados\\\/#mainImage\",\"width\":280,\"height\":280,\"caption\":\"S\\u00e3o Jo\\u00e3o de Jequi\\u00e9\"},\"primaryImageOfPage\":{\"@id\":\"https:\\\/\\\/www.encontrajequie.com.br\\\/sobre\\\/sao-joao-de-jequie-ba-joao-gomes-nattan-e-adelmario-coelho-confirmados\\\/#mainImage\"},\"datePublished\":\"2026-05-07T03:31:16-03:00\",\"dateModified\":\"2026-05-07T03:31:16-03:00\"},{\"@type\":\"WebSite\",\"@id\":\"https:\\\/\\\/www.encontrajequie.com.br\\\/sobre\\\/#website\",\"url\":\"https:\\\/\\\/www.encontrajequie.com.br\\\/sobre\\\/\",\"name\":\"Encontra Jequi\\u00e9\",\"description\":\"Not\\u00edcias, eventos, informa\\u00e7\\u00f5es e dicas na cidade de Jequi\\u00e9 e regi\\u00e3o.\",\"inLanguage\":\"pt-BR\",\"publisher\":{\"@id\":\"https:\\\/\\\/www.encontrajequie.com.br\\\/sobre\\\/#organization\"}}]}\n\t\t<\/script>\n\t\t<!-- All in One SEO -->\n\n","aioseo_head_json":{"title":"S\u00e3o Jo\u00e3o de Jequi\u00e9 (BA): Jo\u00e3o Gomes, Nattan e Adelm\u00e1rio Coelho confirmados | Encontra Jequi\u00e9","description":"S\u00e3o Jo\u00e3o de Jequi\u00e9 2026 promete grandes atra\u00e7\u00f5es, descubra tudo!","canonical_url":"https:\/\/www.encontrajequie.com.br\/sobre\/sao-joao-de-jequie-ba-joao-gomes-nattan-e-adelmario-coelho-confirmados\/","robots":"max-image-preview:large","keywords":"","webmasterTools":{"miscellaneous":""},"schema":{"@context":"https:\/\/schema.org","@graph":[{"@type":"Article","@id":"https:\/\/www.encontrajequie.com.br\/sobre\/sao-joao-de-jequie-ba-joao-gomes-nattan-e-adelmario-coelho-confirmados\/#article","name":"S\u00e3o Jo\u00e3o de Jequi\u00e9 (BA): Jo\u00e3o Gomes, Nattan e Adelm\u00e1rio Coelho confirmados | Encontra Jequi\u00e9","headline":"S\u00e3o Jo\u00e3o de Jequi\u00e9 (BA): Jo\u00e3o Gomes, Nattan e Adelm\u00e1rio Coelho confirmados","author":{"@id":"https:\/\/www.encontrajequie.com.br\/sobre\/author\/ejequie\/#author"},"publisher":{"@id":"https:\/\/www.encontrajequie.com.br\/sobre\/#organization"},"image":{"@type":"ImageObject","url":"https:\/\/www.encontrajequie.com.br\/sobre\/wp-content\/uploads\/2026\/05\/sao-joao-de-jequie-ba-joao-gomes-nattan-e-adelmario-coelho-confirmados.webp","width":280,"height":280,"caption":"S\u00e3o Jo\u00e3o de Jequi\u00e9"},"datePublished":"2026-05-07T03:31:16-03:00","dateModified":"2026-05-07T03:31:16-03:00","inLanguage":"pt-BR","mainEntityOfPage":{"@id":"https:\/\/www.encontrajequie.com.br\/sobre\/sao-joao-de-jequie-ba-joao-gomes-nattan-e-adelmario-coelho-confirmados\/#webpage"},"isPartOf":{"@id":"https:\/\/www.encontrajequie.com.br\/sobre\/sao-joao-de-jequie-ba-joao-gomes-nattan-e-adelmario-coelho-confirmados\/#webpage"},"articleSection":"Not\u00edcias Jequi\u00e9"},{"@type":"BreadcrumbList","@id":"https:\/\/www.encontrajequie.com.br\/sobre\/sao-joao-de-jequie-ba-joao-gomes-nattan-e-adelmario-coelho-confirmados\/#breadcrumblist","itemListElement":[{"@type":"ListItem","@id":"https:\/\/www.encontrajequie.com.br\/sobre#listItem","position":1,"name":"Home","item":"https:\/\/www.encontrajequie.com.br\/sobre","nextItem":{"@type":"ListItem","@id":"https:\/\/www.encontrajequie.com.br\/sobre\/noticias-em-jequie\/#listItem","name":"Not\u00edcias Jequi\u00e9"}},{"@type":"ListItem","@id":"https:\/\/www.encontrajequie.com.br\/sobre\/noticias-em-jequie\/#listItem","position":2,"name":"Not\u00edcias Jequi\u00e9","item":"https:\/\/www.encontrajequie.com.br\/sobre\/noticias-em-jequie\/","nextItem":{"@type":"ListItem","@id":"https:\/\/www.encontrajequie.com.br\/sobre\/sao-joao-de-jequie-ba-joao-gomes-nattan-e-adelmario-coelho-confirmados\/#listItem","name":"S\u00e3o Jo\u00e3o de Jequi\u00e9 (BA): Jo\u00e3o Gomes, Nattan e Adelm\u00e1rio Coelho confirmados"},"previousItem":{"@type":"ListItem","@id":"https:\/\/www.encontrajequie.com.br\/sobre#listItem","name":"Home"}},{"@type":"ListItem","@id":"https:\/\/www.encontrajequie.com.br\/sobre\/sao-joao-de-jequie-ba-joao-gomes-nattan-e-adelmario-coelho-confirmados\/#listItem","position":3,"name":"S\u00e3o Jo\u00e3o de Jequi\u00e9 (BA): Jo\u00e3o Gomes, Nattan e Adelm\u00e1rio Coelho confirmados","previousItem":{"@type":"ListItem","@id":"https:\/\/www.encontrajequie.com.br\/sobre\/noticias-em-jequie\/#listItem","name":"Not\u00edcias Jequi\u00e9"}}]},{"@type":"Organization","@id":"https:\/\/www.encontrajequie.com.br\/sobre\/#organization","name":"Encontra Jequi\u00e9","description":"Not\u00edcias, eventos, informa\u00e7\u00f5es e dicas na cidade de Jequi\u00e9 e regi\u00e3o.","url":"https:\/\/www.encontrajequie.com.br\/sobre\/"},{"@type":"Person","@id":"https:\/\/www.encontrajequie.com.br\/sobre\/author\/ejequie\/#author","url":"https:\/\/www.encontrajequie.com.br\/sobre\/author\/ejequie\/","name":"Encontra Jequi\u00e9","image":{"@type":"ImageObject","@id":"https:\/\/www.encontrajequie.com.br\/sobre\/sao-joao-de-jequie-ba-joao-gomes-nattan-e-adelmario-coelho-confirmados\/#authorImage","url":"https:\/\/secure.gravatar.com\/avatar\/507340682b8270222e1f208e23198b6ae7e2c6a1033ae84e99bc6bce4f82a387?s=96&d=mm&r=g","width":96,"height":96,"caption":"Encontra Jequi\u00e9"}},{"@type":"WebPage","@id":"https:\/\/www.encontrajequie.com.br\/sobre\/sao-joao-de-jequie-ba-joao-gomes-nattan-e-adelmario-coelho-confirmados\/#webpage","url":"https:\/\/www.encontrajequie.com.br\/sobre\/sao-joao-de-jequie-ba-joao-gomes-nattan-e-adelmario-coelho-confirmados\/","name":"S\u00e3o Jo\u00e3o de Jequi\u00e9 (BA): Jo\u00e3o Gomes, Nattan e Adelm\u00e1rio Coelho confirmados | Encontra Jequi\u00e9","description":"S\u00e3o Jo\u00e3o de Jequi\u00e9 2026 promete grandes atra\u00e7\u00f5es, descubra tudo!","inLanguage":"pt-BR","isPartOf":{"@id":"https:\/\/www.encontrajequie.com.br\/sobre\/#website"},"breadcrumb":{"@id":"https:\/\/www.encontrajequie.com.br\/sobre\/sao-joao-de-jequie-ba-joao-gomes-nattan-e-adelmario-coelho-confirmados\/#breadcrumblist"},"author":{"@id":"https:\/\/www.encontrajequie.com.br\/sobre\/author\/ejequie\/#author"},"creator":{"@id":"https:\/\/www.encontrajequie.com.br\/sobre\/author\/ejequie\/#author"},"image":{"@type":"ImageObject","url":"https:\/\/www.encontrajequie.com.br\/sobre\/wp-content\/uploads\/2026\/05\/sao-joao-de-jequie-ba-joao-gomes-nattan-e-adelmario-coelho-confirmados.webp","@id":"https:\/\/www.encontrajequie.com.br\/sobre\/sao-joao-de-jequie-ba-joao-gomes-nattan-e-adelmario-coelho-confirmados\/#mainImage","width":280,"height":280,"caption":"S\u00e3o Jo\u00e3o de Jequi\u00e9"},"primaryImageOfPage":{"@id":"https:\/\/www.encontrajequie.com.br\/sobre\/sao-joao-de-jequie-ba-joao-gomes-nattan-e-adelmario-coelho-confirmados\/#mainImage"},"datePublished":"2026-05-07T03:31:16-03:00","dateModified":"2026-05-07T03:31:16-03:00"},{"@type":"WebSite","@id":"https:\/\/www.encontrajequie.com.br\/sobre\/#website","url":"https:\/\/www.encontrajequie.com.br\/sobre\/","name":"Encontra Jequi\u00e9","description":"Not\u00edcias, eventos, informa\u00e7\u00f5es e dicas na cidade de Jequi\u00e9 e regi\u00e3o.","inLanguage":"pt-BR","publisher":{"@id":"https:\/\/www.encontrajequie.com.br\/sobre\/#organization"}}]},"og:locale":"pt_BR","og:site_name":"Encontra Jequi\u00e9 | Not\u00edcias, eventos, informa\u00e7\u00f5es e dicas na cidade de Jequi\u00e9 e regi\u00e3o.","og:type":"article","og:title":"S\u00e3o Jo\u00e3o de Jequi\u00e9 (BA): Jo\u00e3o Gomes, Nattan e Adelm\u00e1rio Coelho confirmados | Encontra Jequi\u00e9","og:description":"S\u00e3o Jo\u00e3o de Jequi\u00e9 2026 promete grandes atra\u00e7\u00f5es, descubra tudo!","og:url":"https:\/\/www.encontrajequie.com.br\/sobre\/sao-joao-de-jequie-ba-joao-gomes-nattan-e-adelmario-coelho-confirmados\/","article:published_time":"2026-05-07T06:31:16+00:00","article:modified_time":"2026-05-07T06:31:16+00:00","twitter:card":"summary_large_image","twitter:title":"S\u00e3o Jo\u00e3o de Jequi\u00e9 (BA): Jo\u00e3o Gomes, Nattan e Adelm\u00e1rio Coelho confirmados | Encontra Jequi\u00e9","twitter:description":"S\u00e3o Jo\u00e3o de Jequi\u00e9 2026 promete grandes atra\u00e7\u00f5es, descubra tudo!"},"aioseo_meta_data":{"post_id":"1116","title":null,"description":null,"keywords":null,"keyphrases":null,"primary_term":null,"canonical_url":null,"og_title":null,"og_description":null,"og_object_type":"default","og_image_type":"default","og_image_url":null,"og_image_width":null,"og_image_height":null,"og_image_custom_url":null,"og_image_custom_fields":null,"og_video":null,"og_custom_url":null,"og_article_section":null,"og_article_tags":null,"twitter_use_og":false,"twitter_card":"default","twitter_image_type":"default","twitter_image_url":null,"twitter_image_custom_url":null,"twitter_image_custom_fields":null,"twitter_title":null,"twitter_description":null,"schema":{"blockGraphs":[],"customGraphs":[],"default":{"data":{"Article":[],"Course":[],"Dataset":[],"FAQPage":[],"Movie":[],"Person":[],"Product":[],"ProductReview":[],"Car":[],"Recipe":[],"Service":[],"SoftwareApplication":[],"WebPage":[]},"graphName":"Article","isEnabled":true},"graphs":[]},"schema_type":"default","schema_type_options":null,"pillar_content":false,"robots_default":true,"robots_noindex":false,"robots_noarchive":false,"robots_nosnippet":false,"robots_nofollow":false,"robots_noimageindex":false,"robots_noodp":false,"robots_notranslate":false,"robots_max_snippet":null,"robots_max_videopreview":null,"robots_max_imagepreview":"large","priority":null,"frequency":null,"local_seo":null,"breadcrumb_settings":null,"limit_modified_date":false,"ai":null,"created":"2026-05-07 06:31:20","updated":"2026-05-07 06:36:00","focus_keyword":null,"additional_keywords":null,"truseo_locale":null,"seo_analyzer_scan_date":null},"aioseo_breadcrumb":"<div class=\"aioseo-breadcrumbs\"><span class=\"aioseo-breadcrumb\">\n\t\t\t<a href=\"https:\/\/www.encontrajequie.com.br\/sobre\" title=\"Home\">Home<\/a>\n\t\t<\/span><span class=\"aioseo-breadcrumb-separator\">&raquo;<\/span><span class=\"aioseo-breadcrumb\">\n\t\t\t<a href=\"https:\/\/www.encontrajequie.com.br\/sobre\/noticias-em-jequie\/\" title=\"Not\u00edcias Jequi\u00e9\">Not\u00edcias Jequi\u00e9<\/a>\n\t\t<\/span><span class=\"aioseo-breadcrumb-separator\">&raquo;<\/span><span class=\"aioseo-breadcrumb\">\n\t\t\tS\u00e3o Jo\u00e3o de Jequi\u00e9 (BA): Jo\u00e3o Gomes, Nattan e Adelm\u00e1rio Coelho confirmados\n\t\t<\/span><\/div>","aioseo_breadcrumb_json":[{"label":"Home","link":"https:\/\/www.encontrajequie.com.br\/sobre"},{"label":"Not\u00edcias Jequi\u00e9","link":"https:\/\/www.encontrajequie.com.br\/sobre\/noticias-em-jequie\/"},{"label":"S\u00e3o Jo\u00e3o de Jequi\u00e9 (BA): Jo\u00e3o Gomes, Nattan e Adelm\u00e1rio Coelho confirmados","link":"https:\/\/www.encontrajequie.com.br\/sobre\/sao-joao-de-jequie-ba-joao-gomes-nattan-e-adelmario-coelho-confirmados\/"}],"_links":{"self":[{"href":"https:\/\/www.encontrajequie.com.br\/sobre\/wp-json\/wp\/v2\/posts\/1116","targetHints":{"allow":["GET"]}}],"collection":[{"href":"https:\/\/www.encontrajequie.com.br\/sobre\/wp-json\/wp\/v2\/posts"}],"about":[{"href":"https:\/\/www.encontrajequie.com.br\/sobre\/wp-json\/wp\/v2\/types\/post"}],"author":[{"embeddable":true,"href":"https:\/\/www.encontrajequie.com.br\/sobre\/wp-json\/wp\/v2\/users\/1"}],"replies":[{"embeddable":true,"href":"https:\/\/www.encontrajequie.com.br\/sobre\/wp-json\/wp\/v2\/comments?post=1116"}],"version-history":[{"count":0,"href":"https:\/\/www.encontrajequie.com.br\/sobre\/wp-json\/wp\/v2\/posts\/1116\/revisions"}],"wp:featuredmedia":[{"embeddable":true,"href":"https:\/\/www.encontrajequie.com.br\/sobre\/wp-json\/wp\/v2\/media\/1115"}],"wp:attachment":[{"href":"https:\/\/www.encontrajequie.com.br\/sobre\/wp-json\/wp\/v2\/media?parent=1116"}],"wp:term":[{"taxonomy":"category","embeddable":true,"href":"https:\/\/www.encontrajequie.com.br\/sobre\/wp-json\/wp\/v2\/categories?post=1116"},{"taxonomy":"post_tag","embeddable":true,"href":"https:\/\/www.encontrajequie.com.br\/sobre\/wp-json\/wp\/v2\/tags?post=1116"}],"curies":[{"name":"wp","href":"https:\/\/api.w.org\/{rel}","templated":true}]}}