{"id":1122,"date":"2026-05-08T03:32:44","date_gmt":"2026-05-08T06:32:44","guid":{"rendered":"https:\/\/www.encontrajequie.com.br\/sobre\/mp-abre-inquerito-para-fiscalizar-gastos-da-prefeitura-de-jequie-no-sao-joao-de-2026\/"},"modified":"2026-05-08T03:32:44","modified_gmt":"2026-05-08T06:32:44","slug":"mp-abre-inquerito-para-fiscalizar-gastos-da-prefeitura-de-jequie-no-sao-joao-de-2026","status":"publish","type":"post","link":"https:\/\/www.encontrajequie.com.br\/sobre\/mp-abre-inquerito-para-fiscalizar-gastos-da-prefeitura-de-jequie-no-sao-joao-de-2026\/","title":{"rendered":"MP abre inqu\u00e9rito para fiscalizar gastos da prefeitura de Jequi\u00e9 no S\u00e3o Jo\u00e3o de 2026"},"content":{"rendered":"<div class=\"30cf832dc5940d4704f66d0ed9a44050\" data-index=\"1\" style=\"float: none; margin:0px;\">\n<!-- Anuncio display - global -->\r\n<ins class=\"adsbygoogle\"\r\n     style=\"display:block\"\r\n     data-ad-client=\"ca-pub-8585364105181520\"\r\n     data-ad-slot=\"8789329856\"\r\n     data-ad-format=\"auto\"\r\n     data-full-width-responsive=\"true\"><\/ins>\r\n<script>\r\n     (adsbygoogle = window.adsbygoogle || []).push({});\r\n<\/script>\n<\/div>\n<h2>Contexto da Festa de S\u00e3o Jo\u00e3o em Jequi\u00e9<\/h2>\n<p>O S\u00e3o Jo\u00e3o de Jequi\u00e9 \u00e9 um dos eventos mais aguardados no calend\u00e1rio festivo da Bahia. Conhecida por suas tradi\u00e7\u00f5es folcl\u00f3ricas e celebra\u00e7\u00f5es animadas, a festa atrai muitos visitantes e contribui significativamente para a economia local. Com uma programa\u00e7\u00e3o repleta de shows de artistas renomados e diversas atra\u00e7\u00f5es culturais, a festa tem sufrido um crescimento exponencial em termos de investimento p\u00fablico.<\/p>\n<p>Nos \u00faltimos anos, o evento foi protagonizado por grandes nomes da m\u00fasica, consolidando sua posi\u00e7\u00e3o como um dos mais caros do estado, compar\u00e1vel a festivais em cidades maiores como Salvador. A prepara\u00e7\u00e3o para a festa envolve uma vasta log\u00edstica, que fica sob a responsabilidade das autoridades municipais, que devem garantir que a festividade atenda \u00e0s expectativas do p\u00fablico e respeite os limites or\u00e7ament\u00e1rios estabelecidos pela administra\u00e7\u00e3o p\u00fablica.<\/p>\n<h2>Inqu\u00e9rito do MP contra Gastos Excessivos<\/h2>\n<p>Recentemente, o Minist\u00e9rio P\u00fablico da Bahia (MP-BA) abriu um inqu\u00e9rito que visa monitorar os gastos da Prefeitura de Jequi\u00e9 durante o S\u00e3o Jo\u00e3o de 2026. A motiva\u00e7\u00e3o para essa a\u00e7\u00e3o \u00e9 a preocupa\u00e7\u00e3o com as despesas excessivas que, no \u00faltimo ano, ultrapassaram R$ 15 milh\u00f5es. O inqu\u00e9rito busca assegurar que o dinheiro p\u00fablico seja utilizado de forma respons\u00e1vel, respeitando os princ\u00edpios da razoabilidade e proporcionalidade nas contrata\u00e7\u00f5es.<\/p>\n<p><img decoding=\"async\" src=\"https:\/\/www.encontrajequie.com.br\/sobre\/wp-content\/uploads\/2026\/05\/mp-abre-inquerito-para-fiscalizar-gastos-da-prefeitura-de-jequie-no-sao-joao-de-2026.webp\" alt=\"S\u00e3o Jo\u00e3o de Jequi\u00e9\" loading=\"lazy\" \/><\/p>\n<p>A festa de 2025, que aconteceu sob a gest\u00e3o do ex-prefeito Z\u00e9 Coc\u00e1, desvelou gastos consider\u00e1veis, como os R$ 1,1 milh\u00e3o destinados ao cach\u00ea de Wesley Safad\u00e3o, um dos artistas mais populares do Brasil. O MP ressaltou a necessidade de evitar que os custos com contratos de artistas e infraestrutura comprometam servi\u00e7os essenciais da cidade.<\/p>\n<h2>Impacto dos Gastos na Sa\u00fade P\u00fablica<\/h2>\n<p>Um dos principais aspectos levantados pelo MP \u00e9 o impacto das despesas excessivas sobre a sa\u00fade p\u00fablica e outros servi\u00e7os essenciais. O uso desmedido de recursos financeiros em eventos como o S\u00e3o Jo\u00e3o pode acarretar a redu\u00e7\u00e3o de investimentos em \u00e1reas cr\u00edticas, como sa\u00fade e educa\u00e7\u00e3o. Assim, o \u00f3rg\u00e3o ministerial se prop\u00f5e a garantir que os recursos p\u00fablicos sejam empregados de maneira a n\u00e3o comprometer a qualidade de vida dos cidad\u00e3os jequieenses.<\/p>\n<p>O inqu\u00e9rito implica uma an\u00e1lise minuciosa, onde todos os contratos firmados para o evento, assim como os processos de inexigibilidade de licita\u00e7\u00e3o, ser\u00e3o avaliados. Essa medida reflete um esfor\u00e7o em promover a transpar\u00eancia nos gastos p\u00fablicos e a responsabilidade fiscal.<\/p>\n<h2>Artistas Confirmados para o S\u00e3o Jo\u00e3o<\/h2>\n<p>Embora o foco da investiga\u00e7\u00e3o do MP seja os gastos excessivos, o evento ainda promete um line-up de artistas que agrada aos diversos p\u00fablicos. Nomes como Nattan, L\u00e9o Santana e Nattanzinho Lima j\u00e1 foram confirmados para as festividades de 2026. A presen\u00e7a desses artistas renomados atrai uma enorme quantidade de turistas, o que contribui para o aquecimento da economia local, principalmente no setor de servi\u00e7os.<\/p>\n<p>Os f\u00e3s de forr\u00f3 e de m\u00fasica popular brasileira t\u00eam muito a esperar, pois a diversidade musical \u00e9 uma marca registrada do S\u00e3o Jo\u00e3o de Jequi\u00e9. Entretanto, a promo\u00e7\u00e3o desse entretenimento deve vir acompanhada de uma gest\u00e3o financeira eficiente, que n\u00e3o prejudique a infraestrutura b\u00e1sica do munic\u00edpio.<\/p>\n<h2>Decis\u00e3o do MP e suas Implica\u00e7\u00f5es<\/h2>\n<p>A decis\u00e3o do MP de investigar os gastos da Prefeitura de Jequi\u00e9 \u00e9 um marco importante para a fiscaliza\u00e7\u00e3o do uso do er\u00e1rio. Com a pr\u00e1tica de auditorias e inqu\u00e9ritos, o Minist\u00e9rio P\u00fablico pretende assegurar que n\u00e3o haja desvios de finalidade ou gastos que coloquem a cidade em situa\u00e7\u00e3o de vulnerabilidade.<\/p>\n<p>Al\u00e9m disso, essa medida pode incentivar outras cidades a adotarem posturas semelhantes, promovendo uma cultura de maior vigil\u00e2ncia e transpar\u00eancia na gest\u00e3o p\u00fablica em todo o estado da Bahia. O inqu\u00e9rito pode resultar em ajustes nas pol\u00edticas de gastos para festividades municipais em geral, levando em conta a import\u00e2ncia de equilibrar celebra\u00e7\u00f5es culturais com as necessidades da popula\u00e7\u00e3o.<\/p>\n<h2>Requisitos para Despesas da Prefeitura<\/h2>\n<p>As diretrizes para a realiza\u00e7\u00e3o de eventos p\u00fablicos trazem a necessidade de um planejamento detalhado, fundamentado por normativas claras que regem a administra\u00e7\u00e3o financeira do munic\u00edpio. Esse planejamento deve incluir a justificativa dos gastos, o retorno esperado em termos de previd\u00eancia social e econ\u00f4mica e a considera\u00e7\u00e3o dos anseios da popula\u00e7\u00e3o local.<\/p>\n<p>Para o S\u00e3o Jo\u00e3o de Jequi\u00e9, \u00e9 necess\u00e1rio que os contratos realizados sejam compat\u00edveis com a Lei de Responsabilidade Fiscal (LRF), a qual estabelece regras sobre a gest\u00e3o fiscal e o uso de recursos p\u00fablicos. As prefeituras devem, portanto, apresentar justificativas que comprovem a necessidade dos investimentos e buscar alternativas de patroc\u00ednio que n\u00e3o sobrecarreguem as finan\u00e7as p\u00fablicas.<\/p>\n<h2>A import\u00e2ncia da Fiscaliza\u00e7\u00e3o P\u00fablica<\/h2>\n<p>A fiscaliza\u00e7\u00e3o na gest\u00e3o p\u00fablica \u00e9 vital para a preserva\u00e7\u00e3o dos interesses da sociedade. \u00c9 por meio desse processo que se evitam abusos e garantem-se que os recursos p\u00fablicos sejam utilizados corretamente. O MP tem um papel fundamental nessa fun\u00e7\u00e3o, promovendo a\u00e7\u00f5es que visem \u00e0 accountability e \u00e0 puni\u00e7\u00e3o de eventuais irregularidades.<\/p>\n<p>Com o olhar atento da sociedade e das institui\u00e7\u00f5es, \u00e9 poss\u00edvel fomentar um ambiente onde a transpar\u00eancia prevale\u00e7a e a popula\u00e7\u00e3o possa confiar que os investimentos feitos em festas e eventos n\u00e3o comprometam seu bem-estar. Essa confian\u00e7a \u00e9 essencial para a manuten\u00e7\u00e3o da coes\u00e3o social e da participa\u00e7\u00e3o cidad\u00e3 nos processos democr\u00e1ticos.<\/p>\n<h2>Consequ\u00eancias da Fuga dos Recursos<\/h2>\n<p>A destina\u00e7\u00e3o inadequada de recursos em eventos p\u00fablicos pode resultar em diversas consequ\u00eancias negativas para a sociedade. Um uso irrespons\u00e1vel do er\u00e1rio pode levar ao comprometimento de servi\u00e7os fundamentais, como sa\u00fade, educa\u00e7\u00e3o e seguran\u00e7a. Assim, quando os recursos destinados \u00e0 festividade ultrapassam aquilo que \u00e9 considerado razo\u00e1vel, coloca-se em risco a qualidade de vida dos cidad\u00e3os.<\/p>\n<p>Al\u00e9m disso, a falta de fiscaliza\u00e7\u00e3o pode alimentar pr\u00e1ticas corruptas, onde os interesses pessoais se sobrep\u00f5em ao interesse coletivo. Isso gera desconfian\u00e7a na administra\u00e7\u00e3o p\u00fablica e diminui a participa\u00e7\u00e3o popular nas decis\u00f5es que afetam a vida da comunidade.<\/p>\n<h2>Expectativa da Comunidade Jequieense<\/h2>\n<p>A comunidade de Jequi\u00e9 est\u00e1 ansiosa para a chegada do S\u00e3o Jo\u00e3o, mas tamb\u00e9m se preocupa com a forma como os gastos ser\u00e3o geridos. O desejo \u00e9 que a festa seja grandiosa, mas que n\u00e3o comprometa o funcionamento da m\u00e1quina p\u00fablica. Os jequieenses aguardam a promessa de festas que, al\u00e9m de trazer cultura e divers\u00e3o, n\u00e3o releguem as necessidades da popula\u00e7\u00e3o a segundo plano.<\/p>\n<p>Existem apelos para que a prefeitura busque parcerias, empresas locais e patroc\u00ednios que possam auxiliar financeiros, diminuindo assim o peso das despesas sobre os cofres p\u00fablicos. A expectativa \u00e9 que a festa respeite a ess\u00eancia da tradi\u00e7\u00e3o da cidade, alinhando entretenimento com responsabilidade fiscal.<\/p>\n<h2>Pr\u00f3ximos Passos para a Prefeitura de Jequi\u00e9<\/h2>\n<p>Diante da abertura do inqu\u00e9rito e das preocupa\u00e7\u00f5es da popula\u00e7\u00e3o, a Prefeitura de Jequi\u00e9 ter\u00e1 que adotar medidas para garantir a transpar\u00eancia e a responsabilidade em seus gastos. Isso envolve a elabora\u00e7\u00e3o detalhada de um planejamento que demonstre o uso eficiente dos recursos e o impacto positivo que o evento ter\u00e1 na comunidade.<\/p>\n<p>Al\u00e9m disso, ser\u00e1 essencial que a prefeitura disponibilize informa\u00e7\u00f5es acess\u00edveis sobre contratos e gastos relacionados ao S\u00e3o Jo\u00e3o, permitindo que a popula\u00e7\u00e3o acompanhe o andamento das despesas. Por fim, fortalecer a comunica\u00e7\u00e3o com a sociedade tamb\u00e9m ser\u00e1 crucial para construir a confian\u00e7a necess\u00e1ria para que a festa se realize em harmonia com as expectativas dos cidad\u00e3os.<\/p>\n\n<div style=\"font-size: 0px; height: 0px; line-height: 0px; margin: 0; padding: 0; clear: both;\"><\/div>","protected":false},"excerpt":{"rendered":"<p>MP ir\u00e1 investigar gastos da Prefeitura de Jequi\u00e9 no S\u00e3o Jo\u00e3o de 2026.<\/p>\n","protected":false},"author":1,"featured_media":1121,"comment_status":"open","ping_status":"closed","sticky":false,"template":"","format":"standard","meta":{"footnotes":""},"categories":[1],"tags":[],"class_list":["post-1122","post","type-post","status-publish","format-standard","has-post-thumbnail","hentry","category-noticias-em-jequie","has_thumb"],"aioseo_notices":[],"aioseo_head":"\n\t\t<!-- All in One SEO 5.0.0.1 - aioseo.com -->\n\t<meta name=\"description\" content=\"MP ir\u00e1 investigar gastos da Prefeitura de Jequi\u00e9 no S\u00e3o Jo\u00e3o de 2026.\" \/>\n\t<meta name=\"robots\" content=\"max-image-preview:large\" \/>\n\t<meta name=\"author\" content=\"Encontra Jequi\u00e9\"\/>\n\t<link rel=\"canonical\" href=\"https:\/\/www.encontrajequie.com.br\/sobre\/mp-abre-inquerito-para-fiscalizar-gastos-da-prefeitura-de-jequie-no-sao-joao-de-2026\/\" \/>\n\t<meta name=\"generator\" content=\"All in One SEO (AIOSEO) 5.0.0.1\" \/>\n\t\t<meta property=\"og:locale\" content=\"pt_BR\" \/>\n\t\t<meta property=\"og:site_name\" content=\"Encontra Jequi\u00e9 | Not\u00edcias, eventos, informa\u00e7\u00f5es e dicas na cidade de Jequi\u00e9 e regi\u00e3o.\" \/>\n\t\t<meta property=\"og:type\" content=\"article\" \/>\n\t\t<meta property=\"og:title\" content=\"MP abre inqu\u00e9rito para fiscalizar gastos da prefeitura de Jequi\u00e9 no S\u00e3o Jo\u00e3o de 2026 | Encontra Jequi\u00e9\" \/>\n\t\t<meta property=\"og:description\" content=\"MP ir\u00e1 investigar gastos da Prefeitura de Jequi\u00e9 no S\u00e3o Jo\u00e3o de 2026.\" \/>\n\t\t<meta property=\"og:url\" content=\"https:\/\/www.encontrajequie.com.br\/sobre\/mp-abre-inquerito-para-fiscalizar-gastos-da-prefeitura-de-jequie-no-sao-joao-de-2026\/\" \/>\n\t\t<meta property=\"article:published_time\" content=\"2026-05-08T06:32:44+00:00\" \/>\n\t\t<meta property=\"article:modified_time\" content=\"2026-05-08T06:32:44+00:00\" \/>\n\t\t<meta name=\"twitter:card\" content=\"summary_large_image\" \/>\n\t\t<meta name=\"twitter:title\" content=\"MP abre inqu\u00e9rito para fiscalizar gastos da prefeitura de Jequi\u00e9 no S\u00e3o Jo\u00e3o de 2026 | Encontra Jequi\u00e9\" \/>\n\t\t<meta name=\"twitter:description\" content=\"MP ir\u00e1 investigar gastos da Prefeitura de Jequi\u00e9 no S\u00e3o Jo\u00e3o de 2026.\" \/>\n\t\t<script type=\"application\/ld+json\" class=\"aioseo-schema\">\n\t\t\t{\"@context\":\"https:\\\/\\\/schema.org\",\"@graph\":[{\"@type\":\"Article\",\"@id\":\"https:\\\/\\\/www.encontrajequie.com.br\\\/sobre\\\/mp-abre-inquerito-para-fiscalizar-gastos-da-prefeitura-de-jequie-no-sao-joao-de-2026\\\/#article\",\"name\":\"MP abre inqu\\u00e9rito para fiscalizar gastos da prefeitura de Jequi\\u00e9 no S\\u00e3o Jo\\u00e3o de 2026 | Encontra Jequi\\u00e9\",\"headline\":\"MP abre inqu\\u00e9rito para fiscalizar gastos da prefeitura de Jequi\\u00e9 no S\\u00e3o Jo\\u00e3o de 2026\",\"author\":{\"@id\":\"https:\\\/\\\/www.encontrajequie.com.br\\\/sobre\\\/author\\\/ejequie\\\/#author\"},\"publisher\":{\"@id\":\"https:\\\/\\\/www.encontrajequie.com.br\\\/sobre\\\/#organization\"},\"image\":{\"@type\":\"ImageObject\",\"url\":\"https:\\\/\\\/www.encontrajequie.com.br\\\/sobre\\\/wp-content\\\/uploads\\\/2026\\\/05\\\/mp-abre-inquerito-para-fiscalizar-gastos-da-prefeitura-de-jequie-no-sao-joao-de-2026.webp\",\"width\":280,\"height\":280,\"caption\":\"S\\u00e3o Jo\\u00e3o de Jequi\\u00e9\"},\"datePublished\":\"2026-05-08T03:32:44-03:00\",\"dateModified\":\"2026-05-08T03:32:44-03:00\",\"inLanguage\":\"pt-BR\",\"mainEntityOfPage\":{\"@id\":\"https:\\\/\\\/www.encontrajequie.com.br\\\/sobre\\\/mp-abre-inquerito-para-fiscalizar-gastos-da-prefeitura-de-jequie-no-sao-joao-de-2026\\\/#webpage\"},\"isPartOf\":{\"@id\":\"https:\\\/\\\/www.encontrajequie.com.br\\\/sobre\\\/mp-abre-inquerito-para-fiscalizar-gastos-da-prefeitura-de-jequie-no-sao-joao-de-2026\\\/#webpage\"},\"articleSection\":\"Not\\u00edcias Jequi\\u00e9\"},{\"@type\":\"BreadcrumbList\",\"@id\":\"https:\\\/\\\/www.encontrajequie.com.br\\\/sobre\\\/mp-abre-inquerito-para-fiscalizar-gastos-da-prefeitura-de-jequie-no-sao-joao-de-2026\\\/#breadcrumblist\",\"itemListElement\":[{\"@type\":\"ListItem\",\"@id\":\"https:\\\/\\\/www.encontrajequie.com.br\\\/sobre#listItem\",\"position\":1,\"name\":\"Home\",\"item\":\"https:\\\/\\\/www.encontrajequie.com.br\\\/sobre\",\"nextItem\":{\"@type\":\"ListItem\",\"@id\":\"https:\\\/\\\/www.encontrajequie.com.br\\\/sobre\\\/noticias-em-jequie\\\/#listItem\",\"name\":\"Not\\u00edcias Jequi\\u00e9\"}},{\"@type\":\"ListItem\",\"@id\":\"https:\\\/\\\/www.encontrajequie.com.br\\\/sobre\\\/noticias-em-jequie\\\/#listItem\",\"position\":2,\"name\":\"Not\\u00edcias Jequi\\u00e9\",\"item\":\"https:\\\/\\\/www.encontrajequie.com.br\\\/sobre\\\/noticias-em-jequie\\\/\",\"nextItem\":{\"@type\":\"ListItem\",\"@id\":\"https:\\\/\\\/www.encontrajequie.com.br\\\/sobre\\\/mp-abre-inquerito-para-fiscalizar-gastos-da-prefeitura-de-jequie-no-sao-joao-de-2026\\\/#listItem\",\"name\":\"MP abre inqu\\u00e9rito para fiscalizar gastos da prefeitura de Jequi\\u00e9 no S\\u00e3o Jo\\u00e3o de 2026\"},\"previousItem\":{\"@type\":\"ListItem\",\"@id\":\"https:\\\/\\\/www.encontrajequie.com.br\\\/sobre#listItem\",\"name\":\"Home\"}},{\"@type\":\"ListItem\",\"@id\":\"https:\\\/\\\/www.encontrajequie.com.br\\\/sobre\\\/mp-abre-inquerito-para-fiscalizar-gastos-da-prefeitura-de-jequie-no-sao-joao-de-2026\\\/#listItem\",\"position\":3,\"name\":\"MP abre inqu\\u00e9rito para fiscalizar gastos da prefeitura de Jequi\\u00e9 no S\\u00e3o Jo\\u00e3o de 2026\",\"previousItem\":{\"@type\":\"ListItem\",\"@id\":\"https:\\\/\\\/www.encontrajequie.com.br\\\/sobre\\\/noticias-em-jequie\\\/#listItem\",\"name\":\"Not\\u00edcias Jequi\\u00e9\"}}]},{\"@type\":\"Organization\",\"@id\":\"https:\\\/\\\/www.encontrajequie.com.br\\\/sobre\\\/#organization\",\"name\":\"Encontra Jequi\\u00e9\",\"description\":\"Not\\u00edcias, eventos, informa\\u00e7\\u00f5es e dicas na cidade de Jequi\\u00e9 e regi\\u00e3o.\",\"url\":\"https:\\\/\\\/www.encontrajequie.com.br\\\/sobre\\\/\"},{\"@type\":\"Person\",\"@id\":\"https:\\\/\\\/www.encontrajequie.com.br\\\/sobre\\\/author\\\/ejequie\\\/#author\",\"url\":\"https:\\\/\\\/www.encontrajequie.com.br\\\/sobre\\\/author\\\/ejequie\\\/\",\"name\":\"Encontra Jequi\\u00e9\",\"image\":{\"@type\":\"ImageObject\",\"@id\":\"https:\\\/\\\/www.encontrajequie.com.br\\\/sobre\\\/mp-abre-inquerito-para-fiscalizar-gastos-da-prefeitura-de-jequie-no-sao-joao-de-2026\\\/#authorImage\",\"url\":\"https:\\\/\\\/secure.gravatar.com\\\/avatar\\\/507340682b8270222e1f208e23198b6ae7e2c6a1033ae84e99bc6bce4f82a387?s=96&d=mm&r=g\",\"width\":96,\"height\":96,\"caption\":\"Encontra Jequi\\u00e9\"}},{\"@type\":\"WebPage\",\"@id\":\"https:\\\/\\\/www.encontrajequie.com.br\\\/sobre\\\/mp-abre-inquerito-para-fiscalizar-gastos-da-prefeitura-de-jequie-no-sao-joao-de-2026\\\/#webpage\",\"url\":\"https:\\\/\\\/www.encontrajequie.com.br\\\/sobre\\\/mp-abre-inquerito-para-fiscalizar-gastos-da-prefeitura-de-jequie-no-sao-joao-de-2026\\\/\",\"name\":\"MP abre inqu\\u00e9rito para fiscalizar gastos da prefeitura de Jequi\\u00e9 no S\\u00e3o Jo\\u00e3o de 2026 | Encontra Jequi\\u00e9\",\"description\":\"MP ir\\u00e1 investigar gastos da Prefeitura de Jequi\\u00e9 no S\\u00e3o Jo\\u00e3o de 2026.\",\"inLanguage\":\"pt-BR\",\"isPartOf\":{\"@id\":\"https:\\\/\\\/www.encontrajequie.com.br\\\/sobre\\\/#website\"},\"breadcrumb\":{\"@id\":\"https:\\\/\\\/www.encontrajequie.com.br\\\/sobre\\\/mp-abre-inquerito-para-fiscalizar-gastos-da-prefeitura-de-jequie-no-sao-joao-de-2026\\\/#breadcrumblist\"},\"author\":{\"@id\":\"https:\\\/\\\/www.encontrajequie.com.br\\\/sobre\\\/author\\\/ejequie\\\/#author\"},\"creator\":{\"@id\":\"https:\\\/\\\/www.encontrajequie.com.br\\\/sobre\\\/author\\\/ejequie\\\/#author\"},\"image\":{\"@type\":\"ImageObject\",\"url\":\"https:\\\/\\\/www.encontrajequie.com.br\\\/sobre\\\/wp-content\\\/uploads\\\/2026\\\/05\\\/mp-abre-inquerito-para-fiscalizar-gastos-da-prefeitura-de-jequie-no-sao-joao-de-2026.webp\",\"@id\":\"https:\\\/\\\/www.encontrajequie.com.br\\\/sobre\\\/mp-abre-inquerito-para-fiscalizar-gastos-da-prefeitura-de-jequie-no-sao-joao-de-2026\\\/#mainImage\",\"width\":280,\"height\":280,\"caption\":\"S\\u00e3o Jo\\u00e3o de Jequi\\u00e9\"},\"primaryImageOfPage\":{\"@id\":\"https:\\\/\\\/www.encontrajequie.com.br\\\/sobre\\\/mp-abre-inquerito-para-fiscalizar-gastos-da-prefeitura-de-jequie-no-sao-joao-de-2026\\\/#mainImage\"},\"datePublished\":\"2026-05-08T03:32:44-03:00\",\"dateModified\":\"2026-05-08T03:32:44-03:00\"},{\"@type\":\"WebSite\",\"@id\":\"https:\\\/\\\/www.encontrajequie.com.br\\\/sobre\\\/#website\",\"url\":\"https:\\\/\\\/www.encontrajequie.com.br\\\/sobre\\\/\",\"name\":\"Encontra Jequi\\u00e9\",\"description\":\"Not\\u00edcias, eventos, informa\\u00e7\\u00f5es e dicas na cidade de Jequi\\u00e9 e regi\\u00e3o.\",\"inLanguage\":\"pt-BR\",\"publisher\":{\"@id\":\"https:\\\/\\\/www.encontrajequie.com.br\\\/sobre\\\/#organization\"}}]}\n\t\t<\/script>\n\t\t<!-- All in One SEO -->\n\n","aioseo_head_json":{"title":"MP abre inqu\u00e9rito para fiscalizar gastos da prefeitura de Jequi\u00e9 no S\u00e3o Jo\u00e3o de 2026 | Encontra Jequi\u00e9","description":"MP ir\u00e1 investigar gastos da Prefeitura de Jequi\u00e9 no S\u00e3o Jo\u00e3o de 2026.","canonical_url":"https:\/\/www.encontrajequie.com.br\/sobre\/mp-abre-inquerito-para-fiscalizar-gastos-da-prefeitura-de-jequie-no-sao-joao-de-2026\/","robots":"max-image-preview:large","keywords":"","webmasterTools":{"miscellaneous":""},"schema":{"@context":"https:\/\/schema.org","@graph":[{"@type":"Article","@id":"https:\/\/www.encontrajequie.com.br\/sobre\/mp-abre-inquerito-para-fiscalizar-gastos-da-prefeitura-de-jequie-no-sao-joao-de-2026\/#article","name":"MP abre inqu\u00e9rito para fiscalizar gastos da prefeitura de Jequi\u00e9 no S\u00e3o Jo\u00e3o de 2026 | Encontra Jequi\u00e9","headline":"MP abre inqu\u00e9rito para fiscalizar gastos da prefeitura de Jequi\u00e9 no S\u00e3o Jo\u00e3o de 2026","author":{"@id":"https:\/\/www.encontrajequie.com.br\/sobre\/author\/ejequie\/#author"},"publisher":{"@id":"https:\/\/www.encontrajequie.com.br\/sobre\/#organization"},"image":{"@type":"ImageObject","url":"https:\/\/www.encontrajequie.com.br\/sobre\/wp-content\/uploads\/2026\/05\/mp-abre-inquerito-para-fiscalizar-gastos-da-prefeitura-de-jequie-no-sao-joao-de-2026.webp","width":280,"height":280,"caption":"S\u00e3o Jo\u00e3o de Jequi\u00e9"},"datePublished":"2026-05-08T03:32:44-03:00","dateModified":"2026-05-08T03:32:44-03:00","inLanguage":"pt-BR","mainEntityOfPage":{"@id":"https:\/\/www.encontrajequie.com.br\/sobre\/mp-abre-inquerito-para-fiscalizar-gastos-da-prefeitura-de-jequie-no-sao-joao-de-2026\/#webpage"},"isPartOf":{"@id":"https:\/\/www.encontrajequie.com.br\/sobre\/mp-abre-inquerito-para-fiscalizar-gastos-da-prefeitura-de-jequie-no-sao-joao-de-2026\/#webpage"},"articleSection":"Not\u00edcias Jequi\u00e9"},{"@type":"BreadcrumbList","@id":"https:\/\/www.encontrajequie.com.br\/sobre\/mp-abre-inquerito-para-fiscalizar-gastos-da-prefeitura-de-jequie-no-sao-joao-de-2026\/#breadcrumblist","itemListElement":[{"@type":"ListItem","@id":"https:\/\/www.encontrajequie.com.br\/sobre#listItem","position":1,"name":"Home","item":"https:\/\/www.encontrajequie.com.br\/sobre","nextItem":{"@type":"ListItem","@id":"https:\/\/www.encontrajequie.com.br\/sobre\/noticias-em-jequie\/#listItem","name":"Not\u00edcias Jequi\u00e9"}},{"@type":"ListItem","@id":"https:\/\/www.encontrajequie.com.br\/sobre\/noticias-em-jequie\/#listItem","position":2,"name":"Not\u00edcias Jequi\u00e9","item":"https:\/\/www.encontrajequie.com.br\/sobre\/noticias-em-jequie\/","nextItem":{"@type":"ListItem","@id":"https:\/\/www.encontrajequie.com.br\/sobre\/mp-abre-inquerito-para-fiscalizar-gastos-da-prefeitura-de-jequie-no-sao-joao-de-2026\/#listItem","name":"MP abre inqu\u00e9rito para fiscalizar gastos da prefeitura de Jequi\u00e9 no S\u00e3o Jo\u00e3o de 2026"},"previousItem":{"@type":"ListItem","@id":"https:\/\/www.encontrajequie.com.br\/sobre#listItem","name":"Home"}},{"@type":"ListItem","@id":"https:\/\/www.encontrajequie.com.br\/sobre\/mp-abre-inquerito-para-fiscalizar-gastos-da-prefeitura-de-jequie-no-sao-joao-de-2026\/#listItem","position":3,"name":"MP abre inqu\u00e9rito para fiscalizar gastos da prefeitura de Jequi\u00e9 no S\u00e3o Jo\u00e3o de 2026","previousItem":{"@type":"ListItem","@id":"https:\/\/www.encontrajequie.com.br\/sobre\/noticias-em-jequie\/#listItem","name":"Not\u00edcias Jequi\u00e9"}}]},{"@type":"Organization","@id":"https:\/\/www.encontrajequie.com.br\/sobre\/#organization","name":"Encontra Jequi\u00e9","description":"Not\u00edcias, eventos, informa\u00e7\u00f5es e dicas na cidade de Jequi\u00e9 e regi\u00e3o.","url":"https:\/\/www.encontrajequie.com.br\/sobre\/"},{"@type":"Person","@id":"https:\/\/www.encontrajequie.com.br\/sobre\/author\/ejequie\/#author","url":"https:\/\/www.encontrajequie.com.br\/sobre\/author\/ejequie\/","name":"Encontra Jequi\u00e9","image":{"@type":"ImageObject","@id":"https:\/\/www.encontrajequie.com.br\/sobre\/mp-abre-inquerito-para-fiscalizar-gastos-da-prefeitura-de-jequie-no-sao-joao-de-2026\/#authorImage","url":"https:\/\/secure.gravatar.com\/avatar\/507340682b8270222e1f208e23198b6ae7e2c6a1033ae84e99bc6bce4f82a387?s=96&d=mm&r=g","width":96,"height":96,"caption":"Encontra Jequi\u00e9"}},{"@type":"WebPage","@id":"https:\/\/www.encontrajequie.com.br\/sobre\/mp-abre-inquerito-para-fiscalizar-gastos-da-prefeitura-de-jequie-no-sao-joao-de-2026\/#webpage","url":"https:\/\/www.encontrajequie.com.br\/sobre\/mp-abre-inquerito-para-fiscalizar-gastos-da-prefeitura-de-jequie-no-sao-joao-de-2026\/","name":"MP abre inqu\u00e9rito para fiscalizar gastos da prefeitura de Jequi\u00e9 no S\u00e3o Jo\u00e3o de 2026 | Encontra Jequi\u00e9","description":"MP ir\u00e1 investigar gastos da Prefeitura de Jequi\u00e9 no S\u00e3o Jo\u00e3o de 2026.","inLanguage":"pt-BR","isPartOf":{"@id":"https:\/\/www.encontrajequie.com.br\/sobre\/#website"},"breadcrumb":{"@id":"https:\/\/www.encontrajequie.com.br\/sobre\/mp-abre-inquerito-para-fiscalizar-gastos-da-prefeitura-de-jequie-no-sao-joao-de-2026\/#breadcrumblist"},"author":{"@id":"https:\/\/www.encontrajequie.com.br\/sobre\/author\/ejequie\/#author"},"creator":{"@id":"https:\/\/www.encontrajequie.com.br\/sobre\/author\/ejequie\/#author"},"image":{"@type":"ImageObject","url":"https:\/\/www.encontrajequie.com.br\/sobre\/wp-content\/uploads\/2026\/05\/mp-abre-inquerito-para-fiscalizar-gastos-da-prefeitura-de-jequie-no-sao-joao-de-2026.webp","@id":"https:\/\/www.encontrajequie.com.br\/sobre\/mp-abre-inquerito-para-fiscalizar-gastos-da-prefeitura-de-jequie-no-sao-joao-de-2026\/#mainImage","width":280,"height":280,"caption":"S\u00e3o Jo\u00e3o de Jequi\u00e9"},"primaryImageOfPage":{"@id":"https:\/\/www.encontrajequie.com.br\/sobre\/mp-abre-inquerito-para-fiscalizar-gastos-da-prefeitura-de-jequie-no-sao-joao-de-2026\/#mainImage"},"datePublished":"2026-05-08T03:32:44-03:00","dateModified":"2026-05-08T03:32:44-03:00"},{"@type":"WebSite","@id":"https:\/\/www.encontrajequie.com.br\/sobre\/#website","url":"https:\/\/www.encontrajequie.com.br\/sobre\/","name":"Encontra Jequi\u00e9","description":"Not\u00edcias, eventos, informa\u00e7\u00f5es e dicas na cidade de Jequi\u00e9 e regi\u00e3o.","inLanguage":"pt-BR","publisher":{"@id":"https:\/\/www.encontrajequie.com.br\/sobre\/#organization"}}]},"og:locale":"pt_BR","og:site_name":"Encontra Jequi\u00e9 | Not\u00edcias, eventos, informa\u00e7\u00f5es e dicas na cidade de Jequi\u00e9 e regi\u00e3o.","og:type":"article","og:title":"MP abre inqu\u00e9rito para fiscalizar gastos da prefeitura de Jequi\u00e9 no S\u00e3o Jo\u00e3o de 2026 | Encontra Jequi\u00e9","og:description":"MP ir\u00e1 investigar gastos da Prefeitura de Jequi\u00e9 no S\u00e3o Jo\u00e3o de 2026.","og:url":"https:\/\/www.encontrajequie.com.br\/sobre\/mp-abre-inquerito-para-fiscalizar-gastos-da-prefeitura-de-jequie-no-sao-joao-de-2026\/","article:published_time":"2026-05-08T06:32:44+00:00","article:modified_time":"2026-05-08T06:32:44+00:00","twitter:card":"summary_large_image","twitter:title":"MP abre inqu\u00e9rito para fiscalizar gastos da prefeitura de Jequi\u00e9 no S\u00e3o Jo\u00e3o de 2026 | Encontra Jequi\u00e9","twitter:description":"MP ir\u00e1 investigar gastos da Prefeitura de Jequi\u00e9 no S\u00e3o Jo\u00e3o de 2026."},"aioseo_meta_data":{"post_id":"1122","title":null,"description":null,"keywords":null,"keyphrases":null,"primary_term":null,"canonical_url":null,"og_title":null,"og_description":null,"og_object_type":"default","og_image_type":"default","og_image_url":null,"og_image_width":null,"og_image_height":null,"og_image_custom_url":null,"og_image_custom_fields":null,"og_video":null,"og_custom_url":null,"og_article_section":null,"og_article_tags":null,"twitter_use_og":false,"twitter_card":"default","twitter_image_type":"default","twitter_image_url":null,"twitter_image_custom_url":null,"twitter_image_custom_fields":null,"twitter_title":null,"twitter_description":null,"schema":{"blockGraphs":[],"customGraphs":[],"default":{"data":{"Article":[],"Course":[],"Dataset":[],"FAQPage":[],"Movie":[],"Person":[],"Product":[],"ProductReview":[],"Car":[],"Recipe":[],"Service":[],"SoftwareApplication":[],"WebPage":[]},"graphName":"Article","isEnabled":true},"graphs":[]},"schema_type":"default","schema_type_options":null,"pillar_content":false,"robots_default":true,"robots_noindex":false,"robots_noarchive":false,"robots_nosnippet":false,"robots_nofollow":false,"robots_noimageindex":false,"robots_noodp":false,"robots_notranslate":false,"robots_max_snippet":null,"robots_max_videopreview":null,"robots_max_imagepreview":"large","priority":null,"frequency":null,"local_seo":null,"breadcrumb_settings":null,"limit_modified_date":false,"ai":null,"created":"2026-05-08 06:32:48","updated":"2026-05-08 06:38:18","focus_keyword":null,"additional_keywords":null,"truseo_locale":null,"seo_analyzer_scan_date":null},"aioseo_breadcrumb":"<div class=\"aioseo-breadcrumbs\"><span class=\"aioseo-breadcrumb\">\n\t\t\t<a href=\"https:\/\/www.encontrajequie.com.br\/sobre\" title=\"Home\">Home<\/a>\n\t\t<\/span><span class=\"aioseo-breadcrumb-separator\">&raquo;<\/span><span class=\"aioseo-breadcrumb\">\n\t\t\t<a href=\"https:\/\/www.encontrajequie.com.br\/sobre\/noticias-em-jequie\/\" title=\"Not\u00edcias Jequi\u00e9\">Not\u00edcias Jequi\u00e9<\/a>\n\t\t<\/span><span class=\"aioseo-breadcrumb-separator\">&raquo;<\/span><span class=\"aioseo-breadcrumb\">\n\t\t\tMP abre inqu\u00e9rito para fiscalizar gastos da prefeitura de Jequi\u00e9 no S\u00e3o Jo\u00e3o de 2026\n\t\t<\/span><\/div>","aioseo_breadcrumb_json":[{"label":"Home","link":"https:\/\/www.encontrajequie.com.br\/sobre"},{"label":"Not\u00edcias Jequi\u00e9","link":"https:\/\/www.encontrajequie.com.br\/sobre\/noticias-em-jequie\/"},{"label":"MP abre inqu\u00e9rito para fiscalizar gastos da prefeitura de Jequi\u00e9 no S\u00e3o Jo\u00e3o de 2026","link":"https:\/\/www.encontrajequie.com.br\/sobre\/mp-abre-inquerito-para-fiscalizar-gastos-da-prefeitura-de-jequie-no-sao-joao-de-2026\/"}],"_links":{"self":[{"href":"https:\/\/www.encontrajequie.com.br\/sobre\/wp-json\/wp\/v2\/posts\/1122","targetHints":{"allow":["GET"]}}],"collection":[{"href":"https:\/\/www.encontrajequie.com.br\/sobre\/wp-json\/wp\/v2\/posts"}],"about":[{"href":"https:\/\/www.encontrajequie.com.br\/sobre\/wp-json\/wp\/v2\/types\/post"}],"author":[{"embeddable":true,"href":"https:\/\/www.encontrajequie.com.br\/sobre\/wp-json\/wp\/v2\/users\/1"}],"replies":[{"embeddable":true,"href":"https:\/\/www.encontrajequie.com.br\/sobre\/wp-json\/wp\/v2\/comments?post=1122"}],"version-history":[{"count":0,"href":"https:\/\/www.encontrajequie.com.br\/sobre\/wp-json\/wp\/v2\/posts\/1122\/revisions"}],"wp:featuredmedia":[{"embeddable":true,"href":"https:\/\/www.encontrajequie.com.br\/sobre\/wp-json\/wp\/v2\/media\/1121"}],"wp:attachment":[{"href":"https:\/\/www.encontrajequie.com.br\/sobre\/wp-json\/wp\/v2\/media?parent=1122"}],"wp:term":[{"taxonomy":"category","embeddable":true,"href":"https:\/\/www.encontrajequie.com.br\/sobre\/wp-json\/wp\/v2\/categories?post=1122"},{"taxonomy":"post_tag","embeddable":true,"href":"https:\/\/www.encontrajequie.com.br\/sobre\/wp-json\/wp\/v2\/tags?post=1122"}],"curies":[{"name":"wp","href":"https:\/\/api.w.org\/{rel}","templated":true}]}}