{"id":1136,"date":"2026-05-11T03:29:38","date_gmt":"2026-05-11T06:29:38","guid":{"rendered":"https:\/\/www.encontrajequie.com.br\/sobre\/seinfra-inicia-recuperacao-da-ba\/"},"modified":"2026-05-11T03:29:38","modified_gmt":"2026-05-11T06:29:38","slug":"seinfra-inicia-recuperacao-da-ba","status":"publish","type":"post","link":"https:\/\/www.encontrajequie.com.br\/sobre\/seinfra-inicia-recuperacao-da-ba\/","title":{"rendered":"Seinfra inicia recupera\u00e7\u00e3o da BA"},"content":{"rendered":"<div class=\"30cf832dc5940d4704f66d0ed9a44050\" data-index=\"1\" style=\"float: none; margin:0px;\">\n<!-- Anuncio display - global -->\r\n<ins class=\"adsbygoogle\"\r\n     style=\"display:block\"\r\n     data-ad-client=\"ca-pub-8585364105181520\"\r\n     data-ad-slot=\"8789329856\"\r\n     data-ad-format=\"auto\"\r\n     data-full-width-responsive=\"true\"><\/ins>\r\n<script>\r\n     (adsbygoogle = window.adsbygoogle || []).push({});\r\n<\/script>\n<\/div>\n<h2>A Situa\u00e7\u00e3o Cr\u00edtica da BA-558<\/h2>\n<p>A BA-558 tem enfrentado s\u00e9rias dificuldades ao longo do tempo, o que resultou em condi\u00e7\u00f5es inadequadas para a circula\u00e7\u00e3o dos usu\u00e1rios. Este trecho da estrada, que conecta o entroncamento da BR-330 ao distrito de Tamarindo, tem sido alvo frequente de reclama\u00e7\u00f5es.<\/p>\n<p>Devido a uma falha na manuten\u00e7\u00e3o regular, a estrada se tornou um desafio para motoristas e cidad\u00e3os que dependem dela para se locomover. Os problemas de conserva\u00e7\u00e3o t\u00eam levado a uma s\u00e9rie de incidentes que afetam diretamente a seguran\u00e7a dos usu\u00e1rios e, consequentemente, a din\u00e2mica de transporte da regi\u00e3o.<\/p>\n<h2>A Manifesta\u00e7\u00e3o dos Moradores<\/h2>\n<p>Recentemente, a situa\u00e7\u00e3o chegou a um ponto cr\u00edtico, levando os moradores de Volta do Rio e das comunidades adjacentes a se manifestarem. Durante um protesto, eles tomaram a iniciativa de interditar a BA-558.<\/p>\n<p><img decoding=\"async\" src=\"https:\/\/www.encontrajequie.com.br\/sobre\/wp-content\/uploads\/2026\/05\/seinfra-inicia-recuperacao-da-ba.webp\" alt=\"recupera\u00e7\u00e3o da BA-558\" loading=\"lazy\" \/><\/p>\n<p>A manifesta\u00e7\u00e3o incluiu a queima de pneus e a cria\u00e7\u00e3o de obst\u00e1culos que dificultaram a passagem de ve\u00edculos, como a abertura de valetas. Esse ato foi uma forma de chamar a aten\u00e7\u00e3o das autoridades para a urg\u00eancia de uma solu\u00e7\u00e3o para os problemas enfrentados na estrada.<\/p>\n<h2>Impacto da Interdi\u00e7\u00e3o na Comunidade<\/h2>\n<p>A interrup\u00e7\u00e3o do tr\u00e2nsito teve um impacto significativo na rotina dos moradores. O bloqueio da BA-558 afetou n\u00e3o apenas o deslocamento cotidiano, mas tamb\u00e9m o transporte escolar e o escoamento da produ\u00e7\u00e3o agr\u00edcola local.<\/p>\n<p>Os moradores expressaram a necessidade de que o governo tome provid\u00eancias de melhoria, visto que a estrada \u00e9 considerada vital para a conex\u00e3o entre Itagi, Itajuru e outras localidades. As m\u00e1s condi\u00e7\u00f5es de conserva\u00e7\u00e3o da estrada vinham gerando inseguran\u00e7a e preju\u00edzos aos cidad\u00e3os.<\/p>\n<h2>In\u00edcio dos Trabalhos de Manuten\u00e7\u00e3o<\/h2>\n<p>Ap\u00f3s as manifesta\u00e7\u00f5es, a Secretaria de Infraestrutura da Bahia (Seinfra) iniciou, no \u00faltimo dia 5 de maio, os trabalhos de recupera\u00e7\u00e3o da BA-558. Essa a\u00e7\u00e3o \u00e9 vista como uma resposta da administra\u00e7\u00e3o p\u00fablica aos anseios da popula\u00e7\u00e3o local.<\/p>\n<p>Os servi\u00e7os incluem o patrolamento e o cascalhamento da via, com foco na melhoria das condi\u00e7\u00f5es de tr\u00e1fego e na seguran\u00e7a dos usu\u00e1rios. A expectativa \u00e9 de que essas interven\u00e7\u00f5es contribuam para a restaura\u00e7\u00e3o adequada da estrada.<\/p>\n<h2>Tipos de Interven\u00e7\u00f5es Realizadas<\/h2>\n<p>As interven\u00e7\u00f5es na BA-558 envolver\u00e3o diferentes tipos de trabalho, sendo os principais:<\/p>\n<ul>\n<li><strong>Patrolamento:<\/strong> Melhorar a superf\u00edcie da pista, removendo buracos e irregularidades que causam danos aos ve\u00edculos.<\/li>\n<li><strong>Cascalhamento:<\/strong> Aplica\u00e7\u00e3o de cascalho para garantir uma base mais est\u00e1vel e dur\u00e1vel.<\/li>\n<li><strong>Limpeza das Margens:<\/strong> Retirar detritos e vegeta\u00e7\u00e3o que podem invadir a pista, aumentando a seguran\u00e7a.<\/li>\n<\/ul>\n<p>Essas a\u00e7\u00f5es visam n\u00e3o apenas a melhoria imediata, mas tamb\u00e9m a manuten\u00e7\u00e3o das condi\u00e7\u00f5es adequadas para um tr\u00e1fego seguro no futuro.<\/p>\n<h2>Expectativas para a BA-558<\/h2>\n<p>Com o in\u00edcio das obras, h\u00e1 uma expectativa otimista entre os moradores e motoristas que utilizam a BA-558. Espera-se que as melhorias tragam uma experi\u00eancia de viagem mais segura e confort\u00e1vel.<\/p>\n<p>O governo local se comprometeu a acompanhar a execu\u00e7\u00e3o das obras e a manter um canal de comunica\u00e7\u00e3o aberto com a popula\u00e7\u00e3o, garantindo que suas necessidades continuem sendo atendidas ao longo do processo de recupera\u00e7\u00e3o.<\/p>\n<h2>Import\u00e2ncia da Estrada para o Munic\u00edpio<\/h2>\n<p>A BA-558 desempenha um papel crucial para a economia da regi\u00e3o, servindo como uma importante via de acesso para o transporte de produtos agr\u00edcolas e para o deslocamento de pessoas. Este trecho conecta comunidades que dependem dele para o com\u00e9rcio e para o acesso a servi\u00e7os essenciais.<\/p>\n<p>Uma estrada em boas condi\u00e7\u00f5es \u00e9 fundamental n\u00e3o apenas para a mobilidade, mas tamb\u00e9m para a promo\u00e7\u00e3o do desenvolvimento local e regional, impactando positivamente a qualidade de vida dos cidad\u00e3os.<\/p>\n<h2>A Seguran\u00e7a no Tr\u00e2nsito<\/h2>\n<p>As condi\u00e7\u00f5es prec\u00e1rias da BA-558 trazem riscos significativos para a seguran\u00e7a no tr\u00e2nsito. Buracos, poeira e falta de sinaliza\u00e7\u00e3o adequada aumentam a probabilidade de acidentes, colocando em perigo vidas.<\/p>\n<p>Com as reformas em andamento, espera-se que haja uma redu\u00e7\u00e3o significativa no n\u00famero de incidentes relacionados a acidentes de tr\u00e2nsito, contribuindo para um ambiente vi\u00e1rio mais seguro e eficiente.<\/p>\n<h2>Condi\u00e7\u00f5es de Conserva\u00e7\u00e3o em Estradas<\/h2>\n<p>A conserva\u00e7\u00e3o de estradas \u00e9 uma quest\u00e3o fundamental para garantir a seguran\u00e7a e a efici\u00eancia no transporte. Estradas mal cuidadas n\u00e3o apenas prejudicam a mobilidade, mas tamb\u00e9m aumentam os custos de manuten\u00e7\u00e3o dos ve\u00edculos que por ali trafegam.<\/p>\n<p>O correto investimento em infraestrutura rodovi\u00e1ria \u00e9 uma responsabilidade que deve ser compartilhada entre os governos e a sociedade, visando a cria\u00e7\u00e3o de um sistema vi\u00e1rio que priorize a qualidade e a seguran\u00e7a.<\/p>\n<h2>A\u00e7\u00f5es Futuras da Seinfra<\/h2>\n<p>Ap\u00f3s a conclus\u00e3o das obras na BA-558, a Seinfra planeja implementar um cronograma regular de manuten\u00e7\u00e3o para garantir que a estrada permane\u00e7a em boas condi\u00e7\u00f5es. Isso inclui inspe\u00e7\u00f5es peri\u00f3dicas, reparos conforme necess\u00e1rio e um programa de conserva\u00e7\u00e3o a longo prazo.<\/p>\n<p>Com isso, a expectativa \u00e9 que a comunidaded\u00ea seguimento ao desenvolvimento sustent\u00e1vel da infraestrutura, promovendo a seguran\u00e7a e a efici\u00eancia no tr\u00e1fego, al\u00e9m de atender \u00e0s necessidades dos usu\u00e1rios de maneira cont\u00ednua.<\/p>\n\n<div style=\"font-size: 0px; height: 0px; line-height: 0px; margin: 0; padding: 0; clear: both;\"><\/div>","protected":false},"excerpt":{"rendered":"<p>BA-558 recebe manuten\u00e7\u00e3o ap\u00f3s interdi\u00e7\u00e3o por moradores da Volta do Rio.<\/p>\n","protected":false},"author":1,"featured_media":1135,"comment_status":"open","ping_status":"closed","sticky":false,"template":"","format":"standard","meta":{"footnotes":""},"categories":[1],"tags":[],"class_list":["post-1136","post","type-post","status-publish","format-standard","has-post-thumbnail","hentry","category-noticias-em-jequie","has_thumb"],"aioseo_notices":[],"aioseo_head":"\n\t\t<!-- All in One SEO 5.0.0.1 - aioseo.com -->\n\t<meta name=\"description\" content=\"BA-558 recebe manuten\u00e7\u00e3o ap\u00f3s interdi\u00e7\u00e3o por moradores da Volta do Rio.\" \/>\n\t<meta name=\"robots\" content=\"max-image-preview:large\" \/>\n\t<meta name=\"author\" content=\"Encontra Jequi\u00e9\"\/>\n\t<link rel=\"canonical\" href=\"https:\/\/www.encontrajequie.com.br\/sobre\/seinfra-inicia-recuperacao-da-ba\/\" \/>\n\t<meta name=\"generator\" content=\"All in One SEO (AIOSEO) 5.0.0.1\" \/>\n\t\t<meta property=\"og:locale\" content=\"pt_BR\" \/>\n\t\t<meta property=\"og:site_name\" content=\"Encontra Jequi\u00e9 | Not\u00edcias, eventos, informa\u00e7\u00f5es e dicas na cidade de Jequi\u00e9 e regi\u00e3o.\" \/>\n\t\t<meta property=\"og:type\" content=\"article\" \/>\n\t\t<meta property=\"og:title\" content=\"Seinfra inicia recupera\u00e7\u00e3o da BA | Encontra Jequi\u00e9\" \/>\n\t\t<meta property=\"og:description\" content=\"BA-558 recebe manuten\u00e7\u00e3o ap\u00f3s interdi\u00e7\u00e3o por moradores da Volta do Rio.\" \/>\n\t\t<meta property=\"og:url\" content=\"https:\/\/www.encontrajequie.com.br\/sobre\/seinfra-inicia-recuperacao-da-ba\/\" \/>\n\t\t<meta property=\"article:published_time\" content=\"2026-05-11T06:29:38+00:00\" \/>\n\t\t<meta property=\"article:modified_time\" content=\"2026-05-11T06:29:38+00:00\" \/>\n\t\t<meta name=\"twitter:card\" content=\"summary_large_image\" \/>\n\t\t<meta name=\"twitter:title\" content=\"Seinfra inicia recupera\u00e7\u00e3o da BA | Encontra Jequi\u00e9\" \/>\n\t\t<meta name=\"twitter:description\" content=\"BA-558 recebe manuten\u00e7\u00e3o ap\u00f3s interdi\u00e7\u00e3o por moradores da Volta do Rio.\" \/>\n\t\t<script type=\"application\/ld+json\" class=\"aioseo-schema\">\n\t\t\t{\"@context\":\"https:\\\/\\\/schema.org\",\"@graph\":[{\"@type\":\"Article\",\"@id\":\"https:\\\/\\\/www.encontrajequie.com.br\\\/sobre\\\/seinfra-inicia-recuperacao-da-ba\\\/#article\",\"name\":\"Seinfra inicia recupera\\u00e7\\u00e3o da BA | Encontra Jequi\\u00e9\",\"headline\":\"Seinfra inicia recupera\\u00e7\\u00e3o da BA\",\"author\":{\"@id\":\"https:\\\/\\\/www.encontrajequie.com.br\\\/sobre\\\/author\\\/ejequie\\\/#author\"},\"publisher\":{\"@id\":\"https:\\\/\\\/www.encontrajequie.com.br\\\/sobre\\\/#organization\"},\"image\":{\"@type\":\"ImageObject\",\"url\":\"https:\\\/\\\/www.encontrajequie.com.br\\\/sobre\\\/wp-content\\\/uploads\\\/2026\\\/05\\\/seinfra-inicia-recuperacao-da-ba.webp\",\"width\":280,\"height\":280,\"caption\":\"recupera\\u00e7\\u00e3o da BA-558\"},\"datePublished\":\"2026-05-11T03:29:38-03:00\",\"dateModified\":\"2026-05-11T03:29:38-03:00\",\"inLanguage\":\"pt-BR\",\"mainEntityOfPage\":{\"@id\":\"https:\\\/\\\/www.encontrajequie.com.br\\\/sobre\\\/seinfra-inicia-recuperacao-da-ba\\\/#webpage\"},\"isPartOf\":{\"@id\":\"https:\\\/\\\/www.encontrajequie.com.br\\\/sobre\\\/seinfra-inicia-recuperacao-da-ba\\\/#webpage\"},\"articleSection\":\"Not\\u00edcias Jequi\\u00e9\"},{\"@type\":\"BreadcrumbList\",\"@id\":\"https:\\\/\\\/www.encontrajequie.com.br\\\/sobre\\\/seinfra-inicia-recuperacao-da-ba\\\/#breadcrumblist\",\"itemListElement\":[{\"@type\":\"ListItem\",\"@id\":\"https:\\\/\\\/www.encontrajequie.com.br\\\/sobre#listItem\",\"position\":1,\"name\":\"Home\",\"item\":\"https:\\\/\\\/www.encontrajequie.com.br\\\/sobre\",\"nextItem\":{\"@type\":\"ListItem\",\"@id\":\"https:\\\/\\\/www.encontrajequie.com.br\\\/sobre\\\/noticias-em-jequie\\\/#listItem\",\"name\":\"Not\\u00edcias Jequi\\u00e9\"}},{\"@type\":\"ListItem\",\"@id\":\"https:\\\/\\\/www.encontrajequie.com.br\\\/sobre\\\/noticias-em-jequie\\\/#listItem\",\"position\":2,\"name\":\"Not\\u00edcias Jequi\\u00e9\",\"item\":\"https:\\\/\\\/www.encontrajequie.com.br\\\/sobre\\\/noticias-em-jequie\\\/\",\"nextItem\":{\"@type\":\"ListItem\",\"@id\":\"https:\\\/\\\/www.encontrajequie.com.br\\\/sobre\\\/seinfra-inicia-recuperacao-da-ba\\\/#listItem\",\"name\":\"Seinfra inicia recupera\\u00e7\\u00e3o da BA\"},\"previousItem\":{\"@type\":\"ListItem\",\"@id\":\"https:\\\/\\\/www.encontrajequie.com.br\\\/sobre#listItem\",\"name\":\"Home\"}},{\"@type\":\"ListItem\",\"@id\":\"https:\\\/\\\/www.encontrajequie.com.br\\\/sobre\\\/seinfra-inicia-recuperacao-da-ba\\\/#listItem\",\"position\":3,\"name\":\"Seinfra inicia recupera\\u00e7\\u00e3o da BA\",\"previousItem\":{\"@type\":\"ListItem\",\"@id\":\"https:\\\/\\\/www.encontrajequie.com.br\\\/sobre\\\/noticias-em-jequie\\\/#listItem\",\"name\":\"Not\\u00edcias Jequi\\u00e9\"}}]},{\"@type\":\"Organization\",\"@id\":\"https:\\\/\\\/www.encontrajequie.com.br\\\/sobre\\\/#organization\",\"name\":\"Encontra Jequi\\u00e9\",\"description\":\"Not\\u00edcias, eventos, informa\\u00e7\\u00f5es e dicas na cidade de Jequi\\u00e9 e regi\\u00e3o.\",\"url\":\"https:\\\/\\\/www.encontrajequie.com.br\\\/sobre\\\/\"},{\"@type\":\"Person\",\"@id\":\"https:\\\/\\\/www.encontrajequie.com.br\\\/sobre\\\/author\\\/ejequie\\\/#author\",\"url\":\"https:\\\/\\\/www.encontrajequie.com.br\\\/sobre\\\/author\\\/ejequie\\\/\",\"name\":\"Encontra Jequi\\u00e9\",\"image\":{\"@type\":\"ImageObject\",\"@id\":\"https:\\\/\\\/www.encontrajequie.com.br\\\/sobre\\\/seinfra-inicia-recuperacao-da-ba\\\/#authorImage\",\"url\":\"https:\\\/\\\/secure.gravatar.com\\\/avatar\\\/507340682b8270222e1f208e23198b6ae7e2c6a1033ae84e99bc6bce4f82a387?s=96&d=mm&r=g\",\"width\":96,\"height\":96,\"caption\":\"Encontra Jequi\\u00e9\"}},{\"@type\":\"WebPage\",\"@id\":\"https:\\\/\\\/www.encontrajequie.com.br\\\/sobre\\\/seinfra-inicia-recuperacao-da-ba\\\/#webpage\",\"url\":\"https:\\\/\\\/www.encontrajequie.com.br\\\/sobre\\\/seinfra-inicia-recuperacao-da-ba\\\/\",\"name\":\"Seinfra inicia recupera\\u00e7\\u00e3o da BA | Encontra Jequi\\u00e9\",\"description\":\"BA-558 recebe manuten\\u00e7\\u00e3o ap\\u00f3s interdi\\u00e7\\u00e3o por moradores da Volta do Rio.\",\"inLanguage\":\"pt-BR\",\"isPartOf\":{\"@id\":\"https:\\\/\\\/www.encontrajequie.com.br\\\/sobre\\\/#website\"},\"breadcrumb\":{\"@id\":\"https:\\\/\\\/www.encontrajequie.com.br\\\/sobre\\\/seinfra-inicia-recuperacao-da-ba\\\/#breadcrumblist\"},\"author\":{\"@id\":\"https:\\\/\\\/www.encontrajequie.com.br\\\/sobre\\\/author\\\/ejequie\\\/#author\"},\"creator\":{\"@id\":\"https:\\\/\\\/www.encontrajequie.com.br\\\/sobre\\\/author\\\/ejequie\\\/#author\"},\"image\":{\"@type\":\"ImageObject\",\"url\":\"https:\\\/\\\/www.encontrajequie.com.br\\\/sobre\\\/wp-content\\\/uploads\\\/2026\\\/05\\\/seinfra-inicia-recuperacao-da-ba.webp\",\"@id\":\"https:\\\/\\\/www.encontrajequie.com.br\\\/sobre\\\/seinfra-inicia-recuperacao-da-ba\\\/#mainImage\",\"width\":280,\"height\":280,\"caption\":\"recupera\\u00e7\\u00e3o da BA-558\"},\"primaryImageOfPage\":{\"@id\":\"https:\\\/\\\/www.encontrajequie.com.br\\\/sobre\\\/seinfra-inicia-recuperacao-da-ba\\\/#mainImage\"},\"datePublished\":\"2026-05-11T03:29:38-03:00\",\"dateModified\":\"2026-05-11T03:29:38-03:00\"},{\"@type\":\"WebSite\",\"@id\":\"https:\\\/\\\/www.encontrajequie.com.br\\\/sobre\\\/#website\",\"url\":\"https:\\\/\\\/www.encontrajequie.com.br\\\/sobre\\\/\",\"name\":\"Encontra Jequi\\u00e9\",\"description\":\"Not\\u00edcias, eventos, informa\\u00e7\\u00f5es e dicas na cidade de Jequi\\u00e9 e regi\\u00e3o.\",\"inLanguage\":\"pt-BR\",\"publisher\":{\"@id\":\"https:\\\/\\\/www.encontrajequie.com.br\\\/sobre\\\/#organization\"}}]}\n\t\t<\/script>\n\t\t<!-- All in One SEO -->\n\n","aioseo_head_json":{"title":"Seinfra inicia recupera\u00e7\u00e3o da BA | Encontra Jequi\u00e9","description":"BA-558 recebe manuten\u00e7\u00e3o ap\u00f3s interdi\u00e7\u00e3o por moradores da Volta do Rio.","canonical_url":"https:\/\/www.encontrajequie.com.br\/sobre\/seinfra-inicia-recuperacao-da-ba\/","robots":"max-image-preview:large","keywords":"","webmasterTools":{"miscellaneous":""},"schema":{"@context":"https:\/\/schema.org","@graph":[{"@type":"Article","@id":"https:\/\/www.encontrajequie.com.br\/sobre\/seinfra-inicia-recuperacao-da-ba\/#article","name":"Seinfra inicia recupera\u00e7\u00e3o da BA | Encontra Jequi\u00e9","headline":"Seinfra inicia recupera\u00e7\u00e3o da BA","author":{"@id":"https:\/\/www.encontrajequie.com.br\/sobre\/author\/ejequie\/#author"},"publisher":{"@id":"https:\/\/www.encontrajequie.com.br\/sobre\/#organization"},"image":{"@type":"ImageObject","url":"https:\/\/www.encontrajequie.com.br\/sobre\/wp-content\/uploads\/2026\/05\/seinfra-inicia-recuperacao-da-ba.webp","width":280,"height":280,"caption":"recupera\u00e7\u00e3o da BA-558"},"datePublished":"2026-05-11T03:29:38-03:00","dateModified":"2026-05-11T03:29:38-03:00","inLanguage":"pt-BR","mainEntityOfPage":{"@id":"https:\/\/www.encontrajequie.com.br\/sobre\/seinfra-inicia-recuperacao-da-ba\/#webpage"},"isPartOf":{"@id":"https:\/\/www.encontrajequie.com.br\/sobre\/seinfra-inicia-recuperacao-da-ba\/#webpage"},"articleSection":"Not\u00edcias Jequi\u00e9"},{"@type":"BreadcrumbList","@id":"https:\/\/www.encontrajequie.com.br\/sobre\/seinfra-inicia-recuperacao-da-ba\/#breadcrumblist","itemListElement":[{"@type":"ListItem","@id":"https:\/\/www.encontrajequie.com.br\/sobre#listItem","position":1,"name":"Home","item":"https:\/\/www.encontrajequie.com.br\/sobre","nextItem":{"@type":"ListItem","@id":"https:\/\/www.encontrajequie.com.br\/sobre\/noticias-em-jequie\/#listItem","name":"Not\u00edcias Jequi\u00e9"}},{"@type":"ListItem","@id":"https:\/\/www.encontrajequie.com.br\/sobre\/noticias-em-jequie\/#listItem","position":2,"name":"Not\u00edcias Jequi\u00e9","item":"https:\/\/www.encontrajequie.com.br\/sobre\/noticias-em-jequie\/","nextItem":{"@type":"ListItem","@id":"https:\/\/www.encontrajequie.com.br\/sobre\/seinfra-inicia-recuperacao-da-ba\/#listItem","name":"Seinfra inicia recupera\u00e7\u00e3o da BA"},"previousItem":{"@type":"ListItem","@id":"https:\/\/www.encontrajequie.com.br\/sobre#listItem","name":"Home"}},{"@type":"ListItem","@id":"https:\/\/www.encontrajequie.com.br\/sobre\/seinfra-inicia-recuperacao-da-ba\/#listItem","position":3,"name":"Seinfra inicia recupera\u00e7\u00e3o da BA","previousItem":{"@type":"ListItem","@id":"https:\/\/www.encontrajequie.com.br\/sobre\/noticias-em-jequie\/#listItem","name":"Not\u00edcias Jequi\u00e9"}}]},{"@type":"Organization","@id":"https:\/\/www.encontrajequie.com.br\/sobre\/#organization","name":"Encontra Jequi\u00e9","description":"Not\u00edcias, eventos, informa\u00e7\u00f5es e dicas na cidade de Jequi\u00e9 e regi\u00e3o.","url":"https:\/\/www.encontrajequie.com.br\/sobre\/"},{"@type":"Person","@id":"https:\/\/www.encontrajequie.com.br\/sobre\/author\/ejequie\/#author","url":"https:\/\/www.encontrajequie.com.br\/sobre\/author\/ejequie\/","name":"Encontra Jequi\u00e9","image":{"@type":"ImageObject","@id":"https:\/\/www.encontrajequie.com.br\/sobre\/seinfra-inicia-recuperacao-da-ba\/#authorImage","url":"https:\/\/secure.gravatar.com\/avatar\/507340682b8270222e1f208e23198b6ae7e2c6a1033ae84e99bc6bce4f82a387?s=96&d=mm&r=g","width":96,"height":96,"caption":"Encontra Jequi\u00e9"}},{"@type":"WebPage","@id":"https:\/\/www.encontrajequie.com.br\/sobre\/seinfra-inicia-recuperacao-da-ba\/#webpage","url":"https:\/\/www.encontrajequie.com.br\/sobre\/seinfra-inicia-recuperacao-da-ba\/","name":"Seinfra inicia recupera\u00e7\u00e3o da BA | Encontra Jequi\u00e9","description":"BA-558 recebe manuten\u00e7\u00e3o ap\u00f3s interdi\u00e7\u00e3o por moradores da Volta do Rio.","inLanguage":"pt-BR","isPartOf":{"@id":"https:\/\/www.encontrajequie.com.br\/sobre\/#website"},"breadcrumb":{"@id":"https:\/\/www.encontrajequie.com.br\/sobre\/seinfra-inicia-recuperacao-da-ba\/#breadcrumblist"},"author":{"@id":"https:\/\/www.encontrajequie.com.br\/sobre\/author\/ejequie\/#author"},"creator":{"@id":"https:\/\/www.encontrajequie.com.br\/sobre\/author\/ejequie\/#author"},"image":{"@type":"ImageObject","url":"https:\/\/www.encontrajequie.com.br\/sobre\/wp-content\/uploads\/2026\/05\/seinfra-inicia-recuperacao-da-ba.webp","@id":"https:\/\/www.encontrajequie.com.br\/sobre\/seinfra-inicia-recuperacao-da-ba\/#mainImage","width":280,"height":280,"caption":"recupera\u00e7\u00e3o da BA-558"},"primaryImageOfPage":{"@id":"https:\/\/www.encontrajequie.com.br\/sobre\/seinfra-inicia-recuperacao-da-ba\/#mainImage"},"datePublished":"2026-05-11T03:29:38-03:00","dateModified":"2026-05-11T03:29:38-03:00"},{"@type":"WebSite","@id":"https:\/\/www.encontrajequie.com.br\/sobre\/#website","url":"https:\/\/www.encontrajequie.com.br\/sobre\/","name":"Encontra Jequi\u00e9","description":"Not\u00edcias, eventos, informa\u00e7\u00f5es e dicas na cidade de Jequi\u00e9 e regi\u00e3o.","inLanguage":"pt-BR","publisher":{"@id":"https:\/\/www.encontrajequie.com.br\/sobre\/#organization"}}]},"og:locale":"pt_BR","og:site_name":"Encontra Jequi\u00e9 | Not\u00edcias, eventos, informa\u00e7\u00f5es e dicas na cidade de Jequi\u00e9 e regi\u00e3o.","og:type":"article","og:title":"Seinfra inicia recupera\u00e7\u00e3o da BA | Encontra Jequi\u00e9","og:description":"BA-558 recebe manuten\u00e7\u00e3o ap\u00f3s interdi\u00e7\u00e3o por moradores da Volta do Rio.","og:url":"https:\/\/www.encontrajequie.com.br\/sobre\/seinfra-inicia-recuperacao-da-ba\/","article:published_time":"2026-05-11T06:29:38+00:00","article:modified_time":"2026-05-11T06:29:38+00:00","twitter:card":"summary_large_image","twitter:title":"Seinfra inicia recupera\u00e7\u00e3o da BA | Encontra Jequi\u00e9","twitter:description":"BA-558 recebe manuten\u00e7\u00e3o ap\u00f3s interdi\u00e7\u00e3o por moradores da Volta do Rio."},"aioseo_meta_data":{"post_id":"1136","title":null,"description":null,"keywords":null,"keyphrases":null,"primary_term":null,"canonical_url":null,"og_title":null,"og_description":null,"og_object_type":"default","og_image_type":"default","og_image_url":null,"og_image_width":null,"og_image_height":null,"og_image_custom_url":null,"og_image_custom_fields":null,"og_video":null,"og_custom_url":null,"og_article_section":null,"og_article_tags":null,"twitter_use_og":false,"twitter_card":"default","twitter_image_type":"default","twitter_image_url":null,"twitter_image_custom_url":null,"twitter_image_custom_fields":null,"twitter_title":null,"twitter_description":null,"schema":{"blockGraphs":[],"customGraphs":[],"default":{"data":{"Article":[],"Course":[],"Dataset":[],"FAQPage":[],"Movie":[],"Person":[],"Product":[],"ProductReview":[],"Car":[],"Recipe":[],"Service":[],"SoftwareApplication":[],"WebPage":[]},"graphName":"Article","isEnabled":true},"graphs":[]},"schema_type":"default","schema_type_options":null,"pillar_content":false,"robots_default":true,"robots_noindex":false,"robots_noarchive":false,"robots_nosnippet":false,"robots_nofollow":false,"robots_noimageindex":false,"robots_noodp":false,"robots_notranslate":false,"robots_max_snippet":null,"robots_max_videopreview":null,"robots_max_imagepreview":"large","priority":null,"frequency":null,"local_seo":null,"breadcrumb_settings":null,"limit_modified_date":false,"ai":null,"created":"2026-05-11 06:29:42","updated":"2026-05-11 06:30:57","focus_keyword":null,"additional_keywords":null,"truseo_locale":null,"seo_analyzer_scan_date":null},"aioseo_breadcrumb":"<div class=\"aioseo-breadcrumbs\"><span class=\"aioseo-breadcrumb\">\n\t\t\t<a href=\"https:\/\/www.encontrajequie.com.br\/sobre\" title=\"Home\">Home<\/a>\n\t\t<\/span><span class=\"aioseo-breadcrumb-separator\">&raquo;<\/span><span class=\"aioseo-breadcrumb\">\n\t\t\t<a href=\"https:\/\/www.encontrajequie.com.br\/sobre\/noticias-em-jequie\/\" title=\"Not\u00edcias Jequi\u00e9\">Not\u00edcias Jequi\u00e9<\/a>\n\t\t<\/span><span class=\"aioseo-breadcrumb-separator\">&raquo;<\/span><span class=\"aioseo-breadcrumb\">\n\t\t\tSeinfra inicia recupera\u00e7\u00e3o da BA\n\t\t<\/span><\/div>","aioseo_breadcrumb_json":[{"label":"Home","link":"https:\/\/www.encontrajequie.com.br\/sobre"},{"label":"Not\u00edcias Jequi\u00e9","link":"https:\/\/www.encontrajequie.com.br\/sobre\/noticias-em-jequie\/"},{"label":"Seinfra inicia recupera\u00e7\u00e3o da BA","link":"https:\/\/www.encontrajequie.com.br\/sobre\/seinfra-inicia-recuperacao-da-ba\/"}],"_links":{"self":[{"href":"https:\/\/www.encontrajequie.com.br\/sobre\/wp-json\/wp\/v2\/posts\/1136","targetHints":{"allow":["GET"]}}],"collection":[{"href":"https:\/\/www.encontrajequie.com.br\/sobre\/wp-json\/wp\/v2\/posts"}],"about":[{"href":"https:\/\/www.encontrajequie.com.br\/sobre\/wp-json\/wp\/v2\/types\/post"}],"author":[{"embeddable":true,"href":"https:\/\/www.encontrajequie.com.br\/sobre\/wp-json\/wp\/v2\/users\/1"}],"replies":[{"embeddable":true,"href":"https:\/\/www.encontrajequie.com.br\/sobre\/wp-json\/wp\/v2\/comments?post=1136"}],"version-history":[{"count":0,"href":"https:\/\/www.encontrajequie.com.br\/sobre\/wp-json\/wp\/v2\/posts\/1136\/revisions"}],"wp:featuredmedia":[{"embeddable":true,"href":"https:\/\/www.encontrajequie.com.br\/sobre\/wp-json\/wp\/v2\/media\/1135"}],"wp:attachment":[{"href":"https:\/\/www.encontrajequie.com.br\/sobre\/wp-json\/wp\/v2\/media?parent=1136"}],"wp:term":[{"taxonomy":"category","embeddable":true,"href":"https:\/\/www.encontrajequie.com.br\/sobre\/wp-json\/wp\/v2\/categories?post=1136"},{"taxonomy":"post_tag","embeddable":true,"href":"https:\/\/www.encontrajequie.com.br\/sobre\/wp-json\/wp\/v2\/tags?post=1136"}],"curies":[{"name":"wp","href":"https:\/\/api.w.org\/{rel}","templated":true}]}}