{"id":1153,"date":"2026-05-14T03:34:13","date_gmt":"2026-05-14T06:34:13","guid":{"rendered":"https:\/\/www.encontrajequie.com.br\/sobre\/prefeitura-de-jequie-anuncia-artistas-para-o-sao-joao-2026\/"},"modified":"2026-05-14T03:34:13","modified_gmt":"2026-05-14T06:34:13","slug":"prefeitura-de-jequie-anuncia-artistas-para-o-sao-joao-2026","status":"publish","type":"post","link":"https:\/\/www.encontrajequie.com.br\/sobre\/prefeitura-de-jequie-anuncia-artistas-para-o-sao-joao-2026\/","title":{"rendered":"Prefeitura de Jequi\u00e9 anuncia artistas para o S\u00e3o Jo\u00e3o 2026"},"content":{"rendered":"<div class=\"30cf832dc5940d4704f66d0ed9a44050\" data-index=\"1\" style=\"float: none; margin:0px;\">\n<!-- Anuncio display - global -->\r\n<ins class=\"adsbygoogle\"\r\n     style=\"display:block\"\r\n     data-ad-client=\"ca-pub-8585364105181520\"\r\n     data-ad-slot=\"8789329856\"\r\n     data-ad-format=\"auto\"\r\n     data-full-width-responsive=\"true\"><\/ins>\r\n<script>\r\n     (adsbygoogle = window.adsbygoogle || []).push({});\r\n<\/script>\n<\/div>\n<h2>Programa\u00e7\u00e3o Oficial do S\u00e3o Jo\u00e3o de Jequi\u00e9<\/h2>\n<p>A Prefeitura de Jequi\u00e9 divulgou oficialmente a programa\u00e7\u00e3o do **S\u00e3o Jo\u00e3o 2026**, um dos eventos mais esperados na Bahia, que ocorrer\u00e1 entre os dias 14 e 24 de junho. Esta festividade \u00e9 reconhecida por sua grandiosidade e pela forte presen\u00e7a de artistas renomados, prometendo proporcionar experi\u00eancias memor\u00e1veis para todos os participantes.<\/p>\n<h2>Celebrando a Cultura Junina<\/h2>\n<p>O S\u00e3o Jo\u00e3o de Jequi\u00e9 \u00e9 mais do que apenas uma festa; \u00e9 uma celebra\u00e7\u00e3o rica em cultura e tradi\u00e7\u00f5es juninas. Durante o evento, os visitantes poder\u00e3o desfrutar de dan\u00e7as t\u00edpicas, comidas tradicionais como pamonha, canjica e milho assado, e a famosa fogueira, que \u00e9 um dos s\u00edmbolos deste festival. A festa n\u00e3o s\u00f3 enaltece a cultura local, mas tamb\u00e9m fortalece a identidade nordestina, atraindo pessoas de v\u00e1rias partes do Brasil.<\/p>\n<h2>Artistas Confirmados para o Evento<\/h2>\n<p>O line-up deste ano inclui uma variedade de artistas populares e atra\u00e7\u00f5es de renome, que prometem animar as noites juninas. As novas adi\u00e7\u00f5es \u00e0 programa\u00e7\u00e3o incluem:<\/p>\n<p><img decoding=\"async\" src=\"https:\/\/www.encontrajequie.com.br\/sobre\/wp-content\/uploads\/2026\/05\/prefeitura-de-jequie-anuncia-artistas-para-o-sao-joao-2026.webp\" alt=\"S\u00e3o Jo\u00e3o 2026\" loading=\"lazy\" \/><\/p>\n<ul>\n<li>Adelm\u00e1rio Coelho<\/li>\n<li>Eduardo Costa<\/li>\n<li>Felipe Amorim<\/li>\n<li>Iguinho e Lulinha<\/li>\n<li>Lim\u00e3o com Mel<\/li>\n<li>Luiz Caldas<\/li>\n<li>Natanzinho Lima<\/li>\n<li>Tarc\u00edsio do Acordeon<\/li>\n<li>Unha Pintada<\/li>\n<\/ul>\n<p>Os artistas j\u00e1 confirmados anteriormente s\u00e3o:<\/p>\n<ul>\n<li>Bruno &#038; Marrone<\/li>\n<li>Elba Ramalho<\/li>\n<li>Jo\u00e3o Gomes<\/li>\n<li>L\u00e9o Santana<\/li>\n<li>Mari Fernandez<\/li>\n<li>Nattan<\/li>\n<li>Pablo<\/li>\n<li>Toque Dez<\/li>\n<li>V\u00edtor &#038; L\u00e9o<\/li>\n<\/ul>\n<h2>Impacto Econ\u00f4mico do S\u00e3o Jo\u00e3o<\/h2>\n<p>De acordo com o prefeito Fl\u00e1vio Santana, o **S\u00e3o Jo\u00e3o de Jequi\u00e9** gera um impacto econ\u00f4mico significativo para a cidade. O evento atrai turistas que impulsionam o com\u00e9rcio local, favorecendo hot\u00e9is, restaurantes e pequenos empreendimentos. \u201cA festa \u00e9 uma oportunidade de crescimento para a economia local, proporcionando emprego e renda ao povo de Jequi\u00e9\u201d, comentou o prefeito durante a cerim\u00f4nia de lan\u00e7amento.<\/p>\n<h2>Expectativa para o N\u00famero de Visitantes<\/h2>\n<p>A Prefeitura espera um grande fluxo de visitantes durante os dias da festividade. Estima-se que milhares de pessoas venham \u00e0 cidade para aproveitar as atra\u00e7\u00f5es e participar das comemora\u00e7\u00f5es. O emocionante lineup e as tradicionais atividades juninas certamente atrair\u00e3o uma multid\u00e3o, refor\u00e7ando o status do evento como o \u201cMelhor S\u00e3o Jo\u00e3o da Bahia\u201d.<\/p>\n<h2>Estrutura e Seguran\u00e7a da Festa<\/h2>\n<p>A infraestrutura para o festival est\u00e1 sendo cuidadosamente planejada para garantir a seguran\u00e7a e o conforto de todos os presentes. Os representantes da seguran\u00e7a p\u00fablica apresentaram um plano detalhado durante o evento de lan\u00e7amento, abordando todos os pontos essenciais, desde o controle de acesso at\u00e9 a prote\u00e7\u00e3o nas \u00e1reas de apresenta\u00e7\u00e3o e nas ruas adjacentes ao festival. A equipe de seguran\u00e7a estar\u00e1 pronta para oferecer um ambiente seguro e agrad\u00e1vel a todos.<\/p>\n<h2>Depoimentos do Prefeito Fl\u00e1vio Santana<\/h2>\n<p>Fl\u00e1vio Santana, tamb\u00e9m conhecido como Flavinho, expressou sua empolga\u00e7\u00e3o e compromisso com o sucesso do **S\u00e3o Jo\u00e3o 2026**. \u201cEstamos fazendo tudo que est\u00e1 ao nosso alcance para que este seja um dos maiores e melhores S\u00e3o Jo\u00e3os da nossa hist\u00f3ria. \u00c9 uma alegria ver Jequi\u00e9 se movimentando com essa festa que representa tanto para a nossa cultura\u201d, afirmou o prefeito.<\/p>\n<h2>Mudan\u00e7as na Grade de Atra\u00e7\u00f5es<\/h2>\n<p>Embora houve algumas altera\u00e7\u00f5es na programa\u00e7\u00e3o inicial, como a aus\u00eancia da artista Simone Mendes devido a conflitos de agenda, a prefeitura confirmou que novas atra\u00e7\u00f5es estar\u00e3o se apresentando para manter a anima\u00e7\u00e3o e a diversidade da grade. A expectativa \u00e9 que isso n\u00e3o diminua o entusiasmo, mas sim acrescente novas experi\u00eancias ao p\u00fablico.<\/p>\n<h2>A Prepara\u00e7\u00e3o para o Grande Evento<\/h2>\n<p>A equipe organizadora est\u00e1 trabalhando sem descanso para assegurar que cada detalhe do evento esteja \u00e0 altura das expectativas. Desde a montagem do palco at\u00e9 as rela\u00e7\u00f5es com os artistas, tudo est\u00e1 sendo supervisionado de perto para que os visitantes possam aproveitar ao m\u00e1ximo essa celebra\u00e7\u00e3o.<\/p>\n<h2>O Melhor S\u00e3o Jo\u00e3o da Bahia<\/h2>\n<p>Com tudo isso, o **S\u00e3o Jo\u00e3o de Jequi\u00e9** se posiciona como uma festa que n\u00e3o s\u00f3 mant\u00e9m as tradi\u00e7\u00f5es juninas vivas, mas tamb\u00e9m traz inova\u00e7\u00e3o e uma nova energia a cada ano. Sua reputa\u00e7\u00e3o como o melhor S\u00e3o Jo\u00e3o da Bahia \u00e9 fortalecida pela dedica\u00e7\u00e3o do munic\u00edpio e a paix\u00e3o dos seus cidad\u00e3os em proporcionar experi\u00eancias inesquec\u00edveis. A expectativa \u00e9 que esta edi\u00e7\u00e3o seja mais um marco na hist\u00f3ria dos festejos juninos do Brasil.<\/p>\n\n<div style=\"font-size: 0px; height: 0px; line-height: 0px; margin: 0; padding: 0; clear: both;\"><\/div>","protected":false},"excerpt":{"rendered":"<p>S\u00e3o Jo\u00e3o 2026 promete surpresas com artistas incr\u00edveis anunciados pela prefeitura de Jequi\u00e9!<\/p>\n","protected":false},"author":1,"featured_media":1152,"comment_status":"open","ping_status":"closed","sticky":false,"template":"","format":"standard","meta":{"footnotes":""},"categories":[1],"tags":[],"class_list":["post-1153","post","type-post","status-publish","format-standard","has-post-thumbnail","hentry","category-noticias-em-jequie","has_thumb"],"aioseo_notices":[],"aioseo_head":"\n\t\t<!-- All in One SEO 5.0.0.1 - aioseo.com -->\n\t<meta name=\"description\" content=\"S\u00e3o Jo\u00e3o 2026 promete surpresas com artistas incr\u00edveis anunciados pela prefeitura de Jequi\u00e9!\" \/>\n\t<meta name=\"robots\" content=\"max-image-preview:large\" \/>\n\t<meta name=\"author\" content=\"Encontra Jequi\u00e9\"\/>\n\t<link rel=\"canonical\" href=\"https:\/\/www.encontrajequie.com.br\/sobre\/prefeitura-de-jequie-anuncia-artistas-para-o-sao-joao-2026\/\" \/>\n\t<meta name=\"generator\" content=\"All in One SEO (AIOSEO) 5.0.0.1\" \/>\n\t\t<meta property=\"og:locale\" content=\"pt_BR\" \/>\n\t\t<meta property=\"og:site_name\" content=\"Encontra Jequi\u00e9 | Not\u00edcias, eventos, informa\u00e7\u00f5es e dicas na cidade de Jequi\u00e9 e regi\u00e3o.\" \/>\n\t\t<meta property=\"og:type\" content=\"article\" \/>\n\t\t<meta property=\"og:title\" content=\"Prefeitura de Jequi\u00e9 anuncia artistas para o S\u00e3o Jo\u00e3o 2026 | Encontra Jequi\u00e9\" \/>\n\t\t<meta property=\"og:description\" content=\"S\u00e3o Jo\u00e3o 2026 promete surpresas com artistas incr\u00edveis anunciados pela prefeitura de Jequi\u00e9!\" \/>\n\t\t<meta property=\"og:url\" content=\"https:\/\/www.encontrajequie.com.br\/sobre\/prefeitura-de-jequie-anuncia-artistas-para-o-sao-joao-2026\/\" \/>\n\t\t<meta property=\"article:published_time\" content=\"2026-05-14T06:34:13+00:00\" \/>\n\t\t<meta property=\"article:modified_time\" content=\"2026-05-14T06:34:13+00:00\" \/>\n\t\t<meta name=\"twitter:card\" content=\"summary_large_image\" \/>\n\t\t<meta name=\"twitter:title\" content=\"Prefeitura de Jequi\u00e9 anuncia artistas para o S\u00e3o Jo\u00e3o 2026 | Encontra Jequi\u00e9\" \/>\n\t\t<meta name=\"twitter:description\" content=\"S\u00e3o Jo\u00e3o 2026 promete surpresas com artistas incr\u00edveis anunciados pela prefeitura de Jequi\u00e9!\" \/>\n\t\t<script type=\"application\/ld+json\" class=\"aioseo-schema\">\n\t\t\t{\"@context\":\"https:\\\/\\\/schema.org\",\"@graph\":[{\"@type\":\"Article\",\"@id\":\"https:\\\/\\\/www.encontrajequie.com.br\\\/sobre\\\/prefeitura-de-jequie-anuncia-artistas-para-o-sao-joao-2026\\\/#article\",\"name\":\"Prefeitura de Jequi\\u00e9 anuncia artistas para o S\\u00e3o Jo\\u00e3o 2026 | Encontra Jequi\\u00e9\",\"headline\":\"Prefeitura de Jequi\\u00e9 anuncia artistas para o S\\u00e3o Jo\\u00e3o 2026\",\"author\":{\"@id\":\"https:\\\/\\\/www.encontrajequie.com.br\\\/sobre\\\/author\\\/ejequie\\\/#author\"},\"publisher\":{\"@id\":\"https:\\\/\\\/www.encontrajequie.com.br\\\/sobre\\\/#organization\"},\"image\":{\"@type\":\"ImageObject\",\"url\":\"https:\\\/\\\/www.encontrajequie.com.br\\\/sobre\\\/wp-content\\\/uploads\\\/2026\\\/05\\\/prefeitura-de-jequie-anuncia-artistas-para-o-sao-joao-2026.webp\",\"width\":280,\"height\":280,\"caption\":\"S\\u00e3o Jo\\u00e3o 2026\"},\"datePublished\":\"2026-05-14T03:34:13-03:00\",\"dateModified\":\"2026-05-14T03:34:13-03:00\",\"inLanguage\":\"pt-BR\",\"mainEntityOfPage\":{\"@id\":\"https:\\\/\\\/www.encontrajequie.com.br\\\/sobre\\\/prefeitura-de-jequie-anuncia-artistas-para-o-sao-joao-2026\\\/#webpage\"},\"isPartOf\":{\"@id\":\"https:\\\/\\\/www.encontrajequie.com.br\\\/sobre\\\/prefeitura-de-jequie-anuncia-artistas-para-o-sao-joao-2026\\\/#webpage\"},\"articleSection\":\"Not\\u00edcias Jequi\\u00e9\"},{\"@type\":\"BreadcrumbList\",\"@id\":\"https:\\\/\\\/www.encontrajequie.com.br\\\/sobre\\\/prefeitura-de-jequie-anuncia-artistas-para-o-sao-joao-2026\\\/#breadcrumblist\",\"itemListElement\":[{\"@type\":\"ListItem\",\"@id\":\"https:\\\/\\\/www.encontrajequie.com.br\\\/sobre#listItem\",\"position\":1,\"name\":\"Home\",\"item\":\"https:\\\/\\\/www.encontrajequie.com.br\\\/sobre\",\"nextItem\":{\"@type\":\"ListItem\",\"@id\":\"https:\\\/\\\/www.encontrajequie.com.br\\\/sobre\\\/noticias-em-jequie\\\/#listItem\",\"name\":\"Not\\u00edcias Jequi\\u00e9\"}},{\"@type\":\"ListItem\",\"@id\":\"https:\\\/\\\/www.encontrajequie.com.br\\\/sobre\\\/noticias-em-jequie\\\/#listItem\",\"position\":2,\"name\":\"Not\\u00edcias Jequi\\u00e9\",\"item\":\"https:\\\/\\\/www.encontrajequie.com.br\\\/sobre\\\/noticias-em-jequie\\\/\",\"nextItem\":{\"@type\":\"ListItem\",\"@id\":\"https:\\\/\\\/www.encontrajequie.com.br\\\/sobre\\\/prefeitura-de-jequie-anuncia-artistas-para-o-sao-joao-2026\\\/#listItem\",\"name\":\"Prefeitura de Jequi\\u00e9 anuncia artistas para o S\\u00e3o Jo\\u00e3o 2026\"},\"previousItem\":{\"@type\":\"ListItem\",\"@id\":\"https:\\\/\\\/www.encontrajequie.com.br\\\/sobre#listItem\",\"name\":\"Home\"}},{\"@type\":\"ListItem\",\"@id\":\"https:\\\/\\\/www.encontrajequie.com.br\\\/sobre\\\/prefeitura-de-jequie-anuncia-artistas-para-o-sao-joao-2026\\\/#listItem\",\"position\":3,\"name\":\"Prefeitura de Jequi\\u00e9 anuncia artistas para o S\\u00e3o Jo\\u00e3o 2026\",\"previousItem\":{\"@type\":\"ListItem\",\"@id\":\"https:\\\/\\\/www.encontrajequie.com.br\\\/sobre\\\/noticias-em-jequie\\\/#listItem\",\"name\":\"Not\\u00edcias Jequi\\u00e9\"}}]},{\"@type\":\"Organization\",\"@id\":\"https:\\\/\\\/www.encontrajequie.com.br\\\/sobre\\\/#organization\",\"name\":\"Encontra Jequi\\u00e9\",\"description\":\"Not\\u00edcias, eventos, informa\\u00e7\\u00f5es e dicas na cidade de Jequi\\u00e9 e regi\\u00e3o.\",\"url\":\"https:\\\/\\\/www.encontrajequie.com.br\\\/sobre\\\/\"},{\"@type\":\"Person\",\"@id\":\"https:\\\/\\\/www.encontrajequie.com.br\\\/sobre\\\/author\\\/ejequie\\\/#author\",\"url\":\"https:\\\/\\\/www.encontrajequie.com.br\\\/sobre\\\/author\\\/ejequie\\\/\",\"name\":\"Encontra Jequi\\u00e9\",\"image\":{\"@type\":\"ImageObject\",\"@id\":\"https:\\\/\\\/www.encontrajequie.com.br\\\/sobre\\\/prefeitura-de-jequie-anuncia-artistas-para-o-sao-joao-2026\\\/#authorImage\",\"url\":\"https:\\\/\\\/secure.gravatar.com\\\/avatar\\\/507340682b8270222e1f208e23198b6ae7e2c6a1033ae84e99bc6bce4f82a387?s=96&d=mm&r=g\",\"width\":96,\"height\":96,\"caption\":\"Encontra Jequi\\u00e9\"}},{\"@type\":\"WebPage\",\"@id\":\"https:\\\/\\\/www.encontrajequie.com.br\\\/sobre\\\/prefeitura-de-jequie-anuncia-artistas-para-o-sao-joao-2026\\\/#webpage\",\"url\":\"https:\\\/\\\/www.encontrajequie.com.br\\\/sobre\\\/prefeitura-de-jequie-anuncia-artistas-para-o-sao-joao-2026\\\/\",\"name\":\"Prefeitura de Jequi\\u00e9 anuncia artistas para o S\\u00e3o Jo\\u00e3o 2026 | Encontra Jequi\\u00e9\",\"description\":\"S\\u00e3o Jo\\u00e3o 2026 promete surpresas com artistas incr\\u00edveis anunciados pela prefeitura de Jequi\\u00e9!\",\"inLanguage\":\"pt-BR\",\"isPartOf\":{\"@id\":\"https:\\\/\\\/www.encontrajequie.com.br\\\/sobre\\\/#website\"},\"breadcrumb\":{\"@id\":\"https:\\\/\\\/www.encontrajequie.com.br\\\/sobre\\\/prefeitura-de-jequie-anuncia-artistas-para-o-sao-joao-2026\\\/#breadcrumblist\"},\"author\":{\"@id\":\"https:\\\/\\\/www.encontrajequie.com.br\\\/sobre\\\/author\\\/ejequie\\\/#author\"},\"creator\":{\"@id\":\"https:\\\/\\\/www.encontrajequie.com.br\\\/sobre\\\/author\\\/ejequie\\\/#author\"},\"image\":{\"@type\":\"ImageObject\",\"url\":\"https:\\\/\\\/www.encontrajequie.com.br\\\/sobre\\\/wp-content\\\/uploads\\\/2026\\\/05\\\/prefeitura-de-jequie-anuncia-artistas-para-o-sao-joao-2026.webp\",\"@id\":\"https:\\\/\\\/www.encontrajequie.com.br\\\/sobre\\\/prefeitura-de-jequie-anuncia-artistas-para-o-sao-joao-2026\\\/#mainImage\",\"width\":280,\"height\":280,\"caption\":\"S\\u00e3o Jo\\u00e3o 2026\"},\"primaryImageOfPage\":{\"@id\":\"https:\\\/\\\/www.encontrajequie.com.br\\\/sobre\\\/prefeitura-de-jequie-anuncia-artistas-para-o-sao-joao-2026\\\/#mainImage\"},\"datePublished\":\"2026-05-14T03:34:13-03:00\",\"dateModified\":\"2026-05-14T03:34:13-03:00\"},{\"@type\":\"WebSite\",\"@id\":\"https:\\\/\\\/www.encontrajequie.com.br\\\/sobre\\\/#website\",\"url\":\"https:\\\/\\\/www.encontrajequie.com.br\\\/sobre\\\/\",\"name\":\"Encontra Jequi\\u00e9\",\"description\":\"Not\\u00edcias, eventos, informa\\u00e7\\u00f5es e dicas na cidade de Jequi\\u00e9 e regi\\u00e3o.\",\"inLanguage\":\"pt-BR\",\"publisher\":{\"@id\":\"https:\\\/\\\/www.encontrajequie.com.br\\\/sobre\\\/#organization\"}}]}\n\t\t<\/script>\n\t\t<!-- All in One SEO -->\n\n","aioseo_head_json":{"title":"Prefeitura de Jequi\u00e9 anuncia artistas para o S\u00e3o Jo\u00e3o 2026 | Encontra Jequi\u00e9","description":"S\u00e3o Jo\u00e3o 2026 promete surpresas com artistas incr\u00edveis anunciados pela prefeitura de Jequi\u00e9!","canonical_url":"https:\/\/www.encontrajequie.com.br\/sobre\/prefeitura-de-jequie-anuncia-artistas-para-o-sao-joao-2026\/","robots":"max-image-preview:large","keywords":"","webmasterTools":{"miscellaneous":""},"schema":{"@context":"https:\/\/schema.org","@graph":[{"@type":"Article","@id":"https:\/\/www.encontrajequie.com.br\/sobre\/prefeitura-de-jequie-anuncia-artistas-para-o-sao-joao-2026\/#article","name":"Prefeitura de Jequi\u00e9 anuncia artistas para o S\u00e3o Jo\u00e3o 2026 | Encontra Jequi\u00e9","headline":"Prefeitura de Jequi\u00e9 anuncia artistas para o S\u00e3o Jo\u00e3o 2026","author":{"@id":"https:\/\/www.encontrajequie.com.br\/sobre\/author\/ejequie\/#author"},"publisher":{"@id":"https:\/\/www.encontrajequie.com.br\/sobre\/#organization"},"image":{"@type":"ImageObject","url":"https:\/\/www.encontrajequie.com.br\/sobre\/wp-content\/uploads\/2026\/05\/prefeitura-de-jequie-anuncia-artistas-para-o-sao-joao-2026.webp","width":280,"height":280,"caption":"S\u00e3o Jo\u00e3o 2026"},"datePublished":"2026-05-14T03:34:13-03:00","dateModified":"2026-05-14T03:34:13-03:00","inLanguage":"pt-BR","mainEntityOfPage":{"@id":"https:\/\/www.encontrajequie.com.br\/sobre\/prefeitura-de-jequie-anuncia-artistas-para-o-sao-joao-2026\/#webpage"},"isPartOf":{"@id":"https:\/\/www.encontrajequie.com.br\/sobre\/prefeitura-de-jequie-anuncia-artistas-para-o-sao-joao-2026\/#webpage"},"articleSection":"Not\u00edcias Jequi\u00e9"},{"@type":"BreadcrumbList","@id":"https:\/\/www.encontrajequie.com.br\/sobre\/prefeitura-de-jequie-anuncia-artistas-para-o-sao-joao-2026\/#breadcrumblist","itemListElement":[{"@type":"ListItem","@id":"https:\/\/www.encontrajequie.com.br\/sobre#listItem","position":1,"name":"Home","item":"https:\/\/www.encontrajequie.com.br\/sobre","nextItem":{"@type":"ListItem","@id":"https:\/\/www.encontrajequie.com.br\/sobre\/noticias-em-jequie\/#listItem","name":"Not\u00edcias Jequi\u00e9"}},{"@type":"ListItem","@id":"https:\/\/www.encontrajequie.com.br\/sobre\/noticias-em-jequie\/#listItem","position":2,"name":"Not\u00edcias Jequi\u00e9","item":"https:\/\/www.encontrajequie.com.br\/sobre\/noticias-em-jequie\/","nextItem":{"@type":"ListItem","@id":"https:\/\/www.encontrajequie.com.br\/sobre\/prefeitura-de-jequie-anuncia-artistas-para-o-sao-joao-2026\/#listItem","name":"Prefeitura de Jequi\u00e9 anuncia artistas para o S\u00e3o Jo\u00e3o 2026"},"previousItem":{"@type":"ListItem","@id":"https:\/\/www.encontrajequie.com.br\/sobre#listItem","name":"Home"}},{"@type":"ListItem","@id":"https:\/\/www.encontrajequie.com.br\/sobre\/prefeitura-de-jequie-anuncia-artistas-para-o-sao-joao-2026\/#listItem","position":3,"name":"Prefeitura de Jequi\u00e9 anuncia artistas para o S\u00e3o Jo\u00e3o 2026","previousItem":{"@type":"ListItem","@id":"https:\/\/www.encontrajequie.com.br\/sobre\/noticias-em-jequie\/#listItem","name":"Not\u00edcias Jequi\u00e9"}}]},{"@type":"Organization","@id":"https:\/\/www.encontrajequie.com.br\/sobre\/#organization","name":"Encontra Jequi\u00e9","description":"Not\u00edcias, eventos, informa\u00e7\u00f5es e dicas na cidade de Jequi\u00e9 e regi\u00e3o.","url":"https:\/\/www.encontrajequie.com.br\/sobre\/"},{"@type":"Person","@id":"https:\/\/www.encontrajequie.com.br\/sobre\/author\/ejequie\/#author","url":"https:\/\/www.encontrajequie.com.br\/sobre\/author\/ejequie\/","name":"Encontra Jequi\u00e9","image":{"@type":"ImageObject","@id":"https:\/\/www.encontrajequie.com.br\/sobre\/prefeitura-de-jequie-anuncia-artistas-para-o-sao-joao-2026\/#authorImage","url":"https:\/\/secure.gravatar.com\/avatar\/507340682b8270222e1f208e23198b6ae7e2c6a1033ae84e99bc6bce4f82a387?s=96&d=mm&r=g","width":96,"height":96,"caption":"Encontra Jequi\u00e9"}},{"@type":"WebPage","@id":"https:\/\/www.encontrajequie.com.br\/sobre\/prefeitura-de-jequie-anuncia-artistas-para-o-sao-joao-2026\/#webpage","url":"https:\/\/www.encontrajequie.com.br\/sobre\/prefeitura-de-jequie-anuncia-artistas-para-o-sao-joao-2026\/","name":"Prefeitura de Jequi\u00e9 anuncia artistas para o S\u00e3o Jo\u00e3o 2026 | Encontra Jequi\u00e9","description":"S\u00e3o Jo\u00e3o 2026 promete surpresas com artistas incr\u00edveis anunciados pela prefeitura de Jequi\u00e9!","inLanguage":"pt-BR","isPartOf":{"@id":"https:\/\/www.encontrajequie.com.br\/sobre\/#website"},"breadcrumb":{"@id":"https:\/\/www.encontrajequie.com.br\/sobre\/prefeitura-de-jequie-anuncia-artistas-para-o-sao-joao-2026\/#breadcrumblist"},"author":{"@id":"https:\/\/www.encontrajequie.com.br\/sobre\/author\/ejequie\/#author"},"creator":{"@id":"https:\/\/www.encontrajequie.com.br\/sobre\/author\/ejequie\/#author"},"image":{"@type":"ImageObject","url":"https:\/\/www.encontrajequie.com.br\/sobre\/wp-content\/uploads\/2026\/05\/prefeitura-de-jequie-anuncia-artistas-para-o-sao-joao-2026.webp","@id":"https:\/\/www.encontrajequie.com.br\/sobre\/prefeitura-de-jequie-anuncia-artistas-para-o-sao-joao-2026\/#mainImage","width":280,"height":280,"caption":"S\u00e3o Jo\u00e3o 2026"},"primaryImageOfPage":{"@id":"https:\/\/www.encontrajequie.com.br\/sobre\/prefeitura-de-jequie-anuncia-artistas-para-o-sao-joao-2026\/#mainImage"},"datePublished":"2026-05-14T03:34:13-03:00","dateModified":"2026-05-14T03:34:13-03:00"},{"@type":"WebSite","@id":"https:\/\/www.encontrajequie.com.br\/sobre\/#website","url":"https:\/\/www.encontrajequie.com.br\/sobre\/","name":"Encontra Jequi\u00e9","description":"Not\u00edcias, eventos, informa\u00e7\u00f5es e dicas na cidade de Jequi\u00e9 e regi\u00e3o.","inLanguage":"pt-BR","publisher":{"@id":"https:\/\/www.encontrajequie.com.br\/sobre\/#organization"}}]},"og:locale":"pt_BR","og:site_name":"Encontra Jequi\u00e9 | Not\u00edcias, eventos, informa\u00e7\u00f5es e dicas na cidade de Jequi\u00e9 e regi\u00e3o.","og:type":"article","og:title":"Prefeitura de Jequi\u00e9 anuncia artistas para o S\u00e3o Jo\u00e3o 2026 | Encontra Jequi\u00e9","og:description":"S\u00e3o Jo\u00e3o 2026 promete surpresas com artistas incr\u00edveis anunciados pela prefeitura de Jequi\u00e9!","og:url":"https:\/\/www.encontrajequie.com.br\/sobre\/prefeitura-de-jequie-anuncia-artistas-para-o-sao-joao-2026\/","article:published_time":"2026-05-14T06:34:13+00:00","article:modified_time":"2026-05-14T06:34:13+00:00","twitter:card":"summary_large_image","twitter:title":"Prefeitura de Jequi\u00e9 anuncia artistas para o S\u00e3o Jo\u00e3o 2026 | Encontra Jequi\u00e9","twitter:description":"S\u00e3o Jo\u00e3o 2026 promete surpresas com artistas incr\u00edveis anunciados pela prefeitura de Jequi\u00e9!"},"aioseo_meta_data":{"post_id":"1153","title":null,"description":null,"keywords":null,"keyphrases":null,"primary_term":null,"canonical_url":null,"og_title":null,"og_description":null,"og_object_type":"default","og_image_type":"default","og_image_url":null,"og_image_width":null,"og_image_height":null,"og_image_custom_url":null,"og_image_custom_fields":null,"og_video":null,"og_custom_url":null,"og_article_section":null,"og_article_tags":null,"twitter_use_og":false,"twitter_card":"default","twitter_image_type":"default","twitter_image_url":null,"twitter_image_custom_url":null,"twitter_image_custom_fields":null,"twitter_title":null,"twitter_description":null,"schema":{"blockGraphs":[],"customGraphs":[],"default":{"data":{"Article":[],"Course":[],"Dataset":[],"FAQPage":[],"Movie":[],"Person":[],"Product":[],"ProductReview":[],"Car":[],"Recipe":[],"Service":[],"SoftwareApplication":[],"WebPage":[]},"graphName":"Article","isEnabled":true},"graphs":[]},"schema_type":"default","schema_type_options":null,"pillar_content":false,"robots_default":true,"robots_noindex":false,"robots_noarchive":false,"robots_nosnippet":false,"robots_nofollow":false,"robots_noimageindex":false,"robots_noodp":false,"robots_notranslate":false,"robots_max_snippet":null,"robots_max_videopreview":null,"robots_max_imagepreview":"large","priority":null,"frequency":null,"local_seo":null,"breadcrumb_settings":null,"limit_modified_date":false,"ai":null,"created":"2026-05-14 06:34:16","updated":"2026-05-14 06:39:26","focus_keyword":null,"additional_keywords":null,"truseo_locale":null,"seo_analyzer_scan_date":null},"aioseo_breadcrumb":"<div class=\"aioseo-breadcrumbs\"><span class=\"aioseo-breadcrumb\">\n\t\t\t<a href=\"https:\/\/www.encontrajequie.com.br\/sobre\" title=\"Home\">Home<\/a>\n\t\t<\/span><span class=\"aioseo-breadcrumb-separator\">&raquo;<\/span><span class=\"aioseo-breadcrumb\">\n\t\t\t<a href=\"https:\/\/www.encontrajequie.com.br\/sobre\/noticias-em-jequie\/\" title=\"Not\u00edcias Jequi\u00e9\">Not\u00edcias Jequi\u00e9<\/a>\n\t\t<\/span><span class=\"aioseo-breadcrumb-separator\">&raquo;<\/span><span class=\"aioseo-breadcrumb\">\n\t\t\tPrefeitura de Jequi\u00e9 anuncia artistas para o S\u00e3o Jo\u00e3o 2026\n\t\t<\/span><\/div>","aioseo_breadcrumb_json":[{"label":"Home","link":"https:\/\/www.encontrajequie.com.br\/sobre"},{"label":"Not\u00edcias Jequi\u00e9","link":"https:\/\/www.encontrajequie.com.br\/sobre\/noticias-em-jequie\/"},{"label":"Prefeitura de Jequi\u00e9 anuncia artistas para o S\u00e3o Jo\u00e3o 2026","link":"https:\/\/www.encontrajequie.com.br\/sobre\/prefeitura-de-jequie-anuncia-artistas-para-o-sao-joao-2026\/"}],"_links":{"self":[{"href":"https:\/\/www.encontrajequie.com.br\/sobre\/wp-json\/wp\/v2\/posts\/1153","targetHints":{"allow":["GET"]}}],"collection":[{"href":"https:\/\/www.encontrajequie.com.br\/sobre\/wp-json\/wp\/v2\/posts"}],"about":[{"href":"https:\/\/www.encontrajequie.com.br\/sobre\/wp-json\/wp\/v2\/types\/post"}],"author":[{"embeddable":true,"href":"https:\/\/www.encontrajequie.com.br\/sobre\/wp-json\/wp\/v2\/users\/1"}],"replies":[{"embeddable":true,"href":"https:\/\/www.encontrajequie.com.br\/sobre\/wp-json\/wp\/v2\/comments?post=1153"}],"version-history":[{"count":0,"href":"https:\/\/www.encontrajequie.com.br\/sobre\/wp-json\/wp\/v2\/posts\/1153\/revisions"}],"wp:featuredmedia":[{"embeddable":true,"href":"https:\/\/www.encontrajequie.com.br\/sobre\/wp-json\/wp\/v2\/media\/1152"}],"wp:attachment":[{"href":"https:\/\/www.encontrajequie.com.br\/sobre\/wp-json\/wp\/v2\/media?parent=1153"}],"wp:term":[{"taxonomy":"category","embeddable":true,"href":"https:\/\/www.encontrajequie.com.br\/sobre\/wp-json\/wp\/v2\/categories?post=1153"},{"taxonomy":"post_tag","embeddable":true,"href":"https:\/\/www.encontrajequie.com.br\/sobre\/wp-json\/wp\/v2\/tags?post=1153"}],"curies":[{"name":"wp","href":"https:\/\/api.w.org\/{rel}","templated":true}]}}