{"id":1167,"date":"2026-05-17T03:29:59","date_gmt":"2026-05-17T06:29:59","guid":{"rendered":"https:\/\/www.encontrajequie.com.br\/sobre\/jequie-deve-ter-um-dia-de-ceu-nublado-com-pancadas-rapidas-neste-domingo-17\/"},"modified":"2026-05-17T03:29:59","modified_gmt":"2026-05-17T06:29:59","slug":"jequie-deve-ter-um-dia-de-ceu-nublado-com-pancadas-rapidas-neste-domingo-17","status":"publish","type":"post","link":"https:\/\/www.encontrajequie.com.br\/sobre\/jequie-deve-ter-um-dia-de-ceu-nublado-com-pancadas-rapidas-neste-domingo-17\/","title":{"rendered":"Jequi\u00e9 deve ter um dia de c\u00e9u nublado com pancadas r\u00e1pidas neste domingo (17)"},"content":{"rendered":"<div class=\"30cf832dc5940d4704f66d0ed9a44050\" data-index=\"1\" style=\"float: none; margin:0px;\">\n<!-- Anuncio display - global -->\r\n<ins class=\"adsbygoogle\"\r\n     style=\"display:block\"\r\n     data-ad-client=\"ca-pub-8585364105181520\"\r\n     data-ad-slot=\"8789329856\"\r\n     data-ad-format=\"auto\"\r\n     data-full-width-responsive=\"true\"><\/ins>\r\n<script>\r\n     (adsbygoogle = window.adsbygoogle || []).push({});\r\n<\/script>\n<\/div>\n<h2>Previs\u00e3o do Tempo para Jequi\u00e9<\/h2>\n<p>No domingo, dia 17, a cidade de Jequi\u00e9, localizada na Bahia, apresentar\u00e1 um clima predominantemente nublado, com a possibilidade de chuvas r\u00e1pidas durante o dia. Os dados meteorol\u00f3gicos do <strong>Instituto Nacional de Meteorologia (INMET)<\/strong> indicam que as temperaturas oscilar\u00e3o entre 18\u00b0C e 29\u00b0C ao longo do per\u00edodo.<\/p>\n<h2>Temperaturas Variando ao Longo do Dia<\/h2>\n<p>As condi\u00e7\u00f5es clim\u00e1ticas iniciar\u00e3o a madrugada com temperaturas agrad\u00e1veis, ao redor de 18\u00b0C. \u00c0 medida que o dia avan\u00e7a, espera-se uma leve eleva\u00e7\u00e3o nos term\u00f4metros, que podem atingir at\u00e9 29\u00b0C pela manh\u00e3, mantendo esse patamar durante a tarde. Ao cair da noite, as temperaturas devem estabilizar-se novamente em torno de 18\u00b0C.<\/p>\n<h2>Expectativa de Chuvas<\/h2>\n<p>A previs\u00e3o indica uma alta probabilidade de chuvas breves e locais, especialmente nas horas seguintes ao amanhecer e no final do dia. Os habitantes devem estar preparados para a possibilidade de pancadas de chuvas repentinas, que podem trazer al\u00edvio ao calor, mesmo que de forma passageira.<\/p>\n<p><img decoding=\"async\" src=\"https:\/\/www.encontrajequie.com.br\/sobre\/wp-content\/uploads\/2026\/05\/jequie-deve-ter-um-dia-de-ceu-nublado-com-pancadas-rapidas-neste-domingo-17.webp\" alt=\"previs\u00e3o do tempo em Jequi\u00e9\" loading=\"lazy\" \/><\/p>\n<h2>Como se Preparar para o Tempo Nublado<\/h2>\n<p>Para adaptar-se \u00e0s condi\u00e7\u00f5es clim\u00e1ticas de Jequi\u00e9, \u00e9 aconselh\u00e1vel:<\/p>\n<ul>\n<li><strong>Roupas Leves:<\/strong> Embora o dia possa ser nublado, as temperaturas podem ser elevadas. Usar roupas leves e confort\u00e1veis \u00e9 essencial.<\/li>\n<li><strong>Guarda-chuva:<\/strong> J\u00e1 que h\u00e1 expectativa de chuvas, carregar um guarda-chuva pode ser uma boa ideia.<\/li>\n<li><strong>Evitar Exposi\u00e7\u00e3o Direta:<\/strong> Em caso de sol forte entre as nuvens, \u00e9 recomend\u00e1vel usar protetor solar para proteger a pele.<\/li>\n<li><strong>Monitorar as Condi\u00e7\u00f5es:<\/strong> Acompanhe as atualiza\u00e7\u00f5es clim\u00e1ticas ao longo do dia para se programar melhor.<\/li>\n<\/ul>\n<h2>Atividades Recomendadas em Dias Nublados<\/h2>\n<p>Mesmo com poss\u00edveis chuvas e c\u00e9u encoberto, v\u00e1rias atividades podem ser realizadas em Jequi\u00e9:<\/p>\n<ul>\n<li><strong>Passeios Culturais:<\/strong> Visitar museus ou centros culturais pode ser uma \u00f3tima op\u00e7\u00e3o para quem deseja aproveitar o dia.<\/li>\n<li><strong>Explorar Caf\u00e9s:<\/strong> Tomar um caf\u00e9 em um local aconchegante pode proporcionar momentos agrad\u00e1veis, mesmo com tempo nublado.<\/li>\n<li><strong>Atividades Recreativas em Ambientes Fechados:<\/strong> Praticar esportes ou participar de eventos em locais cobertos pode ser uma escolha perfeita.<\/li>\n<li><strong>Leitura:<\/strong> Aproveitar a tranquilidade de um dia nublado para ler um bom livro pode ser muito prazeroso.<\/li>\n<\/ul>\n<h2>Impacto da Umidade no Clima Local<\/h2>\n<p>A umidade do ar em Jequi\u00e9 ir\u00e1 variar ao longo do dia. Durante a manh\u00e3, a umidade pode atingir 100%, resultando em um clima \u00famido e possivelmente abafado. \u00c0 tarde, esta taxa deve cair para cerca de 50%, proporcionando uma sensa\u00e7\u00e3o mais seca. Essa varia\u00e7\u00e3o de umidade pode influenciar na sensa\u00e7\u00e3o t\u00e9rmica e na possibilidade de chuvas.<\/p>\n<h2>Dire\u00e7\u00e3o dos Ventos e Sua Influ\u00eancia<\/h2>\n<p>Os ventos em Jequi\u00e9 soprar\u00e3o em sua maioria de forma suave, com predomin\u00e2ncia do leste em dire\u00e7\u00e3o ao oeste. A velocidade dos ventos ser\u00e1 baixa, o que pode impactar as chuvas, uma vez que ventos mais fortes costumam auxiliar na dissipa\u00e7\u00e3o das nuvens carregadas. O nascer do sol ocorrer\u00e1 \u00e0s 05h54, enquanto o p\u00f4r do sol est\u00e1 previsto para as 17h22.<\/p>\n<h2>Hist\u00f3rico de Tempo em Jequi\u00e9<\/h2>\n<p>Historicamente, Jequi\u00e9 apresenta um clima tropical, com ver\u00f5es quentes e chuvosos e invernos mais secos. A combina\u00e7\u00e3o de calor e umidade durante o m\u00eas de maio costuma gerar instabilidades clim\u00e1ticas, resultando em dias nublados e chuvas dispersas. \u00c9 comum que essa \u00e9poca do ano traga oscila\u00e7\u00f5es nas temperaturas, com picos de calor que s\u00e3o logo seguidos por pancadas de chuva.<\/p>\n<h2>Varia\u00e7\u00f5es de Temperatura nos Pr\u00f3ximos Dias<\/h2>\n<p>Para os dias seguintes, as previs\u00f5es indicam:<\/p>\n<ul>\n<li><strong>Segunda-feira:<\/strong> C\u00e9u nublado pela manh\u00e3; sol no per\u00edodo da tarde; temperaturas entre 18\u00b0C e 32\u00b0C.<\/li>\n<li><strong>Ter\u00e7a-feira (19\/05\/2026):<\/strong> De 19\u00b0C at\u00e9 31\u00b0C, condi\u00e7\u00f5es agrad\u00e1veis de clima.<\/li>\n<li><strong>Quarta-feira (20\/05\/2026):<\/strong> Temperaturas entre 16\u00b0C e 30\u00b0C, com c\u00e9u nublado esperado.<\/li>\n<li><strong>Quinta-feira (21\/05\/2026):<\/strong> Varia\u00e7\u00e3o de 17\u00b0C a 29\u00b0C, mantendo-se em um clima \u00famido.<\/li>\n<\/ul>\n<h2>Dicas para Aproveitar o Dia de C\u00e9u Nublado<\/h2>\n<p>Para aqueles que est\u00e3o dispostos a tirar o m\u00e1ximo proveito de um dia de c\u00e9u nublado, aqui v\u00e3o algumas sugest\u00f5es:<\/p>\n<ul>\n<li><strong>Visitas a Museus:<\/strong> Explore a rica hist\u00f3ria e arte da regi\u00e3o em museus locais.<\/li>\n<li><strong>Ref\u00fagio em Caf\u00e9s:<\/strong> Desfrute de uma bebida quente em uma cafeteria aconchegante.<\/li>\n<li><strong>Atividades em Grupo:<\/strong> Re\u00fana amigos ou familiares para jogos ou competi\u00e7\u00f5es internas.<\/li>\n<li><strong>Aproveitar a Natureza:<\/strong> Se as chuvas estiverem ausentes, uma caminhada por trilhas pode ser muito revigorante.<\/li>\n<\/ul>\n\n<div style=\"font-size: 0px; height: 0px; line-height: 0px; margin: 0; padding: 0; clear: both;\"><\/div>","protected":false},"excerpt":{"rendered":"<p>Jequi\u00e9 ter\u00e1 previs\u00e3o de c\u00e9u nublado com pancadas r\u00e1pidas para o domingo.<\/p>\n","protected":false},"author":1,"featured_media":1166,"comment_status":"open","ping_status":"closed","sticky":false,"template":"","format":"standard","meta":{"footnotes":""},"categories":[1],"tags":[],"class_list":["post-1167","post","type-post","status-publish","format-standard","has-post-thumbnail","hentry","category-noticias-em-jequie","has_thumb"],"aioseo_notices":[],"aioseo_head":"\n\t\t<!-- All in One SEO 5.0.0.1 - aioseo.com -->\n\t<meta name=\"description\" content=\"Jequi\u00e9 ter\u00e1 previs\u00e3o de c\u00e9u nublado com pancadas r\u00e1pidas para o domingo.\" \/>\n\t<meta name=\"robots\" content=\"max-image-preview:large\" \/>\n\t<meta name=\"author\" content=\"Encontra Jequi\u00e9\"\/>\n\t<link rel=\"canonical\" href=\"https:\/\/www.encontrajequie.com.br\/sobre\/jequie-deve-ter-um-dia-de-ceu-nublado-com-pancadas-rapidas-neste-domingo-17\/\" \/>\n\t<meta name=\"generator\" content=\"All in One SEO (AIOSEO) 5.0.0.1\" \/>\n\t\t<meta property=\"og:locale\" content=\"pt_BR\" \/>\n\t\t<meta property=\"og:site_name\" content=\"Encontra Jequi\u00e9 | Not\u00edcias, eventos, informa\u00e7\u00f5es e dicas na cidade de Jequi\u00e9 e regi\u00e3o.\" \/>\n\t\t<meta property=\"og:type\" content=\"article\" \/>\n\t\t<meta property=\"og:title\" content=\"Jequi\u00e9 deve ter um dia de c\u00e9u nublado com pancadas r\u00e1pidas neste domingo (17) | Encontra Jequi\u00e9\" \/>\n\t\t<meta property=\"og:description\" content=\"Jequi\u00e9 ter\u00e1 previs\u00e3o de c\u00e9u nublado com pancadas r\u00e1pidas para o domingo.\" \/>\n\t\t<meta property=\"og:url\" content=\"https:\/\/www.encontrajequie.com.br\/sobre\/jequie-deve-ter-um-dia-de-ceu-nublado-com-pancadas-rapidas-neste-domingo-17\/\" \/>\n\t\t<meta property=\"article:published_time\" content=\"2026-05-17T06:29:59+00:00\" \/>\n\t\t<meta property=\"article:modified_time\" content=\"2026-05-17T06:29:59+00:00\" \/>\n\t\t<meta name=\"twitter:card\" content=\"summary_large_image\" \/>\n\t\t<meta name=\"twitter:title\" content=\"Jequi\u00e9 deve ter um dia de c\u00e9u nublado com pancadas r\u00e1pidas neste domingo (17) | Encontra Jequi\u00e9\" \/>\n\t\t<meta name=\"twitter:description\" content=\"Jequi\u00e9 ter\u00e1 previs\u00e3o de c\u00e9u nublado com pancadas r\u00e1pidas para o domingo.\" \/>\n\t\t<script type=\"application\/ld+json\" class=\"aioseo-schema\">\n\t\t\t{\"@context\":\"https:\\\/\\\/schema.org\",\"@graph\":[{\"@type\":\"Article\",\"@id\":\"https:\\\/\\\/www.encontrajequie.com.br\\\/sobre\\\/jequie-deve-ter-um-dia-de-ceu-nublado-com-pancadas-rapidas-neste-domingo-17\\\/#article\",\"name\":\"Jequi\\u00e9 deve ter um dia de c\\u00e9u nublado com pancadas r\\u00e1pidas neste domingo (17) | Encontra Jequi\\u00e9\",\"headline\":\"Jequi\\u00e9 deve ter um dia de c\\u00e9u nublado com pancadas r\\u00e1pidas neste domingo (17)\",\"author\":{\"@id\":\"https:\\\/\\\/www.encontrajequie.com.br\\\/sobre\\\/author\\\/ejequie\\\/#author\"},\"publisher\":{\"@id\":\"https:\\\/\\\/www.encontrajequie.com.br\\\/sobre\\\/#organization\"},\"image\":{\"@type\":\"ImageObject\",\"url\":\"https:\\\/\\\/www.encontrajequie.com.br\\\/sobre\\\/wp-content\\\/uploads\\\/2026\\\/05\\\/jequie-deve-ter-um-dia-de-ceu-nublado-com-pancadas-rapidas-neste-domingo-17.webp\",\"width\":280,\"height\":280,\"caption\":\"previs\\u00e3o do tempo em Jequi\\u00e9\"},\"datePublished\":\"2026-05-17T03:29:59-03:00\",\"dateModified\":\"2026-05-17T03:29:59-03:00\",\"inLanguage\":\"pt-BR\",\"mainEntityOfPage\":{\"@id\":\"https:\\\/\\\/www.encontrajequie.com.br\\\/sobre\\\/jequie-deve-ter-um-dia-de-ceu-nublado-com-pancadas-rapidas-neste-domingo-17\\\/#webpage\"},\"isPartOf\":{\"@id\":\"https:\\\/\\\/www.encontrajequie.com.br\\\/sobre\\\/jequie-deve-ter-um-dia-de-ceu-nublado-com-pancadas-rapidas-neste-domingo-17\\\/#webpage\"},\"articleSection\":\"Not\\u00edcias Jequi\\u00e9\"},{\"@type\":\"BreadcrumbList\",\"@id\":\"https:\\\/\\\/www.encontrajequie.com.br\\\/sobre\\\/jequie-deve-ter-um-dia-de-ceu-nublado-com-pancadas-rapidas-neste-domingo-17\\\/#breadcrumblist\",\"itemListElement\":[{\"@type\":\"ListItem\",\"@id\":\"https:\\\/\\\/www.encontrajequie.com.br\\\/sobre#listItem\",\"position\":1,\"name\":\"Home\",\"item\":\"https:\\\/\\\/www.encontrajequie.com.br\\\/sobre\",\"nextItem\":{\"@type\":\"ListItem\",\"@id\":\"https:\\\/\\\/www.encontrajequie.com.br\\\/sobre\\\/noticias-em-jequie\\\/#listItem\",\"name\":\"Not\\u00edcias Jequi\\u00e9\"}},{\"@type\":\"ListItem\",\"@id\":\"https:\\\/\\\/www.encontrajequie.com.br\\\/sobre\\\/noticias-em-jequie\\\/#listItem\",\"position\":2,\"name\":\"Not\\u00edcias Jequi\\u00e9\",\"item\":\"https:\\\/\\\/www.encontrajequie.com.br\\\/sobre\\\/noticias-em-jequie\\\/\",\"nextItem\":{\"@type\":\"ListItem\",\"@id\":\"https:\\\/\\\/www.encontrajequie.com.br\\\/sobre\\\/jequie-deve-ter-um-dia-de-ceu-nublado-com-pancadas-rapidas-neste-domingo-17\\\/#listItem\",\"name\":\"Jequi\\u00e9 deve ter um dia de c\\u00e9u nublado com pancadas r\\u00e1pidas neste domingo (17)\"},\"previousItem\":{\"@type\":\"ListItem\",\"@id\":\"https:\\\/\\\/www.encontrajequie.com.br\\\/sobre#listItem\",\"name\":\"Home\"}},{\"@type\":\"ListItem\",\"@id\":\"https:\\\/\\\/www.encontrajequie.com.br\\\/sobre\\\/jequie-deve-ter-um-dia-de-ceu-nublado-com-pancadas-rapidas-neste-domingo-17\\\/#listItem\",\"position\":3,\"name\":\"Jequi\\u00e9 deve ter um dia de c\\u00e9u nublado com pancadas r\\u00e1pidas neste domingo (17)\",\"previousItem\":{\"@type\":\"ListItem\",\"@id\":\"https:\\\/\\\/www.encontrajequie.com.br\\\/sobre\\\/noticias-em-jequie\\\/#listItem\",\"name\":\"Not\\u00edcias Jequi\\u00e9\"}}]},{\"@type\":\"Organization\",\"@id\":\"https:\\\/\\\/www.encontrajequie.com.br\\\/sobre\\\/#organization\",\"name\":\"Encontra Jequi\\u00e9\",\"description\":\"Not\\u00edcias, eventos, informa\\u00e7\\u00f5es e dicas na cidade de Jequi\\u00e9 e regi\\u00e3o.\",\"url\":\"https:\\\/\\\/www.encontrajequie.com.br\\\/sobre\\\/\"},{\"@type\":\"Person\",\"@id\":\"https:\\\/\\\/www.encontrajequie.com.br\\\/sobre\\\/author\\\/ejequie\\\/#author\",\"url\":\"https:\\\/\\\/www.encontrajequie.com.br\\\/sobre\\\/author\\\/ejequie\\\/\",\"name\":\"Encontra Jequi\\u00e9\",\"image\":{\"@type\":\"ImageObject\",\"@id\":\"https:\\\/\\\/www.encontrajequie.com.br\\\/sobre\\\/jequie-deve-ter-um-dia-de-ceu-nublado-com-pancadas-rapidas-neste-domingo-17\\\/#authorImage\",\"url\":\"https:\\\/\\\/secure.gravatar.com\\\/avatar\\\/507340682b8270222e1f208e23198b6ae7e2c6a1033ae84e99bc6bce4f82a387?s=96&d=mm&r=g\",\"width\":96,\"height\":96,\"caption\":\"Encontra Jequi\\u00e9\"}},{\"@type\":\"WebPage\",\"@id\":\"https:\\\/\\\/www.encontrajequie.com.br\\\/sobre\\\/jequie-deve-ter-um-dia-de-ceu-nublado-com-pancadas-rapidas-neste-domingo-17\\\/#webpage\",\"url\":\"https:\\\/\\\/www.encontrajequie.com.br\\\/sobre\\\/jequie-deve-ter-um-dia-de-ceu-nublado-com-pancadas-rapidas-neste-domingo-17\\\/\",\"name\":\"Jequi\\u00e9 deve ter um dia de c\\u00e9u nublado com pancadas r\\u00e1pidas neste domingo (17) | Encontra Jequi\\u00e9\",\"description\":\"Jequi\\u00e9 ter\\u00e1 previs\\u00e3o de c\\u00e9u nublado com pancadas r\\u00e1pidas para o domingo.\",\"inLanguage\":\"pt-BR\",\"isPartOf\":{\"@id\":\"https:\\\/\\\/www.encontrajequie.com.br\\\/sobre\\\/#website\"},\"breadcrumb\":{\"@id\":\"https:\\\/\\\/www.encontrajequie.com.br\\\/sobre\\\/jequie-deve-ter-um-dia-de-ceu-nublado-com-pancadas-rapidas-neste-domingo-17\\\/#breadcrumblist\"},\"author\":{\"@id\":\"https:\\\/\\\/www.encontrajequie.com.br\\\/sobre\\\/author\\\/ejequie\\\/#author\"},\"creator\":{\"@id\":\"https:\\\/\\\/www.encontrajequie.com.br\\\/sobre\\\/author\\\/ejequie\\\/#author\"},\"image\":{\"@type\":\"ImageObject\",\"url\":\"https:\\\/\\\/www.encontrajequie.com.br\\\/sobre\\\/wp-content\\\/uploads\\\/2026\\\/05\\\/jequie-deve-ter-um-dia-de-ceu-nublado-com-pancadas-rapidas-neste-domingo-17.webp\",\"@id\":\"https:\\\/\\\/www.encontrajequie.com.br\\\/sobre\\\/jequie-deve-ter-um-dia-de-ceu-nublado-com-pancadas-rapidas-neste-domingo-17\\\/#mainImage\",\"width\":280,\"height\":280,\"caption\":\"previs\\u00e3o do tempo em Jequi\\u00e9\"},\"primaryImageOfPage\":{\"@id\":\"https:\\\/\\\/www.encontrajequie.com.br\\\/sobre\\\/jequie-deve-ter-um-dia-de-ceu-nublado-com-pancadas-rapidas-neste-domingo-17\\\/#mainImage\"},\"datePublished\":\"2026-05-17T03:29:59-03:00\",\"dateModified\":\"2026-05-17T03:29:59-03:00\"},{\"@type\":\"WebSite\",\"@id\":\"https:\\\/\\\/www.encontrajequie.com.br\\\/sobre\\\/#website\",\"url\":\"https:\\\/\\\/www.encontrajequie.com.br\\\/sobre\\\/\",\"name\":\"Encontra Jequi\\u00e9\",\"description\":\"Not\\u00edcias, eventos, informa\\u00e7\\u00f5es e dicas na cidade de Jequi\\u00e9 e regi\\u00e3o.\",\"inLanguage\":\"pt-BR\",\"publisher\":{\"@id\":\"https:\\\/\\\/www.encontrajequie.com.br\\\/sobre\\\/#organization\"}}]}\n\t\t<\/script>\n\t\t<!-- All in One SEO -->\n\n","aioseo_head_json":{"title":"Jequi\u00e9 deve ter um dia de c\u00e9u nublado com pancadas r\u00e1pidas neste domingo (17) | Encontra Jequi\u00e9","description":"Jequi\u00e9 ter\u00e1 previs\u00e3o de c\u00e9u nublado com pancadas r\u00e1pidas para o domingo.","canonical_url":"https:\/\/www.encontrajequie.com.br\/sobre\/jequie-deve-ter-um-dia-de-ceu-nublado-com-pancadas-rapidas-neste-domingo-17\/","robots":"max-image-preview:large","keywords":"","webmasterTools":{"miscellaneous":""},"schema":{"@context":"https:\/\/schema.org","@graph":[{"@type":"Article","@id":"https:\/\/www.encontrajequie.com.br\/sobre\/jequie-deve-ter-um-dia-de-ceu-nublado-com-pancadas-rapidas-neste-domingo-17\/#article","name":"Jequi\u00e9 deve ter um dia de c\u00e9u nublado com pancadas r\u00e1pidas neste domingo (17) | Encontra Jequi\u00e9","headline":"Jequi\u00e9 deve ter um dia de c\u00e9u nublado com pancadas r\u00e1pidas neste domingo (17)","author":{"@id":"https:\/\/www.encontrajequie.com.br\/sobre\/author\/ejequie\/#author"},"publisher":{"@id":"https:\/\/www.encontrajequie.com.br\/sobre\/#organization"},"image":{"@type":"ImageObject","url":"https:\/\/www.encontrajequie.com.br\/sobre\/wp-content\/uploads\/2026\/05\/jequie-deve-ter-um-dia-de-ceu-nublado-com-pancadas-rapidas-neste-domingo-17.webp","width":280,"height":280,"caption":"previs\u00e3o do tempo em Jequi\u00e9"},"datePublished":"2026-05-17T03:29:59-03:00","dateModified":"2026-05-17T03:29:59-03:00","inLanguage":"pt-BR","mainEntityOfPage":{"@id":"https:\/\/www.encontrajequie.com.br\/sobre\/jequie-deve-ter-um-dia-de-ceu-nublado-com-pancadas-rapidas-neste-domingo-17\/#webpage"},"isPartOf":{"@id":"https:\/\/www.encontrajequie.com.br\/sobre\/jequie-deve-ter-um-dia-de-ceu-nublado-com-pancadas-rapidas-neste-domingo-17\/#webpage"},"articleSection":"Not\u00edcias Jequi\u00e9"},{"@type":"BreadcrumbList","@id":"https:\/\/www.encontrajequie.com.br\/sobre\/jequie-deve-ter-um-dia-de-ceu-nublado-com-pancadas-rapidas-neste-domingo-17\/#breadcrumblist","itemListElement":[{"@type":"ListItem","@id":"https:\/\/www.encontrajequie.com.br\/sobre#listItem","position":1,"name":"Home","item":"https:\/\/www.encontrajequie.com.br\/sobre","nextItem":{"@type":"ListItem","@id":"https:\/\/www.encontrajequie.com.br\/sobre\/noticias-em-jequie\/#listItem","name":"Not\u00edcias Jequi\u00e9"}},{"@type":"ListItem","@id":"https:\/\/www.encontrajequie.com.br\/sobre\/noticias-em-jequie\/#listItem","position":2,"name":"Not\u00edcias Jequi\u00e9","item":"https:\/\/www.encontrajequie.com.br\/sobre\/noticias-em-jequie\/","nextItem":{"@type":"ListItem","@id":"https:\/\/www.encontrajequie.com.br\/sobre\/jequie-deve-ter-um-dia-de-ceu-nublado-com-pancadas-rapidas-neste-domingo-17\/#listItem","name":"Jequi\u00e9 deve ter um dia de c\u00e9u nublado com pancadas r\u00e1pidas neste domingo (17)"},"previousItem":{"@type":"ListItem","@id":"https:\/\/www.encontrajequie.com.br\/sobre#listItem","name":"Home"}},{"@type":"ListItem","@id":"https:\/\/www.encontrajequie.com.br\/sobre\/jequie-deve-ter-um-dia-de-ceu-nublado-com-pancadas-rapidas-neste-domingo-17\/#listItem","position":3,"name":"Jequi\u00e9 deve ter um dia de c\u00e9u nublado com pancadas r\u00e1pidas neste domingo (17)","previousItem":{"@type":"ListItem","@id":"https:\/\/www.encontrajequie.com.br\/sobre\/noticias-em-jequie\/#listItem","name":"Not\u00edcias Jequi\u00e9"}}]},{"@type":"Organization","@id":"https:\/\/www.encontrajequie.com.br\/sobre\/#organization","name":"Encontra Jequi\u00e9","description":"Not\u00edcias, eventos, informa\u00e7\u00f5es e dicas na cidade de Jequi\u00e9 e regi\u00e3o.","url":"https:\/\/www.encontrajequie.com.br\/sobre\/"},{"@type":"Person","@id":"https:\/\/www.encontrajequie.com.br\/sobre\/author\/ejequie\/#author","url":"https:\/\/www.encontrajequie.com.br\/sobre\/author\/ejequie\/","name":"Encontra Jequi\u00e9","image":{"@type":"ImageObject","@id":"https:\/\/www.encontrajequie.com.br\/sobre\/jequie-deve-ter-um-dia-de-ceu-nublado-com-pancadas-rapidas-neste-domingo-17\/#authorImage","url":"https:\/\/secure.gravatar.com\/avatar\/507340682b8270222e1f208e23198b6ae7e2c6a1033ae84e99bc6bce4f82a387?s=96&d=mm&r=g","width":96,"height":96,"caption":"Encontra Jequi\u00e9"}},{"@type":"WebPage","@id":"https:\/\/www.encontrajequie.com.br\/sobre\/jequie-deve-ter-um-dia-de-ceu-nublado-com-pancadas-rapidas-neste-domingo-17\/#webpage","url":"https:\/\/www.encontrajequie.com.br\/sobre\/jequie-deve-ter-um-dia-de-ceu-nublado-com-pancadas-rapidas-neste-domingo-17\/","name":"Jequi\u00e9 deve ter um dia de c\u00e9u nublado com pancadas r\u00e1pidas neste domingo (17) | Encontra Jequi\u00e9","description":"Jequi\u00e9 ter\u00e1 previs\u00e3o de c\u00e9u nublado com pancadas r\u00e1pidas para o domingo.","inLanguage":"pt-BR","isPartOf":{"@id":"https:\/\/www.encontrajequie.com.br\/sobre\/#website"},"breadcrumb":{"@id":"https:\/\/www.encontrajequie.com.br\/sobre\/jequie-deve-ter-um-dia-de-ceu-nublado-com-pancadas-rapidas-neste-domingo-17\/#breadcrumblist"},"author":{"@id":"https:\/\/www.encontrajequie.com.br\/sobre\/author\/ejequie\/#author"},"creator":{"@id":"https:\/\/www.encontrajequie.com.br\/sobre\/author\/ejequie\/#author"},"image":{"@type":"ImageObject","url":"https:\/\/www.encontrajequie.com.br\/sobre\/wp-content\/uploads\/2026\/05\/jequie-deve-ter-um-dia-de-ceu-nublado-com-pancadas-rapidas-neste-domingo-17.webp","@id":"https:\/\/www.encontrajequie.com.br\/sobre\/jequie-deve-ter-um-dia-de-ceu-nublado-com-pancadas-rapidas-neste-domingo-17\/#mainImage","width":280,"height":280,"caption":"previs\u00e3o do tempo em Jequi\u00e9"},"primaryImageOfPage":{"@id":"https:\/\/www.encontrajequie.com.br\/sobre\/jequie-deve-ter-um-dia-de-ceu-nublado-com-pancadas-rapidas-neste-domingo-17\/#mainImage"},"datePublished":"2026-05-17T03:29:59-03:00","dateModified":"2026-05-17T03:29:59-03:00"},{"@type":"WebSite","@id":"https:\/\/www.encontrajequie.com.br\/sobre\/#website","url":"https:\/\/www.encontrajequie.com.br\/sobre\/","name":"Encontra Jequi\u00e9","description":"Not\u00edcias, eventos, informa\u00e7\u00f5es e dicas na cidade de Jequi\u00e9 e regi\u00e3o.","inLanguage":"pt-BR","publisher":{"@id":"https:\/\/www.encontrajequie.com.br\/sobre\/#organization"}}]},"og:locale":"pt_BR","og:site_name":"Encontra Jequi\u00e9 | Not\u00edcias, eventos, informa\u00e7\u00f5es e dicas na cidade de Jequi\u00e9 e regi\u00e3o.","og:type":"article","og:title":"Jequi\u00e9 deve ter um dia de c\u00e9u nublado com pancadas r\u00e1pidas neste domingo (17) | Encontra Jequi\u00e9","og:description":"Jequi\u00e9 ter\u00e1 previs\u00e3o de c\u00e9u nublado com pancadas r\u00e1pidas para o domingo.","og:url":"https:\/\/www.encontrajequie.com.br\/sobre\/jequie-deve-ter-um-dia-de-ceu-nublado-com-pancadas-rapidas-neste-domingo-17\/","article:published_time":"2026-05-17T06:29:59+00:00","article:modified_time":"2026-05-17T06:29:59+00:00","twitter:card":"summary_large_image","twitter:title":"Jequi\u00e9 deve ter um dia de c\u00e9u nublado com pancadas r\u00e1pidas neste domingo (17) | Encontra Jequi\u00e9","twitter:description":"Jequi\u00e9 ter\u00e1 previs\u00e3o de c\u00e9u nublado com pancadas r\u00e1pidas para o domingo."},"aioseo_meta_data":{"post_id":"1167","title":null,"description":null,"keywords":null,"keyphrases":null,"primary_term":null,"canonical_url":null,"og_title":null,"og_description":null,"og_object_type":"default","og_image_type":"default","og_image_url":null,"og_image_width":null,"og_image_height":null,"og_image_custom_url":null,"og_image_custom_fields":null,"og_video":null,"og_custom_url":null,"og_article_section":null,"og_article_tags":null,"twitter_use_og":false,"twitter_card":"default","twitter_image_type":"default","twitter_image_url":null,"twitter_image_custom_url":null,"twitter_image_custom_fields":null,"twitter_title":null,"twitter_description":null,"schema":{"blockGraphs":[],"customGraphs":[],"default":{"data":{"Article":[],"Course":[],"Dataset":[],"FAQPage":[],"Movie":[],"Person":[],"Product":[],"ProductReview":[],"Car":[],"Recipe":[],"Service":[],"SoftwareApplication":[],"WebPage":[]},"graphName":"Article","isEnabled":true},"graphs":[]},"schema_type":"default","schema_type_options":null,"pillar_content":false,"robots_default":true,"robots_noindex":false,"robots_noarchive":false,"robots_nosnippet":false,"robots_nofollow":false,"robots_noimageindex":false,"robots_noodp":false,"robots_notranslate":false,"robots_max_snippet":null,"robots_max_videopreview":null,"robots_max_imagepreview":"large","priority":null,"frequency":null,"local_seo":null,"breadcrumb_settings":null,"limit_modified_date":false,"ai":null,"created":"2026-05-17 06:30:02","updated":"2026-05-17 06:44:05","focus_keyword":null,"additional_keywords":null,"truseo_locale":null,"seo_analyzer_scan_date":null},"aioseo_breadcrumb":"<div class=\"aioseo-breadcrumbs\"><span class=\"aioseo-breadcrumb\">\n\t\t\t<a href=\"https:\/\/www.encontrajequie.com.br\/sobre\" title=\"Home\">Home<\/a>\n\t\t<\/span><span class=\"aioseo-breadcrumb-separator\">&raquo;<\/span><span class=\"aioseo-breadcrumb\">\n\t\t\t<a href=\"https:\/\/www.encontrajequie.com.br\/sobre\/noticias-em-jequie\/\" title=\"Not\u00edcias Jequi\u00e9\">Not\u00edcias Jequi\u00e9<\/a>\n\t\t<\/span><span class=\"aioseo-breadcrumb-separator\">&raquo;<\/span><span class=\"aioseo-breadcrumb\">\n\t\t\tJequi\u00e9 deve ter um dia de c\u00e9u nublado com pancadas r\u00e1pidas neste domingo (17)\n\t\t<\/span><\/div>","aioseo_breadcrumb_json":[{"label":"Home","link":"https:\/\/www.encontrajequie.com.br\/sobre"},{"label":"Not\u00edcias Jequi\u00e9","link":"https:\/\/www.encontrajequie.com.br\/sobre\/noticias-em-jequie\/"},{"label":"Jequi\u00e9 deve ter um dia de c\u00e9u nublado com pancadas r\u00e1pidas neste domingo (17)","link":"https:\/\/www.encontrajequie.com.br\/sobre\/jequie-deve-ter-um-dia-de-ceu-nublado-com-pancadas-rapidas-neste-domingo-17\/"}],"_links":{"self":[{"href":"https:\/\/www.encontrajequie.com.br\/sobre\/wp-json\/wp\/v2\/posts\/1167","targetHints":{"allow":["GET"]}}],"collection":[{"href":"https:\/\/www.encontrajequie.com.br\/sobre\/wp-json\/wp\/v2\/posts"}],"about":[{"href":"https:\/\/www.encontrajequie.com.br\/sobre\/wp-json\/wp\/v2\/types\/post"}],"author":[{"embeddable":true,"href":"https:\/\/www.encontrajequie.com.br\/sobre\/wp-json\/wp\/v2\/users\/1"}],"replies":[{"embeddable":true,"href":"https:\/\/www.encontrajequie.com.br\/sobre\/wp-json\/wp\/v2\/comments?post=1167"}],"version-history":[{"count":0,"href":"https:\/\/www.encontrajequie.com.br\/sobre\/wp-json\/wp\/v2\/posts\/1167\/revisions"}],"wp:featuredmedia":[{"embeddable":true,"href":"https:\/\/www.encontrajequie.com.br\/sobre\/wp-json\/wp\/v2\/media\/1166"}],"wp:attachment":[{"href":"https:\/\/www.encontrajequie.com.br\/sobre\/wp-json\/wp\/v2\/media?parent=1167"}],"wp:term":[{"taxonomy":"category","embeddable":true,"href":"https:\/\/www.encontrajequie.com.br\/sobre\/wp-json\/wp\/v2\/categories?post=1167"},{"taxonomy":"post_tag","embeddable":true,"href":"https:\/\/www.encontrajequie.com.br\/sobre\/wp-json\/wp\/v2\/tags?post=1167"}],"curies":[{"name":"wp","href":"https:\/\/api.w.org\/{rel}","templated":true}]}}