{"id":1197,"date":"2026-05-26T03:31:49","date_gmt":"2026-05-26T06:31:49","guid":{"rendered":"https:\/\/www.encontrajequie.com.br\/sobre\/governador-jeronimo-entrega-maquinas-agricolas-em-jequie-durante-exposicao-agropecuaria-e-reforca-apoio-a-producao-rural\/"},"modified":"2026-05-26T03:31:49","modified_gmt":"2026-05-26T06:31:49","slug":"governador-jeronimo-entrega-maquinas-agricolas-em-jequie-durante-exposicao-agropecuaria-e-reforca-apoio-a-producao-rural","status":"publish","type":"post","link":"https:\/\/www.encontrajequie.com.br\/sobre\/governador-jeronimo-entrega-maquinas-agricolas-em-jequie-durante-exposicao-agropecuaria-e-reforca-apoio-a-producao-rural\/","title":{"rendered":"Governador Jer\u00f4nimo entrega m\u00e1quinas agr\u00edcolas em Jequi\u00e9 durante Exposi\u00e7\u00e3o Agropecu\u00e1ria e refor\u00e7a apoio \u00e0 produ\u00e7\u00e3o rural"},"content":{"rendered":"<div class=\"30cf832dc5940d4704f66d0ed9a44050\" data-index=\"1\" style=\"float: none; margin:0px;\">\n<!-- Anuncio display - global -->\r\n<ins class=\"adsbygoogle\"\r\n     style=\"display:block\"\r\n     data-ad-client=\"ca-pub-8585364105181520\"\r\n     data-ad-slot=\"8789329856\"\r\n     data-ad-format=\"auto\"\r\n     data-full-width-responsive=\"true\"><\/ins>\r\n<script>\r\n     (adsbygoogle = window.adsbygoogle || []).push({});\r\n<\/script>\n<\/div>\n<h2>Entregas de M\u00e1quinas Agr\u00edcolas em Jequi\u00e9<\/h2>\n<p>No \u00faltimo dia 23 de maio de 2026, durante a 45\u00aa Exposi\u00e7\u00e3o Agropecu\u00e1ria, Industrial e Comercial de Jequi\u00e9, o governador <strong>Jer\u00f4nimo Rodrigues<\/strong> fez a entrega de um conjunto significativo de m\u00e1quinas e equipamentos agr\u00edcolas. Esta a\u00e7\u00e3o \u00e9 parte de um esfor\u00e7o cont\u00ednuo para estimular a produ\u00e7\u00e3o rural na regi\u00e3o sudoeste da Bahia. A entrega abrangeu tratores, microtratores, tanque-pipa, m\u00e1quinas forrageiras, retroescavadeiras, ensiladeiras, barracas para feiras, caixas d\u2019\u00e1gua e um \u00f4nibus escolar rural.<\/p>\n<h2>Impacto na Agricultura Familiar<\/h2>\n<p>A entrega de maquin\u00e1rio moderno tem um impacto profundo na agricultura familiar, um setor vital para a economia local. Estes equipamentos n\u00e3o apenas facilitam o trabalho di\u00e1rio dos agricultores, mas tamb\u00e9m ajudam a aumentar a produtividade e reduzir custos operacionais. A mecaniza\u00e7\u00e3o \u00e9 especialmente importante em \u00e1reas onde as condi\u00e7\u00f5es do solo e a disponibilidade de recursos limitam as pr\u00e1ticas agr\u00edcolas tradicionais.<\/p>\n<h2>A Import\u00e2ncia da Exposi\u00e7\u00e3o Agropecu\u00e1ria<\/h2>\n<p>A realiza\u00e7\u00e3o da Exposi\u00e7\u00e3o Agropecu\u00e1ria em Jequi\u00e9 n\u00e3o \u00e9 apenas um evento festivo; \u00e9 uma plataforma crucial para conectar agricultores, comerciantes e comunidades. O evento melhora o di\u00e1logo sobre pr\u00e1ticas agr\u00edcolas e incentiva a troca de experi\u00eancias entre os participantes, promovendo o desenvolvimento econ\u00f4mico e social da regi\u00e3o. Essa intera\u00e7\u00e3o \u00e9 essencial para o fortalecimento das associa\u00e7\u00f5es rurais e grupos comunit\u00e1rios que trabalham para melhorar a produ\u00e7\u00e3o e a comercializa\u00e7\u00e3o dos produtos.<\/p>\n<h2>Equipamentos Entregues pelo Governo<\/h2>\n<p>No total, foram entregues <strong>15 tratores com implementos agr\u00edcolas<\/strong> a munic\u00edpios como Jequi\u00e9, Manoel Vitorino, Lafaiete Coutinho, Marac\u00e1s e Boa Nova. Al\u00e9m disso, entre os equipamentos fornecidos est\u00e3o microtratores, m\u00e1quinas forrageiras, e retroescavadeiras, cada um com um papel espec\u00edfico no apoio ao setor agr\u00edcola. Por exemplo, a retroescavadeira \u00e9 fundamental para a manuten\u00e7\u00e3o de estradas e constru\u00e7\u00e3o de infraestruturas nas comunidades rurais.<\/p>\n<h2>Fortalecimento da Produ\u00e7\u00e3o Rural<\/h2>\n<p>Os novos maquin\u00e1rios representam uma estrat\u00e9gia do governo para fortalecer a produ\u00e7\u00e3o rural em \u00e1reas que frequentemente enfrentam dificuldades devido \u00e0 falta de recursos. Com a introdu\u00e7\u00e3o de recursos modernos, o governo busca n\u00e3o apenas aumentar a produ\u00e7\u00e3o, mas tamb\u00e9m melhorar a qualidade dos produtos agr\u00edcolas que chegam ao mercado. Essa iniciativa \u00e9 igualmente importante para promover a sustentabilidade e a seguran\u00e7a alimentar nos munic\u00edpios atendidos.<\/p>\n<h2>Apoio \u00e0 Economia Regional<\/h2>\n<p>A entrega de m\u00e1quinas agr\u00edcolas tamb\u00e9m desempenha um papel fundamental na din\u00e2mica econ\u00f4mica regional. Com a agricultura familiar sendo um dos pilares da economia local, o suporte governamental a este setor proporciona um impulso significativo. A inst\u00e2ncia do governador em Jequi\u00e9 demonstra a necessidade de salvar e revitalizar o setor, permitindo que os pequenos agricultores prosperem e, consequentemente, aquecendo a economia em suas comunidades.<\/p>\n<h2>Benef\u00edcios para Comunidades Rurais<\/h2>\n<p>A mecaniza\u00e7\u00e3o da agricultura impacta diretamente a vida nas comunidades rurais. Al\u00e9m de melhorar as condi\u00e7\u00f5es de trabalho dos agricultores, as novas tecnologias permitem que as associa\u00e7\u00f5es rurais melhorem sua capacidade produtiva. Uma maior efici\u00eancia nas opera\u00e7\u00f5es gera um aumento na renda e na qualidade de vida dos trabalhadores rurais. As barracas de feira e as caixas d\u2019\u00e1gua, por exemplo, ajudam na comercializa\u00e7\u00e3o e no abastecimento, \u00e1reas essenciais para o funcionamento das comunidades.<\/p>\n<h2>Iniciativas de Infraestrutura e Educa\u00e7\u00e3o<\/h2>\n<p>Outro aspecto importante do evento foi a entrega de um \u00f4nibus escolar rural ao munic\u00edpio de Boa Nova, ligado \u00e0 Secretaria da Educa\u00e7\u00e3o do Estado da Bahia. Essa a\u00e7\u00e3o demonstrou o compromisso do governo em garantir que as crian\u00e7as de \u00e1reas rurais tenham acesso \u00e0 educa\u00e7\u00e3o. O transporte escolar eficiente \u00e9 fundamental para a perman\u00eancia dos alunos nas institui\u00e7\u00f5es de ensino, um fator decisivo para o desenvolvimento educacional das comunidades.<\/p>\n<h2>Desafios da Agricultura no Semi\u00e1rido<\/h2>\n<p>Apesar dos avan\u00e7os, a agricultura no semi\u00e1rido baiano enfrenta desafios significativos, como a escassez de \u00e1gua e solos \u00e1ridos. As solu\u00e7\u00f5es apresentadas atrav\u00e9s das novas entregas de equipamentos visam mitigar algumas dessas dificuldades, permitindo que os agricultores utilizem a \u00e1gua de forma mais eficiente e cultivem produtos que se adaptem melhor \u00e0s condi\u00e7\u00f5es do clima local. A implementa\u00e7\u00e3o de medidas eficazes \u00e9 crucial para garantir a resili\u00eancia e a sustentabilidade das pr\u00e1ticas agr\u00edcolas.<\/p>\n<h2>Vis\u00e3o Futuro para a Produ\u00e7\u00e3o Agr\u00edcola<\/h2>\n<p>A perspectiva futura da agricultura na regi\u00e3o \u00e9 promissora, considerando os investimentos efetivados. As entregas realizadas durante a exposi\u00e7\u00e3o s\u00e3o um passo importante para revitalizar o setor rural, mas devem ser acompanhadas de um planejamento cont\u00ednuo que inclua forma\u00e7\u00e3o t\u00e9cnica para os agricultores e estrat\u00e9gias para enfrentamento das adversidades clim\u00e1ticas. A integra\u00e7\u00e3o entre a produ\u00e7\u00e3o rural e a educa\u00e7\u00e3o \u00e9 essencial para formar uma nova gera\u00e7\u00e3o de agricultores preparados para enfrentar os desafios e aproveitar as oportunidades que surgem ao longo do caminho.<\/p>\n\n<div style=\"font-size: 0px; height: 0px; line-height: 0px; margin: 0; padding: 0; clear: both;\"><\/div>","protected":false},"excerpt":{"rendered":"<p>M\u00e1quinas agr\u00edcolas entregues pelo governador fortalecem a produ\u00e7\u00e3o rural em Jequi\u00e9, Bahia.<\/p>\n","protected":false},"author":1,"featured_media":0,"comment_status":"open","ping_status":"closed","sticky":false,"template":"","format":"standard","meta":{"footnotes":""},"categories":[24],"tags":[],"class_list":["post-1197","post","type-post","status-publish","format-standard","hentry","category-educacao-em-jequie"],"aioseo_notices":[],"aioseo_head":"\n\t\t<!-- All in One SEO 5.0.0.1 - aioseo.com -->\n\t<meta name=\"description\" content=\"M\u00e1quinas agr\u00edcolas entregues pelo governador fortalecem a produ\u00e7\u00e3o rural em Jequi\u00e9, Bahia.\" \/>\n\t<meta name=\"robots\" content=\"max-image-preview:large\" \/>\n\t<meta name=\"author\" content=\"Encontra Jequi\u00e9\"\/>\n\t<link rel=\"canonical\" href=\"https:\/\/www.encontrajequie.com.br\/sobre\/governador-jeronimo-entrega-maquinas-agricolas-em-jequie-durante-exposicao-agropecuaria-e-reforca-apoio-a-producao-rural\/\" \/>\n\t<meta name=\"generator\" content=\"All in One SEO (AIOSEO) 5.0.0.1\" \/>\n\t\t<meta property=\"og:locale\" content=\"pt_BR\" \/>\n\t\t<meta property=\"og:site_name\" content=\"Encontra Jequi\u00e9 | Not\u00edcias, eventos, informa\u00e7\u00f5es e dicas na cidade de Jequi\u00e9 e regi\u00e3o.\" \/>\n\t\t<meta property=\"og:type\" content=\"article\" \/>\n\t\t<meta property=\"og:title\" content=\"Governador Jer\u00f4nimo entrega m\u00e1quinas agr\u00edcolas em Jequi\u00e9 durante Exposi\u00e7\u00e3o Agropecu\u00e1ria e refor\u00e7a apoio \u00e0 produ\u00e7\u00e3o rural | Encontra Jequi\u00e9\" \/>\n\t\t<meta property=\"og:description\" content=\"M\u00e1quinas agr\u00edcolas entregues pelo governador fortalecem a produ\u00e7\u00e3o rural em Jequi\u00e9, Bahia.\" \/>\n\t\t<meta property=\"og:url\" content=\"https:\/\/www.encontrajequie.com.br\/sobre\/governador-jeronimo-entrega-maquinas-agricolas-em-jequie-durante-exposicao-agropecuaria-e-reforca-apoio-a-producao-rural\/\" \/>\n\t\t<meta property=\"article:published_time\" content=\"2026-05-26T06:31:49+00:00\" \/>\n\t\t<meta property=\"article:modified_time\" content=\"2026-05-26T06:31:49+00:00\" \/>\n\t\t<meta name=\"twitter:card\" content=\"summary_large_image\" \/>\n\t\t<meta name=\"twitter:title\" content=\"Governador Jer\u00f4nimo entrega m\u00e1quinas agr\u00edcolas em Jequi\u00e9 durante Exposi\u00e7\u00e3o Agropecu\u00e1ria e refor\u00e7a apoio \u00e0 produ\u00e7\u00e3o rural | Encontra Jequi\u00e9\" \/>\n\t\t<meta name=\"twitter:description\" content=\"M\u00e1quinas agr\u00edcolas entregues pelo governador fortalecem a produ\u00e7\u00e3o rural em Jequi\u00e9, Bahia.\" \/>\n\t\t<script type=\"application\/ld+json\" class=\"aioseo-schema\">\n\t\t\t{\"@context\":\"https:\\\/\\\/schema.org\",\"@graph\":[{\"@type\":\"Article\",\"@id\":\"https:\\\/\\\/www.encontrajequie.com.br\\\/sobre\\\/governador-jeronimo-entrega-maquinas-agricolas-em-jequie-durante-exposicao-agropecuaria-e-reforca-apoio-a-producao-rural\\\/#article\",\"name\":\"Governador Jer\\u00f4nimo entrega m\\u00e1quinas agr\\u00edcolas em Jequi\\u00e9 durante Exposi\\u00e7\\u00e3o Agropecu\\u00e1ria e refor\\u00e7a apoio \\u00e0 produ\\u00e7\\u00e3o rural | Encontra Jequi\\u00e9\",\"headline\":\"Governador Jer\\u00f4nimo entrega m\\u00e1quinas agr\\u00edcolas em Jequi\\u00e9 durante Exposi\\u00e7\\u00e3o Agropecu\\u00e1ria e refor\\u00e7a apoio \\u00e0 produ\\u00e7\\u00e3o rural\",\"author\":{\"@id\":\"https:\\\/\\\/www.encontrajequie.com.br\\\/sobre\\\/author\\\/ejequie\\\/#author\"},\"publisher\":{\"@id\":\"https:\\\/\\\/www.encontrajequie.com.br\\\/sobre\\\/#organization\"},\"datePublished\":\"2026-05-26T03:31:49-03:00\",\"dateModified\":\"2026-05-26T03:31:49-03:00\",\"inLanguage\":\"pt-BR\",\"mainEntityOfPage\":{\"@id\":\"https:\\\/\\\/www.encontrajequie.com.br\\\/sobre\\\/governador-jeronimo-entrega-maquinas-agricolas-em-jequie-durante-exposicao-agropecuaria-e-reforca-apoio-a-producao-rural\\\/#webpage\"},\"isPartOf\":{\"@id\":\"https:\\\/\\\/www.encontrajequie.com.br\\\/sobre\\\/governador-jeronimo-entrega-maquinas-agricolas-em-jequie-durante-exposicao-agropecuaria-e-reforca-apoio-a-producao-rural\\\/#webpage\"},\"articleSection\":\"Educa\\u00e7\\u00e3o Jequi\\u00e9\"},{\"@type\":\"BreadcrumbList\",\"@id\":\"https:\\\/\\\/www.encontrajequie.com.br\\\/sobre\\\/governador-jeronimo-entrega-maquinas-agricolas-em-jequie-durante-exposicao-agropecuaria-e-reforca-apoio-a-producao-rural\\\/#breadcrumblist\",\"itemListElement\":[{\"@type\":\"ListItem\",\"@id\":\"https:\\\/\\\/www.encontrajequie.com.br\\\/sobre#listItem\",\"position\":1,\"name\":\"Home\",\"item\":\"https:\\\/\\\/www.encontrajequie.com.br\\\/sobre\",\"nextItem\":{\"@type\":\"ListItem\",\"@id\":\"https:\\\/\\\/www.encontrajequie.com.br\\\/sobre\\\/educacao-em-jequie\\\/#listItem\",\"name\":\"Educa\\u00e7\\u00e3o Jequi\\u00e9\"}},{\"@type\":\"ListItem\",\"@id\":\"https:\\\/\\\/www.encontrajequie.com.br\\\/sobre\\\/educacao-em-jequie\\\/#listItem\",\"position\":2,\"name\":\"Educa\\u00e7\\u00e3o Jequi\\u00e9\",\"item\":\"https:\\\/\\\/www.encontrajequie.com.br\\\/sobre\\\/educacao-em-jequie\\\/\",\"nextItem\":{\"@type\":\"ListItem\",\"@id\":\"https:\\\/\\\/www.encontrajequie.com.br\\\/sobre\\\/governador-jeronimo-entrega-maquinas-agricolas-em-jequie-durante-exposicao-agropecuaria-e-reforca-apoio-a-producao-rural\\\/#listItem\",\"name\":\"Governador Jer\\u00f4nimo entrega m\\u00e1quinas agr\\u00edcolas em Jequi\\u00e9 durante Exposi\\u00e7\\u00e3o Agropecu\\u00e1ria e refor\\u00e7a apoio \\u00e0 produ\\u00e7\\u00e3o rural\"},\"previousItem\":{\"@type\":\"ListItem\",\"@id\":\"https:\\\/\\\/www.encontrajequie.com.br\\\/sobre#listItem\",\"name\":\"Home\"}},{\"@type\":\"ListItem\",\"@id\":\"https:\\\/\\\/www.encontrajequie.com.br\\\/sobre\\\/governador-jeronimo-entrega-maquinas-agricolas-em-jequie-durante-exposicao-agropecuaria-e-reforca-apoio-a-producao-rural\\\/#listItem\",\"position\":3,\"name\":\"Governador Jer\\u00f4nimo entrega m\\u00e1quinas agr\\u00edcolas em Jequi\\u00e9 durante Exposi\\u00e7\\u00e3o Agropecu\\u00e1ria e refor\\u00e7a apoio \\u00e0 produ\\u00e7\\u00e3o rural\",\"previousItem\":{\"@type\":\"ListItem\",\"@id\":\"https:\\\/\\\/www.encontrajequie.com.br\\\/sobre\\\/educacao-em-jequie\\\/#listItem\",\"name\":\"Educa\\u00e7\\u00e3o Jequi\\u00e9\"}}]},{\"@type\":\"Organization\",\"@id\":\"https:\\\/\\\/www.encontrajequie.com.br\\\/sobre\\\/#organization\",\"name\":\"Encontra Jequi\\u00e9\",\"description\":\"Not\\u00edcias, eventos, informa\\u00e7\\u00f5es e dicas na cidade de Jequi\\u00e9 e regi\\u00e3o.\",\"url\":\"https:\\\/\\\/www.encontrajequie.com.br\\\/sobre\\\/\"},{\"@type\":\"Person\",\"@id\":\"https:\\\/\\\/www.encontrajequie.com.br\\\/sobre\\\/author\\\/ejequie\\\/#author\",\"url\":\"https:\\\/\\\/www.encontrajequie.com.br\\\/sobre\\\/author\\\/ejequie\\\/\",\"name\":\"Encontra Jequi\\u00e9\",\"image\":{\"@type\":\"ImageObject\",\"@id\":\"https:\\\/\\\/www.encontrajequie.com.br\\\/sobre\\\/governador-jeronimo-entrega-maquinas-agricolas-em-jequie-durante-exposicao-agropecuaria-e-reforca-apoio-a-producao-rural\\\/#authorImage\",\"url\":\"https:\\\/\\\/secure.gravatar.com\\\/avatar\\\/507340682b8270222e1f208e23198b6ae7e2c6a1033ae84e99bc6bce4f82a387?s=96&d=mm&r=g\",\"width\":96,\"height\":96,\"caption\":\"Encontra Jequi\\u00e9\"}},{\"@type\":\"WebPage\",\"@id\":\"https:\\\/\\\/www.encontrajequie.com.br\\\/sobre\\\/governador-jeronimo-entrega-maquinas-agricolas-em-jequie-durante-exposicao-agropecuaria-e-reforca-apoio-a-producao-rural\\\/#webpage\",\"url\":\"https:\\\/\\\/www.encontrajequie.com.br\\\/sobre\\\/governador-jeronimo-entrega-maquinas-agricolas-em-jequie-durante-exposicao-agropecuaria-e-reforca-apoio-a-producao-rural\\\/\",\"name\":\"Governador Jer\\u00f4nimo entrega m\\u00e1quinas agr\\u00edcolas em Jequi\\u00e9 durante Exposi\\u00e7\\u00e3o Agropecu\\u00e1ria e refor\\u00e7a apoio \\u00e0 produ\\u00e7\\u00e3o rural | Encontra Jequi\\u00e9\",\"description\":\"M\\u00e1quinas agr\\u00edcolas entregues pelo governador fortalecem a produ\\u00e7\\u00e3o rural em Jequi\\u00e9, Bahia.\",\"inLanguage\":\"pt-BR\",\"isPartOf\":{\"@id\":\"https:\\\/\\\/www.encontrajequie.com.br\\\/sobre\\\/#website\"},\"breadcrumb\":{\"@id\":\"https:\\\/\\\/www.encontrajequie.com.br\\\/sobre\\\/governador-jeronimo-entrega-maquinas-agricolas-em-jequie-durante-exposicao-agropecuaria-e-reforca-apoio-a-producao-rural\\\/#breadcrumblist\"},\"author\":{\"@id\":\"https:\\\/\\\/www.encontrajequie.com.br\\\/sobre\\\/author\\\/ejequie\\\/#author\"},\"creator\":{\"@id\":\"https:\\\/\\\/www.encontrajequie.com.br\\\/sobre\\\/author\\\/ejequie\\\/#author\"},\"datePublished\":\"2026-05-26T03:31:49-03:00\",\"dateModified\":\"2026-05-26T03:31:49-03:00\"},{\"@type\":\"WebSite\",\"@id\":\"https:\\\/\\\/www.encontrajequie.com.br\\\/sobre\\\/#website\",\"url\":\"https:\\\/\\\/www.encontrajequie.com.br\\\/sobre\\\/\",\"name\":\"Encontra Jequi\\u00e9\",\"description\":\"Not\\u00edcias, eventos, informa\\u00e7\\u00f5es e dicas na cidade de Jequi\\u00e9 e regi\\u00e3o.\",\"inLanguage\":\"pt-BR\",\"publisher\":{\"@id\":\"https:\\\/\\\/www.encontrajequie.com.br\\\/sobre\\\/#organization\"}}]}\n\t\t<\/script>\n\t\t<!-- All in One SEO -->\n\n","aioseo_head_json":{"title":"Governador Jer\u00f4nimo entrega m\u00e1quinas agr\u00edcolas em Jequi\u00e9 durante Exposi\u00e7\u00e3o Agropecu\u00e1ria e refor\u00e7a apoio \u00e0 produ\u00e7\u00e3o rural | Encontra Jequi\u00e9","description":"M\u00e1quinas agr\u00edcolas entregues pelo governador fortalecem a produ\u00e7\u00e3o rural em Jequi\u00e9, Bahia.","canonical_url":"https:\/\/www.encontrajequie.com.br\/sobre\/governador-jeronimo-entrega-maquinas-agricolas-em-jequie-durante-exposicao-agropecuaria-e-reforca-apoio-a-producao-rural\/","robots":"max-image-preview:large","keywords":"","webmasterTools":{"miscellaneous":""},"schema":{"@context":"https:\/\/schema.org","@graph":[{"@type":"Article","@id":"https:\/\/www.encontrajequie.com.br\/sobre\/governador-jeronimo-entrega-maquinas-agricolas-em-jequie-durante-exposicao-agropecuaria-e-reforca-apoio-a-producao-rural\/#article","name":"Governador Jer\u00f4nimo entrega m\u00e1quinas agr\u00edcolas em Jequi\u00e9 durante Exposi\u00e7\u00e3o Agropecu\u00e1ria e refor\u00e7a apoio \u00e0 produ\u00e7\u00e3o rural | Encontra Jequi\u00e9","headline":"Governador Jer\u00f4nimo entrega m\u00e1quinas agr\u00edcolas em Jequi\u00e9 durante Exposi\u00e7\u00e3o Agropecu\u00e1ria e refor\u00e7a apoio \u00e0 produ\u00e7\u00e3o rural","author":{"@id":"https:\/\/www.encontrajequie.com.br\/sobre\/author\/ejequie\/#author"},"publisher":{"@id":"https:\/\/www.encontrajequie.com.br\/sobre\/#organization"},"datePublished":"2026-05-26T03:31:49-03:00","dateModified":"2026-05-26T03:31:49-03:00","inLanguage":"pt-BR","mainEntityOfPage":{"@id":"https:\/\/www.encontrajequie.com.br\/sobre\/governador-jeronimo-entrega-maquinas-agricolas-em-jequie-durante-exposicao-agropecuaria-e-reforca-apoio-a-producao-rural\/#webpage"},"isPartOf":{"@id":"https:\/\/www.encontrajequie.com.br\/sobre\/governador-jeronimo-entrega-maquinas-agricolas-em-jequie-durante-exposicao-agropecuaria-e-reforca-apoio-a-producao-rural\/#webpage"},"articleSection":"Educa\u00e7\u00e3o Jequi\u00e9"},{"@type":"BreadcrumbList","@id":"https:\/\/www.encontrajequie.com.br\/sobre\/governador-jeronimo-entrega-maquinas-agricolas-em-jequie-durante-exposicao-agropecuaria-e-reforca-apoio-a-producao-rural\/#breadcrumblist","itemListElement":[{"@type":"ListItem","@id":"https:\/\/www.encontrajequie.com.br\/sobre#listItem","position":1,"name":"Home","item":"https:\/\/www.encontrajequie.com.br\/sobre","nextItem":{"@type":"ListItem","@id":"https:\/\/www.encontrajequie.com.br\/sobre\/educacao-em-jequie\/#listItem","name":"Educa\u00e7\u00e3o Jequi\u00e9"}},{"@type":"ListItem","@id":"https:\/\/www.encontrajequie.com.br\/sobre\/educacao-em-jequie\/#listItem","position":2,"name":"Educa\u00e7\u00e3o Jequi\u00e9","item":"https:\/\/www.encontrajequie.com.br\/sobre\/educacao-em-jequie\/","nextItem":{"@type":"ListItem","@id":"https:\/\/www.encontrajequie.com.br\/sobre\/governador-jeronimo-entrega-maquinas-agricolas-em-jequie-durante-exposicao-agropecuaria-e-reforca-apoio-a-producao-rural\/#listItem","name":"Governador Jer\u00f4nimo entrega m\u00e1quinas agr\u00edcolas em Jequi\u00e9 durante Exposi\u00e7\u00e3o Agropecu\u00e1ria e refor\u00e7a apoio \u00e0 produ\u00e7\u00e3o rural"},"previousItem":{"@type":"ListItem","@id":"https:\/\/www.encontrajequie.com.br\/sobre#listItem","name":"Home"}},{"@type":"ListItem","@id":"https:\/\/www.encontrajequie.com.br\/sobre\/governador-jeronimo-entrega-maquinas-agricolas-em-jequie-durante-exposicao-agropecuaria-e-reforca-apoio-a-producao-rural\/#listItem","position":3,"name":"Governador Jer\u00f4nimo entrega m\u00e1quinas agr\u00edcolas em Jequi\u00e9 durante Exposi\u00e7\u00e3o Agropecu\u00e1ria e refor\u00e7a apoio \u00e0 produ\u00e7\u00e3o rural","previousItem":{"@type":"ListItem","@id":"https:\/\/www.encontrajequie.com.br\/sobre\/educacao-em-jequie\/#listItem","name":"Educa\u00e7\u00e3o Jequi\u00e9"}}]},{"@type":"Organization","@id":"https:\/\/www.encontrajequie.com.br\/sobre\/#organization","name":"Encontra Jequi\u00e9","description":"Not\u00edcias, eventos, informa\u00e7\u00f5es e dicas na cidade de Jequi\u00e9 e regi\u00e3o.","url":"https:\/\/www.encontrajequie.com.br\/sobre\/"},{"@type":"Person","@id":"https:\/\/www.encontrajequie.com.br\/sobre\/author\/ejequie\/#author","url":"https:\/\/www.encontrajequie.com.br\/sobre\/author\/ejequie\/","name":"Encontra Jequi\u00e9","image":{"@type":"ImageObject","@id":"https:\/\/www.encontrajequie.com.br\/sobre\/governador-jeronimo-entrega-maquinas-agricolas-em-jequie-durante-exposicao-agropecuaria-e-reforca-apoio-a-producao-rural\/#authorImage","url":"https:\/\/secure.gravatar.com\/avatar\/507340682b8270222e1f208e23198b6ae7e2c6a1033ae84e99bc6bce4f82a387?s=96&d=mm&r=g","width":96,"height":96,"caption":"Encontra Jequi\u00e9"}},{"@type":"WebPage","@id":"https:\/\/www.encontrajequie.com.br\/sobre\/governador-jeronimo-entrega-maquinas-agricolas-em-jequie-durante-exposicao-agropecuaria-e-reforca-apoio-a-producao-rural\/#webpage","url":"https:\/\/www.encontrajequie.com.br\/sobre\/governador-jeronimo-entrega-maquinas-agricolas-em-jequie-durante-exposicao-agropecuaria-e-reforca-apoio-a-producao-rural\/","name":"Governador Jer\u00f4nimo entrega m\u00e1quinas agr\u00edcolas em Jequi\u00e9 durante Exposi\u00e7\u00e3o Agropecu\u00e1ria e refor\u00e7a apoio \u00e0 produ\u00e7\u00e3o rural | Encontra Jequi\u00e9","description":"M\u00e1quinas agr\u00edcolas entregues pelo governador fortalecem a produ\u00e7\u00e3o rural em Jequi\u00e9, Bahia.","inLanguage":"pt-BR","isPartOf":{"@id":"https:\/\/www.encontrajequie.com.br\/sobre\/#website"},"breadcrumb":{"@id":"https:\/\/www.encontrajequie.com.br\/sobre\/governador-jeronimo-entrega-maquinas-agricolas-em-jequie-durante-exposicao-agropecuaria-e-reforca-apoio-a-producao-rural\/#breadcrumblist"},"author":{"@id":"https:\/\/www.encontrajequie.com.br\/sobre\/author\/ejequie\/#author"},"creator":{"@id":"https:\/\/www.encontrajequie.com.br\/sobre\/author\/ejequie\/#author"},"datePublished":"2026-05-26T03:31:49-03:00","dateModified":"2026-05-26T03:31:49-03:00"},{"@type":"WebSite","@id":"https:\/\/www.encontrajequie.com.br\/sobre\/#website","url":"https:\/\/www.encontrajequie.com.br\/sobre\/","name":"Encontra Jequi\u00e9","description":"Not\u00edcias, eventos, informa\u00e7\u00f5es e dicas na cidade de Jequi\u00e9 e regi\u00e3o.","inLanguage":"pt-BR","publisher":{"@id":"https:\/\/www.encontrajequie.com.br\/sobre\/#organization"}}]},"og:locale":"pt_BR","og:site_name":"Encontra Jequi\u00e9 | Not\u00edcias, eventos, informa\u00e7\u00f5es e dicas na cidade de Jequi\u00e9 e regi\u00e3o.","og:type":"article","og:title":"Governador Jer\u00f4nimo entrega m\u00e1quinas agr\u00edcolas em Jequi\u00e9 durante Exposi\u00e7\u00e3o Agropecu\u00e1ria e refor\u00e7a apoio \u00e0 produ\u00e7\u00e3o rural | Encontra Jequi\u00e9","og:description":"M\u00e1quinas agr\u00edcolas entregues pelo governador fortalecem a produ\u00e7\u00e3o rural em Jequi\u00e9, Bahia.","og:url":"https:\/\/www.encontrajequie.com.br\/sobre\/governador-jeronimo-entrega-maquinas-agricolas-em-jequie-durante-exposicao-agropecuaria-e-reforca-apoio-a-producao-rural\/","article:published_time":"2026-05-26T06:31:49+00:00","article:modified_time":"2026-05-26T06:31:49+00:00","twitter:card":"summary_large_image","twitter:title":"Governador Jer\u00f4nimo entrega m\u00e1quinas agr\u00edcolas em Jequi\u00e9 durante Exposi\u00e7\u00e3o Agropecu\u00e1ria e refor\u00e7a apoio \u00e0 produ\u00e7\u00e3o rural | Encontra Jequi\u00e9","twitter:description":"M\u00e1quinas agr\u00edcolas entregues pelo governador fortalecem a produ\u00e7\u00e3o rural em Jequi\u00e9, Bahia."},"aioseo_meta_data":{"post_id":"1197","title":null,"description":null,"keywords":null,"keyphrases":null,"primary_term":null,"canonical_url":null,"og_title":null,"og_description":null,"og_object_type":"default","og_image_type":"default","og_image_url":null,"og_image_width":null,"og_image_height":null,"og_image_custom_url":null,"og_image_custom_fields":null,"og_video":null,"og_custom_url":null,"og_article_section":null,"og_article_tags":null,"twitter_use_og":false,"twitter_card":"default","twitter_image_type":"default","twitter_image_url":null,"twitter_image_custom_url":null,"twitter_image_custom_fields":null,"twitter_title":null,"twitter_description":null,"schema":{"blockGraphs":[],"customGraphs":[],"default":{"data":{"Article":[],"Course":[],"Dataset":[],"FAQPage":[],"Movie":[],"Person":[],"Product":[],"ProductReview":[],"Car":[],"Recipe":[],"Service":[],"SoftwareApplication":[],"WebPage":[]},"graphName":"Article","isEnabled":true},"graphs":[]},"schema_type":"default","schema_type_options":null,"pillar_content":false,"robots_default":true,"robots_noindex":false,"robots_noarchive":false,"robots_nosnippet":false,"robots_nofollow":false,"robots_noimageindex":false,"robots_noodp":false,"robots_notranslate":false,"robots_max_snippet":null,"robots_max_videopreview":null,"robots_max_imagepreview":"large","priority":null,"frequency":null,"local_seo":null,"breadcrumb_settings":null,"limit_modified_date":false,"ai":null,"created":"2026-05-26 06:31:52","updated":"2026-05-26 06:45:24","focus_keyword":null,"additional_keywords":null,"truseo_locale":null,"seo_analyzer_scan_date":null},"aioseo_breadcrumb":"<div class=\"aioseo-breadcrumbs\"><span class=\"aioseo-breadcrumb\">\n\t\t\t<a href=\"https:\/\/www.encontrajequie.com.br\/sobre\" title=\"Home\">Home<\/a>\n\t\t<\/span><span class=\"aioseo-breadcrumb-separator\">&raquo;<\/span><span class=\"aioseo-breadcrumb\">\n\t\t\t<a href=\"https:\/\/www.encontrajequie.com.br\/sobre\/educacao-em-jequie\/\" title=\"Educa\u00e7\u00e3o Jequi\u00e9\">Educa\u00e7\u00e3o Jequi\u00e9<\/a>\n\t\t<\/span><span class=\"aioseo-breadcrumb-separator\">&raquo;<\/span><span class=\"aioseo-breadcrumb\">\n\t\t\tGovernador Jer\u00f4nimo entrega m\u00e1quinas agr\u00edcolas em Jequi\u00e9 durante Exposi\u00e7\u00e3o Agropecu\u00e1ria e refor\u00e7a apoio \u00e0 produ\u00e7\u00e3o rural\n\t\t<\/span><\/div>","aioseo_breadcrumb_json":[{"label":"Home","link":"https:\/\/www.encontrajequie.com.br\/sobre"},{"label":"Educa\u00e7\u00e3o Jequi\u00e9","link":"https:\/\/www.encontrajequie.com.br\/sobre\/educacao-em-jequie\/"},{"label":"Governador Jer\u00f4nimo entrega m\u00e1quinas agr\u00edcolas em Jequi\u00e9 durante Exposi\u00e7\u00e3o Agropecu\u00e1ria e refor\u00e7a apoio \u00e0 produ\u00e7\u00e3o rural","link":"https:\/\/www.encontrajequie.com.br\/sobre\/governador-jeronimo-entrega-maquinas-agricolas-em-jequie-durante-exposicao-agropecuaria-e-reforca-apoio-a-producao-rural\/"}],"_links":{"self":[{"href":"https:\/\/www.encontrajequie.com.br\/sobre\/wp-json\/wp\/v2\/posts\/1197","targetHints":{"allow":["GET"]}}],"collection":[{"href":"https:\/\/www.encontrajequie.com.br\/sobre\/wp-json\/wp\/v2\/posts"}],"about":[{"href":"https:\/\/www.encontrajequie.com.br\/sobre\/wp-json\/wp\/v2\/types\/post"}],"author":[{"embeddable":true,"href":"https:\/\/www.encontrajequie.com.br\/sobre\/wp-json\/wp\/v2\/users\/1"}],"replies":[{"embeddable":true,"href":"https:\/\/www.encontrajequie.com.br\/sobre\/wp-json\/wp\/v2\/comments?post=1197"}],"version-history":[{"count":0,"href":"https:\/\/www.encontrajequie.com.br\/sobre\/wp-json\/wp\/v2\/posts\/1197\/revisions"}],"wp:attachment":[{"href":"https:\/\/www.encontrajequie.com.br\/sobre\/wp-json\/wp\/v2\/media?parent=1197"}],"wp:term":[{"taxonomy":"category","embeddable":true,"href":"https:\/\/www.encontrajequie.com.br\/sobre\/wp-json\/wp\/v2\/categories?post=1197"},{"taxonomy":"post_tag","embeddable":true,"href":"https:\/\/www.encontrajequie.com.br\/sobre\/wp-json\/wp\/v2\/tags?post=1197"}],"curies":[{"name":"wp","href":"https:\/\/api.w.org\/{rel}","templated":true}]}}