{"id":1205,"date":"2026-05-28T03:27:59","date_gmt":"2026-05-28T06:27:59","guid":{"rendered":"https:\/\/www.encontrajequie.com.br\/sobre\/prefeitura-de-jequie-divulga-programacao-do-melhor-sao-joao-da-bahia-para-praca-da-bandeira\/"},"modified":"2026-05-28T03:27:59","modified_gmt":"2026-05-28T06:27:59","slug":"prefeitura-de-jequie-divulga-programacao-do-melhor-sao-joao-da-bahia-para-praca-da-bandeira","status":"publish","type":"post","link":"https:\/\/www.encontrajequie.com.br\/sobre\/prefeitura-de-jequie-divulga-programacao-do-melhor-sao-joao-da-bahia-para-praca-da-bandeira\/","title":{"rendered":"Prefeitura de Jequi\u00e9 divulga programa\u00e7\u00e3o do Melhor S\u00e3o Jo\u00e3o da Bahia para Pra\u00e7a da Bandeira"},"content":{"rendered":"<div class=\"30cf832dc5940d4704f66d0ed9a44050\" data-index=\"1\" style=\"float: none; margin:0px;\">\n<!-- Anuncio display - global -->\r\n<ins class=\"adsbygoogle\"\r\n     style=\"display:block\"\r\n     data-ad-client=\"ca-pub-8585364105181520\"\r\n     data-ad-slot=\"8789329856\"\r\n     data-ad-format=\"auto\"\r\n     data-full-width-responsive=\"true\"><\/ins>\r\n<script>\r\n     (adsbygoogle = window.adsbygoogle || []).push({});\r\n<\/script>\n<\/div>\n<h2>O Tema do Melhor S\u00e3o Jo\u00e3o da Bahia<\/h2>\n<p>A festa do Melhor S\u00e3o Jo\u00e3o da Bahia, em Jequi\u00e9, promete este ano ser uma celebra\u00e7\u00e3o especial com o tema &#8220;Jequi\u00e9 na trajet\u00f3ria de Luiz Gonzaga&#8221;. Essa escolha reflete a rica hist\u00f3ria e os la\u00e7os afetivos que a cidade mant\u00e9m com o Rei do Bai\u00e3o. O evento ser\u00e1 um tributo \u00e0 import\u00e2ncia de Gonzaga na forma\u00e7\u00e3o da cultura nordestina, trazendo uma ambienta\u00e7\u00e3o que remete a suas can\u00e7\u00f5es e \u00e0 sua trajet\u00f3ria musical.<\/p>\n<h2>Atra\u00e7\u00f5es Musicais Imperd\u00edveis<\/h2>\n<p>Com uma grade diversificada de atra\u00e7\u00f5es, o Melhor S\u00e3o Jo\u00e3o da Bahia contar\u00e1 com grandes nomes da m\u00fasica, ampliando a expectativa do p\u00fablico. Entre os artistas confirmados est\u00e3o:<\/p>\n<ul>\n<li><strong>Elba Ramalho<\/strong><\/li>\n<li><strong>Pablo<\/strong><\/li>\n<li><strong>Jo\u00e3o Gomes<\/strong><\/li>\n<li><strong>L\u00e9o Santana<\/strong><\/li>\n<li><strong>Bruno e Marrone<\/strong><\/li>\n<li><strong>Eduardo Costa<\/strong><\/li>\n<li><strong>Victor e Leo<\/strong><\/li>\n<li><strong>Luiz Caldas<\/strong><\/li>\n<li><strong>Nattan<\/strong><\/li>\n<li><strong>Mari Fernandes<\/strong><\/li>\n<\/ul>\n<p>Esses artistas prometem trazer performances vibrantes e animadas, celebrando as tradi\u00e7\u00f5es do forr\u00f3 e da m\u00fasica nordestina.<\/p>\n<p><img decoding=\"async\" src=\"https:\/\/www.encontrajequie.com.br\/sobre\/wp-content\/uploads\/2026\/05\/prefeitura-de-jequie-divulga-programacao-do-melhor-sao-joao-da-bahia-para-praca-da-bandeira.webp\" alt=\"Melhor S\u00e3o Jo\u00e3o da Bahia\" loading=\"lazy\" \/><\/p>\n<h2>Estrutura e Ambienta\u00e7\u00e3o do Evento<\/h2>\n<p>A montagem da festa inclui uma estrutura robusta, com diferentes espa\u00e7os tem\u00e1ticos. A Pra\u00e7a Rui Barbosa ser\u00e1 transformada em uma cidade cenogr\u00e1fica batizada em homenagem a Osvaldo Nunes Pereira, o Xaxado. Este \u00e9 um elemento central do evento, propiciando um local onde a cultura tradicional se encontra com a modernidade. Outros palcos, como o da Rua F\u00e9lix Gaspar, tamb\u00e9m homenagear\u00e3o artistas como Juraci Miranda, refer\u00eancia em sua \u00e9poca.<\/p>\n<h2>Homenagens a Grandes Artistas<\/h2>\n<p>As homenagens s\u00e3o parte essencial do Melhor S\u00e3o Jo\u00e3o da Bahia. Este ano, o palco da Pra\u00e7a da Bandeira ser\u00e1 dedicado ao cantor e pesquisador musical Aroldo Vieira, que deixou um legado inestim\u00e1vel na m\u00fasica nordestina. Essas homenagens n\u00e3o apenas reconhecem os artistas que contribu\u00edram para o desenvolvimento da m\u00fasica, mas tamb\u00e9m criam uma conex\u00e3o emocional com os presentes e celebram a hist\u00f3ria da m\u00fasica popular brasileira.<\/p>\n<h2>Programa\u00e7\u00e3o Detalhada<\/h2>\n<p>A programa\u00e7\u00e3o come\u00e7ar\u00e1 no dia 14 de junho, com a inaugura\u00e7\u00e3o da Vila Junina. Entre os dias 19 e 24 de junho, as apresenta\u00e7\u00f5es na Pra\u00e7a da Bandeira e em outros locais da cidade mostrar\u00e3o a riqueza da cultura junina. Abaixo est\u00e1 um resumo da programa\u00e7\u00e3o:<\/p>\n<p>Dia 19, sexta-feira:<\/p>\n<ul>\n<li>18h \u2013 Encontro de Sanfoneiros<\/li>\n<li>20h \u2013 Elba Ramalho<\/li>\n<li>21h30 \u2013 Jogo da Sele\u00e7\u00e3o<\/li>\n<li>23h30 \u2013 Pablo<\/li>\n<li>01h30 \u2013 Jo\u00e3o Gomes<\/li>\n<\/ul>\n<p>Dia 20, s\u00e1bado:<\/p>\n<ul>\n<li>19h \u2013 Ouro Negro<\/li>\n<li>20h30 \u2013 Embalo 4<\/li>\n<li>22h \u2013 Lim\u00e3o com Mel<\/li>\n<li>00h \u2013 L\u00e9o Santana<\/li>\n<li>02h \u2013 Tarc\u00edsio do Acordeon<\/li>\n<\/ul>\n<p>Dia 21, domingo:<\/p>\n<ul>\n<li>18h \u2013 Luiz Caldas<\/li>\n<li>20h \u2013 Trio Forr\u00f3 + Eu<\/li>\n<li>22h \u2013 Iguinho e Lulinha<\/li>\n<li>00h \u2013 Victor e Leo<\/li>\n<li>02h \u2013 Unha Pintada<\/li>\n<\/ul>\n<p>Dia 22, segunda-feira:<\/p>\n<ul>\n<li>19h \u2013 Dudu Silva<\/li>\n<li>20h30 \u2013 Forroz\u00e3o Maraj\u00e1<\/li>\n<li>22h \u2013 Adelmario Coelho<\/li>\n<li>00h \u2013 Bruno e Marrone<\/li>\n<li>02h \u2013 Mari Fernandes<\/li>\n<\/ul>\n<p>Dia 23, ter\u00e7a-feira:<\/p>\n<ul>\n<li>19h \u2013 Rosy Banda<\/li>\n<li>20h \u2013 Banda Poiz\u00e9<\/li>\n<li>21h30 \u2013 Eduardo Costa<\/li>\n<li>23h30 \u2013 Felipe Amorim<\/li>\n<li>01h30 \u2013 Eric Land<\/li>\n<li>03h \u2013 Natanzinho Lima<\/li>\n<\/ul>\n<p>Dia 24, quarta-feira:<\/p>\n<ul>\n<li>18h \u2013 S\u00f3 o B\u00e1sico<\/li>\n<li>20h \u2013 Jogo da Sele\u00e7\u00e3o<\/li>\n<li>21h30 \u2013 Filomena Bagaceira<\/li>\n<li>23h30 \u2013 Klessinha<\/li>\n<li>01h30 \u2013 Nattan<\/li>\n<li>03h \u2013 Toque Dez<\/li>\n<\/ul>\n<h2>Experi\u00eancias Culturais para Todos<\/h2>\n<p>A festa tamb\u00e9m promover\u00e1 uma s\u00e9rie de experi\u00eancias culturais, com atividades que v\u00e3o desde apresenta\u00e7\u00f5es folcl\u00f3ricas a oficinas de dan\u00e7a. Essas iniciativas visam envolver n\u00e3o apenas os amantes da m\u00fasica, mas tamb\u00e9m aqueles interessados em aprender mais sobre as tradi\u00e7\u00f5es juninas e a gastronomia local. Assim, o evento se torna uma oportunidade para todos participarem e vivenciarem a cultura de forma interativa.<\/p>\n<h2>Preparativos da Secretaria de Cultura<\/h2>\n<p>A Secretaria de Cultura e Turismo est\u00e1 a todo vapor nos preparativos para este evento grandioso. As equipes respons\u00e1veis est\u00e3o focadas na montagem da estrutura, na log\u00edstica do evento, e na produ\u00e7\u00e3o da ambienta\u00e7\u00e3o que far\u00e1 jus ao tema da festa. Cada detalhe est\u00e1 sendo cuidadosamente pensado para garantir que o Melhor S\u00e3o Jo\u00e3o da Bahia ofere\u00e7a uma experi\u00eancia inesquec\u00edvel para todos.<\/p>\n<h2>Impacto do S\u00e3o Jo\u00e3o na Economia Local<\/h2>\n<p>Os festejos juninos em Jequi\u00e9 s\u00e3o mais do que uma celebra\u00e7\u00e3o cultural; eles representam uma grande oportunidade econ\u00f4mica para o munic\u00edpio. O aumento do fluxo de turistas durante o evento ajuda a movimentar o com\u00e9rcio local, como hot\u00e9is, restaurantes e outras empresas, promovendo o crescimento da economia. Este impacto econ\u00f4mico \u00e9 realizado atrav\u00e9s do crescimento do turismo, ajudando a gerar emprego e renda para a popula\u00e7\u00e3o local.<\/p>\n<h2>Engajamento da Comunidade<\/h2>\n<p>A comunidade local desempenha um papel crucial na realiza\u00e7\u00e3o do Melhor S\u00e3o Jo\u00e3o da Bahia. Moradores, comerciantes e artistas locais se unem para fazer do evento um sucesso. Este engajamento fortalece os la\u00e7os comunit\u00e1rios e promove um sentimento de pertencimento e orgulho entre os habitantes de Jequi\u00e9, tornando a festa uma verdadeira celebra\u00e7\u00e3o coletiva.<\/p>\n<h2>Expectativas para o Instituto de Cultura<\/h2>\n<p>O Instituto de Cultura de Jequi\u00e9 espera que, com esta edi\u00e7\u00e3o do Melhor S\u00e3o Jo\u00e3o da Bahia, mais jovens se interessem pela cultura nordestina e suas tradi\u00e7\u00f5es. O evento pode inspirar novos talentos e contribuir para que a cultura local seja cada vez mais valorizada e reconhecida a n\u00edvel nacional.<\/p>\n\n<div style=\"font-size: 0px; height: 0px; line-height: 0px; margin: 0; padding: 0; clear: both;\"><\/div>","protected":false},"excerpt":{"rendered":"<p>Prefeitura de Jequi\u00e9 apresenta a programa\u00e7\u00e3o do Melhor S\u00e3o Jo\u00e3o da Bahia na Pra\u00e7a da Bandeira.<\/p>\n","protected":false},"author":1,"featured_media":1204,"comment_status":"open","ping_status":"closed","sticky":false,"template":"","format":"standard","meta":{"footnotes":""},"categories":[1],"tags":[],"class_list":["post-1205","post","type-post","status-publish","format-standard","has-post-thumbnail","hentry","category-noticias-em-jequie","has_thumb"],"aioseo_notices":[],"aioseo_head":"\n\t\t<!-- All in One SEO 5.0.0.1 - aioseo.com -->\n\t<meta name=\"description\" content=\"Prefeitura de Jequi\u00e9 apresenta a programa\u00e7\u00e3o do Melhor S\u00e3o Jo\u00e3o da Bahia na Pra\u00e7a da Bandeira.\" \/>\n\t<meta name=\"robots\" content=\"max-image-preview:large\" \/>\n\t<meta name=\"author\" content=\"Encontra Jequi\u00e9\"\/>\n\t<link rel=\"canonical\" href=\"https:\/\/www.encontrajequie.com.br\/sobre\/prefeitura-de-jequie-divulga-programacao-do-melhor-sao-joao-da-bahia-para-praca-da-bandeira\/\" \/>\n\t<meta name=\"generator\" content=\"All in One SEO (AIOSEO) 5.0.0.1\" \/>\n\t\t<meta property=\"og:locale\" content=\"pt_BR\" \/>\n\t\t<meta property=\"og:site_name\" content=\"Encontra Jequi\u00e9 | Not\u00edcias, eventos, informa\u00e7\u00f5es e dicas na cidade de Jequi\u00e9 e regi\u00e3o.\" \/>\n\t\t<meta property=\"og:type\" content=\"article\" \/>\n\t\t<meta property=\"og:title\" content=\"Prefeitura de Jequi\u00e9 divulga programa\u00e7\u00e3o do Melhor S\u00e3o Jo\u00e3o da Bahia para Pra\u00e7a da Bandeira | Encontra Jequi\u00e9\" \/>\n\t\t<meta property=\"og:description\" content=\"Prefeitura de Jequi\u00e9 apresenta a programa\u00e7\u00e3o do Melhor S\u00e3o Jo\u00e3o da Bahia na Pra\u00e7a da Bandeira.\" \/>\n\t\t<meta property=\"og:url\" content=\"https:\/\/www.encontrajequie.com.br\/sobre\/prefeitura-de-jequie-divulga-programacao-do-melhor-sao-joao-da-bahia-para-praca-da-bandeira\/\" \/>\n\t\t<meta property=\"article:published_time\" content=\"2026-05-28T06:27:59+00:00\" \/>\n\t\t<meta property=\"article:modified_time\" content=\"2026-05-28T06:27:59+00:00\" \/>\n\t\t<meta name=\"twitter:card\" content=\"summary_large_image\" \/>\n\t\t<meta name=\"twitter:title\" content=\"Prefeitura de Jequi\u00e9 divulga programa\u00e7\u00e3o do Melhor S\u00e3o Jo\u00e3o da Bahia para Pra\u00e7a da Bandeira | Encontra Jequi\u00e9\" \/>\n\t\t<meta name=\"twitter:description\" content=\"Prefeitura de Jequi\u00e9 apresenta a programa\u00e7\u00e3o do Melhor S\u00e3o Jo\u00e3o da Bahia na Pra\u00e7a da Bandeira.\" \/>\n\t\t<script type=\"application\/ld+json\" class=\"aioseo-schema\">\n\t\t\t{\"@context\":\"https:\\\/\\\/schema.org\",\"@graph\":[{\"@type\":\"Article\",\"@id\":\"https:\\\/\\\/www.encontrajequie.com.br\\\/sobre\\\/prefeitura-de-jequie-divulga-programacao-do-melhor-sao-joao-da-bahia-para-praca-da-bandeira\\\/#article\",\"name\":\"Prefeitura de Jequi\\u00e9 divulga programa\\u00e7\\u00e3o do Melhor S\\u00e3o Jo\\u00e3o da Bahia para Pra\\u00e7a da Bandeira | Encontra Jequi\\u00e9\",\"headline\":\"Prefeitura de Jequi\\u00e9 divulga programa\\u00e7\\u00e3o do Melhor S\\u00e3o Jo\\u00e3o da Bahia para Pra\\u00e7a da Bandeira\",\"author\":{\"@id\":\"https:\\\/\\\/www.encontrajequie.com.br\\\/sobre\\\/author\\\/ejequie\\\/#author\"},\"publisher\":{\"@id\":\"https:\\\/\\\/www.encontrajequie.com.br\\\/sobre\\\/#organization\"},\"image\":{\"@type\":\"ImageObject\",\"url\":\"https:\\\/\\\/www.encontrajequie.com.br\\\/sobre\\\/wp-content\\\/uploads\\\/2026\\\/05\\\/prefeitura-de-jequie-divulga-programacao-do-melhor-sao-joao-da-bahia-para-praca-da-bandeira.webp\",\"width\":280,\"height\":280,\"caption\":\"Melhor S\\u00e3o Jo\\u00e3o da Bahia\"},\"datePublished\":\"2026-05-28T03:27:59-03:00\",\"dateModified\":\"2026-05-28T03:27:59-03:00\",\"inLanguage\":\"pt-BR\",\"mainEntityOfPage\":{\"@id\":\"https:\\\/\\\/www.encontrajequie.com.br\\\/sobre\\\/prefeitura-de-jequie-divulga-programacao-do-melhor-sao-joao-da-bahia-para-praca-da-bandeira\\\/#webpage\"},\"isPartOf\":{\"@id\":\"https:\\\/\\\/www.encontrajequie.com.br\\\/sobre\\\/prefeitura-de-jequie-divulga-programacao-do-melhor-sao-joao-da-bahia-para-praca-da-bandeira\\\/#webpage\"},\"articleSection\":\"Not\\u00edcias Jequi\\u00e9\"},{\"@type\":\"BreadcrumbList\",\"@id\":\"https:\\\/\\\/www.encontrajequie.com.br\\\/sobre\\\/prefeitura-de-jequie-divulga-programacao-do-melhor-sao-joao-da-bahia-para-praca-da-bandeira\\\/#breadcrumblist\",\"itemListElement\":[{\"@type\":\"ListItem\",\"@id\":\"https:\\\/\\\/www.encontrajequie.com.br\\\/sobre#listItem\",\"position\":1,\"name\":\"Home\",\"item\":\"https:\\\/\\\/www.encontrajequie.com.br\\\/sobre\",\"nextItem\":{\"@type\":\"ListItem\",\"@id\":\"https:\\\/\\\/www.encontrajequie.com.br\\\/sobre\\\/noticias-em-jequie\\\/#listItem\",\"name\":\"Not\\u00edcias Jequi\\u00e9\"}},{\"@type\":\"ListItem\",\"@id\":\"https:\\\/\\\/www.encontrajequie.com.br\\\/sobre\\\/noticias-em-jequie\\\/#listItem\",\"position\":2,\"name\":\"Not\\u00edcias Jequi\\u00e9\",\"item\":\"https:\\\/\\\/www.encontrajequie.com.br\\\/sobre\\\/noticias-em-jequie\\\/\",\"nextItem\":{\"@type\":\"ListItem\",\"@id\":\"https:\\\/\\\/www.encontrajequie.com.br\\\/sobre\\\/prefeitura-de-jequie-divulga-programacao-do-melhor-sao-joao-da-bahia-para-praca-da-bandeira\\\/#listItem\",\"name\":\"Prefeitura de Jequi\\u00e9 divulga programa\\u00e7\\u00e3o do Melhor S\\u00e3o Jo\\u00e3o da Bahia para Pra\\u00e7a da Bandeira\"},\"previousItem\":{\"@type\":\"ListItem\",\"@id\":\"https:\\\/\\\/www.encontrajequie.com.br\\\/sobre#listItem\",\"name\":\"Home\"}},{\"@type\":\"ListItem\",\"@id\":\"https:\\\/\\\/www.encontrajequie.com.br\\\/sobre\\\/prefeitura-de-jequie-divulga-programacao-do-melhor-sao-joao-da-bahia-para-praca-da-bandeira\\\/#listItem\",\"position\":3,\"name\":\"Prefeitura de Jequi\\u00e9 divulga programa\\u00e7\\u00e3o do Melhor S\\u00e3o Jo\\u00e3o da Bahia para Pra\\u00e7a da Bandeira\",\"previousItem\":{\"@type\":\"ListItem\",\"@id\":\"https:\\\/\\\/www.encontrajequie.com.br\\\/sobre\\\/noticias-em-jequie\\\/#listItem\",\"name\":\"Not\\u00edcias Jequi\\u00e9\"}}]},{\"@type\":\"Organization\",\"@id\":\"https:\\\/\\\/www.encontrajequie.com.br\\\/sobre\\\/#organization\",\"name\":\"Encontra Jequi\\u00e9\",\"description\":\"Not\\u00edcias, eventos, informa\\u00e7\\u00f5es e dicas na cidade de Jequi\\u00e9 e regi\\u00e3o.\",\"url\":\"https:\\\/\\\/www.encontrajequie.com.br\\\/sobre\\\/\"},{\"@type\":\"Person\",\"@id\":\"https:\\\/\\\/www.encontrajequie.com.br\\\/sobre\\\/author\\\/ejequie\\\/#author\",\"url\":\"https:\\\/\\\/www.encontrajequie.com.br\\\/sobre\\\/author\\\/ejequie\\\/\",\"name\":\"Encontra Jequi\\u00e9\",\"image\":{\"@type\":\"ImageObject\",\"@id\":\"https:\\\/\\\/www.encontrajequie.com.br\\\/sobre\\\/prefeitura-de-jequie-divulga-programacao-do-melhor-sao-joao-da-bahia-para-praca-da-bandeira\\\/#authorImage\",\"url\":\"https:\\\/\\\/secure.gravatar.com\\\/avatar\\\/507340682b8270222e1f208e23198b6ae7e2c6a1033ae84e99bc6bce4f82a387?s=96&d=mm&r=g\",\"width\":96,\"height\":96,\"caption\":\"Encontra Jequi\\u00e9\"}},{\"@type\":\"WebPage\",\"@id\":\"https:\\\/\\\/www.encontrajequie.com.br\\\/sobre\\\/prefeitura-de-jequie-divulga-programacao-do-melhor-sao-joao-da-bahia-para-praca-da-bandeira\\\/#webpage\",\"url\":\"https:\\\/\\\/www.encontrajequie.com.br\\\/sobre\\\/prefeitura-de-jequie-divulga-programacao-do-melhor-sao-joao-da-bahia-para-praca-da-bandeira\\\/\",\"name\":\"Prefeitura de Jequi\\u00e9 divulga programa\\u00e7\\u00e3o do Melhor S\\u00e3o Jo\\u00e3o da Bahia para Pra\\u00e7a da Bandeira | Encontra Jequi\\u00e9\",\"description\":\"Prefeitura de Jequi\\u00e9 apresenta a programa\\u00e7\\u00e3o do Melhor S\\u00e3o Jo\\u00e3o da Bahia na Pra\\u00e7a da Bandeira.\",\"inLanguage\":\"pt-BR\",\"isPartOf\":{\"@id\":\"https:\\\/\\\/www.encontrajequie.com.br\\\/sobre\\\/#website\"},\"breadcrumb\":{\"@id\":\"https:\\\/\\\/www.encontrajequie.com.br\\\/sobre\\\/prefeitura-de-jequie-divulga-programacao-do-melhor-sao-joao-da-bahia-para-praca-da-bandeira\\\/#breadcrumblist\"},\"author\":{\"@id\":\"https:\\\/\\\/www.encontrajequie.com.br\\\/sobre\\\/author\\\/ejequie\\\/#author\"},\"creator\":{\"@id\":\"https:\\\/\\\/www.encontrajequie.com.br\\\/sobre\\\/author\\\/ejequie\\\/#author\"},\"image\":{\"@type\":\"ImageObject\",\"url\":\"https:\\\/\\\/www.encontrajequie.com.br\\\/sobre\\\/wp-content\\\/uploads\\\/2026\\\/05\\\/prefeitura-de-jequie-divulga-programacao-do-melhor-sao-joao-da-bahia-para-praca-da-bandeira.webp\",\"@id\":\"https:\\\/\\\/www.encontrajequie.com.br\\\/sobre\\\/prefeitura-de-jequie-divulga-programacao-do-melhor-sao-joao-da-bahia-para-praca-da-bandeira\\\/#mainImage\",\"width\":280,\"height\":280,\"caption\":\"Melhor S\\u00e3o Jo\\u00e3o da Bahia\"},\"primaryImageOfPage\":{\"@id\":\"https:\\\/\\\/www.encontrajequie.com.br\\\/sobre\\\/prefeitura-de-jequie-divulga-programacao-do-melhor-sao-joao-da-bahia-para-praca-da-bandeira\\\/#mainImage\"},\"datePublished\":\"2026-05-28T03:27:59-03:00\",\"dateModified\":\"2026-05-28T03:27:59-03:00\"},{\"@type\":\"WebSite\",\"@id\":\"https:\\\/\\\/www.encontrajequie.com.br\\\/sobre\\\/#website\",\"url\":\"https:\\\/\\\/www.encontrajequie.com.br\\\/sobre\\\/\",\"name\":\"Encontra Jequi\\u00e9\",\"description\":\"Not\\u00edcias, eventos, informa\\u00e7\\u00f5es e dicas na cidade de Jequi\\u00e9 e regi\\u00e3o.\",\"inLanguage\":\"pt-BR\",\"publisher\":{\"@id\":\"https:\\\/\\\/www.encontrajequie.com.br\\\/sobre\\\/#organization\"}}]}\n\t\t<\/script>\n\t\t<!-- All in One SEO -->\n\n","aioseo_head_json":{"title":"Prefeitura de Jequi\u00e9 divulga programa\u00e7\u00e3o do Melhor S\u00e3o Jo\u00e3o da Bahia para Pra\u00e7a da Bandeira | Encontra Jequi\u00e9","description":"Prefeitura de Jequi\u00e9 apresenta a programa\u00e7\u00e3o do Melhor S\u00e3o Jo\u00e3o da Bahia na Pra\u00e7a da Bandeira.","canonical_url":"https:\/\/www.encontrajequie.com.br\/sobre\/prefeitura-de-jequie-divulga-programacao-do-melhor-sao-joao-da-bahia-para-praca-da-bandeira\/","robots":"max-image-preview:large","keywords":"","webmasterTools":{"miscellaneous":""},"schema":{"@context":"https:\/\/schema.org","@graph":[{"@type":"Article","@id":"https:\/\/www.encontrajequie.com.br\/sobre\/prefeitura-de-jequie-divulga-programacao-do-melhor-sao-joao-da-bahia-para-praca-da-bandeira\/#article","name":"Prefeitura de Jequi\u00e9 divulga programa\u00e7\u00e3o do Melhor S\u00e3o Jo\u00e3o da Bahia para Pra\u00e7a da Bandeira | Encontra Jequi\u00e9","headline":"Prefeitura de Jequi\u00e9 divulga programa\u00e7\u00e3o do Melhor S\u00e3o Jo\u00e3o da Bahia para Pra\u00e7a da Bandeira","author":{"@id":"https:\/\/www.encontrajequie.com.br\/sobre\/author\/ejequie\/#author"},"publisher":{"@id":"https:\/\/www.encontrajequie.com.br\/sobre\/#organization"},"image":{"@type":"ImageObject","url":"https:\/\/www.encontrajequie.com.br\/sobre\/wp-content\/uploads\/2026\/05\/prefeitura-de-jequie-divulga-programacao-do-melhor-sao-joao-da-bahia-para-praca-da-bandeira.webp","width":280,"height":280,"caption":"Melhor S\u00e3o Jo\u00e3o da Bahia"},"datePublished":"2026-05-28T03:27:59-03:00","dateModified":"2026-05-28T03:27:59-03:00","inLanguage":"pt-BR","mainEntityOfPage":{"@id":"https:\/\/www.encontrajequie.com.br\/sobre\/prefeitura-de-jequie-divulga-programacao-do-melhor-sao-joao-da-bahia-para-praca-da-bandeira\/#webpage"},"isPartOf":{"@id":"https:\/\/www.encontrajequie.com.br\/sobre\/prefeitura-de-jequie-divulga-programacao-do-melhor-sao-joao-da-bahia-para-praca-da-bandeira\/#webpage"},"articleSection":"Not\u00edcias Jequi\u00e9"},{"@type":"BreadcrumbList","@id":"https:\/\/www.encontrajequie.com.br\/sobre\/prefeitura-de-jequie-divulga-programacao-do-melhor-sao-joao-da-bahia-para-praca-da-bandeira\/#breadcrumblist","itemListElement":[{"@type":"ListItem","@id":"https:\/\/www.encontrajequie.com.br\/sobre#listItem","position":1,"name":"Home","item":"https:\/\/www.encontrajequie.com.br\/sobre","nextItem":{"@type":"ListItem","@id":"https:\/\/www.encontrajequie.com.br\/sobre\/noticias-em-jequie\/#listItem","name":"Not\u00edcias Jequi\u00e9"}},{"@type":"ListItem","@id":"https:\/\/www.encontrajequie.com.br\/sobre\/noticias-em-jequie\/#listItem","position":2,"name":"Not\u00edcias Jequi\u00e9","item":"https:\/\/www.encontrajequie.com.br\/sobre\/noticias-em-jequie\/","nextItem":{"@type":"ListItem","@id":"https:\/\/www.encontrajequie.com.br\/sobre\/prefeitura-de-jequie-divulga-programacao-do-melhor-sao-joao-da-bahia-para-praca-da-bandeira\/#listItem","name":"Prefeitura de Jequi\u00e9 divulga programa\u00e7\u00e3o do Melhor S\u00e3o Jo\u00e3o da Bahia para Pra\u00e7a da Bandeira"},"previousItem":{"@type":"ListItem","@id":"https:\/\/www.encontrajequie.com.br\/sobre#listItem","name":"Home"}},{"@type":"ListItem","@id":"https:\/\/www.encontrajequie.com.br\/sobre\/prefeitura-de-jequie-divulga-programacao-do-melhor-sao-joao-da-bahia-para-praca-da-bandeira\/#listItem","position":3,"name":"Prefeitura de Jequi\u00e9 divulga programa\u00e7\u00e3o do Melhor S\u00e3o Jo\u00e3o da Bahia para Pra\u00e7a da Bandeira","previousItem":{"@type":"ListItem","@id":"https:\/\/www.encontrajequie.com.br\/sobre\/noticias-em-jequie\/#listItem","name":"Not\u00edcias Jequi\u00e9"}}]},{"@type":"Organization","@id":"https:\/\/www.encontrajequie.com.br\/sobre\/#organization","name":"Encontra Jequi\u00e9","description":"Not\u00edcias, eventos, informa\u00e7\u00f5es e dicas na cidade de Jequi\u00e9 e regi\u00e3o.","url":"https:\/\/www.encontrajequie.com.br\/sobre\/"},{"@type":"Person","@id":"https:\/\/www.encontrajequie.com.br\/sobre\/author\/ejequie\/#author","url":"https:\/\/www.encontrajequie.com.br\/sobre\/author\/ejequie\/","name":"Encontra Jequi\u00e9","image":{"@type":"ImageObject","@id":"https:\/\/www.encontrajequie.com.br\/sobre\/prefeitura-de-jequie-divulga-programacao-do-melhor-sao-joao-da-bahia-para-praca-da-bandeira\/#authorImage","url":"https:\/\/secure.gravatar.com\/avatar\/507340682b8270222e1f208e23198b6ae7e2c6a1033ae84e99bc6bce4f82a387?s=96&d=mm&r=g","width":96,"height":96,"caption":"Encontra Jequi\u00e9"}},{"@type":"WebPage","@id":"https:\/\/www.encontrajequie.com.br\/sobre\/prefeitura-de-jequie-divulga-programacao-do-melhor-sao-joao-da-bahia-para-praca-da-bandeira\/#webpage","url":"https:\/\/www.encontrajequie.com.br\/sobre\/prefeitura-de-jequie-divulga-programacao-do-melhor-sao-joao-da-bahia-para-praca-da-bandeira\/","name":"Prefeitura de Jequi\u00e9 divulga programa\u00e7\u00e3o do Melhor S\u00e3o Jo\u00e3o da Bahia para Pra\u00e7a da Bandeira | Encontra Jequi\u00e9","description":"Prefeitura de Jequi\u00e9 apresenta a programa\u00e7\u00e3o do Melhor S\u00e3o Jo\u00e3o da Bahia na Pra\u00e7a da Bandeira.","inLanguage":"pt-BR","isPartOf":{"@id":"https:\/\/www.encontrajequie.com.br\/sobre\/#website"},"breadcrumb":{"@id":"https:\/\/www.encontrajequie.com.br\/sobre\/prefeitura-de-jequie-divulga-programacao-do-melhor-sao-joao-da-bahia-para-praca-da-bandeira\/#breadcrumblist"},"author":{"@id":"https:\/\/www.encontrajequie.com.br\/sobre\/author\/ejequie\/#author"},"creator":{"@id":"https:\/\/www.encontrajequie.com.br\/sobre\/author\/ejequie\/#author"},"image":{"@type":"ImageObject","url":"https:\/\/www.encontrajequie.com.br\/sobre\/wp-content\/uploads\/2026\/05\/prefeitura-de-jequie-divulga-programacao-do-melhor-sao-joao-da-bahia-para-praca-da-bandeira.webp","@id":"https:\/\/www.encontrajequie.com.br\/sobre\/prefeitura-de-jequie-divulga-programacao-do-melhor-sao-joao-da-bahia-para-praca-da-bandeira\/#mainImage","width":280,"height":280,"caption":"Melhor S\u00e3o Jo\u00e3o da Bahia"},"primaryImageOfPage":{"@id":"https:\/\/www.encontrajequie.com.br\/sobre\/prefeitura-de-jequie-divulga-programacao-do-melhor-sao-joao-da-bahia-para-praca-da-bandeira\/#mainImage"},"datePublished":"2026-05-28T03:27:59-03:00","dateModified":"2026-05-28T03:27:59-03:00"},{"@type":"WebSite","@id":"https:\/\/www.encontrajequie.com.br\/sobre\/#website","url":"https:\/\/www.encontrajequie.com.br\/sobre\/","name":"Encontra Jequi\u00e9","description":"Not\u00edcias, eventos, informa\u00e7\u00f5es e dicas na cidade de Jequi\u00e9 e regi\u00e3o.","inLanguage":"pt-BR","publisher":{"@id":"https:\/\/www.encontrajequie.com.br\/sobre\/#organization"}}]},"og:locale":"pt_BR","og:site_name":"Encontra Jequi\u00e9 | Not\u00edcias, eventos, informa\u00e7\u00f5es e dicas na cidade de Jequi\u00e9 e regi\u00e3o.","og:type":"article","og:title":"Prefeitura de Jequi\u00e9 divulga programa\u00e7\u00e3o do Melhor S\u00e3o Jo\u00e3o da Bahia para Pra\u00e7a da Bandeira | Encontra Jequi\u00e9","og:description":"Prefeitura de Jequi\u00e9 apresenta a programa\u00e7\u00e3o do Melhor S\u00e3o Jo\u00e3o da Bahia na Pra\u00e7a da Bandeira.","og:url":"https:\/\/www.encontrajequie.com.br\/sobre\/prefeitura-de-jequie-divulga-programacao-do-melhor-sao-joao-da-bahia-para-praca-da-bandeira\/","article:published_time":"2026-05-28T06:27:59+00:00","article:modified_time":"2026-05-28T06:27:59+00:00","twitter:card":"summary_large_image","twitter:title":"Prefeitura de Jequi\u00e9 divulga programa\u00e7\u00e3o do Melhor S\u00e3o Jo\u00e3o da Bahia para Pra\u00e7a da Bandeira | Encontra Jequi\u00e9","twitter:description":"Prefeitura de Jequi\u00e9 apresenta a programa\u00e7\u00e3o do Melhor S\u00e3o Jo\u00e3o da Bahia na Pra\u00e7a da Bandeira."},"aioseo_meta_data":{"post_id":"1205","title":null,"description":null,"keywords":null,"keyphrases":null,"primary_term":null,"canonical_url":null,"og_title":null,"og_description":null,"og_object_type":"default","og_image_type":"default","og_image_url":null,"og_image_width":null,"og_image_height":null,"og_image_custom_url":null,"og_image_custom_fields":null,"og_video":null,"og_custom_url":null,"og_article_section":null,"og_article_tags":null,"twitter_use_og":false,"twitter_card":"default","twitter_image_type":"default","twitter_image_url":null,"twitter_image_custom_url":null,"twitter_image_custom_fields":null,"twitter_title":null,"twitter_description":null,"schema":{"blockGraphs":[],"customGraphs":[],"default":{"data":{"Article":[],"Course":[],"Dataset":[],"FAQPage":[],"Movie":[],"Person":[],"Product":[],"ProductReview":[],"Car":[],"Recipe":[],"Service":[],"SoftwareApplication":[],"WebPage":[]},"graphName":"Article","isEnabled":true},"graphs":[]},"schema_type":"default","schema_type_options":null,"pillar_content":false,"robots_default":true,"robots_noindex":false,"robots_noarchive":false,"robots_nosnippet":false,"robots_nofollow":false,"robots_noimageindex":false,"robots_noodp":false,"robots_notranslate":false,"robots_max_snippet":null,"robots_max_videopreview":null,"robots_max_imagepreview":"large","priority":null,"frequency":null,"local_seo":null,"breadcrumb_settings":null,"limit_modified_date":false,"ai":null,"created":"2026-05-28 06:28:03","updated":"2026-05-28 06:35:56","focus_keyword":null,"additional_keywords":null,"truseo_locale":null,"seo_analyzer_scan_date":null},"aioseo_breadcrumb":"<div class=\"aioseo-breadcrumbs\"><span class=\"aioseo-breadcrumb\">\n\t\t\t<a href=\"https:\/\/www.encontrajequie.com.br\/sobre\" title=\"Home\">Home<\/a>\n\t\t<\/span><span class=\"aioseo-breadcrumb-separator\">&raquo;<\/span><span class=\"aioseo-breadcrumb\">\n\t\t\t<a href=\"https:\/\/www.encontrajequie.com.br\/sobre\/noticias-em-jequie\/\" title=\"Not\u00edcias Jequi\u00e9\">Not\u00edcias Jequi\u00e9<\/a>\n\t\t<\/span><span class=\"aioseo-breadcrumb-separator\">&raquo;<\/span><span class=\"aioseo-breadcrumb\">\n\t\t\tPrefeitura de Jequi\u00e9 divulga programa\u00e7\u00e3o do Melhor S\u00e3o Jo\u00e3o da Bahia para Pra\u00e7a da Bandeira\n\t\t<\/span><\/div>","aioseo_breadcrumb_json":[{"label":"Home","link":"https:\/\/www.encontrajequie.com.br\/sobre"},{"label":"Not\u00edcias Jequi\u00e9","link":"https:\/\/www.encontrajequie.com.br\/sobre\/noticias-em-jequie\/"},{"label":"Prefeitura de Jequi\u00e9 divulga programa\u00e7\u00e3o do Melhor S\u00e3o Jo\u00e3o da Bahia para Pra\u00e7a da Bandeira","link":"https:\/\/www.encontrajequie.com.br\/sobre\/prefeitura-de-jequie-divulga-programacao-do-melhor-sao-joao-da-bahia-para-praca-da-bandeira\/"}],"_links":{"self":[{"href":"https:\/\/www.encontrajequie.com.br\/sobre\/wp-json\/wp\/v2\/posts\/1205","targetHints":{"allow":["GET"]}}],"collection":[{"href":"https:\/\/www.encontrajequie.com.br\/sobre\/wp-json\/wp\/v2\/posts"}],"about":[{"href":"https:\/\/www.encontrajequie.com.br\/sobre\/wp-json\/wp\/v2\/types\/post"}],"author":[{"embeddable":true,"href":"https:\/\/www.encontrajequie.com.br\/sobre\/wp-json\/wp\/v2\/users\/1"}],"replies":[{"embeddable":true,"href":"https:\/\/www.encontrajequie.com.br\/sobre\/wp-json\/wp\/v2\/comments?post=1205"}],"version-history":[{"count":0,"href":"https:\/\/www.encontrajequie.com.br\/sobre\/wp-json\/wp\/v2\/posts\/1205\/revisions"}],"wp:featuredmedia":[{"embeddable":true,"href":"https:\/\/www.encontrajequie.com.br\/sobre\/wp-json\/wp\/v2\/media\/1204"}],"wp:attachment":[{"href":"https:\/\/www.encontrajequie.com.br\/sobre\/wp-json\/wp\/v2\/media?parent=1205"}],"wp:term":[{"taxonomy":"category","embeddable":true,"href":"https:\/\/www.encontrajequie.com.br\/sobre\/wp-json\/wp\/v2\/categories?post=1205"},{"taxonomy":"post_tag","embeddable":true,"href":"https:\/\/www.encontrajequie.com.br\/sobre\/wp-json\/wp\/v2\/tags?post=1205"}],"curies":[{"name":"wp","href":"https:\/\/api.w.org\/{rel}","templated":true}]}}