{"id":1213,"date":"2026-05-29T03:33:29","date_gmt":"2026-05-29T06:33:29","guid":{"rendered":"https:\/\/www.encontrajequie.com.br\/sobre\/governador-jeronimo-inaugura-novo-ambulatorio-e-centro-de-ensino-do-hospital-prado-valadares-em-jequie\/"},"modified":"2026-05-29T03:33:29","modified_gmt":"2026-05-29T06:33:29","slug":"governador-jeronimo-inaugura-novo-ambulatorio-e-centro-de-ensino-do-hospital-prado-valadares-em-jequie","status":"publish","type":"post","link":"https:\/\/www.encontrajequie.com.br\/sobre\/governador-jeronimo-inaugura-novo-ambulatorio-e-centro-de-ensino-do-hospital-prado-valadares-em-jequie\/","title":{"rendered":"Governador Jer\u00f4nimo inaugura novo ambulat\u00f3rio e Centro de Ensino do Hospital Prado Valadares em Jequi\u00e9"},"content":{"rendered":"<div class=\"30cf832dc5940d4704f66d0ed9a44050\" data-index=\"1\" style=\"float: none; margin:0px;\">\n<!-- Anuncio display - global -->\r\n<ins class=\"adsbygoogle\"\r\n     style=\"display:block\"\r\n     data-ad-client=\"ca-pub-8585364105181520\"\r\n     data-ad-slot=\"8789329856\"\r\n     data-ad-format=\"auto\"\r\n     data-full-width-responsive=\"true\"><\/ins>\r\n<script>\r\n     (adsbygoogle = window.adsbygoogle || []).push({});\r\n<\/script>\n<\/div>\n<h2>Import\u00e2ncia da Inaugura\u00e7\u00e3o do Ambulat\u00f3rio<\/h2>\n<p>A inaugura\u00e7\u00e3o do novo ambulat\u00f3rio do <strong>Hospital Geral Prado Valadares (HGPV)<\/strong>, realizada pelo governador <strong>Jer\u00f4nimo Rodrigues<\/strong>, refor\u00e7a o compromisso da administra\u00e7\u00e3o com a sa\u00fade p\u00fablica na regi\u00e3o sudoeste da Bahia. Este investimento visa n\u00e3o apenas aumentar a capacidade de atendimento, mas tamb\u00e9m proporcionar um espa\u00e7o mais adequado e moderno para os pacientes, melhorando a qualidade dos servi\u00e7os de sa\u00fade oferecidos.<\/p>\n<h2>Como o Centro de Ensino Impacta a Forma\u00e7\u00e3o<\/h2>\n<p>O <strong>Centro de Ensino e Pesquisa<\/strong> instalado no HGPV \u00e9 um marco para a forma\u00e7\u00e3o de profissionais da sa\u00fade. Este espa\u00e7o proporciona um ambiente de aprendizado integrado, onde teoria e pr\u00e1tica se encontram, permitindo que estudantes e profissionais aperfei\u00e7oem seus conhecimentos e habilidades. Essa iniciativa \u00e9 esencial n\u00e3o apenas para a capacita\u00e7\u00e3o, mas tamb\u00e9m para a melhoria cont\u00ednua dos servi\u00e7os prestados \u00e0 popula\u00e7\u00e3o.<\/p>\n<h2>Amplia\u00e7\u00e3o da Sa\u00fade em Jequi\u00e9<\/h2>\n<p>A amplia\u00e7\u00e3o da estrutura do Hospital Prado Valadares \u00e9 um passo fundamental para a organiza\u00e7\u00e3o da <strong>rede p\u00fablica de sa\u00fade<\/strong> locais. Ao atender uma vasta gama de pacientes de diferentes munic\u00edpios, a nova unidade de sa\u00fade se torna uma refer\u00eancia ainda mais forte na regi\u00e3o, permitindo que mais pessoas tenham acesso a cuidados m\u00e9dicos especializados sem a necessidade de se deslocar para centros urbanos maiores.<\/p>\n<p><img decoding=\"async\" src=\"https:\/\/www.encontrajequie.com.br\/sobre\/wp-content\/uploads\/2026\/05\/governador-jeronimo-inaugura-novo-ambulatorio-e-centro-de-ensino-do-hospital-prado-valadares-em-jequ.webp\" alt=\"Hospital Prado Valadares\" loading=\"lazy\" \/><\/p>\n<h2>Equipamentos Entregues para a Sa\u00fade Regional<\/h2>\n<p>Durante a cerim\u00f4nia, o governo tamb\u00e9m anunciou a entrega de novos equipamentos e ve\u00edculos, incluindo ambul\u00e2ncias para o HGPV e para outras localidades. Esses ve\u00edculos s\u00e3o essenciais para garantir que a assist\u00eancia m\u00e9dica chegue a todos os cantos da regi\u00e3o, facilitando o transporte de pacientes e servi\u00e7os de emerg\u00eancia. Essa iniciativa \u00e9 um grande refor\u00e7o para a infraestrutura de sa\u00fade, criando mais agilidade e efici\u00eancia nos atendimentos.<\/p>\n<h2>A Relev\u00e2ncia do Hospital Prado Valadares<\/h2>\n<p>O Hospital Prado Valadares se destaca como uma das principais institui\u00e7\u00f5es de sa\u00fade do sudoeste baiano, com um hist\u00f3rico de servi\u00e7os prestados \u00e0 comunidade. Essa nova fase, com a adi\u00e7\u00e3o do ambulat\u00f3rio e do centro de ensino, solidifica ainda mais sua relev\u00e2ncia, n\u00e3o apenas como prestador de servi\u00e7os, mas tamb\u00e9m como um centro de excel\u00eancia educacional e de inova\u00e7\u00e3o na \u00e1rea da sa\u00fade.<\/p>\n<h2>Parcerias para Fortalecer a Assist\u00eancia<\/h2>\n<p>A colabora\u00e7\u00e3o entre diferentes n\u00edveis de governo \u00e9 crucial para fortalecer a assist\u00eancia \u00e0 sa\u00fade. O investimento do governo estadual, juntamente com a participa\u00e7\u00e3o de diferentes \u00f3rg\u00e3os e institui\u00e7\u00f5es, cria um ambiente prop\u00edcio para o desenvolvimento de projetos que beneficiem a popula\u00e7\u00e3o. Dessa forma, fica evidenciado que a sa\u00fade p\u00fablica deve ser uma responsabilidade compartilhada entre todas as esferas governamentais.<\/p>\n<h2>Novas Ambul\u00e2ncias para Munic\u00edpios do Sudoeste<\/h2>\n<p>A entrega de novas ambul\u00e2ncias para munic\u00edpios como <strong>Irajuba<\/strong>, <strong>Jita\u00fana<\/strong>, <strong>Itagi<\/strong> e <strong>Nova Cana\u00e3<\/strong> representa um esfor\u00e7o significativo para garantir o acesso \u00e0 sa\u00fade em \u00e1reas menos favorecidas. Esses ve\u00edculos s\u00e3o uma parte fundamental da rede de transporte sanit\u00e1rio, permitindo que os pacientes tenham acesso oportuno a servi\u00e7os m\u00e9dicos essenciais, reduzindo assim o tempo de espera e melhorando os desfechos cl\u00ednicos.<\/p>\n<h2>Desenvolvimento e Inova\u00e7\u00e3o na Sa\u00fade<\/h2>\n<p>A cria\u00e7\u00e3o do Centro de Ensino e Pesquisa n\u00e3o s\u00f3 apoia a forma\u00e7\u00e3o de novos profissionais, mas tamb\u00e9m estimula a inova\u00e7\u00e3o na sa\u00fade. Com um enfoque em pesquisa e desenvolvimento, o centro poder\u00e1 promover estudos que resultem em novas pr\u00e1ticas cl\u00ednicas e melhorias no atendimento, garantindo que a unidade esteja na vanguarda das \u00faltimas inova\u00e7\u00f5es tecnol\u00f3gicas e cient\u00edficas.<\/p>\n<h2>O Papel da Embrapa na Agricultura Local<\/h2>\n<p>O evento tamb\u00e9m marcou o lan\u00e7amento da pedra fundamental da nova unidade da <strong>Embrapa<\/strong> na regi\u00e3o, que atuar\u00e1 na pesquisa agropecu\u00e1ria, um componente vital para o desenvolvimento econ\u00f4mico da \u00e1rea. Essa parceria entre a sa\u00fade e a agricultura indica um entendimento de que o desenvolvimento regional deve considerar m\u00faltiplas \u00e1reas, incluindo a sa\u00fade, a educa\u00e7\u00e3o e a produ\u00e7\u00e3o agr\u00edcola.<\/p>\n<h2>Visibilidade Pol\u00edtica de Jequi\u00e9 Cresce<\/h2>\n<p>Com esses investimentos significativos na infraestrutura de sa\u00fade e pesquisa, a visibilidade pol\u00edtica de Jequi\u00e9 \u00e9 ampliada. O munic\u00edpio se posiciona como um polo n\u00e3o apenas de servi\u00e7os de sa\u00fade, mas tamb\u00e9m de inova\u00e7\u00e3o e desenvolvimento, solidificando sua import\u00e2ncia na discuss\u00e3o das pol\u00edticas p\u00fablicas na Bahia.<\/p>\n\n<div style=\"font-size: 0px; height: 0px; line-height: 0px; margin: 0; padding: 0; clear: both;\"><\/div>","protected":false},"excerpt":{"rendered":"<p>O Hospital Prado Valadares em Jequi\u00e9 agora conta com novo ambulat\u00f3rio e centro de ensino.<\/p>\n","protected":false},"author":1,"featured_media":1212,"comment_status":"open","ping_status":"closed","sticky":false,"template":"","format":"standard","meta":{"footnotes":""},"categories":[1],"tags":[],"class_list":["post-1213","post","type-post","status-publish","format-standard","has-post-thumbnail","hentry","category-noticias-em-jequie","has_thumb"],"aioseo_notices":[],"aioseo_head":"\n\t\t<!-- All in One SEO 5.0.0.1 - aioseo.com -->\n\t<meta name=\"description\" content=\"O Hospital Prado Valadares em Jequi\u00e9 agora conta com novo ambulat\u00f3rio e centro de ensino.\" \/>\n\t<meta name=\"robots\" content=\"max-image-preview:large\" \/>\n\t<meta name=\"author\" content=\"Encontra Jequi\u00e9\"\/>\n\t<link rel=\"canonical\" href=\"https:\/\/www.encontrajequie.com.br\/sobre\/governador-jeronimo-inaugura-novo-ambulatorio-e-centro-de-ensino-do-hospital-prado-valadares-em-jequie\/\" \/>\n\t<meta name=\"generator\" content=\"All in One SEO (AIOSEO) 5.0.0.1\" \/>\n\t\t<meta property=\"og:locale\" content=\"pt_BR\" \/>\n\t\t<meta property=\"og:site_name\" content=\"Encontra Jequi\u00e9 | Not\u00edcias, eventos, informa\u00e7\u00f5es e dicas na cidade de Jequi\u00e9 e regi\u00e3o.\" \/>\n\t\t<meta property=\"og:type\" content=\"article\" \/>\n\t\t<meta property=\"og:title\" content=\"Governador Jer\u00f4nimo inaugura novo ambulat\u00f3rio e Centro de Ensino do Hospital Prado Valadares em Jequi\u00e9 | Encontra Jequi\u00e9\" \/>\n\t\t<meta property=\"og:description\" content=\"O Hospital Prado Valadares em Jequi\u00e9 agora conta com novo ambulat\u00f3rio e centro de ensino.\" \/>\n\t\t<meta property=\"og:url\" content=\"https:\/\/www.encontrajequie.com.br\/sobre\/governador-jeronimo-inaugura-novo-ambulatorio-e-centro-de-ensino-do-hospital-prado-valadares-em-jequie\/\" \/>\n\t\t<meta property=\"article:published_time\" content=\"2026-05-29T06:33:29+00:00\" \/>\n\t\t<meta property=\"article:modified_time\" content=\"2026-05-29T06:33:29+00:00\" \/>\n\t\t<meta name=\"twitter:card\" content=\"summary_large_image\" \/>\n\t\t<meta name=\"twitter:title\" content=\"Governador Jer\u00f4nimo inaugura novo ambulat\u00f3rio e Centro de Ensino do Hospital Prado Valadares em Jequi\u00e9 | Encontra Jequi\u00e9\" \/>\n\t\t<meta name=\"twitter:description\" content=\"O Hospital Prado Valadares em Jequi\u00e9 agora conta com novo ambulat\u00f3rio e centro de ensino.\" \/>\n\t\t<script type=\"application\/ld+json\" class=\"aioseo-schema\">\n\t\t\t{\"@context\":\"https:\\\/\\\/schema.org\",\"@graph\":[{\"@type\":\"Article\",\"@id\":\"https:\\\/\\\/www.encontrajequie.com.br\\\/sobre\\\/governador-jeronimo-inaugura-novo-ambulatorio-e-centro-de-ensino-do-hospital-prado-valadares-em-jequie\\\/#article\",\"name\":\"Governador Jer\\u00f4nimo inaugura novo ambulat\\u00f3rio e Centro de Ensino do Hospital Prado Valadares em Jequi\\u00e9 | Encontra Jequi\\u00e9\",\"headline\":\"Governador Jer\\u00f4nimo inaugura novo ambulat\\u00f3rio e Centro de Ensino do Hospital Prado Valadares em Jequi\\u00e9\",\"author\":{\"@id\":\"https:\\\/\\\/www.encontrajequie.com.br\\\/sobre\\\/author\\\/ejequie\\\/#author\"},\"publisher\":{\"@id\":\"https:\\\/\\\/www.encontrajequie.com.br\\\/sobre\\\/#organization\"},\"image\":{\"@type\":\"ImageObject\",\"url\":\"https:\\\/\\\/www.encontrajequie.com.br\\\/sobre\\\/wp-content\\\/uploads\\\/2026\\\/05\\\/governador-jeronimo-inaugura-novo-ambulatorio-e-centro-de-ensino-do-hospital-prado-valadares-em-jequ.webp\",\"width\":280,\"height\":280,\"caption\":\"Hospital Prado Valadares\"},\"datePublished\":\"2026-05-29T03:33:29-03:00\",\"dateModified\":\"2026-05-29T03:33:29-03:00\",\"inLanguage\":\"pt-BR\",\"mainEntityOfPage\":{\"@id\":\"https:\\\/\\\/www.encontrajequie.com.br\\\/sobre\\\/governador-jeronimo-inaugura-novo-ambulatorio-e-centro-de-ensino-do-hospital-prado-valadares-em-jequie\\\/#webpage\"},\"isPartOf\":{\"@id\":\"https:\\\/\\\/www.encontrajequie.com.br\\\/sobre\\\/governador-jeronimo-inaugura-novo-ambulatorio-e-centro-de-ensino-do-hospital-prado-valadares-em-jequie\\\/#webpage\"},\"articleSection\":\"Not\\u00edcias Jequi\\u00e9\"},{\"@type\":\"BreadcrumbList\",\"@id\":\"https:\\\/\\\/www.encontrajequie.com.br\\\/sobre\\\/governador-jeronimo-inaugura-novo-ambulatorio-e-centro-de-ensino-do-hospital-prado-valadares-em-jequie\\\/#breadcrumblist\",\"itemListElement\":[{\"@type\":\"ListItem\",\"@id\":\"https:\\\/\\\/www.encontrajequie.com.br\\\/sobre#listItem\",\"position\":1,\"name\":\"Home\",\"item\":\"https:\\\/\\\/www.encontrajequie.com.br\\\/sobre\",\"nextItem\":{\"@type\":\"ListItem\",\"@id\":\"https:\\\/\\\/www.encontrajequie.com.br\\\/sobre\\\/noticias-em-jequie\\\/#listItem\",\"name\":\"Not\\u00edcias Jequi\\u00e9\"}},{\"@type\":\"ListItem\",\"@id\":\"https:\\\/\\\/www.encontrajequie.com.br\\\/sobre\\\/noticias-em-jequie\\\/#listItem\",\"position\":2,\"name\":\"Not\\u00edcias Jequi\\u00e9\",\"item\":\"https:\\\/\\\/www.encontrajequie.com.br\\\/sobre\\\/noticias-em-jequie\\\/\",\"nextItem\":{\"@type\":\"ListItem\",\"@id\":\"https:\\\/\\\/www.encontrajequie.com.br\\\/sobre\\\/governador-jeronimo-inaugura-novo-ambulatorio-e-centro-de-ensino-do-hospital-prado-valadares-em-jequie\\\/#listItem\",\"name\":\"Governador Jer\\u00f4nimo inaugura novo ambulat\\u00f3rio e Centro de Ensino do Hospital Prado Valadares em Jequi\\u00e9\"},\"previousItem\":{\"@type\":\"ListItem\",\"@id\":\"https:\\\/\\\/www.encontrajequie.com.br\\\/sobre#listItem\",\"name\":\"Home\"}},{\"@type\":\"ListItem\",\"@id\":\"https:\\\/\\\/www.encontrajequie.com.br\\\/sobre\\\/governador-jeronimo-inaugura-novo-ambulatorio-e-centro-de-ensino-do-hospital-prado-valadares-em-jequie\\\/#listItem\",\"position\":3,\"name\":\"Governador Jer\\u00f4nimo inaugura novo ambulat\\u00f3rio e Centro de Ensino do Hospital Prado Valadares em Jequi\\u00e9\",\"previousItem\":{\"@type\":\"ListItem\",\"@id\":\"https:\\\/\\\/www.encontrajequie.com.br\\\/sobre\\\/noticias-em-jequie\\\/#listItem\",\"name\":\"Not\\u00edcias Jequi\\u00e9\"}}]},{\"@type\":\"Organization\",\"@id\":\"https:\\\/\\\/www.encontrajequie.com.br\\\/sobre\\\/#organization\",\"name\":\"Encontra Jequi\\u00e9\",\"description\":\"Not\\u00edcias, eventos, informa\\u00e7\\u00f5es e dicas na cidade de Jequi\\u00e9 e regi\\u00e3o.\",\"url\":\"https:\\\/\\\/www.encontrajequie.com.br\\\/sobre\\\/\"},{\"@type\":\"Person\",\"@id\":\"https:\\\/\\\/www.encontrajequie.com.br\\\/sobre\\\/author\\\/ejequie\\\/#author\",\"url\":\"https:\\\/\\\/www.encontrajequie.com.br\\\/sobre\\\/author\\\/ejequie\\\/\",\"name\":\"Encontra Jequi\\u00e9\",\"image\":{\"@type\":\"ImageObject\",\"@id\":\"https:\\\/\\\/www.encontrajequie.com.br\\\/sobre\\\/governador-jeronimo-inaugura-novo-ambulatorio-e-centro-de-ensino-do-hospital-prado-valadares-em-jequie\\\/#authorImage\",\"url\":\"https:\\\/\\\/secure.gravatar.com\\\/avatar\\\/507340682b8270222e1f208e23198b6ae7e2c6a1033ae84e99bc6bce4f82a387?s=96&d=mm&r=g\",\"width\":96,\"height\":96,\"caption\":\"Encontra Jequi\\u00e9\"}},{\"@type\":\"WebPage\",\"@id\":\"https:\\\/\\\/www.encontrajequie.com.br\\\/sobre\\\/governador-jeronimo-inaugura-novo-ambulatorio-e-centro-de-ensino-do-hospital-prado-valadares-em-jequie\\\/#webpage\",\"url\":\"https:\\\/\\\/www.encontrajequie.com.br\\\/sobre\\\/governador-jeronimo-inaugura-novo-ambulatorio-e-centro-de-ensino-do-hospital-prado-valadares-em-jequie\\\/\",\"name\":\"Governador Jer\\u00f4nimo inaugura novo ambulat\\u00f3rio e Centro de Ensino do Hospital Prado Valadares em Jequi\\u00e9 | Encontra Jequi\\u00e9\",\"description\":\"O Hospital Prado Valadares em Jequi\\u00e9 agora conta com novo ambulat\\u00f3rio e centro de ensino.\",\"inLanguage\":\"pt-BR\",\"isPartOf\":{\"@id\":\"https:\\\/\\\/www.encontrajequie.com.br\\\/sobre\\\/#website\"},\"breadcrumb\":{\"@id\":\"https:\\\/\\\/www.encontrajequie.com.br\\\/sobre\\\/governador-jeronimo-inaugura-novo-ambulatorio-e-centro-de-ensino-do-hospital-prado-valadares-em-jequie\\\/#breadcrumblist\"},\"author\":{\"@id\":\"https:\\\/\\\/www.encontrajequie.com.br\\\/sobre\\\/author\\\/ejequie\\\/#author\"},\"creator\":{\"@id\":\"https:\\\/\\\/www.encontrajequie.com.br\\\/sobre\\\/author\\\/ejequie\\\/#author\"},\"image\":{\"@type\":\"ImageObject\",\"url\":\"https:\\\/\\\/www.encontrajequie.com.br\\\/sobre\\\/wp-content\\\/uploads\\\/2026\\\/05\\\/governador-jeronimo-inaugura-novo-ambulatorio-e-centro-de-ensino-do-hospital-prado-valadares-em-jequ.webp\",\"@id\":\"https:\\\/\\\/www.encontrajequie.com.br\\\/sobre\\\/governador-jeronimo-inaugura-novo-ambulatorio-e-centro-de-ensino-do-hospital-prado-valadares-em-jequie\\\/#mainImage\",\"width\":280,\"height\":280,\"caption\":\"Hospital Prado Valadares\"},\"primaryImageOfPage\":{\"@id\":\"https:\\\/\\\/www.encontrajequie.com.br\\\/sobre\\\/governador-jeronimo-inaugura-novo-ambulatorio-e-centro-de-ensino-do-hospital-prado-valadares-em-jequie\\\/#mainImage\"},\"datePublished\":\"2026-05-29T03:33:29-03:00\",\"dateModified\":\"2026-05-29T03:33:29-03:00\"},{\"@type\":\"WebSite\",\"@id\":\"https:\\\/\\\/www.encontrajequie.com.br\\\/sobre\\\/#website\",\"url\":\"https:\\\/\\\/www.encontrajequie.com.br\\\/sobre\\\/\",\"name\":\"Encontra Jequi\\u00e9\",\"description\":\"Not\\u00edcias, eventos, informa\\u00e7\\u00f5es e dicas na cidade de Jequi\\u00e9 e regi\\u00e3o.\",\"inLanguage\":\"pt-BR\",\"publisher\":{\"@id\":\"https:\\\/\\\/www.encontrajequie.com.br\\\/sobre\\\/#organization\"}}]}\n\t\t<\/script>\n\t\t<!-- All in One SEO -->\n\n","aioseo_head_json":{"title":"Governador Jer\u00f4nimo inaugura novo ambulat\u00f3rio e Centro de Ensino do Hospital Prado Valadares em Jequi\u00e9 | Encontra Jequi\u00e9","description":"O Hospital Prado Valadares em Jequi\u00e9 agora conta com novo ambulat\u00f3rio e centro de ensino.","canonical_url":"https:\/\/www.encontrajequie.com.br\/sobre\/governador-jeronimo-inaugura-novo-ambulatorio-e-centro-de-ensino-do-hospital-prado-valadares-em-jequie\/","robots":"max-image-preview:large","keywords":"","webmasterTools":{"miscellaneous":""},"schema":{"@context":"https:\/\/schema.org","@graph":[{"@type":"Article","@id":"https:\/\/www.encontrajequie.com.br\/sobre\/governador-jeronimo-inaugura-novo-ambulatorio-e-centro-de-ensino-do-hospital-prado-valadares-em-jequie\/#article","name":"Governador Jer\u00f4nimo inaugura novo ambulat\u00f3rio e Centro de Ensino do Hospital Prado Valadares em Jequi\u00e9 | Encontra Jequi\u00e9","headline":"Governador Jer\u00f4nimo inaugura novo ambulat\u00f3rio e Centro de Ensino do Hospital Prado Valadares em Jequi\u00e9","author":{"@id":"https:\/\/www.encontrajequie.com.br\/sobre\/author\/ejequie\/#author"},"publisher":{"@id":"https:\/\/www.encontrajequie.com.br\/sobre\/#organization"},"image":{"@type":"ImageObject","url":"https:\/\/www.encontrajequie.com.br\/sobre\/wp-content\/uploads\/2026\/05\/governador-jeronimo-inaugura-novo-ambulatorio-e-centro-de-ensino-do-hospital-prado-valadares-em-jequ.webp","width":280,"height":280,"caption":"Hospital Prado Valadares"},"datePublished":"2026-05-29T03:33:29-03:00","dateModified":"2026-05-29T03:33:29-03:00","inLanguage":"pt-BR","mainEntityOfPage":{"@id":"https:\/\/www.encontrajequie.com.br\/sobre\/governador-jeronimo-inaugura-novo-ambulatorio-e-centro-de-ensino-do-hospital-prado-valadares-em-jequie\/#webpage"},"isPartOf":{"@id":"https:\/\/www.encontrajequie.com.br\/sobre\/governador-jeronimo-inaugura-novo-ambulatorio-e-centro-de-ensino-do-hospital-prado-valadares-em-jequie\/#webpage"},"articleSection":"Not\u00edcias Jequi\u00e9"},{"@type":"BreadcrumbList","@id":"https:\/\/www.encontrajequie.com.br\/sobre\/governador-jeronimo-inaugura-novo-ambulatorio-e-centro-de-ensino-do-hospital-prado-valadares-em-jequie\/#breadcrumblist","itemListElement":[{"@type":"ListItem","@id":"https:\/\/www.encontrajequie.com.br\/sobre#listItem","position":1,"name":"Home","item":"https:\/\/www.encontrajequie.com.br\/sobre","nextItem":{"@type":"ListItem","@id":"https:\/\/www.encontrajequie.com.br\/sobre\/noticias-em-jequie\/#listItem","name":"Not\u00edcias Jequi\u00e9"}},{"@type":"ListItem","@id":"https:\/\/www.encontrajequie.com.br\/sobre\/noticias-em-jequie\/#listItem","position":2,"name":"Not\u00edcias Jequi\u00e9","item":"https:\/\/www.encontrajequie.com.br\/sobre\/noticias-em-jequie\/","nextItem":{"@type":"ListItem","@id":"https:\/\/www.encontrajequie.com.br\/sobre\/governador-jeronimo-inaugura-novo-ambulatorio-e-centro-de-ensino-do-hospital-prado-valadares-em-jequie\/#listItem","name":"Governador Jer\u00f4nimo inaugura novo ambulat\u00f3rio e Centro de Ensino do Hospital Prado Valadares em Jequi\u00e9"},"previousItem":{"@type":"ListItem","@id":"https:\/\/www.encontrajequie.com.br\/sobre#listItem","name":"Home"}},{"@type":"ListItem","@id":"https:\/\/www.encontrajequie.com.br\/sobre\/governador-jeronimo-inaugura-novo-ambulatorio-e-centro-de-ensino-do-hospital-prado-valadares-em-jequie\/#listItem","position":3,"name":"Governador Jer\u00f4nimo inaugura novo ambulat\u00f3rio e Centro de Ensino do Hospital Prado Valadares em Jequi\u00e9","previousItem":{"@type":"ListItem","@id":"https:\/\/www.encontrajequie.com.br\/sobre\/noticias-em-jequie\/#listItem","name":"Not\u00edcias Jequi\u00e9"}}]},{"@type":"Organization","@id":"https:\/\/www.encontrajequie.com.br\/sobre\/#organization","name":"Encontra Jequi\u00e9","description":"Not\u00edcias, eventos, informa\u00e7\u00f5es e dicas na cidade de Jequi\u00e9 e regi\u00e3o.","url":"https:\/\/www.encontrajequie.com.br\/sobre\/"},{"@type":"Person","@id":"https:\/\/www.encontrajequie.com.br\/sobre\/author\/ejequie\/#author","url":"https:\/\/www.encontrajequie.com.br\/sobre\/author\/ejequie\/","name":"Encontra Jequi\u00e9","image":{"@type":"ImageObject","@id":"https:\/\/www.encontrajequie.com.br\/sobre\/governador-jeronimo-inaugura-novo-ambulatorio-e-centro-de-ensino-do-hospital-prado-valadares-em-jequie\/#authorImage","url":"https:\/\/secure.gravatar.com\/avatar\/507340682b8270222e1f208e23198b6ae7e2c6a1033ae84e99bc6bce4f82a387?s=96&d=mm&r=g","width":96,"height":96,"caption":"Encontra Jequi\u00e9"}},{"@type":"WebPage","@id":"https:\/\/www.encontrajequie.com.br\/sobre\/governador-jeronimo-inaugura-novo-ambulatorio-e-centro-de-ensino-do-hospital-prado-valadares-em-jequie\/#webpage","url":"https:\/\/www.encontrajequie.com.br\/sobre\/governador-jeronimo-inaugura-novo-ambulatorio-e-centro-de-ensino-do-hospital-prado-valadares-em-jequie\/","name":"Governador Jer\u00f4nimo inaugura novo ambulat\u00f3rio e Centro de Ensino do Hospital Prado Valadares em Jequi\u00e9 | Encontra Jequi\u00e9","description":"O Hospital Prado Valadares em Jequi\u00e9 agora conta com novo ambulat\u00f3rio e centro de ensino.","inLanguage":"pt-BR","isPartOf":{"@id":"https:\/\/www.encontrajequie.com.br\/sobre\/#website"},"breadcrumb":{"@id":"https:\/\/www.encontrajequie.com.br\/sobre\/governador-jeronimo-inaugura-novo-ambulatorio-e-centro-de-ensino-do-hospital-prado-valadares-em-jequie\/#breadcrumblist"},"author":{"@id":"https:\/\/www.encontrajequie.com.br\/sobre\/author\/ejequie\/#author"},"creator":{"@id":"https:\/\/www.encontrajequie.com.br\/sobre\/author\/ejequie\/#author"},"image":{"@type":"ImageObject","url":"https:\/\/www.encontrajequie.com.br\/sobre\/wp-content\/uploads\/2026\/05\/governador-jeronimo-inaugura-novo-ambulatorio-e-centro-de-ensino-do-hospital-prado-valadares-em-jequ.webp","@id":"https:\/\/www.encontrajequie.com.br\/sobre\/governador-jeronimo-inaugura-novo-ambulatorio-e-centro-de-ensino-do-hospital-prado-valadares-em-jequie\/#mainImage","width":280,"height":280,"caption":"Hospital Prado Valadares"},"primaryImageOfPage":{"@id":"https:\/\/www.encontrajequie.com.br\/sobre\/governador-jeronimo-inaugura-novo-ambulatorio-e-centro-de-ensino-do-hospital-prado-valadares-em-jequie\/#mainImage"},"datePublished":"2026-05-29T03:33:29-03:00","dateModified":"2026-05-29T03:33:29-03:00"},{"@type":"WebSite","@id":"https:\/\/www.encontrajequie.com.br\/sobre\/#website","url":"https:\/\/www.encontrajequie.com.br\/sobre\/","name":"Encontra Jequi\u00e9","description":"Not\u00edcias, eventos, informa\u00e7\u00f5es e dicas na cidade de Jequi\u00e9 e regi\u00e3o.","inLanguage":"pt-BR","publisher":{"@id":"https:\/\/www.encontrajequie.com.br\/sobre\/#organization"}}]},"og:locale":"pt_BR","og:site_name":"Encontra Jequi\u00e9 | Not\u00edcias, eventos, informa\u00e7\u00f5es e dicas na cidade de Jequi\u00e9 e regi\u00e3o.","og:type":"article","og:title":"Governador Jer\u00f4nimo inaugura novo ambulat\u00f3rio e Centro de Ensino do Hospital Prado Valadares em Jequi\u00e9 | Encontra Jequi\u00e9","og:description":"O Hospital Prado Valadares em Jequi\u00e9 agora conta com novo ambulat\u00f3rio e centro de ensino.","og:url":"https:\/\/www.encontrajequie.com.br\/sobre\/governador-jeronimo-inaugura-novo-ambulatorio-e-centro-de-ensino-do-hospital-prado-valadares-em-jequie\/","article:published_time":"2026-05-29T06:33:29+00:00","article:modified_time":"2026-05-29T06:33:29+00:00","twitter:card":"summary_large_image","twitter:title":"Governador Jer\u00f4nimo inaugura novo ambulat\u00f3rio e Centro de Ensino do Hospital Prado Valadares em Jequi\u00e9 | Encontra Jequi\u00e9","twitter:description":"O Hospital Prado Valadares em Jequi\u00e9 agora conta com novo ambulat\u00f3rio e centro de ensino."},"aioseo_meta_data":{"post_id":"1213","title":null,"description":null,"keywords":null,"keyphrases":null,"primary_term":null,"canonical_url":null,"og_title":null,"og_description":null,"og_object_type":"default","og_image_type":"default","og_image_url":null,"og_image_width":null,"og_image_height":null,"og_image_custom_url":null,"og_image_custom_fields":null,"og_video":null,"og_custom_url":null,"og_article_section":null,"og_article_tags":null,"twitter_use_og":false,"twitter_card":"default","twitter_image_type":"default","twitter_image_url":null,"twitter_image_custom_url":null,"twitter_image_custom_fields":null,"twitter_title":null,"twitter_description":null,"schema":{"blockGraphs":[],"customGraphs":[],"default":{"data":{"Article":[],"Course":[],"Dataset":[],"FAQPage":[],"Movie":[],"Person":[],"Product":[],"ProductReview":[],"Car":[],"Recipe":[],"Service":[],"SoftwareApplication":[],"WebPage":[]},"graphName":"Article","isEnabled":true},"graphs":[]},"schema_type":"default","schema_type_options":null,"pillar_content":false,"robots_default":true,"robots_noindex":false,"robots_noarchive":false,"robots_nosnippet":false,"robots_nofollow":false,"robots_noimageindex":false,"robots_noodp":false,"robots_notranslate":false,"robots_max_snippet":null,"robots_max_videopreview":null,"robots_max_imagepreview":"large","priority":null,"frequency":null,"local_seo":null,"breadcrumb_settings":null,"limit_modified_date":false,"ai":null,"created":"2026-05-29 06:33:32","updated":"2026-05-29 06:35:52","focus_keyword":null,"additional_keywords":null,"truseo_locale":null,"seo_analyzer_scan_date":null},"aioseo_breadcrumb":"<div class=\"aioseo-breadcrumbs\"><span class=\"aioseo-breadcrumb\">\n\t\t\t<a href=\"https:\/\/www.encontrajequie.com.br\/sobre\" title=\"Home\">Home<\/a>\n\t\t<\/span><span class=\"aioseo-breadcrumb-separator\">&raquo;<\/span><span class=\"aioseo-breadcrumb\">\n\t\t\t<a href=\"https:\/\/www.encontrajequie.com.br\/sobre\/noticias-em-jequie\/\" title=\"Not\u00edcias Jequi\u00e9\">Not\u00edcias Jequi\u00e9<\/a>\n\t\t<\/span><span class=\"aioseo-breadcrumb-separator\">&raquo;<\/span><span class=\"aioseo-breadcrumb\">\n\t\t\tGovernador Jer\u00f4nimo inaugura novo ambulat\u00f3rio e Centro de Ensino do Hospital Prado Valadares em Jequi\u00e9\n\t\t<\/span><\/div>","aioseo_breadcrumb_json":[{"label":"Home","link":"https:\/\/www.encontrajequie.com.br\/sobre"},{"label":"Not\u00edcias Jequi\u00e9","link":"https:\/\/www.encontrajequie.com.br\/sobre\/noticias-em-jequie\/"},{"label":"Governador Jer\u00f4nimo inaugura novo ambulat\u00f3rio e Centro de Ensino do Hospital Prado Valadares em Jequi\u00e9","link":"https:\/\/www.encontrajequie.com.br\/sobre\/governador-jeronimo-inaugura-novo-ambulatorio-e-centro-de-ensino-do-hospital-prado-valadares-em-jequie\/"}],"_links":{"self":[{"href":"https:\/\/www.encontrajequie.com.br\/sobre\/wp-json\/wp\/v2\/posts\/1213","targetHints":{"allow":["GET"]}}],"collection":[{"href":"https:\/\/www.encontrajequie.com.br\/sobre\/wp-json\/wp\/v2\/posts"}],"about":[{"href":"https:\/\/www.encontrajequie.com.br\/sobre\/wp-json\/wp\/v2\/types\/post"}],"author":[{"embeddable":true,"href":"https:\/\/www.encontrajequie.com.br\/sobre\/wp-json\/wp\/v2\/users\/1"}],"replies":[{"embeddable":true,"href":"https:\/\/www.encontrajequie.com.br\/sobre\/wp-json\/wp\/v2\/comments?post=1213"}],"version-history":[{"count":0,"href":"https:\/\/www.encontrajequie.com.br\/sobre\/wp-json\/wp\/v2\/posts\/1213\/revisions"}],"wp:featuredmedia":[{"embeddable":true,"href":"https:\/\/www.encontrajequie.com.br\/sobre\/wp-json\/wp\/v2\/media\/1212"}],"wp:attachment":[{"href":"https:\/\/www.encontrajequie.com.br\/sobre\/wp-json\/wp\/v2\/media?parent=1213"}],"wp:term":[{"taxonomy":"category","embeddable":true,"href":"https:\/\/www.encontrajequie.com.br\/sobre\/wp-json\/wp\/v2\/categories?post=1213"},{"taxonomy":"post_tag","embeddable":true,"href":"https:\/\/www.encontrajequie.com.br\/sobre\/wp-json\/wp\/v2\/tags?post=1213"}],"curies":[{"name":"wp","href":"https:\/\/api.w.org\/{rel}","templated":true}]}}