{"id":1235,"date":"2026-06-04T03:29:46","date_gmt":"2026-06-04T06:29:46","guid":{"rendered":"https:\/\/www.encontrajequie.com.br\/sobre\/exposicao-de-alex-oliveira-de-jequie-ba-para-a-sorbonne-em-paris\/"},"modified":"2026-06-04T03:29:46","modified_gmt":"2026-06-04T06:29:46","slug":"exposicao-de-alex-oliveira-de-jequie-ba-para-a-sorbonne-em-paris","status":"publish","type":"post","link":"https:\/\/www.encontrajequie.com.br\/sobre\/exposicao-de-alex-oliveira-de-jequie-ba-para-a-sorbonne-em-paris\/","title":{"rendered":"Exposi\u00e7\u00e3o de Alex Oliveira: de Jequi\u00e9 (BA) para a Sorbonne, em Paris"},"content":{"rendered":"<div class=\"30cf832dc5940d4704f66d0ed9a44050\" data-index=\"1\" style=\"float: none; margin:0px;\">\n<!-- Anuncio display - global -->\r\n<ins class=\"adsbygoogle\"\r\n     style=\"display:block\"\r\n     data-ad-client=\"ca-pub-8585364105181520\"\r\n     data-ad-slot=\"8789329856\"\r\n     data-ad-format=\"auto\"\r\n     data-full-width-responsive=\"true\"><\/ins>\r\n<script>\r\n     (adsbygoogle = window.adsbygoogle || []).push({});\r\n<\/script>\n<\/div>\n<h2>O Fot\u00f3grafo: Alex Oliveira e suas Origens<\/h2>\n<p>Alex Oliveira \u00e9 um renomado fot\u00f3grafo origin\u00e1rio de Jequi\u00e9, na Bahia, que tem se destacado nas artes visuais contempor\u00e2neas. Com um olhar apurado e uma sensibilidade est\u00e9tica singular, ele explora em suas obras a intersec\u00e7\u00e3o entre a cultura brasileira e a influ\u00eancia global da fotografia. Desde seus primeiros anos, Alex demonstrou um interesse profundo pela arte, que se transformou em uma carreira vibrante e repleta de projetos significativos. <\/p>\n<h2>Abertura da Exposi\u00e7\u00e3o: Um Evento Memor\u00e1vel<\/h2>\n<p>O dia 26 de maio na cidade luz foi marcado pela abertura da exposi\u00e7\u00e3o de Alex, intitulado <strong>Corps introuvable<\/strong>, na galeria Sorbonne Art Gallery, localizada no Quartier Latin. Este evento n\u00e3o apenas celebrou o talento art\u00edstico de Alex, mas tamb\u00e9m destacou a for\u00e7a cultural que a Bahia representa no cen\u00e1rio internacional. A cerim\u00f4nia foi marcada por uma atmosfera de entusiasmo e apre\u00e7o, que atraiu visitantes de diversas partes do mundo.<\/p>\n<h2>Curadoria e Conceito: O Olhar dos Curadores<\/h2>\n<p>A curadoria da exposi\u00e7\u00e3o foi realizada por H\u00e9lo\u00efse Conesa e Paul Ardenne, que assinaram cada detalhe da montagem com o objetivo de destacar a singularidade das obras de Oliveira. Os curadores, bem conhecidos por seu trabalho em arte contempor\u00e2nea, escolheram as pe\u00e7as com uma perspectiva que enaltece a rela\u00e7\u00e3o entre a cultura popular brasileira e as narrativas visuais globais. Essa fus\u00e3o cultural \u00e9 refletida nas obras exibidas, que dialogam com quest\u00f5es contempor\u00e2neas e ressoam com a experi\u00eancia vivida em diferentes contextos sociais.<\/p>\n<p><img decoding=\"async\" src=\"https:\/\/www.encontrajequie.com.br\/sobre\/wp-content\/uploads\/2026\/06\/exposicao-de-alex-oliveira-de-jequie-ba-para-a-sorbonne-em-paris.webp\" alt=\"Exposi\u00e7\u00e3o de Alex Oliveira de Jequi\u00e9 (BA) para a Sorbonne\" loading=\"lazy\" \/><\/p>\n<h2>A Influ\u00eancia da Cultura Brasileira na Fran\u00e7a<\/h2>\n<p>A presen\u00e7a de Alex Oliveira na Fran\u00e7a n\u00e3o \u00e9 apenas um reflexo de seu talento, mas tamb\u00e9m evidencia a crescente aprecia\u00e7\u00e3o da cultura brasileira no exterior. A exposi\u00e7\u00e3o representa uma ponte entre dois mundos, permitindo que os franceses e outros visitantes conhe\u00e7am mais sobre a riqueza e diversidade da arte brasileira. Al\u00e9m disso, o trabalho de Alex desafia estere\u00f3tipos, apresentando uma narrativa visual que instiga reflex\u00f5es sobre a identidade e a cultura.<\/p>\n<h2>Reconhecimento: Denise Zanet e seu Papel Importante<\/h2>\n<p>Durante a vernissage, Denise Zanet, cidad\u00e3 brasileira radicada na Fran\u00e7a e propriet\u00e1ria do laborat\u00f3rio fotogr\u00e1fico Initial LABO, foi homenageada pelo Minist\u00e9rio da Cultura franc\u00eas com o t\u00edtulo de <strong>Chevalier de l\u2019Ordre des Arts et des Lettres<\/strong>. Esse reconhecimento \u00e9 uma valida\u00e7\u00e3o significativa de sua contribui\u00e7\u00e3o ao fortalecimento das rela\u00e7\u00f5es culturais entre Brasil e Fran\u00e7a. Desde 2018, Denise tem desempenhado um papel vital na preserva\u00e7\u00e3o e promo\u00e7\u00e3o da fotografia contempor\u00e2nea brasileira na Biblioteca Nacional da Fran\u00e7a, onde tem acumulado um vasto acervo de obras.<\/p>\n<h2>Cole\u00e7\u00e3o de Fotografias: A Import\u00e2ncia do Acervo<\/h2>\n<p>A cole\u00e7\u00e3o que Denise desenvolve na Biblioteca Nacional n\u00e3o pode ser subestimada. Com sua dedica\u00e7\u00e3o, ela ajudou a criar um dos maiores acervos que representa a fotografia brasileira contempor\u00e2nea fora de suas fronteiras. Esse trabalho \u00e9 essencial para garantir que futuras gera\u00e7\u00f5es de artistas e amantes da arte tenham acesso a esse rico patrim\u00f4nio cultural, al\u00e9m de ser uma plataforma importante para a promo\u00e7\u00e3o de novos talentos.<\/p>\n<h2>Intera\u00e7\u00e3o Cultural: Pontes Entre Brasil e Fran\u00e7a<\/h2>\n<p>A exposi\u00e7\u00e3o de Alex Oliveira n\u00e3o apenas traz \u00e0 tona a arte, mas tamb\u00e9m serve como um meio para fomentar di\u00e1logos culturais entre os dois pa\u00edses. O interc\u00e2mbio de ideias e experi\u00eancias \u00e9 fundamental em um mundo cada vez mais globalizado, onde a arte pode atuar como um ve\u00edculo para a compreens\u00e3o m\u00fatua. Ao visitar a exposi\u00e7\u00e3o, os participantes t\u00eam a oportunidade de se conectar com a cultura brasileira de uma maneira profundamente significativa.<\/p>\n<h2>Visita\u00e7\u00e3o: Como Participar da Exposi\u00e7\u00e3o<\/h2>\n<p>A exposi\u00e7\u00e3o de Alex Oliveira na Sorbonne permanecer\u00e1 aberta at\u00e9 o dia 19 de junho. Os interessados em visit\u00e1-la precisam se inscrever previamente, garantindo sua vaga para contemplar esta fascinante cole\u00e7\u00e3o de fotografias. O link para inscri\u00e7\u00e3o \u00e9: <a href=\"https:\/\/yp.events\/3f9fe619-ce63-4ae3-beee-88c83cdd2b88\/Exposition-Fotoperformance-Popular-de-Alex-Oliveira\">Clique aqui para se inscrever<\/a>. A experi\u00eancia promete ser enriquecedora e inesquec\u00edvel para todos os visitantes.<\/p>\n<h2>Desdobramentos Futuros: Impactos da Mostra<\/h2>\n<p>Os impactos da exposi\u00e7\u00e3o de Alex na Sorbonne s\u00e3o vastos e prometem reverberar na cena cultural brasileira e internacional. Ao expor sua arte em um dos centros acad\u00eamicos mais prestigiados do mundo, Alex n\u00e3o apenas eleva seu pr\u00f3prio perfil, mas tamb\u00e9m abre portas para outros artistas brasileiros. Essa \u00e9 uma oportunidade crucial para que novas vozes sejam ouvidas e reconhecidas e para que a riqueza cultural do Brasil ganhe ainda mais espa\u00e7o no cen\u00e1rio global.<\/p>\n<h2>Reflex\u00f5es sobre a Arte: O Que Aprendemos<\/h2>\n<p>Atrav\u00e9s da obra de Alex Oliveira e de eventos como este, somos lembrados da import\u00e2ncia da arte como forma de express\u00e3o e comunica\u00e7\u00e3o. As narrativas visuais t\u00eam o poder de transcender barreiras, promover di\u00e1logos e provocar reflex\u00f5es sobre diversos temas contempor\u00e2neos. A arte nos convida a questionar, a sentir e, acima de tudo, a conectar-se com o outro, seja esse outro pr\u00f3ximo ou distante. <\/p>\n<p><strong>Em suma<\/strong>, a exposi\u00e7\u00e3o de Alex Oliveira na Sorbonne \u00e9 um marco n\u00e3o apenas para o artista, mas tamb\u00e9m para a cultura brasileira. Celebrar esta arte \u00e9 celebrar o que existe de melhor na humanidade: a criatividade, a diversidade e a busca pela compreens\u00e3o entre diferentes culturas.<\/p>\n\n<div style=\"font-size: 0px; height: 0px; line-height: 0px; margin: 0; padding: 0; clear: both;\"><\/div>","protected":false},"excerpt":{"rendered":"<p>A exposi\u00e7\u00e3o de Alex Oliveira traz culturalmente Jequi\u00e9 (BA) para a Sorbonne em Paris.<\/p>\n","protected":false},"author":1,"featured_media":1234,"comment_status":"open","ping_status":"closed","sticky":false,"template":"","format":"standard","meta":{"footnotes":""},"categories":[1],"tags":[],"class_list":["post-1235","post","type-post","status-publish","format-standard","has-post-thumbnail","hentry","category-noticias-em-jequie","has_thumb"],"aioseo_notices":[],"aioseo_head":"\n\t\t<!-- All in One SEO 5.0.0.1 - aioseo.com -->\n\t<meta name=\"description\" content=\"A exposi\u00e7\u00e3o de Alex Oliveira traz culturalmente Jequi\u00e9 (BA) para a Sorbonne em Paris.\" \/>\n\t<meta name=\"robots\" content=\"max-image-preview:large\" \/>\n\t<meta name=\"author\" content=\"Encontra Jequi\u00e9\"\/>\n\t<link rel=\"canonical\" href=\"https:\/\/www.encontrajequie.com.br\/sobre\/exposicao-de-alex-oliveira-de-jequie-ba-para-a-sorbonne-em-paris\/\" \/>\n\t<meta name=\"generator\" content=\"All in One SEO (AIOSEO) 5.0.0.1\" \/>\n\t\t<meta property=\"og:locale\" content=\"pt_BR\" \/>\n\t\t<meta property=\"og:site_name\" content=\"Encontra Jequi\u00e9 | Not\u00edcias, eventos, informa\u00e7\u00f5es e dicas na cidade de Jequi\u00e9 e regi\u00e3o.\" \/>\n\t\t<meta property=\"og:type\" content=\"article\" \/>\n\t\t<meta property=\"og:title\" content=\"Exposi\u00e7\u00e3o de Alex Oliveira: de Jequi\u00e9 (BA) para a Sorbonne, em Paris | Encontra Jequi\u00e9\" \/>\n\t\t<meta property=\"og:description\" content=\"A exposi\u00e7\u00e3o de Alex Oliveira traz culturalmente Jequi\u00e9 (BA) para a Sorbonne em Paris.\" \/>\n\t\t<meta property=\"og:url\" content=\"https:\/\/www.encontrajequie.com.br\/sobre\/exposicao-de-alex-oliveira-de-jequie-ba-para-a-sorbonne-em-paris\/\" \/>\n\t\t<meta property=\"article:published_time\" content=\"2026-06-04T06:29:46+00:00\" \/>\n\t\t<meta property=\"article:modified_time\" content=\"2026-06-04T06:29:46+00:00\" \/>\n\t\t<meta name=\"twitter:card\" content=\"summary_large_image\" \/>\n\t\t<meta name=\"twitter:title\" content=\"Exposi\u00e7\u00e3o de Alex Oliveira: de Jequi\u00e9 (BA) para a Sorbonne, em Paris | Encontra Jequi\u00e9\" \/>\n\t\t<meta name=\"twitter:description\" content=\"A exposi\u00e7\u00e3o de Alex Oliveira traz culturalmente Jequi\u00e9 (BA) para a Sorbonne em Paris.\" \/>\n\t\t<script type=\"application\/ld+json\" class=\"aioseo-schema\">\n\t\t\t{\"@context\":\"https:\\\/\\\/schema.org\",\"@graph\":[{\"@type\":\"Article\",\"@id\":\"https:\\\/\\\/www.encontrajequie.com.br\\\/sobre\\\/exposicao-de-alex-oliveira-de-jequie-ba-para-a-sorbonne-em-paris\\\/#article\",\"name\":\"Exposi\\u00e7\\u00e3o de Alex Oliveira: de Jequi\\u00e9 (BA) para a Sorbonne, em Paris | Encontra Jequi\\u00e9\",\"headline\":\"Exposi\\u00e7\\u00e3o de Alex Oliveira: de Jequi\\u00e9 (BA) para a Sorbonne, em Paris\",\"author\":{\"@id\":\"https:\\\/\\\/www.encontrajequie.com.br\\\/sobre\\\/author\\\/ejequie\\\/#author\"},\"publisher\":{\"@id\":\"https:\\\/\\\/www.encontrajequie.com.br\\\/sobre\\\/#organization\"},\"image\":{\"@type\":\"ImageObject\",\"url\":\"https:\\\/\\\/www.encontrajequie.com.br\\\/sobre\\\/wp-content\\\/uploads\\\/2026\\\/06\\\/exposicao-de-alex-oliveira-de-jequie-ba-para-a-sorbonne-em-paris.webp\",\"width\":280,\"height\":280,\"caption\":\"Exposi\\u00e7\\u00e3o de Alex Oliveira de Jequi\\u00e9 (BA) para a Sorbonne\"},\"datePublished\":\"2026-06-04T03:29:46-03:00\",\"dateModified\":\"2026-06-04T03:29:46-03:00\",\"inLanguage\":\"pt-BR\",\"mainEntityOfPage\":{\"@id\":\"https:\\\/\\\/www.encontrajequie.com.br\\\/sobre\\\/exposicao-de-alex-oliveira-de-jequie-ba-para-a-sorbonne-em-paris\\\/#webpage\"},\"isPartOf\":{\"@id\":\"https:\\\/\\\/www.encontrajequie.com.br\\\/sobre\\\/exposicao-de-alex-oliveira-de-jequie-ba-para-a-sorbonne-em-paris\\\/#webpage\"},\"articleSection\":\"Not\\u00edcias Jequi\\u00e9\"},{\"@type\":\"BreadcrumbList\",\"@id\":\"https:\\\/\\\/www.encontrajequie.com.br\\\/sobre\\\/exposicao-de-alex-oliveira-de-jequie-ba-para-a-sorbonne-em-paris\\\/#breadcrumblist\",\"itemListElement\":[{\"@type\":\"ListItem\",\"@id\":\"https:\\\/\\\/www.encontrajequie.com.br\\\/sobre#listItem\",\"position\":1,\"name\":\"Home\",\"item\":\"https:\\\/\\\/www.encontrajequie.com.br\\\/sobre\",\"nextItem\":{\"@type\":\"ListItem\",\"@id\":\"https:\\\/\\\/www.encontrajequie.com.br\\\/sobre\\\/noticias-em-jequie\\\/#listItem\",\"name\":\"Not\\u00edcias Jequi\\u00e9\"}},{\"@type\":\"ListItem\",\"@id\":\"https:\\\/\\\/www.encontrajequie.com.br\\\/sobre\\\/noticias-em-jequie\\\/#listItem\",\"position\":2,\"name\":\"Not\\u00edcias Jequi\\u00e9\",\"item\":\"https:\\\/\\\/www.encontrajequie.com.br\\\/sobre\\\/noticias-em-jequie\\\/\",\"nextItem\":{\"@type\":\"ListItem\",\"@id\":\"https:\\\/\\\/www.encontrajequie.com.br\\\/sobre\\\/exposicao-de-alex-oliveira-de-jequie-ba-para-a-sorbonne-em-paris\\\/#listItem\",\"name\":\"Exposi\\u00e7\\u00e3o de Alex Oliveira: de Jequi\\u00e9 (BA) para a Sorbonne, em Paris\"},\"previousItem\":{\"@type\":\"ListItem\",\"@id\":\"https:\\\/\\\/www.encontrajequie.com.br\\\/sobre#listItem\",\"name\":\"Home\"}},{\"@type\":\"ListItem\",\"@id\":\"https:\\\/\\\/www.encontrajequie.com.br\\\/sobre\\\/exposicao-de-alex-oliveira-de-jequie-ba-para-a-sorbonne-em-paris\\\/#listItem\",\"position\":3,\"name\":\"Exposi\\u00e7\\u00e3o de Alex Oliveira: de Jequi\\u00e9 (BA) para a Sorbonne, em Paris\",\"previousItem\":{\"@type\":\"ListItem\",\"@id\":\"https:\\\/\\\/www.encontrajequie.com.br\\\/sobre\\\/noticias-em-jequie\\\/#listItem\",\"name\":\"Not\\u00edcias Jequi\\u00e9\"}}]},{\"@type\":\"Organization\",\"@id\":\"https:\\\/\\\/www.encontrajequie.com.br\\\/sobre\\\/#organization\",\"name\":\"Encontra Jequi\\u00e9\",\"description\":\"Not\\u00edcias, eventos, informa\\u00e7\\u00f5es e dicas na cidade de Jequi\\u00e9 e regi\\u00e3o.\",\"url\":\"https:\\\/\\\/www.encontrajequie.com.br\\\/sobre\\\/\"},{\"@type\":\"Person\",\"@id\":\"https:\\\/\\\/www.encontrajequie.com.br\\\/sobre\\\/author\\\/ejequie\\\/#author\",\"url\":\"https:\\\/\\\/www.encontrajequie.com.br\\\/sobre\\\/author\\\/ejequie\\\/\",\"name\":\"Encontra Jequi\\u00e9\",\"image\":{\"@type\":\"ImageObject\",\"@id\":\"https:\\\/\\\/www.encontrajequie.com.br\\\/sobre\\\/exposicao-de-alex-oliveira-de-jequie-ba-para-a-sorbonne-em-paris\\\/#authorImage\",\"url\":\"https:\\\/\\\/secure.gravatar.com\\\/avatar\\\/507340682b8270222e1f208e23198b6ae7e2c6a1033ae84e99bc6bce4f82a387?s=96&d=mm&r=g\",\"width\":96,\"height\":96,\"caption\":\"Encontra Jequi\\u00e9\"}},{\"@type\":\"WebPage\",\"@id\":\"https:\\\/\\\/www.encontrajequie.com.br\\\/sobre\\\/exposicao-de-alex-oliveira-de-jequie-ba-para-a-sorbonne-em-paris\\\/#webpage\",\"url\":\"https:\\\/\\\/www.encontrajequie.com.br\\\/sobre\\\/exposicao-de-alex-oliveira-de-jequie-ba-para-a-sorbonne-em-paris\\\/\",\"name\":\"Exposi\\u00e7\\u00e3o de Alex Oliveira: de Jequi\\u00e9 (BA) para a Sorbonne, em Paris | Encontra Jequi\\u00e9\",\"description\":\"A exposi\\u00e7\\u00e3o de Alex Oliveira traz culturalmente Jequi\\u00e9 (BA) para a Sorbonne em Paris.\",\"inLanguage\":\"pt-BR\",\"isPartOf\":{\"@id\":\"https:\\\/\\\/www.encontrajequie.com.br\\\/sobre\\\/#website\"},\"breadcrumb\":{\"@id\":\"https:\\\/\\\/www.encontrajequie.com.br\\\/sobre\\\/exposicao-de-alex-oliveira-de-jequie-ba-para-a-sorbonne-em-paris\\\/#breadcrumblist\"},\"author\":{\"@id\":\"https:\\\/\\\/www.encontrajequie.com.br\\\/sobre\\\/author\\\/ejequie\\\/#author\"},\"creator\":{\"@id\":\"https:\\\/\\\/www.encontrajequie.com.br\\\/sobre\\\/author\\\/ejequie\\\/#author\"},\"image\":{\"@type\":\"ImageObject\",\"url\":\"https:\\\/\\\/www.encontrajequie.com.br\\\/sobre\\\/wp-content\\\/uploads\\\/2026\\\/06\\\/exposicao-de-alex-oliveira-de-jequie-ba-para-a-sorbonne-em-paris.webp\",\"@id\":\"https:\\\/\\\/www.encontrajequie.com.br\\\/sobre\\\/exposicao-de-alex-oliveira-de-jequie-ba-para-a-sorbonne-em-paris\\\/#mainImage\",\"width\":280,\"height\":280,\"caption\":\"Exposi\\u00e7\\u00e3o de Alex Oliveira de Jequi\\u00e9 (BA) para a Sorbonne\"},\"primaryImageOfPage\":{\"@id\":\"https:\\\/\\\/www.encontrajequie.com.br\\\/sobre\\\/exposicao-de-alex-oliveira-de-jequie-ba-para-a-sorbonne-em-paris\\\/#mainImage\"},\"datePublished\":\"2026-06-04T03:29:46-03:00\",\"dateModified\":\"2026-06-04T03:29:46-03:00\"},{\"@type\":\"WebSite\",\"@id\":\"https:\\\/\\\/www.encontrajequie.com.br\\\/sobre\\\/#website\",\"url\":\"https:\\\/\\\/www.encontrajequie.com.br\\\/sobre\\\/\",\"name\":\"Encontra Jequi\\u00e9\",\"description\":\"Not\\u00edcias, eventos, informa\\u00e7\\u00f5es e dicas na cidade de Jequi\\u00e9 e regi\\u00e3o.\",\"inLanguage\":\"pt-BR\",\"publisher\":{\"@id\":\"https:\\\/\\\/www.encontrajequie.com.br\\\/sobre\\\/#organization\"}}]}\n\t\t<\/script>\n\t\t<!-- All in One SEO -->\n\n","aioseo_head_json":{"title":"Exposi\u00e7\u00e3o de Alex Oliveira: de Jequi\u00e9 (BA) para a Sorbonne, em Paris | Encontra Jequi\u00e9","description":"A exposi\u00e7\u00e3o de Alex Oliveira traz culturalmente Jequi\u00e9 (BA) para a Sorbonne em Paris.","canonical_url":"https:\/\/www.encontrajequie.com.br\/sobre\/exposicao-de-alex-oliveira-de-jequie-ba-para-a-sorbonne-em-paris\/","robots":"max-image-preview:large","keywords":"","webmasterTools":{"miscellaneous":""},"schema":{"@context":"https:\/\/schema.org","@graph":[{"@type":"Article","@id":"https:\/\/www.encontrajequie.com.br\/sobre\/exposicao-de-alex-oliveira-de-jequie-ba-para-a-sorbonne-em-paris\/#article","name":"Exposi\u00e7\u00e3o de Alex Oliveira: de Jequi\u00e9 (BA) para a Sorbonne, em Paris | Encontra Jequi\u00e9","headline":"Exposi\u00e7\u00e3o de Alex Oliveira: de Jequi\u00e9 (BA) para a Sorbonne, em Paris","author":{"@id":"https:\/\/www.encontrajequie.com.br\/sobre\/author\/ejequie\/#author"},"publisher":{"@id":"https:\/\/www.encontrajequie.com.br\/sobre\/#organization"},"image":{"@type":"ImageObject","url":"https:\/\/www.encontrajequie.com.br\/sobre\/wp-content\/uploads\/2026\/06\/exposicao-de-alex-oliveira-de-jequie-ba-para-a-sorbonne-em-paris.webp","width":280,"height":280,"caption":"Exposi\u00e7\u00e3o de Alex Oliveira de Jequi\u00e9 (BA) para a Sorbonne"},"datePublished":"2026-06-04T03:29:46-03:00","dateModified":"2026-06-04T03:29:46-03:00","inLanguage":"pt-BR","mainEntityOfPage":{"@id":"https:\/\/www.encontrajequie.com.br\/sobre\/exposicao-de-alex-oliveira-de-jequie-ba-para-a-sorbonne-em-paris\/#webpage"},"isPartOf":{"@id":"https:\/\/www.encontrajequie.com.br\/sobre\/exposicao-de-alex-oliveira-de-jequie-ba-para-a-sorbonne-em-paris\/#webpage"},"articleSection":"Not\u00edcias Jequi\u00e9"},{"@type":"BreadcrumbList","@id":"https:\/\/www.encontrajequie.com.br\/sobre\/exposicao-de-alex-oliveira-de-jequie-ba-para-a-sorbonne-em-paris\/#breadcrumblist","itemListElement":[{"@type":"ListItem","@id":"https:\/\/www.encontrajequie.com.br\/sobre#listItem","position":1,"name":"Home","item":"https:\/\/www.encontrajequie.com.br\/sobre","nextItem":{"@type":"ListItem","@id":"https:\/\/www.encontrajequie.com.br\/sobre\/noticias-em-jequie\/#listItem","name":"Not\u00edcias Jequi\u00e9"}},{"@type":"ListItem","@id":"https:\/\/www.encontrajequie.com.br\/sobre\/noticias-em-jequie\/#listItem","position":2,"name":"Not\u00edcias Jequi\u00e9","item":"https:\/\/www.encontrajequie.com.br\/sobre\/noticias-em-jequie\/","nextItem":{"@type":"ListItem","@id":"https:\/\/www.encontrajequie.com.br\/sobre\/exposicao-de-alex-oliveira-de-jequie-ba-para-a-sorbonne-em-paris\/#listItem","name":"Exposi\u00e7\u00e3o de Alex Oliveira: de Jequi\u00e9 (BA) para a Sorbonne, em Paris"},"previousItem":{"@type":"ListItem","@id":"https:\/\/www.encontrajequie.com.br\/sobre#listItem","name":"Home"}},{"@type":"ListItem","@id":"https:\/\/www.encontrajequie.com.br\/sobre\/exposicao-de-alex-oliveira-de-jequie-ba-para-a-sorbonne-em-paris\/#listItem","position":3,"name":"Exposi\u00e7\u00e3o de Alex Oliveira: de Jequi\u00e9 (BA) para a Sorbonne, em Paris","previousItem":{"@type":"ListItem","@id":"https:\/\/www.encontrajequie.com.br\/sobre\/noticias-em-jequie\/#listItem","name":"Not\u00edcias Jequi\u00e9"}}]},{"@type":"Organization","@id":"https:\/\/www.encontrajequie.com.br\/sobre\/#organization","name":"Encontra Jequi\u00e9","description":"Not\u00edcias, eventos, informa\u00e7\u00f5es e dicas na cidade de Jequi\u00e9 e regi\u00e3o.","url":"https:\/\/www.encontrajequie.com.br\/sobre\/"},{"@type":"Person","@id":"https:\/\/www.encontrajequie.com.br\/sobre\/author\/ejequie\/#author","url":"https:\/\/www.encontrajequie.com.br\/sobre\/author\/ejequie\/","name":"Encontra Jequi\u00e9","image":{"@type":"ImageObject","@id":"https:\/\/www.encontrajequie.com.br\/sobre\/exposicao-de-alex-oliveira-de-jequie-ba-para-a-sorbonne-em-paris\/#authorImage","url":"https:\/\/secure.gravatar.com\/avatar\/507340682b8270222e1f208e23198b6ae7e2c6a1033ae84e99bc6bce4f82a387?s=96&d=mm&r=g","width":96,"height":96,"caption":"Encontra Jequi\u00e9"}},{"@type":"WebPage","@id":"https:\/\/www.encontrajequie.com.br\/sobre\/exposicao-de-alex-oliveira-de-jequie-ba-para-a-sorbonne-em-paris\/#webpage","url":"https:\/\/www.encontrajequie.com.br\/sobre\/exposicao-de-alex-oliveira-de-jequie-ba-para-a-sorbonne-em-paris\/","name":"Exposi\u00e7\u00e3o de Alex Oliveira: de Jequi\u00e9 (BA) para a Sorbonne, em Paris | Encontra Jequi\u00e9","description":"A exposi\u00e7\u00e3o de Alex Oliveira traz culturalmente Jequi\u00e9 (BA) para a Sorbonne em Paris.","inLanguage":"pt-BR","isPartOf":{"@id":"https:\/\/www.encontrajequie.com.br\/sobre\/#website"},"breadcrumb":{"@id":"https:\/\/www.encontrajequie.com.br\/sobre\/exposicao-de-alex-oliveira-de-jequie-ba-para-a-sorbonne-em-paris\/#breadcrumblist"},"author":{"@id":"https:\/\/www.encontrajequie.com.br\/sobre\/author\/ejequie\/#author"},"creator":{"@id":"https:\/\/www.encontrajequie.com.br\/sobre\/author\/ejequie\/#author"},"image":{"@type":"ImageObject","url":"https:\/\/www.encontrajequie.com.br\/sobre\/wp-content\/uploads\/2026\/06\/exposicao-de-alex-oliveira-de-jequie-ba-para-a-sorbonne-em-paris.webp","@id":"https:\/\/www.encontrajequie.com.br\/sobre\/exposicao-de-alex-oliveira-de-jequie-ba-para-a-sorbonne-em-paris\/#mainImage","width":280,"height":280,"caption":"Exposi\u00e7\u00e3o de Alex Oliveira de Jequi\u00e9 (BA) para a Sorbonne"},"primaryImageOfPage":{"@id":"https:\/\/www.encontrajequie.com.br\/sobre\/exposicao-de-alex-oliveira-de-jequie-ba-para-a-sorbonne-em-paris\/#mainImage"},"datePublished":"2026-06-04T03:29:46-03:00","dateModified":"2026-06-04T03:29:46-03:00"},{"@type":"WebSite","@id":"https:\/\/www.encontrajequie.com.br\/sobre\/#website","url":"https:\/\/www.encontrajequie.com.br\/sobre\/","name":"Encontra Jequi\u00e9","description":"Not\u00edcias, eventos, informa\u00e7\u00f5es e dicas na cidade de Jequi\u00e9 e regi\u00e3o.","inLanguage":"pt-BR","publisher":{"@id":"https:\/\/www.encontrajequie.com.br\/sobre\/#organization"}}]},"og:locale":"pt_BR","og:site_name":"Encontra Jequi\u00e9 | Not\u00edcias, eventos, informa\u00e7\u00f5es e dicas na cidade de Jequi\u00e9 e regi\u00e3o.","og:type":"article","og:title":"Exposi\u00e7\u00e3o de Alex Oliveira: de Jequi\u00e9 (BA) para a Sorbonne, em Paris | Encontra Jequi\u00e9","og:description":"A exposi\u00e7\u00e3o de Alex Oliveira traz culturalmente Jequi\u00e9 (BA) para a Sorbonne em Paris.","og:url":"https:\/\/www.encontrajequie.com.br\/sobre\/exposicao-de-alex-oliveira-de-jequie-ba-para-a-sorbonne-em-paris\/","article:published_time":"2026-06-04T06:29:46+00:00","article:modified_time":"2026-06-04T06:29:46+00:00","twitter:card":"summary_large_image","twitter:title":"Exposi\u00e7\u00e3o de Alex Oliveira: de Jequi\u00e9 (BA) para a Sorbonne, em Paris | Encontra Jequi\u00e9","twitter:description":"A exposi\u00e7\u00e3o de Alex Oliveira traz culturalmente Jequi\u00e9 (BA) para a Sorbonne em Paris."},"aioseo_meta_data":{"post_id":"1235","title":null,"description":null,"keywords":null,"keyphrases":null,"primary_term":null,"canonical_url":null,"og_title":null,"og_description":null,"og_object_type":"default","og_image_type":"default","og_image_url":null,"og_image_width":null,"og_image_height":null,"og_image_custom_url":null,"og_image_custom_fields":null,"og_video":null,"og_custom_url":null,"og_article_section":null,"og_article_tags":null,"twitter_use_og":false,"twitter_card":"default","twitter_image_type":"default","twitter_image_url":null,"twitter_image_custom_url":null,"twitter_image_custom_fields":null,"twitter_title":null,"twitter_description":null,"schema":{"blockGraphs":[],"customGraphs":[],"default":{"data":{"Article":[],"Course":[],"Dataset":[],"FAQPage":[],"Movie":[],"Person":[],"Product":[],"ProductReview":[],"Car":[],"Recipe":[],"Service":[],"SoftwareApplication":[],"WebPage":[]},"graphName":"Article","isEnabled":true},"graphs":[]},"schema_type":"default","schema_type_options":null,"pillar_content":false,"robots_default":true,"robots_noindex":false,"robots_noarchive":false,"robots_nosnippet":false,"robots_nofollow":false,"robots_noimageindex":false,"robots_noodp":false,"robots_notranslate":false,"robots_max_snippet":null,"robots_max_videopreview":null,"robots_max_imagepreview":"large","priority":null,"frequency":null,"local_seo":null,"breadcrumb_settings":null,"limit_modified_date":false,"ai":null,"created":"2026-06-04 06:29:49","updated":"2026-06-04 06:30:49","focus_keyword":null,"additional_keywords":null,"truseo_locale":null,"seo_analyzer_scan_date":null},"aioseo_breadcrumb":"<div class=\"aioseo-breadcrumbs\"><span class=\"aioseo-breadcrumb\">\n\t\t\t<a href=\"https:\/\/www.encontrajequie.com.br\/sobre\" title=\"Home\">Home<\/a>\n\t\t<\/span><span class=\"aioseo-breadcrumb-separator\">&raquo;<\/span><span class=\"aioseo-breadcrumb\">\n\t\t\t<a href=\"https:\/\/www.encontrajequie.com.br\/sobre\/noticias-em-jequie\/\" title=\"Not\u00edcias Jequi\u00e9\">Not\u00edcias Jequi\u00e9<\/a>\n\t\t<\/span><span class=\"aioseo-breadcrumb-separator\">&raquo;<\/span><span class=\"aioseo-breadcrumb\">\n\t\t\tExposi\u00e7\u00e3o de Alex Oliveira: de Jequi\u00e9 (BA) para a Sorbonne, em Paris\n\t\t<\/span><\/div>","aioseo_breadcrumb_json":[{"label":"Home","link":"https:\/\/www.encontrajequie.com.br\/sobre"},{"label":"Not\u00edcias Jequi\u00e9","link":"https:\/\/www.encontrajequie.com.br\/sobre\/noticias-em-jequie\/"},{"label":"Exposi\u00e7\u00e3o de Alex Oliveira: de Jequi\u00e9 (BA) para a Sorbonne, em Paris","link":"https:\/\/www.encontrajequie.com.br\/sobre\/exposicao-de-alex-oliveira-de-jequie-ba-para-a-sorbonne-em-paris\/"}],"_links":{"self":[{"href":"https:\/\/www.encontrajequie.com.br\/sobre\/wp-json\/wp\/v2\/posts\/1235","targetHints":{"allow":["GET"]}}],"collection":[{"href":"https:\/\/www.encontrajequie.com.br\/sobre\/wp-json\/wp\/v2\/posts"}],"about":[{"href":"https:\/\/www.encontrajequie.com.br\/sobre\/wp-json\/wp\/v2\/types\/post"}],"author":[{"embeddable":true,"href":"https:\/\/www.encontrajequie.com.br\/sobre\/wp-json\/wp\/v2\/users\/1"}],"replies":[{"embeddable":true,"href":"https:\/\/www.encontrajequie.com.br\/sobre\/wp-json\/wp\/v2\/comments?post=1235"}],"version-history":[{"count":0,"href":"https:\/\/www.encontrajequie.com.br\/sobre\/wp-json\/wp\/v2\/posts\/1235\/revisions"}],"wp:featuredmedia":[{"embeddable":true,"href":"https:\/\/www.encontrajequie.com.br\/sobre\/wp-json\/wp\/v2\/media\/1234"}],"wp:attachment":[{"href":"https:\/\/www.encontrajequie.com.br\/sobre\/wp-json\/wp\/v2\/media?parent=1235"}],"wp:term":[{"taxonomy":"category","embeddable":true,"href":"https:\/\/www.encontrajequie.com.br\/sobre\/wp-json\/wp\/v2\/categories?post=1235"},{"taxonomy":"post_tag","embeddable":true,"href":"https:\/\/www.encontrajequie.com.br\/sobre\/wp-json\/wp\/v2\/tags?post=1235"}],"curies":[{"name":"wp","href":"https:\/\/api.w.org\/{rel}","templated":true}]}}