{"id":1255,"date":"2026-06-10T03:28:19","date_gmt":"2026-06-10T06:28:19","guid":{"rendered":"https:\/\/www.encontrajequie.com.br\/sobre\/mais-uma-vez-prefeitura-de-jequie-disponibiliza-area-exclusiva-para-pessoas-com-deficiencia-no-melhor-sao-joao-da-bahia\/"},"modified":"2026-06-10T03:28:19","modified_gmt":"2026-06-10T06:28:19","slug":"mais-uma-vez-prefeitura-de-jequie-disponibiliza-area-exclusiva-para-pessoas-com-deficiencia-no-melhor-sao-joao-da-bahia","status":"publish","type":"post","link":"https:\/\/www.encontrajequie.com.br\/sobre\/mais-uma-vez-prefeitura-de-jequie-disponibiliza-area-exclusiva-para-pessoas-com-deficiencia-no-melhor-sao-joao-da-bahia\/","title":{"rendered":"Mais uma vez Prefeitura de Jequi\u00e9 disponibiliza \u00e1rea exclusiva para pessoas com defici\u00eancia no Melhor S\u00e3o Jo\u00e3o da Bahia"},"content":{"rendered":"<div class=\"30cf832dc5940d4704f66d0ed9a44050\" data-index=\"1\" style=\"float: none; margin:0px;\">\n<!-- Anuncio display - global -->\r\n<ins class=\"adsbygoogle\"\r\n     style=\"display:block\"\r\n     data-ad-client=\"ca-pub-8585364105181520\"\r\n     data-ad-slot=\"8789329856\"\r\n     data-ad-format=\"auto\"\r\n     data-full-width-responsive=\"true\"><\/ins>\r\n<script>\r\n     (adsbygoogle = window.adsbygoogle || []).push({});\r\n<\/script>\n<\/div>\n<h2>O que \u00e9 o Espa\u00e7o PCD?<\/h2>\n<p>O Espa\u00e7o PCD, que significa &#8220;Espa\u00e7o para Pessoa com Defici\u00eancia&#8221;, \u00e9 uma \u00e1rea especialmente projetada pela Prefeitura de Jequi\u00e9 para atender \u00e0s necessidades das pessoas com defici\u00eancia durante os eventos do Melhor S\u00e3o Jo\u00e3o da Bahia. Esta iniciativa visa proporcionar um ambiente seguro, confort\u00e1vel e acess\u00edvel para aqueles que desejam desfrutar das festividades. O objetivo principal do Espa\u00e7o PCD \u00e9 garantir que todas as pessoas, independentemente de suas limita\u00e7\u00f5es, possam participar ativamente das celebra\u00e7\u00f5es e aproveitar a programa\u00e7\u00e3o completa.<\/p>\n<h2>Como participar do Espa\u00e7o PCD<\/h2>\n<p>Para participar do Espa\u00e7o PCD, os interessados devem realizar a inscri\u00e7\u00e3o atrav\u00e9s de um formul\u00e1rio digital dispon\u00edvel no site oficial do evento. \u00c9 importante que o formul\u00e1rio seja preenchido com todos os dados pessoais necess\u00e1rios. Al\u00e9m disso, a inscri\u00e7\u00e3o requer a apresenta\u00e7\u00e3o de documentos espec\u00edficos que comprovem a defici\u00eancia do participante. O prazo para a realiza\u00e7\u00e3o das inscri\u00e7\u00f5es \u00e9 definido pela Prefeitura, com um aviso pr\u00e9vio publicado nas redes sociais e no site oficial.<\/p>\n<h2>Import\u00e2ncia da inclus\u00e3o no S\u00e3o Jo\u00e3o<\/h2>\n<p>A inclus\u00e3o de pessoas com defici\u00eancia durante o S\u00e3o Jo\u00e3o \u00e9 de fundamental import\u00e2ncia, pois garante que todos tenham a oportunidade de comemorar e compartilhar experi\u00eancias em um ambiente festivo. O acesso a eventos culturais e sociais \u00e9 um direito de todos, e a implementa\u00e7\u00e3o de espa\u00e7os dedicados demonstra o compromisso da prefeitura em criar uma sociedade mais justa e inclusiva. Com isso, promove-se um sentimento de pertencimento e igualdade entre todos os cidad\u00e3os, facilitando um conv\u00edvio harmonioso e respeitoso durante as festividades.<\/p>\n<p><img decoding=\"async\" src=\"https:\/\/www.encontrajequie.com.br\/sobre\/wp-content\/uploads\/2026\/06\/mais-uma-vez-prefeitura-de-jequie-disponibiliza-area-exclusiva-para-pessoas-com-deficiencia-no-melho.webp\" alt=\"acessibilidade\" loading=\"lazy\" \/><\/p>\n<h2>Estrutura do Espa\u00e7o PCD<\/h2>\n<p>A estrutura do Espa\u00e7o PCD \u00e9 planejada para atender \u00e0s necessidades espec\u00edficas dos participantes. O local \u00e9 equipado com assentos confort\u00e1veis e acess\u00edveis, al\u00e9m de contar com a presen\u00e7a de profissionais capacitados para oferecer suporte e assist\u00eancia quando necess\u00e1rio. Tamb\u00e9m existem sinaliza\u00e7\u00f5es adequadas, que facilitam a orienta\u00e7\u00e3o dentro do espa\u00e7o, proporcionando um ambiente seguro e acolhedor. O Espa\u00e7o PCD \u00e9 estrategicamente posicionado pr\u00f3ximo ao palco, permitindo que os participantes possam visualizar as apresenta\u00e7\u00f5es de maneira privilegiada.<\/p>\n<h2>Documenta\u00e7\u00e3o necess\u00e1ria para inscri\u00e7\u00e3o<\/h2>\n<p>Os interessados em se inscrever no Espa\u00e7o PCD devem apresentar uma sequ\u00eancia de documentos essenciais, que incluem:<\/p>\n<ul>\n<li><strong>Documento de identidade oficial com foto:<\/strong> RG ou CPF do benefici\u00e1rio e acompanhante, caso haja.<\/li>\n<li><strong>Laudo m\u00e9dico:<\/strong> Necess\u00e1rio para comprovar a defici\u00eancia, emitido com menos de 24 meses.<\/li>\n<li><strong>Carteira de Identifica\u00e7\u00e3o da Pessoa com Transtorno do Espectro Autista (CIPTEA):<\/strong> Espec\u00edfico para indiv\u00edduos com autismo.<\/li>\n<li><strong>Comprovante de inscri\u00e7\u00e3o em programa social:<\/strong> Como Cad\u00danico ou NIS.<\/li>\n<li><strong>Comprovante de resid\u00eancia:<\/strong> Para garantir que o participante reside em Jequi\u00e9.<\/li>\n<\/ul>\n<p>A apresenta\u00e7\u00e3o dessa documenta\u00e7\u00e3o \u00e9 vital para assegurar que o espa\u00e7o seja utilizado por aqueles que realmente necessitam e para garantir a organiza\u00e7\u00e3o e o planejamento da \u00e1rea.<\/p>\n<h2>Benef\u00edcios do Espa\u00e7o Day Cruz<\/h2>\n<p>O Espa\u00e7o Day Cruz, como \u00e9 chamado, oferece uma s\u00e9rie de benef\u00edcios que v\u00e3o al\u00e9m do mero acesso. Entre os principais benef\u00edcios, est\u00e3o:<\/p>\n<ul>\n<li><strong>Conforto e seguran\u00e7a:<\/strong> Um ambiente projetado para que as pessoas com defici\u00eancia possam aproveitar as festividades sem preocupa\u00e7\u00f5es.<\/li>\n<li><strong>Integra\u00e7\u00e3o social:<\/strong> O espa\u00e7o promove a intera\u00e7\u00e3o entre pessoas com e sem defici\u00eancia, fortalecendo os la\u00e7os comunit\u00e1rios.<\/li>\n<li><strong>Oportunidades de lazer:<\/strong> Os participantes t\u00eam acesso a shows e atividades de entretenimento em condi\u00e7\u00f5es iguais.<\/li>\n<li><strong>Personaliza\u00e7\u00e3o:<\/strong> A \u00e1rea \u00e9 adaptada para responder \u00e0s necessidades espec\u00edficas de cada grupo de cidad\u00e3os.<\/li>\n<\/ul>\n<p>Dessa forma, o Espa\u00e7o PCD se torna uma parte essencial das festividades do S\u00e3o Jo\u00e3o, promovendo inclus\u00e3o e respeito.<\/p>\n<h2>A\u00e7\u00f5es da Prefeitura em prol da acessibilidade<\/h2>\n<p>A Prefeitura de Jequi\u00e9 tem adotado diversas a\u00e7\u00f5es para promover a acessibilidade em eventos e no cotidiano dos cidad\u00e3os. Algumas dessas a\u00e7\u00f5es incluem:<\/p>\n<ul>\n<li><strong>Implementa\u00e7\u00e3o de pol\u00edticas p\u00fablicas:<\/strong> Com foco na acessibilidade e na inclus\u00e3o, a prefeitura desenvolve projetos que visam atender a popula\u00e7\u00e3o com defici\u00eancia.<\/li>\n<li><strong>Parcerias com organiza\u00e7\u00f5es sociais:<\/strong> A administra\u00e7\u00e3o colabora com grupos de defesa dos direitos das pessoas com defici\u00eancia para melhorar as condi\u00e7\u00f5es de acesso em eventos e espa\u00e7os p\u00fablicos.<\/li>\n<li><strong>Capacita\u00e7\u00e3o de servidores:<\/strong> Treinamentos s\u00e3o oferecidos para que todos os funcion\u00e1rios p\u00fablicos saibam como melhor atender pessoas com defici\u00eancias.<\/li>\n<li><strong>Campanhas de conscientiza\u00e7\u00e3o:<\/strong> A promo\u00e7\u00e3o da inclus\u00e3o e os direitos das pessoas com defici\u00eancia s\u00e3o temas frequentes nas campanhas de conscientiza\u00e7\u00e3o realizadas pela prefeitura.<\/li>\n<\/ul>\n<p>Essas iniciativas refletem o compromisso da administra\u00e7\u00e3o municipal em assegurar a todos um meio de vida digno e acess\u00edvel.<\/p>\n<h2>Depoimentos de participantes do Espa\u00e7o PCD<\/h2>\n<p>Os depoimentos de pessoas que j\u00e1 utilizaram o Espa\u00e7o PCD s\u00e3o frequentemente compartilhados, ressaltando as experi\u00eancias positivas e a import\u00e2ncia da inclus\u00e3o. Alguns relatos incluem:<\/p>\n<ul>\n<li>&#8220;Me senti acolhido e respeitado durante toda a festividade. Poder participar de um evento t\u00e3o grande como o S\u00e3o Jo\u00e3o foi uma experi\u00eancia inesquec\u00edvel!&#8221;<\/li>\n<li>&#8220;A estrutura do espa\u00e7o foi excelente, e a equipe estava sempre dispon\u00edvel para ajudar. Fiz amigos e desfrutei de tudo de perto.&#8221;<\/li>\n<li>&#8220;Ter um espa\u00e7o pensado para n\u00f3s faz a diferen\u00e7a. \u00c9 um sinal de que somos vistos e respeitados na sociedade.&#8221;<\/li>\n<\/ul>\n<p>Esses relatos s\u00e3o um testemunho do impacto positivo que o Espa\u00e7o PCD pode ter na vida das pessoas com defici\u00eancia, refor\u00e7ando a ideia de que a inclus\u00e3o n\u00e3o \u00e9 apenas uma necessidade, mas um direito essencial.<\/p>\n<h2>A tradi\u00e7\u00e3o do S\u00e3o Jo\u00e3o de Jequi\u00e9<\/h2>\n<p>O S\u00e3o Jo\u00e3o de Jequi\u00e9 \u00e9 uma tradi\u00e7\u00e3o consolidada com mais de 30 anos de hist\u00f3ria, capaz de atrair turistas de diversas localidades. As festas juninas s\u00e3o conhecidas por sua atmosfera festiva, cheias de dan\u00e7as, m\u00fasicas e comidas t\u00edpicas que encantam todos os p\u00fablicos. Com o aumento do reconhecimento da import\u00e2ncia da inclus\u00e3o, a prefeitura tem se esfor\u00e7ado para adaptar seu evento e torn\u00e1-lo cada vez mais acess\u00edvel. Isso fortalece a identidade cultural da cidade e garante que todos possam celebrar como parte da comunidade.<\/p>\n<h2>Como a acessibilidade transforma eventos socio-culturais<\/h2>\n<p>A acessibilidade em eventos s\u00f3cio-culturais se traduz em oportunidades para todos, permitindo que todos os participantes desfrutem das experi\u00eancias oferecidas. As mudan\u00e7as implementadas para a acessibilidade n\u00e3o apenas ajudam pessoas com defici\u00eancia, mas tamb\u00e9m beneficiam o evento como um todo, criando um ambiente mais acolhedor e oportuno. Durante festas como o S\u00e3o Jo\u00e3o, a participa\u00e7\u00e3o ativa de todos os cidad\u00e3os refor\u00e7a a conviv\u00eancia pac\u00edfica e respeitosa, promove a diversidade e enriquece a programa\u00e7\u00e3o cultural e social, permitindo que as festividades sejam realmente representativas de toda a comunidade.<\/p>\n\n<div style=\"font-size: 0px; height: 0px; line-height: 0px; margin: 0; padding: 0; clear: both;\"><\/div>","protected":false},"excerpt":{"rendered":"<p>Espa\u00e7o PCD garante acessibilidade no Melhor S\u00e3o Jo\u00e3o da Bahia.<\/p>\n","protected":false},"author":1,"featured_media":1254,"comment_status":"open","ping_status":"closed","sticky":false,"template":"","format":"standard","meta":{"footnotes":""},"categories":[1],"tags":[],"class_list":["post-1255","post","type-post","status-publish","format-standard","has-post-thumbnail","hentry","category-noticias-em-jequie","has_thumb"],"aioseo_notices":[],"aioseo_head":"\n\t\t<!-- All in One SEO 5.0.0.1 - aioseo.com -->\n\t<meta name=\"description\" content=\"Espa\u00e7o PCD garante acessibilidade no Melhor S\u00e3o Jo\u00e3o da Bahia.\" \/>\n\t<meta name=\"robots\" content=\"max-image-preview:large\" \/>\n\t<meta name=\"author\" content=\"Encontra Jequi\u00e9\"\/>\n\t<link rel=\"canonical\" href=\"https:\/\/www.encontrajequie.com.br\/sobre\/mais-uma-vez-prefeitura-de-jequie-disponibiliza-area-exclusiva-para-pessoas-com-deficiencia-no-melhor-sao-joao-da-bahia\/\" \/>\n\t<meta name=\"generator\" content=\"All in One SEO (AIOSEO) 5.0.0.1\" \/>\n\t\t<meta property=\"og:locale\" content=\"pt_BR\" \/>\n\t\t<meta property=\"og:site_name\" content=\"Encontra Jequi\u00e9 | Not\u00edcias, eventos, informa\u00e7\u00f5es e dicas na cidade de Jequi\u00e9 e regi\u00e3o.\" \/>\n\t\t<meta property=\"og:type\" content=\"article\" \/>\n\t\t<meta property=\"og:title\" content=\"Mais uma vez Prefeitura de Jequi\u00e9 disponibiliza \u00e1rea exclusiva para pessoas com defici\u00eancia no Melhor S\u00e3o Jo\u00e3o da Bahia | Encontra Jequi\u00e9\" \/>\n\t\t<meta property=\"og:description\" content=\"Espa\u00e7o PCD garante acessibilidade no Melhor S\u00e3o Jo\u00e3o da Bahia.\" \/>\n\t\t<meta property=\"og:url\" content=\"https:\/\/www.encontrajequie.com.br\/sobre\/mais-uma-vez-prefeitura-de-jequie-disponibiliza-area-exclusiva-para-pessoas-com-deficiencia-no-melhor-sao-joao-da-bahia\/\" \/>\n\t\t<meta property=\"article:published_time\" content=\"2026-06-10T06:28:19+00:00\" \/>\n\t\t<meta property=\"article:modified_time\" content=\"2026-06-10T06:28:19+00:00\" \/>\n\t\t<meta name=\"twitter:card\" content=\"summary_large_image\" \/>\n\t\t<meta name=\"twitter:title\" content=\"Mais uma vez Prefeitura de Jequi\u00e9 disponibiliza \u00e1rea exclusiva para pessoas com defici\u00eancia no Melhor S\u00e3o Jo\u00e3o da Bahia | Encontra Jequi\u00e9\" \/>\n\t\t<meta name=\"twitter:description\" content=\"Espa\u00e7o PCD garante acessibilidade no Melhor S\u00e3o Jo\u00e3o da Bahia.\" \/>\n\t\t<script type=\"application\/ld+json\" class=\"aioseo-schema\">\n\t\t\t{\"@context\":\"https:\\\/\\\/schema.org\",\"@graph\":[{\"@type\":\"Article\",\"@id\":\"https:\\\/\\\/www.encontrajequie.com.br\\\/sobre\\\/mais-uma-vez-prefeitura-de-jequie-disponibiliza-area-exclusiva-para-pessoas-com-deficiencia-no-melhor-sao-joao-da-bahia\\\/#article\",\"name\":\"Mais uma vez Prefeitura de Jequi\\u00e9 disponibiliza \\u00e1rea exclusiva para pessoas com defici\\u00eancia no Melhor S\\u00e3o Jo\\u00e3o da Bahia | Encontra Jequi\\u00e9\",\"headline\":\"Mais uma vez Prefeitura de Jequi\\u00e9 disponibiliza \\u00e1rea exclusiva para pessoas com defici\\u00eancia no Melhor S\\u00e3o Jo\\u00e3o da Bahia\",\"author\":{\"@id\":\"https:\\\/\\\/www.encontrajequie.com.br\\\/sobre\\\/author\\\/ejequie\\\/#author\"},\"publisher\":{\"@id\":\"https:\\\/\\\/www.encontrajequie.com.br\\\/sobre\\\/#organization\"},\"image\":{\"@type\":\"ImageObject\",\"url\":\"https:\\\/\\\/www.encontrajequie.com.br\\\/sobre\\\/wp-content\\\/uploads\\\/2026\\\/06\\\/mais-uma-vez-prefeitura-de-jequie-disponibiliza-area-exclusiva-para-pessoas-com-deficiencia-no-melho.webp\",\"width\":280,\"height\":280,\"caption\":\"acessibilidade\"},\"datePublished\":\"2026-06-10T03:28:19-03:00\",\"dateModified\":\"2026-06-10T03:28:19-03:00\",\"inLanguage\":\"pt-BR\",\"mainEntityOfPage\":{\"@id\":\"https:\\\/\\\/www.encontrajequie.com.br\\\/sobre\\\/mais-uma-vez-prefeitura-de-jequie-disponibiliza-area-exclusiva-para-pessoas-com-deficiencia-no-melhor-sao-joao-da-bahia\\\/#webpage\"},\"isPartOf\":{\"@id\":\"https:\\\/\\\/www.encontrajequie.com.br\\\/sobre\\\/mais-uma-vez-prefeitura-de-jequie-disponibiliza-area-exclusiva-para-pessoas-com-deficiencia-no-melhor-sao-joao-da-bahia\\\/#webpage\"},\"articleSection\":\"Not\\u00edcias Jequi\\u00e9\"},{\"@type\":\"BreadcrumbList\",\"@id\":\"https:\\\/\\\/www.encontrajequie.com.br\\\/sobre\\\/mais-uma-vez-prefeitura-de-jequie-disponibiliza-area-exclusiva-para-pessoas-com-deficiencia-no-melhor-sao-joao-da-bahia\\\/#breadcrumblist\",\"itemListElement\":[{\"@type\":\"ListItem\",\"@id\":\"https:\\\/\\\/www.encontrajequie.com.br\\\/sobre#listItem\",\"position\":1,\"name\":\"Home\",\"item\":\"https:\\\/\\\/www.encontrajequie.com.br\\\/sobre\",\"nextItem\":{\"@type\":\"ListItem\",\"@id\":\"https:\\\/\\\/www.encontrajequie.com.br\\\/sobre\\\/noticias-em-jequie\\\/#listItem\",\"name\":\"Not\\u00edcias Jequi\\u00e9\"}},{\"@type\":\"ListItem\",\"@id\":\"https:\\\/\\\/www.encontrajequie.com.br\\\/sobre\\\/noticias-em-jequie\\\/#listItem\",\"position\":2,\"name\":\"Not\\u00edcias Jequi\\u00e9\",\"item\":\"https:\\\/\\\/www.encontrajequie.com.br\\\/sobre\\\/noticias-em-jequie\\\/\",\"nextItem\":{\"@type\":\"ListItem\",\"@id\":\"https:\\\/\\\/www.encontrajequie.com.br\\\/sobre\\\/mais-uma-vez-prefeitura-de-jequie-disponibiliza-area-exclusiva-para-pessoas-com-deficiencia-no-melhor-sao-joao-da-bahia\\\/#listItem\",\"name\":\"Mais uma vez Prefeitura de Jequi\\u00e9 disponibiliza \\u00e1rea exclusiva para pessoas com defici\\u00eancia no Melhor S\\u00e3o Jo\\u00e3o da Bahia\"},\"previousItem\":{\"@type\":\"ListItem\",\"@id\":\"https:\\\/\\\/www.encontrajequie.com.br\\\/sobre#listItem\",\"name\":\"Home\"}},{\"@type\":\"ListItem\",\"@id\":\"https:\\\/\\\/www.encontrajequie.com.br\\\/sobre\\\/mais-uma-vez-prefeitura-de-jequie-disponibiliza-area-exclusiva-para-pessoas-com-deficiencia-no-melhor-sao-joao-da-bahia\\\/#listItem\",\"position\":3,\"name\":\"Mais uma vez Prefeitura de Jequi\\u00e9 disponibiliza \\u00e1rea exclusiva para pessoas com defici\\u00eancia no Melhor S\\u00e3o Jo\\u00e3o da Bahia\",\"previousItem\":{\"@type\":\"ListItem\",\"@id\":\"https:\\\/\\\/www.encontrajequie.com.br\\\/sobre\\\/noticias-em-jequie\\\/#listItem\",\"name\":\"Not\\u00edcias Jequi\\u00e9\"}}]},{\"@type\":\"Organization\",\"@id\":\"https:\\\/\\\/www.encontrajequie.com.br\\\/sobre\\\/#organization\",\"name\":\"Encontra Jequi\\u00e9\",\"description\":\"Not\\u00edcias, eventos, informa\\u00e7\\u00f5es e dicas na cidade de Jequi\\u00e9 e regi\\u00e3o.\",\"url\":\"https:\\\/\\\/www.encontrajequie.com.br\\\/sobre\\\/\"},{\"@type\":\"Person\",\"@id\":\"https:\\\/\\\/www.encontrajequie.com.br\\\/sobre\\\/author\\\/ejequie\\\/#author\",\"url\":\"https:\\\/\\\/www.encontrajequie.com.br\\\/sobre\\\/author\\\/ejequie\\\/\",\"name\":\"Encontra Jequi\\u00e9\",\"image\":{\"@type\":\"ImageObject\",\"@id\":\"https:\\\/\\\/www.encontrajequie.com.br\\\/sobre\\\/mais-uma-vez-prefeitura-de-jequie-disponibiliza-area-exclusiva-para-pessoas-com-deficiencia-no-melhor-sao-joao-da-bahia\\\/#authorImage\",\"url\":\"https:\\\/\\\/secure.gravatar.com\\\/avatar\\\/507340682b8270222e1f208e23198b6ae7e2c6a1033ae84e99bc6bce4f82a387?s=96&d=mm&r=g\",\"width\":96,\"height\":96,\"caption\":\"Encontra Jequi\\u00e9\"}},{\"@type\":\"WebPage\",\"@id\":\"https:\\\/\\\/www.encontrajequie.com.br\\\/sobre\\\/mais-uma-vez-prefeitura-de-jequie-disponibiliza-area-exclusiva-para-pessoas-com-deficiencia-no-melhor-sao-joao-da-bahia\\\/#webpage\",\"url\":\"https:\\\/\\\/www.encontrajequie.com.br\\\/sobre\\\/mais-uma-vez-prefeitura-de-jequie-disponibiliza-area-exclusiva-para-pessoas-com-deficiencia-no-melhor-sao-joao-da-bahia\\\/\",\"name\":\"Mais uma vez Prefeitura de Jequi\\u00e9 disponibiliza \\u00e1rea exclusiva para pessoas com defici\\u00eancia no Melhor S\\u00e3o Jo\\u00e3o da Bahia | Encontra Jequi\\u00e9\",\"description\":\"Espa\\u00e7o PCD garante acessibilidade no Melhor S\\u00e3o Jo\\u00e3o da Bahia.\",\"inLanguage\":\"pt-BR\",\"isPartOf\":{\"@id\":\"https:\\\/\\\/www.encontrajequie.com.br\\\/sobre\\\/#website\"},\"breadcrumb\":{\"@id\":\"https:\\\/\\\/www.encontrajequie.com.br\\\/sobre\\\/mais-uma-vez-prefeitura-de-jequie-disponibiliza-area-exclusiva-para-pessoas-com-deficiencia-no-melhor-sao-joao-da-bahia\\\/#breadcrumblist\"},\"author\":{\"@id\":\"https:\\\/\\\/www.encontrajequie.com.br\\\/sobre\\\/author\\\/ejequie\\\/#author\"},\"creator\":{\"@id\":\"https:\\\/\\\/www.encontrajequie.com.br\\\/sobre\\\/author\\\/ejequie\\\/#author\"},\"image\":{\"@type\":\"ImageObject\",\"url\":\"https:\\\/\\\/www.encontrajequie.com.br\\\/sobre\\\/wp-content\\\/uploads\\\/2026\\\/06\\\/mais-uma-vez-prefeitura-de-jequie-disponibiliza-area-exclusiva-para-pessoas-com-deficiencia-no-melho.webp\",\"@id\":\"https:\\\/\\\/www.encontrajequie.com.br\\\/sobre\\\/mais-uma-vez-prefeitura-de-jequie-disponibiliza-area-exclusiva-para-pessoas-com-deficiencia-no-melhor-sao-joao-da-bahia\\\/#mainImage\",\"width\":280,\"height\":280,\"caption\":\"acessibilidade\"},\"primaryImageOfPage\":{\"@id\":\"https:\\\/\\\/www.encontrajequie.com.br\\\/sobre\\\/mais-uma-vez-prefeitura-de-jequie-disponibiliza-area-exclusiva-para-pessoas-com-deficiencia-no-melhor-sao-joao-da-bahia\\\/#mainImage\"},\"datePublished\":\"2026-06-10T03:28:19-03:00\",\"dateModified\":\"2026-06-10T03:28:19-03:00\"},{\"@type\":\"WebSite\",\"@id\":\"https:\\\/\\\/www.encontrajequie.com.br\\\/sobre\\\/#website\",\"url\":\"https:\\\/\\\/www.encontrajequie.com.br\\\/sobre\\\/\",\"name\":\"Encontra Jequi\\u00e9\",\"description\":\"Not\\u00edcias, eventos, informa\\u00e7\\u00f5es e dicas na cidade de Jequi\\u00e9 e regi\\u00e3o.\",\"inLanguage\":\"pt-BR\",\"publisher\":{\"@id\":\"https:\\\/\\\/www.encontrajequie.com.br\\\/sobre\\\/#organization\"}}]}\n\t\t<\/script>\n\t\t<!-- All in One SEO -->\n\n","aioseo_head_json":{"title":"Mais uma vez Prefeitura de Jequi\u00e9 disponibiliza \u00e1rea exclusiva para pessoas com defici\u00eancia no Melhor S\u00e3o Jo\u00e3o da Bahia | Encontra Jequi\u00e9","description":"Espa\u00e7o PCD garante acessibilidade no Melhor S\u00e3o Jo\u00e3o da Bahia.","canonical_url":"https:\/\/www.encontrajequie.com.br\/sobre\/mais-uma-vez-prefeitura-de-jequie-disponibiliza-area-exclusiva-para-pessoas-com-deficiencia-no-melhor-sao-joao-da-bahia\/","robots":"max-image-preview:large","keywords":"","webmasterTools":{"miscellaneous":""},"schema":{"@context":"https:\/\/schema.org","@graph":[{"@type":"Article","@id":"https:\/\/www.encontrajequie.com.br\/sobre\/mais-uma-vez-prefeitura-de-jequie-disponibiliza-area-exclusiva-para-pessoas-com-deficiencia-no-melhor-sao-joao-da-bahia\/#article","name":"Mais uma vez Prefeitura de Jequi\u00e9 disponibiliza \u00e1rea exclusiva para pessoas com defici\u00eancia no Melhor S\u00e3o Jo\u00e3o da Bahia | Encontra Jequi\u00e9","headline":"Mais uma vez Prefeitura de Jequi\u00e9 disponibiliza \u00e1rea exclusiva para pessoas com defici\u00eancia no Melhor S\u00e3o Jo\u00e3o da Bahia","author":{"@id":"https:\/\/www.encontrajequie.com.br\/sobre\/author\/ejequie\/#author"},"publisher":{"@id":"https:\/\/www.encontrajequie.com.br\/sobre\/#organization"},"image":{"@type":"ImageObject","url":"https:\/\/www.encontrajequie.com.br\/sobre\/wp-content\/uploads\/2026\/06\/mais-uma-vez-prefeitura-de-jequie-disponibiliza-area-exclusiva-para-pessoas-com-deficiencia-no-melho.webp","width":280,"height":280,"caption":"acessibilidade"},"datePublished":"2026-06-10T03:28:19-03:00","dateModified":"2026-06-10T03:28:19-03:00","inLanguage":"pt-BR","mainEntityOfPage":{"@id":"https:\/\/www.encontrajequie.com.br\/sobre\/mais-uma-vez-prefeitura-de-jequie-disponibiliza-area-exclusiva-para-pessoas-com-deficiencia-no-melhor-sao-joao-da-bahia\/#webpage"},"isPartOf":{"@id":"https:\/\/www.encontrajequie.com.br\/sobre\/mais-uma-vez-prefeitura-de-jequie-disponibiliza-area-exclusiva-para-pessoas-com-deficiencia-no-melhor-sao-joao-da-bahia\/#webpage"},"articleSection":"Not\u00edcias Jequi\u00e9"},{"@type":"BreadcrumbList","@id":"https:\/\/www.encontrajequie.com.br\/sobre\/mais-uma-vez-prefeitura-de-jequie-disponibiliza-area-exclusiva-para-pessoas-com-deficiencia-no-melhor-sao-joao-da-bahia\/#breadcrumblist","itemListElement":[{"@type":"ListItem","@id":"https:\/\/www.encontrajequie.com.br\/sobre#listItem","position":1,"name":"Home","item":"https:\/\/www.encontrajequie.com.br\/sobre","nextItem":{"@type":"ListItem","@id":"https:\/\/www.encontrajequie.com.br\/sobre\/noticias-em-jequie\/#listItem","name":"Not\u00edcias Jequi\u00e9"}},{"@type":"ListItem","@id":"https:\/\/www.encontrajequie.com.br\/sobre\/noticias-em-jequie\/#listItem","position":2,"name":"Not\u00edcias Jequi\u00e9","item":"https:\/\/www.encontrajequie.com.br\/sobre\/noticias-em-jequie\/","nextItem":{"@type":"ListItem","@id":"https:\/\/www.encontrajequie.com.br\/sobre\/mais-uma-vez-prefeitura-de-jequie-disponibiliza-area-exclusiva-para-pessoas-com-deficiencia-no-melhor-sao-joao-da-bahia\/#listItem","name":"Mais uma vez Prefeitura de Jequi\u00e9 disponibiliza \u00e1rea exclusiva para pessoas com defici\u00eancia no Melhor S\u00e3o Jo\u00e3o da Bahia"},"previousItem":{"@type":"ListItem","@id":"https:\/\/www.encontrajequie.com.br\/sobre#listItem","name":"Home"}},{"@type":"ListItem","@id":"https:\/\/www.encontrajequie.com.br\/sobre\/mais-uma-vez-prefeitura-de-jequie-disponibiliza-area-exclusiva-para-pessoas-com-deficiencia-no-melhor-sao-joao-da-bahia\/#listItem","position":3,"name":"Mais uma vez Prefeitura de Jequi\u00e9 disponibiliza \u00e1rea exclusiva para pessoas com defici\u00eancia no Melhor S\u00e3o Jo\u00e3o da Bahia","previousItem":{"@type":"ListItem","@id":"https:\/\/www.encontrajequie.com.br\/sobre\/noticias-em-jequie\/#listItem","name":"Not\u00edcias Jequi\u00e9"}}]},{"@type":"Organization","@id":"https:\/\/www.encontrajequie.com.br\/sobre\/#organization","name":"Encontra Jequi\u00e9","description":"Not\u00edcias, eventos, informa\u00e7\u00f5es e dicas na cidade de Jequi\u00e9 e regi\u00e3o.","url":"https:\/\/www.encontrajequie.com.br\/sobre\/"},{"@type":"Person","@id":"https:\/\/www.encontrajequie.com.br\/sobre\/author\/ejequie\/#author","url":"https:\/\/www.encontrajequie.com.br\/sobre\/author\/ejequie\/","name":"Encontra Jequi\u00e9","image":{"@type":"ImageObject","@id":"https:\/\/www.encontrajequie.com.br\/sobre\/mais-uma-vez-prefeitura-de-jequie-disponibiliza-area-exclusiva-para-pessoas-com-deficiencia-no-melhor-sao-joao-da-bahia\/#authorImage","url":"https:\/\/secure.gravatar.com\/avatar\/507340682b8270222e1f208e23198b6ae7e2c6a1033ae84e99bc6bce4f82a387?s=96&d=mm&r=g","width":96,"height":96,"caption":"Encontra Jequi\u00e9"}},{"@type":"WebPage","@id":"https:\/\/www.encontrajequie.com.br\/sobre\/mais-uma-vez-prefeitura-de-jequie-disponibiliza-area-exclusiva-para-pessoas-com-deficiencia-no-melhor-sao-joao-da-bahia\/#webpage","url":"https:\/\/www.encontrajequie.com.br\/sobre\/mais-uma-vez-prefeitura-de-jequie-disponibiliza-area-exclusiva-para-pessoas-com-deficiencia-no-melhor-sao-joao-da-bahia\/","name":"Mais uma vez Prefeitura de Jequi\u00e9 disponibiliza \u00e1rea exclusiva para pessoas com defici\u00eancia no Melhor S\u00e3o Jo\u00e3o da Bahia | Encontra Jequi\u00e9","description":"Espa\u00e7o PCD garante acessibilidade no Melhor S\u00e3o Jo\u00e3o da Bahia.","inLanguage":"pt-BR","isPartOf":{"@id":"https:\/\/www.encontrajequie.com.br\/sobre\/#website"},"breadcrumb":{"@id":"https:\/\/www.encontrajequie.com.br\/sobre\/mais-uma-vez-prefeitura-de-jequie-disponibiliza-area-exclusiva-para-pessoas-com-deficiencia-no-melhor-sao-joao-da-bahia\/#breadcrumblist"},"author":{"@id":"https:\/\/www.encontrajequie.com.br\/sobre\/author\/ejequie\/#author"},"creator":{"@id":"https:\/\/www.encontrajequie.com.br\/sobre\/author\/ejequie\/#author"},"image":{"@type":"ImageObject","url":"https:\/\/www.encontrajequie.com.br\/sobre\/wp-content\/uploads\/2026\/06\/mais-uma-vez-prefeitura-de-jequie-disponibiliza-area-exclusiva-para-pessoas-com-deficiencia-no-melho.webp","@id":"https:\/\/www.encontrajequie.com.br\/sobre\/mais-uma-vez-prefeitura-de-jequie-disponibiliza-area-exclusiva-para-pessoas-com-deficiencia-no-melhor-sao-joao-da-bahia\/#mainImage","width":280,"height":280,"caption":"acessibilidade"},"primaryImageOfPage":{"@id":"https:\/\/www.encontrajequie.com.br\/sobre\/mais-uma-vez-prefeitura-de-jequie-disponibiliza-area-exclusiva-para-pessoas-com-deficiencia-no-melhor-sao-joao-da-bahia\/#mainImage"},"datePublished":"2026-06-10T03:28:19-03:00","dateModified":"2026-06-10T03:28:19-03:00"},{"@type":"WebSite","@id":"https:\/\/www.encontrajequie.com.br\/sobre\/#website","url":"https:\/\/www.encontrajequie.com.br\/sobre\/","name":"Encontra Jequi\u00e9","description":"Not\u00edcias, eventos, informa\u00e7\u00f5es e dicas na cidade de Jequi\u00e9 e regi\u00e3o.","inLanguage":"pt-BR","publisher":{"@id":"https:\/\/www.encontrajequie.com.br\/sobre\/#organization"}}]},"og:locale":"pt_BR","og:site_name":"Encontra Jequi\u00e9 | Not\u00edcias, eventos, informa\u00e7\u00f5es e dicas na cidade de Jequi\u00e9 e regi\u00e3o.","og:type":"article","og:title":"Mais uma vez Prefeitura de Jequi\u00e9 disponibiliza \u00e1rea exclusiva para pessoas com defici\u00eancia no Melhor S\u00e3o Jo\u00e3o da Bahia | Encontra Jequi\u00e9","og:description":"Espa\u00e7o PCD garante acessibilidade no Melhor S\u00e3o Jo\u00e3o da Bahia.","og:url":"https:\/\/www.encontrajequie.com.br\/sobre\/mais-uma-vez-prefeitura-de-jequie-disponibiliza-area-exclusiva-para-pessoas-com-deficiencia-no-melhor-sao-joao-da-bahia\/","article:published_time":"2026-06-10T06:28:19+00:00","article:modified_time":"2026-06-10T06:28:19+00:00","twitter:card":"summary_large_image","twitter:title":"Mais uma vez Prefeitura de Jequi\u00e9 disponibiliza \u00e1rea exclusiva para pessoas com defici\u00eancia no Melhor S\u00e3o Jo\u00e3o da Bahia | Encontra Jequi\u00e9","twitter:description":"Espa\u00e7o PCD garante acessibilidade no Melhor S\u00e3o Jo\u00e3o da Bahia."},"aioseo_meta_data":{"post_id":"1255","title":null,"description":null,"keywords":null,"keyphrases":null,"primary_term":null,"canonical_url":null,"og_title":null,"og_description":null,"og_object_type":"default","og_image_type":"default","og_image_url":null,"og_image_width":null,"og_image_height":null,"og_image_custom_url":null,"og_image_custom_fields":null,"og_video":null,"og_custom_url":null,"og_article_section":null,"og_article_tags":null,"twitter_use_og":false,"twitter_card":"default","twitter_image_type":"default","twitter_image_url":null,"twitter_image_custom_url":null,"twitter_image_custom_fields":null,"twitter_title":null,"twitter_description":null,"schema":{"blockGraphs":[],"customGraphs":[],"default":{"data":{"Article":[],"Course":[],"Dataset":[],"FAQPage":[],"Movie":[],"Person":[],"Product":[],"ProductReview":[],"Car":[],"Recipe":[],"Service":[],"SoftwareApplication":[],"WebPage":[]},"graphName":"Article","isEnabled":true},"graphs":[]},"schema_type":"default","schema_type_options":null,"pillar_content":false,"robots_default":true,"robots_noindex":false,"robots_noarchive":false,"robots_nosnippet":false,"robots_nofollow":false,"robots_noimageindex":false,"robots_noodp":false,"robots_notranslate":false,"robots_max_snippet":null,"robots_max_videopreview":null,"robots_max_imagepreview":"large","priority":null,"frequency":null,"local_seo":null,"breadcrumb_settings":null,"limit_modified_date":false,"ai":null,"created":"2026-06-10 06:28:22","updated":"2026-06-10 06:36:01","focus_keyword":null,"additional_keywords":null,"truseo_locale":null,"seo_analyzer_scan_date":null},"aioseo_breadcrumb":"<div class=\"aioseo-breadcrumbs\"><span class=\"aioseo-breadcrumb\">\n\t\t\t<a href=\"https:\/\/www.encontrajequie.com.br\/sobre\" title=\"Home\">Home<\/a>\n\t\t<\/span><span class=\"aioseo-breadcrumb-separator\">&raquo;<\/span><span class=\"aioseo-breadcrumb\">\n\t\t\t<a href=\"https:\/\/www.encontrajequie.com.br\/sobre\/noticias-em-jequie\/\" title=\"Not\u00edcias Jequi\u00e9\">Not\u00edcias Jequi\u00e9<\/a>\n\t\t<\/span><span class=\"aioseo-breadcrumb-separator\">&raquo;<\/span><span class=\"aioseo-breadcrumb\">\n\t\t\tMais uma vez Prefeitura de Jequi\u00e9 disponibiliza \u00e1rea exclusiva para pessoas com defici\u00eancia no Melhor S\u00e3o Jo\u00e3o da Bahia\n\t\t<\/span><\/div>","aioseo_breadcrumb_json":[{"label":"Home","link":"https:\/\/www.encontrajequie.com.br\/sobre"},{"label":"Not\u00edcias Jequi\u00e9","link":"https:\/\/www.encontrajequie.com.br\/sobre\/noticias-em-jequie\/"},{"label":"Mais uma vez Prefeitura de Jequi\u00e9 disponibiliza \u00e1rea exclusiva para pessoas com defici\u00eancia no Melhor S\u00e3o Jo\u00e3o da Bahia","link":"https:\/\/www.encontrajequie.com.br\/sobre\/mais-uma-vez-prefeitura-de-jequie-disponibiliza-area-exclusiva-para-pessoas-com-deficiencia-no-melhor-sao-joao-da-bahia\/"}],"_links":{"self":[{"href":"https:\/\/www.encontrajequie.com.br\/sobre\/wp-json\/wp\/v2\/posts\/1255","targetHints":{"allow":["GET"]}}],"collection":[{"href":"https:\/\/www.encontrajequie.com.br\/sobre\/wp-json\/wp\/v2\/posts"}],"about":[{"href":"https:\/\/www.encontrajequie.com.br\/sobre\/wp-json\/wp\/v2\/types\/post"}],"author":[{"embeddable":true,"href":"https:\/\/www.encontrajequie.com.br\/sobre\/wp-json\/wp\/v2\/users\/1"}],"replies":[{"embeddable":true,"href":"https:\/\/www.encontrajequie.com.br\/sobre\/wp-json\/wp\/v2\/comments?post=1255"}],"version-history":[{"count":0,"href":"https:\/\/www.encontrajequie.com.br\/sobre\/wp-json\/wp\/v2\/posts\/1255\/revisions"}],"wp:featuredmedia":[{"embeddable":true,"href":"https:\/\/www.encontrajequie.com.br\/sobre\/wp-json\/wp\/v2\/media\/1254"}],"wp:attachment":[{"href":"https:\/\/www.encontrajequie.com.br\/sobre\/wp-json\/wp\/v2\/media?parent=1255"}],"wp:term":[{"taxonomy":"category","embeddable":true,"href":"https:\/\/www.encontrajequie.com.br\/sobre\/wp-json\/wp\/v2\/categories?post=1255"},{"taxonomy":"post_tag","embeddable":true,"href":"https:\/\/www.encontrajequie.com.br\/sobre\/wp-json\/wp\/v2\/tags?post=1255"}],"curies":[{"name":"wp","href":"https:\/\/api.w.org\/{rel}","templated":true}]}}