{"id":1259,"date":"2026-06-10T03:31:18","date_gmt":"2026-06-10T06:31:18","guid":{"rendered":"https:\/\/www.encontrajequie.com.br\/sobre\/programacao-da-expo-jequie-2026-comeca-neste-sabado-com-shows-e-atividades-agropecuarias-ate-31-de-maio\/"},"modified":"2026-06-10T03:31:18","modified_gmt":"2026-06-10T06:31:18","slug":"programacao-da-expo-jequie-2026-comeca-neste-sabado-com-shows-e-atividades-agropecuarias-ate-31-de-maio","status":"publish","type":"post","link":"https:\/\/www.encontrajequie.com.br\/sobre\/programacao-da-expo-jequie-2026-comeca-neste-sabado-com-shows-e-atividades-agropecuarias-ate-31-de-maio\/","title":{"rendered":"Programa\u00e7\u00e3o da Expo Jequi\u00e9 2026 come\u00e7a neste s\u00e1bado com shows e atividades agropecu\u00e1rias at\u00e9 31 de maio"},"content":{"rendered":"<div class=\"30cf832dc5940d4704f66d0ed9a44050\" data-index=\"1\" style=\"float: none; margin:0px;\">\n<!-- Anuncio display - global -->\r\n<ins class=\"adsbygoogle\"\r\n     style=\"display:block\"\r\n     data-ad-client=\"ca-pub-8585364105181520\"\r\n     data-ad-slot=\"8789329856\"\r\n     data-ad-format=\"auto\"\r\n     data-full-width-responsive=\"true\"><\/ins>\r\n<script>\r\n     (adsbygoogle = window.adsbygoogle || []).push({});\r\n<\/script>\n<\/div>\n<h2>Datas Importantes da Expo Jequi\u00e9 2026<\/h2>\n<p>Iniciando no dia <strong>23 de maio<\/strong> e se estendendo at\u00e9 <strong>31 de maio<\/strong>, a <strong>45\u00aa Exposi\u00e7\u00e3o Agropecu\u00e1ria, Comercial e Industrial de Jequi\u00e9<\/strong>, tamb\u00e9m conhecida como <strong>Expo Jequi\u00e9 2026<\/strong>, acontece no <strong>Parque de Exposi\u00e7\u00f5es Luiz Carlos Braga<\/strong>. Este evento \u00e9 altamente antecipado, n\u00e3o apenas por ser uma vitrine das atividades agropecu\u00e1rias, mas tamb\u00e9m por suas v\u00e1rias atra\u00e7\u00f5es voltadas para o p\u00fablico em geral.<\/p>\n<p>O evento se abre neste s\u00e1bado (23), proporcionando acesso livre no primeiro dia de atividades, o que \u00e9 uma excelente oportunidade para quem deseja visitar e conhecer as novidades e a cultura local. Os dias restantes prometem muita programa\u00e7\u00e3o diversificada, enriquecendo ainda mais a experi\u00eancia dos participantes.<\/p>\n<h2>Atra\u00e7\u00f5es Musicais e Art\u00edsticas na Abertura<\/h2>\n<p>A abertura da Expo Jequi\u00e9 ser\u00e1 abrilhantada por apresenta\u00e7\u00f5es de artistas renomados como <strong>Dorgival Dantas<\/strong> e <strong>Netto Brito<\/strong>, que prometem aquecer o ambiente com suas m\u00fasicas envolventes. Outro destaque \u00e9 o show do cantor <strong>Jaldo Rodrigues<\/strong>, que dar\u00e1 in\u00edcio \u00e0 programa\u00e7\u00e3o do estande da campanha &#8220;Melhor S\u00e3o Jo\u00e3o da Bahia&#8221;. Essa combina\u00e7\u00e3o de atra\u00e7\u00f5es art\u00edsticas busca elevar ainda mais o esp\u00edrito festivo do evento.<\/p>\n<p><img decoding=\"async\" src=\"https:\/\/www.encontrajequie.com.br\/sobre\/wp-content\/uploads\/2026\/06\/programacao-da-expo-jequie-2026-comeca-neste-sabado-com-shows-e-atividades-agropecuarias-ate-31-de-m.webp\" alt=\"Expo Jequi\u00e9 2026\" loading=\"lazy\" \/><\/p>\n<p>Os shows s\u00e3o apenas uma parte da vasta programa\u00e7\u00e3o art\u00edstica que a exposi\u00e7\u00e3o tem a oferecer. Al\u00e9m disso, a presen\u00e7a de artistas locais ajuda a reafirmar a identidade cultural da regi\u00e3o, criando um espa\u00e7o prop\u00edcio para a valoriza\u00e7\u00e3o de talentos da terra.<\/p>\n<h2>Atividades Gastron\u00f4micas Imperd\u00edveis<\/h2>\n<p>Um dos grandes atrativos da Expo Jequi\u00e9 \u00e9, sem d\u00favida, a sua <strong>gastronomia<\/strong>. Durante o evento, os visitantes poder\u00e3o saborear diversas iguarias que refletem a riqueza da culin\u00e1ria local. <strong>Comidas t\u00edpicas<\/strong>, como pratos \u00e0 base de carne, milho, feij\u00e3o e uma variedade de doces artesanais, estar\u00e3o dispon\u00edveis em tendas espalhadas pelo parque.<\/p>\n<p>O espa\u00e7o gastron\u00f4mico n\u00e3o s\u00f3 promove a culin\u00e1ria da regi\u00e3o, mas tamb\u00e9m proporciona aos empreendedores locais uma chance de mostrar seu trabalho, ajudando a fomentar o mercado regional de alimentos e bebidas.<\/p>\n<h2>Capacita\u00e7\u00e3o T\u00e9cnica e Feiras de Animais<\/h2>\n<p>Al\u00e9m da m\u00fasica e da gastronomia, a Expo Jequi\u00e9 se destaca por suas <strong>atividades educativas<\/strong>. O evento contar\u00e1 com palestras e workshops que visam a capacita\u00e7\u00e3o t\u00e9cnica dos participantes nas diversas \u00e1reas da agropecu\u00e1ria. Essa \u00e9 uma oportunidade \u00fanica para <strong>produtores rurais<\/strong> aprenderem novas t\u00e9cnicas, conhecerem inova\u00e7\u00f5es em maquin\u00e1rio e se atualizarem sobre tend\u00eancias de mercado.<\/p>\n<p>As feiras de animais, uma tradi\u00e7\u00e3o nas exposi\u00e7\u00f5es agropecu\u00e1rias, tamb\u00e9m estar\u00e3o em destaque. Os visitantes poder\u00e3o observar e adquirir animais das mais variadas esp\u00e9cies, destacando a fauna local e o trabalho dos criadores da regi\u00e3o.<\/p>\n<h2>Apoio Governamental e Parcerias<\/h2>\n<p>A realiza\u00e7\u00e3o da Expo Jequi\u00e9 2026 conta com significativa colabora\u00e7\u00e3o do <strong>Sindicato Rural de Jequi\u00e9<\/strong>, que organiza o evento em parceria com o <strong>Governo do Estado<\/strong>, o <strong>Governo Federal<\/strong>, o <strong>Banco do Nordeste<\/strong>, a <strong>Federa\u00e7\u00e3o da Agricultura e Pecu\u00e1ria do Estado da Bahia (Faeb)<\/strong>, o <strong>Servi\u00e7o Nacional de Aprendizagem Rural (Senar)<\/strong>, a <strong>Santa Casa de Jequi\u00e9<\/strong> e a <strong>Prefeitura de Jequi\u00e9<\/strong>.<\/p>\n<p>Essas parcerias s\u00e3o essenciais para a estrutura\u00e7\u00e3o do evento, garantindo recursos e suporte log\u00edstico que asseguram a qualidade da exposi\u00e7\u00e3o. O envolvimento do setor p\u00fablico \u00e9 uma demonstra\u00e7\u00e3o clara do valor que a exibi\u00e7\u00e3o agropecu\u00e1ria tem para a economia local e regional.<\/p>\n<h2>Import\u00e2ncia Cultural da Expo para Jequi\u00e9<\/h2>\n<p>A Expo Jequi\u00e9 n\u00e3o \u00e9 apenas uma exposi\u00e7\u00e3o agropecu\u00e1ria; ela \u00e9 uma celebra\u00e7\u00e3o da cultura local e das tradi\u00e7\u00f5es do <strong>Vale do Rio de Contas<\/strong>. O evento promove a intera\u00e7\u00e3o entre o campo e a cidade, proporcionando um espa\u00e7o para que todos os segmentos da sociedade APPRECIEM a diversidade cultural da regi\u00e3o.<\/p>\n<p>Al\u00e9m de ser uma plataforma para neg\u00f3cios, a exposi\u00e7\u00e3o permite que o munic\u00edpio de Jequi\u00e9 mostre suas riquezas, n\u00e3o s\u00f3 em termos de produtos, mas tamb\u00e9m em aspectos culturais, art\u00edsticos e sociais. Dessa maneira, a Expo se solidifica como um agente de transforma\u00e7\u00e3o e visibilidade para a comunidade.<\/p>\n<h2>Programa\u00e7\u00e3o Especial para a Fam\u00edlia<\/h2>\n<p>Voltada para fam\u00edlias, a Expo Jequi\u00e9 oferece uma variedade de atividades destinadas a todas as idades. Durante os dias de evento, n\u00e3o faltam op\u00e7\u00f5es de entretenimento para as crian\u00e7as, como <strong>pintura facial<\/strong> e <strong>conta\u00e7\u00e3o de hist\u00f3rias<\/strong>, al\u00e9m de espa\u00e7os com brinquedos e atividades l\u00fadicas que garantem a divers\u00e3o da garotada enquanto os adultos podem participar das atividades agropecu\u00e1rias.<\/p>\n<p>Assim, a Expo se destaca como um evento familiar, onde todos podem participar e aprender sobre a cultura e a economia da regi\u00e3o de forma divertida e interativa.<\/p>\n<h2>Dicas para Aproveitar Melhor o Evento<\/h2>\n<p>Para garantir que sua experi\u00eancia na Expo Jequi\u00e9 2026 seja a melhor poss\u00edvel, aqui est\u00e3o algumas dicas: <\/p>\n<ul>\n<li><strong>Chegue cedo:<\/strong> Para conseguir um bom lugar nos shows e evitar filas longas.<\/li>\n<li><strong>Use roupas confort\u00e1veis:<\/strong> Voc\u00ea provavelmente ir\u00e1 andar bastante pelo parque.<\/li>\n<li><strong>Experimente a culin\u00e1ria local:<\/strong> N\u00e3o perca a chance de saborear os pratos t\u00edpicos que estar\u00e3o dispon\u00edveis.<\/li>\n<li><strong>Participe das palestras:<\/strong> Aprimore seus conhecimentos e pratique a troca de experi\u00eancias.<\/li>\n<li><strong>Leve a fam\u00edlia:<\/strong> O evento foi pensado para pessoas de todas as idades, garantindo divers\u00e3o para todos.<\/li>\n<\/ul>\n<h2>Expectativas para os Pr\u00f3ximos Dias<\/h2>\n<p>Os dias seguintes da Expo prometem ainda mais divers\u00f5es e novidades. A expectativa \u00e9 de que o evento atraia um n\u00famero crescente de visitantes, apoiando o fortalecimento dos la\u00e7os comunit\u00e1rios e o crescimento da economia local.<\/p>\n<p>Com feiras, leil\u00f5es e as atividades de capacita\u00e7\u00e3o t\u00e9cnica, as oportunidades de networking e troca de conhecimentos s\u00e3o abundantes. Assim, todos t\u00eam a chance de sair enriquecidos com novas perspectivas e informa\u00e7\u00f5es que podem impactar positivamente seus neg\u00f3cios e atividades no setor agropecu\u00e1rio.<\/p>\n<h2>Como Participar da Expo Jequi\u00e9 2026<\/h2>\n<p>Participar da Expo Jequi\u00e9 2026 \u00e9 simples. Com a abertura gratuita na primeira noite, \u00e9 uma chance imperd\u00edvel para familiarizar-se com o evento. Cartazes e publica\u00e7\u00f5es em redes sociais e sites oficiais oferecem detalhes sobre cada dia, incluindo hor\u00e1rios das atra\u00e7\u00f5es e workshops.<\/p>\n<p>Al\u00e9m disso, o parque possui infraestrutura adequada para receber os visitantes, com acessibilidade e seguran\u00e7a. Para aqueles que desejam uma experi\u00eancia ainda mais rica, a compra de ingressos para os shows e eventos fechados pode ser feita antecipadamente, garantindo um lugar privilegiado nos momentos mais esperados da exposi\u00e7\u00e3o.<\/p>\n\n<div style=\"font-size: 0px; height: 0px; line-height: 0px; margin: 0; padding: 0; clear: both;\"><\/div>","protected":false},"excerpt":{"rendered":"<p>A Expo Jequi\u00e9 2026 traz shows e atividades incr\u00edveis ao longo de maio.<\/p>\n","protected":false},"author":1,"featured_media":1258,"comment_status":"open","ping_status":"closed","sticky":false,"template":"","format":"standard","meta":{"footnotes":""},"categories":[1],"tags":[],"class_list":["post-1259","post","type-post","status-publish","format-standard","has-post-thumbnail","hentry","category-noticias-em-jequie","has_thumb"],"aioseo_notices":[],"aioseo_head":"\n\t\t<!-- All in One SEO 5.0.0.1 - aioseo.com -->\n\t<meta name=\"description\" content=\"A Expo Jequi\u00e9 2026 traz shows e atividades incr\u00edveis ao longo de maio.\" \/>\n\t<meta name=\"robots\" content=\"max-image-preview:large\" \/>\n\t<meta name=\"author\" content=\"Encontra Jequi\u00e9\"\/>\n\t<link rel=\"canonical\" href=\"https:\/\/www.encontrajequie.com.br\/sobre\/programacao-da-expo-jequie-2026-comeca-neste-sabado-com-shows-e-atividades-agropecuarias-ate-31-de-maio\/\" \/>\n\t<meta name=\"generator\" content=\"All in One SEO (AIOSEO) 5.0.0.1\" \/>\n\t\t<meta property=\"og:locale\" content=\"pt_BR\" \/>\n\t\t<meta property=\"og:site_name\" content=\"Encontra Jequi\u00e9 | Not\u00edcias, eventos, informa\u00e7\u00f5es e dicas na cidade de Jequi\u00e9 e regi\u00e3o.\" \/>\n\t\t<meta property=\"og:type\" content=\"article\" \/>\n\t\t<meta property=\"og:title\" content=\"Programa\u00e7\u00e3o da Expo Jequi\u00e9 2026 come\u00e7a neste s\u00e1bado com shows e atividades agropecu\u00e1rias at\u00e9 31 de maio | Encontra Jequi\u00e9\" \/>\n\t\t<meta property=\"og:description\" content=\"A Expo Jequi\u00e9 2026 traz shows e atividades incr\u00edveis ao longo de maio.\" \/>\n\t\t<meta property=\"og:url\" content=\"https:\/\/www.encontrajequie.com.br\/sobre\/programacao-da-expo-jequie-2026-comeca-neste-sabado-com-shows-e-atividades-agropecuarias-ate-31-de-maio\/\" \/>\n\t\t<meta property=\"article:published_time\" content=\"2026-06-10T06:31:18+00:00\" \/>\n\t\t<meta property=\"article:modified_time\" content=\"2026-06-10T06:31:18+00:00\" \/>\n\t\t<meta name=\"twitter:card\" content=\"summary_large_image\" \/>\n\t\t<meta name=\"twitter:title\" content=\"Programa\u00e7\u00e3o da Expo Jequi\u00e9 2026 come\u00e7a neste s\u00e1bado com shows e atividades agropecu\u00e1rias at\u00e9 31 de maio | Encontra Jequi\u00e9\" \/>\n\t\t<meta name=\"twitter:description\" content=\"A Expo Jequi\u00e9 2026 traz shows e atividades incr\u00edveis ao longo de maio.\" \/>\n\t\t<script type=\"application\/ld+json\" class=\"aioseo-schema\">\n\t\t\t{\"@context\":\"https:\\\/\\\/schema.org\",\"@graph\":[{\"@type\":\"Article\",\"@id\":\"https:\\\/\\\/www.encontrajequie.com.br\\\/sobre\\\/programacao-da-expo-jequie-2026-comeca-neste-sabado-com-shows-e-atividades-agropecuarias-ate-31-de-maio\\\/#article\",\"name\":\"Programa\\u00e7\\u00e3o da Expo Jequi\\u00e9 2026 come\\u00e7a neste s\\u00e1bado com shows e atividades agropecu\\u00e1rias at\\u00e9 31 de maio | Encontra Jequi\\u00e9\",\"headline\":\"Programa\\u00e7\\u00e3o da Expo Jequi\\u00e9 2026 come\\u00e7a neste s\\u00e1bado com shows e atividades agropecu\\u00e1rias at\\u00e9 31 de maio\",\"author\":{\"@id\":\"https:\\\/\\\/www.encontrajequie.com.br\\\/sobre\\\/author\\\/ejequie\\\/#author\"},\"publisher\":{\"@id\":\"https:\\\/\\\/www.encontrajequie.com.br\\\/sobre\\\/#organization\"},\"image\":{\"@type\":\"ImageObject\",\"url\":\"https:\\\/\\\/www.encontrajequie.com.br\\\/sobre\\\/wp-content\\\/uploads\\\/2026\\\/06\\\/programacao-da-expo-jequie-2026-comeca-neste-sabado-com-shows-e-atividades-agropecuarias-ate-31-de-m.webp\",\"width\":280,\"height\":280,\"caption\":\"Expo Jequi\\u00e9 2026\"},\"datePublished\":\"2026-06-10T03:31:18-03:00\",\"dateModified\":\"2026-06-10T03:31:18-03:00\",\"inLanguage\":\"pt-BR\",\"mainEntityOfPage\":{\"@id\":\"https:\\\/\\\/www.encontrajequie.com.br\\\/sobre\\\/programacao-da-expo-jequie-2026-comeca-neste-sabado-com-shows-e-atividades-agropecuarias-ate-31-de-maio\\\/#webpage\"},\"isPartOf\":{\"@id\":\"https:\\\/\\\/www.encontrajequie.com.br\\\/sobre\\\/programacao-da-expo-jequie-2026-comeca-neste-sabado-com-shows-e-atividades-agropecuarias-ate-31-de-maio\\\/#webpage\"},\"articleSection\":\"Not\\u00edcias Jequi\\u00e9\"},{\"@type\":\"BreadcrumbList\",\"@id\":\"https:\\\/\\\/www.encontrajequie.com.br\\\/sobre\\\/programacao-da-expo-jequie-2026-comeca-neste-sabado-com-shows-e-atividades-agropecuarias-ate-31-de-maio\\\/#breadcrumblist\",\"itemListElement\":[{\"@type\":\"ListItem\",\"@id\":\"https:\\\/\\\/www.encontrajequie.com.br\\\/sobre#listItem\",\"position\":1,\"name\":\"Home\",\"item\":\"https:\\\/\\\/www.encontrajequie.com.br\\\/sobre\",\"nextItem\":{\"@type\":\"ListItem\",\"@id\":\"https:\\\/\\\/www.encontrajequie.com.br\\\/sobre\\\/noticias-em-jequie\\\/#listItem\",\"name\":\"Not\\u00edcias Jequi\\u00e9\"}},{\"@type\":\"ListItem\",\"@id\":\"https:\\\/\\\/www.encontrajequie.com.br\\\/sobre\\\/noticias-em-jequie\\\/#listItem\",\"position\":2,\"name\":\"Not\\u00edcias Jequi\\u00e9\",\"item\":\"https:\\\/\\\/www.encontrajequie.com.br\\\/sobre\\\/noticias-em-jequie\\\/\",\"nextItem\":{\"@type\":\"ListItem\",\"@id\":\"https:\\\/\\\/www.encontrajequie.com.br\\\/sobre\\\/programacao-da-expo-jequie-2026-comeca-neste-sabado-com-shows-e-atividades-agropecuarias-ate-31-de-maio\\\/#listItem\",\"name\":\"Programa\\u00e7\\u00e3o da Expo Jequi\\u00e9 2026 come\\u00e7a neste s\\u00e1bado com shows e atividades agropecu\\u00e1rias at\\u00e9 31 de maio\"},\"previousItem\":{\"@type\":\"ListItem\",\"@id\":\"https:\\\/\\\/www.encontrajequie.com.br\\\/sobre#listItem\",\"name\":\"Home\"}},{\"@type\":\"ListItem\",\"@id\":\"https:\\\/\\\/www.encontrajequie.com.br\\\/sobre\\\/programacao-da-expo-jequie-2026-comeca-neste-sabado-com-shows-e-atividades-agropecuarias-ate-31-de-maio\\\/#listItem\",\"position\":3,\"name\":\"Programa\\u00e7\\u00e3o da Expo Jequi\\u00e9 2026 come\\u00e7a neste s\\u00e1bado com shows e atividades agropecu\\u00e1rias at\\u00e9 31 de maio\",\"previousItem\":{\"@type\":\"ListItem\",\"@id\":\"https:\\\/\\\/www.encontrajequie.com.br\\\/sobre\\\/noticias-em-jequie\\\/#listItem\",\"name\":\"Not\\u00edcias Jequi\\u00e9\"}}]},{\"@type\":\"Organization\",\"@id\":\"https:\\\/\\\/www.encontrajequie.com.br\\\/sobre\\\/#organization\",\"name\":\"Encontra Jequi\\u00e9\",\"description\":\"Not\\u00edcias, eventos, informa\\u00e7\\u00f5es e dicas na cidade de Jequi\\u00e9 e regi\\u00e3o.\",\"url\":\"https:\\\/\\\/www.encontrajequie.com.br\\\/sobre\\\/\"},{\"@type\":\"Person\",\"@id\":\"https:\\\/\\\/www.encontrajequie.com.br\\\/sobre\\\/author\\\/ejequie\\\/#author\",\"url\":\"https:\\\/\\\/www.encontrajequie.com.br\\\/sobre\\\/author\\\/ejequie\\\/\",\"name\":\"Encontra Jequi\\u00e9\",\"image\":{\"@type\":\"ImageObject\",\"@id\":\"https:\\\/\\\/www.encontrajequie.com.br\\\/sobre\\\/programacao-da-expo-jequie-2026-comeca-neste-sabado-com-shows-e-atividades-agropecuarias-ate-31-de-maio\\\/#authorImage\",\"url\":\"https:\\\/\\\/secure.gravatar.com\\\/avatar\\\/507340682b8270222e1f208e23198b6ae7e2c6a1033ae84e99bc6bce4f82a387?s=96&d=mm&r=g\",\"width\":96,\"height\":96,\"caption\":\"Encontra Jequi\\u00e9\"}},{\"@type\":\"WebPage\",\"@id\":\"https:\\\/\\\/www.encontrajequie.com.br\\\/sobre\\\/programacao-da-expo-jequie-2026-comeca-neste-sabado-com-shows-e-atividades-agropecuarias-ate-31-de-maio\\\/#webpage\",\"url\":\"https:\\\/\\\/www.encontrajequie.com.br\\\/sobre\\\/programacao-da-expo-jequie-2026-comeca-neste-sabado-com-shows-e-atividades-agropecuarias-ate-31-de-maio\\\/\",\"name\":\"Programa\\u00e7\\u00e3o da Expo Jequi\\u00e9 2026 come\\u00e7a neste s\\u00e1bado com shows e atividades agropecu\\u00e1rias at\\u00e9 31 de maio | Encontra Jequi\\u00e9\",\"description\":\"A Expo Jequi\\u00e9 2026 traz shows e atividades incr\\u00edveis ao longo de maio.\",\"inLanguage\":\"pt-BR\",\"isPartOf\":{\"@id\":\"https:\\\/\\\/www.encontrajequie.com.br\\\/sobre\\\/#website\"},\"breadcrumb\":{\"@id\":\"https:\\\/\\\/www.encontrajequie.com.br\\\/sobre\\\/programacao-da-expo-jequie-2026-comeca-neste-sabado-com-shows-e-atividades-agropecuarias-ate-31-de-maio\\\/#breadcrumblist\"},\"author\":{\"@id\":\"https:\\\/\\\/www.encontrajequie.com.br\\\/sobre\\\/author\\\/ejequie\\\/#author\"},\"creator\":{\"@id\":\"https:\\\/\\\/www.encontrajequie.com.br\\\/sobre\\\/author\\\/ejequie\\\/#author\"},\"image\":{\"@type\":\"ImageObject\",\"url\":\"https:\\\/\\\/www.encontrajequie.com.br\\\/sobre\\\/wp-content\\\/uploads\\\/2026\\\/06\\\/programacao-da-expo-jequie-2026-comeca-neste-sabado-com-shows-e-atividades-agropecuarias-ate-31-de-m.webp\",\"@id\":\"https:\\\/\\\/www.encontrajequie.com.br\\\/sobre\\\/programacao-da-expo-jequie-2026-comeca-neste-sabado-com-shows-e-atividades-agropecuarias-ate-31-de-maio\\\/#mainImage\",\"width\":280,\"height\":280,\"caption\":\"Expo Jequi\\u00e9 2026\"},\"primaryImageOfPage\":{\"@id\":\"https:\\\/\\\/www.encontrajequie.com.br\\\/sobre\\\/programacao-da-expo-jequie-2026-comeca-neste-sabado-com-shows-e-atividades-agropecuarias-ate-31-de-maio\\\/#mainImage\"},\"datePublished\":\"2026-06-10T03:31:18-03:00\",\"dateModified\":\"2026-06-10T03:31:18-03:00\"},{\"@type\":\"WebSite\",\"@id\":\"https:\\\/\\\/www.encontrajequie.com.br\\\/sobre\\\/#website\",\"url\":\"https:\\\/\\\/www.encontrajequie.com.br\\\/sobre\\\/\",\"name\":\"Encontra Jequi\\u00e9\",\"description\":\"Not\\u00edcias, eventos, informa\\u00e7\\u00f5es e dicas na cidade de Jequi\\u00e9 e regi\\u00e3o.\",\"inLanguage\":\"pt-BR\",\"publisher\":{\"@id\":\"https:\\\/\\\/www.encontrajequie.com.br\\\/sobre\\\/#organization\"}}]}\n\t\t<\/script>\n\t\t<!-- All in One SEO -->\n\n","aioseo_head_json":{"title":"Programa\u00e7\u00e3o da Expo Jequi\u00e9 2026 come\u00e7a neste s\u00e1bado com shows e atividades agropecu\u00e1rias at\u00e9 31 de maio | Encontra Jequi\u00e9","description":"A Expo Jequi\u00e9 2026 traz shows e atividades incr\u00edveis ao longo de maio.","canonical_url":"https:\/\/www.encontrajequie.com.br\/sobre\/programacao-da-expo-jequie-2026-comeca-neste-sabado-com-shows-e-atividades-agropecuarias-ate-31-de-maio\/","robots":"max-image-preview:large","keywords":"","webmasterTools":{"miscellaneous":""},"schema":{"@context":"https:\/\/schema.org","@graph":[{"@type":"Article","@id":"https:\/\/www.encontrajequie.com.br\/sobre\/programacao-da-expo-jequie-2026-comeca-neste-sabado-com-shows-e-atividades-agropecuarias-ate-31-de-maio\/#article","name":"Programa\u00e7\u00e3o da Expo Jequi\u00e9 2026 come\u00e7a neste s\u00e1bado com shows e atividades agropecu\u00e1rias at\u00e9 31 de maio | Encontra Jequi\u00e9","headline":"Programa\u00e7\u00e3o da Expo Jequi\u00e9 2026 come\u00e7a neste s\u00e1bado com shows e atividades agropecu\u00e1rias at\u00e9 31 de maio","author":{"@id":"https:\/\/www.encontrajequie.com.br\/sobre\/author\/ejequie\/#author"},"publisher":{"@id":"https:\/\/www.encontrajequie.com.br\/sobre\/#organization"},"image":{"@type":"ImageObject","url":"https:\/\/www.encontrajequie.com.br\/sobre\/wp-content\/uploads\/2026\/06\/programacao-da-expo-jequie-2026-comeca-neste-sabado-com-shows-e-atividades-agropecuarias-ate-31-de-m.webp","width":280,"height":280,"caption":"Expo Jequi\u00e9 2026"},"datePublished":"2026-06-10T03:31:18-03:00","dateModified":"2026-06-10T03:31:18-03:00","inLanguage":"pt-BR","mainEntityOfPage":{"@id":"https:\/\/www.encontrajequie.com.br\/sobre\/programacao-da-expo-jequie-2026-comeca-neste-sabado-com-shows-e-atividades-agropecuarias-ate-31-de-maio\/#webpage"},"isPartOf":{"@id":"https:\/\/www.encontrajequie.com.br\/sobre\/programacao-da-expo-jequie-2026-comeca-neste-sabado-com-shows-e-atividades-agropecuarias-ate-31-de-maio\/#webpage"},"articleSection":"Not\u00edcias Jequi\u00e9"},{"@type":"BreadcrumbList","@id":"https:\/\/www.encontrajequie.com.br\/sobre\/programacao-da-expo-jequie-2026-comeca-neste-sabado-com-shows-e-atividades-agropecuarias-ate-31-de-maio\/#breadcrumblist","itemListElement":[{"@type":"ListItem","@id":"https:\/\/www.encontrajequie.com.br\/sobre#listItem","position":1,"name":"Home","item":"https:\/\/www.encontrajequie.com.br\/sobre","nextItem":{"@type":"ListItem","@id":"https:\/\/www.encontrajequie.com.br\/sobre\/noticias-em-jequie\/#listItem","name":"Not\u00edcias Jequi\u00e9"}},{"@type":"ListItem","@id":"https:\/\/www.encontrajequie.com.br\/sobre\/noticias-em-jequie\/#listItem","position":2,"name":"Not\u00edcias Jequi\u00e9","item":"https:\/\/www.encontrajequie.com.br\/sobre\/noticias-em-jequie\/","nextItem":{"@type":"ListItem","@id":"https:\/\/www.encontrajequie.com.br\/sobre\/programacao-da-expo-jequie-2026-comeca-neste-sabado-com-shows-e-atividades-agropecuarias-ate-31-de-maio\/#listItem","name":"Programa\u00e7\u00e3o da Expo Jequi\u00e9 2026 come\u00e7a neste s\u00e1bado com shows e atividades agropecu\u00e1rias at\u00e9 31 de maio"},"previousItem":{"@type":"ListItem","@id":"https:\/\/www.encontrajequie.com.br\/sobre#listItem","name":"Home"}},{"@type":"ListItem","@id":"https:\/\/www.encontrajequie.com.br\/sobre\/programacao-da-expo-jequie-2026-comeca-neste-sabado-com-shows-e-atividades-agropecuarias-ate-31-de-maio\/#listItem","position":3,"name":"Programa\u00e7\u00e3o da Expo Jequi\u00e9 2026 come\u00e7a neste s\u00e1bado com shows e atividades agropecu\u00e1rias at\u00e9 31 de maio","previousItem":{"@type":"ListItem","@id":"https:\/\/www.encontrajequie.com.br\/sobre\/noticias-em-jequie\/#listItem","name":"Not\u00edcias Jequi\u00e9"}}]},{"@type":"Organization","@id":"https:\/\/www.encontrajequie.com.br\/sobre\/#organization","name":"Encontra Jequi\u00e9","description":"Not\u00edcias, eventos, informa\u00e7\u00f5es e dicas na cidade de Jequi\u00e9 e regi\u00e3o.","url":"https:\/\/www.encontrajequie.com.br\/sobre\/"},{"@type":"Person","@id":"https:\/\/www.encontrajequie.com.br\/sobre\/author\/ejequie\/#author","url":"https:\/\/www.encontrajequie.com.br\/sobre\/author\/ejequie\/","name":"Encontra Jequi\u00e9","image":{"@type":"ImageObject","@id":"https:\/\/www.encontrajequie.com.br\/sobre\/programacao-da-expo-jequie-2026-comeca-neste-sabado-com-shows-e-atividades-agropecuarias-ate-31-de-maio\/#authorImage","url":"https:\/\/secure.gravatar.com\/avatar\/507340682b8270222e1f208e23198b6ae7e2c6a1033ae84e99bc6bce4f82a387?s=96&d=mm&r=g","width":96,"height":96,"caption":"Encontra Jequi\u00e9"}},{"@type":"WebPage","@id":"https:\/\/www.encontrajequie.com.br\/sobre\/programacao-da-expo-jequie-2026-comeca-neste-sabado-com-shows-e-atividades-agropecuarias-ate-31-de-maio\/#webpage","url":"https:\/\/www.encontrajequie.com.br\/sobre\/programacao-da-expo-jequie-2026-comeca-neste-sabado-com-shows-e-atividades-agropecuarias-ate-31-de-maio\/","name":"Programa\u00e7\u00e3o da Expo Jequi\u00e9 2026 come\u00e7a neste s\u00e1bado com shows e atividades agropecu\u00e1rias at\u00e9 31 de maio | Encontra Jequi\u00e9","description":"A Expo Jequi\u00e9 2026 traz shows e atividades incr\u00edveis ao longo de maio.","inLanguage":"pt-BR","isPartOf":{"@id":"https:\/\/www.encontrajequie.com.br\/sobre\/#website"},"breadcrumb":{"@id":"https:\/\/www.encontrajequie.com.br\/sobre\/programacao-da-expo-jequie-2026-comeca-neste-sabado-com-shows-e-atividades-agropecuarias-ate-31-de-maio\/#breadcrumblist"},"author":{"@id":"https:\/\/www.encontrajequie.com.br\/sobre\/author\/ejequie\/#author"},"creator":{"@id":"https:\/\/www.encontrajequie.com.br\/sobre\/author\/ejequie\/#author"},"image":{"@type":"ImageObject","url":"https:\/\/www.encontrajequie.com.br\/sobre\/wp-content\/uploads\/2026\/06\/programacao-da-expo-jequie-2026-comeca-neste-sabado-com-shows-e-atividades-agropecuarias-ate-31-de-m.webp","@id":"https:\/\/www.encontrajequie.com.br\/sobre\/programacao-da-expo-jequie-2026-comeca-neste-sabado-com-shows-e-atividades-agropecuarias-ate-31-de-maio\/#mainImage","width":280,"height":280,"caption":"Expo Jequi\u00e9 2026"},"primaryImageOfPage":{"@id":"https:\/\/www.encontrajequie.com.br\/sobre\/programacao-da-expo-jequie-2026-comeca-neste-sabado-com-shows-e-atividades-agropecuarias-ate-31-de-maio\/#mainImage"},"datePublished":"2026-06-10T03:31:18-03:00","dateModified":"2026-06-10T03:31:18-03:00"},{"@type":"WebSite","@id":"https:\/\/www.encontrajequie.com.br\/sobre\/#website","url":"https:\/\/www.encontrajequie.com.br\/sobre\/","name":"Encontra Jequi\u00e9","description":"Not\u00edcias, eventos, informa\u00e7\u00f5es e dicas na cidade de Jequi\u00e9 e regi\u00e3o.","inLanguage":"pt-BR","publisher":{"@id":"https:\/\/www.encontrajequie.com.br\/sobre\/#organization"}}]},"og:locale":"pt_BR","og:site_name":"Encontra Jequi\u00e9 | Not\u00edcias, eventos, informa\u00e7\u00f5es e dicas na cidade de Jequi\u00e9 e regi\u00e3o.","og:type":"article","og:title":"Programa\u00e7\u00e3o da Expo Jequi\u00e9 2026 come\u00e7a neste s\u00e1bado com shows e atividades agropecu\u00e1rias at\u00e9 31 de maio | Encontra Jequi\u00e9","og:description":"A Expo Jequi\u00e9 2026 traz shows e atividades incr\u00edveis ao longo de maio.","og:url":"https:\/\/www.encontrajequie.com.br\/sobre\/programacao-da-expo-jequie-2026-comeca-neste-sabado-com-shows-e-atividades-agropecuarias-ate-31-de-maio\/","article:published_time":"2026-06-10T06:31:18+00:00","article:modified_time":"2026-06-10T06:31:18+00:00","twitter:card":"summary_large_image","twitter:title":"Programa\u00e7\u00e3o da Expo Jequi\u00e9 2026 come\u00e7a neste s\u00e1bado com shows e atividades agropecu\u00e1rias at\u00e9 31 de maio | Encontra Jequi\u00e9","twitter:description":"A Expo Jequi\u00e9 2026 traz shows e atividades incr\u00edveis ao longo de maio."},"aioseo_meta_data":{"post_id":"1259","title":null,"description":null,"keywords":null,"keyphrases":null,"primary_term":null,"canonical_url":null,"og_title":null,"og_description":null,"og_object_type":"default","og_image_type":"default","og_image_url":null,"og_image_width":null,"og_image_height":null,"og_image_custom_url":null,"og_image_custom_fields":null,"og_video":null,"og_custom_url":null,"og_article_section":null,"og_article_tags":null,"twitter_use_og":false,"twitter_card":"default","twitter_image_type":"default","twitter_image_url":null,"twitter_image_custom_url":null,"twitter_image_custom_fields":null,"twitter_title":null,"twitter_description":null,"schema":{"blockGraphs":[],"customGraphs":[],"default":{"data":{"Article":[],"Course":[],"Dataset":[],"FAQPage":[],"Movie":[],"Person":[],"Product":[],"ProductReview":[],"Car":[],"Recipe":[],"Service":[],"SoftwareApplication":[],"WebPage":[]},"graphName":"Article","isEnabled":true},"graphs":[]},"schema_type":"default","schema_type_options":null,"pillar_content":false,"robots_default":true,"robots_noindex":false,"robots_noarchive":false,"robots_nosnippet":false,"robots_nofollow":false,"robots_noimageindex":false,"robots_noodp":false,"robots_notranslate":false,"robots_max_snippet":null,"robots_max_videopreview":null,"robots_max_imagepreview":"large","priority":null,"frequency":null,"local_seo":null,"breadcrumb_settings":null,"limit_modified_date":false,"ai":null,"created":"2026-06-10 06:32:21","updated":"2026-06-10 06:36:01","focus_keyword":null,"additional_keywords":null,"truseo_locale":null,"seo_analyzer_scan_date":null},"aioseo_breadcrumb":"<div class=\"aioseo-breadcrumbs\"><span class=\"aioseo-breadcrumb\">\n\t\t\t<a href=\"https:\/\/www.encontrajequie.com.br\/sobre\" title=\"Home\">Home<\/a>\n\t\t<\/span><span class=\"aioseo-breadcrumb-separator\">&raquo;<\/span><span class=\"aioseo-breadcrumb\">\n\t\t\t<a href=\"https:\/\/www.encontrajequie.com.br\/sobre\/noticias-em-jequie\/\" title=\"Not\u00edcias Jequi\u00e9\">Not\u00edcias Jequi\u00e9<\/a>\n\t\t<\/span><span class=\"aioseo-breadcrumb-separator\">&raquo;<\/span><span class=\"aioseo-breadcrumb\">\n\t\t\tPrograma\u00e7\u00e3o da Expo Jequi\u00e9 2026 come\u00e7a neste s\u00e1bado com shows e atividades agropecu\u00e1rias at\u00e9 31 de maio\n\t\t<\/span><\/div>","aioseo_breadcrumb_json":[{"label":"Home","link":"https:\/\/www.encontrajequie.com.br\/sobre"},{"label":"Not\u00edcias Jequi\u00e9","link":"https:\/\/www.encontrajequie.com.br\/sobre\/noticias-em-jequie\/"},{"label":"Programa\u00e7\u00e3o da Expo Jequi\u00e9 2026 come\u00e7a neste s\u00e1bado com shows e atividades agropecu\u00e1rias at\u00e9 31 de maio","link":"https:\/\/www.encontrajequie.com.br\/sobre\/programacao-da-expo-jequie-2026-comeca-neste-sabado-com-shows-e-atividades-agropecuarias-ate-31-de-maio\/"}],"_links":{"self":[{"href":"https:\/\/www.encontrajequie.com.br\/sobre\/wp-json\/wp\/v2\/posts\/1259","targetHints":{"allow":["GET"]}}],"collection":[{"href":"https:\/\/www.encontrajequie.com.br\/sobre\/wp-json\/wp\/v2\/posts"}],"about":[{"href":"https:\/\/www.encontrajequie.com.br\/sobre\/wp-json\/wp\/v2\/types\/post"}],"author":[{"embeddable":true,"href":"https:\/\/www.encontrajequie.com.br\/sobre\/wp-json\/wp\/v2\/users\/1"}],"replies":[{"embeddable":true,"href":"https:\/\/www.encontrajequie.com.br\/sobre\/wp-json\/wp\/v2\/comments?post=1259"}],"version-history":[{"count":0,"href":"https:\/\/www.encontrajequie.com.br\/sobre\/wp-json\/wp\/v2\/posts\/1259\/revisions"}],"wp:featuredmedia":[{"embeddable":true,"href":"https:\/\/www.encontrajequie.com.br\/sobre\/wp-json\/wp\/v2\/media\/1258"}],"wp:attachment":[{"href":"https:\/\/www.encontrajequie.com.br\/sobre\/wp-json\/wp\/v2\/media?parent=1259"}],"wp:term":[{"taxonomy":"category","embeddable":true,"href":"https:\/\/www.encontrajequie.com.br\/sobre\/wp-json\/wp\/v2\/categories?post=1259"},{"taxonomy":"post_tag","embeddable":true,"href":"https:\/\/www.encontrajequie.com.br\/sobre\/wp-json\/wp\/v2\/tags?post=1259"}],"curies":[{"name":"wp","href":"https:\/\/api.w.org\/{rel}","templated":true}]}}