{"id":1265,"date":"2026-06-11T03:30:52","date_gmt":"2026-06-11T06:30:52","guid":{"rendered":"https:\/\/www.encontrajequie.com.br\/sobre\/prefeitura-de-jequie-antecipa-primeira-parcela-do-13o-e-salarios-de-junho-e-injeta-cerca-de-r-45-milhoes-na-economia-do-municipio\/"},"modified":"2026-06-11T03:30:52","modified_gmt":"2026-06-11T06:30:52","slug":"prefeitura-de-jequie-antecipa-primeira-parcela-do-13o-e-salarios-de-junho-e-injeta-cerca-de-r-45-milhoes-na-economia-do-municipio","status":"publish","type":"post","link":"https:\/\/www.encontrajequie.com.br\/sobre\/prefeitura-de-jequie-antecipa-primeira-parcela-do-13o-e-salarios-de-junho-e-injeta-cerca-de-r-45-milhoes-na-economia-do-municipio\/","title":{"rendered":"Prefeitura de Jequi\u00e9 antecipa primeira parcela do 13\u00ba e sal\u00e1rios de junho e injeta cerca de R$ 45 milh\u00f5es na economia do munic\u00edpio"},"content":{"rendered":"<div class=\"30cf832dc5940d4704f66d0ed9a44050\" data-index=\"1\" style=\"float: none; margin:0px;\">\n<!-- Anuncio display - global -->\r\n<ins class=\"adsbygoogle\"\r\n     style=\"display:block\"\r\n     data-ad-client=\"ca-pub-8585364105181520\"\r\n     data-ad-slot=\"8789329856\"\r\n     data-ad-format=\"auto\"\r\n     data-full-width-responsive=\"true\"><\/ins>\r\n<script>\r\n     (adsbygoogle = window.adsbygoogle || []).push({});\r\n<\/script>\n<\/div>\n<h2>A Iniciativa da Prefeitura<\/h2>\n<p>No dia 12 de junho de 2026, a Prefeitura de Jequi\u00e9, atrav\u00e9s da Secretaria da Fazenda, anunciou a antecipa\u00e7\u00e3o do pagamento da primeira parcela do 13\u00ba sal\u00e1rio dos servidores p\u00fablicos do munic\u00edpio. Esse pagamento segue o cronograma divulgado no in\u00edcio do ano, que tem como objetivo beneficiar os trabalhadores da administra\u00e7\u00e3o p\u00fablica. A medida tamb\u00e9m inclui o pagamento dos sal\u00e1rios referentes ao m\u00eas de junho, que ser\u00e1 realizado no dia 30, permitindo aos funcion\u00e1rios receberem seus vencimentos em dia e aproveitar as festividades juninas.<\/p>\n<h2>Benef\u00edcios Econ\u00f4micos da Antecipa\u00e7\u00e3o<\/h2>\n<p>Com a consequente inje\u00e7\u00e3o de aproximadamente R$ 45 milh\u00f5es na economia local, essa antecipa\u00e7\u00e3o representa um impulso significativo para o com\u00e9rcio da cidade. O valor injetado n\u00e3o apenas melhora a condi\u00e7\u00e3o financeira dos servidores, mas tamb\u00e9m oferece uma oportunidade para o com\u00e9rcio local aquecer suas vendas durante um per\u00edodo de alta movimenta\u00e7\u00e3o de pessoas, que \u00e9 o m\u00eas de junho, especialmente com as festividades do S\u00e3o Jo\u00e3o. Assim, os variados setores da economia se beneficiam dessa medida, contribuindo para a revitaliza\u00e7\u00e3o econ\u00f4mica da regi\u00e3o.<\/p>\n<h2>Import\u00e2ncia do 13\u00ba Sal\u00e1rio<\/h2>\n<p>O 13\u00ba sal\u00e1rio \u00e9 um direito fundamental dos trabalhadores e representa um apoio financeiro crucial, especialmente em \u00e9pocas festivas. Para muitos, esse pagamento \u00e9 utilizado para quitar d\u00edvidas, fazer compras ou mesmo realizar viagens. A antecipa\u00e7\u00e3o traz uma sensa\u00e7\u00e3o de seguran\u00e7a financeira nesse per\u00edodo de celebra\u00e7\u00f5es, permitindo que os servidores possam desfrutar melhor das festividades e do conv\u00edvio familiar. Dessa forma, o governo local demonstra sua preocupa\u00e7\u00e3o e compromisso com o bem-estar de seus funcion\u00e1rios.<\/p>\n<p><img decoding=\"async\" src=\"https:\/\/www.encontrajequie.com.br\/sobre\/wp-content\/uploads\/2026\/06\/prefeitura-de-jequie-antecipa-primeira-parcela-do-13-e-salarios-de-junho-e-injeta-cerca-de-r-45-milh.webp\" alt=\"Prefeitura de Jequi\u00e9\" loading=\"lazy\" \/><\/p>\n<h2>Impacto no Com\u00e9rcio Local<\/h2>\n<p>A movimenta\u00e7\u00e3o financeira gerada pelo pagamento antecipado influenciar\u00e1 diretamente a atividade comercial em Jequi\u00e9. Com o aumento do poder aquisitivo dos servidores, empres\u00e1rios locais esperam um aumento nas vendas durante os festejos juninos. O fato de o 13\u00ba e os sal\u00e1rios serem pagos antes do in\u00edcio das festividades significa que as pessoas ter\u00e3o mais recursos para gastar em produtos e servi\u00e7os, aquecendo a economia e proporcionando um ambiente mais favorable para o com\u00e9rcio local.<\/p>\n<h2>Compromisso Fiscal da Administra\u00e7\u00e3o<\/h2>\n<p>Segundo Marinaldo Cardoso, o secret\u00e1rio da Fazenda de Jequi\u00e9, a decis\u00e3o de antecipar os pagamentos \u00e9 resultado de um planejamento fiscal rigoroso e equilibrado. Este esfor\u00e7o da administra\u00e7\u00e3o busca n\u00e3o apenas garantir a pontualidade nos pagamentos, mas tamb\u00e9m implementar pr\u00e1ticas que assegurem a sa\u00fade financeira do munic\u00edpio. A gest\u00e3o tem se esfor\u00e7ado para manter um equil\u00edbrio nas contas p\u00fablicas, priorizando a valoriza\u00e7\u00e3o e o reconhecimento do trabalho dos servidores municipais.<\/p>\n<h2>Depoimento do Secret\u00e1rio da Fazenda<\/h2>\n<p>Este ato \u00e9 visto como um reflexo do compromisso da administra\u00e7\u00e3o com o servidor. Marinaldo destaca: **&#8221;A antecipa\u00e7\u00e3o do d\u00e9cimo terceiro e os pagamentos dos sal\u00e1rios no m\u00eas de trabalho demonstram a responsabilidade e a organiza\u00e7\u00e3o financeira da gest\u00e3o. Hoje, s\u00e3o aproximadamente R$ 45 milh\u00f5es que estar\u00e3o dispon\u00edveis para movimentar o com\u00e9rcio local em um per\u00edodo t\u00e3o significativo como o S\u00e3o Jo\u00e3o. Essa \u00e9 uma tradi\u00e7\u00e3o que nos orgulha e reflete nosso respeito e compromisso com nossos servidores e a economia de Jequi\u00e9.&#8221;**<\/p>\n<h2>Expectativas para os Festejos Juninos<\/h2>\n<p>A antecipa\u00e7\u00e3o dos sal\u00e1rios e do 13\u00ba sal\u00e1rio cria uma expectativa positiva para as celebra\u00e7\u00f5es juninas. Os preparativos para o S\u00e3o Jo\u00e3o s\u00e3o significativos na cultura local, e a inje\u00e7\u00e3o de recursos financeiros certamente trar\u00e1 um calor especial aos festejos. Com mais dinheiro circulando, as fam\u00edlias poder\u00e3o participar de eventos e comprar produtos t\u00edpicos, alimentando ainda mais a atmosfera festiva que caracteriza esta \u00e9poca do ano no munic\u00edpio.<\/p>\n<h2>Hist\u00f3ria de Pagamentos Antecipados<\/h2>\n<p>Esta n\u00e3o \u00e9 a primeira vez que a Prefeitura de Jequi\u00e9 realiza antecipa\u00e7\u00f5es desse tipo. Ao longo dos anos, diversas gest\u00f5es se comprometeram a assegurar que os servidores recebessem seus direitos em dia e sempre que poss\u00edvel, antecipados. Tal pr\u00e1tica se consolida como um padr\u00e3o da administra\u00e7\u00e3o que visa n\u00e3o apenas a boa gest\u00e3o das finan\u00e7as, mas tamb\u00e9m a valoriza\u00e7\u00e3o de quem trabalha para o munic\u00edpio.<\/p>\n<h2>Planejamento Financeiro Respons\u00e1vel<\/h2>\n<p>O planejamento financeiro desempenha um papel vital na administra\u00e7\u00e3o p\u00fablica. As iniciativas de antecipa\u00e7\u00e3o de pagamentos revelam uma responsabilidade em equilibrar receitas e despesas. \u00c9 fundamental que os gestores mantenham o foco no desenvolvimento sustent\u00e1vel, construindo estrat\u00e9gias que garantam os direitos dos servidores ao mesmo tempo que respeitam as limita\u00e7\u00f5es or\u00e7ament\u00e1rias do munic\u00edpio. Este compromisso \u00e9 o que possibilita a execu\u00e7\u00e3o de a\u00e7\u00f5es que efetivamente beneficiam a popula\u00e7\u00e3o.<\/p>\n<h2>O Futuro da Economia de Jequi\u00e9<\/h2>\n<p>Com as recentes a\u00e7\u00f5es da gest\u00e3o municipal, a expectativa \u00e9 que a economia de Jequi\u00e9 continue a prosperar. A administra\u00e7\u00e3o est\u00e1 atenta a novas oportunidades de investimento e crescimento. A inje\u00e7\u00e3o de recursos durante o S\u00e3o Jo\u00e3o \u00e9 um passo positivo, mas o olhar para o futuro tamb\u00e9m envolve pol\u00edticas que promovam o desenvolvimento econ\u00f4mico a longo prazo, como apoio a pequenos empreendedores e fomento a novos neg\u00f3cios. A continuidade desse planejamento deve fortalecer as bases econ\u00f4micas da cidade, beneficiando a todos.<\/p>\n\n<div style=\"font-size: 0px; height: 0px; line-height: 0px; margin: 0; padding: 0; clear: both;\"><\/div>","protected":false},"excerpt":{"rendered":"<p>Prefeitura de Jequi\u00e9 antecipa 13\u00ba e sal\u00e1rios, injetando milh\u00f5es na economia local.<\/p>\n","protected":false},"author":1,"featured_media":1264,"comment_status":"open","ping_status":"closed","sticky":false,"template":"","format":"standard","meta":{"footnotes":""},"categories":[1],"tags":[],"class_list":["post-1265","post","type-post","status-publish","format-standard","has-post-thumbnail","hentry","category-noticias-em-jequie","has_thumb"],"aioseo_notices":[],"aioseo_head":"\n\t\t<!-- All in One SEO 5.0.0.1 - aioseo.com -->\n\t<meta name=\"description\" content=\"Prefeitura de Jequi\u00e9 antecipa 13\u00ba e sal\u00e1rios, injetando milh\u00f5es na economia local.\" \/>\n\t<meta name=\"robots\" content=\"max-image-preview:large\" \/>\n\t<meta name=\"author\" content=\"Encontra Jequi\u00e9\"\/>\n\t<link rel=\"canonical\" href=\"https:\/\/www.encontrajequie.com.br\/sobre\/prefeitura-de-jequie-antecipa-primeira-parcela-do-13o-e-salarios-de-junho-e-injeta-cerca-de-r-45-milhoes-na-economia-do-municipio\/\" \/>\n\t<meta name=\"generator\" content=\"All in One SEO (AIOSEO) 5.0.0.1\" \/>\n\t\t<meta property=\"og:locale\" content=\"pt_BR\" \/>\n\t\t<meta property=\"og:site_name\" content=\"Encontra Jequi\u00e9 | Not\u00edcias, eventos, informa\u00e7\u00f5es e dicas na cidade de Jequi\u00e9 e regi\u00e3o.\" \/>\n\t\t<meta property=\"og:type\" content=\"article\" \/>\n\t\t<meta property=\"og:title\" content=\"Prefeitura de Jequi\u00e9 antecipa primeira parcela do 13\u00ba e sal\u00e1rios de junho e injeta cerca de R$ 45 milh\u00f5es na economia do munic\u00edpio | Encontra Jequi\u00e9\" \/>\n\t\t<meta property=\"og:description\" content=\"Prefeitura de Jequi\u00e9 antecipa 13\u00ba e sal\u00e1rios, injetando milh\u00f5es na economia local.\" \/>\n\t\t<meta property=\"og:url\" content=\"https:\/\/www.encontrajequie.com.br\/sobre\/prefeitura-de-jequie-antecipa-primeira-parcela-do-13o-e-salarios-de-junho-e-injeta-cerca-de-r-45-milhoes-na-economia-do-municipio\/\" \/>\n\t\t<meta property=\"article:published_time\" content=\"2026-06-11T06:30:52+00:00\" \/>\n\t\t<meta property=\"article:modified_time\" content=\"2026-06-11T06:30:52+00:00\" \/>\n\t\t<meta name=\"twitter:card\" content=\"summary_large_image\" \/>\n\t\t<meta name=\"twitter:title\" content=\"Prefeitura de Jequi\u00e9 antecipa primeira parcela do 13\u00ba e sal\u00e1rios de junho e injeta cerca de R$ 45 milh\u00f5es na economia do munic\u00edpio | Encontra Jequi\u00e9\" \/>\n\t\t<meta name=\"twitter:description\" content=\"Prefeitura de Jequi\u00e9 antecipa 13\u00ba e sal\u00e1rios, injetando milh\u00f5es na economia local.\" \/>\n\t\t<script type=\"application\/ld+json\" class=\"aioseo-schema\">\n\t\t\t{\"@context\":\"https:\\\/\\\/schema.org\",\"@graph\":[{\"@type\":\"Article\",\"@id\":\"https:\\\/\\\/www.encontrajequie.com.br\\\/sobre\\\/prefeitura-de-jequie-antecipa-primeira-parcela-do-13o-e-salarios-de-junho-e-injeta-cerca-de-r-45-milhoes-na-economia-do-municipio\\\/#article\",\"name\":\"Prefeitura de Jequi\\u00e9 antecipa primeira parcela do 13\\u00ba e sal\\u00e1rios de junho e injeta cerca de R$ 45 milh\\u00f5es na economia do munic\\u00edpio | Encontra Jequi\\u00e9\",\"headline\":\"Prefeitura de Jequi\\u00e9 antecipa primeira parcela do 13\\u00ba e sal\\u00e1rios de junho e injeta cerca de R$ 45 milh\\u00f5es na economia do munic\\u00edpio\",\"author\":{\"@id\":\"https:\\\/\\\/www.encontrajequie.com.br\\\/sobre\\\/author\\\/ejequie\\\/#author\"},\"publisher\":{\"@id\":\"https:\\\/\\\/www.encontrajequie.com.br\\\/sobre\\\/#organization\"},\"image\":{\"@type\":\"ImageObject\",\"url\":\"https:\\\/\\\/www.encontrajequie.com.br\\\/sobre\\\/wp-content\\\/uploads\\\/2026\\\/06\\\/prefeitura-de-jequie-antecipa-primeira-parcela-do-13-e-salarios-de-junho-e-injeta-cerca-de-r-45-milh.webp\",\"width\":280,\"height\":280,\"caption\":\"Prefeitura de Jequi\\u00e9\"},\"datePublished\":\"2026-06-11T03:30:52-03:00\",\"dateModified\":\"2026-06-11T03:30:52-03:00\",\"inLanguage\":\"pt-BR\",\"mainEntityOfPage\":{\"@id\":\"https:\\\/\\\/www.encontrajequie.com.br\\\/sobre\\\/prefeitura-de-jequie-antecipa-primeira-parcela-do-13o-e-salarios-de-junho-e-injeta-cerca-de-r-45-milhoes-na-economia-do-municipio\\\/#webpage\"},\"isPartOf\":{\"@id\":\"https:\\\/\\\/www.encontrajequie.com.br\\\/sobre\\\/prefeitura-de-jequie-antecipa-primeira-parcela-do-13o-e-salarios-de-junho-e-injeta-cerca-de-r-45-milhoes-na-economia-do-municipio\\\/#webpage\"},\"articleSection\":\"Not\\u00edcias Jequi\\u00e9\"},{\"@type\":\"BreadcrumbList\",\"@id\":\"https:\\\/\\\/www.encontrajequie.com.br\\\/sobre\\\/prefeitura-de-jequie-antecipa-primeira-parcela-do-13o-e-salarios-de-junho-e-injeta-cerca-de-r-45-milhoes-na-economia-do-municipio\\\/#breadcrumblist\",\"itemListElement\":[{\"@type\":\"ListItem\",\"@id\":\"https:\\\/\\\/www.encontrajequie.com.br\\\/sobre#listItem\",\"position\":1,\"name\":\"Home\",\"item\":\"https:\\\/\\\/www.encontrajequie.com.br\\\/sobre\",\"nextItem\":{\"@type\":\"ListItem\",\"@id\":\"https:\\\/\\\/www.encontrajequie.com.br\\\/sobre\\\/noticias-em-jequie\\\/#listItem\",\"name\":\"Not\\u00edcias Jequi\\u00e9\"}},{\"@type\":\"ListItem\",\"@id\":\"https:\\\/\\\/www.encontrajequie.com.br\\\/sobre\\\/noticias-em-jequie\\\/#listItem\",\"position\":2,\"name\":\"Not\\u00edcias Jequi\\u00e9\",\"item\":\"https:\\\/\\\/www.encontrajequie.com.br\\\/sobre\\\/noticias-em-jequie\\\/\",\"nextItem\":{\"@type\":\"ListItem\",\"@id\":\"https:\\\/\\\/www.encontrajequie.com.br\\\/sobre\\\/prefeitura-de-jequie-antecipa-primeira-parcela-do-13o-e-salarios-de-junho-e-injeta-cerca-de-r-45-milhoes-na-economia-do-municipio\\\/#listItem\",\"name\":\"Prefeitura de Jequi\\u00e9 antecipa primeira parcela do 13\\u00ba e sal\\u00e1rios de junho e injeta cerca de R$ 45 milh\\u00f5es na economia do munic\\u00edpio\"},\"previousItem\":{\"@type\":\"ListItem\",\"@id\":\"https:\\\/\\\/www.encontrajequie.com.br\\\/sobre#listItem\",\"name\":\"Home\"}},{\"@type\":\"ListItem\",\"@id\":\"https:\\\/\\\/www.encontrajequie.com.br\\\/sobre\\\/prefeitura-de-jequie-antecipa-primeira-parcela-do-13o-e-salarios-de-junho-e-injeta-cerca-de-r-45-milhoes-na-economia-do-municipio\\\/#listItem\",\"position\":3,\"name\":\"Prefeitura de Jequi\\u00e9 antecipa primeira parcela do 13\\u00ba e sal\\u00e1rios de junho e injeta cerca de R$ 45 milh\\u00f5es na economia do munic\\u00edpio\",\"previousItem\":{\"@type\":\"ListItem\",\"@id\":\"https:\\\/\\\/www.encontrajequie.com.br\\\/sobre\\\/noticias-em-jequie\\\/#listItem\",\"name\":\"Not\\u00edcias Jequi\\u00e9\"}}]},{\"@type\":\"Organization\",\"@id\":\"https:\\\/\\\/www.encontrajequie.com.br\\\/sobre\\\/#organization\",\"name\":\"Encontra Jequi\\u00e9\",\"description\":\"Not\\u00edcias, eventos, informa\\u00e7\\u00f5es e dicas na cidade de Jequi\\u00e9 e regi\\u00e3o.\",\"url\":\"https:\\\/\\\/www.encontrajequie.com.br\\\/sobre\\\/\"},{\"@type\":\"Person\",\"@id\":\"https:\\\/\\\/www.encontrajequie.com.br\\\/sobre\\\/author\\\/ejequie\\\/#author\",\"url\":\"https:\\\/\\\/www.encontrajequie.com.br\\\/sobre\\\/author\\\/ejequie\\\/\",\"name\":\"Encontra Jequi\\u00e9\",\"image\":{\"@type\":\"ImageObject\",\"@id\":\"https:\\\/\\\/www.encontrajequie.com.br\\\/sobre\\\/prefeitura-de-jequie-antecipa-primeira-parcela-do-13o-e-salarios-de-junho-e-injeta-cerca-de-r-45-milhoes-na-economia-do-municipio\\\/#authorImage\",\"url\":\"https:\\\/\\\/secure.gravatar.com\\\/avatar\\\/507340682b8270222e1f208e23198b6ae7e2c6a1033ae84e99bc6bce4f82a387?s=96&d=mm&r=g\",\"width\":96,\"height\":96,\"caption\":\"Encontra Jequi\\u00e9\"}},{\"@type\":\"WebPage\",\"@id\":\"https:\\\/\\\/www.encontrajequie.com.br\\\/sobre\\\/prefeitura-de-jequie-antecipa-primeira-parcela-do-13o-e-salarios-de-junho-e-injeta-cerca-de-r-45-milhoes-na-economia-do-municipio\\\/#webpage\",\"url\":\"https:\\\/\\\/www.encontrajequie.com.br\\\/sobre\\\/prefeitura-de-jequie-antecipa-primeira-parcela-do-13o-e-salarios-de-junho-e-injeta-cerca-de-r-45-milhoes-na-economia-do-municipio\\\/\",\"name\":\"Prefeitura de Jequi\\u00e9 antecipa primeira parcela do 13\\u00ba e sal\\u00e1rios de junho e injeta cerca de R$ 45 milh\\u00f5es na economia do munic\\u00edpio | Encontra Jequi\\u00e9\",\"description\":\"Prefeitura de Jequi\\u00e9 antecipa 13\\u00ba e sal\\u00e1rios, injetando milh\\u00f5es na economia local.\",\"inLanguage\":\"pt-BR\",\"isPartOf\":{\"@id\":\"https:\\\/\\\/www.encontrajequie.com.br\\\/sobre\\\/#website\"},\"breadcrumb\":{\"@id\":\"https:\\\/\\\/www.encontrajequie.com.br\\\/sobre\\\/prefeitura-de-jequie-antecipa-primeira-parcela-do-13o-e-salarios-de-junho-e-injeta-cerca-de-r-45-milhoes-na-economia-do-municipio\\\/#breadcrumblist\"},\"author\":{\"@id\":\"https:\\\/\\\/www.encontrajequie.com.br\\\/sobre\\\/author\\\/ejequie\\\/#author\"},\"creator\":{\"@id\":\"https:\\\/\\\/www.encontrajequie.com.br\\\/sobre\\\/author\\\/ejequie\\\/#author\"},\"image\":{\"@type\":\"ImageObject\",\"url\":\"https:\\\/\\\/www.encontrajequie.com.br\\\/sobre\\\/wp-content\\\/uploads\\\/2026\\\/06\\\/prefeitura-de-jequie-antecipa-primeira-parcela-do-13-e-salarios-de-junho-e-injeta-cerca-de-r-45-milh.webp\",\"@id\":\"https:\\\/\\\/www.encontrajequie.com.br\\\/sobre\\\/prefeitura-de-jequie-antecipa-primeira-parcela-do-13o-e-salarios-de-junho-e-injeta-cerca-de-r-45-milhoes-na-economia-do-municipio\\\/#mainImage\",\"width\":280,\"height\":280,\"caption\":\"Prefeitura de Jequi\\u00e9\"},\"primaryImageOfPage\":{\"@id\":\"https:\\\/\\\/www.encontrajequie.com.br\\\/sobre\\\/prefeitura-de-jequie-antecipa-primeira-parcela-do-13o-e-salarios-de-junho-e-injeta-cerca-de-r-45-milhoes-na-economia-do-municipio\\\/#mainImage\"},\"datePublished\":\"2026-06-11T03:30:52-03:00\",\"dateModified\":\"2026-06-11T03:30:52-03:00\"},{\"@type\":\"WebSite\",\"@id\":\"https:\\\/\\\/www.encontrajequie.com.br\\\/sobre\\\/#website\",\"url\":\"https:\\\/\\\/www.encontrajequie.com.br\\\/sobre\\\/\",\"name\":\"Encontra Jequi\\u00e9\",\"description\":\"Not\\u00edcias, eventos, informa\\u00e7\\u00f5es e dicas na cidade de Jequi\\u00e9 e regi\\u00e3o.\",\"inLanguage\":\"pt-BR\",\"publisher\":{\"@id\":\"https:\\\/\\\/www.encontrajequie.com.br\\\/sobre\\\/#organization\"}}]}\n\t\t<\/script>\n\t\t<!-- All in One SEO -->\n\n","aioseo_head_json":{"title":"Prefeitura de Jequi\u00e9 antecipa primeira parcela do 13\u00ba e sal\u00e1rios de junho e injeta cerca de R$ 45 milh\u00f5es na economia do munic\u00edpio | Encontra Jequi\u00e9","description":"Prefeitura de Jequi\u00e9 antecipa 13\u00ba e sal\u00e1rios, injetando milh\u00f5es na economia local.","canonical_url":"https:\/\/www.encontrajequie.com.br\/sobre\/prefeitura-de-jequie-antecipa-primeira-parcela-do-13o-e-salarios-de-junho-e-injeta-cerca-de-r-45-milhoes-na-economia-do-municipio\/","robots":"max-image-preview:large","keywords":"","webmasterTools":{"miscellaneous":""},"schema":{"@context":"https:\/\/schema.org","@graph":[{"@type":"Article","@id":"https:\/\/www.encontrajequie.com.br\/sobre\/prefeitura-de-jequie-antecipa-primeira-parcela-do-13o-e-salarios-de-junho-e-injeta-cerca-de-r-45-milhoes-na-economia-do-municipio\/#article","name":"Prefeitura de Jequi\u00e9 antecipa primeira parcela do 13\u00ba e sal\u00e1rios de junho e injeta cerca de R$ 45 milh\u00f5es na economia do munic\u00edpio | Encontra Jequi\u00e9","headline":"Prefeitura de Jequi\u00e9 antecipa primeira parcela do 13\u00ba e sal\u00e1rios de junho e injeta cerca de R$ 45 milh\u00f5es na economia do munic\u00edpio","author":{"@id":"https:\/\/www.encontrajequie.com.br\/sobre\/author\/ejequie\/#author"},"publisher":{"@id":"https:\/\/www.encontrajequie.com.br\/sobre\/#organization"},"image":{"@type":"ImageObject","url":"https:\/\/www.encontrajequie.com.br\/sobre\/wp-content\/uploads\/2026\/06\/prefeitura-de-jequie-antecipa-primeira-parcela-do-13-e-salarios-de-junho-e-injeta-cerca-de-r-45-milh.webp","width":280,"height":280,"caption":"Prefeitura de Jequi\u00e9"},"datePublished":"2026-06-11T03:30:52-03:00","dateModified":"2026-06-11T03:30:52-03:00","inLanguage":"pt-BR","mainEntityOfPage":{"@id":"https:\/\/www.encontrajequie.com.br\/sobre\/prefeitura-de-jequie-antecipa-primeira-parcela-do-13o-e-salarios-de-junho-e-injeta-cerca-de-r-45-milhoes-na-economia-do-municipio\/#webpage"},"isPartOf":{"@id":"https:\/\/www.encontrajequie.com.br\/sobre\/prefeitura-de-jequie-antecipa-primeira-parcela-do-13o-e-salarios-de-junho-e-injeta-cerca-de-r-45-milhoes-na-economia-do-municipio\/#webpage"},"articleSection":"Not\u00edcias Jequi\u00e9"},{"@type":"BreadcrumbList","@id":"https:\/\/www.encontrajequie.com.br\/sobre\/prefeitura-de-jequie-antecipa-primeira-parcela-do-13o-e-salarios-de-junho-e-injeta-cerca-de-r-45-milhoes-na-economia-do-municipio\/#breadcrumblist","itemListElement":[{"@type":"ListItem","@id":"https:\/\/www.encontrajequie.com.br\/sobre#listItem","position":1,"name":"Home","item":"https:\/\/www.encontrajequie.com.br\/sobre","nextItem":{"@type":"ListItem","@id":"https:\/\/www.encontrajequie.com.br\/sobre\/noticias-em-jequie\/#listItem","name":"Not\u00edcias Jequi\u00e9"}},{"@type":"ListItem","@id":"https:\/\/www.encontrajequie.com.br\/sobre\/noticias-em-jequie\/#listItem","position":2,"name":"Not\u00edcias Jequi\u00e9","item":"https:\/\/www.encontrajequie.com.br\/sobre\/noticias-em-jequie\/","nextItem":{"@type":"ListItem","@id":"https:\/\/www.encontrajequie.com.br\/sobre\/prefeitura-de-jequie-antecipa-primeira-parcela-do-13o-e-salarios-de-junho-e-injeta-cerca-de-r-45-milhoes-na-economia-do-municipio\/#listItem","name":"Prefeitura de Jequi\u00e9 antecipa primeira parcela do 13\u00ba e sal\u00e1rios de junho e injeta cerca de R$ 45 milh\u00f5es na economia do munic\u00edpio"},"previousItem":{"@type":"ListItem","@id":"https:\/\/www.encontrajequie.com.br\/sobre#listItem","name":"Home"}},{"@type":"ListItem","@id":"https:\/\/www.encontrajequie.com.br\/sobre\/prefeitura-de-jequie-antecipa-primeira-parcela-do-13o-e-salarios-de-junho-e-injeta-cerca-de-r-45-milhoes-na-economia-do-municipio\/#listItem","position":3,"name":"Prefeitura de Jequi\u00e9 antecipa primeira parcela do 13\u00ba e sal\u00e1rios de junho e injeta cerca de R$ 45 milh\u00f5es na economia do munic\u00edpio","previousItem":{"@type":"ListItem","@id":"https:\/\/www.encontrajequie.com.br\/sobre\/noticias-em-jequie\/#listItem","name":"Not\u00edcias Jequi\u00e9"}}]},{"@type":"Organization","@id":"https:\/\/www.encontrajequie.com.br\/sobre\/#organization","name":"Encontra Jequi\u00e9","description":"Not\u00edcias, eventos, informa\u00e7\u00f5es e dicas na cidade de Jequi\u00e9 e regi\u00e3o.","url":"https:\/\/www.encontrajequie.com.br\/sobre\/"},{"@type":"Person","@id":"https:\/\/www.encontrajequie.com.br\/sobre\/author\/ejequie\/#author","url":"https:\/\/www.encontrajequie.com.br\/sobre\/author\/ejequie\/","name":"Encontra Jequi\u00e9","image":{"@type":"ImageObject","@id":"https:\/\/www.encontrajequie.com.br\/sobre\/prefeitura-de-jequie-antecipa-primeira-parcela-do-13o-e-salarios-de-junho-e-injeta-cerca-de-r-45-milhoes-na-economia-do-municipio\/#authorImage","url":"https:\/\/secure.gravatar.com\/avatar\/507340682b8270222e1f208e23198b6ae7e2c6a1033ae84e99bc6bce4f82a387?s=96&d=mm&r=g","width":96,"height":96,"caption":"Encontra Jequi\u00e9"}},{"@type":"WebPage","@id":"https:\/\/www.encontrajequie.com.br\/sobre\/prefeitura-de-jequie-antecipa-primeira-parcela-do-13o-e-salarios-de-junho-e-injeta-cerca-de-r-45-milhoes-na-economia-do-municipio\/#webpage","url":"https:\/\/www.encontrajequie.com.br\/sobre\/prefeitura-de-jequie-antecipa-primeira-parcela-do-13o-e-salarios-de-junho-e-injeta-cerca-de-r-45-milhoes-na-economia-do-municipio\/","name":"Prefeitura de Jequi\u00e9 antecipa primeira parcela do 13\u00ba e sal\u00e1rios de junho e injeta cerca de R$ 45 milh\u00f5es na economia do munic\u00edpio | Encontra Jequi\u00e9","description":"Prefeitura de Jequi\u00e9 antecipa 13\u00ba e sal\u00e1rios, injetando milh\u00f5es na economia local.","inLanguage":"pt-BR","isPartOf":{"@id":"https:\/\/www.encontrajequie.com.br\/sobre\/#website"},"breadcrumb":{"@id":"https:\/\/www.encontrajequie.com.br\/sobre\/prefeitura-de-jequie-antecipa-primeira-parcela-do-13o-e-salarios-de-junho-e-injeta-cerca-de-r-45-milhoes-na-economia-do-municipio\/#breadcrumblist"},"author":{"@id":"https:\/\/www.encontrajequie.com.br\/sobre\/author\/ejequie\/#author"},"creator":{"@id":"https:\/\/www.encontrajequie.com.br\/sobre\/author\/ejequie\/#author"},"image":{"@type":"ImageObject","url":"https:\/\/www.encontrajequie.com.br\/sobre\/wp-content\/uploads\/2026\/06\/prefeitura-de-jequie-antecipa-primeira-parcela-do-13-e-salarios-de-junho-e-injeta-cerca-de-r-45-milh.webp","@id":"https:\/\/www.encontrajequie.com.br\/sobre\/prefeitura-de-jequie-antecipa-primeira-parcela-do-13o-e-salarios-de-junho-e-injeta-cerca-de-r-45-milhoes-na-economia-do-municipio\/#mainImage","width":280,"height":280,"caption":"Prefeitura de Jequi\u00e9"},"primaryImageOfPage":{"@id":"https:\/\/www.encontrajequie.com.br\/sobre\/prefeitura-de-jequie-antecipa-primeira-parcela-do-13o-e-salarios-de-junho-e-injeta-cerca-de-r-45-milhoes-na-economia-do-municipio\/#mainImage"},"datePublished":"2026-06-11T03:30:52-03:00","dateModified":"2026-06-11T03:30:52-03:00"},{"@type":"WebSite","@id":"https:\/\/www.encontrajequie.com.br\/sobre\/#website","url":"https:\/\/www.encontrajequie.com.br\/sobre\/","name":"Encontra Jequi\u00e9","description":"Not\u00edcias, eventos, informa\u00e7\u00f5es e dicas na cidade de Jequi\u00e9 e regi\u00e3o.","inLanguage":"pt-BR","publisher":{"@id":"https:\/\/www.encontrajequie.com.br\/sobre\/#organization"}}]},"og:locale":"pt_BR","og:site_name":"Encontra Jequi\u00e9 | Not\u00edcias, eventos, informa\u00e7\u00f5es e dicas na cidade de Jequi\u00e9 e regi\u00e3o.","og:type":"article","og:title":"Prefeitura de Jequi\u00e9 antecipa primeira parcela do 13\u00ba e sal\u00e1rios de junho e injeta cerca de R$ 45 milh\u00f5es na economia do munic\u00edpio | Encontra Jequi\u00e9","og:description":"Prefeitura de Jequi\u00e9 antecipa 13\u00ba e sal\u00e1rios, injetando milh\u00f5es na economia local.","og:url":"https:\/\/www.encontrajequie.com.br\/sobre\/prefeitura-de-jequie-antecipa-primeira-parcela-do-13o-e-salarios-de-junho-e-injeta-cerca-de-r-45-milhoes-na-economia-do-municipio\/","article:published_time":"2026-06-11T06:30:52+00:00","article:modified_time":"2026-06-11T06:30:52+00:00","twitter:card":"summary_large_image","twitter:title":"Prefeitura de Jequi\u00e9 antecipa primeira parcela do 13\u00ba e sal\u00e1rios de junho e injeta cerca de R$ 45 milh\u00f5es na economia do munic\u00edpio | Encontra Jequi\u00e9","twitter:description":"Prefeitura de Jequi\u00e9 antecipa 13\u00ba e sal\u00e1rios, injetando milh\u00f5es na economia local."},"aioseo_meta_data":{"post_id":"1265","title":null,"description":null,"keywords":null,"keyphrases":null,"primary_term":null,"canonical_url":null,"og_title":null,"og_description":null,"og_object_type":"default","og_image_type":"default","og_image_url":null,"og_image_width":null,"og_image_height":null,"og_image_custom_url":null,"og_image_custom_fields":null,"og_video":null,"og_custom_url":null,"og_article_section":null,"og_article_tags":null,"twitter_use_og":false,"twitter_card":"default","twitter_image_type":"default","twitter_image_url":null,"twitter_image_custom_url":null,"twitter_image_custom_fields":null,"twitter_title":null,"twitter_description":null,"schema":{"blockGraphs":[],"customGraphs":[],"default":{"data":{"Article":[],"Course":[],"Dataset":[],"FAQPage":[],"Movie":[],"Person":[],"Product":[],"ProductReview":[],"Car":[],"Recipe":[],"Service":[],"SoftwareApplication":[],"WebPage":[]},"graphName":"Article","isEnabled":true},"graphs":[]},"schema_type":"default","schema_type_options":null,"pillar_content":false,"robots_default":true,"robots_noindex":false,"robots_noarchive":false,"robots_nosnippet":false,"robots_nofollow":false,"robots_noimageindex":false,"robots_noodp":false,"robots_notranslate":false,"robots_max_snippet":null,"robots_max_videopreview":null,"robots_max_imagepreview":"large","priority":null,"frequency":null,"local_seo":null,"breadcrumb_settings":null,"limit_modified_date":false,"ai":null,"created":"2026-06-11 06:33:02","updated":"2026-06-11 06:33:02","focus_keyword":null,"additional_keywords":null,"truseo_locale":null,"seo_analyzer_scan_date":null},"aioseo_breadcrumb":"<div class=\"aioseo-breadcrumbs\"><span class=\"aioseo-breadcrumb\">\n\t\t\t<a href=\"https:\/\/www.encontrajequie.com.br\/sobre\" title=\"Home\">Home<\/a>\n\t\t<\/span><span class=\"aioseo-breadcrumb-separator\">&raquo;<\/span><span class=\"aioseo-breadcrumb\">\n\t\t\t<a href=\"https:\/\/www.encontrajequie.com.br\/sobre\/noticias-em-jequie\/\" title=\"Not\u00edcias Jequi\u00e9\">Not\u00edcias Jequi\u00e9<\/a>\n\t\t<\/span><span class=\"aioseo-breadcrumb-separator\">&raquo;<\/span><span class=\"aioseo-breadcrumb\">\n\t\t\tPrefeitura de Jequi\u00e9 antecipa primeira parcela do 13\u00ba e sal\u00e1rios de junho e injeta cerca de R$ 45 milh\u00f5es na economia do munic\u00edpio\n\t\t<\/span><\/div>","aioseo_breadcrumb_json":[{"label":"Home","link":"https:\/\/www.encontrajequie.com.br\/sobre"},{"label":"Not\u00edcias Jequi\u00e9","link":"https:\/\/www.encontrajequie.com.br\/sobre\/noticias-em-jequie\/"},{"label":"Prefeitura de Jequi\u00e9 antecipa primeira parcela do 13\u00ba e sal\u00e1rios de junho e injeta cerca de R$ 45 milh\u00f5es na economia do munic\u00edpio","link":"https:\/\/www.encontrajequie.com.br\/sobre\/prefeitura-de-jequie-antecipa-primeira-parcela-do-13o-e-salarios-de-junho-e-injeta-cerca-de-r-45-milhoes-na-economia-do-municipio\/"}],"_links":{"self":[{"href":"https:\/\/www.encontrajequie.com.br\/sobre\/wp-json\/wp\/v2\/posts\/1265","targetHints":{"allow":["GET"]}}],"collection":[{"href":"https:\/\/www.encontrajequie.com.br\/sobre\/wp-json\/wp\/v2\/posts"}],"about":[{"href":"https:\/\/www.encontrajequie.com.br\/sobre\/wp-json\/wp\/v2\/types\/post"}],"author":[{"embeddable":true,"href":"https:\/\/www.encontrajequie.com.br\/sobre\/wp-json\/wp\/v2\/users\/1"}],"replies":[{"embeddable":true,"href":"https:\/\/www.encontrajequie.com.br\/sobre\/wp-json\/wp\/v2\/comments?post=1265"}],"version-history":[{"count":0,"href":"https:\/\/www.encontrajequie.com.br\/sobre\/wp-json\/wp\/v2\/posts\/1265\/revisions"}],"wp:featuredmedia":[{"embeddable":true,"href":"https:\/\/www.encontrajequie.com.br\/sobre\/wp-json\/wp\/v2\/media\/1264"}],"wp:attachment":[{"href":"https:\/\/www.encontrajequie.com.br\/sobre\/wp-json\/wp\/v2\/media?parent=1265"}],"wp:term":[{"taxonomy":"category","embeddable":true,"href":"https:\/\/www.encontrajequie.com.br\/sobre\/wp-json\/wp\/v2\/categories?post=1265"},{"taxonomy":"post_tag","embeddable":true,"href":"https:\/\/www.encontrajequie.com.br\/sobre\/wp-json\/wp\/v2\/tags?post=1265"}],"curies":[{"name":"wp","href":"https:\/\/api.w.org\/{rel}","templated":true}]}}