{"id":1301,"date":"2026-06-23T03:43:26","date_gmt":"2026-06-23T06:43:26","guid":{"rendered":"https:\/\/www.encontrajequie.com.br\/sobre\/prefeitura-de-jequie-e-cipe\/"},"modified":"2026-06-23T03:43:26","modified_gmt":"2026-06-23T06:43:26","slug":"prefeitura-de-jequie-e-cipe","status":"publish","type":"post","link":"https:\/\/www.encontrajequie.com.br\/sobre\/prefeitura-de-jequie-e-cipe\/","title":{"rendered":"Prefeitura de Jequi\u00e9 e CIPE"},"content":{"rendered":"<div class=\"30cf832dc5940d4704f66d0ed9a44050\" data-index=\"1\" style=\"float: none; margin:0px;\">\n<!-- Anuncio display - global -->\r\n<ins class=\"adsbygoogle\"\r\n     style=\"display:block\"\r\n     data-ad-client=\"ca-pub-8585364105181520\"\r\n     data-ad-slot=\"8789329856\"\r\n     data-ad-format=\"auto\"\r\n     data-full-width-responsive=\"true\"><\/ins>\r\n<script>\r\n     (adsbygoogle = window.adsbygoogle || []).push({});\r\n<\/script>\n<\/div>\n<h2>Objetivo do Curso de Aperfei\u00e7oamento<\/h2>\n<p>O curso de aperfei\u00e7oamento para a Guarda Civil Municipal (GCM) foi concebido com a inten\u00e7\u00e3o prim\u00e1ria de elevar as compet\u00eancias e capacidades dos profissionais envolvidos na seguran\u00e7a p\u00fablica. Esta iniciativa visa equipar os agentes com conhecimentos atualizados, permitindo que cada um exer\u00e7a suas fun\u00e7\u00f5es de maneira mais eficaz e eficiente, em conson\u00e2ncia com as diretrizes do Sistema \u00danico de Seguran\u00e7a P\u00fablica (SUSP).<\/p>\n<h2>Import\u00e2ncia da Guarda Civil Municipal<\/h2>\n<p>A Guarda Civil Municipal desempenha um papel fundamental na seguran\u00e7a das cidades, sendo respons\u00e1vel por diversas atividades que v\u00e3o desde a prote\u00e7\u00e3o do patrim\u00f4nio p\u00fablico at\u00e9 a\u00e7\u00f5es sociais. Sua presen\u00e7a \u00e9 essencial para a manuten\u00e7\u00e3o da ordem e a promo\u00e7\u00e3o da seguran\u00e7a na comunidade, garantindo que os cidad\u00e3os possam viver e trabalhar em um ambiente tranquilo e seguro. Al\u00e9m disso, a Guarda tamb\u00e9m atua em parceria com outras for\u00e7as de seguran\u00e7a, contribuindo para um sistema de seguran\u00e7a mais coeso e integrado.<\/p>\n<h2>Conte\u00fados Abordados na Capacita\u00e7\u00e3o<\/h2>\n<p>Durante esta fase inicial do curso, os agentes est\u00e3o sendo instru\u00eddos sobre uma variedade de t\u00f3picos importantes. Os conte\u00fados incluem:<\/p>\n<p><img decoding=\"async\" src=\"https:\/\/www.encontrajequie.com.br\/sobre\/wp-content\/uploads\/2026\/06\/prefeitura-de-jequie-e-cipe.webp\" alt=\"Guarda Civil Municipal\" loading=\"lazy\" \/><\/p>\n<ul>\n<li><strong>Papel da GCM no Sistema \u00danico de Seguran\u00e7a P\u00fablica:<\/strong> Compreens\u00e3o das atribui\u00e7\u00f5es e responsabilidades dentro do SUSP.<\/li>\n<li><strong>Aspectos Constitucionais:<\/strong> No\u00e7\u00f5es de direitos e deveres dos cidad\u00e3os e dos agentes de seguran\u00e7a.<\/li>\n<li><strong>Direitos Humanos:<\/strong> A import\u00e2ncia da abordagem humanizada no atendimento aos cidad\u00e3os.<\/li>\n<li><strong>Teoria e Pr\u00e1tica:<\/strong> Fundamentos das t\u00e9cnicas operacionais que os agentes utilizar\u00e3o no dia a dia.<\/li>\n<\/ul>\n<p>Esses t\u00f3picos s\u00e3o essenciais para que os agentes possam entender a complexidade de suas fun\u00e7\u00f5es e a import\u00e2ncia de sua atua\u00e7\u00e3o na comunidade.<\/p>\n<h2>Forma\u00e7\u00e3o com Instrutores da CIPE-Central<\/h2>\n<p>Os instrutores do curso s\u00e3o especializados da CIPE-Central, uma unidade de elite da pol\u00edcia militar com grande tradi\u00e7\u00e3o e reconhecimento na forma\u00e7\u00e3o de agentes de seguran\u00e7a. Este corpo de instrutores traz uma vasta experi\u00eancia e conhecimento pr\u00e1tico, o que garante uma forma\u00e7\u00e3o de alta qualidade. Isso contribui significativamente para a efic\u00e1cia do processo de capacita\u00e7\u00e3o, permitindo que os participantes adquiram habilidades pr\u00e1ticas e te\u00f3ricas de acordo com os mais altos padr\u00f5es de seguran\u00e7a p\u00fablica.<\/p>\n<h2>Impacto na Seguran\u00e7a P\u00fablica<\/h2>\n<p>Ao investir na capacita\u00e7\u00e3o da Guarda Civil Municipal, a Prefeitura de Jequi\u00e9 demonstra um compromisso com a seguran\u00e7a e o bem-estar da popula\u00e7\u00e3o. Profissionais bem treinados est\u00e3o mais aptos a lidar com situa\u00e7\u00f5es de emerg\u00eancia, prevenir delitos e responder adequadamente a diferentes cen\u00e1rios. Um corpo de guarda civil qualificado n\u00e3o s\u00f3 aumenta a sensa\u00e7\u00e3o de seguran\u00e7a entre os cidad\u00e3os, mas tamb\u00e9m fortalece a confian\u00e7a da comunidade nas institui\u00e7\u00f5es de seguran\u00e7a.<\/p>\n<h2>Hist\u00f3ria da Guarda Civil Municipal<\/h2>\n<p>A Guarda Civil Municipal de Jequi\u00e9 foi fundada h\u00e1 74 anos e, desde ent\u00e3o, tem sido um pilar na estrutura de seguran\u00e7a do munic\u00edpio. Com o passar dos anos, a corpora\u00e7\u00e3o evoluiu e se adaptou \u00e0s necessidades da popula\u00e7\u00e3o, sendo reconhecida n\u00e3o apenas por suas fun\u00e7\u00f5es de seguran\u00e7a, mas tamb\u00e9m por seu papel social, que inclui a\u00e7\u00f5es comunit\u00e1rias e educativas.<\/p>\n<h2>O Papel da GCM no SUSP<\/h2>\n<p>A Guarda Civil Municipal integra o Sistema \u00danico de Seguran\u00e7a P\u00fablica, colaborando com outras institui\u00e7\u00f5es em a\u00e7\u00f5es que visam a prote\u00e7\u00e3o e a seguran\u00e7a da sociedade. O entendimento do seu papel dentro deste sistema \u00e9 crucial para a articula\u00e7\u00e3o de estrat\u00e9gias eficazes e para a formula\u00e7\u00e3o de pol\u00edticas p\u00fablicas em seguran\u00e7a.<\/p>\n<h2>Certifica\u00e7\u00e3o dos Agentes Conclusores<\/h2>\n<p>Ao finalizar o curso, todos os agentes receber\u00e3o certifica\u00e7\u00e3o, que ser\u00e1 registrada em seus hist\u00f3ricos funcionais. Essa certifica\u00e7\u00e3o n\u00e3o apenas valoriza o trabalho dos participantes, mas tamb\u00e9m ressalta o investimento em sua forma\u00e7\u00e3o e desenvolvimento profissional. A forma\u00e7\u00e3o cont\u00ednua \u00e9 um fator chave para a evolu\u00e7\u00e3o do servi\u00e7o prestado \u00e0 popula\u00e7\u00e3o.<\/p>\n<h2>Valoriza\u00e7\u00e3o dos Profissionais de Seguran\u00e7a<\/h2>\n<p>A valoriza\u00e7\u00e3o dos agentes da Guarda Civil Municipal se reflete na oferta de oportunidades de capacita\u00e7\u00e3o e no reconhecimento de seu trabalho. Isso gera motiva\u00e7\u00e3o e um ambiente de trabalho mais saud\u00e1vel, onde os profissionais se sentem valorizados e reconhecidos. Um corpo de guarda civil respeitado e bem treinado \u00e9 fundamental para o fortalecimento da seguran\u00e7a comunit\u00e1ria.<\/p>\n<h2>Conclus\u00e3o sobre o Futuro da Guarda Municipal em Jequi\u00e9<\/h2>\n<p>O futuro da Guarda Civil Municipal de Jequi\u00e9 \u00e9 promissor, especialmente com a implementa\u00e7\u00e3o de cursos de forma\u00e7\u00e3o e aperfei\u00e7oamento. A municipalidade continua a investir recursos na capacita\u00e7\u00e3o de seus profissionais, assegurando que estejam preparados para enfrentar os desafios e atender \u00e0s expectativas da popula\u00e7\u00e3o. Com um foco claro na excel\u00eancia e no compromisso com a seguran\u00e7a p\u00fablica, a Guarda Civil Municipal se consolida como um elemento indispens\u00e1vel na constru\u00e7\u00e3o de uma cidade mais segura e estruturada.<\/p>\n\n<div style=\"font-size: 0px; height: 0px; line-height: 0px; margin: 0; padding: 0; clear: both;\"><\/div>","protected":false},"excerpt":{"rendered":"<p>Guarda Civil Municipal inicia curso de aperfei\u00e7oamento em Jequi\u00e9.<\/p>\n","protected":false},"author":1,"featured_media":1300,"comment_status":"open","ping_status":"closed","sticky":false,"template":"","format":"standard","meta":{"footnotes":""},"categories":[1],"tags":[],"class_list":["post-1301","post","type-post","status-publish","format-standard","has-post-thumbnail","hentry","category-noticias-em-jequie","has_thumb"],"aioseo_notices":[],"aioseo_head":"\n\t\t<!-- All in One SEO 5.0.0.1 - aioseo.com -->\n\t<meta name=\"description\" content=\"Guarda Civil Municipal inicia curso de aperfei\u00e7oamento em Jequi\u00e9.\" \/>\n\t<meta name=\"robots\" content=\"max-image-preview:large\" \/>\n\t<meta name=\"author\" content=\"Encontra Jequi\u00e9\"\/>\n\t<link rel=\"canonical\" href=\"https:\/\/www.encontrajequie.com.br\/sobre\/prefeitura-de-jequie-e-cipe\/\" \/>\n\t<meta name=\"generator\" content=\"All in One SEO (AIOSEO) 5.0.0.1\" \/>\n\t\t<meta property=\"og:locale\" content=\"pt_BR\" \/>\n\t\t<meta property=\"og:site_name\" content=\"Encontra Jequi\u00e9 | Not\u00edcias, eventos, informa\u00e7\u00f5es e dicas na cidade de Jequi\u00e9 e regi\u00e3o.\" \/>\n\t\t<meta property=\"og:type\" content=\"article\" \/>\n\t\t<meta property=\"og:title\" content=\"Prefeitura de Jequi\u00e9 e CIPE | Encontra Jequi\u00e9\" \/>\n\t\t<meta property=\"og:description\" content=\"Guarda Civil Municipal inicia curso de aperfei\u00e7oamento em Jequi\u00e9.\" \/>\n\t\t<meta property=\"og:url\" content=\"https:\/\/www.encontrajequie.com.br\/sobre\/prefeitura-de-jequie-e-cipe\/\" \/>\n\t\t<meta property=\"article:published_time\" content=\"2026-06-23T06:43:26+00:00\" \/>\n\t\t<meta property=\"article:modified_time\" content=\"2026-06-23T06:43:26+00:00\" \/>\n\t\t<meta name=\"twitter:card\" content=\"summary_large_image\" \/>\n\t\t<meta name=\"twitter:title\" content=\"Prefeitura de Jequi\u00e9 e CIPE | Encontra Jequi\u00e9\" \/>\n\t\t<meta name=\"twitter:description\" content=\"Guarda Civil Municipal inicia curso de aperfei\u00e7oamento em Jequi\u00e9.\" \/>\n\t\t<script type=\"application\/ld+json\" class=\"aioseo-schema\">\n\t\t\t{\"@context\":\"https:\\\/\\\/schema.org\",\"@graph\":[{\"@type\":\"Article\",\"@id\":\"https:\\\/\\\/www.encontrajequie.com.br\\\/sobre\\\/prefeitura-de-jequie-e-cipe\\\/#article\",\"name\":\"Prefeitura de Jequi\\u00e9 e CIPE | Encontra Jequi\\u00e9\",\"headline\":\"Prefeitura de Jequi\\u00e9 e CIPE\",\"author\":{\"@id\":\"https:\\\/\\\/www.encontrajequie.com.br\\\/sobre\\\/author\\\/ejequie\\\/#author\"},\"publisher\":{\"@id\":\"https:\\\/\\\/www.encontrajequie.com.br\\\/sobre\\\/#organization\"},\"image\":{\"@type\":\"ImageObject\",\"url\":\"https:\\\/\\\/www.encontrajequie.com.br\\\/sobre\\\/wp-content\\\/uploads\\\/2026\\\/06\\\/prefeitura-de-jequie-e-cipe.webp\",\"width\":280,\"height\":280,\"caption\":\"Guarda Civil Municipal\"},\"datePublished\":\"2026-06-23T03:43:26-03:00\",\"dateModified\":\"2026-06-23T03:43:26-03:00\",\"inLanguage\":\"pt-BR\",\"mainEntityOfPage\":{\"@id\":\"https:\\\/\\\/www.encontrajequie.com.br\\\/sobre\\\/prefeitura-de-jequie-e-cipe\\\/#webpage\"},\"isPartOf\":{\"@id\":\"https:\\\/\\\/www.encontrajequie.com.br\\\/sobre\\\/prefeitura-de-jequie-e-cipe\\\/#webpage\"},\"articleSection\":\"Not\\u00edcias Jequi\\u00e9\"},{\"@type\":\"BreadcrumbList\",\"@id\":\"https:\\\/\\\/www.encontrajequie.com.br\\\/sobre\\\/prefeitura-de-jequie-e-cipe\\\/#breadcrumblist\",\"itemListElement\":[{\"@type\":\"ListItem\",\"@id\":\"https:\\\/\\\/www.encontrajequie.com.br\\\/sobre#listItem\",\"position\":1,\"name\":\"Home\",\"item\":\"https:\\\/\\\/www.encontrajequie.com.br\\\/sobre\",\"nextItem\":{\"@type\":\"ListItem\",\"@id\":\"https:\\\/\\\/www.encontrajequie.com.br\\\/sobre\\\/noticias-em-jequie\\\/#listItem\",\"name\":\"Not\\u00edcias Jequi\\u00e9\"}},{\"@type\":\"ListItem\",\"@id\":\"https:\\\/\\\/www.encontrajequie.com.br\\\/sobre\\\/noticias-em-jequie\\\/#listItem\",\"position\":2,\"name\":\"Not\\u00edcias Jequi\\u00e9\",\"item\":\"https:\\\/\\\/www.encontrajequie.com.br\\\/sobre\\\/noticias-em-jequie\\\/\",\"nextItem\":{\"@type\":\"ListItem\",\"@id\":\"https:\\\/\\\/www.encontrajequie.com.br\\\/sobre\\\/prefeitura-de-jequie-e-cipe\\\/#listItem\",\"name\":\"Prefeitura de Jequi\\u00e9 e CIPE\"},\"previousItem\":{\"@type\":\"ListItem\",\"@id\":\"https:\\\/\\\/www.encontrajequie.com.br\\\/sobre#listItem\",\"name\":\"Home\"}},{\"@type\":\"ListItem\",\"@id\":\"https:\\\/\\\/www.encontrajequie.com.br\\\/sobre\\\/prefeitura-de-jequie-e-cipe\\\/#listItem\",\"position\":3,\"name\":\"Prefeitura de Jequi\\u00e9 e CIPE\",\"previousItem\":{\"@type\":\"ListItem\",\"@id\":\"https:\\\/\\\/www.encontrajequie.com.br\\\/sobre\\\/noticias-em-jequie\\\/#listItem\",\"name\":\"Not\\u00edcias Jequi\\u00e9\"}}]},{\"@type\":\"Organization\",\"@id\":\"https:\\\/\\\/www.encontrajequie.com.br\\\/sobre\\\/#organization\",\"name\":\"Encontra Jequi\\u00e9\",\"description\":\"Not\\u00edcias, eventos, informa\\u00e7\\u00f5es e dicas na cidade de Jequi\\u00e9 e regi\\u00e3o.\",\"url\":\"https:\\\/\\\/www.encontrajequie.com.br\\\/sobre\\\/\"},{\"@type\":\"Person\",\"@id\":\"https:\\\/\\\/www.encontrajequie.com.br\\\/sobre\\\/author\\\/ejequie\\\/#author\",\"url\":\"https:\\\/\\\/www.encontrajequie.com.br\\\/sobre\\\/author\\\/ejequie\\\/\",\"name\":\"Encontra Jequi\\u00e9\",\"image\":{\"@type\":\"ImageObject\",\"@id\":\"https:\\\/\\\/www.encontrajequie.com.br\\\/sobre\\\/prefeitura-de-jequie-e-cipe\\\/#authorImage\",\"url\":\"https:\\\/\\\/secure.gravatar.com\\\/avatar\\\/507340682b8270222e1f208e23198b6ae7e2c6a1033ae84e99bc6bce4f82a387?s=96&d=mm&r=g\",\"width\":96,\"height\":96,\"caption\":\"Encontra Jequi\\u00e9\"}},{\"@type\":\"WebPage\",\"@id\":\"https:\\\/\\\/www.encontrajequie.com.br\\\/sobre\\\/prefeitura-de-jequie-e-cipe\\\/#webpage\",\"url\":\"https:\\\/\\\/www.encontrajequie.com.br\\\/sobre\\\/prefeitura-de-jequie-e-cipe\\\/\",\"name\":\"Prefeitura de Jequi\\u00e9 e CIPE | Encontra Jequi\\u00e9\",\"description\":\"Guarda Civil Municipal inicia curso de aperfei\\u00e7oamento em Jequi\\u00e9.\",\"inLanguage\":\"pt-BR\",\"isPartOf\":{\"@id\":\"https:\\\/\\\/www.encontrajequie.com.br\\\/sobre\\\/#website\"},\"breadcrumb\":{\"@id\":\"https:\\\/\\\/www.encontrajequie.com.br\\\/sobre\\\/prefeitura-de-jequie-e-cipe\\\/#breadcrumblist\"},\"author\":{\"@id\":\"https:\\\/\\\/www.encontrajequie.com.br\\\/sobre\\\/author\\\/ejequie\\\/#author\"},\"creator\":{\"@id\":\"https:\\\/\\\/www.encontrajequie.com.br\\\/sobre\\\/author\\\/ejequie\\\/#author\"},\"image\":{\"@type\":\"ImageObject\",\"url\":\"https:\\\/\\\/www.encontrajequie.com.br\\\/sobre\\\/wp-content\\\/uploads\\\/2026\\\/06\\\/prefeitura-de-jequie-e-cipe.webp\",\"@id\":\"https:\\\/\\\/www.encontrajequie.com.br\\\/sobre\\\/prefeitura-de-jequie-e-cipe\\\/#mainImage\",\"width\":280,\"height\":280,\"caption\":\"Guarda Civil Municipal\"},\"primaryImageOfPage\":{\"@id\":\"https:\\\/\\\/www.encontrajequie.com.br\\\/sobre\\\/prefeitura-de-jequie-e-cipe\\\/#mainImage\"},\"datePublished\":\"2026-06-23T03:43:26-03:00\",\"dateModified\":\"2026-06-23T03:43:26-03:00\"},{\"@type\":\"WebSite\",\"@id\":\"https:\\\/\\\/www.encontrajequie.com.br\\\/sobre\\\/#website\",\"url\":\"https:\\\/\\\/www.encontrajequie.com.br\\\/sobre\\\/\",\"name\":\"Encontra Jequi\\u00e9\",\"description\":\"Not\\u00edcias, eventos, informa\\u00e7\\u00f5es e dicas na cidade de Jequi\\u00e9 e regi\\u00e3o.\",\"inLanguage\":\"pt-BR\",\"publisher\":{\"@id\":\"https:\\\/\\\/www.encontrajequie.com.br\\\/sobre\\\/#organization\"}}]}\n\t\t<\/script>\n\t\t<!-- All in One SEO -->\n\n","aioseo_head_json":{"title":"Prefeitura de Jequi\u00e9 e CIPE | Encontra Jequi\u00e9","description":"Guarda Civil Municipal inicia curso de aperfei\u00e7oamento em Jequi\u00e9.","canonical_url":"https:\/\/www.encontrajequie.com.br\/sobre\/prefeitura-de-jequie-e-cipe\/","robots":"max-image-preview:large","keywords":"","webmasterTools":{"miscellaneous":""},"schema":{"@context":"https:\/\/schema.org","@graph":[{"@type":"Article","@id":"https:\/\/www.encontrajequie.com.br\/sobre\/prefeitura-de-jequie-e-cipe\/#article","name":"Prefeitura de Jequi\u00e9 e CIPE | Encontra Jequi\u00e9","headline":"Prefeitura de Jequi\u00e9 e CIPE","author":{"@id":"https:\/\/www.encontrajequie.com.br\/sobre\/author\/ejequie\/#author"},"publisher":{"@id":"https:\/\/www.encontrajequie.com.br\/sobre\/#organization"},"image":{"@type":"ImageObject","url":"https:\/\/www.encontrajequie.com.br\/sobre\/wp-content\/uploads\/2026\/06\/prefeitura-de-jequie-e-cipe.webp","width":280,"height":280,"caption":"Guarda Civil Municipal"},"datePublished":"2026-06-23T03:43:26-03:00","dateModified":"2026-06-23T03:43:26-03:00","inLanguage":"pt-BR","mainEntityOfPage":{"@id":"https:\/\/www.encontrajequie.com.br\/sobre\/prefeitura-de-jequie-e-cipe\/#webpage"},"isPartOf":{"@id":"https:\/\/www.encontrajequie.com.br\/sobre\/prefeitura-de-jequie-e-cipe\/#webpage"},"articleSection":"Not\u00edcias Jequi\u00e9"},{"@type":"BreadcrumbList","@id":"https:\/\/www.encontrajequie.com.br\/sobre\/prefeitura-de-jequie-e-cipe\/#breadcrumblist","itemListElement":[{"@type":"ListItem","@id":"https:\/\/www.encontrajequie.com.br\/sobre#listItem","position":1,"name":"Home","item":"https:\/\/www.encontrajequie.com.br\/sobre","nextItem":{"@type":"ListItem","@id":"https:\/\/www.encontrajequie.com.br\/sobre\/noticias-em-jequie\/#listItem","name":"Not\u00edcias Jequi\u00e9"}},{"@type":"ListItem","@id":"https:\/\/www.encontrajequie.com.br\/sobre\/noticias-em-jequie\/#listItem","position":2,"name":"Not\u00edcias Jequi\u00e9","item":"https:\/\/www.encontrajequie.com.br\/sobre\/noticias-em-jequie\/","nextItem":{"@type":"ListItem","@id":"https:\/\/www.encontrajequie.com.br\/sobre\/prefeitura-de-jequie-e-cipe\/#listItem","name":"Prefeitura de Jequi\u00e9 e CIPE"},"previousItem":{"@type":"ListItem","@id":"https:\/\/www.encontrajequie.com.br\/sobre#listItem","name":"Home"}},{"@type":"ListItem","@id":"https:\/\/www.encontrajequie.com.br\/sobre\/prefeitura-de-jequie-e-cipe\/#listItem","position":3,"name":"Prefeitura de Jequi\u00e9 e CIPE","previousItem":{"@type":"ListItem","@id":"https:\/\/www.encontrajequie.com.br\/sobre\/noticias-em-jequie\/#listItem","name":"Not\u00edcias Jequi\u00e9"}}]},{"@type":"Organization","@id":"https:\/\/www.encontrajequie.com.br\/sobre\/#organization","name":"Encontra Jequi\u00e9","description":"Not\u00edcias, eventos, informa\u00e7\u00f5es e dicas na cidade de Jequi\u00e9 e regi\u00e3o.","url":"https:\/\/www.encontrajequie.com.br\/sobre\/"},{"@type":"Person","@id":"https:\/\/www.encontrajequie.com.br\/sobre\/author\/ejequie\/#author","url":"https:\/\/www.encontrajequie.com.br\/sobre\/author\/ejequie\/","name":"Encontra Jequi\u00e9","image":{"@type":"ImageObject","@id":"https:\/\/www.encontrajequie.com.br\/sobre\/prefeitura-de-jequie-e-cipe\/#authorImage","url":"https:\/\/secure.gravatar.com\/avatar\/507340682b8270222e1f208e23198b6ae7e2c6a1033ae84e99bc6bce4f82a387?s=96&d=mm&r=g","width":96,"height":96,"caption":"Encontra Jequi\u00e9"}},{"@type":"WebPage","@id":"https:\/\/www.encontrajequie.com.br\/sobre\/prefeitura-de-jequie-e-cipe\/#webpage","url":"https:\/\/www.encontrajequie.com.br\/sobre\/prefeitura-de-jequie-e-cipe\/","name":"Prefeitura de Jequi\u00e9 e CIPE | Encontra Jequi\u00e9","description":"Guarda Civil Municipal inicia curso de aperfei\u00e7oamento em Jequi\u00e9.","inLanguage":"pt-BR","isPartOf":{"@id":"https:\/\/www.encontrajequie.com.br\/sobre\/#website"},"breadcrumb":{"@id":"https:\/\/www.encontrajequie.com.br\/sobre\/prefeitura-de-jequie-e-cipe\/#breadcrumblist"},"author":{"@id":"https:\/\/www.encontrajequie.com.br\/sobre\/author\/ejequie\/#author"},"creator":{"@id":"https:\/\/www.encontrajequie.com.br\/sobre\/author\/ejequie\/#author"},"image":{"@type":"ImageObject","url":"https:\/\/www.encontrajequie.com.br\/sobre\/wp-content\/uploads\/2026\/06\/prefeitura-de-jequie-e-cipe.webp","@id":"https:\/\/www.encontrajequie.com.br\/sobre\/prefeitura-de-jequie-e-cipe\/#mainImage","width":280,"height":280,"caption":"Guarda Civil Municipal"},"primaryImageOfPage":{"@id":"https:\/\/www.encontrajequie.com.br\/sobre\/prefeitura-de-jequie-e-cipe\/#mainImage"},"datePublished":"2026-06-23T03:43:26-03:00","dateModified":"2026-06-23T03:43:26-03:00"},{"@type":"WebSite","@id":"https:\/\/www.encontrajequie.com.br\/sobre\/#website","url":"https:\/\/www.encontrajequie.com.br\/sobre\/","name":"Encontra Jequi\u00e9","description":"Not\u00edcias, eventos, informa\u00e7\u00f5es e dicas na cidade de Jequi\u00e9 e regi\u00e3o.","inLanguage":"pt-BR","publisher":{"@id":"https:\/\/www.encontrajequie.com.br\/sobre\/#organization"}}]},"og:locale":"pt_BR","og:site_name":"Encontra Jequi\u00e9 | Not\u00edcias, eventos, informa\u00e7\u00f5es e dicas na cidade de Jequi\u00e9 e regi\u00e3o.","og:type":"article","og:title":"Prefeitura de Jequi\u00e9 e CIPE | Encontra Jequi\u00e9","og:description":"Guarda Civil Municipal inicia curso de aperfei\u00e7oamento em Jequi\u00e9.","og:url":"https:\/\/www.encontrajequie.com.br\/sobre\/prefeitura-de-jequie-e-cipe\/","article:published_time":"2026-06-23T06:43:26+00:00","article:modified_time":"2026-06-23T06:43:26+00:00","twitter:card":"summary_large_image","twitter:title":"Prefeitura de Jequi\u00e9 e CIPE | Encontra Jequi\u00e9","twitter:description":"Guarda Civil Municipal inicia curso de aperfei\u00e7oamento em Jequi\u00e9."},"aioseo_meta_data":{"post_id":"1301","title":null,"description":null,"keywords":null,"keyphrases":null,"primary_term":null,"canonical_url":null,"og_title":null,"og_description":null,"og_object_type":"default","og_image_type":"default","og_image_url":null,"og_image_width":null,"og_image_height":null,"og_image_custom_url":null,"og_image_custom_fields":null,"og_video":null,"og_custom_url":null,"og_article_section":null,"og_article_tags":null,"twitter_use_og":false,"twitter_card":"default","twitter_image_type":"default","twitter_image_url":null,"twitter_image_custom_url":null,"twitter_image_custom_fields":null,"twitter_title":null,"twitter_description":null,"schema":{"blockGraphs":[],"customGraphs":[],"default":{"data":{"Article":[],"Course":[],"Dataset":[],"FAQPage":[],"Movie":[],"Person":[],"Product":[],"ProductReview":[],"Car":[],"Recipe":[],"Service":[],"SoftwareApplication":[],"WebPage":[]},"graphName":"Article","isEnabled":true},"graphs":[]},"schema_type":"default","schema_type_options":null,"pillar_content":false,"robots_default":true,"robots_noindex":false,"robots_noarchive":false,"robots_nosnippet":false,"robots_nofollow":false,"robots_noimageindex":false,"robots_noodp":false,"robots_notranslate":false,"robots_max_snippet":null,"robots_max_videopreview":null,"robots_max_imagepreview":"large","priority":null,"frequency":null,"local_seo":null,"breadcrumb_settings":null,"limit_modified_date":false,"ai":null,"created":"2026-06-23 06:43:31","updated":"2026-06-23 06:52:31","focus_keyword":null,"additional_keywords":null,"truseo_locale":null,"seo_analyzer_scan_date":null},"aioseo_breadcrumb":"<div class=\"aioseo-breadcrumbs\"><span class=\"aioseo-breadcrumb\">\n\t\t\t<a href=\"https:\/\/www.encontrajequie.com.br\/sobre\" title=\"Home\">Home<\/a>\n\t\t<\/span><span class=\"aioseo-breadcrumb-separator\">&raquo;<\/span><span class=\"aioseo-breadcrumb\">\n\t\t\t<a href=\"https:\/\/www.encontrajequie.com.br\/sobre\/noticias-em-jequie\/\" title=\"Not\u00edcias Jequi\u00e9\">Not\u00edcias Jequi\u00e9<\/a>\n\t\t<\/span><span class=\"aioseo-breadcrumb-separator\">&raquo;<\/span><span class=\"aioseo-breadcrumb\">\n\t\t\tPrefeitura de Jequi\u00e9 e CIPE\n\t\t<\/span><\/div>","aioseo_breadcrumb_json":[{"label":"Home","link":"https:\/\/www.encontrajequie.com.br\/sobre"},{"label":"Not\u00edcias Jequi\u00e9","link":"https:\/\/www.encontrajequie.com.br\/sobre\/noticias-em-jequie\/"},{"label":"Prefeitura de Jequi\u00e9 e CIPE","link":"https:\/\/www.encontrajequie.com.br\/sobre\/prefeitura-de-jequie-e-cipe\/"}],"_links":{"self":[{"href":"https:\/\/www.encontrajequie.com.br\/sobre\/wp-json\/wp\/v2\/posts\/1301","targetHints":{"allow":["GET"]}}],"collection":[{"href":"https:\/\/www.encontrajequie.com.br\/sobre\/wp-json\/wp\/v2\/posts"}],"about":[{"href":"https:\/\/www.encontrajequie.com.br\/sobre\/wp-json\/wp\/v2\/types\/post"}],"author":[{"embeddable":true,"href":"https:\/\/www.encontrajequie.com.br\/sobre\/wp-json\/wp\/v2\/users\/1"}],"replies":[{"embeddable":true,"href":"https:\/\/www.encontrajequie.com.br\/sobre\/wp-json\/wp\/v2\/comments?post=1301"}],"version-history":[{"count":0,"href":"https:\/\/www.encontrajequie.com.br\/sobre\/wp-json\/wp\/v2\/posts\/1301\/revisions"}],"wp:featuredmedia":[{"embeddable":true,"href":"https:\/\/www.encontrajequie.com.br\/sobre\/wp-json\/wp\/v2\/media\/1300"}],"wp:attachment":[{"href":"https:\/\/www.encontrajequie.com.br\/sobre\/wp-json\/wp\/v2\/media?parent=1301"}],"wp:term":[{"taxonomy":"category","embeddable":true,"href":"https:\/\/www.encontrajequie.com.br\/sobre\/wp-json\/wp\/v2\/categories?post=1301"},{"taxonomy":"post_tag","embeddable":true,"href":"https:\/\/www.encontrajequie.com.br\/sobre\/wp-json\/wp\/v2\/tags?post=1301"}],"curies":[{"name":"wp","href":"https:\/\/api.w.org\/{rel}","templated":true}]}}