{"id":1317,"date":"2026-06-27T03:40:48","date_gmt":"2026-06-27T06:40:48","guid":{"rendered":"https:\/\/www.encontrajequie.com.br\/sobre\/apos-11-dias-de-vila-junina-e-6-dias-de-praca-da-bandeira-sao-joao-de-jequie-e-encerrado-com-shows-de-klessinha-filomena-bagaceira-nattan-e-toque-dez\/"},"modified":"2026-06-27T03:40:48","modified_gmt":"2026-06-27T06:40:48","slug":"apos-11-dias-de-vila-junina-e-6-dias-de-praca-da-bandeira-sao-joao-de-jequie-e-encerrado-com-shows-de-klessinha-filomena-bagaceira-nattan-e-toque-dez","status":"publish","type":"post","link":"https:\/\/www.encontrajequie.com.br\/sobre\/apos-11-dias-de-vila-junina-e-6-dias-de-praca-da-bandeira-sao-joao-de-jequie-e-encerrado-com-shows-de-klessinha-filomena-bagaceira-nattan-e-toque-dez\/","title":{"rendered":"Ap\u00f3s 11 dias de Vila Junina e 6 dias de Pra\u00e7a da Bandeira, S\u00e3o Jo\u00e3o de Jequi\u00e9 \u00e9 encerrado com shows de Klessinha, Filomena Bagaceira, Nattan e Toque Dez"},"content":{"rendered":"<div class=\"30cf832dc5940d4704f66d0ed9a44050\" data-index=\"1\" style=\"float: none; margin:0px;\">\n<!-- Anuncio display - global -->\r\n<ins class=\"adsbygoogle\"\r\n     style=\"display:block\"\r\n     data-ad-client=\"ca-pub-8585364105181520\"\r\n     data-ad-slot=\"8789329856\"\r\n     data-ad-format=\"auto\"\r\n     data-full-width-responsive=\"true\"><\/ins>\r\n<script>\r\n     (adsbygoogle = window.adsbygoogle || []).push({});\r\n<\/script>\n<\/div>\n<h2>Celebra\u00e7\u00e3o Cultural e Espet\u00e1culos<\/h2>\n<p>A edi\u00e7\u00e3o de 2026 do S\u00e3o Jo\u00e3o de Jequi\u00e9, promovida pela Prefeitura local, atrav\u00e9s da Secretaria de Cultura e Turismo, transformou-se em um verdadeiro espet\u00e1culo de celebra\u00e7\u00e3o cultural. Durante 11 dias, a Vila Junina na Pra\u00e7a Rui Barbosa trouxe um ambiente vibrante, repleto de atividades que exaltaram tradi\u00e7\u00f5es nordestinas. Ao mesmo tempo, o circuito da Pra\u00e7a da Bandeira abrigou shows que encantaram milhares de visitantes com performances vibrantes, celebrando a cultura e a m\u00fasica do Brasil.<\/p>\n<h2>Lineup Estelar dos Artistas<\/h2>\n<p>A programa\u00e7\u00e3o deste ano contou com um lineup estelar, reunindo grandes nomes da m\u00fasica brasileira, como Elba Ramalho, Jaldo Rodrigues, e Jo\u00e3o Gomes, al\u00e9m de artistas emergentes como Klessinha, Nattan e Toque Dez. A diversidade musical n\u00e3o s\u00f3 trouxe diferentes estilos, como tamb\u00e9m atraiu uma audi\u00eancia variada, contribuindo para o aumento do prest\u00edgio do evento e confirmando Jequi\u00e9 como um polo dos festejos juninos no Brasil.<\/p>\n<h2>Impacto Econ\u00f4mico e Tur\u00edstico<\/h2>\n<p>O S\u00e3o Jo\u00e3o de Jequi\u00e9 tem um impacto significativo na economia local. Com o aumento no fluxo de turistas, muitos comerciantes experimentaram um aquecimento nas vendas. O evento promoveu a gera\u00e7\u00e3o de emprego, evidenciando a import\u00e2ncia dos festejos para o desenvolvimento econ\u00f4mico da cidade. O prefeito Fl\u00e1vio Santana ressaltou como o evento movimentou a economia local, beneficiando diversos segmentos, desde a hotelaria at\u00e9 os servi\u00e7os de alimenta\u00e7\u00e3o.<\/p>\n<p><img decoding=\"async\" src=\"https:\/\/www.encontrajequie.com.br\/sobre\/wp-content\/uploads\/2026\/06\/apos-11-dias-de-vila-junina-e-6-dias-de-praca-da-bandeira-sao-joao-de-jequie-e-encerrado-com-shows-d.webp\" alt=\"S\u00e3o Jo\u00e3o de Jequi\u00e9\" loading=\"lazy\" \/><\/p>\n<h2>Organiza\u00e7\u00e3o e Seguran\u00e7a do Evento<\/h2>\n<p>A organiza\u00e7\u00e3o do evento foi amplamente elogiada. Com um planejamento minucioso, a seguran\u00e7a e a log\u00edstica foram eficazes em garantir a tranquilidade dos participantes. Medidas de seguran\u00e7a foram intensificadas, e equipes de apoio estiveram presentes para assegurar que todos desfrutassem a festa em um ambiente seguro e acolhedor. Essa prepara\u00e7\u00e3o foi fundamental para o sucesso do evento, permitindo que a celebra\u00e7\u00e3o ocorresse sem incidentes significativos.<\/p>\n<h2>Dez Anos de Tradi\u00e7\u00e3o Junina<\/h2>\n<p>Celebrando uma d\u00e9cada de festa, o S\u00e3o Jo\u00e3o de Jequi\u00e9 solidificou sua reputa\u00e7\u00e3o como &#8220;Melhor S\u00e3o Jo\u00e3o da Bahia\u201d. Essa tradi\u00e7\u00e3o foi comemorada com uma programa\u00e7\u00e3o repleta de atra\u00e7\u00f5es que refletiram a riqueza cultural da regi\u00e3o. O evento n\u00e3o apenas perpetua as tradi\u00e7\u00f5es, mas tamb\u00e9m as reinventa, atraindo novos p\u00fablicos e mantendo viva a ess\u00eancia das festividades juninas.<\/p>\n<h2>Abertura com a Vila Junina<\/h2>\n<p>A abertura desta edi\u00e7\u00e3o deu-se com a Vila Junina, que propiciou um espa\u00e7o ideal para as fam\u00edlias, com comidas t\u00edpicas, atra\u00e7\u00f5es culturais e muito forr\u00f3. Durante esses dias, o ambiente foi tomado por cores, sons e sabores que celebram as ra\u00edzes nordestinas. Foi um momento perfeito para vivenciar a cultura, promovendo intera\u00e7\u00e3o entre os visitantes e as tradi\u00e7\u00f5es locais.<\/p>\n<h2>Atra\u00e7\u00f5es da Pra\u00e7a da Bandeira<\/h2>\n<p>Os shows na Pra\u00e7a da Bandeira foram uma das principais atra\u00e7\u00f5es do evento. A programa\u00e7\u00e3o teve in\u00edcio com apresenta\u00e7\u00f5es de grupos locais, preparando o clima para grandes nomes que se apresentaram ao longo da festa. O espa\u00e7o acolheu shows de diferentes estilos, desde forr\u00f3 tradicional at\u00e9 propostas mais modernas, ampliando o repert\u00f3rio musical apresentado.<\/p>\n<h2>Depoimentos do Prefeito Fl\u00e1vio<\/h2>\n<p>O prefeito Fl\u00e1vio Santana fez um balan\u00e7o positivo sobre o evento, expressando sua gratid\u00e3o em um discurso entusiasmado: &#8220;Encerramos mais uma edi\u00e7\u00e3o do Melhor S\u00e3o Jo\u00e3o da Bahia com o sentimento de dever cumprido! Foram dias de muita alegria, cultura, gera\u00e7\u00e3o de emprego e renda, movimentando a nossa economia e fortalecendo as nossas tradi\u00e7\u00f5es&#8221;. Sua declara\u00e7\u00e3o evidencia o compromisso da administra\u00e7\u00e3o municipal com a cultura e o bem-estar da popula\u00e7\u00e3o.<\/p>\n<h2>Euforia e Alegria na \u00daltima Noite<\/h2>\n<p>A \u00faltima noite do S\u00e3o Jo\u00e3o de Jequi\u00e9 foi marcada por pura euforia. Com a presen\u00e7a de Klessinha, Filomena Bagaceira e Nattan, o p\u00fablico se entregou \u00e0 divers\u00e3o at\u00e9 as primeiras horas da manh\u00e3. A mistura de emo\u00e7\u00f5es e celebra\u00e7\u00e3o foi palp\u00e1vel, com a atmosfera vibrante sendo preenchida por cantos e dan\u00e7as. Este encerramento memor\u00e1vel reafirmou o sucesso do evento, com o p\u00fablico ansioso para o pr\u00f3ximo ano.<\/p>\n<h2>Planos Futuros para o S\u00e3o Jo\u00e3o de Jequi\u00e9<\/h2>\n<p>Com o sucesso deste ano, a Prefeitura de Jequi\u00e9 j\u00e1 come\u00e7a a planejar a pr\u00f3xima edi\u00e7\u00e3o do S\u00e3o Jo\u00e3o. Entre os planos, est\u00e1 a amplia\u00e7\u00e3o das atra\u00e7\u00f5es, buscando incluir novas experi\u00eancias que possam cativar ainda mais os visitantes. A expectativa \u00e9 que Jequi\u00e9 continue a ser um dos principais destinos para os festejos juninos, mantendo viva a chama dessa tradi\u00e7\u00e3o t\u00e3o rica e significativa para a cultura brasileira.<\/p>\n\n<div style=\"font-size: 0px; height: 0px; line-height: 0px; margin: 0; padding: 0; clear: both;\"><\/div>","protected":false},"excerpt":{"rendered":"<p>S\u00e3o Jo\u00e3o de Jequi\u00e9 termina com grandes shows e celebra\u00e7\u00e3o cultural.<\/p>\n","protected":false},"author":1,"featured_media":1316,"comment_status":"open","ping_status":"closed","sticky":false,"template":"","format":"standard","meta":{"footnotes":""},"categories":[1],"tags":[],"class_list":["post-1317","post","type-post","status-publish","format-standard","has-post-thumbnail","hentry","category-noticias-em-jequie","has_thumb"],"aioseo_notices":[],"aioseo_head":"\n\t\t<!-- All in One SEO 5.0.0.1 - aioseo.com -->\n\t<meta name=\"description\" content=\"S\u00e3o Jo\u00e3o de Jequi\u00e9 termina com grandes shows e celebra\u00e7\u00e3o cultural.\" \/>\n\t<meta name=\"robots\" content=\"max-image-preview:large\" \/>\n\t<meta name=\"author\" content=\"Encontra Jequi\u00e9\"\/>\n\t<link rel=\"canonical\" href=\"https:\/\/www.encontrajequie.com.br\/sobre\/apos-11-dias-de-vila-junina-e-6-dias-de-praca-da-bandeira-sao-joao-de-jequie-e-encerrado-com-shows-de-klessinha-filomena-bagaceira-nattan-e-toque-dez\/\" \/>\n\t<meta name=\"generator\" content=\"All in One SEO (AIOSEO) 5.0.0.1\" \/>\n\t\t<meta property=\"og:locale\" content=\"pt_BR\" \/>\n\t\t<meta property=\"og:site_name\" content=\"Encontra Jequi\u00e9 | Not\u00edcias, eventos, informa\u00e7\u00f5es e dicas na cidade de Jequi\u00e9 e regi\u00e3o.\" \/>\n\t\t<meta property=\"og:type\" content=\"article\" \/>\n\t\t<meta property=\"og:title\" content=\"Ap\u00f3s 11 dias de Vila Junina e 6 dias de Pra\u00e7a da Bandeira, S\u00e3o Jo\u00e3o de Jequi\u00e9 \u00e9 encerrado com shows de Klessinha, Filomena Bagaceira, Nattan e Toque Dez | Encontra Jequi\u00e9\" \/>\n\t\t<meta property=\"og:description\" content=\"S\u00e3o Jo\u00e3o de Jequi\u00e9 termina com grandes shows e celebra\u00e7\u00e3o cultural.\" \/>\n\t\t<meta property=\"og:url\" content=\"https:\/\/www.encontrajequie.com.br\/sobre\/apos-11-dias-de-vila-junina-e-6-dias-de-praca-da-bandeira-sao-joao-de-jequie-e-encerrado-com-shows-de-klessinha-filomena-bagaceira-nattan-e-toque-dez\/\" \/>\n\t\t<meta property=\"article:published_time\" content=\"2026-06-27T06:40:48+00:00\" \/>\n\t\t<meta property=\"article:modified_time\" content=\"2026-06-27T06:40:48+00:00\" \/>\n\t\t<meta name=\"twitter:card\" content=\"summary_large_image\" \/>\n\t\t<meta name=\"twitter:title\" content=\"Ap\u00f3s 11 dias de Vila Junina e 6 dias de Pra\u00e7a da Bandeira, S\u00e3o Jo\u00e3o de Jequi\u00e9 \u00e9 encerrado com shows de Klessinha, Filomena Bagaceira, Nattan e Toque Dez | Encontra Jequi\u00e9\" \/>\n\t\t<meta name=\"twitter:description\" content=\"S\u00e3o Jo\u00e3o de Jequi\u00e9 termina com grandes shows e celebra\u00e7\u00e3o cultural.\" \/>\n\t\t<script type=\"application\/ld+json\" class=\"aioseo-schema\">\n\t\t\t{\"@context\":\"https:\\\/\\\/schema.org\",\"@graph\":[{\"@type\":\"Article\",\"@id\":\"https:\\\/\\\/www.encontrajequie.com.br\\\/sobre\\\/apos-11-dias-de-vila-junina-e-6-dias-de-praca-da-bandeira-sao-joao-de-jequie-e-encerrado-com-shows-de-klessinha-filomena-bagaceira-nattan-e-toque-dez\\\/#article\",\"name\":\"Ap\\u00f3s 11 dias de Vila Junina e 6 dias de Pra\\u00e7a da Bandeira, S\\u00e3o Jo\\u00e3o de Jequi\\u00e9 \\u00e9 encerrado com shows de Klessinha, Filomena Bagaceira, Nattan e Toque Dez | Encontra Jequi\\u00e9\",\"headline\":\"Ap\\u00f3s 11 dias de Vila Junina e 6 dias de Pra\\u00e7a da Bandeira, S\\u00e3o Jo\\u00e3o de Jequi\\u00e9 \\u00e9 encerrado com shows de Klessinha, Filomena Bagaceira, Nattan e Toque Dez\",\"author\":{\"@id\":\"https:\\\/\\\/www.encontrajequie.com.br\\\/sobre\\\/author\\\/ejequie\\\/#author\"},\"publisher\":{\"@id\":\"https:\\\/\\\/www.encontrajequie.com.br\\\/sobre\\\/#organization\"},\"image\":{\"@type\":\"ImageObject\",\"url\":\"https:\\\/\\\/www.encontrajequie.com.br\\\/sobre\\\/wp-content\\\/uploads\\\/2026\\\/06\\\/apos-11-dias-de-vila-junina-e-6-dias-de-praca-da-bandeira-sao-joao-de-jequie-e-encerrado-com-shows-d.webp\",\"width\":280,\"height\":280,\"caption\":\"S\\u00e3o Jo\\u00e3o de Jequi\\u00e9\"},\"datePublished\":\"2026-06-27T03:40:48-03:00\",\"dateModified\":\"2026-06-27T03:40:48-03:00\",\"inLanguage\":\"pt-BR\",\"mainEntityOfPage\":{\"@id\":\"https:\\\/\\\/www.encontrajequie.com.br\\\/sobre\\\/apos-11-dias-de-vila-junina-e-6-dias-de-praca-da-bandeira-sao-joao-de-jequie-e-encerrado-com-shows-de-klessinha-filomena-bagaceira-nattan-e-toque-dez\\\/#webpage\"},\"isPartOf\":{\"@id\":\"https:\\\/\\\/www.encontrajequie.com.br\\\/sobre\\\/apos-11-dias-de-vila-junina-e-6-dias-de-praca-da-bandeira-sao-joao-de-jequie-e-encerrado-com-shows-de-klessinha-filomena-bagaceira-nattan-e-toque-dez\\\/#webpage\"},\"articleSection\":\"Not\\u00edcias Jequi\\u00e9\"},{\"@type\":\"BreadcrumbList\",\"@id\":\"https:\\\/\\\/www.encontrajequie.com.br\\\/sobre\\\/apos-11-dias-de-vila-junina-e-6-dias-de-praca-da-bandeira-sao-joao-de-jequie-e-encerrado-com-shows-de-klessinha-filomena-bagaceira-nattan-e-toque-dez\\\/#breadcrumblist\",\"itemListElement\":[{\"@type\":\"ListItem\",\"@id\":\"https:\\\/\\\/www.encontrajequie.com.br\\\/sobre#listItem\",\"position\":1,\"name\":\"Home\",\"item\":\"https:\\\/\\\/www.encontrajequie.com.br\\\/sobre\",\"nextItem\":{\"@type\":\"ListItem\",\"@id\":\"https:\\\/\\\/www.encontrajequie.com.br\\\/sobre\\\/noticias-em-jequie\\\/#listItem\",\"name\":\"Not\\u00edcias Jequi\\u00e9\"}},{\"@type\":\"ListItem\",\"@id\":\"https:\\\/\\\/www.encontrajequie.com.br\\\/sobre\\\/noticias-em-jequie\\\/#listItem\",\"position\":2,\"name\":\"Not\\u00edcias Jequi\\u00e9\",\"item\":\"https:\\\/\\\/www.encontrajequie.com.br\\\/sobre\\\/noticias-em-jequie\\\/\",\"nextItem\":{\"@type\":\"ListItem\",\"@id\":\"https:\\\/\\\/www.encontrajequie.com.br\\\/sobre\\\/apos-11-dias-de-vila-junina-e-6-dias-de-praca-da-bandeira-sao-joao-de-jequie-e-encerrado-com-shows-de-klessinha-filomena-bagaceira-nattan-e-toque-dez\\\/#listItem\",\"name\":\"Ap\\u00f3s 11 dias de Vila Junina e 6 dias de Pra\\u00e7a da Bandeira, S\\u00e3o Jo\\u00e3o de Jequi\\u00e9 \\u00e9 encerrado com shows de Klessinha, Filomena Bagaceira, Nattan e Toque Dez\"},\"previousItem\":{\"@type\":\"ListItem\",\"@id\":\"https:\\\/\\\/www.encontrajequie.com.br\\\/sobre#listItem\",\"name\":\"Home\"}},{\"@type\":\"ListItem\",\"@id\":\"https:\\\/\\\/www.encontrajequie.com.br\\\/sobre\\\/apos-11-dias-de-vila-junina-e-6-dias-de-praca-da-bandeira-sao-joao-de-jequie-e-encerrado-com-shows-de-klessinha-filomena-bagaceira-nattan-e-toque-dez\\\/#listItem\",\"position\":3,\"name\":\"Ap\\u00f3s 11 dias de Vila Junina e 6 dias de Pra\\u00e7a da Bandeira, S\\u00e3o Jo\\u00e3o de Jequi\\u00e9 \\u00e9 encerrado com shows de Klessinha, Filomena Bagaceira, Nattan e Toque Dez\",\"previousItem\":{\"@type\":\"ListItem\",\"@id\":\"https:\\\/\\\/www.encontrajequie.com.br\\\/sobre\\\/noticias-em-jequie\\\/#listItem\",\"name\":\"Not\\u00edcias Jequi\\u00e9\"}}]},{\"@type\":\"Organization\",\"@id\":\"https:\\\/\\\/www.encontrajequie.com.br\\\/sobre\\\/#organization\",\"name\":\"Encontra Jequi\\u00e9\",\"description\":\"Not\\u00edcias, eventos, informa\\u00e7\\u00f5es e dicas na cidade de Jequi\\u00e9 e regi\\u00e3o.\",\"url\":\"https:\\\/\\\/www.encontrajequie.com.br\\\/sobre\\\/\"},{\"@type\":\"Person\",\"@id\":\"https:\\\/\\\/www.encontrajequie.com.br\\\/sobre\\\/author\\\/ejequie\\\/#author\",\"url\":\"https:\\\/\\\/www.encontrajequie.com.br\\\/sobre\\\/author\\\/ejequie\\\/\",\"name\":\"Encontra Jequi\\u00e9\",\"image\":{\"@type\":\"ImageObject\",\"@id\":\"https:\\\/\\\/www.encontrajequie.com.br\\\/sobre\\\/apos-11-dias-de-vila-junina-e-6-dias-de-praca-da-bandeira-sao-joao-de-jequie-e-encerrado-com-shows-de-klessinha-filomena-bagaceira-nattan-e-toque-dez\\\/#authorImage\",\"url\":\"https:\\\/\\\/secure.gravatar.com\\\/avatar\\\/507340682b8270222e1f208e23198b6ae7e2c6a1033ae84e99bc6bce4f82a387?s=96&d=mm&r=g\",\"width\":96,\"height\":96,\"caption\":\"Encontra Jequi\\u00e9\"}},{\"@type\":\"WebPage\",\"@id\":\"https:\\\/\\\/www.encontrajequie.com.br\\\/sobre\\\/apos-11-dias-de-vila-junina-e-6-dias-de-praca-da-bandeira-sao-joao-de-jequie-e-encerrado-com-shows-de-klessinha-filomena-bagaceira-nattan-e-toque-dez\\\/#webpage\",\"url\":\"https:\\\/\\\/www.encontrajequie.com.br\\\/sobre\\\/apos-11-dias-de-vila-junina-e-6-dias-de-praca-da-bandeira-sao-joao-de-jequie-e-encerrado-com-shows-de-klessinha-filomena-bagaceira-nattan-e-toque-dez\\\/\",\"name\":\"Ap\\u00f3s 11 dias de Vila Junina e 6 dias de Pra\\u00e7a da Bandeira, S\\u00e3o Jo\\u00e3o de Jequi\\u00e9 \\u00e9 encerrado com shows de Klessinha, Filomena Bagaceira, Nattan e Toque Dez | Encontra Jequi\\u00e9\",\"description\":\"S\\u00e3o Jo\\u00e3o de Jequi\\u00e9 termina com grandes shows e celebra\\u00e7\\u00e3o cultural.\",\"inLanguage\":\"pt-BR\",\"isPartOf\":{\"@id\":\"https:\\\/\\\/www.encontrajequie.com.br\\\/sobre\\\/#website\"},\"breadcrumb\":{\"@id\":\"https:\\\/\\\/www.encontrajequie.com.br\\\/sobre\\\/apos-11-dias-de-vila-junina-e-6-dias-de-praca-da-bandeira-sao-joao-de-jequie-e-encerrado-com-shows-de-klessinha-filomena-bagaceira-nattan-e-toque-dez\\\/#breadcrumblist\"},\"author\":{\"@id\":\"https:\\\/\\\/www.encontrajequie.com.br\\\/sobre\\\/author\\\/ejequie\\\/#author\"},\"creator\":{\"@id\":\"https:\\\/\\\/www.encontrajequie.com.br\\\/sobre\\\/author\\\/ejequie\\\/#author\"},\"image\":{\"@type\":\"ImageObject\",\"url\":\"https:\\\/\\\/www.encontrajequie.com.br\\\/sobre\\\/wp-content\\\/uploads\\\/2026\\\/06\\\/apos-11-dias-de-vila-junina-e-6-dias-de-praca-da-bandeira-sao-joao-de-jequie-e-encerrado-com-shows-d.webp\",\"@id\":\"https:\\\/\\\/www.encontrajequie.com.br\\\/sobre\\\/apos-11-dias-de-vila-junina-e-6-dias-de-praca-da-bandeira-sao-joao-de-jequie-e-encerrado-com-shows-de-klessinha-filomena-bagaceira-nattan-e-toque-dez\\\/#mainImage\",\"width\":280,\"height\":280,\"caption\":\"S\\u00e3o Jo\\u00e3o de Jequi\\u00e9\"},\"primaryImageOfPage\":{\"@id\":\"https:\\\/\\\/www.encontrajequie.com.br\\\/sobre\\\/apos-11-dias-de-vila-junina-e-6-dias-de-praca-da-bandeira-sao-joao-de-jequie-e-encerrado-com-shows-de-klessinha-filomena-bagaceira-nattan-e-toque-dez\\\/#mainImage\"},\"datePublished\":\"2026-06-27T03:40:48-03:00\",\"dateModified\":\"2026-06-27T03:40:48-03:00\"},{\"@type\":\"WebSite\",\"@id\":\"https:\\\/\\\/www.encontrajequie.com.br\\\/sobre\\\/#website\",\"url\":\"https:\\\/\\\/www.encontrajequie.com.br\\\/sobre\\\/\",\"name\":\"Encontra Jequi\\u00e9\",\"description\":\"Not\\u00edcias, eventos, informa\\u00e7\\u00f5es e dicas na cidade de Jequi\\u00e9 e regi\\u00e3o.\",\"inLanguage\":\"pt-BR\",\"publisher\":{\"@id\":\"https:\\\/\\\/www.encontrajequie.com.br\\\/sobre\\\/#organization\"}}]}\n\t\t<\/script>\n\t\t<!-- All in One SEO -->\n\n","aioseo_head_json":{"title":"Ap\u00f3s 11 dias de Vila Junina e 6 dias de Pra\u00e7a da Bandeira, S\u00e3o Jo\u00e3o de Jequi\u00e9 \u00e9 encerrado com shows de Klessinha, Filomena Bagaceira, Nattan e Toque Dez | Encontra Jequi\u00e9","description":"S\u00e3o Jo\u00e3o de Jequi\u00e9 termina com grandes shows e celebra\u00e7\u00e3o cultural.","canonical_url":"https:\/\/www.encontrajequie.com.br\/sobre\/apos-11-dias-de-vila-junina-e-6-dias-de-praca-da-bandeira-sao-joao-de-jequie-e-encerrado-com-shows-de-klessinha-filomena-bagaceira-nattan-e-toque-dez\/","robots":"max-image-preview:large","keywords":"","webmasterTools":{"miscellaneous":""},"schema":{"@context":"https:\/\/schema.org","@graph":[{"@type":"Article","@id":"https:\/\/www.encontrajequie.com.br\/sobre\/apos-11-dias-de-vila-junina-e-6-dias-de-praca-da-bandeira-sao-joao-de-jequie-e-encerrado-com-shows-de-klessinha-filomena-bagaceira-nattan-e-toque-dez\/#article","name":"Ap\u00f3s 11 dias de Vila Junina e 6 dias de Pra\u00e7a da Bandeira, S\u00e3o Jo\u00e3o de Jequi\u00e9 \u00e9 encerrado com shows de Klessinha, Filomena Bagaceira, Nattan e Toque Dez | Encontra Jequi\u00e9","headline":"Ap\u00f3s 11 dias de Vila Junina e 6 dias de Pra\u00e7a da Bandeira, S\u00e3o Jo\u00e3o de Jequi\u00e9 \u00e9 encerrado com shows de Klessinha, Filomena Bagaceira, Nattan e Toque Dez","author":{"@id":"https:\/\/www.encontrajequie.com.br\/sobre\/author\/ejequie\/#author"},"publisher":{"@id":"https:\/\/www.encontrajequie.com.br\/sobre\/#organization"},"image":{"@type":"ImageObject","url":"https:\/\/www.encontrajequie.com.br\/sobre\/wp-content\/uploads\/2026\/06\/apos-11-dias-de-vila-junina-e-6-dias-de-praca-da-bandeira-sao-joao-de-jequie-e-encerrado-com-shows-d.webp","width":280,"height":280,"caption":"S\u00e3o Jo\u00e3o de Jequi\u00e9"},"datePublished":"2026-06-27T03:40:48-03:00","dateModified":"2026-06-27T03:40:48-03:00","inLanguage":"pt-BR","mainEntityOfPage":{"@id":"https:\/\/www.encontrajequie.com.br\/sobre\/apos-11-dias-de-vila-junina-e-6-dias-de-praca-da-bandeira-sao-joao-de-jequie-e-encerrado-com-shows-de-klessinha-filomena-bagaceira-nattan-e-toque-dez\/#webpage"},"isPartOf":{"@id":"https:\/\/www.encontrajequie.com.br\/sobre\/apos-11-dias-de-vila-junina-e-6-dias-de-praca-da-bandeira-sao-joao-de-jequie-e-encerrado-com-shows-de-klessinha-filomena-bagaceira-nattan-e-toque-dez\/#webpage"},"articleSection":"Not\u00edcias Jequi\u00e9"},{"@type":"BreadcrumbList","@id":"https:\/\/www.encontrajequie.com.br\/sobre\/apos-11-dias-de-vila-junina-e-6-dias-de-praca-da-bandeira-sao-joao-de-jequie-e-encerrado-com-shows-de-klessinha-filomena-bagaceira-nattan-e-toque-dez\/#breadcrumblist","itemListElement":[{"@type":"ListItem","@id":"https:\/\/www.encontrajequie.com.br\/sobre#listItem","position":1,"name":"Home","item":"https:\/\/www.encontrajequie.com.br\/sobre","nextItem":{"@type":"ListItem","@id":"https:\/\/www.encontrajequie.com.br\/sobre\/noticias-em-jequie\/#listItem","name":"Not\u00edcias Jequi\u00e9"}},{"@type":"ListItem","@id":"https:\/\/www.encontrajequie.com.br\/sobre\/noticias-em-jequie\/#listItem","position":2,"name":"Not\u00edcias Jequi\u00e9","item":"https:\/\/www.encontrajequie.com.br\/sobre\/noticias-em-jequie\/","nextItem":{"@type":"ListItem","@id":"https:\/\/www.encontrajequie.com.br\/sobre\/apos-11-dias-de-vila-junina-e-6-dias-de-praca-da-bandeira-sao-joao-de-jequie-e-encerrado-com-shows-de-klessinha-filomena-bagaceira-nattan-e-toque-dez\/#listItem","name":"Ap\u00f3s 11 dias de Vila Junina e 6 dias de Pra\u00e7a da Bandeira, S\u00e3o Jo\u00e3o de Jequi\u00e9 \u00e9 encerrado com shows de Klessinha, Filomena Bagaceira, Nattan e Toque Dez"},"previousItem":{"@type":"ListItem","@id":"https:\/\/www.encontrajequie.com.br\/sobre#listItem","name":"Home"}},{"@type":"ListItem","@id":"https:\/\/www.encontrajequie.com.br\/sobre\/apos-11-dias-de-vila-junina-e-6-dias-de-praca-da-bandeira-sao-joao-de-jequie-e-encerrado-com-shows-de-klessinha-filomena-bagaceira-nattan-e-toque-dez\/#listItem","position":3,"name":"Ap\u00f3s 11 dias de Vila Junina e 6 dias de Pra\u00e7a da Bandeira, S\u00e3o Jo\u00e3o de Jequi\u00e9 \u00e9 encerrado com shows de Klessinha, Filomena Bagaceira, Nattan e Toque Dez","previousItem":{"@type":"ListItem","@id":"https:\/\/www.encontrajequie.com.br\/sobre\/noticias-em-jequie\/#listItem","name":"Not\u00edcias Jequi\u00e9"}}]},{"@type":"Organization","@id":"https:\/\/www.encontrajequie.com.br\/sobre\/#organization","name":"Encontra Jequi\u00e9","description":"Not\u00edcias, eventos, informa\u00e7\u00f5es e dicas na cidade de Jequi\u00e9 e regi\u00e3o.","url":"https:\/\/www.encontrajequie.com.br\/sobre\/"},{"@type":"Person","@id":"https:\/\/www.encontrajequie.com.br\/sobre\/author\/ejequie\/#author","url":"https:\/\/www.encontrajequie.com.br\/sobre\/author\/ejequie\/","name":"Encontra Jequi\u00e9","image":{"@type":"ImageObject","@id":"https:\/\/www.encontrajequie.com.br\/sobre\/apos-11-dias-de-vila-junina-e-6-dias-de-praca-da-bandeira-sao-joao-de-jequie-e-encerrado-com-shows-de-klessinha-filomena-bagaceira-nattan-e-toque-dez\/#authorImage","url":"https:\/\/secure.gravatar.com\/avatar\/507340682b8270222e1f208e23198b6ae7e2c6a1033ae84e99bc6bce4f82a387?s=96&d=mm&r=g","width":96,"height":96,"caption":"Encontra Jequi\u00e9"}},{"@type":"WebPage","@id":"https:\/\/www.encontrajequie.com.br\/sobre\/apos-11-dias-de-vila-junina-e-6-dias-de-praca-da-bandeira-sao-joao-de-jequie-e-encerrado-com-shows-de-klessinha-filomena-bagaceira-nattan-e-toque-dez\/#webpage","url":"https:\/\/www.encontrajequie.com.br\/sobre\/apos-11-dias-de-vila-junina-e-6-dias-de-praca-da-bandeira-sao-joao-de-jequie-e-encerrado-com-shows-de-klessinha-filomena-bagaceira-nattan-e-toque-dez\/","name":"Ap\u00f3s 11 dias de Vila Junina e 6 dias de Pra\u00e7a da Bandeira, S\u00e3o Jo\u00e3o de Jequi\u00e9 \u00e9 encerrado com shows de Klessinha, Filomena Bagaceira, Nattan e Toque Dez | Encontra Jequi\u00e9","description":"S\u00e3o Jo\u00e3o de Jequi\u00e9 termina com grandes shows e celebra\u00e7\u00e3o cultural.","inLanguage":"pt-BR","isPartOf":{"@id":"https:\/\/www.encontrajequie.com.br\/sobre\/#website"},"breadcrumb":{"@id":"https:\/\/www.encontrajequie.com.br\/sobre\/apos-11-dias-de-vila-junina-e-6-dias-de-praca-da-bandeira-sao-joao-de-jequie-e-encerrado-com-shows-de-klessinha-filomena-bagaceira-nattan-e-toque-dez\/#breadcrumblist"},"author":{"@id":"https:\/\/www.encontrajequie.com.br\/sobre\/author\/ejequie\/#author"},"creator":{"@id":"https:\/\/www.encontrajequie.com.br\/sobre\/author\/ejequie\/#author"},"image":{"@type":"ImageObject","url":"https:\/\/www.encontrajequie.com.br\/sobre\/wp-content\/uploads\/2026\/06\/apos-11-dias-de-vila-junina-e-6-dias-de-praca-da-bandeira-sao-joao-de-jequie-e-encerrado-com-shows-d.webp","@id":"https:\/\/www.encontrajequie.com.br\/sobre\/apos-11-dias-de-vila-junina-e-6-dias-de-praca-da-bandeira-sao-joao-de-jequie-e-encerrado-com-shows-de-klessinha-filomena-bagaceira-nattan-e-toque-dez\/#mainImage","width":280,"height":280,"caption":"S\u00e3o Jo\u00e3o de Jequi\u00e9"},"primaryImageOfPage":{"@id":"https:\/\/www.encontrajequie.com.br\/sobre\/apos-11-dias-de-vila-junina-e-6-dias-de-praca-da-bandeira-sao-joao-de-jequie-e-encerrado-com-shows-de-klessinha-filomena-bagaceira-nattan-e-toque-dez\/#mainImage"},"datePublished":"2026-06-27T03:40:48-03:00","dateModified":"2026-06-27T03:40:48-03:00"},{"@type":"WebSite","@id":"https:\/\/www.encontrajequie.com.br\/sobre\/#website","url":"https:\/\/www.encontrajequie.com.br\/sobre\/","name":"Encontra Jequi\u00e9","description":"Not\u00edcias, eventos, informa\u00e7\u00f5es e dicas na cidade de Jequi\u00e9 e regi\u00e3o.","inLanguage":"pt-BR","publisher":{"@id":"https:\/\/www.encontrajequie.com.br\/sobre\/#organization"}}]},"og:locale":"pt_BR","og:site_name":"Encontra Jequi\u00e9 | Not\u00edcias, eventos, informa\u00e7\u00f5es e dicas na cidade de Jequi\u00e9 e regi\u00e3o.","og:type":"article","og:title":"Ap\u00f3s 11 dias de Vila Junina e 6 dias de Pra\u00e7a da Bandeira, S\u00e3o Jo\u00e3o de Jequi\u00e9 \u00e9 encerrado com shows de Klessinha, Filomena Bagaceira, Nattan e Toque Dez | Encontra Jequi\u00e9","og:description":"S\u00e3o Jo\u00e3o de Jequi\u00e9 termina com grandes shows e celebra\u00e7\u00e3o cultural.","og:url":"https:\/\/www.encontrajequie.com.br\/sobre\/apos-11-dias-de-vila-junina-e-6-dias-de-praca-da-bandeira-sao-joao-de-jequie-e-encerrado-com-shows-de-klessinha-filomena-bagaceira-nattan-e-toque-dez\/","article:published_time":"2026-06-27T06:40:48+00:00","article:modified_time":"2026-06-27T06:40:48+00:00","twitter:card":"summary_large_image","twitter:title":"Ap\u00f3s 11 dias de Vila Junina e 6 dias de Pra\u00e7a da Bandeira, S\u00e3o Jo\u00e3o de Jequi\u00e9 \u00e9 encerrado com shows de Klessinha, Filomena Bagaceira, Nattan e Toque Dez | Encontra Jequi\u00e9","twitter:description":"S\u00e3o Jo\u00e3o de Jequi\u00e9 termina com grandes shows e celebra\u00e7\u00e3o cultural."},"aioseo_meta_data":{"post_id":"1317","title":null,"description":null,"keywords":null,"keyphrases":null,"primary_term":null,"canonical_url":null,"og_title":null,"og_description":null,"og_object_type":"default","og_image_type":"default","og_image_url":null,"og_image_width":null,"og_image_height":null,"og_image_custom_url":null,"og_image_custom_fields":null,"og_video":null,"og_custom_url":null,"og_article_section":null,"og_article_tags":null,"twitter_use_og":false,"twitter_card":"default","twitter_image_type":"default","twitter_image_url":null,"twitter_image_custom_url":null,"twitter_image_custom_fields":null,"twitter_title":null,"twitter_description":null,"schema":{"blockGraphs":[],"customGraphs":[],"default":{"data":{"Article":[],"Course":[],"Dataset":[],"FAQPage":[],"Movie":[],"Person":[],"Product":[],"ProductReview":[],"Car":[],"Recipe":[],"Service":[],"SoftwareApplication":[],"WebPage":[]},"graphName":"Article","isEnabled":true},"graphs":[]},"schema_type":"default","schema_type_options":null,"pillar_content":false,"robots_default":true,"robots_noindex":false,"robots_noarchive":false,"robots_nosnippet":false,"robots_nofollow":false,"robots_noimageindex":false,"robots_noodp":false,"robots_notranslate":false,"robots_max_snippet":null,"robots_max_videopreview":null,"robots_max_imagepreview":"large","priority":null,"frequency":null,"local_seo":null,"breadcrumb_settings":null,"limit_modified_date":false,"ai":null,"created":"2026-06-27 06:40:56","updated":"2026-06-27 06:55:09","focus_keyword":null,"additional_keywords":null,"truseo_locale":null,"seo_analyzer_scan_date":null},"aioseo_breadcrumb":"<div class=\"aioseo-breadcrumbs\"><span class=\"aioseo-breadcrumb\">\n\t\t\t<a href=\"https:\/\/www.encontrajequie.com.br\/sobre\" title=\"Home\">Home<\/a>\n\t\t<\/span><span class=\"aioseo-breadcrumb-separator\">&raquo;<\/span><span class=\"aioseo-breadcrumb\">\n\t\t\t<a href=\"https:\/\/www.encontrajequie.com.br\/sobre\/noticias-em-jequie\/\" title=\"Not\u00edcias Jequi\u00e9\">Not\u00edcias Jequi\u00e9<\/a>\n\t\t<\/span><span class=\"aioseo-breadcrumb-separator\">&raquo;<\/span><span class=\"aioseo-breadcrumb\">\n\t\t\tAp\u00f3s 11 dias de Vila Junina e 6 dias de Pra\u00e7a da Bandeira, S\u00e3o Jo\u00e3o de Jequi\u00e9 \u00e9 encerrado com shows de Klessinha, Filomena Bagaceira, Nattan e Toque Dez\n\t\t<\/span><\/div>","aioseo_breadcrumb_json":[{"label":"Home","link":"https:\/\/www.encontrajequie.com.br\/sobre"},{"label":"Not\u00edcias Jequi\u00e9","link":"https:\/\/www.encontrajequie.com.br\/sobre\/noticias-em-jequie\/"},{"label":"Ap\u00f3s 11 dias de Vila Junina e 6 dias de Pra\u00e7a da Bandeira, S\u00e3o Jo\u00e3o de Jequi\u00e9 \u00e9 encerrado com shows de Klessinha, Filomena Bagaceira, Nattan e Toque Dez","link":"https:\/\/www.encontrajequie.com.br\/sobre\/apos-11-dias-de-vila-junina-e-6-dias-de-praca-da-bandeira-sao-joao-de-jequie-e-encerrado-com-shows-de-klessinha-filomena-bagaceira-nattan-e-toque-dez\/"}],"_links":{"self":[{"href":"https:\/\/www.encontrajequie.com.br\/sobre\/wp-json\/wp\/v2\/posts\/1317","targetHints":{"allow":["GET"]}}],"collection":[{"href":"https:\/\/www.encontrajequie.com.br\/sobre\/wp-json\/wp\/v2\/posts"}],"about":[{"href":"https:\/\/www.encontrajequie.com.br\/sobre\/wp-json\/wp\/v2\/types\/post"}],"author":[{"embeddable":true,"href":"https:\/\/www.encontrajequie.com.br\/sobre\/wp-json\/wp\/v2\/users\/1"}],"replies":[{"embeddable":true,"href":"https:\/\/www.encontrajequie.com.br\/sobre\/wp-json\/wp\/v2\/comments?post=1317"}],"version-history":[{"count":0,"href":"https:\/\/www.encontrajequie.com.br\/sobre\/wp-json\/wp\/v2\/posts\/1317\/revisions"}],"wp:featuredmedia":[{"embeddable":true,"href":"https:\/\/www.encontrajequie.com.br\/sobre\/wp-json\/wp\/v2\/media\/1316"}],"wp:attachment":[{"href":"https:\/\/www.encontrajequie.com.br\/sobre\/wp-json\/wp\/v2\/media?parent=1317"}],"wp:term":[{"taxonomy":"category","embeddable":true,"href":"https:\/\/www.encontrajequie.com.br\/sobre\/wp-json\/wp\/v2\/categories?post=1317"},{"taxonomy":"post_tag","embeddable":true,"href":"https:\/\/www.encontrajequie.com.br\/sobre\/wp-json\/wp\/v2\/tags?post=1317"}],"curies":[{"name":"wp","href":"https:\/\/api.w.org\/{rel}","templated":true}]}}