{"id":1323,"date":"2026-06-29T03:41:23","date_gmt":"2026-06-29T06:41:23","guid":{"rendered":"https:\/\/www.encontrajequie.com.br\/sobre\/ultimos-dias-para-se-inscrever-nas-vagas-de-estagio-da-raizen\/"},"modified":"2026-06-29T03:41:23","modified_gmt":"2026-06-29T06:41:23","slug":"ultimos-dias-para-se-inscrever-nas-vagas-de-estagio-da-raizen","status":"publish","type":"post","link":"https:\/\/www.encontrajequie.com.br\/sobre\/ultimos-dias-para-se-inscrever-nas-vagas-de-estagio-da-raizen\/","title":{"rendered":"\u00daltimos dias para se inscrever nas vagas de est\u00e1gio da Ra\u00edzen"},"content":{"rendered":"<div class=\"30cf832dc5940d4704f66d0ed9a44050\" data-index=\"1\" style=\"float: none; margin:0px;\">\n<!-- Anuncio display - global -->\r\n<ins class=\"adsbygoogle\"\r\n     style=\"display:block\"\r\n     data-ad-client=\"ca-pub-8585364105181520\"\r\n     data-ad-slot=\"8789329856\"\r\n     data-ad-format=\"auto\"\r\n     data-full-width-responsive=\"true\"><\/ins>\r\n<script>\r\n     (adsbygoogle = window.adsbygoogle || []).push({});\r\n<\/script>\n<\/div>\n<h2>Oportunidade de Est\u00e1gio na Ra\u00edzen<\/h2>\n<p>A Ra\u00edzen est\u00e1 com inscri\u00e7\u00f5es abertas para mais de 100 vagas de est\u00e1gio dentro do seu programa Talentos Ra\u00edzen 2026, e os interessados t\u00eam at\u00e9 o dia 21 de junho para se inscrever. Este programa visa proporcionar experi\u00eancia pr\u00e1tica, aprendizado cont\u00ednuo e desenvolvimento profissional em um ambiente colaborativo e desafiador.<\/p>\n<h2>Vagas Dispon\u00edveis em Diversas Cidades<\/h2>\n<p>Os estagi\u00e1rios poder\u00e3o atuar em v\u00e1rias localiza\u00e7\u00f5es espalhadas pelo Brasil. As cidades onde as vagas est\u00e3o dispon\u00edveis incluem:<\/p>\n<ul>\n<li>Ara\u00e7atuba-SP<\/li>\n<li>Arauc\u00e1ria-PR<\/li>\n<li>Barueri-SP<\/li>\n<li>Bel\u00e9m-PA<\/li>\n<li>Belo Horizonte-MG<\/li>\n<li>Betim-MG<\/li>\n<li>Bocaina-SP<\/li>\n<li>Caxias-RJ<\/li>\n<li>Confins-MG<\/li>\n<li>Curitiba-PR<\/li>\n<li>Fortaleza-CE<\/li>\n<li>Guariba-SP<\/li>\n<li>Itaituba-PA<\/li>\n<li>Jequi\u00e9-BA<\/li>\n<li>Lagoa Santa-MG<\/li>\n<li>Manaus-AM<\/li>\n<li>Maring\u00e1-PR<\/li>\n<li>Morro Agudo-SP<\/li>\n<li>Natal-RN<\/li>\n<li>Palmas-TO<\/li>\n<li>Paul\u00ednia-SP<\/li>\n<li>Piracicaba-SP<\/li>\n<li>Ribeir\u00e3o Preto-SP<\/li>\n<li>Rio de Janeiro-RJ<\/li>\n<li>Salvador-BA<\/li>\n<li>S\u00e3o Francisco do Conde-BA<\/li>\n<li>S\u00e3o Lu\u00eds-MA<\/li>\n<li>S\u00e3o Paulo-SP<\/li>\n<li>Uberl\u00e2ndia-MG<\/li>\n<li>Valpara\u00edso-SP<\/li>\n<\/ul>\n<h2>\u00c1reas de Atua\u00e7\u00e3o para Estagi\u00e1rios<\/h2>\n<p>As oportunidades de est\u00e1gio cobrem uma ampla gama de \u00e1reas, permitindo que os candidatos escolham aquela que melhor se alinha com suas aspira\u00e7\u00f5es e forma\u00e7\u00e3o acad\u00eamica. As principais \u00e1reas incluem:<\/p>\n<p><img decoding=\"async\" src=\"https:\/\/www.encontrajequie.com.br\/sobre\/wp-content\/uploads\/2026\/06\/ultimos-dias-para-se-inscrever-nas-vagas-de-estagio-da-raizen.webp\" alt=\"vagas de est\u00e1gio\" loading=\"lazy\" \/><\/p>\n<ul>\n<li>Finan\u00e7as<\/li>\n<li>Sa\u00fade e Meio Ambiente (SSMA)<\/li>\n<li>Suprimentos<\/li>\n<li>Lubrificantes<\/li>\n<li>Comercial (Varejo e B2B)<\/li>\n<li>Opera\u00e7\u00f5es<\/li>\n<li>Pricing<\/li>\n<li>Trading<\/li>\n<li>Abastecimento<\/li>\n<li>Transportes<\/li>\n<li>Engenharia<\/li>\n<li>Tecnologia da Informa\u00e7\u00e3o (TI)<\/li>\n<li>Marketing<\/li>\n<li>Sustentabilidade<\/li>\n<li>Auditoria<\/li>\n<li>Planejamento<\/li>\n<li>Opera\u00e7\u00f5es e Manuten\u00e7\u00e3o Industrial<\/li>\n<\/ul>\n<h2>Pr\u00e9-Requisitos Para Candidatura<\/h2>\n<p>Para se candidatar \u00e0s vagas de est\u00e1gio na Ra\u00edzen, \u00e9 necess\u00e1rio atender a certos requisitos:<\/p>\n<ul>\n<li>Ser estudante de ensino superior, seja bacharelado, tecn\u00f3logo ou licenciatura.<\/li>\n<li>Ter previs\u00e3o de conclus\u00e3o da gradua\u00e7\u00e3o entre julho de 2027 e julho de 2028.<\/li>\n<li>Estar dispon\u00edvel para estagiar 6 horas por dia, dentro do hor\u00e1rio comercial.<\/li>\n<\/ul>\n<h2>Datas Importantes para as Inscri\u00e7\u00f5es<\/h2>\n<p>Os interessados devem ficar atentos \u00e0s datas para n\u00e3o perder a oportunidade:<\/p>\n<ul>\n<li><strong>Data Limite de Inscri\u00e7\u00e3o:<\/strong> 21 de junho.<\/li>\n<\/ul>\n<h2>Como Funciona o Programa Talentos Ra\u00edzen<\/h2>\n<p>O programa Talentos Ra\u00edzen foi desenvolvido para ser um ciclo de aprendizado que oferece aos estagi\u00e1rios a chance de desenvolver habilidades pr\u00e1ticas em um ambiente empresarial din\u00e2mico. O foco \u00e9 a troca de conhecimentos e experi\u00eancias entre estagi\u00e1rios e profissionais experientes, promovendo um verdadeiro aprendizado colaborativo.<\/p>\n<h2>Benef\u00edcios de Estudar na Ra\u00edzen<\/h2>\n<p>Ser estagi\u00e1rio na Ra\u00edzen vem com v\u00e1rias vantagens, incluindo:<\/p>\n<ul>\n<li>Experi\u00eancia em uma das maiores empresas do setor de energia e alimentos do Brasil.<\/li>\n<li>Desenvolvimento de habilidades em um ambiente inovador e desafiador.<\/li>\n<li>Possibilidade de efetiva\u00e7\u00e3o dependendo do desempenho durante o est\u00e1gio.<\/li>\n<li>Colabora\u00e7\u00e3o em projetos reais que fazem a diferen\u00e7a na empresa e no meio ambiente.<\/li>\n<\/ul>\n<h2>Depoimentos de Estagi\u00e1rios Anteriores<\/h2>\n<p>A experi\u00eancia de estagiar na Ra\u00edzen \u00e9 frequentemente ressaltada por ex-estagi\u00e1rios:<\/p>\n<blockquote><p>&#8220;O est\u00e1gio na Ra\u00edzen foi fundamental para meu desenvolvimento profissional, pois tive a oportunidade de trabalhar em projetos que impactavam diretamente na opera\u00e7\u00e3o da empresa.&#8221; &#8211; Ana, ex-estagi\u00e1ria.<\/p><\/blockquote>\n<blockquote><p>&#8220;A conviv\u00eancia com profissionais experientes e a cultura colaborativa da Ra\u00edzen me ajudaram a crescer n\u00e3o s\u00f3 profissionalmente, mas tamb\u00e9m pessoalmente.&#8221; &#8211; Lucas, ex-estagi\u00e1rio.<\/p><\/blockquote>\n<h2>Como Se Preparar Para a Sele\u00e7\u00e3o<\/h2>\n<p>A prepara\u00e7\u00e3o para o processo seletivo \u00e9 crucial. Aqui est\u00e3o algumas dicas:<\/p>\n<ul>\n<li>Atualize seu curr\u00edculo: Certifique-se de que todas as suas experi\u00eancias e habilidades est\u00e3o bem apresentadas.<\/li>\n<li>Pesquise a empresa: Conhecer a hist\u00f3ria e os valores da Ra\u00edzen pode fazer a diferen\u00e7a na hora da entrevista.<\/li>\n<li>Prepare respostas para perguntas comuns de entrevistas e, se poss\u00edvel, simule entrevistas com amigos ou familiares.<\/li>\n<\/ul>\n<h2>Dicas de Como se Destacar na Inscri\u00e7\u00e3o<\/h2>\n<p>Para se destacar entre os candidatos, considere:<\/p>\n<ul>\n<li>Use uma carta de apresenta\u00e7\u00e3o personalizada que destaque seu interesse e suas qualifica\u00e7\u00f5es para a vaga.<\/li>\n<li>Participe de grupos ou atividades que demonstrem seu interesse nas \u00e1reas em que deseja atuar.<\/li>\n<li>Demonstre suas soft skills, como trabalho em equipe, adapta\u00e7\u00e3o e lideran\u00e7a.<\/li>\n<\/ul>\n<h2>A Import\u00e2ncia do Est\u00e1gio na Carreira Profissional<\/h2>\n<p>O est\u00e1gio \u00e9 uma experi\u00eancia essencial para a forma\u00e7\u00e3o acad\u00eamica e profissional. Ele permite a aplica\u00e7\u00e3o de teorias estudadas em uma pr\u00e1tica real, al\u00e9m de proporcionar uma vis\u00e3o do mercado de trabalho. Vivenciar essa experi\u00eancia \u00e9 um diferencial que pode abreviar o caminho para a efetiva\u00e7\u00e3o em uma empresa.<\/p>\n<h2>Conclus\u00e3o<\/h2>\n<p>N\u00e3o perca a chance de construir uma carreira promissora na Ra\u00edzen. Prepare-se, inscreva-se e venha fazer parte do futuro dessa gigante do setor energ\u00e9tico!<\/p>\n\n<div style=\"font-size: 0px; height: 0px; line-height: 0px; margin: 0; padding: 0; clear: both;\"><\/div>","protected":false},"excerpt":{"rendered":"<p>Ra\u00edzen tem mais de 100 vagas de est\u00e1gio abertas. Inscri\u00e7\u00f5es at\u00e9 21\/6.<\/p>\n","protected":false},"author":1,"featured_media":1322,"comment_status":"open","ping_status":"closed","sticky":false,"template":"","format":"standard","meta":{"footnotes":""},"categories":[1],"tags":[],"class_list":["post-1323","post","type-post","status-publish","format-standard","has-post-thumbnail","hentry","category-noticias-em-jequie","has_thumb"],"aioseo_notices":[],"aioseo_head":"\n\t\t<!-- All in One SEO 5.0.0.1 - aioseo.com -->\n\t<meta name=\"description\" content=\"Ra\u00edzen tem mais de 100 vagas de est\u00e1gio abertas. Inscri\u00e7\u00f5es at\u00e9 21\/6.\" \/>\n\t<meta name=\"robots\" content=\"max-image-preview:large\" \/>\n\t<meta name=\"author\" content=\"Encontra Jequi\u00e9\"\/>\n\t<link rel=\"canonical\" href=\"https:\/\/www.encontrajequie.com.br\/sobre\/ultimos-dias-para-se-inscrever-nas-vagas-de-estagio-da-raizen\/\" \/>\n\t<meta name=\"generator\" content=\"All in One SEO (AIOSEO) 5.0.0.1\" \/>\n\t\t<meta property=\"og:locale\" content=\"pt_BR\" \/>\n\t\t<meta property=\"og:site_name\" content=\"Encontra Jequi\u00e9 | Not\u00edcias, eventos, informa\u00e7\u00f5es e dicas na cidade de Jequi\u00e9 e regi\u00e3o.\" \/>\n\t\t<meta property=\"og:type\" content=\"article\" \/>\n\t\t<meta property=\"og:title\" content=\"\u00daltimos dias para se inscrever nas vagas de est\u00e1gio da Ra\u00edzen | Encontra Jequi\u00e9\" \/>\n\t\t<meta property=\"og:description\" content=\"Ra\u00edzen tem mais de 100 vagas de est\u00e1gio abertas. Inscri\u00e7\u00f5es at\u00e9 21\/6.\" \/>\n\t\t<meta property=\"og:url\" content=\"https:\/\/www.encontrajequie.com.br\/sobre\/ultimos-dias-para-se-inscrever-nas-vagas-de-estagio-da-raizen\/\" \/>\n\t\t<meta property=\"article:published_time\" content=\"2026-06-29T06:41:23+00:00\" \/>\n\t\t<meta property=\"article:modified_time\" content=\"2026-06-29T06:41:23+00:00\" \/>\n\t\t<meta name=\"twitter:card\" content=\"summary_large_image\" \/>\n\t\t<meta name=\"twitter:title\" content=\"\u00daltimos dias para se inscrever nas vagas de est\u00e1gio da Ra\u00edzen | Encontra Jequi\u00e9\" \/>\n\t\t<meta name=\"twitter:description\" content=\"Ra\u00edzen tem mais de 100 vagas de est\u00e1gio abertas. Inscri\u00e7\u00f5es at\u00e9 21\/6.\" \/>\n\t\t<script type=\"application\/ld+json\" class=\"aioseo-schema\">\n\t\t\t{\"@context\":\"https:\\\/\\\/schema.org\",\"@graph\":[{\"@type\":\"Article\",\"@id\":\"https:\\\/\\\/www.encontrajequie.com.br\\\/sobre\\\/ultimos-dias-para-se-inscrever-nas-vagas-de-estagio-da-raizen\\\/#article\",\"name\":\"\\u00daltimos dias para se inscrever nas vagas de est\\u00e1gio da Ra\\u00edzen | Encontra Jequi\\u00e9\",\"headline\":\"\\u00daltimos dias para se inscrever nas vagas de est\\u00e1gio da Ra\\u00edzen\",\"author\":{\"@id\":\"https:\\\/\\\/www.encontrajequie.com.br\\\/sobre\\\/author\\\/ejequie\\\/#author\"},\"publisher\":{\"@id\":\"https:\\\/\\\/www.encontrajequie.com.br\\\/sobre\\\/#organization\"},\"image\":{\"@type\":\"ImageObject\",\"url\":\"https:\\\/\\\/www.encontrajequie.com.br\\\/sobre\\\/wp-content\\\/uploads\\\/2026\\\/06\\\/ultimos-dias-para-se-inscrever-nas-vagas-de-estagio-da-raizen.webp\",\"width\":280,\"height\":280,\"caption\":\"vagas de est\\u00e1gio\"},\"datePublished\":\"2026-06-29T03:41:23-03:00\",\"dateModified\":\"2026-06-29T03:41:23-03:00\",\"inLanguage\":\"pt-BR\",\"mainEntityOfPage\":{\"@id\":\"https:\\\/\\\/www.encontrajequie.com.br\\\/sobre\\\/ultimos-dias-para-se-inscrever-nas-vagas-de-estagio-da-raizen\\\/#webpage\"},\"isPartOf\":{\"@id\":\"https:\\\/\\\/www.encontrajequie.com.br\\\/sobre\\\/ultimos-dias-para-se-inscrever-nas-vagas-de-estagio-da-raizen\\\/#webpage\"},\"articleSection\":\"Not\\u00edcias Jequi\\u00e9\"},{\"@type\":\"BreadcrumbList\",\"@id\":\"https:\\\/\\\/www.encontrajequie.com.br\\\/sobre\\\/ultimos-dias-para-se-inscrever-nas-vagas-de-estagio-da-raizen\\\/#breadcrumblist\",\"itemListElement\":[{\"@type\":\"ListItem\",\"@id\":\"https:\\\/\\\/www.encontrajequie.com.br\\\/sobre#listItem\",\"position\":1,\"name\":\"Home\",\"item\":\"https:\\\/\\\/www.encontrajequie.com.br\\\/sobre\",\"nextItem\":{\"@type\":\"ListItem\",\"@id\":\"https:\\\/\\\/www.encontrajequie.com.br\\\/sobre\\\/noticias-em-jequie\\\/#listItem\",\"name\":\"Not\\u00edcias Jequi\\u00e9\"}},{\"@type\":\"ListItem\",\"@id\":\"https:\\\/\\\/www.encontrajequie.com.br\\\/sobre\\\/noticias-em-jequie\\\/#listItem\",\"position\":2,\"name\":\"Not\\u00edcias Jequi\\u00e9\",\"item\":\"https:\\\/\\\/www.encontrajequie.com.br\\\/sobre\\\/noticias-em-jequie\\\/\",\"nextItem\":{\"@type\":\"ListItem\",\"@id\":\"https:\\\/\\\/www.encontrajequie.com.br\\\/sobre\\\/ultimos-dias-para-se-inscrever-nas-vagas-de-estagio-da-raizen\\\/#listItem\",\"name\":\"\\u00daltimos dias para se inscrever nas vagas de est\\u00e1gio da Ra\\u00edzen\"},\"previousItem\":{\"@type\":\"ListItem\",\"@id\":\"https:\\\/\\\/www.encontrajequie.com.br\\\/sobre#listItem\",\"name\":\"Home\"}},{\"@type\":\"ListItem\",\"@id\":\"https:\\\/\\\/www.encontrajequie.com.br\\\/sobre\\\/ultimos-dias-para-se-inscrever-nas-vagas-de-estagio-da-raizen\\\/#listItem\",\"position\":3,\"name\":\"\\u00daltimos dias para se inscrever nas vagas de est\\u00e1gio da Ra\\u00edzen\",\"previousItem\":{\"@type\":\"ListItem\",\"@id\":\"https:\\\/\\\/www.encontrajequie.com.br\\\/sobre\\\/noticias-em-jequie\\\/#listItem\",\"name\":\"Not\\u00edcias Jequi\\u00e9\"}}]},{\"@type\":\"Organization\",\"@id\":\"https:\\\/\\\/www.encontrajequie.com.br\\\/sobre\\\/#organization\",\"name\":\"Encontra Jequi\\u00e9\",\"description\":\"Not\\u00edcias, eventos, informa\\u00e7\\u00f5es e dicas na cidade de Jequi\\u00e9 e regi\\u00e3o.\",\"url\":\"https:\\\/\\\/www.encontrajequie.com.br\\\/sobre\\\/\"},{\"@type\":\"Person\",\"@id\":\"https:\\\/\\\/www.encontrajequie.com.br\\\/sobre\\\/author\\\/ejequie\\\/#author\",\"url\":\"https:\\\/\\\/www.encontrajequie.com.br\\\/sobre\\\/author\\\/ejequie\\\/\",\"name\":\"Encontra Jequi\\u00e9\",\"image\":{\"@type\":\"ImageObject\",\"@id\":\"https:\\\/\\\/www.encontrajequie.com.br\\\/sobre\\\/ultimos-dias-para-se-inscrever-nas-vagas-de-estagio-da-raizen\\\/#authorImage\",\"url\":\"https:\\\/\\\/secure.gravatar.com\\\/avatar\\\/507340682b8270222e1f208e23198b6ae7e2c6a1033ae84e99bc6bce4f82a387?s=96&d=mm&r=g\",\"width\":96,\"height\":96,\"caption\":\"Encontra Jequi\\u00e9\"}},{\"@type\":\"WebPage\",\"@id\":\"https:\\\/\\\/www.encontrajequie.com.br\\\/sobre\\\/ultimos-dias-para-se-inscrever-nas-vagas-de-estagio-da-raizen\\\/#webpage\",\"url\":\"https:\\\/\\\/www.encontrajequie.com.br\\\/sobre\\\/ultimos-dias-para-se-inscrever-nas-vagas-de-estagio-da-raizen\\\/\",\"name\":\"\\u00daltimos dias para se inscrever nas vagas de est\\u00e1gio da Ra\\u00edzen | Encontra Jequi\\u00e9\",\"description\":\"Ra\\u00edzen tem mais de 100 vagas de est\\u00e1gio abertas. Inscri\\u00e7\\u00f5es at\\u00e9 21\\\/6.\",\"inLanguage\":\"pt-BR\",\"isPartOf\":{\"@id\":\"https:\\\/\\\/www.encontrajequie.com.br\\\/sobre\\\/#website\"},\"breadcrumb\":{\"@id\":\"https:\\\/\\\/www.encontrajequie.com.br\\\/sobre\\\/ultimos-dias-para-se-inscrever-nas-vagas-de-estagio-da-raizen\\\/#breadcrumblist\"},\"author\":{\"@id\":\"https:\\\/\\\/www.encontrajequie.com.br\\\/sobre\\\/author\\\/ejequie\\\/#author\"},\"creator\":{\"@id\":\"https:\\\/\\\/www.encontrajequie.com.br\\\/sobre\\\/author\\\/ejequie\\\/#author\"},\"image\":{\"@type\":\"ImageObject\",\"url\":\"https:\\\/\\\/www.encontrajequie.com.br\\\/sobre\\\/wp-content\\\/uploads\\\/2026\\\/06\\\/ultimos-dias-para-se-inscrever-nas-vagas-de-estagio-da-raizen.webp\",\"@id\":\"https:\\\/\\\/www.encontrajequie.com.br\\\/sobre\\\/ultimos-dias-para-se-inscrever-nas-vagas-de-estagio-da-raizen\\\/#mainImage\",\"width\":280,\"height\":280,\"caption\":\"vagas de est\\u00e1gio\"},\"primaryImageOfPage\":{\"@id\":\"https:\\\/\\\/www.encontrajequie.com.br\\\/sobre\\\/ultimos-dias-para-se-inscrever-nas-vagas-de-estagio-da-raizen\\\/#mainImage\"},\"datePublished\":\"2026-06-29T03:41:23-03:00\",\"dateModified\":\"2026-06-29T03:41:23-03:00\"},{\"@type\":\"WebSite\",\"@id\":\"https:\\\/\\\/www.encontrajequie.com.br\\\/sobre\\\/#website\",\"url\":\"https:\\\/\\\/www.encontrajequie.com.br\\\/sobre\\\/\",\"name\":\"Encontra Jequi\\u00e9\",\"description\":\"Not\\u00edcias, eventos, informa\\u00e7\\u00f5es e dicas na cidade de Jequi\\u00e9 e regi\\u00e3o.\",\"inLanguage\":\"pt-BR\",\"publisher\":{\"@id\":\"https:\\\/\\\/www.encontrajequie.com.br\\\/sobre\\\/#organization\"}}]}\n\t\t<\/script>\n\t\t<!-- All in One SEO -->\n\n","aioseo_head_json":{"title":"\u00daltimos dias para se inscrever nas vagas de est\u00e1gio da Ra\u00edzen | Encontra Jequi\u00e9","description":"Ra\u00edzen tem mais de 100 vagas de est\u00e1gio abertas. Inscri\u00e7\u00f5es at\u00e9 21\/6.","canonical_url":"https:\/\/www.encontrajequie.com.br\/sobre\/ultimos-dias-para-se-inscrever-nas-vagas-de-estagio-da-raizen\/","robots":"max-image-preview:large","keywords":"","webmasterTools":{"miscellaneous":""},"schema":{"@context":"https:\/\/schema.org","@graph":[{"@type":"Article","@id":"https:\/\/www.encontrajequie.com.br\/sobre\/ultimos-dias-para-se-inscrever-nas-vagas-de-estagio-da-raizen\/#article","name":"\u00daltimos dias para se inscrever nas vagas de est\u00e1gio da Ra\u00edzen | Encontra Jequi\u00e9","headline":"\u00daltimos dias para se inscrever nas vagas de est\u00e1gio da Ra\u00edzen","author":{"@id":"https:\/\/www.encontrajequie.com.br\/sobre\/author\/ejequie\/#author"},"publisher":{"@id":"https:\/\/www.encontrajequie.com.br\/sobre\/#organization"},"image":{"@type":"ImageObject","url":"https:\/\/www.encontrajequie.com.br\/sobre\/wp-content\/uploads\/2026\/06\/ultimos-dias-para-se-inscrever-nas-vagas-de-estagio-da-raizen.webp","width":280,"height":280,"caption":"vagas de est\u00e1gio"},"datePublished":"2026-06-29T03:41:23-03:00","dateModified":"2026-06-29T03:41:23-03:00","inLanguage":"pt-BR","mainEntityOfPage":{"@id":"https:\/\/www.encontrajequie.com.br\/sobre\/ultimos-dias-para-se-inscrever-nas-vagas-de-estagio-da-raizen\/#webpage"},"isPartOf":{"@id":"https:\/\/www.encontrajequie.com.br\/sobre\/ultimos-dias-para-se-inscrever-nas-vagas-de-estagio-da-raizen\/#webpage"},"articleSection":"Not\u00edcias Jequi\u00e9"},{"@type":"BreadcrumbList","@id":"https:\/\/www.encontrajequie.com.br\/sobre\/ultimos-dias-para-se-inscrever-nas-vagas-de-estagio-da-raizen\/#breadcrumblist","itemListElement":[{"@type":"ListItem","@id":"https:\/\/www.encontrajequie.com.br\/sobre#listItem","position":1,"name":"Home","item":"https:\/\/www.encontrajequie.com.br\/sobre","nextItem":{"@type":"ListItem","@id":"https:\/\/www.encontrajequie.com.br\/sobre\/noticias-em-jequie\/#listItem","name":"Not\u00edcias Jequi\u00e9"}},{"@type":"ListItem","@id":"https:\/\/www.encontrajequie.com.br\/sobre\/noticias-em-jequie\/#listItem","position":2,"name":"Not\u00edcias Jequi\u00e9","item":"https:\/\/www.encontrajequie.com.br\/sobre\/noticias-em-jequie\/","nextItem":{"@type":"ListItem","@id":"https:\/\/www.encontrajequie.com.br\/sobre\/ultimos-dias-para-se-inscrever-nas-vagas-de-estagio-da-raizen\/#listItem","name":"\u00daltimos dias para se inscrever nas vagas de est\u00e1gio da Ra\u00edzen"},"previousItem":{"@type":"ListItem","@id":"https:\/\/www.encontrajequie.com.br\/sobre#listItem","name":"Home"}},{"@type":"ListItem","@id":"https:\/\/www.encontrajequie.com.br\/sobre\/ultimos-dias-para-se-inscrever-nas-vagas-de-estagio-da-raizen\/#listItem","position":3,"name":"\u00daltimos dias para se inscrever nas vagas de est\u00e1gio da Ra\u00edzen","previousItem":{"@type":"ListItem","@id":"https:\/\/www.encontrajequie.com.br\/sobre\/noticias-em-jequie\/#listItem","name":"Not\u00edcias Jequi\u00e9"}}]},{"@type":"Organization","@id":"https:\/\/www.encontrajequie.com.br\/sobre\/#organization","name":"Encontra Jequi\u00e9","description":"Not\u00edcias, eventos, informa\u00e7\u00f5es e dicas na cidade de Jequi\u00e9 e regi\u00e3o.","url":"https:\/\/www.encontrajequie.com.br\/sobre\/"},{"@type":"Person","@id":"https:\/\/www.encontrajequie.com.br\/sobre\/author\/ejequie\/#author","url":"https:\/\/www.encontrajequie.com.br\/sobre\/author\/ejequie\/","name":"Encontra Jequi\u00e9","image":{"@type":"ImageObject","@id":"https:\/\/www.encontrajequie.com.br\/sobre\/ultimos-dias-para-se-inscrever-nas-vagas-de-estagio-da-raizen\/#authorImage","url":"https:\/\/secure.gravatar.com\/avatar\/507340682b8270222e1f208e23198b6ae7e2c6a1033ae84e99bc6bce4f82a387?s=96&d=mm&r=g","width":96,"height":96,"caption":"Encontra Jequi\u00e9"}},{"@type":"WebPage","@id":"https:\/\/www.encontrajequie.com.br\/sobre\/ultimos-dias-para-se-inscrever-nas-vagas-de-estagio-da-raizen\/#webpage","url":"https:\/\/www.encontrajequie.com.br\/sobre\/ultimos-dias-para-se-inscrever-nas-vagas-de-estagio-da-raizen\/","name":"\u00daltimos dias para se inscrever nas vagas de est\u00e1gio da Ra\u00edzen | Encontra Jequi\u00e9","description":"Ra\u00edzen tem mais de 100 vagas de est\u00e1gio abertas. Inscri\u00e7\u00f5es at\u00e9 21\/6.","inLanguage":"pt-BR","isPartOf":{"@id":"https:\/\/www.encontrajequie.com.br\/sobre\/#website"},"breadcrumb":{"@id":"https:\/\/www.encontrajequie.com.br\/sobre\/ultimos-dias-para-se-inscrever-nas-vagas-de-estagio-da-raizen\/#breadcrumblist"},"author":{"@id":"https:\/\/www.encontrajequie.com.br\/sobre\/author\/ejequie\/#author"},"creator":{"@id":"https:\/\/www.encontrajequie.com.br\/sobre\/author\/ejequie\/#author"},"image":{"@type":"ImageObject","url":"https:\/\/www.encontrajequie.com.br\/sobre\/wp-content\/uploads\/2026\/06\/ultimos-dias-para-se-inscrever-nas-vagas-de-estagio-da-raizen.webp","@id":"https:\/\/www.encontrajequie.com.br\/sobre\/ultimos-dias-para-se-inscrever-nas-vagas-de-estagio-da-raizen\/#mainImage","width":280,"height":280,"caption":"vagas de est\u00e1gio"},"primaryImageOfPage":{"@id":"https:\/\/www.encontrajequie.com.br\/sobre\/ultimos-dias-para-se-inscrever-nas-vagas-de-estagio-da-raizen\/#mainImage"},"datePublished":"2026-06-29T03:41:23-03:00","dateModified":"2026-06-29T03:41:23-03:00"},{"@type":"WebSite","@id":"https:\/\/www.encontrajequie.com.br\/sobre\/#website","url":"https:\/\/www.encontrajequie.com.br\/sobre\/","name":"Encontra Jequi\u00e9","description":"Not\u00edcias, eventos, informa\u00e7\u00f5es e dicas na cidade de Jequi\u00e9 e regi\u00e3o.","inLanguage":"pt-BR","publisher":{"@id":"https:\/\/www.encontrajequie.com.br\/sobre\/#organization"}}]},"og:locale":"pt_BR","og:site_name":"Encontra Jequi\u00e9 | Not\u00edcias, eventos, informa\u00e7\u00f5es e dicas na cidade de Jequi\u00e9 e regi\u00e3o.","og:type":"article","og:title":"\u00daltimos dias para se inscrever nas vagas de est\u00e1gio da Ra\u00edzen | Encontra Jequi\u00e9","og:description":"Ra\u00edzen tem mais de 100 vagas de est\u00e1gio abertas. Inscri\u00e7\u00f5es at\u00e9 21\/6.","og:url":"https:\/\/www.encontrajequie.com.br\/sobre\/ultimos-dias-para-se-inscrever-nas-vagas-de-estagio-da-raizen\/","article:published_time":"2026-06-29T06:41:23+00:00","article:modified_time":"2026-06-29T06:41:23+00:00","twitter:card":"summary_large_image","twitter:title":"\u00daltimos dias para se inscrever nas vagas de est\u00e1gio da Ra\u00edzen | Encontra Jequi\u00e9","twitter:description":"Ra\u00edzen tem mais de 100 vagas de est\u00e1gio abertas. Inscri\u00e7\u00f5es at\u00e9 21\/6."},"aioseo_meta_data":{"post_id":"1323","title":null,"description":null,"keywords":null,"keyphrases":null,"primary_term":null,"canonical_url":null,"og_title":null,"og_description":null,"og_object_type":"default","og_image_type":"default","og_image_url":null,"og_image_width":null,"og_image_height":null,"og_image_custom_url":null,"og_image_custom_fields":null,"og_video":null,"og_custom_url":null,"og_article_section":null,"og_article_tags":null,"twitter_use_og":false,"twitter_card":"default","twitter_image_type":"default","twitter_image_url":null,"twitter_image_custom_url":null,"twitter_image_custom_fields":null,"twitter_title":null,"twitter_description":null,"schema":{"blockGraphs":[],"customGraphs":[],"default":{"data":{"Article":[],"Course":[],"Dataset":[],"FAQPage":[],"Movie":[],"Person":[],"Product":[],"ProductReview":[],"Car":[],"Recipe":[],"Service":[],"SoftwareApplication":[],"WebPage":[]},"graphName":"Article","isEnabled":true},"graphs":[]},"schema_type":"default","schema_type_options":null,"pillar_content":false,"robots_default":true,"robots_noindex":false,"robots_noarchive":false,"robots_nosnippet":false,"robots_nofollow":false,"robots_noimageindex":false,"robots_noodp":false,"robots_notranslate":false,"robots_max_snippet":null,"robots_max_videopreview":null,"robots_max_imagepreview":"large","priority":null,"frequency":null,"local_seo":null,"breadcrumb_settings":null,"limit_modified_date":false,"ai":null,"created":"2026-06-29 06:41:28","updated":"2026-06-29 06:42:49","focus_keyword":null,"additional_keywords":null,"truseo_locale":null,"seo_analyzer_scan_date":null},"aioseo_breadcrumb":"<div class=\"aioseo-breadcrumbs\"><span class=\"aioseo-breadcrumb\">\n\t\t\t<a href=\"https:\/\/www.encontrajequie.com.br\/sobre\" title=\"Home\">Home<\/a>\n\t\t<\/span><span class=\"aioseo-breadcrumb-separator\">&raquo;<\/span><span class=\"aioseo-breadcrumb\">\n\t\t\t<a href=\"https:\/\/www.encontrajequie.com.br\/sobre\/noticias-em-jequie\/\" title=\"Not\u00edcias Jequi\u00e9\">Not\u00edcias Jequi\u00e9<\/a>\n\t\t<\/span><span class=\"aioseo-breadcrumb-separator\">&raquo;<\/span><span class=\"aioseo-breadcrumb\">\n\t\t\t\u00daltimos dias para se inscrever nas vagas de est\u00e1gio da Ra\u00edzen\n\t\t<\/span><\/div>","aioseo_breadcrumb_json":[{"label":"Home","link":"https:\/\/www.encontrajequie.com.br\/sobre"},{"label":"Not\u00edcias Jequi\u00e9","link":"https:\/\/www.encontrajequie.com.br\/sobre\/noticias-em-jequie\/"},{"label":"\u00daltimos dias para se inscrever nas vagas de est\u00e1gio da Ra\u00edzen","link":"https:\/\/www.encontrajequie.com.br\/sobre\/ultimos-dias-para-se-inscrever-nas-vagas-de-estagio-da-raizen\/"}],"_links":{"self":[{"href":"https:\/\/www.encontrajequie.com.br\/sobre\/wp-json\/wp\/v2\/posts\/1323","targetHints":{"allow":["GET"]}}],"collection":[{"href":"https:\/\/www.encontrajequie.com.br\/sobre\/wp-json\/wp\/v2\/posts"}],"about":[{"href":"https:\/\/www.encontrajequie.com.br\/sobre\/wp-json\/wp\/v2\/types\/post"}],"author":[{"embeddable":true,"href":"https:\/\/www.encontrajequie.com.br\/sobre\/wp-json\/wp\/v2\/users\/1"}],"replies":[{"embeddable":true,"href":"https:\/\/www.encontrajequie.com.br\/sobre\/wp-json\/wp\/v2\/comments?post=1323"}],"version-history":[{"count":0,"href":"https:\/\/www.encontrajequie.com.br\/sobre\/wp-json\/wp\/v2\/posts\/1323\/revisions"}],"wp:featuredmedia":[{"embeddable":true,"href":"https:\/\/www.encontrajequie.com.br\/sobre\/wp-json\/wp\/v2\/media\/1322"}],"wp:attachment":[{"href":"https:\/\/www.encontrajequie.com.br\/sobre\/wp-json\/wp\/v2\/media?parent=1323"}],"wp:term":[{"taxonomy":"category","embeddable":true,"href":"https:\/\/www.encontrajequie.com.br\/sobre\/wp-json\/wp\/v2\/categories?post=1323"},{"taxonomy":"post_tag","embeddable":true,"href":"https:\/\/www.encontrajequie.com.br\/sobre\/wp-json\/wp\/v2\/tags?post=1323"}],"curies":[{"name":"wp","href":"https:\/\/api.w.org\/{rel}","templated":true}]}}