{"id":1373,"date":"2026-07-11T00:11:59","date_gmt":"2026-07-11T03:11:59","guid":{"rendered":"https:\/\/www.encontrajequie.com.br\/sobre\/cct-aprova-24-autorizacoes-e-renovacoes-de-radios-comunitarias\/"},"modified":"2026-07-11T00:11:59","modified_gmt":"2026-07-11T03:11:59","slug":"cct-aprova-24-autorizacoes-e-renovacoes-de-radios-comunitarias","status":"publish","type":"post","link":"https:\/\/www.encontrajequie.com.br\/sobre\/cct-aprova-24-autorizacoes-e-renovacoes-de-radios-comunitarias\/","title":{"rendered":"CCT aprova 24 autoriza\u00e7\u00f5es e renova\u00e7\u00f5es de r\u00e1dios comunit\u00e1rias"},"content":{"rendered":"<div class=\"30cf832dc5940d4704f66d0ed9a44050\" data-index=\"1\" style=\"float: none; margin:0px;\">\n<!-- Anuncio display - global -->\r\n<ins class=\"adsbygoogle\"\r\n     style=\"display:block\"\r\n     data-ad-client=\"ca-pub-8585364105181520\"\r\n     data-ad-slot=\"8789329856\"\r\n     data-ad-format=\"auto\"\r\n     data-full-width-responsive=\"true\"><\/ins>\r\n<script>\r\n     (adsbygoogle = window.adsbygoogle || []).push({});\r\n<\/script>\n<\/div>\n<h2>O que \u00e9 a CCT?<\/h2>\n<p>A Comiss\u00e3o de Ci\u00eancia e Tecnologia (CCT) \u00e9 um \u00f3rg\u00e3o do Senado Federal que desempenha um papel crucial na an\u00e1lise e aprecia\u00e7\u00e3o de projetos relacionados a diversas \u00e1reas da tecnologia e comunica\u00e7\u00e3o no Brasil. Entre suas atribui\u00e7\u00f5es, a CCT revisa e aprova propostas de decreto legislativo (PDLs) que impactam setores importantes, como o r\u00e1dio e a televis\u00e3o. Essa comiss\u00e3o \u00e9 respons\u00e1vel por garantir que as emissoras de r\u00e1dio, especialmente as comunit\u00e1rias, atuem conforme as legisla\u00e7\u00f5es vigentes e atendam \u00e0s necessidades locais de comunica\u00e7\u00e3o.<\/p>\n<h2>Impacto das R\u00e1dios Comunit\u00e1rias<\/h2>\n<p>As r\u00e1dios comunit\u00e1rias t\u00eam uma fun\u00e7\u00e3o significativa na promo\u00e7\u00e3o da inclus\u00e3o social e na dissemina\u00e7\u00e3o de informa\u00e7\u00f5es relevantes para a popula\u00e7\u00e3o. Atuando em locais onde a m\u00eddia tradicional pode n\u00e3o ter alcance, essas emissoras atuam como uma ponte de comunica\u00e7\u00e3o entre a comunidade e os \u00f3rg\u00e3os de governo, oferecendo espa\u00e7o para vozes locais, promo\u00e7\u00e3o de eventos e discuss\u00f5es sobre temas pertinentes \u00e0 cidadania. O impacto social dessas r\u00e1dios vai al\u00e9m do seu alcance, promovendo a participa\u00e7\u00e3o ativa e a consci\u00eancia comunit\u00e1ria.<\/p>\n<h2>Como Funciona a Outorga de R\u00e1dios<\/h2>\n<p>O processo de outorga de r\u00e1dios, especialmente as comunit\u00e1rias, \u00e9 regulado por diretrizes espec\u00edficas. Para a outorga de r\u00e1dio comunit\u00e1ria, n\u00e3o \u00e9 necess\u00e1rio licita\u00e7\u00e3o e a autoriza\u00e7\u00e3o pode ser revogada a qualquer momento, sem direito a indeniza\u00e7\u00e3o. Isso ocorre porque essas r\u00e1dios operam sob um regime diferente das demais emissoras, que precisam seguir processos mais rigorosos e podem exigir licita\u00e7\u00e3o. J\u00e1 para r\u00e1dios que atuam na frequ\u00eancia modulada (FM), a outorga se d\u00e1 atrav\u00e9s de permiss\u00e3o que exige uma licita\u00e7\u00e3o, enquanto as emissoras em onda m\u00e9dia (AM) operam sob concess\u00e3o, que implica um prazo determinado e requer licita\u00e7\u00e3o.<\/p>\n<p><img decoding=\"async\" src=\"https:\/\/www.encontrajequie.com.br\/sobre\/wp-content\/uploads\/2026\/07\/cct-aprova-24-autorizacoes-e-renovacoes-de-radios-comunitarias.webp\" alt=\"autoriza\u00e7\u00f5es para r\u00e1dios comunit\u00e1rias\" loading=\"lazy\" \/><\/p>\n<h2>Emissoras Beneficiadas<\/h2>\n<p>Recentemente, a CCT aprovou uma s\u00e9rie de autoriza\u00e7\u00f5es e renova\u00e7\u00f5es para v\u00e1rias emissoras de r\u00e1dio comunit\u00e1rias e FM. Este ato \u00e9 fundamental para garantir que as comunidades mantenham acesso a meios de comunica\u00e7\u00e3o que respeitem e atendam suas particularidades. As emissoras abrangem diversas localidades do Brasil, incluindo estados como Bahia, Cear\u00e1, Maranh\u00e3o e Minas Gerais, refletindo a diversidade cultural e social do pa\u00eds.<\/p>\n<h2>Processo de Renova\u00e7\u00e3o das Autoriza\u00e7\u00f5es<\/h2>\n<p>A renova\u00e7\u00e3o das autoriza\u00e7\u00f5es \u00e9 um processo que assegura a continuidade das atividades das emissoras. A CCT analisa cada pedido com base em crit\u00e9rios estabelecidos pela legisla\u00e7\u00e3o, levando em considera\u00e7\u00e3o o cumprimento das normas, a relev\u00e2ncia da emissora para a comunidade e a forma como administra seus servi\u00e7os. Este processo \u00e9 vital para garantir que as emissoras possam continuar contribuindo para a diversidade e o desenvolvimento da comunica\u00e7\u00e3o local.<\/p>\n<h2>Import\u00e2ncia da Comunica\u00e7\u00e3o Comunit\u00e1ria<\/h2>\n<p>A comunica\u00e7\u00e3o comunit\u00e1ria desempenha um papel fundamental na realiza\u00e7\u00e3o da cidadania, permitindo que cidad\u00e3os se informem, se expressem e participem ativamente da vida p\u00fablica. R\u00e1dios comunit\u00e1rias oferecem um espa\u00e7o para di\u00e1logos, promovem a cultura local e informam a popula\u00e7\u00e3o sobre servi\u00e7os p\u00fablicos, eventos e normas comunit\u00e1rias, fortalecendo o tecido social da comunidade.<\/p>\n<h2>Desafios Enfrentados pelas R\u00e1dios<\/h2>\n<p>Apesar de seu papel essencial, as r\u00e1dios comunit\u00e1rias enfrentam v\u00e1rios desafios, como a escassez de recursos financeiros e a concorr\u00eancia com m\u00eddias maiores que possuem or\u00e7amento e alcance muito superiores. Al\u00e9m disso, a necessidade de atualiza\u00e7\u00e3o tecnol\u00f3gica e forma\u00e7\u00e3o para os comunicadores \u00e9 uma constante, j\u00e1 que muitas vezes os volunt\u00e1rios e colaboradores dessas emissoras n\u00e3o possuem forma\u00e7\u00e3o especializada na \u00e1rea. Outro desafio \u00e9 a necessidade de lidar com a burocracia do sistema de outorgas e as mudan\u00e7as constantes nas regulamenta\u00e7\u00f5es do setor.<\/p>\n<h2>O Papel da CCT na Sociedade<\/h2>\n<p>A CCT desempenha um papel importante garantindo que as emissoras de r\u00e1dio e televis\u00e3o operem em conformidade com a legisla\u00e7\u00e3o e que promovam a diversidade, a pluralidade e o respeito \u00e0s especificidades locais. Suas decis\u00f5es t\u00eam impacto direto na comunica\u00e7\u00e3o p\u00fablica e na forma como as informa\u00e7\u00f5es circulam nas comunidades, fortalecendo o direito \u00e0 informa\u00e7\u00e3o e \u00e0 express\u00e3o.<\/p>\n<h2>Estat\u00edsticas da Radiodifus\u00e3o no Brasil<\/h2>\n<p>O Brasil possui uma vasta variedade de emissoras de r\u00e1dio, com um n\u00famero expressivo de r\u00e1dios comunit\u00e1rias. Estudos mostram que as emissoras comunit\u00e1rias s\u00e3o essenciais em bairros e localidades que n\u00e3o s\u00e3o atendidos por grandes ve\u00edculos de comunica\u00e7\u00e3o. Essas emissoras s\u00e3o tamb\u00e9m pontes para a promo\u00e7\u00e3o de temas sociais, culturais e de cidadania nas regi\u00f5es onde atuam, mostrando a import\u00e2ncia do seu funcionamento e suporte.<\/p>\n<h2>Pr\u00f3ximos Passos para as Emissoras de R\u00e1dio<\/h2>\n<p>Para as emissoras que acabaram de receber novas autoriza\u00e7\u00f5es ou renova\u00e7\u00f5es, \u00e9 essencial planejar suas a\u00e7\u00f5es e estrat\u00e9gias de comunica\u00e7\u00e3o de forma a maximizar seu impacto na comunidade. Isso inclui formar parcerias com organiza\u00e7\u00f5es locais, desenvolver uma programa\u00e7\u00e3o que atenda \u00e0s necessidades da comunidade e garantir a participa\u00e7\u00e3o dos ouvintes na elabora\u00e7\u00e3o de conte\u00fados. Al\u00e9m disso, devem buscar constantemente alternativas para a capta\u00e7\u00e3o de recursos, seja por meio de campanhas de financiamento coletivo ou parcerias com empresas locais, a fim de manter suas opera\u00e7\u00f5es e expandir suas atividades.<\/p>\n\n<div style=\"font-size: 0px; height: 0px; line-height: 0px; margin: 0; padding: 0; clear: both;\"><\/div>","protected":false},"excerpt":{"rendered":"<p>CCT aprova novas autoriza\u00e7\u00f5es para r\u00e1dios comunit\u00e1rias e FM, saiba mais!<\/p>\n","protected":false},"author":1,"featured_media":1372,"comment_status":"open","ping_status":"closed","sticky":false,"template":"","format":"standard","meta":{"footnotes":""},"categories":[1],"tags":[],"class_list":["post-1373","post","type-post","status-publish","format-standard","has-post-thumbnail","hentry","category-noticias-em-jequie","has_thumb"],"aioseo_notices":[],"aioseo_head":"\n\t\t<!-- All in One SEO 5.0.0.1 - aioseo.com -->\n\t<meta name=\"description\" content=\"CCT aprova novas autoriza\u00e7\u00f5es para r\u00e1dios comunit\u00e1rias e FM, saiba mais!\" \/>\n\t<meta name=\"robots\" content=\"max-image-preview:large\" \/>\n\t<meta name=\"author\" content=\"Encontra Jequi\u00e9\"\/>\n\t<link rel=\"canonical\" href=\"https:\/\/www.encontrajequie.com.br\/sobre\/cct-aprova-24-autorizacoes-e-renovacoes-de-radios-comunitarias\/\" \/>\n\t<meta name=\"generator\" content=\"All in One SEO (AIOSEO) 5.0.0.1\" \/>\n\t\t<meta property=\"og:locale\" content=\"pt_BR\" \/>\n\t\t<meta property=\"og:site_name\" content=\"Encontra Jequi\u00e9 | Not\u00edcias, eventos, informa\u00e7\u00f5es e dicas na cidade de Jequi\u00e9 e regi\u00e3o.\" \/>\n\t\t<meta property=\"og:type\" content=\"article\" \/>\n\t\t<meta property=\"og:title\" content=\"CCT aprova 24 autoriza\u00e7\u00f5es e renova\u00e7\u00f5es de r\u00e1dios comunit\u00e1rias | Encontra Jequi\u00e9\" \/>\n\t\t<meta property=\"og:description\" content=\"CCT aprova novas autoriza\u00e7\u00f5es para r\u00e1dios comunit\u00e1rias e FM, saiba mais!\" \/>\n\t\t<meta property=\"og:url\" content=\"https:\/\/www.encontrajequie.com.br\/sobre\/cct-aprova-24-autorizacoes-e-renovacoes-de-radios-comunitarias\/\" \/>\n\t\t<meta property=\"article:published_time\" content=\"2026-07-11T03:11:59+00:00\" \/>\n\t\t<meta property=\"article:modified_time\" content=\"2026-07-11T03:11:59+00:00\" \/>\n\t\t<meta name=\"twitter:card\" content=\"summary_large_image\" \/>\n\t\t<meta name=\"twitter:title\" content=\"CCT aprova 24 autoriza\u00e7\u00f5es e renova\u00e7\u00f5es de r\u00e1dios comunit\u00e1rias | Encontra Jequi\u00e9\" \/>\n\t\t<meta name=\"twitter:description\" content=\"CCT aprova novas autoriza\u00e7\u00f5es para r\u00e1dios comunit\u00e1rias e FM, saiba mais!\" \/>\n\t\t<script type=\"application\/ld+json\" class=\"aioseo-schema\">\n\t\t\t{\"@context\":\"https:\\\/\\\/schema.org\",\"@graph\":[{\"@type\":\"Article\",\"@id\":\"https:\\\/\\\/www.encontrajequie.com.br\\\/sobre\\\/cct-aprova-24-autorizacoes-e-renovacoes-de-radios-comunitarias\\\/#article\",\"name\":\"CCT aprova 24 autoriza\\u00e7\\u00f5es e renova\\u00e7\\u00f5es de r\\u00e1dios comunit\\u00e1rias | Encontra Jequi\\u00e9\",\"headline\":\"CCT aprova 24 autoriza\\u00e7\\u00f5es e renova\\u00e7\\u00f5es de r\\u00e1dios comunit\\u00e1rias\",\"author\":{\"@id\":\"https:\\\/\\\/www.encontrajequie.com.br\\\/sobre\\\/author\\\/ejequie\\\/#author\"},\"publisher\":{\"@id\":\"https:\\\/\\\/www.encontrajequie.com.br\\\/sobre\\\/#organization\"},\"image\":{\"@type\":\"ImageObject\",\"url\":\"https:\\\/\\\/www.encontrajequie.com.br\\\/sobre\\\/wp-content\\\/uploads\\\/2026\\\/07\\\/cct-aprova-24-autorizacoes-e-renovacoes-de-radios-comunitarias.webp\",\"width\":280,\"height\":280,\"caption\":\"autoriza\\u00e7\\u00f5es para r\\u00e1dios comunit\\u00e1rias\"},\"datePublished\":\"2026-07-11T00:11:59-03:00\",\"dateModified\":\"2026-07-11T00:11:59-03:00\",\"inLanguage\":\"pt-BR\",\"mainEntityOfPage\":{\"@id\":\"https:\\\/\\\/www.encontrajequie.com.br\\\/sobre\\\/cct-aprova-24-autorizacoes-e-renovacoes-de-radios-comunitarias\\\/#webpage\"},\"isPartOf\":{\"@id\":\"https:\\\/\\\/www.encontrajequie.com.br\\\/sobre\\\/cct-aprova-24-autorizacoes-e-renovacoes-de-radios-comunitarias\\\/#webpage\"},\"articleSection\":\"Not\\u00edcias Jequi\\u00e9\"},{\"@type\":\"BreadcrumbList\",\"@id\":\"https:\\\/\\\/www.encontrajequie.com.br\\\/sobre\\\/cct-aprova-24-autorizacoes-e-renovacoes-de-radios-comunitarias\\\/#breadcrumblist\",\"itemListElement\":[{\"@type\":\"ListItem\",\"@id\":\"https:\\\/\\\/www.encontrajequie.com.br\\\/sobre#listItem\",\"position\":1,\"name\":\"Home\",\"item\":\"https:\\\/\\\/www.encontrajequie.com.br\\\/sobre\",\"nextItem\":{\"@type\":\"ListItem\",\"@id\":\"https:\\\/\\\/www.encontrajequie.com.br\\\/sobre\\\/noticias-em-jequie\\\/#listItem\",\"name\":\"Not\\u00edcias Jequi\\u00e9\"}},{\"@type\":\"ListItem\",\"@id\":\"https:\\\/\\\/www.encontrajequie.com.br\\\/sobre\\\/noticias-em-jequie\\\/#listItem\",\"position\":2,\"name\":\"Not\\u00edcias Jequi\\u00e9\",\"item\":\"https:\\\/\\\/www.encontrajequie.com.br\\\/sobre\\\/noticias-em-jequie\\\/\",\"nextItem\":{\"@type\":\"ListItem\",\"@id\":\"https:\\\/\\\/www.encontrajequie.com.br\\\/sobre\\\/cct-aprova-24-autorizacoes-e-renovacoes-de-radios-comunitarias\\\/#listItem\",\"name\":\"CCT aprova 24 autoriza\\u00e7\\u00f5es e renova\\u00e7\\u00f5es de r\\u00e1dios comunit\\u00e1rias\"},\"previousItem\":{\"@type\":\"ListItem\",\"@id\":\"https:\\\/\\\/www.encontrajequie.com.br\\\/sobre#listItem\",\"name\":\"Home\"}},{\"@type\":\"ListItem\",\"@id\":\"https:\\\/\\\/www.encontrajequie.com.br\\\/sobre\\\/cct-aprova-24-autorizacoes-e-renovacoes-de-radios-comunitarias\\\/#listItem\",\"position\":3,\"name\":\"CCT aprova 24 autoriza\\u00e7\\u00f5es e renova\\u00e7\\u00f5es de r\\u00e1dios comunit\\u00e1rias\",\"previousItem\":{\"@type\":\"ListItem\",\"@id\":\"https:\\\/\\\/www.encontrajequie.com.br\\\/sobre\\\/noticias-em-jequie\\\/#listItem\",\"name\":\"Not\\u00edcias Jequi\\u00e9\"}}]},{\"@type\":\"Organization\",\"@id\":\"https:\\\/\\\/www.encontrajequie.com.br\\\/sobre\\\/#organization\",\"name\":\"Encontra Jequi\\u00e9\",\"description\":\"Not\\u00edcias, eventos, informa\\u00e7\\u00f5es e dicas na cidade de Jequi\\u00e9 e regi\\u00e3o.\",\"url\":\"https:\\\/\\\/www.encontrajequie.com.br\\\/sobre\\\/\"},{\"@type\":\"Person\",\"@id\":\"https:\\\/\\\/www.encontrajequie.com.br\\\/sobre\\\/author\\\/ejequie\\\/#author\",\"url\":\"https:\\\/\\\/www.encontrajequie.com.br\\\/sobre\\\/author\\\/ejequie\\\/\",\"name\":\"Encontra Jequi\\u00e9\",\"image\":{\"@type\":\"ImageObject\",\"@id\":\"https:\\\/\\\/www.encontrajequie.com.br\\\/sobre\\\/cct-aprova-24-autorizacoes-e-renovacoes-de-radios-comunitarias\\\/#authorImage\",\"url\":\"https:\\\/\\\/secure.gravatar.com\\\/avatar\\\/507340682b8270222e1f208e23198b6ae7e2c6a1033ae84e99bc6bce4f82a387?s=96&d=mm&r=g\",\"width\":96,\"height\":96,\"caption\":\"Encontra Jequi\\u00e9\"}},{\"@type\":\"WebPage\",\"@id\":\"https:\\\/\\\/www.encontrajequie.com.br\\\/sobre\\\/cct-aprova-24-autorizacoes-e-renovacoes-de-radios-comunitarias\\\/#webpage\",\"url\":\"https:\\\/\\\/www.encontrajequie.com.br\\\/sobre\\\/cct-aprova-24-autorizacoes-e-renovacoes-de-radios-comunitarias\\\/\",\"name\":\"CCT aprova 24 autoriza\\u00e7\\u00f5es e renova\\u00e7\\u00f5es de r\\u00e1dios comunit\\u00e1rias | Encontra Jequi\\u00e9\",\"description\":\"CCT aprova novas autoriza\\u00e7\\u00f5es para r\\u00e1dios comunit\\u00e1rias e FM, saiba mais!\",\"inLanguage\":\"pt-BR\",\"isPartOf\":{\"@id\":\"https:\\\/\\\/www.encontrajequie.com.br\\\/sobre\\\/#website\"},\"breadcrumb\":{\"@id\":\"https:\\\/\\\/www.encontrajequie.com.br\\\/sobre\\\/cct-aprova-24-autorizacoes-e-renovacoes-de-radios-comunitarias\\\/#breadcrumblist\"},\"author\":{\"@id\":\"https:\\\/\\\/www.encontrajequie.com.br\\\/sobre\\\/author\\\/ejequie\\\/#author\"},\"creator\":{\"@id\":\"https:\\\/\\\/www.encontrajequie.com.br\\\/sobre\\\/author\\\/ejequie\\\/#author\"},\"image\":{\"@type\":\"ImageObject\",\"url\":\"https:\\\/\\\/www.encontrajequie.com.br\\\/sobre\\\/wp-content\\\/uploads\\\/2026\\\/07\\\/cct-aprova-24-autorizacoes-e-renovacoes-de-radios-comunitarias.webp\",\"@id\":\"https:\\\/\\\/www.encontrajequie.com.br\\\/sobre\\\/cct-aprova-24-autorizacoes-e-renovacoes-de-radios-comunitarias\\\/#mainImage\",\"width\":280,\"height\":280,\"caption\":\"autoriza\\u00e7\\u00f5es para r\\u00e1dios comunit\\u00e1rias\"},\"primaryImageOfPage\":{\"@id\":\"https:\\\/\\\/www.encontrajequie.com.br\\\/sobre\\\/cct-aprova-24-autorizacoes-e-renovacoes-de-radios-comunitarias\\\/#mainImage\"},\"datePublished\":\"2026-07-11T00:11:59-03:00\",\"dateModified\":\"2026-07-11T00:11:59-03:00\"},{\"@type\":\"WebSite\",\"@id\":\"https:\\\/\\\/www.encontrajequie.com.br\\\/sobre\\\/#website\",\"url\":\"https:\\\/\\\/www.encontrajequie.com.br\\\/sobre\\\/\",\"name\":\"Encontra Jequi\\u00e9\",\"description\":\"Not\\u00edcias, eventos, informa\\u00e7\\u00f5es e dicas na cidade de Jequi\\u00e9 e regi\\u00e3o.\",\"inLanguage\":\"pt-BR\",\"publisher\":{\"@id\":\"https:\\\/\\\/www.encontrajequie.com.br\\\/sobre\\\/#organization\"}}]}\n\t\t<\/script>\n\t\t<!-- All in One SEO -->\n\n","aioseo_head_json":{"title":"CCT aprova 24 autoriza\u00e7\u00f5es e renova\u00e7\u00f5es de r\u00e1dios comunit\u00e1rias | Encontra Jequi\u00e9","description":"CCT aprova novas autoriza\u00e7\u00f5es para r\u00e1dios comunit\u00e1rias e FM, saiba mais!","canonical_url":"https:\/\/www.encontrajequie.com.br\/sobre\/cct-aprova-24-autorizacoes-e-renovacoes-de-radios-comunitarias\/","robots":"max-image-preview:large","keywords":"","webmasterTools":{"miscellaneous":""},"schema":{"@context":"https:\/\/schema.org","@graph":[{"@type":"Article","@id":"https:\/\/www.encontrajequie.com.br\/sobre\/cct-aprova-24-autorizacoes-e-renovacoes-de-radios-comunitarias\/#article","name":"CCT aprova 24 autoriza\u00e7\u00f5es e renova\u00e7\u00f5es de r\u00e1dios comunit\u00e1rias | Encontra Jequi\u00e9","headline":"CCT aprova 24 autoriza\u00e7\u00f5es e renova\u00e7\u00f5es de r\u00e1dios comunit\u00e1rias","author":{"@id":"https:\/\/www.encontrajequie.com.br\/sobre\/author\/ejequie\/#author"},"publisher":{"@id":"https:\/\/www.encontrajequie.com.br\/sobre\/#organization"},"image":{"@type":"ImageObject","url":"https:\/\/www.encontrajequie.com.br\/sobre\/wp-content\/uploads\/2026\/07\/cct-aprova-24-autorizacoes-e-renovacoes-de-radios-comunitarias.webp","width":280,"height":280,"caption":"autoriza\u00e7\u00f5es para r\u00e1dios comunit\u00e1rias"},"datePublished":"2026-07-11T00:11:59-03:00","dateModified":"2026-07-11T00:11:59-03:00","inLanguage":"pt-BR","mainEntityOfPage":{"@id":"https:\/\/www.encontrajequie.com.br\/sobre\/cct-aprova-24-autorizacoes-e-renovacoes-de-radios-comunitarias\/#webpage"},"isPartOf":{"@id":"https:\/\/www.encontrajequie.com.br\/sobre\/cct-aprova-24-autorizacoes-e-renovacoes-de-radios-comunitarias\/#webpage"},"articleSection":"Not\u00edcias Jequi\u00e9"},{"@type":"BreadcrumbList","@id":"https:\/\/www.encontrajequie.com.br\/sobre\/cct-aprova-24-autorizacoes-e-renovacoes-de-radios-comunitarias\/#breadcrumblist","itemListElement":[{"@type":"ListItem","@id":"https:\/\/www.encontrajequie.com.br\/sobre#listItem","position":1,"name":"Home","item":"https:\/\/www.encontrajequie.com.br\/sobre","nextItem":{"@type":"ListItem","@id":"https:\/\/www.encontrajequie.com.br\/sobre\/noticias-em-jequie\/#listItem","name":"Not\u00edcias Jequi\u00e9"}},{"@type":"ListItem","@id":"https:\/\/www.encontrajequie.com.br\/sobre\/noticias-em-jequie\/#listItem","position":2,"name":"Not\u00edcias Jequi\u00e9","item":"https:\/\/www.encontrajequie.com.br\/sobre\/noticias-em-jequie\/","nextItem":{"@type":"ListItem","@id":"https:\/\/www.encontrajequie.com.br\/sobre\/cct-aprova-24-autorizacoes-e-renovacoes-de-radios-comunitarias\/#listItem","name":"CCT aprova 24 autoriza\u00e7\u00f5es e renova\u00e7\u00f5es de r\u00e1dios comunit\u00e1rias"},"previousItem":{"@type":"ListItem","@id":"https:\/\/www.encontrajequie.com.br\/sobre#listItem","name":"Home"}},{"@type":"ListItem","@id":"https:\/\/www.encontrajequie.com.br\/sobre\/cct-aprova-24-autorizacoes-e-renovacoes-de-radios-comunitarias\/#listItem","position":3,"name":"CCT aprova 24 autoriza\u00e7\u00f5es e renova\u00e7\u00f5es de r\u00e1dios comunit\u00e1rias","previousItem":{"@type":"ListItem","@id":"https:\/\/www.encontrajequie.com.br\/sobre\/noticias-em-jequie\/#listItem","name":"Not\u00edcias Jequi\u00e9"}}]},{"@type":"Organization","@id":"https:\/\/www.encontrajequie.com.br\/sobre\/#organization","name":"Encontra Jequi\u00e9","description":"Not\u00edcias, eventos, informa\u00e7\u00f5es e dicas na cidade de Jequi\u00e9 e regi\u00e3o.","url":"https:\/\/www.encontrajequie.com.br\/sobre\/"},{"@type":"Person","@id":"https:\/\/www.encontrajequie.com.br\/sobre\/author\/ejequie\/#author","url":"https:\/\/www.encontrajequie.com.br\/sobre\/author\/ejequie\/","name":"Encontra Jequi\u00e9","image":{"@type":"ImageObject","@id":"https:\/\/www.encontrajequie.com.br\/sobre\/cct-aprova-24-autorizacoes-e-renovacoes-de-radios-comunitarias\/#authorImage","url":"https:\/\/secure.gravatar.com\/avatar\/507340682b8270222e1f208e23198b6ae7e2c6a1033ae84e99bc6bce4f82a387?s=96&d=mm&r=g","width":96,"height":96,"caption":"Encontra Jequi\u00e9"}},{"@type":"WebPage","@id":"https:\/\/www.encontrajequie.com.br\/sobre\/cct-aprova-24-autorizacoes-e-renovacoes-de-radios-comunitarias\/#webpage","url":"https:\/\/www.encontrajequie.com.br\/sobre\/cct-aprova-24-autorizacoes-e-renovacoes-de-radios-comunitarias\/","name":"CCT aprova 24 autoriza\u00e7\u00f5es e renova\u00e7\u00f5es de r\u00e1dios comunit\u00e1rias | Encontra Jequi\u00e9","description":"CCT aprova novas autoriza\u00e7\u00f5es para r\u00e1dios comunit\u00e1rias e FM, saiba mais!","inLanguage":"pt-BR","isPartOf":{"@id":"https:\/\/www.encontrajequie.com.br\/sobre\/#website"},"breadcrumb":{"@id":"https:\/\/www.encontrajequie.com.br\/sobre\/cct-aprova-24-autorizacoes-e-renovacoes-de-radios-comunitarias\/#breadcrumblist"},"author":{"@id":"https:\/\/www.encontrajequie.com.br\/sobre\/author\/ejequie\/#author"},"creator":{"@id":"https:\/\/www.encontrajequie.com.br\/sobre\/author\/ejequie\/#author"},"image":{"@type":"ImageObject","url":"https:\/\/www.encontrajequie.com.br\/sobre\/wp-content\/uploads\/2026\/07\/cct-aprova-24-autorizacoes-e-renovacoes-de-radios-comunitarias.webp","@id":"https:\/\/www.encontrajequie.com.br\/sobre\/cct-aprova-24-autorizacoes-e-renovacoes-de-radios-comunitarias\/#mainImage","width":280,"height":280,"caption":"autoriza\u00e7\u00f5es para r\u00e1dios comunit\u00e1rias"},"primaryImageOfPage":{"@id":"https:\/\/www.encontrajequie.com.br\/sobre\/cct-aprova-24-autorizacoes-e-renovacoes-de-radios-comunitarias\/#mainImage"},"datePublished":"2026-07-11T00:11:59-03:00","dateModified":"2026-07-11T00:11:59-03:00"},{"@type":"WebSite","@id":"https:\/\/www.encontrajequie.com.br\/sobre\/#website","url":"https:\/\/www.encontrajequie.com.br\/sobre\/","name":"Encontra Jequi\u00e9","description":"Not\u00edcias, eventos, informa\u00e7\u00f5es e dicas na cidade de Jequi\u00e9 e regi\u00e3o.","inLanguage":"pt-BR","publisher":{"@id":"https:\/\/www.encontrajequie.com.br\/sobre\/#organization"}}]},"og:locale":"pt_BR","og:site_name":"Encontra Jequi\u00e9 | Not\u00edcias, eventos, informa\u00e7\u00f5es e dicas na cidade de Jequi\u00e9 e regi\u00e3o.","og:type":"article","og:title":"CCT aprova 24 autoriza\u00e7\u00f5es e renova\u00e7\u00f5es de r\u00e1dios comunit\u00e1rias | Encontra Jequi\u00e9","og:description":"CCT aprova novas autoriza\u00e7\u00f5es para r\u00e1dios comunit\u00e1rias e FM, saiba mais!","og:url":"https:\/\/www.encontrajequie.com.br\/sobre\/cct-aprova-24-autorizacoes-e-renovacoes-de-radios-comunitarias\/","article:published_time":"2026-07-11T03:11:59+00:00","article:modified_time":"2026-07-11T03:11:59+00:00","twitter:card":"summary_large_image","twitter:title":"CCT aprova 24 autoriza\u00e7\u00f5es e renova\u00e7\u00f5es de r\u00e1dios comunit\u00e1rias | Encontra Jequi\u00e9","twitter:description":"CCT aprova novas autoriza\u00e7\u00f5es para r\u00e1dios comunit\u00e1rias e FM, saiba mais!"},"aioseo_meta_data":{"post_id":"1373","title":null,"description":null,"keywords":null,"keyphrases":null,"primary_term":null,"canonical_url":null,"og_title":null,"og_description":null,"og_object_type":"default","og_image_type":"default","og_image_url":null,"og_image_width":null,"og_image_height":null,"og_image_custom_url":null,"og_image_custom_fields":null,"og_video":null,"og_custom_url":null,"og_article_section":null,"og_article_tags":null,"twitter_use_og":false,"twitter_card":"default","twitter_image_type":"default","twitter_image_url":null,"twitter_image_custom_url":null,"twitter_image_custom_fields":null,"twitter_title":null,"twitter_description":null,"schema":{"blockGraphs":[],"customGraphs":[],"default":{"data":{"Article":[],"Course":[],"Dataset":[],"FAQPage":[],"Movie":[],"Person":[],"Product":[],"ProductReview":[],"Car":[],"Recipe":[],"Service":[],"SoftwareApplication":[],"WebPage":[]},"graphName":"Article","isEnabled":true},"graphs":[]},"schema_type":"default","schema_type_options":null,"pillar_content":false,"robots_default":true,"robots_noindex":false,"robots_noarchive":false,"robots_nosnippet":false,"robots_nofollow":false,"robots_noimageindex":false,"robots_noodp":false,"robots_notranslate":false,"robots_max_snippet":null,"robots_max_videopreview":null,"robots_max_imagepreview":"large","priority":null,"frequency":null,"local_seo":null,"breadcrumb_settings":null,"limit_modified_date":false,"ai":null,"created":"2026-07-11 03:12:02","updated":"2026-07-11 03:26:38","focus_keyword":null,"additional_keywords":null,"truseo_locale":null,"seo_analyzer_scan_date":null},"aioseo_breadcrumb":"<div class=\"aioseo-breadcrumbs\"><span class=\"aioseo-breadcrumb\">\n\t\t\t<a href=\"https:\/\/www.encontrajequie.com.br\/sobre\" title=\"Home\">Home<\/a>\n\t\t<\/span><span class=\"aioseo-breadcrumb-separator\">&raquo;<\/span><span class=\"aioseo-breadcrumb\">\n\t\t\t<a href=\"https:\/\/www.encontrajequie.com.br\/sobre\/noticias-em-jequie\/\" title=\"Not\u00edcias Jequi\u00e9\">Not\u00edcias Jequi\u00e9<\/a>\n\t\t<\/span><span class=\"aioseo-breadcrumb-separator\">&raquo;<\/span><span class=\"aioseo-breadcrumb\">\n\t\t\tCCT aprova 24 autoriza\u00e7\u00f5es e renova\u00e7\u00f5es de r\u00e1dios comunit\u00e1rias\n\t\t<\/span><\/div>","aioseo_breadcrumb_json":[{"label":"Home","link":"https:\/\/www.encontrajequie.com.br\/sobre"},{"label":"Not\u00edcias Jequi\u00e9","link":"https:\/\/www.encontrajequie.com.br\/sobre\/noticias-em-jequie\/"},{"label":"CCT aprova 24 autoriza\u00e7\u00f5es e renova\u00e7\u00f5es de r\u00e1dios comunit\u00e1rias","link":"https:\/\/www.encontrajequie.com.br\/sobre\/cct-aprova-24-autorizacoes-e-renovacoes-de-radios-comunitarias\/"}],"_links":{"self":[{"href":"https:\/\/www.encontrajequie.com.br\/sobre\/wp-json\/wp\/v2\/posts\/1373","targetHints":{"allow":["GET"]}}],"collection":[{"href":"https:\/\/www.encontrajequie.com.br\/sobre\/wp-json\/wp\/v2\/posts"}],"about":[{"href":"https:\/\/www.encontrajequie.com.br\/sobre\/wp-json\/wp\/v2\/types\/post"}],"author":[{"embeddable":true,"href":"https:\/\/www.encontrajequie.com.br\/sobre\/wp-json\/wp\/v2\/users\/1"}],"replies":[{"embeddable":true,"href":"https:\/\/www.encontrajequie.com.br\/sobre\/wp-json\/wp\/v2\/comments?post=1373"}],"version-history":[{"count":0,"href":"https:\/\/www.encontrajequie.com.br\/sobre\/wp-json\/wp\/v2\/posts\/1373\/revisions"}],"wp:featuredmedia":[{"embeddable":true,"href":"https:\/\/www.encontrajequie.com.br\/sobre\/wp-json\/wp\/v2\/media\/1372"}],"wp:attachment":[{"href":"https:\/\/www.encontrajequie.com.br\/sobre\/wp-json\/wp\/v2\/media?parent=1373"}],"wp:term":[{"taxonomy":"category","embeddable":true,"href":"https:\/\/www.encontrajequie.com.br\/sobre\/wp-json\/wp\/v2\/categories?post=1373"},{"taxonomy":"post_tag","embeddable":true,"href":"https:\/\/www.encontrajequie.com.br\/sobre\/wp-json\/wp\/v2\/tags?post=1373"}],"curies":[{"name":"wp","href":"https:\/\/api.w.org\/{rel}","templated":true}]}}