{"id":1377,"date":"2026-07-12T00:11:08","date_gmt":"2026-07-12T03:11:08","guid":{"rendered":"https:\/\/www.encontrajequie.com.br\/sobre\/rui-projeta-vitoria-de-jeronimo-em-jequie-e-aponta-que-pgp-demonstrou-essa-forca\/"},"modified":"2026-07-12T00:11:08","modified_gmt":"2026-07-12T03:11:08","slug":"rui-projeta-vitoria-de-jeronimo-em-jequie-e-aponta-que-pgp-demonstrou-essa-forca","status":"publish","type":"post","link":"https:\/\/www.encontrajequie.com.br\/sobre\/rui-projeta-vitoria-de-jeronimo-em-jequie-e-aponta-que-pgp-demonstrou-essa-forca\/","title":{"rendered":"Rui projeta vit\u00f3ria de Jer\u00f4nimo em Jequi\u00e9 e aponta que PGP \u2018demonstrou essa for\u00e7a\u2019"},"content":{"rendered":"<div class=\"30cf832dc5940d4704f66d0ed9a44050\" data-index=\"1\" style=\"float: none; margin:0px;\">\n<!-- Anuncio display - global -->\r\n<ins class=\"adsbygoogle\"\r\n     style=\"display:block\"\r\n     data-ad-client=\"ca-pub-8585364105181520\"\r\n     data-ad-slot=\"8789329856\"\r\n     data-ad-format=\"auto\"\r\n     data-full-width-responsive=\"true\"><\/ins>\r\n<script>\r\n     (adsbygoogle = window.adsbygoogle || []).push({});\r\n<\/script>\n<\/div>\n<h2>Expectativas Eleitorais em Jequi\u00e9<\/h2>\n<p>A confian\u00e7a nas pr\u00f3ximas elei\u00e7\u00f5es em Jequi\u00e9 est\u00e1 em alta, principalmente entre os apoiadores do governador Jer\u00f4nimo Rodrigues. Rui Costa, pr\u00e9-candidato ao Senado, expressou sua convic\u00e7\u00e3o de que Jer\u00f4nimo alcan\u00e7ar\u00e1 uma vit\u00f3ria significativa na cidade nas elei\u00e7\u00f5es deste ano. Essa expectativa n\u00e3o \u00e9 apenas um desejo; \u00e9 respaldada por resultados anteriores que demonstram a for\u00e7a da chapa em elei\u00e7\u00f5es anteriores.<\/p>\n<h2>A For\u00e7a do Programa de Governo Participativo<\/h2>\n<p>O Programa de Governo Participativo (PGP) realizado recentemente em Jequi\u00e9 teve uma participa\u00e7\u00e3o expressiva, com cerca de 10 mil pessoas presentes. Rui Costa mencionou que esse evento deve ser visto como um reflexo do apoio popular ao projeto liderado por Jer\u00f4nimo. Os participantes deram um sinal claro de que est\u00e3o interessados e confiam nas iniciativas propostas, o que aumenta a probabilidades de \u00eaxito nas urnas.<\/p>\n<h2>Participa\u00e7\u00e3o Popular e a Confian\u00e7a no Resultado<\/h2>\n<p>As intera\u00e7\u00f5es durante o PGP permitiram que Rui sentisse o pulso da popula\u00e7\u00e3o local. As conversas e os feedbacks que recebeu mostraram um sentimento forte a favor de Jer\u00f4nimo. A participa\u00e7\u00e3o maci\u00e7a indica que a comunidade est\u00e1 engajada e acredita no trabalho realizado pelo governador, o que pode resultar em um voto mais consciente e positivo nas pr\u00f3ximas elei\u00e7\u00f5es.<\/p>\n<p><img decoding=\"async\" src=\"https:\/\/www.encontrajequie.com.br\/sobre\/wp-content\/uploads\/2026\/07\/rui-projeta-vitoria-de-jeronimo-em-jequie-e-aponta-que-pgp-demonstrou-essa-forca.webp\" alt=\"vit\u00f3ria de Jer\u00f4nimo em Jequi\u00e9\" loading=\"lazy\" \/><\/p>\n<h2>Hist\u00f3ria de Sucessos nas Elei\u00e7\u00f5es Anteriores<\/h2>\n<p>Em 2022, a vit\u00f3ria de Jer\u00f4nimo em Jequi\u00e9 foi marcante e consider\u00e1vel, considerando a hist\u00f3ria pol\u00edtica da cidade. O petista conquistou o eleitorado com uma margem significativa, refletindo o desejo de mudan\u00e7a e continuidade de uma governan\u00e7a que prioriza o bem-estar da popula\u00e7\u00e3o. Essa base de apoio, conquistada ao longo de anos, \u00e9 um pilar fundamental nas proje\u00e7\u00f5es para as elei\u00e7\u00f5es futuras.<\/p>\n<h2>O Impacto da Gest\u00e3o Municipal Atual<\/h2>\n<p>Atualmente, Jequi\u00e9 \u00e9 administrada por Flavinho Santana, que assumiu ap\u00f3s a ren\u00fancia de Z\u00e9 Coc\u00e1. A gest\u00e3o de Flavinho ser\u00e1 um fator crucial a ser considerado pelos eleitores. Rui Costa salientou que a compara\u00e7\u00e3o entre as administra\u00e7\u00f5es \u00e9 inevit\u00e1vel, e argumenta que o povo de Jequi\u00e9 perceber\u00e1 as diferen\u00e7as nas a\u00e7\u00f5es e resultados. A percep\u00e7\u00e3o de que a gest\u00e3o atual n\u00e3o atendeu adequadamente \u00e0s necessidades da cidade pode ajudar a consolidar a vit\u00f3ria de Jer\u00f4nimo.<\/p>\n<h2>Compara\u00e7\u00e3o entre Gest\u00f5es Passadas<\/h2>\n<p>O contraste entre a administra\u00e7\u00e3o do atual prefeito e as a\u00e7\u00f5es implementadas durante o governo de Jer\u00f4nimo \u00e9 um t\u00f3pico em evid\u00eancia. Costa afirmou que a gest\u00e3o de Flavinho n\u00e3o trouxe benef\u00edcios significativos para a cidade, o que pode gerar descontentamento entre os eleitores. Essa insatisfa\u00e7\u00e3o poderia se traduzir em votos contra o atual governo na hora das elei\u00e7\u00f5es.<\/p>\n<h2>O Desempenho da Chapa em 2022<\/h2>\n<p>O desempenho da chapa em 2022 tamb\u00e9m \u00e9 um aspecto relevante. A vit\u00f3ria expressiva de Jer\u00f4nimo ao lado de Rui Costa na \u00faltima elei\u00e7\u00e3o estadual serve de exemplo da for\u00e7a que a coaliz\u00e3o ainda possui. Essa realiza\u00e7\u00e3o hist\u00f3rica d\u00e1 aos aliados a confian\u00e7a de que podem repetir o feito, especialmente considerando que o apoio popular parece ter se mantido ou at\u00e9 aumentado desde ent\u00e3o.<\/p>\n<h2>O Envolvimento do Povo nas Decis\u00f5es<\/h2>\n<p>Um ponto forte na estrat\u00e9gia de Jer\u00f4nimo tem sido seu enfoque na participa\u00e7\u00e3o da popula\u00e7\u00e3o nas decis\u00f5es pol\u00edticas. Programas de governo que incentivam o envolvimento cidad\u00e3o ajudam a formar uma base s\u00f3lida de apoio. O engajamento comunit\u00e1rio n\u00e3o s\u00f3 promove sensa\u00e7\u00e3o de inclus\u00e3o, mas tamb\u00e9m refor\u00e7a a disposi\u00e7\u00e3o dos eleitores em apoiar um candidato que prioriza a voz do povo.<\/p>\n<h2>Desafios e Oportunidades para Jer\u00f4nimo<\/h2>\n<p>A trajet\u00f3ria para a reelei\u00e7\u00e3o de Jer\u00f4nimo n\u00e3o ser\u00e1 isenta de desafios. Ele ter\u00e1 que lidar com rivalidades pol\u00edticas, quest\u00f5es pr\u00e1ticas relacionadas \u00e0 administra\u00e7\u00e3o atual e, sobretudo, garantir que as promessas de campanha se transformem em a\u00e7\u00f5es concretas. No entanto, as oportunidades s\u00e3o in\u00fameras, dada a mobiliza\u00e7\u00e3o popular observada recentemente.<\/p>\n<h2>Perspectivas Futuras para a Pol\u00edtica de Jequi\u00e9<\/h2>\n<p>O futuro pol\u00edtico de Jequi\u00e9 depender\u00e1 de diversos fatores, incluindo as a\u00e7\u00f5es da gest\u00e3o atual e como Jer\u00f4nimo e sua equipe conseguir\u00e3o comunicar suas propostas e resultados aos eleitores. Uma campanha bem estruturada e a manuten\u00e7\u00e3o do di\u00e1logo aberto com a comunidade poder\u00e3o ser os diferenciais na corrida eleitoral.<\/p>\n\n<div style=\"font-size: 0px; height: 0px; line-height: 0px; margin: 0; padding: 0; clear: both;\"><\/div>","protected":false},"excerpt":{"rendered":"<p>Rui Costa projeta vit\u00f3ria de Jer\u00f4nimo em Jequi\u00e9 em pr\u00f3ximo pleito.<\/p>\n","protected":false},"author":1,"featured_media":1376,"comment_status":"open","ping_status":"closed","sticky":false,"template":"","format":"standard","meta":{"footnotes":""},"categories":[1],"tags":[],"class_list":["post-1377","post","type-post","status-publish","format-standard","has-post-thumbnail","hentry","category-noticias-em-jequie","has_thumb"],"aioseo_notices":[],"aioseo_head":"\n\t\t<!-- All in One SEO 5.0.0.1 - aioseo.com -->\n\t<meta name=\"description\" content=\"Rui Costa projeta vit\u00f3ria de Jer\u00f4nimo em Jequi\u00e9 em pr\u00f3ximo pleito.\" \/>\n\t<meta name=\"robots\" content=\"max-image-preview:large\" \/>\n\t<meta name=\"author\" content=\"Encontra Jequi\u00e9\"\/>\n\t<link rel=\"canonical\" href=\"https:\/\/www.encontrajequie.com.br\/sobre\/rui-projeta-vitoria-de-jeronimo-em-jequie-e-aponta-que-pgp-demonstrou-essa-forca\/\" \/>\n\t<meta name=\"generator\" content=\"All in One SEO (AIOSEO) 5.0.0.1\" \/>\n\t\t<meta property=\"og:locale\" content=\"pt_BR\" \/>\n\t\t<meta property=\"og:site_name\" content=\"Encontra Jequi\u00e9 | Not\u00edcias, eventos, informa\u00e7\u00f5es e dicas na cidade de Jequi\u00e9 e regi\u00e3o.\" \/>\n\t\t<meta property=\"og:type\" content=\"article\" \/>\n\t\t<meta property=\"og:title\" content=\"Rui projeta vit\u00f3ria de Jer\u00f4nimo em Jequi\u00e9 e aponta que PGP \u2018demonstrou essa for\u00e7a\u2019 | Encontra Jequi\u00e9\" \/>\n\t\t<meta property=\"og:description\" content=\"Rui Costa projeta vit\u00f3ria de Jer\u00f4nimo em Jequi\u00e9 em pr\u00f3ximo pleito.\" \/>\n\t\t<meta property=\"og:url\" content=\"https:\/\/www.encontrajequie.com.br\/sobre\/rui-projeta-vitoria-de-jeronimo-em-jequie-e-aponta-que-pgp-demonstrou-essa-forca\/\" \/>\n\t\t<meta property=\"article:published_time\" content=\"2026-07-12T03:11:08+00:00\" \/>\n\t\t<meta property=\"article:modified_time\" content=\"2026-07-12T03:11:08+00:00\" \/>\n\t\t<meta name=\"twitter:card\" content=\"summary_large_image\" \/>\n\t\t<meta name=\"twitter:title\" content=\"Rui projeta vit\u00f3ria de Jer\u00f4nimo em Jequi\u00e9 e aponta que PGP \u2018demonstrou essa for\u00e7a\u2019 | Encontra Jequi\u00e9\" \/>\n\t\t<meta name=\"twitter:description\" content=\"Rui Costa projeta vit\u00f3ria de Jer\u00f4nimo em Jequi\u00e9 em pr\u00f3ximo pleito.\" \/>\n\t\t<script type=\"application\/ld+json\" class=\"aioseo-schema\">\n\t\t\t{\"@context\":\"https:\\\/\\\/schema.org\",\"@graph\":[{\"@type\":\"Article\",\"@id\":\"https:\\\/\\\/www.encontrajequie.com.br\\\/sobre\\\/rui-projeta-vitoria-de-jeronimo-em-jequie-e-aponta-que-pgp-demonstrou-essa-forca\\\/#article\",\"name\":\"Rui projeta vit\\u00f3ria de Jer\\u00f4nimo em Jequi\\u00e9 e aponta que PGP \\u2018demonstrou essa for\\u00e7a\\u2019 | Encontra Jequi\\u00e9\",\"headline\":\"Rui projeta vit\\u00f3ria de Jer\\u00f4nimo em Jequi\\u00e9 e aponta que PGP \\u2018demonstrou essa for\\u00e7a\\u2019\",\"author\":{\"@id\":\"https:\\\/\\\/www.encontrajequie.com.br\\\/sobre\\\/author\\\/ejequie\\\/#author\"},\"publisher\":{\"@id\":\"https:\\\/\\\/www.encontrajequie.com.br\\\/sobre\\\/#organization\"},\"image\":{\"@type\":\"ImageObject\",\"url\":\"https:\\\/\\\/www.encontrajequie.com.br\\\/sobre\\\/wp-content\\\/uploads\\\/2026\\\/07\\\/rui-projeta-vitoria-de-jeronimo-em-jequie-e-aponta-que-pgp-demonstrou-essa-forca.webp\",\"width\":280,\"height\":280,\"caption\":\"vit\\u00f3ria de Jer\\u00f4nimo em Jequi\\u00e9\"},\"datePublished\":\"2026-07-12T00:11:08-03:00\",\"dateModified\":\"2026-07-12T00:11:08-03:00\",\"inLanguage\":\"pt-BR\",\"mainEntityOfPage\":{\"@id\":\"https:\\\/\\\/www.encontrajequie.com.br\\\/sobre\\\/rui-projeta-vitoria-de-jeronimo-em-jequie-e-aponta-que-pgp-demonstrou-essa-forca\\\/#webpage\"},\"isPartOf\":{\"@id\":\"https:\\\/\\\/www.encontrajequie.com.br\\\/sobre\\\/rui-projeta-vitoria-de-jeronimo-em-jequie-e-aponta-que-pgp-demonstrou-essa-forca\\\/#webpage\"},\"articleSection\":\"Not\\u00edcias Jequi\\u00e9\"},{\"@type\":\"BreadcrumbList\",\"@id\":\"https:\\\/\\\/www.encontrajequie.com.br\\\/sobre\\\/rui-projeta-vitoria-de-jeronimo-em-jequie-e-aponta-que-pgp-demonstrou-essa-forca\\\/#breadcrumblist\",\"itemListElement\":[{\"@type\":\"ListItem\",\"@id\":\"https:\\\/\\\/www.encontrajequie.com.br\\\/sobre#listItem\",\"position\":1,\"name\":\"Home\",\"item\":\"https:\\\/\\\/www.encontrajequie.com.br\\\/sobre\",\"nextItem\":{\"@type\":\"ListItem\",\"@id\":\"https:\\\/\\\/www.encontrajequie.com.br\\\/sobre\\\/noticias-em-jequie\\\/#listItem\",\"name\":\"Not\\u00edcias Jequi\\u00e9\"}},{\"@type\":\"ListItem\",\"@id\":\"https:\\\/\\\/www.encontrajequie.com.br\\\/sobre\\\/noticias-em-jequie\\\/#listItem\",\"position\":2,\"name\":\"Not\\u00edcias Jequi\\u00e9\",\"item\":\"https:\\\/\\\/www.encontrajequie.com.br\\\/sobre\\\/noticias-em-jequie\\\/\",\"nextItem\":{\"@type\":\"ListItem\",\"@id\":\"https:\\\/\\\/www.encontrajequie.com.br\\\/sobre\\\/rui-projeta-vitoria-de-jeronimo-em-jequie-e-aponta-que-pgp-demonstrou-essa-forca\\\/#listItem\",\"name\":\"Rui projeta vit\\u00f3ria de Jer\\u00f4nimo em Jequi\\u00e9 e aponta que PGP \\u2018demonstrou essa for\\u00e7a\\u2019\"},\"previousItem\":{\"@type\":\"ListItem\",\"@id\":\"https:\\\/\\\/www.encontrajequie.com.br\\\/sobre#listItem\",\"name\":\"Home\"}},{\"@type\":\"ListItem\",\"@id\":\"https:\\\/\\\/www.encontrajequie.com.br\\\/sobre\\\/rui-projeta-vitoria-de-jeronimo-em-jequie-e-aponta-que-pgp-demonstrou-essa-forca\\\/#listItem\",\"position\":3,\"name\":\"Rui projeta vit\\u00f3ria de Jer\\u00f4nimo em Jequi\\u00e9 e aponta que PGP \\u2018demonstrou essa for\\u00e7a\\u2019\",\"previousItem\":{\"@type\":\"ListItem\",\"@id\":\"https:\\\/\\\/www.encontrajequie.com.br\\\/sobre\\\/noticias-em-jequie\\\/#listItem\",\"name\":\"Not\\u00edcias Jequi\\u00e9\"}}]},{\"@type\":\"Organization\",\"@id\":\"https:\\\/\\\/www.encontrajequie.com.br\\\/sobre\\\/#organization\",\"name\":\"Encontra Jequi\\u00e9\",\"description\":\"Not\\u00edcias, eventos, informa\\u00e7\\u00f5es e dicas na cidade de Jequi\\u00e9 e regi\\u00e3o.\",\"url\":\"https:\\\/\\\/www.encontrajequie.com.br\\\/sobre\\\/\"},{\"@type\":\"Person\",\"@id\":\"https:\\\/\\\/www.encontrajequie.com.br\\\/sobre\\\/author\\\/ejequie\\\/#author\",\"url\":\"https:\\\/\\\/www.encontrajequie.com.br\\\/sobre\\\/author\\\/ejequie\\\/\",\"name\":\"Encontra Jequi\\u00e9\",\"image\":{\"@type\":\"ImageObject\",\"@id\":\"https:\\\/\\\/www.encontrajequie.com.br\\\/sobre\\\/rui-projeta-vitoria-de-jeronimo-em-jequie-e-aponta-que-pgp-demonstrou-essa-forca\\\/#authorImage\",\"url\":\"https:\\\/\\\/secure.gravatar.com\\\/avatar\\\/507340682b8270222e1f208e23198b6ae7e2c6a1033ae84e99bc6bce4f82a387?s=96&d=mm&r=g\",\"width\":96,\"height\":96,\"caption\":\"Encontra Jequi\\u00e9\"}},{\"@type\":\"WebPage\",\"@id\":\"https:\\\/\\\/www.encontrajequie.com.br\\\/sobre\\\/rui-projeta-vitoria-de-jeronimo-em-jequie-e-aponta-que-pgp-demonstrou-essa-forca\\\/#webpage\",\"url\":\"https:\\\/\\\/www.encontrajequie.com.br\\\/sobre\\\/rui-projeta-vitoria-de-jeronimo-em-jequie-e-aponta-que-pgp-demonstrou-essa-forca\\\/\",\"name\":\"Rui projeta vit\\u00f3ria de Jer\\u00f4nimo em Jequi\\u00e9 e aponta que PGP \\u2018demonstrou essa for\\u00e7a\\u2019 | Encontra Jequi\\u00e9\",\"description\":\"Rui Costa projeta vit\\u00f3ria de Jer\\u00f4nimo em Jequi\\u00e9 em pr\\u00f3ximo pleito.\",\"inLanguage\":\"pt-BR\",\"isPartOf\":{\"@id\":\"https:\\\/\\\/www.encontrajequie.com.br\\\/sobre\\\/#website\"},\"breadcrumb\":{\"@id\":\"https:\\\/\\\/www.encontrajequie.com.br\\\/sobre\\\/rui-projeta-vitoria-de-jeronimo-em-jequie-e-aponta-que-pgp-demonstrou-essa-forca\\\/#breadcrumblist\"},\"author\":{\"@id\":\"https:\\\/\\\/www.encontrajequie.com.br\\\/sobre\\\/author\\\/ejequie\\\/#author\"},\"creator\":{\"@id\":\"https:\\\/\\\/www.encontrajequie.com.br\\\/sobre\\\/author\\\/ejequie\\\/#author\"},\"image\":{\"@type\":\"ImageObject\",\"url\":\"https:\\\/\\\/www.encontrajequie.com.br\\\/sobre\\\/wp-content\\\/uploads\\\/2026\\\/07\\\/rui-projeta-vitoria-de-jeronimo-em-jequie-e-aponta-que-pgp-demonstrou-essa-forca.webp\",\"@id\":\"https:\\\/\\\/www.encontrajequie.com.br\\\/sobre\\\/rui-projeta-vitoria-de-jeronimo-em-jequie-e-aponta-que-pgp-demonstrou-essa-forca\\\/#mainImage\",\"width\":280,\"height\":280,\"caption\":\"vit\\u00f3ria de Jer\\u00f4nimo em Jequi\\u00e9\"},\"primaryImageOfPage\":{\"@id\":\"https:\\\/\\\/www.encontrajequie.com.br\\\/sobre\\\/rui-projeta-vitoria-de-jeronimo-em-jequie-e-aponta-que-pgp-demonstrou-essa-forca\\\/#mainImage\"},\"datePublished\":\"2026-07-12T00:11:08-03:00\",\"dateModified\":\"2026-07-12T00:11:08-03:00\"},{\"@type\":\"WebSite\",\"@id\":\"https:\\\/\\\/www.encontrajequie.com.br\\\/sobre\\\/#website\",\"url\":\"https:\\\/\\\/www.encontrajequie.com.br\\\/sobre\\\/\",\"name\":\"Encontra Jequi\\u00e9\",\"description\":\"Not\\u00edcias, eventos, informa\\u00e7\\u00f5es e dicas na cidade de Jequi\\u00e9 e regi\\u00e3o.\",\"inLanguage\":\"pt-BR\",\"publisher\":{\"@id\":\"https:\\\/\\\/www.encontrajequie.com.br\\\/sobre\\\/#organization\"}}]}\n\t\t<\/script>\n\t\t<!-- All in One SEO -->\n\n","aioseo_head_json":{"title":"Rui projeta vit\u00f3ria de Jer\u00f4nimo em Jequi\u00e9 e aponta que PGP \u2018demonstrou essa for\u00e7a\u2019 | Encontra Jequi\u00e9","description":"Rui Costa projeta vit\u00f3ria de Jer\u00f4nimo em Jequi\u00e9 em pr\u00f3ximo pleito.","canonical_url":"https:\/\/www.encontrajequie.com.br\/sobre\/rui-projeta-vitoria-de-jeronimo-em-jequie-e-aponta-que-pgp-demonstrou-essa-forca\/","robots":"max-image-preview:large","keywords":"","webmasterTools":{"miscellaneous":""},"schema":{"@context":"https:\/\/schema.org","@graph":[{"@type":"Article","@id":"https:\/\/www.encontrajequie.com.br\/sobre\/rui-projeta-vitoria-de-jeronimo-em-jequie-e-aponta-que-pgp-demonstrou-essa-forca\/#article","name":"Rui projeta vit\u00f3ria de Jer\u00f4nimo em Jequi\u00e9 e aponta que PGP \u2018demonstrou essa for\u00e7a\u2019 | Encontra Jequi\u00e9","headline":"Rui projeta vit\u00f3ria de Jer\u00f4nimo em Jequi\u00e9 e aponta que PGP \u2018demonstrou essa for\u00e7a\u2019","author":{"@id":"https:\/\/www.encontrajequie.com.br\/sobre\/author\/ejequie\/#author"},"publisher":{"@id":"https:\/\/www.encontrajequie.com.br\/sobre\/#organization"},"image":{"@type":"ImageObject","url":"https:\/\/www.encontrajequie.com.br\/sobre\/wp-content\/uploads\/2026\/07\/rui-projeta-vitoria-de-jeronimo-em-jequie-e-aponta-que-pgp-demonstrou-essa-forca.webp","width":280,"height":280,"caption":"vit\u00f3ria de Jer\u00f4nimo em Jequi\u00e9"},"datePublished":"2026-07-12T00:11:08-03:00","dateModified":"2026-07-12T00:11:08-03:00","inLanguage":"pt-BR","mainEntityOfPage":{"@id":"https:\/\/www.encontrajequie.com.br\/sobre\/rui-projeta-vitoria-de-jeronimo-em-jequie-e-aponta-que-pgp-demonstrou-essa-forca\/#webpage"},"isPartOf":{"@id":"https:\/\/www.encontrajequie.com.br\/sobre\/rui-projeta-vitoria-de-jeronimo-em-jequie-e-aponta-que-pgp-demonstrou-essa-forca\/#webpage"},"articleSection":"Not\u00edcias Jequi\u00e9"},{"@type":"BreadcrumbList","@id":"https:\/\/www.encontrajequie.com.br\/sobre\/rui-projeta-vitoria-de-jeronimo-em-jequie-e-aponta-que-pgp-demonstrou-essa-forca\/#breadcrumblist","itemListElement":[{"@type":"ListItem","@id":"https:\/\/www.encontrajequie.com.br\/sobre#listItem","position":1,"name":"Home","item":"https:\/\/www.encontrajequie.com.br\/sobre","nextItem":{"@type":"ListItem","@id":"https:\/\/www.encontrajequie.com.br\/sobre\/noticias-em-jequie\/#listItem","name":"Not\u00edcias Jequi\u00e9"}},{"@type":"ListItem","@id":"https:\/\/www.encontrajequie.com.br\/sobre\/noticias-em-jequie\/#listItem","position":2,"name":"Not\u00edcias Jequi\u00e9","item":"https:\/\/www.encontrajequie.com.br\/sobre\/noticias-em-jequie\/","nextItem":{"@type":"ListItem","@id":"https:\/\/www.encontrajequie.com.br\/sobre\/rui-projeta-vitoria-de-jeronimo-em-jequie-e-aponta-que-pgp-demonstrou-essa-forca\/#listItem","name":"Rui projeta vit\u00f3ria de Jer\u00f4nimo em Jequi\u00e9 e aponta que PGP \u2018demonstrou essa for\u00e7a\u2019"},"previousItem":{"@type":"ListItem","@id":"https:\/\/www.encontrajequie.com.br\/sobre#listItem","name":"Home"}},{"@type":"ListItem","@id":"https:\/\/www.encontrajequie.com.br\/sobre\/rui-projeta-vitoria-de-jeronimo-em-jequie-e-aponta-que-pgp-demonstrou-essa-forca\/#listItem","position":3,"name":"Rui projeta vit\u00f3ria de Jer\u00f4nimo em Jequi\u00e9 e aponta que PGP \u2018demonstrou essa for\u00e7a\u2019","previousItem":{"@type":"ListItem","@id":"https:\/\/www.encontrajequie.com.br\/sobre\/noticias-em-jequie\/#listItem","name":"Not\u00edcias Jequi\u00e9"}}]},{"@type":"Organization","@id":"https:\/\/www.encontrajequie.com.br\/sobre\/#organization","name":"Encontra Jequi\u00e9","description":"Not\u00edcias, eventos, informa\u00e7\u00f5es e dicas na cidade de Jequi\u00e9 e regi\u00e3o.","url":"https:\/\/www.encontrajequie.com.br\/sobre\/"},{"@type":"Person","@id":"https:\/\/www.encontrajequie.com.br\/sobre\/author\/ejequie\/#author","url":"https:\/\/www.encontrajequie.com.br\/sobre\/author\/ejequie\/","name":"Encontra Jequi\u00e9","image":{"@type":"ImageObject","@id":"https:\/\/www.encontrajequie.com.br\/sobre\/rui-projeta-vitoria-de-jeronimo-em-jequie-e-aponta-que-pgp-demonstrou-essa-forca\/#authorImage","url":"https:\/\/secure.gravatar.com\/avatar\/507340682b8270222e1f208e23198b6ae7e2c6a1033ae84e99bc6bce4f82a387?s=96&d=mm&r=g","width":96,"height":96,"caption":"Encontra Jequi\u00e9"}},{"@type":"WebPage","@id":"https:\/\/www.encontrajequie.com.br\/sobre\/rui-projeta-vitoria-de-jeronimo-em-jequie-e-aponta-que-pgp-demonstrou-essa-forca\/#webpage","url":"https:\/\/www.encontrajequie.com.br\/sobre\/rui-projeta-vitoria-de-jeronimo-em-jequie-e-aponta-que-pgp-demonstrou-essa-forca\/","name":"Rui projeta vit\u00f3ria de Jer\u00f4nimo em Jequi\u00e9 e aponta que PGP \u2018demonstrou essa for\u00e7a\u2019 | Encontra Jequi\u00e9","description":"Rui Costa projeta vit\u00f3ria de Jer\u00f4nimo em Jequi\u00e9 em pr\u00f3ximo pleito.","inLanguage":"pt-BR","isPartOf":{"@id":"https:\/\/www.encontrajequie.com.br\/sobre\/#website"},"breadcrumb":{"@id":"https:\/\/www.encontrajequie.com.br\/sobre\/rui-projeta-vitoria-de-jeronimo-em-jequie-e-aponta-que-pgp-demonstrou-essa-forca\/#breadcrumblist"},"author":{"@id":"https:\/\/www.encontrajequie.com.br\/sobre\/author\/ejequie\/#author"},"creator":{"@id":"https:\/\/www.encontrajequie.com.br\/sobre\/author\/ejequie\/#author"},"image":{"@type":"ImageObject","url":"https:\/\/www.encontrajequie.com.br\/sobre\/wp-content\/uploads\/2026\/07\/rui-projeta-vitoria-de-jeronimo-em-jequie-e-aponta-que-pgp-demonstrou-essa-forca.webp","@id":"https:\/\/www.encontrajequie.com.br\/sobre\/rui-projeta-vitoria-de-jeronimo-em-jequie-e-aponta-que-pgp-demonstrou-essa-forca\/#mainImage","width":280,"height":280,"caption":"vit\u00f3ria de Jer\u00f4nimo em Jequi\u00e9"},"primaryImageOfPage":{"@id":"https:\/\/www.encontrajequie.com.br\/sobre\/rui-projeta-vitoria-de-jeronimo-em-jequie-e-aponta-que-pgp-demonstrou-essa-forca\/#mainImage"},"datePublished":"2026-07-12T00:11:08-03:00","dateModified":"2026-07-12T00:11:08-03:00"},{"@type":"WebSite","@id":"https:\/\/www.encontrajequie.com.br\/sobre\/#website","url":"https:\/\/www.encontrajequie.com.br\/sobre\/","name":"Encontra Jequi\u00e9","description":"Not\u00edcias, eventos, informa\u00e7\u00f5es e dicas na cidade de Jequi\u00e9 e regi\u00e3o.","inLanguage":"pt-BR","publisher":{"@id":"https:\/\/www.encontrajequie.com.br\/sobre\/#organization"}}]},"og:locale":"pt_BR","og:site_name":"Encontra Jequi\u00e9 | Not\u00edcias, eventos, informa\u00e7\u00f5es e dicas na cidade de Jequi\u00e9 e regi\u00e3o.","og:type":"article","og:title":"Rui projeta vit\u00f3ria de Jer\u00f4nimo em Jequi\u00e9 e aponta que PGP \u2018demonstrou essa for\u00e7a\u2019 | Encontra Jequi\u00e9","og:description":"Rui Costa projeta vit\u00f3ria de Jer\u00f4nimo em Jequi\u00e9 em pr\u00f3ximo pleito.","og:url":"https:\/\/www.encontrajequie.com.br\/sobre\/rui-projeta-vitoria-de-jeronimo-em-jequie-e-aponta-que-pgp-demonstrou-essa-forca\/","article:published_time":"2026-07-12T03:11:08+00:00","article:modified_time":"2026-07-12T03:11:08+00:00","twitter:card":"summary_large_image","twitter:title":"Rui projeta vit\u00f3ria de Jer\u00f4nimo em Jequi\u00e9 e aponta que PGP \u2018demonstrou essa for\u00e7a\u2019 | Encontra Jequi\u00e9","twitter:description":"Rui Costa projeta vit\u00f3ria de Jer\u00f4nimo em Jequi\u00e9 em pr\u00f3ximo pleito."},"aioseo_meta_data":{"post_id":"1377","title":null,"description":null,"keywords":null,"keyphrases":null,"primary_term":null,"canonical_url":null,"og_title":null,"og_description":null,"og_object_type":"default","og_image_type":"default","og_image_url":null,"og_image_width":null,"og_image_height":null,"og_image_custom_url":null,"og_image_custom_fields":null,"og_video":null,"og_custom_url":null,"og_article_section":null,"og_article_tags":null,"twitter_use_og":false,"twitter_card":"default","twitter_image_type":"default","twitter_image_url":null,"twitter_image_custom_url":null,"twitter_image_custom_fields":null,"twitter_title":null,"twitter_description":null,"schema":{"blockGraphs":[],"customGraphs":[],"default":{"data":{"Article":[],"Course":[],"Dataset":[],"FAQPage":[],"Movie":[],"Person":[],"Product":[],"ProductReview":[],"Car":[],"Recipe":[],"Service":[],"SoftwareApplication":[],"WebPage":[]},"graphName":"Article","isEnabled":true},"graphs":[]},"schema_type":"default","schema_type_options":null,"pillar_content":false,"robots_default":true,"robots_noindex":false,"robots_noarchive":false,"robots_nosnippet":false,"robots_nofollow":false,"robots_noimageindex":false,"robots_noodp":false,"robots_notranslate":false,"robots_max_snippet":null,"robots_max_videopreview":null,"robots_max_imagepreview":"large","priority":null,"frequency":null,"local_seo":null,"breadcrumb_settings":null,"limit_modified_date":false,"ai":null,"created":"2026-07-12 03:11:10","updated":"2026-07-12 03:12:06","focus_keyword":null,"additional_keywords":null,"truseo_locale":null,"seo_analyzer_scan_date":null},"aioseo_breadcrumb":"<div class=\"aioseo-breadcrumbs\"><span class=\"aioseo-breadcrumb\">\n\t\t\t<a href=\"https:\/\/www.encontrajequie.com.br\/sobre\" title=\"Home\">Home<\/a>\n\t\t<\/span><span class=\"aioseo-breadcrumb-separator\">&raquo;<\/span><span class=\"aioseo-breadcrumb\">\n\t\t\t<a href=\"https:\/\/www.encontrajequie.com.br\/sobre\/noticias-em-jequie\/\" title=\"Not\u00edcias Jequi\u00e9\">Not\u00edcias Jequi\u00e9<\/a>\n\t\t<\/span><span class=\"aioseo-breadcrumb-separator\">&raquo;<\/span><span class=\"aioseo-breadcrumb\">\n\t\t\tRui projeta vit\u00f3ria de Jer\u00f4nimo em Jequi\u00e9 e aponta que PGP \u2018demonstrou essa for\u00e7a\u2019\n\t\t<\/span><\/div>","aioseo_breadcrumb_json":[{"label":"Home","link":"https:\/\/www.encontrajequie.com.br\/sobre"},{"label":"Not\u00edcias Jequi\u00e9","link":"https:\/\/www.encontrajequie.com.br\/sobre\/noticias-em-jequie\/"},{"label":"Rui projeta vit\u00f3ria de Jer\u00f4nimo em Jequi\u00e9 e aponta que PGP \u2018demonstrou essa for\u00e7a\u2019","link":"https:\/\/www.encontrajequie.com.br\/sobre\/rui-projeta-vitoria-de-jeronimo-em-jequie-e-aponta-que-pgp-demonstrou-essa-forca\/"}],"_links":{"self":[{"href":"https:\/\/www.encontrajequie.com.br\/sobre\/wp-json\/wp\/v2\/posts\/1377","targetHints":{"allow":["GET"]}}],"collection":[{"href":"https:\/\/www.encontrajequie.com.br\/sobre\/wp-json\/wp\/v2\/posts"}],"about":[{"href":"https:\/\/www.encontrajequie.com.br\/sobre\/wp-json\/wp\/v2\/types\/post"}],"author":[{"embeddable":true,"href":"https:\/\/www.encontrajequie.com.br\/sobre\/wp-json\/wp\/v2\/users\/1"}],"replies":[{"embeddable":true,"href":"https:\/\/www.encontrajequie.com.br\/sobre\/wp-json\/wp\/v2\/comments?post=1377"}],"version-history":[{"count":0,"href":"https:\/\/www.encontrajequie.com.br\/sobre\/wp-json\/wp\/v2\/posts\/1377\/revisions"}],"wp:featuredmedia":[{"embeddable":true,"href":"https:\/\/www.encontrajequie.com.br\/sobre\/wp-json\/wp\/v2\/media\/1376"}],"wp:attachment":[{"href":"https:\/\/www.encontrajequie.com.br\/sobre\/wp-json\/wp\/v2\/media?parent=1377"}],"wp:term":[{"taxonomy":"category","embeddable":true,"href":"https:\/\/www.encontrajequie.com.br\/sobre\/wp-json\/wp\/v2\/categories?post=1377"},{"taxonomy":"post_tag","embeddable":true,"href":"https:\/\/www.encontrajequie.com.br\/sobre\/wp-json\/wp\/v2\/tags?post=1377"}],"curies":[{"name":"wp","href":"https:\/\/api.w.org\/{rel}","templated":true}]}}