{"id":1426,"date":"2026-07-17T01:55:48","date_gmt":"2026-07-17T04:55:48","guid":{"rendered":"https:\/\/www.encontrajequie.com.br\/sobre\/senador-jaques-wagner-defende-lula-e-jeronimo-alerta-sobre-democracia-e-apresenta-balanco-do-pgp-em-jequie\/"},"modified":"2026-07-17T01:55:48","modified_gmt":"2026-07-17T04:55:48","slug":"senador-jaques-wagner-defende-lula-e-jeronimo-alerta-sobre-democracia-e-apresenta-balanco-do-pgp-em-jequie","status":"publish","type":"post","link":"https:\/\/www.encontrajequie.com.br\/sobre\/senador-jaques-wagner-defende-lula-e-jeronimo-alerta-sobre-democracia-e-apresenta-balanco-do-pgp-em-jequie\/","title":{"rendered":"Senador Jaques Wagner defende Lula e Jer\u00f4nimo, alerta sobre democracia e apresenta balan\u00e7o do PGP em Jequi\u00e9"},"content":{"rendered":"<div class=\"30cf832dc5940d4704f66d0ed9a44050\" data-index=\"1\" style=\"float: none; margin:0px;\">\n<!-- Anuncio display - global -->\r\n<ins class=\"adsbygoogle\"\r\n     style=\"display:block\"\r\n     data-ad-client=\"ca-pub-8585364105181520\"\r\n     data-ad-slot=\"8789329856\"\r\n     data-ad-format=\"auto\"\r\n     data-full-width-responsive=\"true\"><\/ins>\r\n<script>\r\n     (adsbygoogle = window.adsbygoogle || []).push({});\r\n<\/script>\n<\/div>\n<h2>A Defesa da Democracia por Jaques Wagner<\/h2>\n<p>Durante a plen\u00e1ria do <strong>Programa de Governo Participativo (PGP) 2026<\/strong>, realizada em Jequi\u00e9, o senador <strong>Jaques Wagner<\/strong>, do PT, destacou a import\u00e2ncia da democracia e defendeu as administra\u00e7\u00f5es do presidente Luiz In\u00e1cio Lula da Silva e do governador Jer\u00f4nimo Rodrigues. Ele compartilhou sua vis\u00e3o de que o Brasil e a Bahia est\u00e3o em um bom caminho, enfatizando a conex\u00e3o entre estabilidade democr\u00e1tica e atra\u00e7\u00e3o de investimentos. <strong>Wagner<\/strong> associou a seguran\u00e7a institucional \u00e0 continuidade das pol\u00edticas p\u00fablicas, alertando sobre os atentados de 8 de janeiro de 2023, quando as institui\u00e7\u00f5es foram atacadas em Bras\u00edlia.<\/p>\n<h2>Investimentos no M\u00e9dio Rio de Contas<\/h2>\n<p>Wagner tamb\u00e9m apresentou dados concretos sobre o cumprimento das propostas formuladas no ciclo de 2022 do PGP. Ele destacou que cerca de <strong>90%<\/strong> das propostas recebidas, totalizando <strong>670<\/strong>, foram implementadas at\u00e9 o momento. As iniciativas est\u00e3o diretamente ligadas a melhorias na infraestrutura e documenta\u00e7\u00f5es necess\u00e1rias no <strong>M\u00e9dio Rio de Contas<\/strong>.<\/p>\n<h2>Elei\u00e7\u00f5es de 2026 e a Mobiliza\u00e7\u00e3o Pol\u00edtica<\/h2>\n<p>O ciclo eleitoral de 2026 foi abordado por Wagner como um momento crucial para reafirmar a soberania popular. Ele fez um chamado para que os presentes n\u00e3o permitissem o retorno de for\u00e7as que amea\u00e7aram a democracia, referindo-se ao ex-presidente Jair Bolsonaro e seu grupo. Ele expressou a necessidade de unir for\u00e7as para garantir a continuidade do governo do grupo que comanda a Bahia.<\/p>\n<p><img decoding=\"async\" src=\"https:\/\/www.encontrajequie.com.br\/sobre\/wp-content\/uploads\/2026\/07\/senador-jaques-wagner-defende-lula-e-jeronimo-alerta-sobre-democracia-e-apresenta-balanco-do-pgp-em-.webp\" alt=\"democracia\" loading=\"lazy\" \/><\/p>\n<h2>Import\u00e2ncia do PGP para a Bahia<\/h2>\n<p>O <strong>Programa de Governo Participativo<\/strong> \u00e9 uma estrat\u00e9gia que busca coletar contribui\u00e7\u00f5es da popula\u00e7\u00e3o para moldar as diretrizes do programa eleitoral para 2026. Atrav\u00e9s de encontros nos 27 territ\u00f3rios da Bahia, o PGP visa integrar cidad\u00e3os, l\u00edderes comunit\u00e1rios, e a\u00e7\u00f5es governamentais, tornando-se um importante meio de escuta das necessidades locais.<\/p>\n<h2>A Rela\u00e7\u00e3o de Wagner com Lula e Jer\u00f4nimo<\/h2>\n<p>Wagner, ao lado de Lula e Jer\u00f4nimo, expressou orgulho por ter liderado uma campanha vitoriosa em 2006, que foi fundamental para quebrar um ciclo pol\u00edtico adverso. O senador enfatizou que \u00e9 crucial registrar a trajet\u00f3ria pol\u00edtica dos \u00faltimos 20 anos, que demonstrou a for\u00e7a do grupo nas elei\u00e7\u00f5es, reafirmando a relev\u00e2ncia do passado na constru\u00e7\u00e3o do futuro.<\/p>\n<h2>A Necessidade de Estabilidade Democr\u00e1tica<\/h2>\n<p>Em seu discurso, Wagner reiterou que a estabilidade democr\u00e1tica \u00e9 um ingrediente essencial para atrair investidores e garantir a continuidade e efic\u00e1cia das pol\u00edticas p\u00fablicas. Ele manifestou sua preocupa\u00e7\u00e3o com os ataques \u00e0 democracia e ressaltou que \u00e9 responsabilidade de todos proteger esse patrim\u00f4nio.<\/p>\n<h2>O Papel do PGP na Escuta Territorial<\/h2>\n<p>O <strong>PGP<\/strong> se destaca como um mecanismo de escuta, onde os cidad\u00e3os podem expressar suas necessidades e prioridades. Wagner usou a met\u00e1fora de que &#8220;quem sabe onde o sapato aperta \u00e9 o dono do calo&#8221; para ilustrar que os moradores conhecem melhor as defici\u00eancias de suas comunidades e, portanto, devem ser parte ativa na formula\u00e7\u00e3o de pol\u00edticas p\u00fablicas adequadas.<\/p>\n<h2>Propostas e Resultados do \u00daltimo Ciclo<\/h2>\n<p>Wagner citou diversas propostas que foram atendidas, abrangendo educa\u00e7\u00e3o, sa\u00fade e seguran\u00e7a p\u00fablica. Exemplos incluem a moderniza\u00e7\u00e3o de escolas e investimentos significativos na seguran\u00e7a p\u00fablica em v\u00e1rias cidades do M\u00e9dio Rio de Contas. Esse balan\u00e7o refor\u00e7a a efetividade do governo estadual em atender \u00e0s demandas locais.<\/p>\n<h2>Jamais Recuar: O Envolvimento da Sociedade<\/h2>\n<p>O senador convidou todos os l\u00edderes comunit\u00e1rios e cidad\u00e3os presentes a se engajar profundamente no processo democr\u00e1tico. Ele enfatizou que a participa\u00e7\u00e3o social \u00e9 crucial para fortalecer a democracia e evitar retrocessos.<\/p>\n<h2>A Vis\u00e3o de Futuro e Propostas para a Bahia<\/h2>\n<p>As propostas do PGP 2026 est\u00e3o sendo sistematizadas para a conven\u00e7\u00e3o partid\u00e1ria marcada para 1\u00ba de agosto. Wagner e sua equipe pretendem levar \u00e0 conven\u00e7\u00e3o um plano abrangente que contemple todas as sugest\u00f5es e necessidades levantadas, continuando com o movimento de escuta e inclus\u00e3o.<\/p>\n<p>O compromisso de Wagner com a transforma\u00e7\u00e3o da Bahia \u00e9 evidenciado por uma vis\u00e3o que busca manter as conquistas alcan\u00e7adas e trabalhar em prol de um Estado mais justo e desenvolvido, que reconhe\u00e7a e valorize a participa\u00e7\u00e3o dos cidad\u00e3os.<\/p>\n\n<div style=\"font-size: 0px; height: 0px; line-height: 0px; margin: 0; padding: 0; clear: both;\"><\/div>","protected":false},"excerpt":{"rendered":"<p>Jaques Wagner destaca a import\u00e2ncia da democracia e defende Lula e Jer\u00f4nimo em Jequi\u00e9.<\/p>\n","protected":false},"author":1,"featured_media":1425,"comment_status":"open","ping_status":"closed","sticky":false,"template":"","format":"standard","meta":{"footnotes":""},"categories":[1],"tags":[],"class_list":["post-1426","post","type-post","status-publish","format-standard","has-post-thumbnail","hentry","category-noticias-em-jequie","has_thumb"],"aioseo_notices":[],"aioseo_head":"\n\t\t<!-- All in One SEO 5.0.0.1 - aioseo.com -->\n\t<meta name=\"description\" content=\"Jaques Wagner destaca a import\u00e2ncia da democracia e defende Lula e Jer\u00f4nimo em Jequi\u00e9.\" \/>\n\t<meta name=\"robots\" content=\"max-image-preview:large\" \/>\n\t<meta name=\"author\" content=\"Encontra Jequi\u00e9\"\/>\n\t<link rel=\"canonical\" href=\"https:\/\/www.encontrajequie.com.br\/sobre\/senador-jaques-wagner-defende-lula-e-jeronimo-alerta-sobre-democracia-e-apresenta-balanco-do-pgp-em-jequie\/\" \/>\n\t<meta name=\"generator\" content=\"All in One SEO (AIOSEO) 5.0.0.1\" \/>\n\t\t<meta property=\"og:locale\" content=\"pt_BR\" \/>\n\t\t<meta property=\"og:site_name\" content=\"Encontra Jequi\u00e9 | Not\u00edcias, eventos, informa\u00e7\u00f5es e dicas na cidade de Jequi\u00e9 e regi\u00e3o.\" \/>\n\t\t<meta property=\"og:type\" content=\"article\" \/>\n\t\t<meta property=\"og:title\" content=\"Senador Jaques Wagner defende Lula e Jer\u00f4nimo, alerta sobre democracia e apresenta balan\u00e7o do PGP em Jequi\u00e9 | Encontra Jequi\u00e9\" \/>\n\t\t<meta property=\"og:description\" content=\"Jaques Wagner destaca a import\u00e2ncia da democracia e defende Lula e Jer\u00f4nimo em Jequi\u00e9.\" \/>\n\t\t<meta property=\"og:url\" content=\"https:\/\/www.encontrajequie.com.br\/sobre\/senador-jaques-wagner-defende-lula-e-jeronimo-alerta-sobre-democracia-e-apresenta-balanco-do-pgp-em-jequie\/\" \/>\n\t\t<meta property=\"article:published_time\" content=\"2026-07-17T04:55:48+00:00\" \/>\n\t\t<meta property=\"article:modified_time\" content=\"2026-07-17T04:55:48+00:00\" \/>\n\t\t<meta name=\"twitter:card\" content=\"summary_large_image\" \/>\n\t\t<meta name=\"twitter:title\" content=\"Senador Jaques Wagner defende Lula e Jer\u00f4nimo, alerta sobre democracia e apresenta balan\u00e7o do PGP em Jequi\u00e9 | Encontra Jequi\u00e9\" \/>\n\t\t<meta name=\"twitter:description\" content=\"Jaques Wagner destaca a import\u00e2ncia da democracia e defende Lula e Jer\u00f4nimo em Jequi\u00e9.\" \/>\n\t\t<script type=\"application\/ld+json\" class=\"aioseo-schema\">\n\t\t\t{\"@context\":\"https:\\\/\\\/schema.org\",\"@graph\":[{\"@type\":\"Article\",\"@id\":\"https:\\\/\\\/www.encontrajequie.com.br\\\/sobre\\\/senador-jaques-wagner-defende-lula-e-jeronimo-alerta-sobre-democracia-e-apresenta-balanco-do-pgp-em-jequie\\\/#article\",\"name\":\"Senador Jaques Wagner defende Lula e Jer\\u00f4nimo, alerta sobre democracia e apresenta balan\\u00e7o do PGP em Jequi\\u00e9 | Encontra Jequi\\u00e9\",\"headline\":\"Senador Jaques Wagner defende Lula e Jer\\u00f4nimo, alerta sobre democracia e apresenta balan\\u00e7o do PGP em Jequi\\u00e9\",\"author\":{\"@id\":\"https:\\\/\\\/www.encontrajequie.com.br\\\/sobre\\\/author\\\/ejequie\\\/#author\"},\"publisher\":{\"@id\":\"https:\\\/\\\/www.encontrajequie.com.br\\\/sobre\\\/#organization\"},\"image\":{\"@type\":\"ImageObject\",\"url\":\"https:\\\/\\\/www.encontrajequie.com.br\\\/sobre\\\/wp-content\\\/uploads\\\/2026\\\/07\\\/senador-jaques-wagner-defende-lula-e-jeronimo-alerta-sobre-democracia-e-apresenta-balanco-do-pgp-em-.webp\",\"width\":280,\"height\":280,\"caption\":\"democracia\"},\"datePublished\":\"2026-07-17T01:55:48-03:00\",\"dateModified\":\"2026-07-17T01:55:48-03:00\",\"inLanguage\":\"pt-BR\",\"mainEntityOfPage\":{\"@id\":\"https:\\\/\\\/www.encontrajequie.com.br\\\/sobre\\\/senador-jaques-wagner-defende-lula-e-jeronimo-alerta-sobre-democracia-e-apresenta-balanco-do-pgp-em-jequie\\\/#webpage\"},\"isPartOf\":{\"@id\":\"https:\\\/\\\/www.encontrajequie.com.br\\\/sobre\\\/senador-jaques-wagner-defende-lula-e-jeronimo-alerta-sobre-democracia-e-apresenta-balanco-do-pgp-em-jequie\\\/#webpage\"},\"articleSection\":\"Not\\u00edcias Jequi\\u00e9\"},{\"@type\":\"BreadcrumbList\",\"@id\":\"https:\\\/\\\/www.encontrajequie.com.br\\\/sobre\\\/senador-jaques-wagner-defende-lula-e-jeronimo-alerta-sobre-democracia-e-apresenta-balanco-do-pgp-em-jequie\\\/#breadcrumblist\",\"itemListElement\":[{\"@type\":\"ListItem\",\"@id\":\"https:\\\/\\\/www.encontrajequie.com.br\\\/sobre#listItem\",\"position\":1,\"name\":\"Home\",\"item\":\"https:\\\/\\\/www.encontrajequie.com.br\\\/sobre\",\"nextItem\":{\"@type\":\"ListItem\",\"@id\":\"https:\\\/\\\/www.encontrajequie.com.br\\\/sobre\\\/noticias-em-jequie\\\/#listItem\",\"name\":\"Not\\u00edcias Jequi\\u00e9\"}},{\"@type\":\"ListItem\",\"@id\":\"https:\\\/\\\/www.encontrajequie.com.br\\\/sobre\\\/noticias-em-jequie\\\/#listItem\",\"position\":2,\"name\":\"Not\\u00edcias Jequi\\u00e9\",\"item\":\"https:\\\/\\\/www.encontrajequie.com.br\\\/sobre\\\/noticias-em-jequie\\\/\",\"nextItem\":{\"@type\":\"ListItem\",\"@id\":\"https:\\\/\\\/www.encontrajequie.com.br\\\/sobre\\\/senador-jaques-wagner-defende-lula-e-jeronimo-alerta-sobre-democracia-e-apresenta-balanco-do-pgp-em-jequie\\\/#listItem\",\"name\":\"Senador Jaques Wagner defende Lula e Jer\\u00f4nimo, alerta sobre democracia e apresenta balan\\u00e7o do PGP em Jequi\\u00e9\"},\"previousItem\":{\"@type\":\"ListItem\",\"@id\":\"https:\\\/\\\/www.encontrajequie.com.br\\\/sobre#listItem\",\"name\":\"Home\"}},{\"@type\":\"ListItem\",\"@id\":\"https:\\\/\\\/www.encontrajequie.com.br\\\/sobre\\\/senador-jaques-wagner-defende-lula-e-jeronimo-alerta-sobre-democracia-e-apresenta-balanco-do-pgp-em-jequie\\\/#listItem\",\"position\":3,\"name\":\"Senador Jaques Wagner defende Lula e Jer\\u00f4nimo, alerta sobre democracia e apresenta balan\\u00e7o do PGP em Jequi\\u00e9\",\"previousItem\":{\"@type\":\"ListItem\",\"@id\":\"https:\\\/\\\/www.encontrajequie.com.br\\\/sobre\\\/noticias-em-jequie\\\/#listItem\",\"name\":\"Not\\u00edcias Jequi\\u00e9\"}}]},{\"@type\":\"Organization\",\"@id\":\"https:\\\/\\\/www.encontrajequie.com.br\\\/sobre\\\/#organization\",\"name\":\"Encontra Jequi\\u00e9\",\"description\":\"Not\\u00edcias, eventos, informa\\u00e7\\u00f5es e dicas na cidade de Jequi\\u00e9 e regi\\u00e3o.\",\"url\":\"https:\\\/\\\/www.encontrajequie.com.br\\\/sobre\\\/\"},{\"@type\":\"Person\",\"@id\":\"https:\\\/\\\/www.encontrajequie.com.br\\\/sobre\\\/author\\\/ejequie\\\/#author\",\"url\":\"https:\\\/\\\/www.encontrajequie.com.br\\\/sobre\\\/author\\\/ejequie\\\/\",\"name\":\"Encontra Jequi\\u00e9\",\"image\":{\"@type\":\"ImageObject\",\"@id\":\"https:\\\/\\\/www.encontrajequie.com.br\\\/sobre\\\/senador-jaques-wagner-defende-lula-e-jeronimo-alerta-sobre-democracia-e-apresenta-balanco-do-pgp-em-jequie\\\/#authorImage\",\"url\":\"https:\\\/\\\/secure.gravatar.com\\\/avatar\\\/507340682b8270222e1f208e23198b6ae7e2c6a1033ae84e99bc6bce4f82a387?s=96&d=mm&r=g\",\"width\":96,\"height\":96,\"caption\":\"Encontra Jequi\\u00e9\"}},{\"@type\":\"WebPage\",\"@id\":\"https:\\\/\\\/www.encontrajequie.com.br\\\/sobre\\\/senador-jaques-wagner-defende-lula-e-jeronimo-alerta-sobre-democracia-e-apresenta-balanco-do-pgp-em-jequie\\\/#webpage\",\"url\":\"https:\\\/\\\/www.encontrajequie.com.br\\\/sobre\\\/senador-jaques-wagner-defende-lula-e-jeronimo-alerta-sobre-democracia-e-apresenta-balanco-do-pgp-em-jequie\\\/\",\"name\":\"Senador Jaques Wagner defende Lula e Jer\\u00f4nimo, alerta sobre democracia e apresenta balan\\u00e7o do PGP em Jequi\\u00e9 | Encontra Jequi\\u00e9\",\"description\":\"Jaques Wagner destaca a import\\u00e2ncia da democracia e defende Lula e Jer\\u00f4nimo em Jequi\\u00e9.\",\"inLanguage\":\"pt-BR\",\"isPartOf\":{\"@id\":\"https:\\\/\\\/www.encontrajequie.com.br\\\/sobre\\\/#website\"},\"breadcrumb\":{\"@id\":\"https:\\\/\\\/www.encontrajequie.com.br\\\/sobre\\\/senador-jaques-wagner-defende-lula-e-jeronimo-alerta-sobre-democracia-e-apresenta-balanco-do-pgp-em-jequie\\\/#breadcrumblist\"},\"author\":{\"@id\":\"https:\\\/\\\/www.encontrajequie.com.br\\\/sobre\\\/author\\\/ejequie\\\/#author\"},\"creator\":{\"@id\":\"https:\\\/\\\/www.encontrajequie.com.br\\\/sobre\\\/author\\\/ejequie\\\/#author\"},\"image\":{\"@type\":\"ImageObject\",\"url\":\"https:\\\/\\\/www.encontrajequie.com.br\\\/sobre\\\/wp-content\\\/uploads\\\/2026\\\/07\\\/senador-jaques-wagner-defende-lula-e-jeronimo-alerta-sobre-democracia-e-apresenta-balanco-do-pgp-em-.webp\",\"@id\":\"https:\\\/\\\/www.encontrajequie.com.br\\\/sobre\\\/senador-jaques-wagner-defende-lula-e-jeronimo-alerta-sobre-democracia-e-apresenta-balanco-do-pgp-em-jequie\\\/#mainImage\",\"width\":280,\"height\":280,\"caption\":\"democracia\"},\"primaryImageOfPage\":{\"@id\":\"https:\\\/\\\/www.encontrajequie.com.br\\\/sobre\\\/senador-jaques-wagner-defende-lula-e-jeronimo-alerta-sobre-democracia-e-apresenta-balanco-do-pgp-em-jequie\\\/#mainImage\"},\"datePublished\":\"2026-07-17T01:55:48-03:00\",\"dateModified\":\"2026-07-17T01:55:48-03:00\"},{\"@type\":\"WebSite\",\"@id\":\"https:\\\/\\\/www.encontrajequie.com.br\\\/sobre\\\/#website\",\"url\":\"https:\\\/\\\/www.encontrajequie.com.br\\\/sobre\\\/\",\"name\":\"Encontra Jequi\\u00e9\",\"description\":\"Not\\u00edcias, eventos, informa\\u00e7\\u00f5es e dicas na cidade de Jequi\\u00e9 e regi\\u00e3o.\",\"inLanguage\":\"pt-BR\",\"publisher\":{\"@id\":\"https:\\\/\\\/www.encontrajequie.com.br\\\/sobre\\\/#organization\"}}]}\n\t\t<\/script>\n\t\t<!-- All in One SEO -->\n\n","aioseo_head_json":{"title":"Senador Jaques Wagner defende Lula e Jer\u00f4nimo, alerta sobre democracia e apresenta balan\u00e7o do PGP em Jequi\u00e9 | Encontra Jequi\u00e9","description":"Jaques Wagner destaca a import\u00e2ncia da democracia e defende Lula e Jer\u00f4nimo em Jequi\u00e9.","canonical_url":"https:\/\/www.encontrajequie.com.br\/sobre\/senador-jaques-wagner-defende-lula-e-jeronimo-alerta-sobre-democracia-e-apresenta-balanco-do-pgp-em-jequie\/","robots":"max-image-preview:large","keywords":"","webmasterTools":{"miscellaneous":""},"schema":{"@context":"https:\/\/schema.org","@graph":[{"@type":"Article","@id":"https:\/\/www.encontrajequie.com.br\/sobre\/senador-jaques-wagner-defende-lula-e-jeronimo-alerta-sobre-democracia-e-apresenta-balanco-do-pgp-em-jequie\/#article","name":"Senador Jaques Wagner defende Lula e Jer\u00f4nimo, alerta sobre democracia e apresenta balan\u00e7o do PGP em Jequi\u00e9 | Encontra Jequi\u00e9","headline":"Senador Jaques Wagner defende Lula e Jer\u00f4nimo, alerta sobre democracia e apresenta balan\u00e7o do PGP em Jequi\u00e9","author":{"@id":"https:\/\/www.encontrajequie.com.br\/sobre\/author\/ejequie\/#author"},"publisher":{"@id":"https:\/\/www.encontrajequie.com.br\/sobre\/#organization"},"image":{"@type":"ImageObject","url":"https:\/\/www.encontrajequie.com.br\/sobre\/wp-content\/uploads\/2026\/07\/senador-jaques-wagner-defende-lula-e-jeronimo-alerta-sobre-democracia-e-apresenta-balanco-do-pgp-em-.webp","width":280,"height":280,"caption":"democracia"},"datePublished":"2026-07-17T01:55:48-03:00","dateModified":"2026-07-17T01:55:48-03:00","inLanguage":"pt-BR","mainEntityOfPage":{"@id":"https:\/\/www.encontrajequie.com.br\/sobre\/senador-jaques-wagner-defende-lula-e-jeronimo-alerta-sobre-democracia-e-apresenta-balanco-do-pgp-em-jequie\/#webpage"},"isPartOf":{"@id":"https:\/\/www.encontrajequie.com.br\/sobre\/senador-jaques-wagner-defende-lula-e-jeronimo-alerta-sobre-democracia-e-apresenta-balanco-do-pgp-em-jequie\/#webpage"},"articleSection":"Not\u00edcias Jequi\u00e9"},{"@type":"BreadcrumbList","@id":"https:\/\/www.encontrajequie.com.br\/sobre\/senador-jaques-wagner-defende-lula-e-jeronimo-alerta-sobre-democracia-e-apresenta-balanco-do-pgp-em-jequie\/#breadcrumblist","itemListElement":[{"@type":"ListItem","@id":"https:\/\/www.encontrajequie.com.br\/sobre#listItem","position":1,"name":"Home","item":"https:\/\/www.encontrajequie.com.br\/sobre","nextItem":{"@type":"ListItem","@id":"https:\/\/www.encontrajequie.com.br\/sobre\/noticias-em-jequie\/#listItem","name":"Not\u00edcias Jequi\u00e9"}},{"@type":"ListItem","@id":"https:\/\/www.encontrajequie.com.br\/sobre\/noticias-em-jequie\/#listItem","position":2,"name":"Not\u00edcias Jequi\u00e9","item":"https:\/\/www.encontrajequie.com.br\/sobre\/noticias-em-jequie\/","nextItem":{"@type":"ListItem","@id":"https:\/\/www.encontrajequie.com.br\/sobre\/senador-jaques-wagner-defende-lula-e-jeronimo-alerta-sobre-democracia-e-apresenta-balanco-do-pgp-em-jequie\/#listItem","name":"Senador Jaques Wagner defende Lula e Jer\u00f4nimo, alerta sobre democracia e apresenta balan\u00e7o do PGP em Jequi\u00e9"},"previousItem":{"@type":"ListItem","@id":"https:\/\/www.encontrajequie.com.br\/sobre#listItem","name":"Home"}},{"@type":"ListItem","@id":"https:\/\/www.encontrajequie.com.br\/sobre\/senador-jaques-wagner-defende-lula-e-jeronimo-alerta-sobre-democracia-e-apresenta-balanco-do-pgp-em-jequie\/#listItem","position":3,"name":"Senador Jaques Wagner defende Lula e Jer\u00f4nimo, alerta sobre democracia e apresenta balan\u00e7o do PGP em Jequi\u00e9","previousItem":{"@type":"ListItem","@id":"https:\/\/www.encontrajequie.com.br\/sobre\/noticias-em-jequie\/#listItem","name":"Not\u00edcias Jequi\u00e9"}}]},{"@type":"Organization","@id":"https:\/\/www.encontrajequie.com.br\/sobre\/#organization","name":"Encontra Jequi\u00e9","description":"Not\u00edcias, eventos, informa\u00e7\u00f5es e dicas na cidade de Jequi\u00e9 e regi\u00e3o.","url":"https:\/\/www.encontrajequie.com.br\/sobre\/"},{"@type":"Person","@id":"https:\/\/www.encontrajequie.com.br\/sobre\/author\/ejequie\/#author","url":"https:\/\/www.encontrajequie.com.br\/sobre\/author\/ejequie\/","name":"Encontra Jequi\u00e9","image":{"@type":"ImageObject","@id":"https:\/\/www.encontrajequie.com.br\/sobre\/senador-jaques-wagner-defende-lula-e-jeronimo-alerta-sobre-democracia-e-apresenta-balanco-do-pgp-em-jequie\/#authorImage","url":"https:\/\/secure.gravatar.com\/avatar\/507340682b8270222e1f208e23198b6ae7e2c6a1033ae84e99bc6bce4f82a387?s=96&d=mm&r=g","width":96,"height":96,"caption":"Encontra Jequi\u00e9"}},{"@type":"WebPage","@id":"https:\/\/www.encontrajequie.com.br\/sobre\/senador-jaques-wagner-defende-lula-e-jeronimo-alerta-sobre-democracia-e-apresenta-balanco-do-pgp-em-jequie\/#webpage","url":"https:\/\/www.encontrajequie.com.br\/sobre\/senador-jaques-wagner-defende-lula-e-jeronimo-alerta-sobre-democracia-e-apresenta-balanco-do-pgp-em-jequie\/","name":"Senador Jaques Wagner defende Lula e Jer\u00f4nimo, alerta sobre democracia e apresenta balan\u00e7o do PGP em Jequi\u00e9 | Encontra Jequi\u00e9","description":"Jaques Wagner destaca a import\u00e2ncia da democracia e defende Lula e Jer\u00f4nimo em Jequi\u00e9.","inLanguage":"pt-BR","isPartOf":{"@id":"https:\/\/www.encontrajequie.com.br\/sobre\/#website"},"breadcrumb":{"@id":"https:\/\/www.encontrajequie.com.br\/sobre\/senador-jaques-wagner-defende-lula-e-jeronimo-alerta-sobre-democracia-e-apresenta-balanco-do-pgp-em-jequie\/#breadcrumblist"},"author":{"@id":"https:\/\/www.encontrajequie.com.br\/sobre\/author\/ejequie\/#author"},"creator":{"@id":"https:\/\/www.encontrajequie.com.br\/sobre\/author\/ejequie\/#author"},"image":{"@type":"ImageObject","url":"https:\/\/www.encontrajequie.com.br\/sobre\/wp-content\/uploads\/2026\/07\/senador-jaques-wagner-defende-lula-e-jeronimo-alerta-sobre-democracia-e-apresenta-balanco-do-pgp-em-.webp","@id":"https:\/\/www.encontrajequie.com.br\/sobre\/senador-jaques-wagner-defende-lula-e-jeronimo-alerta-sobre-democracia-e-apresenta-balanco-do-pgp-em-jequie\/#mainImage","width":280,"height":280,"caption":"democracia"},"primaryImageOfPage":{"@id":"https:\/\/www.encontrajequie.com.br\/sobre\/senador-jaques-wagner-defende-lula-e-jeronimo-alerta-sobre-democracia-e-apresenta-balanco-do-pgp-em-jequie\/#mainImage"},"datePublished":"2026-07-17T01:55:48-03:00","dateModified":"2026-07-17T01:55:48-03:00"},{"@type":"WebSite","@id":"https:\/\/www.encontrajequie.com.br\/sobre\/#website","url":"https:\/\/www.encontrajequie.com.br\/sobre\/","name":"Encontra Jequi\u00e9","description":"Not\u00edcias, eventos, informa\u00e7\u00f5es e dicas na cidade de Jequi\u00e9 e regi\u00e3o.","inLanguage":"pt-BR","publisher":{"@id":"https:\/\/www.encontrajequie.com.br\/sobre\/#organization"}}]},"og:locale":"pt_BR","og:site_name":"Encontra Jequi\u00e9 | Not\u00edcias, eventos, informa\u00e7\u00f5es e dicas na cidade de Jequi\u00e9 e regi\u00e3o.","og:type":"article","og:title":"Senador Jaques Wagner defende Lula e Jer\u00f4nimo, alerta sobre democracia e apresenta balan\u00e7o do PGP em Jequi\u00e9 | Encontra Jequi\u00e9","og:description":"Jaques Wagner destaca a import\u00e2ncia da democracia e defende Lula e Jer\u00f4nimo em Jequi\u00e9.","og:url":"https:\/\/www.encontrajequie.com.br\/sobre\/senador-jaques-wagner-defende-lula-e-jeronimo-alerta-sobre-democracia-e-apresenta-balanco-do-pgp-em-jequie\/","article:published_time":"2026-07-17T04:55:48+00:00","article:modified_time":"2026-07-17T04:55:48+00:00","twitter:card":"summary_large_image","twitter:title":"Senador Jaques Wagner defende Lula e Jer\u00f4nimo, alerta sobre democracia e apresenta balan\u00e7o do PGP em Jequi\u00e9 | Encontra Jequi\u00e9","twitter:description":"Jaques Wagner destaca a import\u00e2ncia da democracia e defende Lula e Jer\u00f4nimo em Jequi\u00e9."},"aioseo_meta_data":{"post_id":"1426","title":null,"description":null,"keywords":null,"keyphrases":null,"primary_term":null,"canonical_url":null,"og_title":null,"og_description":null,"og_object_type":"default","og_image_type":"default","og_image_url":null,"og_image_width":null,"og_image_height":null,"og_image_custom_url":null,"og_image_custom_fields":null,"og_video":null,"og_custom_url":null,"og_article_section":null,"og_article_tags":null,"twitter_use_og":false,"twitter_card":"default","twitter_image_type":"default","twitter_image_url":null,"twitter_image_custom_url":null,"twitter_image_custom_fields":null,"twitter_title":null,"twitter_description":null,"schema":{"blockGraphs":[],"customGraphs":[],"default":{"data":{"Article":[],"Course":[],"Dataset":[],"FAQPage":[],"Movie":[],"Person":[],"Product":[],"ProductReview":[],"Car":[],"Recipe":[],"Service":[],"SoftwareApplication":[],"WebPage":[]},"graphName":"Article","isEnabled":true},"graphs":[]},"schema_type":"default","schema_type_options":null,"pillar_content":false,"robots_default":true,"robots_noindex":false,"robots_noarchive":false,"robots_nosnippet":false,"robots_nofollow":false,"robots_noimageindex":false,"robots_noodp":false,"robots_notranslate":false,"robots_max_snippet":null,"robots_max_videopreview":null,"robots_max_imagepreview":"large","priority":null,"frequency":null,"local_seo":null,"breadcrumb_settings":null,"limit_modified_date":false,"ai":null,"created":"2026-07-17 04:55:50","updated":"2026-07-17 04:57:18","focus_keyword":null,"additional_keywords":null,"truseo_locale":null,"seo_analyzer_scan_date":null},"aioseo_breadcrumb":"<div class=\"aioseo-breadcrumbs\"><span class=\"aioseo-breadcrumb\">\n\t\t\t<a href=\"https:\/\/www.encontrajequie.com.br\/sobre\" title=\"Home\">Home<\/a>\n\t\t<\/span><span class=\"aioseo-breadcrumb-separator\">&raquo;<\/span><span class=\"aioseo-breadcrumb\">\n\t\t\t<a href=\"https:\/\/www.encontrajequie.com.br\/sobre\/noticias-em-jequie\/\" title=\"Not\u00edcias Jequi\u00e9\">Not\u00edcias Jequi\u00e9<\/a>\n\t\t<\/span><span class=\"aioseo-breadcrumb-separator\">&raquo;<\/span><span class=\"aioseo-breadcrumb\">\n\t\t\tSenador Jaques Wagner defende Lula e Jer\u00f4nimo, alerta sobre democracia e apresenta balan\u00e7o do PGP em Jequi\u00e9\n\t\t<\/span><\/div>","aioseo_breadcrumb_json":[{"label":"Home","link":"https:\/\/www.encontrajequie.com.br\/sobre"},{"label":"Not\u00edcias Jequi\u00e9","link":"https:\/\/www.encontrajequie.com.br\/sobre\/noticias-em-jequie\/"},{"label":"Senador Jaques Wagner defende Lula e Jer\u00f4nimo, alerta sobre democracia e apresenta balan\u00e7o do PGP em Jequi\u00e9","link":"https:\/\/www.encontrajequie.com.br\/sobre\/senador-jaques-wagner-defende-lula-e-jeronimo-alerta-sobre-democracia-e-apresenta-balanco-do-pgp-em-jequie\/"}],"_links":{"self":[{"href":"https:\/\/www.encontrajequie.com.br\/sobre\/wp-json\/wp\/v2\/posts\/1426","targetHints":{"allow":["GET"]}}],"collection":[{"href":"https:\/\/www.encontrajequie.com.br\/sobre\/wp-json\/wp\/v2\/posts"}],"about":[{"href":"https:\/\/www.encontrajequie.com.br\/sobre\/wp-json\/wp\/v2\/types\/post"}],"author":[{"embeddable":true,"href":"https:\/\/www.encontrajequie.com.br\/sobre\/wp-json\/wp\/v2\/users\/1"}],"replies":[{"embeddable":true,"href":"https:\/\/www.encontrajequie.com.br\/sobre\/wp-json\/wp\/v2\/comments?post=1426"}],"version-history":[{"count":0,"href":"https:\/\/www.encontrajequie.com.br\/sobre\/wp-json\/wp\/v2\/posts\/1426\/revisions"}],"wp:featuredmedia":[{"embeddable":true,"href":"https:\/\/www.encontrajequie.com.br\/sobre\/wp-json\/wp\/v2\/media\/1425"}],"wp:attachment":[{"href":"https:\/\/www.encontrajequie.com.br\/sobre\/wp-json\/wp\/v2\/media?parent=1426"}],"wp:term":[{"taxonomy":"category","embeddable":true,"href":"https:\/\/www.encontrajequie.com.br\/sobre\/wp-json\/wp\/v2\/categories?post=1426"},{"taxonomy":"post_tag","embeddable":true,"href":"https:\/\/www.encontrajequie.com.br\/sobre\/wp-json\/wp\/v2\/tags?post=1426"}],"curies":[{"name":"wp","href":"https:\/\/api.w.org\/{rel}","templated":true}]}}