{"id":1460,"date":"2026-07-21T09:47:40","date_gmt":"2026-07-21T12:47:40","guid":{"rendered":"https:\/\/www.encontrajequie.com.br\/sobre\/carro-sai-da-pista-e-despenca-em-ribanceira-na-br\/"},"modified":"2026-07-21T09:47:40","modified_gmt":"2026-07-21T12:47:40","slug":"carro-sai-da-pista-e-despenca-em-ribanceira-na-br","status":"publish","type":"post","link":"https:\/\/www.encontrajequie.com.br\/sobre\/carro-sai-da-pista-e-despenca-em-ribanceira-na-br\/","title":{"rendered":"Carro sai da pista e despenca em ribanceira na BR"},"content":{"rendered":"<div class=\"30cf832dc5940d4704f66d0ed9a44050\" data-index=\"1\" style=\"float: none; margin:0px;\">\n<!-- Anuncio display - global -->\r\n<ins class=\"adsbygoogle\"\r\n     style=\"display:block\"\r\n     data-ad-client=\"ca-pub-8585364105181520\"\r\n     data-ad-slot=\"8789329856\"\r\n     data-ad-format=\"auto\"\r\n     data-full-width-responsive=\"true\"><\/ins>\r\n<script>\r\n     (adsbygoogle = window.adsbygoogle || []).push({});\r\n<\/script>\n<\/div>\n<h2>Hor\u00e1rio e Local do Acidente<\/h2>\n<p>Na tarde da quarta-feira, dia 15, um incidente envolvendo um autom\u00f3vel ocorreu na BR-330, especificamente no segmento entre o entroncamento da BA-026 e a cidade de Jequi\u00e9, na altura do quil\u00f4metro 752. O evento foi registrado aproximadamente \u00e0s 15h20.<\/p>\n<h2>Ve\u00edculo Envolvido e Condutor<\/h2>\n<p>O carro em quest\u00e3o era um Chevrolet Onix, modelo 1.0 MT LT, com a placa PKU2D99. O condutor, Shahjahan Mozart Alexandre da Silva Nery, de 25 anos, \u00e9 residente da cidade de Marac\u00e1s. Apesar do acidente ter resultado em danos ao ve\u00edculo, o motorista saiu ileso e recusou atendimento hospitalar.<\/p>\n<h2>Intervindo na Seguran\u00e7a da Via<\/h2>\n<p>A guarni\u00e7\u00e3o do 3\u00ba Pelot\u00e3o de Jequi\u00e9, parte da Companhia Independente de Pol\u00edcia Rodovi\u00e1ria (CIPRv\/Itabuna), foi alertada sobre o incidente por uma equipe que j\u00e1 estava em opera\u00e7\u00e3o na \u00e1rea. Ao chegar ao local, os policiais verificaram a situa\u00e7\u00e3o, adotando as provid\u00eancias adequadas para garantir a prote\u00e7\u00e3o dos motoristas que transitavam pela rodovia.<\/p>\n<p><img decoding=\"async\" src=\"https:\/\/www.encontrajequie.com.br\/sobre\/wp-content\/uploads\/2026\/07\/carro-sai-da-pista-e-despenca-em-ribanceira-na-br.webp\" alt=\"carro sai da pista\" loading=\"lazy\" \/><\/p>\n<h2>Como Evitar Acidentes na BR-330<\/h2>\n<p>A BR-330 \u00e9 uma via de grande movimento e exige aten\u00e7\u00e3o constante por parte dos motoristas. Para evitar incidentes como o mencionado, \u00e9 fundamental:<\/p>\n<ul>\n<li><strong>Manter a Velocidade Aconselhada:<\/strong> Respeitar os limites de velocidade \u00e9 crucial.<\/li>\n<li><strong>Condi\u00e7\u00f5es Clim\u00e1ticas:<\/strong> Ficar atento \u00e0s condi\u00e7\u00f5es do tempo ao dirigir.<\/li>\n<li><strong>Mantenha a Aten\u00e7\u00e3o:<\/strong> Evitar distra\u00e7\u00f5es enquanto estiver ao volante, como o uso de celulares.<\/li>\n<\/ul>\n<h2>O Papel da Pol\u00edcia Militar Rodovi\u00e1ria<\/h2>\n<p>A Pol\u00edcia Militar Rodovi\u00e1ria desempenha uma fun\u00e7\u00e3o vital na garantia da seguran\u00e7a nas estradas. Ap\u00f3s o incidente, a guarni\u00e7\u00e3o verificou a cena e tomou as a\u00e7\u00f5es necess\u00e1rias para liberar o tr\u00e1fego, impedindo maiores riscos. A equipe se responsabilizou por orientar os motoristas e assegurar que a via fosse restaurada \u00e0 normalidade o mais r\u00e1pido poss\u00edvel.<\/p>\n<h2>Recomenda\u00e7\u00f5es para Motoristas<\/h2>\n<p>Os motoristas que utilizam a BR-330 devem seguir algumas orienta\u00e7\u00f5es essenciais:<\/p>\n<ul>\n<li><strong>Reavalia\u00e7\u00e3o das condi\u00e7\u00f5es do ve\u00edculo:<\/strong> Certifique-se de que seu carro est\u00e1 em boas condi\u00e7\u00f5es antes de pegar a estrada.<\/li>\n<li><strong>Planejamento de Rotas:<\/strong> Fa\u00e7a um planejamento antecipado da sua viagem e escolha rotas alternativas, se necess\u00e1rio.<\/li>\n<li><strong>Paci\u00eancia no Tr\u00e2nsito:<\/strong> Sempre que houver congestionamento, mantenha a calma e respeite o fluxo vi\u00e1rio.<\/li>\n<\/ul>\n<h2>Impacto do Acidente na Rodovia<\/h2>\n<p>Apesar do acidente n\u00e3o ter resultando em ferimentos, ele levantou preocupa\u00e7\u00f5es sobre a seguran\u00e7a em trechos vulner\u00e1veis da BR-330. Pequenos deslizes podem levar a situa\u00e7\u00f5es perigosas, especialmente em \u00e1reas com vegeta\u00e7\u00e3o densa e curvas acentuadas. Isso ressalta a import\u00e2ncia do cuidado constante ao dirigir nesta rodovia.<\/p>\n<h2>Relato da Equipe de Emerg\u00eancia<\/h2>\n<p>A equipe que chegou ao local inicializou um relat\u00f3rio completo do evento, assegurando que todas as informa\u00e7\u00f5es necess\u00e1rias fossem documentadas. Essa documenta\u00e7\u00e3o \u00e9 crucial para a an\u00e1lise de sinistros futuros e para a melhoria das pr\u00e1ticas de seguran\u00e7a nas estradas da regi\u00e3o.<\/p>\n<h2>A Import\u00e2ncia da Manuten\u00e7\u00e3o do Ve\u00edculo<\/h2>\n<p>Manter o ve\u00edculo em perfeito estado \u00e9 essencial para garantir a seguran\u00e7a durante a condu\u00e7\u00e3o. Recomenda-se realizar inspe\u00e7\u00f5es regulares e verificar itens como:<\/p>\n<ul>\n<li><strong>Pneus:<\/strong> Verifique a press\u00e3o e o estado de desgaste dos pneus.<\/li>\n<li><strong>Freios:<\/strong> A efic\u00e1cia do sistema de freios pode ser a diferen\u00e7a entre um acidente e uma parada segura.<\/li>\n<li><strong>Ilumina\u00e7\u00e3o:<\/strong> Luzes queimadas ou defeituosas podem comprometer a visibilidade noturna.<\/li>\n<\/ul>\n<h2>Encaminhamento do Ve\u00edculo ao Guincho<\/h2>\n<p>Ap\u00f3s a finaliza\u00e7\u00e3o dos procedimentos de seguran\u00e7a, o ve\u00edculo envolvido no acidente foi levado por uma empresa de guincho, a RB Guinchos. Essa a\u00e7\u00e3o \u00e9 importante para liberar a via e prevenir riscos adicionais a outros motoristas que transitam pela BR-330.<\/p>\n<p>Os motoristas devem sempre estar cientes do que pode ocorrer em trechos perigosos e agir com responsabilidade ao dirigir. A rodovia \u00e9 um espa\u00e7o compartilhado e a seguran\u00e7a deve ser prioridade para todos. Por isso, a aten\u00e7\u00e3o \u00e0s regras de tr\u00e2nsito e as condi\u00e7\u00f5es da estrada \u00e9 sempre necess\u00e1ria, principalmente em locais com hist\u00f3rico de acidentes.<\/p>\n\n<div style=\"font-size: 0px; height: 0px; line-height: 0px; margin: 0; padding: 0; clear: both;\"><\/div>","protected":false},"excerpt":{"rendered":"<p>Carro sai da pista e despenca em ribanceira na BR-330, em Jequi\u00e9. Descubra os detalhes deste acidente.<\/p>\n","protected":false},"author":1,"featured_media":1459,"comment_status":"open","ping_status":"closed","sticky":false,"template":"","format":"standard","meta":{"footnotes":""},"categories":[1],"tags":[],"class_list":["post-1460","post","type-post","status-publish","format-standard","has-post-thumbnail","hentry","category-noticias-em-jequie","has_thumb"],"aioseo_notices":[],"aioseo_head":"\n\t\t<!-- All in One SEO 5.0.0.1 - aioseo.com -->\n\t<meta name=\"description\" content=\"Carro sai da pista e despenca em ribanceira na BR-330, em Jequi\u00e9. Descubra os detalhes deste acidente.\" \/>\n\t<meta name=\"robots\" content=\"max-image-preview:large\" \/>\n\t<meta name=\"author\" content=\"Encontra Jequi\u00e9\"\/>\n\t<link rel=\"canonical\" href=\"https:\/\/www.encontrajequie.com.br\/sobre\/carro-sai-da-pista-e-despenca-em-ribanceira-na-br\/\" \/>\n\t<meta name=\"generator\" content=\"All in One SEO (AIOSEO) 5.0.0.1\" \/>\n\t\t<meta property=\"og:locale\" content=\"pt_BR\" \/>\n\t\t<meta property=\"og:site_name\" content=\"Encontra Jequi\u00e9 | Not\u00edcias, eventos, informa\u00e7\u00f5es e dicas na cidade de Jequi\u00e9 e regi\u00e3o.\" \/>\n\t\t<meta property=\"og:type\" content=\"article\" \/>\n\t\t<meta property=\"og:title\" content=\"Carro sai da pista e despenca em ribanceira na BR | Encontra Jequi\u00e9\" \/>\n\t\t<meta property=\"og:description\" content=\"Carro sai da pista e despenca em ribanceira na BR-330, em Jequi\u00e9. Descubra os detalhes deste acidente.\" \/>\n\t\t<meta property=\"og:url\" content=\"https:\/\/www.encontrajequie.com.br\/sobre\/carro-sai-da-pista-e-despenca-em-ribanceira-na-br\/\" \/>\n\t\t<meta property=\"article:published_time\" content=\"2026-07-21T12:47:40+00:00\" \/>\n\t\t<meta property=\"article:modified_time\" content=\"2026-07-21T12:47:40+00:00\" \/>\n\t\t<meta name=\"twitter:card\" content=\"summary_large_image\" \/>\n\t\t<meta name=\"twitter:title\" content=\"Carro sai da pista e despenca em ribanceira na BR | Encontra Jequi\u00e9\" \/>\n\t\t<meta name=\"twitter:description\" content=\"Carro sai da pista e despenca em ribanceira na BR-330, em Jequi\u00e9. Descubra os detalhes deste acidente.\" \/>\n\t\t<script type=\"application\/ld+json\" class=\"aioseo-schema\">\n\t\t\t{\"@context\":\"https:\\\/\\\/schema.org\",\"@graph\":[{\"@type\":\"Article\",\"@id\":\"https:\\\/\\\/www.encontrajequie.com.br\\\/sobre\\\/carro-sai-da-pista-e-despenca-em-ribanceira-na-br\\\/#article\",\"name\":\"Carro sai da pista e despenca em ribanceira na BR | Encontra Jequi\\u00e9\",\"headline\":\"Carro sai da pista e despenca em ribanceira na BR\",\"author\":{\"@id\":\"https:\\\/\\\/www.encontrajequie.com.br\\\/sobre\\\/author\\\/ejequie\\\/#author\"},\"publisher\":{\"@id\":\"https:\\\/\\\/www.encontrajequie.com.br\\\/sobre\\\/#organization\"},\"image\":{\"@type\":\"ImageObject\",\"url\":\"https:\\\/\\\/www.encontrajequie.com.br\\\/sobre\\\/wp-content\\\/uploads\\\/2026\\\/07\\\/carro-sai-da-pista-e-despenca-em-ribanceira-na-br.webp\",\"width\":280,\"height\":280,\"caption\":\"carro sai da pista\"},\"datePublished\":\"2026-07-21T09:47:40-03:00\",\"dateModified\":\"2026-07-21T09:47:40-03:00\",\"inLanguage\":\"pt-BR\",\"mainEntityOfPage\":{\"@id\":\"https:\\\/\\\/www.encontrajequie.com.br\\\/sobre\\\/carro-sai-da-pista-e-despenca-em-ribanceira-na-br\\\/#webpage\"},\"isPartOf\":{\"@id\":\"https:\\\/\\\/www.encontrajequie.com.br\\\/sobre\\\/carro-sai-da-pista-e-despenca-em-ribanceira-na-br\\\/#webpage\"},\"articleSection\":\"Not\\u00edcias Jequi\\u00e9\"},{\"@type\":\"BreadcrumbList\",\"@id\":\"https:\\\/\\\/www.encontrajequie.com.br\\\/sobre\\\/carro-sai-da-pista-e-despenca-em-ribanceira-na-br\\\/#breadcrumblist\",\"itemListElement\":[{\"@type\":\"ListItem\",\"@id\":\"https:\\\/\\\/www.encontrajequie.com.br\\\/sobre#listItem\",\"position\":1,\"name\":\"Home\",\"item\":\"https:\\\/\\\/www.encontrajequie.com.br\\\/sobre\",\"nextItem\":{\"@type\":\"ListItem\",\"@id\":\"https:\\\/\\\/www.encontrajequie.com.br\\\/sobre\\\/noticias-em-jequie\\\/#listItem\",\"name\":\"Not\\u00edcias Jequi\\u00e9\"}},{\"@type\":\"ListItem\",\"@id\":\"https:\\\/\\\/www.encontrajequie.com.br\\\/sobre\\\/noticias-em-jequie\\\/#listItem\",\"position\":2,\"name\":\"Not\\u00edcias Jequi\\u00e9\",\"item\":\"https:\\\/\\\/www.encontrajequie.com.br\\\/sobre\\\/noticias-em-jequie\\\/\",\"nextItem\":{\"@type\":\"ListItem\",\"@id\":\"https:\\\/\\\/www.encontrajequie.com.br\\\/sobre\\\/carro-sai-da-pista-e-despenca-em-ribanceira-na-br\\\/#listItem\",\"name\":\"Carro sai da pista e despenca em ribanceira na BR\"},\"previousItem\":{\"@type\":\"ListItem\",\"@id\":\"https:\\\/\\\/www.encontrajequie.com.br\\\/sobre#listItem\",\"name\":\"Home\"}},{\"@type\":\"ListItem\",\"@id\":\"https:\\\/\\\/www.encontrajequie.com.br\\\/sobre\\\/carro-sai-da-pista-e-despenca-em-ribanceira-na-br\\\/#listItem\",\"position\":3,\"name\":\"Carro sai da pista e despenca em ribanceira na BR\",\"previousItem\":{\"@type\":\"ListItem\",\"@id\":\"https:\\\/\\\/www.encontrajequie.com.br\\\/sobre\\\/noticias-em-jequie\\\/#listItem\",\"name\":\"Not\\u00edcias Jequi\\u00e9\"}}]},{\"@type\":\"Organization\",\"@id\":\"https:\\\/\\\/www.encontrajequie.com.br\\\/sobre\\\/#organization\",\"name\":\"Encontra Jequi\\u00e9\",\"description\":\"Not\\u00edcias, eventos, informa\\u00e7\\u00f5es e dicas na cidade de Jequi\\u00e9 e regi\\u00e3o.\",\"url\":\"https:\\\/\\\/www.encontrajequie.com.br\\\/sobre\\\/\"},{\"@type\":\"Person\",\"@id\":\"https:\\\/\\\/www.encontrajequie.com.br\\\/sobre\\\/author\\\/ejequie\\\/#author\",\"url\":\"https:\\\/\\\/www.encontrajequie.com.br\\\/sobre\\\/author\\\/ejequie\\\/\",\"name\":\"Encontra Jequi\\u00e9\",\"image\":{\"@type\":\"ImageObject\",\"@id\":\"https:\\\/\\\/www.encontrajequie.com.br\\\/sobre\\\/carro-sai-da-pista-e-despenca-em-ribanceira-na-br\\\/#authorImage\",\"url\":\"https:\\\/\\\/secure.gravatar.com\\\/avatar\\\/507340682b8270222e1f208e23198b6ae7e2c6a1033ae84e99bc6bce4f82a387?s=96&d=mm&r=g\",\"width\":96,\"height\":96,\"caption\":\"Encontra Jequi\\u00e9\"}},{\"@type\":\"WebPage\",\"@id\":\"https:\\\/\\\/www.encontrajequie.com.br\\\/sobre\\\/carro-sai-da-pista-e-despenca-em-ribanceira-na-br\\\/#webpage\",\"url\":\"https:\\\/\\\/www.encontrajequie.com.br\\\/sobre\\\/carro-sai-da-pista-e-despenca-em-ribanceira-na-br\\\/\",\"name\":\"Carro sai da pista e despenca em ribanceira na BR | Encontra Jequi\\u00e9\",\"description\":\"Carro sai da pista e despenca em ribanceira na BR-330, em Jequi\\u00e9. Descubra os detalhes deste acidente.\",\"inLanguage\":\"pt-BR\",\"isPartOf\":{\"@id\":\"https:\\\/\\\/www.encontrajequie.com.br\\\/sobre\\\/#website\"},\"breadcrumb\":{\"@id\":\"https:\\\/\\\/www.encontrajequie.com.br\\\/sobre\\\/carro-sai-da-pista-e-despenca-em-ribanceira-na-br\\\/#breadcrumblist\"},\"author\":{\"@id\":\"https:\\\/\\\/www.encontrajequie.com.br\\\/sobre\\\/author\\\/ejequie\\\/#author\"},\"creator\":{\"@id\":\"https:\\\/\\\/www.encontrajequie.com.br\\\/sobre\\\/author\\\/ejequie\\\/#author\"},\"image\":{\"@type\":\"ImageObject\",\"url\":\"https:\\\/\\\/www.encontrajequie.com.br\\\/sobre\\\/wp-content\\\/uploads\\\/2026\\\/07\\\/carro-sai-da-pista-e-despenca-em-ribanceira-na-br.webp\",\"@id\":\"https:\\\/\\\/www.encontrajequie.com.br\\\/sobre\\\/carro-sai-da-pista-e-despenca-em-ribanceira-na-br\\\/#mainImage\",\"width\":280,\"height\":280,\"caption\":\"carro sai da pista\"},\"primaryImageOfPage\":{\"@id\":\"https:\\\/\\\/www.encontrajequie.com.br\\\/sobre\\\/carro-sai-da-pista-e-despenca-em-ribanceira-na-br\\\/#mainImage\"},\"datePublished\":\"2026-07-21T09:47:40-03:00\",\"dateModified\":\"2026-07-21T09:47:40-03:00\"},{\"@type\":\"WebSite\",\"@id\":\"https:\\\/\\\/www.encontrajequie.com.br\\\/sobre\\\/#website\",\"url\":\"https:\\\/\\\/www.encontrajequie.com.br\\\/sobre\\\/\",\"name\":\"Encontra Jequi\\u00e9\",\"description\":\"Not\\u00edcias, eventos, informa\\u00e7\\u00f5es e dicas na cidade de Jequi\\u00e9 e regi\\u00e3o.\",\"inLanguage\":\"pt-BR\",\"publisher\":{\"@id\":\"https:\\\/\\\/www.encontrajequie.com.br\\\/sobre\\\/#organization\"}}]}\n\t\t<\/script>\n\t\t<!-- All in One SEO -->\n\n","aioseo_head_json":{"title":"Carro sai da pista e despenca em ribanceira na BR | Encontra Jequi\u00e9","description":"Carro sai da pista e despenca em ribanceira na BR-330, em Jequi\u00e9. Descubra os detalhes deste acidente.","canonical_url":"https:\/\/www.encontrajequie.com.br\/sobre\/carro-sai-da-pista-e-despenca-em-ribanceira-na-br\/","robots":"max-image-preview:large","keywords":"","webmasterTools":{"miscellaneous":""},"schema":{"@context":"https:\/\/schema.org","@graph":[{"@type":"Article","@id":"https:\/\/www.encontrajequie.com.br\/sobre\/carro-sai-da-pista-e-despenca-em-ribanceira-na-br\/#article","name":"Carro sai da pista e despenca em ribanceira na BR | Encontra Jequi\u00e9","headline":"Carro sai da pista e despenca em ribanceira na BR","author":{"@id":"https:\/\/www.encontrajequie.com.br\/sobre\/author\/ejequie\/#author"},"publisher":{"@id":"https:\/\/www.encontrajequie.com.br\/sobre\/#organization"},"image":{"@type":"ImageObject","url":"https:\/\/www.encontrajequie.com.br\/sobre\/wp-content\/uploads\/2026\/07\/carro-sai-da-pista-e-despenca-em-ribanceira-na-br.webp","width":280,"height":280,"caption":"carro sai da pista"},"datePublished":"2026-07-21T09:47:40-03:00","dateModified":"2026-07-21T09:47:40-03:00","inLanguage":"pt-BR","mainEntityOfPage":{"@id":"https:\/\/www.encontrajequie.com.br\/sobre\/carro-sai-da-pista-e-despenca-em-ribanceira-na-br\/#webpage"},"isPartOf":{"@id":"https:\/\/www.encontrajequie.com.br\/sobre\/carro-sai-da-pista-e-despenca-em-ribanceira-na-br\/#webpage"},"articleSection":"Not\u00edcias Jequi\u00e9"},{"@type":"BreadcrumbList","@id":"https:\/\/www.encontrajequie.com.br\/sobre\/carro-sai-da-pista-e-despenca-em-ribanceira-na-br\/#breadcrumblist","itemListElement":[{"@type":"ListItem","@id":"https:\/\/www.encontrajequie.com.br\/sobre#listItem","position":1,"name":"Home","item":"https:\/\/www.encontrajequie.com.br\/sobre","nextItem":{"@type":"ListItem","@id":"https:\/\/www.encontrajequie.com.br\/sobre\/noticias-em-jequie\/#listItem","name":"Not\u00edcias Jequi\u00e9"}},{"@type":"ListItem","@id":"https:\/\/www.encontrajequie.com.br\/sobre\/noticias-em-jequie\/#listItem","position":2,"name":"Not\u00edcias Jequi\u00e9","item":"https:\/\/www.encontrajequie.com.br\/sobre\/noticias-em-jequie\/","nextItem":{"@type":"ListItem","@id":"https:\/\/www.encontrajequie.com.br\/sobre\/carro-sai-da-pista-e-despenca-em-ribanceira-na-br\/#listItem","name":"Carro sai da pista e despenca em ribanceira na BR"},"previousItem":{"@type":"ListItem","@id":"https:\/\/www.encontrajequie.com.br\/sobre#listItem","name":"Home"}},{"@type":"ListItem","@id":"https:\/\/www.encontrajequie.com.br\/sobre\/carro-sai-da-pista-e-despenca-em-ribanceira-na-br\/#listItem","position":3,"name":"Carro sai da pista e despenca em ribanceira na BR","previousItem":{"@type":"ListItem","@id":"https:\/\/www.encontrajequie.com.br\/sobre\/noticias-em-jequie\/#listItem","name":"Not\u00edcias Jequi\u00e9"}}]},{"@type":"Organization","@id":"https:\/\/www.encontrajequie.com.br\/sobre\/#organization","name":"Encontra Jequi\u00e9","description":"Not\u00edcias, eventos, informa\u00e7\u00f5es e dicas na cidade de Jequi\u00e9 e regi\u00e3o.","url":"https:\/\/www.encontrajequie.com.br\/sobre\/"},{"@type":"Person","@id":"https:\/\/www.encontrajequie.com.br\/sobre\/author\/ejequie\/#author","url":"https:\/\/www.encontrajequie.com.br\/sobre\/author\/ejequie\/","name":"Encontra Jequi\u00e9","image":{"@type":"ImageObject","@id":"https:\/\/www.encontrajequie.com.br\/sobre\/carro-sai-da-pista-e-despenca-em-ribanceira-na-br\/#authorImage","url":"https:\/\/secure.gravatar.com\/avatar\/507340682b8270222e1f208e23198b6ae7e2c6a1033ae84e99bc6bce4f82a387?s=96&d=mm&r=g","width":96,"height":96,"caption":"Encontra Jequi\u00e9"}},{"@type":"WebPage","@id":"https:\/\/www.encontrajequie.com.br\/sobre\/carro-sai-da-pista-e-despenca-em-ribanceira-na-br\/#webpage","url":"https:\/\/www.encontrajequie.com.br\/sobre\/carro-sai-da-pista-e-despenca-em-ribanceira-na-br\/","name":"Carro sai da pista e despenca em ribanceira na BR | Encontra Jequi\u00e9","description":"Carro sai da pista e despenca em ribanceira na BR-330, em Jequi\u00e9. Descubra os detalhes deste acidente.","inLanguage":"pt-BR","isPartOf":{"@id":"https:\/\/www.encontrajequie.com.br\/sobre\/#website"},"breadcrumb":{"@id":"https:\/\/www.encontrajequie.com.br\/sobre\/carro-sai-da-pista-e-despenca-em-ribanceira-na-br\/#breadcrumblist"},"author":{"@id":"https:\/\/www.encontrajequie.com.br\/sobre\/author\/ejequie\/#author"},"creator":{"@id":"https:\/\/www.encontrajequie.com.br\/sobre\/author\/ejequie\/#author"},"image":{"@type":"ImageObject","url":"https:\/\/www.encontrajequie.com.br\/sobre\/wp-content\/uploads\/2026\/07\/carro-sai-da-pista-e-despenca-em-ribanceira-na-br.webp","@id":"https:\/\/www.encontrajequie.com.br\/sobre\/carro-sai-da-pista-e-despenca-em-ribanceira-na-br\/#mainImage","width":280,"height":280,"caption":"carro sai da pista"},"primaryImageOfPage":{"@id":"https:\/\/www.encontrajequie.com.br\/sobre\/carro-sai-da-pista-e-despenca-em-ribanceira-na-br\/#mainImage"},"datePublished":"2026-07-21T09:47:40-03:00","dateModified":"2026-07-21T09:47:40-03:00"},{"@type":"WebSite","@id":"https:\/\/www.encontrajequie.com.br\/sobre\/#website","url":"https:\/\/www.encontrajequie.com.br\/sobre\/","name":"Encontra Jequi\u00e9","description":"Not\u00edcias, eventos, informa\u00e7\u00f5es e dicas na cidade de Jequi\u00e9 e regi\u00e3o.","inLanguage":"pt-BR","publisher":{"@id":"https:\/\/www.encontrajequie.com.br\/sobre\/#organization"}}]},"og:locale":"pt_BR","og:site_name":"Encontra Jequi\u00e9 | Not\u00edcias, eventos, informa\u00e7\u00f5es e dicas na cidade de Jequi\u00e9 e regi\u00e3o.","og:type":"article","og:title":"Carro sai da pista e despenca em ribanceira na BR | Encontra Jequi\u00e9","og:description":"Carro sai da pista e despenca em ribanceira na BR-330, em Jequi\u00e9. Descubra os detalhes deste acidente.","og:url":"https:\/\/www.encontrajequie.com.br\/sobre\/carro-sai-da-pista-e-despenca-em-ribanceira-na-br\/","article:published_time":"2026-07-21T12:47:40+00:00","article:modified_time":"2026-07-21T12:47:40+00:00","twitter:card":"summary_large_image","twitter:title":"Carro sai da pista e despenca em ribanceira na BR | Encontra Jequi\u00e9","twitter:description":"Carro sai da pista e despenca em ribanceira na BR-330, em Jequi\u00e9. Descubra os detalhes deste acidente."},"aioseo_meta_data":{"post_id":"1460","title":null,"description":null,"keywords":null,"keyphrases":null,"primary_term":null,"canonical_url":null,"og_title":null,"og_description":null,"og_object_type":"default","og_image_type":"default","og_image_url":null,"og_image_width":null,"og_image_height":null,"og_image_custom_url":null,"og_image_custom_fields":null,"og_video":null,"og_custom_url":null,"og_article_section":null,"og_article_tags":null,"twitter_use_og":false,"twitter_card":"default","twitter_image_type":"default","twitter_image_url":null,"twitter_image_custom_url":null,"twitter_image_custom_fields":null,"twitter_title":null,"twitter_description":null,"schema":{"blockGraphs":[],"customGraphs":[],"default":{"data":{"Article":[],"Course":[],"Dataset":[],"FAQPage":[],"Movie":[],"Person":[],"Product":[],"ProductReview":[],"Car":[],"Recipe":[],"Service":[],"SoftwareApplication":[],"WebPage":[]},"graphName":"Article","isEnabled":true},"graphs":[]},"schema_type":"default","schema_type_options":null,"pillar_content":false,"robots_default":true,"robots_noindex":false,"robots_noarchive":false,"robots_nosnippet":false,"robots_nofollow":false,"robots_noimageindex":false,"robots_noodp":false,"robots_notranslate":false,"robots_max_snippet":null,"robots_max_videopreview":null,"robots_max_imagepreview":"large","priority":null,"frequency":null,"local_seo":null,"breadcrumb_settings":null,"limit_modified_date":false,"ai":null,"created":"2026-07-21 12:49:46","updated":"2026-07-21 13:29:47","focus_keyword":null,"additional_keywords":null,"truseo_locale":null,"seo_analyzer_scan_date":null},"aioseo_breadcrumb":"<div class=\"aioseo-breadcrumbs\"><span class=\"aioseo-breadcrumb\">\n\t\t\t<a href=\"https:\/\/www.encontrajequie.com.br\/sobre\" title=\"Home\">Home<\/a>\n\t\t<\/span><span class=\"aioseo-breadcrumb-separator\">&raquo;<\/span><span class=\"aioseo-breadcrumb\">\n\t\t\t<a href=\"https:\/\/www.encontrajequie.com.br\/sobre\/noticias-em-jequie\/\" title=\"Not\u00edcias Jequi\u00e9\">Not\u00edcias Jequi\u00e9<\/a>\n\t\t<\/span><span class=\"aioseo-breadcrumb-separator\">&raquo;<\/span><span class=\"aioseo-breadcrumb\">\n\t\t\tCarro sai da pista e despenca em ribanceira na BR\n\t\t<\/span><\/div>","aioseo_breadcrumb_json":[{"label":"Home","link":"https:\/\/www.encontrajequie.com.br\/sobre"},{"label":"Not\u00edcias Jequi\u00e9","link":"https:\/\/www.encontrajequie.com.br\/sobre\/noticias-em-jequie\/"},{"label":"Carro sai da pista e despenca em ribanceira na BR","link":"https:\/\/www.encontrajequie.com.br\/sobre\/carro-sai-da-pista-e-despenca-em-ribanceira-na-br\/"}],"_links":{"self":[{"href":"https:\/\/www.encontrajequie.com.br\/sobre\/wp-json\/wp\/v2\/posts\/1460","targetHints":{"allow":["GET"]}}],"collection":[{"href":"https:\/\/www.encontrajequie.com.br\/sobre\/wp-json\/wp\/v2\/posts"}],"about":[{"href":"https:\/\/www.encontrajequie.com.br\/sobre\/wp-json\/wp\/v2\/types\/post"}],"author":[{"embeddable":true,"href":"https:\/\/www.encontrajequie.com.br\/sobre\/wp-json\/wp\/v2\/users\/1"}],"replies":[{"embeddable":true,"href":"https:\/\/www.encontrajequie.com.br\/sobre\/wp-json\/wp\/v2\/comments?post=1460"}],"version-history":[{"count":0,"href":"https:\/\/www.encontrajequie.com.br\/sobre\/wp-json\/wp\/v2\/posts\/1460\/revisions"}],"wp:featuredmedia":[{"embeddable":true,"href":"https:\/\/www.encontrajequie.com.br\/sobre\/wp-json\/wp\/v2\/media\/1459"}],"wp:attachment":[{"href":"https:\/\/www.encontrajequie.com.br\/sobre\/wp-json\/wp\/v2\/media?parent=1460"}],"wp:term":[{"taxonomy":"category","embeddable":true,"href":"https:\/\/www.encontrajequie.com.br\/sobre\/wp-json\/wp\/v2\/categories?post=1460"},{"taxonomy":"post_tag","embeddable":true,"href":"https:\/\/www.encontrajequie.com.br\/sobre\/wp-json\/wp\/v2\/tags?post=1460"}],"curies":[{"name":"wp","href":"https:\/\/api.w.org\/{rel}","templated":true}]}}