{"id":1520,"date":"2026-07-27T23:12:26","date_gmt":"2026-07-28T02:12:26","guid":{"rendered":"https:\/\/www.encontrajequie.com.br\/sobre\/vazamento-de-amonia-em-um-frigorifico-de-jequie\/"},"modified":"2026-07-27T23:12:26","modified_gmt":"2026-07-28T02:12:26","slug":"vazamento-de-amonia-em-um-frigorifico-de-jequie","status":"publish","type":"post","link":"https:\/\/www.encontrajequie.com.br\/sobre\/vazamento-de-amonia-em-um-frigorifico-de-jequie\/","title":{"rendered":"Vazamento de am\u00f4nia em um frigor\u00edfico de Jequi\u00e9"},"content":{"rendered":"<div class=\"30cf832dc5940d4704f66d0ed9a44050\" data-index=\"1\" style=\"float: none; margin:0px;\">\n<!-- Anuncio display - global -->\r\n<ins class=\"adsbygoogle\"\r\n     style=\"display:block\"\r\n     data-ad-client=\"ca-pub-8585364105181520\"\r\n     data-ad-slot=\"8789329856\"\r\n     data-ad-format=\"auto\"\r\n     data-full-width-responsive=\"true\"><\/ins>\r\n<script>\r\n     (adsbygoogle = window.adsbygoogle || []).push({});\r\n<\/script>\n<\/div>\n<h2>O que aconteceu no frigor\u00edfico de Jequi\u00e9<\/h2>\n<p>Um incidente significativo ocorreu em um frigor\u00edfico na cidade de Jequi\u00e9, onde um vazamento de am\u00f4nia foi registrado. Esse evento gerou preocupa\u00e7\u00f5es n\u00e3o apenas entre os funcion\u00e1rios da empresa, mas tamb\u00e9m na comunidade local. A am\u00f4nia, sendo um composto qu\u00edmico utilizado em v\u00e1rias ind\u00fastrias, \u00e9 amplamente conhecida por sua toxicidade e pode causar s\u00e9rios danos \u00e0 sa\u00fade, inclusive problemas respirat\u00f3rios e irrita\u00e7\u00e3o nos olhos e na pele.<\/p>\n<h2>Causas do vazamento de am\u00f4nia<\/h2>\n<p>As causas do vazamento foram detalhadas em um relat\u00f3rio apresentado pelos bombeiros da regi\u00e3o. A investiga\u00e7\u00e3o indicou que falhas nos procedimentos de seguran\u00e7a da empresa estavam entre os fatores principais. Isso inclui a falta de protocolos adequados para lidar com situa\u00e7\u00f5es de emerg\u00eancia, al\u00e9m de uma manuten\u00e7\u00e3o deficiente dos equipamentos, que culminaram no rompimento de um dos tanques de armazenamento.<\/p>\n<h2>Impactos ambientais do vazamento<\/h2>\n<p>O vazamento de am\u00f4nia n\u00e3o afeta apenas as pessoas diretamente envolvidas, mas tamb\u00e9m causa impactos ambientais significativos. A libera\u00e7\u00e3o desse g\u00e1s na atmosfera pode afetar a qualidade do ar nas redondezas, levando a um aumento dos \u00edndices de polui\u00e7\u00e3o. Al\u00e9m disso, se a am\u00f4nia entrar em contato com corpos d&#8217;\u00e1gua nas proximidades, pode causar a morte de organismos aqu\u00e1ticos devido \u00e0 sua toxicidade. A contamina\u00e7\u00e3o do solo tamb\u00e9m \u00e9 uma possibilidade.<\/p>\n<p><img decoding=\"async\" src=\"https:\/\/www.encontrajequie.com.br\/sobre\/wp-content\/uploads\/2026\/07\/vazamento-de-amonia-em-um-frigorifico-de-jequie.webp\" alt=\"vazamento de am\u00f4nia em frigor\u00edfico de Jequi\u00e9\" loading=\"lazy\" \/><\/p>\n<h2>Rea\u00e7\u00e3o da comunidade local<\/h2>\n<p>A comunidade de Jequi\u00e9 reagiu de forma alarmada ao incidente. Moradores nas proximidades do frigor\u00edfico expressaram preocupa\u00e7\u00e3o com a seguran\u00e7a, temendo por suas sa\u00fade e seguran\u00e7a no cotidiano. Organiza\u00e7\u00f5es locais come\u00e7aram a exigir uma investiga\u00e7\u00e3o mais aprofundada e medidas rigorosas para prevenir futuros incidentes similares. A prefeitura tamb\u00e9m foi pressionada a atuar e assegurar que a situa\u00e7\u00e3o fosse devidamente contida e que a sa\u00fade p\u00fablica n\u00e3o fosse comprometida.<\/p>\n<h2>Medidas imediatas tomadas pelos bombeiros<\/h2>\n<p>Os bombeiros foram acionados imediatamente ap\u00f3s a detec\u00e7\u00e3o do vazamento. Eles isolaram a \u00e1rea para garantir a seguran\u00e7a das pessoas e realizaram a\u00e7\u00f5es de conten\u00e7\u00e3o. Isso inclu\u00eda a ventila\u00e7\u00e3o do local afetado, al\u00e9m de monitorar a qualidade do ar ao redor da \u00e1rea do acidente. \u00c9 relavante ressaltar a import\u00e2ncia da resposta r\u00e1pida para evitar que a situa\u00e7\u00e3o se agrave, protegendo tanto a sa\u00fade dos trabalhadores quanto dos residentes nas proximidades.<\/p>\n<h2>Falhas nos procedimentos de seguran\u00e7a<\/h2>\n<p>O relat\u00f3rio dos bombeiros revelou que havia falhas claras nos procedimentos de seguran\u00e7a operacionais do frigor\u00edfico. Isso inclui a falta de treinamentos regulares para os funcion\u00e1rios sobre como atuar em casos de emerg\u00eancia envolvendo materiais perigosos. Al\u00e9m disso, os sistemas de alerta e monitoramento de vazamentos se mostraram insuficientes para detectar a situa\u00e7\u00e3o antes que se tornasse cr\u00edtica.<\/p>\n<h2>Como prevenir futuros vazamentos<\/h2>\n<p>Para evitar futuros vazamentos de am\u00f4nia, \u00e9 essencial que as empresas adotem pr\u00e1ticas de seguran\u00e7a rigorosas. Algumas medidas preventivas incluem:<\/p>\n<ul>\n<li><strong>Treinamento regular:<\/strong> Realizar sess\u00f5es de capacita\u00e7\u00e3o para os funcion\u00e1rios sobre manuseio seguro de subst\u00e2ncias qu\u00edmicas.<\/li>\n<li><strong>Inspe\u00e7\u00f5es frequentes:<\/strong> Conduzir auditorias regulares nos sistemas de armazenamento e equipamento de seguran\u00e7a.<\/li>\n<li><strong>Protocolos de emerg\u00eancia:<\/strong> Criar e praticar planos de resposta em casos de vazamento, assegurando que todos os funcion\u00e1rios saibam como agir.<\/li>\n<li><strong>Atualiza\u00e7\u00e3o de equipamentos:<\/strong> Investir em tecnologia mais moderna e sistemas de monitoramento para detectar vazamentos precocemente.<\/li>\n<\/ul>\n<h2>Import\u00e2ncia da fiscaliza\u00e7\u00e3o em frigor\u00edficos<\/h2>\n<p>A fiscaliza\u00e7\u00e3o adequada em estabelecimentos industriais, como frigor\u00edficos, \u00e9 crucial para a seguran\u00e7a do ambiente e da comunidade. A presen\u00e7a de \u00f3rg\u00e3os reguladores garantir\u00e1 que as empresas sigam os padr\u00f5es de seguran\u00e7a e sa\u00fade recomendados. Al\u00e9m disso, \u00e9 necess\u00e1rio que as regulariza\u00e7\u00f5es e penalidades sejam aplicadas em caso de infra\u00e7\u00f5es, incentivando uma cultura de responsabilidade dentro da ind\u00fastria.<\/p>\n<h2>Depoimentos de trabalhadores afetados<\/h2>\n<p>V\u00e1rios trabalhadores do frigor\u00edfico manifestaram seu sofrimento ap\u00f3s o vazamento. Muitos relataram sintomas imediatos, como n\u00e1useas e dificuldades respirat\u00f3rias, e isso levantou um grande alarme entre os que estavam presentes. Trabalhar em um ambiente que n\u00e3o possui seguran\u00e7a adequada \u00e9 uma preocupa\u00e7\u00e3o relevante para esses funcion\u00e1rios, que agora tamb\u00e9m temem pela seguran\u00e7a de suas fam\u00edlias. Acredita-se que haja necessidade de acompanhamento m\u00e9dico para todos os trabalhadores expostos.<\/p>\n<h2>An\u00e1lise de casos semelhantes no Brasil<\/h2>\n<p>Este n\u00e3o \u00e9 um caso isolado no Brasil; h\u00e1 uma s\u00e9rie de incidentes semelhantes em outras cidades que tamb\u00e9m chamaram a aten\u00e7\u00e3o para a necessidade de mudan\u00e7a. V\u00e1rios frigor\u00edficos j\u00e1 passaram por crises semelhantes, resultando em danos tanto \u00e0 sa\u00fade p\u00fablica quanto ao meio ambiente. O aprendizado desses casos anteriores pode servir de base para reformas nas pr\u00e1ticas operacionais a fim de fortalecer normas de seguran\u00e7a.<\/p>\n\n<div style=\"font-size: 0px; height: 0px; line-height: 0px; margin: 0; padding: 0; clear: both;\"><\/div>","protected":false},"excerpt":{"rendered":"<p>Vazamento de am\u00f4nia em frigor\u00edfico de Jequi\u00e9 exp\u00f5e falhas de seguran\u00e7a.<\/p>\n","protected":false},"author":1,"featured_media":1519,"comment_status":"open","ping_status":"closed","sticky":false,"template":"","format":"standard","meta":{"footnotes":""},"categories":[1],"tags":[],"class_list":["post-1520","post","type-post","status-publish","format-standard","has-post-thumbnail","hentry","category-noticias-em-jequie","has_thumb"],"aioseo_notices":[],"aioseo_head":"\n\t\t<!-- All in One SEO 5.0.0.1 - aioseo.com -->\n\t<meta name=\"description\" content=\"Vazamento de am\u00f4nia em frigor\u00edfico de Jequi\u00e9 exp\u00f5e falhas de seguran\u00e7a.\" \/>\n\t<meta name=\"robots\" content=\"max-image-preview:large\" \/>\n\t<meta name=\"author\" content=\"Encontra Jequi\u00e9\"\/>\n\t<link rel=\"canonical\" href=\"https:\/\/www.encontrajequie.com.br\/sobre\/vazamento-de-amonia-em-um-frigorifico-de-jequie\/\" \/>\n\t<meta name=\"generator\" content=\"All in One SEO (AIOSEO) 5.0.0.1\" \/>\n\t\t<meta property=\"og:locale\" content=\"pt_BR\" \/>\n\t\t<meta property=\"og:site_name\" content=\"Encontra Jequi\u00e9 | Not\u00edcias, eventos, informa\u00e7\u00f5es e dicas na cidade de Jequi\u00e9 e regi\u00e3o.\" \/>\n\t\t<meta property=\"og:type\" content=\"article\" \/>\n\t\t<meta property=\"og:title\" content=\"Vazamento de am\u00f4nia em um frigor\u00edfico de Jequi\u00e9 | Encontra Jequi\u00e9\" \/>\n\t\t<meta property=\"og:description\" content=\"Vazamento de am\u00f4nia em frigor\u00edfico de Jequi\u00e9 exp\u00f5e falhas de seguran\u00e7a.\" \/>\n\t\t<meta property=\"og:url\" content=\"https:\/\/www.encontrajequie.com.br\/sobre\/vazamento-de-amonia-em-um-frigorifico-de-jequie\/\" \/>\n\t\t<meta property=\"article:published_time\" content=\"2026-07-28T02:12:26+00:00\" \/>\n\t\t<meta property=\"article:modified_time\" content=\"2026-07-28T02:12:26+00:00\" \/>\n\t\t<meta name=\"twitter:card\" content=\"summary_large_image\" \/>\n\t\t<meta name=\"twitter:title\" content=\"Vazamento de am\u00f4nia em um frigor\u00edfico de Jequi\u00e9 | Encontra Jequi\u00e9\" \/>\n\t\t<meta name=\"twitter:description\" content=\"Vazamento de am\u00f4nia em frigor\u00edfico de Jequi\u00e9 exp\u00f5e falhas de seguran\u00e7a.\" \/>\n\t\t<script type=\"application\/ld+json\" class=\"aioseo-schema\">\n\t\t\t{\"@context\":\"https:\\\/\\\/schema.org\",\"@graph\":[{\"@type\":\"Article\",\"@id\":\"https:\\\/\\\/www.encontrajequie.com.br\\\/sobre\\\/vazamento-de-amonia-em-um-frigorifico-de-jequie\\\/#article\",\"name\":\"Vazamento de am\\u00f4nia em um frigor\\u00edfico de Jequi\\u00e9 | Encontra Jequi\\u00e9\",\"headline\":\"Vazamento de am\\u00f4nia em um frigor\\u00edfico de Jequi\\u00e9\",\"author\":{\"@id\":\"https:\\\/\\\/www.encontrajequie.com.br\\\/sobre\\\/author\\\/ejequie\\\/#author\"},\"publisher\":{\"@id\":\"https:\\\/\\\/www.encontrajequie.com.br\\\/sobre\\\/#organization\"},\"image\":{\"@type\":\"ImageObject\",\"url\":\"https:\\\/\\\/www.encontrajequie.com.br\\\/sobre\\\/wp-content\\\/uploads\\\/2026\\\/07\\\/vazamento-de-amonia-em-um-frigorifico-de-jequie.webp\",\"width\":280,\"height\":280,\"caption\":\"vazamento de am\\u00f4nia em frigor\\u00edfico de Jequi\\u00e9\"},\"datePublished\":\"2026-07-27T23:12:26-03:00\",\"dateModified\":\"2026-07-27T23:12:26-03:00\",\"inLanguage\":\"pt-BR\",\"mainEntityOfPage\":{\"@id\":\"https:\\\/\\\/www.encontrajequie.com.br\\\/sobre\\\/vazamento-de-amonia-em-um-frigorifico-de-jequie\\\/#webpage\"},\"isPartOf\":{\"@id\":\"https:\\\/\\\/www.encontrajequie.com.br\\\/sobre\\\/vazamento-de-amonia-em-um-frigorifico-de-jequie\\\/#webpage\"},\"articleSection\":\"Not\\u00edcias Jequi\\u00e9\"},{\"@type\":\"BreadcrumbList\",\"@id\":\"https:\\\/\\\/www.encontrajequie.com.br\\\/sobre\\\/vazamento-de-amonia-em-um-frigorifico-de-jequie\\\/#breadcrumblist\",\"itemListElement\":[{\"@type\":\"ListItem\",\"@id\":\"https:\\\/\\\/www.encontrajequie.com.br\\\/sobre#listItem\",\"position\":1,\"name\":\"Home\",\"item\":\"https:\\\/\\\/www.encontrajequie.com.br\\\/sobre\",\"nextItem\":{\"@type\":\"ListItem\",\"@id\":\"https:\\\/\\\/www.encontrajequie.com.br\\\/sobre\\\/noticias-em-jequie\\\/#listItem\",\"name\":\"Not\\u00edcias Jequi\\u00e9\"}},{\"@type\":\"ListItem\",\"@id\":\"https:\\\/\\\/www.encontrajequie.com.br\\\/sobre\\\/noticias-em-jequie\\\/#listItem\",\"position\":2,\"name\":\"Not\\u00edcias Jequi\\u00e9\",\"item\":\"https:\\\/\\\/www.encontrajequie.com.br\\\/sobre\\\/noticias-em-jequie\\\/\",\"nextItem\":{\"@type\":\"ListItem\",\"@id\":\"https:\\\/\\\/www.encontrajequie.com.br\\\/sobre\\\/vazamento-de-amonia-em-um-frigorifico-de-jequie\\\/#listItem\",\"name\":\"Vazamento de am\\u00f4nia em um frigor\\u00edfico de Jequi\\u00e9\"},\"previousItem\":{\"@type\":\"ListItem\",\"@id\":\"https:\\\/\\\/www.encontrajequie.com.br\\\/sobre#listItem\",\"name\":\"Home\"}},{\"@type\":\"ListItem\",\"@id\":\"https:\\\/\\\/www.encontrajequie.com.br\\\/sobre\\\/vazamento-de-amonia-em-um-frigorifico-de-jequie\\\/#listItem\",\"position\":3,\"name\":\"Vazamento de am\\u00f4nia em um frigor\\u00edfico de Jequi\\u00e9\",\"previousItem\":{\"@type\":\"ListItem\",\"@id\":\"https:\\\/\\\/www.encontrajequie.com.br\\\/sobre\\\/noticias-em-jequie\\\/#listItem\",\"name\":\"Not\\u00edcias Jequi\\u00e9\"}}]},{\"@type\":\"Organization\",\"@id\":\"https:\\\/\\\/www.encontrajequie.com.br\\\/sobre\\\/#organization\",\"name\":\"Encontra Jequi\\u00e9\",\"description\":\"Not\\u00edcias, eventos, informa\\u00e7\\u00f5es e dicas na cidade de Jequi\\u00e9 e regi\\u00e3o.\",\"url\":\"https:\\\/\\\/www.encontrajequie.com.br\\\/sobre\\\/\"},{\"@type\":\"Person\",\"@id\":\"https:\\\/\\\/www.encontrajequie.com.br\\\/sobre\\\/author\\\/ejequie\\\/#author\",\"url\":\"https:\\\/\\\/www.encontrajequie.com.br\\\/sobre\\\/author\\\/ejequie\\\/\",\"name\":\"Encontra Jequi\\u00e9\",\"image\":{\"@type\":\"ImageObject\",\"@id\":\"https:\\\/\\\/www.encontrajequie.com.br\\\/sobre\\\/vazamento-de-amonia-em-um-frigorifico-de-jequie\\\/#authorImage\",\"url\":\"https:\\\/\\\/secure.gravatar.com\\\/avatar\\\/507340682b8270222e1f208e23198b6ae7e2c6a1033ae84e99bc6bce4f82a387?s=96&d=mm&r=g\",\"width\":96,\"height\":96,\"caption\":\"Encontra Jequi\\u00e9\"}},{\"@type\":\"WebPage\",\"@id\":\"https:\\\/\\\/www.encontrajequie.com.br\\\/sobre\\\/vazamento-de-amonia-em-um-frigorifico-de-jequie\\\/#webpage\",\"url\":\"https:\\\/\\\/www.encontrajequie.com.br\\\/sobre\\\/vazamento-de-amonia-em-um-frigorifico-de-jequie\\\/\",\"name\":\"Vazamento de am\\u00f4nia em um frigor\\u00edfico de Jequi\\u00e9 | Encontra Jequi\\u00e9\",\"description\":\"Vazamento de am\\u00f4nia em frigor\\u00edfico de Jequi\\u00e9 exp\\u00f5e falhas de seguran\\u00e7a.\",\"inLanguage\":\"pt-BR\",\"isPartOf\":{\"@id\":\"https:\\\/\\\/www.encontrajequie.com.br\\\/sobre\\\/#website\"},\"breadcrumb\":{\"@id\":\"https:\\\/\\\/www.encontrajequie.com.br\\\/sobre\\\/vazamento-de-amonia-em-um-frigorifico-de-jequie\\\/#breadcrumblist\"},\"author\":{\"@id\":\"https:\\\/\\\/www.encontrajequie.com.br\\\/sobre\\\/author\\\/ejequie\\\/#author\"},\"creator\":{\"@id\":\"https:\\\/\\\/www.encontrajequie.com.br\\\/sobre\\\/author\\\/ejequie\\\/#author\"},\"image\":{\"@type\":\"ImageObject\",\"url\":\"https:\\\/\\\/www.encontrajequie.com.br\\\/sobre\\\/wp-content\\\/uploads\\\/2026\\\/07\\\/vazamento-de-amonia-em-um-frigorifico-de-jequie.webp\",\"@id\":\"https:\\\/\\\/www.encontrajequie.com.br\\\/sobre\\\/vazamento-de-amonia-em-um-frigorifico-de-jequie\\\/#mainImage\",\"width\":280,\"height\":280,\"caption\":\"vazamento de am\\u00f4nia em frigor\\u00edfico de Jequi\\u00e9\"},\"primaryImageOfPage\":{\"@id\":\"https:\\\/\\\/www.encontrajequie.com.br\\\/sobre\\\/vazamento-de-amonia-em-um-frigorifico-de-jequie\\\/#mainImage\"},\"datePublished\":\"2026-07-27T23:12:26-03:00\",\"dateModified\":\"2026-07-27T23:12:26-03:00\"},{\"@type\":\"WebSite\",\"@id\":\"https:\\\/\\\/www.encontrajequie.com.br\\\/sobre\\\/#website\",\"url\":\"https:\\\/\\\/www.encontrajequie.com.br\\\/sobre\\\/\",\"name\":\"Encontra Jequi\\u00e9\",\"description\":\"Not\\u00edcias, eventos, informa\\u00e7\\u00f5es e dicas na cidade de Jequi\\u00e9 e regi\\u00e3o.\",\"inLanguage\":\"pt-BR\",\"publisher\":{\"@id\":\"https:\\\/\\\/www.encontrajequie.com.br\\\/sobre\\\/#organization\"}}]}\n\t\t<\/script>\n\t\t<!-- All in One SEO -->\n\n","aioseo_head_json":{"title":"Vazamento de am\u00f4nia em um frigor\u00edfico de Jequi\u00e9 | Encontra Jequi\u00e9","description":"Vazamento de am\u00f4nia em frigor\u00edfico de Jequi\u00e9 exp\u00f5e falhas de seguran\u00e7a.","canonical_url":"https:\/\/www.encontrajequie.com.br\/sobre\/vazamento-de-amonia-em-um-frigorifico-de-jequie\/","robots":"max-image-preview:large","keywords":"","webmasterTools":{"miscellaneous":""},"schema":{"@context":"https:\/\/schema.org","@graph":[{"@type":"Article","@id":"https:\/\/www.encontrajequie.com.br\/sobre\/vazamento-de-amonia-em-um-frigorifico-de-jequie\/#article","name":"Vazamento de am\u00f4nia em um frigor\u00edfico de Jequi\u00e9 | Encontra Jequi\u00e9","headline":"Vazamento de am\u00f4nia em um frigor\u00edfico de Jequi\u00e9","author":{"@id":"https:\/\/www.encontrajequie.com.br\/sobre\/author\/ejequie\/#author"},"publisher":{"@id":"https:\/\/www.encontrajequie.com.br\/sobre\/#organization"},"image":{"@type":"ImageObject","url":"https:\/\/www.encontrajequie.com.br\/sobre\/wp-content\/uploads\/2026\/07\/vazamento-de-amonia-em-um-frigorifico-de-jequie.webp","width":280,"height":280,"caption":"vazamento de am\u00f4nia em frigor\u00edfico de Jequi\u00e9"},"datePublished":"2026-07-27T23:12:26-03:00","dateModified":"2026-07-27T23:12:26-03:00","inLanguage":"pt-BR","mainEntityOfPage":{"@id":"https:\/\/www.encontrajequie.com.br\/sobre\/vazamento-de-amonia-em-um-frigorifico-de-jequie\/#webpage"},"isPartOf":{"@id":"https:\/\/www.encontrajequie.com.br\/sobre\/vazamento-de-amonia-em-um-frigorifico-de-jequie\/#webpage"},"articleSection":"Not\u00edcias Jequi\u00e9"},{"@type":"BreadcrumbList","@id":"https:\/\/www.encontrajequie.com.br\/sobre\/vazamento-de-amonia-em-um-frigorifico-de-jequie\/#breadcrumblist","itemListElement":[{"@type":"ListItem","@id":"https:\/\/www.encontrajequie.com.br\/sobre#listItem","position":1,"name":"Home","item":"https:\/\/www.encontrajequie.com.br\/sobre","nextItem":{"@type":"ListItem","@id":"https:\/\/www.encontrajequie.com.br\/sobre\/noticias-em-jequie\/#listItem","name":"Not\u00edcias Jequi\u00e9"}},{"@type":"ListItem","@id":"https:\/\/www.encontrajequie.com.br\/sobre\/noticias-em-jequie\/#listItem","position":2,"name":"Not\u00edcias Jequi\u00e9","item":"https:\/\/www.encontrajequie.com.br\/sobre\/noticias-em-jequie\/","nextItem":{"@type":"ListItem","@id":"https:\/\/www.encontrajequie.com.br\/sobre\/vazamento-de-amonia-em-um-frigorifico-de-jequie\/#listItem","name":"Vazamento de am\u00f4nia em um frigor\u00edfico de Jequi\u00e9"},"previousItem":{"@type":"ListItem","@id":"https:\/\/www.encontrajequie.com.br\/sobre#listItem","name":"Home"}},{"@type":"ListItem","@id":"https:\/\/www.encontrajequie.com.br\/sobre\/vazamento-de-amonia-em-um-frigorifico-de-jequie\/#listItem","position":3,"name":"Vazamento de am\u00f4nia em um frigor\u00edfico de Jequi\u00e9","previousItem":{"@type":"ListItem","@id":"https:\/\/www.encontrajequie.com.br\/sobre\/noticias-em-jequie\/#listItem","name":"Not\u00edcias Jequi\u00e9"}}]},{"@type":"Organization","@id":"https:\/\/www.encontrajequie.com.br\/sobre\/#organization","name":"Encontra Jequi\u00e9","description":"Not\u00edcias, eventos, informa\u00e7\u00f5es e dicas na cidade de Jequi\u00e9 e regi\u00e3o.","url":"https:\/\/www.encontrajequie.com.br\/sobre\/"},{"@type":"Person","@id":"https:\/\/www.encontrajequie.com.br\/sobre\/author\/ejequie\/#author","url":"https:\/\/www.encontrajequie.com.br\/sobre\/author\/ejequie\/","name":"Encontra Jequi\u00e9","image":{"@type":"ImageObject","@id":"https:\/\/www.encontrajequie.com.br\/sobre\/vazamento-de-amonia-em-um-frigorifico-de-jequie\/#authorImage","url":"https:\/\/secure.gravatar.com\/avatar\/507340682b8270222e1f208e23198b6ae7e2c6a1033ae84e99bc6bce4f82a387?s=96&d=mm&r=g","width":96,"height":96,"caption":"Encontra Jequi\u00e9"}},{"@type":"WebPage","@id":"https:\/\/www.encontrajequie.com.br\/sobre\/vazamento-de-amonia-em-um-frigorifico-de-jequie\/#webpage","url":"https:\/\/www.encontrajequie.com.br\/sobre\/vazamento-de-amonia-em-um-frigorifico-de-jequie\/","name":"Vazamento de am\u00f4nia em um frigor\u00edfico de Jequi\u00e9 | Encontra Jequi\u00e9","description":"Vazamento de am\u00f4nia em frigor\u00edfico de Jequi\u00e9 exp\u00f5e falhas de seguran\u00e7a.","inLanguage":"pt-BR","isPartOf":{"@id":"https:\/\/www.encontrajequie.com.br\/sobre\/#website"},"breadcrumb":{"@id":"https:\/\/www.encontrajequie.com.br\/sobre\/vazamento-de-amonia-em-um-frigorifico-de-jequie\/#breadcrumblist"},"author":{"@id":"https:\/\/www.encontrajequie.com.br\/sobre\/author\/ejequie\/#author"},"creator":{"@id":"https:\/\/www.encontrajequie.com.br\/sobre\/author\/ejequie\/#author"},"image":{"@type":"ImageObject","url":"https:\/\/www.encontrajequie.com.br\/sobre\/wp-content\/uploads\/2026\/07\/vazamento-de-amonia-em-um-frigorifico-de-jequie.webp","@id":"https:\/\/www.encontrajequie.com.br\/sobre\/vazamento-de-amonia-em-um-frigorifico-de-jequie\/#mainImage","width":280,"height":280,"caption":"vazamento de am\u00f4nia em frigor\u00edfico de Jequi\u00e9"},"primaryImageOfPage":{"@id":"https:\/\/www.encontrajequie.com.br\/sobre\/vazamento-de-amonia-em-um-frigorifico-de-jequie\/#mainImage"},"datePublished":"2026-07-27T23:12:26-03:00","dateModified":"2026-07-27T23:12:26-03:00"},{"@type":"WebSite","@id":"https:\/\/www.encontrajequie.com.br\/sobre\/#website","url":"https:\/\/www.encontrajequie.com.br\/sobre\/","name":"Encontra Jequi\u00e9","description":"Not\u00edcias, eventos, informa\u00e7\u00f5es e dicas na cidade de Jequi\u00e9 e regi\u00e3o.","inLanguage":"pt-BR","publisher":{"@id":"https:\/\/www.encontrajequie.com.br\/sobre\/#organization"}}]},"og:locale":"pt_BR","og:site_name":"Encontra Jequi\u00e9 | Not\u00edcias, eventos, informa\u00e7\u00f5es e dicas na cidade de Jequi\u00e9 e regi\u00e3o.","og:type":"article","og:title":"Vazamento de am\u00f4nia em um frigor\u00edfico de Jequi\u00e9 | Encontra Jequi\u00e9","og:description":"Vazamento de am\u00f4nia em frigor\u00edfico de Jequi\u00e9 exp\u00f5e falhas de seguran\u00e7a.","og:url":"https:\/\/www.encontrajequie.com.br\/sobre\/vazamento-de-amonia-em-um-frigorifico-de-jequie\/","article:published_time":"2026-07-28T02:12:26+00:00","article:modified_time":"2026-07-28T02:12:26+00:00","twitter:card":"summary_large_image","twitter:title":"Vazamento de am\u00f4nia em um frigor\u00edfico de Jequi\u00e9 | Encontra Jequi\u00e9","twitter:description":"Vazamento de am\u00f4nia em frigor\u00edfico de Jequi\u00e9 exp\u00f5e falhas de seguran\u00e7a."},"aioseo_meta_data":{"post_id":"1520","title":null,"description":null,"keywords":null,"keyphrases":null,"primary_term":null,"canonical_url":null,"og_title":null,"og_description":null,"og_object_type":"default","og_image_type":"default","og_image_url":null,"og_image_width":null,"og_image_height":null,"og_image_custom_url":null,"og_image_custom_fields":null,"og_video":null,"og_custom_url":null,"og_article_section":null,"og_article_tags":null,"twitter_use_og":false,"twitter_card":"default","twitter_image_type":"default","twitter_image_url":null,"twitter_image_custom_url":null,"twitter_image_custom_fields":null,"twitter_title":null,"twitter_description":null,"schema":{"blockGraphs":[],"customGraphs":[],"default":{"data":{"Article":[],"Course":[],"Dataset":[],"FAQPage":[],"Movie":[],"Person":[],"Product":[],"ProductReview":[],"Car":[],"Recipe":[],"Service":[],"SoftwareApplication":[],"WebPage":[]},"graphName":"Article","isEnabled":true},"graphs":[]},"schema_type":"default","schema_type_options":null,"pillar_content":false,"robots_default":true,"robots_noindex":false,"robots_noarchive":false,"robots_nosnippet":false,"robots_nofollow":false,"robots_noimageindex":false,"robots_noodp":false,"robots_notranslate":false,"robots_max_snippet":null,"robots_max_videopreview":null,"robots_max_imagepreview":"large","priority":null,"frequency":null,"local_seo":null,"breadcrumb_settings":null,"limit_modified_date":false,"ai":null,"created":"2026-07-28 02:12:27","updated":"2026-07-28 02:25:41","focus_keyword":null,"additional_keywords":null,"truseo_locale":null,"seo_analyzer_scan_date":null},"aioseo_breadcrumb":"<div class=\"aioseo-breadcrumbs\"><span class=\"aioseo-breadcrumb\">\n\t\t\t<a href=\"https:\/\/www.encontrajequie.com.br\/sobre\" title=\"Home\">Home<\/a>\n\t\t<\/span><span class=\"aioseo-breadcrumb-separator\">&raquo;<\/span><span class=\"aioseo-breadcrumb\">\n\t\t\t<a href=\"https:\/\/www.encontrajequie.com.br\/sobre\/noticias-em-jequie\/\" title=\"Not\u00edcias Jequi\u00e9\">Not\u00edcias Jequi\u00e9<\/a>\n\t\t<\/span><span class=\"aioseo-breadcrumb-separator\">&raquo;<\/span><span class=\"aioseo-breadcrumb\">\n\t\t\tVazamento de am\u00f4nia em um frigor\u00edfico de Jequi\u00e9\n\t\t<\/span><\/div>","aioseo_breadcrumb_json":[{"label":"Home","link":"https:\/\/www.encontrajequie.com.br\/sobre"},{"label":"Not\u00edcias Jequi\u00e9","link":"https:\/\/www.encontrajequie.com.br\/sobre\/noticias-em-jequie\/"},{"label":"Vazamento de am\u00f4nia em um frigor\u00edfico de Jequi\u00e9","link":"https:\/\/www.encontrajequie.com.br\/sobre\/vazamento-de-amonia-em-um-frigorifico-de-jequie\/"}],"_links":{"self":[{"href":"https:\/\/www.encontrajequie.com.br\/sobre\/wp-json\/wp\/v2\/posts\/1520","targetHints":{"allow":["GET"]}}],"collection":[{"href":"https:\/\/www.encontrajequie.com.br\/sobre\/wp-json\/wp\/v2\/posts"}],"about":[{"href":"https:\/\/www.encontrajequie.com.br\/sobre\/wp-json\/wp\/v2\/types\/post"}],"author":[{"embeddable":true,"href":"https:\/\/www.encontrajequie.com.br\/sobre\/wp-json\/wp\/v2\/users\/1"}],"replies":[{"embeddable":true,"href":"https:\/\/www.encontrajequie.com.br\/sobre\/wp-json\/wp\/v2\/comments?post=1520"}],"version-history":[{"count":0,"href":"https:\/\/www.encontrajequie.com.br\/sobre\/wp-json\/wp\/v2\/posts\/1520\/revisions"}],"wp:featuredmedia":[{"embeddable":true,"href":"https:\/\/www.encontrajequie.com.br\/sobre\/wp-json\/wp\/v2\/media\/1519"}],"wp:attachment":[{"href":"https:\/\/www.encontrajequie.com.br\/sobre\/wp-json\/wp\/v2\/media?parent=1520"}],"wp:term":[{"taxonomy":"category","embeddable":true,"href":"https:\/\/www.encontrajequie.com.br\/sobre\/wp-json\/wp\/v2\/categories?post=1520"},{"taxonomy":"post_tag","embeddable":true,"href":"https:\/\/www.encontrajequie.com.br\/sobre\/wp-json\/wp\/v2\/tags?post=1520"}],"curies":[{"name":"wp","href":"https:\/\/api.w.org\/{rel}","templated":true}]}}