{"id":1538,"date":"2026-07-29T08:57:34","date_gmt":"2026-07-29T11:57:34","guid":{"rendered":"https:\/\/www.encontrajequie.com.br\/sobre\/jequie-ba-frigorifico-e-evacuado-apos-vazamento-de-amonia-no-sudoeste-da-bahia\/"},"modified":"2026-07-29T08:57:34","modified_gmt":"2026-07-29T11:57:34","slug":"jequie-ba-frigorifico-e-evacuado-apos-vazamento-de-amonia-no-sudoeste-da-bahia","status":"publish","type":"post","link":"https:\/\/www.encontrajequie.com.br\/sobre\/jequie-ba-frigorifico-e-evacuado-apos-vazamento-de-amonia-no-sudoeste-da-bahia\/","title":{"rendered":"Jequi\u00e9 (BA): Frigor\u00edfico \u00e9 evacuado ap\u00f3s vazamento de am\u00f4nia no sudoeste da Bahia"},"content":{"rendered":"<div class=\"30cf832dc5940d4704f66d0ed9a44050\" data-index=\"1\" style=\"float: none; margin:0px;\">\n<!-- Anuncio display - global -->\r\n<ins class=\"adsbygoogle\"\r\n     style=\"display:block\"\r\n     data-ad-client=\"ca-pub-8585364105181520\"\r\n     data-ad-slot=\"8789329856\"\r\n     data-ad-format=\"auto\"\r\n     data-full-width-responsive=\"true\"><\/ins>\r\n<script>\r\n     (adsbygoogle = window.adsbygoogle || []).push({});\r\n<\/script>\n<\/div>\n<h2>O que Aconteceu em Jequi\u00e9<\/h2>\n<p>No dia 24 de julho de 2026, um incidente s\u00e9rio ocorreu em um frigor\u00edfico na zona rural de Jequi\u00e9, no sudoeste da Bahia. Um vazamento de am\u00f4nia foi registrado, levando \u00e0 emerg\u00eancia de evacua\u00e7\u00e3o de aproximadamente 64 funcion\u00e1rios da unidade e \u00e0 ado\u00e7\u00e3o de medidas para isolar ao m\u00e1ximo a \u00e1rea afetada.<\/p>\n<p>As informa\u00e7\u00f5es sobre o acidente foram relatadas por uma emissora local, a TV Sudoeste, que destacou que o vazamento aconteceu durante a manuten\u00e7\u00e3o de uma tubula\u00e7\u00e3o essencial do frigor\u00edfico. Durante o ocorrido, a maior parte dos trabalhadores n\u00e3o se encontrava em suas fun\u00e7\u00f5es, o que minimizou a gravidade do evento.<\/p>\n<h2>Entenda os Riscos da Am\u00f4nia<\/h2>\n<p>A am\u00f4nia \u00e9 um g\u00e1s incolor que se caracteriza por um odor forte e \u00e9 bastante utilizado em sistemas de refrigera\u00e7\u00e3o industrial. Embora seja uma subst\u00e2ncia comum em v\u00e1rias ind\u00fastrias, ela \u00e9 extremamente t\u00f3xica e pode causar s\u00e9rios danos \u00e0 sa\u00fade em caso de exposi\u00e7\u00e3o. Os riscos associados \u00e0 inala\u00e7\u00e3o de am\u00f4nia incluem irrita\u00e7\u00e3o nas vias respirat\u00f3rias, dor de garganta, tosse e at\u00e9 dificuldades respirat\u00f3rias em casos mais severos.<\/p>\n<p><img decoding=\"async\" src=\"https:\/\/www.encontrajequie.com.br\/sobre\/wp-content\/uploads\/2026\/07\/jequie-ba-frigorifico-e-evacuado-apos-vazamento-de-amonia-no-sudoeste-da-bahia.webp\" alt=\"vazamento de am\u00f4nia\" loading=\"lazy\" \/><\/p>\n<h2>A Resposta do Corpo de Bombeiros<\/h2>\n<p>Ap\u00f3s a confirma\u00e7\u00e3o do vazamento, o Corpo de Bombeiros foi prontamente acionado e enviou equipes de emerg\u00eancia para o local. Gra\u00e7as \u00e0 r\u00e1pida resposta, n\u00e3o foram registrados feridos, e as a\u00e7\u00f5es de conten\u00e7\u00e3o do g\u00e1s come\u00e7aram imediatamente. A atua\u00e7\u00e3o eficaz da equipe de emerg\u00eancia foi fundamental para garantir n\u00e3o apenas a seguran\u00e7a dos trabalhadores evacuados, mas tamb\u00e9m das comunidades vizinhas.<\/p>\n<h2>Evacua\u00e7\u00e3o de Trabalhadores: Como Foi Realizada<\/h2>\n<p>Os trabalhadores presentes no frigor\u00edfico foram evacuados de maneira ordenada e segura. A evacua\u00e7\u00e3o foi conduzida pelos respons\u00e1veis da empresa, que seguiu protocolos de emerg\u00eancia estabelecidos para situa\u00e7\u00f5es espec\u00edficas de vazamento qu\u00edmico. A orienta\u00e7\u00e3o imediata foi para que todos se afastassem do local, buscando ref\u00fagio em \u00e1reas que n\u00e3o estavam em risco. A confirma\u00e7\u00e3o de que a maioria dos funcion\u00e1rios j\u00e1 estava fora do turno durante o incidente facilitou a opera\u00e7\u00e3o de evacua\u00e7\u00e3o.<\/p>\n<h2>Protocolos de Seguran\u00e7a em Frigor\u00edficos<\/h2>\n<p>Empresas que operam frigor\u00edficos, especialmente aquelas que lidam com subst\u00e2ncias perigosas como a am\u00f4nia, devem seguir rigorosos protocolos de seguran\u00e7a. Isso inclui: <\/p>\n<ul>\n<li><strong>Treinamento Regular:<\/strong> Realizar treinamentos peri\u00f3dicos com funcion\u00e1rios sobre os riscos relacionados e como agir em situa\u00e7\u00f5es de emerg\u00eancia.<\/li>\n<li><strong>Inspe\u00e7\u00f5es Constantes:<\/strong> Manter uma rotina de inspe\u00e7\u00f5es para checar o estado de equipamentos de seguran\u00e7a e sistemas de refrigera\u00e7\u00e3o.<\/li>\n<li><strong>Equipamento de Prote\u00e7\u00e3o Individual (EPI):<\/strong> Fornecer e exigir o uso de EPIs adequados para todos os trabalhadores que possam estar em risco.<\/li>\n<li><strong>Planos de Emerg\u00eancia:<\/strong> Estabelecer planos de emerg\u00eancia que sejam amplamente comunicados e conhecidos, para que todos saibam como agir em caso de vazamentos ou outros incidentes.<\/li>\n<\/ul>\n<h2>Impacto na Comunidade Local<\/h2>\n<p>O vazamento de am\u00f4nia em Jequi\u00e9 teve impactos diretos na comunidade local, n\u00e3o apenas pelas evacua\u00e7\u00f5es e isolamento da \u00e1rea, mas tamb\u00e9m pelo receio de consequ\u00eancias. O incidente despertou a preocupa\u00e7\u00e3o dos moradores pr\u00f3ximos ao frigor\u00edfico sobre a seguran\u00e7a do ambiente em que vivem. Por\u00e9m, com a r\u00e1pida interven\u00e7\u00e3o do Corpo de Bombeiros e a avalia\u00e7\u00e3o das autoridades, a situa\u00e7\u00e3o foi rapidamente controlada, garantindo a seguran\u00e7a dos cidad\u00e3os.<\/p>\n<h2>Assessoria do Frigor\u00edfico Vale do Sol<\/h2>\n<p>O Frigor\u00edfico Vale do Sol emitiu uma nota oficial em resposta ao incidente, destacando a agilidade na ado\u00e7\u00e3o de medidas de seguran\u00e7a ap\u00f3s a identifica\u00e7\u00e3o do vazamento. Na comunica\u00e7\u00e3o, a empresa reafirmou seu compromisso com a seguran\u00e7a dos colaboradores e da comunidade, al\u00e9m de ressaltar que todos os protocolos foram seguidos adequadamente, garantindo uma resposta r\u00e1pida e eficiente ao ocorrido.<\/p>\n<h2>Monitoramento e Avalia\u00e7\u00e3o de Danos<\/h2>\n<p>O monitoramento do local afetado \u00e9 uma etapa crucial ap\u00f3s um vazamento. O Instituto do Meio Ambiente e Recursos H\u00eddricos (Inema) foi acionado e enviou uma equipe t\u00e9cnica para realizar a avalia\u00e7\u00e3o dos danos causados pelo vazamento de am\u00f4nia e acompanhar a situa\u00e7\u00e3o da dispers\u00e3o do g\u00e1s. O Inema tamb\u00e9m apresentou orienta\u00e7\u00f5es ao frigor\u00edfico sobre a import\u00e2ncia de manter a \u00e1rea isolada e a necessidade de garantir a destina\u00e7\u00e3o correta da \u00e1gua usada para a conten\u00e7\u00e3o da am\u00f4nia.<\/p>\n<h2>O Papel do Instituto do Meio Ambiente<\/h2>\n<p>Como \u00f3rg\u00e3o respons\u00e1vel pela fiscaliza\u00e7\u00e3o e monitoramento das condi\u00e7\u00f5es ambientais, o Inema desempenha um papel essencial na avalia\u00e7\u00e3o de incidentes como o vazamento de am\u00f4nia. Parte de sua fun\u00e7\u00e3o inclui investigar as causas do acidente, prevenindo que situa\u00e7\u00f5es semelhantes aconte\u00e7am no futuro. A institui\u00e7\u00e3o se comprometeu a elaborar um relat\u00f3rio t\u00e9cnico detalhado sobre o incidente e suas repercuss\u00f5es, contribuindo para a melhoria das pr\u00e1ticas de seguran\u00e7a em frigor\u00edficos e ind\u00fastrias correlatas.<\/p>\n<h2>Como Evitar Incidentes Futuros<\/h2>\n<p>A preven\u00e7\u00e3o de vazamentos de subst\u00e2ncias perigosas, como a am\u00f4nia, deve ser uma prioridade em qualquer instala\u00e7\u00e3o que utilize esses compostos. Algumas medidas que podem ser adotadas incluem:<\/p>\n<ul>\n<li><strong>Consultoria T\u00e9cnica:<\/strong> Contratar especialistas para revisar e melhorar os sistemas de seguran\u00e7a existentes na planta.<\/li>\n<li><strong>Simula\u00e7\u00f5es de Emerg\u00eancia:<\/strong> Realizar simula\u00e7\u00f5es de emerg\u00eancia com funcion\u00e1rios para verificar a efici\u00eancia dos planos de evacua\u00e7\u00e3o e comunica\u00e7\u00e3o durante uma crise.<\/li>\n<li><strong>Investimentos em Tecnologia:<\/strong> Implementar tecnologias mais modernas que minimizam o risco de vazamentos, como sensores avan\u00e7ados que detectam mudan\u00e7as na press\u00e3o ou composi\u00e7\u00e3o do g\u00e1s.<\/li>\n<li><strong>Comunica\u00e7\u00e3o Efetiva:<\/strong> Estabelecer linhas de comunica\u00e7\u00e3o claras entre trabalhadores, supervisores e autoridades locais para facilitar uma resposta r\u00e1pida a emerg\u00eancias.<\/li>\n<\/ul>\n\n<div style=\"font-size: 0px; height: 0px; line-height: 0px; margin: 0; padding: 0; clear: both;\"><\/div>","protected":false},"excerpt":{"rendered":"<p>Vazamento de am\u00f4nia em frigor\u00edfico em Jequi\u00e9 exige evacua\u00e7\u00e3o imediata e a\u00e7\u00e3o do Corpo de Bombeiros.<\/p>\n","protected":false},"author":1,"featured_media":1537,"comment_status":"open","ping_status":"closed","sticky":false,"template":"","format":"standard","meta":{"footnotes":""},"categories":[1],"tags":[],"class_list":["post-1538","post","type-post","status-publish","format-standard","has-post-thumbnail","hentry","category-noticias-em-jequie","has_thumb"],"aioseo_notices":[],"aioseo_head":"\n\t\t<!-- All in One SEO 5.0.0.1 - aioseo.com -->\n\t<meta name=\"description\" content=\"Vazamento de am\u00f4nia em frigor\u00edfico em Jequi\u00e9 exige evacua\u00e7\u00e3o imediata e a\u00e7\u00e3o do Corpo de Bombeiros.\" \/>\n\t<meta name=\"robots\" content=\"max-image-preview:large\" \/>\n\t<meta name=\"author\" content=\"Encontra Jequi\u00e9\"\/>\n\t<link rel=\"canonical\" href=\"https:\/\/www.encontrajequie.com.br\/sobre\/jequie-ba-frigorifico-e-evacuado-apos-vazamento-de-amonia-no-sudoeste-da-bahia\/\" \/>\n\t<meta name=\"generator\" content=\"All in One SEO (AIOSEO) 5.0.0.1\" \/>\n\t\t<meta property=\"og:locale\" content=\"pt_BR\" \/>\n\t\t<meta property=\"og:site_name\" content=\"Encontra Jequi\u00e9 | Not\u00edcias, eventos, informa\u00e7\u00f5es e dicas na cidade de Jequi\u00e9 e regi\u00e3o.\" \/>\n\t\t<meta property=\"og:type\" content=\"article\" \/>\n\t\t<meta property=\"og:title\" content=\"Jequi\u00e9 (BA): Frigor\u00edfico \u00e9 evacuado ap\u00f3s vazamento de am\u00f4nia no sudoeste da Bahia | Encontra Jequi\u00e9\" \/>\n\t\t<meta property=\"og:description\" content=\"Vazamento de am\u00f4nia em frigor\u00edfico em Jequi\u00e9 exige evacua\u00e7\u00e3o imediata e a\u00e7\u00e3o do Corpo de Bombeiros.\" \/>\n\t\t<meta property=\"og:url\" content=\"https:\/\/www.encontrajequie.com.br\/sobre\/jequie-ba-frigorifico-e-evacuado-apos-vazamento-de-amonia-no-sudoeste-da-bahia\/\" \/>\n\t\t<meta property=\"article:published_time\" content=\"2026-07-29T11:57:34+00:00\" \/>\n\t\t<meta property=\"article:modified_time\" content=\"2026-07-29T11:57:34+00:00\" \/>\n\t\t<meta name=\"twitter:card\" content=\"summary_large_image\" \/>\n\t\t<meta name=\"twitter:title\" content=\"Jequi\u00e9 (BA): Frigor\u00edfico \u00e9 evacuado ap\u00f3s vazamento de am\u00f4nia no sudoeste da Bahia | Encontra Jequi\u00e9\" \/>\n\t\t<meta name=\"twitter:description\" content=\"Vazamento de am\u00f4nia em frigor\u00edfico em Jequi\u00e9 exige evacua\u00e7\u00e3o imediata e a\u00e7\u00e3o do Corpo de Bombeiros.\" \/>\n\t\t<script type=\"application\/ld+json\" class=\"aioseo-schema\">\n\t\t\t{\"@context\":\"https:\\\/\\\/schema.org\",\"@graph\":[{\"@type\":\"Article\",\"@id\":\"https:\\\/\\\/www.encontrajequie.com.br\\\/sobre\\\/jequie-ba-frigorifico-e-evacuado-apos-vazamento-de-amonia-no-sudoeste-da-bahia\\\/#article\",\"name\":\"Jequi\\u00e9 (BA): Frigor\\u00edfico \\u00e9 evacuado ap\\u00f3s vazamento de am\\u00f4nia no sudoeste da Bahia | Encontra Jequi\\u00e9\",\"headline\":\"Jequi\\u00e9 (BA): Frigor\\u00edfico \\u00e9 evacuado ap\\u00f3s vazamento de am\\u00f4nia no sudoeste da Bahia\",\"author\":{\"@id\":\"https:\\\/\\\/www.encontrajequie.com.br\\\/sobre\\\/author\\\/ejequie\\\/#author\"},\"publisher\":{\"@id\":\"https:\\\/\\\/www.encontrajequie.com.br\\\/sobre\\\/#organization\"},\"image\":{\"@type\":\"ImageObject\",\"url\":\"https:\\\/\\\/www.encontrajequie.com.br\\\/sobre\\\/wp-content\\\/uploads\\\/2026\\\/07\\\/jequie-ba-frigorifico-e-evacuado-apos-vazamento-de-amonia-no-sudoeste-da-bahia.webp\",\"width\":280,\"height\":280,\"caption\":\"vazamento de am\\u00f4nia\"},\"datePublished\":\"2026-07-29T08:57:34-03:00\",\"dateModified\":\"2026-07-29T08:57:34-03:00\",\"inLanguage\":\"pt-BR\",\"mainEntityOfPage\":{\"@id\":\"https:\\\/\\\/www.encontrajequie.com.br\\\/sobre\\\/jequie-ba-frigorifico-e-evacuado-apos-vazamento-de-amonia-no-sudoeste-da-bahia\\\/#webpage\"},\"isPartOf\":{\"@id\":\"https:\\\/\\\/www.encontrajequie.com.br\\\/sobre\\\/jequie-ba-frigorifico-e-evacuado-apos-vazamento-de-amonia-no-sudoeste-da-bahia\\\/#webpage\"},\"articleSection\":\"Not\\u00edcias Jequi\\u00e9\"},{\"@type\":\"BreadcrumbList\",\"@id\":\"https:\\\/\\\/www.encontrajequie.com.br\\\/sobre\\\/jequie-ba-frigorifico-e-evacuado-apos-vazamento-de-amonia-no-sudoeste-da-bahia\\\/#breadcrumblist\",\"itemListElement\":[{\"@type\":\"ListItem\",\"@id\":\"https:\\\/\\\/www.encontrajequie.com.br\\\/sobre#listItem\",\"position\":1,\"name\":\"Home\",\"item\":\"https:\\\/\\\/www.encontrajequie.com.br\\\/sobre\",\"nextItem\":{\"@type\":\"ListItem\",\"@id\":\"https:\\\/\\\/www.encontrajequie.com.br\\\/sobre\\\/noticias-em-jequie\\\/#listItem\",\"name\":\"Not\\u00edcias Jequi\\u00e9\"}},{\"@type\":\"ListItem\",\"@id\":\"https:\\\/\\\/www.encontrajequie.com.br\\\/sobre\\\/noticias-em-jequie\\\/#listItem\",\"position\":2,\"name\":\"Not\\u00edcias Jequi\\u00e9\",\"item\":\"https:\\\/\\\/www.encontrajequie.com.br\\\/sobre\\\/noticias-em-jequie\\\/\",\"nextItem\":{\"@type\":\"ListItem\",\"@id\":\"https:\\\/\\\/www.encontrajequie.com.br\\\/sobre\\\/jequie-ba-frigorifico-e-evacuado-apos-vazamento-de-amonia-no-sudoeste-da-bahia\\\/#listItem\",\"name\":\"Jequi\\u00e9 (BA): Frigor\\u00edfico \\u00e9 evacuado ap\\u00f3s vazamento de am\\u00f4nia no sudoeste da Bahia\"},\"previousItem\":{\"@type\":\"ListItem\",\"@id\":\"https:\\\/\\\/www.encontrajequie.com.br\\\/sobre#listItem\",\"name\":\"Home\"}},{\"@type\":\"ListItem\",\"@id\":\"https:\\\/\\\/www.encontrajequie.com.br\\\/sobre\\\/jequie-ba-frigorifico-e-evacuado-apos-vazamento-de-amonia-no-sudoeste-da-bahia\\\/#listItem\",\"position\":3,\"name\":\"Jequi\\u00e9 (BA): Frigor\\u00edfico \\u00e9 evacuado ap\\u00f3s vazamento de am\\u00f4nia no sudoeste da Bahia\",\"previousItem\":{\"@type\":\"ListItem\",\"@id\":\"https:\\\/\\\/www.encontrajequie.com.br\\\/sobre\\\/noticias-em-jequie\\\/#listItem\",\"name\":\"Not\\u00edcias Jequi\\u00e9\"}}]},{\"@type\":\"Organization\",\"@id\":\"https:\\\/\\\/www.encontrajequie.com.br\\\/sobre\\\/#organization\",\"name\":\"Encontra Jequi\\u00e9\",\"description\":\"Not\\u00edcias, eventos, informa\\u00e7\\u00f5es e dicas na cidade de Jequi\\u00e9 e regi\\u00e3o.\",\"url\":\"https:\\\/\\\/www.encontrajequie.com.br\\\/sobre\\\/\"},{\"@type\":\"Person\",\"@id\":\"https:\\\/\\\/www.encontrajequie.com.br\\\/sobre\\\/author\\\/ejequie\\\/#author\",\"url\":\"https:\\\/\\\/www.encontrajequie.com.br\\\/sobre\\\/author\\\/ejequie\\\/\",\"name\":\"Encontra Jequi\\u00e9\",\"image\":{\"@type\":\"ImageObject\",\"@id\":\"https:\\\/\\\/www.encontrajequie.com.br\\\/sobre\\\/jequie-ba-frigorifico-e-evacuado-apos-vazamento-de-amonia-no-sudoeste-da-bahia\\\/#authorImage\",\"url\":\"https:\\\/\\\/secure.gravatar.com\\\/avatar\\\/507340682b8270222e1f208e23198b6ae7e2c6a1033ae84e99bc6bce4f82a387?s=96&d=mm&r=g\",\"width\":96,\"height\":96,\"caption\":\"Encontra Jequi\\u00e9\"}},{\"@type\":\"WebPage\",\"@id\":\"https:\\\/\\\/www.encontrajequie.com.br\\\/sobre\\\/jequie-ba-frigorifico-e-evacuado-apos-vazamento-de-amonia-no-sudoeste-da-bahia\\\/#webpage\",\"url\":\"https:\\\/\\\/www.encontrajequie.com.br\\\/sobre\\\/jequie-ba-frigorifico-e-evacuado-apos-vazamento-de-amonia-no-sudoeste-da-bahia\\\/\",\"name\":\"Jequi\\u00e9 (BA): Frigor\\u00edfico \\u00e9 evacuado ap\\u00f3s vazamento de am\\u00f4nia no sudoeste da Bahia | Encontra Jequi\\u00e9\",\"description\":\"Vazamento de am\\u00f4nia em frigor\\u00edfico em Jequi\\u00e9 exige evacua\\u00e7\\u00e3o imediata e a\\u00e7\\u00e3o do Corpo de Bombeiros.\",\"inLanguage\":\"pt-BR\",\"isPartOf\":{\"@id\":\"https:\\\/\\\/www.encontrajequie.com.br\\\/sobre\\\/#website\"},\"breadcrumb\":{\"@id\":\"https:\\\/\\\/www.encontrajequie.com.br\\\/sobre\\\/jequie-ba-frigorifico-e-evacuado-apos-vazamento-de-amonia-no-sudoeste-da-bahia\\\/#breadcrumblist\"},\"author\":{\"@id\":\"https:\\\/\\\/www.encontrajequie.com.br\\\/sobre\\\/author\\\/ejequie\\\/#author\"},\"creator\":{\"@id\":\"https:\\\/\\\/www.encontrajequie.com.br\\\/sobre\\\/author\\\/ejequie\\\/#author\"},\"image\":{\"@type\":\"ImageObject\",\"url\":\"https:\\\/\\\/www.encontrajequie.com.br\\\/sobre\\\/wp-content\\\/uploads\\\/2026\\\/07\\\/jequie-ba-frigorifico-e-evacuado-apos-vazamento-de-amonia-no-sudoeste-da-bahia.webp\",\"@id\":\"https:\\\/\\\/www.encontrajequie.com.br\\\/sobre\\\/jequie-ba-frigorifico-e-evacuado-apos-vazamento-de-amonia-no-sudoeste-da-bahia\\\/#mainImage\",\"width\":280,\"height\":280,\"caption\":\"vazamento de am\\u00f4nia\"},\"primaryImageOfPage\":{\"@id\":\"https:\\\/\\\/www.encontrajequie.com.br\\\/sobre\\\/jequie-ba-frigorifico-e-evacuado-apos-vazamento-de-amonia-no-sudoeste-da-bahia\\\/#mainImage\"},\"datePublished\":\"2026-07-29T08:57:34-03:00\",\"dateModified\":\"2026-07-29T08:57:34-03:00\"},{\"@type\":\"WebSite\",\"@id\":\"https:\\\/\\\/www.encontrajequie.com.br\\\/sobre\\\/#website\",\"url\":\"https:\\\/\\\/www.encontrajequie.com.br\\\/sobre\\\/\",\"name\":\"Encontra Jequi\\u00e9\",\"description\":\"Not\\u00edcias, eventos, informa\\u00e7\\u00f5es e dicas na cidade de Jequi\\u00e9 e regi\\u00e3o.\",\"inLanguage\":\"pt-BR\",\"publisher\":{\"@id\":\"https:\\\/\\\/www.encontrajequie.com.br\\\/sobre\\\/#organization\"}}]}\n\t\t<\/script>\n\t\t<!-- All in One SEO -->\n\n","aioseo_head_json":{"title":"Jequi\u00e9 (BA): Frigor\u00edfico \u00e9 evacuado ap\u00f3s vazamento de am\u00f4nia no sudoeste da Bahia | Encontra Jequi\u00e9","description":"Vazamento de am\u00f4nia em frigor\u00edfico em Jequi\u00e9 exige evacua\u00e7\u00e3o imediata e a\u00e7\u00e3o do Corpo de Bombeiros.","canonical_url":"https:\/\/www.encontrajequie.com.br\/sobre\/jequie-ba-frigorifico-e-evacuado-apos-vazamento-de-amonia-no-sudoeste-da-bahia\/","robots":"max-image-preview:large","keywords":"","webmasterTools":{"miscellaneous":""},"schema":{"@context":"https:\/\/schema.org","@graph":[{"@type":"Article","@id":"https:\/\/www.encontrajequie.com.br\/sobre\/jequie-ba-frigorifico-e-evacuado-apos-vazamento-de-amonia-no-sudoeste-da-bahia\/#article","name":"Jequi\u00e9 (BA): Frigor\u00edfico \u00e9 evacuado ap\u00f3s vazamento de am\u00f4nia no sudoeste da Bahia | Encontra Jequi\u00e9","headline":"Jequi\u00e9 (BA): Frigor\u00edfico \u00e9 evacuado ap\u00f3s vazamento de am\u00f4nia no sudoeste da Bahia","author":{"@id":"https:\/\/www.encontrajequie.com.br\/sobre\/author\/ejequie\/#author"},"publisher":{"@id":"https:\/\/www.encontrajequie.com.br\/sobre\/#organization"},"image":{"@type":"ImageObject","url":"https:\/\/www.encontrajequie.com.br\/sobre\/wp-content\/uploads\/2026\/07\/jequie-ba-frigorifico-e-evacuado-apos-vazamento-de-amonia-no-sudoeste-da-bahia.webp","width":280,"height":280,"caption":"vazamento de am\u00f4nia"},"datePublished":"2026-07-29T08:57:34-03:00","dateModified":"2026-07-29T08:57:34-03:00","inLanguage":"pt-BR","mainEntityOfPage":{"@id":"https:\/\/www.encontrajequie.com.br\/sobre\/jequie-ba-frigorifico-e-evacuado-apos-vazamento-de-amonia-no-sudoeste-da-bahia\/#webpage"},"isPartOf":{"@id":"https:\/\/www.encontrajequie.com.br\/sobre\/jequie-ba-frigorifico-e-evacuado-apos-vazamento-de-amonia-no-sudoeste-da-bahia\/#webpage"},"articleSection":"Not\u00edcias Jequi\u00e9"},{"@type":"BreadcrumbList","@id":"https:\/\/www.encontrajequie.com.br\/sobre\/jequie-ba-frigorifico-e-evacuado-apos-vazamento-de-amonia-no-sudoeste-da-bahia\/#breadcrumblist","itemListElement":[{"@type":"ListItem","@id":"https:\/\/www.encontrajequie.com.br\/sobre#listItem","position":1,"name":"Home","item":"https:\/\/www.encontrajequie.com.br\/sobre","nextItem":{"@type":"ListItem","@id":"https:\/\/www.encontrajequie.com.br\/sobre\/noticias-em-jequie\/#listItem","name":"Not\u00edcias Jequi\u00e9"}},{"@type":"ListItem","@id":"https:\/\/www.encontrajequie.com.br\/sobre\/noticias-em-jequie\/#listItem","position":2,"name":"Not\u00edcias Jequi\u00e9","item":"https:\/\/www.encontrajequie.com.br\/sobre\/noticias-em-jequie\/","nextItem":{"@type":"ListItem","@id":"https:\/\/www.encontrajequie.com.br\/sobre\/jequie-ba-frigorifico-e-evacuado-apos-vazamento-de-amonia-no-sudoeste-da-bahia\/#listItem","name":"Jequi\u00e9 (BA): Frigor\u00edfico \u00e9 evacuado ap\u00f3s vazamento de am\u00f4nia no sudoeste da Bahia"},"previousItem":{"@type":"ListItem","@id":"https:\/\/www.encontrajequie.com.br\/sobre#listItem","name":"Home"}},{"@type":"ListItem","@id":"https:\/\/www.encontrajequie.com.br\/sobre\/jequie-ba-frigorifico-e-evacuado-apos-vazamento-de-amonia-no-sudoeste-da-bahia\/#listItem","position":3,"name":"Jequi\u00e9 (BA): Frigor\u00edfico \u00e9 evacuado ap\u00f3s vazamento de am\u00f4nia no sudoeste da Bahia","previousItem":{"@type":"ListItem","@id":"https:\/\/www.encontrajequie.com.br\/sobre\/noticias-em-jequie\/#listItem","name":"Not\u00edcias Jequi\u00e9"}}]},{"@type":"Organization","@id":"https:\/\/www.encontrajequie.com.br\/sobre\/#organization","name":"Encontra Jequi\u00e9","description":"Not\u00edcias, eventos, informa\u00e7\u00f5es e dicas na cidade de Jequi\u00e9 e regi\u00e3o.","url":"https:\/\/www.encontrajequie.com.br\/sobre\/"},{"@type":"Person","@id":"https:\/\/www.encontrajequie.com.br\/sobre\/author\/ejequie\/#author","url":"https:\/\/www.encontrajequie.com.br\/sobre\/author\/ejequie\/","name":"Encontra Jequi\u00e9","image":{"@type":"ImageObject","@id":"https:\/\/www.encontrajequie.com.br\/sobre\/jequie-ba-frigorifico-e-evacuado-apos-vazamento-de-amonia-no-sudoeste-da-bahia\/#authorImage","url":"https:\/\/secure.gravatar.com\/avatar\/507340682b8270222e1f208e23198b6ae7e2c6a1033ae84e99bc6bce4f82a387?s=96&d=mm&r=g","width":96,"height":96,"caption":"Encontra Jequi\u00e9"}},{"@type":"WebPage","@id":"https:\/\/www.encontrajequie.com.br\/sobre\/jequie-ba-frigorifico-e-evacuado-apos-vazamento-de-amonia-no-sudoeste-da-bahia\/#webpage","url":"https:\/\/www.encontrajequie.com.br\/sobre\/jequie-ba-frigorifico-e-evacuado-apos-vazamento-de-amonia-no-sudoeste-da-bahia\/","name":"Jequi\u00e9 (BA): Frigor\u00edfico \u00e9 evacuado ap\u00f3s vazamento de am\u00f4nia no sudoeste da Bahia | Encontra Jequi\u00e9","description":"Vazamento de am\u00f4nia em frigor\u00edfico em Jequi\u00e9 exige evacua\u00e7\u00e3o imediata e a\u00e7\u00e3o do Corpo de Bombeiros.","inLanguage":"pt-BR","isPartOf":{"@id":"https:\/\/www.encontrajequie.com.br\/sobre\/#website"},"breadcrumb":{"@id":"https:\/\/www.encontrajequie.com.br\/sobre\/jequie-ba-frigorifico-e-evacuado-apos-vazamento-de-amonia-no-sudoeste-da-bahia\/#breadcrumblist"},"author":{"@id":"https:\/\/www.encontrajequie.com.br\/sobre\/author\/ejequie\/#author"},"creator":{"@id":"https:\/\/www.encontrajequie.com.br\/sobre\/author\/ejequie\/#author"},"image":{"@type":"ImageObject","url":"https:\/\/www.encontrajequie.com.br\/sobre\/wp-content\/uploads\/2026\/07\/jequie-ba-frigorifico-e-evacuado-apos-vazamento-de-amonia-no-sudoeste-da-bahia.webp","@id":"https:\/\/www.encontrajequie.com.br\/sobre\/jequie-ba-frigorifico-e-evacuado-apos-vazamento-de-amonia-no-sudoeste-da-bahia\/#mainImage","width":280,"height":280,"caption":"vazamento de am\u00f4nia"},"primaryImageOfPage":{"@id":"https:\/\/www.encontrajequie.com.br\/sobre\/jequie-ba-frigorifico-e-evacuado-apos-vazamento-de-amonia-no-sudoeste-da-bahia\/#mainImage"},"datePublished":"2026-07-29T08:57:34-03:00","dateModified":"2026-07-29T08:57:34-03:00"},{"@type":"WebSite","@id":"https:\/\/www.encontrajequie.com.br\/sobre\/#website","url":"https:\/\/www.encontrajequie.com.br\/sobre\/","name":"Encontra Jequi\u00e9","description":"Not\u00edcias, eventos, informa\u00e7\u00f5es e dicas na cidade de Jequi\u00e9 e regi\u00e3o.","inLanguage":"pt-BR","publisher":{"@id":"https:\/\/www.encontrajequie.com.br\/sobre\/#organization"}}]},"og:locale":"pt_BR","og:site_name":"Encontra Jequi\u00e9 | Not\u00edcias, eventos, informa\u00e7\u00f5es e dicas na cidade de Jequi\u00e9 e regi\u00e3o.","og:type":"article","og:title":"Jequi\u00e9 (BA): Frigor\u00edfico \u00e9 evacuado ap\u00f3s vazamento de am\u00f4nia no sudoeste da Bahia | Encontra Jequi\u00e9","og:description":"Vazamento de am\u00f4nia em frigor\u00edfico em Jequi\u00e9 exige evacua\u00e7\u00e3o imediata e a\u00e7\u00e3o do Corpo de Bombeiros.","og:url":"https:\/\/www.encontrajequie.com.br\/sobre\/jequie-ba-frigorifico-e-evacuado-apos-vazamento-de-amonia-no-sudoeste-da-bahia\/","article:published_time":"2026-07-29T11:57:34+00:00","article:modified_time":"2026-07-29T11:57:34+00:00","twitter:card":"summary_large_image","twitter:title":"Jequi\u00e9 (BA): Frigor\u00edfico \u00e9 evacuado ap\u00f3s vazamento de am\u00f4nia no sudoeste da Bahia | Encontra Jequi\u00e9","twitter:description":"Vazamento de am\u00f4nia em frigor\u00edfico em Jequi\u00e9 exige evacua\u00e7\u00e3o imediata e a\u00e7\u00e3o do Corpo de Bombeiros."},"aioseo_meta_data":{"post_id":"1538","title":null,"description":null,"keywords":null,"keyphrases":null,"primary_term":null,"canonical_url":null,"og_title":null,"og_description":null,"og_object_type":"default","og_image_type":"default","og_image_url":null,"og_image_width":null,"og_image_height":null,"og_image_custom_url":null,"og_image_custom_fields":null,"og_video":null,"og_custom_url":null,"og_article_section":null,"og_article_tags":null,"twitter_use_og":false,"twitter_card":"default","twitter_image_type":"default","twitter_image_url":null,"twitter_image_custom_url":null,"twitter_image_custom_fields":null,"twitter_title":null,"twitter_description":null,"schema":{"blockGraphs":[],"customGraphs":[],"default":{"data":{"Article":[],"Course":[],"Dataset":[],"FAQPage":[],"Movie":[],"Person":[],"Product":[],"ProductReview":[],"Car":[],"Recipe":[],"Service":[],"SoftwareApplication":[],"WebPage":[]},"graphName":"Article","isEnabled":true},"graphs":[]},"schema_type":"default","schema_type_options":null,"pillar_content":false,"robots_default":true,"robots_noindex":false,"robots_noarchive":false,"robots_nosnippet":false,"robots_nofollow":false,"robots_noimageindex":false,"robots_noodp":false,"robots_notranslate":false,"robots_max_snippet":null,"robots_max_videopreview":null,"robots_max_imagepreview":"large","priority":null,"frequency":null,"local_seo":null,"breadcrumb_settings":null,"limit_modified_date":false,"ai":null,"created":"2026-07-29 11:57:36","updated":"2026-07-29 12:03:02","focus_keyword":null,"additional_keywords":null,"truseo_locale":null,"seo_analyzer_scan_date":null},"aioseo_breadcrumb":"<div class=\"aioseo-breadcrumbs\"><span class=\"aioseo-breadcrumb\">\n\t\t\t<a href=\"https:\/\/www.encontrajequie.com.br\/sobre\" title=\"Home\">Home<\/a>\n\t\t<\/span><span class=\"aioseo-breadcrumb-separator\">&raquo;<\/span><span class=\"aioseo-breadcrumb\">\n\t\t\t<a href=\"https:\/\/www.encontrajequie.com.br\/sobre\/noticias-em-jequie\/\" title=\"Not\u00edcias Jequi\u00e9\">Not\u00edcias Jequi\u00e9<\/a>\n\t\t<\/span><span class=\"aioseo-breadcrumb-separator\">&raquo;<\/span><span class=\"aioseo-breadcrumb\">\n\t\t\tJequi\u00e9 (BA): Frigor\u00edfico \u00e9 evacuado ap\u00f3s vazamento de am\u00f4nia no sudoeste da Bahia\n\t\t<\/span><\/div>","aioseo_breadcrumb_json":[{"label":"Home","link":"https:\/\/www.encontrajequie.com.br\/sobre"},{"label":"Not\u00edcias Jequi\u00e9","link":"https:\/\/www.encontrajequie.com.br\/sobre\/noticias-em-jequie\/"},{"label":"Jequi\u00e9 (BA): Frigor\u00edfico \u00e9 evacuado ap\u00f3s vazamento de am\u00f4nia no sudoeste da Bahia","link":"https:\/\/www.encontrajequie.com.br\/sobre\/jequie-ba-frigorifico-e-evacuado-apos-vazamento-de-amonia-no-sudoeste-da-bahia\/"}],"_links":{"self":[{"href":"https:\/\/www.encontrajequie.com.br\/sobre\/wp-json\/wp\/v2\/posts\/1538","targetHints":{"allow":["GET"]}}],"collection":[{"href":"https:\/\/www.encontrajequie.com.br\/sobre\/wp-json\/wp\/v2\/posts"}],"about":[{"href":"https:\/\/www.encontrajequie.com.br\/sobre\/wp-json\/wp\/v2\/types\/post"}],"author":[{"embeddable":true,"href":"https:\/\/www.encontrajequie.com.br\/sobre\/wp-json\/wp\/v2\/users\/1"}],"replies":[{"embeddable":true,"href":"https:\/\/www.encontrajequie.com.br\/sobre\/wp-json\/wp\/v2\/comments?post=1538"}],"version-history":[{"count":0,"href":"https:\/\/www.encontrajequie.com.br\/sobre\/wp-json\/wp\/v2\/posts\/1538\/revisions"}],"wp:featuredmedia":[{"embeddable":true,"href":"https:\/\/www.encontrajequie.com.br\/sobre\/wp-json\/wp\/v2\/media\/1537"}],"wp:attachment":[{"href":"https:\/\/www.encontrajequie.com.br\/sobre\/wp-json\/wp\/v2\/media?parent=1538"}],"wp:term":[{"taxonomy":"category","embeddable":true,"href":"https:\/\/www.encontrajequie.com.br\/sobre\/wp-json\/wp\/v2\/categories?post=1538"},{"taxonomy":"post_tag","embeddable":true,"href":"https:\/\/www.encontrajequie.com.br\/sobre\/wp-json\/wp\/v2\/tags?post=1538"}],"curies":[{"name":"wp","href":"https:\/\/api.w.org\/{rel}","templated":true}]}}