{"id":1615,"date":"2026-08-09T04:11:02","date_gmt":"2026-08-09T07:11:02","guid":{"rendered":"https:\/\/www.encontrajequie.com.br\/sobre\/acm-neto-recebe-prefeito-e-vereadores-de-jequie\/"},"modified":"2026-08-09T04:11:02","modified_gmt":"2026-08-09T07:11:02","slug":"acm-neto-recebe-prefeito-e-vereadores-de-jequie","status":"publish","type":"post","link":"https:\/\/www.encontrajequie.com.br\/sobre\/acm-neto-recebe-prefeito-e-vereadores-de-jequie\/","title":{"rendered":"ACM Neto recebe prefeito e vereadores de Jequi\u00e9"},"content":{"rendered":"<div class=\"30cf832dc5940d4704f66d0ed9a44050\" data-index=\"1\" style=\"float: none; margin:0px;\">\n<!-- Anuncio display - global -->\r\n<ins class=\"adsbygoogle\"\r\n     style=\"display:block\"\r\n     data-ad-client=\"ca-pub-8585364105181520\"\r\n     data-ad-slot=\"8789329856\"\r\n     data-ad-format=\"auto\"\r\n     data-full-width-responsive=\"true\"><\/ins>\r\n<script>\r\n     (adsbygoogle = window.adsbygoogle || []).push({});\r\n<\/script>\n<\/div>\n<h2>O Significado da Visita de ACM Neto<\/h2>\n<p>A visita de ACM Neto ao munic\u00edpio de Jequi\u00e9 representa uma oportunidade significativa tanto para a gest\u00e3o local quanto para a cidade em si. Este encontro \u00e9 um marco de troca de ideias e possibilidades de futuras colabora\u00e7\u00f5es, gerando expectativas positivas entre os cidad\u00e3os. A presen\u00e7a de Neto, ex-prefeito de Salvador e uma figura influente na pol\u00edtica baiana, ressalta a import\u00e2ncia de alian\u00e7as estrat\u00e9gicas para o desenvolvimento regional.<\/p>\n<h2>Quem \u00e9 Flavinho Santana?<\/h2>\n<p>Flavinho Santana, atual prefeito de Jequi\u00e9, desempenha um papel central no fortalecimento da rela\u00e7\u00e3o entre a cidade e l\u00edderes estaduais. Ele \u00e9 conhecido por suas iniciativas voltadas \u00e0 melhoria da qualidade de vida e ao desenvolvimento econ\u00f4mico do munic\u00edpio. Sua lideran\u00e7a vem sendo reconhecida e, atrav\u00e9s dos esfor\u00e7os dele, Jequi\u00e9 pode beneficiar-se das discuss\u00f5es com ACM Neto e sua equipe.<\/p>\n<h2>Expectativas para Jequi\u00e9 Ap\u00f3s a Reuni\u00e3o<\/h2>\n<p>A reuni\u00e3o entre ACM Neto e Flavinho Santana gera expectativas otimistas sobre novos projetos de infraestrutura e melhorias em servi\u00e7os p\u00fablicos. Os cidad\u00e3os esperam que a conversa leve a investimentos em \u00e1reas criticamente necess\u00e1rias, como sa\u00fade, educa\u00e7\u00e3o e transporte, al\u00e9m de fomentar oportunidades de emprego no munic\u00edpio. <\/p>\n<p><img decoding=\"async\" src=\"https:\/\/www.encontrajequie.com.br\/sobre\/wp-content\/uploads\/2026\/08\/acm-neto-recebe-prefeito-e-vereadores-de-jequie.webp\" alt=\"ACM Neto e prefeito de Jequi\u00e9\" loading=\"lazy\" \/><\/p>\n<h2>Projetos em Discuss\u00e3o Durante o Encontro<\/h2>\n<p>Durante o encontro, diversos assuntos foram abordados. Dentre eles, destacam-se:<\/p>\n<ul>\n<li><strong>Melhoria das Estradas:<\/strong> Propostas para reformar e ampliar a malha vi\u00e1ria local.<\/li>\n<li><strong>Investimentos em Sa\u00fade:<\/strong> Planejamento para constru\u00e7\u00e3o e revitaliza\u00e7\u00e3o de unidades de sa\u00fade.<\/li>\n<li><strong>Programas Educacionais:<\/strong> Cria\u00e7\u00e3o de novos centros de ensino e capacita\u00e7\u00e3o profissional.<\/li>\n<li><strong>Desenvolvimento Econ\u00f4mico:<\/strong> Incentivos para atrair ind\u00fastrias e neg\u00f3cios locais.<\/li>\n<\/ul>\n<p>Esses t\u00f3picos s\u00e3o fundamentais para alavancar o crescimento sustent\u00e1vel e a qualidade de vida dos moradores.<\/p>\n<h2>A Relev\u00e2ncia das Rela\u00e7\u00f5es Pol\u00edticas<\/h2>\n<p>A constru\u00e7\u00e3o de rela\u00e7\u00f5es pol\u00edticas s\u00f3lidas \u00e9 essencial para conseguir apoio em projetos que beneficiem a popula\u00e7\u00e3o. ACM Neto, com sua experi\u00eancia e conex\u00f5es, pode abrir portas para Jequi\u00e9, facilitando acesso a recursos e programas estaduais. Essas colabora\u00e7\u00f5es podem ter impactos duradouros na estrutura da cidade e em sua capacidade de implementa\u00e7\u00e3o de reformas.<\/p>\n<h2>Consequ\u00eancias para a Popula\u00e7\u00e3o Local<\/h2>\n<p>As consequ\u00eancias da visita de ACM Neto podem ser profundamente positivas para a popula\u00e7\u00e3o de Jequi\u00e9. Um aumento na coopera\u00e7\u00e3o entre o governo local e a administra\u00e7\u00e3o estadual pode resultar em:<\/p>\n<ul>\n<li><strong>Melhoria na Qualidade dos Servi\u00e7os:<\/strong> Com mais recursos, h\u00e1 potencial para aumentar a efici\u00eancia dos servi\u00e7os p\u00fablicos.<\/li>\n<li><strong>Gera\u00e7\u00e3o de Empregos:<\/strong> O impulso a novos neg\u00f3cios pode criar oportunidades de emprego significativo na regi\u00e3o.<\/li>\n<li><strong>Aumento da Coes\u00e3o Social:<\/strong> Iniciativas voltadas \u00e0 comunidade podem promover um sentido maior de uni\u00e3o entre os moradores.<\/li>\n<\/ul>\n<p>Isso demonstra que a pol\u00edtica local est\u00e1 interligada ao bem-estar da popula\u00e7\u00e3o.<\/p>\n<h2>Hist\u00f3rico de Colabora\u00e7\u00f5es Entre as Cidades<\/h2>\n<p>Historicamente, Jequi\u00e9 e Salvador t\u00eam colaborado em diversas frentes. Essas parcerias t\u00eam se mostrado ben\u00e9ficas, principalmente em momentos de crise ou necessidade de desenvolvimento. A troca de experi\u00eancias entre as duas cidades \u00e9 uma fonte de aprendizado e motiva\u00e7\u00e3o, permitindo que Jequi\u00e9 se inspire em projetos que j\u00e1 funcionaram bem em Salvador.<\/p>\n<h2>Eventos Futuros Planejados<\/h2>\n<p>Ap\u00f3s a reuni\u00e3o, \u00e9 esperado que outros eventos sejam planeados para manter o di\u00e1logo aberto entre a equipe de ACM Neto e a administra\u00e7\u00e3o de Jequi\u00e9. Esses encontros v\u00e3o possibilitar a atualiza\u00e7\u00e3o sobre o andamento dos projetos discutidos e facilitar\u00e1 a resolu\u00e7\u00e3o de poss\u00edveis obst\u00e1culos.<\/p>\n<h2>Opini\u00e3o P\u00fablica sobre a Visita<\/h2>\n<p>A recep\u00e7\u00e3o da visita de ACM Neto pelos moradores de Jequi\u00e9 foi amplamente positiva. Muitos ressaltaram a import\u00e2ncia do apoio do governo estadual para quest\u00f5es locais. A confian\u00e7a em Flavinho Santana tamb\u00e9m foi um fator que influenciou a vis\u00e3o otimista, com a popula\u00e7\u00e3o demonstrando esperan\u00e7a nas promessas de aten\u00e7\u00f5es e melhorias.<\/p>\n<h2>M\u00eddia e a Cobertura do Encontro<\/h2>\n<p>A cobertura da m\u00eddia sobre o encontro entre ACM Neto e Flavinho Santana tamb\u00e9m desempenhou um papel no entendimento e na dissemina\u00e7\u00e3o das expectativas. Diversos ve\u00edculos de comunica\u00e7\u00e3o destacaram a relev\u00e2ncia do evento e as oportunidades que podem surgir dessa intera\u00e7\u00e3o. Isso aumenta a consci\u00eancia p\u00fablica sobre as quest\u00f5es locais e pode pressionar os envolvidos a cumprirem com as promessas feitas.<\/p>\n\n<div style=\"font-size: 0px; height: 0px; line-height: 0px; margin: 0; padding: 0; clear: both;\"><\/div>","protected":false},"excerpt":{"rendered":"<p>ACM Neto se re\u00fane com o prefeito de Jequi\u00e9, Flavinho Santana, e traz novidades importantes.<\/p>\n","protected":false},"author":1,"featured_media":1614,"comment_status":"open","ping_status":"closed","sticky":false,"template":"","format":"standard","meta":{"footnotes":""},"categories":[1],"tags":[],"class_list":["post-1615","post","type-post","status-publish","format-standard","has-post-thumbnail","hentry","category-noticias-em-jequie","has_thumb"],"aioseo_notices":[],"aioseo_head":"\n\t\t<!-- All in One SEO 5.0.0.1 - aioseo.com -->\n\t<meta name=\"description\" content=\"ACM Neto se re\u00fane com o prefeito de Jequi\u00e9, Flavinho Santana, e traz novidades importantes.\" \/>\n\t<meta name=\"robots\" content=\"max-image-preview:large\" \/>\n\t<meta name=\"author\" content=\"Encontra Jequi\u00e9\"\/>\n\t<link rel=\"canonical\" href=\"https:\/\/www.encontrajequie.com.br\/sobre\/acm-neto-recebe-prefeito-e-vereadores-de-jequie\/\" \/>\n\t<meta name=\"generator\" content=\"All in One SEO (AIOSEO) 5.0.0.1\" \/>\n\t\t<meta property=\"og:locale\" content=\"pt_BR\" \/>\n\t\t<meta property=\"og:site_name\" content=\"Encontra Jequi\u00e9 | Not\u00edcias, eventos, informa\u00e7\u00f5es e dicas na cidade de Jequi\u00e9 e regi\u00e3o.\" \/>\n\t\t<meta property=\"og:type\" content=\"article\" \/>\n\t\t<meta property=\"og:title\" content=\"ACM Neto recebe prefeito e vereadores de Jequi\u00e9 | Encontra Jequi\u00e9\" \/>\n\t\t<meta property=\"og:description\" content=\"ACM Neto se re\u00fane com o prefeito de Jequi\u00e9, Flavinho Santana, e traz novidades importantes.\" \/>\n\t\t<meta property=\"og:url\" content=\"https:\/\/www.encontrajequie.com.br\/sobre\/acm-neto-recebe-prefeito-e-vereadores-de-jequie\/\" \/>\n\t\t<meta property=\"article:published_time\" content=\"2026-08-09T07:11:02+00:00\" \/>\n\t\t<meta property=\"article:modified_time\" content=\"2026-08-09T07:11:02+00:00\" \/>\n\t\t<meta name=\"twitter:card\" content=\"summary_large_image\" \/>\n\t\t<meta name=\"twitter:title\" content=\"ACM Neto recebe prefeito e vereadores de Jequi\u00e9 | Encontra Jequi\u00e9\" \/>\n\t\t<meta name=\"twitter:description\" content=\"ACM Neto se re\u00fane com o prefeito de Jequi\u00e9, Flavinho Santana, e traz novidades importantes.\" \/>\n\t\t<script type=\"application\/ld+json\" class=\"aioseo-schema\">\n\t\t\t{\"@context\":\"https:\\\/\\\/schema.org\",\"@graph\":[{\"@type\":\"Article\",\"@id\":\"https:\\\/\\\/www.encontrajequie.com.br\\\/sobre\\\/acm-neto-recebe-prefeito-e-vereadores-de-jequie\\\/#article\",\"name\":\"ACM Neto recebe prefeito e vereadores de Jequi\\u00e9 | Encontra Jequi\\u00e9\",\"headline\":\"ACM Neto recebe prefeito e vereadores de Jequi\\u00e9\",\"author\":{\"@id\":\"https:\\\/\\\/www.encontrajequie.com.br\\\/sobre\\\/author\\\/ejequie\\\/#author\"},\"publisher\":{\"@id\":\"https:\\\/\\\/www.encontrajequie.com.br\\\/sobre\\\/#organization\"},\"image\":{\"@type\":\"ImageObject\",\"url\":\"https:\\\/\\\/www.encontrajequie.com.br\\\/sobre\\\/wp-content\\\/uploads\\\/2026\\\/08\\\/acm-neto-recebe-prefeito-e-vereadores-de-jequie.webp\",\"width\":280,\"height\":280,\"caption\":\"ACM Neto e prefeito de Jequi\\u00e9\"},\"datePublished\":\"2026-08-09T04:11:02-03:00\",\"dateModified\":\"2026-08-09T04:11:02-03:00\",\"inLanguage\":\"pt-BR\",\"mainEntityOfPage\":{\"@id\":\"https:\\\/\\\/www.encontrajequie.com.br\\\/sobre\\\/acm-neto-recebe-prefeito-e-vereadores-de-jequie\\\/#webpage\"},\"isPartOf\":{\"@id\":\"https:\\\/\\\/www.encontrajequie.com.br\\\/sobre\\\/acm-neto-recebe-prefeito-e-vereadores-de-jequie\\\/#webpage\"},\"articleSection\":\"Not\\u00edcias Jequi\\u00e9\"},{\"@type\":\"BreadcrumbList\",\"@id\":\"https:\\\/\\\/www.encontrajequie.com.br\\\/sobre\\\/acm-neto-recebe-prefeito-e-vereadores-de-jequie\\\/#breadcrumblist\",\"itemListElement\":[{\"@type\":\"ListItem\",\"@id\":\"https:\\\/\\\/www.encontrajequie.com.br\\\/sobre#listItem\",\"position\":1,\"name\":\"Home\",\"item\":\"https:\\\/\\\/www.encontrajequie.com.br\\\/sobre\",\"nextItem\":{\"@type\":\"ListItem\",\"@id\":\"https:\\\/\\\/www.encontrajequie.com.br\\\/sobre\\\/noticias-em-jequie\\\/#listItem\",\"name\":\"Not\\u00edcias Jequi\\u00e9\"}},{\"@type\":\"ListItem\",\"@id\":\"https:\\\/\\\/www.encontrajequie.com.br\\\/sobre\\\/noticias-em-jequie\\\/#listItem\",\"position\":2,\"name\":\"Not\\u00edcias Jequi\\u00e9\",\"item\":\"https:\\\/\\\/www.encontrajequie.com.br\\\/sobre\\\/noticias-em-jequie\\\/\",\"nextItem\":{\"@type\":\"ListItem\",\"@id\":\"https:\\\/\\\/www.encontrajequie.com.br\\\/sobre\\\/acm-neto-recebe-prefeito-e-vereadores-de-jequie\\\/#listItem\",\"name\":\"ACM Neto recebe prefeito e vereadores de Jequi\\u00e9\"},\"previousItem\":{\"@type\":\"ListItem\",\"@id\":\"https:\\\/\\\/www.encontrajequie.com.br\\\/sobre#listItem\",\"name\":\"Home\"}},{\"@type\":\"ListItem\",\"@id\":\"https:\\\/\\\/www.encontrajequie.com.br\\\/sobre\\\/acm-neto-recebe-prefeito-e-vereadores-de-jequie\\\/#listItem\",\"position\":3,\"name\":\"ACM Neto recebe prefeito e vereadores de Jequi\\u00e9\",\"previousItem\":{\"@type\":\"ListItem\",\"@id\":\"https:\\\/\\\/www.encontrajequie.com.br\\\/sobre\\\/noticias-em-jequie\\\/#listItem\",\"name\":\"Not\\u00edcias Jequi\\u00e9\"}}]},{\"@type\":\"Organization\",\"@id\":\"https:\\\/\\\/www.encontrajequie.com.br\\\/sobre\\\/#organization\",\"name\":\"Encontra Jequi\\u00e9\",\"description\":\"Not\\u00edcias, eventos, informa\\u00e7\\u00f5es e dicas na cidade de Jequi\\u00e9 e regi\\u00e3o.\",\"url\":\"https:\\\/\\\/www.encontrajequie.com.br\\\/sobre\\\/\"},{\"@type\":\"Person\",\"@id\":\"https:\\\/\\\/www.encontrajequie.com.br\\\/sobre\\\/author\\\/ejequie\\\/#author\",\"url\":\"https:\\\/\\\/www.encontrajequie.com.br\\\/sobre\\\/author\\\/ejequie\\\/\",\"name\":\"Encontra Jequi\\u00e9\",\"image\":{\"@type\":\"ImageObject\",\"@id\":\"https:\\\/\\\/www.encontrajequie.com.br\\\/sobre\\\/acm-neto-recebe-prefeito-e-vereadores-de-jequie\\\/#authorImage\",\"url\":\"https:\\\/\\\/secure.gravatar.com\\\/avatar\\\/507340682b8270222e1f208e23198b6ae7e2c6a1033ae84e99bc6bce4f82a387?s=96&d=mm&r=g\",\"width\":96,\"height\":96,\"caption\":\"Encontra Jequi\\u00e9\"}},{\"@type\":\"WebPage\",\"@id\":\"https:\\\/\\\/www.encontrajequie.com.br\\\/sobre\\\/acm-neto-recebe-prefeito-e-vereadores-de-jequie\\\/#webpage\",\"url\":\"https:\\\/\\\/www.encontrajequie.com.br\\\/sobre\\\/acm-neto-recebe-prefeito-e-vereadores-de-jequie\\\/\",\"name\":\"ACM Neto recebe prefeito e vereadores de Jequi\\u00e9 | Encontra Jequi\\u00e9\",\"description\":\"ACM Neto se re\\u00fane com o prefeito de Jequi\\u00e9, Flavinho Santana, e traz novidades importantes.\",\"inLanguage\":\"pt-BR\",\"isPartOf\":{\"@id\":\"https:\\\/\\\/www.encontrajequie.com.br\\\/sobre\\\/#website\"},\"breadcrumb\":{\"@id\":\"https:\\\/\\\/www.encontrajequie.com.br\\\/sobre\\\/acm-neto-recebe-prefeito-e-vereadores-de-jequie\\\/#breadcrumblist\"},\"author\":{\"@id\":\"https:\\\/\\\/www.encontrajequie.com.br\\\/sobre\\\/author\\\/ejequie\\\/#author\"},\"creator\":{\"@id\":\"https:\\\/\\\/www.encontrajequie.com.br\\\/sobre\\\/author\\\/ejequie\\\/#author\"},\"image\":{\"@type\":\"ImageObject\",\"url\":\"https:\\\/\\\/www.encontrajequie.com.br\\\/sobre\\\/wp-content\\\/uploads\\\/2026\\\/08\\\/acm-neto-recebe-prefeito-e-vereadores-de-jequie.webp\",\"@id\":\"https:\\\/\\\/www.encontrajequie.com.br\\\/sobre\\\/acm-neto-recebe-prefeito-e-vereadores-de-jequie\\\/#mainImage\",\"width\":280,\"height\":280,\"caption\":\"ACM Neto e prefeito de Jequi\\u00e9\"},\"primaryImageOfPage\":{\"@id\":\"https:\\\/\\\/www.encontrajequie.com.br\\\/sobre\\\/acm-neto-recebe-prefeito-e-vereadores-de-jequie\\\/#mainImage\"},\"datePublished\":\"2026-08-09T04:11:02-03:00\",\"dateModified\":\"2026-08-09T04:11:02-03:00\"},{\"@type\":\"WebSite\",\"@id\":\"https:\\\/\\\/www.encontrajequie.com.br\\\/sobre\\\/#website\",\"url\":\"https:\\\/\\\/www.encontrajequie.com.br\\\/sobre\\\/\",\"name\":\"Encontra Jequi\\u00e9\",\"description\":\"Not\\u00edcias, eventos, informa\\u00e7\\u00f5es e dicas na cidade de Jequi\\u00e9 e regi\\u00e3o.\",\"inLanguage\":\"pt-BR\",\"publisher\":{\"@id\":\"https:\\\/\\\/www.encontrajequie.com.br\\\/sobre\\\/#organization\"}}]}\n\t\t<\/script>\n\t\t<!-- All in One SEO -->\n\n","aioseo_head_json":{"title":"ACM Neto recebe prefeito e vereadores de Jequi\u00e9 | Encontra Jequi\u00e9","description":"ACM Neto se re\u00fane com o prefeito de Jequi\u00e9, Flavinho Santana, e traz novidades importantes.","canonical_url":"https:\/\/www.encontrajequie.com.br\/sobre\/acm-neto-recebe-prefeito-e-vereadores-de-jequie\/","robots":"max-image-preview:large","keywords":"","webmasterTools":{"miscellaneous":""},"schema":{"@context":"https:\/\/schema.org","@graph":[{"@type":"Article","@id":"https:\/\/www.encontrajequie.com.br\/sobre\/acm-neto-recebe-prefeito-e-vereadores-de-jequie\/#article","name":"ACM Neto recebe prefeito e vereadores de Jequi\u00e9 | Encontra Jequi\u00e9","headline":"ACM Neto recebe prefeito e vereadores de Jequi\u00e9","author":{"@id":"https:\/\/www.encontrajequie.com.br\/sobre\/author\/ejequie\/#author"},"publisher":{"@id":"https:\/\/www.encontrajequie.com.br\/sobre\/#organization"},"image":{"@type":"ImageObject","url":"https:\/\/www.encontrajequie.com.br\/sobre\/wp-content\/uploads\/2026\/08\/acm-neto-recebe-prefeito-e-vereadores-de-jequie.webp","width":280,"height":280,"caption":"ACM Neto e prefeito de Jequi\u00e9"},"datePublished":"2026-08-09T04:11:02-03:00","dateModified":"2026-08-09T04:11:02-03:00","inLanguage":"pt-BR","mainEntityOfPage":{"@id":"https:\/\/www.encontrajequie.com.br\/sobre\/acm-neto-recebe-prefeito-e-vereadores-de-jequie\/#webpage"},"isPartOf":{"@id":"https:\/\/www.encontrajequie.com.br\/sobre\/acm-neto-recebe-prefeito-e-vereadores-de-jequie\/#webpage"},"articleSection":"Not\u00edcias Jequi\u00e9"},{"@type":"BreadcrumbList","@id":"https:\/\/www.encontrajequie.com.br\/sobre\/acm-neto-recebe-prefeito-e-vereadores-de-jequie\/#breadcrumblist","itemListElement":[{"@type":"ListItem","@id":"https:\/\/www.encontrajequie.com.br\/sobre#listItem","position":1,"name":"Home","item":"https:\/\/www.encontrajequie.com.br\/sobre","nextItem":{"@type":"ListItem","@id":"https:\/\/www.encontrajequie.com.br\/sobre\/noticias-em-jequie\/#listItem","name":"Not\u00edcias Jequi\u00e9"}},{"@type":"ListItem","@id":"https:\/\/www.encontrajequie.com.br\/sobre\/noticias-em-jequie\/#listItem","position":2,"name":"Not\u00edcias Jequi\u00e9","item":"https:\/\/www.encontrajequie.com.br\/sobre\/noticias-em-jequie\/","nextItem":{"@type":"ListItem","@id":"https:\/\/www.encontrajequie.com.br\/sobre\/acm-neto-recebe-prefeito-e-vereadores-de-jequie\/#listItem","name":"ACM Neto recebe prefeito e vereadores de Jequi\u00e9"},"previousItem":{"@type":"ListItem","@id":"https:\/\/www.encontrajequie.com.br\/sobre#listItem","name":"Home"}},{"@type":"ListItem","@id":"https:\/\/www.encontrajequie.com.br\/sobre\/acm-neto-recebe-prefeito-e-vereadores-de-jequie\/#listItem","position":3,"name":"ACM Neto recebe prefeito e vereadores de Jequi\u00e9","previousItem":{"@type":"ListItem","@id":"https:\/\/www.encontrajequie.com.br\/sobre\/noticias-em-jequie\/#listItem","name":"Not\u00edcias Jequi\u00e9"}}]},{"@type":"Organization","@id":"https:\/\/www.encontrajequie.com.br\/sobre\/#organization","name":"Encontra Jequi\u00e9","description":"Not\u00edcias, eventos, informa\u00e7\u00f5es e dicas na cidade de Jequi\u00e9 e regi\u00e3o.","url":"https:\/\/www.encontrajequie.com.br\/sobre\/"},{"@type":"Person","@id":"https:\/\/www.encontrajequie.com.br\/sobre\/author\/ejequie\/#author","url":"https:\/\/www.encontrajequie.com.br\/sobre\/author\/ejequie\/","name":"Encontra Jequi\u00e9","image":{"@type":"ImageObject","@id":"https:\/\/www.encontrajequie.com.br\/sobre\/acm-neto-recebe-prefeito-e-vereadores-de-jequie\/#authorImage","url":"https:\/\/secure.gravatar.com\/avatar\/507340682b8270222e1f208e23198b6ae7e2c6a1033ae84e99bc6bce4f82a387?s=96&d=mm&r=g","width":96,"height":96,"caption":"Encontra Jequi\u00e9"}},{"@type":"WebPage","@id":"https:\/\/www.encontrajequie.com.br\/sobre\/acm-neto-recebe-prefeito-e-vereadores-de-jequie\/#webpage","url":"https:\/\/www.encontrajequie.com.br\/sobre\/acm-neto-recebe-prefeito-e-vereadores-de-jequie\/","name":"ACM Neto recebe prefeito e vereadores de Jequi\u00e9 | Encontra Jequi\u00e9","description":"ACM Neto se re\u00fane com o prefeito de Jequi\u00e9, Flavinho Santana, e traz novidades importantes.","inLanguage":"pt-BR","isPartOf":{"@id":"https:\/\/www.encontrajequie.com.br\/sobre\/#website"},"breadcrumb":{"@id":"https:\/\/www.encontrajequie.com.br\/sobre\/acm-neto-recebe-prefeito-e-vereadores-de-jequie\/#breadcrumblist"},"author":{"@id":"https:\/\/www.encontrajequie.com.br\/sobre\/author\/ejequie\/#author"},"creator":{"@id":"https:\/\/www.encontrajequie.com.br\/sobre\/author\/ejequie\/#author"},"image":{"@type":"ImageObject","url":"https:\/\/www.encontrajequie.com.br\/sobre\/wp-content\/uploads\/2026\/08\/acm-neto-recebe-prefeito-e-vereadores-de-jequie.webp","@id":"https:\/\/www.encontrajequie.com.br\/sobre\/acm-neto-recebe-prefeito-e-vereadores-de-jequie\/#mainImage","width":280,"height":280,"caption":"ACM Neto e prefeito de Jequi\u00e9"},"primaryImageOfPage":{"@id":"https:\/\/www.encontrajequie.com.br\/sobre\/acm-neto-recebe-prefeito-e-vereadores-de-jequie\/#mainImage"},"datePublished":"2026-08-09T04:11:02-03:00","dateModified":"2026-08-09T04:11:02-03:00"},{"@type":"WebSite","@id":"https:\/\/www.encontrajequie.com.br\/sobre\/#website","url":"https:\/\/www.encontrajequie.com.br\/sobre\/","name":"Encontra Jequi\u00e9","description":"Not\u00edcias, eventos, informa\u00e7\u00f5es e dicas na cidade de Jequi\u00e9 e regi\u00e3o.","inLanguage":"pt-BR","publisher":{"@id":"https:\/\/www.encontrajequie.com.br\/sobre\/#organization"}}]},"og:locale":"pt_BR","og:site_name":"Encontra Jequi\u00e9 | Not\u00edcias, eventos, informa\u00e7\u00f5es e dicas na cidade de Jequi\u00e9 e regi\u00e3o.","og:type":"article","og:title":"ACM Neto recebe prefeito e vereadores de Jequi\u00e9 | Encontra Jequi\u00e9","og:description":"ACM Neto se re\u00fane com o prefeito de Jequi\u00e9, Flavinho Santana, e traz novidades importantes.","og:url":"https:\/\/www.encontrajequie.com.br\/sobre\/acm-neto-recebe-prefeito-e-vereadores-de-jequie\/","article:published_time":"2026-08-09T07:11:02+00:00","article:modified_time":"2026-08-09T07:11:02+00:00","twitter:card":"summary_large_image","twitter:title":"ACM Neto recebe prefeito e vereadores de Jequi\u00e9 | Encontra Jequi\u00e9","twitter:description":"ACM Neto se re\u00fane com o prefeito de Jequi\u00e9, Flavinho Santana, e traz novidades importantes."},"aioseo_meta_data":{"post_id":"1615","title":null,"description":null,"keywords":null,"keyphrases":null,"primary_term":null,"canonical_url":null,"og_title":null,"og_description":null,"og_object_type":"default","og_image_type":"default","og_image_url":null,"og_image_width":null,"og_image_height":null,"og_image_custom_url":null,"og_image_custom_fields":null,"og_video":null,"og_custom_url":null,"og_article_section":null,"og_article_tags":null,"twitter_use_og":false,"twitter_card":"default","twitter_image_type":"default","twitter_image_url":null,"twitter_image_custom_url":null,"twitter_image_custom_fields":null,"twitter_title":null,"twitter_description":null,"schema":{"blockGraphs":[],"customGraphs":[],"default":{"data":{"Article":[],"Course":[],"Dataset":[],"FAQPage":[],"Movie":[],"Person":[],"Product":[],"ProductReview":[],"Car":[],"Recipe":[],"Service":[],"SoftwareApplication":[],"WebPage":[]},"graphName":"Article","isEnabled":true},"graphs":[]},"schema_type":"default","schema_type_options":null,"pillar_content":false,"robots_default":true,"robots_noindex":false,"robots_noarchive":false,"robots_nosnippet":false,"robots_nofollow":false,"robots_noimageindex":false,"robots_noodp":false,"robots_notranslate":false,"robots_max_snippet":null,"robots_max_videopreview":null,"robots_max_imagepreview":"large","priority":null,"frequency":null,"local_seo":null,"breadcrumb_settings":null,"limit_modified_date":false,"ai":null,"created":"2026-08-09 07:11:02","updated":"2026-08-09 07:11:57","focus_keyword":null,"additional_keywords":null,"truseo_locale":null,"seo_analyzer_scan_date":null},"aioseo_breadcrumb":"<div class=\"aioseo-breadcrumbs\"><span class=\"aioseo-breadcrumb\">\n\t\t\t<a href=\"https:\/\/www.encontrajequie.com.br\/sobre\" title=\"Home\">Home<\/a>\n\t\t<\/span><span class=\"aioseo-breadcrumb-separator\">&raquo;<\/span><span class=\"aioseo-breadcrumb\">\n\t\t\t<a href=\"https:\/\/www.encontrajequie.com.br\/sobre\/noticias-em-jequie\/\" title=\"Not\u00edcias Jequi\u00e9\">Not\u00edcias Jequi\u00e9<\/a>\n\t\t<\/span><span class=\"aioseo-breadcrumb-separator\">&raquo;<\/span><span class=\"aioseo-breadcrumb\">\n\t\t\tACM Neto recebe prefeito e vereadores de Jequi\u00e9\n\t\t<\/span><\/div>","aioseo_breadcrumb_json":[{"label":"Home","link":"https:\/\/www.encontrajequie.com.br\/sobre"},{"label":"Not\u00edcias Jequi\u00e9","link":"https:\/\/www.encontrajequie.com.br\/sobre\/noticias-em-jequie\/"},{"label":"ACM Neto recebe prefeito e vereadores de Jequi\u00e9","link":"https:\/\/www.encontrajequie.com.br\/sobre\/acm-neto-recebe-prefeito-e-vereadores-de-jequie\/"}],"_links":{"self":[{"href":"https:\/\/www.encontrajequie.com.br\/sobre\/wp-json\/wp\/v2\/posts\/1615","targetHints":{"allow":["GET"]}}],"collection":[{"href":"https:\/\/www.encontrajequie.com.br\/sobre\/wp-json\/wp\/v2\/posts"}],"about":[{"href":"https:\/\/www.encontrajequie.com.br\/sobre\/wp-json\/wp\/v2\/types\/post"}],"author":[{"embeddable":true,"href":"https:\/\/www.encontrajequie.com.br\/sobre\/wp-json\/wp\/v2\/users\/1"}],"replies":[{"embeddable":true,"href":"https:\/\/www.encontrajequie.com.br\/sobre\/wp-json\/wp\/v2\/comments?post=1615"}],"version-history":[{"count":0,"href":"https:\/\/www.encontrajequie.com.br\/sobre\/wp-json\/wp\/v2\/posts\/1615\/revisions"}],"wp:featuredmedia":[{"embeddable":true,"href":"https:\/\/www.encontrajequie.com.br\/sobre\/wp-json\/wp\/v2\/media\/1614"}],"wp:attachment":[{"href":"https:\/\/www.encontrajequie.com.br\/sobre\/wp-json\/wp\/v2\/media?parent=1615"}],"wp:term":[{"taxonomy":"category","embeddable":true,"href":"https:\/\/www.encontrajequie.com.br\/sobre\/wp-json\/wp\/v2\/categories?post=1615"},{"taxonomy":"post_tag","embeddable":true,"href":"https:\/\/www.encontrajequie.com.br\/sobre\/wp-json\/wp\/v2\/tags?post=1615"}],"curies":[{"name":"wp","href":"https:\/\/api.w.org\/{rel}","templated":true}]}}