{"id":162,"date":"2025-10-23T12:38:00","date_gmt":"2025-10-23T15:38:00","guid":{"rendered":"https:\/\/www.encontrajequie.com.br\/sobre\/?p=162"},"modified":"2025-10-23T12:38:00","modified_gmt":"2025-10-23T15:38:00","slug":"jequie-deve-ter-um-dia-com-previsao-de-pancadas-isoladas-neste-sabado-04","status":"publish","type":"post","link":"https:\/\/www.encontrajequie.com.br\/sobre\/jequie-deve-ter-um-dia-com-previsao-de-pancadas-isoladas-neste-sabado-04\/","title":{"rendered":"Jequi\u00e9 deve ter um dia com previs\u00e3o de pancadas isoladas neste s\u00e1bado (04)"},"content":{"rendered":"<div class=\"30cf832dc5940d4704f66d0ed9a44050\" data-index=\"1\" style=\"float: none; margin:0px;\">\n<!-- Anuncio display - global -->\r\n<ins class=\"adsbygoogle\"\r\n     style=\"display:block\"\r\n     data-ad-client=\"ca-pub-8585364105181520\"\r\n     data-ad-slot=\"8789329856\"\r\n     data-ad-format=\"auto\"\r\n     data-full-width-responsive=\"true\"><\/ins>\r\n<script>\r\n     (adsbygoogle = window.adsbygoogle || []).push({});\r\n<\/script>\n<\/div>\n<h2>Como ser\u00e1 o dia em Jequi\u00e9?<\/h2>\n<p>A <strong>Previs\u00e3o do Tempo Jequi\u00e9<\/strong> para este s\u00e1bado indica um dia marcado por <em>pancadas de chuva<\/em>. O c\u00e9u ser\u00e1 predominantemente nublado durante a manh\u00e3 e a tarde, com a possibilidade de chuvas intermitentes. Localidades espec\u00edficas podem ter uma intensidade maior em certos per\u00edodos, especialmente no final da tarde e in\u00edcio da noite. Isso \u00e9 t\u00edpico para esta \u00e9poca do ano na regi\u00e3o, onde as chuvas s\u00e3o esperadas e fazem parte do clima local.<\/p>\n<h2>Temperaturas previstas durante o dia<\/h2>\n<p>As temperaturas em Jequi\u00e9 devem variar ao longo do dia, atingindo m\u00e1ximas em torno de 28\u00b0C. Durante a manh\u00e3, os term\u00f4metros registrar\u00e3o m\u00ednimas de cerca de 20\u00b0C. A diferen\u00e7a de temperatura pode ser sentida, especialmente com a umidade alta e a chuva esperada, criando um clima mais fresquinho em compara\u00e7\u00e3o com os dias ensolarados comuns.<\/p>\n<h2>Umidade relativa do ar em Jequi\u00e9<\/h2>\n<p>A umidade relativa do ar ser\u00e1 alta durante todo o dia, girando em torno de 80% a 90%. Essa umidade, combinada com as pancadas de chuva, contribuir\u00e1 para a sensa\u00e7\u00e3o de abafamento que alguns residentes podem sentir. \u00c9 importante estar atento, especialmente para quem sofre com problemas respirat\u00f3rios, pois o ar \u00famido pode piorar a situa\u00e7\u00e3o.<\/p>\n<h2>Ventos e sua intensidade na cidade<\/h2>\n<p>Os ventos em Jequi\u00e9 estar\u00e3o moderados, com velocidades variando de 15 a 25 km\/h. Essa brisa pode proporcionar um ligeiro al\u00edvio do calor, mas tamb\u00e9m pode causar a dispers\u00e3o de nuvens, potencialmente mudando a intensidade e a dura\u00e7\u00e3o das chuvas. Algumas \u00e1reas podem experimentar rajadas mais fortes durante os momentos de chuva, portanto, cuidado ao transitar durante esses per\u00edodos.<\/p>\n<h2>Previs\u00e3o para os pr\u00f3ximos dias<\/h2>\n<p>Observando os pr\u00f3ximos dias ap\u00f3s este s\u00e1bado, a previs\u00e3o indica uma continuidade das chuvas, com eventos isolados tamb\u00e9m na pr\u00f3xima segunda-feira. As temperaturas devem permanecer dentro de 19\u00b0C a 27\u00b0C ao longo da semana, tornando-se um padr\u00e3o clim\u00e1tico t\u00edpico de primavera. \u00c9 recomend\u00e1vel ficar atento \u00e0s atualiza\u00e7\u00f5es, pois mudan\u00e7as repentinas na previs\u00e3o podem ocorrer devido a fatores clim\u00e1ticos.<\/p>\n<h2>Expectativa de chuva ao longo do dia<\/h2>\n<p>A distribui\u00e7\u00e3o da chuva deve ser irregular, com previs\u00e3o de acumulados que podem variar entre 10 a 30 mm ao longo do dia. Os per\u00edodos de maior intensidade s\u00e3o esperados \u00e0 tarde, principalmente entre 15h e 18h. \u00c9 bom lembrar que \u00e9 sempre mais seguro utilizar capas ou guarda-chuvas, especialmente ao sair de casa nas horas de maior incid\u00eancia de chuvas.<\/p>\n<h2>Cen\u00e1rio clim\u00e1tico na regi\u00e3o<\/h2>\n<p>O cen\u00e1rio clim\u00e1tico em Jequi\u00e9 e arredores \u00e9 caracterizado por uma alta umidade e temperaturas amenas durante esse per\u00edodo do ano. O fen\u00f4meno conhecido como <strong>Zona de Converg\u00eancia Intertropical<\/strong> costuma trazer chuvas para a regi\u00e3o, mantendo um clima fresco. Contudo, em decorr\u00eancia da urbaniza\u00e7\u00e3o e desmatamento, \u00e9 importante observar que as chuvas podem vir com um car\u00e1ter mais intenso, o que pode acarretar em alagamentos em \u00e1reas vulner\u00e1veis.<\/p>\n<h2>Impacto das pancadas isoladas<\/h2>\n<p>As pancadas de chuva esperadas para este s\u00e1bado podem afetar v\u00e1rias atividades, incluindo eventos ao ar livre e o tr\u00e2nsito na cidade. As chuvas repentinas podem causar transtornos, como ruas alagadas e visibilidade reduzida. \u00c9 prudente que motoristas e pedestres redobrem as aten\u00e7\u00f5es e evitem \u00e1reas de alagamento, especialmente em locais onde j\u00e1 ocorreram problemas semelhantes no passado.<\/p>\n<h2>Dicas para aproveitar o dia<\/h2>\n<p>Apesar das chuvas, ainda h\u00e1 formas de aproveitar o dia em Jequi\u00e9. Aqui est\u00e3o algumas dicas:<\/p>\n<ul>\n<li><strong>Visitar Museus e Centros Culturais:<\/strong> Aproveite as chuvas para explorar a rica hist\u00f3ria e a cultura local.<\/li>\n<li><strong>Eventos Internos:<\/strong> Fique atento a eventos culturais ou apresenta\u00e7\u00f5es em espa\u00e7os cobertos.<\/li>\n<li><strong>Pra\u00e7a e Restaurantes:<\/strong> Visitar locais que ofere\u00e7am uma experi\u00eancia agrad\u00e1vel, sentindo a vibra\u00e7\u00e3o local, mas prefira os que tenham coberturas.<\/li>\n<li><strong>Desfrutar em Casa:<\/strong> Um dia chuvoso pode ser a oportunidade perfeita para relaxar em casa.<\/li>\n<\/ul>\n<h2>Conclus\u00e3o sobre a previs\u00e3o do tempo<\/h2>\n<p>A previs\u00e3o do tempo para Jequi\u00e9 neste s\u00e1bado sugere um dia chuvoso, com a expectativa de pancadas intermitentes ao longo do dia. Embora as chuvas possam trazer alguns desafios, h\u00e1 v\u00e1rias maneiras de se divertir e permanecer seguro. Esteja preparado com seu guarda-chuva e aproveite a rica cultura da cidade mesmo em dias nublados.<\/p>\n\n<div style=\"font-size: 0px; height: 0px; line-height: 0px; margin: 0; padding: 0; clear: both;\"><\/div>","protected":false},"excerpt":{"rendered":"<p>Jequi\u00e9 ter\u00e1 um dia de pancadas de chuva e temperaturas entre 18\u00b0C e 29\u00b0C.<\/p>\n","protected":false},"author":1,"featured_media":161,"comment_status":"open","ping_status":"closed","sticky":false,"template":"","format":"standard","meta":{"footnotes":""},"categories":[1],"tags":[],"class_list":["post-162","post","type-post","status-publish","format-standard","has-post-thumbnail","hentry","category-noticias-em-jequie","has_thumb"],"aioseo_notices":[],"aioseo_head":"\n\t\t<!-- All in One SEO 5.0.0.1 - aioseo.com -->\n\t<meta name=\"description\" content=\"Jequi\u00e9 ter\u00e1 um dia de pancadas de chuva e temperaturas entre 18\u00b0C e 29\u00b0C.\" \/>\n\t<meta name=\"robots\" content=\"max-image-preview:large\" \/>\n\t<meta name=\"author\" content=\"Encontra Jequi\u00e9\"\/>\n\t<link rel=\"canonical\" href=\"https:\/\/www.encontrajequie.com.br\/sobre\/jequie-deve-ter-um-dia-com-previsao-de-pancadas-isoladas-neste-sabado-04\/\" \/>\n\t<meta name=\"generator\" content=\"All in One SEO (AIOSEO) 5.0.0.1\" \/>\n\t\t<meta property=\"og:locale\" content=\"pt_BR\" \/>\n\t\t<meta property=\"og:site_name\" content=\"Encontra Jequi\u00e9 | Not\u00edcias, eventos, informa\u00e7\u00f5es e dicas na cidade de Jequi\u00e9 e regi\u00e3o.\" \/>\n\t\t<meta property=\"og:type\" content=\"article\" \/>\n\t\t<meta property=\"og:title\" content=\"Jequi\u00e9 deve ter um dia com previs\u00e3o de pancadas isoladas neste s\u00e1bado (04) | Encontra Jequi\u00e9\" \/>\n\t\t<meta property=\"og:description\" content=\"Jequi\u00e9 ter\u00e1 um dia de pancadas de chuva e temperaturas entre 18\u00b0C e 29\u00b0C.\" \/>\n\t\t<meta property=\"og:url\" content=\"https:\/\/www.encontrajequie.com.br\/sobre\/jequie-deve-ter-um-dia-com-previsao-de-pancadas-isoladas-neste-sabado-04\/\" \/>\n\t\t<meta property=\"article:published_time\" content=\"2025-10-23T15:38:00+00:00\" \/>\n\t\t<meta property=\"article:modified_time\" content=\"2025-10-23T15:38:00+00:00\" \/>\n\t\t<meta name=\"twitter:card\" content=\"summary_large_image\" \/>\n\t\t<meta name=\"twitter:title\" content=\"Jequi\u00e9 deve ter um dia com previs\u00e3o de pancadas isoladas neste s\u00e1bado (04) | Encontra Jequi\u00e9\" \/>\n\t\t<meta name=\"twitter:description\" content=\"Jequi\u00e9 ter\u00e1 um dia de pancadas de chuva e temperaturas entre 18\u00b0C e 29\u00b0C.\" \/>\n\t\t<script type=\"application\/ld+json\" class=\"aioseo-schema\">\n\t\t\t{\"@context\":\"https:\\\/\\\/schema.org\",\"@graph\":[{\"@type\":\"Article\",\"@id\":\"https:\\\/\\\/www.encontrajequie.com.br\\\/sobre\\\/jequie-deve-ter-um-dia-com-previsao-de-pancadas-isoladas-neste-sabado-04\\\/#article\",\"name\":\"Jequi\\u00e9 deve ter um dia com previs\\u00e3o de pancadas isoladas neste s\\u00e1bado (04) | Encontra Jequi\\u00e9\",\"headline\":\"Jequi\\u00e9 deve ter um dia com previs\\u00e3o de pancadas isoladas neste s\\u00e1bado (04)\",\"author\":{\"@id\":\"https:\\\/\\\/www.encontrajequie.com.br\\\/sobre\\\/author\\\/ejequie\\\/#author\"},\"publisher\":{\"@id\":\"https:\\\/\\\/www.encontrajequie.com.br\\\/sobre\\\/#organization\"},\"image\":{\"@type\":\"ImageObject\",\"url\":\"https:\\\/\\\/www.encontrajequie.com.br\\\/sobre\\\/wp-content\\\/uploads\\\/2025\\\/10\\\/jequie-deve-ter-um-dia-com-previsao-de-pancadas-isoladas-neste-sabado-04.webp\",\"width\":320,\"height\":280,\"caption\":\"Previs\\u00e3o do Tempo Jequi\\u00e9\"},\"datePublished\":\"2025-10-23T12:38:00-03:00\",\"dateModified\":\"2025-10-23T12:38:00-03:00\",\"inLanguage\":\"pt-BR\",\"mainEntityOfPage\":{\"@id\":\"https:\\\/\\\/www.encontrajequie.com.br\\\/sobre\\\/jequie-deve-ter-um-dia-com-previsao-de-pancadas-isoladas-neste-sabado-04\\\/#webpage\"},\"isPartOf\":{\"@id\":\"https:\\\/\\\/www.encontrajequie.com.br\\\/sobre\\\/jequie-deve-ter-um-dia-com-previsao-de-pancadas-isoladas-neste-sabado-04\\\/#webpage\"},\"articleSection\":\"Not\\u00edcias Jequi\\u00e9\"},{\"@type\":\"BreadcrumbList\",\"@id\":\"https:\\\/\\\/www.encontrajequie.com.br\\\/sobre\\\/jequie-deve-ter-um-dia-com-previsao-de-pancadas-isoladas-neste-sabado-04\\\/#breadcrumblist\",\"itemListElement\":[{\"@type\":\"ListItem\",\"@id\":\"https:\\\/\\\/www.encontrajequie.com.br\\\/sobre#listItem\",\"position\":1,\"name\":\"Home\",\"item\":\"https:\\\/\\\/www.encontrajequie.com.br\\\/sobre\",\"nextItem\":{\"@type\":\"ListItem\",\"@id\":\"https:\\\/\\\/www.encontrajequie.com.br\\\/sobre\\\/noticias-em-jequie\\\/#listItem\",\"name\":\"Not\\u00edcias Jequi\\u00e9\"}},{\"@type\":\"ListItem\",\"@id\":\"https:\\\/\\\/www.encontrajequie.com.br\\\/sobre\\\/noticias-em-jequie\\\/#listItem\",\"position\":2,\"name\":\"Not\\u00edcias Jequi\\u00e9\",\"item\":\"https:\\\/\\\/www.encontrajequie.com.br\\\/sobre\\\/noticias-em-jequie\\\/\",\"nextItem\":{\"@type\":\"ListItem\",\"@id\":\"https:\\\/\\\/www.encontrajequie.com.br\\\/sobre\\\/jequie-deve-ter-um-dia-com-previsao-de-pancadas-isoladas-neste-sabado-04\\\/#listItem\",\"name\":\"Jequi\\u00e9 deve ter um dia com previs\\u00e3o de pancadas isoladas neste s\\u00e1bado (04)\"},\"previousItem\":{\"@type\":\"ListItem\",\"@id\":\"https:\\\/\\\/www.encontrajequie.com.br\\\/sobre#listItem\",\"name\":\"Home\"}},{\"@type\":\"ListItem\",\"@id\":\"https:\\\/\\\/www.encontrajequie.com.br\\\/sobre\\\/jequie-deve-ter-um-dia-com-previsao-de-pancadas-isoladas-neste-sabado-04\\\/#listItem\",\"position\":3,\"name\":\"Jequi\\u00e9 deve ter um dia com previs\\u00e3o de pancadas isoladas neste s\\u00e1bado (04)\",\"previousItem\":{\"@type\":\"ListItem\",\"@id\":\"https:\\\/\\\/www.encontrajequie.com.br\\\/sobre\\\/noticias-em-jequie\\\/#listItem\",\"name\":\"Not\\u00edcias Jequi\\u00e9\"}}]},{\"@type\":\"Organization\",\"@id\":\"https:\\\/\\\/www.encontrajequie.com.br\\\/sobre\\\/#organization\",\"name\":\"Encontra Jequi\\u00e9\",\"description\":\"Not\\u00edcias, eventos, informa\\u00e7\\u00f5es e dicas na cidade de Jequi\\u00e9 e regi\\u00e3o.\",\"url\":\"https:\\\/\\\/www.encontrajequie.com.br\\\/sobre\\\/\"},{\"@type\":\"Person\",\"@id\":\"https:\\\/\\\/www.encontrajequie.com.br\\\/sobre\\\/author\\\/ejequie\\\/#author\",\"url\":\"https:\\\/\\\/www.encontrajequie.com.br\\\/sobre\\\/author\\\/ejequie\\\/\",\"name\":\"Encontra Jequi\\u00e9\",\"image\":{\"@type\":\"ImageObject\",\"@id\":\"https:\\\/\\\/www.encontrajequie.com.br\\\/sobre\\\/jequie-deve-ter-um-dia-com-previsao-de-pancadas-isoladas-neste-sabado-04\\\/#authorImage\",\"url\":\"https:\\\/\\\/secure.gravatar.com\\\/avatar\\\/507340682b8270222e1f208e23198b6ae7e2c6a1033ae84e99bc6bce4f82a387?s=96&d=mm&r=g\",\"width\":96,\"height\":96,\"caption\":\"Encontra Jequi\\u00e9\"}},{\"@type\":\"WebPage\",\"@id\":\"https:\\\/\\\/www.encontrajequie.com.br\\\/sobre\\\/jequie-deve-ter-um-dia-com-previsao-de-pancadas-isoladas-neste-sabado-04\\\/#webpage\",\"url\":\"https:\\\/\\\/www.encontrajequie.com.br\\\/sobre\\\/jequie-deve-ter-um-dia-com-previsao-de-pancadas-isoladas-neste-sabado-04\\\/\",\"name\":\"Jequi\\u00e9 deve ter um dia com previs\\u00e3o de pancadas isoladas neste s\\u00e1bado (04) | Encontra Jequi\\u00e9\",\"description\":\"Jequi\\u00e9 ter\\u00e1 um dia de pancadas de chuva e temperaturas entre 18\\u00b0C e 29\\u00b0C.\",\"inLanguage\":\"pt-BR\",\"isPartOf\":{\"@id\":\"https:\\\/\\\/www.encontrajequie.com.br\\\/sobre\\\/#website\"},\"breadcrumb\":{\"@id\":\"https:\\\/\\\/www.encontrajequie.com.br\\\/sobre\\\/jequie-deve-ter-um-dia-com-previsao-de-pancadas-isoladas-neste-sabado-04\\\/#breadcrumblist\"},\"author\":{\"@id\":\"https:\\\/\\\/www.encontrajequie.com.br\\\/sobre\\\/author\\\/ejequie\\\/#author\"},\"creator\":{\"@id\":\"https:\\\/\\\/www.encontrajequie.com.br\\\/sobre\\\/author\\\/ejequie\\\/#author\"},\"image\":{\"@type\":\"ImageObject\",\"url\":\"https:\\\/\\\/www.encontrajequie.com.br\\\/sobre\\\/wp-content\\\/uploads\\\/2025\\\/10\\\/jequie-deve-ter-um-dia-com-previsao-de-pancadas-isoladas-neste-sabado-04.webp\",\"@id\":\"https:\\\/\\\/www.encontrajequie.com.br\\\/sobre\\\/jequie-deve-ter-um-dia-com-previsao-de-pancadas-isoladas-neste-sabado-04\\\/#mainImage\",\"width\":320,\"height\":280,\"caption\":\"Previs\\u00e3o do Tempo Jequi\\u00e9\"},\"primaryImageOfPage\":{\"@id\":\"https:\\\/\\\/www.encontrajequie.com.br\\\/sobre\\\/jequie-deve-ter-um-dia-com-previsao-de-pancadas-isoladas-neste-sabado-04\\\/#mainImage\"},\"datePublished\":\"2025-10-23T12:38:00-03:00\",\"dateModified\":\"2025-10-23T12:38:00-03:00\"},{\"@type\":\"WebSite\",\"@id\":\"https:\\\/\\\/www.encontrajequie.com.br\\\/sobre\\\/#website\",\"url\":\"https:\\\/\\\/www.encontrajequie.com.br\\\/sobre\\\/\",\"name\":\"Encontra Jequi\\u00e9\",\"description\":\"Not\\u00edcias, eventos, informa\\u00e7\\u00f5es e dicas na cidade de Jequi\\u00e9 e regi\\u00e3o.\",\"inLanguage\":\"pt-BR\",\"publisher\":{\"@id\":\"https:\\\/\\\/www.encontrajequie.com.br\\\/sobre\\\/#organization\"}}]}\n\t\t<\/script>\n\t\t<!-- All in One SEO -->\n\n","aioseo_head_json":{"title":"Jequi\u00e9 deve ter um dia com previs\u00e3o de pancadas isoladas neste s\u00e1bado (04) | Encontra Jequi\u00e9","description":"Jequi\u00e9 ter\u00e1 um dia de pancadas de chuva e temperaturas entre 18\u00b0C e 29\u00b0C.","canonical_url":"https:\/\/www.encontrajequie.com.br\/sobre\/jequie-deve-ter-um-dia-com-previsao-de-pancadas-isoladas-neste-sabado-04\/","robots":"max-image-preview:large","keywords":"","webmasterTools":{"miscellaneous":""},"schema":{"@context":"https:\/\/schema.org","@graph":[{"@type":"Article","@id":"https:\/\/www.encontrajequie.com.br\/sobre\/jequie-deve-ter-um-dia-com-previsao-de-pancadas-isoladas-neste-sabado-04\/#article","name":"Jequi\u00e9 deve ter um dia com previs\u00e3o de pancadas isoladas neste s\u00e1bado (04) | Encontra Jequi\u00e9","headline":"Jequi\u00e9 deve ter um dia com previs\u00e3o de pancadas isoladas neste s\u00e1bado (04)","author":{"@id":"https:\/\/www.encontrajequie.com.br\/sobre\/author\/ejequie\/#author"},"publisher":{"@id":"https:\/\/www.encontrajequie.com.br\/sobre\/#organization"},"image":{"@type":"ImageObject","url":"https:\/\/www.encontrajequie.com.br\/sobre\/wp-content\/uploads\/2025\/10\/jequie-deve-ter-um-dia-com-previsao-de-pancadas-isoladas-neste-sabado-04.webp","width":320,"height":280,"caption":"Previs\u00e3o do Tempo Jequi\u00e9"},"datePublished":"2025-10-23T12:38:00-03:00","dateModified":"2025-10-23T12:38:00-03:00","inLanguage":"pt-BR","mainEntityOfPage":{"@id":"https:\/\/www.encontrajequie.com.br\/sobre\/jequie-deve-ter-um-dia-com-previsao-de-pancadas-isoladas-neste-sabado-04\/#webpage"},"isPartOf":{"@id":"https:\/\/www.encontrajequie.com.br\/sobre\/jequie-deve-ter-um-dia-com-previsao-de-pancadas-isoladas-neste-sabado-04\/#webpage"},"articleSection":"Not\u00edcias Jequi\u00e9"},{"@type":"BreadcrumbList","@id":"https:\/\/www.encontrajequie.com.br\/sobre\/jequie-deve-ter-um-dia-com-previsao-de-pancadas-isoladas-neste-sabado-04\/#breadcrumblist","itemListElement":[{"@type":"ListItem","@id":"https:\/\/www.encontrajequie.com.br\/sobre#listItem","position":1,"name":"Home","item":"https:\/\/www.encontrajequie.com.br\/sobre","nextItem":{"@type":"ListItem","@id":"https:\/\/www.encontrajequie.com.br\/sobre\/noticias-em-jequie\/#listItem","name":"Not\u00edcias Jequi\u00e9"}},{"@type":"ListItem","@id":"https:\/\/www.encontrajequie.com.br\/sobre\/noticias-em-jequie\/#listItem","position":2,"name":"Not\u00edcias Jequi\u00e9","item":"https:\/\/www.encontrajequie.com.br\/sobre\/noticias-em-jequie\/","nextItem":{"@type":"ListItem","@id":"https:\/\/www.encontrajequie.com.br\/sobre\/jequie-deve-ter-um-dia-com-previsao-de-pancadas-isoladas-neste-sabado-04\/#listItem","name":"Jequi\u00e9 deve ter um dia com previs\u00e3o de pancadas isoladas neste s\u00e1bado (04)"},"previousItem":{"@type":"ListItem","@id":"https:\/\/www.encontrajequie.com.br\/sobre#listItem","name":"Home"}},{"@type":"ListItem","@id":"https:\/\/www.encontrajequie.com.br\/sobre\/jequie-deve-ter-um-dia-com-previsao-de-pancadas-isoladas-neste-sabado-04\/#listItem","position":3,"name":"Jequi\u00e9 deve ter um dia com previs\u00e3o de pancadas isoladas neste s\u00e1bado (04)","previousItem":{"@type":"ListItem","@id":"https:\/\/www.encontrajequie.com.br\/sobre\/noticias-em-jequie\/#listItem","name":"Not\u00edcias Jequi\u00e9"}}]},{"@type":"Organization","@id":"https:\/\/www.encontrajequie.com.br\/sobre\/#organization","name":"Encontra Jequi\u00e9","description":"Not\u00edcias, eventos, informa\u00e7\u00f5es e dicas na cidade de Jequi\u00e9 e regi\u00e3o.","url":"https:\/\/www.encontrajequie.com.br\/sobre\/"},{"@type":"Person","@id":"https:\/\/www.encontrajequie.com.br\/sobre\/author\/ejequie\/#author","url":"https:\/\/www.encontrajequie.com.br\/sobre\/author\/ejequie\/","name":"Encontra Jequi\u00e9","image":{"@type":"ImageObject","@id":"https:\/\/www.encontrajequie.com.br\/sobre\/jequie-deve-ter-um-dia-com-previsao-de-pancadas-isoladas-neste-sabado-04\/#authorImage","url":"https:\/\/secure.gravatar.com\/avatar\/507340682b8270222e1f208e23198b6ae7e2c6a1033ae84e99bc6bce4f82a387?s=96&d=mm&r=g","width":96,"height":96,"caption":"Encontra Jequi\u00e9"}},{"@type":"WebPage","@id":"https:\/\/www.encontrajequie.com.br\/sobre\/jequie-deve-ter-um-dia-com-previsao-de-pancadas-isoladas-neste-sabado-04\/#webpage","url":"https:\/\/www.encontrajequie.com.br\/sobre\/jequie-deve-ter-um-dia-com-previsao-de-pancadas-isoladas-neste-sabado-04\/","name":"Jequi\u00e9 deve ter um dia com previs\u00e3o de pancadas isoladas neste s\u00e1bado (04) | Encontra Jequi\u00e9","description":"Jequi\u00e9 ter\u00e1 um dia de pancadas de chuva e temperaturas entre 18\u00b0C e 29\u00b0C.","inLanguage":"pt-BR","isPartOf":{"@id":"https:\/\/www.encontrajequie.com.br\/sobre\/#website"},"breadcrumb":{"@id":"https:\/\/www.encontrajequie.com.br\/sobre\/jequie-deve-ter-um-dia-com-previsao-de-pancadas-isoladas-neste-sabado-04\/#breadcrumblist"},"author":{"@id":"https:\/\/www.encontrajequie.com.br\/sobre\/author\/ejequie\/#author"},"creator":{"@id":"https:\/\/www.encontrajequie.com.br\/sobre\/author\/ejequie\/#author"},"image":{"@type":"ImageObject","url":"https:\/\/www.encontrajequie.com.br\/sobre\/wp-content\/uploads\/2025\/10\/jequie-deve-ter-um-dia-com-previsao-de-pancadas-isoladas-neste-sabado-04.webp","@id":"https:\/\/www.encontrajequie.com.br\/sobre\/jequie-deve-ter-um-dia-com-previsao-de-pancadas-isoladas-neste-sabado-04\/#mainImage","width":320,"height":280,"caption":"Previs\u00e3o do Tempo Jequi\u00e9"},"primaryImageOfPage":{"@id":"https:\/\/www.encontrajequie.com.br\/sobre\/jequie-deve-ter-um-dia-com-previsao-de-pancadas-isoladas-neste-sabado-04\/#mainImage"},"datePublished":"2025-10-23T12:38:00-03:00","dateModified":"2025-10-23T12:38:00-03:00"},{"@type":"WebSite","@id":"https:\/\/www.encontrajequie.com.br\/sobre\/#website","url":"https:\/\/www.encontrajequie.com.br\/sobre\/","name":"Encontra Jequi\u00e9","description":"Not\u00edcias, eventos, informa\u00e7\u00f5es e dicas na cidade de Jequi\u00e9 e regi\u00e3o.","inLanguage":"pt-BR","publisher":{"@id":"https:\/\/www.encontrajequie.com.br\/sobre\/#organization"}}]},"og:locale":"pt_BR","og:site_name":"Encontra Jequi\u00e9 | Not\u00edcias, eventos, informa\u00e7\u00f5es e dicas na cidade de Jequi\u00e9 e regi\u00e3o.","og:type":"article","og:title":"Jequi\u00e9 deve ter um dia com previs\u00e3o de pancadas isoladas neste s\u00e1bado (04) | Encontra Jequi\u00e9","og:description":"Jequi\u00e9 ter\u00e1 um dia de pancadas de chuva e temperaturas entre 18\u00b0C e 29\u00b0C.","og:url":"https:\/\/www.encontrajequie.com.br\/sobre\/jequie-deve-ter-um-dia-com-previsao-de-pancadas-isoladas-neste-sabado-04\/","article:published_time":"2025-10-23T15:38:00+00:00","article:modified_time":"2025-10-23T15:38:00+00:00","twitter:card":"summary_large_image","twitter:title":"Jequi\u00e9 deve ter um dia com previs\u00e3o de pancadas isoladas neste s\u00e1bado (04) | Encontra Jequi\u00e9","twitter:description":"Jequi\u00e9 ter\u00e1 um dia de pancadas de chuva e temperaturas entre 18\u00b0C e 29\u00b0C."},"aioseo_meta_data":{"post_id":"162","title":null,"description":null,"keywords":null,"keyphrases":null,"primary_term":null,"canonical_url":null,"og_title":null,"og_description":null,"og_object_type":"default","og_image_type":"default","og_image_url":null,"og_image_width":null,"og_image_height":null,"og_image_custom_url":null,"og_image_custom_fields":null,"og_video":null,"og_custom_url":null,"og_article_section":null,"og_article_tags":null,"twitter_use_og":false,"twitter_card":"default","twitter_image_type":"default","twitter_image_url":null,"twitter_image_custom_url":null,"twitter_image_custom_fields":null,"twitter_title":null,"twitter_description":null,"schema":{"blockGraphs":[],"customGraphs":[],"default":{"data":{"Article":[],"Course":[],"Dataset":[],"FAQPage":[],"Movie":[],"Person":[],"Product":[],"ProductReview":[],"Car":[],"Recipe":[],"Service":[],"SoftwareApplication":[],"WebPage":[]},"graphName":"","isEnabled":true},"graphs":[]},"schema_type":"default","schema_type_options":null,"pillar_content":false,"robots_default":true,"robots_noindex":false,"robots_noarchive":false,"robots_nosnippet":false,"robots_nofollow":false,"robots_noimageindex":false,"robots_noodp":false,"robots_notranslate":false,"robots_max_snippet":null,"robots_max_videopreview":null,"robots_max_imagepreview":"large","priority":null,"frequency":null,"local_seo":null,"breadcrumb_settings":null,"limit_modified_date":false,"ai":null,"created":"2025-10-23 16:10:33","updated":"2025-10-23 16:10:34","focus_keyword":null,"additional_keywords":null,"truseo_locale":null,"seo_analyzer_scan_date":null},"aioseo_breadcrumb":"<div class=\"aioseo-breadcrumbs\"><span class=\"aioseo-breadcrumb\">\n\t\t\t<a href=\"https:\/\/www.encontrajequie.com.br\/sobre\" title=\"Home\">Home<\/a>\n\t\t<\/span><span class=\"aioseo-breadcrumb-separator\">&raquo;<\/span><span class=\"aioseo-breadcrumb\">\n\t\t\t<a href=\"https:\/\/www.encontrajequie.com.br\/sobre\/noticias-em-jequie\/\" title=\"Not\u00edcias Jequi\u00e9\">Not\u00edcias Jequi\u00e9<\/a>\n\t\t<\/span><span class=\"aioseo-breadcrumb-separator\">&raquo;<\/span><span class=\"aioseo-breadcrumb\">\n\t\t\tJequi\u00e9 deve ter um dia com previs\u00e3o de pancadas isoladas neste s\u00e1bado (04)\n\t\t<\/span><\/div>","aioseo_breadcrumb_json":[{"label":"Home","link":"https:\/\/www.encontrajequie.com.br\/sobre"},{"label":"Not\u00edcias Jequi\u00e9","link":"https:\/\/www.encontrajequie.com.br\/sobre\/noticias-em-jequie\/"},{"label":"Jequi\u00e9 deve ter um dia com previs\u00e3o de pancadas isoladas neste s\u00e1bado (04)","link":"https:\/\/www.encontrajequie.com.br\/sobre\/jequie-deve-ter-um-dia-com-previsao-de-pancadas-isoladas-neste-sabado-04\/"}],"_links":{"self":[{"href":"https:\/\/www.encontrajequie.com.br\/sobre\/wp-json\/wp\/v2\/posts\/162","targetHints":{"allow":["GET"]}}],"collection":[{"href":"https:\/\/www.encontrajequie.com.br\/sobre\/wp-json\/wp\/v2\/posts"}],"about":[{"href":"https:\/\/www.encontrajequie.com.br\/sobre\/wp-json\/wp\/v2\/types\/post"}],"author":[{"embeddable":true,"href":"https:\/\/www.encontrajequie.com.br\/sobre\/wp-json\/wp\/v2\/users\/1"}],"replies":[{"embeddable":true,"href":"https:\/\/www.encontrajequie.com.br\/sobre\/wp-json\/wp\/v2\/comments?post=162"}],"version-history":[{"count":1,"href":"https:\/\/www.encontrajequie.com.br\/sobre\/wp-json\/wp\/v2\/posts\/162\/revisions"}],"predecessor-version":[{"id":168,"href":"https:\/\/www.encontrajequie.com.br\/sobre\/wp-json\/wp\/v2\/posts\/162\/revisions\/168"}],"wp:featuredmedia":[{"embeddable":true,"href":"https:\/\/www.encontrajequie.com.br\/sobre\/wp-json\/wp\/v2\/media\/161"}],"wp:attachment":[{"href":"https:\/\/www.encontrajequie.com.br\/sobre\/wp-json\/wp\/v2\/media?parent=162"}],"wp:term":[{"taxonomy":"category","embeddable":true,"href":"https:\/\/www.encontrajequie.com.br\/sobre\/wp-json\/wp\/v2\/categories?post=162"},{"taxonomy":"post_tag","embeddable":true,"href":"https:\/\/www.encontrajequie.com.br\/sobre\/wp-json\/wp\/v2\/tags?post=162"}],"curies":[{"name":"wp","href":"https:\/\/api.w.org\/{rel}","templated":true}]}}