{"id":1625,"date":"2026-08-10T07:38:01","date_gmt":"2026-08-10T10:38:01","guid":{"rendered":"https:\/\/www.encontrajequie.com.br\/sobre\/eleicoes-2026-quem-e-ze-coca-candidato-a-vice\/"},"modified":"2026-08-10T07:38:01","modified_gmt":"2026-08-10T10:38:01","slug":"eleicoes-2026-quem-e-ze-coca-candidato-a-vice","status":"publish","type":"post","link":"https:\/\/www.encontrajequie.com.br\/sobre\/eleicoes-2026-quem-e-ze-coca-candidato-a-vice\/","title":{"rendered":"Elei\u00e7\u00f5es 2026: quem \u00e9 Z\u00e9 Coc\u00e1, candidato a vice"},"content":{"rendered":"<div class=\"30cf832dc5940d4704f66d0ed9a44050\" data-index=\"1\" style=\"float: none; margin:0px;\">\n<!-- Anuncio display - global -->\r\n<ins class=\"adsbygoogle\"\r\n     style=\"display:block\"\r\n     data-ad-client=\"ca-pub-8585364105181520\"\r\n     data-ad-slot=\"8789329856\"\r\n     data-ad-format=\"auto\"\r\n     data-full-width-responsive=\"true\"><\/ins>\r\n<script>\r\n     (adsbygoogle = window.adsbygoogle || []).push({});\r\n<\/script>\n<\/div>\n<h2>Trajet\u00f3ria de Z\u00e9 Coc\u00e1<\/h2>\n<p>Zenildo Brand\u00e3o Santana, conhecido como Z\u00e9 Coc\u00e1, \u00e9 um candidato ao cargo de <strong>vice-governador<\/strong> na chapa de Acm Neto na Bahia. Natural de Itiru\u00e7u, na Bahia, Z\u00e9 Coc\u00e1 tem uma carreira marcada por sua atua\u00e7\u00e3o como produtor agropecu\u00e1rio. Com 50 anos de idade, ele desenvolveu uma forte conex\u00e3o com a zona rural e as comunidades locais, caracter\u00edsticas que agora pretende levar para uma posi\u00e7\u00e3o de lideran\u00e7a no governo estadual.<\/p>\n<h2>O Partido de Z\u00e9 Coc\u00e1<\/h2>\n<p>Z\u00e9 Coc\u00e1 \u00e9 filiado ao <strong>Partido Progressista (PP)<\/strong> e, junto com Acm Neto, faz parte da coliga\u00e7\u00e3o &#8220;<strong>UNIDOS PARA MUDAR A BAHIA<\/strong>&#8220;. A escolha de Z\u00e9 Coc\u00e1 como candidato a vice-governador reflete n\u00e3o s\u00f3 sua popularidade local, mas tamb\u00e9m a estrat\u00e9gia do partido em fortalecer sua presen\u00e7a em \u00e1reas rurais e agr\u00edcolas, segmentos essenciais para o eleitorado baiano.<\/p>\n<h2>Patrim\u00f4nio Declarado<\/h2>\n<p>No registro de sua candidatura, Z\u00e9 Coc\u00e1 declarou um patrim\u00f4nio total de <strong>R$ 3.266.021,00<\/strong>. Essa cifra inclui a propriedade de im\u00f3veis rurais e urbanos, al\u00e9m de investimentos financeiros. O detalhamento do patrim\u00f4nio \u00e9 importante para a transpar\u00eancia eleitoral e para a an\u00e1lise da hist\u00f3ria financeira do candidato, evitando surpresas durante a campanha. Veja os bens que comp\u00f5em sua declara\u00e7\u00e3o:<\/p>\n<p><img decoding=\"async\" src=\"https:\/\/www.encontrajequie.com.br\/sobre\/wp-content\/uploads\/2026\/08\/eleicoes-2026-quem-e-ze-coca-candidato-a-vice.webp\" alt=\"Elei\u00e7\u00f5es 2026\" loading=\"lazy\" \/><\/p>\n<ul>\n<li>20 lotes no Loteamento Palestina, Lafaiete Coutinho\/BA \u2014 R$ 30.000,00<\/li>\n<li>Fazenda Vit\u00f3ria I em Lafaiete Coutinho\/BA \u2014 R$ 200.000,00<\/li>\n<li>Im\u00f3vel residencial no Loteamento Portal Pindorama, Rua dos L\u00edrios, 102, Jequi\u00e9\/BA \u2014 R$ 600.000,00<\/li>\n<li>S\u00edtio na regi\u00e3o da Barregem das Pedras na cidade de Jequi\u00e9\/BA \u2014 R$ 200.000,00<\/li>\n<li>Aplica\u00e7\u00e3o de renda fixa CDB \u2014 R$ 13.356,72<\/li>\n<li>S\u00edtio no distrito de Catingal na cidade de Manoel Vitorino\/BA \u2014 R$ 600.000,00<\/li>\n<li>Apartamento na Rua Ibiacusse, 614, Patamares, Salvador\/BA \u2014 R$ 350.000,00<\/li>\n<li>22% da Fazenda Marinbondo em Lafaiete Coutinho\/BA \u2014 R$ 144.300,00<\/li>\n<li>Saldo em conta na Caixa Econ\u00f4mica \u2014 R$ 351,31<\/li>\n<li>Im\u00f3vel residencial na cidade de Lafaiete Coutinho\/BA, Rua Guilherme Lapa, 230 \u2014 R$ 150.000,00<\/li>\n<li>Fazenda Boa Esperan\u00e7a em Lafaiete Coutinho\/BA \u2014 R$ 30.000,00<\/li>\n<li>BB CDB Rende F\u00e1cil Banco do Brasil \u2014 R$ 28.011,97<\/li>\n<li>Saldo em conta corrente no Bradesco \u2014 R$ 1,00<\/li>\n<li>Fazenda Lagoa da Boa Vista em Lafaiete Coutinho\/BA \u2014 R$ 100.000,00<\/li>\n<li>Valor em moeda corrente \u2014 R$ 120.000,00<\/li>\n<li>Cabe\u00e7as de gado \u2014 R$ 700.000,00<\/li>\n<\/ul>\n<h2>Hist\u00f3rico Eleitoral<\/h2>\n<p>O hist\u00f3rico eleitoral de Z\u00e9 Coc\u00e1 demonstra uma forte trajet\u00f3ria pol\u00edtica. Ele j\u00e1 foi eleito em diversas ocasi\u00f5es para cargos p\u00fablicos, o que mostra sua habilidade em conquistar a confian\u00e7a do eleitorado. Confira seus principais resultados anteriores:<\/p>\n<ul>\n<li>2024 \u2014 Prefeito (Eleito)<\/li>\n<li>2020 \u2014 Prefeito (Eleito)<\/li>\n<li>2018 \u2014 Deputado Estadual (Eleito por QP)<\/li>\n<li>2012 \u2014 Prefeito (Eleito)<\/li>\n<li>2008 \u2014 Prefeito (Eleito)<\/li>\n<\/ul>\n<h2>Candidatura e Registro<\/h2>\n<p>O registro de Z\u00e9 Coc\u00e1 na Justi\u00e7a Eleitoral est\u00e1 devidamente realizado sob o n\u00famero <strong>44<\/strong>. A candidatura \u00e9 uma parte crucial do processo eleitoral, e a transpar\u00eancia nos bens e na trajet\u00f3ria pol\u00edtica do candidato s\u00e3o fundamentais para garantir a confian\u00e7a do eleitor. A chapa liderada por Acm Neto est\u00e1 alinhada com as expectativas de mudan\u00e7a que muitos eleitores da Bahia anseiam.<\/p>\n<h2>A Campanha de Z\u00e9 Coc\u00e1<\/h2>\n<p>A campanha de Z\u00e9 Coc\u00e1 e Acm Neto ter\u00e1 um limite de despesas estabelecido, o que \u00e9 uma pr\u00e1tica comum e regulamentada para garantir a lisura do processo eleitoral. O n\u00famero <strong>44<\/strong> se tornar\u00e1 a bandeira da candidatura ao governo da Bahia, e as estrat\u00e9gias de campanha devem se concentrar em temas essenciais para os cidad\u00e3os, como a seguran\u00e7a, a sa\u00fade e o desenvolvimento econ\u00f4mico.<\/p>\n<h2>Disputa pelo Cargo<\/h2>\n<p>Disputar o cargo de vice-governador em um estado como a Bahia exige n\u00e3o s\u00f3 estrat\u00e9gia, mas tamb\u00e9m uma conex\u00e3o profunda com o eleitorado. Z\u00e9 Coc\u00e1 ter\u00e1 que apresentar suas propostas e construir uma imagem que ressoe com as necessidades e desejos da popula\u00e7\u00e3o. A concorr\u00eancia ser\u00e1 acirrada, e \u00e9 vital que ele se distinga por meio de propostas inovadoras e relevantes.<\/p>\n<h2>Expectativas eleitorais<\/h2>\n<p>As expectativas para as elei\u00e7\u00f5es de 2026 s\u00e3o altas, tanto para Z\u00e9 Coc\u00e1 quanto para Acm Neto. O apoio do eleitorado rural e suas vis\u00f5es sobre pol\u00edticas agr\u00edcolas ser\u00e3o determinantes em sua campanha. A mobiliza\u00e7\u00e3o das bases, a comunica\u00e7\u00e3o direta com os eleitores e a campanha de m\u00eddias sociais ser\u00e3o essenciais para alcan\u00e7ar o sucesso nas urnas.<\/p>\n<h2>Desafios da Candidatura<\/h2>\n<p>A candidatura de Z\u00e9 Coc\u00e1 tamb\u00e9m enfrenta desafios significativos. A percep\u00e7\u00f5es sobre seu patrim\u00f4nio, bem como suas liga\u00e7\u00f5es com o agroneg\u00f3cio, podem render cr\u00edticas ou questionamentos. Al\u00e9m disso, a necessidade de conquistar votos em \u00e1reas urbanas e rurais distintas tornar\u00e1 a campanha ainda mais complexa.<\/p>\n<h2>O que Podemos Esperar em 2026<\/h2>\n<p>Em 2026, com a realiza\u00e7\u00e3o das elei\u00e7\u00f5es, Z\u00e9 Coc\u00e1 ter\u00e1 a oportunidade de mostrar sua capacidade de lideran\u00e7a e dedica\u00e7\u00e3o aos interesses dos baianos. Sua experi\u00eancia como produtor e pol\u00edtico pode ser um diferencial que, se bem explorado, poder\u00e1 garantir sua vit\u00f3ria na urna. As expectativas s\u00e3o de uma campanha ativa e envolvente, que procure dialogar diretamente com os eleitores e apresentar propostas concretas para o futuro da Bahia.<\/p>\n\n<div style=\"font-size: 0px; height: 0px; line-height: 0px; margin: 0; padding: 0; clear: both;\"><\/div>","protected":false},"excerpt":{"rendered":"<p>Z\u00e9 Coc\u00e1 \u00e9 o novo candidato a vice-governador em 2026. Conhe\u00e7a sua trajet\u00f3ria.<\/p>\n","protected":false},"author":1,"featured_media":1624,"comment_status":"open","ping_status":"closed","sticky":false,"template":"","format":"standard","meta":{"footnotes":""},"categories":[1],"tags":[],"class_list":["post-1625","post","type-post","status-publish","format-standard","has-post-thumbnail","hentry","category-noticias-em-jequie","has_thumb"],"aioseo_notices":[],"aioseo_head":"\n\t\t<!-- All in One SEO 5.0.0.1 - aioseo.com -->\n\t<meta name=\"description\" content=\"Z\u00e9 Coc\u00e1 \u00e9 o novo candidato a vice-governador em 2026. Conhe\u00e7a sua trajet\u00f3ria.\" \/>\n\t<meta name=\"robots\" content=\"max-image-preview:large\" \/>\n\t<meta name=\"author\" content=\"Encontra Jequi\u00e9\"\/>\n\t<link rel=\"canonical\" href=\"https:\/\/www.encontrajequie.com.br\/sobre\/eleicoes-2026-quem-e-ze-coca-candidato-a-vice\/\" \/>\n\t<meta name=\"generator\" content=\"All in One SEO (AIOSEO) 5.0.0.1\" \/>\n\t\t<meta property=\"og:locale\" content=\"pt_BR\" \/>\n\t\t<meta property=\"og:site_name\" content=\"Encontra Jequi\u00e9 | Not\u00edcias, eventos, informa\u00e7\u00f5es e dicas na cidade de Jequi\u00e9 e regi\u00e3o.\" \/>\n\t\t<meta property=\"og:type\" content=\"article\" \/>\n\t\t<meta property=\"og:title\" content=\"Elei\u00e7\u00f5es 2026: quem \u00e9 Z\u00e9 Coc\u00e1, candidato a vice | Encontra Jequi\u00e9\" \/>\n\t\t<meta property=\"og:description\" content=\"Z\u00e9 Coc\u00e1 \u00e9 o novo candidato a vice-governador em 2026. Conhe\u00e7a sua trajet\u00f3ria.\" \/>\n\t\t<meta property=\"og:url\" content=\"https:\/\/www.encontrajequie.com.br\/sobre\/eleicoes-2026-quem-e-ze-coca-candidato-a-vice\/\" \/>\n\t\t<meta property=\"article:published_time\" content=\"2026-08-10T10:38:01+00:00\" \/>\n\t\t<meta property=\"article:modified_time\" content=\"2026-08-10T10:38:01+00:00\" \/>\n\t\t<meta name=\"twitter:card\" content=\"summary_large_image\" \/>\n\t\t<meta name=\"twitter:title\" content=\"Elei\u00e7\u00f5es 2026: quem \u00e9 Z\u00e9 Coc\u00e1, candidato a vice | Encontra Jequi\u00e9\" \/>\n\t\t<meta name=\"twitter:description\" content=\"Z\u00e9 Coc\u00e1 \u00e9 o novo candidato a vice-governador em 2026. Conhe\u00e7a sua trajet\u00f3ria.\" \/>\n\t\t<script type=\"application\/ld+json\" class=\"aioseo-schema\">\n\t\t\t{\"@context\":\"https:\\\/\\\/schema.org\",\"@graph\":[{\"@type\":\"Article\",\"@id\":\"https:\\\/\\\/www.encontrajequie.com.br\\\/sobre\\\/eleicoes-2026-quem-e-ze-coca-candidato-a-vice\\\/#article\",\"name\":\"Elei\\u00e7\\u00f5es 2026: quem \\u00e9 Z\\u00e9 Coc\\u00e1, candidato a vice | Encontra Jequi\\u00e9\",\"headline\":\"Elei\\u00e7\\u00f5es 2026: quem \\u00e9 Z\\u00e9 Coc\\u00e1, candidato a vice\",\"author\":{\"@id\":\"https:\\\/\\\/www.encontrajequie.com.br\\\/sobre\\\/author\\\/ejequie\\\/#author\"},\"publisher\":{\"@id\":\"https:\\\/\\\/www.encontrajequie.com.br\\\/sobre\\\/#organization\"},\"image\":{\"@type\":\"ImageObject\",\"url\":\"https:\\\/\\\/www.encontrajequie.com.br\\\/sobre\\\/wp-content\\\/uploads\\\/2026\\\/08\\\/eleicoes-2026-quem-e-ze-coca-candidato-a-vice.webp\",\"width\":280,\"height\":280,\"caption\":\"Elei\\u00e7\\u00f5es 2026\"},\"datePublished\":\"2026-08-10T07:38:01-03:00\",\"dateModified\":\"2026-08-10T07:38:01-03:00\",\"inLanguage\":\"pt-BR\",\"mainEntityOfPage\":{\"@id\":\"https:\\\/\\\/www.encontrajequie.com.br\\\/sobre\\\/eleicoes-2026-quem-e-ze-coca-candidato-a-vice\\\/#webpage\"},\"isPartOf\":{\"@id\":\"https:\\\/\\\/www.encontrajequie.com.br\\\/sobre\\\/eleicoes-2026-quem-e-ze-coca-candidato-a-vice\\\/#webpage\"},\"articleSection\":\"Not\\u00edcias Jequi\\u00e9\"},{\"@type\":\"BreadcrumbList\",\"@id\":\"https:\\\/\\\/www.encontrajequie.com.br\\\/sobre\\\/eleicoes-2026-quem-e-ze-coca-candidato-a-vice\\\/#breadcrumblist\",\"itemListElement\":[{\"@type\":\"ListItem\",\"@id\":\"https:\\\/\\\/www.encontrajequie.com.br\\\/sobre#listItem\",\"position\":1,\"name\":\"Home\",\"item\":\"https:\\\/\\\/www.encontrajequie.com.br\\\/sobre\",\"nextItem\":{\"@type\":\"ListItem\",\"@id\":\"https:\\\/\\\/www.encontrajequie.com.br\\\/sobre\\\/noticias-em-jequie\\\/#listItem\",\"name\":\"Not\\u00edcias Jequi\\u00e9\"}},{\"@type\":\"ListItem\",\"@id\":\"https:\\\/\\\/www.encontrajequie.com.br\\\/sobre\\\/noticias-em-jequie\\\/#listItem\",\"position\":2,\"name\":\"Not\\u00edcias Jequi\\u00e9\",\"item\":\"https:\\\/\\\/www.encontrajequie.com.br\\\/sobre\\\/noticias-em-jequie\\\/\",\"nextItem\":{\"@type\":\"ListItem\",\"@id\":\"https:\\\/\\\/www.encontrajequie.com.br\\\/sobre\\\/eleicoes-2026-quem-e-ze-coca-candidato-a-vice\\\/#listItem\",\"name\":\"Elei\\u00e7\\u00f5es 2026: quem \\u00e9 Z\\u00e9 Coc\\u00e1, candidato a vice\"},\"previousItem\":{\"@type\":\"ListItem\",\"@id\":\"https:\\\/\\\/www.encontrajequie.com.br\\\/sobre#listItem\",\"name\":\"Home\"}},{\"@type\":\"ListItem\",\"@id\":\"https:\\\/\\\/www.encontrajequie.com.br\\\/sobre\\\/eleicoes-2026-quem-e-ze-coca-candidato-a-vice\\\/#listItem\",\"position\":3,\"name\":\"Elei\\u00e7\\u00f5es 2026: quem \\u00e9 Z\\u00e9 Coc\\u00e1, candidato a vice\",\"previousItem\":{\"@type\":\"ListItem\",\"@id\":\"https:\\\/\\\/www.encontrajequie.com.br\\\/sobre\\\/noticias-em-jequie\\\/#listItem\",\"name\":\"Not\\u00edcias Jequi\\u00e9\"}}]},{\"@type\":\"Organization\",\"@id\":\"https:\\\/\\\/www.encontrajequie.com.br\\\/sobre\\\/#organization\",\"name\":\"Encontra Jequi\\u00e9\",\"description\":\"Not\\u00edcias, eventos, informa\\u00e7\\u00f5es e dicas na cidade de Jequi\\u00e9 e regi\\u00e3o.\",\"url\":\"https:\\\/\\\/www.encontrajequie.com.br\\\/sobre\\\/\"},{\"@type\":\"Person\",\"@id\":\"https:\\\/\\\/www.encontrajequie.com.br\\\/sobre\\\/author\\\/ejequie\\\/#author\",\"url\":\"https:\\\/\\\/www.encontrajequie.com.br\\\/sobre\\\/author\\\/ejequie\\\/\",\"name\":\"Encontra Jequi\\u00e9\",\"image\":{\"@type\":\"ImageObject\",\"@id\":\"https:\\\/\\\/www.encontrajequie.com.br\\\/sobre\\\/eleicoes-2026-quem-e-ze-coca-candidato-a-vice\\\/#authorImage\",\"url\":\"https:\\\/\\\/secure.gravatar.com\\\/avatar\\\/507340682b8270222e1f208e23198b6ae7e2c6a1033ae84e99bc6bce4f82a387?s=96&d=mm&r=g\",\"width\":96,\"height\":96,\"caption\":\"Encontra Jequi\\u00e9\"}},{\"@type\":\"WebPage\",\"@id\":\"https:\\\/\\\/www.encontrajequie.com.br\\\/sobre\\\/eleicoes-2026-quem-e-ze-coca-candidato-a-vice\\\/#webpage\",\"url\":\"https:\\\/\\\/www.encontrajequie.com.br\\\/sobre\\\/eleicoes-2026-quem-e-ze-coca-candidato-a-vice\\\/\",\"name\":\"Elei\\u00e7\\u00f5es 2026: quem \\u00e9 Z\\u00e9 Coc\\u00e1, candidato a vice | Encontra Jequi\\u00e9\",\"description\":\"Z\\u00e9 Coc\\u00e1 \\u00e9 o novo candidato a vice-governador em 2026. Conhe\\u00e7a sua trajet\\u00f3ria.\",\"inLanguage\":\"pt-BR\",\"isPartOf\":{\"@id\":\"https:\\\/\\\/www.encontrajequie.com.br\\\/sobre\\\/#website\"},\"breadcrumb\":{\"@id\":\"https:\\\/\\\/www.encontrajequie.com.br\\\/sobre\\\/eleicoes-2026-quem-e-ze-coca-candidato-a-vice\\\/#breadcrumblist\"},\"author\":{\"@id\":\"https:\\\/\\\/www.encontrajequie.com.br\\\/sobre\\\/author\\\/ejequie\\\/#author\"},\"creator\":{\"@id\":\"https:\\\/\\\/www.encontrajequie.com.br\\\/sobre\\\/author\\\/ejequie\\\/#author\"},\"image\":{\"@type\":\"ImageObject\",\"url\":\"https:\\\/\\\/www.encontrajequie.com.br\\\/sobre\\\/wp-content\\\/uploads\\\/2026\\\/08\\\/eleicoes-2026-quem-e-ze-coca-candidato-a-vice.webp\",\"@id\":\"https:\\\/\\\/www.encontrajequie.com.br\\\/sobre\\\/eleicoes-2026-quem-e-ze-coca-candidato-a-vice\\\/#mainImage\",\"width\":280,\"height\":280,\"caption\":\"Elei\\u00e7\\u00f5es 2026\"},\"primaryImageOfPage\":{\"@id\":\"https:\\\/\\\/www.encontrajequie.com.br\\\/sobre\\\/eleicoes-2026-quem-e-ze-coca-candidato-a-vice\\\/#mainImage\"},\"datePublished\":\"2026-08-10T07:38:01-03:00\",\"dateModified\":\"2026-08-10T07:38:01-03:00\"},{\"@type\":\"WebSite\",\"@id\":\"https:\\\/\\\/www.encontrajequie.com.br\\\/sobre\\\/#website\",\"url\":\"https:\\\/\\\/www.encontrajequie.com.br\\\/sobre\\\/\",\"name\":\"Encontra Jequi\\u00e9\",\"description\":\"Not\\u00edcias, eventos, informa\\u00e7\\u00f5es e dicas na cidade de Jequi\\u00e9 e regi\\u00e3o.\",\"inLanguage\":\"pt-BR\",\"publisher\":{\"@id\":\"https:\\\/\\\/www.encontrajequie.com.br\\\/sobre\\\/#organization\"}}]}\n\t\t<\/script>\n\t\t<!-- All in One SEO -->\n\n","aioseo_head_json":{"title":"Elei\u00e7\u00f5es 2026: quem \u00e9 Z\u00e9 Coc\u00e1, candidato a vice | Encontra Jequi\u00e9","description":"Z\u00e9 Coc\u00e1 \u00e9 o novo candidato a vice-governador em 2026. Conhe\u00e7a sua trajet\u00f3ria.","canonical_url":"https:\/\/www.encontrajequie.com.br\/sobre\/eleicoes-2026-quem-e-ze-coca-candidato-a-vice\/","robots":"max-image-preview:large","keywords":"","webmasterTools":{"miscellaneous":""},"schema":{"@context":"https:\/\/schema.org","@graph":[{"@type":"Article","@id":"https:\/\/www.encontrajequie.com.br\/sobre\/eleicoes-2026-quem-e-ze-coca-candidato-a-vice\/#article","name":"Elei\u00e7\u00f5es 2026: quem \u00e9 Z\u00e9 Coc\u00e1, candidato a vice | Encontra Jequi\u00e9","headline":"Elei\u00e7\u00f5es 2026: quem \u00e9 Z\u00e9 Coc\u00e1, candidato a vice","author":{"@id":"https:\/\/www.encontrajequie.com.br\/sobre\/author\/ejequie\/#author"},"publisher":{"@id":"https:\/\/www.encontrajequie.com.br\/sobre\/#organization"},"image":{"@type":"ImageObject","url":"https:\/\/www.encontrajequie.com.br\/sobre\/wp-content\/uploads\/2026\/08\/eleicoes-2026-quem-e-ze-coca-candidato-a-vice.webp","width":280,"height":280,"caption":"Elei\u00e7\u00f5es 2026"},"datePublished":"2026-08-10T07:38:01-03:00","dateModified":"2026-08-10T07:38:01-03:00","inLanguage":"pt-BR","mainEntityOfPage":{"@id":"https:\/\/www.encontrajequie.com.br\/sobre\/eleicoes-2026-quem-e-ze-coca-candidato-a-vice\/#webpage"},"isPartOf":{"@id":"https:\/\/www.encontrajequie.com.br\/sobre\/eleicoes-2026-quem-e-ze-coca-candidato-a-vice\/#webpage"},"articleSection":"Not\u00edcias Jequi\u00e9"},{"@type":"BreadcrumbList","@id":"https:\/\/www.encontrajequie.com.br\/sobre\/eleicoes-2026-quem-e-ze-coca-candidato-a-vice\/#breadcrumblist","itemListElement":[{"@type":"ListItem","@id":"https:\/\/www.encontrajequie.com.br\/sobre#listItem","position":1,"name":"Home","item":"https:\/\/www.encontrajequie.com.br\/sobre","nextItem":{"@type":"ListItem","@id":"https:\/\/www.encontrajequie.com.br\/sobre\/noticias-em-jequie\/#listItem","name":"Not\u00edcias Jequi\u00e9"}},{"@type":"ListItem","@id":"https:\/\/www.encontrajequie.com.br\/sobre\/noticias-em-jequie\/#listItem","position":2,"name":"Not\u00edcias Jequi\u00e9","item":"https:\/\/www.encontrajequie.com.br\/sobre\/noticias-em-jequie\/","nextItem":{"@type":"ListItem","@id":"https:\/\/www.encontrajequie.com.br\/sobre\/eleicoes-2026-quem-e-ze-coca-candidato-a-vice\/#listItem","name":"Elei\u00e7\u00f5es 2026: quem \u00e9 Z\u00e9 Coc\u00e1, candidato a vice"},"previousItem":{"@type":"ListItem","@id":"https:\/\/www.encontrajequie.com.br\/sobre#listItem","name":"Home"}},{"@type":"ListItem","@id":"https:\/\/www.encontrajequie.com.br\/sobre\/eleicoes-2026-quem-e-ze-coca-candidato-a-vice\/#listItem","position":3,"name":"Elei\u00e7\u00f5es 2026: quem \u00e9 Z\u00e9 Coc\u00e1, candidato a vice","previousItem":{"@type":"ListItem","@id":"https:\/\/www.encontrajequie.com.br\/sobre\/noticias-em-jequie\/#listItem","name":"Not\u00edcias Jequi\u00e9"}}]},{"@type":"Organization","@id":"https:\/\/www.encontrajequie.com.br\/sobre\/#organization","name":"Encontra Jequi\u00e9","description":"Not\u00edcias, eventos, informa\u00e7\u00f5es e dicas na cidade de Jequi\u00e9 e regi\u00e3o.","url":"https:\/\/www.encontrajequie.com.br\/sobre\/"},{"@type":"Person","@id":"https:\/\/www.encontrajequie.com.br\/sobre\/author\/ejequie\/#author","url":"https:\/\/www.encontrajequie.com.br\/sobre\/author\/ejequie\/","name":"Encontra Jequi\u00e9","image":{"@type":"ImageObject","@id":"https:\/\/www.encontrajequie.com.br\/sobre\/eleicoes-2026-quem-e-ze-coca-candidato-a-vice\/#authorImage","url":"https:\/\/secure.gravatar.com\/avatar\/507340682b8270222e1f208e23198b6ae7e2c6a1033ae84e99bc6bce4f82a387?s=96&d=mm&r=g","width":96,"height":96,"caption":"Encontra Jequi\u00e9"}},{"@type":"WebPage","@id":"https:\/\/www.encontrajequie.com.br\/sobre\/eleicoes-2026-quem-e-ze-coca-candidato-a-vice\/#webpage","url":"https:\/\/www.encontrajequie.com.br\/sobre\/eleicoes-2026-quem-e-ze-coca-candidato-a-vice\/","name":"Elei\u00e7\u00f5es 2026: quem \u00e9 Z\u00e9 Coc\u00e1, candidato a vice | Encontra Jequi\u00e9","description":"Z\u00e9 Coc\u00e1 \u00e9 o novo candidato a vice-governador em 2026. Conhe\u00e7a sua trajet\u00f3ria.","inLanguage":"pt-BR","isPartOf":{"@id":"https:\/\/www.encontrajequie.com.br\/sobre\/#website"},"breadcrumb":{"@id":"https:\/\/www.encontrajequie.com.br\/sobre\/eleicoes-2026-quem-e-ze-coca-candidato-a-vice\/#breadcrumblist"},"author":{"@id":"https:\/\/www.encontrajequie.com.br\/sobre\/author\/ejequie\/#author"},"creator":{"@id":"https:\/\/www.encontrajequie.com.br\/sobre\/author\/ejequie\/#author"},"image":{"@type":"ImageObject","url":"https:\/\/www.encontrajequie.com.br\/sobre\/wp-content\/uploads\/2026\/08\/eleicoes-2026-quem-e-ze-coca-candidato-a-vice.webp","@id":"https:\/\/www.encontrajequie.com.br\/sobre\/eleicoes-2026-quem-e-ze-coca-candidato-a-vice\/#mainImage","width":280,"height":280,"caption":"Elei\u00e7\u00f5es 2026"},"primaryImageOfPage":{"@id":"https:\/\/www.encontrajequie.com.br\/sobre\/eleicoes-2026-quem-e-ze-coca-candidato-a-vice\/#mainImage"},"datePublished":"2026-08-10T07:38:01-03:00","dateModified":"2026-08-10T07:38:01-03:00"},{"@type":"WebSite","@id":"https:\/\/www.encontrajequie.com.br\/sobre\/#website","url":"https:\/\/www.encontrajequie.com.br\/sobre\/","name":"Encontra Jequi\u00e9","description":"Not\u00edcias, eventos, informa\u00e7\u00f5es e dicas na cidade de Jequi\u00e9 e regi\u00e3o.","inLanguage":"pt-BR","publisher":{"@id":"https:\/\/www.encontrajequie.com.br\/sobre\/#organization"}}]},"og:locale":"pt_BR","og:site_name":"Encontra Jequi\u00e9 | Not\u00edcias, eventos, informa\u00e7\u00f5es e dicas na cidade de Jequi\u00e9 e regi\u00e3o.","og:type":"article","og:title":"Elei\u00e7\u00f5es 2026: quem \u00e9 Z\u00e9 Coc\u00e1, candidato a vice | Encontra Jequi\u00e9","og:description":"Z\u00e9 Coc\u00e1 \u00e9 o novo candidato a vice-governador em 2026. Conhe\u00e7a sua trajet\u00f3ria.","og:url":"https:\/\/www.encontrajequie.com.br\/sobre\/eleicoes-2026-quem-e-ze-coca-candidato-a-vice\/","article:published_time":"2026-08-10T10:38:01+00:00","article:modified_time":"2026-08-10T10:38:01+00:00","twitter:card":"summary_large_image","twitter:title":"Elei\u00e7\u00f5es 2026: quem \u00e9 Z\u00e9 Coc\u00e1, candidato a vice | Encontra Jequi\u00e9","twitter:description":"Z\u00e9 Coc\u00e1 \u00e9 o novo candidato a vice-governador em 2026. Conhe\u00e7a sua trajet\u00f3ria."},"aioseo_meta_data":{"post_id":"1625","title":null,"description":null,"keywords":null,"keyphrases":null,"primary_term":null,"canonical_url":null,"og_title":null,"og_description":null,"og_object_type":"default","og_image_type":"default","og_image_url":null,"og_image_width":null,"og_image_height":null,"og_image_custom_url":null,"og_image_custom_fields":null,"og_video":null,"og_custom_url":null,"og_article_section":null,"og_article_tags":null,"twitter_use_og":false,"twitter_card":"default","twitter_image_type":"default","twitter_image_url":null,"twitter_image_custom_url":null,"twitter_image_custom_fields":null,"twitter_title":null,"twitter_description":null,"schema":{"blockGraphs":[],"customGraphs":[],"default":{"data":{"Article":[],"Course":[],"Dataset":[],"FAQPage":[],"Movie":[],"Person":[],"Product":[],"ProductReview":[],"Car":[],"Recipe":[],"Service":[],"SoftwareApplication":[],"WebPage":[]},"graphName":"Article","isEnabled":true},"graphs":[]},"schema_type":"default","schema_type_options":null,"pillar_content":false,"robots_default":true,"robots_noindex":false,"robots_noarchive":false,"robots_nosnippet":false,"robots_nofollow":false,"robots_noimageindex":false,"robots_noodp":false,"robots_notranslate":false,"robots_max_snippet":null,"robots_max_videopreview":null,"robots_max_imagepreview":"large","priority":null,"frequency":null,"local_seo":null,"breadcrumb_settings":null,"limit_modified_date":false,"ai":null,"created":"2026-08-10 10:38:01","updated":"2026-08-10 10:38:59","focus_keyword":null,"additional_keywords":null,"truseo_locale":null,"seo_analyzer_scan_date":null},"aioseo_breadcrumb":"<div class=\"aioseo-breadcrumbs\"><span class=\"aioseo-breadcrumb\">\n\t\t\t<a href=\"https:\/\/www.encontrajequie.com.br\/sobre\" title=\"Home\">Home<\/a>\n\t\t<\/span><span class=\"aioseo-breadcrumb-separator\">&raquo;<\/span><span class=\"aioseo-breadcrumb\">\n\t\t\t<a href=\"https:\/\/www.encontrajequie.com.br\/sobre\/noticias-em-jequie\/\" title=\"Not\u00edcias Jequi\u00e9\">Not\u00edcias Jequi\u00e9<\/a>\n\t\t<\/span><span class=\"aioseo-breadcrumb-separator\">&raquo;<\/span><span class=\"aioseo-breadcrumb\">\n\t\t\tElei\u00e7\u00f5es 2026: quem \u00e9 Z\u00e9 Coc\u00e1, candidato a vice\n\t\t<\/span><\/div>","aioseo_breadcrumb_json":[{"label":"Home","link":"https:\/\/www.encontrajequie.com.br\/sobre"},{"label":"Not\u00edcias Jequi\u00e9","link":"https:\/\/www.encontrajequie.com.br\/sobre\/noticias-em-jequie\/"},{"label":"Elei\u00e7\u00f5es 2026: quem \u00e9 Z\u00e9 Coc\u00e1, candidato a vice","link":"https:\/\/www.encontrajequie.com.br\/sobre\/eleicoes-2026-quem-e-ze-coca-candidato-a-vice\/"}],"_links":{"self":[{"href":"https:\/\/www.encontrajequie.com.br\/sobre\/wp-json\/wp\/v2\/posts\/1625","targetHints":{"allow":["GET"]}}],"collection":[{"href":"https:\/\/www.encontrajequie.com.br\/sobre\/wp-json\/wp\/v2\/posts"}],"about":[{"href":"https:\/\/www.encontrajequie.com.br\/sobre\/wp-json\/wp\/v2\/types\/post"}],"author":[{"embeddable":true,"href":"https:\/\/www.encontrajequie.com.br\/sobre\/wp-json\/wp\/v2\/users\/1"}],"replies":[{"embeddable":true,"href":"https:\/\/www.encontrajequie.com.br\/sobre\/wp-json\/wp\/v2\/comments?post=1625"}],"version-history":[{"count":0,"href":"https:\/\/www.encontrajequie.com.br\/sobre\/wp-json\/wp\/v2\/posts\/1625\/revisions"}],"wp:featuredmedia":[{"embeddable":true,"href":"https:\/\/www.encontrajequie.com.br\/sobre\/wp-json\/wp\/v2\/media\/1624"}],"wp:attachment":[{"href":"https:\/\/www.encontrajequie.com.br\/sobre\/wp-json\/wp\/v2\/media?parent=1625"}],"wp:term":[{"taxonomy":"category","embeddable":true,"href":"https:\/\/www.encontrajequie.com.br\/sobre\/wp-json\/wp\/v2\/categories?post=1625"},{"taxonomy":"post_tag","embeddable":true,"href":"https:\/\/www.encontrajequie.com.br\/sobre\/wp-json\/wp\/v2\/tags?post=1625"}],"curies":[{"name":"wp","href":"https:\/\/api.w.org\/{rel}","templated":true}]}}