{"id":1633,"date":"2026-08-10T20:48:04","date_gmt":"2026-08-10T23:48:04","guid":{"rendered":"https:\/\/www.encontrajequie.com.br\/sobre\/bahia-pela-paz-reune-jovens-em-jequie-para-construir-propostas-de-politicas-publicas-durante-escuta-comunitaria\/"},"modified":"2026-08-10T20:48:04","modified_gmt":"2026-08-10T23:48:04","slug":"bahia-pela-paz-reune-jovens-em-jequie-para-construir-propostas-de-politicas-publicas-durante-escuta-comunitaria","status":"publish","type":"post","link":"https:\/\/www.encontrajequie.com.br\/sobre\/bahia-pela-paz-reune-jovens-em-jequie-para-construir-propostas-de-politicas-publicas-durante-escuta-comunitaria\/","title":{"rendered":"Bahia pela Paz re\u00fane jovens em Jequi\u00e9 para construir propostas de pol\u00edticas p\u00fablicas durante Escuta Comunit\u00e1ria"},"content":{"rendered":"<div class=\"30cf832dc5940d4704f66d0ed9a44050\" data-index=\"1\" style=\"float: none; margin:0px;\">\n<!-- Anuncio display - global -->\r\n<ins class=\"adsbygoogle\"\r\n     style=\"display:block\"\r\n     data-ad-client=\"ca-pub-8585364105181520\"\r\n     data-ad-slot=\"8789329856\"\r\n     data-ad-format=\"auto\"\r\n     data-full-width-responsive=\"true\"><\/ins>\r\n<script>\r\n     (adsbygoogle = window.adsbygoogle || []).push({});\r\n<\/script>\n<\/div>\n<h2>O Papel da Juventude nas Pol\u00edticas P\u00fablicas<\/h2>\n<p>A participa\u00e7\u00e3o dos jovens nas discussions sobre pol\u00edticas p\u00fablicas \u00e9 essencial. Eles representam uma parte significativa da popula\u00e7\u00e3o e, como tal, possuem uma vis\u00e3o \u00fanica das realidades e dos desafios enfrentados dentro de suas comunidades. Esta perspectiva \u00e9 vital para moldar pol\u00edticas que atendem \u00e0s suas necessidades e aspir\u00e7\u00f5es. Durante eventos como a Escuta Comunit\u00e1ria, os jovens t\u00eam a oportunidade de expressar suas preocupa\u00e7\u00f5es, sugest\u00f5es e propostas diretamente aos respons\u00e1veis pela formula\u00e7\u00e3o dessas pol\u00edticas, promovendo uma verdadeira democracia participativa.<\/p>\n<h2>Desafios Enfrentados pelos Jovens em Jequi\u00e9<\/h2>\n<p>Os jovens de Jequi\u00e9 enfrentam diversos desafios que impactam sua qualidade de vida e futuro. Quest\u00f5es como a falta de acesso a servi\u00e7os de sa\u00fade, educa\u00e7\u00e3o de qualidade, e oportunidades de emprego s\u00e3o constantes. Al\u00e9m disso, a viol\u00eancia nas comunidades \u00e9 uma preocupa\u00e7\u00e3o central que afeta diretamente a seguran\u00e7a e o bem-estar da juventude. A Escuta Comunit\u00e1ria \u00e9 uma iniciativa que busca identificar e debater esses problemas, permitindo que os jovens compartilhem suas experi\u00eancias e proponham solu\u00e7\u00f5es.<\/p>\n<h2>Escuta Comunit\u00e1ria: Um Espa\u00e7o de Di\u00e1logo<\/h2>\n<p>A Escuta Comunit\u00e1ria \u00e9 um espa\u00e7o fundamental para a troca de ideias e o di\u00e1logo entre os jovens e os formuladores de pol\u00edticas. Neste ambiente, os participantes podem discutir abertamente suas viv\u00eancias e desafios. O formato em grupos tem\u00e1ticos promove discuss\u00f5es mais focadas, onde experi\u00eancias podem ser compartilhadas, criando um panorama claro das quest\u00f5es que precisam ser abordadas. Al\u00e9m disso, as opini\u00f5es expressas durante esses encontros contribuem para um diagn\u00f3stico coletivo que pode influenciar futuras a\u00e7\u00f5es.<\/p>\n<p><img decoding=\"async\" src=\"https:\/\/www.encontrajequie.com.br\/sobre\/wp-content\/uploads\/2026\/08\/bahia-pela-paz-reune-jovens-em-jequie-para-construir-propostas-de-politicas-publicas-durante-escuta-.webp\" alt=\"Bahia pela Paz\" loading=\"lazy\" \/><\/p>\n<h2>Construindo Propostas de A\u00e7\u00f5es Eficazes<\/h2>\n<p>A partir das discuss\u00f5es realizadas durante a Escuta Comunit\u00e1ria, s\u00e3o elaboradas propostas que visam a melhoria das condi\u00e7\u00f5es de vida dos jovens. Esses planos n\u00e3o apenas refletem as necessidades identificadas, mas tamb\u00e9m envolvem os jovens na cria\u00e7\u00e3o de solu\u00e7\u00f5es vi\u00e1veis. Por exemplo, propostas para a implementa\u00e7\u00e3o de programas de qualifica\u00e7\u00e3o profissional e espa\u00e7os seguros para a conviv\u00eancia social s\u00e3o algumas das sugest\u00f5es que emergem desses encontros.<\/p>\n<h2>Seguran\u00e7a P\u00fablica e as Necessidades da Juventude<\/h2>\n<p>A seguran\u00e7a p\u00fablica \u00e9 uma das principais preocupa\u00e7\u00f5es dos jovens. Durante a Escuta Comunit\u00e1ria, muitos participantes relataram suas experi\u00eancias em rela\u00e7\u00e3o \u00e0 viol\u00eancia e \u00e0 falta de seguran\u00e7a em suas comunidades. A necessidade de pol\u00edticas que garantam a seguran\u00e7a da juventude, promovendo um entorno seguro para seus deslocamentos e atividades cotidianas, \u00e9 uma demanda urgente. Essas discuss\u00f5es podem servir como jornada para o desenvolvimento de iniciativas que tratem a viol\u00eancia de forma integrada, buscando solu\u00e7\u00f5es que priorizem as necessidades dos jovens.<\/p>\n<h2>Educa\u00e7\u00e3o: Caminhos para o Futuro<\/h2>\n<p>A educa\u00e7\u00e3o \u00e9 outro pilar central nas conversas sobre pol\u00edticas p\u00fablicas para juventude. Os jovens apontam a falta de acesso a institui\u00e7\u00f5es de ensino de qualidade, cursos t\u00e9cnicos e troca de conhecimentos que os preparariam para o mercado de trabalho. Para que as propostas discutidas na Escuta Comunit\u00e1ria sejam efetivas, \u00e9 essencial que haja um investimento s\u00e9rio em educa\u00e7\u00e3o, contemplando a amplia\u00e7\u00e3o e melhoria das escolas e a diversifica\u00e7\u00e3o das ofertas educativas, inclusive cursos profissionalizantes.<\/p>\n<h2>Sa\u00fade e Assist\u00eancia Social: Temas Cruciais<\/h2>\n<p>A sa\u00fade e assist\u00eancia social s\u00e3o temas que frequentemente surgem nas discuss\u00f5es. Os jovens de Jequi\u00e9 manifestam a necessidade de servi\u00e7os de sa\u00fade mais acess\u00edveis e abrangentes, bem como de apoio psicol\u00f3gico e assist\u00eancia social eficiente. Essas \u00e1reas s\u00e3o fundamentais para garantir que os jovens possam se desenvolver plenamente, e que suas especificidades sejam compreendidas por meio de pol\u00edticas p\u00fablicas que atendam a essas demandas.<\/p>\n<h2>Testemunhos dos Participantes da Escuta<\/h2>\n<p>Os depoimentos dos jovens que participaram da Escuta Comunit\u00e1ria revelam a import\u00e2ncia desse espa\u00e7o para a constru\u00e7\u00e3o de novas perspectivas. Helo\u00edsa Maia, de 17 anos, mencionou que a experi\u00eancia ampliou seu entendimento sobre como sua voz pode impactar a realidade: \u201cQuando somos ouvidos, conseguimos contribuir para transformar a realidade dos nossos territ\u00f3rios.\u201d Em outra perspectiva, \u00cdtalo Pereira, de 16 anos, destacou que o encontro foi uma oportunidade para educar seus colegas sobre direitos e cidadania, melhorando a capacidade de interven\u00e7\u00e3o e participa\u00e7\u00e3o ativa na sociedade.<\/p>\n<h2>A Import\u00e2ncia da Cultura como Ferramenta<\/h2>\n<p>A cultura se apresenta como um forte aliado na promo\u00e7\u00e3o do di\u00e1logo e na mobiliza\u00e7\u00e3o juvenil. A programa\u00e7\u00e3o da Escuta Comunit\u00e1ria incluiu apresenta\u00e7\u00f5es culturais, como as da Orquestra Arte Viva, demonstrando que a arte \u00e9 uma forma de express\u00e3o que pode galvanizar a juventude. Eventos culturais n\u00e3o s\u00f3 fortalecem a identidade local, mas tamb\u00e9m s\u00e3o essenciais para a constru\u00e7\u00e3o de um futuro mais integrado e respeitoso entre os jovens da regi\u00e3o.<\/p>\n<h2>Bahia pela Paz: Um Programa Transformador<\/h2>\n<p>O programa Bahia pela Paz \u00e9 uma iniciativa do governo do Estado da Bahia que atua na preven\u00e7\u00e3o da viol\u00eancia e na promo\u00e7\u00e3o da cultura de paz. Voltado para jovens em situa\u00e7\u00e3o de vulnerabilidade social, o programa busca integrar a\u00e7\u00f5es de seguran\u00e7a p\u00fablica com pol\u00edticas sociais. Atrav\u00e9s de iniciativas como a Escuta Comunit\u00e1ria, o Bahia pela Paz se prop\u00f5e a ouvir os jovens e envolver esses atores na formula\u00e7\u00e3o de pol\u00edticas que impactem positivamente suas vidas. Dessa maneira, o programa n\u00e3o apenas reconhece os desafios enfrentados pela juventude, mas tamb\u00e9m a capacita para se tornar protagonista da mudan\u00e7a em suas comunidades.<\/p>\n<p>Essas iniciativas visam n\u00e3o apenas a prote\u00e7\u00e3o, mas tamb\u00e9m a promo\u00e7\u00e3o da dignidade e a valoriza\u00e7\u00e3o do potencial da juventude, contribuindo assim para a constru\u00e7\u00e3o de uma sociedade mais justa e igualit\u00e1ria.<\/p>\n\n<div style=\"font-size: 0px; height: 0px; line-height: 0px; margin: 0; padding: 0; clear: both;\"><\/div>","protected":false},"excerpt":{"rendered":"<p>Bahia pela Paz une jovens de Jequi\u00e9 para discutir pol\u00edticas p\u00fablicas essenciais.<\/p>\n","protected":false},"author":1,"featured_media":1632,"comment_status":"open","ping_status":"closed","sticky":false,"template":"","format":"standard","meta":{"footnotes":""},"categories":[24],"tags":[],"class_list":["post-1633","post","type-post","status-publish","format-standard","has-post-thumbnail","hentry","category-educacao-em-jequie","has_thumb"],"aioseo_notices":[],"aioseo_head":"\n\t\t<!-- All in One SEO 5.0.0.1 - aioseo.com -->\n\t<meta name=\"description\" content=\"Bahia pela Paz une jovens de Jequi\u00e9 para discutir pol\u00edticas p\u00fablicas essenciais.\" \/>\n\t<meta name=\"robots\" content=\"max-image-preview:large\" \/>\n\t<meta name=\"author\" content=\"Encontra Jequi\u00e9\"\/>\n\t<link rel=\"canonical\" href=\"https:\/\/www.encontrajequie.com.br\/sobre\/bahia-pela-paz-reune-jovens-em-jequie-para-construir-propostas-de-politicas-publicas-durante-escuta-comunitaria\/\" \/>\n\t<meta name=\"generator\" content=\"All in One SEO (AIOSEO) 5.0.0.1\" \/>\n\t\t<meta property=\"og:locale\" content=\"pt_BR\" \/>\n\t\t<meta property=\"og:site_name\" content=\"Encontra Jequi\u00e9 | Not\u00edcias, eventos, informa\u00e7\u00f5es e dicas na cidade de Jequi\u00e9 e regi\u00e3o.\" \/>\n\t\t<meta property=\"og:type\" content=\"article\" \/>\n\t\t<meta property=\"og:title\" content=\"Bahia pela Paz re\u00fane jovens em Jequi\u00e9 para construir propostas de pol\u00edticas p\u00fablicas durante Escuta Comunit\u00e1ria | Encontra Jequi\u00e9\" \/>\n\t\t<meta property=\"og:description\" content=\"Bahia pela Paz une jovens de Jequi\u00e9 para discutir pol\u00edticas p\u00fablicas essenciais.\" \/>\n\t\t<meta property=\"og:url\" content=\"https:\/\/www.encontrajequie.com.br\/sobre\/bahia-pela-paz-reune-jovens-em-jequie-para-construir-propostas-de-politicas-publicas-durante-escuta-comunitaria\/\" \/>\n\t\t<meta property=\"article:published_time\" content=\"2026-08-10T23:48:04+00:00\" \/>\n\t\t<meta property=\"article:modified_time\" content=\"2026-08-10T23:48:04+00:00\" \/>\n\t\t<meta name=\"twitter:card\" content=\"summary_large_image\" \/>\n\t\t<meta name=\"twitter:title\" content=\"Bahia pela Paz re\u00fane jovens em Jequi\u00e9 para construir propostas de pol\u00edticas p\u00fablicas durante Escuta Comunit\u00e1ria | Encontra Jequi\u00e9\" \/>\n\t\t<meta name=\"twitter:description\" content=\"Bahia pela Paz une jovens de Jequi\u00e9 para discutir pol\u00edticas p\u00fablicas essenciais.\" \/>\n\t\t<script type=\"application\/ld+json\" class=\"aioseo-schema\">\n\t\t\t{\"@context\":\"https:\\\/\\\/schema.org\",\"@graph\":[{\"@type\":\"Article\",\"@id\":\"https:\\\/\\\/www.encontrajequie.com.br\\\/sobre\\\/bahia-pela-paz-reune-jovens-em-jequie-para-construir-propostas-de-politicas-publicas-durante-escuta-comunitaria\\\/#article\",\"name\":\"Bahia pela Paz re\\u00fane jovens em Jequi\\u00e9 para construir propostas de pol\\u00edticas p\\u00fablicas durante Escuta Comunit\\u00e1ria | Encontra Jequi\\u00e9\",\"headline\":\"Bahia pela Paz re\\u00fane jovens em Jequi\\u00e9 para construir propostas de pol\\u00edticas p\\u00fablicas durante Escuta Comunit\\u00e1ria\",\"author\":{\"@id\":\"https:\\\/\\\/www.encontrajequie.com.br\\\/sobre\\\/author\\\/ejequie\\\/#author\"},\"publisher\":{\"@id\":\"https:\\\/\\\/www.encontrajequie.com.br\\\/sobre\\\/#organization\"},\"image\":{\"@type\":\"ImageObject\",\"url\":\"https:\\\/\\\/www.encontrajequie.com.br\\\/sobre\\\/wp-content\\\/uploads\\\/2026\\\/08\\\/bahia-pela-paz-reune-jovens-em-jequie-para-construir-propostas-de-politicas-publicas-durante-escuta-.webp\",\"width\":280,\"height\":280,\"caption\":\"Bahia pela Paz\"},\"datePublished\":\"2026-08-10T20:48:04-03:00\",\"dateModified\":\"2026-08-10T20:48:04-03:00\",\"inLanguage\":\"pt-BR\",\"mainEntityOfPage\":{\"@id\":\"https:\\\/\\\/www.encontrajequie.com.br\\\/sobre\\\/bahia-pela-paz-reune-jovens-em-jequie-para-construir-propostas-de-politicas-publicas-durante-escuta-comunitaria\\\/#webpage\"},\"isPartOf\":{\"@id\":\"https:\\\/\\\/www.encontrajequie.com.br\\\/sobre\\\/bahia-pela-paz-reune-jovens-em-jequie-para-construir-propostas-de-politicas-publicas-durante-escuta-comunitaria\\\/#webpage\"},\"articleSection\":\"Educa\\u00e7\\u00e3o Jequi\\u00e9\"},{\"@type\":\"BreadcrumbList\",\"@id\":\"https:\\\/\\\/www.encontrajequie.com.br\\\/sobre\\\/bahia-pela-paz-reune-jovens-em-jequie-para-construir-propostas-de-politicas-publicas-durante-escuta-comunitaria\\\/#breadcrumblist\",\"itemListElement\":[{\"@type\":\"ListItem\",\"@id\":\"https:\\\/\\\/www.encontrajequie.com.br\\\/sobre#listItem\",\"position\":1,\"name\":\"Home\",\"item\":\"https:\\\/\\\/www.encontrajequie.com.br\\\/sobre\",\"nextItem\":{\"@type\":\"ListItem\",\"@id\":\"https:\\\/\\\/www.encontrajequie.com.br\\\/sobre\\\/educacao-em-jequie\\\/#listItem\",\"name\":\"Educa\\u00e7\\u00e3o Jequi\\u00e9\"}},{\"@type\":\"ListItem\",\"@id\":\"https:\\\/\\\/www.encontrajequie.com.br\\\/sobre\\\/educacao-em-jequie\\\/#listItem\",\"position\":2,\"name\":\"Educa\\u00e7\\u00e3o Jequi\\u00e9\",\"item\":\"https:\\\/\\\/www.encontrajequie.com.br\\\/sobre\\\/educacao-em-jequie\\\/\",\"nextItem\":{\"@type\":\"ListItem\",\"@id\":\"https:\\\/\\\/www.encontrajequie.com.br\\\/sobre\\\/bahia-pela-paz-reune-jovens-em-jequie-para-construir-propostas-de-politicas-publicas-durante-escuta-comunitaria\\\/#listItem\",\"name\":\"Bahia pela Paz re\\u00fane jovens em Jequi\\u00e9 para construir propostas de pol\\u00edticas p\\u00fablicas durante Escuta Comunit\\u00e1ria\"},\"previousItem\":{\"@type\":\"ListItem\",\"@id\":\"https:\\\/\\\/www.encontrajequie.com.br\\\/sobre#listItem\",\"name\":\"Home\"}},{\"@type\":\"ListItem\",\"@id\":\"https:\\\/\\\/www.encontrajequie.com.br\\\/sobre\\\/bahia-pela-paz-reune-jovens-em-jequie-para-construir-propostas-de-politicas-publicas-durante-escuta-comunitaria\\\/#listItem\",\"position\":3,\"name\":\"Bahia pela Paz re\\u00fane jovens em Jequi\\u00e9 para construir propostas de pol\\u00edticas p\\u00fablicas durante Escuta Comunit\\u00e1ria\",\"previousItem\":{\"@type\":\"ListItem\",\"@id\":\"https:\\\/\\\/www.encontrajequie.com.br\\\/sobre\\\/educacao-em-jequie\\\/#listItem\",\"name\":\"Educa\\u00e7\\u00e3o Jequi\\u00e9\"}}]},{\"@type\":\"Organization\",\"@id\":\"https:\\\/\\\/www.encontrajequie.com.br\\\/sobre\\\/#organization\",\"name\":\"Encontra Jequi\\u00e9\",\"description\":\"Not\\u00edcias, eventos, informa\\u00e7\\u00f5es e dicas na cidade de Jequi\\u00e9 e regi\\u00e3o.\",\"url\":\"https:\\\/\\\/www.encontrajequie.com.br\\\/sobre\\\/\"},{\"@type\":\"Person\",\"@id\":\"https:\\\/\\\/www.encontrajequie.com.br\\\/sobre\\\/author\\\/ejequie\\\/#author\",\"url\":\"https:\\\/\\\/www.encontrajequie.com.br\\\/sobre\\\/author\\\/ejequie\\\/\",\"name\":\"Encontra Jequi\\u00e9\",\"image\":{\"@type\":\"ImageObject\",\"@id\":\"https:\\\/\\\/www.encontrajequie.com.br\\\/sobre\\\/bahia-pela-paz-reune-jovens-em-jequie-para-construir-propostas-de-politicas-publicas-durante-escuta-comunitaria\\\/#authorImage\",\"url\":\"https:\\\/\\\/secure.gravatar.com\\\/avatar\\\/507340682b8270222e1f208e23198b6ae7e2c6a1033ae84e99bc6bce4f82a387?s=96&d=mm&r=g\",\"width\":96,\"height\":96,\"caption\":\"Encontra Jequi\\u00e9\"}},{\"@type\":\"WebPage\",\"@id\":\"https:\\\/\\\/www.encontrajequie.com.br\\\/sobre\\\/bahia-pela-paz-reune-jovens-em-jequie-para-construir-propostas-de-politicas-publicas-durante-escuta-comunitaria\\\/#webpage\",\"url\":\"https:\\\/\\\/www.encontrajequie.com.br\\\/sobre\\\/bahia-pela-paz-reune-jovens-em-jequie-para-construir-propostas-de-politicas-publicas-durante-escuta-comunitaria\\\/\",\"name\":\"Bahia pela Paz re\\u00fane jovens em Jequi\\u00e9 para construir propostas de pol\\u00edticas p\\u00fablicas durante Escuta Comunit\\u00e1ria | Encontra Jequi\\u00e9\",\"description\":\"Bahia pela Paz une jovens de Jequi\\u00e9 para discutir pol\\u00edticas p\\u00fablicas essenciais.\",\"inLanguage\":\"pt-BR\",\"isPartOf\":{\"@id\":\"https:\\\/\\\/www.encontrajequie.com.br\\\/sobre\\\/#website\"},\"breadcrumb\":{\"@id\":\"https:\\\/\\\/www.encontrajequie.com.br\\\/sobre\\\/bahia-pela-paz-reune-jovens-em-jequie-para-construir-propostas-de-politicas-publicas-durante-escuta-comunitaria\\\/#breadcrumblist\"},\"author\":{\"@id\":\"https:\\\/\\\/www.encontrajequie.com.br\\\/sobre\\\/author\\\/ejequie\\\/#author\"},\"creator\":{\"@id\":\"https:\\\/\\\/www.encontrajequie.com.br\\\/sobre\\\/author\\\/ejequie\\\/#author\"},\"image\":{\"@type\":\"ImageObject\",\"url\":\"https:\\\/\\\/www.encontrajequie.com.br\\\/sobre\\\/wp-content\\\/uploads\\\/2026\\\/08\\\/bahia-pela-paz-reune-jovens-em-jequie-para-construir-propostas-de-politicas-publicas-durante-escuta-.webp\",\"@id\":\"https:\\\/\\\/www.encontrajequie.com.br\\\/sobre\\\/bahia-pela-paz-reune-jovens-em-jequie-para-construir-propostas-de-politicas-publicas-durante-escuta-comunitaria\\\/#mainImage\",\"width\":280,\"height\":280,\"caption\":\"Bahia pela Paz\"},\"primaryImageOfPage\":{\"@id\":\"https:\\\/\\\/www.encontrajequie.com.br\\\/sobre\\\/bahia-pela-paz-reune-jovens-em-jequie-para-construir-propostas-de-politicas-publicas-durante-escuta-comunitaria\\\/#mainImage\"},\"datePublished\":\"2026-08-10T20:48:04-03:00\",\"dateModified\":\"2026-08-10T20:48:04-03:00\"},{\"@type\":\"WebSite\",\"@id\":\"https:\\\/\\\/www.encontrajequie.com.br\\\/sobre\\\/#website\",\"url\":\"https:\\\/\\\/www.encontrajequie.com.br\\\/sobre\\\/\",\"name\":\"Encontra Jequi\\u00e9\",\"description\":\"Not\\u00edcias, eventos, informa\\u00e7\\u00f5es e dicas na cidade de Jequi\\u00e9 e regi\\u00e3o.\",\"inLanguage\":\"pt-BR\",\"publisher\":{\"@id\":\"https:\\\/\\\/www.encontrajequie.com.br\\\/sobre\\\/#organization\"}}]}\n\t\t<\/script>\n\t\t<!-- All in One SEO -->\n\n","aioseo_head_json":{"title":"Bahia pela Paz re\u00fane jovens em Jequi\u00e9 para construir propostas de pol\u00edticas p\u00fablicas durante Escuta Comunit\u00e1ria | Encontra Jequi\u00e9","description":"Bahia pela Paz une jovens de Jequi\u00e9 para discutir pol\u00edticas p\u00fablicas essenciais.","canonical_url":"https:\/\/www.encontrajequie.com.br\/sobre\/bahia-pela-paz-reune-jovens-em-jequie-para-construir-propostas-de-politicas-publicas-durante-escuta-comunitaria\/","robots":"max-image-preview:large","keywords":"","webmasterTools":{"miscellaneous":""},"schema":{"@context":"https:\/\/schema.org","@graph":[{"@type":"Article","@id":"https:\/\/www.encontrajequie.com.br\/sobre\/bahia-pela-paz-reune-jovens-em-jequie-para-construir-propostas-de-politicas-publicas-durante-escuta-comunitaria\/#article","name":"Bahia pela Paz re\u00fane jovens em Jequi\u00e9 para construir propostas de pol\u00edticas p\u00fablicas durante Escuta Comunit\u00e1ria | Encontra Jequi\u00e9","headline":"Bahia pela Paz re\u00fane jovens em Jequi\u00e9 para construir propostas de pol\u00edticas p\u00fablicas durante Escuta Comunit\u00e1ria","author":{"@id":"https:\/\/www.encontrajequie.com.br\/sobre\/author\/ejequie\/#author"},"publisher":{"@id":"https:\/\/www.encontrajequie.com.br\/sobre\/#organization"},"image":{"@type":"ImageObject","url":"https:\/\/www.encontrajequie.com.br\/sobre\/wp-content\/uploads\/2026\/08\/bahia-pela-paz-reune-jovens-em-jequie-para-construir-propostas-de-politicas-publicas-durante-escuta-.webp","width":280,"height":280,"caption":"Bahia pela Paz"},"datePublished":"2026-08-10T20:48:04-03:00","dateModified":"2026-08-10T20:48:04-03:00","inLanguage":"pt-BR","mainEntityOfPage":{"@id":"https:\/\/www.encontrajequie.com.br\/sobre\/bahia-pela-paz-reune-jovens-em-jequie-para-construir-propostas-de-politicas-publicas-durante-escuta-comunitaria\/#webpage"},"isPartOf":{"@id":"https:\/\/www.encontrajequie.com.br\/sobre\/bahia-pela-paz-reune-jovens-em-jequie-para-construir-propostas-de-politicas-publicas-durante-escuta-comunitaria\/#webpage"},"articleSection":"Educa\u00e7\u00e3o Jequi\u00e9"},{"@type":"BreadcrumbList","@id":"https:\/\/www.encontrajequie.com.br\/sobre\/bahia-pela-paz-reune-jovens-em-jequie-para-construir-propostas-de-politicas-publicas-durante-escuta-comunitaria\/#breadcrumblist","itemListElement":[{"@type":"ListItem","@id":"https:\/\/www.encontrajequie.com.br\/sobre#listItem","position":1,"name":"Home","item":"https:\/\/www.encontrajequie.com.br\/sobre","nextItem":{"@type":"ListItem","@id":"https:\/\/www.encontrajequie.com.br\/sobre\/educacao-em-jequie\/#listItem","name":"Educa\u00e7\u00e3o Jequi\u00e9"}},{"@type":"ListItem","@id":"https:\/\/www.encontrajequie.com.br\/sobre\/educacao-em-jequie\/#listItem","position":2,"name":"Educa\u00e7\u00e3o Jequi\u00e9","item":"https:\/\/www.encontrajequie.com.br\/sobre\/educacao-em-jequie\/","nextItem":{"@type":"ListItem","@id":"https:\/\/www.encontrajequie.com.br\/sobre\/bahia-pela-paz-reune-jovens-em-jequie-para-construir-propostas-de-politicas-publicas-durante-escuta-comunitaria\/#listItem","name":"Bahia pela Paz re\u00fane jovens em Jequi\u00e9 para construir propostas de pol\u00edticas p\u00fablicas durante Escuta Comunit\u00e1ria"},"previousItem":{"@type":"ListItem","@id":"https:\/\/www.encontrajequie.com.br\/sobre#listItem","name":"Home"}},{"@type":"ListItem","@id":"https:\/\/www.encontrajequie.com.br\/sobre\/bahia-pela-paz-reune-jovens-em-jequie-para-construir-propostas-de-politicas-publicas-durante-escuta-comunitaria\/#listItem","position":3,"name":"Bahia pela Paz re\u00fane jovens em Jequi\u00e9 para construir propostas de pol\u00edticas p\u00fablicas durante Escuta Comunit\u00e1ria","previousItem":{"@type":"ListItem","@id":"https:\/\/www.encontrajequie.com.br\/sobre\/educacao-em-jequie\/#listItem","name":"Educa\u00e7\u00e3o Jequi\u00e9"}}]},{"@type":"Organization","@id":"https:\/\/www.encontrajequie.com.br\/sobre\/#organization","name":"Encontra Jequi\u00e9","description":"Not\u00edcias, eventos, informa\u00e7\u00f5es e dicas na cidade de Jequi\u00e9 e regi\u00e3o.","url":"https:\/\/www.encontrajequie.com.br\/sobre\/"},{"@type":"Person","@id":"https:\/\/www.encontrajequie.com.br\/sobre\/author\/ejequie\/#author","url":"https:\/\/www.encontrajequie.com.br\/sobre\/author\/ejequie\/","name":"Encontra Jequi\u00e9","image":{"@type":"ImageObject","@id":"https:\/\/www.encontrajequie.com.br\/sobre\/bahia-pela-paz-reune-jovens-em-jequie-para-construir-propostas-de-politicas-publicas-durante-escuta-comunitaria\/#authorImage","url":"https:\/\/secure.gravatar.com\/avatar\/507340682b8270222e1f208e23198b6ae7e2c6a1033ae84e99bc6bce4f82a387?s=96&d=mm&r=g","width":96,"height":96,"caption":"Encontra Jequi\u00e9"}},{"@type":"WebPage","@id":"https:\/\/www.encontrajequie.com.br\/sobre\/bahia-pela-paz-reune-jovens-em-jequie-para-construir-propostas-de-politicas-publicas-durante-escuta-comunitaria\/#webpage","url":"https:\/\/www.encontrajequie.com.br\/sobre\/bahia-pela-paz-reune-jovens-em-jequie-para-construir-propostas-de-politicas-publicas-durante-escuta-comunitaria\/","name":"Bahia pela Paz re\u00fane jovens em Jequi\u00e9 para construir propostas de pol\u00edticas p\u00fablicas durante Escuta Comunit\u00e1ria | Encontra Jequi\u00e9","description":"Bahia pela Paz une jovens de Jequi\u00e9 para discutir pol\u00edticas p\u00fablicas essenciais.","inLanguage":"pt-BR","isPartOf":{"@id":"https:\/\/www.encontrajequie.com.br\/sobre\/#website"},"breadcrumb":{"@id":"https:\/\/www.encontrajequie.com.br\/sobre\/bahia-pela-paz-reune-jovens-em-jequie-para-construir-propostas-de-politicas-publicas-durante-escuta-comunitaria\/#breadcrumblist"},"author":{"@id":"https:\/\/www.encontrajequie.com.br\/sobre\/author\/ejequie\/#author"},"creator":{"@id":"https:\/\/www.encontrajequie.com.br\/sobre\/author\/ejequie\/#author"},"image":{"@type":"ImageObject","url":"https:\/\/www.encontrajequie.com.br\/sobre\/wp-content\/uploads\/2026\/08\/bahia-pela-paz-reune-jovens-em-jequie-para-construir-propostas-de-politicas-publicas-durante-escuta-.webp","@id":"https:\/\/www.encontrajequie.com.br\/sobre\/bahia-pela-paz-reune-jovens-em-jequie-para-construir-propostas-de-politicas-publicas-durante-escuta-comunitaria\/#mainImage","width":280,"height":280,"caption":"Bahia pela Paz"},"primaryImageOfPage":{"@id":"https:\/\/www.encontrajequie.com.br\/sobre\/bahia-pela-paz-reune-jovens-em-jequie-para-construir-propostas-de-politicas-publicas-durante-escuta-comunitaria\/#mainImage"},"datePublished":"2026-08-10T20:48:04-03:00","dateModified":"2026-08-10T20:48:04-03:00"},{"@type":"WebSite","@id":"https:\/\/www.encontrajequie.com.br\/sobre\/#website","url":"https:\/\/www.encontrajequie.com.br\/sobre\/","name":"Encontra Jequi\u00e9","description":"Not\u00edcias, eventos, informa\u00e7\u00f5es e dicas na cidade de Jequi\u00e9 e regi\u00e3o.","inLanguage":"pt-BR","publisher":{"@id":"https:\/\/www.encontrajequie.com.br\/sobre\/#organization"}}]},"og:locale":"pt_BR","og:site_name":"Encontra Jequi\u00e9 | Not\u00edcias, eventos, informa\u00e7\u00f5es e dicas na cidade de Jequi\u00e9 e regi\u00e3o.","og:type":"article","og:title":"Bahia pela Paz re\u00fane jovens em Jequi\u00e9 para construir propostas de pol\u00edticas p\u00fablicas durante Escuta Comunit\u00e1ria | Encontra Jequi\u00e9","og:description":"Bahia pela Paz une jovens de Jequi\u00e9 para discutir pol\u00edticas p\u00fablicas essenciais.","og:url":"https:\/\/www.encontrajequie.com.br\/sobre\/bahia-pela-paz-reune-jovens-em-jequie-para-construir-propostas-de-politicas-publicas-durante-escuta-comunitaria\/","article:published_time":"2026-08-10T23:48:04+00:00","article:modified_time":"2026-08-10T23:48:04+00:00","twitter:card":"summary_large_image","twitter:title":"Bahia pela Paz re\u00fane jovens em Jequi\u00e9 para construir propostas de pol\u00edticas p\u00fablicas durante Escuta Comunit\u00e1ria | Encontra Jequi\u00e9","twitter:description":"Bahia pela Paz une jovens de Jequi\u00e9 para discutir pol\u00edticas p\u00fablicas essenciais."},"aioseo_meta_data":{"post_id":"1633","title":null,"description":null,"keywords":null,"keyphrases":null,"primary_term":null,"canonical_url":null,"og_title":null,"og_description":null,"og_object_type":"default","og_image_type":"default","og_image_url":null,"og_image_width":null,"og_image_height":null,"og_image_custom_url":null,"og_image_custom_fields":null,"og_video":null,"og_custom_url":null,"og_article_section":null,"og_article_tags":null,"twitter_use_og":false,"twitter_card":"default","twitter_image_type":"default","twitter_image_url":null,"twitter_image_custom_url":null,"twitter_image_custom_fields":null,"twitter_title":null,"twitter_description":null,"schema":{"blockGraphs":[],"customGraphs":[],"default":{"data":{"Article":[],"Course":[],"Dataset":[],"FAQPage":[],"Movie":[],"Person":[],"Product":[],"ProductReview":[],"Car":[],"Recipe":[],"Service":[],"SoftwareApplication":[],"WebPage":[]},"graphName":"Article","isEnabled":true},"graphs":[]},"schema_type":"default","schema_type_options":null,"pillar_content":false,"robots_default":true,"robots_noindex":false,"robots_noarchive":false,"robots_nosnippet":false,"robots_nofollow":false,"robots_noimageindex":false,"robots_noodp":false,"robots_notranslate":false,"robots_max_snippet":null,"robots_max_videopreview":null,"robots_max_imagepreview":"large","priority":null,"frequency":null,"local_seo":null,"breadcrumb_settings":null,"limit_modified_date":false,"ai":null,"created":"2026-08-10 23:48:04","updated":"2026-08-11 00:04:20","focus_keyword":null,"additional_keywords":null,"truseo_locale":null,"seo_analyzer_scan_date":null},"aioseo_breadcrumb":"<div class=\"aioseo-breadcrumbs\"><span class=\"aioseo-breadcrumb\">\n\t\t\t<a href=\"https:\/\/www.encontrajequie.com.br\/sobre\" title=\"Home\">Home<\/a>\n\t\t<\/span><span class=\"aioseo-breadcrumb-separator\">&raquo;<\/span><span class=\"aioseo-breadcrumb\">\n\t\t\t<a href=\"https:\/\/www.encontrajequie.com.br\/sobre\/educacao-em-jequie\/\" title=\"Educa\u00e7\u00e3o Jequi\u00e9\">Educa\u00e7\u00e3o Jequi\u00e9<\/a>\n\t\t<\/span><span class=\"aioseo-breadcrumb-separator\">&raquo;<\/span><span class=\"aioseo-breadcrumb\">\n\t\t\tBahia pela Paz re\u00fane jovens em Jequi\u00e9 para construir propostas de pol\u00edticas p\u00fablicas durante Escuta Comunit\u00e1ria\n\t\t<\/span><\/div>","aioseo_breadcrumb_json":[{"label":"Home","link":"https:\/\/www.encontrajequie.com.br\/sobre"},{"label":"Educa\u00e7\u00e3o Jequi\u00e9","link":"https:\/\/www.encontrajequie.com.br\/sobre\/educacao-em-jequie\/"},{"label":"Bahia pela Paz re\u00fane jovens em Jequi\u00e9 para construir propostas de pol\u00edticas p\u00fablicas durante Escuta Comunit\u00e1ria","link":"https:\/\/www.encontrajequie.com.br\/sobre\/bahia-pela-paz-reune-jovens-em-jequie-para-construir-propostas-de-politicas-publicas-durante-escuta-comunitaria\/"}],"_links":{"self":[{"href":"https:\/\/www.encontrajequie.com.br\/sobre\/wp-json\/wp\/v2\/posts\/1633","targetHints":{"allow":["GET"]}}],"collection":[{"href":"https:\/\/www.encontrajequie.com.br\/sobre\/wp-json\/wp\/v2\/posts"}],"about":[{"href":"https:\/\/www.encontrajequie.com.br\/sobre\/wp-json\/wp\/v2\/types\/post"}],"author":[{"embeddable":true,"href":"https:\/\/www.encontrajequie.com.br\/sobre\/wp-json\/wp\/v2\/users\/1"}],"replies":[{"embeddable":true,"href":"https:\/\/www.encontrajequie.com.br\/sobre\/wp-json\/wp\/v2\/comments?post=1633"}],"version-history":[{"count":0,"href":"https:\/\/www.encontrajequie.com.br\/sobre\/wp-json\/wp\/v2\/posts\/1633\/revisions"}],"wp:featuredmedia":[{"embeddable":true,"href":"https:\/\/www.encontrajequie.com.br\/sobre\/wp-json\/wp\/v2\/media\/1632"}],"wp:attachment":[{"href":"https:\/\/www.encontrajequie.com.br\/sobre\/wp-json\/wp\/v2\/media?parent=1633"}],"wp:term":[{"taxonomy":"category","embeddable":true,"href":"https:\/\/www.encontrajequie.com.br\/sobre\/wp-json\/wp\/v2\/categories?post=1633"},{"taxonomy":"post_tag","embeddable":true,"href":"https:\/\/www.encontrajequie.com.br\/sobre\/wp-json\/wp\/v2\/tags?post=1633"}],"curies":[{"name":"wp","href":"https:\/\/api.w.org\/{rel}","templated":true}]}}