{"id":1659,"date":"2026-08-14T05:21:18","date_gmt":"2026-08-14T08:21:18","guid":{"rendered":"https:\/\/www.encontrajequie.com.br\/sobre\/ze-coca-pp-44-candidato-a-vice\/"},"modified":"2026-08-14T05:21:18","modified_gmt":"2026-08-14T08:21:18","slug":"ze-coca-pp-44-candidato-a-vice","status":"publish","type":"post","link":"https:\/\/www.encontrajequie.com.br\/sobre\/ze-coca-pp-44-candidato-a-vice\/","title":{"rendered":"z\u00e9 Coc\u00e1 (PP) 44: Candidato a Vice"},"content":{"rendered":"<div class=\"30cf832dc5940d4704f66d0ed9a44050\" data-index=\"1\" style=\"float: none; margin:0px;\">\n<!-- Anuncio display - global -->\r\n<ins class=\"adsbygoogle\"\r\n     style=\"display:block\"\r\n     data-ad-client=\"ca-pub-8585364105181520\"\r\n     data-ad-slot=\"8789329856\"\r\n     data-ad-format=\"auto\"\r\n     data-full-width-responsive=\"true\"><\/ins>\r\n<script>\r\n     (adsbygoogle = window.adsbygoogle || []).push({});\r\n<\/script>\n<\/div>\n<h2>Quem \u00e9 Z\u00e9 Coc\u00e1?<\/h2>\n<p>Z\u00e9 Coc\u00e1, cujo nome completo \u00e9 Zenildo Brand\u00e3o Santana, \u00e9 um candidato ao cargo de Vice-Governador da Bahia nas elei\u00e7\u00f5es de 2026. Nascido na cidade de Itiru\u00e7u, na Bahia, Z\u00e9 Coc\u00e1 est\u00e1 representando o partido Progressistas, utilizando o n\u00famero 44 em sua campanha.<\/p>\n<h2>Hist\u00f3ria e Forma\u00e7\u00e3o do Candidato<\/h2>\n<p>Com 50 anos de idade, Z\u00e9 Coc\u00e1 \u00e9 casado e possui um diploma de n\u00edvel superior. Atuando como produtor agropecu\u00e1rio, ele traz uma bagagem significativa de experi\u00eancia no setor rural, o que pode beneficiar a gest\u00e3o p\u00fablica, especialmente em quest\u00f5es relacionadas \u00e0 agricultura e \u00e0 economia rural.<\/p>\n<h2>Propostas para a Vice-Governadoria<\/h2>\n<p>Durante a sua campanha, Z\u00e9 Coc\u00e1 tem focado em diversas propostas que visam melhorar a qualidade de vida dos cidad\u00e3os baianos. Entre os seus principais pontos, destacam-se:<\/p>\n<p><img decoding=\"async\" src=\"https:\/\/www.encontrajequie.com.br\/sobre\/wp-content\/uploads\/2026\/08\/ze-coca-pp-44-candidato-a-vice.webp\" alt=\"Z\u00e9 Coc\u00e1\" loading=\"lazy\" \/><\/p>\n<ul>\n<li><strong>Desenvolvimento Agropecu\u00e1rio:<\/strong> Incentivar programas que auxiliem os agricultores, promovendo melhorias nas t\u00e9cnicas de cultivo e na comercializa\u00e7\u00e3o dos produtos.<\/li>\n<li><strong>Sa\u00fade e Educa\u00e7\u00e3o:<\/strong> Apoiar investimentos nas \u00e1reas de sa\u00fade e educa\u00e7\u00e3o, garantindo acesso \u00e0 assist\u00eancia m\u00e9dica e a uma forma\u00e7\u00e3o de qualidade para todos.<\/li>\n<li><strong>Infraestrutura:<\/strong> Melhorar a infraestrutura nas cidades, promovendo estradas e servi\u00e7os essenciais que beneficiem o crescimento urbano.<\/li>\n<li><strong>Participa\u00e7\u00e3o Cidad\u00e3:<\/strong> Criar canais de di\u00e1logo entre o governo e a popula\u00e7\u00e3o, ouvindo suas demandas e propondo solu\u00e7\u00f5es efetivas.<\/li>\n<\/ul>\n<h2>Situa\u00e7\u00e3o Atual da Candidatura<\/h2>\n<p>Atualmente, a candidatura de Z\u00e9 Coc\u00e1 est\u00e1 aguardando julgamento, conforme informa\u00e7\u00f5es do Tribunal Superior Eleitoral (TSE). Isso significa que seu pedido de registro ainda n\u00e3o foi analisado pela Justi\u00e7a Eleitoral. Essa fase \u00e9 crucial para oficializar sua participa\u00e7\u00e3o nas elei\u00e7\u00f5es.<\/p>\n<h2>Fichas e Dados Importantes<\/h2>\n<p>Abaixo, apresentamos algumas informa\u00e7\u00f5es essenciais sobre Z\u00e9 Coc\u00e1:<\/p>\n<table>\n<tr>\n<th>Nome<\/th>\n<th>N\u00famero do Candidato<\/th>\n<th>Cargo<\/th>\n<th>Partido<\/th>\n<th>Cidade<\/th>\n<th>Idade<\/th>\n<th>G\u00eanero<\/th>\n<th>Ra\u00e7a<\/th>\n<th>Nacionalidade<\/th>\n<th>UF de Nascimento<\/th>\n<th>Munic\u00edpio de Nascimento<\/th>\n<th>Estado Civil<\/th>\n<th>Grau de Instru\u00e7\u00e3o<\/th>\n<th>Ocupa\u00e7\u00e3o<\/th>\n<\/tr>\n<tr>\n<td>Zenildo Brand\u00e3o Santana<\/td>\n<td>44<\/td>\n<td>Vice-governador<\/td>\n<td>PP<\/td>\n<td>Bahia<\/td>\n<td>50 anos<\/td>\n<td>Masculino<\/td>\n<td>Branca<\/td>\n<td>Brasileira nata<\/td>\n<td>BA<\/td>\n<td>Itiru\u00e7u<\/td>\n<td>Casado(a)<\/td>\n<td>Superior completo<\/td>\n<td>Produtor agropecu\u00e1rio<\/td>\n<\/tr>\n<\/table>\n<h2>Bens Declarados de Z\u00e9 Coc\u00e1<\/h2>\n<p>Os bens declarados pelo candidato foram informados ao TSE e totalizam um valor significativo. Confira um resumo:<\/p>\n<table>\n<tr>\n<th>Descri\u00e7\u00e3o<\/th>\n<th>Tipo<\/th>\n<th>Valor do Bem<\/th>\n<\/tr>\n<tr>\n<td>20 lotes situados no loteamento Palestina, Lafaiete Coutinho\/BA<\/td>\n<td>Terreno<\/td>\n<td>R$30.000,00<\/td>\n<\/tr>\n<tr>\n<td>S\u00edtio Fazenda na regi\u00e3o da Barragem das Pedras, Jequi\u00e9\/BA<\/td>\n<td>Outros bens im\u00f3veis<\/td>\n<td>R$200.000,00<\/td>\n<\/tr>\n<tr>\n<td>Fazenda Vit\u00f3ria I, Lafaiete Coutinho\/BA<\/td>\n<td>Outros bens im\u00f3veis<\/td>\n<td>R$200.000,00<\/td>\n<\/tr>\n<tr>\n<td>Im\u00f3vel residencial no loteamento Portal Pindorama, Rua dos L\u00edrios, 102, Jequi\u00e9\/BA<\/td>\n<td>Casa<\/td>\n<td>R$600.000,00<\/td>\n<\/tr>\n<tr>\n<td>S\u00edtio situado no distrito de Catingal, Manoel Vitorino\/BA<\/td>\n<td>Outros bens im\u00f3veis<\/td>\n<td>R$600.000,00<\/td>\n<\/tr>\n<tr>\n<td>Apartamento em Rua Ibiacusse, 614, Patamares, Salvador\/BA<\/td>\n<td>Apartamento<\/td>\n<td>R$350.000,00<\/td>\n<\/tr>\n<tr>\n<td>Aplica\u00e7\u00e3o de renda fixa CDB<\/td>\n<td>Aplica\u00e7\u00e3o de renda fixa (CDB, RDB e outros)<\/td>\n<td>R$13.356,00<\/td>\n<\/tr>\n<tr>\n<td>Saldo em conta na Caixa Econ\u00f4mica<\/td>\n<td>Dep\u00f3sito banc\u00e1rio em conta corrente no Pa\u00eds<\/td>\n<td>R$351,00<\/td>\n<\/tr>\n<tr>\n<td>22% da Fazenda Marinbondo em Lafaiete Coutinho\/BA<\/td>\n<td>Outros bens im\u00f3veis<\/td>\n<td>R$144.300,00<\/td>\n<\/tr>\n<tr>\n<td>Im\u00f3vel residencial em Lafaiete Coutinho\/BA, Rua Guilherme Lapa, 230<\/td>\n<td>Casa<\/td>\n<td>R$150.000,00<\/td>\n<\/tr>\n<tr>\n<td>Fazenda Boa Esperan\u00e7a, Lafaiete Coutinho\/BA<\/td>\n<td>Outros bens im\u00f3veis<\/td>\n<td>R$30.000,00<\/td>\n<\/tr>\n<tr>\n<td>Saldo em conta corrente no Bradesco<\/td>\n<td>Dep\u00f3sito banc\u00e1rio em conta corrente no Pa\u00eds<\/td>\n<td>R$1,00<\/td>\n<\/tr>\n<tr>\n<td>BB CDB Rende F\u00e1cil Banco do Brasil<\/td>\n<td>Outros bens im\u00f3veis<\/td>\n<td>R$28.011,00<\/td>\n<\/tr>\n<tr>\n<td>Cabe\u00e7as de gado<\/td>\n<td>Outros bens e direitos<\/td>\n<td>R$700.000,00<\/td>\n<\/tr>\n<tr>\n<td>Fazenda Lagoa da Boa Vista, Lafaiete Coutinho\/BA<\/td>\n<td>Outros bens im\u00f3veis<\/td>\n<td>R$100.000,00<\/td>\n<\/tr>\n<tr>\n<td>Valor em moeda corrente<\/td>\n<td>Dinheiro em esp\u00e9cie &#8211; moeda nacional<\/td>\n<td>R$120.000,00<\/td>\n<\/tr>\n<\/table>\n<h2>Impacto da Candidatura nas Elei\u00e7\u00f5es<\/h2>\n<p>A candidatura de Z\u00e9 Coc\u00e1 traz \u00e0 tona discuss\u00f5es importantes sobre o futuro da Bahia. Sua experi\u00eancia no setor agropecu\u00e1rio pode influenciar pol\u00edticas voltadas para a agricultura, promovendo, assim, melhorias que afetam diretamente a economia local. O apoio \u00e0 popula\u00e7\u00e3o e o incentivo ao desenvolvimento sustent\u00e1vel s\u00e3o fatores que podem fazer a diferen\u00e7a nas elei\u00e7\u00f5es e impactar a decis\u00e3o dos eleitores.<\/p>\n<h2>An\u00e1lise dos Concorrentes na Bahia<\/h2>\n<p>No contexto eleitoral baiano, Z\u00e9 Coc\u00e1 n\u00e3o est\u00e1 sozinho. A disputa para o cargo de Vice-Governador conta com diversas outras candidaturas. Cada um dos concorrentes apresenta propostas distintas, e as estrat\u00e9gias de campanha podem variar amplamente. A capacidade de Z\u00e9 Coc\u00e1 de se destacar em meio a esse cen\u00e1rio competitivo ser\u00e1 crucial para sua elei\u00e7\u00e3o.<\/p>\n<h2>Como Acompanhar a Campanha<\/h2>\n<p>Os interessados em acompanhar as atividades da campanha de Z\u00e9 Coc\u00e1 podem faz\u00ea-lo atrav\u00e9s de seus canais oficiais nas redes sociais, onde frequentemente publicam atualiza\u00e7\u00f5es sobre eventos, propostas e intera\u00e7\u00f5es com o p\u00fablico. Estar atento a essas plataformas ajuda os eleitores a entender melhor o posicionamento do candidato e suas iniciativas.<\/p>\n<h2>Redes Sociais e Contato<\/h2>\n<p>Z\u00e9 Coc\u00e1 mant\u00e9m presen\u00e7a em v\u00e1rias redes sociais, permitindo que os eleitores se conectem com ele facilmente. A seguir est\u00e3o os links das suas principais contas:<\/p>\n<ul>\n<li><a href=\"https:\/\/www.threads.com\/@zecocaoficial?igshid=ntc4mtiwnjq2yq==\">Threads<\/a><\/li>\n<li><a href=\"https:\/\/www.facebook.com\/SHARE\/1DJJBAXVBC\/?MIBEXTID=WWXIFR\">Facebook<\/a><\/li>\n<li><a href=\"https:\/\/x.com\/zecocaoficial\">X<\/a><\/li>\n<li><a href=\"https:\/\/www.zecoca.com.br\">Website Oficial<\/a><\/li>\n<li><a href=\"https:\/\/youtube.com\/@zecoca5311?si=mea8onesbmifzk>Youtube<\/a><\/li>\n<li><a href=\"https:\/\/www.instagram.com\/zecocaoficial?igsh=OhrlyzlkcwL6Z3pk\">Instagram<\/a><\/li>\n<li><a href=\"https:\/\/www.tiktok.com\/@zecoca_oficial?_r=1&#038;_t=zs-98ou8iee9po\">TikTok<\/a><\/li>\n<\/ul>\n<h2>Outros candidatos na Bahia<\/h2>\n<p>A Bahia apresenta uma diversidade de candidatos nas elei\u00e7\u00f5es de 2026, incluindo disputas para os cargos de Governador, Senador, Deputado Federal e Deputado Estadual. Cada um traz uma perspectiva \u00fanica, o que torna as elei\u00e7\u00f5es ainda mais interessantes e competitivas.<\/p>\n<h2>Informa\u00e7\u00f5es Adicionais<\/h2>\n<p>As informa\u00e7\u00f5es mencionadas neste guia foram extra\u00eddas conforme as divulga\u00e7\u00f5es feitas pelo TSE, seguindo a legisla\u00e7\u00e3o eleitoral do Brasil. Para mais detalhes, os interessados devem consultar fontes oficiais e acompanhar as orienta\u00e7\u00f5es da Justi\u00e7a Eleitoral. Caso tenha d\u00favidas, n\u00e3o hesite em entrar em contato.<\/p>\n\n<div style=\"font-size: 0px; height: 0px; line-height: 0px; margin: 0; padding: 0; clear: both;\"><\/div>","protected":false},"excerpt":{"rendered":"<p>Z\u00e9 Coc\u00e1 \u00e9 candidato a Vice-Governador na Bahia. Descubra tudo sobre ele.<\/p>\n","protected":false},"author":1,"featured_media":1658,"comment_status":"open","ping_status":"closed","sticky":false,"template":"","format":"standard","meta":{"footnotes":""},"categories":[1],"tags":[],"class_list":["post-1659","post","type-post","status-publish","format-standard","has-post-thumbnail","hentry","category-noticias-em-jequie","has_thumb"],"aioseo_notices":[],"aioseo_head":"\n\t\t<!-- All in One SEO 5.0.0.1 - aioseo.com -->\n\t<meta name=\"description\" content=\"Z\u00e9 Coc\u00e1 \u00e9 candidato a Vice-Governador na Bahia. Descubra tudo sobre ele.\" \/>\n\t<meta name=\"robots\" content=\"max-image-preview:large\" \/>\n\t<meta name=\"author\" content=\"Encontra Jequi\u00e9\"\/>\n\t<link rel=\"canonical\" href=\"https:\/\/www.encontrajequie.com.br\/sobre\/ze-coca-pp-44-candidato-a-vice\/\" \/>\n\t<meta name=\"generator\" content=\"All in One SEO (AIOSEO) 5.0.0.1\" \/>\n\t\t<meta property=\"og:locale\" content=\"pt_BR\" \/>\n\t\t<meta property=\"og:site_name\" content=\"Encontra Jequi\u00e9 | Not\u00edcias, eventos, informa\u00e7\u00f5es e dicas na cidade de Jequi\u00e9 e regi\u00e3o.\" \/>\n\t\t<meta property=\"og:type\" content=\"article\" \/>\n\t\t<meta property=\"og:title\" content=\"z\u00e9 Coc\u00e1 (PP) 44: Candidato a Vice | Encontra Jequi\u00e9\" \/>\n\t\t<meta property=\"og:description\" content=\"Z\u00e9 Coc\u00e1 \u00e9 candidato a Vice-Governador na Bahia. Descubra tudo sobre ele.\" \/>\n\t\t<meta property=\"og:url\" content=\"https:\/\/www.encontrajequie.com.br\/sobre\/ze-coca-pp-44-candidato-a-vice\/\" \/>\n\t\t<meta property=\"article:published_time\" content=\"2026-08-14T08:21:18+00:00\" \/>\n\t\t<meta property=\"article:modified_time\" content=\"2026-08-14T08:21:18+00:00\" \/>\n\t\t<meta name=\"twitter:card\" content=\"summary_large_image\" \/>\n\t\t<meta name=\"twitter:title\" content=\"z\u00e9 Coc\u00e1 (PP) 44: Candidato a Vice | Encontra Jequi\u00e9\" \/>\n\t\t<meta name=\"twitter:description\" content=\"Z\u00e9 Coc\u00e1 \u00e9 candidato a Vice-Governador na Bahia. Descubra tudo sobre ele.\" \/>\n\t\t<script type=\"application\/ld+json\" class=\"aioseo-schema\">\n\t\t\t{\"@context\":\"https:\\\/\\\/schema.org\",\"@graph\":[{\"@type\":\"Article\",\"@id\":\"https:\\\/\\\/www.encontrajequie.com.br\\\/sobre\\\/ze-coca-pp-44-candidato-a-vice\\\/#article\",\"name\":\"z\\u00e9 Coc\\u00e1 (PP) 44: Candidato a Vice | Encontra Jequi\\u00e9\",\"headline\":\"z\\u00e9 Coc\\u00e1 (PP) 44: Candidato a Vice\",\"author\":{\"@id\":\"https:\\\/\\\/www.encontrajequie.com.br\\\/sobre\\\/author\\\/ejequie\\\/#author\"},\"publisher\":{\"@id\":\"https:\\\/\\\/www.encontrajequie.com.br\\\/sobre\\\/#organization\"},\"image\":{\"@type\":\"ImageObject\",\"url\":\"https:\\\/\\\/www.encontrajequie.com.br\\\/sobre\\\/wp-content\\\/uploads\\\/2026\\\/08\\\/ze-coca-pp-44-candidato-a-vice.webp\",\"width\":280,\"height\":280,\"caption\":\"Z\\u00e9 Coc\\u00e1\"},\"datePublished\":\"2026-08-14T05:21:18-03:00\",\"dateModified\":\"2026-08-14T05:21:18-03:00\",\"inLanguage\":\"pt-BR\",\"mainEntityOfPage\":{\"@id\":\"https:\\\/\\\/www.encontrajequie.com.br\\\/sobre\\\/ze-coca-pp-44-candidato-a-vice\\\/#webpage\"},\"isPartOf\":{\"@id\":\"https:\\\/\\\/www.encontrajequie.com.br\\\/sobre\\\/ze-coca-pp-44-candidato-a-vice\\\/#webpage\"},\"articleSection\":\"Not\\u00edcias Jequi\\u00e9\"},{\"@type\":\"BreadcrumbList\",\"@id\":\"https:\\\/\\\/www.encontrajequie.com.br\\\/sobre\\\/ze-coca-pp-44-candidato-a-vice\\\/#breadcrumblist\",\"itemListElement\":[{\"@type\":\"ListItem\",\"@id\":\"https:\\\/\\\/www.encontrajequie.com.br\\\/sobre#listItem\",\"position\":1,\"name\":\"Home\",\"item\":\"https:\\\/\\\/www.encontrajequie.com.br\\\/sobre\",\"nextItem\":{\"@type\":\"ListItem\",\"@id\":\"https:\\\/\\\/www.encontrajequie.com.br\\\/sobre\\\/noticias-em-jequie\\\/#listItem\",\"name\":\"Not\\u00edcias Jequi\\u00e9\"}},{\"@type\":\"ListItem\",\"@id\":\"https:\\\/\\\/www.encontrajequie.com.br\\\/sobre\\\/noticias-em-jequie\\\/#listItem\",\"position\":2,\"name\":\"Not\\u00edcias Jequi\\u00e9\",\"item\":\"https:\\\/\\\/www.encontrajequie.com.br\\\/sobre\\\/noticias-em-jequie\\\/\",\"nextItem\":{\"@type\":\"ListItem\",\"@id\":\"https:\\\/\\\/www.encontrajequie.com.br\\\/sobre\\\/ze-coca-pp-44-candidato-a-vice\\\/#listItem\",\"name\":\"z\\u00e9 Coc\\u00e1 (PP) 44: Candidato a Vice\"},\"previousItem\":{\"@type\":\"ListItem\",\"@id\":\"https:\\\/\\\/www.encontrajequie.com.br\\\/sobre#listItem\",\"name\":\"Home\"}},{\"@type\":\"ListItem\",\"@id\":\"https:\\\/\\\/www.encontrajequie.com.br\\\/sobre\\\/ze-coca-pp-44-candidato-a-vice\\\/#listItem\",\"position\":3,\"name\":\"z\\u00e9 Coc\\u00e1 (PP) 44: Candidato a Vice\",\"previousItem\":{\"@type\":\"ListItem\",\"@id\":\"https:\\\/\\\/www.encontrajequie.com.br\\\/sobre\\\/noticias-em-jequie\\\/#listItem\",\"name\":\"Not\\u00edcias Jequi\\u00e9\"}}]},{\"@type\":\"Organization\",\"@id\":\"https:\\\/\\\/www.encontrajequie.com.br\\\/sobre\\\/#organization\",\"name\":\"Encontra Jequi\\u00e9\",\"description\":\"Not\\u00edcias, eventos, informa\\u00e7\\u00f5es e dicas na cidade de Jequi\\u00e9 e regi\\u00e3o.\",\"url\":\"https:\\\/\\\/www.encontrajequie.com.br\\\/sobre\\\/\"},{\"@type\":\"Person\",\"@id\":\"https:\\\/\\\/www.encontrajequie.com.br\\\/sobre\\\/author\\\/ejequie\\\/#author\",\"url\":\"https:\\\/\\\/www.encontrajequie.com.br\\\/sobre\\\/author\\\/ejequie\\\/\",\"name\":\"Encontra Jequi\\u00e9\",\"image\":{\"@type\":\"ImageObject\",\"@id\":\"https:\\\/\\\/www.encontrajequie.com.br\\\/sobre\\\/ze-coca-pp-44-candidato-a-vice\\\/#authorImage\",\"url\":\"https:\\\/\\\/secure.gravatar.com\\\/avatar\\\/507340682b8270222e1f208e23198b6ae7e2c6a1033ae84e99bc6bce4f82a387?s=96&d=mm&r=g\",\"width\":96,\"height\":96,\"caption\":\"Encontra Jequi\\u00e9\"}},{\"@type\":\"WebPage\",\"@id\":\"https:\\\/\\\/www.encontrajequie.com.br\\\/sobre\\\/ze-coca-pp-44-candidato-a-vice\\\/#webpage\",\"url\":\"https:\\\/\\\/www.encontrajequie.com.br\\\/sobre\\\/ze-coca-pp-44-candidato-a-vice\\\/\",\"name\":\"z\\u00e9 Coc\\u00e1 (PP) 44: Candidato a Vice | Encontra Jequi\\u00e9\",\"description\":\"Z\\u00e9 Coc\\u00e1 \\u00e9 candidato a Vice-Governador na Bahia. Descubra tudo sobre ele.\",\"inLanguage\":\"pt-BR\",\"isPartOf\":{\"@id\":\"https:\\\/\\\/www.encontrajequie.com.br\\\/sobre\\\/#website\"},\"breadcrumb\":{\"@id\":\"https:\\\/\\\/www.encontrajequie.com.br\\\/sobre\\\/ze-coca-pp-44-candidato-a-vice\\\/#breadcrumblist\"},\"author\":{\"@id\":\"https:\\\/\\\/www.encontrajequie.com.br\\\/sobre\\\/author\\\/ejequie\\\/#author\"},\"creator\":{\"@id\":\"https:\\\/\\\/www.encontrajequie.com.br\\\/sobre\\\/author\\\/ejequie\\\/#author\"},\"image\":{\"@type\":\"ImageObject\",\"url\":\"https:\\\/\\\/www.encontrajequie.com.br\\\/sobre\\\/wp-content\\\/uploads\\\/2026\\\/08\\\/ze-coca-pp-44-candidato-a-vice.webp\",\"@id\":\"https:\\\/\\\/www.encontrajequie.com.br\\\/sobre\\\/ze-coca-pp-44-candidato-a-vice\\\/#mainImage\",\"width\":280,\"height\":280,\"caption\":\"Z\\u00e9 Coc\\u00e1\"},\"primaryImageOfPage\":{\"@id\":\"https:\\\/\\\/www.encontrajequie.com.br\\\/sobre\\\/ze-coca-pp-44-candidato-a-vice\\\/#mainImage\"},\"datePublished\":\"2026-08-14T05:21:18-03:00\",\"dateModified\":\"2026-08-14T05:21:18-03:00\"},{\"@type\":\"WebSite\",\"@id\":\"https:\\\/\\\/www.encontrajequie.com.br\\\/sobre\\\/#website\",\"url\":\"https:\\\/\\\/www.encontrajequie.com.br\\\/sobre\\\/\",\"name\":\"Encontra Jequi\\u00e9\",\"description\":\"Not\\u00edcias, eventos, informa\\u00e7\\u00f5es e dicas na cidade de Jequi\\u00e9 e regi\\u00e3o.\",\"inLanguage\":\"pt-BR\",\"publisher\":{\"@id\":\"https:\\\/\\\/www.encontrajequie.com.br\\\/sobre\\\/#organization\"}}]}\n\t\t<\/script>\n\t\t<!-- All in One SEO -->\n\n","aioseo_head_json":{"title":"z\u00e9 Coc\u00e1 (PP) 44: Candidato a Vice | Encontra Jequi\u00e9","description":"Z\u00e9 Coc\u00e1 \u00e9 candidato a Vice-Governador na Bahia. Descubra tudo sobre ele.","canonical_url":"https:\/\/www.encontrajequie.com.br\/sobre\/ze-coca-pp-44-candidato-a-vice\/","robots":"max-image-preview:large","keywords":"","webmasterTools":{"miscellaneous":""},"schema":{"@context":"https:\/\/schema.org","@graph":[{"@type":"Article","@id":"https:\/\/www.encontrajequie.com.br\/sobre\/ze-coca-pp-44-candidato-a-vice\/#article","name":"z\u00e9 Coc\u00e1 (PP) 44: Candidato a Vice | Encontra Jequi\u00e9","headline":"z\u00e9 Coc\u00e1 (PP) 44: Candidato a Vice","author":{"@id":"https:\/\/www.encontrajequie.com.br\/sobre\/author\/ejequie\/#author"},"publisher":{"@id":"https:\/\/www.encontrajequie.com.br\/sobre\/#organization"},"image":{"@type":"ImageObject","url":"https:\/\/www.encontrajequie.com.br\/sobre\/wp-content\/uploads\/2026\/08\/ze-coca-pp-44-candidato-a-vice.webp","width":280,"height":280,"caption":"Z\u00e9 Coc\u00e1"},"datePublished":"2026-08-14T05:21:18-03:00","dateModified":"2026-08-14T05:21:18-03:00","inLanguage":"pt-BR","mainEntityOfPage":{"@id":"https:\/\/www.encontrajequie.com.br\/sobre\/ze-coca-pp-44-candidato-a-vice\/#webpage"},"isPartOf":{"@id":"https:\/\/www.encontrajequie.com.br\/sobre\/ze-coca-pp-44-candidato-a-vice\/#webpage"},"articleSection":"Not\u00edcias Jequi\u00e9"},{"@type":"BreadcrumbList","@id":"https:\/\/www.encontrajequie.com.br\/sobre\/ze-coca-pp-44-candidato-a-vice\/#breadcrumblist","itemListElement":[{"@type":"ListItem","@id":"https:\/\/www.encontrajequie.com.br\/sobre#listItem","position":1,"name":"Home","item":"https:\/\/www.encontrajequie.com.br\/sobre","nextItem":{"@type":"ListItem","@id":"https:\/\/www.encontrajequie.com.br\/sobre\/noticias-em-jequie\/#listItem","name":"Not\u00edcias Jequi\u00e9"}},{"@type":"ListItem","@id":"https:\/\/www.encontrajequie.com.br\/sobre\/noticias-em-jequie\/#listItem","position":2,"name":"Not\u00edcias Jequi\u00e9","item":"https:\/\/www.encontrajequie.com.br\/sobre\/noticias-em-jequie\/","nextItem":{"@type":"ListItem","@id":"https:\/\/www.encontrajequie.com.br\/sobre\/ze-coca-pp-44-candidato-a-vice\/#listItem","name":"z\u00e9 Coc\u00e1 (PP) 44: Candidato a Vice"},"previousItem":{"@type":"ListItem","@id":"https:\/\/www.encontrajequie.com.br\/sobre#listItem","name":"Home"}},{"@type":"ListItem","@id":"https:\/\/www.encontrajequie.com.br\/sobre\/ze-coca-pp-44-candidato-a-vice\/#listItem","position":3,"name":"z\u00e9 Coc\u00e1 (PP) 44: Candidato a Vice","previousItem":{"@type":"ListItem","@id":"https:\/\/www.encontrajequie.com.br\/sobre\/noticias-em-jequie\/#listItem","name":"Not\u00edcias Jequi\u00e9"}}]},{"@type":"Organization","@id":"https:\/\/www.encontrajequie.com.br\/sobre\/#organization","name":"Encontra Jequi\u00e9","description":"Not\u00edcias, eventos, informa\u00e7\u00f5es e dicas na cidade de Jequi\u00e9 e regi\u00e3o.","url":"https:\/\/www.encontrajequie.com.br\/sobre\/"},{"@type":"Person","@id":"https:\/\/www.encontrajequie.com.br\/sobre\/author\/ejequie\/#author","url":"https:\/\/www.encontrajequie.com.br\/sobre\/author\/ejequie\/","name":"Encontra Jequi\u00e9","image":{"@type":"ImageObject","@id":"https:\/\/www.encontrajequie.com.br\/sobre\/ze-coca-pp-44-candidato-a-vice\/#authorImage","url":"https:\/\/secure.gravatar.com\/avatar\/507340682b8270222e1f208e23198b6ae7e2c6a1033ae84e99bc6bce4f82a387?s=96&d=mm&r=g","width":96,"height":96,"caption":"Encontra Jequi\u00e9"}},{"@type":"WebPage","@id":"https:\/\/www.encontrajequie.com.br\/sobre\/ze-coca-pp-44-candidato-a-vice\/#webpage","url":"https:\/\/www.encontrajequie.com.br\/sobre\/ze-coca-pp-44-candidato-a-vice\/","name":"z\u00e9 Coc\u00e1 (PP) 44: Candidato a Vice | Encontra Jequi\u00e9","description":"Z\u00e9 Coc\u00e1 \u00e9 candidato a Vice-Governador na Bahia. Descubra tudo sobre ele.","inLanguage":"pt-BR","isPartOf":{"@id":"https:\/\/www.encontrajequie.com.br\/sobre\/#website"},"breadcrumb":{"@id":"https:\/\/www.encontrajequie.com.br\/sobre\/ze-coca-pp-44-candidato-a-vice\/#breadcrumblist"},"author":{"@id":"https:\/\/www.encontrajequie.com.br\/sobre\/author\/ejequie\/#author"},"creator":{"@id":"https:\/\/www.encontrajequie.com.br\/sobre\/author\/ejequie\/#author"},"image":{"@type":"ImageObject","url":"https:\/\/www.encontrajequie.com.br\/sobre\/wp-content\/uploads\/2026\/08\/ze-coca-pp-44-candidato-a-vice.webp","@id":"https:\/\/www.encontrajequie.com.br\/sobre\/ze-coca-pp-44-candidato-a-vice\/#mainImage","width":280,"height":280,"caption":"Z\u00e9 Coc\u00e1"},"primaryImageOfPage":{"@id":"https:\/\/www.encontrajequie.com.br\/sobre\/ze-coca-pp-44-candidato-a-vice\/#mainImage"},"datePublished":"2026-08-14T05:21:18-03:00","dateModified":"2026-08-14T05:21:18-03:00"},{"@type":"WebSite","@id":"https:\/\/www.encontrajequie.com.br\/sobre\/#website","url":"https:\/\/www.encontrajequie.com.br\/sobre\/","name":"Encontra Jequi\u00e9","description":"Not\u00edcias, eventos, informa\u00e7\u00f5es e dicas na cidade de Jequi\u00e9 e regi\u00e3o.","inLanguage":"pt-BR","publisher":{"@id":"https:\/\/www.encontrajequie.com.br\/sobre\/#organization"}}]},"og:locale":"pt_BR","og:site_name":"Encontra Jequi\u00e9 | Not\u00edcias, eventos, informa\u00e7\u00f5es e dicas na cidade de Jequi\u00e9 e regi\u00e3o.","og:type":"article","og:title":"z\u00e9 Coc\u00e1 (PP) 44: Candidato a Vice | Encontra Jequi\u00e9","og:description":"Z\u00e9 Coc\u00e1 \u00e9 candidato a Vice-Governador na Bahia. Descubra tudo sobre ele.","og:url":"https:\/\/www.encontrajequie.com.br\/sobre\/ze-coca-pp-44-candidato-a-vice\/","article:published_time":"2026-08-14T08:21:18+00:00","article:modified_time":"2026-08-14T08:21:18+00:00","twitter:card":"summary_large_image","twitter:title":"z\u00e9 Coc\u00e1 (PP) 44: Candidato a Vice | Encontra Jequi\u00e9","twitter:description":"Z\u00e9 Coc\u00e1 \u00e9 candidato a Vice-Governador na Bahia. Descubra tudo sobre ele."},"aioseo_meta_data":{"post_id":"1659","title":null,"description":null,"keywords":null,"keyphrases":null,"primary_term":null,"canonical_url":null,"og_title":null,"og_description":null,"og_object_type":"default","og_image_type":"default","og_image_url":null,"og_image_width":null,"og_image_height":null,"og_image_custom_url":null,"og_image_custom_fields":null,"og_video":null,"og_custom_url":null,"og_article_section":null,"og_article_tags":null,"twitter_use_og":false,"twitter_card":"default","twitter_image_type":"default","twitter_image_url":null,"twitter_image_custom_url":null,"twitter_image_custom_fields":null,"twitter_title":null,"twitter_description":null,"schema":{"blockGraphs":[],"customGraphs":[],"default":{"data":{"Article":[],"Course":[],"Dataset":[],"FAQPage":[],"Movie":[],"Person":[],"Product":[],"ProductReview":[],"Car":[],"Recipe":[],"Service":[],"SoftwareApplication":[],"WebPage":[]},"graphName":"Article","isEnabled":true},"graphs":[]},"schema_type":"default","schema_type_options":null,"pillar_content":false,"robots_default":true,"robots_noindex":false,"robots_noarchive":false,"robots_nosnippet":false,"robots_nofollow":false,"robots_noimageindex":false,"robots_noodp":false,"robots_notranslate":false,"robots_max_snippet":null,"robots_max_videopreview":null,"robots_max_imagepreview":"large","priority":null,"frequency":null,"local_seo":null,"breadcrumb_settings":null,"limit_modified_date":false,"ai":null,"created":"2026-08-14 08:21:18","updated":"2026-08-14 08:23:09","focus_keyword":null,"additional_keywords":null,"truseo_locale":null,"seo_analyzer_scan_date":null},"aioseo_breadcrumb":"<div class=\"aioseo-breadcrumbs\"><span class=\"aioseo-breadcrumb\">\n\t\t\t<a href=\"https:\/\/www.encontrajequie.com.br\/sobre\" title=\"Home\">Home<\/a>\n\t\t<\/span><span class=\"aioseo-breadcrumb-separator\">&raquo;<\/span><span class=\"aioseo-breadcrumb\">\n\t\t\t<a href=\"https:\/\/www.encontrajequie.com.br\/sobre\/noticias-em-jequie\/\" title=\"Not\u00edcias Jequi\u00e9\">Not\u00edcias Jequi\u00e9<\/a>\n\t\t<\/span><span class=\"aioseo-breadcrumb-separator\">&raquo;<\/span><span class=\"aioseo-breadcrumb\">\n\t\t\tz\u00e9 Coc\u00e1 (PP) 44: Candidato a Vice\n\t\t<\/span><\/div>","aioseo_breadcrumb_json":[{"label":"Home","link":"https:\/\/www.encontrajequie.com.br\/sobre"},{"label":"Not\u00edcias Jequi\u00e9","link":"https:\/\/www.encontrajequie.com.br\/sobre\/noticias-em-jequie\/"},{"label":"z\u00e9 Coc\u00e1 (PP) 44: Candidato a Vice","link":"https:\/\/www.encontrajequie.com.br\/sobre\/ze-coca-pp-44-candidato-a-vice\/"}],"_links":{"self":[{"href":"https:\/\/www.encontrajequie.com.br\/sobre\/wp-json\/wp\/v2\/posts\/1659","targetHints":{"allow":["GET"]}}],"collection":[{"href":"https:\/\/www.encontrajequie.com.br\/sobre\/wp-json\/wp\/v2\/posts"}],"about":[{"href":"https:\/\/www.encontrajequie.com.br\/sobre\/wp-json\/wp\/v2\/types\/post"}],"author":[{"embeddable":true,"href":"https:\/\/www.encontrajequie.com.br\/sobre\/wp-json\/wp\/v2\/users\/1"}],"replies":[{"embeddable":true,"href":"https:\/\/www.encontrajequie.com.br\/sobre\/wp-json\/wp\/v2\/comments?post=1659"}],"version-history":[{"count":0,"href":"https:\/\/www.encontrajequie.com.br\/sobre\/wp-json\/wp\/v2\/posts\/1659\/revisions"}],"wp:featuredmedia":[{"embeddable":true,"href":"https:\/\/www.encontrajequie.com.br\/sobre\/wp-json\/wp\/v2\/media\/1658"}],"wp:attachment":[{"href":"https:\/\/www.encontrajequie.com.br\/sobre\/wp-json\/wp\/v2\/media?parent=1659"}],"wp:term":[{"taxonomy":"category","embeddable":true,"href":"https:\/\/www.encontrajequie.com.br\/sobre\/wp-json\/wp\/v2\/categories?post=1659"},{"taxonomy":"post_tag","embeddable":true,"href":"https:\/\/www.encontrajequie.com.br\/sobre\/wp-json\/wp\/v2\/tags?post=1659"}],"curies":[{"name":"wp","href":"https:\/\/api.w.org\/{rel}","templated":true}]}}