{"id":170,"date":"2025-10-24T07:17:00","date_gmt":"2025-10-24T10:17:00","guid":{"rendered":"https:\/\/www.encontrajequie.com.br\/sobre\/domingos-ailton-fala-na-italia-sobre-a-aventura-dos-italianos-na-fundacao-de-jequie-ba\/"},"modified":"2025-10-24T07:17:00","modified_gmt":"2025-10-24T10:17:00","slug":"domingos-ailton-fala-na-italia-sobre-a-aventura-dos-italianos-na-fundacao-de-jequie-ba","status":"publish","type":"post","link":"https:\/\/www.encontrajequie.com.br\/sobre\/domingos-ailton-fala-na-italia-sobre-a-aventura-dos-italianos-na-fundacao-de-jequie-ba\/","title":{"rendered":"Domingos Ailton fala na It\u00e1lia sobre a aventura dos italianos na funda\u00e7\u00e3o de Jequi\u00e9 (BA)"},"content":{"rendered":"<div class=\"30cf832dc5940d4704f66d0ed9a44050\" data-index=\"1\" style=\"float: none; margin:0px;\">\n<!-- Anuncio display - global -->\r\n<ins class=\"adsbygoogle\"\r\n     style=\"display:block\"\r\n     data-ad-client=\"ca-pub-8585364105181520\"\r\n     data-ad-slot=\"8789329856\"\r\n     data-ad-format=\"auto\"\r\n     data-full-width-responsive=\"true\"><\/ins>\r\n<script>\r\n     (adsbygoogle = window.adsbygoogle || []).push({});\r\n<\/script>\n<\/div>\n<h2>A Import\u00e2ncia dos Italianos em Jequi\u00e9<\/h2>\n<p>Jequi\u00e9 \u00e9 uma cidade que carrega uma rica <strong>hist\u00f3ria cultural<\/strong>, e uma das suas influ\u00eancias mais marcantes \u00e9 a imigra\u00e7\u00e3o italiana. A chegada dos italianos trouxe diversas contribui\u00e7\u00f5es que moldaram a identidade local. Os imigrantes foram essenciais na forma\u00e7\u00e3o do <strong>com\u00e9rcio<\/strong> e na implementa\u00e7\u00e3o de novas pr\u00e1ticas agr\u00edcolas, especialmente na regi\u00e3o do Vale do Jiquiri\u00e7\u00e1.<\/p>\n<p>Os italianos se estabeleceram em Jequi\u00e9 e redondezas a partir do final do s\u00e9culo XIX e in\u00edcio do s\u00e9culo XX. Eles trouxeram consigo t\u00e9cnicas de cultivo que melhoraram a produtividade das planta\u00e7\u00f5es, especialmente de caf\u00e9 e frutas. Essa mudan\u00e7a aumentou a economia local significativamente, criando novas oportunidades para a popula\u00e7\u00e3o. Al\u00e9m disso, a culin\u00e1ria italiana se integrou \u00e0 cultura local, com pratos que at\u00e9 hoje s\u00e3o apreciados.<\/p>\n<h2>Domingos Ailton: Voz da Cultura Baiana<\/h2>\n<p>Domingos Ailton \u00e9 uma figura emblem\u00e1tica da cultura em Jequi\u00e9. Ele \u00e9 conhecido por seu trabalho como <strong>escritor<\/strong>, <strong>poeta<\/strong> e ativista cultural. Seu amor pela literatura e pelas tradi\u00e7\u00f5es locais ajudou a preservar e promover a hist\u00f3ria da imigra\u00e7\u00e3o em Jequi\u00e9. Ailton se dedicou, em especial, a contar as hist\u00f3rias dos imigrantes italianos, destacando suas lutas e conquistas.<\/p>\n<p>Por meio de suas obras, Domingos Ailton n\u00e3o s\u00f3 homenageia a cultura italiana, mas tamb\u00e9m se torna um ponto de conex\u00e3o entre os descendentes de imigrantes e a nova gera\u00e7\u00e3o. Seu trabalho \u00e9 um convite \u00e0 reflex\u00e3o sobre a diversidade cultural que forma a Bahia, refor\u00e7ando a necessidade de valoriza\u00e7\u00e3o das ra\u00edzes hist\u00f3ricas.<\/p>\n<h2>C\u00e2mara dos Deputados da It\u00e1lia: Um Encontro Cultural<\/h2>\n<p>Em reconhecimento \u00e0 import\u00e2ncia da imigra\u00e7\u00e3o italiana, a <strong>C\u00e2mara dos Deputados da It\u00e1lia<\/strong> promoveu eventos culturais que abrangem a di\u00e1spora italiana, incluindo a comunidade de Jequi\u00e9. As iniciativas incluem exposi\u00e7\u00f5es de arte, encontros liter\u00e1rios e discuss\u00f5es sobre a contribui\u00e7\u00e3o italiana para a sociedade brasileira.<\/p>\n<p>Esse reconhecimento por parte da C\u00e2mara dos Deputados n\u00e3o s\u00f3 fortalece os la\u00e7os culturais entre o Brasil e a It\u00e1lia, mas tamb\u00e9m celebra a <strong>multiculturalidade<\/strong> que caracteriza a identidade brasileira. Tais eventos ajudam a manter viva a mem\u00f3ria da imigra\u00e7\u00e3o e incentivam o interc\u00e2mbio cultural.<\/p>\n<h2>Felisqui\u00e9: Celebrando a Literatura e a Imigra\u00e7\u00e3o<\/h2>\n<p>Felisqui\u00e9 \u00e9 um festival liter\u00e1rio que ocorre em Jequi\u00e9, e um dos seus principais objetivos \u00e9 celebrar a literatura e a cultura imigrante, com foco especial na presen\u00e7a italiana. O evento conta com a participa\u00e7\u00e3o de diversos escritores, poetas e artistas que apresentam suas obras e discutem temas relacionados \u00e0 imigra\u00e7\u00e3o.<\/p>\n<p>Durante o festival, s\u00e3o promovidas oficinas liter\u00e1rias, palestras e lan\u00e7amentos de livros. O ambiente criativo \u00e9 uma oportunidade para jovens escritores se inspirarem nas hist\u00f3rias dos imigrantes e expressarem suas pr\u00f3prias experi\u00eancias atrav\u00e9s da literatura. Felisqui\u00e9 reflete a riqueza cultural de Jequi\u00e9, conectando o presente com o passado dos imigrantes.<\/p>\n<h2>A Hist\u00f3ria da Imigra\u00e7\u00e3o Italiana no Brasil<\/h2>\n<p>A imigra\u00e7\u00e3o italiana no Brasil come\u00e7ou oficialmente no s\u00e9culo XIX, quando muitos italianos deixaram seu pa\u00eds em busca de melhores condi\u00e7\u00f5es de vida. Os primeiros grupos chegaram a S\u00e3o Paulo, mas logo outros estados, como a Bahia, tamb\u00e9m receberam imigrantes. Em Jequi\u00e9, a chegada dos italianos ajudou a diversificar a composi\u00e7\u00e3o \u00e9tnica da regi\u00e3o.<\/p>\n<p>A hist\u00f3ria da imigra\u00e7\u00e3o italiana \u00e9 marcada por desafios, mas tamb\u00e9m por supera\u00e7\u00f5es. Os imigrantes enfrentaram barreiras lingu\u00edsticas, a adapta\u00e7\u00e3o a uma nova cultura e, muitas vezes, a resist\u00eancia de grupos locais. Contudo, com o tempo, conseguiram criar la\u00e7os e se integrar, contribuindo para o crescimento econ\u00f4mico e social das comunidades onde se estabeleceram.<\/p>\n<h2>Como a Imigra\u00e7\u00e3o Transformou Jequi\u00e9<\/h2>\n<p>Os imigrantes italianos transformaram Jequi\u00e9 de diversas maneiras. Eles trouxeram habilidades, conhecimento e tradi\u00e7\u00f5es que ajudaram a troncar a economia local. As pr\u00e1ticas agr\u00edcolas que introduziram aumentaram significativamente a produtividade das lavouras, especialmente no cultivo de caf\u00e9, milho e hortali\u00e7as.<\/p>\n<p>Al\u00e9m das contribui\u00e7\u00f5es econ\u00f4micas, os italianos tamb\u00e9m influenciaram o <strong>patrim\u00f4nio cultural<\/strong> de Jequi\u00e9. Suas tradi\u00e7\u00f5es, festividades e culin\u00e1ria enriqueceram a vida social da cidade. A presen\u00e7a italiana \u00e9 vis\u00edvel nas festas, nos pratos t\u00edpicos e nas manifesta\u00e7\u00f5es art\u00edsticas que se perpetuaram ao longo dos anos.<\/p>\n<h2>Efeitos Culturais da Imigra\u00e7\u00e3o Italiana<\/h2>\n<p>A cultura italiana deixou uma marca indel\u00e9vel em Jequi\u00e9. As tradi\u00e7\u00f5es que foram trazidas pelos imigrantes, como a celebra\u00e7\u00e3o de festas t\u00edpicas, dan\u00e7as e m\u00fasicas italianas, s\u00e3o lembradas at\u00e9 hoje. Essas manifesta\u00e7\u00f5es culturais s\u00e3o um testemunho da for\u00e7a da imigra\u00e7\u00e3o e do interc\u00e2mbio cultural.<\/p>\n<p>Al\u00e9m disso, a influ\u00eancia da literatura italiana \u00e9 not\u00e1vel. Autores e poetas italianos inspiraram muitos escritores brasileiros, criando uma ponte liter\u00e1ria que une as duas culturas. Essa troca permitiu que a identidade cultural de Jequi\u00e9 se expandisse, tornando-se um espa\u00e7o f\u00e9rtil para a express\u00e3o art\u00edstica.<\/p>\n<h2>Jequi\u00e9 e sua Emancipa\u00e7\u00e3o Cultural<\/h2>\n<p>Jequi\u00e9 \u00e9 um exemplo de como a <strong>imers\u00e3o cultural<\/strong> pode levar \u00e0 emancipa\u00e7\u00e3o. A presen\u00e7a de diversas etnias, incluindo os italianos, enriqueceu o tecido social da cidade. Essa diversidade permitiu o surgimento de novas formas de arte, literatura e festivais que celebram a pluralidade cultural.<\/p>\n<p>A emancipa\u00e7\u00e3o cultural em Jequi\u00e9 \u00e9 vis\u00edvel nas v\u00e1rias iniciativas art\u00edsticas que promovem a inclus\u00e3o e o respeito \u00e0s diferentes tradi\u00e7\u00f5es. A cidade se destacou na promo\u00e7\u00e3o de eventos que valorizam a heran\u00e7a cultural de seus habitantes, criando um espa\u00e7o onde todos t\u00eam voz.<\/p>\n<h2>Festa Liter\u00e1ria Internacional: Um Legado Cultural<\/h2>\n<p>A Festa Liter\u00e1ria Internacional de Jequi\u00e9 \u00e9 um evento que re\u00fane escritores, artistas e o p\u00fablico em geral. O objetivo \u00e9 celebrar a literatura, a arte e as culturas que formam a identidade da cidade. Este evento se tornou um leg\u00edtimo <strong>legado cultural<\/strong>, promovendo o interc\u00e2mbio de ideias e experi\u00eancias.<\/p>\n<p>Durante a festa, s\u00e3o realizadas palestras, debates e oficinas que abordam a import\u00e2ncia da imigra\u00e7\u00e3o e a influ\u00eancia da literatura italiana na cultura brasileira. O evento ajuda a educar novas gera\u00e7\u00f5es sobre a hist\u00f3ria de Jequi\u00e9, mantendo viva a mem\u00f3ria dos imigrantes que contribu\u00edram para a forma\u00e7\u00e3o da cidade.<\/p>\n<h2>Rela\u00e7\u00f5es Culturais: It\u00e1lia e Bahia<\/h2>\n<p>As rela\u00e7\u00f5es culturais entre a It\u00e1lia e a Bahia s\u00e3o profundas e multifacetadas. A imigra\u00e7\u00e3o italiana \u00e9 um dos pilares que sustentam essa conex\u00e3o. As trocas culturais acontecem em diversas \u00e1reas, como arte, culin\u00e1ria e literatura. Os la\u00e7os que se formaram ao longo dos anos continuam a enriquecer a cultura bahiana.<\/p>\n<p>Atrav\u00e9s de eventos, exposi\u00e7\u00f5es e interc\u00e2mbios, a Bahia mant\u00e9m um di\u00e1logo aberto com a It\u00e1lia. Os descendentes de imigrantes italianos se tornam embaixadores dessa cultura, preservando suas tradi\u00e7\u00f5es e promovendo um interc\u00e2mbio que \u00e9 ben\u00e9fico para ambas as partes. A rela\u00e7\u00e3o cultural \u00e9 um testemunho do poder da imigra\u00e7\u00e3o e da capacidade de criar comunidades vibrantes e diversificadas.<\/p>\n\n<div style=\"font-size: 0px; height: 0px; line-height: 0px; margin: 0; padding: 0; clear: both;\"><\/div>","protected":false},"excerpt":{"rendered":"<p>Domingos Ailton revela a fascinante hist\u00f3ria da imigra\u00e7\u00e3o italiana em Jequi\u00e9, Bahia.<\/p>\n","protected":false},"author":1,"featured_media":169,"comment_status":"open","ping_status":"closed","sticky":false,"template":"","format":"standard","meta":{"footnotes":""},"categories":[1],"tags":[],"class_list":["post-170","post","type-post","status-publish","format-standard","has-post-thumbnail","hentry","category-noticias-em-jequie","has_thumb"],"aioseo_notices":[],"aioseo_head":"\n\t\t<!-- All in One SEO 5.0.0.1 - aioseo.com -->\n\t<meta name=\"description\" content=\"Domingos Ailton revela a fascinante hist\u00f3ria da imigra\u00e7\u00e3o italiana em Jequi\u00e9, Bahia.\" \/>\n\t<meta name=\"robots\" content=\"max-image-preview:large\" \/>\n\t<meta name=\"author\" content=\"Encontra Jequi\u00e9\"\/>\n\t<link rel=\"canonical\" href=\"https:\/\/www.encontrajequie.com.br\/sobre\/domingos-ailton-fala-na-italia-sobre-a-aventura-dos-italianos-na-fundacao-de-jequie-ba\/\" \/>\n\t<meta name=\"generator\" content=\"All in One SEO (AIOSEO) 5.0.0.1\" \/>\n\t\t<meta property=\"og:locale\" content=\"pt_BR\" \/>\n\t\t<meta property=\"og:site_name\" content=\"Encontra Jequi\u00e9 | Not\u00edcias, eventos, informa\u00e7\u00f5es e dicas na cidade de Jequi\u00e9 e regi\u00e3o.\" \/>\n\t\t<meta property=\"og:type\" content=\"article\" \/>\n\t\t<meta property=\"og:title\" content=\"Domingos Ailton fala na It\u00e1lia sobre a aventura dos italianos na funda\u00e7\u00e3o de Jequi\u00e9 (BA) | Encontra Jequi\u00e9\" \/>\n\t\t<meta property=\"og:description\" content=\"Domingos Ailton revela a fascinante hist\u00f3ria da imigra\u00e7\u00e3o italiana em Jequi\u00e9, Bahia.\" \/>\n\t\t<meta property=\"og:url\" content=\"https:\/\/www.encontrajequie.com.br\/sobre\/domingos-ailton-fala-na-italia-sobre-a-aventura-dos-italianos-na-fundacao-de-jequie-ba\/\" \/>\n\t\t<meta property=\"article:published_time\" content=\"2025-10-24T10:17:00+00:00\" \/>\n\t\t<meta property=\"article:modified_time\" content=\"2025-10-24T10:17:00+00:00\" \/>\n\t\t<meta name=\"twitter:card\" content=\"summary_large_image\" \/>\n\t\t<meta name=\"twitter:title\" content=\"Domingos Ailton fala na It\u00e1lia sobre a aventura dos italianos na funda\u00e7\u00e3o de Jequi\u00e9 (BA) | Encontra Jequi\u00e9\" \/>\n\t\t<meta name=\"twitter:description\" content=\"Domingos Ailton revela a fascinante hist\u00f3ria da imigra\u00e7\u00e3o italiana em Jequi\u00e9, Bahia.\" \/>\n\t\t<script type=\"application\/ld+json\" class=\"aioseo-schema\">\n\t\t\t{\"@context\":\"https:\\\/\\\/schema.org\",\"@graph\":[{\"@type\":\"Article\",\"@id\":\"https:\\\/\\\/www.encontrajequie.com.br\\\/sobre\\\/domingos-ailton-fala-na-italia-sobre-a-aventura-dos-italianos-na-fundacao-de-jequie-ba\\\/#article\",\"name\":\"Domingos Ailton fala na It\\u00e1lia sobre a aventura dos italianos na funda\\u00e7\\u00e3o de Jequi\\u00e9 (BA) | Encontra Jequi\\u00e9\",\"headline\":\"Domingos Ailton fala na It\\u00e1lia sobre a aventura dos italianos na funda\\u00e7\\u00e3o de Jequi\\u00e9 (BA)\",\"author\":{\"@id\":\"https:\\\/\\\/www.encontrajequie.com.br\\\/sobre\\\/author\\\/ejequie\\\/#author\"},\"publisher\":{\"@id\":\"https:\\\/\\\/www.encontrajequie.com.br\\\/sobre\\\/#organization\"},\"image\":{\"@type\":\"ImageObject\",\"url\":\"https:\\\/\\\/www.encontrajequie.com.br\\\/sobre\\\/wp-content\\\/uploads\\\/2025\\\/10\\\/domingos-ailton-fala-na-italia-sobre-a-aventura-dos-italianos-na-fundacao-de-jequie-ba.webp\",\"width\":320,\"height\":280},\"datePublished\":\"2025-10-24T07:17:00-03:00\",\"dateModified\":\"2025-10-24T07:17:00-03:00\",\"inLanguage\":\"pt-BR\",\"mainEntityOfPage\":{\"@id\":\"https:\\\/\\\/www.encontrajequie.com.br\\\/sobre\\\/domingos-ailton-fala-na-italia-sobre-a-aventura-dos-italianos-na-fundacao-de-jequie-ba\\\/#webpage\"},\"isPartOf\":{\"@id\":\"https:\\\/\\\/www.encontrajequie.com.br\\\/sobre\\\/domingos-ailton-fala-na-italia-sobre-a-aventura-dos-italianos-na-fundacao-de-jequie-ba\\\/#webpage\"},\"articleSection\":\"Not\\u00edcias Jequi\\u00e9\"},{\"@type\":\"BreadcrumbList\",\"@id\":\"https:\\\/\\\/www.encontrajequie.com.br\\\/sobre\\\/domingos-ailton-fala-na-italia-sobre-a-aventura-dos-italianos-na-fundacao-de-jequie-ba\\\/#breadcrumblist\",\"itemListElement\":[{\"@type\":\"ListItem\",\"@id\":\"https:\\\/\\\/www.encontrajequie.com.br\\\/sobre#listItem\",\"position\":1,\"name\":\"Home\",\"item\":\"https:\\\/\\\/www.encontrajequie.com.br\\\/sobre\",\"nextItem\":{\"@type\":\"ListItem\",\"@id\":\"https:\\\/\\\/www.encontrajequie.com.br\\\/sobre\\\/noticias-em-jequie\\\/#listItem\",\"name\":\"Not\\u00edcias Jequi\\u00e9\"}},{\"@type\":\"ListItem\",\"@id\":\"https:\\\/\\\/www.encontrajequie.com.br\\\/sobre\\\/noticias-em-jequie\\\/#listItem\",\"position\":2,\"name\":\"Not\\u00edcias Jequi\\u00e9\",\"item\":\"https:\\\/\\\/www.encontrajequie.com.br\\\/sobre\\\/noticias-em-jequie\\\/\",\"nextItem\":{\"@type\":\"ListItem\",\"@id\":\"https:\\\/\\\/www.encontrajequie.com.br\\\/sobre\\\/domingos-ailton-fala-na-italia-sobre-a-aventura-dos-italianos-na-fundacao-de-jequie-ba\\\/#listItem\",\"name\":\"Domingos Ailton fala na It\\u00e1lia sobre a aventura dos italianos na funda\\u00e7\\u00e3o de Jequi\\u00e9 (BA)\"},\"previousItem\":{\"@type\":\"ListItem\",\"@id\":\"https:\\\/\\\/www.encontrajequie.com.br\\\/sobre#listItem\",\"name\":\"Home\"}},{\"@type\":\"ListItem\",\"@id\":\"https:\\\/\\\/www.encontrajequie.com.br\\\/sobre\\\/domingos-ailton-fala-na-italia-sobre-a-aventura-dos-italianos-na-fundacao-de-jequie-ba\\\/#listItem\",\"position\":3,\"name\":\"Domingos Ailton fala na It\\u00e1lia sobre a aventura dos italianos na funda\\u00e7\\u00e3o de Jequi\\u00e9 (BA)\",\"previousItem\":{\"@type\":\"ListItem\",\"@id\":\"https:\\\/\\\/www.encontrajequie.com.br\\\/sobre\\\/noticias-em-jequie\\\/#listItem\",\"name\":\"Not\\u00edcias Jequi\\u00e9\"}}]},{\"@type\":\"Organization\",\"@id\":\"https:\\\/\\\/www.encontrajequie.com.br\\\/sobre\\\/#organization\",\"name\":\"Encontra Jequi\\u00e9\",\"description\":\"Not\\u00edcias, eventos, informa\\u00e7\\u00f5es e dicas na cidade de Jequi\\u00e9 e regi\\u00e3o.\",\"url\":\"https:\\\/\\\/www.encontrajequie.com.br\\\/sobre\\\/\"},{\"@type\":\"Person\",\"@id\":\"https:\\\/\\\/www.encontrajequie.com.br\\\/sobre\\\/author\\\/ejequie\\\/#author\",\"url\":\"https:\\\/\\\/www.encontrajequie.com.br\\\/sobre\\\/author\\\/ejequie\\\/\",\"name\":\"Encontra Jequi\\u00e9\",\"image\":{\"@type\":\"ImageObject\",\"@id\":\"https:\\\/\\\/www.encontrajequie.com.br\\\/sobre\\\/domingos-ailton-fala-na-italia-sobre-a-aventura-dos-italianos-na-fundacao-de-jequie-ba\\\/#authorImage\",\"url\":\"https:\\\/\\\/secure.gravatar.com\\\/avatar\\\/507340682b8270222e1f208e23198b6ae7e2c6a1033ae84e99bc6bce4f82a387?s=96&d=mm&r=g\",\"width\":96,\"height\":96,\"caption\":\"Encontra Jequi\\u00e9\"}},{\"@type\":\"WebPage\",\"@id\":\"https:\\\/\\\/www.encontrajequie.com.br\\\/sobre\\\/domingos-ailton-fala-na-italia-sobre-a-aventura-dos-italianos-na-fundacao-de-jequie-ba\\\/#webpage\",\"url\":\"https:\\\/\\\/www.encontrajequie.com.br\\\/sobre\\\/domingos-ailton-fala-na-italia-sobre-a-aventura-dos-italianos-na-fundacao-de-jequie-ba\\\/\",\"name\":\"Domingos Ailton fala na It\\u00e1lia sobre a aventura dos italianos na funda\\u00e7\\u00e3o de Jequi\\u00e9 (BA) | Encontra Jequi\\u00e9\",\"description\":\"Domingos Ailton revela a fascinante hist\\u00f3ria da imigra\\u00e7\\u00e3o italiana em Jequi\\u00e9, Bahia.\",\"inLanguage\":\"pt-BR\",\"isPartOf\":{\"@id\":\"https:\\\/\\\/www.encontrajequie.com.br\\\/sobre\\\/#website\"},\"breadcrumb\":{\"@id\":\"https:\\\/\\\/www.encontrajequie.com.br\\\/sobre\\\/domingos-ailton-fala-na-italia-sobre-a-aventura-dos-italianos-na-fundacao-de-jequie-ba\\\/#breadcrumblist\"},\"author\":{\"@id\":\"https:\\\/\\\/www.encontrajequie.com.br\\\/sobre\\\/author\\\/ejequie\\\/#author\"},\"creator\":{\"@id\":\"https:\\\/\\\/www.encontrajequie.com.br\\\/sobre\\\/author\\\/ejequie\\\/#author\"},\"image\":{\"@type\":\"ImageObject\",\"url\":\"https:\\\/\\\/www.encontrajequie.com.br\\\/sobre\\\/wp-content\\\/uploads\\\/2025\\\/10\\\/domingos-ailton-fala-na-italia-sobre-a-aventura-dos-italianos-na-fundacao-de-jequie-ba.webp\",\"@id\":\"https:\\\/\\\/www.encontrajequie.com.br\\\/sobre\\\/domingos-ailton-fala-na-italia-sobre-a-aventura-dos-italianos-na-fundacao-de-jequie-ba\\\/#mainImage\",\"width\":320,\"height\":280},\"primaryImageOfPage\":{\"@id\":\"https:\\\/\\\/www.encontrajequie.com.br\\\/sobre\\\/domingos-ailton-fala-na-italia-sobre-a-aventura-dos-italianos-na-fundacao-de-jequie-ba\\\/#mainImage\"},\"datePublished\":\"2025-10-24T07:17:00-03:00\",\"dateModified\":\"2025-10-24T07:17:00-03:00\"},{\"@type\":\"WebSite\",\"@id\":\"https:\\\/\\\/www.encontrajequie.com.br\\\/sobre\\\/#website\",\"url\":\"https:\\\/\\\/www.encontrajequie.com.br\\\/sobre\\\/\",\"name\":\"Encontra Jequi\\u00e9\",\"description\":\"Not\\u00edcias, eventos, informa\\u00e7\\u00f5es e dicas na cidade de Jequi\\u00e9 e regi\\u00e3o.\",\"inLanguage\":\"pt-BR\",\"publisher\":{\"@id\":\"https:\\\/\\\/www.encontrajequie.com.br\\\/sobre\\\/#organization\"}}]}\n\t\t<\/script>\n\t\t<!-- All in One SEO -->\n\n","aioseo_head_json":{"title":"Domingos Ailton fala na It\u00e1lia sobre a aventura dos italianos na funda\u00e7\u00e3o de Jequi\u00e9 (BA) | Encontra Jequi\u00e9","description":"Domingos Ailton revela a fascinante hist\u00f3ria da imigra\u00e7\u00e3o italiana em Jequi\u00e9, Bahia.","canonical_url":"https:\/\/www.encontrajequie.com.br\/sobre\/domingos-ailton-fala-na-italia-sobre-a-aventura-dos-italianos-na-fundacao-de-jequie-ba\/","robots":"max-image-preview:large","keywords":"","webmasterTools":{"miscellaneous":""},"schema":{"@context":"https:\/\/schema.org","@graph":[{"@type":"Article","@id":"https:\/\/www.encontrajequie.com.br\/sobre\/domingos-ailton-fala-na-italia-sobre-a-aventura-dos-italianos-na-fundacao-de-jequie-ba\/#article","name":"Domingos Ailton fala na It\u00e1lia sobre a aventura dos italianos na funda\u00e7\u00e3o de Jequi\u00e9 (BA) | Encontra Jequi\u00e9","headline":"Domingos Ailton fala na It\u00e1lia sobre a aventura dos italianos na funda\u00e7\u00e3o de Jequi\u00e9 (BA)","author":{"@id":"https:\/\/www.encontrajequie.com.br\/sobre\/author\/ejequie\/#author"},"publisher":{"@id":"https:\/\/www.encontrajequie.com.br\/sobre\/#organization"},"image":{"@type":"ImageObject","url":"https:\/\/www.encontrajequie.com.br\/sobre\/wp-content\/uploads\/2025\/10\/domingos-ailton-fala-na-italia-sobre-a-aventura-dos-italianos-na-fundacao-de-jequie-ba.webp","width":320,"height":280},"datePublished":"2025-10-24T07:17:00-03:00","dateModified":"2025-10-24T07:17:00-03:00","inLanguage":"pt-BR","mainEntityOfPage":{"@id":"https:\/\/www.encontrajequie.com.br\/sobre\/domingos-ailton-fala-na-italia-sobre-a-aventura-dos-italianos-na-fundacao-de-jequie-ba\/#webpage"},"isPartOf":{"@id":"https:\/\/www.encontrajequie.com.br\/sobre\/domingos-ailton-fala-na-italia-sobre-a-aventura-dos-italianos-na-fundacao-de-jequie-ba\/#webpage"},"articleSection":"Not\u00edcias Jequi\u00e9"},{"@type":"BreadcrumbList","@id":"https:\/\/www.encontrajequie.com.br\/sobre\/domingos-ailton-fala-na-italia-sobre-a-aventura-dos-italianos-na-fundacao-de-jequie-ba\/#breadcrumblist","itemListElement":[{"@type":"ListItem","@id":"https:\/\/www.encontrajequie.com.br\/sobre#listItem","position":1,"name":"Home","item":"https:\/\/www.encontrajequie.com.br\/sobre","nextItem":{"@type":"ListItem","@id":"https:\/\/www.encontrajequie.com.br\/sobre\/noticias-em-jequie\/#listItem","name":"Not\u00edcias Jequi\u00e9"}},{"@type":"ListItem","@id":"https:\/\/www.encontrajequie.com.br\/sobre\/noticias-em-jequie\/#listItem","position":2,"name":"Not\u00edcias Jequi\u00e9","item":"https:\/\/www.encontrajequie.com.br\/sobre\/noticias-em-jequie\/","nextItem":{"@type":"ListItem","@id":"https:\/\/www.encontrajequie.com.br\/sobre\/domingos-ailton-fala-na-italia-sobre-a-aventura-dos-italianos-na-fundacao-de-jequie-ba\/#listItem","name":"Domingos Ailton fala na It\u00e1lia sobre a aventura dos italianos na funda\u00e7\u00e3o de Jequi\u00e9 (BA)"},"previousItem":{"@type":"ListItem","@id":"https:\/\/www.encontrajequie.com.br\/sobre#listItem","name":"Home"}},{"@type":"ListItem","@id":"https:\/\/www.encontrajequie.com.br\/sobre\/domingos-ailton-fala-na-italia-sobre-a-aventura-dos-italianos-na-fundacao-de-jequie-ba\/#listItem","position":3,"name":"Domingos Ailton fala na It\u00e1lia sobre a aventura dos italianos na funda\u00e7\u00e3o de Jequi\u00e9 (BA)","previousItem":{"@type":"ListItem","@id":"https:\/\/www.encontrajequie.com.br\/sobre\/noticias-em-jequie\/#listItem","name":"Not\u00edcias Jequi\u00e9"}}]},{"@type":"Organization","@id":"https:\/\/www.encontrajequie.com.br\/sobre\/#organization","name":"Encontra Jequi\u00e9","description":"Not\u00edcias, eventos, informa\u00e7\u00f5es e dicas na cidade de Jequi\u00e9 e regi\u00e3o.","url":"https:\/\/www.encontrajequie.com.br\/sobre\/"},{"@type":"Person","@id":"https:\/\/www.encontrajequie.com.br\/sobre\/author\/ejequie\/#author","url":"https:\/\/www.encontrajequie.com.br\/sobre\/author\/ejequie\/","name":"Encontra Jequi\u00e9","image":{"@type":"ImageObject","@id":"https:\/\/www.encontrajequie.com.br\/sobre\/domingos-ailton-fala-na-italia-sobre-a-aventura-dos-italianos-na-fundacao-de-jequie-ba\/#authorImage","url":"https:\/\/secure.gravatar.com\/avatar\/507340682b8270222e1f208e23198b6ae7e2c6a1033ae84e99bc6bce4f82a387?s=96&d=mm&r=g","width":96,"height":96,"caption":"Encontra Jequi\u00e9"}},{"@type":"WebPage","@id":"https:\/\/www.encontrajequie.com.br\/sobre\/domingos-ailton-fala-na-italia-sobre-a-aventura-dos-italianos-na-fundacao-de-jequie-ba\/#webpage","url":"https:\/\/www.encontrajequie.com.br\/sobre\/domingos-ailton-fala-na-italia-sobre-a-aventura-dos-italianos-na-fundacao-de-jequie-ba\/","name":"Domingos Ailton fala na It\u00e1lia sobre a aventura dos italianos na funda\u00e7\u00e3o de Jequi\u00e9 (BA) | Encontra Jequi\u00e9","description":"Domingos Ailton revela a fascinante hist\u00f3ria da imigra\u00e7\u00e3o italiana em Jequi\u00e9, Bahia.","inLanguage":"pt-BR","isPartOf":{"@id":"https:\/\/www.encontrajequie.com.br\/sobre\/#website"},"breadcrumb":{"@id":"https:\/\/www.encontrajequie.com.br\/sobre\/domingos-ailton-fala-na-italia-sobre-a-aventura-dos-italianos-na-fundacao-de-jequie-ba\/#breadcrumblist"},"author":{"@id":"https:\/\/www.encontrajequie.com.br\/sobre\/author\/ejequie\/#author"},"creator":{"@id":"https:\/\/www.encontrajequie.com.br\/sobre\/author\/ejequie\/#author"},"image":{"@type":"ImageObject","url":"https:\/\/www.encontrajequie.com.br\/sobre\/wp-content\/uploads\/2025\/10\/domingos-ailton-fala-na-italia-sobre-a-aventura-dos-italianos-na-fundacao-de-jequie-ba.webp","@id":"https:\/\/www.encontrajequie.com.br\/sobre\/domingos-ailton-fala-na-italia-sobre-a-aventura-dos-italianos-na-fundacao-de-jequie-ba\/#mainImage","width":320,"height":280},"primaryImageOfPage":{"@id":"https:\/\/www.encontrajequie.com.br\/sobre\/domingos-ailton-fala-na-italia-sobre-a-aventura-dos-italianos-na-fundacao-de-jequie-ba\/#mainImage"},"datePublished":"2025-10-24T07:17:00-03:00","dateModified":"2025-10-24T07:17:00-03:00"},{"@type":"WebSite","@id":"https:\/\/www.encontrajequie.com.br\/sobre\/#website","url":"https:\/\/www.encontrajequie.com.br\/sobre\/","name":"Encontra Jequi\u00e9","description":"Not\u00edcias, eventos, informa\u00e7\u00f5es e dicas na cidade de Jequi\u00e9 e regi\u00e3o.","inLanguage":"pt-BR","publisher":{"@id":"https:\/\/www.encontrajequie.com.br\/sobre\/#organization"}}]},"og:locale":"pt_BR","og:site_name":"Encontra Jequi\u00e9 | Not\u00edcias, eventos, informa\u00e7\u00f5es e dicas na cidade de Jequi\u00e9 e regi\u00e3o.","og:type":"article","og:title":"Domingos Ailton fala na It\u00e1lia sobre a aventura dos italianos na funda\u00e7\u00e3o de Jequi\u00e9 (BA) | Encontra Jequi\u00e9","og:description":"Domingos Ailton revela a fascinante hist\u00f3ria da imigra\u00e7\u00e3o italiana em Jequi\u00e9, Bahia.","og:url":"https:\/\/www.encontrajequie.com.br\/sobre\/domingos-ailton-fala-na-italia-sobre-a-aventura-dos-italianos-na-fundacao-de-jequie-ba\/","article:published_time":"2025-10-24T10:17:00+00:00","article:modified_time":"2025-10-24T10:17:00+00:00","twitter:card":"summary_large_image","twitter:title":"Domingos Ailton fala na It\u00e1lia sobre a aventura dos italianos na funda\u00e7\u00e3o de Jequi\u00e9 (BA) | Encontra Jequi\u00e9","twitter:description":"Domingos Ailton revela a fascinante hist\u00f3ria da imigra\u00e7\u00e3o italiana em Jequi\u00e9, Bahia."},"aioseo_meta_data":{"post_id":"170","title":null,"description":null,"keywords":null,"keyphrases":null,"primary_term":null,"canonical_url":null,"og_title":null,"og_description":null,"og_object_type":"default","og_image_type":"default","og_image_url":null,"og_image_width":null,"og_image_height":null,"og_image_custom_url":null,"og_image_custom_fields":null,"og_video":null,"og_custom_url":null,"og_article_section":null,"og_article_tags":null,"twitter_use_og":false,"twitter_card":"default","twitter_image_type":"default","twitter_image_url":null,"twitter_image_custom_url":null,"twitter_image_custom_fields":null,"twitter_title":null,"twitter_description":null,"schema":{"blockGraphs":[],"customGraphs":[],"default":{"data":{"Article":[],"Course":[],"Dataset":[],"FAQPage":[],"Movie":[],"Person":[],"Product":[],"ProductReview":[],"Car":[],"Recipe":[],"Service":[],"SoftwareApplication":[],"WebPage":[]},"graphName":"Article","isEnabled":true},"graphs":[]},"schema_type":"default","schema_type_options":null,"pillar_content":false,"robots_default":true,"robots_noindex":false,"robots_noarchive":false,"robots_nosnippet":false,"robots_nofollow":false,"robots_noimageindex":false,"robots_noodp":false,"robots_notranslate":false,"robots_max_snippet":null,"robots_max_videopreview":null,"robots_max_imagepreview":"large","priority":null,"frequency":null,"local_seo":null,"breadcrumb_settings":null,"limit_modified_date":false,"ai":null,"created":"2025-10-24 11:29:10","updated":"2025-10-24 11:30:17","focus_keyword":null,"additional_keywords":null,"truseo_locale":null,"seo_analyzer_scan_date":null},"aioseo_breadcrumb":"<div class=\"aioseo-breadcrumbs\"><span class=\"aioseo-breadcrumb\">\n\t\t\t<a href=\"https:\/\/www.encontrajequie.com.br\/sobre\" title=\"Home\">Home<\/a>\n\t\t<\/span><span class=\"aioseo-breadcrumb-separator\">&raquo;<\/span><span class=\"aioseo-breadcrumb\">\n\t\t\t<a href=\"https:\/\/www.encontrajequie.com.br\/sobre\/noticias-em-jequie\/\" title=\"Not\u00edcias Jequi\u00e9\">Not\u00edcias Jequi\u00e9<\/a>\n\t\t<\/span><span class=\"aioseo-breadcrumb-separator\">&raquo;<\/span><span class=\"aioseo-breadcrumb\">\n\t\t\tDomingos Ailton fala na It\u00e1lia sobre a aventura dos italianos na funda\u00e7\u00e3o de Jequi\u00e9 (BA)\n\t\t<\/span><\/div>","aioseo_breadcrumb_json":[{"label":"Home","link":"https:\/\/www.encontrajequie.com.br\/sobre"},{"label":"Not\u00edcias Jequi\u00e9","link":"https:\/\/www.encontrajequie.com.br\/sobre\/noticias-em-jequie\/"},{"label":"Domingos Ailton fala na It\u00e1lia sobre a aventura dos italianos na funda\u00e7\u00e3o de Jequi\u00e9 (BA)","link":"https:\/\/www.encontrajequie.com.br\/sobre\/domingos-ailton-fala-na-italia-sobre-a-aventura-dos-italianos-na-fundacao-de-jequie-ba\/"}],"_links":{"self":[{"href":"https:\/\/www.encontrajequie.com.br\/sobre\/wp-json\/wp\/v2\/posts\/170","targetHints":{"allow":["GET"]}}],"collection":[{"href":"https:\/\/www.encontrajequie.com.br\/sobre\/wp-json\/wp\/v2\/posts"}],"about":[{"href":"https:\/\/www.encontrajequie.com.br\/sobre\/wp-json\/wp\/v2\/types\/post"}],"author":[{"embeddable":true,"href":"https:\/\/www.encontrajequie.com.br\/sobre\/wp-json\/wp\/v2\/users\/1"}],"replies":[{"embeddable":true,"href":"https:\/\/www.encontrajequie.com.br\/sobre\/wp-json\/wp\/v2\/comments?post=170"}],"version-history":[{"count":0,"href":"https:\/\/www.encontrajequie.com.br\/sobre\/wp-json\/wp\/v2\/posts\/170\/revisions"}],"wp:featuredmedia":[{"embeddable":true,"href":"https:\/\/www.encontrajequie.com.br\/sobre\/wp-json\/wp\/v2\/media\/169"}],"wp:attachment":[{"href":"https:\/\/www.encontrajequie.com.br\/sobre\/wp-json\/wp\/v2\/media?parent=170"}],"wp:term":[{"taxonomy":"category","embeddable":true,"href":"https:\/\/www.encontrajequie.com.br\/sobre\/wp-json\/wp\/v2\/categories?post=170"},{"taxonomy":"post_tag","embeddable":true,"href":"https:\/\/www.encontrajequie.com.br\/sobre\/wp-json\/wp\/v2\/tags?post=170"}],"curies":[{"name":"wp","href":"https:\/\/api.w.org\/{rel}","templated":true}]}}