{"id":1761,"date":"2026-08-30T06:01:27","date_gmt":"2026-08-30T09:01:27","guid":{"rendered":"https:\/\/www.encontrajequie.com.br\/sobre\/como-parte-do-fortalecimento-a-agricultura-familiar-prefeitura-de-jequie-abre-inscricoes-para-o-garantia-safra-2026-2027\/"},"modified":"2026-08-30T06:01:27","modified_gmt":"2026-08-30T09:01:27","slug":"como-parte-do-fortalecimento-a-agricultura-familiar-prefeitura-de-jequie-abre-inscricoes-para-o-garantia-safra-2026-2027","status":"publish","type":"post","link":"https:\/\/www.encontrajequie.com.br\/sobre\/como-parte-do-fortalecimento-a-agricultura-familiar-prefeitura-de-jequie-abre-inscricoes-para-o-garantia-safra-2026-2027\/","title":{"rendered":"Como parte do fortalecimento \u00e0 agricultura familiar, Prefeitura de Jequi\u00e9 abre inscri\u00e7\u00f5es para o Garantia Safra 2026\/2027"},"content":{"rendered":"<div class=\"30cf832dc5940d4704f66d0ed9a44050\" data-index=\"1\" style=\"float: none; margin:0px;\">\n<!-- Anuncio display - global -->\r\n<ins class=\"adsbygoogle\"\r\n     style=\"display:block\"\r\n     data-ad-client=\"ca-pub-8585364105181520\"\r\n     data-ad-slot=\"8789329856\"\r\n     data-ad-format=\"auto\"\r\n     data-full-width-responsive=\"true\"><\/ins>\r\n<script>\r\n     (adsbygoogle = window.adsbygoogle || []).push({});\r\n<\/script>\n<\/div>\n<h2>O que \u00e9 o Garantia Safra?<\/h2>\n<p>O Garantia Safra \u00e9 uma pol\u00edtica p\u00fablica vital que visa proteger os agricultores familiares em situa\u00e7\u00f5es de perda de produ\u00e7\u00e3o. Desenvolvido como parte do Programa Nacional de Fortalecimento da Agricultura Familiar (Pronaf), esse programa se destina a apoiar os agricultores que enfrentam adversidades clim\u00e1ticas, como per\u00edodos de seca severa ou chuvas excessivas. O objetivo principal \u00e9 assegurar uma renda m\u00ednima para os trabalhadores rurais, garantindo a continuidade de suas atividades e a seguran\u00e7a alimentar nas comunidades.<\/p>\n<h2>Quem pode participar do programa?<\/h2>\n<p>O programa \u00e9 voltado para agricultores com renda familiar mensal que n\u00e3o ultrapasse um sal\u00e1rio m\u00ednimo e meio. Al\u00e9m disso, esses produtores devem cultivar uma \u00e1rea que varia entre 0,6 e 5 hectares, com foco em culturas essenciais como feij\u00e3o, milho, arroz, mandioca e algod\u00e3o. O Garantia Safra \u00e9 direcionado a aqueles que conseguem comprovar perdas significativas em suas colheitas devido a eventos clim\u00e1ticos extremos.<\/p>\n<h2>Como realizar a inscri\u00e7\u00e3o?<\/h2>\n<p>A inscri\u00e7\u00e3o para o Garantia Safra deve ser feita pessoalmente na Diretoria de Expans\u00e3o Rural da Prefeitura de Jequi\u00e9. O local de atendimento est\u00e1 situado na Avenida Deputado Lu\u00eds Eduardo Magalh\u00e3es, n\u00ba 3.500, no bairro S\u00e3o Judas Tadeu. Os interessados podem se inscrever de segunda a sexta-feira, entre 8h e 14h. \u00c9 imprescind\u00edvel que os agricultores compare\u00e7am ao local para garantir sua participa\u00e7\u00e3o no programa.<\/p>\n<p><img decoding=\"async\" src=\"https:\/\/www.encontrajequie.com.br\/sobre\/wp-content\/uploads\/2026\/08\/como-parte-do-fortalecimento-a-agricultura-familiar-prefeitura-de-jequie-abre-inscricoes-para-o-gara.webp\" alt=\"Garantia Safra\" loading=\"lazy\" \/><\/p>\n<h2>Documentos necess\u00e1rios para a ades\u00e3o<\/h2>\n<p>Para efetuar a inscri\u00e7\u00e3o no Garantia Safra, os candidatos precisam apresentar os seguintes documentos:<\/p>\n<ul>\n<li><strong>RG:<\/strong> Documento de identifica\u00e7\u00e3o pessoal.<\/li>\n<li><strong>CPF:<\/strong> Cadastro de Pessoa F\u00edsica.<\/li>\n<li><strong>CAF:<\/strong> Cadastro Nacional da Agricultura Familiar, que comprova a atua\u00e7\u00e3o no setor agr\u00edcola.<\/li>\n<\/ul>\n<p>Ap\u00f3s a avalia\u00e7\u00e3o e homologa\u00e7\u00e3o do Cadastro pelo Conselho Municipal de Desenvolvimento Sustent\u00e1vel (CMDS), ser\u00e1 necess\u00e1rio pagar uma taxa de ades\u00e3o.<\/p>\n<h2>Benef\u00edcios do Garantia Safra<\/h2>\n<p>O Garantia Safra oferece um importante suporte financeiro aos agricultores familiares. Quando ativado, o programa proporciona um aux\u00edlio de R$ 1.200,00 por fam\u00edlia, com pagamentos realizados pela Caixa Econ\u00f4mica Federal de acordo com um calend\u00e1rio de benef\u00edcios sociais. Esse valor \u00e9 fundamental para ajudar na compensa\u00e7\u00e3o das perdas, permitindo que as fam\u00edlias continuem a investir em suas atividades agr\u00edcolas e garantindo os recursos necess\u00e1rios para a subsist\u00eancia.<\/p>\n<h2>A import\u00e2ncia da agricultura familiar<\/h2>\n<p>A agricultura familiar desempenha um papel crucial no desenvolvimento econ\u00f4mico e social das comunidades rurais. Ela n\u00e3o apenas sustenta milhares de fam\u00edlias, mas tamb\u00e9m contribui significativamente para a produ\u00e7\u00e3o de alimentos e a seguran\u00e7a alimentar. Al\u00e9m disso, ajuda a manter a cultura local e promove a preserva\u00e7\u00e3o do meio ambiente por meio de pr\u00e1ticas de cultivo mais sustent\u00e1veis. O suporte a este setor \u00e9 fundamental para garantir a autonomia e a valoriza\u00e7\u00e3o dos agricultores.<\/p>\n<h2>Impacto das condi\u00e7\u00f5es clim\u00e1ticas na produ\u00e7\u00e3o<\/h2>\n<p>As mudan\u00e7as clim\u00e1ticas t\u00eam um impacto direto sobre a produ\u00e7\u00e3o agr\u00edcola, sendo a variabilidade clim\u00e1tica uma das principais preocupa\u00e7\u00f5es dos agricultores. Situa\u00e7\u00f5es como secas prolongadas e enchentes podem devastar colheitas e prejudicar a renda das fam\u00edlias rurais. \u00c9 nesse contexto que o Garantia Safra se torna uma ferramenta essencial para mitigar os efeitos negativos dessas condi\u00e7\u00f5es, ajudando os agricultores a se recuperarem e adaptarem suas pr\u00e1ticas de cultivo.<\/p>\n<h2>Taxa de ades\u00e3o e pagamento<\/h2>\n<p>Para participar do programa, cada agricultor deve pagar uma taxa de ades\u00e3o no valor de R$ 12,00, conforme regulamenta\u00e7\u00f5es estabelecidas. Este pagamento \u00e9 uma etapa essencial para validar a participa\u00e7\u00e3o no Garantia Safra. O valor \u00e9 acess\u00edvel, especialmente considerando os benef\u00edcios que o programa pode trazer em caso de perdas na safra.<\/p>\n<h2>Calend\u00e1rio de pagamentos do Garantia Safra<\/h2>\n<p>Os pagamentos do Garantia Safra s\u00e3o realizados segundo um calend\u00e1rio espec\u00edfico estabelecido pela Caixa Econ\u00f4mica Federal. Assim, \u00e9 importante que os benefici\u00e1rios consultem regularmente o calend\u00e1rio de pagamentos para se manterem informados sobre as datas e procedimentos de acesso aos recursos. Isso garante que as fam\u00edlias possam planejar suas atividades financeiras de acordo com os recebimentos do programa.<\/p>\n<h2>Compromisso da Prefeitura com os agricultores<\/h2>\n<p>A Prefeitura de Jequi\u00e9 reafirma seu compromisso com o fortalecimento da agricultura familiar e o desenvolvimento sustent\u00e1vel. A implementa\u00e7\u00e3o do Garantia Safra \u00e9 apenas uma das a\u00e7\u00f5es voltadas para o setor, refletindo o empenho do munic\u00edpio em proporcionar condi\u00e7\u00f5es mais favor\u00e1veis para os agricultores locais. A administra\u00e7\u00e3o busca constantemente melhorar as pol\u00edticas p\u00fablicas voltadas para a agricultura, com o intuito de assegurar que as fam\u00edlias do campo tenham acesso a recursos e suporte em momentos de dificuldade.<\/p>\n\n<div style=\"font-size: 0px; height: 0px; line-height: 0px; margin: 0; padding: 0; clear: both;\"><\/div>","protected":false},"excerpt":{"rendered":"<p>Garantia Safra 2026\/2027: Inscri\u00e7\u00f5es abertas para a prote\u00e7\u00e3o dos agricultores familiares.<\/p>\n","protected":false},"author":1,"featured_media":1760,"comment_status":"open","ping_status":"closed","sticky":false,"template":"","format":"standard","meta":{"footnotes":""},"categories":[24],"tags":[],"class_list":["post-1761","post","type-post","status-publish","format-standard","has-post-thumbnail","hentry","category-educacao-em-jequie","has_thumb"],"aioseo_notices":[],"aioseo_head":"\n\t\t<!-- All in One SEO 5.0.0.1 - aioseo.com -->\n\t<meta name=\"description\" content=\"Garantia Safra 2026\/2027: Inscri\u00e7\u00f5es abertas para a prote\u00e7\u00e3o dos agricultores familiares.\" \/>\n\t<meta name=\"robots\" content=\"max-image-preview:large\" \/>\n\t<meta name=\"author\" content=\"Encontra Jequi\u00e9\"\/>\n\t<link rel=\"canonical\" href=\"https:\/\/www.encontrajequie.com.br\/sobre\/como-parte-do-fortalecimento-a-agricultura-familiar-prefeitura-de-jequie-abre-inscricoes-para-o-garantia-safra-2026-2027\/\" \/>\n\t<meta name=\"generator\" content=\"All in One SEO (AIOSEO) 5.0.0.1\" \/>\n\t\t<meta property=\"og:locale\" content=\"pt_BR\" \/>\n\t\t<meta property=\"og:site_name\" content=\"Encontra Jequi\u00e9 | Not\u00edcias, eventos, informa\u00e7\u00f5es e dicas na cidade de Jequi\u00e9 e regi\u00e3o.\" \/>\n\t\t<meta property=\"og:type\" content=\"article\" \/>\n\t\t<meta property=\"og:title\" content=\"Como parte do fortalecimento \u00e0 agricultura familiar, Prefeitura de Jequi\u00e9 abre inscri\u00e7\u00f5es para o Garantia Safra 2026\/2027 | Encontra Jequi\u00e9\" \/>\n\t\t<meta property=\"og:description\" content=\"Garantia Safra 2026\/2027: Inscri\u00e7\u00f5es abertas para a prote\u00e7\u00e3o dos agricultores familiares.\" \/>\n\t\t<meta property=\"og:url\" content=\"https:\/\/www.encontrajequie.com.br\/sobre\/como-parte-do-fortalecimento-a-agricultura-familiar-prefeitura-de-jequie-abre-inscricoes-para-o-garantia-safra-2026-2027\/\" \/>\n\t\t<meta property=\"article:published_time\" content=\"2026-08-30T09:01:27+00:00\" \/>\n\t\t<meta property=\"article:modified_time\" content=\"2026-08-30T09:01:27+00:00\" \/>\n\t\t<meta name=\"twitter:card\" content=\"summary_large_image\" \/>\n\t\t<meta name=\"twitter:title\" content=\"Como parte do fortalecimento \u00e0 agricultura familiar, Prefeitura de Jequi\u00e9 abre inscri\u00e7\u00f5es para o Garantia Safra 2026\/2027 | Encontra Jequi\u00e9\" \/>\n\t\t<meta name=\"twitter:description\" content=\"Garantia Safra 2026\/2027: Inscri\u00e7\u00f5es abertas para a prote\u00e7\u00e3o dos agricultores familiares.\" \/>\n\t\t<script type=\"application\/ld+json\" class=\"aioseo-schema\">\n\t\t\t{\"@context\":\"https:\\\/\\\/schema.org\",\"@graph\":[{\"@type\":\"Article\",\"@id\":\"https:\\\/\\\/www.encontrajequie.com.br\\\/sobre\\\/como-parte-do-fortalecimento-a-agricultura-familiar-prefeitura-de-jequie-abre-inscricoes-para-o-garantia-safra-2026-2027\\\/#article\",\"name\":\"Como parte do fortalecimento \\u00e0 agricultura familiar, Prefeitura de Jequi\\u00e9 abre inscri\\u00e7\\u00f5es para o Garantia Safra 2026\\\/2027 | Encontra Jequi\\u00e9\",\"headline\":\"Como parte do fortalecimento \\u00e0 agricultura familiar, Prefeitura de Jequi\\u00e9 abre inscri\\u00e7\\u00f5es para o Garantia Safra 2026\\\/2027\",\"author\":{\"@id\":\"https:\\\/\\\/www.encontrajequie.com.br\\\/sobre\\\/author\\\/ejequie\\\/#author\"},\"publisher\":{\"@id\":\"https:\\\/\\\/www.encontrajequie.com.br\\\/sobre\\\/#organization\"},\"image\":{\"@type\":\"ImageObject\",\"url\":\"https:\\\/\\\/www.encontrajequie.com.br\\\/sobre\\\/wp-content\\\/uploads\\\/2026\\\/08\\\/como-parte-do-fortalecimento-a-agricultura-familiar-prefeitura-de-jequie-abre-inscricoes-para-o-gara.webp\",\"width\":280,\"height\":280,\"caption\":\"Garantia Safra\"},\"datePublished\":\"2026-08-30T06:01:27-03:00\",\"dateModified\":\"2026-08-30T06:01:27-03:00\",\"inLanguage\":\"pt-BR\",\"mainEntityOfPage\":{\"@id\":\"https:\\\/\\\/www.encontrajequie.com.br\\\/sobre\\\/como-parte-do-fortalecimento-a-agricultura-familiar-prefeitura-de-jequie-abre-inscricoes-para-o-garantia-safra-2026-2027\\\/#webpage\"},\"isPartOf\":{\"@id\":\"https:\\\/\\\/www.encontrajequie.com.br\\\/sobre\\\/como-parte-do-fortalecimento-a-agricultura-familiar-prefeitura-de-jequie-abre-inscricoes-para-o-garantia-safra-2026-2027\\\/#webpage\"},\"articleSection\":\"Educa\\u00e7\\u00e3o Jequi\\u00e9\"},{\"@type\":\"BreadcrumbList\",\"@id\":\"https:\\\/\\\/www.encontrajequie.com.br\\\/sobre\\\/como-parte-do-fortalecimento-a-agricultura-familiar-prefeitura-de-jequie-abre-inscricoes-para-o-garantia-safra-2026-2027\\\/#breadcrumblist\",\"itemListElement\":[{\"@type\":\"ListItem\",\"@id\":\"https:\\\/\\\/www.encontrajequie.com.br\\\/sobre#listItem\",\"position\":1,\"name\":\"Home\",\"item\":\"https:\\\/\\\/www.encontrajequie.com.br\\\/sobre\",\"nextItem\":{\"@type\":\"ListItem\",\"@id\":\"https:\\\/\\\/www.encontrajequie.com.br\\\/sobre\\\/educacao-em-jequie\\\/#listItem\",\"name\":\"Educa\\u00e7\\u00e3o Jequi\\u00e9\"}},{\"@type\":\"ListItem\",\"@id\":\"https:\\\/\\\/www.encontrajequie.com.br\\\/sobre\\\/educacao-em-jequie\\\/#listItem\",\"position\":2,\"name\":\"Educa\\u00e7\\u00e3o Jequi\\u00e9\",\"item\":\"https:\\\/\\\/www.encontrajequie.com.br\\\/sobre\\\/educacao-em-jequie\\\/\",\"nextItem\":{\"@type\":\"ListItem\",\"@id\":\"https:\\\/\\\/www.encontrajequie.com.br\\\/sobre\\\/como-parte-do-fortalecimento-a-agricultura-familiar-prefeitura-de-jequie-abre-inscricoes-para-o-garantia-safra-2026-2027\\\/#listItem\",\"name\":\"Como parte do fortalecimento \\u00e0 agricultura familiar, Prefeitura de Jequi\\u00e9 abre inscri\\u00e7\\u00f5es para o Garantia Safra 2026\\\/2027\"},\"previousItem\":{\"@type\":\"ListItem\",\"@id\":\"https:\\\/\\\/www.encontrajequie.com.br\\\/sobre#listItem\",\"name\":\"Home\"}},{\"@type\":\"ListItem\",\"@id\":\"https:\\\/\\\/www.encontrajequie.com.br\\\/sobre\\\/como-parte-do-fortalecimento-a-agricultura-familiar-prefeitura-de-jequie-abre-inscricoes-para-o-garantia-safra-2026-2027\\\/#listItem\",\"position\":3,\"name\":\"Como parte do fortalecimento \\u00e0 agricultura familiar, Prefeitura de Jequi\\u00e9 abre inscri\\u00e7\\u00f5es para o Garantia Safra 2026\\\/2027\",\"previousItem\":{\"@type\":\"ListItem\",\"@id\":\"https:\\\/\\\/www.encontrajequie.com.br\\\/sobre\\\/educacao-em-jequie\\\/#listItem\",\"name\":\"Educa\\u00e7\\u00e3o Jequi\\u00e9\"}}]},{\"@type\":\"Organization\",\"@id\":\"https:\\\/\\\/www.encontrajequie.com.br\\\/sobre\\\/#organization\",\"name\":\"Encontra Jequi\\u00e9\",\"description\":\"Not\\u00edcias, eventos, informa\\u00e7\\u00f5es e dicas na cidade de Jequi\\u00e9 e regi\\u00e3o.\",\"url\":\"https:\\\/\\\/www.encontrajequie.com.br\\\/sobre\\\/\"},{\"@type\":\"Person\",\"@id\":\"https:\\\/\\\/www.encontrajequie.com.br\\\/sobre\\\/author\\\/ejequie\\\/#author\",\"url\":\"https:\\\/\\\/www.encontrajequie.com.br\\\/sobre\\\/author\\\/ejequie\\\/\",\"name\":\"Encontra Jequi\\u00e9\",\"image\":{\"@type\":\"ImageObject\",\"@id\":\"https:\\\/\\\/www.encontrajequie.com.br\\\/sobre\\\/como-parte-do-fortalecimento-a-agricultura-familiar-prefeitura-de-jequie-abre-inscricoes-para-o-garantia-safra-2026-2027\\\/#authorImage\",\"url\":\"https:\\\/\\\/secure.gravatar.com\\\/avatar\\\/507340682b8270222e1f208e23198b6ae7e2c6a1033ae84e99bc6bce4f82a387?s=96&d=mm&r=g\",\"width\":96,\"height\":96,\"caption\":\"Encontra Jequi\\u00e9\"}},{\"@type\":\"WebPage\",\"@id\":\"https:\\\/\\\/www.encontrajequie.com.br\\\/sobre\\\/como-parte-do-fortalecimento-a-agricultura-familiar-prefeitura-de-jequie-abre-inscricoes-para-o-garantia-safra-2026-2027\\\/#webpage\",\"url\":\"https:\\\/\\\/www.encontrajequie.com.br\\\/sobre\\\/como-parte-do-fortalecimento-a-agricultura-familiar-prefeitura-de-jequie-abre-inscricoes-para-o-garantia-safra-2026-2027\\\/\",\"name\":\"Como parte do fortalecimento \\u00e0 agricultura familiar, Prefeitura de Jequi\\u00e9 abre inscri\\u00e7\\u00f5es para o Garantia Safra 2026\\\/2027 | Encontra Jequi\\u00e9\",\"description\":\"Garantia Safra 2026\\\/2027: Inscri\\u00e7\\u00f5es abertas para a prote\\u00e7\\u00e3o dos agricultores familiares.\",\"inLanguage\":\"pt-BR\",\"isPartOf\":{\"@id\":\"https:\\\/\\\/www.encontrajequie.com.br\\\/sobre\\\/#website\"},\"breadcrumb\":{\"@id\":\"https:\\\/\\\/www.encontrajequie.com.br\\\/sobre\\\/como-parte-do-fortalecimento-a-agricultura-familiar-prefeitura-de-jequie-abre-inscricoes-para-o-garantia-safra-2026-2027\\\/#breadcrumblist\"},\"author\":{\"@id\":\"https:\\\/\\\/www.encontrajequie.com.br\\\/sobre\\\/author\\\/ejequie\\\/#author\"},\"creator\":{\"@id\":\"https:\\\/\\\/www.encontrajequie.com.br\\\/sobre\\\/author\\\/ejequie\\\/#author\"},\"image\":{\"@type\":\"ImageObject\",\"url\":\"https:\\\/\\\/www.encontrajequie.com.br\\\/sobre\\\/wp-content\\\/uploads\\\/2026\\\/08\\\/como-parte-do-fortalecimento-a-agricultura-familiar-prefeitura-de-jequie-abre-inscricoes-para-o-gara.webp\",\"@id\":\"https:\\\/\\\/www.encontrajequie.com.br\\\/sobre\\\/como-parte-do-fortalecimento-a-agricultura-familiar-prefeitura-de-jequie-abre-inscricoes-para-o-garantia-safra-2026-2027\\\/#mainImage\",\"width\":280,\"height\":280,\"caption\":\"Garantia Safra\"},\"primaryImageOfPage\":{\"@id\":\"https:\\\/\\\/www.encontrajequie.com.br\\\/sobre\\\/como-parte-do-fortalecimento-a-agricultura-familiar-prefeitura-de-jequie-abre-inscricoes-para-o-garantia-safra-2026-2027\\\/#mainImage\"},\"datePublished\":\"2026-08-30T06:01:27-03:00\",\"dateModified\":\"2026-08-30T06:01:27-03:00\"},{\"@type\":\"WebSite\",\"@id\":\"https:\\\/\\\/www.encontrajequie.com.br\\\/sobre\\\/#website\",\"url\":\"https:\\\/\\\/www.encontrajequie.com.br\\\/sobre\\\/\",\"name\":\"Encontra Jequi\\u00e9\",\"description\":\"Not\\u00edcias, eventos, informa\\u00e7\\u00f5es e dicas na cidade de Jequi\\u00e9 e regi\\u00e3o.\",\"inLanguage\":\"pt-BR\",\"publisher\":{\"@id\":\"https:\\\/\\\/www.encontrajequie.com.br\\\/sobre\\\/#organization\"}}]}\n\t\t<\/script>\n\t\t<!-- All in One SEO -->\n\n","aioseo_head_json":{"title":"Como parte do fortalecimento \u00e0 agricultura familiar, Prefeitura de Jequi\u00e9 abre inscri\u00e7\u00f5es para o Garantia Safra 2026\/2027 | Encontra Jequi\u00e9","description":"Garantia Safra 2026\/2027: Inscri\u00e7\u00f5es abertas para a prote\u00e7\u00e3o dos agricultores familiares.","canonical_url":"https:\/\/www.encontrajequie.com.br\/sobre\/como-parte-do-fortalecimento-a-agricultura-familiar-prefeitura-de-jequie-abre-inscricoes-para-o-garantia-safra-2026-2027\/","robots":"max-image-preview:large","keywords":"","webmasterTools":{"miscellaneous":""},"schema":{"@context":"https:\/\/schema.org","@graph":[{"@type":"Article","@id":"https:\/\/www.encontrajequie.com.br\/sobre\/como-parte-do-fortalecimento-a-agricultura-familiar-prefeitura-de-jequie-abre-inscricoes-para-o-garantia-safra-2026-2027\/#article","name":"Como parte do fortalecimento \u00e0 agricultura familiar, Prefeitura de Jequi\u00e9 abre inscri\u00e7\u00f5es para o Garantia Safra 2026\/2027 | Encontra Jequi\u00e9","headline":"Como parte do fortalecimento \u00e0 agricultura familiar, Prefeitura de Jequi\u00e9 abre inscri\u00e7\u00f5es para o Garantia Safra 2026\/2027","author":{"@id":"https:\/\/www.encontrajequie.com.br\/sobre\/author\/ejequie\/#author"},"publisher":{"@id":"https:\/\/www.encontrajequie.com.br\/sobre\/#organization"},"image":{"@type":"ImageObject","url":"https:\/\/www.encontrajequie.com.br\/sobre\/wp-content\/uploads\/2026\/08\/como-parte-do-fortalecimento-a-agricultura-familiar-prefeitura-de-jequie-abre-inscricoes-para-o-gara.webp","width":280,"height":280,"caption":"Garantia Safra"},"datePublished":"2026-08-30T06:01:27-03:00","dateModified":"2026-08-30T06:01:27-03:00","inLanguage":"pt-BR","mainEntityOfPage":{"@id":"https:\/\/www.encontrajequie.com.br\/sobre\/como-parte-do-fortalecimento-a-agricultura-familiar-prefeitura-de-jequie-abre-inscricoes-para-o-garantia-safra-2026-2027\/#webpage"},"isPartOf":{"@id":"https:\/\/www.encontrajequie.com.br\/sobre\/como-parte-do-fortalecimento-a-agricultura-familiar-prefeitura-de-jequie-abre-inscricoes-para-o-garantia-safra-2026-2027\/#webpage"},"articleSection":"Educa\u00e7\u00e3o Jequi\u00e9"},{"@type":"BreadcrumbList","@id":"https:\/\/www.encontrajequie.com.br\/sobre\/como-parte-do-fortalecimento-a-agricultura-familiar-prefeitura-de-jequie-abre-inscricoes-para-o-garantia-safra-2026-2027\/#breadcrumblist","itemListElement":[{"@type":"ListItem","@id":"https:\/\/www.encontrajequie.com.br\/sobre#listItem","position":1,"name":"Home","item":"https:\/\/www.encontrajequie.com.br\/sobre","nextItem":{"@type":"ListItem","@id":"https:\/\/www.encontrajequie.com.br\/sobre\/educacao-em-jequie\/#listItem","name":"Educa\u00e7\u00e3o Jequi\u00e9"}},{"@type":"ListItem","@id":"https:\/\/www.encontrajequie.com.br\/sobre\/educacao-em-jequie\/#listItem","position":2,"name":"Educa\u00e7\u00e3o Jequi\u00e9","item":"https:\/\/www.encontrajequie.com.br\/sobre\/educacao-em-jequie\/","nextItem":{"@type":"ListItem","@id":"https:\/\/www.encontrajequie.com.br\/sobre\/como-parte-do-fortalecimento-a-agricultura-familiar-prefeitura-de-jequie-abre-inscricoes-para-o-garantia-safra-2026-2027\/#listItem","name":"Como parte do fortalecimento \u00e0 agricultura familiar, Prefeitura de Jequi\u00e9 abre inscri\u00e7\u00f5es para o Garantia Safra 2026\/2027"},"previousItem":{"@type":"ListItem","@id":"https:\/\/www.encontrajequie.com.br\/sobre#listItem","name":"Home"}},{"@type":"ListItem","@id":"https:\/\/www.encontrajequie.com.br\/sobre\/como-parte-do-fortalecimento-a-agricultura-familiar-prefeitura-de-jequie-abre-inscricoes-para-o-garantia-safra-2026-2027\/#listItem","position":3,"name":"Como parte do fortalecimento \u00e0 agricultura familiar, Prefeitura de Jequi\u00e9 abre inscri\u00e7\u00f5es para o Garantia Safra 2026\/2027","previousItem":{"@type":"ListItem","@id":"https:\/\/www.encontrajequie.com.br\/sobre\/educacao-em-jequie\/#listItem","name":"Educa\u00e7\u00e3o Jequi\u00e9"}}]},{"@type":"Organization","@id":"https:\/\/www.encontrajequie.com.br\/sobre\/#organization","name":"Encontra Jequi\u00e9","description":"Not\u00edcias, eventos, informa\u00e7\u00f5es e dicas na cidade de Jequi\u00e9 e regi\u00e3o.","url":"https:\/\/www.encontrajequie.com.br\/sobre\/"},{"@type":"Person","@id":"https:\/\/www.encontrajequie.com.br\/sobre\/author\/ejequie\/#author","url":"https:\/\/www.encontrajequie.com.br\/sobre\/author\/ejequie\/","name":"Encontra Jequi\u00e9","image":{"@type":"ImageObject","@id":"https:\/\/www.encontrajequie.com.br\/sobre\/como-parte-do-fortalecimento-a-agricultura-familiar-prefeitura-de-jequie-abre-inscricoes-para-o-garantia-safra-2026-2027\/#authorImage","url":"https:\/\/secure.gravatar.com\/avatar\/507340682b8270222e1f208e23198b6ae7e2c6a1033ae84e99bc6bce4f82a387?s=96&d=mm&r=g","width":96,"height":96,"caption":"Encontra Jequi\u00e9"}},{"@type":"WebPage","@id":"https:\/\/www.encontrajequie.com.br\/sobre\/como-parte-do-fortalecimento-a-agricultura-familiar-prefeitura-de-jequie-abre-inscricoes-para-o-garantia-safra-2026-2027\/#webpage","url":"https:\/\/www.encontrajequie.com.br\/sobre\/como-parte-do-fortalecimento-a-agricultura-familiar-prefeitura-de-jequie-abre-inscricoes-para-o-garantia-safra-2026-2027\/","name":"Como parte do fortalecimento \u00e0 agricultura familiar, Prefeitura de Jequi\u00e9 abre inscri\u00e7\u00f5es para o Garantia Safra 2026\/2027 | Encontra Jequi\u00e9","description":"Garantia Safra 2026\/2027: Inscri\u00e7\u00f5es abertas para a prote\u00e7\u00e3o dos agricultores familiares.","inLanguage":"pt-BR","isPartOf":{"@id":"https:\/\/www.encontrajequie.com.br\/sobre\/#website"},"breadcrumb":{"@id":"https:\/\/www.encontrajequie.com.br\/sobre\/como-parte-do-fortalecimento-a-agricultura-familiar-prefeitura-de-jequie-abre-inscricoes-para-o-garantia-safra-2026-2027\/#breadcrumblist"},"author":{"@id":"https:\/\/www.encontrajequie.com.br\/sobre\/author\/ejequie\/#author"},"creator":{"@id":"https:\/\/www.encontrajequie.com.br\/sobre\/author\/ejequie\/#author"},"image":{"@type":"ImageObject","url":"https:\/\/www.encontrajequie.com.br\/sobre\/wp-content\/uploads\/2026\/08\/como-parte-do-fortalecimento-a-agricultura-familiar-prefeitura-de-jequie-abre-inscricoes-para-o-gara.webp","@id":"https:\/\/www.encontrajequie.com.br\/sobre\/como-parte-do-fortalecimento-a-agricultura-familiar-prefeitura-de-jequie-abre-inscricoes-para-o-garantia-safra-2026-2027\/#mainImage","width":280,"height":280,"caption":"Garantia Safra"},"primaryImageOfPage":{"@id":"https:\/\/www.encontrajequie.com.br\/sobre\/como-parte-do-fortalecimento-a-agricultura-familiar-prefeitura-de-jequie-abre-inscricoes-para-o-garantia-safra-2026-2027\/#mainImage"},"datePublished":"2026-08-30T06:01:27-03:00","dateModified":"2026-08-30T06:01:27-03:00"},{"@type":"WebSite","@id":"https:\/\/www.encontrajequie.com.br\/sobre\/#website","url":"https:\/\/www.encontrajequie.com.br\/sobre\/","name":"Encontra Jequi\u00e9","description":"Not\u00edcias, eventos, informa\u00e7\u00f5es e dicas na cidade de Jequi\u00e9 e regi\u00e3o.","inLanguage":"pt-BR","publisher":{"@id":"https:\/\/www.encontrajequie.com.br\/sobre\/#organization"}}]},"og:locale":"pt_BR","og:site_name":"Encontra Jequi\u00e9 | Not\u00edcias, eventos, informa\u00e7\u00f5es e dicas na cidade de Jequi\u00e9 e regi\u00e3o.","og:type":"article","og:title":"Como parte do fortalecimento \u00e0 agricultura familiar, Prefeitura de Jequi\u00e9 abre inscri\u00e7\u00f5es para o Garantia Safra 2026\/2027 | Encontra Jequi\u00e9","og:description":"Garantia Safra 2026\/2027: Inscri\u00e7\u00f5es abertas para a prote\u00e7\u00e3o dos agricultores familiares.","og:url":"https:\/\/www.encontrajequie.com.br\/sobre\/como-parte-do-fortalecimento-a-agricultura-familiar-prefeitura-de-jequie-abre-inscricoes-para-o-garantia-safra-2026-2027\/","article:published_time":"2026-08-30T09:01:27+00:00","article:modified_time":"2026-08-30T09:01:27+00:00","twitter:card":"summary_large_image","twitter:title":"Como parte do fortalecimento \u00e0 agricultura familiar, Prefeitura de Jequi\u00e9 abre inscri\u00e7\u00f5es para o Garantia Safra 2026\/2027 | Encontra Jequi\u00e9","twitter:description":"Garantia Safra 2026\/2027: Inscri\u00e7\u00f5es abertas para a prote\u00e7\u00e3o dos agricultores familiares."},"aioseo_meta_data":{"post_id":"1761","title":null,"description":null,"keywords":null,"keyphrases":null,"primary_term":null,"canonical_url":null,"og_title":null,"og_description":null,"og_object_type":"default","og_image_type":"default","og_image_url":null,"og_image_width":null,"og_image_height":null,"og_image_custom_url":null,"og_image_custom_fields":null,"og_video":null,"og_custom_url":null,"og_article_section":null,"og_article_tags":null,"twitter_use_og":false,"twitter_card":"default","twitter_image_type":"default","twitter_image_url":null,"twitter_image_custom_url":null,"twitter_image_custom_fields":null,"twitter_title":null,"twitter_description":null,"schema":{"blockGraphs":[],"customGraphs":[],"default":{"data":{"Article":[],"Course":[],"Dataset":[],"FAQPage":[],"Movie":[],"Person":[],"Product":[],"ProductReview":[],"Car":[],"Recipe":[],"Service":[],"SoftwareApplication":[],"WebPage":[]},"graphName":"Article","isEnabled":true},"graphs":[]},"schema_type":"default","schema_type_options":null,"pillar_content":false,"robots_default":true,"robots_noindex":false,"robots_noarchive":false,"robots_nosnippet":false,"robots_nofollow":false,"robots_noimageindex":false,"robots_noodp":false,"robots_notranslate":false,"robots_max_snippet":null,"robots_max_videopreview":null,"robots_max_imagepreview":"large","priority":null,"frequency":null,"local_seo":null,"breadcrumb_settings":null,"limit_modified_date":false,"ai":null,"created":"2026-08-30 09:01:28","updated":"2026-08-30 10:29:34","focus_keyword":null,"additional_keywords":null,"truseo_locale":null,"seo_analyzer_scan_date":null},"aioseo_breadcrumb":"<div class=\"aioseo-breadcrumbs\"><span class=\"aioseo-breadcrumb\">\n\t\t\t<a href=\"https:\/\/www.encontrajequie.com.br\/sobre\" title=\"Home\">Home<\/a>\n\t\t<\/span><span class=\"aioseo-breadcrumb-separator\">&raquo;<\/span><span class=\"aioseo-breadcrumb\">\n\t\t\t<a href=\"https:\/\/www.encontrajequie.com.br\/sobre\/educacao-em-jequie\/\" title=\"Educa\u00e7\u00e3o Jequi\u00e9\">Educa\u00e7\u00e3o Jequi\u00e9<\/a>\n\t\t<\/span><span class=\"aioseo-breadcrumb-separator\">&raquo;<\/span><span class=\"aioseo-breadcrumb\">\n\t\t\tComo parte do fortalecimento \u00e0 agricultura familiar, Prefeitura de Jequi\u00e9 abre inscri\u00e7\u00f5es para o Garantia Safra 2026\/2027\n\t\t<\/span><\/div>","aioseo_breadcrumb_json":[{"label":"Home","link":"https:\/\/www.encontrajequie.com.br\/sobre"},{"label":"Educa\u00e7\u00e3o Jequi\u00e9","link":"https:\/\/www.encontrajequie.com.br\/sobre\/educacao-em-jequie\/"},{"label":"Como parte do fortalecimento \u00e0 agricultura familiar, Prefeitura de Jequi\u00e9 abre inscri\u00e7\u00f5es para o Garantia Safra 2026\/2027","link":"https:\/\/www.encontrajequie.com.br\/sobre\/como-parte-do-fortalecimento-a-agricultura-familiar-prefeitura-de-jequie-abre-inscricoes-para-o-garantia-safra-2026-2027\/"}],"_links":{"self":[{"href":"https:\/\/www.encontrajequie.com.br\/sobre\/wp-json\/wp\/v2\/posts\/1761","targetHints":{"allow":["GET"]}}],"collection":[{"href":"https:\/\/www.encontrajequie.com.br\/sobre\/wp-json\/wp\/v2\/posts"}],"about":[{"href":"https:\/\/www.encontrajequie.com.br\/sobre\/wp-json\/wp\/v2\/types\/post"}],"author":[{"embeddable":true,"href":"https:\/\/www.encontrajequie.com.br\/sobre\/wp-json\/wp\/v2\/users\/1"}],"replies":[{"embeddable":true,"href":"https:\/\/www.encontrajequie.com.br\/sobre\/wp-json\/wp\/v2\/comments?post=1761"}],"version-history":[{"count":0,"href":"https:\/\/www.encontrajequie.com.br\/sobre\/wp-json\/wp\/v2\/posts\/1761\/revisions"}],"wp:featuredmedia":[{"embeddable":true,"href":"https:\/\/www.encontrajequie.com.br\/sobre\/wp-json\/wp\/v2\/media\/1760"}],"wp:attachment":[{"href":"https:\/\/www.encontrajequie.com.br\/sobre\/wp-json\/wp\/v2\/media?parent=1761"}],"wp:term":[{"taxonomy":"category","embeddable":true,"href":"https:\/\/www.encontrajequie.com.br\/sobre\/wp-json\/wp\/v2\/categories?post=1761"},{"taxonomy":"post_tag","embeddable":true,"href":"https:\/\/www.encontrajequie.com.br\/sobre\/wp-json\/wp\/v2\/tags?post=1761"}],"curies":[{"name":"wp","href":"https:\/\/api.w.org\/{rel}","templated":true}]}}