{"id":1771,"date":"2026-08-31T05:21:50","date_gmt":"2026-08-31T08:21:50","guid":{"rendered":"https:\/\/www.encontrajequie.com.br\/sobre\/durval-neto-dc-2744-candidato-a-deputado-federal-na-bahia-eleicoes-2026\/"},"modified":"2026-08-31T05:21:50","modified_gmt":"2026-08-31T08:21:50","slug":"durval-neto-dc-2744-candidato-a-deputado-federal-na-bahia-eleicoes-2026","status":"publish","type":"post","link":"https:\/\/www.encontrajequie.com.br\/sobre\/durval-neto-dc-2744-candidato-a-deputado-federal-na-bahia-eleicoes-2026\/","title":{"rendered":"Durval Neto (DC) 2744: Candidato a Deputado Federal na Bahia | Elei\u00e7\u00f5es 2026"},"content":{"rendered":"<div class=\"30cf832dc5940d4704f66d0ed9a44050\" data-index=\"1\" style=\"float: none; margin:0px;\">\n<!-- Anuncio display - global -->\r\n<ins class=\"adsbygoogle\"\r\n     style=\"display:block\"\r\n     data-ad-client=\"ca-pub-8585364105181520\"\r\n     data-ad-slot=\"8789329856\"\r\n     data-ad-format=\"auto\"\r\n     data-full-width-responsive=\"true\"><\/ins>\r\n<script>\r\n     (adsbygoogle = window.adsbygoogle || []).push({});\r\n<\/script>\n<\/div>\n<h2>Quem \u00e9 Durval Neto?<\/h2>\n<p>Durval Neto, conhecido como Durval Queiroz Alves Neto, \u00e9 um candidato ao cargo de Deputado Federal pela Bahia nas elei\u00e7\u00f5es de 2026. Nascido na cidade de Jequi\u00e9, na Bahia, ele traz consigo uma trajet\u00f3ria que reflete seu comprometimento com a pol\u00edtica e o desenvolvimento local.<\/p>\n<h2>O que esperar da candidatura em 2026?<\/h2>\n<p>Durval Neto, apresentando o n\u00famero 2744, \u00e9 representante do partido Democracia Crist\u00e3 e est\u00e1 buscando o apoio da popula\u00e7\u00e3o da Bahia para implementar suas propostas e projetos. Sua candidatura se destaca ao oferecer uma vis\u00e3o voltada para as necessidades e anseios dos cidad\u00e3os baianos.<\/p>\n<h2>Informa\u00e7\u00f5es sobre o partido<\/h2>\n<p>O partido Democracia Crist\u00e3, com o n\u00famero 27, \u00e9 conhecido por defender princ\u00edpios que unem o cristianismo com pol\u00edticas sociais e econ\u00f4micas voltadas ao desenvolvimento justo e inclusivo. A atua\u00e7\u00e3o do partido se pauta por valores que buscam promover a dignidade humana e a justi\u00e7a social.<\/p>\n<p><img decoding=\"async\" src=\"https:\/\/www.encontrajequie.com.br\/sobre\/wp-content\/uploads\/2026\/08\/durval-neto-dc-2744-candidato-a-deputado-federal-na-bahia-eleicoes-2026.webp\" alt=\"candidato a Deputado Federal na Bahia\" loading=\"lazy\" \/><\/p>\n<h2>Data de nascimento e forma\u00e7\u00e3o do candidato<\/h2>\n<p>Durval Neto tem 57 anos e possui forma\u00e7\u00e3o superior incompleta. Sua experi\u00eancia profissional atual \u00e9 na \u00e1rea de com\u00e9rcio, onde tem desenvolvido habilidades de gest\u00e3o e relacionamento com o p\u00fablico.<\/p>\n<h2>Situa\u00e7\u00e3o da candidatura<\/h2>\n<p>Atualmente, a candidatura de Durval Neto est\u00e1 <strong>aguardando julgamento<\/strong> pelo Tribunal Superior Eleitoral (TSE). Isso significa que o pedido de registro ainda n\u00e3o foi avaliado pela Justi\u00e7a Eleitoral e a situa\u00e7\u00e3o \u00e9 considerada provis\u00f3ria.<\/p>\n<h2>Como se diferencia no cen\u00e1rio eleitoral<\/h2>\n<p>O candidato se diferencia por sua origem em Jequi\u00e9 e sua trajet\u00f3ria como comerciante, trazendo um olhar atento \u00e0s necessidades da comunidade local. Al\u00e9m disso, sua plataforma pol\u00edtica \u00e9 constru\u00edda em di\u00e1logo com a popula\u00e7\u00e3o, buscando ouvir as demandas e anseios dos cidad\u00e3os.<\/p>\n<h2>A import\u00e2ncia do voto consciente<\/h2>\n<p>Com as elei\u00e7\u00f5es se aproximando, a import\u00e2ncia do voto consciente se torna um tema central. Os eleitores s\u00e3o incentivados a conhecer seus candidatos, suas propostas e o impacto que suas escolhas ter\u00e3o no futuro da Bahia e do Brasil. O voto consciente \u00e9 um ato de cidadania que molda os destinos pol\u00edticos e sociais do pa\u00eds.<\/p>\n<h2>An\u00e1lise do eleitorado da Bahia<\/h2>\n<p>A Bahia \u00e9 um estado diverso e rico culturalmente, com um eleitorado que valoriza a representatividade e a conex\u00e3o com suas ra\u00edzes. Entender o perfil do eleitorado baiano \u00e9 fundamental para que os candidatos possam se comunicar efetivamente e propor solu\u00e7\u00f5es que atendam \u00e0s demandas de toda a popula\u00e7\u00e3o.<\/p>\n<h2>Expectativas para a campanha<\/h2>\n<p>A campanha de Durval Neto promete ser din\u00e2mica e engajada. Com o apoio de sua base, ele pretende levar sua mensagem a todos os cantos da Bahia, buscando a intera\u00e7\u00e3o com os eleitores por meio de eventos, reuni\u00f5es comunit\u00e1rias e m\u00eddias digitais, enfatizando a import\u00e2ncia da participa\u00e7\u00e3o da popula\u00e7\u00e3o no processo eleitoral.<\/p>\n<h2>Como acompanhar as not\u00edcias da candidatura<\/h2>\n<p>Para ficar por dentro das atualiza\u00e7\u00f5es sobre a candidatura de Durval Neto, \u00e9 recomend\u00e1vel que os eleitores busquem informa\u00e7\u00f5es atrav\u00e9s dos canais oficiais do candidato e do partido, al\u00e9m de acompanhar as not\u00edcias na imprensa local. Essas fontes proporcionar\u00e3o um panorama completo sobre suas propostas e a evolu\u00e7\u00e3o de sua campanha.<\/p>\n\n<div style=\"font-size: 0px; height: 0px; line-height: 0px; margin: 0; padding: 0; clear: both;\"><\/div>","protected":false},"excerpt":{"rendered":"<p>Durval Neto \u00e9 candidato a Deputado Federal na Bahia para 2026. Saiba mais!<\/p>\n","protected":false},"author":1,"featured_media":1770,"comment_status":"open","ping_status":"closed","sticky":false,"template":"","format":"standard","meta":{"footnotes":""},"categories":[1],"tags":[],"class_list":["post-1771","post","type-post","status-publish","format-standard","has-post-thumbnail","hentry","category-noticias-em-jequie","has_thumb"],"aioseo_notices":[],"aioseo_head":"\n\t\t<!-- All in One SEO 5.0.0.1 - aioseo.com -->\n\t<meta name=\"description\" content=\"Durval Neto \u00e9 candidato a Deputado Federal na Bahia para 2026. Saiba mais!\" \/>\n\t<meta name=\"robots\" content=\"max-image-preview:large\" \/>\n\t<meta name=\"author\" content=\"Encontra Jequi\u00e9\"\/>\n\t<link rel=\"canonical\" href=\"https:\/\/www.encontrajequie.com.br\/sobre\/durval-neto-dc-2744-candidato-a-deputado-federal-na-bahia-eleicoes-2026\/\" \/>\n\t<meta name=\"generator\" content=\"All in One SEO (AIOSEO) 5.0.0.1\" \/>\n\t\t<meta property=\"og:locale\" content=\"pt_BR\" \/>\n\t\t<meta property=\"og:site_name\" content=\"Encontra Jequi\u00e9 | Not\u00edcias, eventos, informa\u00e7\u00f5es e dicas na cidade de Jequi\u00e9 e regi\u00e3o.\" \/>\n\t\t<meta property=\"og:type\" content=\"article\" \/>\n\t\t<meta property=\"og:title\" content=\"Durval Neto (DC) 2744: Candidato a Deputado Federal na Bahia | Elei\u00e7\u00f5es 2026 | Encontra Jequi\u00e9\" \/>\n\t\t<meta property=\"og:description\" content=\"Durval Neto \u00e9 candidato a Deputado Federal na Bahia para 2026. Saiba mais!\" \/>\n\t\t<meta property=\"og:url\" content=\"https:\/\/www.encontrajequie.com.br\/sobre\/durval-neto-dc-2744-candidato-a-deputado-federal-na-bahia-eleicoes-2026\/\" \/>\n\t\t<meta property=\"article:published_time\" content=\"2026-08-31T08:21:50+00:00\" \/>\n\t\t<meta property=\"article:modified_time\" content=\"2026-08-31T08:21:50+00:00\" \/>\n\t\t<meta name=\"twitter:card\" content=\"summary_large_image\" \/>\n\t\t<meta name=\"twitter:title\" content=\"Durval Neto (DC) 2744: Candidato a Deputado Federal na Bahia | Elei\u00e7\u00f5es 2026 | Encontra Jequi\u00e9\" \/>\n\t\t<meta name=\"twitter:description\" content=\"Durval Neto \u00e9 candidato a Deputado Federal na Bahia para 2026. Saiba mais!\" \/>\n\t\t<script type=\"application\/ld+json\" class=\"aioseo-schema\">\n\t\t\t{\"@context\":\"https:\\\/\\\/schema.org\",\"@graph\":[{\"@type\":\"Article\",\"@id\":\"https:\\\/\\\/www.encontrajequie.com.br\\\/sobre\\\/durval-neto-dc-2744-candidato-a-deputado-federal-na-bahia-eleicoes-2026\\\/#article\",\"name\":\"Durval Neto (DC) 2744: Candidato a Deputado Federal na Bahia | Elei\\u00e7\\u00f5es 2026 | Encontra Jequi\\u00e9\",\"headline\":\"Durval Neto (DC) 2744: Candidato a Deputado Federal na Bahia | Elei\\u00e7\\u00f5es 2026\",\"author\":{\"@id\":\"https:\\\/\\\/www.encontrajequie.com.br\\\/sobre\\\/author\\\/ejequie\\\/#author\"},\"publisher\":{\"@id\":\"https:\\\/\\\/www.encontrajequie.com.br\\\/sobre\\\/#organization\"},\"image\":{\"@type\":\"ImageObject\",\"url\":\"https:\\\/\\\/www.encontrajequie.com.br\\\/sobre\\\/wp-content\\\/uploads\\\/2026\\\/08\\\/durval-neto-dc-2744-candidato-a-deputado-federal-na-bahia-eleicoes-2026.webp\",\"width\":280,\"height\":280,\"caption\":\"candidato a Deputado Federal na Bahia\"},\"datePublished\":\"2026-08-31T05:21:50-03:00\",\"dateModified\":\"2026-08-31T05:21:50-03:00\",\"inLanguage\":\"pt-BR\",\"mainEntityOfPage\":{\"@id\":\"https:\\\/\\\/www.encontrajequie.com.br\\\/sobre\\\/durval-neto-dc-2744-candidato-a-deputado-federal-na-bahia-eleicoes-2026\\\/#webpage\"},\"isPartOf\":{\"@id\":\"https:\\\/\\\/www.encontrajequie.com.br\\\/sobre\\\/durval-neto-dc-2744-candidato-a-deputado-federal-na-bahia-eleicoes-2026\\\/#webpage\"},\"articleSection\":\"Not\\u00edcias Jequi\\u00e9\"},{\"@type\":\"BreadcrumbList\",\"@id\":\"https:\\\/\\\/www.encontrajequie.com.br\\\/sobre\\\/durval-neto-dc-2744-candidato-a-deputado-federal-na-bahia-eleicoes-2026\\\/#breadcrumblist\",\"itemListElement\":[{\"@type\":\"ListItem\",\"@id\":\"https:\\\/\\\/www.encontrajequie.com.br\\\/sobre#listItem\",\"position\":1,\"name\":\"Home\",\"item\":\"https:\\\/\\\/www.encontrajequie.com.br\\\/sobre\",\"nextItem\":{\"@type\":\"ListItem\",\"@id\":\"https:\\\/\\\/www.encontrajequie.com.br\\\/sobre\\\/noticias-em-jequie\\\/#listItem\",\"name\":\"Not\\u00edcias Jequi\\u00e9\"}},{\"@type\":\"ListItem\",\"@id\":\"https:\\\/\\\/www.encontrajequie.com.br\\\/sobre\\\/noticias-em-jequie\\\/#listItem\",\"position\":2,\"name\":\"Not\\u00edcias Jequi\\u00e9\",\"item\":\"https:\\\/\\\/www.encontrajequie.com.br\\\/sobre\\\/noticias-em-jequie\\\/\",\"nextItem\":{\"@type\":\"ListItem\",\"@id\":\"https:\\\/\\\/www.encontrajequie.com.br\\\/sobre\\\/durval-neto-dc-2744-candidato-a-deputado-federal-na-bahia-eleicoes-2026\\\/#listItem\",\"name\":\"Durval Neto (DC) 2744: Candidato a Deputado Federal na Bahia | Elei\\u00e7\\u00f5es 2026\"},\"previousItem\":{\"@type\":\"ListItem\",\"@id\":\"https:\\\/\\\/www.encontrajequie.com.br\\\/sobre#listItem\",\"name\":\"Home\"}},{\"@type\":\"ListItem\",\"@id\":\"https:\\\/\\\/www.encontrajequie.com.br\\\/sobre\\\/durval-neto-dc-2744-candidato-a-deputado-federal-na-bahia-eleicoes-2026\\\/#listItem\",\"position\":3,\"name\":\"Durval Neto (DC) 2744: Candidato a Deputado Federal na Bahia | Elei\\u00e7\\u00f5es 2026\",\"previousItem\":{\"@type\":\"ListItem\",\"@id\":\"https:\\\/\\\/www.encontrajequie.com.br\\\/sobre\\\/noticias-em-jequie\\\/#listItem\",\"name\":\"Not\\u00edcias Jequi\\u00e9\"}}]},{\"@type\":\"Organization\",\"@id\":\"https:\\\/\\\/www.encontrajequie.com.br\\\/sobre\\\/#organization\",\"name\":\"Encontra Jequi\\u00e9\",\"description\":\"Not\\u00edcias, eventos, informa\\u00e7\\u00f5es e dicas na cidade de Jequi\\u00e9 e regi\\u00e3o.\",\"url\":\"https:\\\/\\\/www.encontrajequie.com.br\\\/sobre\\\/\"},{\"@type\":\"Person\",\"@id\":\"https:\\\/\\\/www.encontrajequie.com.br\\\/sobre\\\/author\\\/ejequie\\\/#author\",\"url\":\"https:\\\/\\\/www.encontrajequie.com.br\\\/sobre\\\/author\\\/ejequie\\\/\",\"name\":\"Encontra Jequi\\u00e9\",\"image\":{\"@type\":\"ImageObject\",\"@id\":\"https:\\\/\\\/www.encontrajequie.com.br\\\/sobre\\\/durval-neto-dc-2744-candidato-a-deputado-federal-na-bahia-eleicoes-2026\\\/#authorImage\",\"url\":\"https:\\\/\\\/secure.gravatar.com\\\/avatar\\\/507340682b8270222e1f208e23198b6ae7e2c6a1033ae84e99bc6bce4f82a387?s=96&d=mm&r=g\",\"width\":96,\"height\":96,\"caption\":\"Encontra Jequi\\u00e9\"}},{\"@type\":\"WebPage\",\"@id\":\"https:\\\/\\\/www.encontrajequie.com.br\\\/sobre\\\/durval-neto-dc-2744-candidato-a-deputado-federal-na-bahia-eleicoes-2026\\\/#webpage\",\"url\":\"https:\\\/\\\/www.encontrajequie.com.br\\\/sobre\\\/durval-neto-dc-2744-candidato-a-deputado-federal-na-bahia-eleicoes-2026\\\/\",\"name\":\"Durval Neto (DC) 2744: Candidato a Deputado Federal na Bahia | Elei\\u00e7\\u00f5es 2026 | Encontra Jequi\\u00e9\",\"description\":\"Durval Neto \\u00e9 candidato a Deputado Federal na Bahia para 2026. Saiba mais!\",\"inLanguage\":\"pt-BR\",\"isPartOf\":{\"@id\":\"https:\\\/\\\/www.encontrajequie.com.br\\\/sobre\\\/#website\"},\"breadcrumb\":{\"@id\":\"https:\\\/\\\/www.encontrajequie.com.br\\\/sobre\\\/durval-neto-dc-2744-candidato-a-deputado-federal-na-bahia-eleicoes-2026\\\/#breadcrumblist\"},\"author\":{\"@id\":\"https:\\\/\\\/www.encontrajequie.com.br\\\/sobre\\\/author\\\/ejequie\\\/#author\"},\"creator\":{\"@id\":\"https:\\\/\\\/www.encontrajequie.com.br\\\/sobre\\\/author\\\/ejequie\\\/#author\"},\"image\":{\"@type\":\"ImageObject\",\"url\":\"https:\\\/\\\/www.encontrajequie.com.br\\\/sobre\\\/wp-content\\\/uploads\\\/2026\\\/08\\\/durval-neto-dc-2744-candidato-a-deputado-federal-na-bahia-eleicoes-2026.webp\",\"@id\":\"https:\\\/\\\/www.encontrajequie.com.br\\\/sobre\\\/durval-neto-dc-2744-candidato-a-deputado-federal-na-bahia-eleicoes-2026\\\/#mainImage\",\"width\":280,\"height\":280,\"caption\":\"candidato a Deputado Federal na Bahia\"},\"primaryImageOfPage\":{\"@id\":\"https:\\\/\\\/www.encontrajequie.com.br\\\/sobre\\\/durval-neto-dc-2744-candidato-a-deputado-federal-na-bahia-eleicoes-2026\\\/#mainImage\"},\"datePublished\":\"2026-08-31T05:21:50-03:00\",\"dateModified\":\"2026-08-31T05:21:50-03:00\"},{\"@type\":\"WebSite\",\"@id\":\"https:\\\/\\\/www.encontrajequie.com.br\\\/sobre\\\/#website\",\"url\":\"https:\\\/\\\/www.encontrajequie.com.br\\\/sobre\\\/\",\"name\":\"Encontra Jequi\\u00e9\",\"description\":\"Not\\u00edcias, eventos, informa\\u00e7\\u00f5es e dicas na cidade de Jequi\\u00e9 e regi\\u00e3o.\",\"inLanguage\":\"pt-BR\",\"publisher\":{\"@id\":\"https:\\\/\\\/www.encontrajequie.com.br\\\/sobre\\\/#organization\"}}]}\n\t\t<\/script>\n\t\t<!-- All in One SEO -->\n\n","aioseo_head_json":{"title":"Durval Neto (DC) 2744: Candidato a Deputado Federal na Bahia | Elei\u00e7\u00f5es 2026 | Encontra Jequi\u00e9","description":"Durval Neto \u00e9 candidato a Deputado Federal na Bahia para 2026. Saiba mais!","canonical_url":"https:\/\/www.encontrajequie.com.br\/sobre\/durval-neto-dc-2744-candidato-a-deputado-federal-na-bahia-eleicoes-2026\/","robots":"max-image-preview:large","keywords":"","webmasterTools":{"miscellaneous":""},"schema":{"@context":"https:\/\/schema.org","@graph":[{"@type":"Article","@id":"https:\/\/www.encontrajequie.com.br\/sobre\/durval-neto-dc-2744-candidato-a-deputado-federal-na-bahia-eleicoes-2026\/#article","name":"Durval Neto (DC) 2744: Candidato a Deputado Federal na Bahia | Elei\u00e7\u00f5es 2026 | Encontra Jequi\u00e9","headline":"Durval Neto (DC) 2744: Candidato a Deputado Federal na Bahia | Elei\u00e7\u00f5es 2026","author":{"@id":"https:\/\/www.encontrajequie.com.br\/sobre\/author\/ejequie\/#author"},"publisher":{"@id":"https:\/\/www.encontrajequie.com.br\/sobre\/#organization"},"image":{"@type":"ImageObject","url":"https:\/\/www.encontrajequie.com.br\/sobre\/wp-content\/uploads\/2026\/08\/durval-neto-dc-2744-candidato-a-deputado-federal-na-bahia-eleicoes-2026.webp","width":280,"height":280,"caption":"candidato a Deputado Federal na Bahia"},"datePublished":"2026-08-31T05:21:50-03:00","dateModified":"2026-08-31T05:21:50-03:00","inLanguage":"pt-BR","mainEntityOfPage":{"@id":"https:\/\/www.encontrajequie.com.br\/sobre\/durval-neto-dc-2744-candidato-a-deputado-federal-na-bahia-eleicoes-2026\/#webpage"},"isPartOf":{"@id":"https:\/\/www.encontrajequie.com.br\/sobre\/durval-neto-dc-2744-candidato-a-deputado-federal-na-bahia-eleicoes-2026\/#webpage"},"articleSection":"Not\u00edcias Jequi\u00e9"},{"@type":"BreadcrumbList","@id":"https:\/\/www.encontrajequie.com.br\/sobre\/durval-neto-dc-2744-candidato-a-deputado-federal-na-bahia-eleicoes-2026\/#breadcrumblist","itemListElement":[{"@type":"ListItem","@id":"https:\/\/www.encontrajequie.com.br\/sobre#listItem","position":1,"name":"Home","item":"https:\/\/www.encontrajequie.com.br\/sobre","nextItem":{"@type":"ListItem","@id":"https:\/\/www.encontrajequie.com.br\/sobre\/noticias-em-jequie\/#listItem","name":"Not\u00edcias Jequi\u00e9"}},{"@type":"ListItem","@id":"https:\/\/www.encontrajequie.com.br\/sobre\/noticias-em-jequie\/#listItem","position":2,"name":"Not\u00edcias Jequi\u00e9","item":"https:\/\/www.encontrajequie.com.br\/sobre\/noticias-em-jequie\/","nextItem":{"@type":"ListItem","@id":"https:\/\/www.encontrajequie.com.br\/sobre\/durval-neto-dc-2744-candidato-a-deputado-federal-na-bahia-eleicoes-2026\/#listItem","name":"Durval Neto (DC) 2744: Candidato a Deputado Federal na Bahia | Elei\u00e7\u00f5es 2026"},"previousItem":{"@type":"ListItem","@id":"https:\/\/www.encontrajequie.com.br\/sobre#listItem","name":"Home"}},{"@type":"ListItem","@id":"https:\/\/www.encontrajequie.com.br\/sobre\/durval-neto-dc-2744-candidato-a-deputado-federal-na-bahia-eleicoes-2026\/#listItem","position":3,"name":"Durval Neto (DC) 2744: Candidato a Deputado Federal na Bahia | Elei\u00e7\u00f5es 2026","previousItem":{"@type":"ListItem","@id":"https:\/\/www.encontrajequie.com.br\/sobre\/noticias-em-jequie\/#listItem","name":"Not\u00edcias Jequi\u00e9"}}]},{"@type":"Organization","@id":"https:\/\/www.encontrajequie.com.br\/sobre\/#organization","name":"Encontra Jequi\u00e9","description":"Not\u00edcias, eventos, informa\u00e7\u00f5es e dicas na cidade de Jequi\u00e9 e regi\u00e3o.","url":"https:\/\/www.encontrajequie.com.br\/sobre\/"},{"@type":"Person","@id":"https:\/\/www.encontrajequie.com.br\/sobre\/author\/ejequie\/#author","url":"https:\/\/www.encontrajequie.com.br\/sobre\/author\/ejequie\/","name":"Encontra Jequi\u00e9","image":{"@type":"ImageObject","@id":"https:\/\/www.encontrajequie.com.br\/sobre\/durval-neto-dc-2744-candidato-a-deputado-federal-na-bahia-eleicoes-2026\/#authorImage","url":"https:\/\/secure.gravatar.com\/avatar\/507340682b8270222e1f208e23198b6ae7e2c6a1033ae84e99bc6bce4f82a387?s=96&d=mm&r=g","width":96,"height":96,"caption":"Encontra Jequi\u00e9"}},{"@type":"WebPage","@id":"https:\/\/www.encontrajequie.com.br\/sobre\/durval-neto-dc-2744-candidato-a-deputado-federal-na-bahia-eleicoes-2026\/#webpage","url":"https:\/\/www.encontrajequie.com.br\/sobre\/durval-neto-dc-2744-candidato-a-deputado-federal-na-bahia-eleicoes-2026\/","name":"Durval Neto (DC) 2744: Candidato a Deputado Federal na Bahia | Elei\u00e7\u00f5es 2026 | Encontra Jequi\u00e9","description":"Durval Neto \u00e9 candidato a Deputado Federal na Bahia para 2026. Saiba mais!","inLanguage":"pt-BR","isPartOf":{"@id":"https:\/\/www.encontrajequie.com.br\/sobre\/#website"},"breadcrumb":{"@id":"https:\/\/www.encontrajequie.com.br\/sobre\/durval-neto-dc-2744-candidato-a-deputado-federal-na-bahia-eleicoes-2026\/#breadcrumblist"},"author":{"@id":"https:\/\/www.encontrajequie.com.br\/sobre\/author\/ejequie\/#author"},"creator":{"@id":"https:\/\/www.encontrajequie.com.br\/sobre\/author\/ejequie\/#author"},"image":{"@type":"ImageObject","url":"https:\/\/www.encontrajequie.com.br\/sobre\/wp-content\/uploads\/2026\/08\/durval-neto-dc-2744-candidato-a-deputado-federal-na-bahia-eleicoes-2026.webp","@id":"https:\/\/www.encontrajequie.com.br\/sobre\/durval-neto-dc-2744-candidato-a-deputado-federal-na-bahia-eleicoes-2026\/#mainImage","width":280,"height":280,"caption":"candidato a Deputado Federal na Bahia"},"primaryImageOfPage":{"@id":"https:\/\/www.encontrajequie.com.br\/sobre\/durval-neto-dc-2744-candidato-a-deputado-federal-na-bahia-eleicoes-2026\/#mainImage"},"datePublished":"2026-08-31T05:21:50-03:00","dateModified":"2026-08-31T05:21:50-03:00"},{"@type":"WebSite","@id":"https:\/\/www.encontrajequie.com.br\/sobre\/#website","url":"https:\/\/www.encontrajequie.com.br\/sobre\/","name":"Encontra Jequi\u00e9","description":"Not\u00edcias, eventos, informa\u00e7\u00f5es e dicas na cidade de Jequi\u00e9 e regi\u00e3o.","inLanguage":"pt-BR","publisher":{"@id":"https:\/\/www.encontrajequie.com.br\/sobre\/#organization"}}]},"og:locale":"pt_BR","og:site_name":"Encontra Jequi\u00e9 | Not\u00edcias, eventos, informa\u00e7\u00f5es e dicas na cidade de Jequi\u00e9 e regi\u00e3o.","og:type":"article","og:title":"Durval Neto (DC) 2744: Candidato a Deputado Federal na Bahia | Elei\u00e7\u00f5es 2026 | Encontra Jequi\u00e9","og:description":"Durval Neto \u00e9 candidato a Deputado Federal na Bahia para 2026. Saiba mais!","og:url":"https:\/\/www.encontrajequie.com.br\/sobre\/durval-neto-dc-2744-candidato-a-deputado-federal-na-bahia-eleicoes-2026\/","article:published_time":"2026-08-31T08:21:50+00:00","article:modified_time":"2026-08-31T08:21:50+00:00","twitter:card":"summary_large_image","twitter:title":"Durval Neto (DC) 2744: Candidato a Deputado Federal na Bahia | Elei\u00e7\u00f5es 2026 | Encontra Jequi\u00e9","twitter:description":"Durval Neto \u00e9 candidato a Deputado Federal na Bahia para 2026. Saiba mais!"},"aioseo_meta_data":{"post_id":"1771","title":null,"description":null,"keywords":null,"keyphrases":null,"primary_term":null,"canonical_url":null,"og_title":null,"og_description":null,"og_object_type":"default","og_image_type":"default","og_image_url":null,"og_image_width":null,"og_image_height":null,"og_image_custom_url":null,"og_image_custom_fields":null,"og_video":null,"og_custom_url":null,"og_article_section":null,"og_article_tags":null,"twitter_use_og":false,"twitter_card":"default","twitter_image_type":"default","twitter_image_url":null,"twitter_image_custom_url":null,"twitter_image_custom_fields":null,"twitter_title":null,"twitter_description":null,"schema":{"blockGraphs":[],"customGraphs":[],"default":{"data":{"Article":[],"Course":[],"Dataset":[],"FAQPage":[],"Movie":[],"Person":[],"Product":[],"ProductReview":[],"Car":[],"Recipe":[],"Service":[],"SoftwareApplication":[],"WebPage":[]},"graphName":"Article","isEnabled":true},"graphs":[]},"schema_type":"default","schema_type_options":null,"pillar_content":false,"robots_default":true,"robots_noindex":false,"robots_noarchive":false,"robots_nosnippet":false,"robots_nofollow":false,"robots_noimageindex":false,"robots_noodp":false,"robots_notranslate":false,"robots_max_snippet":null,"robots_max_videopreview":null,"robots_max_imagepreview":"large","priority":null,"frequency":null,"local_seo":null,"breadcrumb_settings":null,"limit_modified_date":false,"ai":null,"created":"2026-08-31 08:21:50","updated":"2026-08-31 08:56:21","focus_keyword":null,"additional_keywords":null,"truseo_locale":null,"seo_analyzer_scan_date":null},"aioseo_breadcrumb":"<div class=\"aioseo-breadcrumbs\"><span class=\"aioseo-breadcrumb\">\n\t\t\t<a href=\"https:\/\/www.encontrajequie.com.br\/sobre\" title=\"Home\">Home<\/a>\n\t\t<\/span><span class=\"aioseo-breadcrumb-separator\">&raquo;<\/span><span class=\"aioseo-breadcrumb\">\n\t\t\t<a href=\"https:\/\/www.encontrajequie.com.br\/sobre\/noticias-em-jequie\/\" title=\"Not\u00edcias Jequi\u00e9\">Not\u00edcias Jequi\u00e9<\/a>\n\t\t<\/span><span class=\"aioseo-breadcrumb-separator\">&raquo;<\/span><span class=\"aioseo-breadcrumb\">\n\t\t\tDurval Neto (DC) 2744: Candidato a Deputado Federal na Bahia | Elei\u00e7\u00f5es 2026\n\t\t<\/span><\/div>","aioseo_breadcrumb_json":[{"label":"Home","link":"https:\/\/www.encontrajequie.com.br\/sobre"},{"label":"Not\u00edcias Jequi\u00e9","link":"https:\/\/www.encontrajequie.com.br\/sobre\/noticias-em-jequie\/"},{"label":"Durval Neto (DC) 2744: Candidato a Deputado Federal na Bahia | Elei\u00e7\u00f5es 2026","link":"https:\/\/www.encontrajequie.com.br\/sobre\/durval-neto-dc-2744-candidato-a-deputado-federal-na-bahia-eleicoes-2026\/"}],"_links":{"self":[{"href":"https:\/\/www.encontrajequie.com.br\/sobre\/wp-json\/wp\/v2\/posts\/1771","targetHints":{"allow":["GET"]}}],"collection":[{"href":"https:\/\/www.encontrajequie.com.br\/sobre\/wp-json\/wp\/v2\/posts"}],"about":[{"href":"https:\/\/www.encontrajequie.com.br\/sobre\/wp-json\/wp\/v2\/types\/post"}],"author":[{"embeddable":true,"href":"https:\/\/www.encontrajequie.com.br\/sobre\/wp-json\/wp\/v2\/users\/1"}],"replies":[{"embeddable":true,"href":"https:\/\/www.encontrajequie.com.br\/sobre\/wp-json\/wp\/v2\/comments?post=1771"}],"version-history":[{"count":0,"href":"https:\/\/www.encontrajequie.com.br\/sobre\/wp-json\/wp\/v2\/posts\/1771\/revisions"}],"wp:featuredmedia":[{"embeddable":true,"href":"https:\/\/www.encontrajequie.com.br\/sobre\/wp-json\/wp\/v2\/media\/1770"}],"wp:attachment":[{"href":"https:\/\/www.encontrajequie.com.br\/sobre\/wp-json\/wp\/v2\/media?parent=1771"}],"wp:term":[{"taxonomy":"category","embeddable":true,"href":"https:\/\/www.encontrajequie.com.br\/sobre\/wp-json\/wp\/v2\/categories?post=1771"},{"taxonomy":"post_tag","embeddable":true,"href":"https:\/\/www.encontrajequie.com.br\/sobre\/wp-json\/wp\/v2\/tags?post=1771"}],"curies":[{"name":"wp","href":"https:\/\/api.w.org\/{rel}","templated":true}]}}