{"id":1787,"date":"2026-09-02T05:21:41","date_gmt":"2026-09-02T08:21:41","guid":{"rendered":"https:\/\/www.encontrajequie.com.br\/sobre\/operacao-sais-de-chumbo-combate-trafico-e-prende-dois-em-jequie\/"},"modified":"2026-09-02T05:21:41","modified_gmt":"2026-09-02T08:21:41","slug":"operacao-sais-de-chumbo-combate-trafico-e-prende-dois-em-jequie","status":"publish","type":"post","link":"https:\/\/www.encontrajequie.com.br\/sobre\/operacao-sais-de-chumbo-combate-trafico-e-prende-dois-em-jequie\/","title":{"rendered":"Opera\u00e7\u00e3o Sais de Chumbo combate tr\u00e1fico e prende dois em Jequi\u00e9"},"content":{"rendered":"<div class=\"30cf832dc5940d4704f66d0ed9a44050\" data-index=\"1\" style=\"float: none; margin:0px;\">\n<!-- Anuncio display - global -->\r\n<ins class=\"adsbygoogle\"\r\n     style=\"display:block\"\r\n     data-ad-client=\"ca-pub-8585364105181520\"\r\n     data-ad-slot=\"8789329856\"\r\n     data-ad-format=\"auto\"\r\n     data-full-width-responsive=\"true\"><\/ins>\r\n<script>\r\n     (adsbygoogle = window.adsbygoogle || []).push({});\r\n<\/script>\n<\/div>\n<h2>Contexto da Opera\u00e7\u00e3o Sais de Chumbo<\/h2>\n<p>A Opera\u00e7\u00e3o Sais de Chumbo foi lan\u00e7ada pela Pol\u00edcia Civil com o objetivo de desmantelar redes de tr\u00e1fico de drogas e organiza\u00e7\u00f5es criminosas na cidade de Jequi\u00e9, localizada no M\u00e9dio Rio de Contas. Iniciada em mar\u00e7o de 2026, a opera\u00e7\u00e3o foi uma resposta a um aumento alarmante de atividades il\u00edcitas na regi\u00e3o, marcado pela atua\u00e7\u00e3o violenta de gangues envolvidas no tr\u00e1fico de entorpecentes, especialmente entre a popula\u00e7\u00e3o jovem.<\/p>\n<h2>Objetivos da A\u00e7\u00e3o Policial<\/h2>\n<p>Os principais objetivos da opera\u00e7\u00e3o incluem:<\/p>\n<ul>\n<li><strong>Desmantelar estrtuturas de tr\u00e1fico:<\/strong> A priorit\u00e1ria foi identificar e prender indiv\u00edduos respons\u00e1veis pela distribui\u00e7\u00e3o de drogas.<\/li>\n<li><strong>Apreens\u00e3o de entorpecentes:<\/strong> Outra meta central foi a apreens\u00e3o de subst\u00e2ncias il\u00edcitas, como maconha e coca\u00edna, para interromper a circula\u00e7\u00e3o desses produtos nas comunidades afetadas.<\/li>\n<li><strong>Preven\u00e7\u00e3o de crimes relacionados:<\/strong> A opera\u00e7\u00e3o tamb\u00e9m busca prevenir crimes correlacionados ao tr\u00e1fico, como corrup\u00e7\u00e3o de menores e viol\u00eancia associada a disputas entre fac\u00e7\u00f5es.<\/li>\n<\/ul>\n<h2>Resultados Obtidos com a Opera\u00e7\u00e3o<\/h2>\n<p>Na manh\u00e3 de 26 de agosto de 2026, durante a opera\u00e7\u00e3o, dois jovens, um homem e uma mulher, ambos com 20 anos, foram presos no bairro Joaquim Rom\u00e3o. Eles eram alvos de mandados de pris\u00e3o preventiva por tr\u00e1fico de drogas e corrup\u00e7\u00e3o de menores. Durante a a\u00e7\u00e3o, foram cumpridos quatro mandados de busca e apreens\u00e3o, resultando em:<\/p>\n<p><img decoding=\"async\" src=\"https:\/\/www.encontrajequie.com.br\/sobre\/wp-content\/uploads\/2026\/09\/operacao-sais-de-chumbo-combate-trafico-e-prende-dois-em-jequie.webp\" alt=\"Opera\u00e7\u00e3o Sais de Chumbo\" loading=\"lazy\" \/><\/p>\n<ul>\n<li><strong>Apreens\u00e3o de subst\u00e2ncias:<\/strong> Foram encontradas por\u00e7\u00f5es significativas de maconha.<\/li>\n<li><strong>Equipamentos relacionados ao tr\u00e1fico:<\/strong> A pol\u00edcia tamb\u00e9m confiscou uma balan\u00e7a de precis\u00e3o e tr\u00eas celulares que podem conter evid\u00eancias de crimes.<\/li>\n<li><strong>Continua\u00e7\u00e3o das investiga\u00e7\u00f5es:<\/strong> As equipes da Delegacia de T\u00f3xicos e Entorpecentes (DTE) de Jequi\u00e9 continuam os esfor\u00e7os para capturar os outros dois indiv\u00edduos que permanecem foragidos.<\/li>\n<\/ul>\n<h2>Perfil dos Suspeitos Detidos<\/h2>\n<p>Os detidos na opera\u00e7\u00e3o s\u00e3o jovens adultos de 20 anos, ambos com antecedentes relacionados a atividades criminosas. Eles est\u00e3o acusados de:<\/p>\n<ul>\n<li><strong>Tr\u00e1fico de drogas:<\/strong> Envolvimento ativo na distribui\u00e7\u00e3o de subst\u00e2ncias il\u00edcitas.<\/li>\n<li><strong>Corrup\u00e7\u00e3o de menores:<\/strong> Uso e recrutamento de menores para a pr\u00e1tica de crimes, uma pr\u00e1tica alarmante que afeta a juventude local.<\/li>\n<\/ul>\n<h2>Repercuss\u00f5es na Comunidade Local<\/h2>\n<p>A opera\u00e7\u00e3o gerou uma onda de al\u00edvio entre os moradores de Jequi\u00e9, que frequentemente viviam com medo devido \u00e0 viol\u00eancia associada ao tr\u00e1fico. A pris\u00e3o dos suspeitos \u00e9 vista como um passo positivo para a restaura\u00e7\u00e3o da seguran\u00e7a na comunidade. As autoridades locais refor\u00e7am a import\u00e2ncia da colabora\u00e7\u00e3o da popula\u00e7\u00e3o com informa\u00e7\u00f5es que possam auxiliar nas investiga\u00e7\u00f5es futuras.<\/p>\n<h2>Desdobramentos da Investiga\u00e7\u00e3o<\/h2>\n<p>Ap\u00f3s o sucesso inicial da opera\u00e7\u00e3o, as investiga\u00e7\u00f5es continuar\u00e3o com foco na identifica\u00e7\u00e3o de outros membros da rede criminosa e suas atividades. As equipes designadas manter\u00e3o dilig\u00eancias constantes para rastrear os foragidos e coletar mais evid\u00eancias. O delegado Nelson Pelegrini, respons\u00e1vel pela DTE de Jequi\u00e9, afirma que a opera\u00e7\u00e3o faz parte de um esfor\u00e7o mais amplo chamado &#8220;Opera\u00e7\u00e3o Malhas da Lei&#8221;, que visa combater o crime organizado de maneira integrada.<\/p>\n<h2>A\u00e7\u00f5es Futuras da Pol\u00edcia Civil<\/h2>\n<p>O planejamento da Pol\u00edcia Civil inclui:<\/p>\n<ul>\n<li><strong>Opera\u00e7\u00f5es de longo prazo:<\/strong> Continuar a pressionar as organiza\u00e7\u00f5es criminosas com opera\u00e7\u00f5es regulares em \u00e1reas identificadas como focos de tr\u00e1fico.<\/li>\n<li><strong>Campanhas comunit\u00e1rias:<\/strong> Conduzir campanhas de conscientiza\u00e7\u00e3o sobre os perigos das drogas e a import\u00e2ncia da participa\u00e7\u00e3o da comunidade na luta contra o crime.<\/li>\n<li><strong>Colabora\u00e7\u00e3o interinstitucional:<\/strong> Trabalhar em conjunto com outras ag\u00eancias de seguran\u00e7a e sociais para abordar as ra\u00edzes da criminalidade na regi\u00e3o.<\/li>\n<\/ul>\n<h2>Import\u00e2ncia do Combate ao Tr\u00e1fico<\/h2>\n<p>O combate ao tr\u00e1fico de drogas \u00e9 fundamental para a seguran\u00e7a p\u00fablica e para o bem-estar da sociedade. O tr\u00e1fico n\u00e3o s\u00f3 prejudica a sa\u00fade dos indiv\u00edduos, mas tamb\u00e9m gera um ambiente de inseguran\u00e7a e viol\u00eancia, afetando fam\u00edlias e comunidades inteiras. A atua\u00e7\u00e3o constante das for\u00e7as policiais \u00e9 crucial para desarticular essas organiza\u00e7\u00f5es e promover um ambiente mais seguro.<\/p>\n<h2>Como a Popula\u00e7\u00e3o Pode Ajudar<\/h2>\n<p>A participa\u00e7\u00e3o da comunidade \u00e9 vital para o sucesso das opera\u00e7\u00f5es policiais. A popula\u00e7\u00e3o pode contribuir atrav\u00e9s de:<\/p>\n<ul>\n<li><strong>Den\u00fancias an\u00f4nimas:<\/strong> Informa\u00e7\u00f5es relevantes podem ser enviadas de forma an\u00f4nima, garantindo a seguran\u00e7a do informante.<\/li>\n<li><strong>Participa\u00e7\u00e3o em eventos de conscientiza\u00e7\u00e3o:<\/strong> Engajar-se em a\u00e7\u00f5es promovidas pela pol\u00edcia e organiza\u00e7\u00f5es locais que visem a educa\u00e7\u00e3o e preven\u00e7\u00e3o ao uso de drogas.<\/li>\n<\/ul>\n<h2>Conclus\u00e3o sobre a Opera\u00e7\u00e3o<\/h2>\n<p>A Opera\u00e7\u00e3o Sais de Chumbo \u00e9 um ind\u00edcio positivo dos esfor\u00e7os das autoridades para enfrentar o crime organizado em Jequi\u00e9. A a\u00e7\u00e3o representa um compromisso cont\u00ednuo com a seguran\u00e7a da comunidade e a prote\u00e7\u00e3o das gera\u00e7\u00f5es futuras. O engajamento da popula\u00e7\u00e3o e a colabora\u00e7\u00e3o entre diferentes setores da sociedade ser\u00e3o fundamentais para garantir que os resultados positivos sejam duradouros e que a Justi\u00e7a prevale\u00e7a.<\/p>\n\n<div style=\"font-size: 0px; height: 0px; line-height: 0px; margin: 0; padding: 0; clear: both;\"><\/div>","protected":false},"excerpt":{"rendered":"<p>Opera\u00e7\u00e3o Sais de Chumbo prende dois e combate o tr\u00e1fico de drogas em Jequi\u00e9.<\/p>\n","protected":false},"author":1,"featured_media":1786,"comment_status":"open","ping_status":"closed","sticky":false,"template":"","format":"standard","meta":{"footnotes":""},"categories":[1],"tags":[],"class_list":["post-1787","post","type-post","status-publish","format-standard","has-post-thumbnail","hentry","category-noticias-em-jequie","has_thumb"],"aioseo_notices":[],"aioseo_head":"\n\t\t<!-- All in One SEO 5.0.0.1 - aioseo.com -->\n\t<meta name=\"description\" content=\"Opera\u00e7\u00e3o Sais de Chumbo prende dois e combate o tr\u00e1fico de drogas em Jequi\u00e9.\" \/>\n\t<meta name=\"robots\" content=\"max-image-preview:large\" \/>\n\t<meta name=\"author\" content=\"Encontra Jequi\u00e9\"\/>\n\t<link rel=\"canonical\" href=\"https:\/\/www.encontrajequie.com.br\/sobre\/operacao-sais-de-chumbo-combate-trafico-e-prende-dois-em-jequie\/\" \/>\n\t<meta name=\"generator\" content=\"All in One SEO (AIOSEO) 5.0.0.1\" \/>\n\t\t<meta property=\"og:locale\" content=\"pt_BR\" \/>\n\t\t<meta property=\"og:site_name\" content=\"Encontra Jequi\u00e9 | Not\u00edcias, eventos, informa\u00e7\u00f5es e dicas na cidade de Jequi\u00e9 e regi\u00e3o.\" \/>\n\t\t<meta property=\"og:type\" content=\"article\" \/>\n\t\t<meta property=\"og:title\" content=\"Opera\u00e7\u00e3o Sais de Chumbo combate tr\u00e1fico e prende dois em Jequi\u00e9 | Encontra Jequi\u00e9\" \/>\n\t\t<meta property=\"og:description\" content=\"Opera\u00e7\u00e3o Sais de Chumbo prende dois e combate o tr\u00e1fico de drogas em Jequi\u00e9.\" \/>\n\t\t<meta property=\"og:url\" content=\"https:\/\/www.encontrajequie.com.br\/sobre\/operacao-sais-de-chumbo-combate-trafico-e-prende-dois-em-jequie\/\" \/>\n\t\t<meta property=\"article:published_time\" content=\"2026-09-02T08:21:41+00:00\" \/>\n\t\t<meta property=\"article:modified_time\" content=\"2026-09-02T08:21:41+00:00\" \/>\n\t\t<meta name=\"twitter:card\" content=\"summary_large_image\" \/>\n\t\t<meta name=\"twitter:title\" content=\"Opera\u00e7\u00e3o Sais de Chumbo combate tr\u00e1fico e prende dois em Jequi\u00e9 | Encontra Jequi\u00e9\" \/>\n\t\t<meta name=\"twitter:description\" content=\"Opera\u00e7\u00e3o Sais de Chumbo prende dois e combate o tr\u00e1fico de drogas em Jequi\u00e9.\" \/>\n\t\t<script type=\"application\/ld+json\" class=\"aioseo-schema\">\n\t\t\t{\"@context\":\"https:\\\/\\\/schema.org\",\"@graph\":[{\"@type\":\"Article\",\"@id\":\"https:\\\/\\\/www.encontrajequie.com.br\\\/sobre\\\/operacao-sais-de-chumbo-combate-trafico-e-prende-dois-em-jequie\\\/#article\",\"name\":\"Opera\\u00e7\\u00e3o Sais de Chumbo combate tr\\u00e1fico e prende dois em Jequi\\u00e9 | Encontra Jequi\\u00e9\",\"headline\":\"Opera\\u00e7\\u00e3o Sais de Chumbo combate tr\\u00e1fico e prende dois em Jequi\\u00e9\",\"author\":{\"@id\":\"https:\\\/\\\/www.encontrajequie.com.br\\\/sobre\\\/author\\\/ejequie\\\/#author\"},\"publisher\":{\"@id\":\"https:\\\/\\\/www.encontrajequie.com.br\\\/sobre\\\/#organization\"},\"image\":{\"@type\":\"ImageObject\",\"url\":\"https:\\\/\\\/www.encontrajequie.com.br\\\/sobre\\\/wp-content\\\/uploads\\\/2026\\\/09\\\/operacao-sais-de-chumbo-combate-trafico-e-prende-dois-em-jequie.webp\",\"width\":280,\"height\":280,\"caption\":\"Opera\\u00e7\\u00e3o Sais de Chumbo\"},\"datePublished\":\"2026-09-02T05:21:41-03:00\",\"dateModified\":\"2026-09-02T05:21:41-03:00\",\"inLanguage\":\"pt-BR\",\"mainEntityOfPage\":{\"@id\":\"https:\\\/\\\/www.encontrajequie.com.br\\\/sobre\\\/operacao-sais-de-chumbo-combate-trafico-e-prende-dois-em-jequie\\\/#webpage\"},\"isPartOf\":{\"@id\":\"https:\\\/\\\/www.encontrajequie.com.br\\\/sobre\\\/operacao-sais-de-chumbo-combate-trafico-e-prende-dois-em-jequie\\\/#webpage\"},\"articleSection\":\"Not\\u00edcias Jequi\\u00e9\"},{\"@type\":\"BreadcrumbList\",\"@id\":\"https:\\\/\\\/www.encontrajequie.com.br\\\/sobre\\\/operacao-sais-de-chumbo-combate-trafico-e-prende-dois-em-jequie\\\/#breadcrumblist\",\"itemListElement\":[{\"@type\":\"ListItem\",\"@id\":\"https:\\\/\\\/www.encontrajequie.com.br\\\/sobre#listItem\",\"position\":1,\"name\":\"Home\",\"item\":\"https:\\\/\\\/www.encontrajequie.com.br\\\/sobre\",\"nextItem\":{\"@type\":\"ListItem\",\"@id\":\"https:\\\/\\\/www.encontrajequie.com.br\\\/sobre\\\/noticias-em-jequie\\\/#listItem\",\"name\":\"Not\\u00edcias Jequi\\u00e9\"}},{\"@type\":\"ListItem\",\"@id\":\"https:\\\/\\\/www.encontrajequie.com.br\\\/sobre\\\/noticias-em-jequie\\\/#listItem\",\"position\":2,\"name\":\"Not\\u00edcias Jequi\\u00e9\",\"item\":\"https:\\\/\\\/www.encontrajequie.com.br\\\/sobre\\\/noticias-em-jequie\\\/\",\"nextItem\":{\"@type\":\"ListItem\",\"@id\":\"https:\\\/\\\/www.encontrajequie.com.br\\\/sobre\\\/operacao-sais-de-chumbo-combate-trafico-e-prende-dois-em-jequie\\\/#listItem\",\"name\":\"Opera\\u00e7\\u00e3o Sais de Chumbo combate tr\\u00e1fico e prende dois em Jequi\\u00e9\"},\"previousItem\":{\"@type\":\"ListItem\",\"@id\":\"https:\\\/\\\/www.encontrajequie.com.br\\\/sobre#listItem\",\"name\":\"Home\"}},{\"@type\":\"ListItem\",\"@id\":\"https:\\\/\\\/www.encontrajequie.com.br\\\/sobre\\\/operacao-sais-de-chumbo-combate-trafico-e-prende-dois-em-jequie\\\/#listItem\",\"position\":3,\"name\":\"Opera\\u00e7\\u00e3o Sais de Chumbo combate tr\\u00e1fico e prende dois em Jequi\\u00e9\",\"previousItem\":{\"@type\":\"ListItem\",\"@id\":\"https:\\\/\\\/www.encontrajequie.com.br\\\/sobre\\\/noticias-em-jequie\\\/#listItem\",\"name\":\"Not\\u00edcias Jequi\\u00e9\"}}]},{\"@type\":\"Organization\",\"@id\":\"https:\\\/\\\/www.encontrajequie.com.br\\\/sobre\\\/#organization\",\"name\":\"Encontra Jequi\\u00e9\",\"description\":\"Not\\u00edcias, eventos, informa\\u00e7\\u00f5es e dicas na cidade de Jequi\\u00e9 e regi\\u00e3o.\",\"url\":\"https:\\\/\\\/www.encontrajequie.com.br\\\/sobre\\\/\"},{\"@type\":\"Person\",\"@id\":\"https:\\\/\\\/www.encontrajequie.com.br\\\/sobre\\\/author\\\/ejequie\\\/#author\",\"url\":\"https:\\\/\\\/www.encontrajequie.com.br\\\/sobre\\\/author\\\/ejequie\\\/\",\"name\":\"Encontra Jequi\\u00e9\",\"image\":{\"@type\":\"ImageObject\",\"@id\":\"https:\\\/\\\/www.encontrajequie.com.br\\\/sobre\\\/operacao-sais-de-chumbo-combate-trafico-e-prende-dois-em-jequie\\\/#authorImage\",\"url\":\"https:\\\/\\\/secure.gravatar.com\\\/avatar\\\/507340682b8270222e1f208e23198b6ae7e2c6a1033ae84e99bc6bce4f82a387?s=96&d=mm&r=g\",\"width\":96,\"height\":96,\"caption\":\"Encontra Jequi\\u00e9\"}},{\"@type\":\"WebPage\",\"@id\":\"https:\\\/\\\/www.encontrajequie.com.br\\\/sobre\\\/operacao-sais-de-chumbo-combate-trafico-e-prende-dois-em-jequie\\\/#webpage\",\"url\":\"https:\\\/\\\/www.encontrajequie.com.br\\\/sobre\\\/operacao-sais-de-chumbo-combate-trafico-e-prende-dois-em-jequie\\\/\",\"name\":\"Opera\\u00e7\\u00e3o Sais de Chumbo combate tr\\u00e1fico e prende dois em Jequi\\u00e9 | Encontra Jequi\\u00e9\",\"description\":\"Opera\\u00e7\\u00e3o Sais de Chumbo prende dois e combate o tr\\u00e1fico de drogas em Jequi\\u00e9.\",\"inLanguage\":\"pt-BR\",\"isPartOf\":{\"@id\":\"https:\\\/\\\/www.encontrajequie.com.br\\\/sobre\\\/#website\"},\"breadcrumb\":{\"@id\":\"https:\\\/\\\/www.encontrajequie.com.br\\\/sobre\\\/operacao-sais-de-chumbo-combate-trafico-e-prende-dois-em-jequie\\\/#breadcrumblist\"},\"author\":{\"@id\":\"https:\\\/\\\/www.encontrajequie.com.br\\\/sobre\\\/author\\\/ejequie\\\/#author\"},\"creator\":{\"@id\":\"https:\\\/\\\/www.encontrajequie.com.br\\\/sobre\\\/author\\\/ejequie\\\/#author\"},\"image\":{\"@type\":\"ImageObject\",\"url\":\"https:\\\/\\\/www.encontrajequie.com.br\\\/sobre\\\/wp-content\\\/uploads\\\/2026\\\/09\\\/operacao-sais-de-chumbo-combate-trafico-e-prende-dois-em-jequie.webp\",\"@id\":\"https:\\\/\\\/www.encontrajequie.com.br\\\/sobre\\\/operacao-sais-de-chumbo-combate-trafico-e-prende-dois-em-jequie\\\/#mainImage\",\"width\":280,\"height\":280,\"caption\":\"Opera\\u00e7\\u00e3o Sais de Chumbo\"},\"primaryImageOfPage\":{\"@id\":\"https:\\\/\\\/www.encontrajequie.com.br\\\/sobre\\\/operacao-sais-de-chumbo-combate-trafico-e-prende-dois-em-jequie\\\/#mainImage\"},\"datePublished\":\"2026-09-02T05:21:41-03:00\",\"dateModified\":\"2026-09-02T05:21:41-03:00\"},{\"@type\":\"WebSite\",\"@id\":\"https:\\\/\\\/www.encontrajequie.com.br\\\/sobre\\\/#website\",\"url\":\"https:\\\/\\\/www.encontrajequie.com.br\\\/sobre\\\/\",\"name\":\"Encontra Jequi\\u00e9\",\"description\":\"Not\\u00edcias, eventos, informa\\u00e7\\u00f5es e dicas na cidade de Jequi\\u00e9 e regi\\u00e3o.\",\"inLanguage\":\"pt-BR\",\"publisher\":{\"@id\":\"https:\\\/\\\/www.encontrajequie.com.br\\\/sobre\\\/#organization\"}}]}\n\t\t<\/script>\n\t\t<!-- All in One SEO -->\n\n","aioseo_head_json":{"title":"Opera\u00e7\u00e3o Sais de Chumbo combate tr\u00e1fico e prende dois em Jequi\u00e9 | Encontra Jequi\u00e9","description":"Opera\u00e7\u00e3o Sais de Chumbo prende dois e combate o tr\u00e1fico de drogas em Jequi\u00e9.","canonical_url":"https:\/\/www.encontrajequie.com.br\/sobre\/operacao-sais-de-chumbo-combate-trafico-e-prende-dois-em-jequie\/","robots":"max-image-preview:large","keywords":"","webmasterTools":{"miscellaneous":""},"schema":{"@context":"https:\/\/schema.org","@graph":[{"@type":"Article","@id":"https:\/\/www.encontrajequie.com.br\/sobre\/operacao-sais-de-chumbo-combate-trafico-e-prende-dois-em-jequie\/#article","name":"Opera\u00e7\u00e3o Sais de Chumbo combate tr\u00e1fico e prende dois em Jequi\u00e9 | Encontra Jequi\u00e9","headline":"Opera\u00e7\u00e3o Sais de Chumbo combate tr\u00e1fico e prende dois em Jequi\u00e9","author":{"@id":"https:\/\/www.encontrajequie.com.br\/sobre\/author\/ejequie\/#author"},"publisher":{"@id":"https:\/\/www.encontrajequie.com.br\/sobre\/#organization"},"image":{"@type":"ImageObject","url":"https:\/\/www.encontrajequie.com.br\/sobre\/wp-content\/uploads\/2026\/09\/operacao-sais-de-chumbo-combate-trafico-e-prende-dois-em-jequie.webp","width":280,"height":280,"caption":"Opera\u00e7\u00e3o Sais de Chumbo"},"datePublished":"2026-09-02T05:21:41-03:00","dateModified":"2026-09-02T05:21:41-03:00","inLanguage":"pt-BR","mainEntityOfPage":{"@id":"https:\/\/www.encontrajequie.com.br\/sobre\/operacao-sais-de-chumbo-combate-trafico-e-prende-dois-em-jequie\/#webpage"},"isPartOf":{"@id":"https:\/\/www.encontrajequie.com.br\/sobre\/operacao-sais-de-chumbo-combate-trafico-e-prende-dois-em-jequie\/#webpage"},"articleSection":"Not\u00edcias Jequi\u00e9"},{"@type":"BreadcrumbList","@id":"https:\/\/www.encontrajequie.com.br\/sobre\/operacao-sais-de-chumbo-combate-trafico-e-prende-dois-em-jequie\/#breadcrumblist","itemListElement":[{"@type":"ListItem","@id":"https:\/\/www.encontrajequie.com.br\/sobre#listItem","position":1,"name":"Home","item":"https:\/\/www.encontrajequie.com.br\/sobre","nextItem":{"@type":"ListItem","@id":"https:\/\/www.encontrajequie.com.br\/sobre\/noticias-em-jequie\/#listItem","name":"Not\u00edcias Jequi\u00e9"}},{"@type":"ListItem","@id":"https:\/\/www.encontrajequie.com.br\/sobre\/noticias-em-jequie\/#listItem","position":2,"name":"Not\u00edcias Jequi\u00e9","item":"https:\/\/www.encontrajequie.com.br\/sobre\/noticias-em-jequie\/","nextItem":{"@type":"ListItem","@id":"https:\/\/www.encontrajequie.com.br\/sobre\/operacao-sais-de-chumbo-combate-trafico-e-prende-dois-em-jequie\/#listItem","name":"Opera\u00e7\u00e3o Sais de Chumbo combate tr\u00e1fico e prende dois em Jequi\u00e9"},"previousItem":{"@type":"ListItem","@id":"https:\/\/www.encontrajequie.com.br\/sobre#listItem","name":"Home"}},{"@type":"ListItem","@id":"https:\/\/www.encontrajequie.com.br\/sobre\/operacao-sais-de-chumbo-combate-trafico-e-prende-dois-em-jequie\/#listItem","position":3,"name":"Opera\u00e7\u00e3o Sais de Chumbo combate tr\u00e1fico e prende dois em Jequi\u00e9","previousItem":{"@type":"ListItem","@id":"https:\/\/www.encontrajequie.com.br\/sobre\/noticias-em-jequie\/#listItem","name":"Not\u00edcias Jequi\u00e9"}}]},{"@type":"Organization","@id":"https:\/\/www.encontrajequie.com.br\/sobre\/#organization","name":"Encontra Jequi\u00e9","description":"Not\u00edcias, eventos, informa\u00e7\u00f5es e dicas na cidade de Jequi\u00e9 e regi\u00e3o.","url":"https:\/\/www.encontrajequie.com.br\/sobre\/"},{"@type":"Person","@id":"https:\/\/www.encontrajequie.com.br\/sobre\/author\/ejequie\/#author","url":"https:\/\/www.encontrajequie.com.br\/sobre\/author\/ejequie\/","name":"Encontra Jequi\u00e9","image":{"@type":"ImageObject","@id":"https:\/\/www.encontrajequie.com.br\/sobre\/operacao-sais-de-chumbo-combate-trafico-e-prende-dois-em-jequie\/#authorImage","url":"https:\/\/secure.gravatar.com\/avatar\/507340682b8270222e1f208e23198b6ae7e2c6a1033ae84e99bc6bce4f82a387?s=96&d=mm&r=g","width":96,"height":96,"caption":"Encontra Jequi\u00e9"}},{"@type":"WebPage","@id":"https:\/\/www.encontrajequie.com.br\/sobre\/operacao-sais-de-chumbo-combate-trafico-e-prende-dois-em-jequie\/#webpage","url":"https:\/\/www.encontrajequie.com.br\/sobre\/operacao-sais-de-chumbo-combate-trafico-e-prende-dois-em-jequie\/","name":"Opera\u00e7\u00e3o Sais de Chumbo combate tr\u00e1fico e prende dois em Jequi\u00e9 | Encontra Jequi\u00e9","description":"Opera\u00e7\u00e3o Sais de Chumbo prende dois e combate o tr\u00e1fico de drogas em Jequi\u00e9.","inLanguage":"pt-BR","isPartOf":{"@id":"https:\/\/www.encontrajequie.com.br\/sobre\/#website"},"breadcrumb":{"@id":"https:\/\/www.encontrajequie.com.br\/sobre\/operacao-sais-de-chumbo-combate-trafico-e-prende-dois-em-jequie\/#breadcrumblist"},"author":{"@id":"https:\/\/www.encontrajequie.com.br\/sobre\/author\/ejequie\/#author"},"creator":{"@id":"https:\/\/www.encontrajequie.com.br\/sobre\/author\/ejequie\/#author"},"image":{"@type":"ImageObject","url":"https:\/\/www.encontrajequie.com.br\/sobre\/wp-content\/uploads\/2026\/09\/operacao-sais-de-chumbo-combate-trafico-e-prende-dois-em-jequie.webp","@id":"https:\/\/www.encontrajequie.com.br\/sobre\/operacao-sais-de-chumbo-combate-trafico-e-prende-dois-em-jequie\/#mainImage","width":280,"height":280,"caption":"Opera\u00e7\u00e3o Sais de Chumbo"},"primaryImageOfPage":{"@id":"https:\/\/www.encontrajequie.com.br\/sobre\/operacao-sais-de-chumbo-combate-trafico-e-prende-dois-em-jequie\/#mainImage"},"datePublished":"2026-09-02T05:21:41-03:00","dateModified":"2026-09-02T05:21:41-03:00"},{"@type":"WebSite","@id":"https:\/\/www.encontrajequie.com.br\/sobre\/#website","url":"https:\/\/www.encontrajequie.com.br\/sobre\/","name":"Encontra Jequi\u00e9","description":"Not\u00edcias, eventos, informa\u00e7\u00f5es e dicas na cidade de Jequi\u00e9 e regi\u00e3o.","inLanguage":"pt-BR","publisher":{"@id":"https:\/\/www.encontrajequie.com.br\/sobre\/#organization"}}]},"og:locale":"pt_BR","og:site_name":"Encontra Jequi\u00e9 | Not\u00edcias, eventos, informa\u00e7\u00f5es e dicas na cidade de Jequi\u00e9 e regi\u00e3o.","og:type":"article","og:title":"Opera\u00e7\u00e3o Sais de Chumbo combate tr\u00e1fico e prende dois em Jequi\u00e9 | Encontra Jequi\u00e9","og:description":"Opera\u00e7\u00e3o Sais de Chumbo prende dois e combate o tr\u00e1fico de drogas em Jequi\u00e9.","og:url":"https:\/\/www.encontrajequie.com.br\/sobre\/operacao-sais-de-chumbo-combate-trafico-e-prende-dois-em-jequie\/","article:published_time":"2026-09-02T08:21:41+00:00","article:modified_time":"2026-09-02T08:21:41+00:00","twitter:card":"summary_large_image","twitter:title":"Opera\u00e7\u00e3o Sais de Chumbo combate tr\u00e1fico e prende dois em Jequi\u00e9 | Encontra Jequi\u00e9","twitter:description":"Opera\u00e7\u00e3o Sais de Chumbo prende dois e combate o tr\u00e1fico de drogas em Jequi\u00e9."},"aioseo_meta_data":{"post_id":"1787","title":null,"description":null,"keywords":null,"keyphrases":null,"primary_term":null,"canonical_url":null,"og_title":null,"og_description":null,"og_object_type":"default","og_image_type":"default","og_image_url":null,"og_image_width":null,"og_image_height":null,"og_image_custom_url":null,"og_image_custom_fields":null,"og_video":null,"og_custom_url":null,"og_article_section":null,"og_article_tags":null,"twitter_use_og":false,"twitter_card":"default","twitter_image_type":"default","twitter_image_url":null,"twitter_image_custom_url":null,"twitter_image_custom_fields":null,"twitter_title":null,"twitter_description":null,"schema":{"blockGraphs":[],"customGraphs":[],"default":{"data":{"Article":[],"Course":[],"Dataset":[],"FAQPage":[],"Movie":[],"Person":[],"Product":[],"ProductReview":[],"Car":[],"Recipe":[],"Service":[],"SoftwareApplication":[],"WebPage":[]},"graphName":"Article","isEnabled":true},"graphs":[]},"schema_type":"default","schema_type_options":null,"pillar_content":false,"robots_default":true,"robots_noindex":false,"robots_noarchive":false,"robots_nosnippet":false,"robots_nofollow":false,"robots_noimageindex":false,"robots_noodp":false,"robots_notranslate":false,"robots_max_snippet":null,"robots_max_videopreview":null,"robots_max_imagepreview":"large","priority":null,"frequency":null,"local_seo":null,"breadcrumb_settings":null,"limit_modified_date":false,"ai":null,"created":"2026-09-02 08:21:41","updated":"2026-09-02 08:23:12","focus_keyword":null,"additional_keywords":null,"truseo_locale":null,"seo_analyzer_scan_date":null},"aioseo_breadcrumb":"<div class=\"aioseo-breadcrumbs\"><span class=\"aioseo-breadcrumb\">\n\t\t\t<a href=\"https:\/\/www.encontrajequie.com.br\/sobre\" title=\"Home\">Home<\/a>\n\t\t<\/span><span class=\"aioseo-breadcrumb-separator\">&raquo;<\/span><span class=\"aioseo-breadcrumb\">\n\t\t\t<a href=\"https:\/\/www.encontrajequie.com.br\/sobre\/noticias-em-jequie\/\" title=\"Not\u00edcias Jequi\u00e9\">Not\u00edcias Jequi\u00e9<\/a>\n\t\t<\/span><span class=\"aioseo-breadcrumb-separator\">&raquo;<\/span><span class=\"aioseo-breadcrumb\">\n\t\t\tOpera\u00e7\u00e3o Sais de Chumbo combate tr\u00e1fico e prende dois em Jequi\u00e9\n\t\t<\/span><\/div>","aioseo_breadcrumb_json":[{"label":"Home","link":"https:\/\/www.encontrajequie.com.br\/sobre"},{"label":"Not\u00edcias Jequi\u00e9","link":"https:\/\/www.encontrajequie.com.br\/sobre\/noticias-em-jequie\/"},{"label":"Opera\u00e7\u00e3o Sais de Chumbo combate tr\u00e1fico e prende dois em Jequi\u00e9","link":"https:\/\/www.encontrajequie.com.br\/sobre\/operacao-sais-de-chumbo-combate-trafico-e-prende-dois-em-jequie\/"}],"_links":{"self":[{"href":"https:\/\/www.encontrajequie.com.br\/sobre\/wp-json\/wp\/v2\/posts\/1787","targetHints":{"allow":["GET"]}}],"collection":[{"href":"https:\/\/www.encontrajequie.com.br\/sobre\/wp-json\/wp\/v2\/posts"}],"about":[{"href":"https:\/\/www.encontrajequie.com.br\/sobre\/wp-json\/wp\/v2\/types\/post"}],"author":[{"embeddable":true,"href":"https:\/\/www.encontrajequie.com.br\/sobre\/wp-json\/wp\/v2\/users\/1"}],"replies":[{"embeddable":true,"href":"https:\/\/www.encontrajequie.com.br\/sobre\/wp-json\/wp\/v2\/comments?post=1787"}],"version-history":[{"count":0,"href":"https:\/\/www.encontrajequie.com.br\/sobre\/wp-json\/wp\/v2\/posts\/1787\/revisions"}],"wp:featuredmedia":[{"embeddable":true,"href":"https:\/\/www.encontrajequie.com.br\/sobre\/wp-json\/wp\/v2\/media\/1786"}],"wp:attachment":[{"href":"https:\/\/www.encontrajequie.com.br\/sobre\/wp-json\/wp\/v2\/media?parent=1787"}],"wp:term":[{"taxonomy":"category","embeddable":true,"href":"https:\/\/www.encontrajequie.com.br\/sobre\/wp-json\/wp\/v2\/categories?post=1787"},{"taxonomy":"post_tag","embeddable":true,"href":"https:\/\/www.encontrajequie.com.br\/sobre\/wp-json\/wp\/v2\/tags?post=1787"}],"curies":[{"name":"wp","href":"https:\/\/api.w.org\/{rel}","templated":true}]}}