{"id":1799,"date":"2026-09-03T05:21:31","date_gmt":"2026-09-03T08:21:31","guid":{"rendered":"https:\/\/www.encontrajequie.com.br\/sobre\/satiro-oliveira-11355\/"},"modified":"2026-09-03T05:21:31","modified_gmt":"2026-09-03T08:21:31","slug":"satiro-oliveira-11355","status":"publish","type":"post","link":"https:\/\/www.encontrajequie.com.br\/sobre\/satiro-oliveira-11355\/","title":{"rendered":"Satiro Oliveira 11355"},"content":{"rendered":"<div class=\"30cf832dc5940d4704f66d0ed9a44050\" data-index=\"1\" style=\"float: none; margin:0px;\">\n<!-- Anuncio display - global -->\r\n<ins class=\"adsbygoogle\"\r\n     style=\"display:block\"\r\n     data-ad-client=\"ca-pub-8585364105181520\"\r\n     data-ad-slot=\"8789329856\"\r\n     data-ad-format=\"auto\"\r\n     data-full-width-responsive=\"true\"><\/ins>\r\n<script>\r\n     (adsbygoogle = window.adsbygoogle || []).push({});\r\n<\/script>\n<\/div>\n<h2>Candidatura e N\u00famero na Urna<\/h2>\n<p>Satiro Oliveira, atualmente, \u00e9 candidato ao cargo de Deputado Estadual em Minas Gerais, concorrendo sob o n\u00famero <strong>11355<\/strong>. Este n\u00famero identifica sua candidatura nas urnas, facilitando a escolha dos eleitores nas pr\u00f3ximas elei\u00e7\u00f5es.<\/p>\n<h2>Informa\u00e7\u00f5es Pessoais do Candidato<\/h2>\n<p>O nome completo do candidato \u00e9 <strong>Satiro Oliveira de Jesus<\/strong>. Natural de Jequi\u00e9, na Bahia, Satiro possui 68 anos e \u00e9 divorciado. Ele se apresenta como um empres\u00e1rio com um n\u00edvel de escolaridade que culmina em Ensino Fundamental Completo. Assim, suas experi\u00eancias e viv\u00eancias podem oferecer uma perspectiva singular sobre quest\u00f5es sociais e econ\u00f4micas.<\/p>\n<h2>Situa\u00e7\u00e3o do Registro e Aguardando Julgamento<\/h2>\n<p>Atualmente, a situa\u00e7\u00e3o do registro de Satiro Oliveira \u00e9 a de <strong>Aguardando Julgamento<\/strong>. Isso significa que seu registro est\u00e1 em an\u00e1lise por parte da Justi\u00e7a Eleitoral, um processo que \u00e9 comum para muitos candidatos antes do in\u00edcio das elei\u00e7\u00f5es.<\/p>\n<p><img decoding=\"async\" src=\"https:\/\/www.encontrajequie.com.br\/sobre\/wp-content\/uploads\/2026\/09\/satiro-oliveira-11355.webp\" alt=\"Satiro Oliveira\" loading=\"lazy\" \/><\/p>\n<h2>Hist\u00f3rico Pol\u00edtico de Satiro<\/h2>\n<p>Em rela\u00e7\u00e3o \u00e0 sua trajet\u00f3ria pol\u00edtica, Satiro disputa nesta elei\u00e7\u00e3o a posi\u00e7\u00e3o de Deputado Estadual pela primeira vez. Isso pode indicar um desejo crescente de se envolver mais ativamente com a pol\u00edtica e as necessidades de sua comunidade. Embora ainda n\u00e3o tenha ocupado outros cargos p\u00fablicos, sua decis\u00e3o de entrar para a chapa reflete suas aspira\u00e7\u00f5es por uma mudan\u00e7a positiva na sociedade.<\/p>\n<h2>Partido e Coliga\u00e7\u00e3o<\/h2>\n<p>Satiro Oliveira est\u00e1 filiado ao <strong>Partido Progressista (PP)<\/strong>, dentro da <strong>Federa\u00e7\u00e3o Uni\u00e3o Progressista<\/strong>. Essa coliga\u00e7\u00e3o, que equivale a um esfor\u00e7o conjunto com outros partidos, estabelece um espa\u00e7o para a constru\u00e7\u00e3o de pol\u00edticas p\u00fablicas que atendam \u00e0s necessidades do eleitorado. Entretanto, vale ressaltar que nas elei\u00e7\u00f5es para deputados, cada partido apresenta suas pr\u00f3prias listas de candidatos, sem que seja necess\u00e1ria uma \u00fanica chapa unificada.<\/p>\n<h2>Patrim\u00f4nio Declarado<\/h2>\n<p>No que diz respeito ao patrim\u00f4nio declarado, Satiro reportou um total de <strong>R$ 160.100,00<\/strong> \u00e0 Justi\u00e7a Eleitoral. Os bens listados incluem:<\/p>\n<ul>\n<li><strong>Im\u00f3vel residencial:<\/strong> avaliado em R$ 150.000,00<\/li>\n<li><strong>Ve\u00edculo &#8211; Fiat Uno 1990:<\/strong> estimado em R$ 10.000,00<\/li>\n<li><strong>Saldo banc\u00e1rio:<\/strong> R$ 100,00<\/li>\n<\/ul>\n<p>Esses valores, portanto, representam sua situa\u00e7\u00e3o financeira atual e fornecem uma vis\u00e3o sobre seu perfil econ\u00f4mico.<\/p>\n<h2>Principais Propostas de Satiro<\/h2>\n<p>As principais propostas de Satiro Oliveira para a campanha ainda devem ser divulgadas em detalhe, mas espera-se que ele aborde temas relevantes para a popula\u00e7\u00e3o, como melhoria na sa\u00fade p\u00fablica, educa\u00e7\u00e3o de qualidade e investimentos em infraestrutura. Assim, os eleitores poder\u00e3o avaliar suas promessas e vis\u00f5es para o futuro de Minas Gerais e moldar sua decis\u00e3o nas urnas.<\/p>\n<h2>Cobertura das Elei\u00e7\u00f5es 2026<\/h2>\n<p>O cen\u00e1rio das elei\u00e7\u00f5es de 2026 \u00e9 din\u00e2mico e repleto de expectativas. Os candidatos buscam apresentar seus projetos e estabelecer um di\u00e1logo com os eleitores, que se tornam cada vez mais exigentes e informados. A cobertura da m\u00eddia sobre tais eventos \u00e9 crucial, j\u00e1 que ela ajuda a educar o p\u00fablico sobre as propostas e os hist\u00f3ricos de cada candidato, o que contribui para a forma\u00e7\u00e3o de opini\u00f5es e o engajamento democr\u00e1tico.<\/p>\n<h2>An\u00e1lise do Cen\u00e1rio Pol\u00edtico em MG<\/h2>\n<p>A pol\u00edtica em Minas Gerais est\u00e1 em um contexto de transforma\u00e7\u00e3o, onde a renova\u00e7\u00e3o e a busca por representantes que realmente entendam as necessidades da popula\u00e7\u00e3o s\u00e3o fundamentais. Com as mudan\u00e7as nas demandas sociais e a crescente participa\u00e7\u00e3o da sociedade nas decis\u00f5es pol\u00edticas, candidatos como Satiro Oliveira tentam se alinhar com essas expectativas, prometendo atuar em prol do bem-estar coletivo.<\/p>\n<h2>Outros Candidatos em Minas Gerais<\/h2>\n<p>Al\u00e9m de Satiro Oliveira, um conjunto diversificado de candidatos compete pelo cargo de Deputado Estadual em Minas Gerais. Essa pluralidade de perspectivas refor\u00e7a a democracia, proporcionando aos eleitores a oportunidade de escolher representantes que verdadeiramente reflitam suas vontades e interesses. Candidatos como Abner Soares, Adalclever Lopes e Adan Godtfredsen, entre outros, tamb\u00e9m est\u00e3o na disputa, cada um trazendo suas pr\u00f3prias propostas e experi\u00eancias para a mesa.<\/p>\n<p>Minerais no Brasil se caracterizam por uma rica diversidade cultural e um cabedal de quest\u00f5es sociais que influenciam as decis\u00f5es pol\u00edticas. Assim, o compromisso com o eleitor, a abertura para o di\u00e1logo e a apresenta\u00e7\u00e3o de solu\u00e7\u00f5es eficazes ser\u00e3o elementos cruciais para que os candidatos se destaquem e tenham sucesso nas urnas.<\/p>\n\n<div style=\"font-size: 0px; height: 0px; line-height: 0px; margin: 0; padding: 0; clear: both;\"><\/div>","protected":false},"excerpt":{"rendered":"<p>Satiro Oliveira \u00e9 o candidato a deputado estadual de Minas Gerais pelo PP nas elei\u00e7\u00f5es 2026.<\/p>\n","protected":false},"author":1,"featured_media":1798,"comment_status":"open","ping_status":"closed","sticky":false,"template":"","format":"standard","meta":{"footnotes":""},"categories":[1],"tags":[],"class_list":["post-1799","post","type-post","status-publish","format-standard","has-post-thumbnail","hentry","category-noticias-em-jequie","has_thumb"],"aioseo_notices":[],"aioseo_head":"\n\t\t<!-- All in One SEO 5.0.0.1 - aioseo.com -->\n\t<meta name=\"description\" content=\"Satiro Oliveira \u00e9 o candidato a deputado estadual de Minas Gerais pelo PP nas elei\u00e7\u00f5es 2026.\" \/>\n\t<meta name=\"robots\" content=\"max-image-preview:large\" \/>\n\t<meta name=\"author\" content=\"Encontra Jequi\u00e9\"\/>\n\t<link rel=\"canonical\" href=\"https:\/\/www.encontrajequie.com.br\/sobre\/satiro-oliveira-11355\/\" \/>\n\t<meta name=\"generator\" content=\"All in One SEO (AIOSEO) 5.0.0.1\" \/>\n\t\t<meta property=\"og:locale\" content=\"pt_BR\" \/>\n\t\t<meta property=\"og:site_name\" content=\"Encontra Jequi\u00e9 | Not\u00edcias, eventos, informa\u00e7\u00f5es e dicas na cidade de Jequi\u00e9 e regi\u00e3o.\" \/>\n\t\t<meta property=\"og:type\" content=\"article\" \/>\n\t\t<meta property=\"og:title\" content=\"Satiro Oliveira 11355 | Encontra Jequi\u00e9\" \/>\n\t\t<meta property=\"og:description\" content=\"Satiro Oliveira \u00e9 o candidato a deputado estadual de Minas Gerais pelo PP nas elei\u00e7\u00f5es 2026.\" \/>\n\t\t<meta property=\"og:url\" content=\"https:\/\/www.encontrajequie.com.br\/sobre\/satiro-oliveira-11355\/\" \/>\n\t\t<meta property=\"article:published_time\" content=\"2026-09-03T08:21:31+00:00\" \/>\n\t\t<meta property=\"article:modified_time\" content=\"2026-09-03T08:21:31+00:00\" \/>\n\t\t<meta name=\"twitter:card\" content=\"summary_large_image\" \/>\n\t\t<meta name=\"twitter:title\" content=\"Satiro Oliveira 11355 | Encontra Jequi\u00e9\" \/>\n\t\t<meta name=\"twitter:description\" content=\"Satiro Oliveira \u00e9 o candidato a deputado estadual de Minas Gerais pelo PP nas elei\u00e7\u00f5es 2026.\" \/>\n\t\t<script type=\"application\/ld+json\" class=\"aioseo-schema\">\n\t\t\t{\"@context\":\"https:\\\/\\\/schema.org\",\"@graph\":[{\"@type\":\"Article\",\"@id\":\"https:\\\/\\\/www.encontrajequie.com.br\\\/sobre\\\/satiro-oliveira-11355\\\/#article\",\"name\":\"Satiro Oliveira 11355 | Encontra Jequi\\u00e9\",\"headline\":\"Satiro Oliveira 11355\",\"author\":{\"@id\":\"https:\\\/\\\/www.encontrajequie.com.br\\\/sobre\\\/author\\\/ejequie\\\/#author\"},\"publisher\":{\"@id\":\"https:\\\/\\\/www.encontrajequie.com.br\\\/sobre\\\/#organization\"},\"image\":{\"@type\":\"ImageObject\",\"url\":\"https:\\\/\\\/www.encontrajequie.com.br\\\/sobre\\\/wp-content\\\/uploads\\\/2026\\\/09\\\/satiro-oliveira-11355.webp\",\"width\":280,\"height\":280,\"caption\":\"Satiro Oliveira\"},\"datePublished\":\"2026-09-03T05:21:31-03:00\",\"dateModified\":\"2026-09-03T05:21:31-03:00\",\"inLanguage\":\"pt-BR\",\"mainEntityOfPage\":{\"@id\":\"https:\\\/\\\/www.encontrajequie.com.br\\\/sobre\\\/satiro-oliveira-11355\\\/#webpage\"},\"isPartOf\":{\"@id\":\"https:\\\/\\\/www.encontrajequie.com.br\\\/sobre\\\/satiro-oliveira-11355\\\/#webpage\"},\"articleSection\":\"Not\\u00edcias Jequi\\u00e9\"},{\"@type\":\"BreadcrumbList\",\"@id\":\"https:\\\/\\\/www.encontrajequie.com.br\\\/sobre\\\/satiro-oliveira-11355\\\/#breadcrumblist\",\"itemListElement\":[{\"@type\":\"ListItem\",\"@id\":\"https:\\\/\\\/www.encontrajequie.com.br\\\/sobre#listItem\",\"position\":1,\"name\":\"Home\",\"item\":\"https:\\\/\\\/www.encontrajequie.com.br\\\/sobre\",\"nextItem\":{\"@type\":\"ListItem\",\"@id\":\"https:\\\/\\\/www.encontrajequie.com.br\\\/sobre\\\/noticias-em-jequie\\\/#listItem\",\"name\":\"Not\\u00edcias Jequi\\u00e9\"}},{\"@type\":\"ListItem\",\"@id\":\"https:\\\/\\\/www.encontrajequie.com.br\\\/sobre\\\/noticias-em-jequie\\\/#listItem\",\"position\":2,\"name\":\"Not\\u00edcias Jequi\\u00e9\",\"item\":\"https:\\\/\\\/www.encontrajequie.com.br\\\/sobre\\\/noticias-em-jequie\\\/\",\"nextItem\":{\"@type\":\"ListItem\",\"@id\":\"https:\\\/\\\/www.encontrajequie.com.br\\\/sobre\\\/satiro-oliveira-11355\\\/#listItem\",\"name\":\"Satiro Oliveira 11355\"},\"previousItem\":{\"@type\":\"ListItem\",\"@id\":\"https:\\\/\\\/www.encontrajequie.com.br\\\/sobre#listItem\",\"name\":\"Home\"}},{\"@type\":\"ListItem\",\"@id\":\"https:\\\/\\\/www.encontrajequie.com.br\\\/sobre\\\/satiro-oliveira-11355\\\/#listItem\",\"position\":3,\"name\":\"Satiro Oliveira 11355\",\"previousItem\":{\"@type\":\"ListItem\",\"@id\":\"https:\\\/\\\/www.encontrajequie.com.br\\\/sobre\\\/noticias-em-jequie\\\/#listItem\",\"name\":\"Not\\u00edcias Jequi\\u00e9\"}}]},{\"@type\":\"Organization\",\"@id\":\"https:\\\/\\\/www.encontrajequie.com.br\\\/sobre\\\/#organization\",\"name\":\"Encontra Jequi\\u00e9\",\"description\":\"Not\\u00edcias, eventos, informa\\u00e7\\u00f5es e dicas na cidade de Jequi\\u00e9 e regi\\u00e3o.\",\"url\":\"https:\\\/\\\/www.encontrajequie.com.br\\\/sobre\\\/\"},{\"@type\":\"Person\",\"@id\":\"https:\\\/\\\/www.encontrajequie.com.br\\\/sobre\\\/author\\\/ejequie\\\/#author\",\"url\":\"https:\\\/\\\/www.encontrajequie.com.br\\\/sobre\\\/author\\\/ejequie\\\/\",\"name\":\"Encontra Jequi\\u00e9\",\"image\":{\"@type\":\"ImageObject\",\"@id\":\"https:\\\/\\\/www.encontrajequie.com.br\\\/sobre\\\/satiro-oliveira-11355\\\/#authorImage\",\"url\":\"https:\\\/\\\/secure.gravatar.com\\\/avatar\\\/507340682b8270222e1f208e23198b6ae7e2c6a1033ae84e99bc6bce4f82a387?s=96&d=mm&r=g\",\"width\":96,\"height\":96,\"caption\":\"Encontra Jequi\\u00e9\"}},{\"@type\":\"WebPage\",\"@id\":\"https:\\\/\\\/www.encontrajequie.com.br\\\/sobre\\\/satiro-oliveira-11355\\\/#webpage\",\"url\":\"https:\\\/\\\/www.encontrajequie.com.br\\\/sobre\\\/satiro-oliveira-11355\\\/\",\"name\":\"Satiro Oliveira 11355 | Encontra Jequi\\u00e9\",\"description\":\"Satiro Oliveira \\u00e9 o candidato a deputado estadual de Minas Gerais pelo PP nas elei\\u00e7\\u00f5es 2026.\",\"inLanguage\":\"pt-BR\",\"isPartOf\":{\"@id\":\"https:\\\/\\\/www.encontrajequie.com.br\\\/sobre\\\/#website\"},\"breadcrumb\":{\"@id\":\"https:\\\/\\\/www.encontrajequie.com.br\\\/sobre\\\/satiro-oliveira-11355\\\/#breadcrumblist\"},\"author\":{\"@id\":\"https:\\\/\\\/www.encontrajequie.com.br\\\/sobre\\\/author\\\/ejequie\\\/#author\"},\"creator\":{\"@id\":\"https:\\\/\\\/www.encontrajequie.com.br\\\/sobre\\\/author\\\/ejequie\\\/#author\"},\"image\":{\"@type\":\"ImageObject\",\"url\":\"https:\\\/\\\/www.encontrajequie.com.br\\\/sobre\\\/wp-content\\\/uploads\\\/2026\\\/09\\\/satiro-oliveira-11355.webp\",\"@id\":\"https:\\\/\\\/www.encontrajequie.com.br\\\/sobre\\\/satiro-oliveira-11355\\\/#mainImage\",\"width\":280,\"height\":280,\"caption\":\"Satiro Oliveira\"},\"primaryImageOfPage\":{\"@id\":\"https:\\\/\\\/www.encontrajequie.com.br\\\/sobre\\\/satiro-oliveira-11355\\\/#mainImage\"},\"datePublished\":\"2026-09-03T05:21:31-03:00\",\"dateModified\":\"2026-09-03T05:21:31-03:00\"},{\"@type\":\"WebSite\",\"@id\":\"https:\\\/\\\/www.encontrajequie.com.br\\\/sobre\\\/#website\",\"url\":\"https:\\\/\\\/www.encontrajequie.com.br\\\/sobre\\\/\",\"name\":\"Encontra Jequi\\u00e9\",\"description\":\"Not\\u00edcias, eventos, informa\\u00e7\\u00f5es e dicas na cidade de Jequi\\u00e9 e regi\\u00e3o.\",\"inLanguage\":\"pt-BR\",\"publisher\":{\"@id\":\"https:\\\/\\\/www.encontrajequie.com.br\\\/sobre\\\/#organization\"}}]}\n\t\t<\/script>\n\t\t<!-- All in One SEO -->\n\n","aioseo_head_json":{"title":"Satiro Oliveira 11355 | Encontra Jequi\u00e9","description":"Satiro Oliveira \u00e9 o candidato a deputado estadual de Minas Gerais pelo PP nas elei\u00e7\u00f5es 2026.","canonical_url":"https:\/\/www.encontrajequie.com.br\/sobre\/satiro-oliveira-11355\/","robots":"max-image-preview:large","keywords":"","webmasterTools":{"miscellaneous":""},"schema":{"@context":"https:\/\/schema.org","@graph":[{"@type":"Article","@id":"https:\/\/www.encontrajequie.com.br\/sobre\/satiro-oliveira-11355\/#article","name":"Satiro Oliveira 11355 | Encontra Jequi\u00e9","headline":"Satiro Oliveira 11355","author":{"@id":"https:\/\/www.encontrajequie.com.br\/sobre\/author\/ejequie\/#author"},"publisher":{"@id":"https:\/\/www.encontrajequie.com.br\/sobre\/#organization"},"image":{"@type":"ImageObject","url":"https:\/\/www.encontrajequie.com.br\/sobre\/wp-content\/uploads\/2026\/09\/satiro-oliveira-11355.webp","width":280,"height":280,"caption":"Satiro Oliveira"},"datePublished":"2026-09-03T05:21:31-03:00","dateModified":"2026-09-03T05:21:31-03:00","inLanguage":"pt-BR","mainEntityOfPage":{"@id":"https:\/\/www.encontrajequie.com.br\/sobre\/satiro-oliveira-11355\/#webpage"},"isPartOf":{"@id":"https:\/\/www.encontrajequie.com.br\/sobre\/satiro-oliveira-11355\/#webpage"},"articleSection":"Not\u00edcias Jequi\u00e9"},{"@type":"BreadcrumbList","@id":"https:\/\/www.encontrajequie.com.br\/sobre\/satiro-oliveira-11355\/#breadcrumblist","itemListElement":[{"@type":"ListItem","@id":"https:\/\/www.encontrajequie.com.br\/sobre#listItem","position":1,"name":"Home","item":"https:\/\/www.encontrajequie.com.br\/sobre","nextItem":{"@type":"ListItem","@id":"https:\/\/www.encontrajequie.com.br\/sobre\/noticias-em-jequie\/#listItem","name":"Not\u00edcias Jequi\u00e9"}},{"@type":"ListItem","@id":"https:\/\/www.encontrajequie.com.br\/sobre\/noticias-em-jequie\/#listItem","position":2,"name":"Not\u00edcias Jequi\u00e9","item":"https:\/\/www.encontrajequie.com.br\/sobre\/noticias-em-jequie\/","nextItem":{"@type":"ListItem","@id":"https:\/\/www.encontrajequie.com.br\/sobre\/satiro-oliveira-11355\/#listItem","name":"Satiro Oliveira 11355"},"previousItem":{"@type":"ListItem","@id":"https:\/\/www.encontrajequie.com.br\/sobre#listItem","name":"Home"}},{"@type":"ListItem","@id":"https:\/\/www.encontrajequie.com.br\/sobre\/satiro-oliveira-11355\/#listItem","position":3,"name":"Satiro Oliveira 11355","previousItem":{"@type":"ListItem","@id":"https:\/\/www.encontrajequie.com.br\/sobre\/noticias-em-jequie\/#listItem","name":"Not\u00edcias Jequi\u00e9"}}]},{"@type":"Organization","@id":"https:\/\/www.encontrajequie.com.br\/sobre\/#organization","name":"Encontra Jequi\u00e9","description":"Not\u00edcias, eventos, informa\u00e7\u00f5es e dicas na cidade de Jequi\u00e9 e regi\u00e3o.","url":"https:\/\/www.encontrajequie.com.br\/sobre\/"},{"@type":"Person","@id":"https:\/\/www.encontrajequie.com.br\/sobre\/author\/ejequie\/#author","url":"https:\/\/www.encontrajequie.com.br\/sobre\/author\/ejequie\/","name":"Encontra Jequi\u00e9","image":{"@type":"ImageObject","@id":"https:\/\/www.encontrajequie.com.br\/sobre\/satiro-oliveira-11355\/#authorImage","url":"https:\/\/secure.gravatar.com\/avatar\/507340682b8270222e1f208e23198b6ae7e2c6a1033ae84e99bc6bce4f82a387?s=96&d=mm&r=g","width":96,"height":96,"caption":"Encontra Jequi\u00e9"}},{"@type":"WebPage","@id":"https:\/\/www.encontrajequie.com.br\/sobre\/satiro-oliveira-11355\/#webpage","url":"https:\/\/www.encontrajequie.com.br\/sobre\/satiro-oliveira-11355\/","name":"Satiro Oliveira 11355 | Encontra Jequi\u00e9","description":"Satiro Oliveira \u00e9 o candidato a deputado estadual de Minas Gerais pelo PP nas elei\u00e7\u00f5es 2026.","inLanguage":"pt-BR","isPartOf":{"@id":"https:\/\/www.encontrajequie.com.br\/sobre\/#website"},"breadcrumb":{"@id":"https:\/\/www.encontrajequie.com.br\/sobre\/satiro-oliveira-11355\/#breadcrumblist"},"author":{"@id":"https:\/\/www.encontrajequie.com.br\/sobre\/author\/ejequie\/#author"},"creator":{"@id":"https:\/\/www.encontrajequie.com.br\/sobre\/author\/ejequie\/#author"},"image":{"@type":"ImageObject","url":"https:\/\/www.encontrajequie.com.br\/sobre\/wp-content\/uploads\/2026\/09\/satiro-oliveira-11355.webp","@id":"https:\/\/www.encontrajequie.com.br\/sobre\/satiro-oliveira-11355\/#mainImage","width":280,"height":280,"caption":"Satiro Oliveira"},"primaryImageOfPage":{"@id":"https:\/\/www.encontrajequie.com.br\/sobre\/satiro-oliveira-11355\/#mainImage"},"datePublished":"2026-09-03T05:21:31-03:00","dateModified":"2026-09-03T05:21:31-03:00"},{"@type":"WebSite","@id":"https:\/\/www.encontrajequie.com.br\/sobre\/#website","url":"https:\/\/www.encontrajequie.com.br\/sobre\/","name":"Encontra Jequi\u00e9","description":"Not\u00edcias, eventos, informa\u00e7\u00f5es e dicas na cidade de Jequi\u00e9 e regi\u00e3o.","inLanguage":"pt-BR","publisher":{"@id":"https:\/\/www.encontrajequie.com.br\/sobre\/#organization"}}]},"og:locale":"pt_BR","og:site_name":"Encontra Jequi\u00e9 | Not\u00edcias, eventos, informa\u00e7\u00f5es e dicas na cidade de Jequi\u00e9 e regi\u00e3o.","og:type":"article","og:title":"Satiro Oliveira 11355 | Encontra Jequi\u00e9","og:description":"Satiro Oliveira \u00e9 o candidato a deputado estadual de Minas Gerais pelo PP nas elei\u00e7\u00f5es 2026.","og:url":"https:\/\/www.encontrajequie.com.br\/sobre\/satiro-oliveira-11355\/","article:published_time":"2026-09-03T08:21:31+00:00","article:modified_time":"2026-09-03T08:21:31+00:00","twitter:card":"summary_large_image","twitter:title":"Satiro Oliveira 11355 | Encontra Jequi\u00e9","twitter:description":"Satiro Oliveira \u00e9 o candidato a deputado estadual de Minas Gerais pelo PP nas elei\u00e7\u00f5es 2026."},"aioseo_meta_data":{"post_id":"1799","title":null,"description":null,"keywords":null,"keyphrases":null,"primary_term":null,"canonical_url":null,"og_title":null,"og_description":null,"og_object_type":"default","og_image_type":"default","og_image_url":null,"og_image_width":null,"og_image_height":null,"og_image_custom_url":null,"og_image_custom_fields":null,"og_video":null,"og_custom_url":null,"og_article_section":null,"og_article_tags":null,"twitter_use_og":false,"twitter_card":"default","twitter_image_type":"default","twitter_image_url":null,"twitter_image_custom_url":null,"twitter_image_custom_fields":null,"twitter_title":null,"twitter_description":null,"schema":{"blockGraphs":[],"customGraphs":[],"default":{"data":{"Article":[],"Course":[],"Dataset":[],"FAQPage":[],"Movie":[],"Person":[],"Product":[],"ProductReview":[],"Car":[],"Recipe":[],"Service":[],"SoftwareApplication":[],"WebPage":[]},"graphName":"Article","isEnabled":true},"graphs":[]},"schema_type":"default","schema_type_options":null,"pillar_content":false,"robots_default":true,"robots_noindex":false,"robots_noarchive":false,"robots_nosnippet":false,"robots_nofollow":false,"robots_noimageindex":false,"robots_noodp":false,"robots_notranslate":false,"robots_max_snippet":null,"robots_max_videopreview":null,"robots_max_imagepreview":"large","priority":null,"frequency":null,"local_seo":null,"breadcrumb_settings":null,"limit_modified_date":false,"ai":null,"created":"2026-09-03 08:21:31","updated":"2026-09-03 08:23:36","focus_keyword":null,"additional_keywords":null,"truseo_locale":null,"seo_analyzer_scan_date":null},"aioseo_breadcrumb":"<div class=\"aioseo-breadcrumbs\"><span class=\"aioseo-breadcrumb\">\n\t\t\t<a href=\"https:\/\/www.encontrajequie.com.br\/sobre\" title=\"Home\">Home<\/a>\n\t\t<\/span><span class=\"aioseo-breadcrumb-separator\">&raquo;<\/span><span class=\"aioseo-breadcrumb\">\n\t\t\t<a href=\"https:\/\/www.encontrajequie.com.br\/sobre\/noticias-em-jequie\/\" title=\"Not\u00edcias Jequi\u00e9\">Not\u00edcias Jequi\u00e9<\/a>\n\t\t<\/span><span class=\"aioseo-breadcrumb-separator\">&raquo;<\/span><span class=\"aioseo-breadcrumb\">\n\t\t\tSatiro Oliveira 11355\n\t\t<\/span><\/div>","aioseo_breadcrumb_json":[{"label":"Home","link":"https:\/\/www.encontrajequie.com.br\/sobre"},{"label":"Not\u00edcias Jequi\u00e9","link":"https:\/\/www.encontrajequie.com.br\/sobre\/noticias-em-jequie\/"},{"label":"Satiro Oliveira 11355","link":"https:\/\/www.encontrajequie.com.br\/sobre\/satiro-oliveira-11355\/"}],"_links":{"self":[{"href":"https:\/\/www.encontrajequie.com.br\/sobre\/wp-json\/wp\/v2\/posts\/1799","targetHints":{"allow":["GET"]}}],"collection":[{"href":"https:\/\/www.encontrajequie.com.br\/sobre\/wp-json\/wp\/v2\/posts"}],"about":[{"href":"https:\/\/www.encontrajequie.com.br\/sobre\/wp-json\/wp\/v2\/types\/post"}],"author":[{"embeddable":true,"href":"https:\/\/www.encontrajequie.com.br\/sobre\/wp-json\/wp\/v2\/users\/1"}],"replies":[{"embeddable":true,"href":"https:\/\/www.encontrajequie.com.br\/sobre\/wp-json\/wp\/v2\/comments?post=1799"}],"version-history":[{"count":0,"href":"https:\/\/www.encontrajequie.com.br\/sobre\/wp-json\/wp\/v2\/posts\/1799\/revisions"}],"wp:featuredmedia":[{"embeddable":true,"href":"https:\/\/www.encontrajequie.com.br\/sobre\/wp-json\/wp\/v2\/media\/1798"}],"wp:attachment":[{"href":"https:\/\/www.encontrajequie.com.br\/sobre\/wp-json\/wp\/v2\/media?parent=1799"}],"wp:term":[{"taxonomy":"category","embeddable":true,"href":"https:\/\/www.encontrajequie.com.br\/sobre\/wp-json\/wp\/v2\/categories?post=1799"},{"taxonomy":"post_tag","embeddable":true,"href":"https:\/\/www.encontrajequie.com.br\/sobre\/wp-json\/wp\/v2\/tags?post=1799"}],"curies":[{"name":"wp","href":"https:\/\/api.w.org\/{rel}","templated":true}]}}