{"id":182,"date":"2025-10-25T09:32:00","date_gmt":"2025-10-25T12:32:00","guid":{"rendered":"https:\/\/www.encontrajequie.com.br\/sobre\/?p=182"},"modified":"2025-10-25T09:32:00","modified_gmt":"2025-10-25T12:32:00","slug":"com-investimentos-de-14-milhao-de-reais-prefeito-de-jequie-e-governador-da-bahia-inauguram-primeira-creche-do-km-3","status":"publish","type":"post","link":"https:\/\/www.encontrajequie.com.br\/sobre\/com-investimentos-de-14-milhao-de-reais-prefeito-de-jequie-e-governador-da-bahia-inauguram-primeira-creche-do-km-3\/","title":{"rendered":"Com investimentos de 1,4 milh\u00e3o de reais, prefeito de Jequi\u00e9 e governador da Bahia inauguram primeira creche do KM 3"},"content":{"rendered":"<div class=\"30cf832dc5940d4704f66d0ed9a44050\" data-index=\"1\" style=\"float: none; margin:0px;\">\n<!-- Anuncio display - global -->\r\n<ins class=\"adsbygoogle\"\r\n     style=\"display:block\"\r\n     data-ad-client=\"ca-pub-8585364105181520\"\r\n     data-ad-slot=\"8789329856\"\r\n     data-ad-format=\"auto\"\r\n     data-full-width-responsive=\"true\"><\/ins>\r\n<script>\r\n     (adsbygoogle = window.adsbygoogle || []).push({});\r\n<\/script>\n<\/div>\n<h2>Inaugura\u00e7\u00e3o da Creche: Um Sonho Realizado<\/h2>\n<p>A <strong>primeira creche do KM 3<\/strong> foi inaugurada com grande festa, celebrando um sonho que se tornou realidade para muitas fam\u00edlias em Jequi\u00e9. O evento contou com a presen\u00e7a de autoridades locais, educadores e da comunidade. Todos estavam animados com essa conquista, que promete transformar a vida das crian\u00e7as na regi\u00e3o.<\/p>\n<p>O projeto da creche foi idealizado ap\u00f3s longos anos de discuss\u00e3o entre os moradores. Desde que se come\u00e7ou a ouvir a necessidade de um espa\u00e7o adequado para a educa\u00e7\u00e3o infantil, diversas reuni\u00f5es foram feitas. A unidade vai atender crian\u00e7as de 0 a 5 anos, oferecendo uma base s\u00f3lida para o desenvolvimento educacional e social delas.<\/p>\n<h2>O Papel da Creche na Comunidade do KM 3<\/h2>\n<p>A <strong>primeira creche do KM 3<\/strong> n\u00e3o \u00e9 apenas um lugar para deixar as crian\u00e7as enquanto os pais trabalham; \u00e9 um espa\u00e7o de desenvolvimento integral. Este projeto \u00e9 fundamental para a melhoria da qualidade de vida e desenvolvimento da comunidade.<\/p>\n<p>As creches desempenham um papel importante na constru\u00e7\u00e3o de uma sociedade mais justa e igualit\u00e1ria. Com a nova unidade, as crian\u00e7as ter\u00e3o acesso a:<\/p>\n<ul>\n<li><strong>Atividades educativas:<\/strong> Programas voltados ao ensino e ao brincar, que estimulam a criatividade e o aprendizado.<\/li>\n<li><strong>Inclus\u00e3o social:<\/strong> Garantindo que todas as crian\u00e7as, independente da situa\u00e7\u00e3o socioecon\u00f4mica, tenham acesso \u00e0 educa\u00e7\u00e3o.<\/li>\n<li><strong>Momentos de socializa\u00e7\u00e3o:<\/strong> Proporcionando um ambiente seguro e acolhedor para o desenvolvimento de habilidades sociais.<\/li>\n<\/ul>\n<h2>Investimentos que Transformam a Educa\u00e7\u00e3o<\/h2>\n<p>A inaugura\u00e7\u00e3o da <strong>primeira creche do KM 3<\/strong> \u00e9 resultado de investimentos significativos por parte da administra\u00e7\u00e3o municipal. Al\u00e9m do aporte financeiro direto, houve tamb\u00e9m a mobiliza\u00e7\u00e3o de recursos federais e parcerias com entidades privadas.<\/p>\n<p>Os investimentos foram direcionados n\u00e3o apenas \u00e0 constru\u00e7\u00e3o f\u00edsica da creche, mas tamb\u00e9m \u00e0 capacita\u00e7\u00e3o dos profissionais envolvidos no atendimento \u00e0s crian\u00e7as. Com um curr\u00edculo que prioriza o aprendizado l\u00fadico, as crian\u00e7as estar\u00e3o mais preparadas para os desafios futuros.<\/p>\n<h2>Infraestrutura da Nova Creche<\/h2>\n<p>A infraestrutura da <strong>primeira creche do KM 3<\/strong> foi planejada para garantir conforto e seguran\u00e7a \u00e0s crian\u00e7as. O espa\u00e7o conta com:<\/p>\n<ul>\n<li><strong>Salas de aula amplas:<\/strong> Equipadas com materiais pedag\u00f3gicos e brinquedos educativos.<\/li>\n<li><strong>\u00c1rea externa:<\/strong> Um playground seguro, com equipamentos adequados para a faixa et\u00e1ria atendida.<\/li>\n<li><strong>Refeit\u00f3rio:<\/strong> Espa\u00e7o destinado \u00e0 alimenta\u00e7\u00e3o, com card\u00e1pios nutritivos e balanceados.<\/li>\n<li><strong>Banheiros adaptados:<\/strong> Estruturas que garantem a acessibilidade \u00e0s crian\u00e7as pequenas.<\/li>\n<\/ul>\n<h2>Impacto na Vida das Crian\u00e7as<\/h2>\n<p>O impacto da <strong>primeira creche do KM 3<\/strong> na vida das crian\u00e7as \u00e9 imenso. Com acesso \u00e0 educa\u00e7\u00e3o infantil de qualidade, elas ter\u00e3o a oportunidade de:<\/p>\n<ul>\n<li><strong>Desenvolver habilidades:<\/strong> O aprendizado precoce \u00e9 crucial para o desenvolvimento cognitivo e emocional.<\/li>\n<li><strong>Construir rela\u00e7\u00f5es:<\/strong> Interagir com outras crian\u00e7as e educadores forma um la\u00e7o social importante.<\/li>\n<li><strong>Preparar-se para o futuro:<\/strong> A educa\u00e7\u00e3o infantil \u00e9 a base para a continuidade nos estudos e aprendizagens futuras.<\/li>\n<\/ul>\n<h2>Compromisso com o Futuro Educacional<\/h2>\n<p>O compromisso com a educa\u00e7\u00e3o \u00e9 uma das prioridades da gest\u00e3o p\u00fablica de Jequi\u00e9. A <strong>primeira creche do KM 3<\/strong> \u00e9 um passo importante na dire\u00e7\u00e3o do fortalecimento da educa\u00e7\u00e3o infantil na cidade. Al\u00e9m da creche, existem planos para expandir a oferta de vagas e melhorar a qualidade do ensino em outras institui\u00e7\u00f5es.<\/p>\n<p>Os respons\u00e1veis pela gest\u00e3o destacam que a educa\u00e7\u00e3o \u00e9 essencial para a forma\u00e7\u00e3o de cidad\u00e3os conscientes e cr\u00edticos. Dessa forma, a administra\u00e7\u00e3o continuar\u00e1 investindo e buscando inova\u00e7\u00f5es que melhorem a educa\u00e7\u00e3o no munic\u00edpio.<\/p>\n<h2>Programa Municipal Segundo Lar<\/h2>\n<p>Um dos destaques da nova creche \u00e9 a inclus\u00e3o no <strong>Programa Municipal Segundo Lar<\/strong>, que visa proporcionar apoio a fam\u00edlias em situa\u00e7\u00f5es de vulnerabilidade. Atrav\u00e9s desse programa, \u00e9 poss\u00edvel oferecer:<\/p>\n<ul>\n<li><strong>Apoio psicol\u00f3gico:<\/strong> Servi\u00e7os de suporte emocional para as fam\u00edlias e crian\u00e7as.<\/li>\n<li><strong>Orienta\u00e7\u00e3o pedag\u00f3gica:<\/strong> Aux\u00edlio aos pais na educa\u00e7\u00e3o dos filhos em casa.<\/li>\n<li><strong>Oficinas e cursos:<\/strong> Capacita\u00e7\u00e3o para os pais em diversas \u00e1reas, fortalecendo o desenvolvimento familiar.<\/li>\n<\/ul>\n<h2>Apoio da Prefeitura e Governo<\/h2>\n<p>A prefeitura de Jequi\u00e9 foi fundamental na realiza\u00e7\u00e3o da <strong>primeira creche do KM 3<\/strong>. Contou-se com o apoio do governo estadual e federal, que viabilizaram recursos e insumos necess\u00e1rios para a estrutura\u00e7\u00e3o da unidade.<\/p>\n<p>Os representantes da prefeitura enfatizam a import\u00e2ncia de parcerias para o desenvolvimento de uma educa\u00e7\u00e3o de qualidade. Colaborar em projetos que beneficiem a comunidade \u00e9 uma das diretrizes principais da administra\u00e7\u00e3o.<\/p>\n<h2>Palavras dos L\u00edderes e a Comunidade<\/h2>\n<p>Durante a inaugura\u00e7\u00e3o, as autoridades locais e l\u00edderes comunit\u00e1rios ressaltaram a relev\u00e2ncia do projeto. O impacto positivo da creche foi aclamado por todos. O discurso de um dos l\u00edderes comunit\u00e1rios emocionou a todos:<\/p>\n<p>&#8220;Estamos vivenciando um momento especial. A <strong>primeira creche do KM 3<\/strong> representa esperan\u00e7a e um futuro melhor para nossas crian\u00e7as. Esse \u00e9 um investimento que retornar\u00e1 em forma de desenvolvimento e cidadania.&#8221;\n<\/p>\n<h2>Pr\u00f3ximos Passos para a Educa\u00e7\u00e3o em Jequi\u00e9<\/h2>\n<p>Com a inaugura\u00e7\u00e3o da <strong>primeira creche do KM 3<\/strong>, novos horizontes se abrem para a educa\u00e7\u00e3o em Jequi\u00e9. Futuros passos incluem:<\/p>\n<ul>\n<li><strong>Aumentar as vagas:<\/strong> Expandir o atendimento a mais crian\u00e7as na comunidade.<\/li>\n<li><strong>Capacita\u00e7\u00f5es cont\u00ednuas para educadores:<\/strong> Investir na forma\u00e7\u00e3o continuada dos profissionais que atuam nas creches.<\/li>\n<li><strong>Iniciativas de engajamento comunit\u00e1rio:<\/strong> Criar programas que envolvam a comunidade nas atividades escolares, promovendo um ambiente de coopera\u00e7\u00e3o.<\/li>\n<\/ul>\n<p>A <strong>primeira creche do KM 3<\/strong> \u00e9 um s\u00edmbolo de progresso e esperan\u00e7a para todos os envolvidos no projeto, contribuindo para um futuro mais promissor para as crian\u00e7as e a comunidade em Jequi\u00e9.<\/p>\n\n<div style=\"font-size: 0px; height: 0px; line-height: 0px; margin: 0; padding: 0; clear: both;\"><\/div>","protected":false},"excerpt":{"rendered":"<p>A primeira creche do KM 3 \u00e9 um importante avan\u00e7o na educa\u00e7\u00e3o em Jequi\u00e9.<\/p>\n","protected":false},"author":1,"featured_media":181,"comment_status":"open","ping_status":"closed","sticky":false,"template":"","format":"standard","meta":{"footnotes":""},"categories":[1],"tags":[],"class_list":["post-182","post","type-post","status-publish","format-standard","has-post-thumbnail","hentry","category-noticias-em-jequie","has_thumb"],"aioseo_notices":[],"aioseo_head":"\n\t\t<!-- All in One SEO 5.0.0.1 - aioseo.com -->\n\t<meta name=\"description\" content=\"A primeira creche do KM 3 \u00e9 um importante avan\u00e7o na educa\u00e7\u00e3o em Jequi\u00e9.\" \/>\n\t<meta name=\"robots\" content=\"max-image-preview:large\" \/>\n\t<meta name=\"author\" content=\"Encontra Jequi\u00e9\"\/>\n\t<link rel=\"canonical\" href=\"https:\/\/www.encontrajequie.com.br\/sobre\/com-investimentos-de-14-milhao-de-reais-prefeito-de-jequie-e-governador-da-bahia-inauguram-primeira-creche-do-km-3\/\" \/>\n\t<meta name=\"generator\" content=\"All in One SEO (AIOSEO) 5.0.0.1\" \/>\n\t\t<meta property=\"og:locale\" content=\"pt_BR\" \/>\n\t\t<meta property=\"og:site_name\" content=\"Encontra Jequi\u00e9 | Not\u00edcias, eventos, informa\u00e7\u00f5es e dicas na cidade de Jequi\u00e9 e regi\u00e3o.\" \/>\n\t\t<meta property=\"og:type\" content=\"article\" \/>\n\t\t<meta property=\"og:title\" content=\"Com investimentos de 1,4 milh\u00e3o de reais, prefeito de Jequi\u00e9 e governador da Bahia inauguram primeira creche do KM 3 | Encontra Jequi\u00e9\" \/>\n\t\t<meta property=\"og:description\" content=\"A primeira creche do KM 3 \u00e9 um importante avan\u00e7o na educa\u00e7\u00e3o em Jequi\u00e9.\" \/>\n\t\t<meta property=\"og:url\" content=\"https:\/\/www.encontrajequie.com.br\/sobre\/com-investimentos-de-14-milhao-de-reais-prefeito-de-jequie-e-governador-da-bahia-inauguram-primeira-creche-do-km-3\/\" \/>\n\t\t<meta property=\"article:published_time\" content=\"2025-10-25T12:32:00+00:00\" \/>\n\t\t<meta property=\"article:modified_time\" content=\"2025-10-25T12:32:00+00:00\" \/>\n\t\t<meta name=\"twitter:card\" content=\"summary_large_image\" \/>\n\t\t<meta name=\"twitter:title\" content=\"Com investimentos de 1,4 milh\u00e3o de reais, prefeito de Jequi\u00e9 e governador da Bahia inauguram primeira creche do KM 3 | Encontra Jequi\u00e9\" \/>\n\t\t<meta name=\"twitter:description\" content=\"A primeira creche do KM 3 \u00e9 um importante avan\u00e7o na educa\u00e7\u00e3o em Jequi\u00e9.\" \/>\n\t\t<script type=\"application\/ld+json\" class=\"aioseo-schema\">\n\t\t\t{\"@context\":\"https:\\\/\\\/schema.org\",\"@graph\":[{\"@type\":\"Article\",\"@id\":\"https:\\\/\\\/www.encontrajequie.com.br\\\/sobre\\\/com-investimentos-de-14-milhao-de-reais-prefeito-de-jequie-e-governador-da-bahia-inauguram-primeira-creche-do-km-3\\\/#article\",\"name\":\"Com investimentos de 1,4 milh\\u00e3o de reais, prefeito de Jequi\\u00e9 e governador da Bahia inauguram primeira creche do KM 3 | Encontra Jequi\\u00e9\",\"headline\":\"Com investimentos de 1,4 milh\\u00e3o de reais, prefeito de Jequi\\u00e9 e governador da Bahia inauguram primeira creche do KM 3\",\"author\":{\"@id\":\"https:\\\/\\\/www.encontrajequie.com.br\\\/sobre\\\/author\\\/ejequie\\\/#author\"},\"publisher\":{\"@id\":\"https:\\\/\\\/www.encontrajequie.com.br\\\/sobre\\\/#organization\"},\"image\":{\"@type\":\"ImageObject\",\"url\":\"https:\\\/\\\/www.encontrajequie.com.br\\\/sobre\\\/wp-content\\\/uploads\\\/2025\\\/10\\\/com-investimentos-de-1-4-milhao-de-reais-prefeito-de-jequie-e-governador-da-bahia-inauguram-primeira.webp\",\"width\":320,\"height\":280,\"caption\":\"primeira creche do KM 3\"},\"datePublished\":\"2025-10-25T09:32:00-03:00\",\"dateModified\":\"2025-10-25T09:32:00-03:00\",\"inLanguage\":\"pt-BR\",\"mainEntityOfPage\":{\"@id\":\"https:\\\/\\\/www.encontrajequie.com.br\\\/sobre\\\/com-investimentos-de-14-milhao-de-reais-prefeito-de-jequie-e-governador-da-bahia-inauguram-primeira-creche-do-km-3\\\/#webpage\"},\"isPartOf\":{\"@id\":\"https:\\\/\\\/www.encontrajequie.com.br\\\/sobre\\\/com-investimentos-de-14-milhao-de-reais-prefeito-de-jequie-e-governador-da-bahia-inauguram-primeira-creche-do-km-3\\\/#webpage\"},\"articleSection\":\"Not\\u00edcias Jequi\\u00e9\"},{\"@type\":\"BreadcrumbList\",\"@id\":\"https:\\\/\\\/www.encontrajequie.com.br\\\/sobre\\\/com-investimentos-de-14-milhao-de-reais-prefeito-de-jequie-e-governador-da-bahia-inauguram-primeira-creche-do-km-3\\\/#breadcrumblist\",\"itemListElement\":[{\"@type\":\"ListItem\",\"@id\":\"https:\\\/\\\/www.encontrajequie.com.br\\\/sobre#listItem\",\"position\":1,\"name\":\"Home\",\"item\":\"https:\\\/\\\/www.encontrajequie.com.br\\\/sobre\",\"nextItem\":{\"@type\":\"ListItem\",\"@id\":\"https:\\\/\\\/www.encontrajequie.com.br\\\/sobre\\\/noticias-em-jequie\\\/#listItem\",\"name\":\"Not\\u00edcias Jequi\\u00e9\"}},{\"@type\":\"ListItem\",\"@id\":\"https:\\\/\\\/www.encontrajequie.com.br\\\/sobre\\\/noticias-em-jequie\\\/#listItem\",\"position\":2,\"name\":\"Not\\u00edcias Jequi\\u00e9\",\"item\":\"https:\\\/\\\/www.encontrajequie.com.br\\\/sobre\\\/noticias-em-jequie\\\/\",\"nextItem\":{\"@type\":\"ListItem\",\"@id\":\"https:\\\/\\\/www.encontrajequie.com.br\\\/sobre\\\/com-investimentos-de-14-milhao-de-reais-prefeito-de-jequie-e-governador-da-bahia-inauguram-primeira-creche-do-km-3\\\/#listItem\",\"name\":\"Com investimentos de 1,4 milh\\u00e3o de reais, prefeito de Jequi\\u00e9 e governador da Bahia inauguram primeira creche do KM 3\"},\"previousItem\":{\"@type\":\"ListItem\",\"@id\":\"https:\\\/\\\/www.encontrajequie.com.br\\\/sobre#listItem\",\"name\":\"Home\"}},{\"@type\":\"ListItem\",\"@id\":\"https:\\\/\\\/www.encontrajequie.com.br\\\/sobre\\\/com-investimentos-de-14-milhao-de-reais-prefeito-de-jequie-e-governador-da-bahia-inauguram-primeira-creche-do-km-3\\\/#listItem\",\"position\":3,\"name\":\"Com investimentos de 1,4 milh\\u00e3o de reais, prefeito de Jequi\\u00e9 e governador da Bahia inauguram primeira creche do KM 3\",\"previousItem\":{\"@type\":\"ListItem\",\"@id\":\"https:\\\/\\\/www.encontrajequie.com.br\\\/sobre\\\/noticias-em-jequie\\\/#listItem\",\"name\":\"Not\\u00edcias Jequi\\u00e9\"}}]},{\"@type\":\"Organization\",\"@id\":\"https:\\\/\\\/www.encontrajequie.com.br\\\/sobre\\\/#organization\",\"name\":\"Encontra Jequi\\u00e9\",\"description\":\"Not\\u00edcias, eventos, informa\\u00e7\\u00f5es e dicas na cidade de Jequi\\u00e9 e regi\\u00e3o.\",\"url\":\"https:\\\/\\\/www.encontrajequie.com.br\\\/sobre\\\/\"},{\"@type\":\"Person\",\"@id\":\"https:\\\/\\\/www.encontrajequie.com.br\\\/sobre\\\/author\\\/ejequie\\\/#author\",\"url\":\"https:\\\/\\\/www.encontrajequie.com.br\\\/sobre\\\/author\\\/ejequie\\\/\",\"name\":\"Encontra Jequi\\u00e9\",\"image\":{\"@type\":\"ImageObject\",\"@id\":\"https:\\\/\\\/www.encontrajequie.com.br\\\/sobre\\\/com-investimentos-de-14-milhao-de-reais-prefeito-de-jequie-e-governador-da-bahia-inauguram-primeira-creche-do-km-3\\\/#authorImage\",\"url\":\"https:\\\/\\\/secure.gravatar.com\\\/avatar\\\/507340682b8270222e1f208e23198b6ae7e2c6a1033ae84e99bc6bce4f82a387?s=96&d=mm&r=g\",\"width\":96,\"height\":96,\"caption\":\"Encontra Jequi\\u00e9\"}},{\"@type\":\"WebPage\",\"@id\":\"https:\\\/\\\/www.encontrajequie.com.br\\\/sobre\\\/com-investimentos-de-14-milhao-de-reais-prefeito-de-jequie-e-governador-da-bahia-inauguram-primeira-creche-do-km-3\\\/#webpage\",\"url\":\"https:\\\/\\\/www.encontrajequie.com.br\\\/sobre\\\/com-investimentos-de-14-milhao-de-reais-prefeito-de-jequie-e-governador-da-bahia-inauguram-primeira-creche-do-km-3\\\/\",\"name\":\"Com investimentos de 1,4 milh\\u00e3o de reais, prefeito de Jequi\\u00e9 e governador da Bahia inauguram primeira creche do KM 3 | Encontra Jequi\\u00e9\",\"description\":\"A primeira creche do KM 3 \\u00e9 um importante avan\\u00e7o na educa\\u00e7\\u00e3o em Jequi\\u00e9.\",\"inLanguage\":\"pt-BR\",\"isPartOf\":{\"@id\":\"https:\\\/\\\/www.encontrajequie.com.br\\\/sobre\\\/#website\"},\"breadcrumb\":{\"@id\":\"https:\\\/\\\/www.encontrajequie.com.br\\\/sobre\\\/com-investimentos-de-14-milhao-de-reais-prefeito-de-jequie-e-governador-da-bahia-inauguram-primeira-creche-do-km-3\\\/#breadcrumblist\"},\"author\":{\"@id\":\"https:\\\/\\\/www.encontrajequie.com.br\\\/sobre\\\/author\\\/ejequie\\\/#author\"},\"creator\":{\"@id\":\"https:\\\/\\\/www.encontrajequie.com.br\\\/sobre\\\/author\\\/ejequie\\\/#author\"},\"image\":{\"@type\":\"ImageObject\",\"url\":\"https:\\\/\\\/www.encontrajequie.com.br\\\/sobre\\\/wp-content\\\/uploads\\\/2025\\\/10\\\/com-investimentos-de-1-4-milhao-de-reais-prefeito-de-jequie-e-governador-da-bahia-inauguram-primeira.webp\",\"@id\":\"https:\\\/\\\/www.encontrajequie.com.br\\\/sobre\\\/com-investimentos-de-14-milhao-de-reais-prefeito-de-jequie-e-governador-da-bahia-inauguram-primeira-creche-do-km-3\\\/#mainImage\",\"width\":320,\"height\":280,\"caption\":\"primeira creche do KM 3\"},\"primaryImageOfPage\":{\"@id\":\"https:\\\/\\\/www.encontrajequie.com.br\\\/sobre\\\/com-investimentos-de-14-milhao-de-reais-prefeito-de-jequie-e-governador-da-bahia-inauguram-primeira-creche-do-km-3\\\/#mainImage\"},\"datePublished\":\"2025-10-25T09:32:00-03:00\",\"dateModified\":\"2025-10-25T09:32:00-03:00\"},{\"@type\":\"WebSite\",\"@id\":\"https:\\\/\\\/www.encontrajequie.com.br\\\/sobre\\\/#website\",\"url\":\"https:\\\/\\\/www.encontrajequie.com.br\\\/sobre\\\/\",\"name\":\"Encontra Jequi\\u00e9\",\"description\":\"Not\\u00edcias, eventos, informa\\u00e7\\u00f5es e dicas na cidade de Jequi\\u00e9 e regi\\u00e3o.\",\"inLanguage\":\"pt-BR\",\"publisher\":{\"@id\":\"https:\\\/\\\/www.encontrajequie.com.br\\\/sobre\\\/#organization\"}}]}\n\t\t<\/script>\n\t\t<!-- All in One SEO -->\n\n","aioseo_head_json":{"title":"Com investimentos de 1,4 milh\u00e3o de reais, prefeito de Jequi\u00e9 e governador da Bahia inauguram primeira creche do KM 3 | Encontra Jequi\u00e9","description":"A primeira creche do KM 3 \u00e9 um importante avan\u00e7o na educa\u00e7\u00e3o em Jequi\u00e9.","canonical_url":"https:\/\/www.encontrajequie.com.br\/sobre\/com-investimentos-de-14-milhao-de-reais-prefeito-de-jequie-e-governador-da-bahia-inauguram-primeira-creche-do-km-3\/","robots":"max-image-preview:large","keywords":"","webmasterTools":{"miscellaneous":""},"schema":{"@context":"https:\/\/schema.org","@graph":[{"@type":"Article","@id":"https:\/\/www.encontrajequie.com.br\/sobre\/com-investimentos-de-14-milhao-de-reais-prefeito-de-jequie-e-governador-da-bahia-inauguram-primeira-creche-do-km-3\/#article","name":"Com investimentos de 1,4 milh\u00e3o de reais, prefeito de Jequi\u00e9 e governador da Bahia inauguram primeira creche do KM 3 | Encontra Jequi\u00e9","headline":"Com investimentos de 1,4 milh\u00e3o de reais, prefeito de Jequi\u00e9 e governador da Bahia inauguram primeira creche do KM 3","author":{"@id":"https:\/\/www.encontrajequie.com.br\/sobre\/author\/ejequie\/#author"},"publisher":{"@id":"https:\/\/www.encontrajequie.com.br\/sobre\/#organization"},"image":{"@type":"ImageObject","url":"https:\/\/www.encontrajequie.com.br\/sobre\/wp-content\/uploads\/2025\/10\/com-investimentos-de-1-4-milhao-de-reais-prefeito-de-jequie-e-governador-da-bahia-inauguram-primeira.webp","width":320,"height":280,"caption":"primeira creche do KM 3"},"datePublished":"2025-10-25T09:32:00-03:00","dateModified":"2025-10-25T09:32:00-03:00","inLanguage":"pt-BR","mainEntityOfPage":{"@id":"https:\/\/www.encontrajequie.com.br\/sobre\/com-investimentos-de-14-milhao-de-reais-prefeito-de-jequie-e-governador-da-bahia-inauguram-primeira-creche-do-km-3\/#webpage"},"isPartOf":{"@id":"https:\/\/www.encontrajequie.com.br\/sobre\/com-investimentos-de-14-milhao-de-reais-prefeito-de-jequie-e-governador-da-bahia-inauguram-primeira-creche-do-km-3\/#webpage"},"articleSection":"Not\u00edcias Jequi\u00e9"},{"@type":"BreadcrumbList","@id":"https:\/\/www.encontrajequie.com.br\/sobre\/com-investimentos-de-14-milhao-de-reais-prefeito-de-jequie-e-governador-da-bahia-inauguram-primeira-creche-do-km-3\/#breadcrumblist","itemListElement":[{"@type":"ListItem","@id":"https:\/\/www.encontrajequie.com.br\/sobre#listItem","position":1,"name":"Home","item":"https:\/\/www.encontrajequie.com.br\/sobre","nextItem":{"@type":"ListItem","@id":"https:\/\/www.encontrajequie.com.br\/sobre\/noticias-em-jequie\/#listItem","name":"Not\u00edcias Jequi\u00e9"}},{"@type":"ListItem","@id":"https:\/\/www.encontrajequie.com.br\/sobre\/noticias-em-jequie\/#listItem","position":2,"name":"Not\u00edcias Jequi\u00e9","item":"https:\/\/www.encontrajequie.com.br\/sobre\/noticias-em-jequie\/","nextItem":{"@type":"ListItem","@id":"https:\/\/www.encontrajequie.com.br\/sobre\/com-investimentos-de-14-milhao-de-reais-prefeito-de-jequie-e-governador-da-bahia-inauguram-primeira-creche-do-km-3\/#listItem","name":"Com investimentos de 1,4 milh\u00e3o de reais, prefeito de Jequi\u00e9 e governador da Bahia inauguram primeira creche do KM 3"},"previousItem":{"@type":"ListItem","@id":"https:\/\/www.encontrajequie.com.br\/sobre#listItem","name":"Home"}},{"@type":"ListItem","@id":"https:\/\/www.encontrajequie.com.br\/sobre\/com-investimentos-de-14-milhao-de-reais-prefeito-de-jequie-e-governador-da-bahia-inauguram-primeira-creche-do-km-3\/#listItem","position":3,"name":"Com investimentos de 1,4 milh\u00e3o de reais, prefeito de Jequi\u00e9 e governador da Bahia inauguram primeira creche do KM 3","previousItem":{"@type":"ListItem","@id":"https:\/\/www.encontrajequie.com.br\/sobre\/noticias-em-jequie\/#listItem","name":"Not\u00edcias Jequi\u00e9"}}]},{"@type":"Organization","@id":"https:\/\/www.encontrajequie.com.br\/sobre\/#organization","name":"Encontra Jequi\u00e9","description":"Not\u00edcias, eventos, informa\u00e7\u00f5es e dicas na cidade de Jequi\u00e9 e regi\u00e3o.","url":"https:\/\/www.encontrajequie.com.br\/sobre\/"},{"@type":"Person","@id":"https:\/\/www.encontrajequie.com.br\/sobre\/author\/ejequie\/#author","url":"https:\/\/www.encontrajequie.com.br\/sobre\/author\/ejequie\/","name":"Encontra Jequi\u00e9","image":{"@type":"ImageObject","@id":"https:\/\/www.encontrajequie.com.br\/sobre\/com-investimentos-de-14-milhao-de-reais-prefeito-de-jequie-e-governador-da-bahia-inauguram-primeira-creche-do-km-3\/#authorImage","url":"https:\/\/secure.gravatar.com\/avatar\/507340682b8270222e1f208e23198b6ae7e2c6a1033ae84e99bc6bce4f82a387?s=96&d=mm&r=g","width":96,"height":96,"caption":"Encontra Jequi\u00e9"}},{"@type":"WebPage","@id":"https:\/\/www.encontrajequie.com.br\/sobre\/com-investimentos-de-14-milhao-de-reais-prefeito-de-jequie-e-governador-da-bahia-inauguram-primeira-creche-do-km-3\/#webpage","url":"https:\/\/www.encontrajequie.com.br\/sobre\/com-investimentos-de-14-milhao-de-reais-prefeito-de-jequie-e-governador-da-bahia-inauguram-primeira-creche-do-km-3\/","name":"Com investimentos de 1,4 milh\u00e3o de reais, prefeito de Jequi\u00e9 e governador da Bahia inauguram primeira creche do KM 3 | Encontra Jequi\u00e9","description":"A primeira creche do KM 3 \u00e9 um importante avan\u00e7o na educa\u00e7\u00e3o em Jequi\u00e9.","inLanguage":"pt-BR","isPartOf":{"@id":"https:\/\/www.encontrajequie.com.br\/sobre\/#website"},"breadcrumb":{"@id":"https:\/\/www.encontrajequie.com.br\/sobre\/com-investimentos-de-14-milhao-de-reais-prefeito-de-jequie-e-governador-da-bahia-inauguram-primeira-creche-do-km-3\/#breadcrumblist"},"author":{"@id":"https:\/\/www.encontrajequie.com.br\/sobre\/author\/ejequie\/#author"},"creator":{"@id":"https:\/\/www.encontrajequie.com.br\/sobre\/author\/ejequie\/#author"},"image":{"@type":"ImageObject","url":"https:\/\/www.encontrajequie.com.br\/sobre\/wp-content\/uploads\/2025\/10\/com-investimentos-de-1-4-milhao-de-reais-prefeito-de-jequie-e-governador-da-bahia-inauguram-primeira.webp","@id":"https:\/\/www.encontrajequie.com.br\/sobre\/com-investimentos-de-14-milhao-de-reais-prefeito-de-jequie-e-governador-da-bahia-inauguram-primeira-creche-do-km-3\/#mainImage","width":320,"height":280,"caption":"primeira creche do KM 3"},"primaryImageOfPage":{"@id":"https:\/\/www.encontrajequie.com.br\/sobre\/com-investimentos-de-14-milhao-de-reais-prefeito-de-jequie-e-governador-da-bahia-inauguram-primeira-creche-do-km-3\/#mainImage"},"datePublished":"2025-10-25T09:32:00-03:00","dateModified":"2025-10-25T09:32:00-03:00"},{"@type":"WebSite","@id":"https:\/\/www.encontrajequie.com.br\/sobre\/#website","url":"https:\/\/www.encontrajequie.com.br\/sobre\/","name":"Encontra Jequi\u00e9","description":"Not\u00edcias, eventos, informa\u00e7\u00f5es e dicas na cidade de Jequi\u00e9 e regi\u00e3o.","inLanguage":"pt-BR","publisher":{"@id":"https:\/\/www.encontrajequie.com.br\/sobre\/#organization"}}]},"og:locale":"pt_BR","og:site_name":"Encontra Jequi\u00e9 | Not\u00edcias, eventos, informa\u00e7\u00f5es e dicas na cidade de Jequi\u00e9 e regi\u00e3o.","og:type":"article","og:title":"Com investimentos de 1,4 milh\u00e3o de reais, prefeito de Jequi\u00e9 e governador da Bahia inauguram primeira creche do KM 3 | Encontra Jequi\u00e9","og:description":"A primeira creche do KM 3 \u00e9 um importante avan\u00e7o na educa\u00e7\u00e3o em Jequi\u00e9.","og:url":"https:\/\/www.encontrajequie.com.br\/sobre\/com-investimentos-de-14-milhao-de-reais-prefeito-de-jequie-e-governador-da-bahia-inauguram-primeira-creche-do-km-3\/","article:published_time":"2025-10-25T12:32:00+00:00","article:modified_time":"2025-10-25T12:32:00+00:00","twitter:card":"summary_large_image","twitter:title":"Com investimentos de 1,4 milh\u00e3o de reais, prefeito de Jequi\u00e9 e governador da Bahia inauguram primeira creche do KM 3 | Encontra Jequi\u00e9","twitter:description":"A primeira creche do KM 3 \u00e9 um importante avan\u00e7o na educa\u00e7\u00e3o em Jequi\u00e9."},"aioseo_meta_data":{"post_id":"182","title":null,"description":null,"keywords":null,"keyphrases":null,"primary_term":null,"canonical_url":null,"og_title":null,"og_description":null,"og_object_type":"default","og_image_type":"default","og_image_url":null,"og_image_width":null,"og_image_height":null,"og_image_custom_url":null,"og_image_custom_fields":null,"og_video":null,"og_custom_url":null,"og_article_section":null,"og_article_tags":null,"twitter_use_og":false,"twitter_card":"default","twitter_image_type":"default","twitter_image_url":null,"twitter_image_custom_url":null,"twitter_image_custom_fields":null,"twitter_title":null,"twitter_description":null,"schema":{"blockGraphs":[],"customGraphs":[],"default":{"data":{"Article":[],"Course":[],"Dataset":[],"FAQPage":[],"Movie":[],"Person":[],"Product":[],"ProductReview":[],"Car":[],"Recipe":[],"Service":[],"SoftwareApplication":[],"WebPage":[]},"graphName":"","isEnabled":true},"graphs":[]},"schema_type":"default","schema_type_options":null,"pillar_content":false,"robots_default":true,"robots_noindex":false,"robots_noarchive":false,"robots_nosnippet":false,"robots_nofollow":false,"robots_noimageindex":false,"robots_noodp":false,"robots_notranslate":false,"robots_max_snippet":null,"robots_max_videopreview":null,"robots_max_imagepreview":"large","priority":null,"frequency":null,"local_seo":null,"breadcrumb_settings":null,"limit_modified_date":false,"ai":null,"created":"2025-10-25 13:29:36","updated":"2025-10-25 13:29:36","focus_keyword":null,"additional_keywords":null,"truseo_locale":null,"seo_analyzer_scan_date":null},"aioseo_breadcrumb":"<div class=\"aioseo-breadcrumbs\"><span class=\"aioseo-breadcrumb\">\n\t\t\t<a href=\"https:\/\/www.encontrajequie.com.br\/sobre\" title=\"Home\">Home<\/a>\n\t\t<\/span><span class=\"aioseo-breadcrumb-separator\">&raquo;<\/span><span class=\"aioseo-breadcrumb\">\n\t\t\t<a href=\"https:\/\/www.encontrajequie.com.br\/sobre\/noticias-em-jequie\/\" title=\"Not\u00edcias Jequi\u00e9\">Not\u00edcias Jequi\u00e9<\/a>\n\t\t<\/span><span class=\"aioseo-breadcrumb-separator\">&raquo;<\/span><span class=\"aioseo-breadcrumb\">\n\t\t\tCom investimentos de 1,4 milh\u00e3o de reais, prefeito de Jequi\u00e9 e governador da Bahia inauguram primeira creche do KM 3\n\t\t<\/span><\/div>","aioseo_breadcrumb_json":[{"label":"Home","link":"https:\/\/www.encontrajequie.com.br\/sobre"},{"label":"Not\u00edcias Jequi\u00e9","link":"https:\/\/www.encontrajequie.com.br\/sobre\/noticias-em-jequie\/"},{"label":"Com investimentos de 1,4 milh\u00e3o de reais, prefeito de Jequi\u00e9 e governador da Bahia inauguram primeira creche do KM 3","link":"https:\/\/www.encontrajequie.com.br\/sobre\/com-investimentos-de-14-milhao-de-reais-prefeito-de-jequie-e-governador-da-bahia-inauguram-primeira-creche-do-km-3\/"}],"_links":{"self":[{"href":"https:\/\/www.encontrajequie.com.br\/sobre\/wp-json\/wp\/v2\/posts\/182","targetHints":{"allow":["GET"]}}],"collection":[{"href":"https:\/\/www.encontrajequie.com.br\/sobre\/wp-json\/wp\/v2\/posts"}],"about":[{"href":"https:\/\/www.encontrajequie.com.br\/sobre\/wp-json\/wp\/v2\/types\/post"}],"author":[{"embeddable":true,"href":"https:\/\/www.encontrajequie.com.br\/sobre\/wp-json\/wp\/v2\/users\/1"}],"replies":[{"embeddable":true,"href":"https:\/\/www.encontrajequie.com.br\/sobre\/wp-json\/wp\/v2\/comments?post=182"}],"version-history":[{"count":1,"href":"https:\/\/www.encontrajequie.com.br\/sobre\/wp-json\/wp\/v2\/posts\/182\/revisions"}],"predecessor-version":[{"id":183,"href":"https:\/\/www.encontrajequie.com.br\/sobre\/wp-json\/wp\/v2\/posts\/182\/revisions\/183"}],"wp:featuredmedia":[{"embeddable":true,"href":"https:\/\/www.encontrajequie.com.br\/sobre\/wp-json\/wp\/v2\/media\/181"}],"wp:attachment":[{"href":"https:\/\/www.encontrajequie.com.br\/sobre\/wp-json\/wp\/v2\/media?parent=182"}],"wp:term":[{"taxonomy":"category","embeddable":true,"href":"https:\/\/www.encontrajequie.com.br\/sobre\/wp-json\/wp\/v2\/categories?post=182"},{"taxonomy":"post_tag","embeddable":true,"href":"https:\/\/www.encontrajequie.com.br\/sobre\/wp-json\/wp\/v2\/tags?post=182"}],"curies":[{"name":"wp","href":"https:\/\/api.w.org\/{rel}","templated":true}]}}