{"id":185,"date":"2025-10-26T07:34:00","date_gmt":"2025-10-26T10:34:00","guid":{"rendered":"https:\/\/www.encontrajequie.com.br\/sobre\/em-comemoracao-aos-128-anos-do-municipio-prefeito-de-jequie-juntamente-com-governador-da-bahia-inauguram-quadra-poliesportiva-coberta-no-presidente-medici\/"},"modified":"2025-10-26T07:34:00","modified_gmt":"2025-10-26T10:34:00","slug":"em-comemoracao-aos-128-anos-do-municipio-prefeito-de-jequie-juntamente-com-governador-da-bahia-inauguram-quadra-poliesportiva-coberta-no-presidente-medici","status":"publish","type":"post","link":"https:\/\/www.encontrajequie.com.br\/sobre\/em-comemoracao-aos-128-anos-do-municipio-prefeito-de-jequie-juntamente-com-governador-da-bahia-inauguram-quadra-poliesportiva-coberta-no-presidente-medici\/","title":{"rendered":"Em comemora\u00e7\u00e3o aos 128 anos do munic\u00edpio, prefeito de Jequi\u00e9 juntamente com governador da Bahia inauguram quadra poliesportiva coberta no Presidente M\u00e9dici"},"content":{"rendered":"<div class=\"30cf832dc5940d4704f66d0ed9a44050\" data-index=\"1\" style=\"float: none; margin:0px;\">\n<!-- Anuncio display - global -->\r\n<ins class=\"adsbygoogle\"\r\n     style=\"display:block\"\r\n     data-ad-client=\"ca-pub-8585364105181520\"\r\n     data-ad-slot=\"8789329856\"\r\n     data-ad-format=\"auto\"\r\n     data-full-width-responsive=\"true\"><\/ins>\r\n<script>\r\n     (adsbygoogle = window.adsbygoogle || []).push({});\r\n<\/script>\n<\/div>\n<h2>A Celebra\u00e7\u00e3o dos 128 Anos de Jequi\u00e9<\/h2>\n<p>No dia 12 de outubro, Jequi\u00e9 comemorou com grande entusiasmo seus 128 anos de funda\u00e7\u00e3o. O anivers\u00e1rio da cidade \u00e9 sempre marcado por eventos especiais que re\u00fanem a comunidade e celebram as conquistas dos habitantes. Este ano, a programa\u00e7\u00e3o incluiu diversas atividades culturais, esportivas e sociais, destacando a import\u00e2ncia da cidade e seu povo.<\/p>\n<p>A festa foi repleta de atra\u00e7\u00f5es, como apresenta\u00e7\u00f5es art\u00edsticas e shows, que ocorreram em v\u00e1rias regi\u00f5es de Jequi\u00e9. Fam\u00edlias se reuniram para aproveitar as festividades e a cidade se encheu de cores e alegria. No entanto, um dos momentos mais esperados foi a <strong>inaugura\u00e7\u00e3o da nova quadra poliesportiva coberta<\/strong>, um sonho antigo de muitos jequieenses.<\/p>\n<h2>A Inaugura\u00e7\u00e3o da Quadra Poliesportiva Coberta<\/h2>\n<p>A quadra poliesportiva coberta foi inaugurada em um evento solene, que contou com a presen\u00e7a de autoridades locais, representantes da comunidade e entusiastas do esporte. A nova estrutura \u00e9 um marco importante para a cidade, pois promete oferecer um espa\u00e7o adequado para a pr\u00e1tica de diversas modalidades esportivas, como basquete, futsal, v\u00f4lei e muito mais.<\/p>\n<p>Durante a cerim\u00f4nia de inaugura\u00e7\u00e3o, o p\u00fablico vibrou com as falas dos dignit\u00e1rios presentes, que ressaltaram a import\u00e2ncia do investimento em infraestrutura esportiva para a cidade. O prefeito, emocionado, declarou que a quadra ser\u00e1 um espa\u00e7o de inclus\u00e3o e desenvolvimento para os jovens da cidade.<\/p>\n<h2>Import\u00e2ncia do Esporte na Educa\u00e7\u00e3o<\/h2>\n<p>O esporte tem um papel fundamental na educa\u00e7\u00e3o e no desenvolvimento das crian\u00e7as e jovens. Al\u00e9m de promover a sa\u00fade f\u00edsica, a pr\u00e1tica esportiva ensina valores como <strong>disciplina<\/strong>, <strong>trabalho em equipe<\/strong> e <strong>respeito<\/strong>. Com a inaugura\u00e7\u00e3o da quadra, Jequi\u00e9 se torna um exemplo de como o investimento em esporte pode beneficiar a forma\u00e7\u00e3o dos estudantes.<\/p>\n<p>A presen\u00e7a de uma quadra coberta incentiva as atividades f\u00edsicas nas escolas, contribuindo para a redu\u00e7\u00e3o do sedentarismo. As aulas de educa\u00e7\u00e3o f\u00edsica ter\u00e3o um ambiente prop\u00edcio, e os alunos poder\u00e3o participar de competi\u00e7\u00f5es intercolegiais, fomentando o esp\u00edrito esportivo e a camaradagem entre os jovens.<\/p>\n<h2>Depoimentos do Prefeito e da Secret\u00e1ria de Educa\u00e7\u00e3o<\/h2>\n<p>Em seu discurso, o prefeito destacou que a inaugura\u00e7\u00e3o da quadra faz parte de um projeto maior de revitaliza\u00e7\u00e3o da infraestrutura escolar em Jequi\u00e9. &#8220;Estamos investindo no futuro das nossas crian\u00e7as. O esporte e a educa\u00e7\u00e3o devem caminhar juntos&#8221;, afirmou.<\/p>\n<p>Por sua vez, a secret\u00e1ria de educa\u00e7\u00e3o expressou sua alegria com a nova instala\u00e7\u00e3o: &#8220;\u00c9 uma satisfa\u00e7\u00e3o imensa ver a nossa quadra se tornando realidade. Ele ser\u00e1 um espa\u00e7o onde nossos alunos poder\u00e3o aprender e se divertir. Isso \u00e9 apenas o come\u00e7o de muitos projetos que est\u00e3o por vir&#8221;.<\/p>\n<h2>Investimentos em Infraestrutura Escolar<\/h2>\n<p>A inaugura\u00e7\u00e3o da quadra \u00e9 resultado de um forte comprometimento da prefeitura em melhorar a infraestrutura escolar. Nos \u00faltimos anos, Jequi\u00e9 tem direcionado recursos para modernizar suas escolas e proporcionar melhores condi\u00e7\u00f5es de aprendizado.<\/p>\n<p>Al\u00e9m da quadra, outras melhorias est\u00e3o previstas, como a reforma de salas de aula, a cria\u00e7\u00e3o de laborat\u00f3rios de inform\u00e1tica e a adequa\u00e7\u00e3o das bibliotecas. Essas a\u00e7\u00f5es visam n\u00e3o apenas elevar a qualidade do ensino, mas tamb\u00e9m proporcionar um ambiente acolhedor e estimulante para todos os alunos.<\/p>\n<h2>Atra\u00e7\u00e3o da Comunidade para o Evento<\/h2>\n<p>A inaugura\u00e7\u00e3o da quadra poliesportiva coberta n\u00e3o apenas reuniu autoridades, mas tamb\u00e9m atraiu um grande p\u00fablico. Fam\u00edlias, estudantes e moradores em geral compareceram em peso para celebrar este momento hist\u00f3rico. O evento promoveu a uni\u00e3o da comunidade em torno do esporte e da educa\u00e7\u00e3o.<\/p>\n<p>Durante a inaugura\u00e7\u00e3o, diversas atividades l\u00fadicas e esportivas foram oferecidas ao p\u00fablico, permitindo que as crian\u00e7as experimentassem as v\u00e1rias modalidades que poder\u00e3o ser praticadas na nova quadra. Foi um dia de festa, com muita alegria e entusiasmo, que certamente ficar\u00e1 na mem\u00f3ria de todos os presentes.<\/p>\n<h2>Experi\u00eancias dos Alunos e Professores<\/h2>\n<p>Os alunos das escolas de Jequi\u00e9 s\u00e3o os principais beneficiados com a nova quadra. Muitos deles j\u00e1 demonstraram interesse em participar de atividades e competi\u00e7\u00f5es esportivas. Os professores de educa\u00e7\u00e3o f\u00edsica tamb\u00e9m est\u00e3o ansiosos para utilizar a nova estrutura e realizar atividades que antes eram limitadas por falta de espa\u00e7o adequado.<\/p>\n<p>Um dos alunos, Jo\u00e3o, expressou sua empolga\u00e7\u00e3o: &#8220;Estou t\u00e3o feliz que teremos uma quadra nova! Podemos treinar para o campeonato de basquete de nosso col\u00e9gio&#8221;. J\u00e1 a professora Maria elogiou a nova constru\u00e7\u00e3o: &#8220;A quadra vai revolucionar nossas aulas! As crian\u00e7as poder\u00e3o aprender e se divertir em um ambiente apropriado&#8221;.<\/p>\n<h2>Detalhes sobre a Estrutura da Quadra<\/h2>\n<p>A quadra poliesportiva coberta de Jequi\u00e9 possui caracter\u00edsticas modernas e \u00e9 equipada com materiais de alta qualidade. O espa\u00e7o conta com piso adequado para pr\u00e1ticas esportivas, ilumina\u00e7\u00e3o eficiente e sistema de ventila\u00e7\u00e3o, garantindo conforto tanto para os praticantes quanto para o p\u00fablico que assistir\u00e1 aos eventos.<\/p>\n<p>A nova instala\u00e7\u00e3o tamb\u00e9m foi projetada para acolher competi\u00e7\u00f5es locais e regionais, refletindo o potencial de Jequi\u00e9 em se tornar um polo esportivo na regi\u00e3o. A estrutura maior permitir\u00e1 que a cidade receba eventos de maior porte, atraindo visitantes e promovendo o turismo.<\/p>\n<h2>Benef\u00edcios para a Comunidade Local<\/h2>\n<p>Com a inaugura\u00e7\u00e3o da quadra poliesportiva, a comunidade de Jequi\u00e9 poder\u00e1 usufruir de um espa\u00e7o que vai al\u00e9m da pr\u00e1tica esportiva. O local poder\u00e1 ser utilizado para eventos culturais, como shows e festivais, promovendo a socializa\u00e7\u00e3o e a cultura local.<\/p>\n<p>Al\u00e9m disso, o incentivo \u00e0s pr\u00e1ticas esportivas pode contribuir para a sa\u00fade p\u00fablica, pois a pr\u00e1tica regular de esportes ajuda a prevenir doen\u00e7as e promove um estilo de vida saud\u00e1vel. Os jovens ter\u00e3o mais oportunidades de ocupa\u00e7\u00e3o de tempo livre, tornando-se menos propensos a se envolver em atividades prejudiciais.<\/p>\n<h2>Pr\u00f3ximos Passos para o Desenvolvimento Esportivo<\/h2>\n<p>Com a quadra poliesportiva coberta, Jequi\u00e9 est\u00e1 dando um passo importante rumo ao crescimento do esporte na cidade. As autoridades j\u00e1 planejam criar um calend\u00e1rio de atividades esportivas que envolver\u00e1 as escolas e a comunidade em geral.<\/p>\n<p>Al\u00e9m disso, ser\u00e3o promovidos cursos e capacita\u00e7\u00f5es para professores de educa\u00e7\u00e3o f\u00edsica, visando aprimorar as t\u00e9cnicas de ensino e inclus\u00e3o de novas modalidades. O foco \u00e9 garantir que todos tenham acesso ao esporte e possam desfrutar dos benef\u00edcios que a pr\u00e1tica proporciona.<\/p>\n<p>A nova quadra \u00e9 um come\u00e7o promissor para uma era de transforma\u00e7\u00e3o no esporte em Jequi\u00e9, onde o incentivo \u00e0 atividade f\u00edsica se torna parte fundamental da forma\u00e7\u00e3o das futuras gera\u00e7\u00f5es.<\/p>\n\n<div style=\"font-size: 0px; height: 0px; line-height: 0px; margin: 0; padding: 0; clear: both;\"><\/div>","protected":false},"excerpt":{"rendered":"<p>Jequi\u00e9 comemora 128 anos com a inaugura\u00e7\u00e3o de nova quadra poliesportiva coberta.<\/p>\n","protected":false},"author":1,"featured_media":184,"comment_status":"open","ping_status":"closed","sticky":false,"template":"","format":"standard","meta":{"footnotes":""},"categories":[1],"tags":[],"class_list":["post-185","post","type-post","status-publish","format-standard","has-post-thumbnail","hentry","category-noticias-em-jequie","has_thumb"],"aioseo_notices":[],"aioseo_head":"\n\t\t<!-- All in One SEO 5.0.0.1 - aioseo.com -->\n\t<meta name=\"description\" content=\"Jequi\u00e9 comemora 128 anos com a inaugura\u00e7\u00e3o de nova quadra poliesportiva coberta.\" \/>\n\t<meta name=\"robots\" content=\"max-image-preview:large\" \/>\n\t<meta name=\"author\" content=\"Encontra Jequi\u00e9\"\/>\n\t<link rel=\"canonical\" href=\"https:\/\/www.encontrajequie.com.br\/sobre\/em-comemoracao-aos-128-anos-do-municipio-prefeito-de-jequie-juntamente-com-governador-da-bahia-inauguram-quadra-poliesportiva-coberta-no-presidente-medici\/\" \/>\n\t<meta name=\"generator\" content=\"All in One SEO (AIOSEO) 5.0.0.1\" \/>\n\t\t<meta property=\"og:locale\" content=\"pt_BR\" \/>\n\t\t<meta property=\"og:site_name\" content=\"Encontra Jequi\u00e9 | Not\u00edcias, eventos, informa\u00e7\u00f5es e dicas na cidade de Jequi\u00e9 e regi\u00e3o.\" \/>\n\t\t<meta property=\"og:type\" content=\"article\" \/>\n\t\t<meta property=\"og:title\" content=\"Em comemora\u00e7\u00e3o aos 128 anos do munic\u00edpio, prefeito de Jequi\u00e9 juntamente com governador da Bahia inauguram quadra poliesportiva coberta no Presidente M\u00e9dici | Encontra Jequi\u00e9\" \/>\n\t\t<meta property=\"og:description\" content=\"Jequi\u00e9 comemora 128 anos com a inaugura\u00e7\u00e3o de nova quadra poliesportiva coberta.\" \/>\n\t\t<meta property=\"og:url\" content=\"https:\/\/www.encontrajequie.com.br\/sobre\/em-comemoracao-aos-128-anos-do-municipio-prefeito-de-jequie-juntamente-com-governador-da-bahia-inauguram-quadra-poliesportiva-coberta-no-presidente-medici\/\" \/>\n\t\t<meta property=\"article:published_time\" content=\"2025-10-26T10:34:00+00:00\" \/>\n\t\t<meta property=\"article:modified_time\" content=\"2025-10-26T10:34:00+00:00\" \/>\n\t\t<meta name=\"twitter:card\" content=\"summary_large_image\" \/>\n\t\t<meta name=\"twitter:title\" content=\"Em comemora\u00e7\u00e3o aos 128 anos do munic\u00edpio, prefeito de Jequi\u00e9 juntamente com governador da Bahia inauguram quadra poliesportiva coberta no Presidente M\u00e9dici | Encontra Jequi\u00e9\" \/>\n\t\t<meta name=\"twitter:description\" content=\"Jequi\u00e9 comemora 128 anos com a inaugura\u00e7\u00e3o de nova quadra poliesportiva coberta.\" \/>\n\t\t<script type=\"application\/ld+json\" class=\"aioseo-schema\">\n\t\t\t{\"@context\":\"https:\\\/\\\/schema.org\",\"@graph\":[{\"@type\":\"Article\",\"@id\":\"https:\\\/\\\/www.encontrajequie.com.br\\\/sobre\\\/em-comemoracao-aos-128-anos-do-municipio-prefeito-de-jequie-juntamente-com-governador-da-bahia-inauguram-quadra-poliesportiva-coberta-no-presidente-medici\\\/#article\",\"name\":\"Em comemora\\u00e7\\u00e3o aos 128 anos do munic\\u00edpio, prefeito de Jequi\\u00e9 juntamente com governador da Bahia inauguram quadra poliesportiva coberta no Presidente M\\u00e9dici | Encontra Jequi\\u00e9\",\"headline\":\"Em comemora\\u00e7\\u00e3o aos 128 anos do munic\\u00edpio, prefeito de Jequi\\u00e9 juntamente com governador da Bahia inauguram quadra poliesportiva coberta no Presidente M\\u00e9dici\",\"author\":{\"@id\":\"https:\\\/\\\/www.encontrajequie.com.br\\\/sobre\\\/author\\\/ejequie\\\/#author\"},\"publisher\":{\"@id\":\"https:\\\/\\\/www.encontrajequie.com.br\\\/sobre\\\/#organization\"},\"image\":{\"@type\":\"ImageObject\",\"url\":\"https:\\\/\\\/www.encontrajequie.com.br\\\/sobre\\\/wp-content\\\/uploads\\\/2025\\\/10\\\/em-comemoracao-aos-128-anos-do-municipio-prefeito-de-jequie-juntamente-com-governador-da-bahia-inaug.webp\",\"width\":320,\"height\":280,\"caption\":\"inaugura\\u00e7\\u00e3o de quadra poliesportiva em Jequi\\u00e9\"},\"datePublished\":\"2025-10-26T07:34:00-03:00\",\"dateModified\":\"2025-10-26T07:34:00-03:00\",\"inLanguage\":\"pt-BR\",\"mainEntityOfPage\":{\"@id\":\"https:\\\/\\\/www.encontrajequie.com.br\\\/sobre\\\/em-comemoracao-aos-128-anos-do-municipio-prefeito-de-jequie-juntamente-com-governador-da-bahia-inauguram-quadra-poliesportiva-coberta-no-presidente-medici\\\/#webpage\"},\"isPartOf\":{\"@id\":\"https:\\\/\\\/www.encontrajequie.com.br\\\/sobre\\\/em-comemoracao-aos-128-anos-do-municipio-prefeito-de-jequie-juntamente-com-governador-da-bahia-inauguram-quadra-poliesportiva-coberta-no-presidente-medici\\\/#webpage\"},\"articleSection\":\"Not\\u00edcias Jequi\\u00e9\"},{\"@type\":\"BreadcrumbList\",\"@id\":\"https:\\\/\\\/www.encontrajequie.com.br\\\/sobre\\\/em-comemoracao-aos-128-anos-do-municipio-prefeito-de-jequie-juntamente-com-governador-da-bahia-inauguram-quadra-poliesportiva-coberta-no-presidente-medici\\\/#breadcrumblist\",\"itemListElement\":[{\"@type\":\"ListItem\",\"@id\":\"https:\\\/\\\/www.encontrajequie.com.br\\\/sobre#listItem\",\"position\":1,\"name\":\"Home\",\"item\":\"https:\\\/\\\/www.encontrajequie.com.br\\\/sobre\",\"nextItem\":{\"@type\":\"ListItem\",\"@id\":\"https:\\\/\\\/www.encontrajequie.com.br\\\/sobre\\\/noticias-em-jequie\\\/#listItem\",\"name\":\"Not\\u00edcias Jequi\\u00e9\"}},{\"@type\":\"ListItem\",\"@id\":\"https:\\\/\\\/www.encontrajequie.com.br\\\/sobre\\\/noticias-em-jequie\\\/#listItem\",\"position\":2,\"name\":\"Not\\u00edcias Jequi\\u00e9\",\"item\":\"https:\\\/\\\/www.encontrajequie.com.br\\\/sobre\\\/noticias-em-jequie\\\/\",\"nextItem\":{\"@type\":\"ListItem\",\"@id\":\"https:\\\/\\\/www.encontrajequie.com.br\\\/sobre\\\/em-comemoracao-aos-128-anos-do-municipio-prefeito-de-jequie-juntamente-com-governador-da-bahia-inauguram-quadra-poliesportiva-coberta-no-presidente-medici\\\/#listItem\",\"name\":\"Em comemora\\u00e7\\u00e3o aos 128 anos do munic\\u00edpio, prefeito de Jequi\\u00e9 juntamente com governador da Bahia inauguram quadra poliesportiva coberta no Presidente M\\u00e9dici\"},\"previousItem\":{\"@type\":\"ListItem\",\"@id\":\"https:\\\/\\\/www.encontrajequie.com.br\\\/sobre#listItem\",\"name\":\"Home\"}},{\"@type\":\"ListItem\",\"@id\":\"https:\\\/\\\/www.encontrajequie.com.br\\\/sobre\\\/em-comemoracao-aos-128-anos-do-municipio-prefeito-de-jequie-juntamente-com-governador-da-bahia-inauguram-quadra-poliesportiva-coberta-no-presidente-medici\\\/#listItem\",\"position\":3,\"name\":\"Em comemora\\u00e7\\u00e3o aos 128 anos do munic\\u00edpio, prefeito de Jequi\\u00e9 juntamente com governador da Bahia inauguram quadra poliesportiva coberta no Presidente M\\u00e9dici\",\"previousItem\":{\"@type\":\"ListItem\",\"@id\":\"https:\\\/\\\/www.encontrajequie.com.br\\\/sobre\\\/noticias-em-jequie\\\/#listItem\",\"name\":\"Not\\u00edcias Jequi\\u00e9\"}}]},{\"@type\":\"Organization\",\"@id\":\"https:\\\/\\\/www.encontrajequie.com.br\\\/sobre\\\/#organization\",\"name\":\"Encontra Jequi\\u00e9\",\"description\":\"Not\\u00edcias, eventos, informa\\u00e7\\u00f5es e dicas na cidade de Jequi\\u00e9 e regi\\u00e3o.\",\"url\":\"https:\\\/\\\/www.encontrajequie.com.br\\\/sobre\\\/\"},{\"@type\":\"Person\",\"@id\":\"https:\\\/\\\/www.encontrajequie.com.br\\\/sobre\\\/author\\\/ejequie\\\/#author\",\"url\":\"https:\\\/\\\/www.encontrajequie.com.br\\\/sobre\\\/author\\\/ejequie\\\/\",\"name\":\"Encontra Jequi\\u00e9\",\"image\":{\"@type\":\"ImageObject\",\"@id\":\"https:\\\/\\\/www.encontrajequie.com.br\\\/sobre\\\/em-comemoracao-aos-128-anos-do-municipio-prefeito-de-jequie-juntamente-com-governador-da-bahia-inauguram-quadra-poliesportiva-coberta-no-presidente-medici\\\/#authorImage\",\"url\":\"https:\\\/\\\/secure.gravatar.com\\\/avatar\\\/507340682b8270222e1f208e23198b6ae7e2c6a1033ae84e99bc6bce4f82a387?s=96&d=mm&r=g\",\"width\":96,\"height\":96,\"caption\":\"Encontra Jequi\\u00e9\"}},{\"@type\":\"WebPage\",\"@id\":\"https:\\\/\\\/www.encontrajequie.com.br\\\/sobre\\\/em-comemoracao-aos-128-anos-do-municipio-prefeito-de-jequie-juntamente-com-governador-da-bahia-inauguram-quadra-poliesportiva-coberta-no-presidente-medici\\\/#webpage\",\"url\":\"https:\\\/\\\/www.encontrajequie.com.br\\\/sobre\\\/em-comemoracao-aos-128-anos-do-municipio-prefeito-de-jequie-juntamente-com-governador-da-bahia-inauguram-quadra-poliesportiva-coberta-no-presidente-medici\\\/\",\"name\":\"Em comemora\\u00e7\\u00e3o aos 128 anos do munic\\u00edpio, prefeito de Jequi\\u00e9 juntamente com governador da Bahia inauguram quadra poliesportiva coberta no Presidente M\\u00e9dici | Encontra Jequi\\u00e9\",\"description\":\"Jequi\\u00e9 comemora 128 anos com a inaugura\\u00e7\\u00e3o de nova quadra poliesportiva coberta.\",\"inLanguage\":\"pt-BR\",\"isPartOf\":{\"@id\":\"https:\\\/\\\/www.encontrajequie.com.br\\\/sobre\\\/#website\"},\"breadcrumb\":{\"@id\":\"https:\\\/\\\/www.encontrajequie.com.br\\\/sobre\\\/em-comemoracao-aos-128-anos-do-municipio-prefeito-de-jequie-juntamente-com-governador-da-bahia-inauguram-quadra-poliesportiva-coberta-no-presidente-medici\\\/#breadcrumblist\"},\"author\":{\"@id\":\"https:\\\/\\\/www.encontrajequie.com.br\\\/sobre\\\/author\\\/ejequie\\\/#author\"},\"creator\":{\"@id\":\"https:\\\/\\\/www.encontrajequie.com.br\\\/sobre\\\/author\\\/ejequie\\\/#author\"},\"image\":{\"@type\":\"ImageObject\",\"url\":\"https:\\\/\\\/www.encontrajequie.com.br\\\/sobre\\\/wp-content\\\/uploads\\\/2025\\\/10\\\/em-comemoracao-aos-128-anos-do-municipio-prefeito-de-jequie-juntamente-com-governador-da-bahia-inaug.webp\",\"@id\":\"https:\\\/\\\/www.encontrajequie.com.br\\\/sobre\\\/em-comemoracao-aos-128-anos-do-municipio-prefeito-de-jequie-juntamente-com-governador-da-bahia-inauguram-quadra-poliesportiva-coberta-no-presidente-medici\\\/#mainImage\",\"width\":320,\"height\":280,\"caption\":\"inaugura\\u00e7\\u00e3o de quadra poliesportiva em Jequi\\u00e9\"},\"primaryImageOfPage\":{\"@id\":\"https:\\\/\\\/www.encontrajequie.com.br\\\/sobre\\\/em-comemoracao-aos-128-anos-do-municipio-prefeito-de-jequie-juntamente-com-governador-da-bahia-inauguram-quadra-poliesportiva-coberta-no-presidente-medici\\\/#mainImage\"},\"datePublished\":\"2025-10-26T07:34:00-03:00\",\"dateModified\":\"2025-10-26T07:34:00-03:00\"},{\"@type\":\"WebSite\",\"@id\":\"https:\\\/\\\/www.encontrajequie.com.br\\\/sobre\\\/#website\",\"url\":\"https:\\\/\\\/www.encontrajequie.com.br\\\/sobre\\\/\",\"name\":\"Encontra Jequi\\u00e9\",\"description\":\"Not\\u00edcias, eventos, informa\\u00e7\\u00f5es e dicas na cidade de Jequi\\u00e9 e regi\\u00e3o.\",\"inLanguage\":\"pt-BR\",\"publisher\":{\"@id\":\"https:\\\/\\\/www.encontrajequie.com.br\\\/sobre\\\/#organization\"}}]}\n\t\t<\/script>\n\t\t<!-- All in One SEO -->\n\n","aioseo_head_json":{"title":"Em comemora\u00e7\u00e3o aos 128 anos do munic\u00edpio, prefeito de Jequi\u00e9 juntamente com governador da Bahia inauguram quadra poliesportiva coberta no Presidente M\u00e9dici | Encontra Jequi\u00e9","description":"Jequi\u00e9 comemora 128 anos com a inaugura\u00e7\u00e3o de nova quadra poliesportiva coberta.","canonical_url":"https:\/\/www.encontrajequie.com.br\/sobre\/em-comemoracao-aos-128-anos-do-municipio-prefeito-de-jequie-juntamente-com-governador-da-bahia-inauguram-quadra-poliesportiva-coberta-no-presidente-medici\/","robots":"max-image-preview:large","keywords":"","webmasterTools":{"miscellaneous":""},"schema":{"@context":"https:\/\/schema.org","@graph":[{"@type":"Article","@id":"https:\/\/www.encontrajequie.com.br\/sobre\/em-comemoracao-aos-128-anos-do-municipio-prefeito-de-jequie-juntamente-com-governador-da-bahia-inauguram-quadra-poliesportiva-coberta-no-presidente-medici\/#article","name":"Em comemora\u00e7\u00e3o aos 128 anos do munic\u00edpio, prefeito de Jequi\u00e9 juntamente com governador da Bahia inauguram quadra poliesportiva coberta no Presidente M\u00e9dici | Encontra Jequi\u00e9","headline":"Em comemora\u00e7\u00e3o aos 128 anos do munic\u00edpio, prefeito de Jequi\u00e9 juntamente com governador da Bahia inauguram quadra poliesportiva coberta no Presidente M\u00e9dici","author":{"@id":"https:\/\/www.encontrajequie.com.br\/sobre\/author\/ejequie\/#author"},"publisher":{"@id":"https:\/\/www.encontrajequie.com.br\/sobre\/#organization"},"image":{"@type":"ImageObject","url":"https:\/\/www.encontrajequie.com.br\/sobre\/wp-content\/uploads\/2025\/10\/em-comemoracao-aos-128-anos-do-municipio-prefeito-de-jequie-juntamente-com-governador-da-bahia-inaug.webp","width":320,"height":280,"caption":"inaugura\u00e7\u00e3o de quadra poliesportiva em Jequi\u00e9"},"datePublished":"2025-10-26T07:34:00-03:00","dateModified":"2025-10-26T07:34:00-03:00","inLanguage":"pt-BR","mainEntityOfPage":{"@id":"https:\/\/www.encontrajequie.com.br\/sobre\/em-comemoracao-aos-128-anos-do-municipio-prefeito-de-jequie-juntamente-com-governador-da-bahia-inauguram-quadra-poliesportiva-coberta-no-presidente-medici\/#webpage"},"isPartOf":{"@id":"https:\/\/www.encontrajequie.com.br\/sobre\/em-comemoracao-aos-128-anos-do-municipio-prefeito-de-jequie-juntamente-com-governador-da-bahia-inauguram-quadra-poliesportiva-coberta-no-presidente-medici\/#webpage"},"articleSection":"Not\u00edcias Jequi\u00e9"},{"@type":"BreadcrumbList","@id":"https:\/\/www.encontrajequie.com.br\/sobre\/em-comemoracao-aos-128-anos-do-municipio-prefeito-de-jequie-juntamente-com-governador-da-bahia-inauguram-quadra-poliesportiva-coberta-no-presidente-medici\/#breadcrumblist","itemListElement":[{"@type":"ListItem","@id":"https:\/\/www.encontrajequie.com.br\/sobre#listItem","position":1,"name":"Home","item":"https:\/\/www.encontrajequie.com.br\/sobre","nextItem":{"@type":"ListItem","@id":"https:\/\/www.encontrajequie.com.br\/sobre\/noticias-em-jequie\/#listItem","name":"Not\u00edcias Jequi\u00e9"}},{"@type":"ListItem","@id":"https:\/\/www.encontrajequie.com.br\/sobre\/noticias-em-jequie\/#listItem","position":2,"name":"Not\u00edcias Jequi\u00e9","item":"https:\/\/www.encontrajequie.com.br\/sobre\/noticias-em-jequie\/","nextItem":{"@type":"ListItem","@id":"https:\/\/www.encontrajequie.com.br\/sobre\/em-comemoracao-aos-128-anos-do-municipio-prefeito-de-jequie-juntamente-com-governador-da-bahia-inauguram-quadra-poliesportiva-coberta-no-presidente-medici\/#listItem","name":"Em comemora\u00e7\u00e3o aos 128 anos do munic\u00edpio, prefeito de Jequi\u00e9 juntamente com governador da Bahia inauguram quadra poliesportiva coberta no Presidente M\u00e9dici"},"previousItem":{"@type":"ListItem","@id":"https:\/\/www.encontrajequie.com.br\/sobre#listItem","name":"Home"}},{"@type":"ListItem","@id":"https:\/\/www.encontrajequie.com.br\/sobre\/em-comemoracao-aos-128-anos-do-municipio-prefeito-de-jequie-juntamente-com-governador-da-bahia-inauguram-quadra-poliesportiva-coberta-no-presidente-medici\/#listItem","position":3,"name":"Em comemora\u00e7\u00e3o aos 128 anos do munic\u00edpio, prefeito de Jequi\u00e9 juntamente com governador da Bahia inauguram quadra poliesportiva coberta no Presidente M\u00e9dici","previousItem":{"@type":"ListItem","@id":"https:\/\/www.encontrajequie.com.br\/sobre\/noticias-em-jequie\/#listItem","name":"Not\u00edcias Jequi\u00e9"}}]},{"@type":"Organization","@id":"https:\/\/www.encontrajequie.com.br\/sobre\/#organization","name":"Encontra Jequi\u00e9","description":"Not\u00edcias, eventos, informa\u00e7\u00f5es e dicas na cidade de Jequi\u00e9 e regi\u00e3o.","url":"https:\/\/www.encontrajequie.com.br\/sobre\/"},{"@type":"Person","@id":"https:\/\/www.encontrajequie.com.br\/sobre\/author\/ejequie\/#author","url":"https:\/\/www.encontrajequie.com.br\/sobre\/author\/ejequie\/","name":"Encontra Jequi\u00e9","image":{"@type":"ImageObject","@id":"https:\/\/www.encontrajequie.com.br\/sobre\/em-comemoracao-aos-128-anos-do-municipio-prefeito-de-jequie-juntamente-com-governador-da-bahia-inauguram-quadra-poliesportiva-coberta-no-presidente-medici\/#authorImage","url":"https:\/\/secure.gravatar.com\/avatar\/507340682b8270222e1f208e23198b6ae7e2c6a1033ae84e99bc6bce4f82a387?s=96&d=mm&r=g","width":96,"height":96,"caption":"Encontra Jequi\u00e9"}},{"@type":"WebPage","@id":"https:\/\/www.encontrajequie.com.br\/sobre\/em-comemoracao-aos-128-anos-do-municipio-prefeito-de-jequie-juntamente-com-governador-da-bahia-inauguram-quadra-poliesportiva-coberta-no-presidente-medici\/#webpage","url":"https:\/\/www.encontrajequie.com.br\/sobre\/em-comemoracao-aos-128-anos-do-municipio-prefeito-de-jequie-juntamente-com-governador-da-bahia-inauguram-quadra-poliesportiva-coberta-no-presidente-medici\/","name":"Em comemora\u00e7\u00e3o aos 128 anos do munic\u00edpio, prefeito de Jequi\u00e9 juntamente com governador da Bahia inauguram quadra poliesportiva coberta no Presidente M\u00e9dici | Encontra Jequi\u00e9","description":"Jequi\u00e9 comemora 128 anos com a inaugura\u00e7\u00e3o de nova quadra poliesportiva coberta.","inLanguage":"pt-BR","isPartOf":{"@id":"https:\/\/www.encontrajequie.com.br\/sobre\/#website"},"breadcrumb":{"@id":"https:\/\/www.encontrajequie.com.br\/sobre\/em-comemoracao-aos-128-anos-do-municipio-prefeito-de-jequie-juntamente-com-governador-da-bahia-inauguram-quadra-poliesportiva-coberta-no-presidente-medici\/#breadcrumblist"},"author":{"@id":"https:\/\/www.encontrajequie.com.br\/sobre\/author\/ejequie\/#author"},"creator":{"@id":"https:\/\/www.encontrajequie.com.br\/sobre\/author\/ejequie\/#author"},"image":{"@type":"ImageObject","url":"https:\/\/www.encontrajequie.com.br\/sobre\/wp-content\/uploads\/2025\/10\/em-comemoracao-aos-128-anos-do-municipio-prefeito-de-jequie-juntamente-com-governador-da-bahia-inaug.webp","@id":"https:\/\/www.encontrajequie.com.br\/sobre\/em-comemoracao-aos-128-anos-do-municipio-prefeito-de-jequie-juntamente-com-governador-da-bahia-inauguram-quadra-poliesportiva-coberta-no-presidente-medici\/#mainImage","width":320,"height":280,"caption":"inaugura\u00e7\u00e3o de quadra poliesportiva em Jequi\u00e9"},"primaryImageOfPage":{"@id":"https:\/\/www.encontrajequie.com.br\/sobre\/em-comemoracao-aos-128-anos-do-municipio-prefeito-de-jequie-juntamente-com-governador-da-bahia-inauguram-quadra-poliesportiva-coberta-no-presidente-medici\/#mainImage"},"datePublished":"2025-10-26T07:34:00-03:00","dateModified":"2025-10-26T07:34:00-03:00"},{"@type":"WebSite","@id":"https:\/\/www.encontrajequie.com.br\/sobre\/#website","url":"https:\/\/www.encontrajequie.com.br\/sobre\/","name":"Encontra Jequi\u00e9","description":"Not\u00edcias, eventos, informa\u00e7\u00f5es e dicas na cidade de Jequi\u00e9 e regi\u00e3o.","inLanguage":"pt-BR","publisher":{"@id":"https:\/\/www.encontrajequie.com.br\/sobre\/#organization"}}]},"og:locale":"pt_BR","og:site_name":"Encontra Jequi\u00e9 | Not\u00edcias, eventos, informa\u00e7\u00f5es e dicas na cidade de Jequi\u00e9 e regi\u00e3o.","og:type":"article","og:title":"Em comemora\u00e7\u00e3o aos 128 anos do munic\u00edpio, prefeito de Jequi\u00e9 juntamente com governador da Bahia inauguram quadra poliesportiva coberta no Presidente M\u00e9dici | Encontra Jequi\u00e9","og:description":"Jequi\u00e9 comemora 128 anos com a inaugura\u00e7\u00e3o de nova quadra poliesportiva coberta.","og:url":"https:\/\/www.encontrajequie.com.br\/sobre\/em-comemoracao-aos-128-anos-do-municipio-prefeito-de-jequie-juntamente-com-governador-da-bahia-inauguram-quadra-poliesportiva-coberta-no-presidente-medici\/","article:published_time":"2025-10-26T10:34:00+00:00","article:modified_time":"2025-10-26T10:34:00+00:00","twitter:card":"summary_large_image","twitter:title":"Em comemora\u00e7\u00e3o aos 128 anos do munic\u00edpio, prefeito de Jequi\u00e9 juntamente com governador da Bahia inauguram quadra poliesportiva coberta no Presidente M\u00e9dici | Encontra Jequi\u00e9","twitter:description":"Jequi\u00e9 comemora 128 anos com a inaugura\u00e7\u00e3o de nova quadra poliesportiva coberta."},"aioseo_meta_data":{"post_id":"185","title":null,"description":null,"keywords":null,"keyphrases":null,"primary_term":null,"canonical_url":null,"og_title":null,"og_description":null,"og_object_type":"default","og_image_type":"default","og_image_url":null,"og_image_width":null,"og_image_height":null,"og_image_custom_url":null,"og_image_custom_fields":null,"og_video":null,"og_custom_url":null,"og_article_section":null,"og_article_tags":null,"twitter_use_og":false,"twitter_card":"default","twitter_image_type":"default","twitter_image_url":null,"twitter_image_custom_url":null,"twitter_image_custom_fields":null,"twitter_title":null,"twitter_description":null,"schema":{"blockGraphs":[],"customGraphs":[],"default":{"data":{"Article":[],"Course":[],"Dataset":[],"FAQPage":[],"Movie":[],"Person":[],"Product":[],"ProductReview":[],"Car":[],"Recipe":[],"Service":[],"SoftwareApplication":[],"WebPage":[]},"graphName":"Article","isEnabled":true},"graphs":[]},"schema_type":"default","schema_type_options":null,"pillar_content":false,"robots_default":true,"robots_noindex":false,"robots_noarchive":false,"robots_nosnippet":false,"robots_nofollow":false,"robots_noimageindex":false,"robots_noodp":false,"robots_notranslate":false,"robots_max_snippet":null,"robots_max_videopreview":null,"robots_max_imagepreview":"large","priority":null,"frequency":null,"local_seo":null,"breadcrumb_settings":null,"limit_modified_date":false,"ai":null,"created":"2025-10-26 11:15:50","updated":"2025-10-26 11:17:21","focus_keyword":null,"additional_keywords":null,"truseo_locale":null,"seo_analyzer_scan_date":null},"aioseo_breadcrumb":"<div class=\"aioseo-breadcrumbs\"><span class=\"aioseo-breadcrumb\">\n\t\t\t<a href=\"https:\/\/www.encontrajequie.com.br\/sobre\" title=\"Home\">Home<\/a>\n\t\t<\/span><span class=\"aioseo-breadcrumb-separator\">&raquo;<\/span><span class=\"aioseo-breadcrumb\">\n\t\t\t<a href=\"https:\/\/www.encontrajequie.com.br\/sobre\/noticias-em-jequie\/\" title=\"Not\u00edcias Jequi\u00e9\">Not\u00edcias Jequi\u00e9<\/a>\n\t\t<\/span><span class=\"aioseo-breadcrumb-separator\">&raquo;<\/span><span class=\"aioseo-breadcrumb\">\n\t\t\tEm comemora\u00e7\u00e3o aos 128 anos do munic\u00edpio, prefeito de Jequi\u00e9 juntamente com governador da Bahia inauguram quadra poliesportiva coberta no Presidente M\u00e9dici\n\t\t<\/span><\/div>","aioseo_breadcrumb_json":[{"label":"Home","link":"https:\/\/www.encontrajequie.com.br\/sobre"},{"label":"Not\u00edcias Jequi\u00e9","link":"https:\/\/www.encontrajequie.com.br\/sobre\/noticias-em-jequie\/"},{"label":"Em comemora\u00e7\u00e3o aos 128 anos do munic\u00edpio, prefeito de Jequi\u00e9 juntamente com governador da Bahia inauguram quadra poliesportiva coberta no Presidente M\u00e9dici","link":"https:\/\/www.encontrajequie.com.br\/sobre\/em-comemoracao-aos-128-anos-do-municipio-prefeito-de-jequie-juntamente-com-governador-da-bahia-inauguram-quadra-poliesportiva-coberta-no-presidente-medici\/"}],"_links":{"self":[{"href":"https:\/\/www.encontrajequie.com.br\/sobre\/wp-json\/wp\/v2\/posts\/185","targetHints":{"allow":["GET"]}}],"collection":[{"href":"https:\/\/www.encontrajequie.com.br\/sobre\/wp-json\/wp\/v2\/posts"}],"about":[{"href":"https:\/\/www.encontrajequie.com.br\/sobre\/wp-json\/wp\/v2\/types\/post"}],"author":[{"embeddable":true,"href":"https:\/\/www.encontrajequie.com.br\/sobre\/wp-json\/wp\/v2\/users\/1"}],"replies":[{"embeddable":true,"href":"https:\/\/www.encontrajequie.com.br\/sobre\/wp-json\/wp\/v2\/comments?post=185"}],"version-history":[{"count":0,"href":"https:\/\/www.encontrajequie.com.br\/sobre\/wp-json\/wp\/v2\/posts\/185\/revisions"}],"wp:featuredmedia":[{"embeddable":true,"href":"https:\/\/www.encontrajequie.com.br\/sobre\/wp-json\/wp\/v2\/media\/184"}],"wp:attachment":[{"href":"https:\/\/www.encontrajequie.com.br\/sobre\/wp-json\/wp\/v2\/media?parent=185"}],"wp:term":[{"taxonomy":"category","embeddable":true,"href":"https:\/\/www.encontrajequie.com.br\/sobre\/wp-json\/wp\/v2\/categories?post=185"},{"taxonomy":"post_tag","embeddable":true,"href":"https:\/\/www.encontrajequie.com.br\/sobre\/wp-json\/wp\/v2\/tags?post=185"}],"curies":[{"name":"wp","href":"https:\/\/api.w.org\/{rel}","templated":true}]}}