{"id":20,"date":"2013-09-11T14:47:22","date_gmt":"2013-09-11T14:47:22","guid":{"rendered":"http:\/\/www.encontrajequie.com.br\/noticias\/?p=20"},"modified":"2019-04-29T17:42:07","modified_gmt":"2019-04-29T20:42:07","slug":"programa-mais-medicos-em-jequie","status":"publish","type":"post","link":"https:\/\/www.encontrajequie.com.br\/sobre\/programa-mais-medicos-em-jequie\/","title":{"rendered":"Programa Mais M\u00e9dicos em Jequi\u00e9"},"content":{"rendered":"<div class=\"30cf832dc5940d4704f66d0ed9a44050\" data-index=\"1\" style=\"float: none; margin:0px;\">\n<!-- Anuncio display - global -->\r\n<ins class=\"adsbygoogle\"\r\n     style=\"display:block\"\r\n     data-ad-client=\"ca-pub-8585364105181520\"\r\n     data-ad-slot=\"8789329856\"\r\n     data-ad-format=\"auto\"\r\n     data-full-width-responsive=\"true\"><\/ins>\r\n<script>\r\n     (adsbygoogle = window.adsbygoogle || []).push({});\r\n<\/script>\n<\/div>\n<p>A Prefeitura Municipal de Jequi\u00e9, por meio da Secretaria de Sa\u00fade, aderiu ao Programa \u201cMais M\u00e9dicos\u201d do Governo Federal. A administra\u00e7\u00e3o municipal solicitou 10 profissionais para atuar nas equipes das Unidades B\u00e1sicas de Sa\u00fade (UBSs) da sede e zona rural do munic\u00edpio.<\/p>\n<p>O Programa faz parte de um amplo pacto de melhorias do atendimento aos usu\u00e1rios do Sistema \u00danico de Sa\u00fade (SUS) e prev\u00ea investimentos em infraestrutura de hospitais e unidades de sa\u00fade, al\u00e9m de levar mais m\u00e9dicos para regi\u00f5es onde h\u00e1 car\u00eancia de profissionais.<\/p>\n<p>Ao aderir ao programa, o munic\u00edpio tem a chance de garantir mais m\u00e9dicos que receber\u00e3o uma bolsa federal de R$ 10 mil. O munic\u00edpio fica respons\u00e1vel por oferecer moradia e alimenta\u00e7\u00e3o aos profissionais que n\u00e3o residem em Jequi\u00e9 e poder\u00e1 acessar recursos do Minist\u00e9rio da Sa\u00fade para constru\u00e7\u00e3o, reforma e amplia\u00e7\u00e3o das unidades b\u00e1sicas de sa\u00fade.<\/p>\n<p>&#8220;Decidimos aderir ao programa, pois dessa forma estamos buscando respostas para os problemas de sa\u00fade b\u00e1sica, que \u00e9 uma realidade em nosso munic\u00edpio e nossa prioridade no governo municipal&#8221;, enfatizou Ivanilton Cerqueira, Secret\u00e1rio de Sa\u00fade.<\/p>\n<p>A previs\u00e3o do Minist\u00e9rio da Sa\u00fade \u00e9 de que at\u00e9 18 de setembro todos os profissionais escolhidos dentro do programa estejam atuando no pa\u00eds. O programa \u00e9 institu\u00eddo por meio de medida provis\u00f3ria assinada pela presidente Dilma Rousseff (PT), e regulamentado por portaria conjunta dos minist\u00e9rios da Sa\u00fade e da Educa\u00e7\u00e3o.<\/p>\n<p>\u201cSa\u00fade, educa\u00e7\u00e3o e assist\u00eancia social s\u00e3o \u00e1reas priorit\u00e1rias em nosso governo. Estamos atuando em todas as frentes, contando com apoio dos governos estadual e federal, para assegurar um atendimento de qualidade na rede municipal de sa\u00fade\u201d, disse a prefeita T\u00e2nia Britto.<\/p>\n\n<div style=\"font-size: 0px; height: 0px; line-height: 0px; margin: 0; padding: 0; clear: both;\"><\/div>","protected":false},"excerpt":{"rendered":"<p>A Prefeitura Municipal de Jequi\u00e9, por meio da Secretaria de Sa\u00fade, aderiu ao Programa \u201cMais M\u00e9dicos\u201d do Governo Federal. A administra\u00e7\u00e3o municipal solicitou 10 profissionais para atuar nas equipes das Unidades B\u00e1sicas de Sa\u00fade (UBSs) da sede e zona rural do munic\u00edpio. O Programa faz parte de um amplo pacto de melhorias do atendimento aos usu\u00e1rios do Sistema \u00danico de Sa\u00fade (SUS) e prev\u00ea investimentos em infraestrutura de hospitais e unidades de sa\u00fade, al\u00e9m de levar mais m\u00e9dicos para regi\u00f5es onde h\u00e1 car\u00eancia de profissionais. Ao aderir ao programa, o munic\u00edpio tem a chance de garantir mais m\u00e9dicos que receber\u00e3o <\/p>\n","protected":false},"author":1,"featured_media":0,"comment_status":"open","ping_status":"closed","sticky":false,"template":"","format":"standard","meta":{"footnotes":""},"categories":[1],"tags":[],"class_list":["post-20","post","type-post","status-publish","format-standard","hentry","category-noticias-em-jequie"],"aioseo_notices":[],"aioseo_head":"\n\t\t<!-- All in One SEO 5.0.0.1 - aioseo.com -->\n\t<meta name=\"description\" content=\"A Prefeitura Municipal de Jequi\u00e9, por meio da Secretaria de Sa\u00fade, aderiu ao Programa \u201cMais M\u00e9dicos\u201d do Governo Federal. A administra\u00e7\u00e3o municipal solicitou 10 profissionais para atuar nas equipes das Unidades B\u00e1sicas de Sa\u00fade (UBSs) da sede e zona rural do munic\u00edpio. O Programa faz parte de um amplo pacto de melhorias do atendimento aos\" \/>\n\t<meta name=\"robots\" content=\"max-image-preview:large\" \/>\n\t<meta name=\"author\" content=\"Encontra Jequi\u00e9\"\/>\n\t<link rel=\"canonical\" href=\"https:\/\/www.encontrajequie.com.br\/sobre\/programa-mais-medicos-em-jequie\/\" \/>\n\t<meta name=\"generator\" content=\"All in One SEO (AIOSEO) 5.0.0.1\" \/>\n\t\t<meta property=\"og:locale\" content=\"pt_BR\" \/>\n\t\t<meta property=\"og:site_name\" content=\"Encontra Jequi\u00e9 | Not\u00edcias, eventos, informa\u00e7\u00f5es e dicas na cidade de Jequi\u00e9 e regi\u00e3o.\" \/>\n\t\t<meta property=\"og:type\" content=\"article\" \/>\n\t\t<meta property=\"og:title\" content=\"Programa Mais M\u00e9dicos em Jequi\u00e9 | Encontra Jequi\u00e9\" \/>\n\t\t<meta property=\"og:description\" content=\"A Prefeitura Municipal de Jequi\u00e9, por meio da Secretaria de Sa\u00fade, aderiu ao Programa \u201cMais M\u00e9dicos\u201d do Governo Federal. A administra\u00e7\u00e3o municipal solicitou 10 profissionais para atuar nas equipes das Unidades B\u00e1sicas de Sa\u00fade (UBSs) da sede e zona rural do munic\u00edpio. O Programa faz parte de um amplo pacto de melhorias do atendimento aos\" \/>\n\t\t<meta property=\"og:url\" content=\"https:\/\/www.encontrajequie.com.br\/sobre\/programa-mais-medicos-em-jequie\/\" \/>\n\t\t<meta property=\"article:published_time\" content=\"2013-09-11T14:47:22+00:00\" \/>\n\t\t<meta property=\"article:modified_time\" content=\"2019-04-29T20:42:07+00:00\" \/>\n\t\t<meta name=\"twitter:card\" content=\"summary_large_image\" \/>\n\t\t<meta name=\"twitter:title\" content=\"Programa Mais M\u00e9dicos em Jequi\u00e9 | Encontra Jequi\u00e9\" \/>\n\t\t<meta name=\"twitter:description\" content=\"A Prefeitura Municipal de Jequi\u00e9, por meio da Secretaria de Sa\u00fade, aderiu ao Programa \u201cMais M\u00e9dicos\u201d do Governo Federal. A administra\u00e7\u00e3o municipal solicitou 10 profissionais para atuar nas equipes das Unidades B\u00e1sicas de Sa\u00fade (UBSs) da sede e zona rural do munic\u00edpio. O Programa faz parte de um amplo pacto de melhorias do atendimento aos\" \/>\n\t\t<script type=\"application\/ld+json\" class=\"aioseo-schema\">\n\t\t\t{\"@context\":\"https:\\\/\\\/schema.org\",\"@graph\":[{\"@type\":\"Article\",\"@id\":\"https:\\\/\\\/www.encontrajequie.com.br\\\/sobre\\\/programa-mais-medicos-em-jequie\\\/#article\",\"name\":\"Programa Mais M\\u00e9dicos em Jequi\\u00e9 | Encontra Jequi\\u00e9\",\"headline\":\"Programa Mais M\\u00e9dicos em Jequi\\u00e9\",\"author\":{\"@id\":\"https:\\\/\\\/www.encontrajequie.com.br\\\/sobre\\\/author\\\/ejequie\\\/#author\"},\"publisher\":{\"@id\":\"https:\\\/\\\/www.encontrajequie.com.br\\\/sobre\\\/#organization\"},\"datePublished\":\"2013-09-11T14:47:22-03:00\",\"dateModified\":\"2019-04-29T17:42:07-03:00\",\"inLanguage\":\"pt-BR\",\"mainEntityOfPage\":{\"@id\":\"https:\\\/\\\/www.encontrajequie.com.br\\\/sobre\\\/programa-mais-medicos-em-jequie\\\/#webpage\"},\"isPartOf\":{\"@id\":\"https:\\\/\\\/www.encontrajequie.com.br\\\/sobre\\\/programa-mais-medicos-em-jequie\\\/#webpage\"},\"articleSection\":\"Not\\u00edcias Jequi\\u00e9\"},{\"@type\":\"BreadcrumbList\",\"@id\":\"https:\\\/\\\/www.encontrajequie.com.br\\\/sobre\\\/programa-mais-medicos-em-jequie\\\/#breadcrumblist\",\"itemListElement\":[{\"@type\":\"ListItem\",\"@id\":\"https:\\\/\\\/www.encontrajequie.com.br\\\/sobre#listItem\",\"position\":1,\"name\":\"Home\",\"item\":\"https:\\\/\\\/www.encontrajequie.com.br\\\/sobre\",\"nextItem\":{\"@type\":\"ListItem\",\"@id\":\"https:\\\/\\\/www.encontrajequie.com.br\\\/sobre\\\/noticias-em-jequie\\\/#listItem\",\"name\":\"Not\\u00edcias Jequi\\u00e9\"}},{\"@type\":\"ListItem\",\"@id\":\"https:\\\/\\\/www.encontrajequie.com.br\\\/sobre\\\/noticias-em-jequie\\\/#listItem\",\"position\":2,\"name\":\"Not\\u00edcias Jequi\\u00e9\",\"item\":\"https:\\\/\\\/www.encontrajequie.com.br\\\/sobre\\\/noticias-em-jequie\\\/\",\"nextItem\":{\"@type\":\"ListItem\",\"@id\":\"https:\\\/\\\/www.encontrajequie.com.br\\\/sobre\\\/programa-mais-medicos-em-jequie\\\/#listItem\",\"name\":\"Programa Mais M\\u00e9dicos em Jequi\\u00e9\"},\"previousItem\":{\"@type\":\"ListItem\",\"@id\":\"https:\\\/\\\/www.encontrajequie.com.br\\\/sobre#listItem\",\"name\":\"Home\"}},{\"@type\":\"ListItem\",\"@id\":\"https:\\\/\\\/www.encontrajequie.com.br\\\/sobre\\\/programa-mais-medicos-em-jequie\\\/#listItem\",\"position\":3,\"name\":\"Programa Mais M\\u00e9dicos em Jequi\\u00e9\",\"previousItem\":{\"@type\":\"ListItem\",\"@id\":\"https:\\\/\\\/www.encontrajequie.com.br\\\/sobre\\\/noticias-em-jequie\\\/#listItem\",\"name\":\"Not\\u00edcias Jequi\\u00e9\"}}]},{\"@type\":\"Organization\",\"@id\":\"https:\\\/\\\/www.encontrajequie.com.br\\\/sobre\\\/#organization\",\"name\":\"Encontra Jequi\\u00e9\",\"description\":\"Not\\u00edcias, eventos, informa\\u00e7\\u00f5es e dicas na cidade de Jequi\\u00e9 e regi\\u00e3o.\",\"url\":\"https:\\\/\\\/www.encontrajequie.com.br\\\/sobre\\\/\"},{\"@type\":\"Person\",\"@id\":\"https:\\\/\\\/www.encontrajequie.com.br\\\/sobre\\\/author\\\/ejequie\\\/#author\",\"url\":\"https:\\\/\\\/www.encontrajequie.com.br\\\/sobre\\\/author\\\/ejequie\\\/\",\"name\":\"Encontra Jequi\\u00e9\",\"image\":{\"@type\":\"ImageObject\",\"@id\":\"https:\\\/\\\/www.encontrajequie.com.br\\\/sobre\\\/programa-mais-medicos-em-jequie\\\/#authorImage\",\"url\":\"https:\\\/\\\/secure.gravatar.com\\\/avatar\\\/507340682b8270222e1f208e23198b6ae7e2c6a1033ae84e99bc6bce4f82a387?s=96&d=mm&r=g\",\"width\":96,\"height\":96,\"caption\":\"Encontra Jequi\\u00e9\"}},{\"@type\":\"WebPage\",\"@id\":\"https:\\\/\\\/www.encontrajequie.com.br\\\/sobre\\\/programa-mais-medicos-em-jequie\\\/#webpage\",\"url\":\"https:\\\/\\\/www.encontrajequie.com.br\\\/sobre\\\/programa-mais-medicos-em-jequie\\\/\",\"name\":\"Programa Mais M\\u00e9dicos em Jequi\\u00e9 | Encontra Jequi\\u00e9\",\"description\":\"A Prefeitura Municipal de Jequi\\u00e9, por meio da Secretaria de Sa\\u00fade, aderiu ao Programa \\u201cMais M\\u00e9dicos\\u201d do Governo Federal. A administra\\u00e7\\u00e3o municipal solicitou 10 profissionais para atuar nas equipes das Unidades B\\u00e1sicas de Sa\\u00fade (UBSs) da sede e zona rural do munic\\u00edpio. O Programa faz parte de um amplo pacto de melhorias do atendimento aos\",\"inLanguage\":\"pt-BR\",\"isPartOf\":{\"@id\":\"https:\\\/\\\/www.encontrajequie.com.br\\\/sobre\\\/#website\"},\"breadcrumb\":{\"@id\":\"https:\\\/\\\/www.encontrajequie.com.br\\\/sobre\\\/programa-mais-medicos-em-jequie\\\/#breadcrumblist\"},\"author\":{\"@id\":\"https:\\\/\\\/www.encontrajequie.com.br\\\/sobre\\\/author\\\/ejequie\\\/#author\"},\"creator\":{\"@id\":\"https:\\\/\\\/www.encontrajequie.com.br\\\/sobre\\\/author\\\/ejequie\\\/#author\"},\"datePublished\":\"2013-09-11T14:47:22-03:00\",\"dateModified\":\"2019-04-29T17:42:07-03:00\"},{\"@type\":\"WebSite\",\"@id\":\"https:\\\/\\\/www.encontrajequie.com.br\\\/sobre\\\/#website\",\"url\":\"https:\\\/\\\/www.encontrajequie.com.br\\\/sobre\\\/\",\"name\":\"Encontra Jequi\\u00e9\",\"description\":\"Not\\u00edcias, eventos, informa\\u00e7\\u00f5es e dicas na cidade de Jequi\\u00e9 e regi\\u00e3o.\",\"inLanguage\":\"pt-BR\",\"publisher\":{\"@id\":\"https:\\\/\\\/www.encontrajequie.com.br\\\/sobre\\\/#organization\"}}]}\n\t\t<\/script>\n\t\t<!-- All in One SEO -->\n\n","aioseo_head_json":{"title":"Programa Mais M\u00e9dicos em Jequi\u00e9 | Encontra Jequi\u00e9","description":"A Prefeitura Municipal de Jequi\u00e9, por meio da Secretaria de Sa\u00fade, aderiu ao Programa \u201cMais M\u00e9dicos\u201d do Governo Federal. A administra\u00e7\u00e3o municipal solicitou 10 profissionais para atuar nas equipes das Unidades B\u00e1sicas de Sa\u00fade (UBSs) da sede e zona rural do munic\u00edpio. O Programa faz parte de um amplo pacto de melhorias do atendimento aos","canonical_url":"https:\/\/www.encontrajequie.com.br\/sobre\/programa-mais-medicos-em-jequie\/","robots":"max-image-preview:large","keywords":"","webmasterTools":{"miscellaneous":""},"schema":{"@context":"https:\/\/schema.org","@graph":[{"@type":"Article","@id":"https:\/\/www.encontrajequie.com.br\/sobre\/programa-mais-medicos-em-jequie\/#article","name":"Programa Mais M\u00e9dicos em Jequi\u00e9 | Encontra Jequi\u00e9","headline":"Programa Mais M\u00e9dicos em Jequi\u00e9","author":{"@id":"https:\/\/www.encontrajequie.com.br\/sobre\/author\/ejequie\/#author"},"publisher":{"@id":"https:\/\/www.encontrajequie.com.br\/sobre\/#organization"},"datePublished":"2013-09-11T14:47:22-03:00","dateModified":"2019-04-29T17:42:07-03:00","inLanguage":"pt-BR","mainEntityOfPage":{"@id":"https:\/\/www.encontrajequie.com.br\/sobre\/programa-mais-medicos-em-jequie\/#webpage"},"isPartOf":{"@id":"https:\/\/www.encontrajequie.com.br\/sobre\/programa-mais-medicos-em-jequie\/#webpage"},"articleSection":"Not\u00edcias Jequi\u00e9"},{"@type":"BreadcrumbList","@id":"https:\/\/www.encontrajequie.com.br\/sobre\/programa-mais-medicos-em-jequie\/#breadcrumblist","itemListElement":[{"@type":"ListItem","@id":"https:\/\/www.encontrajequie.com.br\/sobre#listItem","position":1,"name":"Home","item":"https:\/\/www.encontrajequie.com.br\/sobre","nextItem":{"@type":"ListItem","@id":"https:\/\/www.encontrajequie.com.br\/sobre\/noticias-em-jequie\/#listItem","name":"Not\u00edcias Jequi\u00e9"}},{"@type":"ListItem","@id":"https:\/\/www.encontrajequie.com.br\/sobre\/noticias-em-jequie\/#listItem","position":2,"name":"Not\u00edcias Jequi\u00e9","item":"https:\/\/www.encontrajequie.com.br\/sobre\/noticias-em-jequie\/","nextItem":{"@type":"ListItem","@id":"https:\/\/www.encontrajequie.com.br\/sobre\/programa-mais-medicos-em-jequie\/#listItem","name":"Programa Mais M\u00e9dicos em Jequi\u00e9"},"previousItem":{"@type":"ListItem","@id":"https:\/\/www.encontrajequie.com.br\/sobre#listItem","name":"Home"}},{"@type":"ListItem","@id":"https:\/\/www.encontrajequie.com.br\/sobre\/programa-mais-medicos-em-jequie\/#listItem","position":3,"name":"Programa Mais M\u00e9dicos em Jequi\u00e9","previousItem":{"@type":"ListItem","@id":"https:\/\/www.encontrajequie.com.br\/sobre\/noticias-em-jequie\/#listItem","name":"Not\u00edcias Jequi\u00e9"}}]},{"@type":"Organization","@id":"https:\/\/www.encontrajequie.com.br\/sobre\/#organization","name":"Encontra Jequi\u00e9","description":"Not\u00edcias, eventos, informa\u00e7\u00f5es e dicas na cidade de Jequi\u00e9 e regi\u00e3o.","url":"https:\/\/www.encontrajequie.com.br\/sobre\/"},{"@type":"Person","@id":"https:\/\/www.encontrajequie.com.br\/sobre\/author\/ejequie\/#author","url":"https:\/\/www.encontrajequie.com.br\/sobre\/author\/ejequie\/","name":"Encontra Jequi\u00e9","image":{"@type":"ImageObject","@id":"https:\/\/www.encontrajequie.com.br\/sobre\/programa-mais-medicos-em-jequie\/#authorImage","url":"https:\/\/secure.gravatar.com\/avatar\/507340682b8270222e1f208e23198b6ae7e2c6a1033ae84e99bc6bce4f82a387?s=96&d=mm&r=g","width":96,"height":96,"caption":"Encontra Jequi\u00e9"}},{"@type":"WebPage","@id":"https:\/\/www.encontrajequie.com.br\/sobre\/programa-mais-medicos-em-jequie\/#webpage","url":"https:\/\/www.encontrajequie.com.br\/sobre\/programa-mais-medicos-em-jequie\/","name":"Programa Mais M\u00e9dicos em Jequi\u00e9 | Encontra Jequi\u00e9","description":"A Prefeitura Municipal de Jequi\u00e9, por meio da Secretaria de Sa\u00fade, aderiu ao Programa \u201cMais M\u00e9dicos\u201d do Governo Federal. A administra\u00e7\u00e3o municipal solicitou 10 profissionais para atuar nas equipes das Unidades B\u00e1sicas de Sa\u00fade (UBSs) da sede e zona rural do munic\u00edpio. O Programa faz parte de um amplo pacto de melhorias do atendimento aos","inLanguage":"pt-BR","isPartOf":{"@id":"https:\/\/www.encontrajequie.com.br\/sobre\/#website"},"breadcrumb":{"@id":"https:\/\/www.encontrajequie.com.br\/sobre\/programa-mais-medicos-em-jequie\/#breadcrumblist"},"author":{"@id":"https:\/\/www.encontrajequie.com.br\/sobre\/author\/ejequie\/#author"},"creator":{"@id":"https:\/\/www.encontrajequie.com.br\/sobre\/author\/ejequie\/#author"},"datePublished":"2013-09-11T14:47:22-03:00","dateModified":"2019-04-29T17:42:07-03:00"},{"@type":"WebSite","@id":"https:\/\/www.encontrajequie.com.br\/sobre\/#website","url":"https:\/\/www.encontrajequie.com.br\/sobre\/","name":"Encontra Jequi\u00e9","description":"Not\u00edcias, eventos, informa\u00e7\u00f5es e dicas na cidade de Jequi\u00e9 e regi\u00e3o.","inLanguage":"pt-BR","publisher":{"@id":"https:\/\/www.encontrajequie.com.br\/sobre\/#organization"}}]},"og:locale":"pt_BR","og:site_name":"Encontra Jequi\u00e9 | Not\u00edcias, eventos, informa\u00e7\u00f5es e dicas na cidade de Jequi\u00e9 e regi\u00e3o.","og:type":"article","og:title":"Programa Mais M\u00e9dicos em Jequi\u00e9 | Encontra Jequi\u00e9","og:description":"A Prefeitura Municipal de Jequi\u00e9, por meio da Secretaria de Sa\u00fade, aderiu ao Programa \u201cMais M\u00e9dicos\u201d do Governo Federal. A administra\u00e7\u00e3o municipal solicitou 10 profissionais para atuar nas equipes das Unidades B\u00e1sicas de Sa\u00fade (UBSs) da sede e zona rural do munic\u00edpio. O Programa faz parte de um amplo pacto de melhorias do atendimento aos","og:url":"https:\/\/www.encontrajequie.com.br\/sobre\/programa-mais-medicos-em-jequie\/","article:published_time":"2013-09-11T14:47:22+00:00","article:modified_time":"2019-04-29T20:42:07+00:00","twitter:card":"summary_large_image","twitter:title":"Programa Mais M\u00e9dicos em Jequi\u00e9 | Encontra Jequi\u00e9","twitter:description":"A Prefeitura Municipal de Jequi\u00e9, por meio da Secretaria de Sa\u00fade, aderiu ao Programa \u201cMais M\u00e9dicos\u201d do Governo Federal. A administra\u00e7\u00e3o municipal solicitou 10 profissionais para atuar nas equipes das Unidades B\u00e1sicas de Sa\u00fade (UBSs) da sede e zona rural do munic\u00edpio. O Programa faz parte de um amplo pacto de melhorias do atendimento aos"},"aioseo_meta_data":{"post_id":"20","title":null,"description":null,"keywords":null,"keyphrases":null,"primary_term":null,"canonical_url":null,"og_title":null,"og_description":null,"og_object_type":"default","og_image_type":"default","og_image_url":null,"og_image_width":null,"og_image_height":null,"og_image_custom_url":null,"og_image_custom_fields":null,"og_video":null,"og_custom_url":null,"og_article_section":null,"og_article_tags":null,"twitter_use_og":false,"twitter_card":"default","twitter_image_type":"default","twitter_image_url":null,"twitter_image_custom_url":null,"twitter_image_custom_fields":null,"twitter_title":null,"twitter_description":null,"schema":{"blockGraphs":[],"customGraphs":[],"default":{"data":{"Article":[],"Course":[],"Dataset":[],"FAQPage":[],"Movie":[],"Person":[],"Product":[],"ProductReview":[],"Car":[],"Recipe":[],"Service":[],"SoftwareApplication":[],"WebPage":[]},"graphName":"","isEnabled":true},"graphs":[]},"schema_type":"default","schema_type_options":null,"pillar_content":false,"robots_default":true,"robots_noindex":false,"robots_noarchive":false,"robots_nosnippet":false,"robots_nofollow":false,"robots_noimageindex":false,"robots_noodp":false,"robots_notranslate":false,"robots_max_snippet":null,"robots_max_videopreview":null,"robots_max_imagepreview":"large","priority":null,"frequency":null,"local_seo":null,"breadcrumb_settings":null,"limit_modified_date":false,"ai":null,"created":"2025-03-25 18:47:54","updated":"2025-06-16 19:32:56","focus_keyword":null,"additional_keywords":null,"truseo_locale":null,"seo_analyzer_scan_date":null},"aioseo_breadcrumb":"<div class=\"aioseo-breadcrumbs\"><span class=\"aioseo-breadcrumb\">\n\t\t\t<a href=\"https:\/\/www.encontrajequie.com.br\/sobre\" title=\"Home\">Home<\/a>\n\t\t<\/span><span class=\"aioseo-breadcrumb-separator\">&raquo;<\/span><span class=\"aioseo-breadcrumb\">\n\t\t\t<a href=\"https:\/\/www.encontrajequie.com.br\/sobre\/noticias-em-jequie\/\" title=\"Not\u00edcias Jequi\u00e9\">Not\u00edcias Jequi\u00e9<\/a>\n\t\t<\/span><span class=\"aioseo-breadcrumb-separator\">&raquo;<\/span><span class=\"aioseo-breadcrumb\">\n\t\t\tPrograma Mais M\u00e9dicos em Jequi\u00e9\n\t\t<\/span><\/div>","aioseo_breadcrumb_json":[{"label":"Home","link":"https:\/\/www.encontrajequie.com.br\/sobre"},{"label":"Not\u00edcias Jequi\u00e9","link":"https:\/\/www.encontrajequie.com.br\/sobre\/noticias-em-jequie\/"},{"label":"Programa Mais M\u00e9dicos em Jequi\u00e9","link":"https:\/\/www.encontrajequie.com.br\/sobre\/programa-mais-medicos-em-jequie\/"}],"_links":{"self":[{"href":"https:\/\/www.encontrajequie.com.br\/sobre\/wp-json\/wp\/v2\/posts\/20","targetHints":{"allow":["GET"]}}],"collection":[{"href":"https:\/\/www.encontrajequie.com.br\/sobre\/wp-json\/wp\/v2\/posts"}],"about":[{"href":"https:\/\/www.encontrajequie.com.br\/sobre\/wp-json\/wp\/v2\/types\/post"}],"author":[{"embeddable":true,"href":"https:\/\/www.encontrajequie.com.br\/sobre\/wp-json\/wp\/v2\/users\/1"}],"replies":[{"embeddable":true,"href":"https:\/\/www.encontrajequie.com.br\/sobre\/wp-json\/wp\/v2\/comments?post=20"}],"version-history":[{"count":2,"href":"https:\/\/www.encontrajequie.com.br\/sobre\/wp-json\/wp\/v2\/posts\/20\/revisions"}],"predecessor-version":[{"id":136,"href":"https:\/\/www.encontrajequie.com.br\/sobre\/wp-json\/wp\/v2\/posts\/20\/revisions\/136"}],"wp:attachment":[{"href":"https:\/\/www.encontrajequie.com.br\/sobre\/wp-json\/wp\/v2\/media?parent=20"}],"wp:term":[{"taxonomy":"category","embeddable":true,"href":"https:\/\/www.encontrajequie.com.br\/sobre\/wp-json\/wp\/v2\/categories?post=20"},{"taxonomy":"post_tag","embeddable":true,"href":"https:\/\/www.encontrajequie.com.br\/sobre\/wp-json\/wp\/v2\/tags?post=20"}],"curies":[{"name":"wp","href":"https:\/\/api.w.org\/{rel}","templated":true}]}}