{"id":202,"date":"2025-10-28T06:19:00","date_gmt":"2025-10-28T09:19:00","guid":{"rendered":"https:\/\/www.encontrajequie.com.br\/sobre\/com-apoio-da-prefeitura-jequie-motocar-2025-mobiliza-grande-publico-durante-os-tres-dias-do-evento\/"},"modified":"2025-10-28T06:19:00","modified_gmt":"2025-10-28T09:19:00","slug":"com-apoio-da-prefeitura-jequie-motocar-2025-mobiliza-grande-publico-durante-os-tres-dias-do-evento","status":"publish","type":"post","link":"https:\/\/www.encontrajequie.com.br\/sobre\/com-apoio-da-prefeitura-jequie-motocar-2025-mobiliza-grande-publico-durante-os-tres-dias-do-evento\/","title":{"rendered":"Com apoio da Prefeitura, Jequi\u00e9 Motocar 2025 mobiliza grande p\u00fablico durante os tr\u00eas dias do evento"},"content":{"rendered":"<div class=\"30cf832dc5940d4704f66d0ed9a44050\" data-index=\"1\" style=\"float: none; margin:0px;\">\n<!-- Anuncio display - global -->\r\n<ins class=\"adsbygoogle\"\r\n     style=\"display:block\"\r\n     data-ad-client=\"ca-pub-8585364105181520\"\r\n     data-ad-slot=\"8789329856\"\r\n     data-ad-format=\"auto\"\r\n     data-full-width-responsive=\"true\"><\/ins>\r\n<script>\r\n     (adsbygoogle = window.adsbygoogle || []).push({});\r\n<\/script>\n<\/div>\n<h2>O Que \u00c9 Just a Moment&#8230;<\/h2>\n<p>&#8220;Just a Moment&#8221; \u00e9 uma mensagem que muitos usu\u00e1rios encontram ao tentar acessar um site ou realizar uma a\u00e7\u00e3o online. Esta mensagem indica que o site est\u00e1 processando uma solicita\u00e7\u00e3o e pode levar alguns instantes para carregar completamente. Embora possa parecer um simples atraso, muitas vezes, \u00e9 um reflexo de problemas subjacentes que afetam a performance do site.<\/p>\n<h2>Poss\u00edveis Causas Para a Mensagem<\/h2>\n<p>Diversos fatores podem levar ao aparecimento da mensagem &#8220;Just a Moment&#8221;. Aqui est\u00e3o algumas poss\u00edveis causas:<\/p>\n<ul>\n<li><strong>Problemas de Conex\u00e3o:<\/strong> Uma conex\u00e3o de internet inst\u00e1vel pode ser a causa primaria, resultando em carregamento lento.<\/li>\n<li><strong>Sobrecarrega no Servidor:<\/strong> Muitos acessos simult\u00e2neos podem sobrecarregar o servidor, causando lentid\u00e3o.<\/li>\n<li><strong>Bugs no C\u00f3digo:<\/strong> Erros na programa\u00e7\u00e3o do site podem dificultar o carregamento adequado do conte\u00fado.<\/li>\n<li><strong>Recursos Externos:<\/strong> Depend\u00eancias como scripts e imagens carregadas de outras fontes podem levar mais tempo para aparecer.<\/li>\n<\/ul>\n<h2>Impacto Na Experi\u00eancia do Usu\u00e1rio<\/h2>\n<p>A experi\u00eancia do usu\u00e1rio \u00e9 significativamente afetada quando a mensagem &#8220;Just a Moment&#8221; aparece. Abaixo est\u00e3o alguns dos impactos mais comuns:<\/p>\n<ul>\n<li><strong>Frustra\u00e7\u00e3o:<\/strong> Usu\u00e1rios tendem a ficar frustrados com lentid\u00e3o, podendo abandonar o site.<\/li>\n<li><strong>Aumento da Taxa de Rejei\u00e7\u00e3o:<\/strong> Se o site demora muito para carregar, a taxa de rejei\u00e7\u00e3o tende a aumentar.<\/li>\n<li><strong>Piora na Reputa\u00e7\u00e3o:<\/strong> Sites que frequentemente apresentam lentid\u00e3o podem ser vistos como menos confi\u00e1veis.<\/li>\n<li><strong>Menos Convers\u00f5es:<\/strong> Uma experi\u00eancia de uso ruim pode afetar negativamente as taxas de convers\u00e3o.<\/li>\n<\/ul>\n<h2>Como Acelerar o Carregamento do Site<\/h2>\n<p>Melhorar a rapidez do carregamento do seu site \u00e9 crucial. Aqui est\u00e3o algumas dicas pr\u00e1ticas:<\/p>\n<ul>\n<li><strong>Otimiza\u00e7\u00e3o de Imagens:<\/strong> Utilize imagens otimizadas, reduzindo tamanho sem perder qualidade.<\/li>\n<li><strong>Minifica\u00e7\u00e3o de C\u00f3digo:<\/strong> Remova espa\u00e7os em branco e coment\u00e1rios de arquivos CSS e JavaScript.<\/li>\n<li><strong>Implante um CDN:<\/strong> Utilize um Content Delivery Network (CDN) para distribuir o conte\u00fado de seu site rapidamente.<\/li>\n<li><strong>Ative Cache:<\/strong> Implementar caching pode ajudar a armazenar informa\u00e7\u00f5es frequentemente acessadas, melhorando o tempo de carregamento.<\/li>\n<\/ul>\n<h2>Dicas Para Navegar Sem Interrup\u00e7\u00f5es<\/h2>\n<p>Navegar na web pode ser estressante com constantes interrup\u00e7\u00f5es. Aqui est\u00e3o algumas dicas para melhorar sua experi\u00eancia:<\/p>\n<ul>\n<li><strong>Aberto em Outra Guia:<\/strong> Em vez de esperar, abra o site em uma nova guia e continue outras atividades.<\/li>\n<li><strong>Verifique sua Conex\u00e3o:<\/strong> Tenha certeza de que sua internet est\u00e1 est\u00e1vel.<\/li>\n<li><strong>Limpeza de Cache e Cookies:<\/strong> Limpar os dados do navegador pode resolver alguns problemas de carregamento.<\/li>\n<li><strong>Desative Extens\u00f5es:<\/strong> Algumas extens\u00f5es de navegador podem causar lentid\u00e3o, desativ\u00e1-las pode ajudar.<\/li>\n<\/ul>\n<h2>Seguran\u00e7a e Conex\u00e3o: O Que Saber<\/h2>\n<p>A seguran\u00e7a da conex\u00e3o influencia na performance de um site. Aqui est\u00e3o alguns pontos a considerar:<\/p>\n<ul>\n<li><strong>Uso de HTTPS:<\/strong> Verifique se o site est\u00e1 usando HTTPS; sites seguros tendem a carregar mais r\u00e1pido.<\/li>\n<li><strong>Firewall e Prote\u00e7\u00e3o:<\/strong> Sistemas de seguran\u00e7a que funcionam bem ajudam a manter o site em opera\u00e7\u00e3o sem interrup\u00e7\u00f5es.<\/li>\n<li><strong>Prote\u00e7\u00e3o contra DDoS:<\/strong> Implementar medidas contra ataques DDoS pode prevenir quedas no servidor.<\/li>\n<li><strong>Atualiza\u00e7\u00f5es Regulares:<\/strong> Mantenha o software do servidor atualizado para evitar falhas e vulnerabilidades.<\/li>\n<\/ul>\n<h2>Resolvendo Problemas Com Sites Lentos<\/h2>\n<p>Se voc\u00ea est\u00e1 com problemas de lentid\u00e3o em um site, siga estas etapas:<\/p>\n<ul>\n<li><strong>Teste de Velocidade:<\/strong> Use ferramentas como Google PageSpeed Insights ou GTmetrix para analisar o desempenho do site.<\/li>\n<li><strong>Diagn\u00f3stico de Rede:<\/strong> Execute testes de ping e rastreamento para identificar problemas de conex\u00e3o.<\/li>\n<li><strong>Contate o Suporte:<\/strong> Se os problemas persistirem, entre em contato com o fornecedor de hospedagem para solucionar quest\u00f5es.<\/li>\n<li><strong>Revise o C\u00f3digo Fonte:<\/strong> Verifique o c\u00f3digo para erros que possam estar causando a lentid\u00e3o.<\/li>\n<\/ul>\n<h2>Navega\u00e7\u00e3o Segura: Por Que Importa<\/h2>\n<p>A navega\u00e7\u00e3o segura \u00e9 crucial em ambientes online. Aqui est\u00e3o as raz\u00f5es:<\/p>\n<ul>\n<li><strong>Prote\u00e7\u00e3o de Dados:<\/strong> Navegar de forma segura protege informa\u00e7\u00f5es sens\u00edveis dos usu\u00e1rios.<\/li>\n<li><strong>Confian\u00e7a do Usu\u00e1rio:<\/strong> Sites seguros tendem a ter maior credibilidade, incentivando mais visitantes.<\/li>\n<li><strong>Preven\u00e7\u00e3o de Fraudes:<\/strong> Medidas de seguran\u00e7a ajudam a prevenir fraudes e ataques cibern\u00e9ticos.<\/li>\n<li><strong>Conformidade:<\/strong> Muitos setores exigem que sites sigam diretrizes de seguran\u00e7a.<\/li>\n<\/ul>\n<h2>Alternativas a Mensagens de Verifica\u00e7\u00e3o<\/h2>\n<p>Em vez de mensagens de &#8220;Just a Moment&#8221;, considere outras alternativas que podem melhorar a experi\u00eancia do usu\u00e1rio:<\/p>\n<ul>\n<li><strong>Loading Spinners:<\/strong> Mostre um indicador de carregamento que ilustre que o processo est\u00e1 em andamento.<\/li>\n<li><strong>Conte\u00fado Interativo:<\/strong> Forne\u00e7a informa\u00e7\u00f5es ou entretenimento enquanto o site carrega.<\/li>\n<li><strong>Mensagens de Status:<\/strong> Exiba mensagens que informem sobre o progresso do carregamento.<\/li>\n<\/ul>\n<h2>Entendendo a Tecnologia Por Tr\u00e1s da Mensagem<\/h2>\n<p>Para compreender a mensagem &#8220;Just a Moment&#8221;, \u00e9 importante entender algumas tecnologias e conceitos:<\/p>\n<ul>\n<li><strong>Cookies:<\/strong> Muitas vezes, os sites utilizam cookies para armazenar dados do usu\u00e1rio, que podem afetar o tempo de carga.<\/li>\n<li><strong>JavaScript:<\/strong> Scripts que ajudam a carregar conte\u00fado din\u00e2mico e interativo, mas que tamb\u00e9m podem causar lentid\u00e3o.<\/li>\n<li><strong>APIs:<\/strong> Chamadas a APIs externas podem prolongar o tempo de resposta, dependendo da efici\u00eancia desses servi\u00e7os.<\/li>\n<\/ul>\n\n<div style=\"font-size: 0px; height: 0px; line-height: 0px; margin: 0; padding: 0; clear: both;\"><\/div>","protected":false},"excerpt":{"rendered":"<p>Entenda como o antigo artigo &#8216;Just a moment&#8230;&#8217; pode impactar sua navega\u00e7\u00e3o.<\/p>\n","protected":false},"author":1,"featured_media":201,"comment_status":"open","ping_status":"closed","sticky":false,"template":"","format":"standard","meta":{"footnotes":""},"categories":[1],"tags":[],"class_list":["post-202","post","type-post","status-publish","format-standard","has-post-thumbnail","hentry","category-noticias-em-jequie","has_thumb"],"aioseo_notices":[],"aioseo_head":"\n\t\t<!-- All in One SEO 5.0.0.1 - aioseo.com -->\n\t<meta name=\"description\" content=\"Entenda como o antigo artigo &#039;Just a moment...&#039; pode impactar sua navega\u00e7\u00e3o.\" \/>\n\t<meta name=\"robots\" content=\"max-image-preview:large\" \/>\n\t<meta name=\"author\" content=\"Encontra Jequi\u00e9\"\/>\n\t<link rel=\"canonical\" href=\"https:\/\/www.encontrajequie.com.br\/sobre\/com-apoio-da-prefeitura-jequie-motocar-2025-mobiliza-grande-publico-durante-os-tres-dias-do-evento\/\" \/>\n\t<meta name=\"generator\" content=\"All in One SEO (AIOSEO) 5.0.0.1\" \/>\n\t\t<meta property=\"og:locale\" content=\"pt_BR\" \/>\n\t\t<meta property=\"og:site_name\" content=\"Encontra Jequi\u00e9 | Not\u00edcias, eventos, informa\u00e7\u00f5es e dicas na cidade de Jequi\u00e9 e regi\u00e3o.\" \/>\n\t\t<meta property=\"og:type\" content=\"article\" \/>\n\t\t<meta property=\"og:title\" content=\"Com apoio da Prefeitura, Jequi\u00e9 Motocar 2025 mobiliza grande p\u00fablico durante os tr\u00eas dias do evento | Encontra Jequi\u00e9\" \/>\n\t\t<meta property=\"og:description\" content=\"Entenda como o antigo artigo &#039;Just a moment...&#039; pode impactar sua navega\u00e7\u00e3o.\" \/>\n\t\t<meta property=\"og:url\" content=\"https:\/\/www.encontrajequie.com.br\/sobre\/com-apoio-da-prefeitura-jequie-motocar-2025-mobiliza-grande-publico-durante-os-tres-dias-do-evento\/\" \/>\n\t\t<meta property=\"article:published_time\" content=\"2025-10-28T09:19:00+00:00\" \/>\n\t\t<meta property=\"article:modified_time\" content=\"2025-10-28T09:19:00+00:00\" \/>\n\t\t<meta name=\"twitter:card\" content=\"summary_large_image\" \/>\n\t\t<meta name=\"twitter:title\" content=\"Com apoio da Prefeitura, Jequi\u00e9 Motocar 2025 mobiliza grande p\u00fablico durante os tr\u00eas dias do evento | Encontra Jequi\u00e9\" \/>\n\t\t<meta name=\"twitter:description\" content=\"Entenda como o antigo artigo &#039;Just a moment...&#039; pode impactar sua navega\u00e7\u00e3o.\" \/>\n\t\t<script type=\"application\/ld+json\" class=\"aioseo-schema\">\n\t\t\t{\"@context\":\"https:\\\/\\\/schema.org\",\"@graph\":[{\"@type\":\"Article\",\"@id\":\"https:\\\/\\\/www.encontrajequie.com.br\\\/sobre\\\/com-apoio-da-prefeitura-jequie-motocar-2025-mobiliza-grande-publico-durante-os-tres-dias-do-evento\\\/#article\",\"name\":\"Com apoio da Prefeitura, Jequi\\u00e9 Motocar 2025 mobiliza grande p\\u00fablico durante os tr\\u00eas dias do evento | Encontra Jequi\\u00e9\",\"headline\":\"Com apoio da Prefeitura, Jequi\\u00e9 Motocar 2025 mobiliza grande p\\u00fablico durante os tr\\u00eas dias do evento\",\"author\":{\"@id\":\"https:\\\/\\\/www.encontrajequie.com.br\\\/sobre\\\/author\\\/ejequie\\\/#author\"},\"publisher\":{\"@id\":\"https:\\\/\\\/www.encontrajequie.com.br\\\/sobre\\\/#organization\"},\"image\":{\"@type\":\"ImageObject\",\"url\":\"https:\\\/\\\/www.encontrajequie.com.br\\\/sobre\\\/wp-content\\\/uploads\\\/2025\\\/10\\\/com-apoio-da-prefeitura-jequie-motocar-2025-mobiliza-grande-publico-durante-os-tres-dias-do-evento.webp\",\"width\":320,\"height\":280,\"caption\":\"Just a moment\"},\"datePublished\":\"2025-10-28T06:19:00-03:00\",\"dateModified\":\"2025-10-28T06:19:00-03:00\",\"inLanguage\":\"pt-BR\",\"mainEntityOfPage\":{\"@id\":\"https:\\\/\\\/www.encontrajequie.com.br\\\/sobre\\\/com-apoio-da-prefeitura-jequie-motocar-2025-mobiliza-grande-publico-durante-os-tres-dias-do-evento\\\/#webpage\"},\"isPartOf\":{\"@id\":\"https:\\\/\\\/www.encontrajequie.com.br\\\/sobre\\\/com-apoio-da-prefeitura-jequie-motocar-2025-mobiliza-grande-publico-durante-os-tres-dias-do-evento\\\/#webpage\"},\"articleSection\":\"Not\\u00edcias Jequi\\u00e9\"},{\"@type\":\"BreadcrumbList\",\"@id\":\"https:\\\/\\\/www.encontrajequie.com.br\\\/sobre\\\/com-apoio-da-prefeitura-jequie-motocar-2025-mobiliza-grande-publico-durante-os-tres-dias-do-evento\\\/#breadcrumblist\",\"itemListElement\":[{\"@type\":\"ListItem\",\"@id\":\"https:\\\/\\\/www.encontrajequie.com.br\\\/sobre#listItem\",\"position\":1,\"name\":\"Home\",\"item\":\"https:\\\/\\\/www.encontrajequie.com.br\\\/sobre\",\"nextItem\":{\"@type\":\"ListItem\",\"@id\":\"https:\\\/\\\/www.encontrajequie.com.br\\\/sobre\\\/noticias-em-jequie\\\/#listItem\",\"name\":\"Not\\u00edcias Jequi\\u00e9\"}},{\"@type\":\"ListItem\",\"@id\":\"https:\\\/\\\/www.encontrajequie.com.br\\\/sobre\\\/noticias-em-jequie\\\/#listItem\",\"position\":2,\"name\":\"Not\\u00edcias Jequi\\u00e9\",\"item\":\"https:\\\/\\\/www.encontrajequie.com.br\\\/sobre\\\/noticias-em-jequie\\\/\",\"nextItem\":{\"@type\":\"ListItem\",\"@id\":\"https:\\\/\\\/www.encontrajequie.com.br\\\/sobre\\\/com-apoio-da-prefeitura-jequie-motocar-2025-mobiliza-grande-publico-durante-os-tres-dias-do-evento\\\/#listItem\",\"name\":\"Com apoio da Prefeitura, Jequi\\u00e9 Motocar 2025 mobiliza grande p\\u00fablico durante os tr\\u00eas dias do evento\"},\"previousItem\":{\"@type\":\"ListItem\",\"@id\":\"https:\\\/\\\/www.encontrajequie.com.br\\\/sobre#listItem\",\"name\":\"Home\"}},{\"@type\":\"ListItem\",\"@id\":\"https:\\\/\\\/www.encontrajequie.com.br\\\/sobre\\\/com-apoio-da-prefeitura-jequie-motocar-2025-mobiliza-grande-publico-durante-os-tres-dias-do-evento\\\/#listItem\",\"position\":3,\"name\":\"Com apoio da Prefeitura, Jequi\\u00e9 Motocar 2025 mobiliza grande p\\u00fablico durante os tr\\u00eas dias do evento\",\"previousItem\":{\"@type\":\"ListItem\",\"@id\":\"https:\\\/\\\/www.encontrajequie.com.br\\\/sobre\\\/noticias-em-jequie\\\/#listItem\",\"name\":\"Not\\u00edcias Jequi\\u00e9\"}}]},{\"@type\":\"Organization\",\"@id\":\"https:\\\/\\\/www.encontrajequie.com.br\\\/sobre\\\/#organization\",\"name\":\"Encontra Jequi\\u00e9\",\"description\":\"Not\\u00edcias, eventos, informa\\u00e7\\u00f5es e dicas na cidade de Jequi\\u00e9 e regi\\u00e3o.\",\"url\":\"https:\\\/\\\/www.encontrajequie.com.br\\\/sobre\\\/\"},{\"@type\":\"Person\",\"@id\":\"https:\\\/\\\/www.encontrajequie.com.br\\\/sobre\\\/author\\\/ejequie\\\/#author\",\"url\":\"https:\\\/\\\/www.encontrajequie.com.br\\\/sobre\\\/author\\\/ejequie\\\/\",\"name\":\"Encontra Jequi\\u00e9\",\"image\":{\"@type\":\"ImageObject\",\"@id\":\"https:\\\/\\\/www.encontrajequie.com.br\\\/sobre\\\/com-apoio-da-prefeitura-jequie-motocar-2025-mobiliza-grande-publico-durante-os-tres-dias-do-evento\\\/#authorImage\",\"url\":\"https:\\\/\\\/secure.gravatar.com\\\/avatar\\\/507340682b8270222e1f208e23198b6ae7e2c6a1033ae84e99bc6bce4f82a387?s=96&d=mm&r=g\",\"width\":96,\"height\":96,\"caption\":\"Encontra Jequi\\u00e9\"}},{\"@type\":\"WebPage\",\"@id\":\"https:\\\/\\\/www.encontrajequie.com.br\\\/sobre\\\/com-apoio-da-prefeitura-jequie-motocar-2025-mobiliza-grande-publico-durante-os-tres-dias-do-evento\\\/#webpage\",\"url\":\"https:\\\/\\\/www.encontrajequie.com.br\\\/sobre\\\/com-apoio-da-prefeitura-jequie-motocar-2025-mobiliza-grande-publico-durante-os-tres-dias-do-evento\\\/\",\"name\":\"Com apoio da Prefeitura, Jequi\\u00e9 Motocar 2025 mobiliza grande p\\u00fablico durante os tr\\u00eas dias do evento | Encontra Jequi\\u00e9\",\"description\":\"Entenda como o antigo artigo 'Just a moment...' pode impactar sua navega\\u00e7\\u00e3o.\",\"inLanguage\":\"pt-BR\",\"isPartOf\":{\"@id\":\"https:\\\/\\\/www.encontrajequie.com.br\\\/sobre\\\/#website\"},\"breadcrumb\":{\"@id\":\"https:\\\/\\\/www.encontrajequie.com.br\\\/sobre\\\/com-apoio-da-prefeitura-jequie-motocar-2025-mobiliza-grande-publico-durante-os-tres-dias-do-evento\\\/#breadcrumblist\"},\"author\":{\"@id\":\"https:\\\/\\\/www.encontrajequie.com.br\\\/sobre\\\/author\\\/ejequie\\\/#author\"},\"creator\":{\"@id\":\"https:\\\/\\\/www.encontrajequie.com.br\\\/sobre\\\/author\\\/ejequie\\\/#author\"},\"image\":{\"@type\":\"ImageObject\",\"url\":\"https:\\\/\\\/www.encontrajequie.com.br\\\/sobre\\\/wp-content\\\/uploads\\\/2025\\\/10\\\/com-apoio-da-prefeitura-jequie-motocar-2025-mobiliza-grande-publico-durante-os-tres-dias-do-evento.webp\",\"@id\":\"https:\\\/\\\/www.encontrajequie.com.br\\\/sobre\\\/com-apoio-da-prefeitura-jequie-motocar-2025-mobiliza-grande-publico-durante-os-tres-dias-do-evento\\\/#mainImage\",\"width\":320,\"height\":280,\"caption\":\"Just a moment\"},\"primaryImageOfPage\":{\"@id\":\"https:\\\/\\\/www.encontrajequie.com.br\\\/sobre\\\/com-apoio-da-prefeitura-jequie-motocar-2025-mobiliza-grande-publico-durante-os-tres-dias-do-evento\\\/#mainImage\"},\"datePublished\":\"2025-10-28T06:19:00-03:00\",\"dateModified\":\"2025-10-28T06:19:00-03:00\"},{\"@type\":\"WebSite\",\"@id\":\"https:\\\/\\\/www.encontrajequie.com.br\\\/sobre\\\/#website\",\"url\":\"https:\\\/\\\/www.encontrajequie.com.br\\\/sobre\\\/\",\"name\":\"Encontra Jequi\\u00e9\",\"description\":\"Not\\u00edcias, eventos, informa\\u00e7\\u00f5es e dicas na cidade de Jequi\\u00e9 e regi\\u00e3o.\",\"inLanguage\":\"pt-BR\",\"publisher\":{\"@id\":\"https:\\\/\\\/www.encontrajequie.com.br\\\/sobre\\\/#organization\"}}]}\n\t\t<\/script>\n\t\t<!-- All in One SEO -->\n\n","aioseo_head_json":{"title":"Com apoio da Prefeitura, Jequi\u00e9 Motocar 2025 mobiliza grande p\u00fablico durante os tr\u00eas dias do evento | Encontra Jequi\u00e9","description":"Entenda como o antigo artigo 'Just a moment...' pode impactar sua navega\u00e7\u00e3o.","canonical_url":"https:\/\/www.encontrajequie.com.br\/sobre\/com-apoio-da-prefeitura-jequie-motocar-2025-mobiliza-grande-publico-durante-os-tres-dias-do-evento\/","robots":"max-image-preview:large","keywords":"","webmasterTools":{"miscellaneous":""},"schema":{"@context":"https:\/\/schema.org","@graph":[{"@type":"Article","@id":"https:\/\/www.encontrajequie.com.br\/sobre\/com-apoio-da-prefeitura-jequie-motocar-2025-mobiliza-grande-publico-durante-os-tres-dias-do-evento\/#article","name":"Com apoio da Prefeitura, Jequi\u00e9 Motocar 2025 mobiliza grande p\u00fablico durante os tr\u00eas dias do evento | Encontra Jequi\u00e9","headline":"Com apoio da Prefeitura, Jequi\u00e9 Motocar 2025 mobiliza grande p\u00fablico durante os tr\u00eas dias do evento","author":{"@id":"https:\/\/www.encontrajequie.com.br\/sobre\/author\/ejequie\/#author"},"publisher":{"@id":"https:\/\/www.encontrajequie.com.br\/sobre\/#organization"},"image":{"@type":"ImageObject","url":"https:\/\/www.encontrajequie.com.br\/sobre\/wp-content\/uploads\/2025\/10\/com-apoio-da-prefeitura-jequie-motocar-2025-mobiliza-grande-publico-durante-os-tres-dias-do-evento.webp","width":320,"height":280,"caption":"Just a moment"},"datePublished":"2025-10-28T06:19:00-03:00","dateModified":"2025-10-28T06:19:00-03:00","inLanguage":"pt-BR","mainEntityOfPage":{"@id":"https:\/\/www.encontrajequie.com.br\/sobre\/com-apoio-da-prefeitura-jequie-motocar-2025-mobiliza-grande-publico-durante-os-tres-dias-do-evento\/#webpage"},"isPartOf":{"@id":"https:\/\/www.encontrajequie.com.br\/sobre\/com-apoio-da-prefeitura-jequie-motocar-2025-mobiliza-grande-publico-durante-os-tres-dias-do-evento\/#webpage"},"articleSection":"Not\u00edcias Jequi\u00e9"},{"@type":"BreadcrumbList","@id":"https:\/\/www.encontrajequie.com.br\/sobre\/com-apoio-da-prefeitura-jequie-motocar-2025-mobiliza-grande-publico-durante-os-tres-dias-do-evento\/#breadcrumblist","itemListElement":[{"@type":"ListItem","@id":"https:\/\/www.encontrajequie.com.br\/sobre#listItem","position":1,"name":"Home","item":"https:\/\/www.encontrajequie.com.br\/sobre","nextItem":{"@type":"ListItem","@id":"https:\/\/www.encontrajequie.com.br\/sobre\/noticias-em-jequie\/#listItem","name":"Not\u00edcias Jequi\u00e9"}},{"@type":"ListItem","@id":"https:\/\/www.encontrajequie.com.br\/sobre\/noticias-em-jequie\/#listItem","position":2,"name":"Not\u00edcias Jequi\u00e9","item":"https:\/\/www.encontrajequie.com.br\/sobre\/noticias-em-jequie\/","nextItem":{"@type":"ListItem","@id":"https:\/\/www.encontrajequie.com.br\/sobre\/com-apoio-da-prefeitura-jequie-motocar-2025-mobiliza-grande-publico-durante-os-tres-dias-do-evento\/#listItem","name":"Com apoio da Prefeitura, Jequi\u00e9 Motocar 2025 mobiliza grande p\u00fablico durante os tr\u00eas dias do evento"},"previousItem":{"@type":"ListItem","@id":"https:\/\/www.encontrajequie.com.br\/sobre#listItem","name":"Home"}},{"@type":"ListItem","@id":"https:\/\/www.encontrajequie.com.br\/sobre\/com-apoio-da-prefeitura-jequie-motocar-2025-mobiliza-grande-publico-durante-os-tres-dias-do-evento\/#listItem","position":3,"name":"Com apoio da Prefeitura, Jequi\u00e9 Motocar 2025 mobiliza grande p\u00fablico durante os tr\u00eas dias do evento","previousItem":{"@type":"ListItem","@id":"https:\/\/www.encontrajequie.com.br\/sobre\/noticias-em-jequie\/#listItem","name":"Not\u00edcias Jequi\u00e9"}}]},{"@type":"Organization","@id":"https:\/\/www.encontrajequie.com.br\/sobre\/#organization","name":"Encontra Jequi\u00e9","description":"Not\u00edcias, eventos, informa\u00e7\u00f5es e dicas na cidade de Jequi\u00e9 e regi\u00e3o.","url":"https:\/\/www.encontrajequie.com.br\/sobre\/"},{"@type":"Person","@id":"https:\/\/www.encontrajequie.com.br\/sobre\/author\/ejequie\/#author","url":"https:\/\/www.encontrajequie.com.br\/sobre\/author\/ejequie\/","name":"Encontra Jequi\u00e9","image":{"@type":"ImageObject","@id":"https:\/\/www.encontrajequie.com.br\/sobre\/com-apoio-da-prefeitura-jequie-motocar-2025-mobiliza-grande-publico-durante-os-tres-dias-do-evento\/#authorImage","url":"https:\/\/secure.gravatar.com\/avatar\/507340682b8270222e1f208e23198b6ae7e2c6a1033ae84e99bc6bce4f82a387?s=96&d=mm&r=g","width":96,"height":96,"caption":"Encontra Jequi\u00e9"}},{"@type":"WebPage","@id":"https:\/\/www.encontrajequie.com.br\/sobre\/com-apoio-da-prefeitura-jequie-motocar-2025-mobiliza-grande-publico-durante-os-tres-dias-do-evento\/#webpage","url":"https:\/\/www.encontrajequie.com.br\/sobre\/com-apoio-da-prefeitura-jequie-motocar-2025-mobiliza-grande-publico-durante-os-tres-dias-do-evento\/","name":"Com apoio da Prefeitura, Jequi\u00e9 Motocar 2025 mobiliza grande p\u00fablico durante os tr\u00eas dias do evento | Encontra Jequi\u00e9","description":"Entenda como o antigo artigo 'Just a moment...' pode impactar sua navega\u00e7\u00e3o.","inLanguage":"pt-BR","isPartOf":{"@id":"https:\/\/www.encontrajequie.com.br\/sobre\/#website"},"breadcrumb":{"@id":"https:\/\/www.encontrajequie.com.br\/sobre\/com-apoio-da-prefeitura-jequie-motocar-2025-mobiliza-grande-publico-durante-os-tres-dias-do-evento\/#breadcrumblist"},"author":{"@id":"https:\/\/www.encontrajequie.com.br\/sobre\/author\/ejequie\/#author"},"creator":{"@id":"https:\/\/www.encontrajequie.com.br\/sobre\/author\/ejequie\/#author"},"image":{"@type":"ImageObject","url":"https:\/\/www.encontrajequie.com.br\/sobre\/wp-content\/uploads\/2025\/10\/com-apoio-da-prefeitura-jequie-motocar-2025-mobiliza-grande-publico-durante-os-tres-dias-do-evento.webp","@id":"https:\/\/www.encontrajequie.com.br\/sobre\/com-apoio-da-prefeitura-jequie-motocar-2025-mobiliza-grande-publico-durante-os-tres-dias-do-evento\/#mainImage","width":320,"height":280,"caption":"Just a moment"},"primaryImageOfPage":{"@id":"https:\/\/www.encontrajequie.com.br\/sobre\/com-apoio-da-prefeitura-jequie-motocar-2025-mobiliza-grande-publico-durante-os-tres-dias-do-evento\/#mainImage"},"datePublished":"2025-10-28T06:19:00-03:00","dateModified":"2025-10-28T06:19:00-03:00"},{"@type":"WebSite","@id":"https:\/\/www.encontrajequie.com.br\/sobre\/#website","url":"https:\/\/www.encontrajequie.com.br\/sobre\/","name":"Encontra Jequi\u00e9","description":"Not\u00edcias, eventos, informa\u00e7\u00f5es e dicas na cidade de Jequi\u00e9 e regi\u00e3o.","inLanguage":"pt-BR","publisher":{"@id":"https:\/\/www.encontrajequie.com.br\/sobre\/#organization"}}]},"og:locale":"pt_BR","og:site_name":"Encontra Jequi\u00e9 | Not\u00edcias, eventos, informa\u00e7\u00f5es e dicas na cidade de Jequi\u00e9 e regi\u00e3o.","og:type":"article","og:title":"Com apoio da Prefeitura, Jequi\u00e9 Motocar 2025 mobiliza grande p\u00fablico durante os tr\u00eas dias do evento | Encontra Jequi\u00e9","og:description":"Entenda como o antigo artigo 'Just a moment...' pode impactar sua navega\u00e7\u00e3o.","og:url":"https:\/\/www.encontrajequie.com.br\/sobre\/com-apoio-da-prefeitura-jequie-motocar-2025-mobiliza-grande-publico-durante-os-tres-dias-do-evento\/","article:published_time":"2025-10-28T09:19:00+00:00","article:modified_time":"2025-10-28T09:19:00+00:00","twitter:card":"summary_large_image","twitter:title":"Com apoio da Prefeitura, Jequi\u00e9 Motocar 2025 mobiliza grande p\u00fablico durante os tr\u00eas dias do evento | Encontra Jequi\u00e9","twitter:description":"Entenda como o antigo artigo 'Just a moment...' pode impactar sua navega\u00e7\u00e3o."},"aioseo_meta_data":{"post_id":"202","title":null,"description":null,"keywords":null,"keyphrases":null,"primary_term":null,"canonical_url":null,"og_title":null,"og_description":null,"og_object_type":"default","og_image_type":"default","og_image_url":null,"og_image_width":null,"og_image_height":null,"og_image_custom_url":null,"og_image_custom_fields":null,"og_video":null,"og_custom_url":null,"og_article_section":null,"og_article_tags":null,"twitter_use_og":false,"twitter_card":"default","twitter_image_type":"default","twitter_image_url":null,"twitter_image_custom_url":null,"twitter_image_custom_fields":null,"twitter_title":null,"twitter_description":null,"schema":{"blockGraphs":[],"customGraphs":[],"default":{"data":{"Article":[],"Course":[],"Dataset":[],"FAQPage":[],"Movie":[],"Person":[],"Product":[],"ProductReview":[],"Car":[],"Recipe":[],"Service":[],"SoftwareApplication":[],"WebPage":[]},"graphName":"Article","isEnabled":true},"graphs":[]},"schema_type":"default","schema_type_options":null,"pillar_content":false,"robots_default":true,"robots_noindex":false,"robots_noarchive":false,"robots_nosnippet":false,"robots_nofollow":false,"robots_noimageindex":false,"robots_noodp":false,"robots_notranslate":false,"robots_max_snippet":null,"robots_max_videopreview":null,"robots_max_imagepreview":"large","priority":null,"frequency":null,"local_seo":null,"breadcrumb_settings":null,"limit_modified_date":false,"ai":null,"created":"2025-10-28 11:04:33","updated":"2025-10-28 11:05:52","focus_keyword":null,"additional_keywords":null,"truseo_locale":null,"seo_analyzer_scan_date":null},"aioseo_breadcrumb":"<div class=\"aioseo-breadcrumbs\"><span class=\"aioseo-breadcrumb\">\n\t\t\t<a href=\"https:\/\/www.encontrajequie.com.br\/sobre\" title=\"Home\">Home<\/a>\n\t\t<\/span><span class=\"aioseo-breadcrumb-separator\">&raquo;<\/span><span class=\"aioseo-breadcrumb\">\n\t\t\t<a href=\"https:\/\/www.encontrajequie.com.br\/sobre\/noticias-em-jequie\/\" title=\"Not\u00edcias Jequi\u00e9\">Not\u00edcias Jequi\u00e9<\/a>\n\t\t<\/span><span class=\"aioseo-breadcrumb-separator\">&raquo;<\/span><span class=\"aioseo-breadcrumb\">\n\t\t\tCom apoio da Prefeitura, Jequi\u00e9 Motocar 2025 mobiliza grande p\u00fablico durante os tr\u00eas dias do evento\n\t\t<\/span><\/div>","aioseo_breadcrumb_json":[{"label":"Home","link":"https:\/\/www.encontrajequie.com.br\/sobre"},{"label":"Not\u00edcias Jequi\u00e9","link":"https:\/\/www.encontrajequie.com.br\/sobre\/noticias-em-jequie\/"},{"label":"Com apoio da Prefeitura, Jequi\u00e9 Motocar 2025 mobiliza grande p\u00fablico durante os tr\u00eas dias do evento","link":"https:\/\/www.encontrajequie.com.br\/sobre\/com-apoio-da-prefeitura-jequie-motocar-2025-mobiliza-grande-publico-durante-os-tres-dias-do-evento\/"}],"_links":{"self":[{"href":"https:\/\/www.encontrajequie.com.br\/sobre\/wp-json\/wp\/v2\/posts\/202","targetHints":{"allow":["GET"]}}],"collection":[{"href":"https:\/\/www.encontrajequie.com.br\/sobre\/wp-json\/wp\/v2\/posts"}],"about":[{"href":"https:\/\/www.encontrajequie.com.br\/sobre\/wp-json\/wp\/v2\/types\/post"}],"author":[{"embeddable":true,"href":"https:\/\/www.encontrajequie.com.br\/sobre\/wp-json\/wp\/v2\/users\/1"}],"replies":[{"embeddable":true,"href":"https:\/\/www.encontrajequie.com.br\/sobre\/wp-json\/wp\/v2\/comments?post=202"}],"version-history":[{"count":0,"href":"https:\/\/www.encontrajequie.com.br\/sobre\/wp-json\/wp\/v2\/posts\/202\/revisions"}],"wp:featuredmedia":[{"embeddable":true,"href":"https:\/\/www.encontrajequie.com.br\/sobre\/wp-json\/wp\/v2\/media\/201"}],"wp:attachment":[{"href":"https:\/\/www.encontrajequie.com.br\/sobre\/wp-json\/wp\/v2\/media?parent=202"}],"wp:term":[{"taxonomy":"category","embeddable":true,"href":"https:\/\/www.encontrajequie.com.br\/sobre\/wp-json\/wp\/v2\/categories?post=202"},{"taxonomy":"post_tag","embeddable":true,"href":"https:\/\/www.encontrajequie.com.br\/sobre\/wp-json\/wp\/v2\/tags?post=202"}],"curies":[{"name":"wp","href":"https:\/\/api.w.org\/{rel}","templated":true}]}}