{"id":211,"date":"2025-10-29T08:38:00","date_gmt":"2025-10-29T11:38:00","guid":{"rendered":"https:\/\/www.encontrajequie.com.br\/sobre\/prefeitura-de-jequie-inaugura-posto-de-saude-e-praca-publica-em-nova-esperanca-na-11a-inauguracao-das-24-que-estao-sendo-realizadas-no-mes-de-aniversario-do-municipio\/"},"modified":"2025-10-29T08:38:00","modified_gmt":"2025-10-29T11:38:00","slug":"prefeitura-de-jequie-inaugura-posto-de-saude-e-praca-publica-em-nova-esperanca-na-11a-inauguracao-das-24-que-estao-sendo-realizadas-no-mes-de-aniversario-do-municipio","status":"publish","type":"post","link":"https:\/\/www.encontrajequie.com.br\/sobre\/prefeitura-de-jequie-inaugura-posto-de-saude-e-praca-publica-em-nova-esperanca-na-11a-inauguracao-das-24-que-estao-sendo-realizadas-no-mes-de-aniversario-do-municipio\/","title":{"rendered":"Prefeitura de Jequi\u00e9 inaugura posto de sa\u00fade e pra\u00e7a p\u00fablica em Nova Esperan\u00e7a, na 11\u00aa inaugura\u00e7\u00e3o das 24 que est\u00e3o sendo realizadas no m\u00eas de anivers\u00e1rio do munic\u00edpio"},"content":{"rendered":"<div class=\"30cf832dc5940d4704f66d0ed9a44050\" data-index=\"1\" style=\"float: none; margin:0px;\">\n<!-- Anuncio display - global -->\r\n<ins class=\"adsbygoogle\"\r\n     style=\"display:block\"\r\n     data-ad-client=\"ca-pub-8585364105181520\"\r\n     data-ad-slot=\"8789329856\"\r\n     data-ad-format=\"auto\"\r\n     data-full-width-responsive=\"true\"><\/ins>\r\n<script>\r\n     (adsbygoogle = window.adsbygoogle || []).push({});\r\n<\/script>\n<\/div>\n<h2>Nova Esperan\u00e7a Recebe Posto de Sa\u00fade<\/h2>\n<p>No \u00faltimo evento realizado pela <strong>Prefeitura de Jequi\u00e9<\/strong>, a comunidade de Nova Esperan\u00e7a foi agraciada com a inaugura\u00e7\u00e3o de um novo posto de sa\u00fade. Este governo municipal demonstra seu compromisso em melhorar a sa\u00fade p\u00fablica na zona rural. A instala\u00e7\u00e3o do posto visa atender as necessidades de sa\u00fade dos moradores, garantindo que eles tenham acesso a servi\u00e7os essenciais pr\u00f3ximos de suas casas.<\/p>\n<p>O novo posto de sa\u00fade foi projetado para oferecer uma variedade de servi\u00e7os, incluindo consultas m\u00e9dicas, vacina\u00e7\u00e3o e atendimento de urg\u00eancia. Isso significa menos deslocamento para os moradores e um atendimento mais r\u00e1pido. A infraestrutura foi planejada para ser acolhedora, visando sempre o conforto da popula\u00e7\u00e3o.<\/p>\n<h2>Pra\u00e7a Jertulino Souza Brito: Um Novo Espa\u00e7o<\/h2>\n<p>Al\u00e9m do posto de sa\u00fade, a <strong>Prefeitura de Jequi\u00e9<\/strong> tamb\u00e9m inaugurou a Pra\u00e7a Jertulino Souza Brito. Este espa\u00e7o p\u00fablico foi um projeto muito aguardado pelos moradores e vem para proporcionar um local de lazer e conviv\u00eancia para a comunidade. A pra\u00e7a conta com \u00e1reas verdes, bancos e brinquedos para as crian\u00e7as, criando um ambiente agrad\u00e1vel e seguro.<\/p>\n<p>A Pra\u00e7a Jertulino Souza Brito n\u00e3o apenas embeleza a localidade, mas tamb\u00e9m promove sa\u00fade e bem-estar por meio de atividades de lazer ao ar livre. A cria\u00e7\u00e3o desse espa\u00e7o comunit\u00e1rio \u00e9 fundamental para a intera\u00e7\u00e3o social e o fortalecimento dos v\u00ednculos entre os moradores.<\/p>\n<h2>Compromisso com a Sa\u00fade da Comunidade<\/h2>\n<p>A inaugura\u00e7\u00e3o do Posto de Sa\u00fade e da Pra\u00e7a Jertulino Souza Brito refor\u00e7a o compromisso da administra\u00e7\u00e3o municipal com a sa\u00fade da comunidade. A <strong>Prefeitura de Jequi\u00e9<\/strong> entende que um povo saud\u00e1vel \u00e9 fundamental para o desenvolvimento sustent\u00e1vel da regi\u00e3o. Portanto, investir na sa\u00fade \u00e9 investir no futuro.<\/p>\n<p>Com unidades de sa\u00fade mais pr\u00f3ximas e acess\u00edveis, a prefeitura deseja incentivar os moradores a cuidarem mais de sua sa\u00fade, promovendo campanhas de conscientiza\u00e7\u00e3o e preven\u00e7\u00e3o de doen\u00e7as. O lema da administra\u00e7\u00e3o \u00e9 &#8220;Cuidar da sa\u00fade \u00e9 cuidar da vida&#8221;.<\/p>\n<h2>Presen\u00e7a do Prefeito e Secret\u00e1rios<\/h2>\n<p>No dia da inaugura\u00e7\u00e3o, o <strong>prefeito de Jequi\u00e9<\/strong>, juntamente com secret\u00e1rios municipais, esteve presente para celebrar esse momento hist\u00f3rico para a zona rural. O prefeito destacou a import\u00e2ncia dessas inaugura\u00e7\u00f5es para o avan\u00e7o da qualidade de vida na regi\u00e3o.<\/p>\n<p>Em seu discurso, ele enfatizou a necessidade de unir esfor\u00e7os para garantir que a popula\u00e7\u00e3o tenha sempre o melhor. A presen\u00e7a de diversas autoridades no evento mostra o empenho do governo em investir na sa\u00fade e nas estruturas p\u00fablicas do munic\u00edpio, solidificando a confian\u00e7a da popula\u00e7\u00e3o na administra\u00e7\u00e3o.<\/p>\n<h2>Melhorias Estruturais no Posto<\/h2>\n<p>O novo Posto de Sa\u00fade passou por reformas significativas para se tornar um espa\u00e7o eficiente e acolhedor. As melhorias estruturais incluem salas de atendimento amplas, \u00e1reas de espera confort\u00e1veis e acessibilidade para pessoas com defici\u00eancia.<\/p>\n<p>A equipe m\u00e9dica e de suporte est\u00e1 bem treinada e preparada para atender a demanda da popula\u00e7\u00e3o. Al\u00e9m disso, o posto contar\u00e1 com tecnologia adequada para agilizar servi\u00e7os, como agendamentos e prontu\u00e1rios eletr\u00f4nicos, proporcionando um atendimento mais humanizado e eficaz.<\/p>\n<h2>Novas Oportunidades de Lazer<\/h2>\n<p>Com a entrega da Pra\u00e7a Jertulino Souza Brito, novas oportunidades de lazer surgem para os moradores de Nova Esperan\u00e7a. O espa\u00e7o \u00e9 ideal para atividades familiares, piqueniques, exerc\u00edcios f\u00edsicos e eventos comunit\u00e1rios, contribuindo para um estilo de vida saud\u00e1vel.<\/p>\n<p>A pra\u00e7a foi projetada com diversos equipamentos de lazer, como academias ao ar livre e playgrounds. Essas op\u00e7\u00f5es ajudam a incentivar a pr\u00e1tica de esportes e o fortalecimento de la\u00e7os comunit\u00e1rios entre os moradores.<\/p>\n<h2>Infraestrutura em Nova Esperan\u00e7a<\/h2>\n<p>A melhoria na infraestrutura de Nova Esperan\u00e7a n\u00e3o se limita apenas ao Posto de Sa\u00fade e \u00e0 pra\u00e7a. A <strong>Prefeitura de Jequi\u00e9<\/strong> est\u00e1 trabalhando em outros aspectos que incluem melhorias nas estradas vicinais e na ilumina\u00e7\u00e3o p\u00fablica. Essas a\u00e7\u00f5es visam facilitar o acesso dos moradores aos servi\u00e7os essenciais e aumentar a seguran\u00e7a na regi\u00e3o.<\/p>\n<p>O plano de infraestrutura tamb\u00e9m abrange iniciativas de saneamento b\u00e1sico, garantindo \u00e1gua limpa e esgoto tratado, fundamentais para a sa\u00fade p\u00fablica e bem-estar da comunidade.<\/p>\n<h2>Expectativas para Futuras Inaugura\u00e7\u00f5es<\/h2>\n<p>A inaugura\u00e7\u00e3o do Posto de Sa\u00fade e da Pra\u00e7a Jertulino Souza Brito representa apenas o in\u00edcio de um grande plano de desenvolvimento para a zona rural de Jequi\u00e9. A popula\u00e7\u00e3o est\u00e1 animada e espera que novas obras sejam realizadas em breve, aumentando ainda mais a qualidade de vida na regi\u00e3o.<\/p>\n<p>A <strong>Prefeitura de Jequi\u00e9<\/strong> tem se comprometido a anunciar novos projetos, que incluem obras em educa\u00e7\u00e3o, cultura e mais espa\u00e7os de lazer, demonstrando um investimento cont\u00ednuo no desenvolvimento da comuna.<\/p>\n<h2>Import\u00e2ncia das Inaugura\u00e7\u00f5es na Zona Rural<\/h2>\n<p>As inaugura\u00e7\u00f5es de novas obras p\u00fablicas na zona rural s\u00e3o fundamentais para o desenvolvimento social e econ\u00f4mico das comunidades. Elas melhoram a infraestrutura, promovem a sa\u00fade e geram oportunidades de emprego.<\/p>\n<p>Al\u00e9m disso, essas inaugura\u00e7\u00f5es sinalizam que o governo est\u00e1 atento \u00e0s necessidades dos cidad\u00e3os e busca atender suas demandas, fortalecendo a cidadania e a participa\u00e7\u00e3o da popula\u00e7\u00e3o na vida p\u00fablica.<\/p>\n<h2>Sa\u00fade e Qualidade de Vida em Jequi\u00e9<\/h2>\n<p>O foco na sa\u00fade e na qualidade de vida \u00e9 primordial para a <strong>Prefeitura de Jequi\u00e9<\/strong>, que tem como prioridade garantir que todos os cidad\u00e3os tenham acesso a servi\u00e7os de sa\u00fade de qualidade. Com a inaugura\u00e7\u00e3o do novo posto e da pra\u00e7a, os moradores de Nova Esperan\u00e7a podem desfrutar de melhor qualidade de vida.<\/p>\n<p>Atrav\u00e9s de iniciativas como essa, o munic\u00edpio demonstra seu compromisso em atender \u00e0s necessidades da popula\u00e7\u00e3o, oferecendo servi\u00e7os que promovem sa\u00fade, lazer e bem-estar. Esse \u00e9 um passo importante para a constru\u00e7\u00e3o de uma comunidade saud\u00e1vel e unida.<\/p>\n\n<div style=\"font-size: 0px; height: 0px; line-height: 0px; margin: 0; padding: 0; clear: both;\"><\/div>","protected":false},"excerpt":{"rendered":"<p>Prefeitura de Jequi\u00e9 promove inaugura\u00e7\u00e3o importante em Nova Esperan\u00e7a.<\/p>\n","protected":false},"author":1,"featured_media":210,"comment_status":"open","ping_status":"closed","sticky":false,"template":"","format":"standard","meta":{"footnotes":""},"categories":[1],"tags":[],"class_list":["post-211","post","type-post","status-publish","format-standard","has-post-thumbnail","hentry","category-noticias-em-jequie","has_thumb"],"aioseo_notices":[],"aioseo_head":"\n\t\t<!-- All in One SEO 5.0.0.1 - aioseo.com -->\n\t<meta name=\"description\" content=\"Prefeitura de Jequi\u00e9 promove inaugura\u00e7\u00e3o importante em Nova Esperan\u00e7a.\" \/>\n\t<meta name=\"robots\" content=\"max-image-preview:large\" \/>\n\t<meta name=\"author\" content=\"Encontra Jequi\u00e9\"\/>\n\t<link rel=\"canonical\" href=\"https:\/\/www.encontrajequie.com.br\/sobre\/prefeitura-de-jequie-inaugura-posto-de-saude-e-praca-publica-em-nova-esperanca-na-11a-inauguracao-das-24-que-estao-sendo-realizadas-no-mes-de-aniversario-do-municipio\/\" \/>\n\t<meta name=\"generator\" content=\"All in One SEO (AIOSEO) 5.0.0.1\" \/>\n\t\t<meta property=\"og:locale\" content=\"pt_BR\" \/>\n\t\t<meta property=\"og:site_name\" content=\"Encontra Jequi\u00e9 | Not\u00edcias, eventos, informa\u00e7\u00f5es e dicas na cidade de Jequi\u00e9 e regi\u00e3o.\" \/>\n\t\t<meta property=\"og:type\" content=\"article\" \/>\n\t\t<meta property=\"og:title\" content=\"Prefeitura de Jequi\u00e9 inaugura posto de sa\u00fade e pra\u00e7a p\u00fablica em Nova Esperan\u00e7a, na 11\u00aa inaugura\u00e7\u00e3o das 24 que est\u00e3o sendo realizadas no m\u00eas de anivers\u00e1rio do munic\u00edpio | Encontra Jequi\u00e9\" \/>\n\t\t<meta property=\"og:description\" content=\"Prefeitura de Jequi\u00e9 promove inaugura\u00e7\u00e3o importante em Nova Esperan\u00e7a.\" \/>\n\t\t<meta property=\"og:url\" content=\"https:\/\/www.encontrajequie.com.br\/sobre\/prefeitura-de-jequie-inaugura-posto-de-saude-e-praca-publica-em-nova-esperanca-na-11a-inauguracao-das-24-que-estao-sendo-realizadas-no-mes-de-aniversario-do-municipio\/\" \/>\n\t\t<meta property=\"article:published_time\" content=\"2025-10-29T11:38:00+00:00\" \/>\n\t\t<meta property=\"article:modified_time\" content=\"2025-10-29T11:38:00+00:00\" \/>\n\t\t<meta name=\"twitter:card\" content=\"summary_large_image\" \/>\n\t\t<meta name=\"twitter:title\" content=\"Prefeitura de Jequi\u00e9 inaugura posto de sa\u00fade e pra\u00e7a p\u00fablica em Nova Esperan\u00e7a, na 11\u00aa inaugura\u00e7\u00e3o das 24 que est\u00e3o sendo realizadas no m\u00eas de anivers\u00e1rio do munic\u00edpio | Encontra Jequi\u00e9\" \/>\n\t\t<meta name=\"twitter:description\" content=\"Prefeitura de Jequi\u00e9 promove inaugura\u00e7\u00e3o importante em Nova Esperan\u00e7a.\" \/>\n\t\t<script type=\"application\/ld+json\" class=\"aioseo-schema\">\n\t\t\t{\"@context\":\"https:\\\/\\\/schema.org\",\"@graph\":[{\"@type\":\"Article\",\"@id\":\"https:\\\/\\\/www.encontrajequie.com.br\\\/sobre\\\/prefeitura-de-jequie-inaugura-posto-de-saude-e-praca-publica-em-nova-esperanca-na-11a-inauguracao-das-24-que-estao-sendo-realizadas-no-mes-de-aniversario-do-municipio\\\/#article\",\"name\":\"Prefeitura de Jequi\\u00e9 inaugura posto de sa\\u00fade e pra\\u00e7a p\\u00fablica em Nova Esperan\\u00e7a, na 11\\u00aa inaugura\\u00e7\\u00e3o das 24 que est\\u00e3o sendo realizadas no m\\u00eas de anivers\\u00e1rio do munic\\u00edpio | Encontra Jequi\\u00e9\",\"headline\":\"Prefeitura de Jequi\\u00e9 inaugura posto de sa\\u00fade e pra\\u00e7a p\\u00fablica em Nova Esperan\\u00e7a, na 11\\u00aa inaugura\\u00e7\\u00e3o das 24 que est\\u00e3o sendo realizadas no m\\u00eas de anivers\\u00e1rio do munic\\u00edpio\",\"author\":{\"@id\":\"https:\\\/\\\/www.encontrajequie.com.br\\\/sobre\\\/author\\\/ejequie\\\/#author\"},\"publisher\":{\"@id\":\"https:\\\/\\\/www.encontrajequie.com.br\\\/sobre\\\/#organization\"},\"image\":{\"@type\":\"ImageObject\",\"url\":\"https:\\\/\\\/www.encontrajequie.com.br\\\/sobre\\\/wp-content\\\/uploads\\\/2025\\\/10\\\/prefeitura-de-jequie-inaugura-posto-de-saude-e-praca-publica-em-nova-esperanca-na-11-inauguracao-das.webp\",\"width\":320,\"height\":280,\"caption\":\"Prefeitura de Jequi\\u00e9 inaugura posto de sa\\u00fade e pra\\u00e7a p\\u00fablica\"},\"datePublished\":\"2025-10-29T08:38:00-03:00\",\"dateModified\":\"2025-10-29T08:38:00-03:00\",\"inLanguage\":\"pt-BR\",\"mainEntityOfPage\":{\"@id\":\"https:\\\/\\\/www.encontrajequie.com.br\\\/sobre\\\/prefeitura-de-jequie-inaugura-posto-de-saude-e-praca-publica-em-nova-esperanca-na-11a-inauguracao-das-24-que-estao-sendo-realizadas-no-mes-de-aniversario-do-municipio\\\/#webpage\"},\"isPartOf\":{\"@id\":\"https:\\\/\\\/www.encontrajequie.com.br\\\/sobre\\\/prefeitura-de-jequie-inaugura-posto-de-saude-e-praca-publica-em-nova-esperanca-na-11a-inauguracao-das-24-que-estao-sendo-realizadas-no-mes-de-aniversario-do-municipio\\\/#webpage\"},\"articleSection\":\"Not\\u00edcias Jequi\\u00e9\"},{\"@type\":\"BreadcrumbList\",\"@id\":\"https:\\\/\\\/www.encontrajequie.com.br\\\/sobre\\\/prefeitura-de-jequie-inaugura-posto-de-saude-e-praca-publica-em-nova-esperanca-na-11a-inauguracao-das-24-que-estao-sendo-realizadas-no-mes-de-aniversario-do-municipio\\\/#breadcrumblist\",\"itemListElement\":[{\"@type\":\"ListItem\",\"@id\":\"https:\\\/\\\/www.encontrajequie.com.br\\\/sobre#listItem\",\"position\":1,\"name\":\"Home\",\"item\":\"https:\\\/\\\/www.encontrajequie.com.br\\\/sobre\",\"nextItem\":{\"@type\":\"ListItem\",\"@id\":\"https:\\\/\\\/www.encontrajequie.com.br\\\/sobre\\\/noticias-em-jequie\\\/#listItem\",\"name\":\"Not\\u00edcias Jequi\\u00e9\"}},{\"@type\":\"ListItem\",\"@id\":\"https:\\\/\\\/www.encontrajequie.com.br\\\/sobre\\\/noticias-em-jequie\\\/#listItem\",\"position\":2,\"name\":\"Not\\u00edcias Jequi\\u00e9\",\"item\":\"https:\\\/\\\/www.encontrajequie.com.br\\\/sobre\\\/noticias-em-jequie\\\/\",\"nextItem\":{\"@type\":\"ListItem\",\"@id\":\"https:\\\/\\\/www.encontrajequie.com.br\\\/sobre\\\/prefeitura-de-jequie-inaugura-posto-de-saude-e-praca-publica-em-nova-esperanca-na-11a-inauguracao-das-24-que-estao-sendo-realizadas-no-mes-de-aniversario-do-municipio\\\/#listItem\",\"name\":\"Prefeitura de Jequi\\u00e9 inaugura posto de sa\\u00fade e pra\\u00e7a p\\u00fablica em Nova Esperan\\u00e7a, na 11\\u00aa inaugura\\u00e7\\u00e3o das 24 que est\\u00e3o sendo realizadas no m\\u00eas de anivers\\u00e1rio do munic\\u00edpio\"},\"previousItem\":{\"@type\":\"ListItem\",\"@id\":\"https:\\\/\\\/www.encontrajequie.com.br\\\/sobre#listItem\",\"name\":\"Home\"}},{\"@type\":\"ListItem\",\"@id\":\"https:\\\/\\\/www.encontrajequie.com.br\\\/sobre\\\/prefeitura-de-jequie-inaugura-posto-de-saude-e-praca-publica-em-nova-esperanca-na-11a-inauguracao-das-24-que-estao-sendo-realizadas-no-mes-de-aniversario-do-municipio\\\/#listItem\",\"position\":3,\"name\":\"Prefeitura de Jequi\\u00e9 inaugura posto de sa\\u00fade e pra\\u00e7a p\\u00fablica em Nova Esperan\\u00e7a, na 11\\u00aa inaugura\\u00e7\\u00e3o das 24 que est\\u00e3o sendo realizadas no m\\u00eas de anivers\\u00e1rio do munic\\u00edpio\",\"previousItem\":{\"@type\":\"ListItem\",\"@id\":\"https:\\\/\\\/www.encontrajequie.com.br\\\/sobre\\\/noticias-em-jequie\\\/#listItem\",\"name\":\"Not\\u00edcias Jequi\\u00e9\"}}]},{\"@type\":\"Organization\",\"@id\":\"https:\\\/\\\/www.encontrajequie.com.br\\\/sobre\\\/#organization\",\"name\":\"Encontra Jequi\\u00e9\",\"description\":\"Not\\u00edcias, eventos, informa\\u00e7\\u00f5es e dicas na cidade de Jequi\\u00e9 e regi\\u00e3o.\",\"url\":\"https:\\\/\\\/www.encontrajequie.com.br\\\/sobre\\\/\"},{\"@type\":\"Person\",\"@id\":\"https:\\\/\\\/www.encontrajequie.com.br\\\/sobre\\\/author\\\/ejequie\\\/#author\",\"url\":\"https:\\\/\\\/www.encontrajequie.com.br\\\/sobre\\\/author\\\/ejequie\\\/\",\"name\":\"Encontra Jequi\\u00e9\",\"image\":{\"@type\":\"ImageObject\",\"@id\":\"https:\\\/\\\/www.encontrajequie.com.br\\\/sobre\\\/prefeitura-de-jequie-inaugura-posto-de-saude-e-praca-publica-em-nova-esperanca-na-11a-inauguracao-das-24-que-estao-sendo-realizadas-no-mes-de-aniversario-do-municipio\\\/#authorImage\",\"url\":\"https:\\\/\\\/secure.gravatar.com\\\/avatar\\\/507340682b8270222e1f208e23198b6ae7e2c6a1033ae84e99bc6bce4f82a387?s=96&d=mm&r=g\",\"width\":96,\"height\":96,\"caption\":\"Encontra Jequi\\u00e9\"}},{\"@type\":\"WebPage\",\"@id\":\"https:\\\/\\\/www.encontrajequie.com.br\\\/sobre\\\/prefeitura-de-jequie-inaugura-posto-de-saude-e-praca-publica-em-nova-esperanca-na-11a-inauguracao-das-24-que-estao-sendo-realizadas-no-mes-de-aniversario-do-municipio\\\/#webpage\",\"url\":\"https:\\\/\\\/www.encontrajequie.com.br\\\/sobre\\\/prefeitura-de-jequie-inaugura-posto-de-saude-e-praca-publica-em-nova-esperanca-na-11a-inauguracao-das-24-que-estao-sendo-realizadas-no-mes-de-aniversario-do-municipio\\\/\",\"name\":\"Prefeitura de Jequi\\u00e9 inaugura posto de sa\\u00fade e pra\\u00e7a p\\u00fablica em Nova Esperan\\u00e7a, na 11\\u00aa inaugura\\u00e7\\u00e3o das 24 que est\\u00e3o sendo realizadas no m\\u00eas de anivers\\u00e1rio do munic\\u00edpio | Encontra Jequi\\u00e9\",\"description\":\"Prefeitura de Jequi\\u00e9 promove inaugura\\u00e7\\u00e3o importante em Nova Esperan\\u00e7a.\",\"inLanguage\":\"pt-BR\",\"isPartOf\":{\"@id\":\"https:\\\/\\\/www.encontrajequie.com.br\\\/sobre\\\/#website\"},\"breadcrumb\":{\"@id\":\"https:\\\/\\\/www.encontrajequie.com.br\\\/sobre\\\/prefeitura-de-jequie-inaugura-posto-de-saude-e-praca-publica-em-nova-esperanca-na-11a-inauguracao-das-24-que-estao-sendo-realizadas-no-mes-de-aniversario-do-municipio\\\/#breadcrumblist\"},\"author\":{\"@id\":\"https:\\\/\\\/www.encontrajequie.com.br\\\/sobre\\\/author\\\/ejequie\\\/#author\"},\"creator\":{\"@id\":\"https:\\\/\\\/www.encontrajequie.com.br\\\/sobre\\\/author\\\/ejequie\\\/#author\"},\"image\":{\"@type\":\"ImageObject\",\"url\":\"https:\\\/\\\/www.encontrajequie.com.br\\\/sobre\\\/wp-content\\\/uploads\\\/2025\\\/10\\\/prefeitura-de-jequie-inaugura-posto-de-saude-e-praca-publica-em-nova-esperanca-na-11-inauguracao-das.webp\",\"@id\":\"https:\\\/\\\/www.encontrajequie.com.br\\\/sobre\\\/prefeitura-de-jequie-inaugura-posto-de-saude-e-praca-publica-em-nova-esperanca-na-11a-inauguracao-das-24-que-estao-sendo-realizadas-no-mes-de-aniversario-do-municipio\\\/#mainImage\",\"width\":320,\"height\":280,\"caption\":\"Prefeitura de Jequi\\u00e9 inaugura posto de sa\\u00fade e pra\\u00e7a p\\u00fablica\"},\"primaryImageOfPage\":{\"@id\":\"https:\\\/\\\/www.encontrajequie.com.br\\\/sobre\\\/prefeitura-de-jequie-inaugura-posto-de-saude-e-praca-publica-em-nova-esperanca-na-11a-inauguracao-das-24-que-estao-sendo-realizadas-no-mes-de-aniversario-do-municipio\\\/#mainImage\"},\"datePublished\":\"2025-10-29T08:38:00-03:00\",\"dateModified\":\"2025-10-29T08:38:00-03:00\"},{\"@type\":\"WebSite\",\"@id\":\"https:\\\/\\\/www.encontrajequie.com.br\\\/sobre\\\/#website\",\"url\":\"https:\\\/\\\/www.encontrajequie.com.br\\\/sobre\\\/\",\"name\":\"Encontra Jequi\\u00e9\",\"description\":\"Not\\u00edcias, eventos, informa\\u00e7\\u00f5es e dicas na cidade de Jequi\\u00e9 e regi\\u00e3o.\",\"inLanguage\":\"pt-BR\",\"publisher\":{\"@id\":\"https:\\\/\\\/www.encontrajequie.com.br\\\/sobre\\\/#organization\"}}]}\n\t\t<\/script>\n\t\t<!-- All in One SEO -->\n\n","aioseo_head_json":{"title":"Prefeitura de Jequi\u00e9 inaugura posto de sa\u00fade e pra\u00e7a p\u00fablica em Nova Esperan\u00e7a, na 11\u00aa inaugura\u00e7\u00e3o das 24 que est\u00e3o sendo realizadas no m\u00eas de anivers\u00e1rio do munic\u00edpio | Encontra Jequi\u00e9","description":"Prefeitura de Jequi\u00e9 promove inaugura\u00e7\u00e3o importante em Nova Esperan\u00e7a.","canonical_url":"https:\/\/www.encontrajequie.com.br\/sobre\/prefeitura-de-jequie-inaugura-posto-de-saude-e-praca-publica-em-nova-esperanca-na-11a-inauguracao-das-24-que-estao-sendo-realizadas-no-mes-de-aniversario-do-municipio\/","robots":"max-image-preview:large","keywords":"","webmasterTools":{"miscellaneous":""},"schema":{"@context":"https:\/\/schema.org","@graph":[{"@type":"Article","@id":"https:\/\/www.encontrajequie.com.br\/sobre\/prefeitura-de-jequie-inaugura-posto-de-saude-e-praca-publica-em-nova-esperanca-na-11a-inauguracao-das-24-que-estao-sendo-realizadas-no-mes-de-aniversario-do-municipio\/#article","name":"Prefeitura de Jequi\u00e9 inaugura posto de sa\u00fade e pra\u00e7a p\u00fablica em Nova Esperan\u00e7a, na 11\u00aa inaugura\u00e7\u00e3o das 24 que est\u00e3o sendo realizadas no m\u00eas de anivers\u00e1rio do munic\u00edpio | Encontra Jequi\u00e9","headline":"Prefeitura de Jequi\u00e9 inaugura posto de sa\u00fade e pra\u00e7a p\u00fablica em Nova Esperan\u00e7a, na 11\u00aa inaugura\u00e7\u00e3o das 24 que est\u00e3o sendo realizadas no m\u00eas de anivers\u00e1rio do munic\u00edpio","author":{"@id":"https:\/\/www.encontrajequie.com.br\/sobre\/author\/ejequie\/#author"},"publisher":{"@id":"https:\/\/www.encontrajequie.com.br\/sobre\/#organization"},"image":{"@type":"ImageObject","url":"https:\/\/www.encontrajequie.com.br\/sobre\/wp-content\/uploads\/2025\/10\/prefeitura-de-jequie-inaugura-posto-de-saude-e-praca-publica-em-nova-esperanca-na-11-inauguracao-das.webp","width":320,"height":280,"caption":"Prefeitura de Jequi\u00e9 inaugura posto de sa\u00fade e pra\u00e7a p\u00fablica"},"datePublished":"2025-10-29T08:38:00-03:00","dateModified":"2025-10-29T08:38:00-03:00","inLanguage":"pt-BR","mainEntityOfPage":{"@id":"https:\/\/www.encontrajequie.com.br\/sobre\/prefeitura-de-jequie-inaugura-posto-de-saude-e-praca-publica-em-nova-esperanca-na-11a-inauguracao-das-24-que-estao-sendo-realizadas-no-mes-de-aniversario-do-municipio\/#webpage"},"isPartOf":{"@id":"https:\/\/www.encontrajequie.com.br\/sobre\/prefeitura-de-jequie-inaugura-posto-de-saude-e-praca-publica-em-nova-esperanca-na-11a-inauguracao-das-24-que-estao-sendo-realizadas-no-mes-de-aniversario-do-municipio\/#webpage"},"articleSection":"Not\u00edcias Jequi\u00e9"},{"@type":"BreadcrumbList","@id":"https:\/\/www.encontrajequie.com.br\/sobre\/prefeitura-de-jequie-inaugura-posto-de-saude-e-praca-publica-em-nova-esperanca-na-11a-inauguracao-das-24-que-estao-sendo-realizadas-no-mes-de-aniversario-do-municipio\/#breadcrumblist","itemListElement":[{"@type":"ListItem","@id":"https:\/\/www.encontrajequie.com.br\/sobre#listItem","position":1,"name":"Home","item":"https:\/\/www.encontrajequie.com.br\/sobre","nextItem":{"@type":"ListItem","@id":"https:\/\/www.encontrajequie.com.br\/sobre\/noticias-em-jequie\/#listItem","name":"Not\u00edcias Jequi\u00e9"}},{"@type":"ListItem","@id":"https:\/\/www.encontrajequie.com.br\/sobre\/noticias-em-jequie\/#listItem","position":2,"name":"Not\u00edcias Jequi\u00e9","item":"https:\/\/www.encontrajequie.com.br\/sobre\/noticias-em-jequie\/","nextItem":{"@type":"ListItem","@id":"https:\/\/www.encontrajequie.com.br\/sobre\/prefeitura-de-jequie-inaugura-posto-de-saude-e-praca-publica-em-nova-esperanca-na-11a-inauguracao-das-24-que-estao-sendo-realizadas-no-mes-de-aniversario-do-municipio\/#listItem","name":"Prefeitura de Jequi\u00e9 inaugura posto de sa\u00fade e pra\u00e7a p\u00fablica em Nova Esperan\u00e7a, na 11\u00aa inaugura\u00e7\u00e3o das 24 que est\u00e3o sendo realizadas no m\u00eas de anivers\u00e1rio do munic\u00edpio"},"previousItem":{"@type":"ListItem","@id":"https:\/\/www.encontrajequie.com.br\/sobre#listItem","name":"Home"}},{"@type":"ListItem","@id":"https:\/\/www.encontrajequie.com.br\/sobre\/prefeitura-de-jequie-inaugura-posto-de-saude-e-praca-publica-em-nova-esperanca-na-11a-inauguracao-das-24-que-estao-sendo-realizadas-no-mes-de-aniversario-do-municipio\/#listItem","position":3,"name":"Prefeitura de Jequi\u00e9 inaugura posto de sa\u00fade e pra\u00e7a p\u00fablica em Nova Esperan\u00e7a, na 11\u00aa inaugura\u00e7\u00e3o das 24 que est\u00e3o sendo realizadas no m\u00eas de anivers\u00e1rio do munic\u00edpio","previousItem":{"@type":"ListItem","@id":"https:\/\/www.encontrajequie.com.br\/sobre\/noticias-em-jequie\/#listItem","name":"Not\u00edcias Jequi\u00e9"}}]},{"@type":"Organization","@id":"https:\/\/www.encontrajequie.com.br\/sobre\/#organization","name":"Encontra Jequi\u00e9","description":"Not\u00edcias, eventos, informa\u00e7\u00f5es e dicas na cidade de Jequi\u00e9 e regi\u00e3o.","url":"https:\/\/www.encontrajequie.com.br\/sobre\/"},{"@type":"Person","@id":"https:\/\/www.encontrajequie.com.br\/sobre\/author\/ejequie\/#author","url":"https:\/\/www.encontrajequie.com.br\/sobre\/author\/ejequie\/","name":"Encontra Jequi\u00e9","image":{"@type":"ImageObject","@id":"https:\/\/www.encontrajequie.com.br\/sobre\/prefeitura-de-jequie-inaugura-posto-de-saude-e-praca-publica-em-nova-esperanca-na-11a-inauguracao-das-24-que-estao-sendo-realizadas-no-mes-de-aniversario-do-municipio\/#authorImage","url":"https:\/\/secure.gravatar.com\/avatar\/507340682b8270222e1f208e23198b6ae7e2c6a1033ae84e99bc6bce4f82a387?s=96&d=mm&r=g","width":96,"height":96,"caption":"Encontra Jequi\u00e9"}},{"@type":"WebPage","@id":"https:\/\/www.encontrajequie.com.br\/sobre\/prefeitura-de-jequie-inaugura-posto-de-saude-e-praca-publica-em-nova-esperanca-na-11a-inauguracao-das-24-que-estao-sendo-realizadas-no-mes-de-aniversario-do-municipio\/#webpage","url":"https:\/\/www.encontrajequie.com.br\/sobre\/prefeitura-de-jequie-inaugura-posto-de-saude-e-praca-publica-em-nova-esperanca-na-11a-inauguracao-das-24-que-estao-sendo-realizadas-no-mes-de-aniversario-do-municipio\/","name":"Prefeitura de Jequi\u00e9 inaugura posto de sa\u00fade e pra\u00e7a p\u00fablica em Nova Esperan\u00e7a, na 11\u00aa inaugura\u00e7\u00e3o das 24 que est\u00e3o sendo realizadas no m\u00eas de anivers\u00e1rio do munic\u00edpio | Encontra Jequi\u00e9","description":"Prefeitura de Jequi\u00e9 promove inaugura\u00e7\u00e3o importante em Nova Esperan\u00e7a.","inLanguage":"pt-BR","isPartOf":{"@id":"https:\/\/www.encontrajequie.com.br\/sobre\/#website"},"breadcrumb":{"@id":"https:\/\/www.encontrajequie.com.br\/sobre\/prefeitura-de-jequie-inaugura-posto-de-saude-e-praca-publica-em-nova-esperanca-na-11a-inauguracao-das-24-que-estao-sendo-realizadas-no-mes-de-aniversario-do-municipio\/#breadcrumblist"},"author":{"@id":"https:\/\/www.encontrajequie.com.br\/sobre\/author\/ejequie\/#author"},"creator":{"@id":"https:\/\/www.encontrajequie.com.br\/sobre\/author\/ejequie\/#author"},"image":{"@type":"ImageObject","url":"https:\/\/www.encontrajequie.com.br\/sobre\/wp-content\/uploads\/2025\/10\/prefeitura-de-jequie-inaugura-posto-de-saude-e-praca-publica-em-nova-esperanca-na-11-inauguracao-das.webp","@id":"https:\/\/www.encontrajequie.com.br\/sobre\/prefeitura-de-jequie-inaugura-posto-de-saude-e-praca-publica-em-nova-esperanca-na-11a-inauguracao-das-24-que-estao-sendo-realizadas-no-mes-de-aniversario-do-municipio\/#mainImage","width":320,"height":280,"caption":"Prefeitura de Jequi\u00e9 inaugura posto de sa\u00fade e pra\u00e7a p\u00fablica"},"primaryImageOfPage":{"@id":"https:\/\/www.encontrajequie.com.br\/sobre\/prefeitura-de-jequie-inaugura-posto-de-saude-e-praca-publica-em-nova-esperanca-na-11a-inauguracao-das-24-que-estao-sendo-realizadas-no-mes-de-aniversario-do-municipio\/#mainImage"},"datePublished":"2025-10-29T08:38:00-03:00","dateModified":"2025-10-29T08:38:00-03:00"},{"@type":"WebSite","@id":"https:\/\/www.encontrajequie.com.br\/sobre\/#website","url":"https:\/\/www.encontrajequie.com.br\/sobre\/","name":"Encontra Jequi\u00e9","description":"Not\u00edcias, eventos, informa\u00e7\u00f5es e dicas na cidade de Jequi\u00e9 e regi\u00e3o.","inLanguage":"pt-BR","publisher":{"@id":"https:\/\/www.encontrajequie.com.br\/sobre\/#organization"}}]},"og:locale":"pt_BR","og:site_name":"Encontra Jequi\u00e9 | Not\u00edcias, eventos, informa\u00e7\u00f5es e dicas na cidade de Jequi\u00e9 e regi\u00e3o.","og:type":"article","og:title":"Prefeitura de Jequi\u00e9 inaugura posto de sa\u00fade e pra\u00e7a p\u00fablica em Nova Esperan\u00e7a, na 11\u00aa inaugura\u00e7\u00e3o das 24 que est\u00e3o sendo realizadas no m\u00eas de anivers\u00e1rio do munic\u00edpio | Encontra Jequi\u00e9","og:description":"Prefeitura de Jequi\u00e9 promove inaugura\u00e7\u00e3o importante em Nova Esperan\u00e7a.","og:url":"https:\/\/www.encontrajequie.com.br\/sobre\/prefeitura-de-jequie-inaugura-posto-de-saude-e-praca-publica-em-nova-esperanca-na-11a-inauguracao-das-24-que-estao-sendo-realizadas-no-mes-de-aniversario-do-municipio\/","article:published_time":"2025-10-29T11:38:00+00:00","article:modified_time":"2025-10-29T11:38:00+00:00","twitter:card":"summary_large_image","twitter:title":"Prefeitura de Jequi\u00e9 inaugura posto de sa\u00fade e pra\u00e7a p\u00fablica em Nova Esperan\u00e7a, na 11\u00aa inaugura\u00e7\u00e3o das 24 que est\u00e3o sendo realizadas no m\u00eas de anivers\u00e1rio do munic\u00edpio | Encontra Jequi\u00e9","twitter:description":"Prefeitura de Jequi\u00e9 promove inaugura\u00e7\u00e3o importante em Nova Esperan\u00e7a."},"aioseo_meta_data":{"post_id":"211","title":null,"description":null,"keywords":null,"keyphrases":null,"primary_term":null,"canonical_url":null,"og_title":null,"og_description":null,"og_object_type":"default","og_image_type":"default","og_image_url":null,"og_image_width":null,"og_image_height":null,"og_image_custom_url":null,"og_image_custom_fields":null,"og_video":null,"og_custom_url":null,"og_article_section":null,"og_article_tags":null,"twitter_use_og":false,"twitter_card":"default","twitter_image_type":"default","twitter_image_url":null,"twitter_image_custom_url":null,"twitter_image_custom_fields":null,"twitter_title":null,"twitter_description":null,"schema":{"blockGraphs":[],"customGraphs":[],"default":{"data":{"Article":[],"Course":[],"Dataset":[],"FAQPage":[],"Movie":[],"Person":[],"Product":[],"ProductReview":[],"Car":[],"Recipe":[],"Service":[],"SoftwareApplication":[],"WebPage":[]},"graphName":"Article","isEnabled":true},"graphs":[]},"schema_type":"default","schema_type_options":null,"pillar_content":false,"robots_default":true,"robots_noindex":false,"robots_noarchive":false,"robots_nosnippet":false,"robots_nofollow":false,"robots_noimageindex":false,"robots_noodp":false,"robots_notranslate":false,"robots_max_snippet":null,"robots_max_videopreview":null,"robots_max_imagepreview":"large","priority":null,"frequency":null,"local_seo":null,"breadcrumb_settings":null,"limit_modified_date":false,"ai":null,"created":"2025-10-29 16:57:42","updated":"2025-10-29 17:04:57","focus_keyword":null,"additional_keywords":null,"truseo_locale":null,"seo_analyzer_scan_date":null},"aioseo_breadcrumb":"<div class=\"aioseo-breadcrumbs\"><span class=\"aioseo-breadcrumb\">\n\t\t\t<a href=\"https:\/\/www.encontrajequie.com.br\/sobre\" title=\"Home\">Home<\/a>\n\t\t<\/span><span class=\"aioseo-breadcrumb-separator\">&raquo;<\/span><span class=\"aioseo-breadcrumb\">\n\t\t\t<a href=\"https:\/\/www.encontrajequie.com.br\/sobre\/noticias-em-jequie\/\" title=\"Not\u00edcias Jequi\u00e9\">Not\u00edcias Jequi\u00e9<\/a>\n\t\t<\/span><span class=\"aioseo-breadcrumb-separator\">&raquo;<\/span><span class=\"aioseo-breadcrumb\">\n\t\t\tPrefeitura de Jequi\u00e9 inaugura posto de sa\u00fade e pra\u00e7a p\u00fablica em Nova Esperan\u00e7a, na 11\u00aa inaugura\u00e7\u00e3o das 24 que est\u00e3o sendo realizadas no m\u00eas de anivers\u00e1rio do munic\u00edpio\n\t\t<\/span><\/div>","aioseo_breadcrumb_json":[{"label":"Home","link":"https:\/\/www.encontrajequie.com.br\/sobre"},{"label":"Not\u00edcias Jequi\u00e9","link":"https:\/\/www.encontrajequie.com.br\/sobre\/noticias-em-jequie\/"},{"label":"Prefeitura de Jequi\u00e9 inaugura posto de sa\u00fade e pra\u00e7a p\u00fablica em Nova Esperan\u00e7a, na 11\u00aa inaugura\u00e7\u00e3o das 24 que est\u00e3o sendo realizadas no m\u00eas de anivers\u00e1rio do munic\u00edpio","link":"https:\/\/www.encontrajequie.com.br\/sobre\/prefeitura-de-jequie-inaugura-posto-de-saude-e-praca-publica-em-nova-esperanca-na-11a-inauguracao-das-24-que-estao-sendo-realizadas-no-mes-de-aniversario-do-municipio\/"}],"_links":{"self":[{"href":"https:\/\/www.encontrajequie.com.br\/sobre\/wp-json\/wp\/v2\/posts\/211","targetHints":{"allow":["GET"]}}],"collection":[{"href":"https:\/\/www.encontrajequie.com.br\/sobre\/wp-json\/wp\/v2\/posts"}],"about":[{"href":"https:\/\/www.encontrajequie.com.br\/sobre\/wp-json\/wp\/v2\/types\/post"}],"author":[{"embeddable":true,"href":"https:\/\/www.encontrajequie.com.br\/sobre\/wp-json\/wp\/v2\/users\/1"}],"replies":[{"embeddable":true,"href":"https:\/\/www.encontrajequie.com.br\/sobre\/wp-json\/wp\/v2\/comments?post=211"}],"version-history":[{"count":0,"href":"https:\/\/www.encontrajequie.com.br\/sobre\/wp-json\/wp\/v2\/posts\/211\/revisions"}],"wp:featuredmedia":[{"embeddable":true,"href":"https:\/\/www.encontrajequie.com.br\/sobre\/wp-json\/wp\/v2\/media\/210"}],"wp:attachment":[{"href":"https:\/\/www.encontrajequie.com.br\/sobre\/wp-json\/wp\/v2\/media?parent=211"}],"wp:term":[{"taxonomy":"category","embeddable":true,"href":"https:\/\/www.encontrajequie.com.br\/sobre\/wp-json\/wp\/v2\/categories?post=211"},{"taxonomy":"post_tag","embeddable":true,"href":"https:\/\/www.encontrajequie.com.br\/sobre\/wp-json\/wp\/v2\/tags?post=211"}],"curies":[{"name":"wp","href":"https:\/\/api.w.org\/{rel}","templated":true}]}}