{"id":225,"date":"2025-11-02T11:07:00","date_gmt":"2025-11-02T14:07:00","guid":{"rendered":"https:\/\/www.encontrajequie.com.br\/sobre\/iat-sec-marca-presenca-na-ix-edicao-da-festa-literaria-internacional-do-sertao-de-jequie\/"},"modified":"2025-11-02T11:07:00","modified_gmt":"2025-11-02T14:07:00","slug":"iat-sec-marca-presenca-na-ix-edicao-da-festa-literaria-internacional-do-sertao-de-jequie","status":"publish","type":"post","link":"https:\/\/www.encontrajequie.com.br\/sobre\/iat-sec-marca-presenca-na-ix-edicao-da-festa-literaria-internacional-do-sertao-de-jequie\/","title":{"rendered":"IAT\/SEC marca presen\u00e7a na IX Edi\u00e7\u00e3o da Festa Liter\u00e1ria Internacional do Sert\u00e3o de Jequi\u00e9"},"content":{"rendered":"<div class=\"30cf832dc5940d4704f66d0ed9a44050\" data-index=\"1\" style=\"float: none; margin:0px;\">\n<!-- Anuncio display - global -->\r\n<ins class=\"adsbygoogle\"\r\n     style=\"display:block\"\r\n     data-ad-client=\"ca-pub-8585364105181520\"\r\n     data-ad-slot=\"8789329856\"\r\n     data-ad-format=\"auto\"\r\n     data-full-width-responsive=\"true\"><\/ins>\r\n<script>\r\n     (adsbygoogle = window.adsbygoogle || []).push({});\r\n<\/script>\n<\/div>\n<h2>O que \u00e9 a Felisqui\u00e9?<\/h2>\n<p>A <strong>Felisqui\u00e9<\/strong> \u00e9 uma das mais importantes festas liter\u00e1rias do Brasil, celebrando a literatura e a cultura regional. O evento reune autores, cr\u00edticos e amantes da leitura em um ambiente que valoriza a produ\u00e7\u00e3o liter\u00e1ria e as tradi\u00e7\u00f5es culturais do Sert\u00e3o. Desde sua primeira edi\u00e7\u00e3o, a Felisqui\u00e9 se estabeleceu como um espa\u00e7o de troca de ideias, onde a literatura se torna um ponto de partida para discuss\u00f5es mais amplas sobre sociedade, educa\u00e7\u00e3o e identidade.<\/p>\n<h2>A programa\u00e7\u00e3o da IX Edi\u00e7\u00e3o<\/h2>\n<p>A <strong>IX Edi\u00e7\u00e3o da Felisqui\u00e9<\/strong> trouxe uma programa\u00e7\u00e3o diversificada repleta de eventos, desde palestras com escritores renomados at\u00e9 mesas-redondas com especialistas em literatura e cultura. Entre as atra\u00e7\u00f5es destacadas, estavam:<\/p>\n<ul>\n<li><strong>Palestras:<\/strong> Apresenta\u00e7\u00f5es de autores e especialistas, discutindo temas atuais e intera\u00e7\u00f5es da literatura com outras \u00e1reas do conhecimento.<\/li>\n<li><strong>Debates:<\/strong> Conversas abertas com participa\u00e7\u00e3o do p\u00fablico, onde quest\u00f5es sobre literatura contempor\u00e2nea e desafios da educa\u00e7\u00e3o foram abordadas.<\/li>\n<li><strong>Lan\u00e7amentos de livros:<\/strong> Autores aproveitaram o espa\u00e7o para apresentar suas novas obras ao p\u00fablico.<\/li>\n<\/ul>\n<p>Essa diversidade de atividades atra\u00ed n\u00e3o apenas amantes da literatura, mas tamb\u00e9m estudantes e educadores, promovendo um forte interc\u00e2mbio cultural.<\/p>\n<h2>Oficinas e atividades interativas<\/h2>\n<p>No intuito de engajar o p\u00fablico mais jovem, a Felisqui\u00e9 oferece diversas <strong>oficinas<\/strong> interativas. Essas oficinas s\u00e3o focadas em estimular a criatividade e o gosto pela leitura e pela escrita. Algumas das oficinas realizadas incluem:<\/p>\n<ul>\n<li><strong>Escrita criativa:<\/strong> Auxilia os participantes a desenvolver suas habilidades de escrita atrav\u00e9s de exerc\u00edcios pr\u00e1ticos e abordagens inovadoras.<\/li>\n<li><strong>Conta\u00e7\u00e3o de hist\u00f3rias:<\/strong> Oficinas que ensinam t\u00e9cnicas de narra\u00e7\u00e3o e performance, incentivando a tradi\u00e7\u00e3o oral.<\/li>\n<li><strong>Ilustra\u00e7\u00e3o:<\/strong> Trabalhos que conectam texto e imagem, explorando a cria\u00e7\u00e3o de hist\u00f3rias em quadrinhos e livros ilustrados.<\/li>\n<\/ul>\n<p>Essas atividades ajudam n\u00e3o s\u00f3 na forma\u00e7\u00e3o liter\u00e1ria, mas tamb\u00e9m no desenvolvimento de habilidades sociais e criativas.<\/p>\n<h2>Educa\u00e7\u00e3o p\u00fablica e literatura interativa<\/h2>\n<p>A Felisqui\u00e9 d\u00e1 grande \u00eanfase \u00e0 <strong>educa\u00e7\u00e3o p\u00fablica<\/strong>, integrando a literatura interativa em seu formato. Isso inclui atividades que proporcionam um di\u00e1logo entre literatura e educa\u00e7\u00e3o, como:<\/p>\n<ul>\n<li><strong>Leitura em voz alta:<\/strong> Incentiva o h\u00e1bito da leitura e promove o prazer da descoberta de novos livros entre os jovens.<\/li>\n<li><strong>Teatro liter\u00e1rio:<\/strong> Apresenta\u00e7\u00f5es teatrais baseadas em obras locais que trazem a literatura para a vida, mostrando sua relev\u00e2ncia atual.<\/li>\n<li><strong>Projetos de leitura comunit\u00e1ria:<\/strong> Fomenta a participa\u00e7\u00e3o da comunidade em atividades que promovem a troca de livros e hist\u00f3rias.<\/li>\n<\/ul>\n<p>Essas iniciativas t\u00eam como objetivo promover uma educa\u00e7\u00e3o mais inclusiva e engajadora, destacando a literatura como uma ferramenta de transforma\u00e7\u00e3o social.<\/p>\n<h2>Temas contempor\u00e2neos abordados<\/h2>\n<p>Nesta edi\u00e7\u00e3o da Felisqui\u00e9, os temas contempor\u00e2neos ganharam destaque. Quest\u00f5es como <strong>identidade, meio ambiente<\/strong> e <strong>injusti\u00e7a social<\/strong> foram amplamente discutidas. A abordagem liter\u00e1ria desses temas permite uma reflex\u00e3o mais profunda sobre a sociedade. Entre os debates, surgiram t\u00f3picos relevantes:<\/p>\n<ul>\n<li><strong>Literatura e diversidade:<\/strong> A import\u00e2ncia de narrativas que representem vozes marginalizadas e promovam a inclus\u00e3o.<\/li>\n<li><strong>Sustentabilidade:<\/strong> Como a literatura pode contribuir para a conscientiza\u00e7\u00e3o ambiental e a preserva\u00e7\u00e3o da cultura local.<\/li>\n<li><strong>Intersec\u00e7\u00f5es entre arte e pol\u00edtica:<\/strong> An\u00e1lises sobre como a literatura \u00e9 influenciada por e influencia as quest\u00f5es sociais e pol\u00edticas atuais.<\/li>\n<\/ul>\n<p>Esses debates s\u00e3o cruciais para o fortalecimento de uma consci\u00eancia cr\u00edtica e participativa na comunidade.<\/p>\n<h2>O papel do IAT na Felisqui\u00e9<\/h2>\n<p>O <strong>IAT<\/strong> (Instituto de Arte e Tecnologia) desempenha um papel fundamental na organiza\u00e7\u00e3o e promo\u00e7\u00e3o da Felisqui\u00e9. Al\u00e9m de viabilizar o evento, o IAT cria condi\u00e7\u00f5es para que artistas e escritores tenham um espa\u00e7o para expressar suas ideias. Algumas das fun\u00e7\u00f5es do IAT na Felisqui\u00e9 incluem:<\/p>\n<ul>\n<li><strong>Produ\u00e7\u00e3o cultural:<\/strong> Incentivo ao desenvolvimento de projetos culturais que valorizem a literatura e outras formas de arte.<\/li>\n<li><strong>Forma\u00e7\u00e3o:<\/strong> Oferecimento de cursos e workshops que capacitam escritores e artistas locais, fortalecendo a produ\u00e7\u00e3o liter\u00e1ria regional.<\/li>\n<li><strong>Intermedia\u00e7\u00e3o:<\/strong> Facilita\u00e7\u00e3o de di\u00e1logos entre artistas, educadores e a comunidade, ampliando o acesso \u00e0 cultura.<\/li>\n<\/ul>\n<p>O IAT, com sua vis\u00e3o inovadora, contribui para um festival mais inclusivo e acess\u00edvel.<\/p>\n<h2>Refor\u00e7ando a identidade cultural<\/h2>\n<p>A Felisqui\u00e9 \u00e9 uma plataforma essencial para o <strong>refor\u00e7o da identidade cultural<\/strong> do Sert\u00e3o. O evento valoriza as tradi\u00e7\u00f5es e hist\u00f3rias locais, promovendo:<\/p>\n<ul>\n<li><strong>Literatura regional:<\/strong> Autores locais t\u00eam a oportunidade de apresentar suas obras, fortalecendo a literatura sertaneja.<\/li>\n<li><strong>Preserva\u00e7\u00e3o das tradi\u00e7\u00f5es:<\/strong> Espa\u00e7os dedicados \u00e0 cultura popular, como m\u00fasica, dan\u00e7as e folclore, ajudam a manter viva a identidade cultural.<\/li>\n<li><strong>Di\u00e1logo intercultural:<\/strong> O encontro de diferentes culturas enriquece ainda mais a rela\u00e7\u00e3o com a literatura, permitindo trocas significativas.<\/li>\n<\/ul>\n<p>Esses elementos s\u00e3o cruciais para a constru\u00e7\u00e3o de um espa\u00e7o coletivo que celebra a diversidade cultural e a riqueza da literatura.<\/p>\n<h2>A presen\u00e7a de escritores e artistas<\/h2>\n<p>Artistas e escritores de diversas origens marcaram presen\u00e7a na Felisqui\u00e9, trazendo suas experi\u00eancias e contribui\u00e7\u00f5es. A participa\u00e7\u00e3o de renomados autores proporciona visibilidade e valoriza novos talentos. Entre os escritores presentes, destacaram-se:<\/p>\n<ul>\n<li><strong>Autoras com obras fortes:<\/strong> Escritoras que abordam temas feministas e sociais, inspirando novas gera\u00e7\u00f5es.<\/li>\n<li><strong>Ilustradores:<\/strong> Artistas que trazem suas habilidades para a literatura, tornando as hist\u00f3rias ainda mais cativantes.<\/li>\n<li><strong>Poetas<\/strong>: Receberam aten\u00e7\u00e3o especial, promovendo saraus e recitais que celebraram a palavra falada.<\/li>\n<\/ul>\n<p>A presen\u00e7a desses profissionais enriquece a experi\u00eancia do p\u00fablico, proporcionando um contato pr\u00f3ximo com o universo liter\u00e1rio.<\/p>\n<h2>Cobertura e registro do evento<\/h2>\n<p>A Felisqui\u00e9 conta com uma ampla <strong>cobertura de m\u00eddia<\/strong> que ajuda a documentar e divulgar as atividades realizadas. Jornais, blogs e redes sociais refletem a import\u00e2ncia do evento para a cultura local. Essa cobertura inclui:<\/p>\n<ul>\n<li><strong>Transmiss\u00f5es ao vivo:<\/strong> Algumas palestras e mesas-redondas s\u00e3o transmitidas, permitindo que um p\u00fablico mais amplo participe.<\/li>\n<li><strong>Entrevistas:<\/strong> Profissionais da m\u00eddia conversam com participantes e autores, trazendo insights adicionais sobre o evento.<\/li>\n<li><strong>Relatos pessoais:<\/strong> Muitas pessoas compartilham suas experi\u00eancias nas redes sociais, gerando uma ampla repercuss\u00e3o.<\/li>\n<\/ul>\n<p>A documenta\u00e7\u00e3o e a cobertura ajudam a construir uma mem\u00f3ria cultural rica e acess\u00edvel para as futuras gera\u00e7\u00f5es.<\/p>\n<h2>Felisqui\u00e9 como espa\u00e7o plural<\/h2>\n<p>A <strong>Felisqui\u00e9<\/strong> se destaca como um espa\u00e7o plural, onde diferentes vozes s\u00e3o ouvidas e respeitadas. O evento promove um ambiente de di\u00e1logo aberto, essencial para a constru\u00e7\u00e3o de uma sociedade mais justa. A pluralidade se manifesta em:<\/p>\n<ul>\n<li><strong>Variedade de opini\u00f5es:<\/strong> Debates que incluem diferentes perspectivas, sejam elas culturais, sociais ou pol\u00edticas.<\/li>\n<li><strong>Acessibilidade:<\/strong> O evento busca ser inclusivo, garantindo que pessoas de diversas origens possam participar e expressar suas opini\u00f5es.<\/li>\n<li><strong>Integra\u00e7\u00e3o de jovens e adultos:<\/strong> A Felisqui\u00e9 \u00e9 um ambiente onde diferentes gera\u00e7\u00f5es podem compartilhar experi\u00eancias e aprender umas com as outras.<\/li>\n<\/ul>\n<p>Esse aspecto plural torna a Felisqui\u00e9 um festival \u00fanico, refer\u00eancia em diversidade cultural e liter\u00e1ria no cen\u00e1rio brasileiro.<\/p>\n\n<div style=\"font-size: 0px; height: 0px; line-height: 0px; margin: 0; padding: 0; clear: both;\"><\/div>","protected":false},"excerpt":{"rendered":"<p>Felisqui\u00e9 destaca a presen\u00e7a do IAT\/SEC na IX edi\u00e7\u00e3o da Festa Liter\u00e1ria Internacional do Sert\u00e3o de Jequi\u00e9.<\/p>\n","protected":false},"author":1,"featured_media":224,"comment_status":"open","ping_status":"closed","sticky":false,"template":"","format":"standard","meta":{"footnotes":""},"categories":[1],"tags":[],"class_list":["post-225","post","type-post","status-publish","format-standard","has-post-thumbnail","hentry","category-noticias-em-jequie","has_thumb"],"aioseo_notices":[],"aioseo_head":"\n\t\t<!-- All in One SEO 5.0.0.1 - aioseo.com -->\n\t<meta name=\"description\" content=\"Felisqui\u00e9 destaca a presen\u00e7a do IAT\/SEC na IX edi\u00e7\u00e3o da Festa Liter\u00e1ria Internacional do Sert\u00e3o de Jequi\u00e9.\" \/>\n\t<meta name=\"robots\" content=\"max-image-preview:large\" \/>\n\t<meta name=\"author\" content=\"Encontra Jequi\u00e9\"\/>\n\t<link rel=\"canonical\" href=\"https:\/\/www.encontrajequie.com.br\/sobre\/iat-sec-marca-presenca-na-ix-edicao-da-festa-literaria-internacional-do-sertao-de-jequie\/\" \/>\n\t<meta name=\"generator\" content=\"All in One SEO (AIOSEO) 5.0.0.1\" \/>\n\t\t<meta property=\"og:locale\" content=\"pt_BR\" \/>\n\t\t<meta property=\"og:site_name\" content=\"Encontra Jequi\u00e9 | Not\u00edcias, eventos, informa\u00e7\u00f5es e dicas na cidade de Jequi\u00e9 e regi\u00e3o.\" \/>\n\t\t<meta property=\"og:type\" content=\"article\" \/>\n\t\t<meta property=\"og:title\" content=\"IAT\/SEC marca presen\u00e7a na IX Edi\u00e7\u00e3o da Festa Liter\u00e1ria Internacional do Sert\u00e3o de Jequi\u00e9 | Encontra Jequi\u00e9\" \/>\n\t\t<meta property=\"og:description\" content=\"Felisqui\u00e9 destaca a presen\u00e7a do IAT\/SEC na IX edi\u00e7\u00e3o da Festa Liter\u00e1ria Internacional do Sert\u00e3o de Jequi\u00e9.\" \/>\n\t\t<meta property=\"og:url\" content=\"https:\/\/www.encontrajequie.com.br\/sobre\/iat-sec-marca-presenca-na-ix-edicao-da-festa-literaria-internacional-do-sertao-de-jequie\/\" \/>\n\t\t<meta property=\"article:published_time\" content=\"2025-11-02T14:07:00+00:00\" \/>\n\t\t<meta property=\"article:modified_time\" content=\"2025-11-02T14:07:00+00:00\" \/>\n\t\t<meta name=\"twitter:card\" content=\"summary_large_image\" \/>\n\t\t<meta name=\"twitter:title\" content=\"IAT\/SEC marca presen\u00e7a na IX Edi\u00e7\u00e3o da Festa Liter\u00e1ria Internacional do Sert\u00e3o de Jequi\u00e9 | Encontra Jequi\u00e9\" \/>\n\t\t<meta name=\"twitter:description\" content=\"Felisqui\u00e9 destaca a presen\u00e7a do IAT\/SEC na IX edi\u00e7\u00e3o da Festa Liter\u00e1ria Internacional do Sert\u00e3o de Jequi\u00e9.\" \/>\n\t\t<script type=\"application\/ld+json\" class=\"aioseo-schema\">\n\t\t\t{\"@context\":\"https:\\\/\\\/schema.org\",\"@graph\":[{\"@type\":\"Article\",\"@id\":\"https:\\\/\\\/www.encontrajequie.com.br\\\/sobre\\\/iat-sec-marca-presenca-na-ix-edicao-da-festa-literaria-internacional-do-sertao-de-jequie\\\/#article\",\"name\":\"IAT\\\/SEC marca presen\\u00e7a na IX Edi\\u00e7\\u00e3o da Festa Liter\\u00e1ria Internacional do Sert\\u00e3o de Jequi\\u00e9 | Encontra Jequi\\u00e9\",\"headline\":\"IAT\\\/SEC marca presen\\u00e7a na IX Edi\\u00e7\\u00e3o da Festa Liter\\u00e1ria Internacional do Sert\\u00e3o de Jequi\\u00e9\",\"author\":{\"@id\":\"https:\\\/\\\/www.encontrajequie.com.br\\\/sobre\\\/author\\\/ejequie\\\/#author\"},\"publisher\":{\"@id\":\"https:\\\/\\\/www.encontrajequie.com.br\\\/sobre\\\/#organization\"},\"image\":{\"@type\":\"ImageObject\",\"url\":\"https:\\\/\\\/www.encontrajequie.com.br\\\/sobre\\\/wp-content\\\/uploads\\\/2025\\\/11\\\/iat-sec-marca-presenca-na-ix-edicao-da-festa-literaria-internacional-do-sertao-de-jequie.webp\",\"width\":320,\"height\":280,\"caption\":\"Felisqui\\u00e9\"},\"datePublished\":\"2025-11-02T11:07:00-03:00\",\"dateModified\":\"2025-11-02T11:07:00-03:00\",\"inLanguage\":\"pt-BR\",\"mainEntityOfPage\":{\"@id\":\"https:\\\/\\\/www.encontrajequie.com.br\\\/sobre\\\/iat-sec-marca-presenca-na-ix-edicao-da-festa-literaria-internacional-do-sertao-de-jequie\\\/#webpage\"},\"isPartOf\":{\"@id\":\"https:\\\/\\\/www.encontrajequie.com.br\\\/sobre\\\/iat-sec-marca-presenca-na-ix-edicao-da-festa-literaria-internacional-do-sertao-de-jequie\\\/#webpage\"},\"articleSection\":\"Not\\u00edcias Jequi\\u00e9\"},{\"@type\":\"BreadcrumbList\",\"@id\":\"https:\\\/\\\/www.encontrajequie.com.br\\\/sobre\\\/iat-sec-marca-presenca-na-ix-edicao-da-festa-literaria-internacional-do-sertao-de-jequie\\\/#breadcrumblist\",\"itemListElement\":[{\"@type\":\"ListItem\",\"@id\":\"https:\\\/\\\/www.encontrajequie.com.br\\\/sobre#listItem\",\"position\":1,\"name\":\"Home\",\"item\":\"https:\\\/\\\/www.encontrajequie.com.br\\\/sobre\",\"nextItem\":{\"@type\":\"ListItem\",\"@id\":\"https:\\\/\\\/www.encontrajequie.com.br\\\/sobre\\\/noticias-em-jequie\\\/#listItem\",\"name\":\"Not\\u00edcias Jequi\\u00e9\"}},{\"@type\":\"ListItem\",\"@id\":\"https:\\\/\\\/www.encontrajequie.com.br\\\/sobre\\\/noticias-em-jequie\\\/#listItem\",\"position\":2,\"name\":\"Not\\u00edcias Jequi\\u00e9\",\"item\":\"https:\\\/\\\/www.encontrajequie.com.br\\\/sobre\\\/noticias-em-jequie\\\/\",\"nextItem\":{\"@type\":\"ListItem\",\"@id\":\"https:\\\/\\\/www.encontrajequie.com.br\\\/sobre\\\/iat-sec-marca-presenca-na-ix-edicao-da-festa-literaria-internacional-do-sertao-de-jequie\\\/#listItem\",\"name\":\"IAT\\\/SEC marca presen\\u00e7a na IX Edi\\u00e7\\u00e3o da Festa Liter\\u00e1ria Internacional do Sert\\u00e3o de Jequi\\u00e9\"},\"previousItem\":{\"@type\":\"ListItem\",\"@id\":\"https:\\\/\\\/www.encontrajequie.com.br\\\/sobre#listItem\",\"name\":\"Home\"}},{\"@type\":\"ListItem\",\"@id\":\"https:\\\/\\\/www.encontrajequie.com.br\\\/sobre\\\/iat-sec-marca-presenca-na-ix-edicao-da-festa-literaria-internacional-do-sertao-de-jequie\\\/#listItem\",\"position\":3,\"name\":\"IAT\\\/SEC marca presen\\u00e7a na IX Edi\\u00e7\\u00e3o da Festa Liter\\u00e1ria Internacional do Sert\\u00e3o de Jequi\\u00e9\",\"previousItem\":{\"@type\":\"ListItem\",\"@id\":\"https:\\\/\\\/www.encontrajequie.com.br\\\/sobre\\\/noticias-em-jequie\\\/#listItem\",\"name\":\"Not\\u00edcias Jequi\\u00e9\"}}]},{\"@type\":\"Organization\",\"@id\":\"https:\\\/\\\/www.encontrajequie.com.br\\\/sobre\\\/#organization\",\"name\":\"Encontra Jequi\\u00e9\",\"description\":\"Not\\u00edcias, eventos, informa\\u00e7\\u00f5es e dicas na cidade de Jequi\\u00e9 e regi\\u00e3o.\",\"url\":\"https:\\\/\\\/www.encontrajequie.com.br\\\/sobre\\\/\"},{\"@type\":\"Person\",\"@id\":\"https:\\\/\\\/www.encontrajequie.com.br\\\/sobre\\\/author\\\/ejequie\\\/#author\",\"url\":\"https:\\\/\\\/www.encontrajequie.com.br\\\/sobre\\\/author\\\/ejequie\\\/\",\"name\":\"Encontra Jequi\\u00e9\",\"image\":{\"@type\":\"ImageObject\",\"@id\":\"https:\\\/\\\/www.encontrajequie.com.br\\\/sobre\\\/iat-sec-marca-presenca-na-ix-edicao-da-festa-literaria-internacional-do-sertao-de-jequie\\\/#authorImage\",\"url\":\"https:\\\/\\\/secure.gravatar.com\\\/avatar\\\/507340682b8270222e1f208e23198b6ae7e2c6a1033ae84e99bc6bce4f82a387?s=96&d=mm&r=g\",\"width\":96,\"height\":96,\"caption\":\"Encontra Jequi\\u00e9\"}},{\"@type\":\"WebPage\",\"@id\":\"https:\\\/\\\/www.encontrajequie.com.br\\\/sobre\\\/iat-sec-marca-presenca-na-ix-edicao-da-festa-literaria-internacional-do-sertao-de-jequie\\\/#webpage\",\"url\":\"https:\\\/\\\/www.encontrajequie.com.br\\\/sobre\\\/iat-sec-marca-presenca-na-ix-edicao-da-festa-literaria-internacional-do-sertao-de-jequie\\\/\",\"name\":\"IAT\\\/SEC marca presen\\u00e7a na IX Edi\\u00e7\\u00e3o da Festa Liter\\u00e1ria Internacional do Sert\\u00e3o de Jequi\\u00e9 | Encontra Jequi\\u00e9\",\"description\":\"Felisqui\\u00e9 destaca a presen\\u00e7a do IAT\\\/SEC na IX edi\\u00e7\\u00e3o da Festa Liter\\u00e1ria Internacional do Sert\\u00e3o de Jequi\\u00e9.\",\"inLanguage\":\"pt-BR\",\"isPartOf\":{\"@id\":\"https:\\\/\\\/www.encontrajequie.com.br\\\/sobre\\\/#website\"},\"breadcrumb\":{\"@id\":\"https:\\\/\\\/www.encontrajequie.com.br\\\/sobre\\\/iat-sec-marca-presenca-na-ix-edicao-da-festa-literaria-internacional-do-sertao-de-jequie\\\/#breadcrumblist\"},\"author\":{\"@id\":\"https:\\\/\\\/www.encontrajequie.com.br\\\/sobre\\\/author\\\/ejequie\\\/#author\"},\"creator\":{\"@id\":\"https:\\\/\\\/www.encontrajequie.com.br\\\/sobre\\\/author\\\/ejequie\\\/#author\"},\"image\":{\"@type\":\"ImageObject\",\"url\":\"https:\\\/\\\/www.encontrajequie.com.br\\\/sobre\\\/wp-content\\\/uploads\\\/2025\\\/11\\\/iat-sec-marca-presenca-na-ix-edicao-da-festa-literaria-internacional-do-sertao-de-jequie.webp\",\"@id\":\"https:\\\/\\\/www.encontrajequie.com.br\\\/sobre\\\/iat-sec-marca-presenca-na-ix-edicao-da-festa-literaria-internacional-do-sertao-de-jequie\\\/#mainImage\",\"width\":320,\"height\":280,\"caption\":\"Felisqui\\u00e9\"},\"primaryImageOfPage\":{\"@id\":\"https:\\\/\\\/www.encontrajequie.com.br\\\/sobre\\\/iat-sec-marca-presenca-na-ix-edicao-da-festa-literaria-internacional-do-sertao-de-jequie\\\/#mainImage\"},\"datePublished\":\"2025-11-02T11:07:00-03:00\",\"dateModified\":\"2025-11-02T11:07:00-03:00\"},{\"@type\":\"WebSite\",\"@id\":\"https:\\\/\\\/www.encontrajequie.com.br\\\/sobre\\\/#website\",\"url\":\"https:\\\/\\\/www.encontrajequie.com.br\\\/sobre\\\/\",\"name\":\"Encontra Jequi\\u00e9\",\"description\":\"Not\\u00edcias, eventos, informa\\u00e7\\u00f5es e dicas na cidade de Jequi\\u00e9 e regi\\u00e3o.\",\"inLanguage\":\"pt-BR\",\"publisher\":{\"@id\":\"https:\\\/\\\/www.encontrajequie.com.br\\\/sobre\\\/#organization\"}}]}\n\t\t<\/script>\n\t\t<!-- All in One SEO -->\n\n","aioseo_head_json":{"title":"IAT\/SEC marca presen\u00e7a na IX Edi\u00e7\u00e3o da Festa Liter\u00e1ria Internacional do Sert\u00e3o de Jequi\u00e9 | Encontra Jequi\u00e9","description":"Felisqui\u00e9 destaca a presen\u00e7a do IAT\/SEC na IX edi\u00e7\u00e3o da Festa Liter\u00e1ria Internacional do Sert\u00e3o de Jequi\u00e9.","canonical_url":"https:\/\/www.encontrajequie.com.br\/sobre\/iat-sec-marca-presenca-na-ix-edicao-da-festa-literaria-internacional-do-sertao-de-jequie\/","robots":"max-image-preview:large","keywords":"","webmasterTools":{"miscellaneous":""},"schema":{"@context":"https:\/\/schema.org","@graph":[{"@type":"Article","@id":"https:\/\/www.encontrajequie.com.br\/sobre\/iat-sec-marca-presenca-na-ix-edicao-da-festa-literaria-internacional-do-sertao-de-jequie\/#article","name":"IAT\/SEC marca presen\u00e7a na IX Edi\u00e7\u00e3o da Festa Liter\u00e1ria Internacional do Sert\u00e3o de Jequi\u00e9 | Encontra Jequi\u00e9","headline":"IAT\/SEC marca presen\u00e7a na IX Edi\u00e7\u00e3o da Festa Liter\u00e1ria Internacional do Sert\u00e3o de Jequi\u00e9","author":{"@id":"https:\/\/www.encontrajequie.com.br\/sobre\/author\/ejequie\/#author"},"publisher":{"@id":"https:\/\/www.encontrajequie.com.br\/sobre\/#organization"},"image":{"@type":"ImageObject","url":"https:\/\/www.encontrajequie.com.br\/sobre\/wp-content\/uploads\/2025\/11\/iat-sec-marca-presenca-na-ix-edicao-da-festa-literaria-internacional-do-sertao-de-jequie.webp","width":320,"height":280,"caption":"Felisqui\u00e9"},"datePublished":"2025-11-02T11:07:00-03:00","dateModified":"2025-11-02T11:07:00-03:00","inLanguage":"pt-BR","mainEntityOfPage":{"@id":"https:\/\/www.encontrajequie.com.br\/sobre\/iat-sec-marca-presenca-na-ix-edicao-da-festa-literaria-internacional-do-sertao-de-jequie\/#webpage"},"isPartOf":{"@id":"https:\/\/www.encontrajequie.com.br\/sobre\/iat-sec-marca-presenca-na-ix-edicao-da-festa-literaria-internacional-do-sertao-de-jequie\/#webpage"},"articleSection":"Not\u00edcias Jequi\u00e9"},{"@type":"BreadcrumbList","@id":"https:\/\/www.encontrajequie.com.br\/sobre\/iat-sec-marca-presenca-na-ix-edicao-da-festa-literaria-internacional-do-sertao-de-jequie\/#breadcrumblist","itemListElement":[{"@type":"ListItem","@id":"https:\/\/www.encontrajequie.com.br\/sobre#listItem","position":1,"name":"Home","item":"https:\/\/www.encontrajequie.com.br\/sobre","nextItem":{"@type":"ListItem","@id":"https:\/\/www.encontrajequie.com.br\/sobre\/noticias-em-jequie\/#listItem","name":"Not\u00edcias Jequi\u00e9"}},{"@type":"ListItem","@id":"https:\/\/www.encontrajequie.com.br\/sobre\/noticias-em-jequie\/#listItem","position":2,"name":"Not\u00edcias Jequi\u00e9","item":"https:\/\/www.encontrajequie.com.br\/sobre\/noticias-em-jequie\/","nextItem":{"@type":"ListItem","@id":"https:\/\/www.encontrajequie.com.br\/sobre\/iat-sec-marca-presenca-na-ix-edicao-da-festa-literaria-internacional-do-sertao-de-jequie\/#listItem","name":"IAT\/SEC marca presen\u00e7a na IX Edi\u00e7\u00e3o da Festa Liter\u00e1ria Internacional do Sert\u00e3o de Jequi\u00e9"},"previousItem":{"@type":"ListItem","@id":"https:\/\/www.encontrajequie.com.br\/sobre#listItem","name":"Home"}},{"@type":"ListItem","@id":"https:\/\/www.encontrajequie.com.br\/sobre\/iat-sec-marca-presenca-na-ix-edicao-da-festa-literaria-internacional-do-sertao-de-jequie\/#listItem","position":3,"name":"IAT\/SEC marca presen\u00e7a na IX Edi\u00e7\u00e3o da Festa Liter\u00e1ria Internacional do Sert\u00e3o de Jequi\u00e9","previousItem":{"@type":"ListItem","@id":"https:\/\/www.encontrajequie.com.br\/sobre\/noticias-em-jequie\/#listItem","name":"Not\u00edcias Jequi\u00e9"}}]},{"@type":"Organization","@id":"https:\/\/www.encontrajequie.com.br\/sobre\/#organization","name":"Encontra Jequi\u00e9","description":"Not\u00edcias, eventos, informa\u00e7\u00f5es e dicas na cidade de Jequi\u00e9 e regi\u00e3o.","url":"https:\/\/www.encontrajequie.com.br\/sobre\/"},{"@type":"Person","@id":"https:\/\/www.encontrajequie.com.br\/sobre\/author\/ejequie\/#author","url":"https:\/\/www.encontrajequie.com.br\/sobre\/author\/ejequie\/","name":"Encontra Jequi\u00e9","image":{"@type":"ImageObject","@id":"https:\/\/www.encontrajequie.com.br\/sobre\/iat-sec-marca-presenca-na-ix-edicao-da-festa-literaria-internacional-do-sertao-de-jequie\/#authorImage","url":"https:\/\/secure.gravatar.com\/avatar\/507340682b8270222e1f208e23198b6ae7e2c6a1033ae84e99bc6bce4f82a387?s=96&d=mm&r=g","width":96,"height":96,"caption":"Encontra Jequi\u00e9"}},{"@type":"WebPage","@id":"https:\/\/www.encontrajequie.com.br\/sobre\/iat-sec-marca-presenca-na-ix-edicao-da-festa-literaria-internacional-do-sertao-de-jequie\/#webpage","url":"https:\/\/www.encontrajequie.com.br\/sobre\/iat-sec-marca-presenca-na-ix-edicao-da-festa-literaria-internacional-do-sertao-de-jequie\/","name":"IAT\/SEC marca presen\u00e7a na IX Edi\u00e7\u00e3o da Festa Liter\u00e1ria Internacional do Sert\u00e3o de Jequi\u00e9 | Encontra Jequi\u00e9","description":"Felisqui\u00e9 destaca a presen\u00e7a do IAT\/SEC na IX edi\u00e7\u00e3o da Festa Liter\u00e1ria Internacional do Sert\u00e3o de Jequi\u00e9.","inLanguage":"pt-BR","isPartOf":{"@id":"https:\/\/www.encontrajequie.com.br\/sobre\/#website"},"breadcrumb":{"@id":"https:\/\/www.encontrajequie.com.br\/sobre\/iat-sec-marca-presenca-na-ix-edicao-da-festa-literaria-internacional-do-sertao-de-jequie\/#breadcrumblist"},"author":{"@id":"https:\/\/www.encontrajequie.com.br\/sobre\/author\/ejequie\/#author"},"creator":{"@id":"https:\/\/www.encontrajequie.com.br\/sobre\/author\/ejequie\/#author"},"image":{"@type":"ImageObject","url":"https:\/\/www.encontrajequie.com.br\/sobre\/wp-content\/uploads\/2025\/11\/iat-sec-marca-presenca-na-ix-edicao-da-festa-literaria-internacional-do-sertao-de-jequie.webp","@id":"https:\/\/www.encontrajequie.com.br\/sobre\/iat-sec-marca-presenca-na-ix-edicao-da-festa-literaria-internacional-do-sertao-de-jequie\/#mainImage","width":320,"height":280,"caption":"Felisqui\u00e9"},"primaryImageOfPage":{"@id":"https:\/\/www.encontrajequie.com.br\/sobre\/iat-sec-marca-presenca-na-ix-edicao-da-festa-literaria-internacional-do-sertao-de-jequie\/#mainImage"},"datePublished":"2025-11-02T11:07:00-03:00","dateModified":"2025-11-02T11:07:00-03:00"},{"@type":"WebSite","@id":"https:\/\/www.encontrajequie.com.br\/sobre\/#website","url":"https:\/\/www.encontrajequie.com.br\/sobre\/","name":"Encontra Jequi\u00e9","description":"Not\u00edcias, eventos, informa\u00e7\u00f5es e dicas na cidade de Jequi\u00e9 e regi\u00e3o.","inLanguage":"pt-BR","publisher":{"@id":"https:\/\/www.encontrajequie.com.br\/sobre\/#organization"}}]},"og:locale":"pt_BR","og:site_name":"Encontra Jequi\u00e9 | Not\u00edcias, eventos, informa\u00e7\u00f5es e dicas na cidade de Jequi\u00e9 e regi\u00e3o.","og:type":"article","og:title":"IAT\/SEC marca presen\u00e7a na IX Edi\u00e7\u00e3o da Festa Liter\u00e1ria Internacional do Sert\u00e3o de Jequi\u00e9 | Encontra Jequi\u00e9","og:description":"Felisqui\u00e9 destaca a presen\u00e7a do IAT\/SEC na IX edi\u00e7\u00e3o da Festa Liter\u00e1ria Internacional do Sert\u00e3o de Jequi\u00e9.","og:url":"https:\/\/www.encontrajequie.com.br\/sobre\/iat-sec-marca-presenca-na-ix-edicao-da-festa-literaria-internacional-do-sertao-de-jequie\/","article:published_time":"2025-11-02T14:07:00+00:00","article:modified_time":"2025-11-02T14:07:00+00:00","twitter:card":"summary_large_image","twitter:title":"IAT\/SEC marca presen\u00e7a na IX Edi\u00e7\u00e3o da Festa Liter\u00e1ria Internacional do Sert\u00e3o de Jequi\u00e9 | Encontra Jequi\u00e9","twitter:description":"Felisqui\u00e9 destaca a presen\u00e7a do IAT\/SEC na IX edi\u00e7\u00e3o da Festa Liter\u00e1ria Internacional do Sert\u00e3o de Jequi\u00e9."},"aioseo_meta_data":{"post_id":"225","title":null,"description":null,"keywords":null,"keyphrases":null,"primary_term":null,"canonical_url":null,"og_title":null,"og_description":null,"og_object_type":"default","og_image_type":"default","og_image_url":null,"og_image_width":null,"og_image_height":null,"og_image_custom_url":null,"og_image_custom_fields":null,"og_video":null,"og_custom_url":null,"og_article_section":null,"og_article_tags":null,"twitter_use_og":false,"twitter_card":"default","twitter_image_type":"default","twitter_image_url":null,"twitter_image_custom_url":null,"twitter_image_custom_fields":null,"twitter_title":null,"twitter_description":null,"schema":{"blockGraphs":[],"customGraphs":[],"default":{"data":{"Article":[],"Course":[],"Dataset":[],"FAQPage":[],"Movie":[],"Person":[],"Product":[],"ProductReview":[],"Car":[],"Recipe":[],"Service":[],"SoftwareApplication":[],"WebPage":[]},"graphName":"Article","isEnabled":true},"graphs":[]},"schema_type":"default","schema_type_options":null,"pillar_content":false,"robots_default":true,"robots_noindex":false,"robots_noarchive":false,"robots_nosnippet":false,"robots_nofollow":false,"robots_noimageindex":false,"robots_noodp":false,"robots_notranslate":false,"robots_max_snippet":null,"robots_max_videopreview":null,"robots_max_imagepreview":"large","priority":null,"frequency":null,"local_seo":null,"breadcrumb_settings":null,"limit_modified_date":false,"ai":null,"created":"2025-11-03 10:58:36","updated":"2025-11-03 11:00:21","focus_keyword":null,"additional_keywords":null,"truseo_locale":null,"seo_analyzer_scan_date":null},"aioseo_breadcrumb":"<div class=\"aioseo-breadcrumbs\"><span class=\"aioseo-breadcrumb\">\n\t\t\t<a href=\"https:\/\/www.encontrajequie.com.br\/sobre\" title=\"Home\">Home<\/a>\n\t\t<\/span><span class=\"aioseo-breadcrumb-separator\">&raquo;<\/span><span class=\"aioseo-breadcrumb\">\n\t\t\t<a href=\"https:\/\/www.encontrajequie.com.br\/sobre\/noticias-em-jequie\/\" title=\"Not\u00edcias Jequi\u00e9\">Not\u00edcias Jequi\u00e9<\/a>\n\t\t<\/span><span class=\"aioseo-breadcrumb-separator\">&raquo;<\/span><span class=\"aioseo-breadcrumb\">\n\t\t\tIAT\/SEC marca presen\u00e7a na IX Edi\u00e7\u00e3o da Festa Liter\u00e1ria Internacional do Sert\u00e3o de Jequi\u00e9\n\t\t<\/span><\/div>","aioseo_breadcrumb_json":[{"label":"Home","link":"https:\/\/www.encontrajequie.com.br\/sobre"},{"label":"Not\u00edcias Jequi\u00e9","link":"https:\/\/www.encontrajequie.com.br\/sobre\/noticias-em-jequie\/"},{"label":"IAT\/SEC marca presen\u00e7a na IX Edi\u00e7\u00e3o da Festa Liter\u00e1ria Internacional do Sert\u00e3o de Jequi\u00e9","link":"https:\/\/www.encontrajequie.com.br\/sobre\/iat-sec-marca-presenca-na-ix-edicao-da-festa-literaria-internacional-do-sertao-de-jequie\/"}],"_links":{"self":[{"href":"https:\/\/www.encontrajequie.com.br\/sobre\/wp-json\/wp\/v2\/posts\/225","targetHints":{"allow":["GET"]}}],"collection":[{"href":"https:\/\/www.encontrajequie.com.br\/sobre\/wp-json\/wp\/v2\/posts"}],"about":[{"href":"https:\/\/www.encontrajequie.com.br\/sobre\/wp-json\/wp\/v2\/types\/post"}],"author":[{"embeddable":true,"href":"https:\/\/www.encontrajequie.com.br\/sobre\/wp-json\/wp\/v2\/users\/1"}],"replies":[{"embeddable":true,"href":"https:\/\/www.encontrajequie.com.br\/sobre\/wp-json\/wp\/v2\/comments?post=225"}],"version-history":[{"count":0,"href":"https:\/\/www.encontrajequie.com.br\/sobre\/wp-json\/wp\/v2\/posts\/225\/revisions"}],"wp:featuredmedia":[{"embeddable":true,"href":"https:\/\/www.encontrajequie.com.br\/sobre\/wp-json\/wp\/v2\/media\/224"}],"wp:attachment":[{"href":"https:\/\/www.encontrajequie.com.br\/sobre\/wp-json\/wp\/v2\/media?parent=225"}],"wp:term":[{"taxonomy":"category","embeddable":true,"href":"https:\/\/www.encontrajequie.com.br\/sobre\/wp-json\/wp\/v2\/categories?post=225"},{"taxonomy":"post_tag","embeddable":true,"href":"https:\/\/www.encontrajequie.com.br\/sobre\/wp-json\/wp\/v2\/tags?post=225"}],"curies":[{"name":"wp","href":"https:\/\/api.w.org\/{rel}","templated":true}]}}