{"id":242,"date":"2025-11-05T10:44:00","date_gmt":"2025-11-05T13:44:00","guid":{"rendered":"https:\/\/www.encontrajequie.com.br\/sobre\/prefeitura-de-jequie-lanca-edital-de-concurso-publico-com-vagas-imediatas-na-educacao-e-cadastro-de-reservas\/"},"modified":"2025-11-05T10:44:00","modified_gmt":"2025-11-05T13:44:00","slug":"prefeitura-de-jequie-lanca-edital-de-concurso-publico-com-vagas-imediatas-na-educacao-e-cadastro-de-reservas","status":"publish","type":"post","link":"https:\/\/www.encontrajequie.com.br\/sobre\/prefeitura-de-jequie-lanca-edital-de-concurso-publico-com-vagas-imediatas-na-educacao-e-cadastro-de-reservas\/","title":{"rendered":"Prefeitura de Jequi\u00e9 lan\u00e7a edital de Concurso P\u00fablico com vagas imediatas na Educa\u00e7\u00e3o e cadastro de reservas"},"content":{"rendered":"<div class=\"30cf832dc5940d4704f66d0ed9a44050\" data-index=\"1\" style=\"float: none; margin:0px;\">\n<!-- Anuncio display - global -->\r\n<ins class=\"adsbygoogle\"\r\n     style=\"display:block\"\r\n     data-ad-client=\"ca-pub-8585364105181520\"\r\n     data-ad-slot=\"8789329856\"\r\n     data-ad-format=\"auto\"\r\n     data-full-width-responsive=\"true\"><\/ins>\r\n<script>\r\n     (adsbygoogle = window.adsbygoogle || []).push({});\r\n<\/script>\n<\/div>\n<h2>Vagas Dispon\u00edveis no Concurso<\/h2>\n<p>O Concurso P\u00fablico para a Educa\u00e7\u00e3o em Jequi\u00e9 oferece uma variedade de <strong>vagas<\/strong> para diferentes n\u00edveis de forma\u00e7\u00e3o. As oportunidades incluem:<\/p>\n<ul>\n<li><strong>Professores:<\/strong> Vagas para diversas disciplinas, incluindo Educa\u00e7\u00e3o F\u00edsica, Matem\u00e1tica, Portugu\u00eas e Ci\u00eancias.<\/li>\n<li><strong>Monitores:<\/strong> Para auxiliar em atividades pedag\u00f3gicas nas escolas.<\/li>\n<li><strong>Assistente Administrativo:<\/strong> Respons\u00e1vel por fun\u00e7\u00f5es administrativas nas institui\u00e7\u00f5es de ensino.<\/li>\n<li><strong>Coordenadores Pedag\u00f3gicos:<\/strong> Para supervisionar e apoiar a equipe docente.<\/li>\n<\/ul>\n<p>A quantidade de vagas pode variar, ent\u00e3o \u00e9 importante acompanhar os comunicados oficiais.<\/p>\n<h2>Como Funciona o Processo Seletivo<\/h2>\n<p>O processo seletivo para o Concurso P\u00fablico da Educa\u00e7\u00e3o em Jequi\u00e9 \u00e9 estruturado em etapas bem definidas. Geralmente, as etapas incluem:<\/p>\n<ul>\n<li><strong>Inscri\u00e7\u00e3o:<\/strong> Os candidatos devem preencher o formul\u00e1rio de inscri\u00e7\u00e3o em um portal espec\u00edfico.<\/li>\n<li><strong>Prova Objetiva:<\/strong> Com quest\u00f5es de m\u00faltipla escolha abordando conhecimentos espec\u00edficos e gerais.<\/li>\n<li><strong>Avalia\u00e7\u00e3o de T\u00edtulos:<\/strong> Onde \u00e9 feita a an\u00e1lise da forma\u00e7\u00e3o e experi\u00eancia profissional.<\/li>\n<\/ul>\n<p>Al\u00e9m disso, as provas s\u00e3o preparadas de acordo com as diretrizes estabelecidas no edital. A transpar\u00eancia e a imparcialidade s\u00e3o essenciais nesse processo.<\/p>\n<h2>Detalhes do Edital<\/h2>\n<p>O edital \u00e9 o documento mais importante do concurso, pois traz todas as informa\u00e7\u00f5es necess\u00e1rias sobre o certame. \u00c9 fundamental l\u00ea-lo com aten\u00e7\u00e3o. Alguns pontos importantes incluem:<\/p>\n<ul>\n<li><strong>Conte\u00fado Program\u00e1tico:<\/strong> Disciplinas e t\u00f3picos que ser\u00e3o cobrados nas provas.<\/li>\n<li><strong>Formato da Prova:<\/strong> Detalhes sobre o tipo de quest\u00f5es e a dura\u00e7\u00e3o da prova.<\/li>\n<li><strong>Criterios de Aprova\u00e7\u00e3o:<\/strong> Nota m\u00ednima para ser considerado aprovado.<\/li>\n<li><strong>Data das Provas:<\/strong> Quando e onde ser\u00e3o realizadas as avalia\u00e7\u00f5es.<\/li>\n<\/ul>\n<p>O edital \u00e9 publicado por meio do site oficial da prefeitura ou do \u00f3rg\u00e3o respons\u00e1vel, ent\u00e3o fique atento a essas comunica\u00e7\u00f5es!<\/p>\n<h2>Inscri\u00e7\u00f5es: Prazo e Como Participar<\/h2>\n<p>As inscri\u00e7\u00f5es para o Concurso P\u00fablico em Jequi\u00e9 devem ser feitas por meio do site oficial designado no edital. Os aspectos a serem considerados s\u00e3o:<\/p>\n<ul>\n<li><strong>Prazo de Inscri\u00e7\u00e3o:<\/strong> Geralmente, as inscri\u00e7\u00f5es ocorrem em um per\u00edodo espec\u00edfico, que ser\u00e1 informado no edital.<\/li>\n<li><strong>Documenta\u00e7\u00e3o Necess\u00e1ria:<\/strong> \u00c9 comum solicitar documentos como CPF, identidade e comprovante de escolaridade.<\/li>\n<li><strong>Taxa de Inscri\u00e7\u00e3o:<\/strong> Verifique se h\u00e1 uma taxa e qual o valor.<\/li>\n<\/ul>\n<p>Realize sua inscri\u00e7\u00e3o dentro do prazo para garantir sua participa\u00e7\u00e3o no concurso!<\/p>\n<h2>Quem Pode se Inscrever?<\/h2>\n<p>Os requisitos para inscri\u00e7\u00e3o variam conforme o cargo. De maneira geral, os crit\u00e9rios incluem:<\/p>\n<ul>\n<li><strong>Escolaridade:<\/strong> Dependendo do cargo, pode ser exigido ensino m\u00e9dio, superior ou gradua\u00e7\u00e3o espec\u00edfica.<\/li>\n<li><strong>Idade M\u00ednima:<\/strong> Candidatos devem ter pelo menos 18 anos.<\/li>\n<li><strong>Aptid\u00e3o F\u00edsica:<\/strong> Alguns cargos podem solicitar laudos m\u00e9dicos para atestar a aptid\u00e3o f\u00edsica.<\/li>\n<\/ul>\n<p>Verifique sempre as especifica\u00e7\u00f5es no edital para ver se voc\u00ea atende a todos os requisitos.<\/p>\n<h2>O que Esperar da Prova<\/h2>\n<p>A prova do Concurso P\u00fablico em Jequi\u00e9 ser\u00e1 um momento decisivo. Aqui est\u00e3o algumas dicas sobre o que esperar:<\/p>\n<ul>\n<li><strong>Dura\u00e7\u00e3o:<\/strong> As provas geralmente duram entre 3 a 5 horas.<\/li>\n<li><strong>Quest\u00f5es Objetivas:<\/strong> Normalmente s\u00e3o de m\u00faltipla escolha, com quatro ou cinco alternativas.<\/li>\n<li><strong>Conte\u00fado:<\/strong> Quest\u00f5es podem abordar desde conhecimentos de L\u00edngua Portuguesa at\u00e9 Matem\u00e1tica e temas pedag\u00f3gicos.<\/li>\n<li><strong>Avalia\u00e7\u00e3o:<\/strong> Estabele\u00e7a uma estrat\u00e9gia de resposta para garantir que voc\u00ea responda todas as quest\u00f5es dentro do tempo limite.<\/li>\n<\/ul>\n<p>Prepare-se bem e treine com provas de edi\u00e7\u00f5es anteriores!<\/p>\n<h2>Vantagens de Trabalhar na Educa\u00e7\u00e3o<\/h2>\n<p>Trabalhar na educa\u00e7\u00e3o em Jequi\u00e9 traz v\u00e1rias vantagens, entre elas:<\/p>\n<ul>\n<li><strong>Estabilidade:<\/strong> O cargo p\u00fablico oferece seguran\u00e7a e estabilidade financeira.<\/li>\n<li><strong>Impacto Social:<\/strong> Contribuir para a forma\u00e7\u00e3o e desenvolvimento de crian\u00e7as e jovens \u00e9 uma tarefa gratificante.<\/li>\n<li><strong>Benef\u00edcios:<\/strong> Al\u00e9m do sal\u00e1rio, trabalhadores da educa\u00e7\u00e3o t\u00eam acesso a benef\u00edcios como f\u00e9rias e previd\u00eancia.<\/li>\n<\/ul>\n<p>Esses fatores tornam a carreira na educa\u00e7\u00e3o uma escolha bastante atrativa.<\/p>\n<h2>Regime Estatut\u00e1rio: O que \u00c9?<\/h2>\n<p>O regime estatut\u00e1rio \u00e9 um tipo de v\u00ednculo jur\u00eddico que rege a rela\u00e7\u00e3o entre o servidor e a administra\u00e7\u00e3o p\u00fablica. As principais caracter\u00edsticas incluem:<\/p>\n<ul>\n<li><strong>Estabilidade Ap\u00f3s o Est\u00e1gio Probat\u00f3rio:<\/strong> Ap\u00f3s completar um per\u00edodo de experi\u00eancia, o servidor se torna est\u00e1vel.<\/li>\n<li><strong>Direitos e Deveres:<\/strong> O regime estabelece direitos como f\u00e9rias, licen\u00e7as e aposentadoria, bem como obriga\u00e7\u00f5es para o servidor.<\/li>\n<\/ul>\n<p>Esse regime proporciona maior seguran\u00e7a e direitos em compara\u00e7\u00e3o com contratos tempor\u00e1rios.<\/p>\n<h2>Dicas para se Preparar<\/h2>\n<p>A prepara\u00e7\u00e3o para o concurso \u00e9 crucial. Considere as seguintes dicas:<\/p>\n<ul>\n<li><strong>Estude o Edital:<\/strong> Familiarize-se com o conte\u00fado e formato das provas.<\/li>\n<li><strong>Organiza\u00e7\u00e3o:<\/strong> Crie um cronograma de estudos que contemple todas as disciplinas.<\/li>\n<li><strong>Simulados:<\/strong> Realize provas simuladas para praticar e entender o tempo de cada quest\u00e3o.<\/li>\n<li><strong>Grupos de Estudo:<\/strong> Estudar em grupo pode ajudar a esclarecer d\u00favidas e compartilhar conhecimentos.<\/li>\n<\/ul>\n<p>Com um bom planejamento, suas chances de sucesso aumentam!<\/p>\n<h2>Expectativas para a Educa\u00e7\u00e3o em Jequi\u00e9<\/h2>\n<p>A educa\u00e7\u00e3o em Jequi\u00e9 tem demonstrado avan\u00e7os nos \u00faltimos anos. Entre as expectativas est\u00e3o:<\/p>\n<ul>\n<li><strong>Melhoria da Infraestrutura:<\/strong> Investimentos para melhorar as condi\u00e7\u00f5es f\u00edsicas das escolas.<\/li>\n<li><strong>Capacita\u00e7\u00e3o de Profissionais:<\/strong> Programas de forma\u00e7\u00e3o cont\u00ednua para professores e funcion\u00e1rios.<\/li>\n<li><strong>Inova\u00e7\u00e3o Pedag\u00f3gica:<\/strong> Ado\u00e7\u00e3o de novas metodologias e tecnologias educacionais.<\/li>\n<\/ul>\n<p>Essas iniciativas visam proporcionar uma educa\u00e7\u00e3o de qualidade e resultados mais positivos para os alunos. Manter-se informado sobre as melhorias e desafios \u00e9 fundamental para quem deseja atuar na \u00e1rea.<\/p>\n\n<div style=\"font-size: 0px; height: 0px; line-height: 0px; margin: 0; padding: 0; clear: both;\"><\/div>","protected":false},"excerpt":{"rendered":"<p>Concurso P\u00fablico em Jequi\u00e9 oferece vagas na Educa\u00e7\u00e3o. Confira!<\/p>\n","protected":false},"author":1,"featured_media":241,"comment_status":"open","ping_status":"closed","sticky":false,"template":"","format":"standard","meta":{"footnotes":""},"categories":[1],"tags":[],"class_list":["post-242","post","type-post","status-publish","format-standard","has-post-thumbnail","hentry","category-noticias-em-jequie","has_thumb"],"aioseo_notices":[],"aioseo_head":"\n\t\t<!-- All in One SEO 5.0.0.1 - aioseo.com -->\n\t<meta name=\"description\" content=\"Concurso P\u00fablico em Jequi\u00e9 oferece vagas na Educa\u00e7\u00e3o. Confira!\" \/>\n\t<meta name=\"robots\" content=\"max-image-preview:large\" \/>\n\t<meta name=\"author\" content=\"Encontra Jequi\u00e9\"\/>\n\t<link rel=\"canonical\" href=\"https:\/\/www.encontrajequie.com.br\/sobre\/prefeitura-de-jequie-lanca-edital-de-concurso-publico-com-vagas-imediatas-na-educacao-e-cadastro-de-reservas\/\" \/>\n\t<meta name=\"generator\" content=\"All in One SEO (AIOSEO) 5.0.0.1\" \/>\n\t\t<meta property=\"og:locale\" content=\"pt_BR\" \/>\n\t\t<meta property=\"og:site_name\" content=\"Encontra Jequi\u00e9 | Not\u00edcias, eventos, informa\u00e7\u00f5es e dicas na cidade de Jequi\u00e9 e regi\u00e3o.\" \/>\n\t\t<meta property=\"og:type\" content=\"article\" \/>\n\t\t<meta property=\"og:title\" content=\"Prefeitura de Jequi\u00e9 lan\u00e7a edital de Concurso P\u00fablico com vagas imediatas na Educa\u00e7\u00e3o e cadastro de reservas | Encontra Jequi\u00e9\" \/>\n\t\t<meta property=\"og:description\" content=\"Concurso P\u00fablico em Jequi\u00e9 oferece vagas na Educa\u00e7\u00e3o. Confira!\" \/>\n\t\t<meta property=\"og:url\" content=\"https:\/\/www.encontrajequie.com.br\/sobre\/prefeitura-de-jequie-lanca-edital-de-concurso-publico-com-vagas-imediatas-na-educacao-e-cadastro-de-reservas\/\" \/>\n\t\t<meta property=\"article:published_time\" content=\"2025-11-05T13:44:00+00:00\" \/>\n\t\t<meta property=\"article:modified_time\" content=\"2025-11-05T13:44:00+00:00\" \/>\n\t\t<meta name=\"twitter:card\" content=\"summary_large_image\" \/>\n\t\t<meta name=\"twitter:title\" content=\"Prefeitura de Jequi\u00e9 lan\u00e7a edital de Concurso P\u00fablico com vagas imediatas na Educa\u00e7\u00e3o e cadastro de reservas | Encontra Jequi\u00e9\" \/>\n\t\t<meta name=\"twitter:description\" content=\"Concurso P\u00fablico em Jequi\u00e9 oferece vagas na Educa\u00e7\u00e3o. Confira!\" \/>\n\t\t<script type=\"application\/ld+json\" class=\"aioseo-schema\">\n\t\t\t{\"@context\":\"https:\\\/\\\/schema.org\",\"@graph\":[{\"@type\":\"Article\",\"@id\":\"https:\\\/\\\/www.encontrajequie.com.br\\\/sobre\\\/prefeitura-de-jequie-lanca-edital-de-concurso-publico-com-vagas-imediatas-na-educacao-e-cadastro-de-reservas\\\/#article\",\"name\":\"Prefeitura de Jequi\\u00e9 lan\\u00e7a edital de Concurso P\\u00fablico com vagas imediatas na Educa\\u00e7\\u00e3o e cadastro de reservas | Encontra Jequi\\u00e9\",\"headline\":\"Prefeitura de Jequi\\u00e9 lan\\u00e7a edital de Concurso P\\u00fablico com vagas imediatas na Educa\\u00e7\\u00e3o e cadastro de reservas\",\"author\":{\"@id\":\"https:\\\/\\\/www.encontrajequie.com.br\\\/sobre\\\/author\\\/ejequie\\\/#author\"},\"publisher\":{\"@id\":\"https:\\\/\\\/www.encontrajequie.com.br\\\/sobre\\\/#organization\"},\"image\":{\"@type\":\"ImageObject\",\"url\":\"https:\\\/\\\/www.encontrajequie.com.br\\\/sobre\\\/wp-content\\\/uploads\\\/2025\\\/11\\\/prefeitura-de-jequie-lanca-edital-de-concurso-publico-com-vagas-imediatas-na-educacao-e-cadastro-de-.webp\",\"width\":320,\"height\":280,\"caption\":\"Concurso P\\u00fablico Jequi\\u00e9 Educa\\u00e7\\u00e3o\"},\"datePublished\":\"2025-11-05T10:44:00-03:00\",\"dateModified\":\"2025-11-05T10:44:00-03:00\",\"inLanguage\":\"pt-BR\",\"mainEntityOfPage\":{\"@id\":\"https:\\\/\\\/www.encontrajequie.com.br\\\/sobre\\\/prefeitura-de-jequie-lanca-edital-de-concurso-publico-com-vagas-imediatas-na-educacao-e-cadastro-de-reservas\\\/#webpage\"},\"isPartOf\":{\"@id\":\"https:\\\/\\\/www.encontrajequie.com.br\\\/sobre\\\/prefeitura-de-jequie-lanca-edital-de-concurso-publico-com-vagas-imediatas-na-educacao-e-cadastro-de-reservas\\\/#webpage\"},\"articleSection\":\"Not\\u00edcias Jequi\\u00e9\"},{\"@type\":\"BreadcrumbList\",\"@id\":\"https:\\\/\\\/www.encontrajequie.com.br\\\/sobre\\\/prefeitura-de-jequie-lanca-edital-de-concurso-publico-com-vagas-imediatas-na-educacao-e-cadastro-de-reservas\\\/#breadcrumblist\",\"itemListElement\":[{\"@type\":\"ListItem\",\"@id\":\"https:\\\/\\\/www.encontrajequie.com.br\\\/sobre#listItem\",\"position\":1,\"name\":\"Home\",\"item\":\"https:\\\/\\\/www.encontrajequie.com.br\\\/sobre\",\"nextItem\":{\"@type\":\"ListItem\",\"@id\":\"https:\\\/\\\/www.encontrajequie.com.br\\\/sobre\\\/noticias-em-jequie\\\/#listItem\",\"name\":\"Not\\u00edcias Jequi\\u00e9\"}},{\"@type\":\"ListItem\",\"@id\":\"https:\\\/\\\/www.encontrajequie.com.br\\\/sobre\\\/noticias-em-jequie\\\/#listItem\",\"position\":2,\"name\":\"Not\\u00edcias Jequi\\u00e9\",\"item\":\"https:\\\/\\\/www.encontrajequie.com.br\\\/sobre\\\/noticias-em-jequie\\\/\",\"nextItem\":{\"@type\":\"ListItem\",\"@id\":\"https:\\\/\\\/www.encontrajequie.com.br\\\/sobre\\\/prefeitura-de-jequie-lanca-edital-de-concurso-publico-com-vagas-imediatas-na-educacao-e-cadastro-de-reservas\\\/#listItem\",\"name\":\"Prefeitura de Jequi\\u00e9 lan\\u00e7a edital de Concurso P\\u00fablico com vagas imediatas na Educa\\u00e7\\u00e3o e cadastro de reservas\"},\"previousItem\":{\"@type\":\"ListItem\",\"@id\":\"https:\\\/\\\/www.encontrajequie.com.br\\\/sobre#listItem\",\"name\":\"Home\"}},{\"@type\":\"ListItem\",\"@id\":\"https:\\\/\\\/www.encontrajequie.com.br\\\/sobre\\\/prefeitura-de-jequie-lanca-edital-de-concurso-publico-com-vagas-imediatas-na-educacao-e-cadastro-de-reservas\\\/#listItem\",\"position\":3,\"name\":\"Prefeitura de Jequi\\u00e9 lan\\u00e7a edital de Concurso P\\u00fablico com vagas imediatas na Educa\\u00e7\\u00e3o e cadastro de reservas\",\"previousItem\":{\"@type\":\"ListItem\",\"@id\":\"https:\\\/\\\/www.encontrajequie.com.br\\\/sobre\\\/noticias-em-jequie\\\/#listItem\",\"name\":\"Not\\u00edcias Jequi\\u00e9\"}}]},{\"@type\":\"Organization\",\"@id\":\"https:\\\/\\\/www.encontrajequie.com.br\\\/sobre\\\/#organization\",\"name\":\"Encontra Jequi\\u00e9\",\"description\":\"Not\\u00edcias, eventos, informa\\u00e7\\u00f5es e dicas na cidade de Jequi\\u00e9 e regi\\u00e3o.\",\"url\":\"https:\\\/\\\/www.encontrajequie.com.br\\\/sobre\\\/\"},{\"@type\":\"Person\",\"@id\":\"https:\\\/\\\/www.encontrajequie.com.br\\\/sobre\\\/author\\\/ejequie\\\/#author\",\"url\":\"https:\\\/\\\/www.encontrajequie.com.br\\\/sobre\\\/author\\\/ejequie\\\/\",\"name\":\"Encontra Jequi\\u00e9\",\"image\":{\"@type\":\"ImageObject\",\"@id\":\"https:\\\/\\\/www.encontrajequie.com.br\\\/sobre\\\/prefeitura-de-jequie-lanca-edital-de-concurso-publico-com-vagas-imediatas-na-educacao-e-cadastro-de-reservas\\\/#authorImage\",\"url\":\"https:\\\/\\\/secure.gravatar.com\\\/avatar\\\/507340682b8270222e1f208e23198b6ae7e2c6a1033ae84e99bc6bce4f82a387?s=96&d=mm&r=g\",\"width\":96,\"height\":96,\"caption\":\"Encontra Jequi\\u00e9\"}},{\"@type\":\"WebPage\",\"@id\":\"https:\\\/\\\/www.encontrajequie.com.br\\\/sobre\\\/prefeitura-de-jequie-lanca-edital-de-concurso-publico-com-vagas-imediatas-na-educacao-e-cadastro-de-reservas\\\/#webpage\",\"url\":\"https:\\\/\\\/www.encontrajequie.com.br\\\/sobre\\\/prefeitura-de-jequie-lanca-edital-de-concurso-publico-com-vagas-imediatas-na-educacao-e-cadastro-de-reservas\\\/\",\"name\":\"Prefeitura de Jequi\\u00e9 lan\\u00e7a edital de Concurso P\\u00fablico com vagas imediatas na Educa\\u00e7\\u00e3o e cadastro de reservas | Encontra Jequi\\u00e9\",\"description\":\"Concurso P\\u00fablico em Jequi\\u00e9 oferece vagas na Educa\\u00e7\\u00e3o. Confira!\",\"inLanguage\":\"pt-BR\",\"isPartOf\":{\"@id\":\"https:\\\/\\\/www.encontrajequie.com.br\\\/sobre\\\/#website\"},\"breadcrumb\":{\"@id\":\"https:\\\/\\\/www.encontrajequie.com.br\\\/sobre\\\/prefeitura-de-jequie-lanca-edital-de-concurso-publico-com-vagas-imediatas-na-educacao-e-cadastro-de-reservas\\\/#breadcrumblist\"},\"author\":{\"@id\":\"https:\\\/\\\/www.encontrajequie.com.br\\\/sobre\\\/author\\\/ejequie\\\/#author\"},\"creator\":{\"@id\":\"https:\\\/\\\/www.encontrajequie.com.br\\\/sobre\\\/author\\\/ejequie\\\/#author\"},\"image\":{\"@type\":\"ImageObject\",\"url\":\"https:\\\/\\\/www.encontrajequie.com.br\\\/sobre\\\/wp-content\\\/uploads\\\/2025\\\/11\\\/prefeitura-de-jequie-lanca-edital-de-concurso-publico-com-vagas-imediatas-na-educacao-e-cadastro-de-.webp\",\"@id\":\"https:\\\/\\\/www.encontrajequie.com.br\\\/sobre\\\/prefeitura-de-jequie-lanca-edital-de-concurso-publico-com-vagas-imediatas-na-educacao-e-cadastro-de-reservas\\\/#mainImage\",\"width\":320,\"height\":280,\"caption\":\"Concurso P\\u00fablico Jequi\\u00e9 Educa\\u00e7\\u00e3o\"},\"primaryImageOfPage\":{\"@id\":\"https:\\\/\\\/www.encontrajequie.com.br\\\/sobre\\\/prefeitura-de-jequie-lanca-edital-de-concurso-publico-com-vagas-imediatas-na-educacao-e-cadastro-de-reservas\\\/#mainImage\"},\"datePublished\":\"2025-11-05T10:44:00-03:00\",\"dateModified\":\"2025-11-05T10:44:00-03:00\"},{\"@type\":\"WebSite\",\"@id\":\"https:\\\/\\\/www.encontrajequie.com.br\\\/sobre\\\/#website\",\"url\":\"https:\\\/\\\/www.encontrajequie.com.br\\\/sobre\\\/\",\"name\":\"Encontra Jequi\\u00e9\",\"description\":\"Not\\u00edcias, eventos, informa\\u00e7\\u00f5es e dicas na cidade de Jequi\\u00e9 e regi\\u00e3o.\",\"inLanguage\":\"pt-BR\",\"publisher\":{\"@id\":\"https:\\\/\\\/www.encontrajequie.com.br\\\/sobre\\\/#organization\"}}]}\n\t\t<\/script>\n\t\t<!-- All in One SEO -->\n\n","aioseo_head_json":{"title":"Prefeitura de Jequi\u00e9 lan\u00e7a edital de Concurso P\u00fablico com vagas imediatas na Educa\u00e7\u00e3o e cadastro de reservas | Encontra Jequi\u00e9","description":"Concurso P\u00fablico em Jequi\u00e9 oferece vagas na Educa\u00e7\u00e3o. Confira!","canonical_url":"https:\/\/www.encontrajequie.com.br\/sobre\/prefeitura-de-jequie-lanca-edital-de-concurso-publico-com-vagas-imediatas-na-educacao-e-cadastro-de-reservas\/","robots":"max-image-preview:large","keywords":"","webmasterTools":{"miscellaneous":""},"schema":{"@context":"https:\/\/schema.org","@graph":[{"@type":"Article","@id":"https:\/\/www.encontrajequie.com.br\/sobre\/prefeitura-de-jequie-lanca-edital-de-concurso-publico-com-vagas-imediatas-na-educacao-e-cadastro-de-reservas\/#article","name":"Prefeitura de Jequi\u00e9 lan\u00e7a edital de Concurso P\u00fablico com vagas imediatas na Educa\u00e7\u00e3o e cadastro de reservas | Encontra Jequi\u00e9","headline":"Prefeitura de Jequi\u00e9 lan\u00e7a edital de Concurso P\u00fablico com vagas imediatas na Educa\u00e7\u00e3o e cadastro de reservas","author":{"@id":"https:\/\/www.encontrajequie.com.br\/sobre\/author\/ejequie\/#author"},"publisher":{"@id":"https:\/\/www.encontrajequie.com.br\/sobre\/#organization"},"image":{"@type":"ImageObject","url":"https:\/\/www.encontrajequie.com.br\/sobre\/wp-content\/uploads\/2025\/11\/prefeitura-de-jequie-lanca-edital-de-concurso-publico-com-vagas-imediatas-na-educacao-e-cadastro-de-.webp","width":320,"height":280,"caption":"Concurso P\u00fablico Jequi\u00e9 Educa\u00e7\u00e3o"},"datePublished":"2025-11-05T10:44:00-03:00","dateModified":"2025-11-05T10:44:00-03:00","inLanguage":"pt-BR","mainEntityOfPage":{"@id":"https:\/\/www.encontrajequie.com.br\/sobre\/prefeitura-de-jequie-lanca-edital-de-concurso-publico-com-vagas-imediatas-na-educacao-e-cadastro-de-reservas\/#webpage"},"isPartOf":{"@id":"https:\/\/www.encontrajequie.com.br\/sobre\/prefeitura-de-jequie-lanca-edital-de-concurso-publico-com-vagas-imediatas-na-educacao-e-cadastro-de-reservas\/#webpage"},"articleSection":"Not\u00edcias Jequi\u00e9"},{"@type":"BreadcrumbList","@id":"https:\/\/www.encontrajequie.com.br\/sobre\/prefeitura-de-jequie-lanca-edital-de-concurso-publico-com-vagas-imediatas-na-educacao-e-cadastro-de-reservas\/#breadcrumblist","itemListElement":[{"@type":"ListItem","@id":"https:\/\/www.encontrajequie.com.br\/sobre#listItem","position":1,"name":"Home","item":"https:\/\/www.encontrajequie.com.br\/sobre","nextItem":{"@type":"ListItem","@id":"https:\/\/www.encontrajequie.com.br\/sobre\/noticias-em-jequie\/#listItem","name":"Not\u00edcias Jequi\u00e9"}},{"@type":"ListItem","@id":"https:\/\/www.encontrajequie.com.br\/sobre\/noticias-em-jequie\/#listItem","position":2,"name":"Not\u00edcias Jequi\u00e9","item":"https:\/\/www.encontrajequie.com.br\/sobre\/noticias-em-jequie\/","nextItem":{"@type":"ListItem","@id":"https:\/\/www.encontrajequie.com.br\/sobre\/prefeitura-de-jequie-lanca-edital-de-concurso-publico-com-vagas-imediatas-na-educacao-e-cadastro-de-reservas\/#listItem","name":"Prefeitura de Jequi\u00e9 lan\u00e7a edital de Concurso P\u00fablico com vagas imediatas na Educa\u00e7\u00e3o e cadastro de reservas"},"previousItem":{"@type":"ListItem","@id":"https:\/\/www.encontrajequie.com.br\/sobre#listItem","name":"Home"}},{"@type":"ListItem","@id":"https:\/\/www.encontrajequie.com.br\/sobre\/prefeitura-de-jequie-lanca-edital-de-concurso-publico-com-vagas-imediatas-na-educacao-e-cadastro-de-reservas\/#listItem","position":3,"name":"Prefeitura de Jequi\u00e9 lan\u00e7a edital de Concurso P\u00fablico com vagas imediatas na Educa\u00e7\u00e3o e cadastro de reservas","previousItem":{"@type":"ListItem","@id":"https:\/\/www.encontrajequie.com.br\/sobre\/noticias-em-jequie\/#listItem","name":"Not\u00edcias Jequi\u00e9"}}]},{"@type":"Organization","@id":"https:\/\/www.encontrajequie.com.br\/sobre\/#organization","name":"Encontra Jequi\u00e9","description":"Not\u00edcias, eventos, informa\u00e7\u00f5es e dicas na cidade de Jequi\u00e9 e regi\u00e3o.","url":"https:\/\/www.encontrajequie.com.br\/sobre\/"},{"@type":"Person","@id":"https:\/\/www.encontrajequie.com.br\/sobre\/author\/ejequie\/#author","url":"https:\/\/www.encontrajequie.com.br\/sobre\/author\/ejequie\/","name":"Encontra Jequi\u00e9","image":{"@type":"ImageObject","@id":"https:\/\/www.encontrajequie.com.br\/sobre\/prefeitura-de-jequie-lanca-edital-de-concurso-publico-com-vagas-imediatas-na-educacao-e-cadastro-de-reservas\/#authorImage","url":"https:\/\/secure.gravatar.com\/avatar\/507340682b8270222e1f208e23198b6ae7e2c6a1033ae84e99bc6bce4f82a387?s=96&d=mm&r=g","width":96,"height":96,"caption":"Encontra Jequi\u00e9"}},{"@type":"WebPage","@id":"https:\/\/www.encontrajequie.com.br\/sobre\/prefeitura-de-jequie-lanca-edital-de-concurso-publico-com-vagas-imediatas-na-educacao-e-cadastro-de-reservas\/#webpage","url":"https:\/\/www.encontrajequie.com.br\/sobre\/prefeitura-de-jequie-lanca-edital-de-concurso-publico-com-vagas-imediatas-na-educacao-e-cadastro-de-reservas\/","name":"Prefeitura de Jequi\u00e9 lan\u00e7a edital de Concurso P\u00fablico com vagas imediatas na Educa\u00e7\u00e3o e cadastro de reservas | Encontra Jequi\u00e9","description":"Concurso P\u00fablico em Jequi\u00e9 oferece vagas na Educa\u00e7\u00e3o. Confira!","inLanguage":"pt-BR","isPartOf":{"@id":"https:\/\/www.encontrajequie.com.br\/sobre\/#website"},"breadcrumb":{"@id":"https:\/\/www.encontrajequie.com.br\/sobre\/prefeitura-de-jequie-lanca-edital-de-concurso-publico-com-vagas-imediatas-na-educacao-e-cadastro-de-reservas\/#breadcrumblist"},"author":{"@id":"https:\/\/www.encontrajequie.com.br\/sobre\/author\/ejequie\/#author"},"creator":{"@id":"https:\/\/www.encontrajequie.com.br\/sobre\/author\/ejequie\/#author"},"image":{"@type":"ImageObject","url":"https:\/\/www.encontrajequie.com.br\/sobre\/wp-content\/uploads\/2025\/11\/prefeitura-de-jequie-lanca-edital-de-concurso-publico-com-vagas-imediatas-na-educacao-e-cadastro-de-.webp","@id":"https:\/\/www.encontrajequie.com.br\/sobre\/prefeitura-de-jequie-lanca-edital-de-concurso-publico-com-vagas-imediatas-na-educacao-e-cadastro-de-reservas\/#mainImage","width":320,"height":280,"caption":"Concurso P\u00fablico Jequi\u00e9 Educa\u00e7\u00e3o"},"primaryImageOfPage":{"@id":"https:\/\/www.encontrajequie.com.br\/sobre\/prefeitura-de-jequie-lanca-edital-de-concurso-publico-com-vagas-imediatas-na-educacao-e-cadastro-de-reservas\/#mainImage"},"datePublished":"2025-11-05T10:44:00-03:00","dateModified":"2025-11-05T10:44:00-03:00"},{"@type":"WebSite","@id":"https:\/\/www.encontrajequie.com.br\/sobre\/#website","url":"https:\/\/www.encontrajequie.com.br\/sobre\/","name":"Encontra Jequi\u00e9","description":"Not\u00edcias, eventos, informa\u00e7\u00f5es e dicas na cidade de Jequi\u00e9 e regi\u00e3o.","inLanguage":"pt-BR","publisher":{"@id":"https:\/\/www.encontrajequie.com.br\/sobre\/#organization"}}]},"og:locale":"pt_BR","og:site_name":"Encontra Jequi\u00e9 | Not\u00edcias, eventos, informa\u00e7\u00f5es e dicas na cidade de Jequi\u00e9 e regi\u00e3o.","og:type":"article","og:title":"Prefeitura de Jequi\u00e9 lan\u00e7a edital de Concurso P\u00fablico com vagas imediatas na Educa\u00e7\u00e3o e cadastro de reservas | Encontra Jequi\u00e9","og:description":"Concurso P\u00fablico em Jequi\u00e9 oferece vagas na Educa\u00e7\u00e3o. Confira!","og:url":"https:\/\/www.encontrajequie.com.br\/sobre\/prefeitura-de-jequie-lanca-edital-de-concurso-publico-com-vagas-imediatas-na-educacao-e-cadastro-de-reservas\/","article:published_time":"2025-11-05T13:44:00+00:00","article:modified_time":"2025-11-05T13:44:00+00:00","twitter:card":"summary_large_image","twitter:title":"Prefeitura de Jequi\u00e9 lan\u00e7a edital de Concurso P\u00fablico com vagas imediatas na Educa\u00e7\u00e3o e cadastro de reservas | Encontra Jequi\u00e9","twitter:description":"Concurso P\u00fablico em Jequi\u00e9 oferece vagas na Educa\u00e7\u00e3o. Confira!"},"aioseo_meta_data":{"post_id":"242","title":null,"description":null,"keywords":null,"keyphrases":null,"primary_term":null,"canonical_url":null,"og_title":null,"og_description":null,"og_object_type":"default","og_image_type":"default","og_image_url":null,"og_image_width":null,"og_image_height":null,"og_image_custom_url":null,"og_image_custom_fields":null,"og_video":null,"og_custom_url":null,"og_article_section":null,"og_article_tags":null,"twitter_use_og":false,"twitter_card":"default","twitter_image_type":"default","twitter_image_url":null,"twitter_image_custom_url":null,"twitter_image_custom_fields":null,"twitter_title":null,"twitter_description":null,"schema":{"blockGraphs":[],"customGraphs":[],"default":{"data":{"Article":[],"Course":[],"Dataset":[],"FAQPage":[],"Movie":[],"Person":[],"Product":[],"ProductReview":[],"Car":[],"Recipe":[],"Service":[],"SoftwareApplication":[],"WebPage":[]},"graphName":"Article","isEnabled":true},"graphs":[]},"schema_type":"default","schema_type_options":null,"pillar_content":false,"robots_default":true,"robots_noindex":false,"robots_noarchive":false,"robots_nosnippet":false,"robots_nofollow":false,"robots_noimageindex":false,"robots_noodp":false,"robots_notranslate":false,"robots_max_snippet":null,"robots_max_videopreview":null,"robots_max_imagepreview":"large","priority":null,"frequency":null,"local_seo":null,"breadcrumb_settings":null,"limit_modified_date":false,"ai":null,"created":"2025-11-08 11:29:38","updated":"2025-11-08 11:31:20","focus_keyword":null,"additional_keywords":null,"truseo_locale":null,"seo_analyzer_scan_date":null},"aioseo_breadcrumb":"<div class=\"aioseo-breadcrumbs\"><span class=\"aioseo-breadcrumb\">\n\t\t\t<a href=\"https:\/\/www.encontrajequie.com.br\/sobre\" title=\"Home\">Home<\/a>\n\t\t<\/span><span class=\"aioseo-breadcrumb-separator\">&raquo;<\/span><span class=\"aioseo-breadcrumb\">\n\t\t\t<a href=\"https:\/\/www.encontrajequie.com.br\/sobre\/noticias-em-jequie\/\" title=\"Not\u00edcias Jequi\u00e9\">Not\u00edcias Jequi\u00e9<\/a>\n\t\t<\/span><span class=\"aioseo-breadcrumb-separator\">&raquo;<\/span><span class=\"aioseo-breadcrumb\">\n\t\t\tPrefeitura de Jequi\u00e9 lan\u00e7a edital de Concurso P\u00fablico com vagas imediatas na Educa\u00e7\u00e3o e cadastro de reservas\n\t\t<\/span><\/div>","aioseo_breadcrumb_json":[{"label":"Home","link":"https:\/\/www.encontrajequie.com.br\/sobre"},{"label":"Not\u00edcias Jequi\u00e9","link":"https:\/\/www.encontrajequie.com.br\/sobre\/noticias-em-jequie\/"},{"label":"Prefeitura de Jequi\u00e9 lan\u00e7a edital de Concurso P\u00fablico com vagas imediatas na Educa\u00e7\u00e3o e cadastro de reservas","link":"https:\/\/www.encontrajequie.com.br\/sobre\/prefeitura-de-jequie-lanca-edital-de-concurso-publico-com-vagas-imediatas-na-educacao-e-cadastro-de-reservas\/"}],"_links":{"self":[{"href":"https:\/\/www.encontrajequie.com.br\/sobre\/wp-json\/wp\/v2\/posts\/242","targetHints":{"allow":["GET"]}}],"collection":[{"href":"https:\/\/www.encontrajequie.com.br\/sobre\/wp-json\/wp\/v2\/posts"}],"about":[{"href":"https:\/\/www.encontrajequie.com.br\/sobre\/wp-json\/wp\/v2\/types\/post"}],"author":[{"embeddable":true,"href":"https:\/\/www.encontrajequie.com.br\/sobre\/wp-json\/wp\/v2\/users\/1"}],"replies":[{"embeddable":true,"href":"https:\/\/www.encontrajequie.com.br\/sobre\/wp-json\/wp\/v2\/comments?post=242"}],"version-history":[{"count":0,"href":"https:\/\/www.encontrajequie.com.br\/sobre\/wp-json\/wp\/v2\/posts\/242\/revisions"}],"wp:featuredmedia":[{"embeddable":true,"href":"https:\/\/www.encontrajequie.com.br\/sobre\/wp-json\/wp\/v2\/media\/241"}],"wp:attachment":[{"href":"https:\/\/www.encontrajequie.com.br\/sobre\/wp-json\/wp\/v2\/media?parent=242"}],"wp:term":[{"taxonomy":"category","embeddable":true,"href":"https:\/\/www.encontrajequie.com.br\/sobre\/wp-json\/wp\/v2\/categories?post=242"},{"taxonomy":"post_tag","embeddable":true,"href":"https:\/\/www.encontrajequie.com.br\/sobre\/wp-json\/wp\/v2\/tags?post=242"}],"curies":[{"name":"wp","href":"https:\/\/api.w.org\/{rel}","templated":true}]}}