{"id":284,"date":"2025-11-12T12:32:00","date_gmt":"2025-11-12T15:32:00","guid":{"rendered":"https:\/\/www.encontrajequie.com.br\/sobre\/jeronimo-reforca-parceria-com-ze-coca-confirma-presenca-em-aniversario-de-jequie-e-relacao-pode-definir-apoio-em-2026\/"},"modified":"2025-11-12T12:32:00","modified_gmt":"2025-11-12T15:32:00","slug":"jeronimo-reforca-parceria-com-ze-coca-confirma-presenca-em-aniversario-de-jequie-e-relacao-pode-definir-apoio-em-2026","status":"publish","type":"post","link":"https:\/\/www.encontrajequie.com.br\/sobre\/jeronimo-reforca-parceria-com-ze-coca-confirma-presenca-em-aniversario-de-jequie-e-relacao-pode-definir-apoio-em-2026\/","title":{"rendered":"Jer\u00f4nimo refor\u00e7a parceria com Z\u00e9 Coc\u00e1, confirma presen\u00e7a em anivers\u00e1rio de Jequi\u00e9 e rela\u00e7\u00e3o pode definir apoio em 2026"},"content":{"rendered":"<div class=\"30cf832dc5940d4704f66d0ed9a44050\" data-index=\"1\" style=\"float: none; margin:0px;\">\n<!-- Anuncio display - global -->\r\n<ins class=\"adsbygoogle\"\r\n     style=\"display:block\"\r\n     data-ad-client=\"ca-pub-8585364105181520\"\r\n     data-ad-slot=\"8789329856\"\r\n     data-ad-format=\"auto\"\r\n     data-full-width-responsive=\"true\"><\/ins>\r\n<script>\r\n     (adsbygoogle = window.adsbygoogle || []).push({});\r\n<\/script>\n<\/div>\n<h2>Entenda a Parceria Pol\u00edtica em Jequi\u00e9<\/h2>\n<p>A cidade de Jequi\u00e9, localizada na Bahia, \u00e9 um importante centro urbano que se destaca n\u00e3o apenas por suas caracter\u00edsticas culturais e sociais, mas tamb\u00e9m por sua din\u00e2mica pol\u00edtica. Neste contexto, as parcerias pol\u00edticas desempenham um papel crucial no desenvolvimento local. A recente aproxima\u00e7\u00e3o entre Jer\u00f4nimo Rodrigues, governador da Bahia, e Z\u00e9 Coc\u00e1, prefeito de Jequi\u00e9, \u00e9 um exemplo dessa din\u00e2mica. Ambos t\u00eam buscado construir uma rela\u00e7\u00e3o s\u00f3lida que n\u00e3o apenas favorece suas respectivas administra\u00e7\u00f5es, mas, principalmente, promove melhorias significativas para a popula\u00e7\u00e3o da cidade e da regi\u00e3o.<\/p>\n<p>Nos \u00faltimos tempos, essa parceria se intensificou, especialmente com a confirma\u00e7\u00e3o da presen\u00e7a do governador Jer\u00f4nimo nas comemora\u00e7\u00f5es do anivers\u00e1rio de Jequi\u00e9, que ocorrer\u00e1 entre os dias 23 e 25 de outubro. Esse evento se torna um marco para a cidade, sendo n\u00e3o apenas uma festividade, mas tamb\u00e9m uma oportunidade para fortalecer la\u00e7os institucionais e discutir a\u00e7\u00f5es que beneficiar\u00e3o a popula\u00e7\u00e3o local.<\/p>\n<p>Entender essa parceria vai al\u00e9m do plano pol\u00edtico; \u00e9 essencial perceber como a colabora\u00e7\u00e3o entre diferentes n\u00edveis de governo pode trazer resultados pr\u00e1ticos e investimentos essenciais para a infraestrutura e o desenvolvimento social local. No caso espec\u00edfico de Jer\u00f4nimo e Z\u00e9 Coc\u00e1, a alian\u00e7a est\u00e1 se moldando para otimizar recursos e estabelecer prioridades que atendam \u00e0s demandas da comunidade jequieense.<\/p>\n<p><img decoding=\"async\" src=\"https:\/\/www.encontrajequie.com.br\/sobre\/wp-content\/uploads\/2025\/11\/jeronimo-reforca-parceria-com-ze-coca-confirma-presenca-em-aniversario-de-jequie-e-relacao-pode-defi.webp\" alt=\"Jer\u00f4nimo Rodrigues\" loading=\"lazy\" \/><\/p>\n<h2>Jer\u00f4nimo e Seu Compromisso com Jequi\u00e9<\/h2>\n<p>Jer\u00f4nimo Rodrigues, ao assumir o cargo de governador da Bahia, estabeleceu como um de seus objetivos priorit\u00e1rios o fortalecimento das cidades do interior, como Jequi\u00e9. Seu compromisso com a administra\u00e7\u00e3o p\u00fablica \u00e9 refletido em diversas a\u00e7\u00f5es que visam n\u00e3o apenas a melhoria da infraestrutura urbana, mas tamb\u00e9m o fomento \u00e0 economia local e \u00e0 promo\u00e7\u00e3o de pol\u00edticas sociais inclusivas.<\/p>\n<p>Um dos pontos altos dessa rela\u00e7\u00e3o \u00e9 a inaugura\u00e7\u00e3o de obras, como pra\u00e7as e outros espa\u00e7os p\u00fablicos que s\u00e3o frutos de parcerias entre o governo estadual e municipal. A presen\u00e7a do governador em eventos na cidade, como o anivers\u00e1rio de Jequi\u00e9, demonstra n\u00e3o apenas simpatia pol\u00edtica, mas tamb\u00e9m um apelo ao desenvolvimento regional. A inje\u00e7\u00e3o de recursos estaduais em projetos municipais \u00e9 uma estrat\u00e9gia que deve ser utilizada para melhorar a qualidade de vida dos habitantes.<\/p>\n<p>Al\u00e9m disso, Jer\u00f4nimo tem se mostrado aberto ao di\u00e1logo com os moradores e l\u00edderes comunit\u00e1rios. Isso \u00e9 particularmente importante em uma \u00e1rea onde as necessidades da popula\u00e7\u00e3o s\u00e3o diversas e, por vezes, complexas. Visitas frequentes a Jequi\u00e9 n\u00e3o apenas fortalecem essa liga\u00e7\u00e3o, mas tamb\u00e9m possibilitam que o governador entenda as demandas de forma mais pr\u00e1tica, ajudando a moldar pol\u00edticas que realmente atendam aos anseios do povo.<\/p>\n<h2>Z\u00e9 Coc\u00e1: O Papel do Prefeito nas Rela\u00e7\u00f5es Pol\u00edticas<\/h2>\n<p>Z\u00e9 Coc\u00e1, atual prefeito de Jequi\u00e9, tem um papel estrat\u00e9gico na pol\u00edtica local, especialmente considerando sua proximidade com o governador Jer\u00f4nimo Rodrigues. Como l\u00edder do Executivo municipal, Coc\u00e1 n\u00e3o apenas representa a cidade, mas tamb\u00e9m \u00e9 um elo importante entre a popula\u00e7\u00e3o e o governo estadual. Sua atua\u00e7\u00e3o tem sido marcada por um forte envolvimento nas quest\u00f5es que afetam diretamente a vida dos cidad\u00e3os.<\/p>\n<p>A colabora\u00e7\u00e3o com o governador \u00e9 um ativo valioso para Coc\u00e1, pois garante apoio em projetos que s\u00e3o essenciais para o crescimento de Jequi\u00e9. \u00c0 medida que as administra\u00e7\u00f5es estadual e municipal se alinham, as chances de conseguir investimentos tornam-se muito mais altas. Z\u00e9 Coc\u00e1 tamb\u00e9m tem buscado amplificar as vozes de sua comunidade, o que \u00e9 fundamental para a constru\u00e7\u00e3o de um governo mais participativo e democr\u00e1tico.<\/p>\n<p>Um fator interessante a ser observado \u00e9 como o relacionamento de Coc\u00e1 com Jer\u00f4nimo pode influenciar as elei\u00e7\u00f5es futuras. A lealdade e a coopera\u00e7\u00e3o m\u00fatua poder\u00e3o atrair novos apoiadores, tanto para o prefeito como para o governador, especialmente em uma \u00e9poca onde as alian\u00e7as pol\u00edticas frequentemente mudam. Z\u00e9 Coc\u00e1, ao se posicionar estrategicamente, demonstra uma vis\u00e3o que transcende o curto prazo, pensando em garantir o futuro pol\u00edtico de sua administra\u00e7\u00e3o e da cidade de Jequi\u00e9.<\/p>\n<h2>Implica\u00e7\u00f5es do Anivers\u00e1rio de Jequi\u00e9 na Pol\u00edtica<\/h2>\n<p>O anivers\u00e1rio de Jequi\u00e9 \u00e9 mais do que uma data comemorativa; \u00e9 um evento que tem ramifica\u00e7\u00f5es pol\u00edticas significativas. A presen\u00e7a de Jer\u00f4nimo Rodrigues durante as comemora\u00e7\u00f5es de anivers\u00e1rio da cidade indica o fortalecimento da parceria pol\u00edtica, mas tamb\u00e9m, uma oportunidade de expor as obras e projetos que est\u00e3o em andamento ou em fase de planejamento.<\/p>\n<p>Durante os dias de festividade, a popula\u00e7\u00e3o tem a chance de ver o governo em a\u00e7\u00e3o. Isso n\u00e3o s\u00f3 promove uma maior intera\u00e7\u00e3o entre os cidad\u00e3os e seus representantes, mas tamb\u00e9m serve como um term\u00f4metro para medir a aprova\u00e7\u00e3o das iniciativas governamentais. As inaugura\u00e7\u00f5es de obras durante essas comemora\u00e7\u00f5es representam um sinal claro de progresso e investimento no futuro da cidade.<\/p>\n<p>A visibilidade da parceria entre o governador e o prefeito tamb\u00e9m cria um ambiente prop\u00edcio para a atra\u00e7\u00e3o de novos investimentos, tanto do estado quanto da iniciativa privada. Este \u00e9 um aspecto crucial, pois permite que projetos anteriormente considerados invi\u00e1veis ganhem for\u00e7a e se tornem realidade atrav\u00e9s de um planejamento colaborativo.<\/p>\n<h2>O Que Esperar da Presen\u00e7a de Jer\u00f4nimo<\/h2>\n<p>A presen\u00e7a de Jer\u00f4nimo Rodrigues nas celebra\u00e7\u00f5es do anivers\u00e1rio de Jequi\u00e9 deve ser vista como um indicativo positivo para o futuro daquela regi\u00e3o. Espera-se que o governador n\u00e3o apenas avalie o progresso das obras que j\u00e1 est\u00e3o em andamento, mas tamb\u00e9m anuncie novos investimentos e pol\u00edticas que visem o desenvolvimento local.<\/p>\n<p>Al\u00e9m disso, as expectativas em rela\u00e7\u00e3o a essa visita incluem novas ordens de servi\u00e7o e a assinatura de licita\u00e7\u00f5es para obras do Estado em Jequi\u00e9. Esses s\u00e3o passos importantes para garantir que o munic\u00edpio receba aten\u00e7\u00e3o e recursos suficientes para atender suas demandas, especialmente em \u00e1reas como infraestrutura, sa\u00fade e educa\u00e7\u00e3o.<\/p>\n<p>O di\u00e1logo durante o evento tamb\u00e9m \u00e9 fundamental. A intera\u00e7\u00e3o entre o governador e a popula\u00e7\u00e3o pode proporcionar insumos importantes para que Jer\u00f4nimo entenda as reais necessidades dos jequieenses, ajudando a moldar suas pol\u00edticas p\u00fablicas e garantindo que elas reflitam as demandas e desejos da comunidade local.<\/p>\n<h2>Obras Estruturantes na Regi\u00e3o de Jequi\u00e9<\/h2>\n<p>Um dos grandes benef\u00edcios da parceria entre Jer\u00f4nimo e Z\u00e9 Coc\u00e1 s\u00e3o as obras estruturantes planejadas para a regi\u00e3o de Jequi\u00e9. O novo aeroporto, por exemplo, que ser\u00e1 constru\u00eddo entre Jaguaquara e Itiru\u00e7u, \u00e9 uma obra que pode transformar a regi\u00e3o, gerando empregos e facilitando o escoamento da produ\u00e7\u00e3o agr\u00edcola. Essa infraestrutura \u00e9 cr\u00edtica n\u00e3o apenas para Jequi\u00e9, mas para o desenvolvimento de todo o entorno.<\/p>\n<p>Outra prioridade \u00e9 o asfaltamento de estradas vitais para o escoamento de produtos agr\u00edcolas. Os agricultores locais enfrentar\u00e3o menos obst\u00e1culos para transportar suas mercadorias, aumentando assim a competitividade e a rentabilidade das suas produ\u00e7\u00f5es. Esse tipo de investimento \u00e9 fundamental para o fortalecimento da economia local, n\u00e3o s\u00f3 em Jequi\u00e9, mas nas cidades vizinhas que dependem dessas rotas para comercializa\u00e7\u00e3o.<\/p>\n<p>A realiza\u00e7\u00e3o dessas obras tamb\u00e9m \u00e9 um testemunho da capacidade dos l\u00edderes pol\u00edticos de articular e viabilizar recursos em n\u00edveis estadual e federal. \u00c9 atrav\u00e9s da uni\u00e3o e do entendimento entre as esferas de governo que se consegue superar os desafios que muitas cidades do interior enfrentam.<\/p>\n<h2>A Rela\u00e7\u00e3o em Crescimento entre os L\u00edderes<\/h2>\n<p>A rela\u00e7\u00e3o entre Jer\u00f4nimo Rodrigues e Z\u00e9 Coc\u00e1 demonstra claramente um crescimento cont\u00ednuo. Desde o in\u00edcio do ano, essa proximidade tem se fortalecido, como evidenciado pelas visitas do governador \u00e0 cidade e pelo seu comprometimento em atender \u00e0s demandas locais. A aus\u00eancia de convites feitos a outros l\u00edderes pol\u00edticos, como ACM Neto, sugere uma mudan\u00e7a significativa nas alian\u00e7as pol\u00edticas que podem ter reflexos eleitorais importantes no futuro.<\/p>\n<p>Essa rela\u00e7\u00e3o em crescimento representa uma nova era de coopera\u00e7\u00e3o, onde as decis\u00f5es pol\u00edticas s\u00e3o tomadas em conjunto, visando um bem maior para a popula\u00e7\u00e3o. A habilidade de ambos em articular e criar uma agenda comum \u00e9 um indicativo de um campo pol\u00edtico que busca resolver problemas reais da popula\u00e7\u00e3o.<\/p>\n<p>Al\u00e9m disso, essa rela\u00e7\u00e3o crescente \u00e9 fundamental para a constru\u00e7\u00e3o de uma base de apoio s\u00f3lida que pode ser aproveitada nas elei\u00e7\u00f5es de 2026. O alinhamento entre eles pode trazer mais estabilidade e seguran\u00e7a para a pol\u00edtica regional, aumentando a capacidade de atrair investimentos e promover a\u00e7\u00f5es que resultem em melhorias efetivas para a comunidade.<\/p>\n<h2>Impacto das Obras em Jequi\u00e9 e Regi\u00e3o<\/h2>\n<p>As obras planejadas e em execu\u00e7\u00e3o na regi\u00e3o de Jequi\u00e9 t\u00eam um impacto direto na qualidade de vida da popula\u00e7\u00e3o. A constru\u00e7\u00e3o do novo aeroporto, por exemplo, potencialmente abre novas oportunidades de emprego e facilita a movimenta\u00e7\u00e3o de pessoas e bens. Um aeroporto moderno pode atrair neg\u00f3cios e turismo, criando uma din\u00e2mica econ\u00f4mica positiva.<\/p>\n<p>Al\u00e9m disso, o asfaltamento das estradas que ligam Jequi\u00e9 a outros munic\u00edpios facilitar\u00e1 o fluxo de comercializa\u00e7\u00e3o, beneficiando agricultores e comerciantes locais. Este tipo de melhoria nas infraestruturas n\u00e3o s\u00f3 reduz custos e tempos de transporte, mas tamb\u00e9m abre portas para novas parcerias comerciais e incentivos ao empreendedorismo local.<\/p>\n<p>O efeito cascata dessas obras pode ser observado em diferentes setores da economia local. Com melhores acessos, a cidade se torna mais atraente para novos investidores, e a possibilidade de melhorias na sa\u00fade e na educa\u00e7\u00e3o vai al\u00e9m das promessas; elas podem se tornar realidades concretas com o apoio e a execu\u00e7\u00e3o eficaz de pol\u00edticas p\u00fablicas.<\/p>\n<h2>An\u00e1lise do Cen\u00e1rio Pol\u00edtico para 2026<\/h2>\n<p>O cen\u00e1rio pol\u00edtico para as elei\u00e7\u00f5es de 2026 j\u00e1 come\u00e7a a tomar forma, especialmente com as rela\u00e7\u00f5es em desenvolvimento entre Jer\u00f4nimo Rodrigues e Z\u00e9 Coc\u00e1. A evidente alian\u00e7a entre eles pode moldar a din\u00e2mica pol\u00edtica do estado de forma significativa. A poss\u00edvel candidatura de Z\u00e9 Coc\u00e1 ao governo estadual ou a um cargo significativo em 2026 ser\u00e1 influenciada por essa parceria e pela confian\u00e7a estabelecida entre eles.<\/p>\n<p>A constru\u00e7\u00e3o de um palanque forte pode emergir dessa coopera\u00e7\u00e3o, facilitando a mobiliza\u00e7\u00e3o de apoiadores e recursos necess\u00e1rios para uma campanha efetiva. Ambos devem considerar as li\u00e7\u00f5es aprendidas na atual administra\u00e7\u00e3o e os anseios da popula\u00e7\u00e3o para moldar uma plataforma que ressoe com os eleitores.<\/p>\n<p>Al\u00e9m disso, com a popula\u00e7\u00e3o mais envolvida, as expectativas para a pr\u00f3xima elei\u00e7\u00e3o aumentam. O sucesso das iniciativas implementadas durante os mandatos atuais ser\u00e1 um fator crucial na valida\u00e7\u00e3o dessa alian\u00e7a pol\u00edtica que visa agregar e fortalecer as bases de apoio necess\u00e1rias para uma competi\u00e7\u00e3o pol\u00edtica robusta.<\/p>\n<h2>Desafios e Oportunidades na Alian\u00e7a Pol\u00edtica<\/h2>\n<p>Embora a parceria entre Jer\u00f4nimo e Z\u00e9 Coc\u00e1 apresente v\u00e1rias oportunidades, tamb\u00e9m existem desafios a serem superados. O principal desafio \u00e9 garantir que a expectativa gerada por essa rela\u00e7\u00e3o se traduza em resultados concretos para a popula\u00e7\u00e3o. A entrega de promessas \u00e9 um componente vital para manter a credibilidade tanto do governo estadual quanto da administra\u00e7\u00e3o municipal.<\/p>\n<p>A transpar\u00eancia nas a\u00e7\u00f5es e o envolvimento da comunidade s\u00e3o essenciais para garantir que a popula\u00e7\u00e3o esteja ciente dos processos e contribua com feedback, ajudando a moldar e priorizar as necessidades mais urgentes. Gerir corretamente essas expectativas e promover um di\u00e1logo aberto ser\u00e1 vital para fortalecer a confian\u00e7a m\u00fatua entre os l\u00edderes e seus constituentes.<\/p>\n<p>Por outro lado, essa alian\u00e7a pol\u00edtica oferece a chance de estabelecer um modelo de governan\u00e7a mais eficaz. A colabora\u00e7\u00e3o entre os diferentes n\u00edveis de governo cria uma plataforma onde as necessidades podem ser abordadas de maneira integrada, beneficiando toda a comunidade.<\/p>\n<p>Em resumo, os pr\u00f3ximos anos ser\u00e3o cruciais para a consolida\u00e7\u00e3o dessa rela\u00e7\u00e3o pol\u00edtica e os impactos que ela refletir\u00e1 na vida dos jequieenses. Com uma abordagem colaborativa e um foco em resultados tang\u00edveis, a alian\u00e7a entre Jer\u00f4nimo e Z\u00e9 Coc\u00e1 tem o potencial de transformar a paisagem pol\u00edtica e social de Jequi\u00e9, levando \u00e0 realiza\u00e7\u00e3o de muitos projetos que, antes, pareciam distantes.<\/p>\n\n<div style=\"font-size: 0px; height: 0px; line-height: 0px; margin: 0; padding: 0; clear: both;\"><\/div>","protected":false},"excerpt":{"rendered":"<p>Jer\u00f4nimo e Z\u00e9 Coc\u00e1 revelam os planos pol\u00edticos para Jequi\u00e9 e as implica\u00e7\u00f5es para 2026.<\/p>\n","protected":false},"author":1,"featured_media":283,"comment_status":"open","ping_status":"closed","sticky":false,"template":"","format":"standard","meta":{"footnotes":""},"categories":[1],"tags":[],"class_list":["post-284","post","type-post","status-publish","format-standard","has-post-thumbnail","hentry","category-noticias-em-jequie","has_thumb"],"aioseo_notices":[],"aioseo_head":"\n\t\t<!-- All in One SEO 5.0.0.1 - aioseo.com -->\n\t<meta name=\"description\" content=\"Jer\u00f4nimo e Z\u00e9 Coc\u00e1 revelam os planos pol\u00edticos para Jequi\u00e9 e as implica\u00e7\u00f5es para 2026.\" \/>\n\t<meta name=\"robots\" content=\"max-image-preview:large\" \/>\n\t<meta name=\"author\" content=\"Encontra Jequi\u00e9\"\/>\n\t<link rel=\"canonical\" href=\"https:\/\/www.encontrajequie.com.br\/sobre\/jeronimo-reforca-parceria-com-ze-coca-confirma-presenca-em-aniversario-de-jequie-e-relacao-pode-definir-apoio-em-2026\/\" \/>\n\t<meta name=\"generator\" content=\"All in One SEO (AIOSEO) 5.0.0.1\" \/>\n\t\t<meta property=\"og:locale\" content=\"pt_BR\" \/>\n\t\t<meta property=\"og:site_name\" content=\"Encontra Jequi\u00e9 | Not\u00edcias, eventos, informa\u00e7\u00f5es e dicas na cidade de Jequi\u00e9 e regi\u00e3o.\" \/>\n\t\t<meta property=\"og:type\" content=\"article\" \/>\n\t\t<meta property=\"og:title\" content=\"Jer\u00f4nimo refor\u00e7a parceria com Z\u00e9 Coc\u00e1, confirma presen\u00e7a em anivers\u00e1rio de Jequi\u00e9 e rela\u00e7\u00e3o pode definir apoio em 2026 | Encontra Jequi\u00e9\" \/>\n\t\t<meta property=\"og:description\" content=\"Jer\u00f4nimo e Z\u00e9 Coc\u00e1 revelam os planos pol\u00edticos para Jequi\u00e9 e as implica\u00e7\u00f5es para 2026.\" \/>\n\t\t<meta property=\"og:url\" content=\"https:\/\/www.encontrajequie.com.br\/sobre\/jeronimo-reforca-parceria-com-ze-coca-confirma-presenca-em-aniversario-de-jequie-e-relacao-pode-definir-apoio-em-2026\/\" \/>\n\t\t<meta property=\"article:published_time\" content=\"2025-11-12T15:32:00+00:00\" \/>\n\t\t<meta property=\"article:modified_time\" content=\"2025-11-12T15:32:00+00:00\" \/>\n\t\t<meta name=\"twitter:card\" content=\"summary_large_image\" \/>\n\t\t<meta name=\"twitter:title\" content=\"Jer\u00f4nimo refor\u00e7a parceria com Z\u00e9 Coc\u00e1, confirma presen\u00e7a em anivers\u00e1rio de Jequi\u00e9 e rela\u00e7\u00e3o pode definir apoio em 2026 | Encontra Jequi\u00e9\" \/>\n\t\t<meta name=\"twitter:description\" content=\"Jer\u00f4nimo e Z\u00e9 Coc\u00e1 revelam os planos pol\u00edticos para Jequi\u00e9 e as implica\u00e7\u00f5es para 2026.\" \/>\n\t\t<script type=\"application\/ld+json\" class=\"aioseo-schema\">\n\t\t\t{\"@context\":\"https:\\\/\\\/schema.org\",\"@graph\":[{\"@type\":\"Article\",\"@id\":\"https:\\\/\\\/www.encontrajequie.com.br\\\/sobre\\\/jeronimo-reforca-parceria-com-ze-coca-confirma-presenca-em-aniversario-de-jequie-e-relacao-pode-definir-apoio-em-2026\\\/#article\",\"name\":\"Jer\\u00f4nimo refor\\u00e7a parceria com Z\\u00e9 Coc\\u00e1, confirma presen\\u00e7a em anivers\\u00e1rio de Jequi\\u00e9 e rela\\u00e7\\u00e3o pode definir apoio em 2026 | Encontra Jequi\\u00e9\",\"headline\":\"Jer\\u00f4nimo refor\\u00e7a parceria com Z\\u00e9 Coc\\u00e1, confirma presen\\u00e7a em anivers\\u00e1rio de Jequi\\u00e9 e rela\\u00e7\\u00e3o pode definir apoio em 2026\",\"author\":{\"@id\":\"https:\\\/\\\/www.encontrajequie.com.br\\\/sobre\\\/author\\\/ejequie\\\/#author\"},\"publisher\":{\"@id\":\"https:\\\/\\\/www.encontrajequie.com.br\\\/sobre\\\/#organization\"},\"image\":{\"@type\":\"ImageObject\",\"url\":\"https:\\\/\\\/www.encontrajequie.com.br\\\/sobre\\\/wp-content\\\/uploads\\\/2025\\\/11\\\/jeronimo-reforca-parceria-com-ze-coca-confirma-presenca-em-aniversario-de-jequie-e-relacao-pode-defi.webp\",\"width\":320,\"height\":280,\"caption\":\"Jer\\u00f4nimo Rodrigues\"},\"datePublished\":\"2025-11-12T12:32:00-03:00\",\"dateModified\":\"2025-11-12T12:32:00-03:00\",\"inLanguage\":\"pt-BR\",\"mainEntityOfPage\":{\"@id\":\"https:\\\/\\\/www.encontrajequie.com.br\\\/sobre\\\/jeronimo-reforca-parceria-com-ze-coca-confirma-presenca-em-aniversario-de-jequie-e-relacao-pode-definir-apoio-em-2026\\\/#webpage\"},\"isPartOf\":{\"@id\":\"https:\\\/\\\/www.encontrajequie.com.br\\\/sobre\\\/jeronimo-reforca-parceria-com-ze-coca-confirma-presenca-em-aniversario-de-jequie-e-relacao-pode-definir-apoio-em-2026\\\/#webpage\"},\"articleSection\":\"Not\\u00edcias Jequi\\u00e9\"},{\"@type\":\"BreadcrumbList\",\"@id\":\"https:\\\/\\\/www.encontrajequie.com.br\\\/sobre\\\/jeronimo-reforca-parceria-com-ze-coca-confirma-presenca-em-aniversario-de-jequie-e-relacao-pode-definir-apoio-em-2026\\\/#breadcrumblist\",\"itemListElement\":[{\"@type\":\"ListItem\",\"@id\":\"https:\\\/\\\/www.encontrajequie.com.br\\\/sobre#listItem\",\"position\":1,\"name\":\"Home\",\"item\":\"https:\\\/\\\/www.encontrajequie.com.br\\\/sobre\",\"nextItem\":{\"@type\":\"ListItem\",\"@id\":\"https:\\\/\\\/www.encontrajequie.com.br\\\/sobre\\\/noticias-em-jequie\\\/#listItem\",\"name\":\"Not\\u00edcias Jequi\\u00e9\"}},{\"@type\":\"ListItem\",\"@id\":\"https:\\\/\\\/www.encontrajequie.com.br\\\/sobre\\\/noticias-em-jequie\\\/#listItem\",\"position\":2,\"name\":\"Not\\u00edcias Jequi\\u00e9\",\"item\":\"https:\\\/\\\/www.encontrajequie.com.br\\\/sobre\\\/noticias-em-jequie\\\/\",\"nextItem\":{\"@type\":\"ListItem\",\"@id\":\"https:\\\/\\\/www.encontrajequie.com.br\\\/sobre\\\/jeronimo-reforca-parceria-com-ze-coca-confirma-presenca-em-aniversario-de-jequie-e-relacao-pode-definir-apoio-em-2026\\\/#listItem\",\"name\":\"Jer\\u00f4nimo refor\\u00e7a parceria com Z\\u00e9 Coc\\u00e1, confirma presen\\u00e7a em anivers\\u00e1rio de Jequi\\u00e9 e rela\\u00e7\\u00e3o pode definir apoio em 2026\"},\"previousItem\":{\"@type\":\"ListItem\",\"@id\":\"https:\\\/\\\/www.encontrajequie.com.br\\\/sobre#listItem\",\"name\":\"Home\"}},{\"@type\":\"ListItem\",\"@id\":\"https:\\\/\\\/www.encontrajequie.com.br\\\/sobre\\\/jeronimo-reforca-parceria-com-ze-coca-confirma-presenca-em-aniversario-de-jequie-e-relacao-pode-definir-apoio-em-2026\\\/#listItem\",\"position\":3,\"name\":\"Jer\\u00f4nimo refor\\u00e7a parceria com Z\\u00e9 Coc\\u00e1, confirma presen\\u00e7a em anivers\\u00e1rio de Jequi\\u00e9 e rela\\u00e7\\u00e3o pode definir apoio em 2026\",\"previousItem\":{\"@type\":\"ListItem\",\"@id\":\"https:\\\/\\\/www.encontrajequie.com.br\\\/sobre\\\/noticias-em-jequie\\\/#listItem\",\"name\":\"Not\\u00edcias Jequi\\u00e9\"}}]},{\"@type\":\"Organization\",\"@id\":\"https:\\\/\\\/www.encontrajequie.com.br\\\/sobre\\\/#organization\",\"name\":\"Encontra Jequi\\u00e9\",\"description\":\"Not\\u00edcias, eventos, informa\\u00e7\\u00f5es e dicas na cidade de Jequi\\u00e9 e regi\\u00e3o.\",\"url\":\"https:\\\/\\\/www.encontrajequie.com.br\\\/sobre\\\/\"},{\"@type\":\"Person\",\"@id\":\"https:\\\/\\\/www.encontrajequie.com.br\\\/sobre\\\/author\\\/ejequie\\\/#author\",\"url\":\"https:\\\/\\\/www.encontrajequie.com.br\\\/sobre\\\/author\\\/ejequie\\\/\",\"name\":\"Encontra Jequi\\u00e9\",\"image\":{\"@type\":\"ImageObject\",\"@id\":\"https:\\\/\\\/www.encontrajequie.com.br\\\/sobre\\\/jeronimo-reforca-parceria-com-ze-coca-confirma-presenca-em-aniversario-de-jequie-e-relacao-pode-definir-apoio-em-2026\\\/#authorImage\",\"url\":\"https:\\\/\\\/secure.gravatar.com\\\/avatar\\\/507340682b8270222e1f208e23198b6ae7e2c6a1033ae84e99bc6bce4f82a387?s=96&d=mm&r=g\",\"width\":96,\"height\":96,\"caption\":\"Encontra Jequi\\u00e9\"}},{\"@type\":\"WebPage\",\"@id\":\"https:\\\/\\\/www.encontrajequie.com.br\\\/sobre\\\/jeronimo-reforca-parceria-com-ze-coca-confirma-presenca-em-aniversario-de-jequie-e-relacao-pode-definir-apoio-em-2026\\\/#webpage\",\"url\":\"https:\\\/\\\/www.encontrajequie.com.br\\\/sobre\\\/jeronimo-reforca-parceria-com-ze-coca-confirma-presenca-em-aniversario-de-jequie-e-relacao-pode-definir-apoio-em-2026\\\/\",\"name\":\"Jer\\u00f4nimo refor\\u00e7a parceria com Z\\u00e9 Coc\\u00e1, confirma presen\\u00e7a em anivers\\u00e1rio de Jequi\\u00e9 e rela\\u00e7\\u00e3o pode definir apoio em 2026 | Encontra Jequi\\u00e9\",\"description\":\"Jer\\u00f4nimo e Z\\u00e9 Coc\\u00e1 revelam os planos pol\\u00edticos para Jequi\\u00e9 e as implica\\u00e7\\u00f5es para 2026.\",\"inLanguage\":\"pt-BR\",\"isPartOf\":{\"@id\":\"https:\\\/\\\/www.encontrajequie.com.br\\\/sobre\\\/#website\"},\"breadcrumb\":{\"@id\":\"https:\\\/\\\/www.encontrajequie.com.br\\\/sobre\\\/jeronimo-reforca-parceria-com-ze-coca-confirma-presenca-em-aniversario-de-jequie-e-relacao-pode-definir-apoio-em-2026\\\/#breadcrumblist\"},\"author\":{\"@id\":\"https:\\\/\\\/www.encontrajequie.com.br\\\/sobre\\\/author\\\/ejequie\\\/#author\"},\"creator\":{\"@id\":\"https:\\\/\\\/www.encontrajequie.com.br\\\/sobre\\\/author\\\/ejequie\\\/#author\"},\"image\":{\"@type\":\"ImageObject\",\"url\":\"https:\\\/\\\/www.encontrajequie.com.br\\\/sobre\\\/wp-content\\\/uploads\\\/2025\\\/11\\\/jeronimo-reforca-parceria-com-ze-coca-confirma-presenca-em-aniversario-de-jequie-e-relacao-pode-defi.webp\",\"@id\":\"https:\\\/\\\/www.encontrajequie.com.br\\\/sobre\\\/jeronimo-reforca-parceria-com-ze-coca-confirma-presenca-em-aniversario-de-jequie-e-relacao-pode-definir-apoio-em-2026\\\/#mainImage\",\"width\":320,\"height\":280,\"caption\":\"Jer\\u00f4nimo Rodrigues\"},\"primaryImageOfPage\":{\"@id\":\"https:\\\/\\\/www.encontrajequie.com.br\\\/sobre\\\/jeronimo-reforca-parceria-com-ze-coca-confirma-presenca-em-aniversario-de-jequie-e-relacao-pode-definir-apoio-em-2026\\\/#mainImage\"},\"datePublished\":\"2025-11-12T12:32:00-03:00\",\"dateModified\":\"2025-11-12T12:32:00-03:00\"},{\"@type\":\"WebSite\",\"@id\":\"https:\\\/\\\/www.encontrajequie.com.br\\\/sobre\\\/#website\",\"url\":\"https:\\\/\\\/www.encontrajequie.com.br\\\/sobre\\\/\",\"name\":\"Encontra Jequi\\u00e9\",\"description\":\"Not\\u00edcias, eventos, informa\\u00e7\\u00f5es e dicas na cidade de Jequi\\u00e9 e regi\\u00e3o.\",\"inLanguage\":\"pt-BR\",\"publisher\":{\"@id\":\"https:\\\/\\\/www.encontrajequie.com.br\\\/sobre\\\/#organization\"}}]}\n\t\t<\/script>\n\t\t<!-- All in One SEO -->\n\n","aioseo_head_json":{"title":"Jer\u00f4nimo refor\u00e7a parceria com Z\u00e9 Coc\u00e1, confirma presen\u00e7a em anivers\u00e1rio de Jequi\u00e9 e rela\u00e7\u00e3o pode definir apoio em 2026 | Encontra Jequi\u00e9","description":"Jer\u00f4nimo e Z\u00e9 Coc\u00e1 revelam os planos pol\u00edticos para Jequi\u00e9 e as implica\u00e7\u00f5es para 2026.","canonical_url":"https:\/\/www.encontrajequie.com.br\/sobre\/jeronimo-reforca-parceria-com-ze-coca-confirma-presenca-em-aniversario-de-jequie-e-relacao-pode-definir-apoio-em-2026\/","robots":"max-image-preview:large","keywords":"","webmasterTools":{"miscellaneous":""},"schema":{"@context":"https:\/\/schema.org","@graph":[{"@type":"Article","@id":"https:\/\/www.encontrajequie.com.br\/sobre\/jeronimo-reforca-parceria-com-ze-coca-confirma-presenca-em-aniversario-de-jequie-e-relacao-pode-definir-apoio-em-2026\/#article","name":"Jer\u00f4nimo refor\u00e7a parceria com Z\u00e9 Coc\u00e1, confirma presen\u00e7a em anivers\u00e1rio de Jequi\u00e9 e rela\u00e7\u00e3o pode definir apoio em 2026 | Encontra Jequi\u00e9","headline":"Jer\u00f4nimo refor\u00e7a parceria com Z\u00e9 Coc\u00e1, confirma presen\u00e7a em anivers\u00e1rio de Jequi\u00e9 e rela\u00e7\u00e3o pode definir apoio em 2026","author":{"@id":"https:\/\/www.encontrajequie.com.br\/sobre\/author\/ejequie\/#author"},"publisher":{"@id":"https:\/\/www.encontrajequie.com.br\/sobre\/#organization"},"image":{"@type":"ImageObject","url":"https:\/\/www.encontrajequie.com.br\/sobre\/wp-content\/uploads\/2025\/11\/jeronimo-reforca-parceria-com-ze-coca-confirma-presenca-em-aniversario-de-jequie-e-relacao-pode-defi.webp","width":320,"height":280,"caption":"Jer\u00f4nimo Rodrigues"},"datePublished":"2025-11-12T12:32:00-03:00","dateModified":"2025-11-12T12:32:00-03:00","inLanguage":"pt-BR","mainEntityOfPage":{"@id":"https:\/\/www.encontrajequie.com.br\/sobre\/jeronimo-reforca-parceria-com-ze-coca-confirma-presenca-em-aniversario-de-jequie-e-relacao-pode-definir-apoio-em-2026\/#webpage"},"isPartOf":{"@id":"https:\/\/www.encontrajequie.com.br\/sobre\/jeronimo-reforca-parceria-com-ze-coca-confirma-presenca-em-aniversario-de-jequie-e-relacao-pode-definir-apoio-em-2026\/#webpage"},"articleSection":"Not\u00edcias Jequi\u00e9"},{"@type":"BreadcrumbList","@id":"https:\/\/www.encontrajequie.com.br\/sobre\/jeronimo-reforca-parceria-com-ze-coca-confirma-presenca-em-aniversario-de-jequie-e-relacao-pode-definir-apoio-em-2026\/#breadcrumblist","itemListElement":[{"@type":"ListItem","@id":"https:\/\/www.encontrajequie.com.br\/sobre#listItem","position":1,"name":"Home","item":"https:\/\/www.encontrajequie.com.br\/sobre","nextItem":{"@type":"ListItem","@id":"https:\/\/www.encontrajequie.com.br\/sobre\/noticias-em-jequie\/#listItem","name":"Not\u00edcias Jequi\u00e9"}},{"@type":"ListItem","@id":"https:\/\/www.encontrajequie.com.br\/sobre\/noticias-em-jequie\/#listItem","position":2,"name":"Not\u00edcias Jequi\u00e9","item":"https:\/\/www.encontrajequie.com.br\/sobre\/noticias-em-jequie\/","nextItem":{"@type":"ListItem","@id":"https:\/\/www.encontrajequie.com.br\/sobre\/jeronimo-reforca-parceria-com-ze-coca-confirma-presenca-em-aniversario-de-jequie-e-relacao-pode-definir-apoio-em-2026\/#listItem","name":"Jer\u00f4nimo refor\u00e7a parceria com Z\u00e9 Coc\u00e1, confirma presen\u00e7a em anivers\u00e1rio de Jequi\u00e9 e rela\u00e7\u00e3o pode definir apoio em 2026"},"previousItem":{"@type":"ListItem","@id":"https:\/\/www.encontrajequie.com.br\/sobre#listItem","name":"Home"}},{"@type":"ListItem","@id":"https:\/\/www.encontrajequie.com.br\/sobre\/jeronimo-reforca-parceria-com-ze-coca-confirma-presenca-em-aniversario-de-jequie-e-relacao-pode-definir-apoio-em-2026\/#listItem","position":3,"name":"Jer\u00f4nimo refor\u00e7a parceria com Z\u00e9 Coc\u00e1, confirma presen\u00e7a em anivers\u00e1rio de Jequi\u00e9 e rela\u00e7\u00e3o pode definir apoio em 2026","previousItem":{"@type":"ListItem","@id":"https:\/\/www.encontrajequie.com.br\/sobre\/noticias-em-jequie\/#listItem","name":"Not\u00edcias Jequi\u00e9"}}]},{"@type":"Organization","@id":"https:\/\/www.encontrajequie.com.br\/sobre\/#organization","name":"Encontra Jequi\u00e9","description":"Not\u00edcias, eventos, informa\u00e7\u00f5es e dicas na cidade de Jequi\u00e9 e regi\u00e3o.","url":"https:\/\/www.encontrajequie.com.br\/sobre\/"},{"@type":"Person","@id":"https:\/\/www.encontrajequie.com.br\/sobre\/author\/ejequie\/#author","url":"https:\/\/www.encontrajequie.com.br\/sobre\/author\/ejequie\/","name":"Encontra Jequi\u00e9","image":{"@type":"ImageObject","@id":"https:\/\/www.encontrajequie.com.br\/sobre\/jeronimo-reforca-parceria-com-ze-coca-confirma-presenca-em-aniversario-de-jequie-e-relacao-pode-definir-apoio-em-2026\/#authorImage","url":"https:\/\/secure.gravatar.com\/avatar\/507340682b8270222e1f208e23198b6ae7e2c6a1033ae84e99bc6bce4f82a387?s=96&d=mm&r=g","width":96,"height":96,"caption":"Encontra Jequi\u00e9"}},{"@type":"WebPage","@id":"https:\/\/www.encontrajequie.com.br\/sobre\/jeronimo-reforca-parceria-com-ze-coca-confirma-presenca-em-aniversario-de-jequie-e-relacao-pode-definir-apoio-em-2026\/#webpage","url":"https:\/\/www.encontrajequie.com.br\/sobre\/jeronimo-reforca-parceria-com-ze-coca-confirma-presenca-em-aniversario-de-jequie-e-relacao-pode-definir-apoio-em-2026\/","name":"Jer\u00f4nimo refor\u00e7a parceria com Z\u00e9 Coc\u00e1, confirma presen\u00e7a em anivers\u00e1rio de Jequi\u00e9 e rela\u00e7\u00e3o pode definir apoio em 2026 | Encontra Jequi\u00e9","description":"Jer\u00f4nimo e Z\u00e9 Coc\u00e1 revelam os planos pol\u00edticos para Jequi\u00e9 e as implica\u00e7\u00f5es para 2026.","inLanguage":"pt-BR","isPartOf":{"@id":"https:\/\/www.encontrajequie.com.br\/sobre\/#website"},"breadcrumb":{"@id":"https:\/\/www.encontrajequie.com.br\/sobre\/jeronimo-reforca-parceria-com-ze-coca-confirma-presenca-em-aniversario-de-jequie-e-relacao-pode-definir-apoio-em-2026\/#breadcrumblist"},"author":{"@id":"https:\/\/www.encontrajequie.com.br\/sobre\/author\/ejequie\/#author"},"creator":{"@id":"https:\/\/www.encontrajequie.com.br\/sobre\/author\/ejequie\/#author"},"image":{"@type":"ImageObject","url":"https:\/\/www.encontrajequie.com.br\/sobre\/wp-content\/uploads\/2025\/11\/jeronimo-reforca-parceria-com-ze-coca-confirma-presenca-em-aniversario-de-jequie-e-relacao-pode-defi.webp","@id":"https:\/\/www.encontrajequie.com.br\/sobre\/jeronimo-reforca-parceria-com-ze-coca-confirma-presenca-em-aniversario-de-jequie-e-relacao-pode-definir-apoio-em-2026\/#mainImage","width":320,"height":280,"caption":"Jer\u00f4nimo Rodrigues"},"primaryImageOfPage":{"@id":"https:\/\/www.encontrajequie.com.br\/sobre\/jeronimo-reforca-parceria-com-ze-coca-confirma-presenca-em-aniversario-de-jequie-e-relacao-pode-definir-apoio-em-2026\/#mainImage"},"datePublished":"2025-11-12T12:32:00-03:00","dateModified":"2025-11-12T12:32:00-03:00"},{"@type":"WebSite","@id":"https:\/\/www.encontrajequie.com.br\/sobre\/#website","url":"https:\/\/www.encontrajequie.com.br\/sobre\/","name":"Encontra Jequi\u00e9","description":"Not\u00edcias, eventos, informa\u00e7\u00f5es e dicas na cidade de Jequi\u00e9 e regi\u00e3o.","inLanguage":"pt-BR","publisher":{"@id":"https:\/\/www.encontrajequie.com.br\/sobre\/#organization"}}]},"og:locale":"pt_BR","og:site_name":"Encontra Jequi\u00e9 | Not\u00edcias, eventos, informa\u00e7\u00f5es e dicas na cidade de Jequi\u00e9 e regi\u00e3o.","og:type":"article","og:title":"Jer\u00f4nimo refor\u00e7a parceria com Z\u00e9 Coc\u00e1, confirma presen\u00e7a em anivers\u00e1rio de Jequi\u00e9 e rela\u00e7\u00e3o pode definir apoio em 2026 | Encontra Jequi\u00e9","og:description":"Jer\u00f4nimo e Z\u00e9 Coc\u00e1 revelam os planos pol\u00edticos para Jequi\u00e9 e as implica\u00e7\u00f5es para 2026.","og:url":"https:\/\/www.encontrajequie.com.br\/sobre\/jeronimo-reforca-parceria-com-ze-coca-confirma-presenca-em-aniversario-de-jequie-e-relacao-pode-definir-apoio-em-2026\/","article:published_time":"2025-11-12T15:32:00+00:00","article:modified_time":"2025-11-12T15:32:00+00:00","twitter:card":"summary_large_image","twitter:title":"Jer\u00f4nimo refor\u00e7a parceria com Z\u00e9 Coc\u00e1, confirma presen\u00e7a em anivers\u00e1rio de Jequi\u00e9 e rela\u00e7\u00e3o pode definir apoio em 2026 | Encontra Jequi\u00e9","twitter:description":"Jer\u00f4nimo e Z\u00e9 Coc\u00e1 revelam os planos pol\u00edticos para Jequi\u00e9 e as implica\u00e7\u00f5es para 2026."},"aioseo_meta_data":{"post_id":"284","title":null,"description":null,"keywords":null,"keyphrases":null,"primary_term":null,"canonical_url":null,"og_title":null,"og_description":null,"og_object_type":"default","og_image_type":"default","og_image_url":null,"og_image_width":null,"og_image_height":null,"og_image_custom_url":null,"og_image_custom_fields":null,"og_video":null,"og_custom_url":null,"og_article_section":null,"og_article_tags":null,"twitter_use_og":false,"twitter_card":"default","twitter_image_type":"default","twitter_image_url":null,"twitter_image_custom_url":null,"twitter_image_custom_fields":null,"twitter_title":null,"twitter_description":null,"schema":{"blockGraphs":[],"customGraphs":[],"default":{"data":{"Article":[],"Course":[],"Dataset":[],"FAQPage":[],"Movie":[],"Person":[],"Product":[],"ProductReview":[],"Car":[],"Recipe":[],"Service":[],"SoftwareApplication":[],"WebPage":[]},"graphName":"Article","isEnabled":true},"graphs":[]},"schema_type":"default","schema_type_options":null,"pillar_content":false,"robots_default":true,"robots_noindex":false,"robots_noarchive":false,"robots_nosnippet":false,"robots_nofollow":false,"robots_noimageindex":false,"robots_noodp":false,"robots_notranslate":false,"robots_max_snippet":null,"robots_max_videopreview":null,"robots_max_imagepreview":"large","priority":null,"frequency":null,"local_seo":null,"breadcrumb_settings":null,"limit_modified_date":false,"ai":null,"created":"2025-11-12 23:48:47","updated":"2025-11-12 23:49:31","focus_keyword":null,"additional_keywords":null,"truseo_locale":null,"seo_analyzer_scan_date":null},"aioseo_breadcrumb":"<div class=\"aioseo-breadcrumbs\"><span class=\"aioseo-breadcrumb\">\n\t\t\t<a href=\"https:\/\/www.encontrajequie.com.br\/sobre\" title=\"Home\">Home<\/a>\n\t\t<\/span><span class=\"aioseo-breadcrumb-separator\">&raquo;<\/span><span class=\"aioseo-breadcrumb\">\n\t\t\t<a href=\"https:\/\/www.encontrajequie.com.br\/sobre\/noticias-em-jequie\/\" title=\"Not\u00edcias Jequi\u00e9\">Not\u00edcias Jequi\u00e9<\/a>\n\t\t<\/span><span class=\"aioseo-breadcrumb-separator\">&raquo;<\/span><span class=\"aioseo-breadcrumb\">\n\t\t\tJer\u00f4nimo refor\u00e7a parceria com Z\u00e9 Coc\u00e1, confirma presen\u00e7a em anivers\u00e1rio de Jequi\u00e9 e rela\u00e7\u00e3o pode definir apoio em 2026\n\t\t<\/span><\/div>","aioseo_breadcrumb_json":[{"label":"Home","link":"https:\/\/www.encontrajequie.com.br\/sobre"},{"label":"Not\u00edcias Jequi\u00e9","link":"https:\/\/www.encontrajequie.com.br\/sobre\/noticias-em-jequie\/"},{"label":"Jer\u00f4nimo refor\u00e7a parceria com Z\u00e9 Coc\u00e1, confirma presen\u00e7a em anivers\u00e1rio de Jequi\u00e9 e rela\u00e7\u00e3o pode definir apoio em 2026","link":"https:\/\/www.encontrajequie.com.br\/sobre\/jeronimo-reforca-parceria-com-ze-coca-confirma-presenca-em-aniversario-de-jequie-e-relacao-pode-definir-apoio-em-2026\/"}],"_links":{"self":[{"href":"https:\/\/www.encontrajequie.com.br\/sobre\/wp-json\/wp\/v2\/posts\/284","targetHints":{"allow":["GET"]}}],"collection":[{"href":"https:\/\/www.encontrajequie.com.br\/sobre\/wp-json\/wp\/v2\/posts"}],"about":[{"href":"https:\/\/www.encontrajequie.com.br\/sobre\/wp-json\/wp\/v2\/types\/post"}],"author":[{"embeddable":true,"href":"https:\/\/www.encontrajequie.com.br\/sobre\/wp-json\/wp\/v2\/users\/1"}],"replies":[{"embeddable":true,"href":"https:\/\/www.encontrajequie.com.br\/sobre\/wp-json\/wp\/v2\/comments?post=284"}],"version-history":[{"count":0,"href":"https:\/\/www.encontrajequie.com.br\/sobre\/wp-json\/wp\/v2\/posts\/284\/revisions"}],"wp:featuredmedia":[{"embeddable":true,"href":"https:\/\/www.encontrajequie.com.br\/sobre\/wp-json\/wp\/v2\/media\/283"}],"wp:attachment":[{"href":"https:\/\/www.encontrajequie.com.br\/sobre\/wp-json\/wp\/v2\/media?parent=284"}],"wp:term":[{"taxonomy":"category","embeddable":true,"href":"https:\/\/www.encontrajequie.com.br\/sobre\/wp-json\/wp\/v2\/categories?post=284"},{"taxonomy":"post_tag","embeddable":true,"href":"https:\/\/www.encontrajequie.com.br\/sobre\/wp-json\/wp\/v2\/tags?post=284"}],"curies":[{"name":"wp","href":"https:\/\/api.w.org\/{rel}","templated":true}]}}