{"id":333,"date":"2025-11-18T07:59:00","date_gmt":"2025-11-18T10:59:00","guid":{"rendered":"https:\/\/www.encontrajequie.com.br\/sobre\/jequie-celebra-128-anos-com-obras-de-pavimentacao-requalificacao-do-ceavig-e-investimentos-rurais-do-governo-da-bahia-governador-jeronimo-destaca-atuacao\/"},"modified":"2025-11-18T07:59:00","modified_gmt":"2025-11-18T10:59:00","slug":"jequie-celebra-128-anos-com-obras-de-pavimentacao-requalificacao-do-ceavig-e-investimentos-rurais-do-governo-da-bahia-governador-jeronimo-destaca-atuacao","status":"publish","type":"post","link":"https:\/\/www.encontrajequie.com.br\/sobre\/jequie-celebra-128-anos-com-obras-de-pavimentacao-requalificacao-do-ceavig-e-investimentos-rurais-do-governo-da-bahia-governador-jeronimo-destaca-atuacao\/","title":{"rendered":"Jequi\u00e9 celebra 128 anos com obras de pavimenta\u00e7\u00e3o, requalifica\u00e7\u00e3o do CEAVIG e investimentos rurais do governo da Bahia; Governador Jer\u00f4nimo destaca atua\u00e7\u00e3o"},"content":{"rendered":"<div class=\"30cf832dc5940d4704f66d0ed9a44050\" data-index=\"1\" style=\"float: none; margin:0px;\">\n<!-- Anuncio display - global -->\r\n<ins class=\"adsbygoogle\"\r\n     style=\"display:block\"\r\n     data-ad-client=\"ca-pub-8585364105181520\"\r\n     data-ad-slot=\"8789329856\"\r\n     data-ad-format=\"auto\"\r\n     data-full-width-responsive=\"true\"><\/ins>\r\n<script>\r\n     (adsbygoogle = window.adsbygoogle || []).push({});\r\n<\/script>\n<\/div>\n<h2>Pavimenta\u00e7\u00e3o e Mobilidade em Jequi\u00e9<\/h2>\n<p>A pavimenta\u00e7\u00e3o de ruas e acessos em Jequi\u00e9, na Bahia, \u00e9 uma quest\u00e3o de fundamental import\u00e2ncia para o desenvolvimento urbano e o bem-estar da popula\u00e7\u00e3o. Com a recente entrega de obras pelo governo estadual, a cidade comemorou 128 anos de emancipa\u00e7\u00e3o pol\u00edtica com melhorias significativas em sua infraestrutura. A principal obra, que inclui a pavimenta\u00e7\u00e3o asf\u00e1ltica do acesso ao Instituto Federal da Bahia (IFBA), faz parte do programa <strong>Bahia em Movimento<\/strong>, que busca promover a mobilidade urbana no estado.<\/p>\n<p>A pavimenta\u00e7\u00e3o do trecho de 2,4 quil\u00f4metros, que liga a BR-116 ao bairro Sol Nascente, representa um avan\u00e7o nas condi\u00e7\u00f5es de tr\u00e1fego e seguran\u00e7a para estudantes, professores e residentes. Segundo o diretor da Superintend\u00eancia de Infraestrutura de Transportes (SIT), essa melhoria n\u00e3o apenas facilita o acesso ao IFBA e \u00e0 Universidade Federal do Sul da Bahia (UFSB), mas tamb\u00e9m integra a comunidade ao desenvolvimento educacional. Essa obra proporciona um respiro para a mobilidade urbana, que muitas vezes era prejudicada pelas antigas estradas de terra, dificultando o deslocamento, especialmente durante per\u00edodos de chuva.<\/p>\n<h2>Import\u00e2ncia da Requalifica\u00e7\u00e3o do CEAVIG<\/h2>\n<p>Outro ponto central nas recentes a\u00e7\u00f5es do governo baiano em Jequi\u00e9 \u00e9 a requalifica\u00e7\u00e3o do <strong>Centro de Abastecimento Vicente Grilo (CEAVIG)<\/strong>. Com um investimento de R$ 5 milh\u00f5es, as obras visam modernizar as instala\u00e7\u00f5es do centro, que \u00e9 um local crucial para o com\u00e9rcio e abastecimento da regi\u00e3o. A reforma inclui a revitaliza\u00e7\u00e3o de 65 boxes comerciais, que abrigam desde restaurantes at\u00e9 pontos de venda de produtos locais.<\/p>\n<p><img decoding=\"async\" src=\"https:\/\/www.encontrajequie.com.br\/sobre\/wp-content\/uploads\/2025\/11\/jequie-celebra-128-anos-com-obras-de-pavimentacao-requalificacao-do-ceavig-e-investimentos-rurais-do.webp\" alt=\"obras de pavimenta\u00e7\u00e3o em Jequi\u00e9\" loading=\"lazy\" \/><\/p>\n<p>O CEAVIG serve como um importante ponto de encontro para a comunidade e a requalifica\u00e7\u00e3o promover\u00e1 n\u00e3o apenas a est\u00e9tica do local, mas tamb\u00e9m a funcionalidade e a efici\u00eancia das opera\u00e7\u00f5es comerciais. Com melhorias na paisagem urbana e na infraestrutura, espera-se que o centro se torne mais atrativo para consumidores e fornecedores, impactando positivamente a economia local e incentivando o com\u00e9rcio em Jequi\u00e9.<\/p>\n<h2>Investimentos Rurais e Agricultura Familiar<\/h2>\n<p>O fortalecimento da agricultura familiar e das comunidades rurais em Jequi\u00e9 foi destacado atrav\u00e9s de investimentos espec\u00edficos, como a entrega de um <strong>trator agr\u00edcola<\/strong> \u00e0 Associa\u00e7\u00e3o de Moradores e Produtores Rurais do Povoado de Vista Alegre de Morro Verde. Esses equipamentos s\u00e3o fundamentais para a moderniza\u00e7\u00e3o das pr\u00e1ticas agr\u00edcolas e para o aumento da produtividade na zona rural.<\/p>\n<p>Al\u00e9m disso, a autoriza\u00e7\u00e3o da cess\u00e3o de um caminh\u00e3o com carroceria de madeira para a Associa\u00e7\u00e3o dos Agricultores de Limoeiro expande as capacidades log\u00edsticas dessas comunidades, permitindo uma melhor distribui\u00e7\u00e3o dos produtos e o acesso a novos mercados. Esses investimentos s\u00e3o um reflexo do compromisso do governo com a inclus\u00e3o e o desenvolvimento sustent\u00e1vel das \u00e1reas rurais, garantindo que a popula\u00e7\u00e3o tenha ferramentas adequadas para prosperar.<\/p>\n<h2>Como as Obras Melhoram a Vida dos Estudantes<\/h2>\n<p>As melhorias nas vias de acesso ao IFBA e \u00e0 UFSB t\u00eam um impacto direto na vida de cerca de 1.500 alunos e servidores que utilizam essas rotas diariamente. Antes da pavimenta\u00e7\u00e3o, o trajeto era uma verdadeira saga em per\u00edodos de chuvas, onde lama e estradas de terra tornavam o deslocamento dif\u00edcil e inseguro.<\/p>\n<p>Depoimentos de funcion\u00e1rios e alunos refor\u00e7am a relev\u00e2ncia dessa obra. Por exemplo, J\u00falio Dantas, funcion\u00e1rio do instituto, elucidou que a nova pista \u00e9 um &#8220;sonho realizado&#8221;, ressaltando a import\u00e2ncia de um acesso adequado para garantir seguran\u00e7a e conforto. Dessa forma, os estudantes podem se concentrar no aprendizado, sem os transtornos causados por uma infraestrutura prec\u00e1ria.<\/p>\n<h2>De que Forma a Cidade do Sol Celebra seu Anivers\u00e1rio?<\/h2>\n<p>O anivers\u00e1rio de 128 anos de Jequi\u00e9, conhecido como a \u201cCidade do Sol\u201d, foi celebrado com uma programa\u00e7\u00e3o especial que incluiu inaugura\u00e7\u00f5es, entregas de obras e eventos culturais. O governador Jer\u00f4nimo Rodrigues participou de uma missa solene na Catedral de Santo Ant\u00f4nio, onde foi homenageada a hist\u00f3ria da cidade e suas conquistas ao longo do tempo.<\/p>\n<p>Essas manifesta\u00e7\u00f5es c\u00edvicas e culturais s\u00e3o essenciais para fortalecer a identidade local e fomentar o sentimento de pertencimento entre os jequieenses. Celebrar a hist\u00f3ria da cidade ao mesmo tempo que se investe no futuro representa uma janela de oportunidades para novos projetos e melhorias cont\u00ednuas.<\/p>\n<h2>Programas de Desenvolvimento e Inclus\u00e3o Territorial<\/h2>\n<p>As a\u00e7\u00f5es do governo em Jequi\u00e9 refletem uma pol\u00edtica de descentraliza\u00e7\u00e3o dos investimentos em infraestrutura, que prioriza n\u00e3o apenas os grandes centros urbanos, mas tamb\u00e9m \u00e1reas rurais e comunidades em situa\u00e7\u00e3o de vulnerabilidade. Programas como <strong>Bahia em Movimento<\/strong> demonstram um compromisso com a mobilidade e inclus\u00e3o social, provendo recursos e planejamento adequado para atender \u00e0s demandas de diversas regi\u00f5es.<\/p>\n<p>O desenvolvimento territorial deve ocorrer de forma equilibrada, garantindo que todos os locais tenham acesso a servi\u00e7os b\u00e1sicos, como transporte, educa\u00e7\u00e3o e sa\u00fade. A constru\u00e7\u00e3o de um Centro de Educa\u00e7\u00e3o Infantil na comunidade quilombola do Barro Preto \u00e9 um exemplo claro dessa estrat\u00e9gia que busca atender as necessidades locais e contribuir para a inclus\u00e3o social.<\/p>\n<h2>Desafios da Manuten\u00e7\u00e3o da Infraestrutura<\/h2>\n<p>Embora as obras de pavimenta\u00e7\u00e3o e requalifica\u00e7\u00e3o trazem muitos benef\u00edcios, os desafios para a manuten\u00e7\u00e3o da infraestrutura s\u00e3o significativos. Ap\u00f3s a entrega das obras, \u00e9 fundamental garantir que as vias p\u00fablicas permane\u00e7am em boas condi\u00e7\u00f5es. Isso envolve n\u00e3o apenas o cuidado em rela\u00e7\u00e3o ao uso adequado das instala\u00e7\u00f5es, mas tamb\u00e9m a gest\u00e3o p\u00fablica eficiente que permita a realiza\u00e7\u00e3o de manuten\u00e7\u00f5es peri\u00f3dicas.<\/p>\n<p>O bom estado das estradas e centros de abastecimento, por exemplo, n\u00e3o deve ser apenas uma responsabilidade do governo, mas tamb\u00e9m da comunidade, que deve colaborar no cuidado e na preserva\u00e7\u00e3o. Assim, garantir a longevidade das melhorias implementadas \u00e9 uma tarefa coletiva que exige compromisso e respeito m\u00fatuo entre cidad\u00e3os e gestores p\u00fablicos.<\/p>\n<h2>A Estrat\u00e9gia do Governo para o Sudoeste<\/h2>\n<p>As obras em Jequi\u00e9 fazem parte de uma estrat\u00e9gia maior do governo da Bahia para desenvolver o Sudoeste do estado. Essa regi\u00e3o, que enfrenta hist\u00f3ricas dificuldades econ\u00f4micas e de infraestrutura, agora v\u00ea uma mudan\u00e7a de paradigma, onde o foco em obras estruturantes est\u00e1 se tornando uma realidade.<\/p>\n<p>O governador Jer\u00f4nimo Rodrigues destacou a import\u00e2ncia de dialogar com os munic\u00edpios e de desenvolver um plano que n\u00e3o apenas traga obras, mas que tamb\u00e9m transforme a vida da popula\u00e7\u00e3o. Ao investir em infraestrutura, \u00e9 poss\u00edvel n\u00e3o s\u00f3 melhorar a mobilidade, mas tamb\u00e9m impulsionar setores como com\u00e9rcio e turismo, criando um ciclo virtuoso de desenvolvimento regional.<\/p>\n<h2>Celebra\u00e7\u00f5es que Marcam a Emancipa\u00e7\u00e3o Pol\u00edtica<\/h2>\n<p>A emancipa\u00e7\u00e3o pol\u00edtica \u00e9 um marco importante na hist\u00f3ria de qualquer munic\u00edpio. Em Jequi\u00e9, as celebra\u00e7\u00f5es de 128 anos foram acompanhadas por eventos que promoveram tanto o orgulho local quanto a reflex\u00e3o sobre seu pasado e futuro. As festividades, que incluiram missas, entregas e homenagens, serviram para destacar a trajet\u00f3ria da cidade e a import\u00e2ncia de continuar investindo em seu crescimento.<\/p>\n<p>Os eventos focaram n\u00e3o apenas nas conquistas, mas tamb\u00e9m nos desafios que ainda permanecem. Historicamente, a cidade vivenciou varia\u00e7\u00f5es em sua velocidade de desenvolvimento, e os habitantes foram convidados a refletir sobre o papel de cada um na constru\u00e7\u00e3o de um futuro melhor.<\/p>\n<h2>O Papel da Comunidade nas Mudan\u00e7as Urbanas<\/h2>\n<p>A participa\u00e7\u00e3o da comunidade \u00e9 essencial em todo o processo de urbaniza\u00e7\u00e3o e desenvolvimento urbano. As melhorias em Jequi\u00e9 ilustram como a voz dos cidad\u00e3os pode influenciar decis\u00f5es e moldar a realidade local. A demanda por obras como a pavimenta\u00e7\u00e3o das vias e a requalifica\u00e7\u00e3o do CEAVIG n\u00e3o surgiram do nada; elas refletem a necessidade e o desejo da popula\u00e7\u00e3o por mudan\u00e7as.<\/p>\n<p>O envolvimento da comunidade em f\u00f3runs de discuss\u00e3o, sugest\u00f5es de melhorias e propostas para novos projetos deve ser incentivado. Uma popula\u00e7\u00e3o ativa na vida pol\u00edtica e social de sua cidade \u00e9 o primeiro passo para garantir que as mudan\u00e7as realizadas estejam sempre alinhadas com as expectativas e necessidades do povo.<\/p>\n\n<div style=\"font-size: 0px; height: 0px; line-height: 0px; margin: 0; padding: 0; clear: both;\"><\/div>","protected":false},"excerpt":{"rendered":"<p>Jequi\u00e9 completa 128 anos com importantes obras de infraestrutura e investimentos rurais.<\/p>\n","protected":false},"author":1,"featured_media":332,"comment_status":"open","ping_status":"closed","sticky":false,"template":"","format":"standard","meta":{"footnotes":""},"categories":[1],"tags":[],"class_list":["post-333","post","type-post","status-publish","format-standard","has-post-thumbnail","hentry","category-noticias-em-jequie","has_thumb"],"aioseo_notices":[],"aioseo_head":"\n\t\t<!-- All in One SEO 5.0.0.1 - aioseo.com -->\n\t<meta name=\"description\" content=\"Jequi\u00e9 completa 128 anos com importantes obras de infraestrutura e investimentos rurais.\" \/>\n\t<meta name=\"robots\" content=\"max-image-preview:large\" \/>\n\t<meta name=\"author\" content=\"Encontra Jequi\u00e9\"\/>\n\t<link rel=\"canonical\" href=\"https:\/\/www.encontrajequie.com.br\/sobre\/jequie-celebra-128-anos-com-obras-de-pavimentacao-requalificacao-do-ceavig-e-investimentos-rurais-do-governo-da-bahia-governador-jeronimo-destaca-atuacao\/\" \/>\n\t<meta name=\"generator\" content=\"All in One SEO (AIOSEO) 5.0.0.1\" \/>\n\t\t<meta property=\"og:locale\" content=\"pt_BR\" \/>\n\t\t<meta property=\"og:site_name\" content=\"Encontra Jequi\u00e9 | Not\u00edcias, eventos, informa\u00e7\u00f5es e dicas na cidade de Jequi\u00e9 e regi\u00e3o.\" \/>\n\t\t<meta property=\"og:type\" content=\"article\" \/>\n\t\t<meta property=\"og:title\" content=\"Jequi\u00e9 celebra 128 anos com obras de pavimenta\u00e7\u00e3o, requalifica\u00e7\u00e3o do CEAVIG e investimentos rurais do governo da Bahia; Governador Jer\u00f4nimo destaca atua\u00e7\u00e3o | Encontra Jequi\u00e9\" \/>\n\t\t<meta property=\"og:description\" content=\"Jequi\u00e9 completa 128 anos com importantes obras de infraestrutura e investimentos rurais.\" \/>\n\t\t<meta property=\"og:url\" content=\"https:\/\/www.encontrajequie.com.br\/sobre\/jequie-celebra-128-anos-com-obras-de-pavimentacao-requalificacao-do-ceavig-e-investimentos-rurais-do-governo-da-bahia-governador-jeronimo-destaca-atuacao\/\" \/>\n\t\t<meta property=\"article:published_time\" content=\"2025-11-18T10:59:00+00:00\" \/>\n\t\t<meta property=\"article:modified_time\" content=\"2025-11-18T10:59:00+00:00\" \/>\n\t\t<meta name=\"twitter:card\" content=\"summary_large_image\" \/>\n\t\t<meta name=\"twitter:title\" content=\"Jequi\u00e9 celebra 128 anos com obras de pavimenta\u00e7\u00e3o, requalifica\u00e7\u00e3o do CEAVIG e investimentos rurais do governo da Bahia; Governador Jer\u00f4nimo destaca atua\u00e7\u00e3o | Encontra Jequi\u00e9\" \/>\n\t\t<meta name=\"twitter:description\" content=\"Jequi\u00e9 completa 128 anos com importantes obras de infraestrutura e investimentos rurais.\" \/>\n\t\t<script type=\"application\/ld+json\" class=\"aioseo-schema\">\n\t\t\t{\"@context\":\"https:\\\/\\\/schema.org\",\"@graph\":[{\"@type\":\"Article\",\"@id\":\"https:\\\/\\\/www.encontrajequie.com.br\\\/sobre\\\/jequie-celebra-128-anos-com-obras-de-pavimentacao-requalificacao-do-ceavig-e-investimentos-rurais-do-governo-da-bahia-governador-jeronimo-destaca-atuacao\\\/#article\",\"name\":\"Jequi\\u00e9 celebra 128 anos com obras de pavimenta\\u00e7\\u00e3o, requalifica\\u00e7\\u00e3o do CEAVIG e investimentos rurais do governo da Bahia; Governador Jer\\u00f4nimo destaca atua\\u00e7\\u00e3o | Encontra Jequi\\u00e9\",\"headline\":\"Jequi\\u00e9 celebra 128 anos com obras de pavimenta\\u00e7\\u00e3o, requalifica\\u00e7\\u00e3o do CEAVIG e investimentos rurais do governo da Bahia; Governador Jer\\u00f4nimo destaca atua\\u00e7\\u00e3o\",\"author\":{\"@id\":\"https:\\\/\\\/www.encontrajequie.com.br\\\/sobre\\\/author\\\/ejequie\\\/#author\"},\"publisher\":{\"@id\":\"https:\\\/\\\/www.encontrajequie.com.br\\\/sobre\\\/#organization\"},\"image\":{\"@type\":\"ImageObject\",\"url\":\"https:\\\/\\\/www.encontrajequie.com.br\\\/sobre\\\/wp-content\\\/uploads\\\/2025\\\/11\\\/jequie-celebra-128-anos-com-obras-de-pavimentacao-requalificacao-do-ceavig-e-investimentos-rurais-do.webp\",\"width\":320,\"height\":280,\"caption\":\"obras de pavimenta\\u00e7\\u00e3o em Jequi\\u00e9\"},\"datePublished\":\"2025-11-18T07:59:00-03:00\",\"dateModified\":\"2025-11-18T07:59:00-03:00\",\"inLanguage\":\"pt-BR\",\"mainEntityOfPage\":{\"@id\":\"https:\\\/\\\/www.encontrajequie.com.br\\\/sobre\\\/jequie-celebra-128-anos-com-obras-de-pavimentacao-requalificacao-do-ceavig-e-investimentos-rurais-do-governo-da-bahia-governador-jeronimo-destaca-atuacao\\\/#webpage\"},\"isPartOf\":{\"@id\":\"https:\\\/\\\/www.encontrajequie.com.br\\\/sobre\\\/jequie-celebra-128-anos-com-obras-de-pavimentacao-requalificacao-do-ceavig-e-investimentos-rurais-do-governo-da-bahia-governador-jeronimo-destaca-atuacao\\\/#webpage\"},\"articleSection\":\"Not\\u00edcias Jequi\\u00e9\"},{\"@type\":\"BreadcrumbList\",\"@id\":\"https:\\\/\\\/www.encontrajequie.com.br\\\/sobre\\\/jequie-celebra-128-anos-com-obras-de-pavimentacao-requalificacao-do-ceavig-e-investimentos-rurais-do-governo-da-bahia-governador-jeronimo-destaca-atuacao\\\/#breadcrumblist\",\"itemListElement\":[{\"@type\":\"ListItem\",\"@id\":\"https:\\\/\\\/www.encontrajequie.com.br\\\/sobre#listItem\",\"position\":1,\"name\":\"Home\",\"item\":\"https:\\\/\\\/www.encontrajequie.com.br\\\/sobre\",\"nextItem\":{\"@type\":\"ListItem\",\"@id\":\"https:\\\/\\\/www.encontrajequie.com.br\\\/sobre\\\/noticias-em-jequie\\\/#listItem\",\"name\":\"Not\\u00edcias Jequi\\u00e9\"}},{\"@type\":\"ListItem\",\"@id\":\"https:\\\/\\\/www.encontrajequie.com.br\\\/sobre\\\/noticias-em-jequie\\\/#listItem\",\"position\":2,\"name\":\"Not\\u00edcias Jequi\\u00e9\",\"item\":\"https:\\\/\\\/www.encontrajequie.com.br\\\/sobre\\\/noticias-em-jequie\\\/\",\"nextItem\":{\"@type\":\"ListItem\",\"@id\":\"https:\\\/\\\/www.encontrajequie.com.br\\\/sobre\\\/jequie-celebra-128-anos-com-obras-de-pavimentacao-requalificacao-do-ceavig-e-investimentos-rurais-do-governo-da-bahia-governador-jeronimo-destaca-atuacao\\\/#listItem\",\"name\":\"Jequi\\u00e9 celebra 128 anos com obras de pavimenta\\u00e7\\u00e3o, requalifica\\u00e7\\u00e3o do CEAVIG e investimentos rurais do governo da Bahia; Governador Jer\\u00f4nimo destaca atua\\u00e7\\u00e3o\"},\"previousItem\":{\"@type\":\"ListItem\",\"@id\":\"https:\\\/\\\/www.encontrajequie.com.br\\\/sobre#listItem\",\"name\":\"Home\"}},{\"@type\":\"ListItem\",\"@id\":\"https:\\\/\\\/www.encontrajequie.com.br\\\/sobre\\\/jequie-celebra-128-anos-com-obras-de-pavimentacao-requalificacao-do-ceavig-e-investimentos-rurais-do-governo-da-bahia-governador-jeronimo-destaca-atuacao\\\/#listItem\",\"position\":3,\"name\":\"Jequi\\u00e9 celebra 128 anos com obras de pavimenta\\u00e7\\u00e3o, requalifica\\u00e7\\u00e3o do CEAVIG e investimentos rurais do governo da Bahia; Governador Jer\\u00f4nimo destaca atua\\u00e7\\u00e3o\",\"previousItem\":{\"@type\":\"ListItem\",\"@id\":\"https:\\\/\\\/www.encontrajequie.com.br\\\/sobre\\\/noticias-em-jequie\\\/#listItem\",\"name\":\"Not\\u00edcias Jequi\\u00e9\"}}]},{\"@type\":\"Organization\",\"@id\":\"https:\\\/\\\/www.encontrajequie.com.br\\\/sobre\\\/#organization\",\"name\":\"Encontra Jequi\\u00e9\",\"description\":\"Not\\u00edcias, eventos, informa\\u00e7\\u00f5es e dicas na cidade de Jequi\\u00e9 e regi\\u00e3o.\",\"url\":\"https:\\\/\\\/www.encontrajequie.com.br\\\/sobre\\\/\"},{\"@type\":\"Person\",\"@id\":\"https:\\\/\\\/www.encontrajequie.com.br\\\/sobre\\\/author\\\/ejequie\\\/#author\",\"url\":\"https:\\\/\\\/www.encontrajequie.com.br\\\/sobre\\\/author\\\/ejequie\\\/\",\"name\":\"Encontra Jequi\\u00e9\",\"image\":{\"@type\":\"ImageObject\",\"@id\":\"https:\\\/\\\/www.encontrajequie.com.br\\\/sobre\\\/jequie-celebra-128-anos-com-obras-de-pavimentacao-requalificacao-do-ceavig-e-investimentos-rurais-do-governo-da-bahia-governador-jeronimo-destaca-atuacao\\\/#authorImage\",\"url\":\"https:\\\/\\\/secure.gravatar.com\\\/avatar\\\/507340682b8270222e1f208e23198b6ae7e2c6a1033ae84e99bc6bce4f82a387?s=96&d=mm&r=g\",\"width\":96,\"height\":96,\"caption\":\"Encontra Jequi\\u00e9\"}},{\"@type\":\"WebPage\",\"@id\":\"https:\\\/\\\/www.encontrajequie.com.br\\\/sobre\\\/jequie-celebra-128-anos-com-obras-de-pavimentacao-requalificacao-do-ceavig-e-investimentos-rurais-do-governo-da-bahia-governador-jeronimo-destaca-atuacao\\\/#webpage\",\"url\":\"https:\\\/\\\/www.encontrajequie.com.br\\\/sobre\\\/jequie-celebra-128-anos-com-obras-de-pavimentacao-requalificacao-do-ceavig-e-investimentos-rurais-do-governo-da-bahia-governador-jeronimo-destaca-atuacao\\\/\",\"name\":\"Jequi\\u00e9 celebra 128 anos com obras de pavimenta\\u00e7\\u00e3o, requalifica\\u00e7\\u00e3o do CEAVIG e investimentos rurais do governo da Bahia; Governador Jer\\u00f4nimo destaca atua\\u00e7\\u00e3o | Encontra Jequi\\u00e9\",\"description\":\"Jequi\\u00e9 completa 128 anos com importantes obras de infraestrutura e investimentos rurais.\",\"inLanguage\":\"pt-BR\",\"isPartOf\":{\"@id\":\"https:\\\/\\\/www.encontrajequie.com.br\\\/sobre\\\/#website\"},\"breadcrumb\":{\"@id\":\"https:\\\/\\\/www.encontrajequie.com.br\\\/sobre\\\/jequie-celebra-128-anos-com-obras-de-pavimentacao-requalificacao-do-ceavig-e-investimentos-rurais-do-governo-da-bahia-governador-jeronimo-destaca-atuacao\\\/#breadcrumblist\"},\"author\":{\"@id\":\"https:\\\/\\\/www.encontrajequie.com.br\\\/sobre\\\/author\\\/ejequie\\\/#author\"},\"creator\":{\"@id\":\"https:\\\/\\\/www.encontrajequie.com.br\\\/sobre\\\/author\\\/ejequie\\\/#author\"},\"image\":{\"@type\":\"ImageObject\",\"url\":\"https:\\\/\\\/www.encontrajequie.com.br\\\/sobre\\\/wp-content\\\/uploads\\\/2025\\\/11\\\/jequie-celebra-128-anos-com-obras-de-pavimentacao-requalificacao-do-ceavig-e-investimentos-rurais-do.webp\",\"@id\":\"https:\\\/\\\/www.encontrajequie.com.br\\\/sobre\\\/jequie-celebra-128-anos-com-obras-de-pavimentacao-requalificacao-do-ceavig-e-investimentos-rurais-do-governo-da-bahia-governador-jeronimo-destaca-atuacao\\\/#mainImage\",\"width\":320,\"height\":280,\"caption\":\"obras de pavimenta\\u00e7\\u00e3o em Jequi\\u00e9\"},\"primaryImageOfPage\":{\"@id\":\"https:\\\/\\\/www.encontrajequie.com.br\\\/sobre\\\/jequie-celebra-128-anos-com-obras-de-pavimentacao-requalificacao-do-ceavig-e-investimentos-rurais-do-governo-da-bahia-governador-jeronimo-destaca-atuacao\\\/#mainImage\"},\"datePublished\":\"2025-11-18T07:59:00-03:00\",\"dateModified\":\"2025-11-18T07:59:00-03:00\"},{\"@type\":\"WebSite\",\"@id\":\"https:\\\/\\\/www.encontrajequie.com.br\\\/sobre\\\/#website\",\"url\":\"https:\\\/\\\/www.encontrajequie.com.br\\\/sobre\\\/\",\"name\":\"Encontra Jequi\\u00e9\",\"description\":\"Not\\u00edcias, eventos, informa\\u00e7\\u00f5es e dicas na cidade de Jequi\\u00e9 e regi\\u00e3o.\",\"inLanguage\":\"pt-BR\",\"publisher\":{\"@id\":\"https:\\\/\\\/www.encontrajequie.com.br\\\/sobre\\\/#organization\"}}]}\n\t\t<\/script>\n\t\t<!-- All in One SEO -->\n\n","aioseo_head_json":{"title":"Jequi\u00e9 celebra 128 anos com obras de pavimenta\u00e7\u00e3o, requalifica\u00e7\u00e3o do CEAVIG e investimentos rurais do governo da Bahia; Governador Jer\u00f4nimo destaca atua\u00e7\u00e3o | Encontra Jequi\u00e9","description":"Jequi\u00e9 completa 128 anos com importantes obras de infraestrutura e investimentos rurais.","canonical_url":"https:\/\/www.encontrajequie.com.br\/sobre\/jequie-celebra-128-anos-com-obras-de-pavimentacao-requalificacao-do-ceavig-e-investimentos-rurais-do-governo-da-bahia-governador-jeronimo-destaca-atuacao\/","robots":"max-image-preview:large","keywords":"","webmasterTools":{"miscellaneous":""},"schema":{"@context":"https:\/\/schema.org","@graph":[{"@type":"Article","@id":"https:\/\/www.encontrajequie.com.br\/sobre\/jequie-celebra-128-anos-com-obras-de-pavimentacao-requalificacao-do-ceavig-e-investimentos-rurais-do-governo-da-bahia-governador-jeronimo-destaca-atuacao\/#article","name":"Jequi\u00e9 celebra 128 anos com obras de pavimenta\u00e7\u00e3o, requalifica\u00e7\u00e3o do CEAVIG e investimentos rurais do governo da Bahia; Governador Jer\u00f4nimo destaca atua\u00e7\u00e3o | Encontra Jequi\u00e9","headline":"Jequi\u00e9 celebra 128 anos com obras de pavimenta\u00e7\u00e3o, requalifica\u00e7\u00e3o do CEAVIG e investimentos rurais do governo da Bahia; Governador Jer\u00f4nimo destaca atua\u00e7\u00e3o","author":{"@id":"https:\/\/www.encontrajequie.com.br\/sobre\/author\/ejequie\/#author"},"publisher":{"@id":"https:\/\/www.encontrajequie.com.br\/sobre\/#organization"},"image":{"@type":"ImageObject","url":"https:\/\/www.encontrajequie.com.br\/sobre\/wp-content\/uploads\/2025\/11\/jequie-celebra-128-anos-com-obras-de-pavimentacao-requalificacao-do-ceavig-e-investimentos-rurais-do.webp","width":320,"height":280,"caption":"obras de pavimenta\u00e7\u00e3o em Jequi\u00e9"},"datePublished":"2025-11-18T07:59:00-03:00","dateModified":"2025-11-18T07:59:00-03:00","inLanguage":"pt-BR","mainEntityOfPage":{"@id":"https:\/\/www.encontrajequie.com.br\/sobre\/jequie-celebra-128-anos-com-obras-de-pavimentacao-requalificacao-do-ceavig-e-investimentos-rurais-do-governo-da-bahia-governador-jeronimo-destaca-atuacao\/#webpage"},"isPartOf":{"@id":"https:\/\/www.encontrajequie.com.br\/sobre\/jequie-celebra-128-anos-com-obras-de-pavimentacao-requalificacao-do-ceavig-e-investimentos-rurais-do-governo-da-bahia-governador-jeronimo-destaca-atuacao\/#webpage"},"articleSection":"Not\u00edcias Jequi\u00e9"},{"@type":"BreadcrumbList","@id":"https:\/\/www.encontrajequie.com.br\/sobre\/jequie-celebra-128-anos-com-obras-de-pavimentacao-requalificacao-do-ceavig-e-investimentos-rurais-do-governo-da-bahia-governador-jeronimo-destaca-atuacao\/#breadcrumblist","itemListElement":[{"@type":"ListItem","@id":"https:\/\/www.encontrajequie.com.br\/sobre#listItem","position":1,"name":"Home","item":"https:\/\/www.encontrajequie.com.br\/sobre","nextItem":{"@type":"ListItem","@id":"https:\/\/www.encontrajequie.com.br\/sobre\/noticias-em-jequie\/#listItem","name":"Not\u00edcias Jequi\u00e9"}},{"@type":"ListItem","@id":"https:\/\/www.encontrajequie.com.br\/sobre\/noticias-em-jequie\/#listItem","position":2,"name":"Not\u00edcias Jequi\u00e9","item":"https:\/\/www.encontrajequie.com.br\/sobre\/noticias-em-jequie\/","nextItem":{"@type":"ListItem","@id":"https:\/\/www.encontrajequie.com.br\/sobre\/jequie-celebra-128-anos-com-obras-de-pavimentacao-requalificacao-do-ceavig-e-investimentos-rurais-do-governo-da-bahia-governador-jeronimo-destaca-atuacao\/#listItem","name":"Jequi\u00e9 celebra 128 anos com obras de pavimenta\u00e7\u00e3o, requalifica\u00e7\u00e3o do CEAVIG e investimentos rurais do governo da Bahia; Governador Jer\u00f4nimo destaca atua\u00e7\u00e3o"},"previousItem":{"@type":"ListItem","@id":"https:\/\/www.encontrajequie.com.br\/sobre#listItem","name":"Home"}},{"@type":"ListItem","@id":"https:\/\/www.encontrajequie.com.br\/sobre\/jequie-celebra-128-anos-com-obras-de-pavimentacao-requalificacao-do-ceavig-e-investimentos-rurais-do-governo-da-bahia-governador-jeronimo-destaca-atuacao\/#listItem","position":3,"name":"Jequi\u00e9 celebra 128 anos com obras de pavimenta\u00e7\u00e3o, requalifica\u00e7\u00e3o do CEAVIG e investimentos rurais do governo da Bahia; Governador Jer\u00f4nimo destaca atua\u00e7\u00e3o","previousItem":{"@type":"ListItem","@id":"https:\/\/www.encontrajequie.com.br\/sobre\/noticias-em-jequie\/#listItem","name":"Not\u00edcias Jequi\u00e9"}}]},{"@type":"Organization","@id":"https:\/\/www.encontrajequie.com.br\/sobre\/#organization","name":"Encontra Jequi\u00e9","description":"Not\u00edcias, eventos, informa\u00e7\u00f5es e dicas na cidade de Jequi\u00e9 e regi\u00e3o.","url":"https:\/\/www.encontrajequie.com.br\/sobre\/"},{"@type":"Person","@id":"https:\/\/www.encontrajequie.com.br\/sobre\/author\/ejequie\/#author","url":"https:\/\/www.encontrajequie.com.br\/sobre\/author\/ejequie\/","name":"Encontra Jequi\u00e9","image":{"@type":"ImageObject","@id":"https:\/\/www.encontrajequie.com.br\/sobre\/jequie-celebra-128-anos-com-obras-de-pavimentacao-requalificacao-do-ceavig-e-investimentos-rurais-do-governo-da-bahia-governador-jeronimo-destaca-atuacao\/#authorImage","url":"https:\/\/secure.gravatar.com\/avatar\/507340682b8270222e1f208e23198b6ae7e2c6a1033ae84e99bc6bce4f82a387?s=96&d=mm&r=g","width":96,"height":96,"caption":"Encontra Jequi\u00e9"}},{"@type":"WebPage","@id":"https:\/\/www.encontrajequie.com.br\/sobre\/jequie-celebra-128-anos-com-obras-de-pavimentacao-requalificacao-do-ceavig-e-investimentos-rurais-do-governo-da-bahia-governador-jeronimo-destaca-atuacao\/#webpage","url":"https:\/\/www.encontrajequie.com.br\/sobre\/jequie-celebra-128-anos-com-obras-de-pavimentacao-requalificacao-do-ceavig-e-investimentos-rurais-do-governo-da-bahia-governador-jeronimo-destaca-atuacao\/","name":"Jequi\u00e9 celebra 128 anos com obras de pavimenta\u00e7\u00e3o, requalifica\u00e7\u00e3o do CEAVIG e investimentos rurais do governo da Bahia; Governador Jer\u00f4nimo destaca atua\u00e7\u00e3o | Encontra Jequi\u00e9","description":"Jequi\u00e9 completa 128 anos com importantes obras de infraestrutura e investimentos rurais.","inLanguage":"pt-BR","isPartOf":{"@id":"https:\/\/www.encontrajequie.com.br\/sobre\/#website"},"breadcrumb":{"@id":"https:\/\/www.encontrajequie.com.br\/sobre\/jequie-celebra-128-anos-com-obras-de-pavimentacao-requalificacao-do-ceavig-e-investimentos-rurais-do-governo-da-bahia-governador-jeronimo-destaca-atuacao\/#breadcrumblist"},"author":{"@id":"https:\/\/www.encontrajequie.com.br\/sobre\/author\/ejequie\/#author"},"creator":{"@id":"https:\/\/www.encontrajequie.com.br\/sobre\/author\/ejequie\/#author"},"image":{"@type":"ImageObject","url":"https:\/\/www.encontrajequie.com.br\/sobre\/wp-content\/uploads\/2025\/11\/jequie-celebra-128-anos-com-obras-de-pavimentacao-requalificacao-do-ceavig-e-investimentos-rurais-do.webp","@id":"https:\/\/www.encontrajequie.com.br\/sobre\/jequie-celebra-128-anos-com-obras-de-pavimentacao-requalificacao-do-ceavig-e-investimentos-rurais-do-governo-da-bahia-governador-jeronimo-destaca-atuacao\/#mainImage","width":320,"height":280,"caption":"obras de pavimenta\u00e7\u00e3o em Jequi\u00e9"},"primaryImageOfPage":{"@id":"https:\/\/www.encontrajequie.com.br\/sobre\/jequie-celebra-128-anos-com-obras-de-pavimentacao-requalificacao-do-ceavig-e-investimentos-rurais-do-governo-da-bahia-governador-jeronimo-destaca-atuacao\/#mainImage"},"datePublished":"2025-11-18T07:59:00-03:00","dateModified":"2025-11-18T07:59:00-03:00"},{"@type":"WebSite","@id":"https:\/\/www.encontrajequie.com.br\/sobre\/#website","url":"https:\/\/www.encontrajequie.com.br\/sobre\/","name":"Encontra Jequi\u00e9","description":"Not\u00edcias, eventos, informa\u00e7\u00f5es e dicas na cidade de Jequi\u00e9 e regi\u00e3o.","inLanguage":"pt-BR","publisher":{"@id":"https:\/\/www.encontrajequie.com.br\/sobre\/#organization"}}]},"og:locale":"pt_BR","og:site_name":"Encontra Jequi\u00e9 | Not\u00edcias, eventos, informa\u00e7\u00f5es e dicas na cidade de Jequi\u00e9 e regi\u00e3o.","og:type":"article","og:title":"Jequi\u00e9 celebra 128 anos com obras de pavimenta\u00e7\u00e3o, requalifica\u00e7\u00e3o do CEAVIG e investimentos rurais do governo da Bahia; Governador Jer\u00f4nimo destaca atua\u00e7\u00e3o | Encontra Jequi\u00e9","og:description":"Jequi\u00e9 completa 128 anos com importantes obras de infraestrutura e investimentos rurais.","og:url":"https:\/\/www.encontrajequie.com.br\/sobre\/jequie-celebra-128-anos-com-obras-de-pavimentacao-requalificacao-do-ceavig-e-investimentos-rurais-do-governo-da-bahia-governador-jeronimo-destaca-atuacao\/","article:published_time":"2025-11-18T10:59:00+00:00","article:modified_time":"2025-11-18T10:59:00+00:00","twitter:card":"summary_large_image","twitter:title":"Jequi\u00e9 celebra 128 anos com obras de pavimenta\u00e7\u00e3o, requalifica\u00e7\u00e3o do CEAVIG e investimentos rurais do governo da Bahia; Governador Jer\u00f4nimo destaca atua\u00e7\u00e3o | Encontra Jequi\u00e9","twitter:description":"Jequi\u00e9 completa 128 anos com importantes obras de infraestrutura e investimentos rurais."},"aioseo_meta_data":{"post_id":"333","title":null,"description":null,"keywords":null,"keyphrases":null,"primary_term":null,"canonical_url":null,"og_title":null,"og_description":null,"og_object_type":"default","og_image_type":"default","og_image_url":null,"og_image_width":null,"og_image_height":null,"og_image_custom_url":null,"og_image_custom_fields":null,"og_video":null,"og_custom_url":null,"og_article_section":null,"og_article_tags":null,"twitter_use_og":false,"twitter_card":"default","twitter_image_type":"default","twitter_image_url":null,"twitter_image_custom_url":null,"twitter_image_custom_fields":null,"twitter_title":null,"twitter_description":null,"schema":{"blockGraphs":[],"customGraphs":[],"default":{"data":{"Article":[],"Course":[],"Dataset":[],"FAQPage":[],"Movie":[],"Person":[],"Product":[],"ProductReview":[],"Car":[],"Recipe":[],"Service":[],"SoftwareApplication":[],"WebPage":[]},"graphName":"Article","isEnabled":true},"graphs":[]},"schema_type":"default","schema_type_options":null,"pillar_content":false,"robots_default":true,"robots_noindex":false,"robots_noarchive":false,"robots_nosnippet":false,"robots_nofollow":false,"robots_noimageindex":false,"robots_noodp":false,"robots_notranslate":false,"robots_max_snippet":null,"robots_max_videopreview":null,"robots_max_imagepreview":"large","priority":null,"frequency":null,"local_seo":null,"breadcrumb_settings":null,"limit_modified_date":false,"ai":null,"created":"2025-11-19 11:32:24","updated":"2025-11-19 11:34:23","focus_keyword":null,"additional_keywords":null,"truseo_locale":null,"seo_analyzer_scan_date":null},"aioseo_breadcrumb":"<div class=\"aioseo-breadcrumbs\"><span class=\"aioseo-breadcrumb\">\n\t\t\t<a href=\"https:\/\/www.encontrajequie.com.br\/sobre\" title=\"Home\">Home<\/a>\n\t\t<\/span><span class=\"aioseo-breadcrumb-separator\">&raquo;<\/span><span class=\"aioseo-breadcrumb\">\n\t\t\t<a href=\"https:\/\/www.encontrajequie.com.br\/sobre\/noticias-em-jequie\/\" title=\"Not\u00edcias Jequi\u00e9\">Not\u00edcias Jequi\u00e9<\/a>\n\t\t<\/span><span class=\"aioseo-breadcrumb-separator\">&raquo;<\/span><span class=\"aioseo-breadcrumb\">\n\t\t\tJequi\u00e9 celebra 128 anos com obras de pavimenta\u00e7\u00e3o, requalifica\u00e7\u00e3o do CEAVIG e investimentos rurais do governo da Bahia; Governador Jer\u00f4nimo destaca atua\u00e7\u00e3o\n\t\t<\/span><\/div>","aioseo_breadcrumb_json":[{"label":"Home","link":"https:\/\/www.encontrajequie.com.br\/sobre"},{"label":"Not\u00edcias Jequi\u00e9","link":"https:\/\/www.encontrajequie.com.br\/sobre\/noticias-em-jequie\/"},{"label":"Jequi\u00e9 celebra 128 anos com obras de pavimenta\u00e7\u00e3o, requalifica\u00e7\u00e3o do CEAVIG e investimentos rurais do governo da Bahia; Governador Jer\u00f4nimo destaca atua\u00e7\u00e3o","link":"https:\/\/www.encontrajequie.com.br\/sobre\/jequie-celebra-128-anos-com-obras-de-pavimentacao-requalificacao-do-ceavig-e-investimentos-rurais-do-governo-da-bahia-governador-jeronimo-destaca-atuacao\/"}],"_links":{"self":[{"href":"https:\/\/www.encontrajequie.com.br\/sobre\/wp-json\/wp\/v2\/posts\/333","targetHints":{"allow":["GET"]}}],"collection":[{"href":"https:\/\/www.encontrajequie.com.br\/sobre\/wp-json\/wp\/v2\/posts"}],"about":[{"href":"https:\/\/www.encontrajequie.com.br\/sobre\/wp-json\/wp\/v2\/types\/post"}],"author":[{"embeddable":true,"href":"https:\/\/www.encontrajequie.com.br\/sobre\/wp-json\/wp\/v2\/users\/1"}],"replies":[{"embeddable":true,"href":"https:\/\/www.encontrajequie.com.br\/sobre\/wp-json\/wp\/v2\/comments?post=333"}],"version-history":[{"count":0,"href":"https:\/\/www.encontrajequie.com.br\/sobre\/wp-json\/wp\/v2\/posts\/333\/revisions"}],"wp:featuredmedia":[{"embeddable":true,"href":"https:\/\/www.encontrajequie.com.br\/sobre\/wp-json\/wp\/v2\/media\/332"}],"wp:attachment":[{"href":"https:\/\/www.encontrajequie.com.br\/sobre\/wp-json\/wp\/v2\/media?parent=333"}],"wp:term":[{"taxonomy":"category","embeddable":true,"href":"https:\/\/www.encontrajequie.com.br\/sobre\/wp-json\/wp\/v2\/categories?post=333"},{"taxonomy":"post_tag","embeddable":true,"href":"https:\/\/www.encontrajequie.com.br\/sobre\/wp-json\/wp\/v2\/tags?post=333"}],"curies":[{"name":"wp","href":"https:\/\/api.w.org\/{rel}","templated":true}]}}